{"id":42658,"date":"2023-01-23T18:42:50","date_gmt":"2023-01-23T16:42:50","guid":{"rendered":"https:\/\/www.laguiadepamplona.com\/actualidad\/?p=42658"},"modified":"2023-04-11T11:47:22","modified_gmt":"2023-04-11T09:47:22","slug":"durante-el-pasado-ano-los-ocho-aparcamientos-rotatorios-de-bicicletas-nbici-repartidos-por-la-ciudad-contabilizaron-66-949-usos-realizados-por-1-670-personas","status":"publish","type":"post","link":"https:\/\/www.laguiadepamplona.com\/actualidad\/durante-el-pasado-ano-los-ocho-aparcamientos-rotatorios-de-bicicletas-nbici-repartidos-por-la-ciudad-contabilizaron-66-949-usos-realizados-por-1-670-personas\/","title":{"rendered":"Durante el pasado a\u00f1o, los ocho aparcamientos rotatorios de bicicletas \u2018Nbici\u2019 repartidos por la ciudad contabilizaron 66.949 usos realizados por 1.670 personas"},"content":{"rendered":"<h5>Los meses con m\u00e1s usos fueron octubre y septiembre; se accede mayoritariamente de 7 a 8 de la ma\u00f1ana y se sale de 2 a 4 de la tarde<\/h5>\n<p><!--more--><\/p>\n<p>Pamplona cuenta en la actualidad con ocho aparcamientos rotarios para bicicletas \u2018Nbici\u2019 ubicados en distintos puntos de la ciudad. Durante el a\u00f1o 2022 los utilizaron 1.670 personas, un 53% hombres y un 47% mujeres, que realizaron un total de 66.949 usos. Esas personas utilizaron una media de casi dos aparcamientos distintos durante 6,6 meses del a\u00f1o. El 41% de las personas usuarias tienen entre 30 y 50 a\u00f1os, un 18% entre 20 y 30 a\u00f1os y un 14% entre 50 y 60 a\u00f1os.<\/p>\n<p>Esos 66.949 usos han generado 1.419.447 horas de ocupaci\u00f3n de los aparcamientos de bicicletas. Para llegar a esos aparcamientos, se han realizado 146.978 trayectos, entendidos como desplazamientos entre el c\u00f3digo postal de la persona usuaria y el parking al que accede en cada momento. Esos trayectos han supuesto 284.948 kil\u00f3metros recorridos, con una distancia media por persona usuaria de 170 kil\u00f3metros al a\u00f1o y de 1,9 kil\u00f3metros por trayecto diario. Se estima que el total de kil\u00f3metros recorridos ha supuesto un ahorro de 37,8 toneladas de CO<sub>2<\/sub> a la atm\u00f3sfera, que son los que se hubieran emitido de haberlos recorrido en coche. La instalaci\u00f3n de aparcamientos rotatorios para bicicletas forma parte de la Estrategia Go Green Pamplona, que agrupa actuaciones de lucha contra el cambio clim\u00e1tico y promueve la movilidad saludable y sostenible en la ciudad.<\/p>\n<p>Los dos aparcamientos m\u00e1s utilizados son los de la Plaza de Toros, con un 25% de los usos, y el de Hospitales, con el 17%. Les siguen los de la calle Garc\u00eda Xim\u00e9nez con un 11% de usos totales, el de Yanguas y Miranda con un 7% y el de Hospitales con un 6%. En cuanto al horario de uso, est\u00e1 ligado principalmente a las jornadas laborales, con una entrada mayoritaria en los aparcamientos entre las 7 y las 8 de la ma\u00f1ana y una salida entre las 2 y las 4 de la tarde. Los usos nocturnos, de 10 de la noche a 7 de la ma\u00f1ana, suponen un 12% del total.<\/p>\n<p>Los meses con un mayor uso fueron octubre y septiembre, con 3.486 y 3.411 usos, y tambi\u00e9n mayo y junio con 3.238 y 3.134. Por d\u00edas de la semana, el uso predominante es el de los d\u00edas laborables, de lunes a viernes, con un 15% de los usos cada d\u00eda. El s\u00e1bado y el domingo se reducen los usos hasta el 13% y el 11%, respectivamente.<br \/>\n<script async src=\"\/\/pagead2.googlesyndication.com\/pagead\/js\/adsbygoogle.js\"><\/script><br \/>\n<!-- Noticias La Guia de Pamplona --><br \/>\n<ins class=\"adsbygoogle\"\nstyle=\"display:block\"\ndata-ad-client=\"ca-pub-6943679897239327\"\ndata-ad-slot=\"7048180777\"\ndata-ad-format=\"auto\"><\/ins><br \/>\n<script>\n(adsbygoogle = window.adsbygoogle || []).push({});\n<\/script><\/p>\n<p><strong>M\u00e1s personas usuarias de Txantrea e Iturrama<\/strong><\/p>\n<p>Los barrios de Txantrea, Iturrama y Mendebaldea \u2013 Ermitaga\u00f1a contabilizan un mayor n\u00famero de personas usuarias de los aparcamientos rotatorios de bicicletas, con 66, 63 y 60, respectivamente. En un segundo escal\u00f3n se encuentran vecinos y vecinas de Rochapea, Mendillorri, Azpilaga\u00f1a y San Jorge \u2013 Buztintxuri, con 51, 48 y 44. Los aparcamientos para bicis tambi\u00e9n los utilizan personas procedentes de fuera de Pamplona, principalmente de Sarriguren (45 personas), Zizur Mayor (41), Burlada (34) y Anso\u00e1in-Berriozar (38). Con esta \u00faltima localidad, Pamplona firm\u00f3 un convenio de colaboraci\u00f3n en septiembre de 2021 para incorporar a la Red Nbici el aparcamiento instalado por el Ayuntamiento de Berriozar en su t\u00e9rmino municipal.<\/p>\n<p>La mayor\u00eda de las personas usuarias recorren menos de 100 kil\u00f3metros anuales para dirigirse desde su vivienda hasta el aparcamiento de bicis que utilizan, aunque hay 229 personas que han recorrido entre 500 y 1.000 kil\u00f3metros en esos mismos desplazamientos. Las mujeres recorren m\u00e1s distancia de media que los hombres, 219 por 206, destacando por franja de edad las mujeres mayores de 60 a\u00f1os (402 kil\u00f3metros al a\u00f1o) y los hombres entre 50 y 60 a\u00f1os (306 kil\u00f3metros).<\/p>\n<p>Por destino, las personas que se dirigen al aparcamiento para bicis de Hospitales recorren una media anual de 273 kil\u00f3metros, seguidas de las que van a Txantrea (67 kil\u00f3metros), Plaza de Toros (63 kil\u00f3metros) y Mendebaldea (61 kil\u00f3metros). Quienes parten de San Jorge \u2013 Buztintxuri, Rochapea y Milagrosa son los que mayores distancias recorridas acumulan a lo largo de un a\u00f1o.<br \/>\n<script async src=\"\/\/pagead2.googlesyndication.com\/pagead\/js\/adsbygoogle.js\"><\/script><br \/>\n<!-- Noticias La Guia de Pamplona --><br \/>\n<ins class=\"adsbygoogle\"\nstyle=\"display:block\"\ndata-ad-client=\"ca-pub-6943679897239327\"\ndata-ad-slot=\"7048180777\"\ndata-ad-format=\"auto\"><\/ins><br \/>\n<script>\n(adsbygoogle = window.adsbygoogle || []).push({});\n<\/script><\/p>\n<p><strong>Uso de los aparcamientos en funci\u00f3n de la climatolog\u00eda<\/strong><\/p>\n<p>Un d\u00eda con sol no es sin\u00f3nimo de un mayor uso de la bicicleta. Un 38% de los desplazamientos se producen en momentos del d\u00eda sin sol, entre el atardecer y el amanecer. Casi la mitad de los usos, un 47%, se llevan a cabo con temperaturas entre los 10 y los 20 grados, un 25% con temperaturas m\u00e1s c\u00e1lidas, entre 20 y 30 grados, un 23% entre 0 y 10 grados y un 5% por encima de los 30 grados. Este menor uso en d\u00edas de temperaturas muy altas puede coincidir con el hecho de que en el periodo estival, coincidiendo con las vacaciones de verano, cae el uso de la bicicleta en la ciudad.<\/p>\n<p>Los d\u00edas sin lluvia representan la mayor parte los usos, aunque un 38% de las personas usuarias sigue usando los aparcabicicletas los d\u00edas de precipitaciones d\u00e9biles. Si la lluvia es moderada el uso se reduce a un 21% y la lluvia es intensa los usos caen dr\u00e1sticamente hasta un situarse en un 1%.<\/p>\n<p>La red de aparcamientos rotatorios y seguros para bicicletas de la ciudad se puso en marcha en enero de 2020 con la instalaci\u00f3n de los tres primeros en Hospitales, Txantrea y Plaza de Toros. La red se ha ido ampliando hasta llegar a ocho y est\u00e1 previsto que otros dos se incorporen en las pr\u00f3ximas semanas. Para favorecer la rotaci\u00f3n, el r\u00e9gimen tarifario aplicado a las personas usuarias del servicio premia los usos temporales de las plazas y restringe los usos m\u00e1s prolongados, permitiendo la tarifa mensual b\u00e1sica de 2 euros estacionar en los 8 aparcamientos de manera segura y protegida durante fracciones de hasta 48 horas (sin recargo). La aplicaci\u00f3n m\u00f3vil Nbici, exclusiva para este servicio y la p\u00e1gina web web <a href=\"http:\/\/www.pamplona.es\/nbici\/\" target=\"_blank\" rel=\"noopener\">www.pamplona.es\/nbici\/<\/a> y <a href=\"http:\/\/www.pamplona.es\/biziz\" target=\"_blank\" rel=\"noopener\">www.pamplona.es\/biziz<\/a> est\u00e1n a disposici\u00f3n de la ciudadan\u00eda tanto para el alta como para el pago del servicio. Cada persona usuaria recibe un c\u00f3digo de acceso exclusivo para acceder a todos los aparcamientos de la red.<br \/>\n<script async src=\"\/\/pagead2.googlesyndication.com\/pagead\/js\/adsbygoogle.js\"><\/script><br \/>\n<!-- Noticias La Guia de Pamplona --><br \/>\n<ins class=\"adsbygoogle\"\nstyle=\"display:block\"\ndata-ad-client=\"ca-pub-6943679897239327\"\ndata-ad-slot=\"7048180777\"\ndata-ad-format=\"auto\"><\/ins><br \/>\n<script>\n(adsbygoogle = window.adsbygoogle || []).push({});\n<\/script><\/p>\n<p>&nbsp;<\/p>\n<h3>Red de aparcamientos rotatorios para bicicletas<\/h3>\n<p>&nbsp;<\/p>\n<table width=\"644\">\n<tbody>\n<tr>\n<td width=\"140\"><strong>NOMBRE<\/strong><\/td>\n<td width=\"265\"><strong>UBICACI\u00d3N <\/strong><\/td>\n<td width=\"104\"><strong>TIPO<\/strong><\/td>\n<td width=\"135\"><strong>N\u00ba PLAZAS<\/strong><\/td>\n<\/tr>\n<tr>\n<td width=\"140\"><strong>Hospitales<\/strong><\/td>\n<td width=\"265\">Plaza Protomedicato (junto al Hospital Virgen del Camino entre las calles Irunlarrea y Boticario Vi\u00f1aburu)<\/td>\n<td width=\"104\">Uso Rotatorio<\/td>\n<td width=\"135\">Rotatorio 50 plazas<\/td>\n<\/tr>\n<tr>\n<td width=\"140\"><strong>Iturrama<\/strong><\/td>\n<td width=\"265\">Calle Esqu\u00edroz (frente a la entrada principal del civivox desde calle Esqu\u00edroz)<\/td>\n<td width=\"104\">Uso Rotatorio<\/td>\n<td width=\"135\">Rotatorio 50 plazas<\/td>\n<\/tr>\n<tr>\n<td width=\"140\"><strong>Mendebaldea<\/strong><\/td>\n<td width=\"265\">Paseo Antonio P\u00e9rez Goyena (entre la Biblioteca General y el Conservatorio Superior de M\u00fasica)<\/td>\n<td width=\"104\">Uso Rotatorio<\/td>\n<td width=\"135\">Rotatorio 50 plazas<\/td>\n<\/tr>\n<tr>\n<td width=\"140\"><strong>Plaza Toros<\/strong><\/td>\n<td width=\"265\">Calle Arrieta (junto a la entrada del parking Plaza de Toros)<\/td>\n<td width=\"104\">Uso Rotatorio<\/td>\n<td width=\"135\">Rotatorio 50 plazas<\/td>\n<\/tr>\n<tr>\n<td width=\"140\"><strong>Yanguas y Miranda<\/strong><\/td>\n<td width=\"265\">Calle Yanguas y Miranda frente a la Estaci\u00f3n de Autobuses)<\/td>\n<td width=\"104\">Uso Rotatorio<\/td>\n<td width=\"135\">Rotatorio 20 plazas<\/td>\n<\/tr>\n<tr>\n<td width=\"140\"><strong>Garc\u00eda Xim\u00e9nez<\/strong><\/td>\n<td width=\"265\">Calle Garc\u00eda Xim\u00e9nez (entre la antigua estaci\u00f3n de autobuses y centro comercial El Corte Ingl\u00e9s)<\/td>\n<td width=\"104\">Uso Rotatorio<\/td>\n<td width=\"135\">Rotatorio 20 plazas<\/td>\n<\/tr>\n<tr>\n<td width=\"140\"><strong>Txantrea<\/strong><\/td>\n<td width=\"265\">Plaza Arriurdi\u00f1eta (trasera de Biblioteca P\u00fablica Txantrea)<\/td>\n<td width=\"104\">Uso Mixto<\/td>\n<td width=\"135\">Vecinal 30 plazas Rotatorio 20 plazas<\/td>\n<\/tr>\n<tr>\n<td width=\"140\"><strong>San Juan<\/strong><\/td>\n<td width=\"265\">Calle Monasterio de Irache (parque La Vaguada frente a Torre Irrintzi)<\/td>\n<td width=\"104\">Uso Mixto<\/td>\n<td width=\"135\">Vecinal 40 plazas Rotatorio 10 plazas<\/td>\n<\/tr>\n<\/tbody>\n<\/table>\n","protected":false},"excerpt":{"rendered":"<p>Los meses con m\u00e1s usos fueron octubre y septiembre; se accede mayoritariamente de 7 a 8 de la ma\u00f1ana y se sale de 2 a 4 de la tarde<\/p>\n","protected":false},"author":1,"featured_media":42262,"comment_status":"open","ping_status":"closed","sticky":false,"template":"","format":"standard","meta":{"footnotes":""},"categories":[2],"tags":[],"class_list":["post-42658","post","type-post","status-publish","format-standard","has-post-thumbnail","hentry","category-ayuntamiento-pamplona"],"yoast_head":"<!-- This site is optimized with the Yoast SEO plugin v27.5 - https:\/\/yoast.com\/product\/yoast-seo-wordpress\/ -->\n<title>Durante el pasado a\u00f1o, los ocho aparcamientos rotatorios de bicicletas \u2018Nbici\u2019 repartidos por la ciudad contabilizaron 66.949 usos realizados por 1.670 personas<\/title>\n<meta name=\"description\" content=\"Los meses con m\u00e1s usos fueron octubre y septiembre; se accede mayoritariamente de 7 a 8 de la ma\u00f1ana y se sale de 2 a 4 de la tarde\" \/>\n<meta name=\"robots\" content=\"index, follow, max-snippet:-1, max-image-preview:large, max-video-preview:-1\" \/>\n<link rel=\"canonical\" href=\"https:\/\/www.laguiadepamplona.com\/actualidad\/durante-el-pasado-ano-los-ocho-aparcamientos-rotatorios-de-bicicletas-nbici-repartidos-por-la-ciudad-contabilizaron-66-949-usos-realizados-por-1-670-personas\/\" \/>\n<meta property=\"og:locale\" content=\"es_ES\" \/>\n<meta property=\"og:type\" content=\"article\" \/>\n<meta property=\"og:title\" content=\"Durante el pasado a\u00f1o, los ocho aparcamientos rotatorios de bicicletas \u2018Nbici\u2019 repartidos por la ciudad contabilizaron 66.949 usos realizados por 1.670 personas\" \/>\n<meta property=\"og:description\" content=\"Los meses con m\u00e1s usos fueron octubre y septiembre; se accede mayoritariamente de 7 a 8 de la ma\u00f1ana y se sale de 2 a 4 de la tarde\" \/>\n<meta property=\"og:url\" content=\"https:\/\/www.laguiadepamplona.com\/actualidad\/durante-el-pasado-ano-los-ocho-aparcamientos-rotatorios-de-bicicletas-nbici-repartidos-por-la-ciudad-contabilizaron-66-949-usos-realizados-por-1-670-personas\/\" \/>\n<meta property=\"og:site_name\" content=\"La Gu\u00eda de Pamplona\" \/>\n<meta property=\"article:publisher\" content=\"https:\/\/www.facebook.com\/laguiadepamplonacom-133175176762273\/?ref=hl\" \/>\n<meta property=\"article:published_time\" content=\"2023-01-23T16:42:50+00:00\" \/>\n<meta property=\"article:modified_time\" content=\"2023-04-11T09:47:22+00:00\" \/>\n<meta property=\"og:image\" content=\"https:\/\/www.laguiadepamplona.com\/actualidad\/wp-content\/uploads\/2022\/11\/aparcamiento-bicicletas.webp\" \/>\n\t<meta property=\"og:image:width\" content=\"1748\" \/>\n\t<meta property=\"og:image:height\" content=\"1240\" \/>\n\t<meta property=\"og:image:type\" content=\"image\/webp\" \/>\n<meta name=\"author\" content=\"La Gu\u00eda de Pamplona\" \/>\n<meta name=\"twitter:card\" content=\"summary_large_image\" \/>\n<meta name=\"twitter:creator\" content=\"@LaGuiadPamplona\" \/>\n<meta name=\"twitter:site\" content=\"@LaGuiadPamplona\" \/>\n<meta name=\"twitter:label1\" content=\"Escrito por\" \/>\n\t<meta name=\"twitter:data1\" content=\"La Gu\u00eda de Pamplona\" \/>\n\t<meta name=\"twitter:label2\" content=\"Tiempo de lectura\" \/>\n\t<meta name=\"twitter:data2\" content=\"6 minutos\" \/>\n<script type=\"application\/ld+json\" class=\"yoast-schema-graph\">{\"@context\":\"https:\\\/\\\/schema.org\",\"@graph\":[{\"@type\":\"Article\",\"@id\":\"https:\\\/\\\/www.laguiadepamplona.com\\\/actualidad\\\/durante-el-pasado-ano-los-ocho-aparcamientos-rotatorios-de-bicicletas-nbici-repartidos-por-la-ciudad-contabilizaron-66-949-usos-realizados-por-1-670-personas\\\/#article\",\"isPartOf\":{\"@id\":\"https:\\\/\\\/www.laguiadepamplona.com\\\/actualidad\\\/durante-el-pasado-ano-los-ocho-aparcamientos-rotatorios-de-bicicletas-nbici-repartidos-por-la-ciudad-contabilizaron-66-949-usos-realizados-por-1-670-personas\\\/\"},\"author\":{\"name\":\"La Gu\u00eda de Pamplona\",\"@id\":\"https:\\\/\\\/www.laguiadepamplona.com\\\/actualidad\\\/#\\\/schema\\\/person\\\/efe887376f0213d4657c93adc50b1fdb\"},\"headline\":\"Durante el pasado a\u00f1o, los ocho aparcamientos rotatorios de bicicletas \u2018Nbici\u2019 repartidos por la ciudad contabilizaron 66.949 usos realizados por 1.670 personas\",\"datePublished\":\"2023-01-23T16:42:50+00:00\",\"dateModified\":\"2023-04-11T09:47:22+00:00\",\"mainEntityOfPage\":{\"@id\":\"https:\\\/\\\/www.laguiadepamplona.com\\\/actualidad\\\/durante-el-pasado-ano-los-ocho-aparcamientos-rotatorios-de-bicicletas-nbici-repartidos-por-la-ciudad-contabilizaron-66-949-usos-realizados-por-1-670-personas\\\/\"},\"wordCount\":1200,\"commentCount\":0,\"publisher\":{\"@id\":\"https:\\\/\\\/www.laguiadepamplona.com\\\/actualidad\\\/#organization\"},\"image\":{\"@id\":\"https:\\\/\\\/www.laguiadepamplona.com\\\/actualidad\\\/durante-el-pasado-ano-los-ocho-aparcamientos-rotatorios-de-bicicletas-nbici-repartidos-por-la-ciudad-contabilizaron-66-949-usos-realizados-por-1-670-personas\\\/#primaryimage\"},\"thumbnailUrl\":\"https:\\\/\\\/www.laguiadepamplona.com\\\/actualidad\\\/wp-content\\\/uploads\\\/2022\\\/11\\\/aparcamiento-bicicletas.webp\",\"articleSection\":[\"Ayto Pamplona\"],\"inLanguage\":\"es\",\"potentialAction\":[{\"@type\":\"CommentAction\",\"name\":\"Comment\",\"target\":[\"https:\\\/\\\/www.laguiadepamplona.com\\\/actualidad\\\/durante-el-pasado-ano-los-ocho-aparcamientos-rotatorios-de-bicicletas-nbici-repartidos-por-la-ciudad-contabilizaron-66-949-usos-realizados-por-1-670-personas\\\/#respond\"]}]},{\"@type\":\"WebPage\",\"@id\":\"https:\\\/\\\/www.laguiadepamplona.com\\\/actualidad\\\/durante-el-pasado-ano-los-ocho-aparcamientos-rotatorios-de-bicicletas-nbici-repartidos-por-la-ciudad-contabilizaron-66-949-usos-realizados-por-1-670-personas\\\/\",\"url\":\"https:\\\/\\\/www.laguiadepamplona.com\\\/actualidad\\\/durante-el-pasado-ano-los-ocho-aparcamientos-rotatorios-de-bicicletas-nbici-repartidos-por-la-ciudad-contabilizaron-66-949-usos-realizados-por-1-670-personas\\\/\",\"name\":\"Durante el pasado a\u00f1o, los ocho aparcamientos rotatorios de bicicletas \u2018Nbici\u2019 repartidos por la ciudad contabilizaron 66.949 usos realizados por 1.670 personas\",\"isPartOf\":{\"@id\":\"https:\\\/\\\/www.laguiadepamplona.com\\\/actualidad\\\/#website\"},\"primaryImageOfPage\":{\"@id\":\"https:\\\/\\\/www.laguiadepamplona.com\\\/actualidad\\\/durante-el-pasado-ano-los-ocho-aparcamientos-rotatorios-de-bicicletas-nbici-repartidos-por-la-ciudad-contabilizaron-66-949-usos-realizados-por-1-670-personas\\\/#primaryimage\"},\"image\":{\"@id\":\"https:\\\/\\\/www.laguiadepamplona.com\\\/actualidad\\\/durante-el-pasado-ano-los-ocho-aparcamientos-rotatorios-de-bicicletas-nbici-repartidos-por-la-ciudad-contabilizaron-66-949-usos-realizados-por-1-670-personas\\\/#primaryimage\"},\"thumbnailUrl\":\"https:\\\/\\\/www.laguiadepamplona.com\\\/actualidad\\\/wp-content\\\/uploads\\\/2022\\\/11\\\/aparcamiento-bicicletas.webp\",\"datePublished\":\"2023-01-23T16:42:50+00:00\",\"dateModified\":\"2023-04-11T09:47:22+00:00\",\"description\":\"Los meses con m\u00e1s usos fueron octubre y septiembre; se accede mayoritariamente de 7 a 8 de la ma\u00f1ana y se sale de 2 a 4 de la tarde\",\"breadcrumb\":{\"@id\":\"https:\\\/\\\/www.laguiadepamplona.com\\\/actualidad\\\/durante-el-pasado-ano-los-ocho-aparcamientos-rotatorios-de-bicicletas-nbici-repartidos-por-la-ciudad-contabilizaron-66-949-usos-realizados-por-1-670-personas\\\/#breadcrumb\"},\"inLanguage\":\"es\",\"potentialAction\":[{\"@type\":\"ReadAction\",\"target\":[\"https:\\\/\\\/www.laguiadepamplona.com\\\/actualidad\\\/durante-el-pasado-ano-los-ocho-aparcamientos-rotatorios-de-bicicletas-nbici-repartidos-por-la-ciudad-contabilizaron-66-949-usos-realizados-por-1-670-personas\\\/\"]}]},{\"@type\":\"ImageObject\",\"inLanguage\":\"es\",\"@id\":\"https:\\\/\\\/www.laguiadepamplona.com\\\/actualidad\\\/durante-el-pasado-ano-los-ocho-aparcamientos-rotatorios-de-bicicletas-nbici-repartidos-por-la-ciudad-contabilizaron-66-949-usos-realizados-por-1-670-personas\\\/#primaryimage\",\"url\":\"https:\\\/\\\/www.laguiadepamplona.com\\\/actualidad\\\/wp-content\\\/uploads\\\/2022\\\/11\\\/aparcamiento-bicicletas.webp\",\"contentUrl\":\"https:\\\/\\\/www.laguiadepamplona.com\\\/actualidad\\\/wp-content\\\/uploads\\\/2022\\\/11\\\/aparcamiento-bicicletas.webp\",\"width\":1748,\"height\":1240},{\"@type\":\"BreadcrumbList\",\"@id\":\"https:\\\/\\\/www.laguiadepamplona.com\\\/actualidad\\\/durante-el-pasado-ano-los-ocho-aparcamientos-rotatorios-de-bicicletas-nbici-repartidos-por-la-ciudad-contabilizaron-66-949-usos-realizados-por-1-670-personas\\\/#breadcrumb\",\"itemListElement\":[{\"@type\":\"ListItem\",\"position\":1,\"name\":\"Portada\",\"item\":\"https:\\\/\\\/www.laguiadepamplona.com\\\/actualidad\\\/\"},{\"@type\":\"ListItem\",\"position\":2,\"name\":\"Durante el pasado a\u00f1o, los ocho aparcamientos rotatorios de bicicletas \u2018Nbici\u2019 repartidos por la ciudad contabilizaron 66.949 usos realizados por 1.670 personas\"}]},{\"@type\":\"WebSite\",\"@id\":\"https:\\\/\\\/www.laguiadepamplona.com\\\/actualidad\\\/#website\",\"url\":\"https:\\\/\\\/www.laguiadepamplona.com\\\/actualidad\\\/\",\"name\":\"La gu\u00eda de Pamplona\",\"description\":\"Noticias de Pamplona\",\"publisher\":{\"@id\":\"https:\\\/\\\/www.laguiadepamplona.com\\\/actualidad\\\/#organization\"},\"potentialAction\":[{\"@type\":\"SearchAction\",\"target\":{\"@type\":\"EntryPoint\",\"urlTemplate\":\"https:\\\/\\\/www.laguiadepamplona.com\\\/actualidad\\\/?s={search_term_string}\"},\"query-input\":{\"@type\":\"PropertyValueSpecification\",\"valueRequired\":true,\"valueName\":\"search_term_string\"}}],\"inLanguage\":\"es\"},{\"@type\":\"Organization\",\"@id\":\"https:\\\/\\\/www.laguiadepamplona.com\\\/actualidad\\\/#organization\",\"name\":\"La Gu\u00eda de Pamplona \\\/ Noticias\",\"url\":\"https:\\\/\\\/www.laguiadepamplona.com\\\/actualidad\\\/\",\"logo\":{\"@type\":\"ImageObject\",\"inLanguage\":\"es\",\"@id\":\"https:\\\/\\\/www.laguiadepamplona.com\\\/actualidad\\\/#\\\/schema\\\/logo\\\/image\\\/\",\"url\":\"https:\\\/\\\/www.laguiadepamplona.com\\\/actualidad\\\/wp-content\\\/uploads\\\/2018\\\/11\\\/logo-laguiadepamplona18-web1.png\",\"contentUrl\":\"https:\\\/\\\/www.laguiadepamplona.com\\\/actualidad\\\/wp-content\\\/uploads\\\/2018\\\/11\\\/logo-laguiadepamplona18-web1.png\",\"width\":600,\"height\":196,\"caption\":\"La Gu\u00eda de Pamplona \\\/ Noticias\"},\"image\":{\"@id\":\"https:\\\/\\\/www.laguiadepamplona.com\\\/actualidad\\\/#\\\/schema\\\/logo\\\/image\\\/\"},\"sameAs\":[\"https:\\\/\\\/www.facebook.com\\\/laguiadepamplonacom-133175176762273\\\/?ref=hl\",\"https:\\\/\\\/x.com\\\/LaGuiadPamplona\",\"https:\\\/\\\/www.instagram.com\\\/la_guia_de_pamplona\\\/\",\"https:\\\/\\\/www.youtube.com\\\/user\\\/laguiadepamplona\"]},{\"@type\":\"Person\",\"@id\":\"https:\\\/\\\/www.laguiadepamplona.com\\\/actualidad\\\/#\\\/schema\\\/person\\\/efe887376f0213d4657c93adc50b1fdb\",\"name\":\"La Gu\u00eda de Pamplona\",\"image\":{\"@type\":\"ImageObject\",\"inLanguage\":\"es\",\"@id\":\"https:\\\/\\\/secure.gravatar.com\\\/avatar\\\/b6992f131dc8d30ab0dff15446e9d346d9dbd95992de0fef795073f5ea83a81c?s=96&d=mm&r=g\",\"url\":\"https:\\\/\\\/secure.gravatar.com\\\/avatar\\\/b6992f131dc8d30ab0dff15446e9d346d9dbd95992de0fef795073f5ea83a81c?s=96&d=mm&r=g\",\"contentUrl\":\"https:\\\/\\\/secure.gravatar.com\\\/avatar\\\/b6992f131dc8d30ab0dff15446e9d346d9dbd95992de0fef795073f5ea83a81c?s=96&d=mm&r=g\",\"caption\":\"La Gu\u00eda de Pamplona\"}}]}<\/script>\n<!-- \/ Yoast SEO plugin. -->","yoast_head_json":{"title":"Durante el pasado a\u00f1o, los ocho aparcamientos rotatorios de bicicletas \u2018Nbici\u2019 repartidos por la ciudad contabilizaron 66.949 usos realizados por 1.670 personas","description":"Los meses con m\u00e1s usos fueron octubre y septiembre; se accede mayoritariamente de 7 a 8 de la ma\u00f1ana y se sale de 2 a 4 de la tarde","robots":{"index":"index","follow":"follow","max-snippet":"max-snippet:-1","max-image-preview":"max-image-preview:large","max-video-preview":"max-video-preview:-1"},"canonical":"https:\/\/www.laguiadepamplona.com\/actualidad\/durante-el-pasado-ano-los-ocho-aparcamientos-rotatorios-de-bicicletas-nbici-repartidos-por-la-ciudad-contabilizaron-66-949-usos-realizados-por-1-670-personas\/","og_locale":"es_ES","og_type":"article","og_title":"Durante el pasado a\u00f1o, los ocho aparcamientos rotatorios de bicicletas \u2018Nbici\u2019 repartidos por la ciudad contabilizaron 66.949 usos realizados por 1.670 personas","og_description":"Los meses con m\u00e1s usos fueron octubre y septiembre; se accede mayoritariamente de 7 a 8 de la ma\u00f1ana y se sale de 2 a 4 de la tarde","og_url":"https:\/\/www.laguiadepamplona.com\/actualidad\/durante-el-pasado-ano-los-ocho-aparcamientos-rotatorios-de-bicicletas-nbici-repartidos-por-la-ciudad-contabilizaron-66-949-usos-realizados-por-1-670-personas\/","og_site_name":"La Gu\u00eda de Pamplona","article_publisher":"https:\/\/www.facebook.com\/laguiadepamplonacom-133175176762273\/?ref=hl","article_published_time":"2023-01-23T16:42:50+00:00","article_modified_time":"2023-04-11T09:47:22+00:00","og_image":[{"width":1748,"height":1240,"url":"https:\/\/www.laguiadepamplona.com\/actualidad\/wp-content\/uploads\/2022\/11\/aparcamiento-bicicletas.webp","type":"image\/webp"}],"author":"La Gu\u00eda de Pamplona","twitter_card":"summary_large_image","twitter_creator":"@LaGuiadPamplona","twitter_site":"@LaGuiadPamplona","twitter_misc":{"Escrito por":"La Gu\u00eda de Pamplona","Tiempo de lectura":"6 minutos"},"schema":{"@context":"https:\/\/schema.org","@graph":[{"@type":"Article","@id":"https:\/\/www.laguiadepamplona.com\/actualidad\/durante-el-pasado-ano-los-ocho-aparcamientos-rotatorios-de-bicicletas-nbici-repartidos-por-la-ciudad-contabilizaron-66-949-usos-realizados-por-1-670-personas\/#article","isPartOf":{"@id":"https:\/\/www.laguiadepamplona.com\/actualidad\/durante-el-pasado-ano-los-ocho-aparcamientos-rotatorios-de-bicicletas-nbici-repartidos-por-la-ciudad-contabilizaron-66-949-usos-realizados-por-1-670-personas\/"},"author":{"name":"La Gu\u00eda de Pamplona","@id":"https:\/\/www.laguiadepamplona.com\/actualidad\/#\/schema\/person\/efe887376f0213d4657c93adc50b1fdb"},"headline":"Durante el pasado a\u00f1o, los ocho aparcamientos rotatorios de bicicletas \u2018Nbici\u2019 repartidos por la ciudad contabilizaron 66.949 usos realizados por 1.670 personas","datePublished":"2023-01-23T16:42:50+00:00","dateModified":"2023-04-11T09:47:22+00:00","mainEntityOfPage":{"@id":"https:\/\/www.laguiadepamplona.com\/actualidad\/durante-el-pasado-ano-los-ocho-aparcamientos-rotatorios-de-bicicletas-nbici-repartidos-por-la-ciudad-contabilizaron-66-949-usos-realizados-por-1-670-personas\/"},"wordCount":1200,"commentCount":0,"publisher":{"@id":"https:\/\/www.laguiadepamplona.com\/actualidad\/#organization"},"image":{"@id":"https:\/\/www.laguiadepamplona.com\/actualidad\/durante-el-pasado-ano-los-ocho-aparcamientos-rotatorios-de-bicicletas-nbici-repartidos-por-la-ciudad-contabilizaron-66-949-usos-realizados-por-1-670-personas\/#primaryimage"},"thumbnailUrl":"https:\/\/www.laguiadepamplona.com\/actualidad\/wp-content\/uploads\/2022\/11\/aparcamiento-bicicletas.webp","articleSection":["Ayto Pamplona"],"inLanguage":"es","potentialAction":[{"@type":"CommentAction","name":"Comment","target":["https:\/\/www.laguiadepamplona.com\/actualidad\/durante-el-pasado-ano-los-ocho-aparcamientos-rotatorios-de-bicicletas-nbici-repartidos-por-la-ciudad-contabilizaron-66-949-usos-realizados-por-1-670-personas\/#respond"]}]},{"@type":"WebPage","@id":"https:\/\/www.laguiadepamplona.com\/actualidad\/durante-el-pasado-ano-los-ocho-aparcamientos-rotatorios-de-bicicletas-nbici-repartidos-por-la-ciudad-contabilizaron-66-949-usos-realizados-por-1-670-personas\/","url":"https:\/\/www.laguiadepamplona.com\/actualidad\/durante-el-pasado-ano-los-ocho-aparcamientos-rotatorios-de-bicicletas-nbici-repartidos-por-la-ciudad-contabilizaron-66-949-usos-realizados-por-1-670-personas\/","name":"Durante el pasado a\u00f1o, los ocho aparcamientos rotatorios de bicicletas \u2018Nbici\u2019 repartidos por la ciudad contabilizaron 66.949 usos realizados por 1.670 personas","isPartOf":{"@id":"https:\/\/www.laguiadepamplona.com\/actualidad\/#website"},"primaryImageOfPage":{"@id":"https:\/\/www.laguiadepamplona.com\/actualidad\/durante-el-pasado-ano-los-ocho-aparcamientos-rotatorios-de-bicicletas-nbici-repartidos-por-la-ciudad-contabilizaron-66-949-usos-realizados-por-1-670-personas\/#primaryimage"},"image":{"@id":"https:\/\/www.laguiadepamplona.com\/actualidad\/durante-el-pasado-ano-los-ocho-aparcamientos-rotatorios-de-bicicletas-nbici-repartidos-por-la-ciudad-contabilizaron-66-949-usos-realizados-por-1-670-personas\/#primaryimage"},"thumbnailUrl":"https:\/\/www.laguiadepamplona.com\/actualidad\/wp-content\/uploads\/2022\/11\/aparcamiento-bicicletas.webp","datePublished":"2023-01-23T16:42:50+00:00","dateModified":"2023-04-11T09:47:22+00:00","description":"Los meses con m\u00e1s usos fueron octubre y septiembre; se accede mayoritariamente de 7 a 8 de la ma\u00f1ana y se sale de 2 a 4 de la tarde","breadcrumb":{"@id":"https:\/\/www.laguiadepamplona.com\/actualidad\/durante-el-pasado-ano-los-ocho-aparcamientos-rotatorios-de-bicicletas-nbici-repartidos-por-la-ciudad-contabilizaron-66-949-usos-realizados-por-1-670-personas\/#breadcrumb"},"inLanguage":"es","potentialAction":[{"@type":"ReadAction","target":["https:\/\/www.laguiadepamplona.com\/actualidad\/durante-el-pasado-ano-los-ocho-aparcamientos-rotatorios-de-bicicletas-nbici-repartidos-por-la-ciudad-contabilizaron-66-949-usos-realizados-por-1-670-personas\/"]}]},{"@type":"ImageObject","inLanguage":"es","@id":"https:\/\/www.laguiadepamplona.com\/actualidad\/durante-el-pasado-ano-los-ocho-aparcamientos-rotatorios-de-bicicletas-nbici-repartidos-por-la-ciudad-contabilizaron-66-949-usos-realizados-por-1-670-personas\/#primaryimage","url":"https:\/\/www.laguiadepamplona.com\/actualidad\/wp-content\/uploads\/2022\/11\/aparcamiento-bicicletas.webp","contentUrl":"https:\/\/www.laguiadepamplona.com\/actualidad\/wp-content\/uploads\/2022\/11\/aparcamiento-bicicletas.webp","width":1748,"height":1240},{"@type":"BreadcrumbList","@id":"https:\/\/www.laguiadepamplona.com\/actualidad\/durante-el-pasado-ano-los-ocho-aparcamientos-rotatorios-de-bicicletas-nbici-repartidos-por-la-ciudad-contabilizaron-66-949-usos-realizados-por-1-670-personas\/#breadcrumb","itemListElement":[{"@type":"ListItem","position":1,"name":"Portada","item":"https:\/\/www.laguiadepamplona.com\/actualidad\/"},{"@type":"ListItem","position":2,"name":"Durante el pasado a\u00f1o, los ocho aparcamientos rotatorios de bicicletas \u2018Nbici\u2019 repartidos por la ciudad contabilizaron 66.949 usos realizados por 1.670 personas"}]},{"@type":"WebSite","@id":"https:\/\/www.laguiadepamplona.com\/actualidad\/#website","url":"https:\/\/www.laguiadepamplona.com\/actualidad\/","name":"La gu\u00eda de Pamplona","description":"Noticias de Pamplona","publisher":{"@id":"https:\/\/www.laguiadepamplona.com\/actualidad\/#organization"},"potentialAction":[{"@type":"SearchAction","target":{"@type":"EntryPoint","urlTemplate":"https:\/\/www.laguiadepamplona.com\/actualidad\/?s={search_term_string}"},"query-input":{"@type":"PropertyValueSpecification","valueRequired":true,"valueName":"search_term_string"}}],"inLanguage":"es"},{"@type":"Organization","@id":"https:\/\/www.laguiadepamplona.com\/actualidad\/#organization","name":"La Gu\u00eda de Pamplona \/ Noticias","url":"https:\/\/www.laguiadepamplona.com\/actualidad\/","logo":{"@type":"ImageObject","inLanguage":"es","@id":"https:\/\/www.laguiadepamplona.com\/actualidad\/#\/schema\/logo\/image\/","url":"https:\/\/www.laguiadepamplona.com\/actualidad\/wp-content\/uploads\/2018\/11\/logo-laguiadepamplona18-web1.png","contentUrl":"https:\/\/www.laguiadepamplona.com\/actualidad\/wp-content\/uploads\/2018\/11\/logo-laguiadepamplona18-web1.png","width":600,"height":196,"caption":"La Gu\u00eda de Pamplona \/ Noticias"},"image":{"@id":"https:\/\/www.laguiadepamplona.com\/actualidad\/#\/schema\/logo\/image\/"},"sameAs":["https:\/\/www.facebook.com\/laguiadepamplonacom-133175176762273\/?ref=hl","https:\/\/x.com\/LaGuiadPamplona","https:\/\/www.instagram.com\/la_guia_de_pamplona\/","https:\/\/www.youtube.com\/user\/laguiadepamplona"]},{"@type":"Person","@id":"https:\/\/www.laguiadepamplona.com\/actualidad\/#\/schema\/person\/efe887376f0213d4657c93adc50b1fdb","name":"La Gu\u00eda de Pamplona","image":{"@type":"ImageObject","inLanguage":"es","@id":"https:\/\/secure.gravatar.com\/avatar\/b6992f131dc8d30ab0dff15446e9d346d9dbd95992de0fef795073f5ea83a81c?s=96&d=mm&r=g","url":"https:\/\/secure.gravatar.com\/avatar\/b6992f131dc8d30ab0dff15446e9d346d9dbd95992de0fef795073f5ea83a81c?s=96&d=mm&r=g","contentUrl":"https:\/\/secure.gravatar.com\/avatar\/b6992f131dc8d30ab0dff15446e9d346d9dbd95992de0fef795073f5ea83a81c?s=96&d=mm&r=g","caption":"La Gu\u00eda de Pamplona"}}]}},"post_mailing_queue_ids":[],"_links":{"self":[{"href":"https:\/\/www.laguiadepamplona.com\/actualidad\/wp-json\/wp\/v2\/posts\/42658","targetHints":{"allow":["GET"]}}],"collection":[{"href":"https:\/\/www.laguiadepamplona.com\/actualidad\/wp-json\/wp\/v2\/posts"}],"about":[{"href":"https:\/\/www.laguiadepamplona.com\/actualidad\/wp-json\/wp\/v2\/types\/post"}],"author":[{"embeddable":true,"href":"https:\/\/www.laguiadepamplona.com\/actualidad\/wp-json\/wp\/v2\/users\/1"}],"replies":[{"embeddable":true,"href":"https:\/\/www.laguiadepamplona.com\/actualidad\/wp-json\/wp\/v2\/comments?post=42658"}],"version-history":[{"count":0,"href":"https:\/\/www.laguiadepamplona.com\/actualidad\/wp-json\/wp\/v2\/posts\/42658\/revisions"}],"wp:featuredmedia":[{"embeddable":true,"href":"https:\/\/www.laguiadepamplona.com\/actualidad\/wp-json\/wp\/v2\/media\/42262"}],"wp:attachment":[{"href":"https:\/\/www.laguiadepamplona.com\/actualidad\/wp-json\/wp\/v2\/media?parent=42658"}],"wp:term":[{"taxonomy":"category","embeddable":true,"href":"https:\/\/www.laguiadepamplona.com\/actualidad\/wp-json\/wp\/v2\/categories?post=42658"},{"taxonomy":"post_tag","embeddable":true,"href":"https:\/\/www.laguiadepamplona.com\/actualidad\/wp-json\/wp\/v2\/tags?post=42658"}],"curies":[{"name":"wp","href":"https:\/\/api.w.org\/{rel}","templated":true}]}}