{"id":42647,"date":"2023-01-20T20:49:19","date_gmt":"2023-01-20T18:49:19","guid":{"rendered":"https:\/\/www.laguiadepamplona.com\/actualidad\/?p=42647"},"modified":"2023-04-11T11:47:22","modified_gmt":"2023-04-11T09:47:22","slug":"el-pasado-ano-se-celebraron-en-la-sala-lidia-biurrun-de-la-ciudadela-229-bodas-civiles-un-35-mas-que-en-2021","status":"publish","type":"post","link":"https:\/\/www.laguiadepamplona.com\/actualidad\/el-pasado-ano-se-celebraron-en-la-sala-lidia-biurrun-de-la-ciudadela-229-bodas-civiles-un-35-mas-que-en-2021\/","title":{"rendered":"El pasado a\u00f1o se celebraron en la Sala Lidia Biurrun de la Ciudadela 229 bodas civiles, un 35% m\u00e1s que en 2021"},"content":{"rendered":"<h5>La concejala Maite Esporr\u00edn fue la que m\u00e1s enlaces presidi\u00f3 y junio y septiembre mantuvieron la tradici\u00f3n de ser los meses m\u00e1s demandados<\/h5>\n<p><!--more--><\/p>\n<p>La Sala Lidia Biurrun de la Ciudadela acogi\u00f3 el pasado a\u00f1o 229 bodas civiles, un 35% m\u00e1s que en 2021. A pesar de que en los primeros meses del a\u00f1o se mantuvieron algunas restricciones derivadas de la situaci\u00f3n sanitaria de la COVID-19, los enlaces han vuelto a recuperar cifras anteriores a la pandemia, por encima de las 200 bodas, tras dos a\u00f1os, 2021 y 2020, en los que se registraron 163 y 109, respectivamente.<br \/>\n<script async src=\"\/\/pagead2.googlesyndication.com\/pagead\/js\/adsbygoogle.js\"><\/script><br \/>\n<!-- Noticias La Guia de Pamplona --><br \/>\n<ins class=\"adsbygoogle\"\nstyle=\"display:block\"\ndata-ad-client=\"ca-pub-6943679897239327\"\ndata-ad-slot=\"7048180777\"\ndata-ad-format=\"auto\"><\/ins><br \/>\n<script>\n(adsbygoogle = window.adsbygoogle || []).push({});\n<\/script><\/p>\n<p>De los 229 enlaces civiles registrados, 211 fueron mixtos, entre hombres y mujeres, y 18 entre personas del mismo sexo, 13 de hombres y 5 de mujeres. Los meses con m\u00e1s enlaces fueron, como suele ser habitual, junio y septiembre, con 41 y 38 cada uno de ellos. En octubre se celebraron 26 bodas, en mayo 23, en agosto 21 y en diciembre y abril 17. Los meses con menos actividad fueron noviembre con 12 bodas, julio con 11 (la sala cierra en San Ferm\u00edn), marzo con 10, febrero con 8 y enero con 5 enlaces.<\/p>\n<p>Las bodas civiles del pasado a\u00f1o las presidieron concejales y concejalas de los cuatro grupos municipales con representaci\u00f3n en el Pleno. Navarra Suma presidi\u00f3 77 enlaces, EH Bildu 73, Socialistas del Ayuntamiento de Pamplona 49 enlaces y Geroa Bai 30. Presidieron ceremonias todos los concejales y concejales, con la excepci\u00f3n de Mar\u00eda Garc\u00eda-Barberena (Navarra Suma) y Federico Colmenar (Socialistas del Ayuntamiento de Pamplona).<\/p>\n<p>Quien presidi\u00f3 m\u00e1s bodas fue la concejala socialista Maite Esporr\u00edn, con 34 enlaces civiles. Patxi Leuza (Geroa Bai), Garbi\u00f1e Bueno y Maider Beloki (EH Bildu) le siguen con 19, 18 y 14, respectivamente. M\u00e1s de una decena de bodas presidieron tambi\u00e9n Fernando Aranguren (Navarra Suma) y Eva Aranguren (EH Bildu), ambos con 12, y Mar\u00eda Ech\u00e1varri (Navarra Suma) y Javier Leoz (Geroa Bai) con 11 cada uno. El alcalde de Pamplona, Enrique Maya, presidi\u00f3 cinco enlaces.<br \/>\n<script async src=\"\/\/pagead2.googlesyndication.com\/pagead\/js\/adsbygoogle.js\"><\/script><br \/>\n<!-- Noticias La Guia de Pamplona --><br \/>\n<ins class=\"adsbygoogle\"\nstyle=\"display:block\"\ndata-ad-client=\"ca-pub-6943679897239327\"\ndata-ad-slot=\"7048180777\"\ndata-ad-format=\"auto\"><\/ins><br \/>\n<script>\n(adsbygoogle = window.adsbygoogle || []).push({});\n<\/script><\/p>\n<p><strong>Cita previa para los tr\u00e1mites<\/strong><\/p>\n<p>El Ayuntamiento de Pamplona ofrece el espacio de la Sala Lidia Biurrun de la Ciudadela para bodas civiles. Se celebran durante todo el a\u00f1o los viernes de 18.30 a 20 horas y los s\u00e1bados de 12 a 13.30 horas. Entre los meses de mayo y octubre, se habilita tambi\u00e9n la franja de 18.30 a 20 horas. Quedan excluidas fechas en las que concurran actos o acontecimientos especiales, as\u00ed como los festivos y San Ferm\u00edn.<\/p>\n<p>Para los tr\u00e1mites de celebraci\u00f3n de un enlace, es necesario solicitar cita previa a trav\u00e9s del tel\u00e9fono 010 \u2013 948 420 100. Como documentaci\u00f3n, se requiere la notificaci\u00f3n del Registro Civil de Pamplona de tener resuelto el expediente de matrimonio civil, fotocopia del DNI de las personas contrayentes, fotocopia del DNI de las personas que ejercer\u00e1n como testigos y el pago de la tasa correspondiente. Las celebraciones no podr\u00e1n exceder de 25 minutos.<\/p>\n","protected":false},"excerpt":{"rendered":"<p>La concejala Maite Esporr\u00edn fue la que m\u00e1s enlaces presidi\u00f3 y junio y septiembre mantuvieron la tradici\u00f3n de ser los meses m\u00e1s demandados<\/p>\n","protected":false},"author":1,"featured_media":20079,"comment_status":"open","ping_status":"closed","sticky":false,"template":"","format":"standard","meta":{"footnotes":""},"categories":[2],"tags":[],"class_list":["post-42647","post","type-post","status-publish","format-standard","has-post-thumbnail","hentry","category-ayuntamiento-pamplona"],"yoast_head":"<!-- This site is optimized with the Yoast SEO plugin v27.3 - https:\/\/yoast.com\/product\/yoast-seo-wordpress\/ -->\n<title>El pasado a\u00f1o se celebraron en la Sala Lidia Biurrun de la Ciudadela 229 bodas civiles, un 35% m\u00e1s que en 2021<\/title>\n<meta name=\"description\" content=\"La concejala Maite Esporr\u00edn fue la que m\u00e1s enlaces presidi\u00f3 y junio y septiembre mantuvieron la tradici\u00f3n de ser los meses m\u00e1s demandados\" \/>\n<meta name=\"robots\" content=\"index, follow, max-snippet:-1, max-image-preview:large, max-video-preview:-1\" \/>\n<link rel=\"canonical\" href=\"https:\/\/www.laguiadepamplona.com\/actualidad\/el-pasado-ano-se-celebraron-en-la-sala-lidia-biurrun-de-la-ciudadela-229-bodas-civiles-un-35-mas-que-en-2021\/\" \/>\n<meta property=\"og:locale\" content=\"es_ES\" \/>\n<meta property=\"og:type\" content=\"article\" \/>\n<meta property=\"og:title\" content=\"El pasado a\u00f1o se celebraron en la Sala Lidia Biurrun de la Ciudadela 229 bodas civiles, un 35% m\u00e1s que en 2021\" \/>\n<meta property=\"og:description\" content=\"La concejala Maite Esporr\u00edn fue la que m\u00e1s enlaces presidi\u00f3 y junio y septiembre mantuvieron la tradici\u00f3n de ser los meses m\u00e1s demandados\" \/>\n<meta property=\"og:url\" content=\"https:\/\/www.laguiadepamplona.com\/actualidad\/el-pasado-ano-se-celebraron-en-la-sala-lidia-biurrun-de-la-ciudadela-229-bodas-civiles-un-35-mas-que-en-2021\/\" \/>\n<meta property=\"og:site_name\" content=\"La Gu\u00eda de Pamplona\" \/>\n<meta property=\"article:publisher\" content=\"https:\/\/www.facebook.com\/laguiadepamplonacom-133175176762273\/?ref=hl\" \/>\n<meta property=\"article:published_time\" content=\"2023-01-20T18:49:19+00:00\" \/>\n<meta property=\"article:modified_time\" content=\"2023-04-11T09:47:22+00:00\" \/>\n<meta property=\"og:image\" content=\"https:\/\/www.laguiadepamplona.com\/actualidad\/wp-content\/uploads\/2019\/01\/bodas-civiles-pamplona.jpg\" \/>\n\t<meta property=\"og:image:width\" content=\"1000\" \/>\n\t<meta property=\"og:image:height\" content=\"667\" \/>\n\t<meta property=\"og:image:type\" content=\"image\/jpeg\" \/>\n<meta name=\"author\" content=\"La Gu\u00eda de Pamplona\" \/>\n<meta name=\"twitter:card\" content=\"summary_large_image\" \/>\n<meta name=\"twitter:creator\" content=\"@LaGuiadPamplona\" \/>\n<meta name=\"twitter:site\" content=\"@LaGuiadPamplona\" \/>\n<meta name=\"twitter:label1\" content=\"Escrito por\" \/>\n\t<meta name=\"twitter:data1\" content=\"La Gu\u00eda de Pamplona\" \/>\n\t<meta name=\"twitter:label2\" content=\"Tiempo de lectura\" \/>\n\t<meta name=\"twitter:data2\" content=\"3 minutos\" \/>\n<script type=\"application\/ld+json\" class=\"yoast-schema-graph\">{\"@context\":\"https:\\\/\\\/schema.org\",\"@graph\":[{\"@type\":\"Article\",\"@id\":\"https:\\\/\\\/www.laguiadepamplona.com\\\/actualidad\\\/el-pasado-ano-se-celebraron-en-la-sala-lidia-biurrun-de-la-ciudadela-229-bodas-civiles-un-35-mas-que-en-2021\\\/#article\",\"isPartOf\":{\"@id\":\"https:\\\/\\\/www.laguiadepamplona.com\\\/actualidad\\\/el-pasado-ano-se-celebraron-en-la-sala-lidia-biurrun-de-la-ciudadela-229-bodas-civiles-un-35-mas-que-en-2021\\\/\"},\"author\":{\"name\":\"La Gu\u00eda de Pamplona\",\"@id\":\"https:\\\/\\\/www.laguiadepamplona.com\\\/actualidad\\\/#\\\/schema\\\/person\\\/efe887376f0213d4657c93adc50b1fdb\"},\"headline\":\"El pasado a\u00f1o se celebraron en la Sala Lidia Biurrun de la Ciudadela 229 bodas civiles, un 35% m\u00e1s que en 2021\",\"datePublished\":\"2023-01-20T18:49:19+00:00\",\"dateModified\":\"2023-04-11T09:47:22+00:00\",\"mainEntityOfPage\":{\"@id\":\"https:\\\/\\\/www.laguiadepamplona.com\\\/actualidad\\\/el-pasado-ano-se-celebraron-en-la-sala-lidia-biurrun-de-la-ciudadela-229-bodas-civiles-un-35-mas-que-en-2021\\\/\"},\"wordCount\":495,\"commentCount\":0,\"publisher\":{\"@id\":\"https:\\\/\\\/www.laguiadepamplona.com\\\/actualidad\\\/#organization\"},\"image\":{\"@id\":\"https:\\\/\\\/www.laguiadepamplona.com\\\/actualidad\\\/el-pasado-ano-se-celebraron-en-la-sala-lidia-biurrun-de-la-ciudadela-229-bodas-civiles-un-35-mas-que-en-2021\\\/#primaryimage\"},\"thumbnailUrl\":\"https:\\\/\\\/www.laguiadepamplona.com\\\/actualidad\\\/wp-content\\\/uploads\\\/2019\\\/01\\\/bodas-civiles-pamplona.jpg\",\"articleSection\":[\"Ayto Pamplona\"],\"inLanguage\":\"es\",\"potentialAction\":[{\"@type\":\"CommentAction\",\"name\":\"Comment\",\"target\":[\"https:\\\/\\\/www.laguiadepamplona.com\\\/actualidad\\\/el-pasado-ano-se-celebraron-en-la-sala-lidia-biurrun-de-la-ciudadela-229-bodas-civiles-un-35-mas-que-en-2021\\\/#respond\"]}]},{\"@type\":\"WebPage\",\"@id\":\"https:\\\/\\\/www.laguiadepamplona.com\\\/actualidad\\\/el-pasado-ano-se-celebraron-en-la-sala-lidia-biurrun-de-la-ciudadela-229-bodas-civiles-un-35-mas-que-en-2021\\\/\",\"url\":\"https:\\\/\\\/www.laguiadepamplona.com\\\/actualidad\\\/el-pasado-ano-se-celebraron-en-la-sala-lidia-biurrun-de-la-ciudadela-229-bodas-civiles-un-35-mas-que-en-2021\\\/\",\"name\":\"El pasado a\u00f1o se celebraron en la Sala Lidia Biurrun de la Ciudadela 229 bodas civiles, un 35% m\u00e1s que en 2021\",\"isPartOf\":{\"@id\":\"https:\\\/\\\/www.laguiadepamplona.com\\\/actualidad\\\/#website\"},\"primaryImageOfPage\":{\"@id\":\"https:\\\/\\\/www.laguiadepamplona.com\\\/actualidad\\\/el-pasado-ano-se-celebraron-en-la-sala-lidia-biurrun-de-la-ciudadela-229-bodas-civiles-un-35-mas-que-en-2021\\\/#primaryimage\"},\"image\":{\"@id\":\"https:\\\/\\\/www.laguiadepamplona.com\\\/actualidad\\\/el-pasado-ano-se-celebraron-en-la-sala-lidia-biurrun-de-la-ciudadela-229-bodas-civiles-un-35-mas-que-en-2021\\\/#primaryimage\"},\"thumbnailUrl\":\"https:\\\/\\\/www.laguiadepamplona.com\\\/actualidad\\\/wp-content\\\/uploads\\\/2019\\\/01\\\/bodas-civiles-pamplona.jpg\",\"datePublished\":\"2023-01-20T18:49:19+00:00\",\"dateModified\":\"2023-04-11T09:47:22+00:00\",\"description\":\"La concejala Maite Esporr\u00edn fue la que m\u00e1s enlaces presidi\u00f3 y junio y septiembre mantuvieron la tradici\u00f3n de ser los meses m\u00e1s demandados\",\"breadcrumb\":{\"@id\":\"https:\\\/\\\/www.laguiadepamplona.com\\\/actualidad\\\/el-pasado-ano-se-celebraron-en-la-sala-lidia-biurrun-de-la-ciudadela-229-bodas-civiles-un-35-mas-que-en-2021\\\/#breadcrumb\"},\"inLanguage\":\"es\",\"potentialAction\":[{\"@type\":\"ReadAction\",\"target\":[\"https:\\\/\\\/www.laguiadepamplona.com\\\/actualidad\\\/el-pasado-ano-se-celebraron-en-la-sala-lidia-biurrun-de-la-ciudadela-229-bodas-civiles-un-35-mas-que-en-2021\\\/\"]}]},{\"@type\":\"ImageObject\",\"inLanguage\":\"es\",\"@id\":\"https:\\\/\\\/www.laguiadepamplona.com\\\/actualidad\\\/el-pasado-ano-se-celebraron-en-la-sala-lidia-biurrun-de-la-ciudadela-229-bodas-civiles-un-35-mas-que-en-2021\\\/#primaryimage\",\"url\":\"https:\\\/\\\/www.laguiadepamplona.com\\\/actualidad\\\/wp-content\\\/uploads\\\/2019\\\/01\\\/bodas-civiles-pamplona.jpg\",\"contentUrl\":\"https:\\\/\\\/www.laguiadepamplona.com\\\/actualidad\\\/wp-content\\\/uploads\\\/2019\\\/01\\\/bodas-civiles-pamplona.jpg\",\"width\":1000,\"height\":667},{\"@type\":\"BreadcrumbList\",\"@id\":\"https:\\\/\\\/www.laguiadepamplona.com\\\/actualidad\\\/el-pasado-ano-se-celebraron-en-la-sala-lidia-biurrun-de-la-ciudadela-229-bodas-civiles-un-35-mas-que-en-2021\\\/#breadcrumb\",\"itemListElement\":[{\"@type\":\"ListItem\",\"position\":1,\"name\":\"Portada\",\"item\":\"https:\\\/\\\/www.laguiadepamplona.com\\\/actualidad\\\/\"},{\"@type\":\"ListItem\",\"position\":2,\"name\":\"El pasado a\u00f1o se celebraron en la Sala Lidia Biurrun de la Ciudadela 229 bodas civiles, un 35% m\u00e1s que en 2021\"}]},{\"@type\":\"WebSite\",\"@id\":\"https:\\\/\\\/www.laguiadepamplona.com\\\/actualidad\\\/#website\",\"url\":\"https:\\\/\\\/www.laguiadepamplona.com\\\/actualidad\\\/\",\"name\":\"La gu\u00eda de Pamplona\",\"description\":\"Noticias de Pamplona\",\"publisher\":{\"@id\":\"https:\\\/\\\/www.laguiadepamplona.com\\\/actualidad\\\/#organization\"},\"potentialAction\":[{\"@type\":\"SearchAction\",\"target\":{\"@type\":\"EntryPoint\",\"urlTemplate\":\"https:\\\/\\\/www.laguiadepamplona.com\\\/actualidad\\\/?s={search_term_string}\"},\"query-input\":{\"@type\":\"PropertyValueSpecification\",\"valueRequired\":true,\"valueName\":\"search_term_string\"}}],\"inLanguage\":\"es\"},{\"@type\":\"Organization\",\"@id\":\"https:\\\/\\\/www.laguiadepamplona.com\\\/actualidad\\\/#organization\",\"name\":\"La Gu\u00eda de Pamplona \\\/ Noticias\",\"url\":\"https:\\\/\\\/www.laguiadepamplona.com\\\/actualidad\\\/\",\"logo\":{\"@type\":\"ImageObject\",\"inLanguage\":\"es\",\"@id\":\"https:\\\/\\\/www.laguiadepamplona.com\\\/actualidad\\\/#\\\/schema\\\/logo\\\/image\\\/\",\"url\":\"https:\\\/\\\/www.laguiadepamplona.com\\\/actualidad\\\/wp-content\\\/uploads\\\/2018\\\/11\\\/logo-laguiadepamplona18-web1.png\",\"contentUrl\":\"https:\\\/\\\/www.laguiadepamplona.com\\\/actualidad\\\/wp-content\\\/uploads\\\/2018\\\/11\\\/logo-laguiadepamplona18-web1.png\",\"width\":600,\"height\":196,\"caption\":\"La Gu\u00eda de Pamplona \\\/ Noticias\"},\"image\":{\"@id\":\"https:\\\/\\\/www.laguiadepamplona.com\\\/actualidad\\\/#\\\/schema\\\/logo\\\/image\\\/\"},\"sameAs\":[\"https:\\\/\\\/www.facebook.com\\\/laguiadepamplonacom-133175176762273\\\/?ref=hl\",\"https:\\\/\\\/x.com\\\/LaGuiadPamplona\",\"https:\\\/\\\/www.instagram.com\\\/la_guia_de_pamplona\\\/\",\"https:\\\/\\\/www.youtube.com\\\/user\\\/laguiadepamplona\"]},{\"@type\":\"Person\",\"@id\":\"https:\\\/\\\/www.laguiadepamplona.com\\\/actualidad\\\/#\\\/schema\\\/person\\\/efe887376f0213d4657c93adc50b1fdb\",\"name\":\"La Gu\u00eda de Pamplona\",\"image\":{\"@type\":\"ImageObject\",\"inLanguage\":\"es\",\"@id\":\"https:\\\/\\\/secure.gravatar.com\\\/avatar\\\/b6992f131dc8d30ab0dff15446e9d346d9dbd95992de0fef795073f5ea83a81c?s=96&d=mm&r=g\",\"url\":\"https:\\\/\\\/secure.gravatar.com\\\/avatar\\\/b6992f131dc8d30ab0dff15446e9d346d9dbd95992de0fef795073f5ea83a81c?s=96&d=mm&r=g\",\"contentUrl\":\"https:\\\/\\\/secure.gravatar.com\\\/avatar\\\/b6992f131dc8d30ab0dff15446e9d346d9dbd95992de0fef795073f5ea83a81c?s=96&d=mm&r=g\",\"caption\":\"La Gu\u00eda de Pamplona\"}}]}<\/script>\n<!-- \/ Yoast SEO plugin. -->","yoast_head_json":{"title":"El pasado a\u00f1o se celebraron en la Sala Lidia Biurrun de la Ciudadela 229 bodas civiles, un 35% m\u00e1s que en 2021","description":"La concejala Maite Esporr\u00edn fue la que m\u00e1s enlaces presidi\u00f3 y junio y septiembre mantuvieron la tradici\u00f3n de ser los meses m\u00e1s demandados","robots":{"index":"index","follow":"follow","max-snippet":"max-snippet:-1","max-image-preview":"max-image-preview:large","max-video-preview":"max-video-preview:-1"},"canonical":"https:\/\/www.laguiadepamplona.com\/actualidad\/el-pasado-ano-se-celebraron-en-la-sala-lidia-biurrun-de-la-ciudadela-229-bodas-civiles-un-35-mas-que-en-2021\/","og_locale":"es_ES","og_type":"article","og_title":"El pasado a\u00f1o se celebraron en la Sala Lidia Biurrun de la Ciudadela 229 bodas civiles, un 35% m\u00e1s que en 2021","og_description":"La concejala Maite Esporr\u00edn fue la que m\u00e1s enlaces presidi\u00f3 y junio y septiembre mantuvieron la tradici\u00f3n de ser los meses m\u00e1s demandados","og_url":"https:\/\/www.laguiadepamplona.com\/actualidad\/el-pasado-ano-se-celebraron-en-la-sala-lidia-biurrun-de-la-ciudadela-229-bodas-civiles-un-35-mas-que-en-2021\/","og_site_name":"La Gu\u00eda de Pamplona","article_publisher":"https:\/\/www.facebook.com\/laguiadepamplonacom-133175176762273\/?ref=hl","article_published_time":"2023-01-20T18:49:19+00:00","article_modified_time":"2023-04-11T09:47:22+00:00","og_image":[{"width":1000,"height":667,"url":"https:\/\/www.laguiadepamplona.com\/actualidad\/wp-content\/uploads\/2019\/01\/bodas-civiles-pamplona.jpg","type":"image\/jpeg"}],"author":"La Gu\u00eda de Pamplona","twitter_card":"summary_large_image","twitter_creator":"@LaGuiadPamplona","twitter_site":"@LaGuiadPamplona","twitter_misc":{"Escrito por":"La Gu\u00eda de Pamplona","Tiempo de lectura":"3 minutos"},"schema":{"@context":"https:\/\/schema.org","@graph":[{"@type":"Article","@id":"https:\/\/www.laguiadepamplona.com\/actualidad\/el-pasado-ano-se-celebraron-en-la-sala-lidia-biurrun-de-la-ciudadela-229-bodas-civiles-un-35-mas-que-en-2021\/#article","isPartOf":{"@id":"https:\/\/www.laguiadepamplona.com\/actualidad\/el-pasado-ano-se-celebraron-en-la-sala-lidia-biurrun-de-la-ciudadela-229-bodas-civiles-un-35-mas-que-en-2021\/"},"author":{"name":"La Gu\u00eda de Pamplona","@id":"https:\/\/www.laguiadepamplona.com\/actualidad\/#\/schema\/person\/efe887376f0213d4657c93adc50b1fdb"},"headline":"El pasado a\u00f1o se celebraron en la Sala Lidia Biurrun de la Ciudadela 229 bodas civiles, un 35% m\u00e1s que en 2021","datePublished":"2023-01-20T18:49:19+00:00","dateModified":"2023-04-11T09:47:22+00:00","mainEntityOfPage":{"@id":"https:\/\/www.laguiadepamplona.com\/actualidad\/el-pasado-ano-se-celebraron-en-la-sala-lidia-biurrun-de-la-ciudadela-229-bodas-civiles-un-35-mas-que-en-2021\/"},"wordCount":495,"commentCount":0,"publisher":{"@id":"https:\/\/www.laguiadepamplona.com\/actualidad\/#organization"},"image":{"@id":"https:\/\/www.laguiadepamplona.com\/actualidad\/el-pasado-ano-se-celebraron-en-la-sala-lidia-biurrun-de-la-ciudadela-229-bodas-civiles-un-35-mas-que-en-2021\/#primaryimage"},"thumbnailUrl":"https:\/\/www.laguiadepamplona.com\/actualidad\/wp-content\/uploads\/2019\/01\/bodas-civiles-pamplona.jpg","articleSection":["Ayto Pamplona"],"inLanguage":"es","potentialAction":[{"@type":"CommentAction","name":"Comment","target":["https:\/\/www.laguiadepamplona.com\/actualidad\/el-pasado-ano-se-celebraron-en-la-sala-lidia-biurrun-de-la-ciudadela-229-bodas-civiles-un-35-mas-que-en-2021\/#respond"]}]},{"@type":"WebPage","@id":"https:\/\/www.laguiadepamplona.com\/actualidad\/el-pasado-ano-se-celebraron-en-la-sala-lidia-biurrun-de-la-ciudadela-229-bodas-civiles-un-35-mas-que-en-2021\/","url":"https:\/\/www.laguiadepamplona.com\/actualidad\/el-pasado-ano-se-celebraron-en-la-sala-lidia-biurrun-de-la-ciudadela-229-bodas-civiles-un-35-mas-que-en-2021\/","name":"El pasado a\u00f1o se celebraron en la Sala Lidia Biurrun de la Ciudadela 229 bodas civiles, un 35% m\u00e1s que en 2021","isPartOf":{"@id":"https:\/\/www.laguiadepamplona.com\/actualidad\/#website"},"primaryImageOfPage":{"@id":"https:\/\/www.laguiadepamplona.com\/actualidad\/el-pasado-ano-se-celebraron-en-la-sala-lidia-biurrun-de-la-ciudadela-229-bodas-civiles-un-35-mas-que-en-2021\/#primaryimage"},"image":{"@id":"https:\/\/www.laguiadepamplona.com\/actualidad\/el-pasado-ano-se-celebraron-en-la-sala-lidia-biurrun-de-la-ciudadela-229-bodas-civiles-un-35-mas-que-en-2021\/#primaryimage"},"thumbnailUrl":"https:\/\/www.laguiadepamplona.com\/actualidad\/wp-content\/uploads\/2019\/01\/bodas-civiles-pamplona.jpg","datePublished":"2023-01-20T18:49:19+00:00","dateModified":"2023-04-11T09:47:22+00:00","description":"La concejala Maite Esporr\u00edn fue la que m\u00e1s enlaces presidi\u00f3 y junio y septiembre mantuvieron la tradici\u00f3n de ser los meses m\u00e1s demandados","breadcrumb":{"@id":"https:\/\/www.laguiadepamplona.com\/actualidad\/el-pasado-ano-se-celebraron-en-la-sala-lidia-biurrun-de-la-ciudadela-229-bodas-civiles-un-35-mas-que-en-2021\/#breadcrumb"},"inLanguage":"es","potentialAction":[{"@type":"ReadAction","target":["https:\/\/www.laguiadepamplona.com\/actualidad\/el-pasado-ano-se-celebraron-en-la-sala-lidia-biurrun-de-la-ciudadela-229-bodas-civiles-un-35-mas-que-en-2021\/"]}]},{"@type":"ImageObject","inLanguage":"es","@id":"https:\/\/www.laguiadepamplona.com\/actualidad\/el-pasado-ano-se-celebraron-en-la-sala-lidia-biurrun-de-la-ciudadela-229-bodas-civiles-un-35-mas-que-en-2021\/#primaryimage","url":"https:\/\/www.laguiadepamplona.com\/actualidad\/wp-content\/uploads\/2019\/01\/bodas-civiles-pamplona.jpg","contentUrl":"https:\/\/www.laguiadepamplona.com\/actualidad\/wp-content\/uploads\/2019\/01\/bodas-civiles-pamplona.jpg","width":1000,"height":667},{"@type":"BreadcrumbList","@id":"https:\/\/www.laguiadepamplona.com\/actualidad\/el-pasado-ano-se-celebraron-en-la-sala-lidia-biurrun-de-la-ciudadela-229-bodas-civiles-un-35-mas-que-en-2021\/#breadcrumb","itemListElement":[{"@type":"ListItem","position":1,"name":"Portada","item":"https:\/\/www.laguiadepamplona.com\/actualidad\/"},{"@type":"ListItem","position":2,"name":"El pasado a\u00f1o se celebraron en la Sala Lidia Biurrun de la Ciudadela 229 bodas civiles, un 35% m\u00e1s que en 2021"}]},{"@type":"WebSite","@id":"https:\/\/www.laguiadepamplona.com\/actualidad\/#website","url":"https:\/\/www.laguiadepamplona.com\/actualidad\/","name":"La gu\u00eda de Pamplona","description":"Noticias de Pamplona","publisher":{"@id":"https:\/\/www.laguiadepamplona.com\/actualidad\/#organization"},"potentialAction":[{"@type":"SearchAction","target":{"@type":"EntryPoint","urlTemplate":"https:\/\/www.laguiadepamplona.com\/actualidad\/?s={search_term_string}"},"query-input":{"@type":"PropertyValueSpecification","valueRequired":true,"valueName":"search_term_string"}}],"inLanguage":"es"},{"@type":"Organization","@id":"https:\/\/www.laguiadepamplona.com\/actualidad\/#organization","name":"La Gu\u00eda de Pamplona \/ Noticias","url":"https:\/\/www.laguiadepamplona.com\/actualidad\/","logo":{"@type":"ImageObject","inLanguage":"es","@id":"https:\/\/www.laguiadepamplona.com\/actualidad\/#\/schema\/logo\/image\/","url":"https:\/\/www.laguiadepamplona.com\/actualidad\/wp-content\/uploads\/2018\/11\/logo-laguiadepamplona18-web1.png","contentUrl":"https:\/\/www.laguiadepamplona.com\/actualidad\/wp-content\/uploads\/2018\/11\/logo-laguiadepamplona18-web1.png","width":600,"height":196,"caption":"La Gu\u00eda de Pamplona \/ Noticias"},"image":{"@id":"https:\/\/www.laguiadepamplona.com\/actualidad\/#\/schema\/logo\/image\/"},"sameAs":["https:\/\/www.facebook.com\/laguiadepamplonacom-133175176762273\/?ref=hl","https:\/\/x.com\/LaGuiadPamplona","https:\/\/www.instagram.com\/la_guia_de_pamplona\/","https:\/\/www.youtube.com\/user\/laguiadepamplona"]},{"@type":"Person","@id":"https:\/\/www.laguiadepamplona.com\/actualidad\/#\/schema\/person\/efe887376f0213d4657c93adc50b1fdb","name":"La Gu\u00eda de Pamplona","image":{"@type":"ImageObject","inLanguage":"es","@id":"https:\/\/secure.gravatar.com\/avatar\/b6992f131dc8d30ab0dff15446e9d346d9dbd95992de0fef795073f5ea83a81c?s=96&d=mm&r=g","url":"https:\/\/secure.gravatar.com\/avatar\/b6992f131dc8d30ab0dff15446e9d346d9dbd95992de0fef795073f5ea83a81c?s=96&d=mm&r=g","contentUrl":"https:\/\/secure.gravatar.com\/avatar\/b6992f131dc8d30ab0dff15446e9d346d9dbd95992de0fef795073f5ea83a81c?s=96&d=mm&r=g","caption":"La Gu\u00eda de Pamplona"}}]}},"post_mailing_queue_ids":[],"_links":{"self":[{"href":"https:\/\/www.laguiadepamplona.com\/actualidad\/wp-json\/wp\/v2\/posts\/42647","targetHints":{"allow":["GET"]}}],"collection":[{"href":"https:\/\/www.laguiadepamplona.com\/actualidad\/wp-json\/wp\/v2\/posts"}],"about":[{"href":"https:\/\/www.laguiadepamplona.com\/actualidad\/wp-json\/wp\/v2\/types\/post"}],"author":[{"embeddable":true,"href":"https:\/\/www.laguiadepamplona.com\/actualidad\/wp-json\/wp\/v2\/users\/1"}],"replies":[{"embeddable":true,"href":"https:\/\/www.laguiadepamplona.com\/actualidad\/wp-json\/wp\/v2\/comments?post=42647"}],"version-history":[{"count":0,"href":"https:\/\/www.laguiadepamplona.com\/actualidad\/wp-json\/wp\/v2\/posts\/42647\/revisions"}],"wp:featuredmedia":[{"embeddable":true,"href":"https:\/\/www.laguiadepamplona.com\/actualidad\/wp-json\/wp\/v2\/media\/20079"}],"wp:attachment":[{"href":"https:\/\/www.laguiadepamplona.com\/actualidad\/wp-json\/wp\/v2\/media?parent=42647"}],"wp:term":[{"taxonomy":"category","embeddable":true,"href":"https:\/\/www.laguiadepamplona.com\/actualidad\/wp-json\/wp\/v2\/categories?post=42647"},{"taxonomy":"post_tag","embeddable":true,"href":"https:\/\/www.laguiadepamplona.com\/actualidad\/wp-json\/wp\/v2\/tags?post=42647"}],"curies":[{"name":"wp","href":"https:\/\/api.w.org\/{rel}","templated":true}]}}