{"id":42644,"date":"2023-01-20T20:47:26","date_gmt":"2023-01-20T18:47:26","guid":{"rendered":"https:\/\/www.laguiadepamplona.com\/actualidad\/?p=42644"},"modified":"2023-04-11T11:47:22","modified_gmt":"2023-04-11T09:47:22","slug":"cinco-toros-metalicos-dormiran-357-noches-del-ano-en-los-corrales-de-santo-domingo","status":"publish","type":"post","link":"https:\/\/www.laguiadepamplona.com\/actualidad\/cinco-toros-metalicos-dormiran-357-noches-del-ano-en-los-corrales-de-santo-domingo\/","title":{"rendered":"Cinco toros met\u00e1licos dormir\u00e1n 357 noches del a\u00f1o en los corrales de Santo Domingo"},"content":{"rendered":"<h5>El elemento escult\u00f3rico, un perfil realizado a escala real, se a\u00f1ade al resto de elementos que buscan desestacionalizar las fiestas de la ciudad<\/h5>\n<p><!--more--><\/p>\n<p>Dentro de las propuestas municipales para desarrollar propuestas tur\u00edsticas de desestacionalizaci\u00f3n de los Sanfermines, desde hoy se pueden ver en los corrales de la Cuesta de Santo Domingo un elemento escult\u00f3rico que permite al visitante hacerse una idea de c\u00f3mo lucen en Sanfermines, ocupados por astados desde la noche hasta el momento del encierro diario.<\/p>\n<p>El alcalde de Pamplona, Enrique Maya, ha visitado esta ma\u00f1ana ese espacio en el que el Consistorio ha instalado un conjunto art\u00edstico de 5 metros de longitud, con una altura de 1,8 metros, que reproduce el perfil de 5 toros a escala real sobre chapa met\u00e1lica de 10 mm de espesor cortada con l\u00e1ser, mecanizada y lacada al horno de dos componentes de oxir\u00f3n negro. El alcalde ha estado acompa\u00f1ado en la visita por Ferm\u00edn Alonso y Ana Elizalde, concejales delegados de Proyectos Estrat\u00e9gicos, Movilidad y Sostenibilidad y Gobierno Estrat\u00e9gico Comercio y Turismo, respectivamente.<br \/>\n<script async src=\"\/\/pagead2.googlesyndication.com\/pagead\/js\/adsbygoogle.js\"><\/script><br \/>\n<!-- Noticias La Guia de Pamplona --><br \/>\n<ins class=\"adsbygoogle\"\nstyle=\"display:block\"\ndata-ad-client=\"ca-pub-6943679897239327\"\ndata-ad-slot=\"7048180777\"\ndata-ad-format=\"auto\"><\/ins><br \/>\n<script>\n(adsbygoogle = window.adsbygoogle || []).push({});\n<\/script><\/p>\n<p>La instalaci\u00f3n se ubica aproximadamente en el centro de la plaza. De izquierda a derecha, los animales pasan de una actitud m\u00e1s est\u00e1tica a otra activa y din\u00e1mica simulando la situaci\u00f3n en el momento del lanzamiento del cohete que da comienzo al encierro diario, un evento que tiene lugar entre el 7 y el 14 de julio a las 8.00 horas, momento en el que la manada sale de los corrales, enfilando su carrera hacia la plaza de toros. El elemento escult\u00f3rico se sustenta, anclado mediante tirafondos, en tres pilastras de madera de pino Douglas semejantes a los postes del vallado del encierro, de forma que se integra visualmente con esa parte del parte del vallado de San Ferm\u00edn que permanece durante todo el a\u00f1o en los corrales. Esa estructura, junto con el resto de elementos de cerramiento de la carrera que se mantienen todo el a\u00f1o, ofrece a los turistas la posibilidad de fotografiarse con un elemento representativo de las fiestas.<\/p>\n<p>Este nuevo elemento se integra, adem\u00e1s, en el conjunto amurallado de Pamplona gracias a la rehabilitaci\u00f3n integral del espacio que lo alberga: el Baluarte de Parma y su Baluarte Bajo. A ello se vendr\u00e1n a sumar los trabajos ya en marcha para convertir este a\u00f1o el espacio del cuerpo de guardia en un centro tem\u00e1tico de interpretaci\u00f3n de los Sanfermines. El futuro centro de experiencias San Ferm\u00edn 365 se est\u00e1 restaurando a trav\u00e9s de Plan de Recuperaci\u00f3n, Transformaci\u00f3n y Resiliencia financiado por la Uni\u00f3n Europea a trav\u00e9s de los fondos Next Generation.<br \/>\n<script async src=\"\/\/pagead2.googlesyndication.com\/pagead\/js\/adsbygoogle.js\"><\/script><br \/>\n<!-- Noticias La Guia de Pamplona --><br \/>\n<ins class=\"adsbygoogle\"\nstyle=\"display:block\"\ndata-ad-client=\"ca-pub-6943679897239327\"\ndata-ad-slot=\"7048180777\"\ndata-ad-format=\"auto\"><\/ins><br \/>\n<script>\n(adsbygoogle = window.adsbygoogle || []).push({});\n<\/script><\/p>\n<p>Hoy estos cinco toros se a\u00f1aden a un censo de iniciativas municipales en apoyo a la desestacionalizaci\u00f3n de la fiesta que se han ido tomando a lo largo del tiempo, desde mantener de forma permanente parte del vallado montado a colocar una efigie del santo en la hornacina de la cuesta o la oferta durante todo el a\u00f1o de itinerarios tur\u00edsticos tem\u00e1ticos y visitas guiadas. Tambi\u00e9n se enmarca en ese trabajo la producci\u00f3n de audiogu\u00edas accesibles sobre el Encierro, la Comparsa de Gigantes y Cabezudos o la Capilla de San Ferm\u00edn, el mantenimiento de se\u00f1alizaci\u00f3n espec\u00edfica o la colocaci\u00f3n en todo el recorrido de pictogramas destinados a personas autistas en colaboraci\u00f3n con la Asociaci\u00f3n Navarra de Autismo (ANA).<\/p>\n<p>De los m\u00e1s de 76.400 visitantes que pasaron por la oficina de turismo de la plaza Consistorial en 2022 solo un 12,3% lo hicieron durante el mes de julio.<\/p>\n","protected":false},"excerpt":{"rendered":"<p>El elemento escult\u00f3rico, un perfil realizado a escala real, se a\u00f1ade al resto de elementos que buscan desestacionalizar las fiestas de la ciudad<\/p>\n","protected":false},"author":1,"featured_media":42645,"comment_status":"open","ping_status":"closed","sticky":false,"template":"","format":"standard","meta":{"footnotes":""},"categories":[2],"tags":[],"class_list":["post-42644","post","type-post","status-publish","format-standard","has-post-thumbnail","hentry","category-ayuntamiento-pamplona"],"yoast_head":"<!-- This site is optimized with the Yoast SEO plugin v27.3 - https:\/\/yoast.com\/product\/yoast-seo-wordpress\/ -->\n<title>Cinco toros met\u00e1licos dormir\u00e1n 357 noches del a\u00f1o en los corrales de Santo Domingo<\/title>\n<meta name=\"description\" content=\"El elemento escult\u00f3rico, un perfil realizado a escala real, se a\u00f1ade al resto de elementos que buscan desestacionalizar las fiestas de la ciudad\" \/>\n<meta name=\"robots\" content=\"index, follow, max-snippet:-1, max-image-preview:large, max-video-preview:-1\" \/>\n<link rel=\"canonical\" href=\"https:\/\/www.laguiadepamplona.com\/actualidad\/cinco-toros-metalicos-dormiran-357-noches-del-ano-en-los-corrales-de-santo-domingo\/\" \/>\n<meta property=\"og:locale\" content=\"es_ES\" \/>\n<meta property=\"og:type\" content=\"article\" \/>\n<meta property=\"og:title\" content=\"Cinco toros met\u00e1licos dormir\u00e1n 357 noches del a\u00f1o en los corrales de Santo Domingo\" \/>\n<meta property=\"og:description\" content=\"El elemento escult\u00f3rico, un perfil realizado a escala real, se a\u00f1ade al resto de elementos que buscan desestacionalizar las fiestas de la ciudad\" \/>\n<meta property=\"og:url\" content=\"https:\/\/www.laguiadepamplona.com\/actualidad\/cinco-toros-metalicos-dormiran-357-noches-del-ano-en-los-corrales-de-santo-domingo\/\" \/>\n<meta property=\"og:site_name\" content=\"La Gu\u00eda de Pamplona\" \/>\n<meta property=\"article:publisher\" content=\"https:\/\/www.facebook.com\/laguiadepamplonacom-133175176762273\/?ref=hl\" \/>\n<meta property=\"article:published_time\" content=\"2023-01-20T18:47:26+00:00\" \/>\n<meta property=\"article:modified_time\" content=\"2023-04-11T09:47:22+00:00\" \/>\n<meta property=\"og:image\" content=\"https:\/\/www.laguiadepamplona.com\/actualidad\/wp-content\/uploads\/2023\/01\/perfiltoroscescultcorralillosee5a6860_0.webp\" \/>\n\t<meta property=\"og:image:width\" content=\"1920\" \/>\n\t<meta property=\"og:image:height\" content=\"1280\" \/>\n\t<meta property=\"og:image:type\" content=\"image\/webp\" \/>\n<meta name=\"author\" content=\"La Gu\u00eda de Pamplona\" \/>\n<meta name=\"twitter:card\" content=\"summary_large_image\" \/>\n<meta name=\"twitter:creator\" content=\"@LaGuiadPamplona\" \/>\n<meta name=\"twitter:site\" content=\"@LaGuiadPamplona\" \/>\n<meta name=\"twitter:label1\" content=\"Escrito por\" \/>\n\t<meta name=\"twitter:data1\" content=\"La Gu\u00eda de Pamplona\" \/>\n\t<meta name=\"twitter:label2\" content=\"Tiempo de lectura\" \/>\n\t<meta name=\"twitter:data2\" content=\"3 minutos\" \/>\n<script type=\"application\/ld+json\" class=\"yoast-schema-graph\">{\"@context\":\"https:\\\/\\\/schema.org\",\"@graph\":[{\"@type\":\"Article\",\"@id\":\"https:\\\/\\\/www.laguiadepamplona.com\\\/actualidad\\\/cinco-toros-metalicos-dormiran-357-noches-del-ano-en-los-corrales-de-santo-domingo\\\/#article\",\"isPartOf\":{\"@id\":\"https:\\\/\\\/www.laguiadepamplona.com\\\/actualidad\\\/cinco-toros-metalicos-dormiran-357-noches-del-ano-en-los-corrales-de-santo-domingo\\\/\"},\"author\":{\"name\":\"La Gu\u00eda de Pamplona\",\"@id\":\"https:\\\/\\\/www.laguiadepamplona.com\\\/actualidad\\\/#\\\/schema\\\/person\\\/efe887376f0213d4657c93adc50b1fdb\"},\"headline\":\"Cinco toros met\u00e1licos dormir\u00e1n 357 noches del a\u00f1o en los corrales de Santo Domingo\",\"datePublished\":\"2023-01-20T18:47:26+00:00\",\"dateModified\":\"2023-04-11T09:47:22+00:00\",\"mainEntityOfPage\":{\"@id\":\"https:\\\/\\\/www.laguiadepamplona.com\\\/actualidad\\\/cinco-toros-metalicos-dormiran-357-noches-del-ano-en-los-corrales-de-santo-domingo\\\/\"},\"wordCount\":630,\"commentCount\":0,\"publisher\":{\"@id\":\"https:\\\/\\\/www.laguiadepamplona.com\\\/actualidad\\\/#organization\"},\"image\":{\"@id\":\"https:\\\/\\\/www.laguiadepamplona.com\\\/actualidad\\\/cinco-toros-metalicos-dormiran-357-noches-del-ano-en-los-corrales-de-santo-domingo\\\/#primaryimage\"},\"thumbnailUrl\":\"https:\\\/\\\/www.laguiadepamplona.com\\\/actualidad\\\/wp-content\\\/uploads\\\/2023\\\/01\\\/perfiltoroscescultcorralillosee5a6860_0.webp\",\"articleSection\":[\"Ayto Pamplona\"],\"inLanguage\":\"es\",\"potentialAction\":[{\"@type\":\"CommentAction\",\"name\":\"Comment\",\"target\":[\"https:\\\/\\\/www.laguiadepamplona.com\\\/actualidad\\\/cinco-toros-metalicos-dormiran-357-noches-del-ano-en-los-corrales-de-santo-domingo\\\/#respond\"]}]},{\"@type\":\"WebPage\",\"@id\":\"https:\\\/\\\/www.laguiadepamplona.com\\\/actualidad\\\/cinco-toros-metalicos-dormiran-357-noches-del-ano-en-los-corrales-de-santo-domingo\\\/\",\"url\":\"https:\\\/\\\/www.laguiadepamplona.com\\\/actualidad\\\/cinco-toros-metalicos-dormiran-357-noches-del-ano-en-los-corrales-de-santo-domingo\\\/\",\"name\":\"Cinco toros met\u00e1licos dormir\u00e1n 357 noches del a\u00f1o en los corrales de Santo Domingo\",\"isPartOf\":{\"@id\":\"https:\\\/\\\/www.laguiadepamplona.com\\\/actualidad\\\/#website\"},\"primaryImageOfPage\":{\"@id\":\"https:\\\/\\\/www.laguiadepamplona.com\\\/actualidad\\\/cinco-toros-metalicos-dormiran-357-noches-del-ano-en-los-corrales-de-santo-domingo\\\/#primaryimage\"},\"image\":{\"@id\":\"https:\\\/\\\/www.laguiadepamplona.com\\\/actualidad\\\/cinco-toros-metalicos-dormiran-357-noches-del-ano-en-los-corrales-de-santo-domingo\\\/#primaryimage\"},\"thumbnailUrl\":\"https:\\\/\\\/www.laguiadepamplona.com\\\/actualidad\\\/wp-content\\\/uploads\\\/2023\\\/01\\\/perfiltoroscescultcorralillosee5a6860_0.webp\",\"datePublished\":\"2023-01-20T18:47:26+00:00\",\"dateModified\":\"2023-04-11T09:47:22+00:00\",\"description\":\"El elemento escult\u00f3rico, un perfil realizado a escala real, se a\u00f1ade al resto de elementos que buscan desestacionalizar las fiestas de la ciudad\",\"breadcrumb\":{\"@id\":\"https:\\\/\\\/www.laguiadepamplona.com\\\/actualidad\\\/cinco-toros-metalicos-dormiran-357-noches-del-ano-en-los-corrales-de-santo-domingo\\\/#breadcrumb\"},\"inLanguage\":\"es\",\"potentialAction\":[{\"@type\":\"ReadAction\",\"target\":[\"https:\\\/\\\/www.laguiadepamplona.com\\\/actualidad\\\/cinco-toros-metalicos-dormiran-357-noches-del-ano-en-los-corrales-de-santo-domingo\\\/\"]}]},{\"@type\":\"ImageObject\",\"inLanguage\":\"es\",\"@id\":\"https:\\\/\\\/www.laguiadepamplona.com\\\/actualidad\\\/cinco-toros-metalicos-dormiran-357-noches-del-ano-en-los-corrales-de-santo-domingo\\\/#primaryimage\",\"url\":\"https:\\\/\\\/www.laguiadepamplona.com\\\/actualidad\\\/wp-content\\\/uploads\\\/2023\\\/01\\\/perfiltoroscescultcorralillosee5a6860_0.webp\",\"contentUrl\":\"https:\\\/\\\/www.laguiadepamplona.com\\\/actualidad\\\/wp-content\\\/uploads\\\/2023\\\/01\\\/perfiltoroscescultcorralillosee5a6860_0.webp\",\"width\":1920,\"height\":1280},{\"@type\":\"BreadcrumbList\",\"@id\":\"https:\\\/\\\/www.laguiadepamplona.com\\\/actualidad\\\/cinco-toros-metalicos-dormiran-357-noches-del-ano-en-los-corrales-de-santo-domingo\\\/#breadcrumb\",\"itemListElement\":[{\"@type\":\"ListItem\",\"position\":1,\"name\":\"Portada\",\"item\":\"https:\\\/\\\/www.laguiadepamplona.com\\\/actualidad\\\/\"},{\"@type\":\"ListItem\",\"position\":2,\"name\":\"Cinco toros met\u00e1licos dormir\u00e1n 357 noches del a\u00f1o en los corrales de Santo Domingo\"}]},{\"@type\":\"WebSite\",\"@id\":\"https:\\\/\\\/www.laguiadepamplona.com\\\/actualidad\\\/#website\",\"url\":\"https:\\\/\\\/www.laguiadepamplona.com\\\/actualidad\\\/\",\"name\":\"La gu\u00eda de Pamplona\",\"description\":\"Noticias de Pamplona\",\"publisher\":{\"@id\":\"https:\\\/\\\/www.laguiadepamplona.com\\\/actualidad\\\/#organization\"},\"potentialAction\":[{\"@type\":\"SearchAction\",\"target\":{\"@type\":\"EntryPoint\",\"urlTemplate\":\"https:\\\/\\\/www.laguiadepamplona.com\\\/actualidad\\\/?s={search_term_string}\"},\"query-input\":{\"@type\":\"PropertyValueSpecification\",\"valueRequired\":true,\"valueName\":\"search_term_string\"}}],\"inLanguage\":\"es\"},{\"@type\":\"Organization\",\"@id\":\"https:\\\/\\\/www.laguiadepamplona.com\\\/actualidad\\\/#organization\",\"name\":\"La Gu\u00eda de Pamplona \\\/ Noticias\",\"url\":\"https:\\\/\\\/www.laguiadepamplona.com\\\/actualidad\\\/\",\"logo\":{\"@type\":\"ImageObject\",\"inLanguage\":\"es\",\"@id\":\"https:\\\/\\\/www.laguiadepamplona.com\\\/actualidad\\\/#\\\/schema\\\/logo\\\/image\\\/\",\"url\":\"https:\\\/\\\/www.laguiadepamplona.com\\\/actualidad\\\/wp-content\\\/uploads\\\/2018\\\/11\\\/logo-laguiadepamplona18-web1.png\",\"contentUrl\":\"https:\\\/\\\/www.laguiadepamplona.com\\\/actualidad\\\/wp-content\\\/uploads\\\/2018\\\/11\\\/logo-laguiadepamplona18-web1.png\",\"width\":600,\"height\":196,\"caption\":\"La Gu\u00eda de Pamplona \\\/ Noticias\"},\"image\":{\"@id\":\"https:\\\/\\\/www.laguiadepamplona.com\\\/actualidad\\\/#\\\/schema\\\/logo\\\/image\\\/\"},\"sameAs\":[\"https:\\\/\\\/www.facebook.com\\\/laguiadepamplonacom-133175176762273\\\/?ref=hl\",\"https:\\\/\\\/x.com\\\/LaGuiadPamplona\",\"https:\\\/\\\/www.instagram.com\\\/la_guia_de_pamplona\\\/\",\"https:\\\/\\\/www.youtube.com\\\/user\\\/laguiadepamplona\"]},{\"@type\":\"Person\",\"@id\":\"https:\\\/\\\/www.laguiadepamplona.com\\\/actualidad\\\/#\\\/schema\\\/person\\\/efe887376f0213d4657c93adc50b1fdb\",\"name\":\"La Gu\u00eda de Pamplona\",\"image\":{\"@type\":\"ImageObject\",\"inLanguage\":\"es\",\"@id\":\"https:\\\/\\\/secure.gravatar.com\\\/avatar\\\/b6992f131dc8d30ab0dff15446e9d346d9dbd95992de0fef795073f5ea83a81c?s=96&d=mm&r=g\",\"url\":\"https:\\\/\\\/secure.gravatar.com\\\/avatar\\\/b6992f131dc8d30ab0dff15446e9d346d9dbd95992de0fef795073f5ea83a81c?s=96&d=mm&r=g\",\"contentUrl\":\"https:\\\/\\\/secure.gravatar.com\\\/avatar\\\/b6992f131dc8d30ab0dff15446e9d346d9dbd95992de0fef795073f5ea83a81c?s=96&d=mm&r=g\",\"caption\":\"La Gu\u00eda de Pamplona\"}}]}<\/script>\n<!-- \/ Yoast SEO plugin. -->","yoast_head_json":{"title":"Cinco toros met\u00e1licos dormir\u00e1n 357 noches del a\u00f1o en los corrales de Santo Domingo","description":"El elemento escult\u00f3rico, un perfil realizado a escala real, se a\u00f1ade al resto de elementos que buscan desestacionalizar las fiestas de la ciudad","robots":{"index":"index","follow":"follow","max-snippet":"max-snippet:-1","max-image-preview":"max-image-preview:large","max-video-preview":"max-video-preview:-1"},"canonical":"https:\/\/www.laguiadepamplona.com\/actualidad\/cinco-toros-metalicos-dormiran-357-noches-del-ano-en-los-corrales-de-santo-domingo\/","og_locale":"es_ES","og_type":"article","og_title":"Cinco toros met\u00e1licos dormir\u00e1n 357 noches del a\u00f1o en los corrales de Santo Domingo","og_description":"El elemento escult\u00f3rico, un perfil realizado a escala real, se a\u00f1ade al resto de elementos que buscan desestacionalizar las fiestas de la ciudad","og_url":"https:\/\/www.laguiadepamplona.com\/actualidad\/cinco-toros-metalicos-dormiran-357-noches-del-ano-en-los-corrales-de-santo-domingo\/","og_site_name":"La Gu\u00eda de Pamplona","article_publisher":"https:\/\/www.facebook.com\/laguiadepamplonacom-133175176762273\/?ref=hl","article_published_time":"2023-01-20T18:47:26+00:00","article_modified_time":"2023-04-11T09:47:22+00:00","og_image":[{"width":1920,"height":1280,"url":"https:\/\/www.laguiadepamplona.com\/actualidad\/wp-content\/uploads\/2023\/01\/perfiltoroscescultcorralillosee5a6860_0.webp","type":"image\/webp"}],"author":"La Gu\u00eda de Pamplona","twitter_card":"summary_large_image","twitter_creator":"@LaGuiadPamplona","twitter_site":"@LaGuiadPamplona","twitter_misc":{"Escrito por":"La Gu\u00eda de Pamplona","Tiempo de lectura":"3 minutos"},"schema":{"@context":"https:\/\/schema.org","@graph":[{"@type":"Article","@id":"https:\/\/www.laguiadepamplona.com\/actualidad\/cinco-toros-metalicos-dormiran-357-noches-del-ano-en-los-corrales-de-santo-domingo\/#article","isPartOf":{"@id":"https:\/\/www.laguiadepamplona.com\/actualidad\/cinco-toros-metalicos-dormiran-357-noches-del-ano-en-los-corrales-de-santo-domingo\/"},"author":{"name":"La Gu\u00eda de Pamplona","@id":"https:\/\/www.laguiadepamplona.com\/actualidad\/#\/schema\/person\/efe887376f0213d4657c93adc50b1fdb"},"headline":"Cinco toros met\u00e1licos dormir\u00e1n 357 noches del a\u00f1o en los corrales de Santo Domingo","datePublished":"2023-01-20T18:47:26+00:00","dateModified":"2023-04-11T09:47:22+00:00","mainEntityOfPage":{"@id":"https:\/\/www.laguiadepamplona.com\/actualidad\/cinco-toros-metalicos-dormiran-357-noches-del-ano-en-los-corrales-de-santo-domingo\/"},"wordCount":630,"commentCount":0,"publisher":{"@id":"https:\/\/www.laguiadepamplona.com\/actualidad\/#organization"},"image":{"@id":"https:\/\/www.laguiadepamplona.com\/actualidad\/cinco-toros-metalicos-dormiran-357-noches-del-ano-en-los-corrales-de-santo-domingo\/#primaryimage"},"thumbnailUrl":"https:\/\/www.laguiadepamplona.com\/actualidad\/wp-content\/uploads\/2023\/01\/perfiltoroscescultcorralillosee5a6860_0.webp","articleSection":["Ayto Pamplona"],"inLanguage":"es","potentialAction":[{"@type":"CommentAction","name":"Comment","target":["https:\/\/www.laguiadepamplona.com\/actualidad\/cinco-toros-metalicos-dormiran-357-noches-del-ano-en-los-corrales-de-santo-domingo\/#respond"]}]},{"@type":"WebPage","@id":"https:\/\/www.laguiadepamplona.com\/actualidad\/cinco-toros-metalicos-dormiran-357-noches-del-ano-en-los-corrales-de-santo-domingo\/","url":"https:\/\/www.laguiadepamplona.com\/actualidad\/cinco-toros-metalicos-dormiran-357-noches-del-ano-en-los-corrales-de-santo-domingo\/","name":"Cinco toros met\u00e1licos dormir\u00e1n 357 noches del a\u00f1o en los corrales de Santo Domingo","isPartOf":{"@id":"https:\/\/www.laguiadepamplona.com\/actualidad\/#website"},"primaryImageOfPage":{"@id":"https:\/\/www.laguiadepamplona.com\/actualidad\/cinco-toros-metalicos-dormiran-357-noches-del-ano-en-los-corrales-de-santo-domingo\/#primaryimage"},"image":{"@id":"https:\/\/www.laguiadepamplona.com\/actualidad\/cinco-toros-metalicos-dormiran-357-noches-del-ano-en-los-corrales-de-santo-domingo\/#primaryimage"},"thumbnailUrl":"https:\/\/www.laguiadepamplona.com\/actualidad\/wp-content\/uploads\/2023\/01\/perfiltoroscescultcorralillosee5a6860_0.webp","datePublished":"2023-01-20T18:47:26+00:00","dateModified":"2023-04-11T09:47:22+00:00","description":"El elemento escult\u00f3rico, un perfil realizado a escala real, se a\u00f1ade al resto de elementos que buscan desestacionalizar las fiestas de la ciudad","breadcrumb":{"@id":"https:\/\/www.laguiadepamplona.com\/actualidad\/cinco-toros-metalicos-dormiran-357-noches-del-ano-en-los-corrales-de-santo-domingo\/#breadcrumb"},"inLanguage":"es","potentialAction":[{"@type":"ReadAction","target":["https:\/\/www.laguiadepamplona.com\/actualidad\/cinco-toros-metalicos-dormiran-357-noches-del-ano-en-los-corrales-de-santo-domingo\/"]}]},{"@type":"ImageObject","inLanguage":"es","@id":"https:\/\/www.laguiadepamplona.com\/actualidad\/cinco-toros-metalicos-dormiran-357-noches-del-ano-en-los-corrales-de-santo-domingo\/#primaryimage","url":"https:\/\/www.laguiadepamplona.com\/actualidad\/wp-content\/uploads\/2023\/01\/perfiltoroscescultcorralillosee5a6860_0.webp","contentUrl":"https:\/\/www.laguiadepamplona.com\/actualidad\/wp-content\/uploads\/2023\/01\/perfiltoroscescultcorralillosee5a6860_0.webp","width":1920,"height":1280},{"@type":"BreadcrumbList","@id":"https:\/\/www.laguiadepamplona.com\/actualidad\/cinco-toros-metalicos-dormiran-357-noches-del-ano-en-los-corrales-de-santo-domingo\/#breadcrumb","itemListElement":[{"@type":"ListItem","position":1,"name":"Portada","item":"https:\/\/www.laguiadepamplona.com\/actualidad\/"},{"@type":"ListItem","position":2,"name":"Cinco toros met\u00e1licos dormir\u00e1n 357 noches del a\u00f1o en los corrales de Santo Domingo"}]},{"@type":"WebSite","@id":"https:\/\/www.laguiadepamplona.com\/actualidad\/#website","url":"https:\/\/www.laguiadepamplona.com\/actualidad\/","name":"La gu\u00eda de Pamplona","description":"Noticias de Pamplona","publisher":{"@id":"https:\/\/www.laguiadepamplona.com\/actualidad\/#organization"},"potentialAction":[{"@type":"SearchAction","target":{"@type":"EntryPoint","urlTemplate":"https:\/\/www.laguiadepamplona.com\/actualidad\/?s={search_term_string}"},"query-input":{"@type":"PropertyValueSpecification","valueRequired":true,"valueName":"search_term_string"}}],"inLanguage":"es"},{"@type":"Organization","@id":"https:\/\/www.laguiadepamplona.com\/actualidad\/#organization","name":"La Gu\u00eda de Pamplona \/ Noticias","url":"https:\/\/www.laguiadepamplona.com\/actualidad\/","logo":{"@type":"ImageObject","inLanguage":"es","@id":"https:\/\/www.laguiadepamplona.com\/actualidad\/#\/schema\/logo\/image\/","url":"https:\/\/www.laguiadepamplona.com\/actualidad\/wp-content\/uploads\/2018\/11\/logo-laguiadepamplona18-web1.png","contentUrl":"https:\/\/www.laguiadepamplona.com\/actualidad\/wp-content\/uploads\/2018\/11\/logo-laguiadepamplona18-web1.png","width":600,"height":196,"caption":"La Gu\u00eda de Pamplona \/ Noticias"},"image":{"@id":"https:\/\/www.laguiadepamplona.com\/actualidad\/#\/schema\/logo\/image\/"},"sameAs":["https:\/\/www.facebook.com\/laguiadepamplonacom-133175176762273\/?ref=hl","https:\/\/x.com\/LaGuiadPamplona","https:\/\/www.instagram.com\/la_guia_de_pamplona\/","https:\/\/www.youtube.com\/user\/laguiadepamplona"]},{"@type":"Person","@id":"https:\/\/www.laguiadepamplona.com\/actualidad\/#\/schema\/person\/efe887376f0213d4657c93adc50b1fdb","name":"La Gu\u00eda de Pamplona","image":{"@type":"ImageObject","inLanguage":"es","@id":"https:\/\/secure.gravatar.com\/avatar\/b6992f131dc8d30ab0dff15446e9d346d9dbd95992de0fef795073f5ea83a81c?s=96&d=mm&r=g","url":"https:\/\/secure.gravatar.com\/avatar\/b6992f131dc8d30ab0dff15446e9d346d9dbd95992de0fef795073f5ea83a81c?s=96&d=mm&r=g","contentUrl":"https:\/\/secure.gravatar.com\/avatar\/b6992f131dc8d30ab0dff15446e9d346d9dbd95992de0fef795073f5ea83a81c?s=96&d=mm&r=g","caption":"La Gu\u00eda de Pamplona"}}]}},"post_mailing_queue_ids":[],"_links":{"self":[{"href":"https:\/\/www.laguiadepamplona.com\/actualidad\/wp-json\/wp\/v2\/posts\/42644","targetHints":{"allow":["GET"]}}],"collection":[{"href":"https:\/\/www.laguiadepamplona.com\/actualidad\/wp-json\/wp\/v2\/posts"}],"about":[{"href":"https:\/\/www.laguiadepamplona.com\/actualidad\/wp-json\/wp\/v2\/types\/post"}],"author":[{"embeddable":true,"href":"https:\/\/www.laguiadepamplona.com\/actualidad\/wp-json\/wp\/v2\/users\/1"}],"replies":[{"embeddable":true,"href":"https:\/\/www.laguiadepamplona.com\/actualidad\/wp-json\/wp\/v2\/comments?post=42644"}],"version-history":[{"count":0,"href":"https:\/\/www.laguiadepamplona.com\/actualidad\/wp-json\/wp\/v2\/posts\/42644\/revisions"}],"wp:featuredmedia":[{"embeddable":true,"href":"https:\/\/www.laguiadepamplona.com\/actualidad\/wp-json\/wp\/v2\/media\/42645"}],"wp:attachment":[{"href":"https:\/\/www.laguiadepamplona.com\/actualidad\/wp-json\/wp\/v2\/media?parent=42644"}],"wp:term":[{"taxonomy":"category","embeddable":true,"href":"https:\/\/www.laguiadepamplona.com\/actualidad\/wp-json\/wp\/v2\/categories?post=42644"},{"taxonomy":"post_tag","embeddable":true,"href":"https:\/\/www.laguiadepamplona.com\/actualidad\/wp-json\/wp\/v2\/tags?post=42644"}],"curies":[{"name":"wp","href":"https:\/\/api.w.org\/{rel}","templated":true}]}}