{"id":42641,"date":"2023-01-20T20:45:50","date_gmt":"2023-01-20T18:45:50","guid":{"rendered":"https:\/\/www.laguiadepamplona.com\/actualidad\/?p=42641"},"modified":"2023-04-11T11:47:22","modified_gmt":"2023-04-11T09:47:22","slug":"el-ayuntamiento-de-pamplona-lanza-la-tercera-edicion-del-curso-de-emprendimiento-musical","status":"publish","type":"post","link":"https:\/\/www.laguiadepamplona.com\/actualidad\/el-ayuntamiento-de-pamplona-lanza-la-tercera-edicion-del-curso-de-emprendimiento-musical\/","title":{"rendered":"El Ayuntamiento de Pamplona lanza la tercera edici\u00f3n del Curso de emprendimiento musical"},"content":{"rendered":"<h5>Dirigido a j\u00f3venes de 14 a 30 a\u00f1os, ense\u00f1a c\u00f3mo editar un disco, organizar una gira o fomentar acciones de promoci\u00f3n dentro de la industria<\/h5>\n<p><!--more--><\/p>\n<p>El Ayuntamiento de Pamplona, a trav\u00e9s de la unidad de juventud, ha abierto el plazo de inscripci\u00f3n para el tercer Curso de emprendimiento musical. Este curso, dentro de la estrategia de apoyo a los grupos de m\u00fasica locales, permitir\u00e1 conocer aspectos relevantes de la industria musical, como los primeros pasos para editar un disco y organizar una gira en salas, c\u00f3mo promocionarse y tomar parte en festivales, c\u00f3mo gestionar los derechos de autor, etc\u00e9tera. El contenido puede adaptarse en funci\u00f3n de la experiencia de los participantes.<\/p>\n<p>Las 20 horas del curso, se dividen en diez sesiones de dos horas, los martes, de 18 a 20 horas, del 31 de enero al 4 de abril, en la Casa de la Juventud. Las inscripciones se realizan en la propia Casa el lunes 23 y martes 24, y las 15 plazas disponibles se adjudican por orden de inscripci\u00f3n, tras el abono de 20 euros como cuota de inscripci\u00f3n y participaci\u00f3n en el curso. Se crear\u00e1 una lista de espera si hay m\u00e1s personas interesadas e incluso se podr\u00eda valorar una nueva edici\u00f3n para acoger a estas personas. El curso se dirige a j\u00f3venes de entre 14 y 30 a\u00f1os.<br \/>\n<script async src=\"\/\/pagead2.googlesyndication.com\/pagead\/js\/adsbygoogle.js\"><\/script><br \/>\n<!-- Noticias La Guia de Pamplona --><br \/>\n<ins class=\"adsbygoogle\"\nstyle=\"display:block\"\ndata-ad-client=\"ca-pub-6943679897239327\"\ndata-ad-slot=\"7048180777\"\ndata-ad-format=\"auto\"><\/ins><br \/>\n<script>\n(adsbygoogle = window.adsbygoogle || []).push({});\n<\/script><\/p>\n<p>El dinamizador del curso ser\u00e1 Ferm\u00edn Lorente Doria, agente de artistas para Primavera Labels (Primavera Sound \u2013 Barcelona), asistente de contrataci\u00f3n y comunicaci\u00f3n para Phonica Records (Londres), programador para el Ayuntamiento de Pamplona y director del sello discogr\u00e1fico y agencia de contrataci\u00f3n Farmway Records. Con este bagaje, este profesional plantea abordar el ciclo completo de creaci\u00f3n de un \u00e1lbum, hasta su distribuci\u00f3n, pasando por las grabaciones, la edici\u00f3n y c\u00f3mo organizar el orden de temas.<\/p>\n<p>Una vez terminado el ciclo, se estudiar\u00e1 c\u00f3mo promocionar una banda y las distintas campa\u00f1as para llegar a la audiencia, principalmente a trav\u00e9s de las redes sociales. De cara a posibles conciertos o giras, se analizar\u00e1n los recursos gratuitos para montar una gira y aspectos t\u00e9cnicos y legales. Tambi\u00e9n tendr\u00e1n cabida los actores de la industria: artistas, salas, festivales, instituciones, discogr\u00e1ficas y agencias de contrataci\u00f3n, y sus respectivas funciones, as\u00ed como las ayudas p\u00fablicas para la creaci\u00f3n, edici\u00f3n, difusi\u00f3n y giras.<\/p>\n<p>Por \u00faltimo, se prev\u00e9 profundizar en c\u00f3mo funcionan los ciclos art\u00edsticos y en factores diferenciales que hacen especial a un artista, Dj o una banda, as\u00ed como la importancia de la imagen y de las relaciones con los sellos discogr\u00e1ficos. Se dise\u00f1ar\u00e1 una campa\u00f1a de promoci\u00f3n virtual, con un plan de desarrollo de la banda o artista, con objetivos marcados a corto y largo plazo. Todo ello en el marco de las nuevas tendencias y referencias, tanto nacionales como internacionales, y con la perspectiva hist\u00f3rica de la trayectoria de bandas y estilos.<\/p>\n<p><strong>Apoyo a los grupos locales<\/strong><\/p>\n<p>La tercera edici\u00f3n del curso da continuidad a las dos anteriores, realizadas en los a\u00f1os 2020 y 2021, que contaron con una docena de participantes cada una. Entre estas personas estaban miembros de la bolsa de grupos de la Casa de la Juventud, personas que solicitaban bonos de ensayo y beneficiarias despu\u00e9s de la subvenci\u00f3n de bonos de ensayo.<br \/>\n<script async src=\"\/\/pagead2.googlesyndication.com\/pagead\/js\/adsbygoogle.js\"><\/script><br \/>\n<!-- Noticias La Guia de Pamplona --><br \/>\n<ins class=\"adsbygoogle\"\nstyle=\"display:block\"\ndata-ad-client=\"ca-pub-6943679897239327\"\ndata-ad-slot=\"7048180777\"\ndata-ad-format=\"auto\"><\/ins><br \/>\n<script>\n(adsbygoogle = window.adsbygoogle || []).push({});\n<\/script><\/p>\n<p>&nbsp;<\/p>\n<h3>Curso de Emprendimiento Musical<\/h3>\n<ul>\n<li>Dirigido a j\u00f3venes de 14 a 30 a\u00f1os<\/li>\n<li>Duraci\u00f3n: 20 horas. Martes, de 18 a 20 horas. Del 31 de enero al 4 de abril<\/li>\n<li>Inscripciones: Casa de la Juventud. 23 y 24 de enero<\/li>\n<li>Precio: 20 euros<\/li>\n<li>Plazas: 15<\/li>\n<li>Dinamizador: Ferm\u00edn Lorente Doria<\/li>\n<\/ul>\n","protected":false},"excerpt":{"rendered":"<p>Dirigido a j\u00f3venes de 14 a 30 a\u00f1os, ense\u00f1a c\u00f3mo editar un disco, organizar una gira o fomentar acciones de promoci\u00f3n dentro de la industria<\/p>\n","protected":false},"author":1,"featured_media":42642,"comment_status":"open","ping_status":"closed","sticky":false,"template":"","format":"standard","meta":{"footnotes":""},"categories":[2],"tags":[],"class_list":["post-42641","post","type-post","status-publish","format-standard","has-post-thumbnail","hentry","category-ayuntamiento-pamplona"],"yoast_head":"<!-- This site is optimized with the Yoast SEO plugin v27.3 - https:\/\/yoast.com\/product\/yoast-seo-wordpress\/ -->\n<title>El Ayuntamiento de Pamplona lanza la tercera edici\u00f3n del Curso de emprendimiento musical<\/title>\n<meta name=\"description\" content=\"Dirigido a j\u00f3venes de 14 a 30 a\u00f1os, ense\u00f1a c\u00f3mo editar un disco, organizar una gira o fomentar acciones de promoci\u00f3n dentro de la industria\" \/>\n<meta name=\"robots\" content=\"index, follow, max-snippet:-1, max-image-preview:large, max-video-preview:-1\" \/>\n<link rel=\"canonical\" href=\"https:\/\/www.laguiadepamplona.com\/actualidad\/el-ayuntamiento-de-pamplona-lanza-la-tercera-edicion-del-curso-de-emprendimiento-musical\/\" \/>\n<meta property=\"og:locale\" content=\"es_ES\" \/>\n<meta property=\"og:type\" content=\"article\" \/>\n<meta property=\"og:title\" content=\"El Ayuntamiento de Pamplona lanza la tercera edici\u00f3n del Curso de emprendimiento musical\" \/>\n<meta property=\"og:description\" content=\"Dirigido a j\u00f3venes de 14 a 30 a\u00f1os, ense\u00f1a c\u00f3mo editar un disco, organizar una gira o fomentar acciones de promoci\u00f3n dentro de la industria\" \/>\n<meta property=\"og:url\" content=\"https:\/\/www.laguiadepamplona.com\/actualidad\/el-ayuntamiento-de-pamplona-lanza-la-tercera-edicion-del-curso-de-emprendimiento-musical\/\" \/>\n<meta property=\"og:site_name\" content=\"La Gu\u00eda de Pamplona\" \/>\n<meta property=\"article:publisher\" content=\"https:\/\/www.facebook.com\/laguiadepamplonacom-133175176762273\/?ref=hl\" \/>\n<meta property=\"article:published_time\" content=\"2023-01-20T18:45:50+00:00\" \/>\n<meta property=\"article:modified_time\" content=\"2023-04-11T09:47:22+00:00\" \/>\n<meta property=\"og:image\" content=\"https:\/\/www.laguiadepamplona.com\/actualidad\/wp-content\/uploads\/2023\/01\/Curso-emprendimiento-musical-cast.webp\" \/>\n\t<meta property=\"og:image:width\" content=\"1343\" \/>\n\t<meta property=\"og:image:height\" content=\"1900\" \/>\n\t<meta property=\"og:image:type\" content=\"image\/webp\" \/>\n<meta name=\"author\" content=\"La Gu\u00eda de Pamplona\" \/>\n<meta name=\"twitter:card\" content=\"summary_large_image\" \/>\n<meta name=\"twitter:creator\" content=\"@LaGuiadPamplona\" \/>\n<meta name=\"twitter:site\" content=\"@LaGuiadPamplona\" \/>\n<meta name=\"twitter:label1\" content=\"Escrito por\" \/>\n\t<meta name=\"twitter:data1\" content=\"La Gu\u00eda de Pamplona\" \/>\n\t<meta name=\"twitter:label2\" content=\"Tiempo de lectura\" \/>\n\t<meta name=\"twitter:data2\" content=\"3 minutos\" \/>\n<script type=\"application\/ld+json\" class=\"yoast-schema-graph\">{\"@context\":\"https:\\\/\\\/schema.org\",\"@graph\":[{\"@type\":\"Article\",\"@id\":\"https:\\\/\\\/www.laguiadepamplona.com\\\/actualidad\\\/el-ayuntamiento-de-pamplona-lanza-la-tercera-edicion-del-curso-de-emprendimiento-musical\\\/#article\",\"isPartOf\":{\"@id\":\"https:\\\/\\\/www.laguiadepamplona.com\\\/actualidad\\\/el-ayuntamiento-de-pamplona-lanza-la-tercera-edicion-del-curso-de-emprendimiento-musical\\\/\"},\"author\":{\"name\":\"La Gu\u00eda de Pamplona\",\"@id\":\"https:\\\/\\\/www.laguiadepamplona.com\\\/actualidad\\\/#\\\/schema\\\/person\\\/efe887376f0213d4657c93adc50b1fdb\"},\"headline\":\"El Ayuntamiento de Pamplona lanza la tercera edici\u00f3n del Curso de emprendimiento musical\",\"datePublished\":\"2023-01-20T18:45:50+00:00\",\"dateModified\":\"2023-04-11T09:47:22+00:00\",\"mainEntityOfPage\":{\"@id\":\"https:\\\/\\\/www.laguiadepamplona.com\\\/actualidad\\\/el-ayuntamiento-de-pamplona-lanza-la-tercera-edicion-del-curso-de-emprendimiento-musical\\\/\"},\"wordCount\":626,\"commentCount\":0,\"publisher\":{\"@id\":\"https:\\\/\\\/www.laguiadepamplona.com\\\/actualidad\\\/#organization\"},\"image\":{\"@id\":\"https:\\\/\\\/www.laguiadepamplona.com\\\/actualidad\\\/el-ayuntamiento-de-pamplona-lanza-la-tercera-edicion-del-curso-de-emprendimiento-musical\\\/#primaryimage\"},\"thumbnailUrl\":\"https:\\\/\\\/www.laguiadepamplona.com\\\/actualidad\\\/wp-content\\\/uploads\\\/2023\\\/01\\\/Curso-emprendimiento-musical-cast.webp\",\"articleSection\":[\"Ayto Pamplona\"],\"inLanguage\":\"es\",\"potentialAction\":[{\"@type\":\"CommentAction\",\"name\":\"Comment\",\"target\":[\"https:\\\/\\\/www.laguiadepamplona.com\\\/actualidad\\\/el-ayuntamiento-de-pamplona-lanza-la-tercera-edicion-del-curso-de-emprendimiento-musical\\\/#respond\"]}]},{\"@type\":\"WebPage\",\"@id\":\"https:\\\/\\\/www.laguiadepamplona.com\\\/actualidad\\\/el-ayuntamiento-de-pamplona-lanza-la-tercera-edicion-del-curso-de-emprendimiento-musical\\\/\",\"url\":\"https:\\\/\\\/www.laguiadepamplona.com\\\/actualidad\\\/el-ayuntamiento-de-pamplona-lanza-la-tercera-edicion-del-curso-de-emprendimiento-musical\\\/\",\"name\":\"El Ayuntamiento de Pamplona lanza la tercera edici\u00f3n del Curso de emprendimiento musical\",\"isPartOf\":{\"@id\":\"https:\\\/\\\/www.laguiadepamplona.com\\\/actualidad\\\/#website\"},\"primaryImageOfPage\":{\"@id\":\"https:\\\/\\\/www.laguiadepamplona.com\\\/actualidad\\\/el-ayuntamiento-de-pamplona-lanza-la-tercera-edicion-del-curso-de-emprendimiento-musical\\\/#primaryimage\"},\"image\":{\"@id\":\"https:\\\/\\\/www.laguiadepamplona.com\\\/actualidad\\\/el-ayuntamiento-de-pamplona-lanza-la-tercera-edicion-del-curso-de-emprendimiento-musical\\\/#primaryimage\"},\"thumbnailUrl\":\"https:\\\/\\\/www.laguiadepamplona.com\\\/actualidad\\\/wp-content\\\/uploads\\\/2023\\\/01\\\/Curso-emprendimiento-musical-cast.webp\",\"datePublished\":\"2023-01-20T18:45:50+00:00\",\"dateModified\":\"2023-04-11T09:47:22+00:00\",\"description\":\"Dirigido a j\u00f3venes de 14 a 30 a\u00f1os, ense\u00f1a c\u00f3mo editar un disco, organizar una gira o fomentar acciones de promoci\u00f3n dentro de la industria\",\"breadcrumb\":{\"@id\":\"https:\\\/\\\/www.laguiadepamplona.com\\\/actualidad\\\/el-ayuntamiento-de-pamplona-lanza-la-tercera-edicion-del-curso-de-emprendimiento-musical\\\/#breadcrumb\"},\"inLanguage\":\"es\",\"potentialAction\":[{\"@type\":\"ReadAction\",\"target\":[\"https:\\\/\\\/www.laguiadepamplona.com\\\/actualidad\\\/el-ayuntamiento-de-pamplona-lanza-la-tercera-edicion-del-curso-de-emprendimiento-musical\\\/\"]}]},{\"@type\":\"ImageObject\",\"inLanguage\":\"es\",\"@id\":\"https:\\\/\\\/www.laguiadepamplona.com\\\/actualidad\\\/el-ayuntamiento-de-pamplona-lanza-la-tercera-edicion-del-curso-de-emprendimiento-musical\\\/#primaryimage\",\"url\":\"https:\\\/\\\/www.laguiadepamplona.com\\\/actualidad\\\/wp-content\\\/uploads\\\/2023\\\/01\\\/Curso-emprendimiento-musical-cast.webp\",\"contentUrl\":\"https:\\\/\\\/www.laguiadepamplona.com\\\/actualidad\\\/wp-content\\\/uploads\\\/2023\\\/01\\\/Curso-emprendimiento-musical-cast.webp\",\"width\":1343,\"height\":1900},{\"@type\":\"BreadcrumbList\",\"@id\":\"https:\\\/\\\/www.laguiadepamplona.com\\\/actualidad\\\/el-ayuntamiento-de-pamplona-lanza-la-tercera-edicion-del-curso-de-emprendimiento-musical\\\/#breadcrumb\",\"itemListElement\":[{\"@type\":\"ListItem\",\"position\":1,\"name\":\"Portada\",\"item\":\"https:\\\/\\\/www.laguiadepamplona.com\\\/actualidad\\\/\"},{\"@type\":\"ListItem\",\"position\":2,\"name\":\"El Ayuntamiento de Pamplona lanza la tercera edici\u00f3n del Curso de emprendimiento musical\"}]},{\"@type\":\"WebSite\",\"@id\":\"https:\\\/\\\/www.laguiadepamplona.com\\\/actualidad\\\/#website\",\"url\":\"https:\\\/\\\/www.laguiadepamplona.com\\\/actualidad\\\/\",\"name\":\"La gu\u00eda de Pamplona\",\"description\":\"Noticias de Pamplona\",\"publisher\":{\"@id\":\"https:\\\/\\\/www.laguiadepamplona.com\\\/actualidad\\\/#organization\"},\"potentialAction\":[{\"@type\":\"SearchAction\",\"target\":{\"@type\":\"EntryPoint\",\"urlTemplate\":\"https:\\\/\\\/www.laguiadepamplona.com\\\/actualidad\\\/?s={search_term_string}\"},\"query-input\":{\"@type\":\"PropertyValueSpecification\",\"valueRequired\":true,\"valueName\":\"search_term_string\"}}],\"inLanguage\":\"es\"},{\"@type\":\"Organization\",\"@id\":\"https:\\\/\\\/www.laguiadepamplona.com\\\/actualidad\\\/#organization\",\"name\":\"La Gu\u00eda de Pamplona \\\/ Noticias\",\"url\":\"https:\\\/\\\/www.laguiadepamplona.com\\\/actualidad\\\/\",\"logo\":{\"@type\":\"ImageObject\",\"inLanguage\":\"es\",\"@id\":\"https:\\\/\\\/www.laguiadepamplona.com\\\/actualidad\\\/#\\\/schema\\\/logo\\\/image\\\/\",\"url\":\"https:\\\/\\\/www.laguiadepamplona.com\\\/actualidad\\\/wp-content\\\/uploads\\\/2018\\\/11\\\/logo-laguiadepamplona18-web1.png\",\"contentUrl\":\"https:\\\/\\\/www.laguiadepamplona.com\\\/actualidad\\\/wp-content\\\/uploads\\\/2018\\\/11\\\/logo-laguiadepamplona18-web1.png\",\"width\":600,\"height\":196,\"caption\":\"La Gu\u00eda de Pamplona \\\/ Noticias\"},\"image\":{\"@id\":\"https:\\\/\\\/www.laguiadepamplona.com\\\/actualidad\\\/#\\\/schema\\\/logo\\\/image\\\/\"},\"sameAs\":[\"https:\\\/\\\/www.facebook.com\\\/laguiadepamplonacom-133175176762273\\\/?ref=hl\",\"https:\\\/\\\/x.com\\\/LaGuiadPamplona\",\"https:\\\/\\\/www.instagram.com\\\/la_guia_de_pamplona\\\/\",\"https:\\\/\\\/www.youtube.com\\\/user\\\/laguiadepamplona\"]},{\"@type\":\"Person\",\"@id\":\"https:\\\/\\\/www.laguiadepamplona.com\\\/actualidad\\\/#\\\/schema\\\/person\\\/efe887376f0213d4657c93adc50b1fdb\",\"name\":\"La Gu\u00eda de Pamplona\",\"image\":{\"@type\":\"ImageObject\",\"inLanguage\":\"es\",\"@id\":\"https:\\\/\\\/secure.gravatar.com\\\/avatar\\\/b6992f131dc8d30ab0dff15446e9d346d9dbd95992de0fef795073f5ea83a81c?s=96&d=mm&r=g\",\"url\":\"https:\\\/\\\/secure.gravatar.com\\\/avatar\\\/b6992f131dc8d30ab0dff15446e9d346d9dbd95992de0fef795073f5ea83a81c?s=96&d=mm&r=g\",\"contentUrl\":\"https:\\\/\\\/secure.gravatar.com\\\/avatar\\\/b6992f131dc8d30ab0dff15446e9d346d9dbd95992de0fef795073f5ea83a81c?s=96&d=mm&r=g\",\"caption\":\"La Gu\u00eda de Pamplona\"}}]}<\/script>\n<!-- \/ Yoast SEO plugin. -->","yoast_head_json":{"title":"El Ayuntamiento de Pamplona lanza la tercera edici\u00f3n del Curso de emprendimiento musical","description":"Dirigido a j\u00f3venes de 14 a 30 a\u00f1os, ense\u00f1a c\u00f3mo editar un disco, organizar una gira o fomentar acciones de promoci\u00f3n dentro de la industria","robots":{"index":"index","follow":"follow","max-snippet":"max-snippet:-1","max-image-preview":"max-image-preview:large","max-video-preview":"max-video-preview:-1"},"canonical":"https:\/\/www.laguiadepamplona.com\/actualidad\/el-ayuntamiento-de-pamplona-lanza-la-tercera-edicion-del-curso-de-emprendimiento-musical\/","og_locale":"es_ES","og_type":"article","og_title":"El Ayuntamiento de Pamplona lanza la tercera edici\u00f3n del Curso de emprendimiento musical","og_description":"Dirigido a j\u00f3venes de 14 a 30 a\u00f1os, ense\u00f1a c\u00f3mo editar un disco, organizar una gira o fomentar acciones de promoci\u00f3n dentro de la industria","og_url":"https:\/\/www.laguiadepamplona.com\/actualidad\/el-ayuntamiento-de-pamplona-lanza-la-tercera-edicion-del-curso-de-emprendimiento-musical\/","og_site_name":"La Gu\u00eda de Pamplona","article_publisher":"https:\/\/www.facebook.com\/laguiadepamplonacom-133175176762273\/?ref=hl","article_published_time":"2023-01-20T18:45:50+00:00","article_modified_time":"2023-04-11T09:47:22+00:00","og_image":[{"width":1343,"height":1900,"url":"https:\/\/www.laguiadepamplona.com\/actualidad\/wp-content\/uploads\/2023\/01\/Curso-emprendimiento-musical-cast.webp","type":"image\/webp"}],"author":"La Gu\u00eda de Pamplona","twitter_card":"summary_large_image","twitter_creator":"@LaGuiadPamplona","twitter_site":"@LaGuiadPamplona","twitter_misc":{"Escrito por":"La Gu\u00eda de Pamplona","Tiempo de lectura":"3 minutos"},"schema":{"@context":"https:\/\/schema.org","@graph":[{"@type":"Article","@id":"https:\/\/www.laguiadepamplona.com\/actualidad\/el-ayuntamiento-de-pamplona-lanza-la-tercera-edicion-del-curso-de-emprendimiento-musical\/#article","isPartOf":{"@id":"https:\/\/www.laguiadepamplona.com\/actualidad\/el-ayuntamiento-de-pamplona-lanza-la-tercera-edicion-del-curso-de-emprendimiento-musical\/"},"author":{"name":"La Gu\u00eda de Pamplona","@id":"https:\/\/www.laguiadepamplona.com\/actualidad\/#\/schema\/person\/efe887376f0213d4657c93adc50b1fdb"},"headline":"El Ayuntamiento de Pamplona lanza la tercera edici\u00f3n del Curso de emprendimiento musical","datePublished":"2023-01-20T18:45:50+00:00","dateModified":"2023-04-11T09:47:22+00:00","mainEntityOfPage":{"@id":"https:\/\/www.laguiadepamplona.com\/actualidad\/el-ayuntamiento-de-pamplona-lanza-la-tercera-edicion-del-curso-de-emprendimiento-musical\/"},"wordCount":626,"commentCount":0,"publisher":{"@id":"https:\/\/www.laguiadepamplona.com\/actualidad\/#organization"},"image":{"@id":"https:\/\/www.laguiadepamplona.com\/actualidad\/el-ayuntamiento-de-pamplona-lanza-la-tercera-edicion-del-curso-de-emprendimiento-musical\/#primaryimage"},"thumbnailUrl":"https:\/\/www.laguiadepamplona.com\/actualidad\/wp-content\/uploads\/2023\/01\/Curso-emprendimiento-musical-cast.webp","articleSection":["Ayto Pamplona"],"inLanguage":"es","potentialAction":[{"@type":"CommentAction","name":"Comment","target":["https:\/\/www.laguiadepamplona.com\/actualidad\/el-ayuntamiento-de-pamplona-lanza-la-tercera-edicion-del-curso-de-emprendimiento-musical\/#respond"]}]},{"@type":"WebPage","@id":"https:\/\/www.laguiadepamplona.com\/actualidad\/el-ayuntamiento-de-pamplona-lanza-la-tercera-edicion-del-curso-de-emprendimiento-musical\/","url":"https:\/\/www.laguiadepamplona.com\/actualidad\/el-ayuntamiento-de-pamplona-lanza-la-tercera-edicion-del-curso-de-emprendimiento-musical\/","name":"El Ayuntamiento de Pamplona lanza la tercera edici\u00f3n del Curso de emprendimiento musical","isPartOf":{"@id":"https:\/\/www.laguiadepamplona.com\/actualidad\/#website"},"primaryImageOfPage":{"@id":"https:\/\/www.laguiadepamplona.com\/actualidad\/el-ayuntamiento-de-pamplona-lanza-la-tercera-edicion-del-curso-de-emprendimiento-musical\/#primaryimage"},"image":{"@id":"https:\/\/www.laguiadepamplona.com\/actualidad\/el-ayuntamiento-de-pamplona-lanza-la-tercera-edicion-del-curso-de-emprendimiento-musical\/#primaryimage"},"thumbnailUrl":"https:\/\/www.laguiadepamplona.com\/actualidad\/wp-content\/uploads\/2023\/01\/Curso-emprendimiento-musical-cast.webp","datePublished":"2023-01-20T18:45:50+00:00","dateModified":"2023-04-11T09:47:22+00:00","description":"Dirigido a j\u00f3venes de 14 a 30 a\u00f1os, ense\u00f1a c\u00f3mo editar un disco, organizar una gira o fomentar acciones de promoci\u00f3n dentro de la industria","breadcrumb":{"@id":"https:\/\/www.laguiadepamplona.com\/actualidad\/el-ayuntamiento-de-pamplona-lanza-la-tercera-edicion-del-curso-de-emprendimiento-musical\/#breadcrumb"},"inLanguage":"es","potentialAction":[{"@type":"ReadAction","target":["https:\/\/www.laguiadepamplona.com\/actualidad\/el-ayuntamiento-de-pamplona-lanza-la-tercera-edicion-del-curso-de-emprendimiento-musical\/"]}]},{"@type":"ImageObject","inLanguage":"es","@id":"https:\/\/www.laguiadepamplona.com\/actualidad\/el-ayuntamiento-de-pamplona-lanza-la-tercera-edicion-del-curso-de-emprendimiento-musical\/#primaryimage","url":"https:\/\/www.laguiadepamplona.com\/actualidad\/wp-content\/uploads\/2023\/01\/Curso-emprendimiento-musical-cast.webp","contentUrl":"https:\/\/www.laguiadepamplona.com\/actualidad\/wp-content\/uploads\/2023\/01\/Curso-emprendimiento-musical-cast.webp","width":1343,"height":1900},{"@type":"BreadcrumbList","@id":"https:\/\/www.laguiadepamplona.com\/actualidad\/el-ayuntamiento-de-pamplona-lanza-la-tercera-edicion-del-curso-de-emprendimiento-musical\/#breadcrumb","itemListElement":[{"@type":"ListItem","position":1,"name":"Portada","item":"https:\/\/www.laguiadepamplona.com\/actualidad\/"},{"@type":"ListItem","position":2,"name":"El Ayuntamiento de Pamplona lanza la tercera edici\u00f3n del Curso de emprendimiento musical"}]},{"@type":"WebSite","@id":"https:\/\/www.laguiadepamplona.com\/actualidad\/#website","url":"https:\/\/www.laguiadepamplona.com\/actualidad\/","name":"La gu\u00eda de Pamplona","description":"Noticias de Pamplona","publisher":{"@id":"https:\/\/www.laguiadepamplona.com\/actualidad\/#organization"},"potentialAction":[{"@type":"SearchAction","target":{"@type":"EntryPoint","urlTemplate":"https:\/\/www.laguiadepamplona.com\/actualidad\/?s={search_term_string}"},"query-input":{"@type":"PropertyValueSpecification","valueRequired":true,"valueName":"search_term_string"}}],"inLanguage":"es"},{"@type":"Organization","@id":"https:\/\/www.laguiadepamplona.com\/actualidad\/#organization","name":"La Gu\u00eda de Pamplona \/ Noticias","url":"https:\/\/www.laguiadepamplona.com\/actualidad\/","logo":{"@type":"ImageObject","inLanguage":"es","@id":"https:\/\/www.laguiadepamplona.com\/actualidad\/#\/schema\/logo\/image\/","url":"https:\/\/www.laguiadepamplona.com\/actualidad\/wp-content\/uploads\/2018\/11\/logo-laguiadepamplona18-web1.png","contentUrl":"https:\/\/www.laguiadepamplona.com\/actualidad\/wp-content\/uploads\/2018\/11\/logo-laguiadepamplona18-web1.png","width":600,"height":196,"caption":"La Gu\u00eda de Pamplona \/ Noticias"},"image":{"@id":"https:\/\/www.laguiadepamplona.com\/actualidad\/#\/schema\/logo\/image\/"},"sameAs":["https:\/\/www.facebook.com\/laguiadepamplonacom-133175176762273\/?ref=hl","https:\/\/x.com\/LaGuiadPamplona","https:\/\/www.instagram.com\/la_guia_de_pamplona\/","https:\/\/www.youtube.com\/user\/laguiadepamplona"]},{"@type":"Person","@id":"https:\/\/www.laguiadepamplona.com\/actualidad\/#\/schema\/person\/efe887376f0213d4657c93adc50b1fdb","name":"La Gu\u00eda de Pamplona","image":{"@type":"ImageObject","inLanguage":"es","@id":"https:\/\/secure.gravatar.com\/avatar\/b6992f131dc8d30ab0dff15446e9d346d9dbd95992de0fef795073f5ea83a81c?s=96&d=mm&r=g","url":"https:\/\/secure.gravatar.com\/avatar\/b6992f131dc8d30ab0dff15446e9d346d9dbd95992de0fef795073f5ea83a81c?s=96&d=mm&r=g","contentUrl":"https:\/\/secure.gravatar.com\/avatar\/b6992f131dc8d30ab0dff15446e9d346d9dbd95992de0fef795073f5ea83a81c?s=96&d=mm&r=g","caption":"La Gu\u00eda de Pamplona"}}]}},"post_mailing_queue_ids":[],"_links":{"self":[{"href":"https:\/\/www.laguiadepamplona.com\/actualidad\/wp-json\/wp\/v2\/posts\/42641","targetHints":{"allow":["GET"]}}],"collection":[{"href":"https:\/\/www.laguiadepamplona.com\/actualidad\/wp-json\/wp\/v2\/posts"}],"about":[{"href":"https:\/\/www.laguiadepamplona.com\/actualidad\/wp-json\/wp\/v2\/types\/post"}],"author":[{"embeddable":true,"href":"https:\/\/www.laguiadepamplona.com\/actualidad\/wp-json\/wp\/v2\/users\/1"}],"replies":[{"embeddable":true,"href":"https:\/\/www.laguiadepamplona.com\/actualidad\/wp-json\/wp\/v2\/comments?post=42641"}],"version-history":[{"count":0,"href":"https:\/\/www.laguiadepamplona.com\/actualidad\/wp-json\/wp\/v2\/posts\/42641\/revisions"}],"wp:featuredmedia":[{"embeddable":true,"href":"https:\/\/www.laguiadepamplona.com\/actualidad\/wp-json\/wp\/v2\/media\/42642"}],"wp:attachment":[{"href":"https:\/\/www.laguiadepamplona.com\/actualidad\/wp-json\/wp\/v2\/media?parent=42641"}],"wp:term":[{"taxonomy":"category","embeddable":true,"href":"https:\/\/www.laguiadepamplona.com\/actualidad\/wp-json\/wp\/v2\/categories?post=42641"},{"taxonomy":"post_tag","embeddable":true,"href":"https:\/\/www.laguiadepamplona.com\/actualidad\/wp-json\/wp\/v2\/tags?post=42641"}],"curies":[{"name":"wp","href":"https:\/\/api.w.org\/{rel}","templated":true}]}}