{"id":42635,"date":"2023-01-19T18:28:26","date_gmt":"2023-01-19T16:28:26","guid":{"rendered":"https:\/\/www.laguiadepamplona.com\/actualidad\/?p=42635"},"modified":"2023-04-11T11:47:22","modified_gmt":"2023-04-11T09:47:22","slug":"pamplona-presenta-en-fitur-su-calculadora-para-medir-la-huella-de-carbono-de-los-eventos-a-celebrar-como-herramienta-para-facilitar-una-organizacion-mas-sostenible","status":"publish","type":"post","link":"https:\/\/www.laguiadepamplona.com\/actualidad\/pamplona-presenta-en-fitur-su-calculadora-para-medir-la-huella-de-carbono-de-los-eventos-a-celebrar-como-herramienta-para-facilitar-una-organizacion-mas-sostenible\/","title":{"rendered":"Pamplona presenta en FITUR su calculadora para medir la huella de carbono de los eventos a celebrar como herramienta para facilitar una organizaci\u00f3n m\u00e1s sostenible"},"content":{"rendered":"<h5>El Ayuntamiento de Pamplona ha recibido el distintivo DTI por su apuesta por la metodolog\u00eda de Destino Tur\u00edstico Inteligente<\/h5>\n<p><!--more--><\/p>\n<p>Pamplona dispondr\u00e1 en breve de una calculadora de huella de carbono con indicadores de emisiones de CO2 para eventos MICE que se puedan celebrar en la ciudad. Esta calculadora permite estimar de manera sencilla las emisiones de gases de efecto invernadero asociadas a las actividades que se puedan organizar y generar, as\u00ed eventos m\u00e1s sostenibles. Profesionales del sector MICE local ya la conocen, se han formado para usarla y en pr\u00f3ximas semanas se podr\u00e1n conocer datos vinculados a eventos concretos.<br \/>\n<script async src=\"\/\/pagead2.googlesyndication.com\/pagead\/js\/adsbygoogle.js\"><\/script><br \/>\n<!-- Noticias La Guia de Pamplona --><br \/>\n<ins class=\"adsbygoogle\"\nstyle=\"display:block\"\ndata-ad-client=\"ca-pub-6943679897239327\"\ndata-ad-slot=\"7048180777\"\ndata-ad-format=\"auto\"><\/ins><br \/>\n<script>\n(adsbygoogle = window.adsbygoogle || []).push({});\n<\/script><\/p>\n<p>El Ayuntamiento de Pamplona ha presentado esta herramienta en FITUR, en el marco de una mesa redonda titulada \u2018\u00bfOtro turismo es apostar por una movilidad sostenible y circular?\u2019, en la que ha participado la directora de Comercio y Turismo, Silvia Azpilicueta. Esta calculadora de huella de carbono est\u00e1 incluida en las actuaciones del proyecto Plan de Sostenibilidad Tur\u00edstica en Destino PSTD SF 365, financiado con fondos europeos Next Generation EU. La Agenda Urbana Pamplona 2030 y la Estrategia Go Green Pamplona apuestan por la sostenibilidad, tanto del turismo como de la movilidad.<\/p>\n<p>Desde el \u00e1rea de Turismo, se trabaja ahora en que conseguir que todas esas medidas de fomento de movilidad sostenible reviertan y est\u00e9n al alcance de quienes visiten la ciudad. En este sentido, una l\u00ednea de trabajo importante se orienta al segmento MICE, al turismo de reuniones y congresos, para buscar eventos m\u00e1s sostenibles.<br \/>\n<script async src=\"\/\/pagead2.googlesyndication.com\/pagead\/js\/adsbygoogle.js\"><\/script><br \/>\n<!-- Noticias La Guia de Pamplona --><br \/>\n<ins class=\"adsbygoogle\"\nstyle=\"display:block\"\ndata-ad-client=\"ca-pub-6943679897239327\"\ndata-ad-slot=\"7048180777\"\ndata-ad-format=\"auto\"><\/ins><br \/>\n<script>\n(adsbygoogle = window.adsbygoogle || []).push({});\n<\/script><\/p>\n<p><strong>Distintivo DTI para Pamplona<\/strong><\/p>\n<p>Pamplona ha participado por la ma\u00f1ana en una sesi\u00f3n de trabajo sobre la Plataforma Inteligente de Destinos (PDI), enmarcada en la Red de Ciudades Inteligentes Espa\u00f1olas (RECI), a la que el Ayuntamiento pertenece desde el pasado mes de mayo. La sesi\u00f3n forma parte del trabajo que se est\u00e1 llevando a cabo en torno a la convocatoria de PDI lanzada por SEGITTUR. La metodolog\u00eda de Destino Tur\u00edstico Inteligente promueve la implantaci\u00f3n de un modelo de gesti\u00f3n que tiene en cuenta la transversalidad de la actividad tur\u00edstica y las caracter\u00edsticas diferenciadoras de cada destino.<\/p>\n<p>El Ayuntamiento de Pamplona ha recibido el distintivo DTI, que acredita que se ha iniciado la implantaci\u00f3n de ese modelo de Destino Tur\u00edstico Inteligente. Se trata de un modelo a corto plazo que persigue contribuir a mejorar la competitividad y la calidad de vida incidiendo en cinco \u00e1mbitos de actuaci\u00f3n: gobernanza, innovaci\u00f3n, tecnolog\u00eda, sostenibilidad y accesibilidad. Esa implantaci\u00f3n ha sido posible gracias a la colaboraci\u00f3n de todas las \u00e1reas municipales del Ayuntamiento y de agentes privado, que han contribuido con la informaci\u00f3n necesaria para evaluar el destino en base a 97 requisitos y 261 indicadores clave.<\/p>\n","protected":false},"excerpt":{"rendered":"<p>El Ayuntamiento de Pamplona ha recibido el distintivo DTI por su apuesta por la metodolog\u00eda de Destino Tur\u00edstico Inteligente<\/p>\n","protected":false},"author":1,"featured_media":42636,"comment_status":"open","ping_status":"closed","sticky":false,"template":"","format":"standard","meta":{"footnotes":""},"categories":[2],"tags":[],"class_list":["post-42635","post","type-post","status-publish","format-standard","has-post-thumbnail","hentry","category-ayuntamiento-pamplona"],"yoast_head":"<!-- This site is optimized with the Yoast SEO plugin v27.3 - https:\/\/yoast.com\/product\/yoast-seo-wordpress\/ -->\n<title>Pamplona presenta en FITUR su calculadora para medir la huella de carbono de los eventos a celebrar como herramienta para facilitar una organizaci\u00f3n m\u00e1s sostenible<\/title>\n<meta name=\"description\" content=\"El Ayuntamiento de Pamplona ha recibido el distintivo DTI por su apuesta por la metodolog\u00eda de Destino Tur\u00edstico Inteligente\" \/>\n<meta name=\"robots\" content=\"index, follow, max-snippet:-1, max-image-preview:large, max-video-preview:-1\" \/>\n<link rel=\"canonical\" href=\"https:\/\/www.laguiadepamplona.com\/actualidad\/pamplona-presenta-en-fitur-su-calculadora-para-medir-la-huella-de-carbono-de-los-eventos-a-celebrar-como-herramienta-para-facilitar-una-organizacion-mas-sostenible\/\" \/>\n<meta property=\"og:locale\" content=\"es_ES\" \/>\n<meta property=\"og:type\" content=\"article\" \/>\n<meta property=\"og:title\" content=\"Pamplona presenta en FITUR su calculadora para medir la huella de carbono de los eventos a celebrar como herramienta para facilitar una organizaci\u00f3n m\u00e1s sostenible\" \/>\n<meta property=\"og:description\" content=\"El Ayuntamiento de Pamplona ha recibido el distintivo DTI por su apuesta por la metodolog\u00eda de Destino Tur\u00edstico Inteligente\" \/>\n<meta property=\"og:url\" content=\"https:\/\/www.laguiadepamplona.com\/actualidad\/pamplona-presenta-en-fitur-su-calculadora-para-medir-la-huella-de-carbono-de-los-eventos-a-celebrar-como-herramienta-para-facilitar-una-organizacion-mas-sostenible\/\" \/>\n<meta property=\"og:site_name\" content=\"La Gu\u00eda de Pamplona\" \/>\n<meta property=\"article:publisher\" content=\"https:\/\/www.facebook.com\/laguiadepamplonacom-133175176762273\/?ref=hl\" \/>\n<meta property=\"article:published_time\" content=\"2023-01-19T16:28:26+00:00\" \/>\n<meta property=\"article:modified_time\" content=\"2023-04-11T09:47:22+00:00\" \/>\n<meta property=\"og:image\" content=\"https:\/\/www.laguiadepamplona.com\/actualidad\/wp-content\/uploads\/2023\/01\/fitur-pamplona-2023.jpeg\" \/>\n\t<meta property=\"og:image:width\" content=\"1024\" \/>\n\t<meta property=\"og:image:height\" content=\"622\" \/>\n\t<meta property=\"og:image:type\" content=\"image\/jpeg\" \/>\n<meta name=\"author\" content=\"La Gu\u00eda de Pamplona\" \/>\n<meta name=\"twitter:card\" content=\"summary_large_image\" \/>\n<meta name=\"twitter:creator\" content=\"@LaGuiadPamplona\" \/>\n<meta name=\"twitter:site\" content=\"@LaGuiadPamplona\" \/>\n<meta name=\"twitter:label1\" content=\"Escrito por\" \/>\n\t<meta name=\"twitter:data1\" content=\"La Gu\u00eda de Pamplona\" \/>\n\t<meta name=\"twitter:label2\" content=\"Tiempo de lectura\" \/>\n\t<meta name=\"twitter:data2\" content=\"3 minutos\" \/>\n<script type=\"application\/ld+json\" class=\"yoast-schema-graph\">{\"@context\":\"https:\\\/\\\/schema.org\",\"@graph\":[{\"@type\":\"Article\",\"@id\":\"https:\\\/\\\/www.laguiadepamplona.com\\\/actualidad\\\/pamplona-presenta-en-fitur-su-calculadora-para-medir-la-huella-de-carbono-de-los-eventos-a-celebrar-como-herramienta-para-facilitar-una-organizacion-mas-sostenible\\\/#article\",\"isPartOf\":{\"@id\":\"https:\\\/\\\/www.laguiadepamplona.com\\\/actualidad\\\/pamplona-presenta-en-fitur-su-calculadora-para-medir-la-huella-de-carbono-de-los-eventos-a-celebrar-como-herramienta-para-facilitar-una-organizacion-mas-sostenible\\\/\"},\"author\":{\"name\":\"La Gu\u00eda de Pamplona\",\"@id\":\"https:\\\/\\\/www.laguiadepamplona.com\\\/actualidad\\\/#\\\/schema\\\/person\\\/efe887376f0213d4657c93adc50b1fdb\"},\"headline\":\"Pamplona presenta en FITUR su calculadora para medir la huella de carbono de los eventos a celebrar como herramienta para facilitar una organizaci\u00f3n m\u00e1s sostenible\",\"datePublished\":\"2023-01-19T16:28:26+00:00\",\"dateModified\":\"2023-04-11T09:47:22+00:00\",\"mainEntityOfPage\":{\"@id\":\"https:\\\/\\\/www.laguiadepamplona.com\\\/actualidad\\\/pamplona-presenta-en-fitur-su-calculadora-para-medir-la-huella-de-carbono-de-los-eventos-a-celebrar-como-herramienta-para-facilitar-una-organizacion-mas-sostenible\\\/\"},\"wordCount\":487,\"commentCount\":0,\"publisher\":{\"@id\":\"https:\\\/\\\/www.laguiadepamplona.com\\\/actualidad\\\/#organization\"},\"image\":{\"@id\":\"https:\\\/\\\/www.laguiadepamplona.com\\\/actualidad\\\/pamplona-presenta-en-fitur-su-calculadora-para-medir-la-huella-de-carbono-de-los-eventos-a-celebrar-como-herramienta-para-facilitar-una-organizacion-mas-sostenible\\\/#primaryimage\"},\"thumbnailUrl\":\"https:\\\/\\\/www.laguiadepamplona.com\\\/actualidad\\\/wp-content\\\/uploads\\\/2023\\\/01\\\/fitur-pamplona-2023.jpeg\",\"articleSection\":[\"Ayto Pamplona\"],\"inLanguage\":\"es\",\"potentialAction\":[{\"@type\":\"CommentAction\",\"name\":\"Comment\",\"target\":[\"https:\\\/\\\/www.laguiadepamplona.com\\\/actualidad\\\/pamplona-presenta-en-fitur-su-calculadora-para-medir-la-huella-de-carbono-de-los-eventos-a-celebrar-como-herramienta-para-facilitar-una-organizacion-mas-sostenible\\\/#respond\"]}]},{\"@type\":\"WebPage\",\"@id\":\"https:\\\/\\\/www.laguiadepamplona.com\\\/actualidad\\\/pamplona-presenta-en-fitur-su-calculadora-para-medir-la-huella-de-carbono-de-los-eventos-a-celebrar-como-herramienta-para-facilitar-una-organizacion-mas-sostenible\\\/\",\"url\":\"https:\\\/\\\/www.laguiadepamplona.com\\\/actualidad\\\/pamplona-presenta-en-fitur-su-calculadora-para-medir-la-huella-de-carbono-de-los-eventos-a-celebrar-como-herramienta-para-facilitar-una-organizacion-mas-sostenible\\\/\",\"name\":\"Pamplona presenta en FITUR su calculadora para medir la huella de carbono de los eventos a celebrar como herramienta para facilitar una organizaci\u00f3n m\u00e1s sostenible\",\"isPartOf\":{\"@id\":\"https:\\\/\\\/www.laguiadepamplona.com\\\/actualidad\\\/#website\"},\"primaryImageOfPage\":{\"@id\":\"https:\\\/\\\/www.laguiadepamplona.com\\\/actualidad\\\/pamplona-presenta-en-fitur-su-calculadora-para-medir-la-huella-de-carbono-de-los-eventos-a-celebrar-como-herramienta-para-facilitar-una-organizacion-mas-sostenible\\\/#primaryimage\"},\"image\":{\"@id\":\"https:\\\/\\\/www.laguiadepamplona.com\\\/actualidad\\\/pamplona-presenta-en-fitur-su-calculadora-para-medir-la-huella-de-carbono-de-los-eventos-a-celebrar-como-herramienta-para-facilitar-una-organizacion-mas-sostenible\\\/#primaryimage\"},\"thumbnailUrl\":\"https:\\\/\\\/www.laguiadepamplona.com\\\/actualidad\\\/wp-content\\\/uploads\\\/2023\\\/01\\\/fitur-pamplona-2023.jpeg\",\"datePublished\":\"2023-01-19T16:28:26+00:00\",\"dateModified\":\"2023-04-11T09:47:22+00:00\",\"description\":\"El Ayuntamiento de Pamplona ha recibido el distintivo DTI por su apuesta por la metodolog\u00eda de Destino Tur\u00edstico Inteligente\",\"breadcrumb\":{\"@id\":\"https:\\\/\\\/www.laguiadepamplona.com\\\/actualidad\\\/pamplona-presenta-en-fitur-su-calculadora-para-medir-la-huella-de-carbono-de-los-eventos-a-celebrar-como-herramienta-para-facilitar-una-organizacion-mas-sostenible\\\/#breadcrumb\"},\"inLanguage\":\"es\",\"potentialAction\":[{\"@type\":\"ReadAction\",\"target\":[\"https:\\\/\\\/www.laguiadepamplona.com\\\/actualidad\\\/pamplona-presenta-en-fitur-su-calculadora-para-medir-la-huella-de-carbono-de-los-eventos-a-celebrar-como-herramienta-para-facilitar-una-organizacion-mas-sostenible\\\/\"]}]},{\"@type\":\"ImageObject\",\"inLanguage\":\"es\",\"@id\":\"https:\\\/\\\/www.laguiadepamplona.com\\\/actualidad\\\/pamplona-presenta-en-fitur-su-calculadora-para-medir-la-huella-de-carbono-de-los-eventos-a-celebrar-como-herramienta-para-facilitar-una-organizacion-mas-sostenible\\\/#primaryimage\",\"url\":\"https:\\\/\\\/www.laguiadepamplona.com\\\/actualidad\\\/wp-content\\\/uploads\\\/2023\\\/01\\\/fitur-pamplona-2023.jpeg\",\"contentUrl\":\"https:\\\/\\\/www.laguiadepamplona.com\\\/actualidad\\\/wp-content\\\/uploads\\\/2023\\\/01\\\/fitur-pamplona-2023.jpeg\",\"width\":1024,\"height\":622},{\"@type\":\"BreadcrumbList\",\"@id\":\"https:\\\/\\\/www.laguiadepamplona.com\\\/actualidad\\\/pamplona-presenta-en-fitur-su-calculadora-para-medir-la-huella-de-carbono-de-los-eventos-a-celebrar-como-herramienta-para-facilitar-una-organizacion-mas-sostenible\\\/#breadcrumb\",\"itemListElement\":[{\"@type\":\"ListItem\",\"position\":1,\"name\":\"Portada\",\"item\":\"https:\\\/\\\/www.laguiadepamplona.com\\\/actualidad\\\/\"},{\"@type\":\"ListItem\",\"position\":2,\"name\":\"Pamplona presenta en FITUR su calculadora para medir la huella de carbono de los eventos a celebrar como herramienta para facilitar una organizaci\u00f3n m\u00e1s sostenible\"}]},{\"@type\":\"WebSite\",\"@id\":\"https:\\\/\\\/www.laguiadepamplona.com\\\/actualidad\\\/#website\",\"url\":\"https:\\\/\\\/www.laguiadepamplona.com\\\/actualidad\\\/\",\"name\":\"La gu\u00eda de Pamplona\",\"description\":\"Noticias de Pamplona\",\"publisher\":{\"@id\":\"https:\\\/\\\/www.laguiadepamplona.com\\\/actualidad\\\/#organization\"},\"potentialAction\":[{\"@type\":\"SearchAction\",\"target\":{\"@type\":\"EntryPoint\",\"urlTemplate\":\"https:\\\/\\\/www.laguiadepamplona.com\\\/actualidad\\\/?s={search_term_string}\"},\"query-input\":{\"@type\":\"PropertyValueSpecification\",\"valueRequired\":true,\"valueName\":\"search_term_string\"}}],\"inLanguage\":\"es\"},{\"@type\":\"Organization\",\"@id\":\"https:\\\/\\\/www.laguiadepamplona.com\\\/actualidad\\\/#organization\",\"name\":\"La Gu\u00eda de Pamplona \\\/ Noticias\",\"url\":\"https:\\\/\\\/www.laguiadepamplona.com\\\/actualidad\\\/\",\"logo\":{\"@type\":\"ImageObject\",\"inLanguage\":\"es\",\"@id\":\"https:\\\/\\\/www.laguiadepamplona.com\\\/actualidad\\\/#\\\/schema\\\/logo\\\/image\\\/\",\"url\":\"https:\\\/\\\/www.laguiadepamplona.com\\\/actualidad\\\/wp-content\\\/uploads\\\/2018\\\/11\\\/logo-laguiadepamplona18-web1.png\",\"contentUrl\":\"https:\\\/\\\/www.laguiadepamplona.com\\\/actualidad\\\/wp-content\\\/uploads\\\/2018\\\/11\\\/logo-laguiadepamplona18-web1.png\",\"width\":600,\"height\":196,\"caption\":\"La Gu\u00eda de Pamplona \\\/ Noticias\"},\"image\":{\"@id\":\"https:\\\/\\\/www.laguiadepamplona.com\\\/actualidad\\\/#\\\/schema\\\/logo\\\/image\\\/\"},\"sameAs\":[\"https:\\\/\\\/www.facebook.com\\\/laguiadepamplonacom-133175176762273\\\/?ref=hl\",\"https:\\\/\\\/x.com\\\/LaGuiadPamplona\",\"https:\\\/\\\/www.instagram.com\\\/la_guia_de_pamplona\\\/\",\"https:\\\/\\\/www.youtube.com\\\/user\\\/laguiadepamplona\"]},{\"@type\":\"Person\",\"@id\":\"https:\\\/\\\/www.laguiadepamplona.com\\\/actualidad\\\/#\\\/schema\\\/person\\\/efe887376f0213d4657c93adc50b1fdb\",\"name\":\"La Gu\u00eda de Pamplona\",\"image\":{\"@type\":\"ImageObject\",\"inLanguage\":\"es\",\"@id\":\"https:\\\/\\\/secure.gravatar.com\\\/avatar\\\/b6992f131dc8d30ab0dff15446e9d346d9dbd95992de0fef795073f5ea83a81c?s=96&d=mm&r=g\",\"url\":\"https:\\\/\\\/secure.gravatar.com\\\/avatar\\\/b6992f131dc8d30ab0dff15446e9d346d9dbd95992de0fef795073f5ea83a81c?s=96&d=mm&r=g\",\"contentUrl\":\"https:\\\/\\\/secure.gravatar.com\\\/avatar\\\/b6992f131dc8d30ab0dff15446e9d346d9dbd95992de0fef795073f5ea83a81c?s=96&d=mm&r=g\",\"caption\":\"La Gu\u00eda de Pamplona\"}}]}<\/script>\n<!-- \/ Yoast SEO plugin. -->","yoast_head_json":{"title":"Pamplona presenta en FITUR su calculadora para medir la huella de carbono de los eventos a celebrar como herramienta para facilitar una organizaci\u00f3n m\u00e1s sostenible","description":"El Ayuntamiento de Pamplona ha recibido el distintivo DTI por su apuesta por la metodolog\u00eda de Destino Tur\u00edstico Inteligente","robots":{"index":"index","follow":"follow","max-snippet":"max-snippet:-1","max-image-preview":"max-image-preview:large","max-video-preview":"max-video-preview:-1"},"canonical":"https:\/\/www.laguiadepamplona.com\/actualidad\/pamplona-presenta-en-fitur-su-calculadora-para-medir-la-huella-de-carbono-de-los-eventos-a-celebrar-como-herramienta-para-facilitar-una-organizacion-mas-sostenible\/","og_locale":"es_ES","og_type":"article","og_title":"Pamplona presenta en FITUR su calculadora para medir la huella de carbono de los eventos a celebrar como herramienta para facilitar una organizaci\u00f3n m\u00e1s sostenible","og_description":"El Ayuntamiento de Pamplona ha recibido el distintivo DTI por su apuesta por la metodolog\u00eda de Destino Tur\u00edstico Inteligente","og_url":"https:\/\/www.laguiadepamplona.com\/actualidad\/pamplona-presenta-en-fitur-su-calculadora-para-medir-la-huella-de-carbono-de-los-eventos-a-celebrar-como-herramienta-para-facilitar-una-organizacion-mas-sostenible\/","og_site_name":"La Gu\u00eda de Pamplona","article_publisher":"https:\/\/www.facebook.com\/laguiadepamplonacom-133175176762273\/?ref=hl","article_published_time":"2023-01-19T16:28:26+00:00","article_modified_time":"2023-04-11T09:47:22+00:00","og_image":[{"width":1024,"height":622,"url":"https:\/\/www.laguiadepamplona.com\/actualidad\/wp-content\/uploads\/2023\/01\/fitur-pamplona-2023.jpeg","type":"image\/jpeg"}],"author":"La Gu\u00eda de Pamplona","twitter_card":"summary_large_image","twitter_creator":"@LaGuiadPamplona","twitter_site":"@LaGuiadPamplona","twitter_misc":{"Escrito por":"La Gu\u00eda de Pamplona","Tiempo de lectura":"3 minutos"},"schema":{"@context":"https:\/\/schema.org","@graph":[{"@type":"Article","@id":"https:\/\/www.laguiadepamplona.com\/actualidad\/pamplona-presenta-en-fitur-su-calculadora-para-medir-la-huella-de-carbono-de-los-eventos-a-celebrar-como-herramienta-para-facilitar-una-organizacion-mas-sostenible\/#article","isPartOf":{"@id":"https:\/\/www.laguiadepamplona.com\/actualidad\/pamplona-presenta-en-fitur-su-calculadora-para-medir-la-huella-de-carbono-de-los-eventos-a-celebrar-como-herramienta-para-facilitar-una-organizacion-mas-sostenible\/"},"author":{"name":"La Gu\u00eda de Pamplona","@id":"https:\/\/www.laguiadepamplona.com\/actualidad\/#\/schema\/person\/efe887376f0213d4657c93adc50b1fdb"},"headline":"Pamplona presenta en FITUR su calculadora para medir la huella de carbono de los eventos a celebrar como herramienta para facilitar una organizaci\u00f3n m\u00e1s sostenible","datePublished":"2023-01-19T16:28:26+00:00","dateModified":"2023-04-11T09:47:22+00:00","mainEntityOfPage":{"@id":"https:\/\/www.laguiadepamplona.com\/actualidad\/pamplona-presenta-en-fitur-su-calculadora-para-medir-la-huella-de-carbono-de-los-eventos-a-celebrar-como-herramienta-para-facilitar-una-organizacion-mas-sostenible\/"},"wordCount":487,"commentCount":0,"publisher":{"@id":"https:\/\/www.laguiadepamplona.com\/actualidad\/#organization"},"image":{"@id":"https:\/\/www.laguiadepamplona.com\/actualidad\/pamplona-presenta-en-fitur-su-calculadora-para-medir-la-huella-de-carbono-de-los-eventos-a-celebrar-como-herramienta-para-facilitar-una-organizacion-mas-sostenible\/#primaryimage"},"thumbnailUrl":"https:\/\/www.laguiadepamplona.com\/actualidad\/wp-content\/uploads\/2023\/01\/fitur-pamplona-2023.jpeg","articleSection":["Ayto Pamplona"],"inLanguage":"es","potentialAction":[{"@type":"CommentAction","name":"Comment","target":["https:\/\/www.laguiadepamplona.com\/actualidad\/pamplona-presenta-en-fitur-su-calculadora-para-medir-la-huella-de-carbono-de-los-eventos-a-celebrar-como-herramienta-para-facilitar-una-organizacion-mas-sostenible\/#respond"]}]},{"@type":"WebPage","@id":"https:\/\/www.laguiadepamplona.com\/actualidad\/pamplona-presenta-en-fitur-su-calculadora-para-medir-la-huella-de-carbono-de-los-eventos-a-celebrar-como-herramienta-para-facilitar-una-organizacion-mas-sostenible\/","url":"https:\/\/www.laguiadepamplona.com\/actualidad\/pamplona-presenta-en-fitur-su-calculadora-para-medir-la-huella-de-carbono-de-los-eventos-a-celebrar-como-herramienta-para-facilitar-una-organizacion-mas-sostenible\/","name":"Pamplona presenta en FITUR su calculadora para medir la huella de carbono de los eventos a celebrar como herramienta para facilitar una organizaci\u00f3n m\u00e1s sostenible","isPartOf":{"@id":"https:\/\/www.laguiadepamplona.com\/actualidad\/#website"},"primaryImageOfPage":{"@id":"https:\/\/www.laguiadepamplona.com\/actualidad\/pamplona-presenta-en-fitur-su-calculadora-para-medir-la-huella-de-carbono-de-los-eventos-a-celebrar-como-herramienta-para-facilitar-una-organizacion-mas-sostenible\/#primaryimage"},"image":{"@id":"https:\/\/www.laguiadepamplona.com\/actualidad\/pamplona-presenta-en-fitur-su-calculadora-para-medir-la-huella-de-carbono-de-los-eventos-a-celebrar-como-herramienta-para-facilitar-una-organizacion-mas-sostenible\/#primaryimage"},"thumbnailUrl":"https:\/\/www.laguiadepamplona.com\/actualidad\/wp-content\/uploads\/2023\/01\/fitur-pamplona-2023.jpeg","datePublished":"2023-01-19T16:28:26+00:00","dateModified":"2023-04-11T09:47:22+00:00","description":"El Ayuntamiento de Pamplona ha recibido el distintivo DTI por su apuesta por la metodolog\u00eda de Destino Tur\u00edstico Inteligente","breadcrumb":{"@id":"https:\/\/www.laguiadepamplona.com\/actualidad\/pamplona-presenta-en-fitur-su-calculadora-para-medir-la-huella-de-carbono-de-los-eventos-a-celebrar-como-herramienta-para-facilitar-una-organizacion-mas-sostenible\/#breadcrumb"},"inLanguage":"es","potentialAction":[{"@type":"ReadAction","target":["https:\/\/www.laguiadepamplona.com\/actualidad\/pamplona-presenta-en-fitur-su-calculadora-para-medir-la-huella-de-carbono-de-los-eventos-a-celebrar-como-herramienta-para-facilitar-una-organizacion-mas-sostenible\/"]}]},{"@type":"ImageObject","inLanguage":"es","@id":"https:\/\/www.laguiadepamplona.com\/actualidad\/pamplona-presenta-en-fitur-su-calculadora-para-medir-la-huella-de-carbono-de-los-eventos-a-celebrar-como-herramienta-para-facilitar-una-organizacion-mas-sostenible\/#primaryimage","url":"https:\/\/www.laguiadepamplona.com\/actualidad\/wp-content\/uploads\/2023\/01\/fitur-pamplona-2023.jpeg","contentUrl":"https:\/\/www.laguiadepamplona.com\/actualidad\/wp-content\/uploads\/2023\/01\/fitur-pamplona-2023.jpeg","width":1024,"height":622},{"@type":"BreadcrumbList","@id":"https:\/\/www.laguiadepamplona.com\/actualidad\/pamplona-presenta-en-fitur-su-calculadora-para-medir-la-huella-de-carbono-de-los-eventos-a-celebrar-como-herramienta-para-facilitar-una-organizacion-mas-sostenible\/#breadcrumb","itemListElement":[{"@type":"ListItem","position":1,"name":"Portada","item":"https:\/\/www.laguiadepamplona.com\/actualidad\/"},{"@type":"ListItem","position":2,"name":"Pamplona presenta en FITUR su calculadora para medir la huella de carbono de los eventos a celebrar como herramienta para facilitar una organizaci\u00f3n m\u00e1s sostenible"}]},{"@type":"WebSite","@id":"https:\/\/www.laguiadepamplona.com\/actualidad\/#website","url":"https:\/\/www.laguiadepamplona.com\/actualidad\/","name":"La gu\u00eda de Pamplona","description":"Noticias de Pamplona","publisher":{"@id":"https:\/\/www.laguiadepamplona.com\/actualidad\/#organization"},"potentialAction":[{"@type":"SearchAction","target":{"@type":"EntryPoint","urlTemplate":"https:\/\/www.laguiadepamplona.com\/actualidad\/?s={search_term_string}"},"query-input":{"@type":"PropertyValueSpecification","valueRequired":true,"valueName":"search_term_string"}}],"inLanguage":"es"},{"@type":"Organization","@id":"https:\/\/www.laguiadepamplona.com\/actualidad\/#organization","name":"La Gu\u00eda de Pamplona \/ Noticias","url":"https:\/\/www.laguiadepamplona.com\/actualidad\/","logo":{"@type":"ImageObject","inLanguage":"es","@id":"https:\/\/www.laguiadepamplona.com\/actualidad\/#\/schema\/logo\/image\/","url":"https:\/\/www.laguiadepamplona.com\/actualidad\/wp-content\/uploads\/2018\/11\/logo-laguiadepamplona18-web1.png","contentUrl":"https:\/\/www.laguiadepamplona.com\/actualidad\/wp-content\/uploads\/2018\/11\/logo-laguiadepamplona18-web1.png","width":600,"height":196,"caption":"La Gu\u00eda de Pamplona \/ Noticias"},"image":{"@id":"https:\/\/www.laguiadepamplona.com\/actualidad\/#\/schema\/logo\/image\/"},"sameAs":["https:\/\/www.facebook.com\/laguiadepamplonacom-133175176762273\/?ref=hl","https:\/\/x.com\/LaGuiadPamplona","https:\/\/www.instagram.com\/la_guia_de_pamplona\/","https:\/\/www.youtube.com\/user\/laguiadepamplona"]},{"@type":"Person","@id":"https:\/\/www.laguiadepamplona.com\/actualidad\/#\/schema\/person\/efe887376f0213d4657c93adc50b1fdb","name":"La Gu\u00eda de Pamplona","image":{"@type":"ImageObject","inLanguage":"es","@id":"https:\/\/secure.gravatar.com\/avatar\/b6992f131dc8d30ab0dff15446e9d346d9dbd95992de0fef795073f5ea83a81c?s=96&d=mm&r=g","url":"https:\/\/secure.gravatar.com\/avatar\/b6992f131dc8d30ab0dff15446e9d346d9dbd95992de0fef795073f5ea83a81c?s=96&d=mm&r=g","contentUrl":"https:\/\/secure.gravatar.com\/avatar\/b6992f131dc8d30ab0dff15446e9d346d9dbd95992de0fef795073f5ea83a81c?s=96&d=mm&r=g","caption":"La Gu\u00eda de Pamplona"}}]}},"post_mailing_queue_ids":[],"_links":{"self":[{"href":"https:\/\/www.laguiadepamplona.com\/actualidad\/wp-json\/wp\/v2\/posts\/42635","targetHints":{"allow":["GET"]}}],"collection":[{"href":"https:\/\/www.laguiadepamplona.com\/actualidad\/wp-json\/wp\/v2\/posts"}],"about":[{"href":"https:\/\/www.laguiadepamplona.com\/actualidad\/wp-json\/wp\/v2\/types\/post"}],"author":[{"embeddable":true,"href":"https:\/\/www.laguiadepamplona.com\/actualidad\/wp-json\/wp\/v2\/users\/1"}],"replies":[{"embeddable":true,"href":"https:\/\/www.laguiadepamplona.com\/actualidad\/wp-json\/wp\/v2\/comments?post=42635"}],"version-history":[{"count":0,"href":"https:\/\/www.laguiadepamplona.com\/actualidad\/wp-json\/wp\/v2\/posts\/42635\/revisions"}],"wp:featuredmedia":[{"embeddable":true,"href":"https:\/\/www.laguiadepamplona.com\/actualidad\/wp-json\/wp\/v2\/media\/42636"}],"wp:attachment":[{"href":"https:\/\/www.laguiadepamplona.com\/actualidad\/wp-json\/wp\/v2\/media?parent=42635"}],"wp:term":[{"taxonomy":"category","embeddable":true,"href":"https:\/\/www.laguiadepamplona.com\/actualidad\/wp-json\/wp\/v2\/categories?post=42635"},{"taxonomy":"post_tag","embeddable":true,"href":"https:\/\/www.laguiadepamplona.com\/actualidad\/wp-json\/wp\/v2\/tags?post=42635"}],"curies":[{"name":"wp","href":"https:\/\/api.w.org\/{rel}","templated":true}]}}