{"id":42632,"date":"2023-01-19T18:26:49","date_gmt":"2023-01-19T16:26:49","guid":{"rendered":"https:\/\/www.laguiadepamplona.com\/actualidad\/?p=42632"},"modified":"2023-04-11T11:47:22","modified_gmt":"2023-04-11T09:47:22","slug":"el-ayuntamiento-devolvera-el-importe-abonado-a-quienes-pagaron-la-zona-azul-suspendida-por-el-temporal-de-nieve-el-miercoles-y-el-jueves","status":"publish","type":"post","link":"https:\/\/www.laguiadepamplona.com\/actualidad\/el-ayuntamiento-devolvera-el-importe-abonado-a-quienes-pagaron-la-zona-azul-suspendida-por-el-temporal-de-nieve-el-miercoles-y-el-jueves\/","title":{"rendered":"El Ayuntamiento devolver\u00e1 el importe abonado a quienes pagaron la zona azul, suspendida por el temporal de nieve, el mi\u00e9rcoles y el jueves"},"content":{"rendered":"<h5>Se retira el dispositivo especial de tr\u00e1fico por la nieve, sin que se hayan registrado incidencias graves en el tr\u00e1fico rodado<\/h5>\n<p><!--more--><\/p>\n<p>El Ayuntamiento de Pamplona devolver\u00e1 el importe de la \u2018zona azul\u2019 a quienes lo hayan abonado este mi\u00e9rcoles y jueves. La zona de estacionamiento regulado (ZEL), conocida popularmente como \u2018zona azul\u2019, se suspendi\u00f3 en todas sus modalidades los dos d\u00edas por el temporal de nieve para facilitar el aparcamiento. Algunos ciudadanos, no conocedores de la medida del Ayuntamiento, abonaron el importe a trav\u00e9s de parqu\u00edmetro o de la aplicaci\u00f3n, sin que fuera necesario, por lo que ahora pueden recuperar ese importe.<br \/>\n<script async src=\"\/\/pagead2.googlesyndication.com\/pagead\/js\/adsbygoogle.js\"><\/script><br \/>\n<!-- Noticias La Guia de Pamplona --><br \/>\n<ins class=\"adsbygoogle\"\nstyle=\"display:block\"\ndata-ad-client=\"ca-pub-6943679897239327\"\ndata-ad-slot=\"7048180777\"\ndata-ad-format=\"auto\"><\/ins><br \/>\n<script>\n(adsbygoogle = window.adsbygoogle || []).push({});\n<\/script><\/p>\n<p>El sistema de pago permaneci\u00f3 activo, puesto que no es exclusivo de Pamplona y en otras ciudades la zona regulada funcion\u00f3 con normalidad. Para recuperar el dinero, quienes abonaron su tiempo de estacionamiento con la aplicaci\u00f3n Telpark, deben entrar al apartado Ayuda, Mis pagos, seleccionar cualquier opci\u00f3n del listado que aparece y pulsar \u201ccontacta con nosotros\u201d, donde se debe indicar que se pide la devoluci\u00f3n del importe que se haya abonado, el n\u00famero de matr\u00edcula y la fecha del pago.<\/p>\n<p>Las personas que abonaron su importe en los parqu\u00edmetros, deber\u00e1n acudir a realizar la correspondiente reclamaci\u00f3n a las oficinas de la empresa Dornier, en la calle Esquiroz 30, trasera. El horario de la empresa es de lunes a viernes de 08.30 a 20 horas y s\u00e1bados, de 08.30 a 14 horas. Para la reclamaci\u00f3n, es necesario presentar el ticket.<br \/>\n<script async src=\"\/\/pagead2.googlesyndication.com\/pagead\/js\/adsbygoogle.js\"><\/script><br \/>\n<!-- Noticias La Guia de Pamplona --><br \/>\n<ins class=\"adsbygoogle\"\nstyle=\"display:block\"\ndata-ad-client=\"ca-pub-6943679897239327\"\ndata-ad-slot=\"7048180777\"\ndata-ad-format=\"auto\"><\/ins><br \/>\n<script>\n(adsbygoogle = window.adsbygoogle || []).push({});\n<\/script><\/p>\n<p><strong>Sin incidencias graves<\/strong><\/p>\n<p>El temporal de nieve ha remitido en las \u00faltimas horas, por lo que el protocolo especial \u2018Plan de Nieves\u2019 se ha desactivado. Todas las calzadas se encuentran transitables, tras el trabajo de los equipos quitanieves y el operativo de los servicios de limpieza y jardines para despejar accesos y espacios de tr\u00e1nsito. A primera hora de la ma\u00f1ana, se han registrado incidentes puntuales por los efectos de la nevada, sin que se hayan producido incidencias de gravedad.<\/p>\n<p>Pese a la desactivaci\u00f3n del \u2018Plan de Nieves\u2019, los servicios municipales contin\u00faan trabajando en la limpieza de pasos de peatones y otras zonas peatonales, para paliar los efectos del temporal.<br \/>\n<script async src=\"\/\/pagead2.googlesyndication.com\/pagead\/js\/adsbygoogle.js\"><\/script><br \/>\n<!-- Noticias La Guia de Pamplona --><br \/>\n<ins class=\"adsbygoogle\"\nstyle=\"display:block\"\ndata-ad-client=\"ca-pub-6943679897239327\"\ndata-ad-slot=\"7048180777\"\ndata-ad-format=\"auto\"><\/ins><br \/>\n<script>\n(adsbygoogle = window.adsbygoogle || []).push({});\n<\/script><\/p>\n<p>&nbsp;<\/p>\n<h3>Recuperar Pagos de la Zona Azul<\/h3>\n<ul>\n<li>Pago con la aplicaci\u00f3n Telpark\n<ul>\n<li>Men\u00fa Ayuda \u2013 Mis pagos \u2013 Seleccionar opci\u00f3n del listado \u2013 Contacta con nosotros<\/li>\n<li>Se debe indicar el importe, la matr\u00edcula y la fecha del pago<\/li>\n<\/ul>\n<\/li>\n<li>Pago en met\u00e1lico en parqu\u00edmetro\n<ul>\n<li>Hay que poner una reclamaci\u00f3n en las oficinas de Dornier, en la calle Esqu\u00edroz, 30<\/li>\n<\/ul>\n<\/li>\n<\/ul>\n","protected":false},"excerpt":{"rendered":"<p>Se retira el dispositivo especial de tr\u00e1fico por la nieve, sin que se hayan registrado incidencias graves en el tr\u00e1fico rodado<\/p>\n","protected":false},"author":1,"featured_media":42633,"comment_status":"open","ping_status":"closed","sticky":false,"template":"","format":"standard","meta":{"footnotes":""},"categories":[2],"tags":[],"class_list":["post-42632","post","type-post","status-publish","format-standard","has-post-thumbnail","hentry","category-ayuntamiento-pamplona"],"yoast_head":"<!-- This site is optimized with the Yoast SEO plugin v27.3 - https:\/\/yoast.com\/product\/yoast-seo-wordpress\/ -->\n<title>El Ayuntamiento devolver\u00e1 el importe abonado a quienes pagaron la zona azul, suspendida por el temporal de nieve, el mi\u00e9rcoles y el jueves<\/title>\n<meta name=\"description\" content=\"Se retira el dispositivo especial de tr\u00e1fico por la nieve, sin que se hayan registrado incidencias graves en el tr\u00e1fico rodado\" \/>\n<meta name=\"robots\" content=\"index, follow, max-snippet:-1, max-image-preview:large, max-video-preview:-1\" \/>\n<link rel=\"canonical\" href=\"https:\/\/www.laguiadepamplona.com\/actualidad\/el-ayuntamiento-devolvera-el-importe-abonado-a-quienes-pagaron-la-zona-azul-suspendida-por-el-temporal-de-nieve-el-miercoles-y-el-jueves\/\" \/>\n<meta property=\"og:locale\" content=\"es_ES\" \/>\n<meta property=\"og:type\" content=\"article\" \/>\n<meta property=\"og:title\" content=\"El Ayuntamiento devolver\u00e1 el importe abonado a quienes pagaron la zona azul, suspendida por el temporal de nieve, el mi\u00e9rcoles y el jueves\" \/>\n<meta property=\"og:description\" content=\"Se retira el dispositivo especial de tr\u00e1fico por la nieve, sin que se hayan registrado incidencias graves en el tr\u00e1fico rodado\" \/>\n<meta property=\"og:url\" content=\"https:\/\/www.laguiadepamplona.com\/actualidad\/el-ayuntamiento-devolvera-el-importe-abonado-a-quienes-pagaron-la-zona-azul-suspendida-por-el-temporal-de-nieve-el-miercoles-y-el-jueves\/\" \/>\n<meta property=\"og:site_name\" content=\"La Gu\u00eda de Pamplona\" \/>\n<meta property=\"article:publisher\" content=\"https:\/\/www.facebook.com\/laguiadepamplonacom-133175176762273\/?ref=hl\" \/>\n<meta property=\"article:published_time\" content=\"2023-01-19T16:26:49+00:00\" \/>\n<meta property=\"article:modified_time\" content=\"2023-04-11T09:47:22+00:00\" \/>\n<meta property=\"og:image\" content=\"https:\/\/www.laguiadepamplona.com\/actualidad\/wp-content\/uploads\/2023\/01\/parquimetro-nieve.jpeg\" \/>\n\t<meta property=\"og:image:width\" content=\"1600\" \/>\n\t<meta property=\"og:image:height\" content=\"900\" \/>\n\t<meta property=\"og:image:type\" content=\"image\/jpeg\" \/>\n<meta name=\"author\" content=\"La Gu\u00eda de Pamplona\" \/>\n<meta name=\"twitter:card\" content=\"summary_large_image\" \/>\n<meta name=\"twitter:creator\" content=\"@LaGuiadPamplona\" \/>\n<meta name=\"twitter:site\" content=\"@LaGuiadPamplona\" \/>\n<meta name=\"twitter:label1\" content=\"Escrito por\" \/>\n\t<meta name=\"twitter:data1\" content=\"La Gu\u00eda de Pamplona\" \/>\n\t<meta name=\"twitter:label2\" content=\"Tiempo de lectura\" \/>\n\t<meta name=\"twitter:data2\" content=\"2 minutos\" \/>\n<script type=\"application\/ld+json\" class=\"yoast-schema-graph\">{\"@context\":\"https:\\\/\\\/schema.org\",\"@graph\":[{\"@type\":\"Article\",\"@id\":\"https:\\\/\\\/www.laguiadepamplona.com\\\/actualidad\\\/el-ayuntamiento-devolvera-el-importe-abonado-a-quienes-pagaron-la-zona-azul-suspendida-por-el-temporal-de-nieve-el-miercoles-y-el-jueves\\\/#article\",\"isPartOf\":{\"@id\":\"https:\\\/\\\/www.laguiadepamplona.com\\\/actualidad\\\/el-ayuntamiento-devolvera-el-importe-abonado-a-quienes-pagaron-la-zona-azul-suspendida-por-el-temporal-de-nieve-el-miercoles-y-el-jueves\\\/\"},\"author\":{\"name\":\"La Gu\u00eda de Pamplona\",\"@id\":\"https:\\\/\\\/www.laguiadepamplona.com\\\/actualidad\\\/#\\\/schema\\\/person\\\/efe887376f0213d4657c93adc50b1fdb\"},\"headline\":\"El Ayuntamiento devolver\u00e1 el importe abonado a quienes pagaron la zona azul, suspendida por el temporal de nieve, el mi\u00e9rcoles y el jueves\",\"datePublished\":\"2023-01-19T16:26:49+00:00\",\"dateModified\":\"2023-04-11T09:47:22+00:00\",\"mainEntityOfPage\":{\"@id\":\"https:\\\/\\\/www.laguiadepamplona.com\\\/actualidad\\\/el-ayuntamiento-devolvera-el-importe-abonado-a-quienes-pagaron-la-zona-azul-suspendida-por-el-temporal-de-nieve-el-miercoles-y-el-jueves\\\/\"},\"wordCount\":452,\"commentCount\":0,\"publisher\":{\"@id\":\"https:\\\/\\\/www.laguiadepamplona.com\\\/actualidad\\\/#organization\"},\"image\":{\"@id\":\"https:\\\/\\\/www.laguiadepamplona.com\\\/actualidad\\\/el-ayuntamiento-devolvera-el-importe-abonado-a-quienes-pagaron-la-zona-azul-suspendida-por-el-temporal-de-nieve-el-miercoles-y-el-jueves\\\/#primaryimage\"},\"thumbnailUrl\":\"https:\\\/\\\/www.laguiadepamplona.com\\\/actualidad\\\/wp-content\\\/uploads\\\/2023\\\/01\\\/parquimetro-nieve.jpeg\",\"articleSection\":[\"Ayto Pamplona\"],\"inLanguage\":\"es\",\"potentialAction\":[{\"@type\":\"CommentAction\",\"name\":\"Comment\",\"target\":[\"https:\\\/\\\/www.laguiadepamplona.com\\\/actualidad\\\/el-ayuntamiento-devolvera-el-importe-abonado-a-quienes-pagaron-la-zona-azul-suspendida-por-el-temporal-de-nieve-el-miercoles-y-el-jueves\\\/#respond\"]}]},{\"@type\":\"WebPage\",\"@id\":\"https:\\\/\\\/www.laguiadepamplona.com\\\/actualidad\\\/el-ayuntamiento-devolvera-el-importe-abonado-a-quienes-pagaron-la-zona-azul-suspendida-por-el-temporal-de-nieve-el-miercoles-y-el-jueves\\\/\",\"url\":\"https:\\\/\\\/www.laguiadepamplona.com\\\/actualidad\\\/el-ayuntamiento-devolvera-el-importe-abonado-a-quienes-pagaron-la-zona-azul-suspendida-por-el-temporal-de-nieve-el-miercoles-y-el-jueves\\\/\",\"name\":\"El Ayuntamiento devolver\u00e1 el importe abonado a quienes pagaron la zona azul, suspendida por el temporal de nieve, el mi\u00e9rcoles y el jueves\",\"isPartOf\":{\"@id\":\"https:\\\/\\\/www.laguiadepamplona.com\\\/actualidad\\\/#website\"},\"primaryImageOfPage\":{\"@id\":\"https:\\\/\\\/www.laguiadepamplona.com\\\/actualidad\\\/el-ayuntamiento-devolvera-el-importe-abonado-a-quienes-pagaron-la-zona-azul-suspendida-por-el-temporal-de-nieve-el-miercoles-y-el-jueves\\\/#primaryimage\"},\"image\":{\"@id\":\"https:\\\/\\\/www.laguiadepamplona.com\\\/actualidad\\\/el-ayuntamiento-devolvera-el-importe-abonado-a-quienes-pagaron-la-zona-azul-suspendida-por-el-temporal-de-nieve-el-miercoles-y-el-jueves\\\/#primaryimage\"},\"thumbnailUrl\":\"https:\\\/\\\/www.laguiadepamplona.com\\\/actualidad\\\/wp-content\\\/uploads\\\/2023\\\/01\\\/parquimetro-nieve.jpeg\",\"datePublished\":\"2023-01-19T16:26:49+00:00\",\"dateModified\":\"2023-04-11T09:47:22+00:00\",\"description\":\"Se retira el dispositivo especial de tr\u00e1fico por la nieve, sin que se hayan registrado incidencias graves en el tr\u00e1fico rodado\",\"breadcrumb\":{\"@id\":\"https:\\\/\\\/www.laguiadepamplona.com\\\/actualidad\\\/el-ayuntamiento-devolvera-el-importe-abonado-a-quienes-pagaron-la-zona-azul-suspendida-por-el-temporal-de-nieve-el-miercoles-y-el-jueves\\\/#breadcrumb\"},\"inLanguage\":\"es\",\"potentialAction\":[{\"@type\":\"ReadAction\",\"target\":[\"https:\\\/\\\/www.laguiadepamplona.com\\\/actualidad\\\/el-ayuntamiento-devolvera-el-importe-abonado-a-quienes-pagaron-la-zona-azul-suspendida-por-el-temporal-de-nieve-el-miercoles-y-el-jueves\\\/\"]}]},{\"@type\":\"ImageObject\",\"inLanguage\":\"es\",\"@id\":\"https:\\\/\\\/www.laguiadepamplona.com\\\/actualidad\\\/el-ayuntamiento-devolvera-el-importe-abonado-a-quienes-pagaron-la-zona-azul-suspendida-por-el-temporal-de-nieve-el-miercoles-y-el-jueves\\\/#primaryimage\",\"url\":\"https:\\\/\\\/www.laguiadepamplona.com\\\/actualidad\\\/wp-content\\\/uploads\\\/2023\\\/01\\\/parquimetro-nieve.jpeg\",\"contentUrl\":\"https:\\\/\\\/www.laguiadepamplona.com\\\/actualidad\\\/wp-content\\\/uploads\\\/2023\\\/01\\\/parquimetro-nieve.jpeg\",\"width\":1600,\"height\":900},{\"@type\":\"BreadcrumbList\",\"@id\":\"https:\\\/\\\/www.laguiadepamplona.com\\\/actualidad\\\/el-ayuntamiento-devolvera-el-importe-abonado-a-quienes-pagaron-la-zona-azul-suspendida-por-el-temporal-de-nieve-el-miercoles-y-el-jueves\\\/#breadcrumb\",\"itemListElement\":[{\"@type\":\"ListItem\",\"position\":1,\"name\":\"Portada\",\"item\":\"https:\\\/\\\/www.laguiadepamplona.com\\\/actualidad\\\/\"},{\"@type\":\"ListItem\",\"position\":2,\"name\":\"El Ayuntamiento devolver\u00e1 el importe abonado a quienes pagaron la zona azul, suspendida por el temporal de nieve, el mi\u00e9rcoles y el jueves\"}]},{\"@type\":\"WebSite\",\"@id\":\"https:\\\/\\\/www.laguiadepamplona.com\\\/actualidad\\\/#website\",\"url\":\"https:\\\/\\\/www.laguiadepamplona.com\\\/actualidad\\\/\",\"name\":\"La gu\u00eda de Pamplona\",\"description\":\"Noticias de Pamplona\",\"publisher\":{\"@id\":\"https:\\\/\\\/www.laguiadepamplona.com\\\/actualidad\\\/#organization\"},\"potentialAction\":[{\"@type\":\"SearchAction\",\"target\":{\"@type\":\"EntryPoint\",\"urlTemplate\":\"https:\\\/\\\/www.laguiadepamplona.com\\\/actualidad\\\/?s={search_term_string}\"},\"query-input\":{\"@type\":\"PropertyValueSpecification\",\"valueRequired\":true,\"valueName\":\"search_term_string\"}}],\"inLanguage\":\"es\"},{\"@type\":\"Organization\",\"@id\":\"https:\\\/\\\/www.laguiadepamplona.com\\\/actualidad\\\/#organization\",\"name\":\"La Gu\u00eda de Pamplona \\\/ Noticias\",\"url\":\"https:\\\/\\\/www.laguiadepamplona.com\\\/actualidad\\\/\",\"logo\":{\"@type\":\"ImageObject\",\"inLanguage\":\"es\",\"@id\":\"https:\\\/\\\/www.laguiadepamplona.com\\\/actualidad\\\/#\\\/schema\\\/logo\\\/image\\\/\",\"url\":\"https:\\\/\\\/www.laguiadepamplona.com\\\/actualidad\\\/wp-content\\\/uploads\\\/2018\\\/11\\\/logo-laguiadepamplona18-web1.png\",\"contentUrl\":\"https:\\\/\\\/www.laguiadepamplona.com\\\/actualidad\\\/wp-content\\\/uploads\\\/2018\\\/11\\\/logo-laguiadepamplona18-web1.png\",\"width\":600,\"height\":196,\"caption\":\"La Gu\u00eda de Pamplona \\\/ Noticias\"},\"image\":{\"@id\":\"https:\\\/\\\/www.laguiadepamplona.com\\\/actualidad\\\/#\\\/schema\\\/logo\\\/image\\\/\"},\"sameAs\":[\"https:\\\/\\\/www.facebook.com\\\/laguiadepamplonacom-133175176762273\\\/?ref=hl\",\"https:\\\/\\\/x.com\\\/LaGuiadPamplona\",\"https:\\\/\\\/www.instagram.com\\\/la_guia_de_pamplona\\\/\",\"https:\\\/\\\/www.youtube.com\\\/user\\\/laguiadepamplona\"]},{\"@type\":\"Person\",\"@id\":\"https:\\\/\\\/www.laguiadepamplona.com\\\/actualidad\\\/#\\\/schema\\\/person\\\/efe887376f0213d4657c93adc50b1fdb\",\"name\":\"La Gu\u00eda de Pamplona\",\"image\":{\"@type\":\"ImageObject\",\"inLanguage\":\"es\",\"@id\":\"https:\\\/\\\/secure.gravatar.com\\\/avatar\\\/b6992f131dc8d30ab0dff15446e9d346d9dbd95992de0fef795073f5ea83a81c?s=96&d=mm&r=g\",\"url\":\"https:\\\/\\\/secure.gravatar.com\\\/avatar\\\/b6992f131dc8d30ab0dff15446e9d346d9dbd95992de0fef795073f5ea83a81c?s=96&d=mm&r=g\",\"contentUrl\":\"https:\\\/\\\/secure.gravatar.com\\\/avatar\\\/b6992f131dc8d30ab0dff15446e9d346d9dbd95992de0fef795073f5ea83a81c?s=96&d=mm&r=g\",\"caption\":\"La Gu\u00eda de Pamplona\"}}]}<\/script>\n<!-- \/ Yoast SEO plugin. -->","yoast_head_json":{"title":"El Ayuntamiento devolver\u00e1 el importe abonado a quienes pagaron la zona azul, suspendida por el temporal de nieve, el mi\u00e9rcoles y el jueves","description":"Se retira el dispositivo especial de tr\u00e1fico por la nieve, sin que se hayan registrado incidencias graves en el tr\u00e1fico rodado","robots":{"index":"index","follow":"follow","max-snippet":"max-snippet:-1","max-image-preview":"max-image-preview:large","max-video-preview":"max-video-preview:-1"},"canonical":"https:\/\/www.laguiadepamplona.com\/actualidad\/el-ayuntamiento-devolvera-el-importe-abonado-a-quienes-pagaron-la-zona-azul-suspendida-por-el-temporal-de-nieve-el-miercoles-y-el-jueves\/","og_locale":"es_ES","og_type":"article","og_title":"El Ayuntamiento devolver\u00e1 el importe abonado a quienes pagaron la zona azul, suspendida por el temporal de nieve, el mi\u00e9rcoles y el jueves","og_description":"Se retira el dispositivo especial de tr\u00e1fico por la nieve, sin que se hayan registrado incidencias graves en el tr\u00e1fico rodado","og_url":"https:\/\/www.laguiadepamplona.com\/actualidad\/el-ayuntamiento-devolvera-el-importe-abonado-a-quienes-pagaron-la-zona-azul-suspendida-por-el-temporal-de-nieve-el-miercoles-y-el-jueves\/","og_site_name":"La Gu\u00eda de Pamplona","article_publisher":"https:\/\/www.facebook.com\/laguiadepamplonacom-133175176762273\/?ref=hl","article_published_time":"2023-01-19T16:26:49+00:00","article_modified_time":"2023-04-11T09:47:22+00:00","og_image":[{"width":1600,"height":900,"url":"https:\/\/www.laguiadepamplona.com\/actualidad\/wp-content\/uploads\/2023\/01\/parquimetro-nieve.jpeg","type":"image\/jpeg"}],"author":"La Gu\u00eda de Pamplona","twitter_card":"summary_large_image","twitter_creator":"@LaGuiadPamplona","twitter_site":"@LaGuiadPamplona","twitter_misc":{"Escrito por":"La Gu\u00eda de Pamplona","Tiempo de lectura":"2 minutos"},"schema":{"@context":"https:\/\/schema.org","@graph":[{"@type":"Article","@id":"https:\/\/www.laguiadepamplona.com\/actualidad\/el-ayuntamiento-devolvera-el-importe-abonado-a-quienes-pagaron-la-zona-azul-suspendida-por-el-temporal-de-nieve-el-miercoles-y-el-jueves\/#article","isPartOf":{"@id":"https:\/\/www.laguiadepamplona.com\/actualidad\/el-ayuntamiento-devolvera-el-importe-abonado-a-quienes-pagaron-la-zona-azul-suspendida-por-el-temporal-de-nieve-el-miercoles-y-el-jueves\/"},"author":{"name":"La Gu\u00eda de Pamplona","@id":"https:\/\/www.laguiadepamplona.com\/actualidad\/#\/schema\/person\/efe887376f0213d4657c93adc50b1fdb"},"headline":"El Ayuntamiento devolver\u00e1 el importe abonado a quienes pagaron la zona azul, suspendida por el temporal de nieve, el mi\u00e9rcoles y el jueves","datePublished":"2023-01-19T16:26:49+00:00","dateModified":"2023-04-11T09:47:22+00:00","mainEntityOfPage":{"@id":"https:\/\/www.laguiadepamplona.com\/actualidad\/el-ayuntamiento-devolvera-el-importe-abonado-a-quienes-pagaron-la-zona-azul-suspendida-por-el-temporal-de-nieve-el-miercoles-y-el-jueves\/"},"wordCount":452,"commentCount":0,"publisher":{"@id":"https:\/\/www.laguiadepamplona.com\/actualidad\/#organization"},"image":{"@id":"https:\/\/www.laguiadepamplona.com\/actualidad\/el-ayuntamiento-devolvera-el-importe-abonado-a-quienes-pagaron-la-zona-azul-suspendida-por-el-temporal-de-nieve-el-miercoles-y-el-jueves\/#primaryimage"},"thumbnailUrl":"https:\/\/www.laguiadepamplona.com\/actualidad\/wp-content\/uploads\/2023\/01\/parquimetro-nieve.jpeg","articleSection":["Ayto Pamplona"],"inLanguage":"es","potentialAction":[{"@type":"CommentAction","name":"Comment","target":["https:\/\/www.laguiadepamplona.com\/actualidad\/el-ayuntamiento-devolvera-el-importe-abonado-a-quienes-pagaron-la-zona-azul-suspendida-por-el-temporal-de-nieve-el-miercoles-y-el-jueves\/#respond"]}]},{"@type":"WebPage","@id":"https:\/\/www.laguiadepamplona.com\/actualidad\/el-ayuntamiento-devolvera-el-importe-abonado-a-quienes-pagaron-la-zona-azul-suspendida-por-el-temporal-de-nieve-el-miercoles-y-el-jueves\/","url":"https:\/\/www.laguiadepamplona.com\/actualidad\/el-ayuntamiento-devolvera-el-importe-abonado-a-quienes-pagaron-la-zona-azul-suspendida-por-el-temporal-de-nieve-el-miercoles-y-el-jueves\/","name":"El Ayuntamiento devolver\u00e1 el importe abonado a quienes pagaron la zona azul, suspendida por el temporal de nieve, el mi\u00e9rcoles y el jueves","isPartOf":{"@id":"https:\/\/www.laguiadepamplona.com\/actualidad\/#website"},"primaryImageOfPage":{"@id":"https:\/\/www.laguiadepamplona.com\/actualidad\/el-ayuntamiento-devolvera-el-importe-abonado-a-quienes-pagaron-la-zona-azul-suspendida-por-el-temporal-de-nieve-el-miercoles-y-el-jueves\/#primaryimage"},"image":{"@id":"https:\/\/www.laguiadepamplona.com\/actualidad\/el-ayuntamiento-devolvera-el-importe-abonado-a-quienes-pagaron-la-zona-azul-suspendida-por-el-temporal-de-nieve-el-miercoles-y-el-jueves\/#primaryimage"},"thumbnailUrl":"https:\/\/www.laguiadepamplona.com\/actualidad\/wp-content\/uploads\/2023\/01\/parquimetro-nieve.jpeg","datePublished":"2023-01-19T16:26:49+00:00","dateModified":"2023-04-11T09:47:22+00:00","description":"Se retira el dispositivo especial de tr\u00e1fico por la nieve, sin que se hayan registrado incidencias graves en el tr\u00e1fico rodado","breadcrumb":{"@id":"https:\/\/www.laguiadepamplona.com\/actualidad\/el-ayuntamiento-devolvera-el-importe-abonado-a-quienes-pagaron-la-zona-azul-suspendida-por-el-temporal-de-nieve-el-miercoles-y-el-jueves\/#breadcrumb"},"inLanguage":"es","potentialAction":[{"@type":"ReadAction","target":["https:\/\/www.laguiadepamplona.com\/actualidad\/el-ayuntamiento-devolvera-el-importe-abonado-a-quienes-pagaron-la-zona-azul-suspendida-por-el-temporal-de-nieve-el-miercoles-y-el-jueves\/"]}]},{"@type":"ImageObject","inLanguage":"es","@id":"https:\/\/www.laguiadepamplona.com\/actualidad\/el-ayuntamiento-devolvera-el-importe-abonado-a-quienes-pagaron-la-zona-azul-suspendida-por-el-temporal-de-nieve-el-miercoles-y-el-jueves\/#primaryimage","url":"https:\/\/www.laguiadepamplona.com\/actualidad\/wp-content\/uploads\/2023\/01\/parquimetro-nieve.jpeg","contentUrl":"https:\/\/www.laguiadepamplona.com\/actualidad\/wp-content\/uploads\/2023\/01\/parquimetro-nieve.jpeg","width":1600,"height":900},{"@type":"BreadcrumbList","@id":"https:\/\/www.laguiadepamplona.com\/actualidad\/el-ayuntamiento-devolvera-el-importe-abonado-a-quienes-pagaron-la-zona-azul-suspendida-por-el-temporal-de-nieve-el-miercoles-y-el-jueves\/#breadcrumb","itemListElement":[{"@type":"ListItem","position":1,"name":"Portada","item":"https:\/\/www.laguiadepamplona.com\/actualidad\/"},{"@type":"ListItem","position":2,"name":"El Ayuntamiento devolver\u00e1 el importe abonado a quienes pagaron la zona azul, suspendida por el temporal de nieve, el mi\u00e9rcoles y el jueves"}]},{"@type":"WebSite","@id":"https:\/\/www.laguiadepamplona.com\/actualidad\/#website","url":"https:\/\/www.laguiadepamplona.com\/actualidad\/","name":"La gu\u00eda de Pamplona","description":"Noticias de Pamplona","publisher":{"@id":"https:\/\/www.laguiadepamplona.com\/actualidad\/#organization"},"potentialAction":[{"@type":"SearchAction","target":{"@type":"EntryPoint","urlTemplate":"https:\/\/www.laguiadepamplona.com\/actualidad\/?s={search_term_string}"},"query-input":{"@type":"PropertyValueSpecification","valueRequired":true,"valueName":"search_term_string"}}],"inLanguage":"es"},{"@type":"Organization","@id":"https:\/\/www.laguiadepamplona.com\/actualidad\/#organization","name":"La Gu\u00eda de Pamplona \/ Noticias","url":"https:\/\/www.laguiadepamplona.com\/actualidad\/","logo":{"@type":"ImageObject","inLanguage":"es","@id":"https:\/\/www.laguiadepamplona.com\/actualidad\/#\/schema\/logo\/image\/","url":"https:\/\/www.laguiadepamplona.com\/actualidad\/wp-content\/uploads\/2018\/11\/logo-laguiadepamplona18-web1.png","contentUrl":"https:\/\/www.laguiadepamplona.com\/actualidad\/wp-content\/uploads\/2018\/11\/logo-laguiadepamplona18-web1.png","width":600,"height":196,"caption":"La Gu\u00eda de Pamplona \/ Noticias"},"image":{"@id":"https:\/\/www.laguiadepamplona.com\/actualidad\/#\/schema\/logo\/image\/"},"sameAs":["https:\/\/www.facebook.com\/laguiadepamplonacom-133175176762273\/?ref=hl","https:\/\/x.com\/LaGuiadPamplona","https:\/\/www.instagram.com\/la_guia_de_pamplona\/","https:\/\/www.youtube.com\/user\/laguiadepamplona"]},{"@type":"Person","@id":"https:\/\/www.laguiadepamplona.com\/actualidad\/#\/schema\/person\/efe887376f0213d4657c93adc50b1fdb","name":"La Gu\u00eda de Pamplona","image":{"@type":"ImageObject","inLanguage":"es","@id":"https:\/\/secure.gravatar.com\/avatar\/b6992f131dc8d30ab0dff15446e9d346d9dbd95992de0fef795073f5ea83a81c?s=96&d=mm&r=g","url":"https:\/\/secure.gravatar.com\/avatar\/b6992f131dc8d30ab0dff15446e9d346d9dbd95992de0fef795073f5ea83a81c?s=96&d=mm&r=g","contentUrl":"https:\/\/secure.gravatar.com\/avatar\/b6992f131dc8d30ab0dff15446e9d346d9dbd95992de0fef795073f5ea83a81c?s=96&d=mm&r=g","caption":"La Gu\u00eda de Pamplona"}}]}},"post_mailing_queue_ids":[],"_links":{"self":[{"href":"https:\/\/www.laguiadepamplona.com\/actualidad\/wp-json\/wp\/v2\/posts\/42632","targetHints":{"allow":["GET"]}}],"collection":[{"href":"https:\/\/www.laguiadepamplona.com\/actualidad\/wp-json\/wp\/v2\/posts"}],"about":[{"href":"https:\/\/www.laguiadepamplona.com\/actualidad\/wp-json\/wp\/v2\/types\/post"}],"author":[{"embeddable":true,"href":"https:\/\/www.laguiadepamplona.com\/actualidad\/wp-json\/wp\/v2\/users\/1"}],"replies":[{"embeddable":true,"href":"https:\/\/www.laguiadepamplona.com\/actualidad\/wp-json\/wp\/v2\/comments?post=42632"}],"version-history":[{"count":0,"href":"https:\/\/www.laguiadepamplona.com\/actualidad\/wp-json\/wp\/v2\/posts\/42632\/revisions"}],"wp:featuredmedia":[{"embeddable":true,"href":"https:\/\/www.laguiadepamplona.com\/actualidad\/wp-json\/wp\/v2\/media\/42633"}],"wp:attachment":[{"href":"https:\/\/www.laguiadepamplona.com\/actualidad\/wp-json\/wp\/v2\/media?parent=42632"}],"wp:term":[{"taxonomy":"category","embeddable":true,"href":"https:\/\/www.laguiadepamplona.com\/actualidad\/wp-json\/wp\/v2\/categories?post=42632"},{"taxonomy":"post_tag","embeddable":true,"href":"https:\/\/www.laguiadepamplona.com\/actualidad\/wp-json\/wp\/v2\/tags?post=42632"}],"curies":[{"name":"wp","href":"https:\/\/api.w.org\/{rel}","templated":true}]}}