{"id":42629,"date":"2023-01-19T18:25:36","date_gmt":"2023-01-19T16:25:36","guid":{"rendered":"https:\/\/www.laguiadepamplona.com\/actualidad\/?p=42629"},"modified":"2023-04-11T11:47:22","modified_gmt":"2023-04-11T09:47:22","slug":"el-horno-de-la-ciudadela-acoge-la-instalacion-luminico-sonora-cancion-por-margerite-de-esther-garcia-urquijo","status":"publish","type":"post","link":"https:\/\/www.laguiadepamplona.com\/actualidad\/el-horno-de-la-ciudadela-acoge-la-instalacion-luminico-sonora-cancion-por-margerite-de-esther-garcia-urquijo\/","title":{"rendered":"El Horno de la Ciudadela acoge la instalaci\u00f3n lum\u00ednico sonora \u2018Canci\u00f3n por Margerite\u2019, de Esther Garc\u00eda Urquijo"},"content":{"rendered":"<h5>La artista busca recrear la experiencia sensorial provocada por el visionado de la pel\u00edcula \u2018India Song\u2019, escrita y dirigida por Marguerite Duras<\/h5>\n<p><!--more--><\/p>\n<p>El Horno de la Ciudadela acoge desde hoy hasta el 12 de marzo la instalaci\u00f3n lum\u00ednico sonora \u2018Canci\u00f3n por Margerite\u2019, creada por la artista madrile\u00f1a Esther Garc\u00eda Urquijo. La instalaci\u00f3n se basa en la obra de teatro, libro y posterior pel\u00edcula titulada \u2018India Song\u2019, escrita y dirigida por Marguerite Duras por encargo del National Theater de Londres.<\/p>\n<p>A partir del visionado de la pel\u00edcula, interpretada por Delphine Seyring hace 50 a\u00f1os, Esther Garc\u00eda pint\u00f3 una serie de acuarelas, que son la base de la obra: la instalaci\u00f3n consta de un sistema de luces que se retroproyecta sobre copias en acetatos de 72 acuarelas. Los acetatos se presentan divididos en 24 torres de tres y colocados en c\u00edrculo, de manera que se reflejan en otras torres de espejos, colocadas en un c\u00edrculo exterior, proyectando esta luz y distribuy\u00e9ndola por el espacio. Mientras tanto, en los altavoces de la sala, suena un montaje sonoro con los di\u00e1logos de la obra de teatro, \u00edntegramente interpretados por la artista.<br \/>\n<script async src=\"\/\/pagead2.googlesyndication.com\/pagead\/js\/adsbygoogle.js\"><\/script><br \/>\n<!-- Noticias La Guia de Pamplona --><br \/>\n<ins class=\"adsbygoogle\"\nstyle=\"display:block\"\ndata-ad-client=\"ca-pub-6943679897239327\"\ndata-ad-slot=\"7048180777\"\ndata-ad-format=\"auto\"><\/ins><br \/>\n<script>\n(adsbygoogle = window.adsbygoogle || []).push({});\n<\/script><\/p>\n<p>La obra surge de la necesidad de la creadora de pintar los fotogramas de la pel\u00edcula, impresionada por su belleza y calado. El paso del tiempo no ha restado actualidad a los temas que incluye, entre ellos, la depresi\u00f3n, el suicidio, el amor libre fuera de las estructuras de la familia, la luz de gas o el juicio social sobre aquellos que se salen de la norma. La autora destaca tambi\u00e9n la importancia de la m\u00fasica y el tempo de los personajes.<\/p>\n<p>Todos estos elementos se conjugan en la instalaci\u00f3n, con la que Esther Garc\u00eda quiere crear una experiencia sensorial similar a la que ella experiment\u00f3 en primera persona al ver por primera vez la pel\u00edcula. Como principales l\u00edneas conceptuales, la artista sigue el hilo invisible que une los conceptos de deseo y placer, y aborda temas como el poder, la sumisi\u00f3n, la atracci\u00f3n f\u00edsica, las relaciones sexuales o usos amorosos actuales y la diversidad sexual.<\/p>\n<p>La artista destaca que, como mujer, plantea todos esos temas desde un punto de vista feminista, sobre todo en la representaci\u00f3n del cuerpo y los mecanismos de poder que se generan. En sus obras, se percibe una tensi\u00f3n potenciada con una manufactura fr\u00e1gil y laboriosa, e im\u00e1genes expl\u00edcitas. Esther Garc\u00eda cuida al detalle cada elemento de su obra y su manufactura para crear un conjunto arm\u00f3nico, visualmente atractivo, pero que alberga en su interior un discurso cr\u00edtico y pol\u00edtico hacia el tema que se recrea.<br \/>\n<script async src=\"\/\/pagead2.googlesyndication.com\/pagead\/js\/adsbygoogle.js\"><\/script><br \/>\n<!-- Noticias La Guia de Pamplona --><br \/>\n<ins class=\"adsbygoogle\"\nstyle=\"display:block\"\ndata-ad-client=\"ca-pub-6943679897239327\"\ndata-ad-slot=\"7048180777\"\ndata-ad-format=\"auto\"><\/ins><br \/>\n<script>\n(adsbygoogle = window.adsbygoogle || []).push({});\n<\/script><\/p>\n<p>&nbsp;<\/p>\n<h3>\u2018Canci\u00f3n por Margerite\u2019. Horno de la Ciudadela<\/h3>\n<ul>\n<li>Del 19 de enero al 12 de marzo<\/li>\n<li>Horario:\n<ul>\n<li>De martes a s\u00e1bado: 11.30-13.30 y 18.00-20.30 horas.<\/li>\n<li>Domingos y festivos: 11.30-13.30 horas.<\/li>\n<li>Lunes, cerrado.<\/li>\n<\/ul>\n<\/li>\n<\/ul>\n","protected":false},"excerpt":{"rendered":"<p>La artista busca recrear la experiencia sensorial provocada por el visionado de la pel\u00edcula \u2018India Song\u2019, escrita y dirigida por Marguerite Duras<\/p>\n","protected":false},"author":1,"featured_media":42630,"comment_status":"open","ping_status":"closed","sticky":false,"template":"","format":"standard","meta":{"footnotes":""},"categories":[2],"tags":[],"class_list":["post-42629","post","type-post","status-publish","format-standard","has-post-thumbnail","hentry","category-ayuntamiento-pamplona"],"yoast_head":"<!-- This site is optimized with the Yoast SEO plugin v27.3 - https:\/\/yoast.com\/product\/yoast-seo-wordpress\/ -->\n<title>El Horno de la Ciudadela acoge la instalaci\u00f3n lum\u00ednico sonora \u2018Canci\u00f3n por Margerite\u2019, de Esther Garc\u00eda Urquijo<\/title>\n<meta name=\"description\" content=\"La artista busca recrear la experiencia sensorial provocada por el visionado de la pel\u00edcula \u2018India Song\u2019, escrita y dirigida por Marguerite Duras\" \/>\n<meta name=\"robots\" content=\"index, follow, max-snippet:-1, max-image-preview:large, max-video-preview:-1\" \/>\n<link rel=\"canonical\" href=\"https:\/\/www.laguiadepamplona.com\/actualidad\/el-horno-de-la-ciudadela-acoge-la-instalacion-luminico-sonora-cancion-por-margerite-de-esther-garcia-urquijo\/\" \/>\n<meta property=\"og:locale\" content=\"es_ES\" \/>\n<meta property=\"og:type\" content=\"article\" \/>\n<meta property=\"og:title\" content=\"El Horno de la Ciudadela acoge la instalaci\u00f3n lum\u00ednico sonora \u2018Canci\u00f3n por Margerite\u2019, de Esther Garc\u00eda Urquijo\" \/>\n<meta property=\"og:description\" content=\"La artista busca recrear la experiencia sensorial provocada por el visionado de la pel\u00edcula \u2018India Song\u2019, escrita y dirigida por Marguerite Duras\" \/>\n<meta property=\"og:url\" content=\"https:\/\/www.laguiadepamplona.com\/actualidad\/el-horno-de-la-ciudadela-acoge-la-instalacion-luminico-sonora-cancion-por-margerite-de-esther-garcia-urquijo\/\" \/>\n<meta property=\"og:site_name\" content=\"La Gu\u00eda de Pamplona\" \/>\n<meta property=\"article:publisher\" content=\"https:\/\/www.facebook.com\/laguiadepamplonacom-133175176762273\/?ref=hl\" \/>\n<meta property=\"article:published_time\" content=\"2023-01-19T16:25:36+00:00\" \/>\n<meta property=\"article:modified_time\" content=\"2023-04-11T09:47:22+00:00\" \/>\n<meta property=\"og:image\" content=\"https:\/\/www.laguiadepamplona.com\/actualidad\/wp-content\/uploads\/2023\/01\/cancion-margerite-esther-garcia-urquijo.webp\" \/>\n\t<meta property=\"og:image:width\" content=\"1200\" \/>\n\t<meta property=\"og:image:height\" content=\"1040\" \/>\n\t<meta property=\"og:image:type\" content=\"image\/webp\" \/>\n<meta name=\"author\" content=\"La Gu\u00eda de Pamplona\" \/>\n<meta name=\"twitter:card\" content=\"summary_large_image\" \/>\n<meta name=\"twitter:creator\" content=\"@LaGuiadPamplona\" \/>\n<meta name=\"twitter:site\" content=\"@LaGuiadPamplona\" \/>\n<meta name=\"twitter:label1\" content=\"Escrito por\" \/>\n\t<meta name=\"twitter:data1\" content=\"La Gu\u00eda de Pamplona\" \/>\n\t<meta name=\"twitter:label2\" content=\"Tiempo de lectura\" \/>\n\t<meta name=\"twitter:data2\" content=\"3 minutos\" \/>\n<script type=\"application\/ld+json\" class=\"yoast-schema-graph\">{\"@context\":\"https:\\\/\\\/schema.org\",\"@graph\":[{\"@type\":\"Article\",\"@id\":\"https:\\\/\\\/www.laguiadepamplona.com\\\/actualidad\\\/el-horno-de-la-ciudadela-acoge-la-instalacion-luminico-sonora-cancion-por-margerite-de-esther-garcia-urquijo\\\/#article\",\"isPartOf\":{\"@id\":\"https:\\\/\\\/www.laguiadepamplona.com\\\/actualidad\\\/el-horno-de-la-ciudadela-acoge-la-instalacion-luminico-sonora-cancion-por-margerite-de-esther-garcia-urquijo\\\/\"},\"author\":{\"name\":\"La Gu\u00eda de Pamplona\",\"@id\":\"https:\\\/\\\/www.laguiadepamplona.com\\\/actualidad\\\/#\\\/schema\\\/person\\\/efe887376f0213d4657c93adc50b1fdb\"},\"headline\":\"El Horno de la Ciudadela acoge la instalaci\u00f3n lum\u00ednico sonora \u2018Canci\u00f3n por Margerite\u2019, de Esther Garc\u00eda Urquijo\",\"datePublished\":\"2023-01-19T16:25:36+00:00\",\"dateModified\":\"2023-04-11T09:47:22+00:00\",\"mainEntityOfPage\":{\"@id\":\"https:\\\/\\\/www.laguiadepamplona.com\\\/actualidad\\\/el-horno-de-la-ciudadela-acoge-la-instalacion-luminico-sonora-cancion-por-margerite-de-esther-garcia-urquijo\\\/\"},\"wordCount\":513,\"commentCount\":0,\"publisher\":{\"@id\":\"https:\\\/\\\/www.laguiadepamplona.com\\\/actualidad\\\/#organization\"},\"image\":{\"@id\":\"https:\\\/\\\/www.laguiadepamplona.com\\\/actualidad\\\/el-horno-de-la-ciudadela-acoge-la-instalacion-luminico-sonora-cancion-por-margerite-de-esther-garcia-urquijo\\\/#primaryimage\"},\"thumbnailUrl\":\"https:\\\/\\\/www.laguiadepamplona.com\\\/actualidad\\\/wp-content\\\/uploads\\\/2023\\\/01\\\/cancion-margerite-esther-garcia-urquijo.webp\",\"articleSection\":[\"Ayto Pamplona\"],\"inLanguage\":\"es\",\"potentialAction\":[{\"@type\":\"CommentAction\",\"name\":\"Comment\",\"target\":[\"https:\\\/\\\/www.laguiadepamplona.com\\\/actualidad\\\/el-horno-de-la-ciudadela-acoge-la-instalacion-luminico-sonora-cancion-por-margerite-de-esther-garcia-urquijo\\\/#respond\"]}]},{\"@type\":\"WebPage\",\"@id\":\"https:\\\/\\\/www.laguiadepamplona.com\\\/actualidad\\\/el-horno-de-la-ciudadela-acoge-la-instalacion-luminico-sonora-cancion-por-margerite-de-esther-garcia-urquijo\\\/\",\"url\":\"https:\\\/\\\/www.laguiadepamplona.com\\\/actualidad\\\/el-horno-de-la-ciudadela-acoge-la-instalacion-luminico-sonora-cancion-por-margerite-de-esther-garcia-urquijo\\\/\",\"name\":\"El Horno de la Ciudadela acoge la instalaci\u00f3n lum\u00ednico sonora \u2018Canci\u00f3n por Margerite\u2019, de Esther Garc\u00eda Urquijo\",\"isPartOf\":{\"@id\":\"https:\\\/\\\/www.laguiadepamplona.com\\\/actualidad\\\/#website\"},\"primaryImageOfPage\":{\"@id\":\"https:\\\/\\\/www.laguiadepamplona.com\\\/actualidad\\\/el-horno-de-la-ciudadela-acoge-la-instalacion-luminico-sonora-cancion-por-margerite-de-esther-garcia-urquijo\\\/#primaryimage\"},\"image\":{\"@id\":\"https:\\\/\\\/www.laguiadepamplona.com\\\/actualidad\\\/el-horno-de-la-ciudadela-acoge-la-instalacion-luminico-sonora-cancion-por-margerite-de-esther-garcia-urquijo\\\/#primaryimage\"},\"thumbnailUrl\":\"https:\\\/\\\/www.laguiadepamplona.com\\\/actualidad\\\/wp-content\\\/uploads\\\/2023\\\/01\\\/cancion-margerite-esther-garcia-urquijo.webp\",\"datePublished\":\"2023-01-19T16:25:36+00:00\",\"dateModified\":\"2023-04-11T09:47:22+00:00\",\"description\":\"La artista busca recrear la experiencia sensorial provocada por el visionado de la pel\u00edcula \u2018India Song\u2019, escrita y dirigida por Marguerite Duras\",\"breadcrumb\":{\"@id\":\"https:\\\/\\\/www.laguiadepamplona.com\\\/actualidad\\\/el-horno-de-la-ciudadela-acoge-la-instalacion-luminico-sonora-cancion-por-margerite-de-esther-garcia-urquijo\\\/#breadcrumb\"},\"inLanguage\":\"es\",\"potentialAction\":[{\"@type\":\"ReadAction\",\"target\":[\"https:\\\/\\\/www.laguiadepamplona.com\\\/actualidad\\\/el-horno-de-la-ciudadela-acoge-la-instalacion-luminico-sonora-cancion-por-margerite-de-esther-garcia-urquijo\\\/\"]}]},{\"@type\":\"ImageObject\",\"inLanguage\":\"es\",\"@id\":\"https:\\\/\\\/www.laguiadepamplona.com\\\/actualidad\\\/el-horno-de-la-ciudadela-acoge-la-instalacion-luminico-sonora-cancion-por-margerite-de-esther-garcia-urquijo\\\/#primaryimage\",\"url\":\"https:\\\/\\\/www.laguiadepamplona.com\\\/actualidad\\\/wp-content\\\/uploads\\\/2023\\\/01\\\/cancion-margerite-esther-garcia-urquijo.webp\",\"contentUrl\":\"https:\\\/\\\/www.laguiadepamplona.com\\\/actualidad\\\/wp-content\\\/uploads\\\/2023\\\/01\\\/cancion-margerite-esther-garcia-urquijo.webp\",\"width\":1200,\"height\":1040},{\"@type\":\"BreadcrumbList\",\"@id\":\"https:\\\/\\\/www.laguiadepamplona.com\\\/actualidad\\\/el-horno-de-la-ciudadela-acoge-la-instalacion-luminico-sonora-cancion-por-margerite-de-esther-garcia-urquijo\\\/#breadcrumb\",\"itemListElement\":[{\"@type\":\"ListItem\",\"position\":1,\"name\":\"Portada\",\"item\":\"https:\\\/\\\/www.laguiadepamplona.com\\\/actualidad\\\/\"},{\"@type\":\"ListItem\",\"position\":2,\"name\":\"El Horno de la Ciudadela acoge la instalaci\u00f3n lum\u00ednico sonora \u2018Canci\u00f3n por Margerite\u2019, de Esther Garc\u00eda Urquijo\"}]},{\"@type\":\"WebSite\",\"@id\":\"https:\\\/\\\/www.laguiadepamplona.com\\\/actualidad\\\/#website\",\"url\":\"https:\\\/\\\/www.laguiadepamplona.com\\\/actualidad\\\/\",\"name\":\"La gu\u00eda de Pamplona\",\"description\":\"Noticias de Pamplona\",\"publisher\":{\"@id\":\"https:\\\/\\\/www.laguiadepamplona.com\\\/actualidad\\\/#organization\"},\"potentialAction\":[{\"@type\":\"SearchAction\",\"target\":{\"@type\":\"EntryPoint\",\"urlTemplate\":\"https:\\\/\\\/www.laguiadepamplona.com\\\/actualidad\\\/?s={search_term_string}\"},\"query-input\":{\"@type\":\"PropertyValueSpecification\",\"valueRequired\":true,\"valueName\":\"search_term_string\"}}],\"inLanguage\":\"es\"},{\"@type\":\"Organization\",\"@id\":\"https:\\\/\\\/www.laguiadepamplona.com\\\/actualidad\\\/#organization\",\"name\":\"La Gu\u00eda de Pamplona \\\/ Noticias\",\"url\":\"https:\\\/\\\/www.laguiadepamplona.com\\\/actualidad\\\/\",\"logo\":{\"@type\":\"ImageObject\",\"inLanguage\":\"es\",\"@id\":\"https:\\\/\\\/www.laguiadepamplona.com\\\/actualidad\\\/#\\\/schema\\\/logo\\\/image\\\/\",\"url\":\"https:\\\/\\\/www.laguiadepamplona.com\\\/actualidad\\\/wp-content\\\/uploads\\\/2018\\\/11\\\/logo-laguiadepamplona18-web1.png\",\"contentUrl\":\"https:\\\/\\\/www.laguiadepamplona.com\\\/actualidad\\\/wp-content\\\/uploads\\\/2018\\\/11\\\/logo-laguiadepamplona18-web1.png\",\"width\":600,\"height\":196,\"caption\":\"La Gu\u00eda de Pamplona \\\/ Noticias\"},\"image\":{\"@id\":\"https:\\\/\\\/www.laguiadepamplona.com\\\/actualidad\\\/#\\\/schema\\\/logo\\\/image\\\/\"},\"sameAs\":[\"https:\\\/\\\/www.facebook.com\\\/laguiadepamplonacom-133175176762273\\\/?ref=hl\",\"https:\\\/\\\/x.com\\\/LaGuiadPamplona\",\"https:\\\/\\\/www.instagram.com\\\/la_guia_de_pamplona\\\/\",\"https:\\\/\\\/www.youtube.com\\\/user\\\/laguiadepamplona\"]},{\"@type\":\"Person\",\"@id\":\"https:\\\/\\\/www.laguiadepamplona.com\\\/actualidad\\\/#\\\/schema\\\/person\\\/efe887376f0213d4657c93adc50b1fdb\",\"name\":\"La Gu\u00eda de Pamplona\",\"image\":{\"@type\":\"ImageObject\",\"inLanguage\":\"es\",\"@id\":\"https:\\\/\\\/secure.gravatar.com\\\/avatar\\\/b6992f131dc8d30ab0dff15446e9d346d9dbd95992de0fef795073f5ea83a81c?s=96&d=mm&r=g\",\"url\":\"https:\\\/\\\/secure.gravatar.com\\\/avatar\\\/b6992f131dc8d30ab0dff15446e9d346d9dbd95992de0fef795073f5ea83a81c?s=96&d=mm&r=g\",\"contentUrl\":\"https:\\\/\\\/secure.gravatar.com\\\/avatar\\\/b6992f131dc8d30ab0dff15446e9d346d9dbd95992de0fef795073f5ea83a81c?s=96&d=mm&r=g\",\"caption\":\"La Gu\u00eda de Pamplona\"}}]}<\/script>\n<!-- \/ Yoast SEO plugin. -->","yoast_head_json":{"title":"El Horno de la Ciudadela acoge la instalaci\u00f3n lum\u00ednico sonora \u2018Canci\u00f3n por Margerite\u2019, de Esther Garc\u00eda Urquijo","description":"La artista busca recrear la experiencia sensorial provocada por el visionado de la pel\u00edcula \u2018India Song\u2019, escrita y dirigida por Marguerite Duras","robots":{"index":"index","follow":"follow","max-snippet":"max-snippet:-1","max-image-preview":"max-image-preview:large","max-video-preview":"max-video-preview:-1"},"canonical":"https:\/\/www.laguiadepamplona.com\/actualidad\/el-horno-de-la-ciudadela-acoge-la-instalacion-luminico-sonora-cancion-por-margerite-de-esther-garcia-urquijo\/","og_locale":"es_ES","og_type":"article","og_title":"El Horno de la Ciudadela acoge la instalaci\u00f3n lum\u00ednico sonora \u2018Canci\u00f3n por Margerite\u2019, de Esther Garc\u00eda Urquijo","og_description":"La artista busca recrear la experiencia sensorial provocada por el visionado de la pel\u00edcula \u2018India Song\u2019, escrita y dirigida por Marguerite Duras","og_url":"https:\/\/www.laguiadepamplona.com\/actualidad\/el-horno-de-la-ciudadela-acoge-la-instalacion-luminico-sonora-cancion-por-margerite-de-esther-garcia-urquijo\/","og_site_name":"La Gu\u00eda de Pamplona","article_publisher":"https:\/\/www.facebook.com\/laguiadepamplonacom-133175176762273\/?ref=hl","article_published_time":"2023-01-19T16:25:36+00:00","article_modified_time":"2023-04-11T09:47:22+00:00","og_image":[{"width":1200,"height":1040,"url":"https:\/\/www.laguiadepamplona.com\/actualidad\/wp-content\/uploads\/2023\/01\/cancion-margerite-esther-garcia-urquijo.webp","type":"image\/webp"}],"author":"La Gu\u00eda de Pamplona","twitter_card":"summary_large_image","twitter_creator":"@LaGuiadPamplona","twitter_site":"@LaGuiadPamplona","twitter_misc":{"Escrito por":"La Gu\u00eda de Pamplona","Tiempo de lectura":"3 minutos"},"schema":{"@context":"https:\/\/schema.org","@graph":[{"@type":"Article","@id":"https:\/\/www.laguiadepamplona.com\/actualidad\/el-horno-de-la-ciudadela-acoge-la-instalacion-luminico-sonora-cancion-por-margerite-de-esther-garcia-urquijo\/#article","isPartOf":{"@id":"https:\/\/www.laguiadepamplona.com\/actualidad\/el-horno-de-la-ciudadela-acoge-la-instalacion-luminico-sonora-cancion-por-margerite-de-esther-garcia-urquijo\/"},"author":{"name":"La Gu\u00eda de Pamplona","@id":"https:\/\/www.laguiadepamplona.com\/actualidad\/#\/schema\/person\/efe887376f0213d4657c93adc50b1fdb"},"headline":"El Horno de la Ciudadela acoge la instalaci\u00f3n lum\u00ednico sonora \u2018Canci\u00f3n por Margerite\u2019, de Esther Garc\u00eda Urquijo","datePublished":"2023-01-19T16:25:36+00:00","dateModified":"2023-04-11T09:47:22+00:00","mainEntityOfPage":{"@id":"https:\/\/www.laguiadepamplona.com\/actualidad\/el-horno-de-la-ciudadela-acoge-la-instalacion-luminico-sonora-cancion-por-margerite-de-esther-garcia-urquijo\/"},"wordCount":513,"commentCount":0,"publisher":{"@id":"https:\/\/www.laguiadepamplona.com\/actualidad\/#organization"},"image":{"@id":"https:\/\/www.laguiadepamplona.com\/actualidad\/el-horno-de-la-ciudadela-acoge-la-instalacion-luminico-sonora-cancion-por-margerite-de-esther-garcia-urquijo\/#primaryimage"},"thumbnailUrl":"https:\/\/www.laguiadepamplona.com\/actualidad\/wp-content\/uploads\/2023\/01\/cancion-margerite-esther-garcia-urquijo.webp","articleSection":["Ayto Pamplona"],"inLanguage":"es","potentialAction":[{"@type":"CommentAction","name":"Comment","target":["https:\/\/www.laguiadepamplona.com\/actualidad\/el-horno-de-la-ciudadela-acoge-la-instalacion-luminico-sonora-cancion-por-margerite-de-esther-garcia-urquijo\/#respond"]}]},{"@type":"WebPage","@id":"https:\/\/www.laguiadepamplona.com\/actualidad\/el-horno-de-la-ciudadela-acoge-la-instalacion-luminico-sonora-cancion-por-margerite-de-esther-garcia-urquijo\/","url":"https:\/\/www.laguiadepamplona.com\/actualidad\/el-horno-de-la-ciudadela-acoge-la-instalacion-luminico-sonora-cancion-por-margerite-de-esther-garcia-urquijo\/","name":"El Horno de la Ciudadela acoge la instalaci\u00f3n lum\u00ednico sonora \u2018Canci\u00f3n por Margerite\u2019, de Esther Garc\u00eda Urquijo","isPartOf":{"@id":"https:\/\/www.laguiadepamplona.com\/actualidad\/#website"},"primaryImageOfPage":{"@id":"https:\/\/www.laguiadepamplona.com\/actualidad\/el-horno-de-la-ciudadela-acoge-la-instalacion-luminico-sonora-cancion-por-margerite-de-esther-garcia-urquijo\/#primaryimage"},"image":{"@id":"https:\/\/www.laguiadepamplona.com\/actualidad\/el-horno-de-la-ciudadela-acoge-la-instalacion-luminico-sonora-cancion-por-margerite-de-esther-garcia-urquijo\/#primaryimage"},"thumbnailUrl":"https:\/\/www.laguiadepamplona.com\/actualidad\/wp-content\/uploads\/2023\/01\/cancion-margerite-esther-garcia-urquijo.webp","datePublished":"2023-01-19T16:25:36+00:00","dateModified":"2023-04-11T09:47:22+00:00","description":"La artista busca recrear la experiencia sensorial provocada por el visionado de la pel\u00edcula \u2018India Song\u2019, escrita y dirigida por Marguerite Duras","breadcrumb":{"@id":"https:\/\/www.laguiadepamplona.com\/actualidad\/el-horno-de-la-ciudadela-acoge-la-instalacion-luminico-sonora-cancion-por-margerite-de-esther-garcia-urquijo\/#breadcrumb"},"inLanguage":"es","potentialAction":[{"@type":"ReadAction","target":["https:\/\/www.laguiadepamplona.com\/actualidad\/el-horno-de-la-ciudadela-acoge-la-instalacion-luminico-sonora-cancion-por-margerite-de-esther-garcia-urquijo\/"]}]},{"@type":"ImageObject","inLanguage":"es","@id":"https:\/\/www.laguiadepamplona.com\/actualidad\/el-horno-de-la-ciudadela-acoge-la-instalacion-luminico-sonora-cancion-por-margerite-de-esther-garcia-urquijo\/#primaryimage","url":"https:\/\/www.laguiadepamplona.com\/actualidad\/wp-content\/uploads\/2023\/01\/cancion-margerite-esther-garcia-urquijo.webp","contentUrl":"https:\/\/www.laguiadepamplona.com\/actualidad\/wp-content\/uploads\/2023\/01\/cancion-margerite-esther-garcia-urquijo.webp","width":1200,"height":1040},{"@type":"BreadcrumbList","@id":"https:\/\/www.laguiadepamplona.com\/actualidad\/el-horno-de-la-ciudadela-acoge-la-instalacion-luminico-sonora-cancion-por-margerite-de-esther-garcia-urquijo\/#breadcrumb","itemListElement":[{"@type":"ListItem","position":1,"name":"Portada","item":"https:\/\/www.laguiadepamplona.com\/actualidad\/"},{"@type":"ListItem","position":2,"name":"El Horno de la Ciudadela acoge la instalaci\u00f3n lum\u00ednico sonora \u2018Canci\u00f3n por Margerite\u2019, de Esther Garc\u00eda Urquijo"}]},{"@type":"WebSite","@id":"https:\/\/www.laguiadepamplona.com\/actualidad\/#website","url":"https:\/\/www.laguiadepamplona.com\/actualidad\/","name":"La gu\u00eda de Pamplona","description":"Noticias de Pamplona","publisher":{"@id":"https:\/\/www.laguiadepamplona.com\/actualidad\/#organization"},"potentialAction":[{"@type":"SearchAction","target":{"@type":"EntryPoint","urlTemplate":"https:\/\/www.laguiadepamplona.com\/actualidad\/?s={search_term_string}"},"query-input":{"@type":"PropertyValueSpecification","valueRequired":true,"valueName":"search_term_string"}}],"inLanguage":"es"},{"@type":"Organization","@id":"https:\/\/www.laguiadepamplona.com\/actualidad\/#organization","name":"La Gu\u00eda de Pamplona \/ Noticias","url":"https:\/\/www.laguiadepamplona.com\/actualidad\/","logo":{"@type":"ImageObject","inLanguage":"es","@id":"https:\/\/www.laguiadepamplona.com\/actualidad\/#\/schema\/logo\/image\/","url":"https:\/\/www.laguiadepamplona.com\/actualidad\/wp-content\/uploads\/2018\/11\/logo-laguiadepamplona18-web1.png","contentUrl":"https:\/\/www.laguiadepamplona.com\/actualidad\/wp-content\/uploads\/2018\/11\/logo-laguiadepamplona18-web1.png","width":600,"height":196,"caption":"La Gu\u00eda de Pamplona \/ Noticias"},"image":{"@id":"https:\/\/www.laguiadepamplona.com\/actualidad\/#\/schema\/logo\/image\/"},"sameAs":["https:\/\/www.facebook.com\/laguiadepamplonacom-133175176762273\/?ref=hl","https:\/\/x.com\/LaGuiadPamplona","https:\/\/www.instagram.com\/la_guia_de_pamplona\/","https:\/\/www.youtube.com\/user\/laguiadepamplona"]},{"@type":"Person","@id":"https:\/\/www.laguiadepamplona.com\/actualidad\/#\/schema\/person\/efe887376f0213d4657c93adc50b1fdb","name":"La Gu\u00eda de Pamplona","image":{"@type":"ImageObject","inLanguage":"es","@id":"https:\/\/secure.gravatar.com\/avatar\/b6992f131dc8d30ab0dff15446e9d346d9dbd95992de0fef795073f5ea83a81c?s=96&d=mm&r=g","url":"https:\/\/secure.gravatar.com\/avatar\/b6992f131dc8d30ab0dff15446e9d346d9dbd95992de0fef795073f5ea83a81c?s=96&d=mm&r=g","contentUrl":"https:\/\/secure.gravatar.com\/avatar\/b6992f131dc8d30ab0dff15446e9d346d9dbd95992de0fef795073f5ea83a81c?s=96&d=mm&r=g","caption":"La Gu\u00eda de Pamplona"}}]}},"post_mailing_queue_ids":[],"_links":{"self":[{"href":"https:\/\/www.laguiadepamplona.com\/actualidad\/wp-json\/wp\/v2\/posts\/42629","targetHints":{"allow":["GET"]}}],"collection":[{"href":"https:\/\/www.laguiadepamplona.com\/actualidad\/wp-json\/wp\/v2\/posts"}],"about":[{"href":"https:\/\/www.laguiadepamplona.com\/actualidad\/wp-json\/wp\/v2\/types\/post"}],"author":[{"embeddable":true,"href":"https:\/\/www.laguiadepamplona.com\/actualidad\/wp-json\/wp\/v2\/users\/1"}],"replies":[{"embeddable":true,"href":"https:\/\/www.laguiadepamplona.com\/actualidad\/wp-json\/wp\/v2\/comments?post=42629"}],"version-history":[{"count":0,"href":"https:\/\/www.laguiadepamplona.com\/actualidad\/wp-json\/wp\/v2\/posts\/42629\/revisions"}],"wp:featuredmedia":[{"embeddable":true,"href":"https:\/\/www.laguiadepamplona.com\/actualidad\/wp-json\/wp\/v2\/media\/42630"}],"wp:attachment":[{"href":"https:\/\/www.laguiadepamplona.com\/actualidad\/wp-json\/wp\/v2\/media?parent=42629"}],"wp:term":[{"taxonomy":"category","embeddable":true,"href":"https:\/\/www.laguiadepamplona.com\/actualidad\/wp-json\/wp\/v2\/categories?post=42629"},{"taxonomy":"post_tag","embeddable":true,"href":"https:\/\/www.laguiadepamplona.com\/actualidad\/wp-json\/wp\/v2\/tags?post=42629"}],"curies":[{"name":"wp","href":"https:\/\/api.w.org\/{rel}","templated":true}]}}