{"id":42621,"date":"2023-01-19T11:48:59","date_gmt":"2023-01-19T09:48:59","guid":{"rendered":"https:\/\/www.laguiadepamplona.com\/actualidad\/?p=42621"},"modified":"2023-04-11T11:47:23","modified_gmt":"2023-04-11T09:47:23","slug":"el-ayuntamiento-de-pamplona-suspende-la-zona-azul-por-segundo-dia-en-toda-la-ciudad-por-el-temporal-de-nieve","status":"publish","type":"post","link":"https:\/\/www.laguiadepamplona.com\/actualidad\/el-ayuntamiento-de-pamplona-suspende-la-zona-azul-por-segundo-dia-en-toda-la-ciudad-por-el-temporal-de-nieve\/","title":{"rendered":"El Ayuntamiento de Pamplona suspende la zona azul por segundo d\u00eda en toda la ciudad por el temporal de nieve"},"content":{"rendered":"<h5>Las nevadas no han causado incidencias graves y el tr\u00e1fico en Pamplona a estas horas es lento pero fluido<\/h5>\n<p><!--more--><\/p>\n<p>El Ayuntamiento de Pamplona ha decidido suspender de nuevo durante toda la jornada la Zona de Estacionamiento Regulado (ZER), por las condiciones meteorol\u00f3gicas. La \u201czona azul\u201d est\u00e1 suspendida, en todas sus modalidades, para facilitar el aparcamiento y evitar el movimiento de veh\u00edculos que no sea imprescindible. Esta medida afecta al d\u00eda de hoy.<br \/>\n<script async src=\"\/\/pagead2.googlesyndication.com\/pagead\/js\/adsbygoogle.js\"><\/script><br \/>\n<!-- Noticias La Guia de Pamplona --><br \/>\n<ins class=\"adsbygoogle\"\nstyle=\"display:block\"\ndata-ad-client=\"ca-pub-6943679897239327\"\ndata-ad-slot=\"7048180777\"\ndata-ad-format=\"auto\"><\/ins><br \/>\n<script>\n(adsbygoogle = window.adsbygoogle || []).push({});\n<\/script><\/p>\n<p>En cuanto al tr\u00e1fico, todas las v\u00edas de la ciudad permanecen abiertas y la circulaci\u00f3n es lenta pero fluida. Ha habido incidentes puntuales como el cruce de una villavesa en la calle San Crist\u00f3bal en su cruce con la calle Canal (Txantrea) en las proximidades del acceso a la ronda. Los equipos quitanieves han estado trabajando toda la noche y a estas horas est\u00e1n desplegados tambi\u00e9n todos los operativos de los servicios de limpieza y jardines para despejar accesos y espacios de tr\u00e1nsito como los pasos de cebra.<\/p>\n<p>Son previsiones del protocolo denominado \u2018Plan de Nieves\u2019, un sistema de coordinaci\u00f3n de medios humanos y t\u00e9cnicos del Ayuntamiento para paliar los efectos de las nevadas. En este \u2018Plan de Nieves\u2019 trabajan de forma conjunta distintos servicios del Ayuntamiento, Polic\u00eda Municipal, empresas de servicios contratadas por el Consistorio, Mancomunidad de la Comarca de Pamplona, DYA o Cruz Roja.<br \/>\n<script async src=\"\/\/pagead2.googlesyndication.com\/pagead\/js\/adsbygoogle.js\"><\/script><br \/>\n<!-- Noticias La Guia de Pamplona --><br \/>\n<ins class=\"adsbygoogle\"\nstyle=\"display:block\"\ndata-ad-client=\"ca-pub-6943679897239327\"\ndata-ad-slot=\"7048180777\"\ndata-ad-format=\"auto\"><\/ins><br \/>\n<script>\n(adsbygoogle = window.adsbygoogle || []).push({});\n<\/script><\/p>\n<p>Para la limpieza vial de las calzadas se dispone de tres camiones y de siete <em>pickups<\/em> con esparcidor de sal y l\u00e1minas, y de un und\u00e9cimo veh\u00edculo con l\u00e1mina. Los equipos trabajan en siete circuitos que despejan inicialmente las calles de mayor densidad de tr\u00e1fico para despu\u00e9s continuar por calles menos transitadas. Para la limpieza de aceras y zonas peatonales, adem\u00e1s del personal habitual que realizar el barrido manual, se cuenta con cuatro equipos de barredora con cuchilla. El Ayuntamiento de Pamplona dispone tambi\u00e9n de un almac\u00e9n de fundente con 200 toneladas de sal en dos silos, adem\u00e1s de un almac\u00e9n de sal a granel, con una capacidad aproximada de otras 200 toneladas. El esparcido de este material se realiza para minimizar posibles problemas, tanto en las aceras como en las calzadas.<\/p>\n<p>Desde el Ayuntamiento de Pamplona se recomienda a la ciudadan\u00eda evitar desplazamientos innecesarios y en la medida de lo posible, usar para hacerlo el transporte p\u00fablico. En caso de utilizar el veh\u00edculo particular, es necesario conducir con extrema precauci\u00f3n y siguiendo los consejos especializados sobre conducci\u00f3n con nieve.<\/p>\n","protected":false},"excerpt":{"rendered":"<p>Las nevadas no han causado incidencias graves y el tr\u00e1fico en Pamplona a estas horas es lento pero fluido<\/p>\n","protected":false},"author":1,"featured_media":42608,"comment_status":"open","ping_status":"closed","sticky":false,"template":"","format":"standard","meta":{"footnotes":""},"categories":[2],"tags":[],"class_list":["post-42621","post","type-post","status-publish","format-standard","has-post-thumbnail","hentry","category-ayuntamiento-pamplona"],"yoast_head":"<!-- This site is optimized with the Yoast SEO plugin v27.3 - https:\/\/yoast.com\/product\/yoast-seo-wordpress\/ -->\n<title>El Ayuntamiento de Pamplona suspende la zona azul por segundo d\u00eda en toda la ciudad por el temporal de nieve<\/title>\n<meta name=\"description\" content=\"Las nevadas no han causado incidencias graves y el tr\u00e1fico en Pamplona a estas horas es lento pero fluido\" \/>\n<meta name=\"robots\" content=\"index, follow, max-snippet:-1, max-image-preview:large, max-video-preview:-1\" \/>\n<link rel=\"canonical\" href=\"https:\/\/www.laguiadepamplona.com\/actualidad\/el-ayuntamiento-de-pamplona-suspende-la-zona-azul-por-segundo-dia-en-toda-la-ciudad-por-el-temporal-de-nieve\/\" \/>\n<meta property=\"og:locale\" content=\"es_ES\" \/>\n<meta property=\"og:type\" content=\"article\" \/>\n<meta property=\"og:title\" content=\"El Ayuntamiento de Pamplona suspende la zona azul por segundo d\u00eda en toda la ciudad por el temporal de nieve\" \/>\n<meta property=\"og:description\" content=\"Las nevadas no han causado incidencias graves y el tr\u00e1fico en Pamplona a estas horas es lento pero fluido\" \/>\n<meta property=\"og:url\" content=\"https:\/\/www.laguiadepamplona.com\/actualidad\/el-ayuntamiento-de-pamplona-suspende-la-zona-azul-por-segundo-dia-en-toda-la-ciudad-por-el-temporal-de-nieve\/\" \/>\n<meta property=\"og:site_name\" content=\"La Gu\u00eda de Pamplona\" \/>\n<meta property=\"article:publisher\" content=\"https:\/\/www.facebook.com\/laguiadepamplonacom-133175176762273\/?ref=hl\" \/>\n<meta property=\"article:published_time\" content=\"2023-01-19T09:48:59+00:00\" \/>\n<meta property=\"article:modified_time\" content=\"2023-04-11T09:47:23+00:00\" \/>\n<meta property=\"og:image\" content=\"https:\/\/www.laguiadepamplona.com\/actualidad\/wp-content\/uploads\/2023\/01\/parkimetro.webp\" \/>\n\t<meta property=\"og:image:width\" content=\"1920\" \/>\n\t<meta property=\"og:image:height\" content=\"1080\" \/>\n\t<meta property=\"og:image:type\" content=\"image\/webp\" \/>\n<meta name=\"author\" content=\"La Gu\u00eda de Pamplona\" \/>\n<meta name=\"twitter:card\" content=\"summary_large_image\" \/>\n<meta name=\"twitter:creator\" content=\"@LaGuiadPamplona\" \/>\n<meta name=\"twitter:site\" content=\"@LaGuiadPamplona\" \/>\n<meta name=\"twitter:label1\" content=\"Escrito por\" \/>\n\t<meta name=\"twitter:data1\" content=\"La Gu\u00eda de Pamplona\" \/>\n\t<meta name=\"twitter:label2\" content=\"Tiempo de lectura\" \/>\n\t<meta name=\"twitter:data2\" content=\"2 minutos\" \/>\n<script type=\"application\/ld+json\" class=\"yoast-schema-graph\">{\"@context\":\"https:\\\/\\\/schema.org\",\"@graph\":[{\"@type\":\"Article\",\"@id\":\"https:\\\/\\\/www.laguiadepamplona.com\\\/actualidad\\\/el-ayuntamiento-de-pamplona-suspende-la-zona-azul-por-segundo-dia-en-toda-la-ciudad-por-el-temporal-de-nieve\\\/#article\",\"isPartOf\":{\"@id\":\"https:\\\/\\\/www.laguiadepamplona.com\\\/actualidad\\\/el-ayuntamiento-de-pamplona-suspende-la-zona-azul-por-segundo-dia-en-toda-la-ciudad-por-el-temporal-de-nieve\\\/\"},\"author\":{\"name\":\"La Gu\u00eda de Pamplona\",\"@id\":\"https:\\\/\\\/www.laguiadepamplona.com\\\/actualidad\\\/#\\\/schema\\\/person\\\/efe887376f0213d4657c93adc50b1fdb\"},\"headline\":\"El Ayuntamiento de Pamplona suspende la zona azul por segundo d\u00eda en toda la ciudad por el temporal de nieve\",\"datePublished\":\"2023-01-19T09:48:59+00:00\",\"dateModified\":\"2023-04-11T09:47:23+00:00\",\"mainEntityOfPage\":{\"@id\":\"https:\\\/\\\/www.laguiadepamplona.com\\\/actualidad\\\/el-ayuntamiento-de-pamplona-suspende-la-zona-azul-por-segundo-dia-en-toda-la-ciudad-por-el-temporal-de-nieve\\\/\"},\"wordCount\":447,\"commentCount\":0,\"publisher\":{\"@id\":\"https:\\\/\\\/www.laguiadepamplona.com\\\/actualidad\\\/#organization\"},\"image\":{\"@id\":\"https:\\\/\\\/www.laguiadepamplona.com\\\/actualidad\\\/el-ayuntamiento-de-pamplona-suspende-la-zona-azul-por-segundo-dia-en-toda-la-ciudad-por-el-temporal-de-nieve\\\/#primaryimage\"},\"thumbnailUrl\":\"https:\\\/\\\/www.laguiadepamplona.com\\\/actualidad\\\/wp-content\\\/uploads\\\/2023\\\/01\\\/parkimetro.webp\",\"articleSection\":[\"Ayto Pamplona\"],\"inLanguage\":\"es\",\"potentialAction\":[{\"@type\":\"CommentAction\",\"name\":\"Comment\",\"target\":[\"https:\\\/\\\/www.laguiadepamplona.com\\\/actualidad\\\/el-ayuntamiento-de-pamplona-suspende-la-zona-azul-por-segundo-dia-en-toda-la-ciudad-por-el-temporal-de-nieve\\\/#respond\"]}]},{\"@type\":\"WebPage\",\"@id\":\"https:\\\/\\\/www.laguiadepamplona.com\\\/actualidad\\\/el-ayuntamiento-de-pamplona-suspende-la-zona-azul-por-segundo-dia-en-toda-la-ciudad-por-el-temporal-de-nieve\\\/\",\"url\":\"https:\\\/\\\/www.laguiadepamplona.com\\\/actualidad\\\/el-ayuntamiento-de-pamplona-suspende-la-zona-azul-por-segundo-dia-en-toda-la-ciudad-por-el-temporal-de-nieve\\\/\",\"name\":\"El Ayuntamiento de Pamplona suspende la zona azul por segundo d\u00eda en toda la ciudad por el temporal de nieve\",\"isPartOf\":{\"@id\":\"https:\\\/\\\/www.laguiadepamplona.com\\\/actualidad\\\/#website\"},\"primaryImageOfPage\":{\"@id\":\"https:\\\/\\\/www.laguiadepamplona.com\\\/actualidad\\\/el-ayuntamiento-de-pamplona-suspende-la-zona-azul-por-segundo-dia-en-toda-la-ciudad-por-el-temporal-de-nieve\\\/#primaryimage\"},\"image\":{\"@id\":\"https:\\\/\\\/www.laguiadepamplona.com\\\/actualidad\\\/el-ayuntamiento-de-pamplona-suspende-la-zona-azul-por-segundo-dia-en-toda-la-ciudad-por-el-temporal-de-nieve\\\/#primaryimage\"},\"thumbnailUrl\":\"https:\\\/\\\/www.laguiadepamplona.com\\\/actualidad\\\/wp-content\\\/uploads\\\/2023\\\/01\\\/parkimetro.webp\",\"datePublished\":\"2023-01-19T09:48:59+00:00\",\"dateModified\":\"2023-04-11T09:47:23+00:00\",\"description\":\"Las nevadas no han causado incidencias graves y el tr\u00e1fico en Pamplona a estas horas es lento pero fluido\",\"breadcrumb\":{\"@id\":\"https:\\\/\\\/www.laguiadepamplona.com\\\/actualidad\\\/el-ayuntamiento-de-pamplona-suspende-la-zona-azul-por-segundo-dia-en-toda-la-ciudad-por-el-temporal-de-nieve\\\/#breadcrumb\"},\"inLanguage\":\"es\",\"potentialAction\":[{\"@type\":\"ReadAction\",\"target\":[\"https:\\\/\\\/www.laguiadepamplona.com\\\/actualidad\\\/el-ayuntamiento-de-pamplona-suspende-la-zona-azul-por-segundo-dia-en-toda-la-ciudad-por-el-temporal-de-nieve\\\/\"]}]},{\"@type\":\"ImageObject\",\"inLanguage\":\"es\",\"@id\":\"https:\\\/\\\/www.laguiadepamplona.com\\\/actualidad\\\/el-ayuntamiento-de-pamplona-suspende-la-zona-azul-por-segundo-dia-en-toda-la-ciudad-por-el-temporal-de-nieve\\\/#primaryimage\",\"url\":\"https:\\\/\\\/www.laguiadepamplona.com\\\/actualidad\\\/wp-content\\\/uploads\\\/2023\\\/01\\\/parkimetro.webp\",\"contentUrl\":\"https:\\\/\\\/www.laguiadepamplona.com\\\/actualidad\\\/wp-content\\\/uploads\\\/2023\\\/01\\\/parkimetro.webp\",\"width\":1920,\"height\":1080},{\"@type\":\"BreadcrumbList\",\"@id\":\"https:\\\/\\\/www.laguiadepamplona.com\\\/actualidad\\\/el-ayuntamiento-de-pamplona-suspende-la-zona-azul-por-segundo-dia-en-toda-la-ciudad-por-el-temporal-de-nieve\\\/#breadcrumb\",\"itemListElement\":[{\"@type\":\"ListItem\",\"position\":1,\"name\":\"Portada\",\"item\":\"https:\\\/\\\/www.laguiadepamplona.com\\\/actualidad\\\/\"},{\"@type\":\"ListItem\",\"position\":2,\"name\":\"El Ayuntamiento de Pamplona suspende la zona azul por segundo d\u00eda en toda la ciudad por el temporal de nieve\"}]},{\"@type\":\"WebSite\",\"@id\":\"https:\\\/\\\/www.laguiadepamplona.com\\\/actualidad\\\/#website\",\"url\":\"https:\\\/\\\/www.laguiadepamplona.com\\\/actualidad\\\/\",\"name\":\"La gu\u00eda de Pamplona\",\"description\":\"Noticias de Pamplona\",\"publisher\":{\"@id\":\"https:\\\/\\\/www.laguiadepamplona.com\\\/actualidad\\\/#organization\"},\"potentialAction\":[{\"@type\":\"SearchAction\",\"target\":{\"@type\":\"EntryPoint\",\"urlTemplate\":\"https:\\\/\\\/www.laguiadepamplona.com\\\/actualidad\\\/?s={search_term_string}\"},\"query-input\":{\"@type\":\"PropertyValueSpecification\",\"valueRequired\":true,\"valueName\":\"search_term_string\"}}],\"inLanguage\":\"es\"},{\"@type\":\"Organization\",\"@id\":\"https:\\\/\\\/www.laguiadepamplona.com\\\/actualidad\\\/#organization\",\"name\":\"La Gu\u00eda de Pamplona \\\/ Noticias\",\"url\":\"https:\\\/\\\/www.laguiadepamplona.com\\\/actualidad\\\/\",\"logo\":{\"@type\":\"ImageObject\",\"inLanguage\":\"es\",\"@id\":\"https:\\\/\\\/www.laguiadepamplona.com\\\/actualidad\\\/#\\\/schema\\\/logo\\\/image\\\/\",\"url\":\"https:\\\/\\\/www.laguiadepamplona.com\\\/actualidad\\\/wp-content\\\/uploads\\\/2018\\\/11\\\/logo-laguiadepamplona18-web1.png\",\"contentUrl\":\"https:\\\/\\\/www.laguiadepamplona.com\\\/actualidad\\\/wp-content\\\/uploads\\\/2018\\\/11\\\/logo-laguiadepamplona18-web1.png\",\"width\":600,\"height\":196,\"caption\":\"La Gu\u00eda de Pamplona \\\/ Noticias\"},\"image\":{\"@id\":\"https:\\\/\\\/www.laguiadepamplona.com\\\/actualidad\\\/#\\\/schema\\\/logo\\\/image\\\/\"},\"sameAs\":[\"https:\\\/\\\/www.facebook.com\\\/laguiadepamplonacom-133175176762273\\\/?ref=hl\",\"https:\\\/\\\/x.com\\\/LaGuiadPamplona\",\"https:\\\/\\\/www.instagram.com\\\/la_guia_de_pamplona\\\/\",\"https:\\\/\\\/www.youtube.com\\\/user\\\/laguiadepamplona\"]},{\"@type\":\"Person\",\"@id\":\"https:\\\/\\\/www.laguiadepamplona.com\\\/actualidad\\\/#\\\/schema\\\/person\\\/efe887376f0213d4657c93adc50b1fdb\",\"name\":\"La Gu\u00eda de Pamplona\",\"image\":{\"@type\":\"ImageObject\",\"inLanguage\":\"es\",\"@id\":\"https:\\\/\\\/secure.gravatar.com\\\/avatar\\\/b6992f131dc8d30ab0dff15446e9d346d9dbd95992de0fef795073f5ea83a81c?s=96&d=mm&r=g\",\"url\":\"https:\\\/\\\/secure.gravatar.com\\\/avatar\\\/b6992f131dc8d30ab0dff15446e9d346d9dbd95992de0fef795073f5ea83a81c?s=96&d=mm&r=g\",\"contentUrl\":\"https:\\\/\\\/secure.gravatar.com\\\/avatar\\\/b6992f131dc8d30ab0dff15446e9d346d9dbd95992de0fef795073f5ea83a81c?s=96&d=mm&r=g\",\"caption\":\"La Gu\u00eda de Pamplona\"}}]}<\/script>\n<!-- \/ Yoast SEO plugin. -->","yoast_head_json":{"title":"El Ayuntamiento de Pamplona suspende la zona azul por segundo d\u00eda en toda la ciudad por el temporal de nieve","description":"Las nevadas no han causado incidencias graves y el tr\u00e1fico en Pamplona a estas horas es lento pero fluido","robots":{"index":"index","follow":"follow","max-snippet":"max-snippet:-1","max-image-preview":"max-image-preview:large","max-video-preview":"max-video-preview:-1"},"canonical":"https:\/\/www.laguiadepamplona.com\/actualidad\/el-ayuntamiento-de-pamplona-suspende-la-zona-azul-por-segundo-dia-en-toda-la-ciudad-por-el-temporal-de-nieve\/","og_locale":"es_ES","og_type":"article","og_title":"El Ayuntamiento de Pamplona suspende la zona azul por segundo d\u00eda en toda la ciudad por el temporal de nieve","og_description":"Las nevadas no han causado incidencias graves y el tr\u00e1fico en Pamplona a estas horas es lento pero fluido","og_url":"https:\/\/www.laguiadepamplona.com\/actualidad\/el-ayuntamiento-de-pamplona-suspende-la-zona-azul-por-segundo-dia-en-toda-la-ciudad-por-el-temporal-de-nieve\/","og_site_name":"La Gu\u00eda de Pamplona","article_publisher":"https:\/\/www.facebook.com\/laguiadepamplonacom-133175176762273\/?ref=hl","article_published_time":"2023-01-19T09:48:59+00:00","article_modified_time":"2023-04-11T09:47:23+00:00","og_image":[{"width":1920,"height":1080,"url":"https:\/\/www.laguiadepamplona.com\/actualidad\/wp-content\/uploads\/2023\/01\/parkimetro.webp","type":"image\/webp"}],"author":"La Gu\u00eda de Pamplona","twitter_card":"summary_large_image","twitter_creator":"@LaGuiadPamplona","twitter_site":"@LaGuiadPamplona","twitter_misc":{"Escrito por":"La Gu\u00eda de Pamplona","Tiempo de lectura":"2 minutos"},"schema":{"@context":"https:\/\/schema.org","@graph":[{"@type":"Article","@id":"https:\/\/www.laguiadepamplona.com\/actualidad\/el-ayuntamiento-de-pamplona-suspende-la-zona-azul-por-segundo-dia-en-toda-la-ciudad-por-el-temporal-de-nieve\/#article","isPartOf":{"@id":"https:\/\/www.laguiadepamplona.com\/actualidad\/el-ayuntamiento-de-pamplona-suspende-la-zona-azul-por-segundo-dia-en-toda-la-ciudad-por-el-temporal-de-nieve\/"},"author":{"name":"La Gu\u00eda de Pamplona","@id":"https:\/\/www.laguiadepamplona.com\/actualidad\/#\/schema\/person\/efe887376f0213d4657c93adc50b1fdb"},"headline":"El Ayuntamiento de Pamplona suspende la zona azul por segundo d\u00eda en toda la ciudad por el temporal de nieve","datePublished":"2023-01-19T09:48:59+00:00","dateModified":"2023-04-11T09:47:23+00:00","mainEntityOfPage":{"@id":"https:\/\/www.laguiadepamplona.com\/actualidad\/el-ayuntamiento-de-pamplona-suspende-la-zona-azul-por-segundo-dia-en-toda-la-ciudad-por-el-temporal-de-nieve\/"},"wordCount":447,"commentCount":0,"publisher":{"@id":"https:\/\/www.laguiadepamplona.com\/actualidad\/#organization"},"image":{"@id":"https:\/\/www.laguiadepamplona.com\/actualidad\/el-ayuntamiento-de-pamplona-suspende-la-zona-azul-por-segundo-dia-en-toda-la-ciudad-por-el-temporal-de-nieve\/#primaryimage"},"thumbnailUrl":"https:\/\/www.laguiadepamplona.com\/actualidad\/wp-content\/uploads\/2023\/01\/parkimetro.webp","articleSection":["Ayto Pamplona"],"inLanguage":"es","potentialAction":[{"@type":"CommentAction","name":"Comment","target":["https:\/\/www.laguiadepamplona.com\/actualidad\/el-ayuntamiento-de-pamplona-suspende-la-zona-azul-por-segundo-dia-en-toda-la-ciudad-por-el-temporal-de-nieve\/#respond"]}]},{"@type":"WebPage","@id":"https:\/\/www.laguiadepamplona.com\/actualidad\/el-ayuntamiento-de-pamplona-suspende-la-zona-azul-por-segundo-dia-en-toda-la-ciudad-por-el-temporal-de-nieve\/","url":"https:\/\/www.laguiadepamplona.com\/actualidad\/el-ayuntamiento-de-pamplona-suspende-la-zona-azul-por-segundo-dia-en-toda-la-ciudad-por-el-temporal-de-nieve\/","name":"El Ayuntamiento de Pamplona suspende la zona azul por segundo d\u00eda en toda la ciudad por el temporal de nieve","isPartOf":{"@id":"https:\/\/www.laguiadepamplona.com\/actualidad\/#website"},"primaryImageOfPage":{"@id":"https:\/\/www.laguiadepamplona.com\/actualidad\/el-ayuntamiento-de-pamplona-suspende-la-zona-azul-por-segundo-dia-en-toda-la-ciudad-por-el-temporal-de-nieve\/#primaryimage"},"image":{"@id":"https:\/\/www.laguiadepamplona.com\/actualidad\/el-ayuntamiento-de-pamplona-suspende-la-zona-azul-por-segundo-dia-en-toda-la-ciudad-por-el-temporal-de-nieve\/#primaryimage"},"thumbnailUrl":"https:\/\/www.laguiadepamplona.com\/actualidad\/wp-content\/uploads\/2023\/01\/parkimetro.webp","datePublished":"2023-01-19T09:48:59+00:00","dateModified":"2023-04-11T09:47:23+00:00","description":"Las nevadas no han causado incidencias graves y el tr\u00e1fico en Pamplona a estas horas es lento pero fluido","breadcrumb":{"@id":"https:\/\/www.laguiadepamplona.com\/actualidad\/el-ayuntamiento-de-pamplona-suspende-la-zona-azul-por-segundo-dia-en-toda-la-ciudad-por-el-temporal-de-nieve\/#breadcrumb"},"inLanguage":"es","potentialAction":[{"@type":"ReadAction","target":["https:\/\/www.laguiadepamplona.com\/actualidad\/el-ayuntamiento-de-pamplona-suspende-la-zona-azul-por-segundo-dia-en-toda-la-ciudad-por-el-temporal-de-nieve\/"]}]},{"@type":"ImageObject","inLanguage":"es","@id":"https:\/\/www.laguiadepamplona.com\/actualidad\/el-ayuntamiento-de-pamplona-suspende-la-zona-azul-por-segundo-dia-en-toda-la-ciudad-por-el-temporal-de-nieve\/#primaryimage","url":"https:\/\/www.laguiadepamplona.com\/actualidad\/wp-content\/uploads\/2023\/01\/parkimetro.webp","contentUrl":"https:\/\/www.laguiadepamplona.com\/actualidad\/wp-content\/uploads\/2023\/01\/parkimetro.webp","width":1920,"height":1080},{"@type":"BreadcrumbList","@id":"https:\/\/www.laguiadepamplona.com\/actualidad\/el-ayuntamiento-de-pamplona-suspende-la-zona-azul-por-segundo-dia-en-toda-la-ciudad-por-el-temporal-de-nieve\/#breadcrumb","itemListElement":[{"@type":"ListItem","position":1,"name":"Portada","item":"https:\/\/www.laguiadepamplona.com\/actualidad\/"},{"@type":"ListItem","position":2,"name":"El Ayuntamiento de Pamplona suspende la zona azul por segundo d\u00eda en toda la ciudad por el temporal de nieve"}]},{"@type":"WebSite","@id":"https:\/\/www.laguiadepamplona.com\/actualidad\/#website","url":"https:\/\/www.laguiadepamplona.com\/actualidad\/","name":"La gu\u00eda de Pamplona","description":"Noticias de Pamplona","publisher":{"@id":"https:\/\/www.laguiadepamplona.com\/actualidad\/#organization"},"potentialAction":[{"@type":"SearchAction","target":{"@type":"EntryPoint","urlTemplate":"https:\/\/www.laguiadepamplona.com\/actualidad\/?s={search_term_string}"},"query-input":{"@type":"PropertyValueSpecification","valueRequired":true,"valueName":"search_term_string"}}],"inLanguage":"es"},{"@type":"Organization","@id":"https:\/\/www.laguiadepamplona.com\/actualidad\/#organization","name":"La Gu\u00eda de Pamplona \/ Noticias","url":"https:\/\/www.laguiadepamplona.com\/actualidad\/","logo":{"@type":"ImageObject","inLanguage":"es","@id":"https:\/\/www.laguiadepamplona.com\/actualidad\/#\/schema\/logo\/image\/","url":"https:\/\/www.laguiadepamplona.com\/actualidad\/wp-content\/uploads\/2018\/11\/logo-laguiadepamplona18-web1.png","contentUrl":"https:\/\/www.laguiadepamplona.com\/actualidad\/wp-content\/uploads\/2018\/11\/logo-laguiadepamplona18-web1.png","width":600,"height":196,"caption":"La Gu\u00eda de Pamplona \/ Noticias"},"image":{"@id":"https:\/\/www.laguiadepamplona.com\/actualidad\/#\/schema\/logo\/image\/"},"sameAs":["https:\/\/www.facebook.com\/laguiadepamplonacom-133175176762273\/?ref=hl","https:\/\/x.com\/LaGuiadPamplona","https:\/\/www.instagram.com\/la_guia_de_pamplona\/","https:\/\/www.youtube.com\/user\/laguiadepamplona"]},{"@type":"Person","@id":"https:\/\/www.laguiadepamplona.com\/actualidad\/#\/schema\/person\/efe887376f0213d4657c93adc50b1fdb","name":"La Gu\u00eda de Pamplona","image":{"@type":"ImageObject","inLanguage":"es","@id":"https:\/\/secure.gravatar.com\/avatar\/b6992f131dc8d30ab0dff15446e9d346d9dbd95992de0fef795073f5ea83a81c?s=96&d=mm&r=g","url":"https:\/\/secure.gravatar.com\/avatar\/b6992f131dc8d30ab0dff15446e9d346d9dbd95992de0fef795073f5ea83a81c?s=96&d=mm&r=g","contentUrl":"https:\/\/secure.gravatar.com\/avatar\/b6992f131dc8d30ab0dff15446e9d346d9dbd95992de0fef795073f5ea83a81c?s=96&d=mm&r=g","caption":"La Gu\u00eda de Pamplona"}}]}},"post_mailing_queue_ids":[],"_links":{"self":[{"href":"https:\/\/www.laguiadepamplona.com\/actualidad\/wp-json\/wp\/v2\/posts\/42621","targetHints":{"allow":["GET"]}}],"collection":[{"href":"https:\/\/www.laguiadepamplona.com\/actualidad\/wp-json\/wp\/v2\/posts"}],"about":[{"href":"https:\/\/www.laguiadepamplona.com\/actualidad\/wp-json\/wp\/v2\/types\/post"}],"author":[{"embeddable":true,"href":"https:\/\/www.laguiadepamplona.com\/actualidad\/wp-json\/wp\/v2\/users\/1"}],"replies":[{"embeddable":true,"href":"https:\/\/www.laguiadepamplona.com\/actualidad\/wp-json\/wp\/v2\/comments?post=42621"}],"version-history":[{"count":0,"href":"https:\/\/www.laguiadepamplona.com\/actualidad\/wp-json\/wp\/v2\/posts\/42621\/revisions"}],"wp:featuredmedia":[{"embeddable":true,"href":"https:\/\/www.laguiadepamplona.com\/actualidad\/wp-json\/wp\/v2\/media\/42608"}],"wp:attachment":[{"href":"https:\/\/www.laguiadepamplona.com\/actualidad\/wp-json\/wp\/v2\/media?parent=42621"}],"wp:term":[{"taxonomy":"category","embeddable":true,"href":"https:\/\/www.laguiadepamplona.com\/actualidad\/wp-json\/wp\/v2\/categories?post=42621"},{"taxonomy":"post_tag","embeddable":true,"href":"https:\/\/www.laguiadepamplona.com\/actualidad\/wp-json\/wp\/v2\/tags?post=42621"}],"curies":[{"name":"wp","href":"https:\/\/api.w.org\/{rel}","templated":true}]}}