{"id":42618,"date":"2023-01-18T18:54:28","date_gmt":"2023-01-18T16:54:28","guid":{"rendered":"https:\/\/www.laguiadepamplona.com\/actualidad\/?p=42618"},"modified":"2023-04-11T11:47:23","modified_gmt":"2023-04-11T09:47:23","slug":"el-ayuntamiento-de-pamplona-mantiene-activado-el-operativo-frente-a-las-nevadas-ante-posibles-precipitaciones-de-nieve-a-partir-de-esta-tarde-noche","status":"publish","type":"post","link":"https:\/\/www.laguiadepamplona.com\/actualidad\/el-ayuntamiento-de-pamplona-mantiene-activado-el-operativo-frente-a-las-nevadas-ante-posibles-precipitaciones-de-nieve-a-partir-de-esta-tarde-noche\/","title":{"rendered":"El Ayuntamiento de Pamplona mantiene activado el operativo frente a las nevadas ante posibles precipitaciones de nieve a partir de esta tarde-noche"},"content":{"rendered":"<h5>Personas y servicios involucrados en el \u2018Plan de Nieves\u2019 municipal valorar\u00e1n esta tarde la jornada y analizar\u00e1n las perspectivas para las pr\u00f3ximas horas<\/h5>\n<p><!--more--><\/p>\n<p>El Ayuntamiento de Pamplona mantiene dispuesto el operativo previsto en el \u2018Plan de Nieves\u2019 del Consistorio en previsi\u00f3n de que, desde el anochecer, se sigan produciendo precipitaciones de nieve en el t\u00e9rmino municipal. En estos momentos el sistema viario est\u00e1 practicable y abierto al tr\u00e1fico, y la circulaci\u00f3n es fluida. Los equipos quitanieves hoy han estado trabajando para garantizarlo. La informaci\u00f3n actualizada sobre las incidencias en la ciudad por la nieve puede seguirse a trav\u00e9s de los perfiles del Consistorio y de Polic\u00eda Municipal de Pamplona en Twitter y en otras redes sociales bajo los hashtag #PamplonaNieve o #Iru\u00f1aElurra.<br \/>\n<script async src=\"\/\/pagead2.googlesyndication.com\/pagead\/js\/adsbygoogle.js\"><\/script><br \/>\n<!-- Noticias La Guia de Pamplona --><br \/>\n<ins class=\"adsbygoogle\"\nstyle=\"display:block\"\ndata-ad-client=\"ca-pub-6943679897239327\"\ndata-ad-slot=\"7048180777\"\ndata-ad-format=\"auto\"><\/ins><br \/>\n<script>\n(adsbygoogle = window.adsbygoogle || []).push({});\n<\/script><\/p>\n<p>Esta tarde est\u00e1 prevista una reuni\u00f3n del equipo de coordinaci\u00f3n de este protocolo que a\u00fana los medios humanos y t\u00e9cnicos del Ayuntamiento a la hora de enfrentar posibles incidencias. Personal t\u00e9cnico de Protecci\u00f3n Civil, Polic\u00eda Municipal, representantes de las \u00e1reas municipales y contratas que gestionan los veh\u00edculos que esparcen sal o limpian, Mancomunidad de la Comarca de Pamplona, as\u00ed como representante de entidades como DYA y Cruz Roja, analizar\u00e1n en ese encuentro el desarrollo de la jornada y las previsiones para las pr\u00f3ximas horas, para as\u00ed ajustar los medios disponibles a las posibles necesidades de la ciudad.<\/p>\n<p>El \u2018Plan de Nieves\u2019 prev\u00e9 para la limpieza de las calzadas el uso de tres camiones con esparcidor de sal y l\u00e1mina, de siete pickups, igualmente con esparcidor de sal y l\u00e1mina, y de un veh\u00edculo m\u00e1s, solamente con l\u00e1mina. Estos equipos se distribuyen en siete circuitos que abarcan las principales v\u00edas rodadas de la ciudad, en orden a su densidad de tr\u00e1fico, de forma que se comienza la limpieza por las m\u00e1s utilizadas, para continuar despu\u00e9s por calles con menos circulaci\u00f3n. En lo relativo a limpieza de aceras y zonas peatonales el protocolo prev\u00e9 que, adem\u00e1s del personal habitual que realiza el barrido manual, se cuente con cuatro equipos de barredora con cuchilla. El Ayuntamiento de Pamplona dispone tambi\u00e9n de un almac\u00e9n de fundente con dos silos de 100 toneladas cada uno, m\u00e1s un almac\u00e9n de sal a granel, con una capacidad aproximada de 200 toneladas. De esta manera se busca minimizar posibles problemas, tanto en las aceras como en las calzadas.<br \/>\n<script async src=\"\/\/pagead2.googlesyndication.com\/pagead\/js\/adsbygoogle.js\"><\/script><br \/>\n<!-- Noticias La Guia de Pamplona --><br \/>\n<ins class=\"adsbygoogle\"\nstyle=\"display:block\"\ndata-ad-client=\"ca-pub-6943679897239327\"\ndata-ad-slot=\"7048180777\"\ndata-ad-format=\"auto\"><\/ins><br \/>\n<script>\n(adsbygoogle = window.adsbygoogle || []).push({});\n<\/script><\/p>\n<p>Desde el Ayuntamiento de Pamplona se recomienda a la ciudadan\u00eda evitar desplazamientos innecesarios o, en su caso, utilizar el transporte p\u00fablico. Si es necesario emplear el veh\u00edculo particular, se recuerda que es necesario conducir con extrema precauci\u00f3n y teniendo en cuenta los consejos especializados para conducir con nieve.<\/p>\n","protected":false},"excerpt":{"rendered":"<p>Personas y servicios involucrados en el \u2018Plan de Nieves\u2019 municipal valorar\u00e1n esta tarde la jornada y analizar\u00e1n las perspectivas para las pr\u00f3ximas horas<\/p>\n","protected":false},"author":1,"featured_media":42619,"comment_status":"open","ping_status":"closed","sticky":false,"template":"","format":"standard","meta":{"footnotes":""},"categories":[2],"tags":[],"class_list":["post-42618","post","type-post","status-publish","format-standard","has-post-thumbnail","hentry","category-ayuntamiento-pamplona"],"yoast_head":"<!-- This site is optimized with the Yoast SEO plugin v27.5 - https:\/\/yoast.com\/product\/yoast-seo-wordpress\/ -->\n<title>El Ayuntamiento de Pamplona mantiene activado el operativo frente a las nevadas ante posibles precipitaciones de nieve a partir de esta tarde-noche<\/title>\n<meta name=\"description\" content=\"Personas y servicios involucrados en el \u2018Plan de Nieves\u2019 municipal valorar\u00e1n esta tarde la jornada y analizar\u00e1n las perspectivas para las pr\u00f3ximas horas\" \/>\n<meta name=\"robots\" content=\"index, follow, max-snippet:-1, max-image-preview:large, max-video-preview:-1\" \/>\n<link rel=\"canonical\" href=\"https:\/\/www.laguiadepamplona.com\/actualidad\/el-ayuntamiento-de-pamplona-mantiene-activado-el-operativo-frente-a-las-nevadas-ante-posibles-precipitaciones-de-nieve-a-partir-de-esta-tarde-noche\/\" \/>\n<meta property=\"og:locale\" content=\"es_ES\" \/>\n<meta property=\"og:type\" content=\"article\" \/>\n<meta property=\"og:title\" content=\"El Ayuntamiento de Pamplona mantiene activado el operativo frente a las nevadas ante posibles precipitaciones de nieve a partir de esta tarde-noche\" \/>\n<meta property=\"og:description\" content=\"Personas y servicios involucrados en el \u2018Plan de Nieves\u2019 municipal valorar\u00e1n esta tarde la jornada y analizar\u00e1n las perspectivas para las pr\u00f3ximas horas\" \/>\n<meta property=\"og:url\" content=\"https:\/\/www.laguiadepamplona.com\/actualidad\/el-ayuntamiento-de-pamplona-mantiene-activado-el-operativo-frente-a-las-nevadas-ante-posibles-precipitaciones-de-nieve-a-partir-de-esta-tarde-noche\/\" \/>\n<meta property=\"og:site_name\" content=\"La Gu\u00eda de Pamplona\" \/>\n<meta property=\"article:publisher\" content=\"https:\/\/www.facebook.com\/laguiadepamplonacom-133175176762273\/?ref=hl\" \/>\n<meta property=\"article:published_time\" content=\"2023-01-18T16:54:28+00:00\" \/>\n<meta property=\"article:modified_time\" content=\"2023-04-11T09:47:23+00:00\" \/>\n<meta property=\"og:image\" content=\"https:\/\/www.laguiadepamplona.com\/actualidad\/wp-content\/uploads\/2023\/01\/nievetrinitariosee5a4305.webp\" \/>\n\t<meta property=\"og:image:width\" content=\"1920\" \/>\n\t<meta property=\"og:image:height\" content=\"1280\" \/>\n\t<meta property=\"og:image:type\" content=\"image\/webp\" \/>\n<meta name=\"author\" content=\"La Gu\u00eda de Pamplona\" \/>\n<meta name=\"twitter:card\" content=\"summary_large_image\" \/>\n<meta name=\"twitter:creator\" content=\"@LaGuiadPamplona\" \/>\n<meta name=\"twitter:site\" content=\"@LaGuiadPamplona\" \/>\n<meta name=\"twitter:label1\" content=\"Escrito por\" \/>\n\t<meta name=\"twitter:data1\" content=\"La Gu\u00eda de Pamplona\" \/>\n\t<meta name=\"twitter:label2\" content=\"Tiempo de lectura\" \/>\n\t<meta name=\"twitter:data2\" content=\"2 minutos\" \/>\n<script type=\"application\/ld+json\" class=\"yoast-schema-graph\">{\"@context\":\"https:\\\/\\\/schema.org\",\"@graph\":[{\"@type\":\"Article\",\"@id\":\"https:\\\/\\\/www.laguiadepamplona.com\\\/actualidad\\\/el-ayuntamiento-de-pamplona-mantiene-activado-el-operativo-frente-a-las-nevadas-ante-posibles-precipitaciones-de-nieve-a-partir-de-esta-tarde-noche\\\/#article\",\"isPartOf\":{\"@id\":\"https:\\\/\\\/www.laguiadepamplona.com\\\/actualidad\\\/el-ayuntamiento-de-pamplona-mantiene-activado-el-operativo-frente-a-las-nevadas-ante-posibles-precipitaciones-de-nieve-a-partir-de-esta-tarde-noche\\\/\"},\"author\":{\"name\":\"La Gu\u00eda de Pamplona\",\"@id\":\"https:\\\/\\\/www.laguiadepamplona.com\\\/actualidad\\\/#\\\/schema\\\/person\\\/efe887376f0213d4657c93adc50b1fdb\"},\"headline\":\"El Ayuntamiento de Pamplona mantiene activado el operativo frente a las nevadas ante posibles precipitaciones de nieve a partir de esta tarde-noche\",\"datePublished\":\"2023-01-18T16:54:28+00:00\",\"dateModified\":\"2023-04-11T09:47:23+00:00\",\"mainEntityOfPage\":{\"@id\":\"https:\\\/\\\/www.laguiadepamplona.com\\\/actualidad\\\/el-ayuntamiento-de-pamplona-mantiene-activado-el-operativo-frente-a-las-nevadas-ante-posibles-precipitaciones-de-nieve-a-partir-de-esta-tarde-noche\\\/\"},\"wordCount\":490,\"commentCount\":0,\"publisher\":{\"@id\":\"https:\\\/\\\/www.laguiadepamplona.com\\\/actualidad\\\/#organization\"},\"image\":{\"@id\":\"https:\\\/\\\/www.laguiadepamplona.com\\\/actualidad\\\/el-ayuntamiento-de-pamplona-mantiene-activado-el-operativo-frente-a-las-nevadas-ante-posibles-precipitaciones-de-nieve-a-partir-de-esta-tarde-noche\\\/#primaryimage\"},\"thumbnailUrl\":\"https:\\\/\\\/www.laguiadepamplona.com\\\/actualidad\\\/wp-content\\\/uploads\\\/2023\\\/01\\\/nievetrinitariosee5a4305.webp\",\"articleSection\":[\"Ayto Pamplona\"],\"inLanguage\":\"es\",\"potentialAction\":[{\"@type\":\"CommentAction\",\"name\":\"Comment\",\"target\":[\"https:\\\/\\\/www.laguiadepamplona.com\\\/actualidad\\\/el-ayuntamiento-de-pamplona-mantiene-activado-el-operativo-frente-a-las-nevadas-ante-posibles-precipitaciones-de-nieve-a-partir-de-esta-tarde-noche\\\/#respond\"]}]},{\"@type\":\"WebPage\",\"@id\":\"https:\\\/\\\/www.laguiadepamplona.com\\\/actualidad\\\/el-ayuntamiento-de-pamplona-mantiene-activado-el-operativo-frente-a-las-nevadas-ante-posibles-precipitaciones-de-nieve-a-partir-de-esta-tarde-noche\\\/\",\"url\":\"https:\\\/\\\/www.laguiadepamplona.com\\\/actualidad\\\/el-ayuntamiento-de-pamplona-mantiene-activado-el-operativo-frente-a-las-nevadas-ante-posibles-precipitaciones-de-nieve-a-partir-de-esta-tarde-noche\\\/\",\"name\":\"El Ayuntamiento de Pamplona mantiene activado el operativo frente a las nevadas ante posibles precipitaciones de nieve a partir de esta tarde-noche\",\"isPartOf\":{\"@id\":\"https:\\\/\\\/www.laguiadepamplona.com\\\/actualidad\\\/#website\"},\"primaryImageOfPage\":{\"@id\":\"https:\\\/\\\/www.laguiadepamplona.com\\\/actualidad\\\/el-ayuntamiento-de-pamplona-mantiene-activado-el-operativo-frente-a-las-nevadas-ante-posibles-precipitaciones-de-nieve-a-partir-de-esta-tarde-noche\\\/#primaryimage\"},\"image\":{\"@id\":\"https:\\\/\\\/www.laguiadepamplona.com\\\/actualidad\\\/el-ayuntamiento-de-pamplona-mantiene-activado-el-operativo-frente-a-las-nevadas-ante-posibles-precipitaciones-de-nieve-a-partir-de-esta-tarde-noche\\\/#primaryimage\"},\"thumbnailUrl\":\"https:\\\/\\\/www.laguiadepamplona.com\\\/actualidad\\\/wp-content\\\/uploads\\\/2023\\\/01\\\/nievetrinitariosee5a4305.webp\",\"datePublished\":\"2023-01-18T16:54:28+00:00\",\"dateModified\":\"2023-04-11T09:47:23+00:00\",\"description\":\"Personas y servicios involucrados en el \u2018Plan de Nieves\u2019 municipal valorar\u00e1n esta tarde la jornada y analizar\u00e1n las perspectivas para las pr\u00f3ximas horas\",\"breadcrumb\":{\"@id\":\"https:\\\/\\\/www.laguiadepamplona.com\\\/actualidad\\\/el-ayuntamiento-de-pamplona-mantiene-activado-el-operativo-frente-a-las-nevadas-ante-posibles-precipitaciones-de-nieve-a-partir-de-esta-tarde-noche\\\/#breadcrumb\"},\"inLanguage\":\"es\",\"potentialAction\":[{\"@type\":\"ReadAction\",\"target\":[\"https:\\\/\\\/www.laguiadepamplona.com\\\/actualidad\\\/el-ayuntamiento-de-pamplona-mantiene-activado-el-operativo-frente-a-las-nevadas-ante-posibles-precipitaciones-de-nieve-a-partir-de-esta-tarde-noche\\\/\"]}]},{\"@type\":\"ImageObject\",\"inLanguage\":\"es\",\"@id\":\"https:\\\/\\\/www.laguiadepamplona.com\\\/actualidad\\\/el-ayuntamiento-de-pamplona-mantiene-activado-el-operativo-frente-a-las-nevadas-ante-posibles-precipitaciones-de-nieve-a-partir-de-esta-tarde-noche\\\/#primaryimage\",\"url\":\"https:\\\/\\\/www.laguiadepamplona.com\\\/actualidad\\\/wp-content\\\/uploads\\\/2023\\\/01\\\/nievetrinitariosee5a4305.webp\",\"contentUrl\":\"https:\\\/\\\/www.laguiadepamplona.com\\\/actualidad\\\/wp-content\\\/uploads\\\/2023\\\/01\\\/nievetrinitariosee5a4305.webp\",\"width\":1920,\"height\":1280},{\"@type\":\"BreadcrumbList\",\"@id\":\"https:\\\/\\\/www.laguiadepamplona.com\\\/actualidad\\\/el-ayuntamiento-de-pamplona-mantiene-activado-el-operativo-frente-a-las-nevadas-ante-posibles-precipitaciones-de-nieve-a-partir-de-esta-tarde-noche\\\/#breadcrumb\",\"itemListElement\":[{\"@type\":\"ListItem\",\"position\":1,\"name\":\"Portada\",\"item\":\"https:\\\/\\\/www.laguiadepamplona.com\\\/actualidad\\\/\"},{\"@type\":\"ListItem\",\"position\":2,\"name\":\"El Ayuntamiento de Pamplona mantiene activado el operativo frente a las nevadas ante posibles precipitaciones de nieve a partir de esta tarde-noche\"}]},{\"@type\":\"WebSite\",\"@id\":\"https:\\\/\\\/www.laguiadepamplona.com\\\/actualidad\\\/#website\",\"url\":\"https:\\\/\\\/www.laguiadepamplona.com\\\/actualidad\\\/\",\"name\":\"La gu\u00eda de Pamplona\",\"description\":\"Noticias de Pamplona\",\"publisher\":{\"@id\":\"https:\\\/\\\/www.laguiadepamplona.com\\\/actualidad\\\/#organization\"},\"potentialAction\":[{\"@type\":\"SearchAction\",\"target\":{\"@type\":\"EntryPoint\",\"urlTemplate\":\"https:\\\/\\\/www.laguiadepamplona.com\\\/actualidad\\\/?s={search_term_string}\"},\"query-input\":{\"@type\":\"PropertyValueSpecification\",\"valueRequired\":true,\"valueName\":\"search_term_string\"}}],\"inLanguage\":\"es\"},{\"@type\":\"Organization\",\"@id\":\"https:\\\/\\\/www.laguiadepamplona.com\\\/actualidad\\\/#organization\",\"name\":\"La Gu\u00eda de Pamplona \\\/ Noticias\",\"url\":\"https:\\\/\\\/www.laguiadepamplona.com\\\/actualidad\\\/\",\"logo\":{\"@type\":\"ImageObject\",\"inLanguage\":\"es\",\"@id\":\"https:\\\/\\\/www.laguiadepamplona.com\\\/actualidad\\\/#\\\/schema\\\/logo\\\/image\\\/\",\"url\":\"https:\\\/\\\/www.laguiadepamplona.com\\\/actualidad\\\/wp-content\\\/uploads\\\/2018\\\/11\\\/logo-laguiadepamplona18-web1.png\",\"contentUrl\":\"https:\\\/\\\/www.laguiadepamplona.com\\\/actualidad\\\/wp-content\\\/uploads\\\/2018\\\/11\\\/logo-laguiadepamplona18-web1.png\",\"width\":600,\"height\":196,\"caption\":\"La Gu\u00eda de Pamplona \\\/ Noticias\"},\"image\":{\"@id\":\"https:\\\/\\\/www.laguiadepamplona.com\\\/actualidad\\\/#\\\/schema\\\/logo\\\/image\\\/\"},\"sameAs\":[\"https:\\\/\\\/www.facebook.com\\\/laguiadepamplonacom-133175176762273\\\/?ref=hl\",\"https:\\\/\\\/x.com\\\/LaGuiadPamplona\",\"https:\\\/\\\/www.instagram.com\\\/la_guia_de_pamplona\\\/\",\"https:\\\/\\\/www.youtube.com\\\/user\\\/laguiadepamplona\"]},{\"@type\":\"Person\",\"@id\":\"https:\\\/\\\/www.laguiadepamplona.com\\\/actualidad\\\/#\\\/schema\\\/person\\\/efe887376f0213d4657c93adc50b1fdb\",\"name\":\"La Gu\u00eda de Pamplona\",\"image\":{\"@type\":\"ImageObject\",\"inLanguage\":\"es\",\"@id\":\"https:\\\/\\\/secure.gravatar.com\\\/avatar\\\/b6992f131dc8d30ab0dff15446e9d346d9dbd95992de0fef795073f5ea83a81c?s=96&d=mm&r=g\",\"url\":\"https:\\\/\\\/secure.gravatar.com\\\/avatar\\\/b6992f131dc8d30ab0dff15446e9d346d9dbd95992de0fef795073f5ea83a81c?s=96&d=mm&r=g\",\"contentUrl\":\"https:\\\/\\\/secure.gravatar.com\\\/avatar\\\/b6992f131dc8d30ab0dff15446e9d346d9dbd95992de0fef795073f5ea83a81c?s=96&d=mm&r=g\",\"caption\":\"La Gu\u00eda de Pamplona\"}}]}<\/script>\n<!-- \/ Yoast SEO plugin. -->","yoast_head_json":{"title":"El Ayuntamiento de Pamplona mantiene activado el operativo frente a las nevadas ante posibles precipitaciones de nieve a partir de esta tarde-noche","description":"Personas y servicios involucrados en el \u2018Plan de Nieves\u2019 municipal valorar\u00e1n esta tarde la jornada y analizar\u00e1n las perspectivas para las pr\u00f3ximas horas","robots":{"index":"index","follow":"follow","max-snippet":"max-snippet:-1","max-image-preview":"max-image-preview:large","max-video-preview":"max-video-preview:-1"},"canonical":"https:\/\/www.laguiadepamplona.com\/actualidad\/el-ayuntamiento-de-pamplona-mantiene-activado-el-operativo-frente-a-las-nevadas-ante-posibles-precipitaciones-de-nieve-a-partir-de-esta-tarde-noche\/","og_locale":"es_ES","og_type":"article","og_title":"El Ayuntamiento de Pamplona mantiene activado el operativo frente a las nevadas ante posibles precipitaciones de nieve a partir de esta tarde-noche","og_description":"Personas y servicios involucrados en el \u2018Plan de Nieves\u2019 municipal valorar\u00e1n esta tarde la jornada y analizar\u00e1n las perspectivas para las pr\u00f3ximas horas","og_url":"https:\/\/www.laguiadepamplona.com\/actualidad\/el-ayuntamiento-de-pamplona-mantiene-activado-el-operativo-frente-a-las-nevadas-ante-posibles-precipitaciones-de-nieve-a-partir-de-esta-tarde-noche\/","og_site_name":"La Gu\u00eda de Pamplona","article_publisher":"https:\/\/www.facebook.com\/laguiadepamplonacom-133175176762273\/?ref=hl","article_published_time":"2023-01-18T16:54:28+00:00","article_modified_time":"2023-04-11T09:47:23+00:00","og_image":[{"width":1920,"height":1280,"url":"https:\/\/www.laguiadepamplona.com\/actualidad\/wp-content\/uploads\/2023\/01\/nievetrinitariosee5a4305.webp","type":"image\/webp"}],"author":"La Gu\u00eda de Pamplona","twitter_card":"summary_large_image","twitter_creator":"@LaGuiadPamplona","twitter_site":"@LaGuiadPamplona","twitter_misc":{"Escrito por":"La Gu\u00eda de Pamplona","Tiempo de lectura":"2 minutos"},"schema":{"@context":"https:\/\/schema.org","@graph":[{"@type":"Article","@id":"https:\/\/www.laguiadepamplona.com\/actualidad\/el-ayuntamiento-de-pamplona-mantiene-activado-el-operativo-frente-a-las-nevadas-ante-posibles-precipitaciones-de-nieve-a-partir-de-esta-tarde-noche\/#article","isPartOf":{"@id":"https:\/\/www.laguiadepamplona.com\/actualidad\/el-ayuntamiento-de-pamplona-mantiene-activado-el-operativo-frente-a-las-nevadas-ante-posibles-precipitaciones-de-nieve-a-partir-de-esta-tarde-noche\/"},"author":{"name":"La Gu\u00eda de Pamplona","@id":"https:\/\/www.laguiadepamplona.com\/actualidad\/#\/schema\/person\/efe887376f0213d4657c93adc50b1fdb"},"headline":"El Ayuntamiento de Pamplona mantiene activado el operativo frente a las nevadas ante posibles precipitaciones de nieve a partir de esta tarde-noche","datePublished":"2023-01-18T16:54:28+00:00","dateModified":"2023-04-11T09:47:23+00:00","mainEntityOfPage":{"@id":"https:\/\/www.laguiadepamplona.com\/actualidad\/el-ayuntamiento-de-pamplona-mantiene-activado-el-operativo-frente-a-las-nevadas-ante-posibles-precipitaciones-de-nieve-a-partir-de-esta-tarde-noche\/"},"wordCount":490,"commentCount":0,"publisher":{"@id":"https:\/\/www.laguiadepamplona.com\/actualidad\/#organization"},"image":{"@id":"https:\/\/www.laguiadepamplona.com\/actualidad\/el-ayuntamiento-de-pamplona-mantiene-activado-el-operativo-frente-a-las-nevadas-ante-posibles-precipitaciones-de-nieve-a-partir-de-esta-tarde-noche\/#primaryimage"},"thumbnailUrl":"https:\/\/www.laguiadepamplona.com\/actualidad\/wp-content\/uploads\/2023\/01\/nievetrinitariosee5a4305.webp","articleSection":["Ayto Pamplona"],"inLanguage":"es","potentialAction":[{"@type":"CommentAction","name":"Comment","target":["https:\/\/www.laguiadepamplona.com\/actualidad\/el-ayuntamiento-de-pamplona-mantiene-activado-el-operativo-frente-a-las-nevadas-ante-posibles-precipitaciones-de-nieve-a-partir-de-esta-tarde-noche\/#respond"]}]},{"@type":"WebPage","@id":"https:\/\/www.laguiadepamplona.com\/actualidad\/el-ayuntamiento-de-pamplona-mantiene-activado-el-operativo-frente-a-las-nevadas-ante-posibles-precipitaciones-de-nieve-a-partir-de-esta-tarde-noche\/","url":"https:\/\/www.laguiadepamplona.com\/actualidad\/el-ayuntamiento-de-pamplona-mantiene-activado-el-operativo-frente-a-las-nevadas-ante-posibles-precipitaciones-de-nieve-a-partir-de-esta-tarde-noche\/","name":"El Ayuntamiento de Pamplona mantiene activado el operativo frente a las nevadas ante posibles precipitaciones de nieve a partir de esta tarde-noche","isPartOf":{"@id":"https:\/\/www.laguiadepamplona.com\/actualidad\/#website"},"primaryImageOfPage":{"@id":"https:\/\/www.laguiadepamplona.com\/actualidad\/el-ayuntamiento-de-pamplona-mantiene-activado-el-operativo-frente-a-las-nevadas-ante-posibles-precipitaciones-de-nieve-a-partir-de-esta-tarde-noche\/#primaryimage"},"image":{"@id":"https:\/\/www.laguiadepamplona.com\/actualidad\/el-ayuntamiento-de-pamplona-mantiene-activado-el-operativo-frente-a-las-nevadas-ante-posibles-precipitaciones-de-nieve-a-partir-de-esta-tarde-noche\/#primaryimage"},"thumbnailUrl":"https:\/\/www.laguiadepamplona.com\/actualidad\/wp-content\/uploads\/2023\/01\/nievetrinitariosee5a4305.webp","datePublished":"2023-01-18T16:54:28+00:00","dateModified":"2023-04-11T09:47:23+00:00","description":"Personas y servicios involucrados en el \u2018Plan de Nieves\u2019 municipal valorar\u00e1n esta tarde la jornada y analizar\u00e1n las perspectivas para las pr\u00f3ximas horas","breadcrumb":{"@id":"https:\/\/www.laguiadepamplona.com\/actualidad\/el-ayuntamiento-de-pamplona-mantiene-activado-el-operativo-frente-a-las-nevadas-ante-posibles-precipitaciones-de-nieve-a-partir-de-esta-tarde-noche\/#breadcrumb"},"inLanguage":"es","potentialAction":[{"@type":"ReadAction","target":["https:\/\/www.laguiadepamplona.com\/actualidad\/el-ayuntamiento-de-pamplona-mantiene-activado-el-operativo-frente-a-las-nevadas-ante-posibles-precipitaciones-de-nieve-a-partir-de-esta-tarde-noche\/"]}]},{"@type":"ImageObject","inLanguage":"es","@id":"https:\/\/www.laguiadepamplona.com\/actualidad\/el-ayuntamiento-de-pamplona-mantiene-activado-el-operativo-frente-a-las-nevadas-ante-posibles-precipitaciones-de-nieve-a-partir-de-esta-tarde-noche\/#primaryimage","url":"https:\/\/www.laguiadepamplona.com\/actualidad\/wp-content\/uploads\/2023\/01\/nievetrinitariosee5a4305.webp","contentUrl":"https:\/\/www.laguiadepamplona.com\/actualidad\/wp-content\/uploads\/2023\/01\/nievetrinitariosee5a4305.webp","width":1920,"height":1280},{"@type":"BreadcrumbList","@id":"https:\/\/www.laguiadepamplona.com\/actualidad\/el-ayuntamiento-de-pamplona-mantiene-activado-el-operativo-frente-a-las-nevadas-ante-posibles-precipitaciones-de-nieve-a-partir-de-esta-tarde-noche\/#breadcrumb","itemListElement":[{"@type":"ListItem","position":1,"name":"Portada","item":"https:\/\/www.laguiadepamplona.com\/actualidad\/"},{"@type":"ListItem","position":2,"name":"El Ayuntamiento de Pamplona mantiene activado el operativo frente a las nevadas ante posibles precipitaciones de nieve a partir de esta tarde-noche"}]},{"@type":"WebSite","@id":"https:\/\/www.laguiadepamplona.com\/actualidad\/#website","url":"https:\/\/www.laguiadepamplona.com\/actualidad\/","name":"La gu\u00eda de Pamplona","description":"Noticias de Pamplona","publisher":{"@id":"https:\/\/www.laguiadepamplona.com\/actualidad\/#organization"},"potentialAction":[{"@type":"SearchAction","target":{"@type":"EntryPoint","urlTemplate":"https:\/\/www.laguiadepamplona.com\/actualidad\/?s={search_term_string}"},"query-input":{"@type":"PropertyValueSpecification","valueRequired":true,"valueName":"search_term_string"}}],"inLanguage":"es"},{"@type":"Organization","@id":"https:\/\/www.laguiadepamplona.com\/actualidad\/#organization","name":"La Gu\u00eda de Pamplona \/ Noticias","url":"https:\/\/www.laguiadepamplona.com\/actualidad\/","logo":{"@type":"ImageObject","inLanguage":"es","@id":"https:\/\/www.laguiadepamplona.com\/actualidad\/#\/schema\/logo\/image\/","url":"https:\/\/www.laguiadepamplona.com\/actualidad\/wp-content\/uploads\/2018\/11\/logo-laguiadepamplona18-web1.png","contentUrl":"https:\/\/www.laguiadepamplona.com\/actualidad\/wp-content\/uploads\/2018\/11\/logo-laguiadepamplona18-web1.png","width":600,"height":196,"caption":"La Gu\u00eda de Pamplona \/ Noticias"},"image":{"@id":"https:\/\/www.laguiadepamplona.com\/actualidad\/#\/schema\/logo\/image\/"},"sameAs":["https:\/\/www.facebook.com\/laguiadepamplonacom-133175176762273\/?ref=hl","https:\/\/x.com\/LaGuiadPamplona","https:\/\/www.instagram.com\/la_guia_de_pamplona\/","https:\/\/www.youtube.com\/user\/laguiadepamplona"]},{"@type":"Person","@id":"https:\/\/www.laguiadepamplona.com\/actualidad\/#\/schema\/person\/efe887376f0213d4657c93adc50b1fdb","name":"La Gu\u00eda de Pamplona","image":{"@type":"ImageObject","inLanguage":"es","@id":"https:\/\/secure.gravatar.com\/avatar\/b6992f131dc8d30ab0dff15446e9d346d9dbd95992de0fef795073f5ea83a81c?s=96&d=mm&r=g","url":"https:\/\/secure.gravatar.com\/avatar\/b6992f131dc8d30ab0dff15446e9d346d9dbd95992de0fef795073f5ea83a81c?s=96&d=mm&r=g","contentUrl":"https:\/\/secure.gravatar.com\/avatar\/b6992f131dc8d30ab0dff15446e9d346d9dbd95992de0fef795073f5ea83a81c?s=96&d=mm&r=g","caption":"La Gu\u00eda de Pamplona"}}]}},"post_mailing_queue_ids":[],"_links":{"self":[{"href":"https:\/\/www.laguiadepamplona.com\/actualidad\/wp-json\/wp\/v2\/posts\/42618","targetHints":{"allow":["GET"]}}],"collection":[{"href":"https:\/\/www.laguiadepamplona.com\/actualidad\/wp-json\/wp\/v2\/posts"}],"about":[{"href":"https:\/\/www.laguiadepamplona.com\/actualidad\/wp-json\/wp\/v2\/types\/post"}],"author":[{"embeddable":true,"href":"https:\/\/www.laguiadepamplona.com\/actualidad\/wp-json\/wp\/v2\/users\/1"}],"replies":[{"embeddable":true,"href":"https:\/\/www.laguiadepamplona.com\/actualidad\/wp-json\/wp\/v2\/comments?post=42618"}],"version-history":[{"count":0,"href":"https:\/\/www.laguiadepamplona.com\/actualidad\/wp-json\/wp\/v2\/posts\/42618\/revisions"}],"wp:featuredmedia":[{"embeddable":true,"href":"https:\/\/www.laguiadepamplona.com\/actualidad\/wp-json\/wp\/v2\/media\/42619"}],"wp:attachment":[{"href":"https:\/\/www.laguiadepamplona.com\/actualidad\/wp-json\/wp\/v2\/media?parent=42618"}],"wp:term":[{"taxonomy":"category","embeddable":true,"href":"https:\/\/www.laguiadepamplona.com\/actualidad\/wp-json\/wp\/v2\/categories?post=42618"},{"taxonomy":"post_tag","embeddable":true,"href":"https:\/\/www.laguiadepamplona.com\/actualidad\/wp-json\/wp\/v2\/tags?post=42618"}],"curies":[{"name":"wp","href":"https:\/\/api.w.org\/{rel}","templated":true}]}}