{"id":42613,"date":"2023-01-18T14:01:22","date_gmt":"2023-01-18T12:01:22","guid":{"rendered":"https:\/\/www.laguiadepamplona.com\/actualidad\/?p=42613"},"modified":"2023-04-11T11:47:23","modified_gmt":"2023-04-11T09:47:23","slug":"pamplona-dedicara-hasta-50-000-euros-este-2023-a-gestionar-el-uso-del-vaso-reutilizable-en-mas-de-una-decena-de-eventos-festivos-incluidos-los-sanfermines","status":"publish","type":"post","link":"https:\/\/www.laguiadepamplona.com\/actualidad\/pamplona-dedicara-hasta-50-000-euros-este-2023-a-gestionar-el-uso-del-vaso-reutilizable-en-mas-de-una-decena-de-eventos-festivos-incluidos-los-sanfermines\/","title":{"rendered":"Pamplona dedicar\u00e1 hasta 50.000 euros este 2023 a gestionar el uso del vaso reutilizable en m\u00e1s de una decena de eventos festivos, incluidos los Sanfermines"},"content":{"rendered":"<h5>El Consistorio ha aprobado la primera pr\u00f3rroga del contrato adjudicado en 2022 a una empresa de inserci\u00f3n sociolaboral<\/h5>\n<p><!--more--><\/p>\n<p>La Junta de Gobierno Local del Ayuntamiento de Pamplona ha acordado la pr\u00f3rroga del contrato de la gesti\u00f3n integral de vaso reutilizable durante 2023, que incluye su reparto y recogida y la posterior limpieza y almacenaje. En total, el Consistorio conceder\u00e1 hasta 50.000 euros a la empresa de inserci\u00f3n laboral adjudicataria, Varazdin, que deber\u00e1 proveer vasos reutilizables en al menos una decena de eventos festivos, incluidas las fiestas de San Ferm\u00edn. La apuesta del Ayuntamiento por la generalizaci\u00f3n del vaso reutilizable se enmarca dentro de la estrategia Go Green con la que reducir las emisiones de gases invernadero y combatir el cambio clim\u00e1tico, en este caso, mediante la reducci\u00f3n de residuos y su tratamiento.<br \/>\n<script async src=\"\/\/pagead2.googlesyndication.com\/pagead\/js\/adsbygoogle.js\"><\/script><br \/>\n<!-- Noticias La Guia de Pamplona --><br \/>\n<ins class=\"adsbygoogle\"\nstyle=\"display:block\"\ndata-ad-client=\"ca-pub-6943679897239327\"\ndata-ad-slot=\"7048180777\"\ndata-ad-format=\"auto\"><\/ins><br \/>\n<script>\n(adsbygoogle = window.adsbygoogle || []).push({});\n<\/script><\/p>\n<p>El contrato de gesti\u00f3n del vaso se adjudic\u00f3 el pasado 14 de junio, con el objetivo de cubrir las necesidades de reparto y limpieza durante el segundo semestre del a\u00f1o. El contrato preve\u00eda, eso s\u00ed, la posibilidad de realizar tres pr\u00f3rrogas anuales, que deb\u00edan hacerse de mutuo acuerdo, a petici\u00f3n de la empresa adjudicataria. \u00c9sta es la primera de ellas.<\/p>\n<p>A lo largo del primer a\u00f1o de concesi\u00f3n del sistema de gesti\u00f3n del vaso reutilizable, se repartieron 555.818 vasos en los distintos eventos celebrados en la ciudad. El grueso se distribuy\u00f3 en Sanfermines, cuando se repartieron 497.574 exactamente. El resto se usaron en una docena eventos, como fiestas de barrio y el D\u00eda de las Pe\u00f1as, entre otros. Para todas esas celebraciones, el Consistorio distribuy\u00f3 58.244 vasos. No obstante, en todos los casos se distribuyeron m\u00e1s vasos de los que finalmente fueron utilizados. Los datos de balance recogen, en concreto, que de los 555.818 se usaron 440.835 (el 79,3%), con lo que el resto qued\u00f3 almacenado en sus cajas.<br \/>\n<script async src=\"\/\/pagead2.googlesyndication.com\/pagead\/js\/adsbygoogle.js\"><\/script><br \/>\n<!-- Noticias La Guia de Pamplona --><br \/>\n<ins class=\"adsbygoogle\"\nstyle=\"display:block\"\ndata-ad-client=\"ca-pub-6943679897239327\"\ndata-ad-slot=\"7048180777\"\ndata-ad-format=\"auto\"><\/ins><br \/>\n<script>\n(adsbygoogle = window.adsbygoogle || []).push({});\n<\/script><\/p>\n<p>Adem\u00e1s, las cifras de recuperaci\u00f3n reflejan que todav\u00eda es necesario mejorar la concienciaci\u00f3n social en torno a la generaci\u00f3n de residuos y la reutilizaci\u00f3n. De hecho, en San Ferm\u00edn, se perdieron el 54,8% de los vasos usados, que en cifras absolutas suponen 241.819 unidades. En el resto de eventos, se devolvi\u00f3 el 52,3%, por lo que se perdieron 19.265 vasos. En estas cifras se incluyen no solo los vasos que acabaron directamente en contenedores y en la basura, sino tambi\u00e9n aquellos que los usuarios, por desconocimiento o a modo de recuerdo, se llevaron a casa.<\/p>\n<p>Los vasos entregados en las fiestas de barrio y otros eventos festivos son de propiedad municipal. Varazdin tambi\u00e9n se encarga de su reparto, recogida y limpieza. Al tratarse de una empresa de inserci\u00f3n laboral, en esta labor participan personas en situaci\u00f3n de exclusi\u00f3n social. El servicio es gratuito para las asociaciones que se comprometen a llevar a cabo un evento sostenible. En el caso de los Sanfermines, los locales de hosteler\u00eda que se adhieren a la campa\u00f1a deben comprar el vaso verde y se lo quedan en propiedad.<\/p>\n","protected":false},"excerpt":{"rendered":"<p>El Consistorio ha aprobado la primera pr\u00f3rroga del contrato adjudicado en 2022 a una empresa de inserci\u00f3n sociolaboral<\/p>\n","protected":false},"author":1,"featured_media":39944,"comment_status":"open","ping_status":"closed","sticky":false,"template":"","format":"standard","meta":{"footnotes":""},"categories":[2],"tags":[],"class_list":["post-42613","post","type-post","status-publish","format-standard","has-post-thumbnail","hentry","category-ayuntamiento-pamplona"],"yoast_head":"<!-- This site is optimized with the Yoast SEO plugin v27.3 - https:\/\/yoast.com\/product\/yoast-seo-wordpress\/ -->\n<title>Pamplona dedicar\u00e1 hasta 50.000 euros este 2023 a gestionar el uso del vaso reutilizable en m\u00e1s de una decena de eventos festivos, incluidos los Sanfermines<\/title>\n<meta name=\"description\" content=\"El Consistorio ha aprobado la primera pr\u00f3rroga del contrato adjudicado en 2022 a una empresa de inserci\u00f3n sociolaboral\" \/>\n<meta name=\"robots\" content=\"index, follow, max-snippet:-1, max-image-preview:large, max-video-preview:-1\" \/>\n<link rel=\"canonical\" href=\"https:\/\/www.laguiadepamplona.com\/actualidad\/pamplona-dedicara-hasta-50-000-euros-este-2023-a-gestionar-el-uso-del-vaso-reutilizable-en-mas-de-una-decena-de-eventos-festivos-incluidos-los-sanfermines\/\" \/>\n<meta property=\"og:locale\" content=\"es_ES\" \/>\n<meta property=\"og:type\" content=\"article\" \/>\n<meta property=\"og:title\" content=\"Pamplona dedicar\u00e1 hasta 50.000 euros este 2023 a gestionar el uso del vaso reutilizable en m\u00e1s de una decena de eventos festivos, incluidos los Sanfermines\" \/>\n<meta property=\"og:description\" content=\"El Consistorio ha aprobado la primera pr\u00f3rroga del contrato adjudicado en 2022 a una empresa de inserci\u00f3n sociolaboral\" \/>\n<meta property=\"og:url\" content=\"https:\/\/www.laguiadepamplona.com\/actualidad\/pamplona-dedicara-hasta-50-000-euros-este-2023-a-gestionar-el-uso-del-vaso-reutilizable-en-mas-de-una-decena-de-eventos-festivos-incluidos-los-sanfermines\/\" \/>\n<meta property=\"og:site_name\" content=\"La Gu\u00eda de Pamplona\" \/>\n<meta property=\"article:publisher\" content=\"https:\/\/www.facebook.com\/laguiadepamplonacom-133175176762273\/?ref=hl\" \/>\n<meta property=\"article:published_time\" content=\"2023-01-18T12:01:22+00:00\" \/>\n<meta property=\"article:modified_time\" content=\"2023-04-11T09:47:23+00:00\" \/>\n<meta property=\"og:image\" content=\"https:\/\/www.laguiadepamplona.com\/actualidad\/wp-content\/uploads\/2022\/04\/vasos-reutilizables-san-fermin.jpg\" \/>\n\t<meta property=\"og:image:width\" content=\"1920\" \/>\n\t<meta property=\"og:image:height\" content=\"1440\" \/>\n\t<meta property=\"og:image:type\" content=\"image\/jpeg\" \/>\n<meta name=\"author\" content=\"La Gu\u00eda de Pamplona\" \/>\n<meta name=\"twitter:card\" content=\"summary_large_image\" \/>\n<meta name=\"twitter:creator\" content=\"@LaGuiadPamplona\" \/>\n<meta name=\"twitter:site\" content=\"@LaGuiadPamplona\" \/>\n<meta name=\"twitter:label1\" content=\"Escrito por\" \/>\n\t<meta name=\"twitter:data1\" content=\"La Gu\u00eda de Pamplona\" \/>\n\t<meta name=\"twitter:label2\" content=\"Tiempo de lectura\" \/>\n\t<meta name=\"twitter:data2\" content=\"3 minutos\" \/>\n<script type=\"application\/ld+json\" class=\"yoast-schema-graph\">{\"@context\":\"https:\\\/\\\/schema.org\",\"@graph\":[{\"@type\":\"Article\",\"@id\":\"https:\\\/\\\/www.laguiadepamplona.com\\\/actualidad\\\/pamplona-dedicara-hasta-50-000-euros-este-2023-a-gestionar-el-uso-del-vaso-reutilizable-en-mas-de-una-decena-de-eventos-festivos-incluidos-los-sanfermines\\\/#article\",\"isPartOf\":{\"@id\":\"https:\\\/\\\/www.laguiadepamplona.com\\\/actualidad\\\/pamplona-dedicara-hasta-50-000-euros-este-2023-a-gestionar-el-uso-del-vaso-reutilizable-en-mas-de-una-decena-de-eventos-festivos-incluidos-los-sanfermines\\\/\"},\"author\":{\"name\":\"La Gu\u00eda de Pamplona\",\"@id\":\"https:\\\/\\\/www.laguiadepamplona.com\\\/actualidad\\\/#\\\/schema\\\/person\\\/efe887376f0213d4657c93adc50b1fdb\"},\"headline\":\"Pamplona dedicar\u00e1 hasta 50.000 euros este 2023 a gestionar el uso del vaso reutilizable en m\u00e1s de una decena de eventos festivos, incluidos los Sanfermines\",\"datePublished\":\"2023-01-18T12:01:22+00:00\",\"dateModified\":\"2023-04-11T09:47:23+00:00\",\"mainEntityOfPage\":{\"@id\":\"https:\\\/\\\/www.laguiadepamplona.com\\\/actualidad\\\/pamplona-dedicara-hasta-50-000-euros-este-2023-a-gestionar-el-uso-del-vaso-reutilizable-en-mas-de-una-decena-de-eventos-festivos-incluidos-los-sanfermines\\\/\"},\"wordCount\":529,\"commentCount\":0,\"publisher\":{\"@id\":\"https:\\\/\\\/www.laguiadepamplona.com\\\/actualidad\\\/#organization\"},\"image\":{\"@id\":\"https:\\\/\\\/www.laguiadepamplona.com\\\/actualidad\\\/pamplona-dedicara-hasta-50-000-euros-este-2023-a-gestionar-el-uso-del-vaso-reutilizable-en-mas-de-una-decena-de-eventos-festivos-incluidos-los-sanfermines\\\/#primaryimage\"},\"thumbnailUrl\":\"https:\\\/\\\/www.laguiadepamplona.com\\\/actualidad\\\/wp-content\\\/uploads\\\/2022\\\/04\\\/vasos-reutilizables-san-fermin.jpg\",\"articleSection\":[\"Ayto Pamplona\"],\"inLanguage\":\"es\",\"potentialAction\":[{\"@type\":\"CommentAction\",\"name\":\"Comment\",\"target\":[\"https:\\\/\\\/www.laguiadepamplona.com\\\/actualidad\\\/pamplona-dedicara-hasta-50-000-euros-este-2023-a-gestionar-el-uso-del-vaso-reutilizable-en-mas-de-una-decena-de-eventos-festivos-incluidos-los-sanfermines\\\/#respond\"]}]},{\"@type\":\"WebPage\",\"@id\":\"https:\\\/\\\/www.laguiadepamplona.com\\\/actualidad\\\/pamplona-dedicara-hasta-50-000-euros-este-2023-a-gestionar-el-uso-del-vaso-reutilizable-en-mas-de-una-decena-de-eventos-festivos-incluidos-los-sanfermines\\\/\",\"url\":\"https:\\\/\\\/www.laguiadepamplona.com\\\/actualidad\\\/pamplona-dedicara-hasta-50-000-euros-este-2023-a-gestionar-el-uso-del-vaso-reutilizable-en-mas-de-una-decena-de-eventos-festivos-incluidos-los-sanfermines\\\/\",\"name\":\"Pamplona dedicar\u00e1 hasta 50.000 euros este 2023 a gestionar el uso del vaso reutilizable en m\u00e1s de una decena de eventos festivos, incluidos los Sanfermines\",\"isPartOf\":{\"@id\":\"https:\\\/\\\/www.laguiadepamplona.com\\\/actualidad\\\/#website\"},\"primaryImageOfPage\":{\"@id\":\"https:\\\/\\\/www.laguiadepamplona.com\\\/actualidad\\\/pamplona-dedicara-hasta-50-000-euros-este-2023-a-gestionar-el-uso-del-vaso-reutilizable-en-mas-de-una-decena-de-eventos-festivos-incluidos-los-sanfermines\\\/#primaryimage\"},\"image\":{\"@id\":\"https:\\\/\\\/www.laguiadepamplona.com\\\/actualidad\\\/pamplona-dedicara-hasta-50-000-euros-este-2023-a-gestionar-el-uso-del-vaso-reutilizable-en-mas-de-una-decena-de-eventos-festivos-incluidos-los-sanfermines\\\/#primaryimage\"},\"thumbnailUrl\":\"https:\\\/\\\/www.laguiadepamplona.com\\\/actualidad\\\/wp-content\\\/uploads\\\/2022\\\/04\\\/vasos-reutilizables-san-fermin.jpg\",\"datePublished\":\"2023-01-18T12:01:22+00:00\",\"dateModified\":\"2023-04-11T09:47:23+00:00\",\"description\":\"El Consistorio ha aprobado la primera pr\u00f3rroga del contrato adjudicado en 2022 a una empresa de inserci\u00f3n sociolaboral\",\"breadcrumb\":{\"@id\":\"https:\\\/\\\/www.laguiadepamplona.com\\\/actualidad\\\/pamplona-dedicara-hasta-50-000-euros-este-2023-a-gestionar-el-uso-del-vaso-reutilizable-en-mas-de-una-decena-de-eventos-festivos-incluidos-los-sanfermines\\\/#breadcrumb\"},\"inLanguage\":\"es\",\"potentialAction\":[{\"@type\":\"ReadAction\",\"target\":[\"https:\\\/\\\/www.laguiadepamplona.com\\\/actualidad\\\/pamplona-dedicara-hasta-50-000-euros-este-2023-a-gestionar-el-uso-del-vaso-reutilizable-en-mas-de-una-decena-de-eventos-festivos-incluidos-los-sanfermines\\\/\"]}]},{\"@type\":\"ImageObject\",\"inLanguage\":\"es\",\"@id\":\"https:\\\/\\\/www.laguiadepamplona.com\\\/actualidad\\\/pamplona-dedicara-hasta-50-000-euros-este-2023-a-gestionar-el-uso-del-vaso-reutilizable-en-mas-de-una-decena-de-eventos-festivos-incluidos-los-sanfermines\\\/#primaryimage\",\"url\":\"https:\\\/\\\/www.laguiadepamplona.com\\\/actualidad\\\/wp-content\\\/uploads\\\/2022\\\/04\\\/vasos-reutilizables-san-fermin.jpg\",\"contentUrl\":\"https:\\\/\\\/www.laguiadepamplona.com\\\/actualidad\\\/wp-content\\\/uploads\\\/2022\\\/04\\\/vasos-reutilizables-san-fermin.jpg\",\"width\":1920,\"height\":1440,\"caption\":\"dav\"},{\"@type\":\"BreadcrumbList\",\"@id\":\"https:\\\/\\\/www.laguiadepamplona.com\\\/actualidad\\\/pamplona-dedicara-hasta-50-000-euros-este-2023-a-gestionar-el-uso-del-vaso-reutilizable-en-mas-de-una-decena-de-eventos-festivos-incluidos-los-sanfermines\\\/#breadcrumb\",\"itemListElement\":[{\"@type\":\"ListItem\",\"position\":1,\"name\":\"Portada\",\"item\":\"https:\\\/\\\/www.laguiadepamplona.com\\\/actualidad\\\/\"},{\"@type\":\"ListItem\",\"position\":2,\"name\":\"Pamplona dedicar\u00e1 hasta 50.000 euros este 2023 a gestionar el uso del vaso reutilizable en m\u00e1s de una decena de eventos festivos, incluidos los Sanfermines\"}]},{\"@type\":\"WebSite\",\"@id\":\"https:\\\/\\\/www.laguiadepamplona.com\\\/actualidad\\\/#website\",\"url\":\"https:\\\/\\\/www.laguiadepamplona.com\\\/actualidad\\\/\",\"name\":\"La gu\u00eda de Pamplona\",\"description\":\"Noticias de Pamplona\",\"publisher\":{\"@id\":\"https:\\\/\\\/www.laguiadepamplona.com\\\/actualidad\\\/#organization\"},\"potentialAction\":[{\"@type\":\"SearchAction\",\"target\":{\"@type\":\"EntryPoint\",\"urlTemplate\":\"https:\\\/\\\/www.laguiadepamplona.com\\\/actualidad\\\/?s={search_term_string}\"},\"query-input\":{\"@type\":\"PropertyValueSpecification\",\"valueRequired\":true,\"valueName\":\"search_term_string\"}}],\"inLanguage\":\"es\"},{\"@type\":\"Organization\",\"@id\":\"https:\\\/\\\/www.laguiadepamplona.com\\\/actualidad\\\/#organization\",\"name\":\"La Gu\u00eda de Pamplona \\\/ Noticias\",\"url\":\"https:\\\/\\\/www.laguiadepamplona.com\\\/actualidad\\\/\",\"logo\":{\"@type\":\"ImageObject\",\"inLanguage\":\"es\",\"@id\":\"https:\\\/\\\/www.laguiadepamplona.com\\\/actualidad\\\/#\\\/schema\\\/logo\\\/image\\\/\",\"url\":\"https:\\\/\\\/www.laguiadepamplona.com\\\/actualidad\\\/wp-content\\\/uploads\\\/2018\\\/11\\\/logo-laguiadepamplona18-web1.png\",\"contentUrl\":\"https:\\\/\\\/www.laguiadepamplona.com\\\/actualidad\\\/wp-content\\\/uploads\\\/2018\\\/11\\\/logo-laguiadepamplona18-web1.png\",\"width\":600,\"height\":196,\"caption\":\"La Gu\u00eda de Pamplona \\\/ Noticias\"},\"image\":{\"@id\":\"https:\\\/\\\/www.laguiadepamplona.com\\\/actualidad\\\/#\\\/schema\\\/logo\\\/image\\\/\"},\"sameAs\":[\"https:\\\/\\\/www.facebook.com\\\/laguiadepamplonacom-133175176762273\\\/?ref=hl\",\"https:\\\/\\\/x.com\\\/LaGuiadPamplona\",\"https:\\\/\\\/www.instagram.com\\\/la_guia_de_pamplona\\\/\",\"https:\\\/\\\/www.youtube.com\\\/user\\\/laguiadepamplona\"]},{\"@type\":\"Person\",\"@id\":\"https:\\\/\\\/www.laguiadepamplona.com\\\/actualidad\\\/#\\\/schema\\\/person\\\/efe887376f0213d4657c93adc50b1fdb\",\"name\":\"La Gu\u00eda de Pamplona\",\"image\":{\"@type\":\"ImageObject\",\"inLanguage\":\"es\",\"@id\":\"https:\\\/\\\/secure.gravatar.com\\\/avatar\\\/b6992f131dc8d30ab0dff15446e9d346d9dbd95992de0fef795073f5ea83a81c?s=96&d=mm&r=g\",\"url\":\"https:\\\/\\\/secure.gravatar.com\\\/avatar\\\/b6992f131dc8d30ab0dff15446e9d346d9dbd95992de0fef795073f5ea83a81c?s=96&d=mm&r=g\",\"contentUrl\":\"https:\\\/\\\/secure.gravatar.com\\\/avatar\\\/b6992f131dc8d30ab0dff15446e9d346d9dbd95992de0fef795073f5ea83a81c?s=96&d=mm&r=g\",\"caption\":\"La Gu\u00eda de Pamplona\"}}]}<\/script>\n<!-- \/ Yoast SEO plugin. -->","yoast_head_json":{"title":"Pamplona dedicar\u00e1 hasta 50.000 euros este 2023 a gestionar el uso del vaso reutilizable en m\u00e1s de una decena de eventos festivos, incluidos los Sanfermines","description":"El Consistorio ha aprobado la primera pr\u00f3rroga del contrato adjudicado en 2022 a una empresa de inserci\u00f3n sociolaboral","robots":{"index":"index","follow":"follow","max-snippet":"max-snippet:-1","max-image-preview":"max-image-preview:large","max-video-preview":"max-video-preview:-1"},"canonical":"https:\/\/www.laguiadepamplona.com\/actualidad\/pamplona-dedicara-hasta-50-000-euros-este-2023-a-gestionar-el-uso-del-vaso-reutilizable-en-mas-de-una-decena-de-eventos-festivos-incluidos-los-sanfermines\/","og_locale":"es_ES","og_type":"article","og_title":"Pamplona dedicar\u00e1 hasta 50.000 euros este 2023 a gestionar el uso del vaso reutilizable en m\u00e1s de una decena de eventos festivos, incluidos los Sanfermines","og_description":"El Consistorio ha aprobado la primera pr\u00f3rroga del contrato adjudicado en 2022 a una empresa de inserci\u00f3n sociolaboral","og_url":"https:\/\/www.laguiadepamplona.com\/actualidad\/pamplona-dedicara-hasta-50-000-euros-este-2023-a-gestionar-el-uso-del-vaso-reutilizable-en-mas-de-una-decena-de-eventos-festivos-incluidos-los-sanfermines\/","og_site_name":"La Gu\u00eda de Pamplona","article_publisher":"https:\/\/www.facebook.com\/laguiadepamplonacom-133175176762273\/?ref=hl","article_published_time":"2023-01-18T12:01:22+00:00","article_modified_time":"2023-04-11T09:47:23+00:00","og_image":[{"width":1920,"height":1440,"url":"https:\/\/www.laguiadepamplona.com\/actualidad\/wp-content\/uploads\/2022\/04\/vasos-reutilizables-san-fermin.jpg","type":"image\/jpeg"}],"author":"La Gu\u00eda de Pamplona","twitter_card":"summary_large_image","twitter_creator":"@LaGuiadPamplona","twitter_site":"@LaGuiadPamplona","twitter_misc":{"Escrito por":"La Gu\u00eda de Pamplona","Tiempo de lectura":"3 minutos"},"schema":{"@context":"https:\/\/schema.org","@graph":[{"@type":"Article","@id":"https:\/\/www.laguiadepamplona.com\/actualidad\/pamplona-dedicara-hasta-50-000-euros-este-2023-a-gestionar-el-uso-del-vaso-reutilizable-en-mas-de-una-decena-de-eventos-festivos-incluidos-los-sanfermines\/#article","isPartOf":{"@id":"https:\/\/www.laguiadepamplona.com\/actualidad\/pamplona-dedicara-hasta-50-000-euros-este-2023-a-gestionar-el-uso-del-vaso-reutilizable-en-mas-de-una-decena-de-eventos-festivos-incluidos-los-sanfermines\/"},"author":{"name":"La Gu\u00eda de Pamplona","@id":"https:\/\/www.laguiadepamplona.com\/actualidad\/#\/schema\/person\/efe887376f0213d4657c93adc50b1fdb"},"headline":"Pamplona dedicar\u00e1 hasta 50.000 euros este 2023 a gestionar el uso del vaso reutilizable en m\u00e1s de una decena de eventos festivos, incluidos los Sanfermines","datePublished":"2023-01-18T12:01:22+00:00","dateModified":"2023-04-11T09:47:23+00:00","mainEntityOfPage":{"@id":"https:\/\/www.laguiadepamplona.com\/actualidad\/pamplona-dedicara-hasta-50-000-euros-este-2023-a-gestionar-el-uso-del-vaso-reutilizable-en-mas-de-una-decena-de-eventos-festivos-incluidos-los-sanfermines\/"},"wordCount":529,"commentCount":0,"publisher":{"@id":"https:\/\/www.laguiadepamplona.com\/actualidad\/#organization"},"image":{"@id":"https:\/\/www.laguiadepamplona.com\/actualidad\/pamplona-dedicara-hasta-50-000-euros-este-2023-a-gestionar-el-uso-del-vaso-reutilizable-en-mas-de-una-decena-de-eventos-festivos-incluidos-los-sanfermines\/#primaryimage"},"thumbnailUrl":"https:\/\/www.laguiadepamplona.com\/actualidad\/wp-content\/uploads\/2022\/04\/vasos-reutilizables-san-fermin.jpg","articleSection":["Ayto Pamplona"],"inLanguage":"es","potentialAction":[{"@type":"CommentAction","name":"Comment","target":["https:\/\/www.laguiadepamplona.com\/actualidad\/pamplona-dedicara-hasta-50-000-euros-este-2023-a-gestionar-el-uso-del-vaso-reutilizable-en-mas-de-una-decena-de-eventos-festivos-incluidos-los-sanfermines\/#respond"]}]},{"@type":"WebPage","@id":"https:\/\/www.laguiadepamplona.com\/actualidad\/pamplona-dedicara-hasta-50-000-euros-este-2023-a-gestionar-el-uso-del-vaso-reutilizable-en-mas-de-una-decena-de-eventos-festivos-incluidos-los-sanfermines\/","url":"https:\/\/www.laguiadepamplona.com\/actualidad\/pamplona-dedicara-hasta-50-000-euros-este-2023-a-gestionar-el-uso-del-vaso-reutilizable-en-mas-de-una-decena-de-eventos-festivos-incluidos-los-sanfermines\/","name":"Pamplona dedicar\u00e1 hasta 50.000 euros este 2023 a gestionar el uso del vaso reutilizable en m\u00e1s de una decena de eventos festivos, incluidos los Sanfermines","isPartOf":{"@id":"https:\/\/www.laguiadepamplona.com\/actualidad\/#website"},"primaryImageOfPage":{"@id":"https:\/\/www.laguiadepamplona.com\/actualidad\/pamplona-dedicara-hasta-50-000-euros-este-2023-a-gestionar-el-uso-del-vaso-reutilizable-en-mas-de-una-decena-de-eventos-festivos-incluidos-los-sanfermines\/#primaryimage"},"image":{"@id":"https:\/\/www.laguiadepamplona.com\/actualidad\/pamplona-dedicara-hasta-50-000-euros-este-2023-a-gestionar-el-uso-del-vaso-reutilizable-en-mas-de-una-decena-de-eventos-festivos-incluidos-los-sanfermines\/#primaryimage"},"thumbnailUrl":"https:\/\/www.laguiadepamplona.com\/actualidad\/wp-content\/uploads\/2022\/04\/vasos-reutilizables-san-fermin.jpg","datePublished":"2023-01-18T12:01:22+00:00","dateModified":"2023-04-11T09:47:23+00:00","description":"El Consistorio ha aprobado la primera pr\u00f3rroga del contrato adjudicado en 2022 a una empresa de inserci\u00f3n sociolaboral","breadcrumb":{"@id":"https:\/\/www.laguiadepamplona.com\/actualidad\/pamplona-dedicara-hasta-50-000-euros-este-2023-a-gestionar-el-uso-del-vaso-reutilizable-en-mas-de-una-decena-de-eventos-festivos-incluidos-los-sanfermines\/#breadcrumb"},"inLanguage":"es","potentialAction":[{"@type":"ReadAction","target":["https:\/\/www.laguiadepamplona.com\/actualidad\/pamplona-dedicara-hasta-50-000-euros-este-2023-a-gestionar-el-uso-del-vaso-reutilizable-en-mas-de-una-decena-de-eventos-festivos-incluidos-los-sanfermines\/"]}]},{"@type":"ImageObject","inLanguage":"es","@id":"https:\/\/www.laguiadepamplona.com\/actualidad\/pamplona-dedicara-hasta-50-000-euros-este-2023-a-gestionar-el-uso-del-vaso-reutilizable-en-mas-de-una-decena-de-eventos-festivos-incluidos-los-sanfermines\/#primaryimage","url":"https:\/\/www.laguiadepamplona.com\/actualidad\/wp-content\/uploads\/2022\/04\/vasos-reutilizables-san-fermin.jpg","contentUrl":"https:\/\/www.laguiadepamplona.com\/actualidad\/wp-content\/uploads\/2022\/04\/vasos-reutilizables-san-fermin.jpg","width":1920,"height":1440,"caption":"dav"},{"@type":"BreadcrumbList","@id":"https:\/\/www.laguiadepamplona.com\/actualidad\/pamplona-dedicara-hasta-50-000-euros-este-2023-a-gestionar-el-uso-del-vaso-reutilizable-en-mas-de-una-decena-de-eventos-festivos-incluidos-los-sanfermines\/#breadcrumb","itemListElement":[{"@type":"ListItem","position":1,"name":"Portada","item":"https:\/\/www.laguiadepamplona.com\/actualidad\/"},{"@type":"ListItem","position":2,"name":"Pamplona dedicar\u00e1 hasta 50.000 euros este 2023 a gestionar el uso del vaso reutilizable en m\u00e1s de una decena de eventos festivos, incluidos los Sanfermines"}]},{"@type":"WebSite","@id":"https:\/\/www.laguiadepamplona.com\/actualidad\/#website","url":"https:\/\/www.laguiadepamplona.com\/actualidad\/","name":"La gu\u00eda de Pamplona","description":"Noticias de Pamplona","publisher":{"@id":"https:\/\/www.laguiadepamplona.com\/actualidad\/#organization"},"potentialAction":[{"@type":"SearchAction","target":{"@type":"EntryPoint","urlTemplate":"https:\/\/www.laguiadepamplona.com\/actualidad\/?s={search_term_string}"},"query-input":{"@type":"PropertyValueSpecification","valueRequired":true,"valueName":"search_term_string"}}],"inLanguage":"es"},{"@type":"Organization","@id":"https:\/\/www.laguiadepamplona.com\/actualidad\/#organization","name":"La Gu\u00eda de Pamplona \/ Noticias","url":"https:\/\/www.laguiadepamplona.com\/actualidad\/","logo":{"@type":"ImageObject","inLanguage":"es","@id":"https:\/\/www.laguiadepamplona.com\/actualidad\/#\/schema\/logo\/image\/","url":"https:\/\/www.laguiadepamplona.com\/actualidad\/wp-content\/uploads\/2018\/11\/logo-laguiadepamplona18-web1.png","contentUrl":"https:\/\/www.laguiadepamplona.com\/actualidad\/wp-content\/uploads\/2018\/11\/logo-laguiadepamplona18-web1.png","width":600,"height":196,"caption":"La Gu\u00eda de Pamplona \/ Noticias"},"image":{"@id":"https:\/\/www.laguiadepamplona.com\/actualidad\/#\/schema\/logo\/image\/"},"sameAs":["https:\/\/www.facebook.com\/laguiadepamplonacom-133175176762273\/?ref=hl","https:\/\/x.com\/LaGuiadPamplona","https:\/\/www.instagram.com\/la_guia_de_pamplona\/","https:\/\/www.youtube.com\/user\/laguiadepamplona"]},{"@type":"Person","@id":"https:\/\/www.laguiadepamplona.com\/actualidad\/#\/schema\/person\/efe887376f0213d4657c93adc50b1fdb","name":"La Gu\u00eda de Pamplona","image":{"@type":"ImageObject","inLanguage":"es","@id":"https:\/\/secure.gravatar.com\/avatar\/b6992f131dc8d30ab0dff15446e9d346d9dbd95992de0fef795073f5ea83a81c?s=96&d=mm&r=g","url":"https:\/\/secure.gravatar.com\/avatar\/b6992f131dc8d30ab0dff15446e9d346d9dbd95992de0fef795073f5ea83a81c?s=96&d=mm&r=g","contentUrl":"https:\/\/secure.gravatar.com\/avatar\/b6992f131dc8d30ab0dff15446e9d346d9dbd95992de0fef795073f5ea83a81c?s=96&d=mm&r=g","caption":"La Gu\u00eda de Pamplona"}}]}},"post_mailing_queue_ids":[],"_links":{"self":[{"href":"https:\/\/www.laguiadepamplona.com\/actualidad\/wp-json\/wp\/v2\/posts\/42613","targetHints":{"allow":["GET"]}}],"collection":[{"href":"https:\/\/www.laguiadepamplona.com\/actualidad\/wp-json\/wp\/v2\/posts"}],"about":[{"href":"https:\/\/www.laguiadepamplona.com\/actualidad\/wp-json\/wp\/v2\/types\/post"}],"author":[{"embeddable":true,"href":"https:\/\/www.laguiadepamplona.com\/actualidad\/wp-json\/wp\/v2\/users\/1"}],"replies":[{"embeddable":true,"href":"https:\/\/www.laguiadepamplona.com\/actualidad\/wp-json\/wp\/v2\/comments?post=42613"}],"version-history":[{"count":0,"href":"https:\/\/www.laguiadepamplona.com\/actualidad\/wp-json\/wp\/v2\/posts\/42613\/revisions"}],"wp:featuredmedia":[{"embeddable":true,"href":"https:\/\/www.laguiadepamplona.com\/actualidad\/wp-json\/wp\/v2\/media\/39944"}],"wp:attachment":[{"href":"https:\/\/www.laguiadepamplona.com\/actualidad\/wp-json\/wp\/v2\/media?parent=42613"}],"wp:term":[{"taxonomy":"category","embeddable":true,"href":"https:\/\/www.laguiadepamplona.com\/actualidad\/wp-json\/wp\/v2\/categories?post=42613"},{"taxonomy":"post_tag","embeddable":true,"href":"https:\/\/www.laguiadepamplona.com\/actualidad\/wp-json\/wp\/v2\/tags?post=42613"}],"curies":[{"name":"wp","href":"https:\/\/api.w.org\/{rel}","templated":true}]}}