{"id":42596,"date":"2023-01-17T14:22:00","date_gmt":"2023-01-17T12:22:00","guid":{"rendered":"https:\/\/www.laguiadepamplona.com\/actualidad\/?p=42596"},"modified":"2023-04-11T11:47:23","modified_gmt":"2023-04-11T09:47:23","slug":"el-alcalde-de-pamplona-enrique-maya-recibe-al-presidente-del-consejo-escolar-de-navarra-manuel-martin","status":"publish","type":"post","link":"https:\/\/www.laguiadepamplona.com\/actualidad\/el-alcalde-de-pamplona-enrique-maya-recibe-al-presidente-del-consejo-escolar-de-navarra-manuel-martin\/","title":{"rendered":"El alcalde de Pamplona, Enrique Maya, recibe al presidente del Consejo Escolar de Navarra, Manuel Mart\u00edn"},"content":{"rendered":"<h5>Mart\u00edn ha presentado al alcalde el primer Pacto Social para la Educaci\u00f3n de Navarra, consensuado con una mayor\u00eda de la comunidad educativa<\/h5>\n<p><!--more--><\/p>\n<p>El alcalde de Pamplona, Enrique Maya, ha recibido al presidente del Consejo Escolar de Navarra (CEN), Manuel Mart\u00edn, quien le ha presentado el primer Pacto Social para la Educaci\u00f3n de Navarra. Este texto, consensuado por una amplia mayor\u00eda de la comunidad educativa, busca mejorar la calidad, equidad y corresponsabilidad del sistema educativo a trav\u00e9s de un marco normativo estable.<br \/>\n<script async src=\"\/\/pagead2.googlesyndication.com\/pagead\/js\/adsbygoogle.js\"><\/script><br \/>\n<!-- Noticias La Guia de Pamplona --><br \/>\n<ins class=\"adsbygoogle\"\nstyle=\"display:block\"\ndata-ad-client=\"ca-pub-6943679897239327\"\ndata-ad-slot=\"7048180777\"\ndata-ad-format=\"auto\"><\/ins><br \/>\n<script>\n(adsbygoogle = window.adsbygoogle || []).push({});\n<\/script><\/p>\n<p>En la elaboraci\u00f3n del Pacto, entre enero y junio del a\u00f1o pasado, han participado un total de 32 agentes, miembros del plenario del CEN, en representaci\u00f3n de la comunidad educativa. Las bases del texto se han trabajado durante quince sesiones, con hasta ocho borradores previos al texto final, que recoge el consenso. Este Pacto busca posicionar a Navarra como referente de innovaci\u00f3n educativa y de modelo de servicio p\u00fablico, a nivel nacional e internacional.<\/p>\n","protected":false},"excerpt":{"rendered":"<p>Mart\u00edn ha presentado al alcalde el primer Pacto Social para la Educaci\u00f3n de Navarra, consensuado con una mayor\u00eda de la comunidad educativa<\/p>\n","protected":false},"author":1,"featured_media":42597,"comment_status":"open","ping_status":"closed","sticky":false,"template":"","format":"standard","meta":{"footnotes":""},"categories":[2],"tags":[],"class_list":["post-42596","post","type-post","status-publish","format-standard","has-post-thumbnail","hentry","category-ayuntamiento-pamplona"],"yoast_head":"<!-- This site is optimized with the Yoast SEO plugin v27.3 - https:\/\/yoast.com\/product\/yoast-seo-wordpress\/ -->\n<title>El alcalde de Pamplona, Enrique Maya, recibe al presidente del Consejo Escolar de Navarra, Manuel Mart\u00edn<\/title>\n<meta name=\"description\" content=\"Mart\u00edn ha presentado al alcalde el primer Pacto Social para la Educaci\u00f3n de Navarra, consensuado con una mayor\u00eda de la comunidad educativa\" \/>\n<meta name=\"robots\" content=\"index, follow, max-snippet:-1, max-image-preview:large, max-video-preview:-1\" \/>\n<link rel=\"canonical\" href=\"https:\/\/www.laguiadepamplona.com\/actualidad\/el-alcalde-de-pamplona-enrique-maya-recibe-al-presidente-del-consejo-escolar-de-navarra-manuel-martin\/\" \/>\n<meta property=\"og:locale\" content=\"es_ES\" \/>\n<meta property=\"og:type\" content=\"article\" \/>\n<meta property=\"og:title\" content=\"El alcalde de Pamplona, Enrique Maya, recibe al presidente del Consejo Escolar de Navarra, Manuel Mart\u00edn\" \/>\n<meta property=\"og:description\" content=\"Mart\u00edn ha presentado al alcalde el primer Pacto Social para la Educaci\u00f3n de Navarra, consensuado con una mayor\u00eda de la comunidad educativa\" \/>\n<meta property=\"og:url\" content=\"https:\/\/www.laguiadepamplona.com\/actualidad\/el-alcalde-de-pamplona-enrique-maya-recibe-al-presidente-del-consejo-escolar-de-navarra-manuel-martin\/\" \/>\n<meta property=\"og:site_name\" content=\"La Gu\u00eda de Pamplona\" \/>\n<meta property=\"article:publisher\" content=\"https:\/\/www.facebook.com\/laguiadepamplonacom-133175176762273\/?ref=hl\" \/>\n<meta property=\"article:published_time\" content=\"2023-01-17T12:22:00+00:00\" \/>\n<meta property=\"article:modified_time\" content=\"2023-04-11T09:47:23+00:00\" \/>\n<meta property=\"og:image\" content=\"https:\/\/www.laguiadepamplona.com\/actualidad\/wp-content\/uploads\/2023\/01\/presidentecolegioescolaree5a3778_0.webp\" \/>\n\t<meta property=\"og:image:width\" content=\"1920\" \/>\n\t<meta property=\"og:image:height\" content=\"1280\" \/>\n\t<meta property=\"og:image:type\" content=\"image\/webp\" \/>\n<meta name=\"author\" content=\"La Gu\u00eda de Pamplona\" \/>\n<meta name=\"twitter:card\" content=\"summary_large_image\" \/>\n<meta name=\"twitter:creator\" content=\"@LaGuiadPamplona\" \/>\n<meta name=\"twitter:site\" content=\"@LaGuiadPamplona\" \/>\n<meta name=\"twitter:label1\" content=\"Escrito por\" \/>\n\t<meta name=\"twitter:data1\" content=\"La Gu\u00eda de Pamplona\" \/>\n\t<meta name=\"twitter:label2\" content=\"Tiempo de lectura\" \/>\n\t<meta name=\"twitter:data2\" content=\"1 minuto\" \/>\n<script type=\"application\/ld+json\" class=\"yoast-schema-graph\">{\"@context\":\"https:\\\/\\\/schema.org\",\"@graph\":[{\"@type\":\"Article\",\"@id\":\"https:\\\/\\\/www.laguiadepamplona.com\\\/actualidad\\\/el-alcalde-de-pamplona-enrique-maya-recibe-al-presidente-del-consejo-escolar-de-navarra-manuel-martin\\\/#article\",\"isPartOf\":{\"@id\":\"https:\\\/\\\/www.laguiadepamplona.com\\\/actualidad\\\/el-alcalde-de-pamplona-enrique-maya-recibe-al-presidente-del-consejo-escolar-de-navarra-manuel-martin\\\/\"},\"author\":{\"name\":\"La Gu\u00eda de Pamplona\",\"@id\":\"https:\\\/\\\/www.laguiadepamplona.com\\\/actualidad\\\/#\\\/schema\\\/person\\\/efe887376f0213d4657c93adc50b1fdb\"},\"headline\":\"El alcalde de Pamplona, Enrique Maya, recibe al presidente del Consejo Escolar de Navarra, Manuel Mart\u00edn\",\"datePublished\":\"2023-01-17T12:22:00+00:00\",\"dateModified\":\"2023-04-11T09:47:23+00:00\",\"mainEntityOfPage\":{\"@id\":\"https:\\\/\\\/www.laguiadepamplona.com\\\/actualidad\\\/el-alcalde-de-pamplona-enrique-maya-recibe-al-presidente-del-consejo-escolar-de-navarra-manuel-martin\\\/\"},\"wordCount\":183,\"commentCount\":0,\"publisher\":{\"@id\":\"https:\\\/\\\/www.laguiadepamplona.com\\\/actualidad\\\/#organization\"},\"image\":{\"@id\":\"https:\\\/\\\/www.laguiadepamplona.com\\\/actualidad\\\/el-alcalde-de-pamplona-enrique-maya-recibe-al-presidente-del-consejo-escolar-de-navarra-manuel-martin\\\/#primaryimage\"},\"thumbnailUrl\":\"https:\\\/\\\/www.laguiadepamplona.com\\\/actualidad\\\/wp-content\\\/uploads\\\/2023\\\/01\\\/presidentecolegioescolaree5a3778_0.webp\",\"articleSection\":[\"Ayto Pamplona\"],\"inLanguage\":\"es\",\"potentialAction\":[{\"@type\":\"CommentAction\",\"name\":\"Comment\",\"target\":[\"https:\\\/\\\/www.laguiadepamplona.com\\\/actualidad\\\/el-alcalde-de-pamplona-enrique-maya-recibe-al-presidente-del-consejo-escolar-de-navarra-manuel-martin\\\/#respond\"]}]},{\"@type\":\"WebPage\",\"@id\":\"https:\\\/\\\/www.laguiadepamplona.com\\\/actualidad\\\/el-alcalde-de-pamplona-enrique-maya-recibe-al-presidente-del-consejo-escolar-de-navarra-manuel-martin\\\/\",\"url\":\"https:\\\/\\\/www.laguiadepamplona.com\\\/actualidad\\\/el-alcalde-de-pamplona-enrique-maya-recibe-al-presidente-del-consejo-escolar-de-navarra-manuel-martin\\\/\",\"name\":\"El alcalde de Pamplona, Enrique Maya, recibe al presidente del Consejo Escolar de Navarra, Manuel Mart\u00edn\",\"isPartOf\":{\"@id\":\"https:\\\/\\\/www.laguiadepamplona.com\\\/actualidad\\\/#website\"},\"primaryImageOfPage\":{\"@id\":\"https:\\\/\\\/www.laguiadepamplona.com\\\/actualidad\\\/el-alcalde-de-pamplona-enrique-maya-recibe-al-presidente-del-consejo-escolar-de-navarra-manuel-martin\\\/#primaryimage\"},\"image\":{\"@id\":\"https:\\\/\\\/www.laguiadepamplona.com\\\/actualidad\\\/el-alcalde-de-pamplona-enrique-maya-recibe-al-presidente-del-consejo-escolar-de-navarra-manuel-martin\\\/#primaryimage\"},\"thumbnailUrl\":\"https:\\\/\\\/www.laguiadepamplona.com\\\/actualidad\\\/wp-content\\\/uploads\\\/2023\\\/01\\\/presidentecolegioescolaree5a3778_0.webp\",\"datePublished\":\"2023-01-17T12:22:00+00:00\",\"dateModified\":\"2023-04-11T09:47:23+00:00\",\"description\":\"Mart\u00edn ha presentado al alcalde el primer Pacto Social para la Educaci\u00f3n de Navarra, consensuado con una mayor\u00eda de la comunidad educativa\",\"breadcrumb\":{\"@id\":\"https:\\\/\\\/www.laguiadepamplona.com\\\/actualidad\\\/el-alcalde-de-pamplona-enrique-maya-recibe-al-presidente-del-consejo-escolar-de-navarra-manuel-martin\\\/#breadcrumb\"},\"inLanguage\":\"es\",\"potentialAction\":[{\"@type\":\"ReadAction\",\"target\":[\"https:\\\/\\\/www.laguiadepamplona.com\\\/actualidad\\\/el-alcalde-de-pamplona-enrique-maya-recibe-al-presidente-del-consejo-escolar-de-navarra-manuel-martin\\\/\"]}]},{\"@type\":\"ImageObject\",\"inLanguage\":\"es\",\"@id\":\"https:\\\/\\\/www.laguiadepamplona.com\\\/actualidad\\\/el-alcalde-de-pamplona-enrique-maya-recibe-al-presidente-del-consejo-escolar-de-navarra-manuel-martin\\\/#primaryimage\",\"url\":\"https:\\\/\\\/www.laguiadepamplona.com\\\/actualidad\\\/wp-content\\\/uploads\\\/2023\\\/01\\\/presidentecolegioescolaree5a3778_0.webp\",\"contentUrl\":\"https:\\\/\\\/www.laguiadepamplona.com\\\/actualidad\\\/wp-content\\\/uploads\\\/2023\\\/01\\\/presidentecolegioescolaree5a3778_0.webp\",\"width\":1920,\"height\":1280},{\"@type\":\"BreadcrumbList\",\"@id\":\"https:\\\/\\\/www.laguiadepamplona.com\\\/actualidad\\\/el-alcalde-de-pamplona-enrique-maya-recibe-al-presidente-del-consejo-escolar-de-navarra-manuel-martin\\\/#breadcrumb\",\"itemListElement\":[{\"@type\":\"ListItem\",\"position\":1,\"name\":\"Portada\",\"item\":\"https:\\\/\\\/www.laguiadepamplona.com\\\/actualidad\\\/\"},{\"@type\":\"ListItem\",\"position\":2,\"name\":\"El alcalde de Pamplona, Enrique Maya, recibe al presidente del Consejo Escolar de Navarra, Manuel Mart\u00edn\"}]},{\"@type\":\"WebSite\",\"@id\":\"https:\\\/\\\/www.laguiadepamplona.com\\\/actualidad\\\/#website\",\"url\":\"https:\\\/\\\/www.laguiadepamplona.com\\\/actualidad\\\/\",\"name\":\"La gu\u00eda de Pamplona\",\"description\":\"Noticias de Pamplona\",\"publisher\":{\"@id\":\"https:\\\/\\\/www.laguiadepamplona.com\\\/actualidad\\\/#organization\"},\"potentialAction\":[{\"@type\":\"SearchAction\",\"target\":{\"@type\":\"EntryPoint\",\"urlTemplate\":\"https:\\\/\\\/www.laguiadepamplona.com\\\/actualidad\\\/?s={search_term_string}\"},\"query-input\":{\"@type\":\"PropertyValueSpecification\",\"valueRequired\":true,\"valueName\":\"search_term_string\"}}],\"inLanguage\":\"es\"},{\"@type\":\"Organization\",\"@id\":\"https:\\\/\\\/www.laguiadepamplona.com\\\/actualidad\\\/#organization\",\"name\":\"La Gu\u00eda de Pamplona \\\/ Noticias\",\"url\":\"https:\\\/\\\/www.laguiadepamplona.com\\\/actualidad\\\/\",\"logo\":{\"@type\":\"ImageObject\",\"inLanguage\":\"es\",\"@id\":\"https:\\\/\\\/www.laguiadepamplona.com\\\/actualidad\\\/#\\\/schema\\\/logo\\\/image\\\/\",\"url\":\"https:\\\/\\\/www.laguiadepamplona.com\\\/actualidad\\\/wp-content\\\/uploads\\\/2018\\\/11\\\/logo-laguiadepamplona18-web1.png\",\"contentUrl\":\"https:\\\/\\\/www.laguiadepamplona.com\\\/actualidad\\\/wp-content\\\/uploads\\\/2018\\\/11\\\/logo-laguiadepamplona18-web1.png\",\"width\":600,\"height\":196,\"caption\":\"La Gu\u00eda de Pamplona \\\/ Noticias\"},\"image\":{\"@id\":\"https:\\\/\\\/www.laguiadepamplona.com\\\/actualidad\\\/#\\\/schema\\\/logo\\\/image\\\/\"},\"sameAs\":[\"https:\\\/\\\/www.facebook.com\\\/laguiadepamplonacom-133175176762273\\\/?ref=hl\",\"https:\\\/\\\/x.com\\\/LaGuiadPamplona\",\"https:\\\/\\\/www.instagram.com\\\/la_guia_de_pamplona\\\/\",\"https:\\\/\\\/www.youtube.com\\\/user\\\/laguiadepamplona\"]},{\"@type\":\"Person\",\"@id\":\"https:\\\/\\\/www.laguiadepamplona.com\\\/actualidad\\\/#\\\/schema\\\/person\\\/efe887376f0213d4657c93adc50b1fdb\",\"name\":\"La Gu\u00eda de Pamplona\",\"image\":{\"@type\":\"ImageObject\",\"inLanguage\":\"es\",\"@id\":\"https:\\\/\\\/secure.gravatar.com\\\/avatar\\\/b6992f131dc8d30ab0dff15446e9d346d9dbd95992de0fef795073f5ea83a81c?s=96&d=mm&r=g\",\"url\":\"https:\\\/\\\/secure.gravatar.com\\\/avatar\\\/b6992f131dc8d30ab0dff15446e9d346d9dbd95992de0fef795073f5ea83a81c?s=96&d=mm&r=g\",\"contentUrl\":\"https:\\\/\\\/secure.gravatar.com\\\/avatar\\\/b6992f131dc8d30ab0dff15446e9d346d9dbd95992de0fef795073f5ea83a81c?s=96&d=mm&r=g\",\"caption\":\"La Gu\u00eda de Pamplona\"}}]}<\/script>\n<!-- \/ Yoast SEO plugin. -->","yoast_head_json":{"title":"El alcalde de Pamplona, Enrique Maya, recibe al presidente del Consejo Escolar de Navarra, Manuel Mart\u00edn","description":"Mart\u00edn ha presentado al alcalde el primer Pacto Social para la Educaci\u00f3n de Navarra, consensuado con una mayor\u00eda de la comunidad educativa","robots":{"index":"index","follow":"follow","max-snippet":"max-snippet:-1","max-image-preview":"max-image-preview:large","max-video-preview":"max-video-preview:-1"},"canonical":"https:\/\/www.laguiadepamplona.com\/actualidad\/el-alcalde-de-pamplona-enrique-maya-recibe-al-presidente-del-consejo-escolar-de-navarra-manuel-martin\/","og_locale":"es_ES","og_type":"article","og_title":"El alcalde de Pamplona, Enrique Maya, recibe al presidente del Consejo Escolar de Navarra, Manuel Mart\u00edn","og_description":"Mart\u00edn ha presentado al alcalde el primer Pacto Social para la Educaci\u00f3n de Navarra, consensuado con una mayor\u00eda de la comunidad educativa","og_url":"https:\/\/www.laguiadepamplona.com\/actualidad\/el-alcalde-de-pamplona-enrique-maya-recibe-al-presidente-del-consejo-escolar-de-navarra-manuel-martin\/","og_site_name":"La Gu\u00eda de Pamplona","article_publisher":"https:\/\/www.facebook.com\/laguiadepamplonacom-133175176762273\/?ref=hl","article_published_time":"2023-01-17T12:22:00+00:00","article_modified_time":"2023-04-11T09:47:23+00:00","og_image":[{"width":1920,"height":1280,"url":"https:\/\/www.laguiadepamplona.com\/actualidad\/wp-content\/uploads\/2023\/01\/presidentecolegioescolaree5a3778_0.webp","type":"image\/webp"}],"author":"La Gu\u00eda de Pamplona","twitter_card":"summary_large_image","twitter_creator":"@LaGuiadPamplona","twitter_site":"@LaGuiadPamplona","twitter_misc":{"Escrito por":"La Gu\u00eda de Pamplona","Tiempo de lectura":"1 minuto"},"schema":{"@context":"https:\/\/schema.org","@graph":[{"@type":"Article","@id":"https:\/\/www.laguiadepamplona.com\/actualidad\/el-alcalde-de-pamplona-enrique-maya-recibe-al-presidente-del-consejo-escolar-de-navarra-manuel-martin\/#article","isPartOf":{"@id":"https:\/\/www.laguiadepamplona.com\/actualidad\/el-alcalde-de-pamplona-enrique-maya-recibe-al-presidente-del-consejo-escolar-de-navarra-manuel-martin\/"},"author":{"name":"La Gu\u00eda de Pamplona","@id":"https:\/\/www.laguiadepamplona.com\/actualidad\/#\/schema\/person\/efe887376f0213d4657c93adc50b1fdb"},"headline":"El alcalde de Pamplona, Enrique Maya, recibe al presidente del Consejo Escolar de Navarra, Manuel Mart\u00edn","datePublished":"2023-01-17T12:22:00+00:00","dateModified":"2023-04-11T09:47:23+00:00","mainEntityOfPage":{"@id":"https:\/\/www.laguiadepamplona.com\/actualidad\/el-alcalde-de-pamplona-enrique-maya-recibe-al-presidente-del-consejo-escolar-de-navarra-manuel-martin\/"},"wordCount":183,"commentCount":0,"publisher":{"@id":"https:\/\/www.laguiadepamplona.com\/actualidad\/#organization"},"image":{"@id":"https:\/\/www.laguiadepamplona.com\/actualidad\/el-alcalde-de-pamplona-enrique-maya-recibe-al-presidente-del-consejo-escolar-de-navarra-manuel-martin\/#primaryimage"},"thumbnailUrl":"https:\/\/www.laguiadepamplona.com\/actualidad\/wp-content\/uploads\/2023\/01\/presidentecolegioescolaree5a3778_0.webp","articleSection":["Ayto Pamplona"],"inLanguage":"es","potentialAction":[{"@type":"CommentAction","name":"Comment","target":["https:\/\/www.laguiadepamplona.com\/actualidad\/el-alcalde-de-pamplona-enrique-maya-recibe-al-presidente-del-consejo-escolar-de-navarra-manuel-martin\/#respond"]}]},{"@type":"WebPage","@id":"https:\/\/www.laguiadepamplona.com\/actualidad\/el-alcalde-de-pamplona-enrique-maya-recibe-al-presidente-del-consejo-escolar-de-navarra-manuel-martin\/","url":"https:\/\/www.laguiadepamplona.com\/actualidad\/el-alcalde-de-pamplona-enrique-maya-recibe-al-presidente-del-consejo-escolar-de-navarra-manuel-martin\/","name":"El alcalde de Pamplona, Enrique Maya, recibe al presidente del Consejo Escolar de Navarra, Manuel Mart\u00edn","isPartOf":{"@id":"https:\/\/www.laguiadepamplona.com\/actualidad\/#website"},"primaryImageOfPage":{"@id":"https:\/\/www.laguiadepamplona.com\/actualidad\/el-alcalde-de-pamplona-enrique-maya-recibe-al-presidente-del-consejo-escolar-de-navarra-manuel-martin\/#primaryimage"},"image":{"@id":"https:\/\/www.laguiadepamplona.com\/actualidad\/el-alcalde-de-pamplona-enrique-maya-recibe-al-presidente-del-consejo-escolar-de-navarra-manuel-martin\/#primaryimage"},"thumbnailUrl":"https:\/\/www.laguiadepamplona.com\/actualidad\/wp-content\/uploads\/2023\/01\/presidentecolegioescolaree5a3778_0.webp","datePublished":"2023-01-17T12:22:00+00:00","dateModified":"2023-04-11T09:47:23+00:00","description":"Mart\u00edn ha presentado al alcalde el primer Pacto Social para la Educaci\u00f3n de Navarra, consensuado con una mayor\u00eda de la comunidad educativa","breadcrumb":{"@id":"https:\/\/www.laguiadepamplona.com\/actualidad\/el-alcalde-de-pamplona-enrique-maya-recibe-al-presidente-del-consejo-escolar-de-navarra-manuel-martin\/#breadcrumb"},"inLanguage":"es","potentialAction":[{"@type":"ReadAction","target":["https:\/\/www.laguiadepamplona.com\/actualidad\/el-alcalde-de-pamplona-enrique-maya-recibe-al-presidente-del-consejo-escolar-de-navarra-manuel-martin\/"]}]},{"@type":"ImageObject","inLanguage":"es","@id":"https:\/\/www.laguiadepamplona.com\/actualidad\/el-alcalde-de-pamplona-enrique-maya-recibe-al-presidente-del-consejo-escolar-de-navarra-manuel-martin\/#primaryimage","url":"https:\/\/www.laguiadepamplona.com\/actualidad\/wp-content\/uploads\/2023\/01\/presidentecolegioescolaree5a3778_0.webp","contentUrl":"https:\/\/www.laguiadepamplona.com\/actualidad\/wp-content\/uploads\/2023\/01\/presidentecolegioescolaree5a3778_0.webp","width":1920,"height":1280},{"@type":"BreadcrumbList","@id":"https:\/\/www.laguiadepamplona.com\/actualidad\/el-alcalde-de-pamplona-enrique-maya-recibe-al-presidente-del-consejo-escolar-de-navarra-manuel-martin\/#breadcrumb","itemListElement":[{"@type":"ListItem","position":1,"name":"Portada","item":"https:\/\/www.laguiadepamplona.com\/actualidad\/"},{"@type":"ListItem","position":2,"name":"El alcalde de Pamplona, Enrique Maya, recibe al presidente del Consejo Escolar de Navarra, Manuel Mart\u00edn"}]},{"@type":"WebSite","@id":"https:\/\/www.laguiadepamplona.com\/actualidad\/#website","url":"https:\/\/www.laguiadepamplona.com\/actualidad\/","name":"La gu\u00eda de Pamplona","description":"Noticias de Pamplona","publisher":{"@id":"https:\/\/www.laguiadepamplona.com\/actualidad\/#organization"},"potentialAction":[{"@type":"SearchAction","target":{"@type":"EntryPoint","urlTemplate":"https:\/\/www.laguiadepamplona.com\/actualidad\/?s={search_term_string}"},"query-input":{"@type":"PropertyValueSpecification","valueRequired":true,"valueName":"search_term_string"}}],"inLanguage":"es"},{"@type":"Organization","@id":"https:\/\/www.laguiadepamplona.com\/actualidad\/#organization","name":"La Gu\u00eda de Pamplona \/ Noticias","url":"https:\/\/www.laguiadepamplona.com\/actualidad\/","logo":{"@type":"ImageObject","inLanguage":"es","@id":"https:\/\/www.laguiadepamplona.com\/actualidad\/#\/schema\/logo\/image\/","url":"https:\/\/www.laguiadepamplona.com\/actualidad\/wp-content\/uploads\/2018\/11\/logo-laguiadepamplona18-web1.png","contentUrl":"https:\/\/www.laguiadepamplona.com\/actualidad\/wp-content\/uploads\/2018\/11\/logo-laguiadepamplona18-web1.png","width":600,"height":196,"caption":"La Gu\u00eda de Pamplona \/ Noticias"},"image":{"@id":"https:\/\/www.laguiadepamplona.com\/actualidad\/#\/schema\/logo\/image\/"},"sameAs":["https:\/\/www.facebook.com\/laguiadepamplonacom-133175176762273\/?ref=hl","https:\/\/x.com\/LaGuiadPamplona","https:\/\/www.instagram.com\/la_guia_de_pamplona\/","https:\/\/www.youtube.com\/user\/laguiadepamplona"]},{"@type":"Person","@id":"https:\/\/www.laguiadepamplona.com\/actualidad\/#\/schema\/person\/efe887376f0213d4657c93adc50b1fdb","name":"La Gu\u00eda de Pamplona","image":{"@type":"ImageObject","inLanguage":"es","@id":"https:\/\/secure.gravatar.com\/avatar\/b6992f131dc8d30ab0dff15446e9d346d9dbd95992de0fef795073f5ea83a81c?s=96&d=mm&r=g","url":"https:\/\/secure.gravatar.com\/avatar\/b6992f131dc8d30ab0dff15446e9d346d9dbd95992de0fef795073f5ea83a81c?s=96&d=mm&r=g","contentUrl":"https:\/\/secure.gravatar.com\/avatar\/b6992f131dc8d30ab0dff15446e9d346d9dbd95992de0fef795073f5ea83a81c?s=96&d=mm&r=g","caption":"La Gu\u00eda de Pamplona"}}]}},"post_mailing_queue_ids":[],"_links":{"self":[{"href":"https:\/\/www.laguiadepamplona.com\/actualidad\/wp-json\/wp\/v2\/posts\/42596","targetHints":{"allow":["GET"]}}],"collection":[{"href":"https:\/\/www.laguiadepamplona.com\/actualidad\/wp-json\/wp\/v2\/posts"}],"about":[{"href":"https:\/\/www.laguiadepamplona.com\/actualidad\/wp-json\/wp\/v2\/types\/post"}],"author":[{"embeddable":true,"href":"https:\/\/www.laguiadepamplona.com\/actualidad\/wp-json\/wp\/v2\/users\/1"}],"replies":[{"embeddable":true,"href":"https:\/\/www.laguiadepamplona.com\/actualidad\/wp-json\/wp\/v2\/comments?post=42596"}],"version-history":[{"count":0,"href":"https:\/\/www.laguiadepamplona.com\/actualidad\/wp-json\/wp\/v2\/posts\/42596\/revisions"}],"wp:featuredmedia":[{"embeddable":true,"href":"https:\/\/www.laguiadepamplona.com\/actualidad\/wp-json\/wp\/v2\/media\/42597"}],"wp:attachment":[{"href":"https:\/\/www.laguiadepamplona.com\/actualidad\/wp-json\/wp\/v2\/media?parent=42596"}],"wp:term":[{"taxonomy":"category","embeddable":true,"href":"https:\/\/www.laguiadepamplona.com\/actualidad\/wp-json\/wp\/v2\/categories?post=42596"},{"taxonomy":"post_tag","embeddable":true,"href":"https:\/\/www.laguiadepamplona.com\/actualidad\/wp-json\/wp\/v2\/tags?post=42596"}],"curies":[{"name":"wp","href":"https:\/\/api.w.org\/{rel}","templated":true}]}}