{"id":42591,"date":"2023-01-16T14:39:04","date_gmt":"2023-01-16T12:39:04","guid":{"rendered":"https:\/\/www.laguiadepamplona.com\/actualidad\/?p=42591"},"modified":"2023-04-11T11:47:24","modified_gmt":"2023-04-11T09:47:24","slug":"el-ayuntamiento-de-pamplona-reclamara-la-reposicion-de-la-bandera-de-la-plaza-de-las-fueros-por-defecto-en-su-fabricacion-tras-aparecer-esta-manana-en-el-suelo","status":"publish","type":"post","link":"https:\/\/www.laguiadepamplona.com\/actualidad\/el-ayuntamiento-de-pamplona-reclamara-la-reposicion-de-la-bandera-de-la-plaza-de-las-fueros-por-defecto-en-su-fabricacion-tras-aparecer-esta-manana-en-el-suelo\/","title":{"rendered":"El Ayuntamiento de Pamplona reclamar\u00e1 la reposici\u00f3n de la bandera de la plaza de las Fueros por defecto en su fabricaci\u00f3n tras aparecer esta ma\u00f1ana en el suelo"},"content":{"rendered":"<h5>El izado de la nueva bandera se pospondr\u00e1 a la semana que viene debido a la previsi\u00f3n de inclemencias meteorol\u00f3gicas para los pr\u00f3ximos d\u00edas<\/h5>\n<p><!--more--><\/p>\n<p>El Ayuntamiento de Pamplona va a reclamar a la empresa suministradora la reposici\u00f3n de la bandera de Navarra de la plaza de los Fueros, o la compensaci\u00f3n econ\u00f3mica correspondiente, despu\u00e9s de que esta ma\u00f1ana apareciera en el suelo. La bandera se ha ca\u00eddo tras romperse uno de los enganches de sujeci\u00f3n de la propia bandera al elemento de izado del m\u00e1stil.<br \/>\n<script async src=\"\/\/pagead2.googlesyndication.com\/pagead\/js\/adsbygoogle.js\"><\/script><br \/>\n<!-- Noticias La Guia de Pamplona --><br \/>\n<ins class=\"adsbygoogle\"\nstyle=\"display:block\"\ndata-ad-client=\"ca-pub-6943679897239327\"\ndata-ad-slot=\"7048180777\"\ndata-ad-format=\"auto\"><\/ins><br \/>\n<script>\n(adsbygoogle = window.adsbygoogle || []).push({});\n<\/script><\/p>\n<p>La actual bandera fue izada el pasado 25 de octubre sin que desde ese d\u00eda se hayan producido en la ciudad vientos de gran velocidad ni alertas por alta probabilidad de vientos que pudieran superar los 70 kil\u00f3metros por hora, por lo que se entiende que hay un defecto de fabricaci\u00f3n. A primera hora de la ma\u00f1ana se ha recibido un aviso en el que se se\u00f1alaba la ausencia de la bandera en el m\u00e1stil, que se ha encontrado ca\u00edda en el c\u00e9sped al pie precisamente de ese m\u00e1stil.<\/p>\n<p>El izado de la nueva bandera se pospondr\u00e1 a la semana que viene, pues es lo aconsejable seg\u00fan la previsi\u00f3n meteorol\u00f3gica para estos pr\u00f3ximos d\u00edas.<\/p>\n","protected":false},"excerpt":{"rendered":"<p>El izado de la nueva bandera se pospondr\u00e1 a la semana que viene debido a la previsi\u00f3n de inclemencias meteorol\u00f3gicas para los pr\u00f3ximos d\u00edas<\/p>\n","protected":false},"author":1,"featured_media":40988,"comment_status":"open","ping_status":"closed","sticky":false,"template":"","format":"standard","meta":{"footnotes":""},"categories":[2],"tags":[],"class_list":["post-42591","post","type-post","status-publish","format-standard","has-post-thumbnail","hentry","category-ayuntamiento-pamplona"],"yoast_head":"<!-- This site is optimized with the Yoast SEO plugin v27.3 - https:\/\/yoast.com\/product\/yoast-seo-wordpress\/ -->\n<title>El Ayuntamiento de Pamplona reclamar\u00e1 la reposici\u00f3n de la bandera de la plaza de las Fueros por defecto en su fabricaci\u00f3n tras aparecer esta ma\u00f1ana en el suelo<\/title>\n<meta name=\"description\" content=\"El izado de la nueva bandera se pospondr\u00e1 a la semana que viene debido a la previsi\u00f3n de inclemencias meteorol\u00f3gicas para los pr\u00f3ximos d\u00edas\" \/>\n<meta name=\"robots\" content=\"index, follow, max-snippet:-1, max-image-preview:large, max-video-preview:-1\" \/>\n<link rel=\"canonical\" href=\"https:\/\/www.laguiadepamplona.com\/actualidad\/el-ayuntamiento-de-pamplona-reclamara-la-reposicion-de-la-bandera-de-la-plaza-de-las-fueros-por-defecto-en-su-fabricacion-tras-aparecer-esta-manana-en-el-suelo\/\" \/>\n<meta property=\"og:locale\" content=\"es_ES\" \/>\n<meta property=\"og:type\" content=\"article\" \/>\n<meta property=\"og:title\" content=\"El Ayuntamiento de Pamplona reclamar\u00e1 la reposici\u00f3n de la bandera de la plaza de las Fueros por defecto en su fabricaci\u00f3n tras aparecer esta ma\u00f1ana en el suelo\" \/>\n<meta property=\"og:description\" content=\"El izado de la nueva bandera se pospondr\u00e1 a la semana que viene debido a la previsi\u00f3n de inclemencias meteorol\u00f3gicas para los pr\u00f3ximos d\u00edas\" \/>\n<meta property=\"og:url\" content=\"https:\/\/www.laguiadepamplona.com\/actualidad\/el-ayuntamiento-de-pamplona-reclamara-la-reposicion-de-la-bandera-de-la-plaza-de-las-fueros-por-defecto-en-su-fabricacion-tras-aparecer-esta-manana-en-el-suelo\/\" \/>\n<meta property=\"og:site_name\" content=\"La Gu\u00eda de Pamplona\" \/>\n<meta property=\"article:publisher\" content=\"https:\/\/www.facebook.com\/laguiadepamplonacom-133175176762273\/?ref=hl\" \/>\n<meta property=\"article:published_time\" content=\"2023-01-16T12:39:04+00:00\" \/>\n<meta property=\"article:modified_time\" content=\"2023-04-11T09:47:24+00:00\" \/>\n<meta property=\"og:image\" content=\"https:\/\/www.laguiadepamplona.com\/actualidad\/wp-content\/uploads\/2022\/06\/gran-bandera-navarra.webp\" \/>\n\t<meta property=\"og:image:width\" content=\"1920\" \/>\n\t<meta property=\"og:image:height\" content=\"1281\" \/>\n\t<meta property=\"og:image:type\" content=\"image\/webp\" \/>\n<meta name=\"author\" content=\"La Gu\u00eda de Pamplona\" \/>\n<meta name=\"twitter:card\" content=\"summary_large_image\" \/>\n<meta name=\"twitter:creator\" content=\"@LaGuiadPamplona\" \/>\n<meta name=\"twitter:site\" content=\"@LaGuiadPamplona\" \/>\n<meta name=\"twitter:label1\" content=\"Escrito por\" \/>\n\t<meta name=\"twitter:data1\" content=\"La Gu\u00eda de Pamplona\" \/>\n\t<meta name=\"twitter:label2\" content=\"Tiempo de lectura\" \/>\n\t<meta name=\"twitter:data2\" content=\"1 minuto\" \/>\n<script type=\"application\/ld+json\" class=\"yoast-schema-graph\">{\"@context\":\"https:\\\/\\\/schema.org\",\"@graph\":[{\"@type\":\"Article\",\"@id\":\"https:\\\/\\\/www.laguiadepamplona.com\\\/actualidad\\\/el-ayuntamiento-de-pamplona-reclamara-la-reposicion-de-la-bandera-de-la-plaza-de-las-fueros-por-defecto-en-su-fabricacion-tras-aparecer-esta-manana-en-el-suelo\\\/#article\",\"isPartOf\":{\"@id\":\"https:\\\/\\\/www.laguiadepamplona.com\\\/actualidad\\\/el-ayuntamiento-de-pamplona-reclamara-la-reposicion-de-la-bandera-de-la-plaza-de-las-fueros-por-defecto-en-su-fabricacion-tras-aparecer-esta-manana-en-el-suelo\\\/\"},\"author\":{\"name\":\"La Gu\u00eda de Pamplona\",\"@id\":\"https:\\\/\\\/www.laguiadepamplona.com\\\/actualidad\\\/#\\\/schema\\\/person\\\/efe887376f0213d4657c93adc50b1fdb\"},\"headline\":\"El Ayuntamiento de Pamplona reclamar\u00e1 la reposici\u00f3n de la bandera de la plaza de las Fueros por defecto en su fabricaci\u00f3n tras aparecer esta ma\u00f1ana en el suelo\",\"datePublished\":\"2023-01-16T12:39:04+00:00\",\"dateModified\":\"2023-04-11T09:47:24+00:00\",\"mainEntityOfPage\":{\"@id\":\"https:\\\/\\\/www.laguiadepamplona.com\\\/actualidad\\\/el-ayuntamiento-de-pamplona-reclamara-la-reposicion-de-la-bandera-de-la-plaza-de-las-fueros-por-defecto-en-su-fabricacion-tras-aparecer-esta-manana-en-el-suelo\\\/\"},\"wordCount\":254,\"commentCount\":0,\"publisher\":{\"@id\":\"https:\\\/\\\/www.laguiadepamplona.com\\\/actualidad\\\/#organization\"},\"image\":{\"@id\":\"https:\\\/\\\/www.laguiadepamplona.com\\\/actualidad\\\/el-ayuntamiento-de-pamplona-reclamara-la-reposicion-de-la-bandera-de-la-plaza-de-las-fueros-por-defecto-en-su-fabricacion-tras-aparecer-esta-manana-en-el-suelo\\\/#primaryimage\"},\"thumbnailUrl\":\"https:\\\/\\\/www.laguiadepamplona.com\\\/actualidad\\\/wp-content\\\/uploads\\\/2022\\\/06\\\/gran-bandera-navarra.webp\",\"articleSection\":[\"Ayto Pamplona\"],\"inLanguage\":\"es\",\"potentialAction\":[{\"@type\":\"CommentAction\",\"name\":\"Comment\",\"target\":[\"https:\\\/\\\/www.laguiadepamplona.com\\\/actualidad\\\/el-ayuntamiento-de-pamplona-reclamara-la-reposicion-de-la-bandera-de-la-plaza-de-las-fueros-por-defecto-en-su-fabricacion-tras-aparecer-esta-manana-en-el-suelo\\\/#respond\"]}]},{\"@type\":\"WebPage\",\"@id\":\"https:\\\/\\\/www.laguiadepamplona.com\\\/actualidad\\\/el-ayuntamiento-de-pamplona-reclamara-la-reposicion-de-la-bandera-de-la-plaza-de-las-fueros-por-defecto-en-su-fabricacion-tras-aparecer-esta-manana-en-el-suelo\\\/\",\"url\":\"https:\\\/\\\/www.laguiadepamplona.com\\\/actualidad\\\/el-ayuntamiento-de-pamplona-reclamara-la-reposicion-de-la-bandera-de-la-plaza-de-las-fueros-por-defecto-en-su-fabricacion-tras-aparecer-esta-manana-en-el-suelo\\\/\",\"name\":\"El Ayuntamiento de Pamplona reclamar\u00e1 la reposici\u00f3n de la bandera de la plaza de las Fueros por defecto en su fabricaci\u00f3n tras aparecer esta ma\u00f1ana en el suelo\",\"isPartOf\":{\"@id\":\"https:\\\/\\\/www.laguiadepamplona.com\\\/actualidad\\\/#website\"},\"primaryImageOfPage\":{\"@id\":\"https:\\\/\\\/www.laguiadepamplona.com\\\/actualidad\\\/el-ayuntamiento-de-pamplona-reclamara-la-reposicion-de-la-bandera-de-la-plaza-de-las-fueros-por-defecto-en-su-fabricacion-tras-aparecer-esta-manana-en-el-suelo\\\/#primaryimage\"},\"image\":{\"@id\":\"https:\\\/\\\/www.laguiadepamplona.com\\\/actualidad\\\/el-ayuntamiento-de-pamplona-reclamara-la-reposicion-de-la-bandera-de-la-plaza-de-las-fueros-por-defecto-en-su-fabricacion-tras-aparecer-esta-manana-en-el-suelo\\\/#primaryimage\"},\"thumbnailUrl\":\"https:\\\/\\\/www.laguiadepamplona.com\\\/actualidad\\\/wp-content\\\/uploads\\\/2022\\\/06\\\/gran-bandera-navarra.webp\",\"datePublished\":\"2023-01-16T12:39:04+00:00\",\"dateModified\":\"2023-04-11T09:47:24+00:00\",\"description\":\"El izado de la nueva bandera se pospondr\u00e1 a la semana que viene debido a la previsi\u00f3n de inclemencias meteorol\u00f3gicas para los pr\u00f3ximos d\u00edas\",\"breadcrumb\":{\"@id\":\"https:\\\/\\\/www.laguiadepamplona.com\\\/actualidad\\\/el-ayuntamiento-de-pamplona-reclamara-la-reposicion-de-la-bandera-de-la-plaza-de-las-fueros-por-defecto-en-su-fabricacion-tras-aparecer-esta-manana-en-el-suelo\\\/#breadcrumb\"},\"inLanguage\":\"es\",\"potentialAction\":[{\"@type\":\"ReadAction\",\"target\":[\"https:\\\/\\\/www.laguiadepamplona.com\\\/actualidad\\\/el-ayuntamiento-de-pamplona-reclamara-la-reposicion-de-la-bandera-de-la-plaza-de-las-fueros-por-defecto-en-su-fabricacion-tras-aparecer-esta-manana-en-el-suelo\\\/\"]}]},{\"@type\":\"ImageObject\",\"inLanguage\":\"es\",\"@id\":\"https:\\\/\\\/www.laguiadepamplona.com\\\/actualidad\\\/el-ayuntamiento-de-pamplona-reclamara-la-reposicion-de-la-bandera-de-la-plaza-de-las-fueros-por-defecto-en-su-fabricacion-tras-aparecer-esta-manana-en-el-suelo\\\/#primaryimage\",\"url\":\"https:\\\/\\\/www.laguiadepamplona.com\\\/actualidad\\\/wp-content\\\/uploads\\\/2022\\\/06\\\/gran-bandera-navarra.webp\",\"contentUrl\":\"https:\\\/\\\/www.laguiadepamplona.com\\\/actualidad\\\/wp-content\\\/uploads\\\/2022\\\/06\\\/gran-bandera-navarra.webp\",\"width\":1920,\"height\":1281},{\"@type\":\"BreadcrumbList\",\"@id\":\"https:\\\/\\\/www.laguiadepamplona.com\\\/actualidad\\\/el-ayuntamiento-de-pamplona-reclamara-la-reposicion-de-la-bandera-de-la-plaza-de-las-fueros-por-defecto-en-su-fabricacion-tras-aparecer-esta-manana-en-el-suelo\\\/#breadcrumb\",\"itemListElement\":[{\"@type\":\"ListItem\",\"position\":1,\"name\":\"Portada\",\"item\":\"https:\\\/\\\/www.laguiadepamplona.com\\\/actualidad\\\/\"},{\"@type\":\"ListItem\",\"position\":2,\"name\":\"El Ayuntamiento de Pamplona reclamar\u00e1 la reposici\u00f3n de la bandera de la plaza de las Fueros por defecto en su fabricaci\u00f3n tras aparecer esta ma\u00f1ana en el suelo\"}]},{\"@type\":\"WebSite\",\"@id\":\"https:\\\/\\\/www.laguiadepamplona.com\\\/actualidad\\\/#website\",\"url\":\"https:\\\/\\\/www.laguiadepamplona.com\\\/actualidad\\\/\",\"name\":\"La gu\u00eda de Pamplona\",\"description\":\"Noticias de Pamplona\",\"publisher\":{\"@id\":\"https:\\\/\\\/www.laguiadepamplona.com\\\/actualidad\\\/#organization\"},\"potentialAction\":[{\"@type\":\"SearchAction\",\"target\":{\"@type\":\"EntryPoint\",\"urlTemplate\":\"https:\\\/\\\/www.laguiadepamplona.com\\\/actualidad\\\/?s={search_term_string}\"},\"query-input\":{\"@type\":\"PropertyValueSpecification\",\"valueRequired\":true,\"valueName\":\"search_term_string\"}}],\"inLanguage\":\"es\"},{\"@type\":\"Organization\",\"@id\":\"https:\\\/\\\/www.laguiadepamplona.com\\\/actualidad\\\/#organization\",\"name\":\"La Gu\u00eda de Pamplona \\\/ Noticias\",\"url\":\"https:\\\/\\\/www.laguiadepamplona.com\\\/actualidad\\\/\",\"logo\":{\"@type\":\"ImageObject\",\"inLanguage\":\"es\",\"@id\":\"https:\\\/\\\/www.laguiadepamplona.com\\\/actualidad\\\/#\\\/schema\\\/logo\\\/image\\\/\",\"url\":\"https:\\\/\\\/www.laguiadepamplona.com\\\/actualidad\\\/wp-content\\\/uploads\\\/2018\\\/11\\\/logo-laguiadepamplona18-web1.png\",\"contentUrl\":\"https:\\\/\\\/www.laguiadepamplona.com\\\/actualidad\\\/wp-content\\\/uploads\\\/2018\\\/11\\\/logo-laguiadepamplona18-web1.png\",\"width\":600,\"height\":196,\"caption\":\"La Gu\u00eda de Pamplona \\\/ Noticias\"},\"image\":{\"@id\":\"https:\\\/\\\/www.laguiadepamplona.com\\\/actualidad\\\/#\\\/schema\\\/logo\\\/image\\\/\"},\"sameAs\":[\"https:\\\/\\\/www.facebook.com\\\/laguiadepamplonacom-133175176762273\\\/?ref=hl\",\"https:\\\/\\\/x.com\\\/LaGuiadPamplona\",\"https:\\\/\\\/www.instagram.com\\\/la_guia_de_pamplona\\\/\",\"https:\\\/\\\/www.youtube.com\\\/user\\\/laguiadepamplona\"]},{\"@type\":\"Person\",\"@id\":\"https:\\\/\\\/www.laguiadepamplona.com\\\/actualidad\\\/#\\\/schema\\\/person\\\/efe887376f0213d4657c93adc50b1fdb\",\"name\":\"La Gu\u00eda de Pamplona\",\"image\":{\"@type\":\"ImageObject\",\"inLanguage\":\"es\",\"@id\":\"https:\\\/\\\/secure.gravatar.com\\\/avatar\\\/b6992f131dc8d30ab0dff15446e9d346d9dbd95992de0fef795073f5ea83a81c?s=96&d=mm&r=g\",\"url\":\"https:\\\/\\\/secure.gravatar.com\\\/avatar\\\/b6992f131dc8d30ab0dff15446e9d346d9dbd95992de0fef795073f5ea83a81c?s=96&d=mm&r=g\",\"contentUrl\":\"https:\\\/\\\/secure.gravatar.com\\\/avatar\\\/b6992f131dc8d30ab0dff15446e9d346d9dbd95992de0fef795073f5ea83a81c?s=96&d=mm&r=g\",\"caption\":\"La Gu\u00eda de Pamplona\"}}]}<\/script>\n<!-- \/ Yoast SEO plugin. -->","yoast_head_json":{"title":"El Ayuntamiento de Pamplona reclamar\u00e1 la reposici\u00f3n de la bandera de la plaza de las Fueros por defecto en su fabricaci\u00f3n tras aparecer esta ma\u00f1ana en el suelo","description":"El izado de la nueva bandera se pospondr\u00e1 a la semana que viene debido a la previsi\u00f3n de inclemencias meteorol\u00f3gicas para los pr\u00f3ximos d\u00edas","robots":{"index":"index","follow":"follow","max-snippet":"max-snippet:-1","max-image-preview":"max-image-preview:large","max-video-preview":"max-video-preview:-1"},"canonical":"https:\/\/www.laguiadepamplona.com\/actualidad\/el-ayuntamiento-de-pamplona-reclamara-la-reposicion-de-la-bandera-de-la-plaza-de-las-fueros-por-defecto-en-su-fabricacion-tras-aparecer-esta-manana-en-el-suelo\/","og_locale":"es_ES","og_type":"article","og_title":"El Ayuntamiento de Pamplona reclamar\u00e1 la reposici\u00f3n de la bandera de la plaza de las Fueros por defecto en su fabricaci\u00f3n tras aparecer esta ma\u00f1ana en el suelo","og_description":"El izado de la nueva bandera se pospondr\u00e1 a la semana que viene debido a la previsi\u00f3n de inclemencias meteorol\u00f3gicas para los pr\u00f3ximos d\u00edas","og_url":"https:\/\/www.laguiadepamplona.com\/actualidad\/el-ayuntamiento-de-pamplona-reclamara-la-reposicion-de-la-bandera-de-la-plaza-de-las-fueros-por-defecto-en-su-fabricacion-tras-aparecer-esta-manana-en-el-suelo\/","og_site_name":"La Gu\u00eda de Pamplona","article_publisher":"https:\/\/www.facebook.com\/laguiadepamplonacom-133175176762273\/?ref=hl","article_published_time":"2023-01-16T12:39:04+00:00","article_modified_time":"2023-04-11T09:47:24+00:00","og_image":[{"width":1920,"height":1281,"url":"https:\/\/www.laguiadepamplona.com\/actualidad\/wp-content\/uploads\/2022\/06\/gran-bandera-navarra.webp","type":"image\/webp"}],"author":"La Gu\u00eda de Pamplona","twitter_card":"summary_large_image","twitter_creator":"@LaGuiadPamplona","twitter_site":"@LaGuiadPamplona","twitter_misc":{"Escrito por":"La Gu\u00eda de Pamplona","Tiempo de lectura":"1 minuto"},"schema":{"@context":"https:\/\/schema.org","@graph":[{"@type":"Article","@id":"https:\/\/www.laguiadepamplona.com\/actualidad\/el-ayuntamiento-de-pamplona-reclamara-la-reposicion-de-la-bandera-de-la-plaza-de-las-fueros-por-defecto-en-su-fabricacion-tras-aparecer-esta-manana-en-el-suelo\/#article","isPartOf":{"@id":"https:\/\/www.laguiadepamplona.com\/actualidad\/el-ayuntamiento-de-pamplona-reclamara-la-reposicion-de-la-bandera-de-la-plaza-de-las-fueros-por-defecto-en-su-fabricacion-tras-aparecer-esta-manana-en-el-suelo\/"},"author":{"name":"La Gu\u00eda de Pamplona","@id":"https:\/\/www.laguiadepamplona.com\/actualidad\/#\/schema\/person\/efe887376f0213d4657c93adc50b1fdb"},"headline":"El Ayuntamiento de Pamplona reclamar\u00e1 la reposici\u00f3n de la bandera de la plaza de las Fueros por defecto en su fabricaci\u00f3n tras aparecer esta ma\u00f1ana en el suelo","datePublished":"2023-01-16T12:39:04+00:00","dateModified":"2023-04-11T09:47:24+00:00","mainEntityOfPage":{"@id":"https:\/\/www.laguiadepamplona.com\/actualidad\/el-ayuntamiento-de-pamplona-reclamara-la-reposicion-de-la-bandera-de-la-plaza-de-las-fueros-por-defecto-en-su-fabricacion-tras-aparecer-esta-manana-en-el-suelo\/"},"wordCount":254,"commentCount":0,"publisher":{"@id":"https:\/\/www.laguiadepamplona.com\/actualidad\/#organization"},"image":{"@id":"https:\/\/www.laguiadepamplona.com\/actualidad\/el-ayuntamiento-de-pamplona-reclamara-la-reposicion-de-la-bandera-de-la-plaza-de-las-fueros-por-defecto-en-su-fabricacion-tras-aparecer-esta-manana-en-el-suelo\/#primaryimage"},"thumbnailUrl":"https:\/\/www.laguiadepamplona.com\/actualidad\/wp-content\/uploads\/2022\/06\/gran-bandera-navarra.webp","articleSection":["Ayto Pamplona"],"inLanguage":"es","potentialAction":[{"@type":"CommentAction","name":"Comment","target":["https:\/\/www.laguiadepamplona.com\/actualidad\/el-ayuntamiento-de-pamplona-reclamara-la-reposicion-de-la-bandera-de-la-plaza-de-las-fueros-por-defecto-en-su-fabricacion-tras-aparecer-esta-manana-en-el-suelo\/#respond"]}]},{"@type":"WebPage","@id":"https:\/\/www.laguiadepamplona.com\/actualidad\/el-ayuntamiento-de-pamplona-reclamara-la-reposicion-de-la-bandera-de-la-plaza-de-las-fueros-por-defecto-en-su-fabricacion-tras-aparecer-esta-manana-en-el-suelo\/","url":"https:\/\/www.laguiadepamplona.com\/actualidad\/el-ayuntamiento-de-pamplona-reclamara-la-reposicion-de-la-bandera-de-la-plaza-de-las-fueros-por-defecto-en-su-fabricacion-tras-aparecer-esta-manana-en-el-suelo\/","name":"El Ayuntamiento de Pamplona reclamar\u00e1 la reposici\u00f3n de la bandera de la plaza de las Fueros por defecto en su fabricaci\u00f3n tras aparecer esta ma\u00f1ana en el suelo","isPartOf":{"@id":"https:\/\/www.laguiadepamplona.com\/actualidad\/#website"},"primaryImageOfPage":{"@id":"https:\/\/www.laguiadepamplona.com\/actualidad\/el-ayuntamiento-de-pamplona-reclamara-la-reposicion-de-la-bandera-de-la-plaza-de-las-fueros-por-defecto-en-su-fabricacion-tras-aparecer-esta-manana-en-el-suelo\/#primaryimage"},"image":{"@id":"https:\/\/www.laguiadepamplona.com\/actualidad\/el-ayuntamiento-de-pamplona-reclamara-la-reposicion-de-la-bandera-de-la-plaza-de-las-fueros-por-defecto-en-su-fabricacion-tras-aparecer-esta-manana-en-el-suelo\/#primaryimage"},"thumbnailUrl":"https:\/\/www.laguiadepamplona.com\/actualidad\/wp-content\/uploads\/2022\/06\/gran-bandera-navarra.webp","datePublished":"2023-01-16T12:39:04+00:00","dateModified":"2023-04-11T09:47:24+00:00","description":"El izado de la nueva bandera se pospondr\u00e1 a la semana que viene debido a la previsi\u00f3n de inclemencias meteorol\u00f3gicas para los pr\u00f3ximos d\u00edas","breadcrumb":{"@id":"https:\/\/www.laguiadepamplona.com\/actualidad\/el-ayuntamiento-de-pamplona-reclamara-la-reposicion-de-la-bandera-de-la-plaza-de-las-fueros-por-defecto-en-su-fabricacion-tras-aparecer-esta-manana-en-el-suelo\/#breadcrumb"},"inLanguage":"es","potentialAction":[{"@type":"ReadAction","target":["https:\/\/www.laguiadepamplona.com\/actualidad\/el-ayuntamiento-de-pamplona-reclamara-la-reposicion-de-la-bandera-de-la-plaza-de-las-fueros-por-defecto-en-su-fabricacion-tras-aparecer-esta-manana-en-el-suelo\/"]}]},{"@type":"ImageObject","inLanguage":"es","@id":"https:\/\/www.laguiadepamplona.com\/actualidad\/el-ayuntamiento-de-pamplona-reclamara-la-reposicion-de-la-bandera-de-la-plaza-de-las-fueros-por-defecto-en-su-fabricacion-tras-aparecer-esta-manana-en-el-suelo\/#primaryimage","url":"https:\/\/www.laguiadepamplona.com\/actualidad\/wp-content\/uploads\/2022\/06\/gran-bandera-navarra.webp","contentUrl":"https:\/\/www.laguiadepamplona.com\/actualidad\/wp-content\/uploads\/2022\/06\/gran-bandera-navarra.webp","width":1920,"height":1281},{"@type":"BreadcrumbList","@id":"https:\/\/www.laguiadepamplona.com\/actualidad\/el-ayuntamiento-de-pamplona-reclamara-la-reposicion-de-la-bandera-de-la-plaza-de-las-fueros-por-defecto-en-su-fabricacion-tras-aparecer-esta-manana-en-el-suelo\/#breadcrumb","itemListElement":[{"@type":"ListItem","position":1,"name":"Portada","item":"https:\/\/www.laguiadepamplona.com\/actualidad\/"},{"@type":"ListItem","position":2,"name":"El Ayuntamiento de Pamplona reclamar\u00e1 la reposici\u00f3n de la bandera de la plaza de las Fueros por defecto en su fabricaci\u00f3n tras aparecer esta ma\u00f1ana en el suelo"}]},{"@type":"WebSite","@id":"https:\/\/www.laguiadepamplona.com\/actualidad\/#website","url":"https:\/\/www.laguiadepamplona.com\/actualidad\/","name":"La gu\u00eda de Pamplona","description":"Noticias de Pamplona","publisher":{"@id":"https:\/\/www.laguiadepamplona.com\/actualidad\/#organization"},"potentialAction":[{"@type":"SearchAction","target":{"@type":"EntryPoint","urlTemplate":"https:\/\/www.laguiadepamplona.com\/actualidad\/?s={search_term_string}"},"query-input":{"@type":"PropertyValueSpecification","valueRequired":true,"valueName":"search_term_string"}}],"inLanguage":"es"},{"@type":"Organization","@id":"https:\/\/www.laguiadepamplona.com\/actualidad\/#organization","name":"La Gu\u00eda de Pamplona \/ Noticias","url":"https:\/\/www.laguiadepamplona.com\/actualidad\/","logo":{"@type":"ImageObject","inLanguage":"es","@id":"https:\/\/www.laguiadepamplona.com\/actualidad\/#\/schema\/logo\/image\/","url":"https:\/\/www.laguiadepamplona.com\/actualidad\/wp-content\/uploads\/2018\/11\/logo-laguiadepamplona18-web1.png","contentUrl":"https:\/\/www.laguiadepamplona.com\/actualidad\/wp-content\/uploads\/2018\/11\/logo-laguiadepamplona18-web1.png","width":600,"height":196,"caption":"La Gu\u00eda de Pamplona \/ Noticias"},"image":{"@id":"https:\/\/www.laguiadepamplona.com\/actualidad\/#\/schema\/logo\/image\/"},"sameAs":["https:\/\/www.facebook.com\/laguiadepamplonacom-133175176762273\/?ref=hl","https:\/\/x.com\/LaGuiadPamplona","https:\/\/www.instagram.com\/la_guia_de_pamplona\/","https:\/\/www.youtube.com\/user\/laguiadepamplona"]},{"@type":"Person","@id":"https:\/\/www.laguiadepamplona.com\/actualidad\/#\/schema\/person\/efe887376f0213d4657c93adc50b1fdb","name":"La Gu\u00eda de Pamplona","image":{"@type":"ImageObject","inLanguage":"es","@id":"https:\/\/secure.gravatar.com\/avatar\/b6992f131dc8d30ab0dff15446e9d346d9dbd95992de0fef795073f5ea83a81c?s=96&d=mm&r=g","url":"https:\/\/secure.gravatar.com\/avatar\/b6992f131dc8d30ab0dff15446e9d346d9dbd95992de0fef795073f5ea83a81c?s=96&d=mm&r=g","contentUrl":"https:\/\/secure.gravatar.com\/avatar\/b6992f131dc8d30ab0dff15446e9d346d9dbd95992de0fef795073f5ea83a81c?s=96&d=mm&r=g","caption":"La Gu\u00eda de Pamplona"}}]}},"post_mailing_queue_ids":[],"_links":{"self":[{"href":"https:\/\/www.laguiadepamplona.com\/actualidad\/wp-json\/wp\/v2\/posts\/42591","targetHints":{"allow":["GET"]}}],"collection":[{"href":"https:\/\/www.laguiadepamplona.com\/actualidad\/wp-json\/wp\/v2\/posts"}],"about":[{"href":"https:\/\/www.laguiadepamplona.com\/actualidad\/wp-json\/wp\/v2\/types\/post"}],"author":[{"embeddable":true,"href":"https:\/\/www.laguiadepamplona.com\/actualidad\/wp-json\/wp\/v2\/users\/1"}],"replies":[{"embeddable":true,"href":"https:\/\/www.laguiadepamplona.com\/actualidad\/wp-json\/wp\/v2\/comments?post=42591"}],"version-history":[{"count":0,"href":"https:\/\/www.laguiadepamplona.com\/actualidad\/wp-json\/wp\/v2\/posts\/42591\/revisions"}],"wp:featuredmedia":[{"embeddable":true,"href":"https:\/\/www.laguiadepamplona.com\/actualidad\/wp-json\/wp\/v2\/media\/40988"}],"wp:attachment":[{"href":"https:\/\/www.laguiadepamplona.com\/actualidad\/wp-json\/wp\/v2\/media?parent=42591"}],"wp:term":[{"taxonomy":"category","embeddable":true,"href":"https:\/\/www.laguiadepamplona.com\/actualidad\/wp-json\/wp\/v2\/categories?post=42591"},{"taxonomy":"post_tag","embeddable":true,"href":"https:\/\/www.laguiadepamplona.com\/actualidad\/wp-json\/wp\/v2\/tags?post=42591"}],"curies":[{"name":"wp","href":"https:\/\/api.w.org\/{rel}","templated":true}]}}