{"id":4259,"date":"2014-12-23T15:29:35","date_gmt":"2014-12-23T13:29:35","guid":{"rendered":"http:\/\/laguiadepamplona.com\/actualidad\/?p=4259"},"modified":"2014-12-23T15:29:35","modified_gmt":"2014-12-23T13:29:35","slug":"la-junta-de-gobierno-local-aprueba-la-segunda-prorroga-del-contrato-para-el-lavado-y-planchado-de-ropa-del-servicio-de-atencion-a-domicilio","status":"publish","type":"post","link":"https:\/\/www.laguiadepamplona.com\/actualidad\/la-junta-de-gobierno-local-aprueba-la-segunda-prorroga-del-contrato-para-el-lavado-y-planchado-de-ropa-del-servicio-de-atencion-a-domicilio\/","title":{"rendered":"La Junta de Gobierno Local aprueba la segunda pr\u00f3rroga del contrato para el lavado y planchado de ropa del Servicio de Atenci\u00f3n a Domicilio"},"content":{"rendered":"<h4>El SAD atiende actualmente en sus hogares a 1.338 personas, de las cuales 39 se benefician del servicio de lavander\u00eda<\/h4>\n<p><a href=\"http:\/\/laguiadepamplona.com\/actualidad\/wp-content\/uploads\/2014\/06\/Ayto_Pamplona.jpg\"><img loading=\"lazy\" decoding=\"async\" class=\"alignleft size-medium wp-image-2063\" src=\"http:\/\/laguiadepamplona.com\/actualidad\/wp-content\/uploads\/2014\/06\/Ayto_Pamplona-300x225.jpg\" alt=\"Ayto_Pamplona\" width=\"300\" height=\"225\" \/><\/a>La Junta de Gobierno Local del Ayuntamiento de Pamplona ha aprobado esta ma\u00f1ana la segunda pr\u00f3rroga del contrato de asistencia para el lavado y planchado de ropa y entrega domiciliaria para el Servicio de Atenci\u00f3n Domiciliaria (SAD). El contrato, reservado a los Centros Especiales de Empleo (CEE) o a los Centros de Inserci\u00f3n Sociolaboral (CIS), fue adjudicado en 2013 a Fundaci\u00f3n Aspace para el Empleo y Nabut.<\/p>\n<p>La pr\u00f3rroga incluye la prestaci\u00f3n del servicio entre el 1 de enero y el 31 de diciembre de 2015, y el precio es de un total de 44.484 euros (IVA incluido), de los cuales la mitad corresponden a Fundaci\u00f3n Aspace para el Empleo y la otra mitad, a Nabut. El SAD es un servicio municipal que se dirige a personas residentes en Pamplona que presentan limitaciones para la cobertura de sus necesidades b\u00e1sicas en su medio habitual.<\/p>\n<p>El Servicio de Atenci\u00f3n Domiciliaria atiende actualmente a un total de 1.338 personas, que reciben atenci\u00f3n directa de hasta un m\u00e1ximo de dos horas diarias en su propio hogar. El servicio incluye el desarrollo de actividades de apoyo en la realizaci\u00f3n de tareas dom\u00e9sticas, la atenci\u00f3n personal e higiene y el acompa\u00f1amiento en la integraci\u00f3n social. Adem\u00e1s existe la opci\u00f3n de un servicio de alimentaci\u00f3n a trav\u00e9s del cual se llevan comidas y cenas a los domicilios, y que alcanza a 234 personas. Por \u00faltimo, el servicio de lavander\u00eda consiste en la recogida de ropa sucia y entrega de la limpia semanalmente, opci\u00f3n de la que se benefician actualmente 39 personas.<\/p>\n","protected":false},"excerpt":{"rendered":"<p>El SAD atiende actualmente en sus hogares a 1.338 personas, de las cuales 39 se benefician del servicio de lavander\u00eda La Junta de Gobierno Local del Ayuntamiento de Pamplona ha&#8230;<\/p>\n","protected":false},"author":1,"featured_media":2063,"comment_status":"closed","ping_status":"open","sticky":false,"template":"","format":"standard","meta":{"footnotes":""},"categories":[2],"tags":[5,6,509,1167,3761,8,9,3762,3763,3764],"class_list":["post-4259","post","type-post","status-publish","format-standard","has-post-thumbnail","hentry","category-ayuntamiento-pamplona","tag-actualidad","tag-ayto-pamplona","tag-ayuntamiento-de-pamplona","tag-junta-de-gobierno-local","tag-lavado-y-planchado","tag-noticias","tag-pamplona","tag-ropa","tag-segunda-prorroga","tag-servicio-de-atencion-a-domicilio"],"yoast_head":"<!-- This site is optimized with the Yoast SEO plugin v27.5 - https:\/\/yoast.com\/product\/yoast-seo-wordpress\/ -->\n<title>La Junta de Gobierno Local aprueba la segunda pr\u00f3rroga del contrato para el lavado y planchado de ropa del Servicio de Atenci\u00f3n a Domicilio<\/title>\n<meta name=\"robots\" content=\"index, follow, max-snippet:-1, max-image-preview:large, max-video-preview:-1\" \/>\n<link rel=\"canonical\" href=\"https:\/\/www.laguiadepamplona.com\/actualidad\/la-junta-de-gobierno-local-aprueba-la-segunda-prorroga-del-contrato-para-el-lavado-y-planchado-de-ropa-del-servicio-de-atencion-a-domicilio\/\" \/>\n<meta property=\"og:locale\" content=\"es_ES\" \/>\n<meta property=\"og:type\" content=\"article\" \/>\n<meta property=\"og:title\" content=\"La Junta de Gobierno Local aprueba la segunda pr\u00f3rroga del contrato para el lavado y planchado de ropa del Servicio de Atenci\u00f3n a Domicilio\" \/>\n<meta property=\"og:description\" content=\"El SAD atiende actualmente en sus hogares a 1.338 personas, de las cuales 39 se benefician del servicio de lavander\u00eda La Junta de Gobierno Local del Ayuntamiento de Pamplona ha...\" \/>\n<meta property=\"og:url\" content=\"https:\/\/www.laguiadepamplona.com\/actualidad\/la-junta-de-gobierno-local-aprueba-la-segunda-prorroga-del-contrato-para-el-lavado-y-planchado-de-ropa-del-servicio-de-atencion-a-domicilio\/\" \/>\n<meta property=\"og:site_name\" content=\"La Gu\u00eda de Pamplona\" \/>\n<meta property=\"article:publisher\" content=\"https:\/\/www.facebook.com\/laguiadepamplonacom-133175176762273\/?ref=hl\" \/>\n<meta property=\"article:published_time\" content=\"2014-12-23T13:29:35+00:00\" \/>\n<meta name=\"author\" content=\"La Gu\u00eda de Pamplona\" \/>\n<meta name=\"twitter:card\" content=\"summary_large_image\" \/>\n<meta name=\"twitter:creator\" content=\"@LaGuiadPamplona\" \/>\n<meta name=\"twitter:site\" content=\"@LaGuiadPamplona\" \/>\n<meta name=\"twitter:label1\" content=\"Escrito por\" \/>\n\t<meta name=\"twitter:data1\" content=\"La Gu\u00eda de Pamplona\" \/>\n\t<meta name=\"twitter:label2\" content=\"Tiempo de lectura\" \/>\n\t<meta name=\"twitter:data2\" content=\"1 minuto\" \/>\n<script type=\"application\/ld+json\" class=\"yoast-schema-graph\">{\"@context\":\"https:\\\/\\\/schema.org\",\"@graph\":[{\"@type\":\"Article\",\"@id\":\"https:\\\/\\\/www.laguiadepamplona.com\\\/actualidad\\\/la-junta-de-gobierno-local-aprueba-la-segunda-prorroga-del-contrato-para-el-lavado-y-planchado-de-ropa-del-servicio-de-atencion-a-domicilio\\\/#article\",\"isPartOf\":{\"@id\":\"https:\\\/\\\/www.laguiadepamplona.com\\\/actualidad\\\/la-junta-de-gobierno-local-aprueba-la-segunda-prorroga-del-contrato-para-el-lavado-y-planchado-de-ropa-del-servicio-de-atencion-a-domicilio\\\/\"},\"author\":{\"name\":\"La Gu\u00eda de Pamplona\",\"@id\":\"https:\\\/\\\/www.laguiadepamplona.com\\\/actualidad\\\/#\\\/schema\\\/person\\\/efe887376f0213d4657c93adc50b1fdb\"},\"headline\":\"La Junta de Gobierno Local aprueba la segunda pr\u00f3rroga del contrato para el lavado y planchado de ropa del Servicio de Atenci\u00f3n a Domicilio\",\"datePublished\":\"2014-12-23T13:29:35+00:00\",\"mainEntityOfPage\":{\"@id\":\"https:\\\/\\\/www.laguiadepamplona.com\\\/actualidad\\\/la-junta-de-gobierno-local-aprueba-la-segunda-prorroga-del-contrato-para-el-lavado-y-planchado-de-ropa-del-servicio-de-atencion-a-domicilio\\\/\"},\"wordCount\":315,\"publisher\":{\"@id\":\"https:\\\/\\\/www.laguiadepamplona.com\\\/actualidad\\\/#organization\"},\"image\":{\"@id\":\"https:\\\/\\\/www.laguiadepamplona.com\\\/actualidad\\\/la-junta-de-gobierno-local-aprueba-la-segunda-prorroga-del-contrato-para-el-lavado-y-planchado-de-ropa-del-servicio-de-atencion-a-domicilio\\\/#primaryimage\"},\"thumbnailUrl\":\"\",\"keywords\":[\"actualidad\",\"ayto pamplona\",\"Ayuntamiento de Pamplona\",\"Junta de Gobierno Local\",\"lavado y planchado\",\"noticias\",\"pamplona\",\"ropa\",\"segunda pr\u00f3rroga\",\"Servicio de Atenci\u00f3n a Domicilio\"],\"articleSection\":[\"Ayto Pamplona\"],\"inLanguage\":\"es\"},{\"@type\":\"WebPage\",\"@id\":\"https:\\\/\\\/www.laguiadepamplona.com\\\/actualidad\\\/la-junta-de-gobierno-local-aprueba-la-segunda-prorroga-del-contrato-para-el-lavado-y-planchado-de-ropa-del-servicio-de-atencion-a-domicilio\\\/\",\"url\":\"https:\\\/\\\/www.laguiadepamplona.com\\\/actualidad\\\/la-junta-de-gobierno-local-aprueba-la-segunda-prorroga-del-contrato-para-el-lavado-y-planchado-de-ropa-del-servicio-de-atencion-a-domicilio\\\/\",\"name\":\"La Junta de Gobierno Local aprueba la segunda pr\u00f3rroga del contrato para el lavado y planchado de ropa del Servicio de Atenci\u00f3n a Domicilio\",\"isPartOf\":{\"@id\":\"https:\\\/\\\/www.laguiadepamplona.com\\\/actualidad\\\/#website\"},\"primaryImageOfPage\":{\"@id\":\"https:\\\/\\\/www.laguiadepamplona.com\\\/actualidad\\\/la-junta-de-gobierno-local-aprueba-la-segunda-prorroga-del-contrato-para-el-lavado-y-planchado-de-ropa-del-servicio-de-atencion-a-domicilio\\\/#primaryimage\"},\"image\":{\"@id\":\"https:\\\/\\\/www.laguiadepamplona.com\\\/actualidad\\\/la-junta-de-gobierno-local-aprueba-la-segunda-prorroga-del-contrato-para-el-lavado-y-planchado-de-ropa-del-servicio-de-atencion-a-domicilio\\\/#primaryimage\"},\"thumbnailUrl\":\"\",\"datePublished\":\"2014-12-23T13:29:35+00:00\",\"breadcrumb\":{\"@id\":\"https:\\\/\\\/www.laguiadepamplona.com\\\/actualidad\\\/la-junta-de-gobierno-local-aprueba-la-segunda-prorroga-del-contrato-para-el-lavado-y-planchado-de-ropa-del-servicio-de-atencion-a-domicilio\\\/#breadcrumb\"},\"inLanguage\":\"es\",\"potentialAction\":[{\"@type\":\"ReadAction\",\"target\":[\"https:\\\/\\\/www.laguiadepamplona.com\\\/actualidad\\\/la-junta-de-gobierno-local-aprueba-la-segunda-prorroga-del-contrato-para-el-lavado-y-planchado-de-ropa-del-servicio-de-atencion-a-domicilio\\\/\"]}]},{\"@type\":\"ImageObject\",\"inLanguage\":\"es\",\"@id\":\"https:\\\/\\\/www.laguiadepamplona.com\\\/actualidad\\\/la-junta-de-gobierno-local-aprueba-la-segunda-prorroga-del-contrato-para-el-lavado-y-planchado-de-ropa-del-servicio-de-atencion-a-domicilio\\\/#primaryimage\",\"url\":\"\",\"contentUrl\":\"\"},{\"@type\":\"BreadcrumbList\",\"@id\":\"https:\\\/\\\/www.laguiadepamplona.com\\\/actualidad\\\/la-junta-de-gobierno-local-aprueba-la-segunda-prorroga-del-contrato-para-el-lavado-y-planchado-de-ropa-del-servicio-de-atencion-a-domicilio\\\/#breadcrumb\",\"itemListElement\":[{\"@type\":\"ListItem\",\"position\":1,\"name\":\"Portada\",\"item\":\"https:\\\/\\\/www.laguiadepamplona.com\\\/actualidad\\\/\"},{\"@type\":\"ListItem\",\"position\":2,\"name\":\"La Junta de Gobierno Local aprueba la segunda pr\u00f3rroga del contrato para el lavado y planchado de ropa del Servicio de Atenci\u00f3n a Domicilio\"}]},{\"@type\":\"WebSite\",\"@id\":\"https:\\\/\\\/www.laguiadepamplona.com\\\/actualidad\\\/#website\",\"url\":\"https:\\\/\\\/www.laguiadepamplona.com\\\/actualidad\\\/\",\"name\":\"La gu\u00eda de Pamplona\",\"description\":\"Noticias de Pamplona\",\"publisher\":{\"@id\":\"https:\\\/\\\/www.laguiadepamplona.com\\\/actualidad\\\/#organization\"},\"potentialAction\":[{\"@type\":\"SearchAction\",\"target\":{\"@type\":\"EntryPoint\",\"urlTemplate\":\"https:\\\/\\\/www.laguiadepamplona.com\\\/actualidad\\\/?s={search_term_string}\"},\"query-input\":{\"@type\":\"PropertyValueSpecification\",\"valueRequired\":true,\"valueName\":\"search_term_string\"}}],\"inLanguage\":\"es\"},{\"@type\":\"Organization\",\"@id\":\"https:\\\/\\\/www.laguiadepamplona.com\\\/actualidad\\\/#organization\",\"name\":\"La Gu\u00eda de Pamplona \\\/ Noticias\",\"url\":\"https:\\\/\\\/www.laguiadepamplona.com\\\/actualidad\\\/\",\"logo\":{\"@type\":\"ImageObject\",\"inLanguage\":\"es\",\"@id\":\"https:\\\/\\\/www.laguiadepamplona.com\\\/actualidad\\\/#\\\/schema\\\/logo\\\/image\\\/\",\"url\":\"https:\\\/\\\/www.laguiadepamplona.com\\\/actualidad\\\/wp-content\\\/uploads\\\/2018\\\/11\\\/logo-laguiadepamplona18-web1.png\",\"contentUrl\":\"https:\\\/\\\/www.laguiadepamplona.com\\\/actualidad\\\/wp-content\\\/uploads\\\/2018\\\/11\\\/logo-laguiadepamplona18-web1.png\",\"width\":600,\"height\":196,\"caption\":\"La Gu\u00eda de Pamplona \\\/ Noticias\"},\"image\":{\"@id\":\"https:\\\/\\\/www.laguiadepamplona.com\\\/actualidad\\\/#\\\/schema\\\/logo\\\/image\\\/\"},\"sameAs\":[\"https:\\\/\\\/www.facebook.com\\\/laguiadepamplonacom-133175176762273\\\/?ref=hl\",\"https:\\\/\\\/x.com\\\/LaGuiadPamplona\",\"https:\\\/\\\/www.instagram.com\\\/la_guia_de_pamplona\\\/\",\"https:\\\/\\\/www.youtube.com\\\/user\\\/laguiadepamplona\"]},{\"@type\":\"Person\",\"@id\":\"https:\\\/\\\/www.laguiadepamplona.com\\\/actualidad\\\/#\\\/schema\\\/person\\\/efe887376f0213d4657c93adc50b1fdb\",\"name\":\"La Gu\u00eda de Pamplona\",\"image\":{\"@type\":\"ImageObject\",\"inLanguage\":\"es\",\"@id\":\"https:\\\/\\\/secure.gravatar.com\\\/avatar\\\/b6992f131dc8d30ab0dff15446e9d346d9dbd95992de0fef795073f5ea83a81c?s=96&d=mm&r=g\",\"url\":\"https:\\\/\\\/secure.gravatar.com\\\/avatar\\\/b6992f131dc8d30ab0dff15446e9d346d9dbd95992de0fef795073f5ea83a81c?s=96&d=mm&r=g\",\"contentUrl\":\"https:\\\/\\\/secure.gravatar.com\\\/avatar\\\/b6992f131dc8d30ab0dff15446e9d346d9dbd95992de0fef795073f5ea83a81c?s=96&d=mm&r=g\",\"caption\":\"La Gu\u00eda de Pamplona\"}}]}<\/script>\n<!-- \/ Yoast SEO plugin. -->","yoast_head_json":{"title":"La Junta de Gobierno Local aprueba la segunda pr\u00f3rroga del contrato para el lavado y planchado de ropa del Servicio de Atenci\u00f3n a Domicilio","robots":{"index":"index","follow":"follow","max-snippet":"max-snippet:-1","max-image-preview":"max-image-preview:large","max-video-preview":"max-video-preview:-1"},"canonical":"https:\/\/www.laguiadepamplona.com\/actualidad\/la-junta-de-gobierno-local-aprueba-la-segunda-prorroga-del-contrato-para-el-lavado-y-planchado-de-ropa-del-servicio-de-atencion-a-domicilio\/","og_locale":"es_ES","og_type":"article","og_title":"La Junta de Gobierno Local aprueba la segunda pr\u00f3rroga del contrato para el lavado y planchado de ropa del Servicio de Atenci\u00f3n a Domicilio","og_description":"El SAD atiende actualmente en sus hogares a 1.338 personas, de las cuales 39 se benefician del servicio de lavander\u00eda La Junta de Gobierno Local del Ayuntamiento de Pamplona ha...","og_url":"https:\/\/www.laguiadepamplona.com\/actualidad\/la-junta-de-gobierno-local-aprueba-la-segunda-prorroga-del-contrato-para-el-lavado-y-planchado-de-ropa-del-servicio-de-atencion-a-domicilio\/","og_site_name":"La Gu\u00eda de Pamplona","article_publisher":"https:\/\/www.facebook.com\/laguiadepamplonacom-133175176762273\/?ref=hl","article_published_time":"2014-12-23T13:29:35+00:00","author":"La Gu\u00eda de Pamplona","twitter_card":"summary_large_image","twitter_creator":"@LaGuiadPamplona","twitter_site":"@LaGuiadPamplona","twitter_misc":{"Escrito por":"La Gu\u00eda de Pamplona","Tiempo de lectura":"1 minuto"},"schema":{"@context":"https:\/\/schema.org","@graph":[{"@type":"Article","@id":"https:\/\/www.laguiadepamplona.com\/actualidad\/la-junta-de-gobierno-local-aprueba-la-segunda-prorroga-del-contrato-para-el-lavado-y-planchado-de-ropa-del-servicio-de-atencion-a-domicilio\/#article","isPartOf":{"@id":"https:\/\/www.laguiadepamplona.com\/actualidad\/la-junta-de-gobierno-local-aprueba-la-segunda-prorroga-del-contrato-para-el-lavado-y-planchado-de-ropa-del-servicio-de-atencion-a-domicilio\/"},"author":{"name":"La Gu\u00eda de Pamplona","@id":"https:\/\/www.laguiadepamplona.com\/actualidad\/#\/schema\/person\/efe887376f0213d4657c93adc50b1fdb"},"headline":"La Junta de Gobierno Local aprueba la segunda pr\u00f3rroga del contrato para el lavado y planchado de ropa del Servicio de Atenci\u00f3n a Domicilio","datePublished":"2014-12-23T13:29:35+00:00","mainEntityOfPage":{"@id":"https:\/\/www.laguiadepamplona.com\/actualidad\/la-junta-de-gobierno-local-aprueba-la-segunda-prorroga-del-contrato-para-el-lavado-y-planchado-de-ropa-del-servicio-de-atencion-a-domicilio\/"},"wordCount":315,"publisher":{"@id":"https:\/\/www.laguiadepamplona.com\/actualidad\/#organization"},"image":{"@id":"https:\/\/www.laguiadepamplona.com\/actualidad\/la-junta-de-gobierno-local-aprueba-la-segunda-prorroga-del-contrato-para-el-lavado-y-planchado-de-ropa-del-servicio-de-atencion-a-domicilio\/#primaryimage"},"thumbnailUrl":"","keywords":["actualidad","ayto pamplona","Ayuntamiento de Pamplona","Junta de Gobierno Local","lavado y planchado","noticias","pamplona","ropa","segunda pr\u00f3rroga","Servicio de Atenci\u00f3n a Domicilio"],"articleSection":["Ayto Pamplona"],"inLanguage":"es"},{"@type":"WebPage","@id":"https:\/\/www.laguiadepamplona.com\/actualidad\/la-junta-de-gobierno-local-aprueba-la-segunda-prorroga-del-contrato-para-el-lavado-y-planchado-de-ropa-del-servicio-de-atencion-a-domicilio\/","url":"https:\/\/www.laguiadepamplona.com\/actualidad\/la-junta-de-gobierno-local-aprueba-la-segunda-prorroga-del-contrato-para-el-lavado-y-planchado-de-ropa-del-servicio-de-atencion-a-domicilio\/","name":"La Junta de Gobierno Local aprueba la segunda pr\u00f3rroga del contrato para el lavado y planchado de ropa del Servicio de Atenci\u00f3n a Domicilio","isPartOf":{"@id":"https:\/\/www.laguiadepamplona.com\/actualidad\/#website"},"primaryImageOfPage":{"@id":"https:\/\/www.laguiadepamplona.com\/actualidad\/la-junta-de-gobierno-local-aprueba-la-segunda-prorroga-del-contrato-para-el-lavado-y-planchado-de-ropa-del-servicio-de-atencion-a-domicilio\/#primaryimage"},"image":{"@id":"https:\/\/www.laguiadepamplona.com\/actualidad\/la-junta-de-gobierno-local-aprueba-la-segunda-prorroga-del-contrato-para-el-lavado-y-planchado-de-ropa-del-servicio-de-atencion-a-domicilio\/#primaryimage"},"thumbnailUrl":"","datePublished":"2014-12-23T13:29:35+00:00","breadcrumb":{"@id":"https:\/\/www.laguiadepamplona.com\/actualidad\/la-junta-de-gobierno-local-aprueba-la-segunda-prorroga-del-contrato-para-el-lavado-y-planchado-de-ropa-del-servicio-de-atencion-a-domicilio\/#breadcrumb"},"inLanguage":"es","potentialAction":[{"@type":"ReadAction","target":["https:\/\/www.laguiadepamplona.com\/actualidad\/la-junta-de-gobierno-local-aprueba-la-segunda-prorroga-del-contrato-para-el-lavado-y-planchado-de-ropa-del-servicio-de-atencion-a-domicilio\/"]}]},{"@type":"ImageObject","inLanguage":"es","@id":"https:\/\/www.laguiadepamplona.com\/actualidad\/la-junta-de-gobierno-local-aprueba-la-segunda-prorroga-del-contrato-para-el-lavado-y-planchado-de-ropa-del-servicio-de-atencion-a-domicilio\/#primaryimage","url":"","contentUrl":""},{"@type":"BreadcrumbList","@id":"https:\/\/www.laguiadepamplona.com\/actualidad\/la-junta-de-gobierno-local-aprueba-la-segunda-prorroga-del-contrato-para-el-lavado-y-planchado-de-ropa-del-servicio-de-atencion-a-domicilio\/#breadcrumb","itemListElement":[{"@type":"ListItem","position":1,"name":"Portada","item":"https:\/\/www.laguiadepamplona.com\/actualidad\/"},{"@type":"ListItem","position":2,"name":"La Junta de Gobierno Local aprueba la segunda pr\u00f3rroga del contrato para el lavado y planchado de ropa del Servicio de Atenci\u00f3n a Domicilio"}]},{"@type":"WebSite","@id":"https:\/\/www.laguiadepamplona.com\/actualidad\/#website","url":"https:\/\/www.laguiadepamplona.com\/actualidad\/","name":"La gu\u00eda de Pamplona","description":"Noticias de Pamplona","publisher":{"@id":"https:\/\/www.laguiadepamplona.com\/actualidad\/#organization"},"potentialAction":[{"@type":"SearchAction","target":{"@type":"EntryPoint","urlTemplate":"https:\/\/www.laguiadepamplona.com\/actualidad\/?s={search_term_string}"},"query-input":{"@type":"PropertyValueSpecification","valueRequired":true,"valueName":"search_term_string"}}],"inLanguage":"es"},{"@type":"Organization","@id":"https:\/\/www.laguiadepamplona.com\/actualidad\/#organization","name":"La Gu\u00eda de Pamplona \/ Noticias","url":"https:\/\/www.laguiadepamplona.com\/actualidad\/","logo":{"@type":"ImageObject","inLanguage":"es","@id":"https:\/\/www.laguiadepamplona.com\/actualidad\/#\/schema\/logo\/image\/","url":"https:\/\/www.laguiadepamplona.com\/actualidad\/wp-content\/uploads\/2018\/11\/logo-laguiadepamplona18-web1.png","contentUrl":"https:\/\/www.laguiadepamplona.com\/actualidad\/wp-content\/uploads\/2018\/11\/logo-laguiadepamplona18-web1.png","width":600,"height":196,"caption":"La Gu\u00eda de Pamplona \/ Noticias"},"image":{"@id":"https:\/\/www.laguiadepamplona.com\/actualidad\/#\/schema\/logo\/image\/"},"sameAs":["https:\/\/www.facebook.com\/laguiadepamplonacom-133175176762273\/?ref=hl","https:\/\/x.com\/LaGuiadPamplona","https:\/\/www.instagram.com\/la_guia_de_pamplona\/","https:\/\/www.youtube.com\/user\/laguiadepamplona"]},{"@type":"Person","@id":"https:\/\/www.laguiadepamplona.com\/actualidad\/#\/schema\/person\/efe887376f0213d4657c93adc50b1fdb","name":"La Gu\u00eda de Pamplona","image":{"@type":"ImageObject","inLanguage":"es","@id":"https:\/\/secure.gravatar.com\/avatar\/b6992f131dc8d30ab0dff15446e9d346d9dbd95992de0fef795073f5ea83a81c?s=96&d=mm&r=g","url":"https:\/\/secure.gravatar.com\/avatar\/b6992f131dc8d30ab0dff15446e9d346d9dbd95992de0fef795073f5ea83a81c?s=96&d=mm&r=g","contentUrl":"https:\/\/secure.gravatar.com\/avatar\/b6992f131dc8d30ab0dff15446e9d346d9dbd95992de0fef795073f5ea83a81c?s=96&d=mm&r=g","caption":"La Gu\u00eda de Pamplona"}}]}},"post_mailing_queue_ids":[],"_links":{"self":[{"href":"https:\/\/www.laguiadepamplona.com\/actualidad\/wp-json\/wp\/v2\/posts\/4259","targetHints":{"allow":["GET"]}}],"collection":[{"href":"https:\/\/www.laguiadepamplona.com\/actualidad\/wp-json\/wp\/v2\/posts"}],"about":[{"href":"https:\/\/www.laguiadepamplona.com\/actualidad\/wp-json\/wp\/v2\/types\/post"}],"author":[{"embeddable":true,"href":"https:\/\/www.laguiadepamplona.com\/actualidad\/wp-json\/wp\/v2\/users\/1"}],"replies":[{"embeddable":true,"href":"https:\/\/www.laguiadepamplona.com\/actualidad\/wp-json\/wp\/v2\/comments?post=4259"}],"version-history":[{"count":0,"href":"https:\/\/www.laguiadepamplona.com\/actualidad\/wp-json\/wp\/v2\/posts\/4259\/revisions"}],"wp:featuredmedia":[{"embeddable":true,"href":"https:\/\/www.laguiadepamplona.com\/actualidad\/wp-json\/"}],"wp:attachment":[{"href":"https:\/\/www.laguiadepamplona.com\/actualidad\/wp-json\/wp\/v2\/media?parent=4259"}],"wp:term":[{"taxonomy":"category","embeddable":true,"href":"https:\/\/www.laguiadepamplona.com\/actualidad\/wp-json\/wp\/v2\/categories?post=4259"},{"taxonomy":"post_tag","embeddable":true,"href":"https:\/\/www.laguiadepamplona.com\/actualidad\/wp-json\/wp\/v2\/tags?post=4259"}],"curies":[{"name":"wp","href":"https:\/\/api.w.org\/{rel}","templated":true}]}}