{"id":42575,"date":"2023-01-13T18:32:41","date_gmt":"2023-01-13T16:32:41","guid":{"rendered":"https:\/\/www.laguiadepamplona.com\/actualidad\/?p=42575"},"modified":"2023-04-11T11:47:24","modified_gmt":"2023-04-11T09:47:24","slug":"el-ayuntamiento-destina-450-000-euros-a-la-convocatoria-de-ayudas-para-el-alquiler-a-familias-en-situacion-de-crisis-o-que-viven-en-infravivienda-o-vivienda-inadecuada","status":"publish","type":"post","link":"https:\/\/www.laguiadepamplona.com\/actualidad\/el-ayuntamiento-destina-450-000-euros-a-la-convocatoria-de-ayudas-para-el-alquiler-a-familias-en-situacion-de-crisis-o-que-viven-en-infravivienda-o-vivienda-inadecuada\/","title":{"rendered":"El Ayuntamiento destina 450.000 euros a la convocatoria de ayudas para el alquiler a familias en situaci\u00f3n de crisis o que viven en infravivienda o vivienda inadecuada"},"content":{"rendered":"<h5>La convocatoria abarca todo el a\u00f1o 2023, siempre que se disponga de presupuesto para atender las solicitudes que se presenten<\/h5>\n<p><!--more--><\/p>\n<p>La convocatoria municipal de ayudas destinadas a regular la subsidiaci\u00f3n de alquileres a familias en situaci\u00f3n de crisis o que viven en infravivienda, vivienda inadecuada y otras situaciones est\u00e1 ya abierta. El Ayuntamiento de Pamplona mantiene este a\u00f1o la dotaci\u00f3n en 450.000 euros, en una convocatoria que busca subvencionar de forma parcial el alquiler la vivienda habitual de determinadas unidades familiares. Las solicitudes se pueden presentar en los registros municipales o en cualquier de los previstos en la ley.<\/p>\n<p>El programa Provivienda es una respuesta espec\u00edfica, de car\u00e1cter temporal, complementario y subsidiario respecto a otras ayudas y subvenciones en materia de vivienda, dentro de un proyecto socioeducativo de inclusi\u00f3n m\u00e1s amplio, ofrecido a familias residentes en Pamplona, con necesidad urgente de vivienda y que se encuentren en circunstancias socioecon\u00f3micas y familiares de vulnerabilidad econ\u00f3mica. El periodo de vigencia de la convocatoria abarca todo el a\u00f1o 2023, siempre que se disponga de cr\u00e9dito presupuestaria para atender las solicitudes que se presenten.<\/p>\n<p>Este objetivo se pretende conseguir mediante la concesi\u00f3n de subvenciones temporales, de hasta un m\u00e1ximo de dos a\u00f1os, que complementen los recursos familiares para hacer frente al alquiler de su vivienda habitual. Las unidades familiares deben encontrarse en una situaci\u00f3n econ\u00f3mica con dificultad para el acceso o mantenimiento de una vivienda, residir en infravivienda o en una vivienda inadecuada y ser usuarias de viviendas municipales para situaciones de emergencia habitacional que agotaron el tiempo m\u00e1ximo de tres a\u00f1os de permanencia en dichas viviendas.<br \/>\n<script async src=\"\/\/pagead2.googlesyndication.com\/pagead\/js\/adsbygoogle.js\"><\/script><br \/>\n<!-- Noticias La Guia de Pamplona --><br \/>\n<ins class=\"adsbygoogle\"\nstyle=\"display:block\"\ndata-ad-client=\"ca-pub-6943679897239327\"\ndata-ad-slot=\"7048180777\"\ndata-ad-format=\"auto\"><\/ins><br \/>\n<script>\n(adsbygoogle = window.adsbygoogle || []).push({});\n<\/script><\/p>\n<p><strong>Requisitos para ser familia beneficiaria<\/strong><\/p>\n<p>Para ser unidad familiar beneficiaria se debe acreditar una situaci\u00f3n de crisis socioecon\u00f3mica que motive la necesidad de apoyo al alquiler de la vivienda en la que la familia reside, que debe estar situada en el t\u00e9rmino municipal de Pamplona. Adem\u00e1s, debe haberse inscrito en el centro de solicitantes de vivienda protegida del Gobierno de Navarra y haber sido previamente solicitantes de acceso a los programas DaVid, Emanzipa u otros programas de similar naturaleza que se convoquen durante 2023.<\/p>\n<p>Las familias solicitantes deben presentar situaciones de infravivienda (chabolismo), viviendas en condiciones no adecuadas, carencia de viviendas, situaciones de hacinamiento o desahucio de familias con menores a su cargo. Se incluyen casos en los que, viviendo en una VPO subvencionada por el Gobierno de Navarra, haya empeorado su situaci\u00f3n econ\u00f3mica y se est\u00e1 en riesgo de perder el derecho a la vivienda por impagos o casos en los que viviendo en una vivienda de alquiler en el mercado libre haya riesgo inminente de p\u00e9rdida por no poder hacer frente al alquiler.<\/p>\n<p>Las familias deben ser usuarias de los servicios sociales en cualquiera de los programas de acompa\u00f1amiento e inclusi\u00f3n social, estar empadronadas en Pamplona con una antig\u00fcedad m\u00ednima de 6 meses y no tener en propiedad o en otro r\u00e9gimen de uso distinto al alquiler de la vivienda habitual ninguna vivienda, con excepci\u00f3n de los casos de infravivienda y hacinamiento. Con las unidades familiares benefactoras se firmar\u00e1 un acuerdo \u2013 compromiso para la aplicaci\u00f3n de una serie de recursos t\u00e9cnicos para que, durante el periodo en que reciban la ayuda, puedan adquirir la capacidad y autonom\u00eda para acceder y mantener una vivienda de manera aut\u00f3noma.<br \/>\n<script async src=\"\/\/pagead2.googlesyndication.com\/pagead\/js\/adsbygoogle.js\"><\/script><br \/>\n<!-- Noticias La Guia de Pamplona --><br \/>\n<ins class=\"adsbygoogle\"\nstyle=\"display:block\"\ndata-ad-client=\"ca-pub-6943679897239327\"\ndata-ad-slot=\"7048180777\"\ndata-ad-format=\"auto\"><\/ins><br \/>\n<script>\n(adsbygoogle = window.adsbygoogle || []).push({});\n<\/script><\/p>\n<p><strong>Prioridad para familias ya beneficiarias y con menores<\/strong><\/p>\n<p>Las ayudas econ\u00f3micas se conceder\u00e1n conforme se vayan presentando las solicitudes y documentaci\u00f3n completa que justifique el cumplimiento de los requisitos para ser beneficiarias y siempre que exista consignaci\u00f3n presupuestaria para abordar la solicitud. Las cantidades a percibir por las unidades familiares se calcular\u00e1n en funci\u00f3n de los ingresos familiares per c\u00e1pita de los \u00faltimos seis, incluido el de la solicitud.<\/p>\n<p>Se priorizar\u00e1 la entrada de aquellas personas beneficiarias que hayan percibido esta ayuda econ\u00f3mica durante el a\u00f1o 2022 para dar continuidad a las intervenciones ya iniciadas, hasta un m\u00e1ximo de permanencia de dos a\u00f1os. Para ello, las personas beneficiarias que vienen recibiendo la subvenci\u00f3n hasta el 31 de diciembre de 2022 deber\u00e1n presentar solicitud de renovaci\u00f3n, el acuerdo compromiso recogido en las bases y acreditar que cumplen los requisitos previstas, as\u00ed como tener justificados los recibos de alquiler que fueron subvencionados en la anterior convocatoria.<\/p>\n<p>En todo caso se considerar\u00e1 que las familias con menores que sean objetivo de intervenci\u00f3n por parte de los servicios sociales municipales como consecuencia de su carencia de alojamiento ostentan prioridad absoluta para beneficiarse de este programa. Excepcionalmente, en el momento de hacerse la solicitud, se podr\u00e1 proponer motivadamente por la comisi\u00f3n t\u00e9cnica de valoraci\u00f3n una ayuda econ\u00f3mica de alquileres de hasta 280 euros mensuales por un periodo no superior a 6 meses sin quedar sujeto a los porcentajes establecidos en estas bases, sin posibilidad de pr\u00f3rroga y sujeto en todo lo dem\u00e1s a lo establecido en la convocatoria.<\/p>\n","protected":false},"excerpt":{"rendered":"<p>La convocatoria abarca todo el a\u00f1o 2023, siempre que se disponga de presupuesto para atender las solicitudes que se presenten<\/p>\n","protected":false},"author":1,"featured_media":42112,"comment_status":"open","ping_status":"closed","sticky":false,"template":"","format":"standard","meta":{"footnotes":""},"categories":[2],"tags":[],"class_list":["post-42575","post","type-post","status-publish","format-standard","has-post-thumbnail","hentry","category-ayuntamiento-pamplona"],"yoast_head":"<!-- This site is optimized with the Yoast SEO plugin v27.5 - https:\/\/yoast.com\/product\/yoast-seo-wordpress\/ -->\n<title>El Ayuntamiento destina 450.000 euros a la convocatoria de ayudas para el alquiler a familias en situaci\u00f3n de crisis o que viven en infravivienda o vivienda inadecuada<\/title>\n<meta name=\"description\" content=\"La convocatoria abarca todo el a\u00f1o 2023, siempre que se disponga de presupuesto para atender las solicitudes que se presenten\" \/>\n<meta name=\"robots\" content=\"index, follow, max-snippet:-1, max-image-preview:large, max-video-preview:-1\" \/>\n<link rel=\"canonical\" href=\"https:\/\/www.laguiadepamplona.com\/actualidad\/el-ayuntamiento-destina-450-000-euros-a-la-convocatoria-de-ayudas-para-el-alquiler-a-familias-en-situacion-de-crisis-o-que-viven-en-infravivienda-o-vivienda-inadecuada\/\" \/>\n<meta property=\"og:locale\" content=\"es_ES\" \/>\n<meta property=\"og:type\" content=\"article\" \/>\n<meta property=\"og:title\" content=\"El Ayuntamiento destina 450.000 euros a la convocatoria de ayudas para el alquiler a familias en situaci\u00f3n de crisis o que viven en infravivienda o vivienda inadecuada\" \/>\n<meta property=\"og:description\" content=\"La convocatoria abarca todo el a\u00f1o 2023, siempre que se disponga de presupuesto para atender las solicitudes que se presenten\" \/>\n<meta property=\"og:url\" content=\"https:\/\/www.laguiadepamplona.com\/actualidad\/el-ayuntamiento-destina-450-000-euros-a-la-convocatoria-de-ayudas-para-el-alquiler-a-familias-en-situacion-de-crisis-o-que-viven-en-infravivienda-o-vivienda-inadecuada\/\" \/>\n<meta property=\"og:site_name\" content=\"La Gu\u00eda de Pamplona\" \/>\n<meta property=\"article:publisher\" content=\"https:\/\/www.facebook.com\/laguiadepamplonacom-133175176762273\/?ref=hl\" \/>\n<meta property=\"article:published_time\" content=\"2023-01-13T16:32:41+00:00\" \/>\n<meta property=\"article:modified_time\" content=\"2023-04-11T09:47:24+00:00\" \/>\n<meta property=\"og:image\" content=\"https:\/\/www.laguiadepamplona.com\/actualidad\/wp-content\/uploads\/2022\/11\/vivienda_01_4.webp\" \/>\n\t<meta property=\"og:image:width\" content=\"1920\" \/>\n\t<meta property=\"og:image:height\" content=\"1280\" \/>\n\t<meta property=\"og:image:type\" content=\"image\/webp\" \/>\n<meta name=\"author\" content=\"La Gu\u00eda de Pamplona\" \/>\n<meta name=\"twitter:card\" content=\"summary_large_image\" \/>\n<meta name=\"twitter:creator\" content=\"@LaGuiadPamplona\" \/>\n<meta name=\"twitter:site\" content=\"@LaGuiadPamplona\" \/>\n<meta name=\"twitter:label1\" content=\"Escrito por\" \/>\n\t<meta name=\"twitter:data1\" content=\"La Gu\u00eda de Pamplona\" \/>\n\t<meta name=\"twitter:label2\" content=\"Tiempo de lectura\" \/>\n\t<meta name=\"twitter:data2\" content=\"4 minutos\" \/>\n<script type=\"application\/ld+json\" class=\"yoast-schema-graph\">{\"@context\":\"https:\\\/\\\/schema.org\",\"@graph\":[{\"@type\":\"Article\",\"@id\":\"https:\\\/\\\/www.laguiadepamplona.com\\\/actualidad\\\/el-ayuntamiento-destina-450-000-euros-a-la-convocatoria-de-ayudas-para-el-alquiler-a-familias-en-situacion-de-crisis-o-que-viven-en-infravivienda-o-vivienda-inadecuada\\\/#article\",\"isPartOf\":{\"@id\":\"https:\\\/\\\/www.laguiadepamplona.com\\\/actualidad\\\/el-ayuntamiento-destina-450-000-euros-a-la-convocatoria-de-ayudas-para-el-alquiler-a-familias-en-situacion-de-crisis-o-que-viven-en-infravivienda-o-vivienda-inadecuada\\\/\"},\"author\":{\"name\":\"La Gu\u00eda de Pamplona\",\"@id\":\"https:\\\/\\\/www.laguiadepamplona.com\\\/actualidad\\\/#\\\/schema\\\/person\\\/efe887376f0213d4657c93adc50b1fdb\"},\"headline\":\"El Ayuntamiento destina 450.000 euros a la convocatoria de ayudas para el alquiler a familias en situaci\u00f3n de crisis o que viven en infravivienda o vivienda inadecuada\",\"datePublished\":\"2023-01-13T16:32:41+00:00\",\"dateModified\":\"2023-04-11T09:47:24+00:00\",\"mainEntityOfPage\":{\"@id\":\"https:\\\/\\\/www.laguiadepamplona.com\\\/actualidad\\\/el-ayuntamiento-destina-450-000-euros-a-la-convocatoria-de-ayudas-para-el-alquiler-a-familias-en-situacion-de-crisis-o-que-viven-en-infravivienda-o-vivienda-inadecuada\\\/\"},\"wordCount\":869,\"commentCount\":0,\"publisher\":{\"@id\":\"https:\\\/\\\/www.laguiadepamplona.com\\\/actualidad\\\/#organization\"},\"image\":{\"@id\":\"https:\\\/\\\/www.laguiadepamplona.com\\\/actualidad\\\/el-ayuntamiento-destina-450-000-euros-a-la-convocatoria-de-ayudas-para-el-alquiler-a-familias-en-situacion-de-crisis-o-que-viven-en-infravivienda-o-vivienda-inadecuada\\\/#primaryimage\"},\"thumbnailUrl\":\"https:\\\/\\\/www.laguiadepamplona.com\\\/actualidad\\\/wp-content\\\/uploads\\\/2022\\\/11\\\/vivienda_01_4.webp\",\"articleSection\":[\"Ayto Pamplona\"],\"inLanguage\":\"es\",\"potentialAction\":[{\"@type\":\"CommentAction\",\"name\":\"Comment\",\"target\":[\"https:\\\/\\\/www.laguiadepamplona.com\\\/actualidad\\\/el-ayuntamiento-destina-450-000-euros-a-la-convocatoria-de-ayudas-para-el-alquiler-a-familias-en-situacion-de-crisis-o-que-viven-en-infravivienda-o-vivienda-inadecuada\\\/#respond\"]}]},{\"@type\":\"WebPage\",\"@id\":\"https:\\\/\\\/www.laguiadepamplona.com\\\/actualidad\\\/el-ayuntamiento-destina-450-000-euros-a-la-convocatoria-de-ayudas-para-el-alquiler-a-familias-en-situacion-de-crisis-o-que-viven-en-infravivienda-o-vivienda-inadecuada\\\/\",\"url\":\"https:\\\/\\\/www.laguiadepamplona.com\\\/actualidad\\\/el-ayuntamiento-destina-450-000-euros-a-la-convocatoria-de-ayudas-para-el-alquiler-a-familias-en-situacion-de-crisis-o-que-viven-en-infravivienda-o-vivienda-inadecuada\\\/\",\"name\":\"El Ayuntamiento destina 450.000 euros a la convocatoria de ayudas para el alquiler a familias en situaci\u00f3n de crisis o que viven en infravivienda o vivienda inadecuada\",\"isPartOf\":{\"@id\":\"https:\\\/\\\/www.laguiadepamplona.com\\\/actualidad\\\/#website\"},\"primaryImageOfPage\":{\"@id\":\"https:\\\/\\\/www.laguiadepamplona.com\\\/actualidad\\\/el-ayuntamiento-destina-450-000-euros-a-la-convocatoria-de-ayudas-para-el-alquiler-a-familias-en-situacion-de-crisis-o-que-viven-en-infravivienda-o-vivienda-inadecuada\\\/#primaryimage\"},\"image\":{\"@id\":\"https:\\\/\\\/www.laguiadepamplona.com\\\/actualidad\\\/el-ayuntamiento-destina-450-000-euros-a-la-convocatoria-de-ayudas-para-el-alquiler-a-familias-en-situacion-de-crisis-o-que-viven-en-infravivienda-o-vivienda-inadecuada\\\/#primaryimage\"},\"thumbnailUrl\":\"https:\\\/\\\/www.laguiadepamplona.com\\\/actualidad\\\/wp-content\\\/uploads\\\/2022\\\/11\\\/vivienda_01_4.webp\",\"datePublished\":\"2023-01-13T16:32:41+00:00\",\"dateModified\":\"2023-04-11T09:47:24+00:00\",\"description\":\"La convocatoria abarca todo el a\u00f1o 2023, siempre que se disponga de presupuesto para atender las solicitudes que se presenten\",\"breadcrumb\":{\"@id\":\"https:\\\/\\\/www.laguiadepamplona.com\\\/actualidad\\\/el-ayuntamiento-destina-450-000-euros-a-la-convocatoria-de-ayudas-para-el-alquiler-a-familias-en-situacion-de-crisis-o-que-viven-en-infravivienda-o-vivienda-inadecuada\\\/#breadcrumb\"},\"inLanguage\":\"es\",\"potentialAction\":[{\"@type\":\"ReadAction\",\"target\":[\"https:\\\/\\\/www.laguiadepamplona.com\\\/actualidad\\\/el-ayuntamiento-destina-450-000-euros-a-la-convocatoria-de-ayudas-para-el-alquiler-a-familias-en-situacion-de-crisis-o-que-viven-en-infravivienda-o-vivienda-inadecuada\\\/\"]}]},{\"@type\":\"ImageObject\",\"inLanguage\":\"es\",\"@id\":\"https:\\\/\\\/www.laguiadepamplona.com\\\/actualidad\\\/el-ayuntamiento-destina-450-000-euros-a-la-convocatoria-de-ayudas-para-el-alquiler-a-familias-en-situacion-de-crisis-o-que-viven-en-infravivienda-o-vivienda-inadecuada\\\/#primaryimage\",\"url\":\"https:\\\/\\\/www.laguiadepamplona.com\\\/actualidad\\\/wp-content\\\/uploads\\\/2022\\\/11\\\/vivienda_01_4.webp\",\"contentUrl\":\"https:\\\/\\\/www.laguiadepamplona.com\\\/actualidad\\\/wp-content\\\/uploads\\\/2022\\\/11\\\/vivienda_01_4.webp\",\"width\":1920,\"height\":1280},{\"@type\":\"BreadcrumbList\",\"@id\":\"https:\\\/\\\/www.laguiadepamplona.com\\\/actualidad\\\/el-ayuntamiento-destina-450-000-euros-a-la-convocatoria-de-ayudas-para-el-alquiler-a-familias-en-situacion-de-crisis-o-que-viven-en-infravivienda-o-vivienda-inadecuada\\\/#breadcrumb\",\"itemListElement\":[{\"@type\":\"ListItem\",\"position\":1,\"name\":\"Portada\",\"item\":\"https:\\\/\\\/www.laguiadepamplona.com\\\/actualidad\\\/\"},{\"@type\":\"ListItem\",\"position\":2,\"name\":\"El Ayuntamiento destina 450.000 euros a la convocatoria de ayudas para el alquiler a familias en situaci\u00f3n de crisis o que viven en infravivienda o vivienda inadecuada\"}]},{\"@type\":\"WebSite\",\"@id\":\"https:\\\/\\\/www.laguiadepamplona.com\\\/actualidad\\\/#website\",\"url\":\"https:\\\/\\\/www.laguiadepamplona.com\\\/actualidad\\\/\",\"name\":\"La gu\u00eda de Pamplona\",\"description\":\"Noticias de Pamplona\",\"publisher\":{\"@id\":\"https:\\\/\\\/www.laguiadepamplona.com\\\/actualidad\\\/#organization\"},\"potentialAction\":[{\"@type\":\"SearchAction\",\"target\":{\"@type\":\"EntryPoint\",\"urlTemplate\":\"https:\\\/\\\/www.laguiadepamplona.com\\\/actualidad\\\/?s={search_term_string}\"},\"query-input\":{\"@type\":\"PropertyValueSpecification\",\"valueRequired\":true,\"valueName\":\"search_term_string\"}}],\"inLanguage\":\"es\"},{\"@type\":\"Organization\",\"@id\":\"https:\\\/\\\/www.laguiadepamplona.com\\\/actualidad\\\/#organization\",\"name\":\"La Gu\u00eda de Pamplona \\\/ Noticias\",\"url\":\"https:\\\/\\\/www.laguiadepamplona.com\\\/actualidad\\\/\",\"logo\":{\"@type\":\"ImageObject\",\"inLanguage\":\"es\",\"@id\":\"https:\\\/\\\/www.laguiadepamplona.com\\\/actualidad\\\/#\\\/schema\\\/logo\\\/image\\\/\",\"url\":\"https:\\\/\\\/www.laguiadepamplona.com\\\/actualidad\\\/wp-content\\\/uploads\\\/2018\\\/11\\\/logo-laguiadepamplona18-web1.png\",\"contentUrl\":\"https:\\\/\\\/www.laguiadepamplona.com\\\/actualidad\\\/wp-content\\\/uploads\\\/2018\\\/11\\\/logo-laguiadepamplona18-web1.png\",\"width\":600,\"height\":196,\"caption\":\"La Gu\u00eda de Pamplona \\\/ Noticias\"},\"image\":{\"@id\":\"https:\\\/\\\/www.laguiadepamplona.com\\\/actualidad\\\/#\\\/schema\\\/logo\\\/image\\\/\"},\"sameAs\":[\"https:\\\/\\\/www.facebook.com\\\/laguiadepamplonacom-133175176762273\\\/?ref=hl\",\"https:\\\/\\\/x.com\\\/LaGuiadPamplona\",\"https:\\\/\\\/www.instagram.com\\\/la_guia_de_pamplona\\\/\",\"https:\\\/\\\/www.youtube.com\\\/user\\\/laguiadepamplona\"]},{\"@type\":\"Person\",\"@id\":\"https:\\\/\\\/www.laguiadepamplona.com\\\/actualidad\\\/#\\\/schema\\\/person\\\/efe887376f0213d4657c93adc50b1fdb\",\"name\":\"La Gu\u00eda de Pamplona\",\"image\":{\"@type\":\"ImageObject\",\"inLanguage\":\"es\",\"@id\":\"https:\\\/\\\/secure.gravatar.com\\\/avatar\\\/b6992f131dc8d30ab0dff15446e9d346d9dbd95992de0fef795073f5ea83a81c?s=96&d=mm&r=g\",\"url\":\"https:\\\/\\\/secure.gravatar.com\\\/avatar\\\/b6992f131dc8d30ab0dff15446e9d346d9dbd95992de0fef795073f5ea83a81c?s=96&d=mm&r=g\",\"contentUrl\":\"https:\\\/\\\/secure.gravatar.com\\\/avatar\\\/b6992f131dc8d30ab0dff15446e9d346d9dbd95992de0fef795073f5ea83a81c?s=96&d=mm&r=g\",\"caption\":\"La Gu\u00eda de Pamplona\"}}]}<\/script>\n<!-- \/ Yoast SEO plugin. -->","yoast_head_json":{"title":"El Ayuntamiento destina 450.000 euros a la convocatoria de ayudas para el alquiler a familias en situaci\u00f3n de crisis o que viven en infravivienda o vivienda inadecuada","description":"La convocatoria abarca todo el a\u00f1o 2023, siempre que se disponga de presupuesto para atender las solicitudes que se presenten","robots":{"index":"index","follow":"follow","max-snippet":"max-snippet:-1","max-image-preview":"max-image-preview:large","max-video-preview":"max-video-preview:-1"},"canonical":"https:\/\/www.laguiadepamplona.com\/actualidad\/el-ayuntamiento-destina-450-000-euros-a-la-convocatoria-de-ayudas-para-el-alquiler-a-familias-en-situacion-de-crisis-o-que-viven-en-infravivienda-o-vivienda-inadecuada\/","og_locale":"es_ES","og_type":"article","og_title":"El Ayuntamiento destina 450.000 euros a la convocatoria de ayudas para el alquiler a familias en situaci\u00f3n de crisis o que viven en infravivienda o vivienda inadecuada","og_description":"La convocatoria abarca todo el a\u00f1o 2023, siempre que se disponga de presupuesto para atender las solicitudes que se presenten","og_url":"https:\/\/www.laguiadepamplona.com\/actualidad\/el-ayuntamiento-destina-450-000-euros-a-la-convocatoria-de-ayudas-para-el-alquiler-a-familias-en-situacion-de-crisis-o-que-viven-en-infravivienda-o-vivienda-inadecuada\/","og_site_name":"La Gu\u00eda de Pamplona","article_publisher":"https:\/\/www.facebook.com\/laguiadepamplonacom-133175176762273\/?ref=hl","article_published_time":"2023-01-13T16:32:41+00:00","article_modified_time":"2023-04-11T09:47:24+00:00","og_image":[{"width":1920,"height":1280,"url":"https:\/\/www.laguiadepamplona.com\/actualidad\/wp-content\/uploads\/2022\/11\/vivienda_01_4.webp","type":"image\/webp"}],"author":"La Gu\u00eda de Pamplona","twitter_card":"summary_large_image","twitter_creator":"@LaGuiadPamplona","twitter_site":"@LaGuiadPamplona","twitter_misc":{"Escrito por":"La Gu\u00eda de Pamplona","Tiempo de lectura":"4 minutos"},"schema":{"@context":"https:\/\/schema.org","@graph":[{"@type":"Article","@id":"https:\/\/www.laguiadepamplona.com\/actualidad\/el-ayuntamiento-destina-450-000-euros-a-la-convocatoria-de-ayudas-para-el-alquiler-a-familias-en-situacion-de-crisis-o-que-viven-en-infravivienda-o-vivienda-inadecuada\/#article","isPartOf":{"@id":"https:\/\/www.laguiadepamplona.com\/actualidad\/el-ayuntamiento-destina-450-000-euros-a-la-convocatoria-de-ayudas-para-el-alquiler-a-familias-en-situacion-de-crisis-o-que-viven-en-infravivienda-o-vivienda-inadecuada\/"},"author":{"name":"La Gu\u00eda de Pamplona","@id":"https:\/\/www.laguiadepamplona.com\/actualidad\/#\/schema\/person\/efe887376f0213d4657c93adc50b1fdb"},"headline":"El Ayuntamiento destina 450.000 euros a la convocatoria de ayudas para el alquiler a familias en situaci\u00f3n de crisis o que viven en infravivienda o vivienda inadecuada","datePublished":"2023-01-13T16:32:41+00:00","dateModified":"2023-04-11T09:47:24+00:00","mainEntityOfPage":{"@id":"https:\/\/www.laguiadepamplona.com\/actualidad\/el-ayuntamiento-destina-450-000-euros-a-la-convocatoria-de-ayudas-para-el-alquiler-a-familias-en-situacion-de-crisis-o-que-viven-en-infravivienda-o-vivienda-inadecuada\/"},"wordCount":869,"commentCount":0,"publisher":{"@id":"https:\/\/www.laguiadepamplona.com\/actualidad\/#organization"},"image":{"@id":"https:\/\/www.laguiadepamplona.com\/actualidad\/el-ayuntamiento-destina-450-000-euros-a-la-convocatoria-de-ayudas-para-el-alquiler-a-familias-en-situacion-de-crisis-o-que-viven-en-infravivienda-o-vivienda-inadecuada\/#primaryimage"},"thumbnailUrl":"https:\/\/www.laguiadepamplona.com\/actualidad\/wp-content\/uploads\/2022\/11\/vivienda_01_4.webp","articleSection":["Ayto Pamplona"],"inLanguage":"es","potentialAction":[{"@type":"CommentAction","name":"Comment","target":["https:\/\/www.laguiadepamplona.com\/actualidad\/el-ayuntamiento-destina-450-000-euros-a-la-convocatoria-de-ayudas-para-el-alquiler-a-familias-en-situacion-de-crisis-o-que-viven-en-infravivienda-o-vivienda-inadecuada\/#respond"]}]},{"@type":"WebPage","@id":"https:\/\/www.laguiadepamplona.com\/actualidad\/el-ayuntamiento-destina-450-000-euros-a-la-convocatoria-de-ayudas-para-el-alquiler-a-familias-en-situacion-de-crisis-o-que-viven-en-infravivienda-o-vivienda-inadecuada\/","url":"https:\/\/www.laguiadepamplona.com\/actualidad\/el-ayuntamiento-destina-450-000-euros-a-la-convocatoria-de-ayudas-para-el-alquiler-a-familias-en-situacion-de-crisis-o-que-viven-en-infravivienda-o-vivienda-inadecuada\/","name":"El Ayuntamiento destina 450.000 euros a la convocatoria de ayudas para el alquiler a familias en situaci\u00f3n de crisis o que viven en infravivienda o vivienda inadecuada","isPartOf":{"@id":"https:\/\/www.laguiadepamplona.com\/actualidad\/#website"},"primaryImageOfPage":{"@id":"https:\/\/www.laguiadepamplona.com\/actualidad\/el-ayuntamiento-destina-450-000-euros-a-la-convocatoria-de-ayudas-para-el-alquiler-a-familias-en-situacion-de-crisis-o-que-viven-en-infravivienda-o-vivienda-inadecuada\/#primaryimage"},"image":{"@id":"https:\/\/www.laguiadepamplona.com\/actualidad\/el-ayuntamiento-destina-450-000-euros-a-la-convocatoria-de-ayudas-para-el-alquiler-a-familias-en-situacion-de-crisis-o-que-viven-en-infravivienda-o-vivienda-inadecuada\/#primaryimage"},"thumbnailUrl":"https:\/\/www.laguiadepamplona.com\/actualidad\/wp-content\/uploads\/2022\/11\/vivienda_01_4.webp","datePublished":"2023-01-13T16:32:41+00:00","dateModified":"2023-04-11T09:47:24+00:00","description":"La convocatoria abarca todo el a\u00f1o 2023, siempre que se disponga de presupuesto para atender las solicitudes que se presenten","breadcrumb":{"@id":"https:\/\/www.laguiadepamplona.com\/actualidad\/el-ayuntamiento-destina-450-000-euros-a-la-convocatoria-de-ayudas-para-el-alquiler-a-familias-en-situacion-de-crisis-o-que-viven-en-infravivienda-o-vivienda-inadecuada\/#breadcrumb"},"inLanguage":"es","potentialAction":[{"@type":"ReadAction","target":["https:\/\/www.laguiadepamplona.com\/actualidad\/el-ayuntamiento-destina-450-000-euros-a-la-convocatoria-de-ayudas-para-el-alquiler-a-familias-en-situacion-de-crisis-o-que-viven-en-infravivienda-o-vivienda-inadecuada\/"]}]},{"@type":"ImageObject","inLanguage":"es","@id":"https:\/\/www.laguiadepamplona.com\/actualidad\/el-ayuntamiento-destina-450-000-euros-a-la-convocatoria-de-ayudas-para-el-alquiler-a-familias-en-situacion-de-crisis-o-que-viven-en-infravivienda-o-vivienda-inadecuada\/#primaryimage","url":"https:\/\/www.laguiadepamplona.com\/actualidad\/wp-content\/uploads\/2022\/11\/vivienda_01_4.webp","contentUrl":"https:\/\/www.laguiadepamplona.com\/actualidad\/wp-content\/uploads\/2022\/11\/vivienda_01_4.webp","width":1920,"height":1280},{"@type":"BreadcrumbList","@id":"https:\/\/www.laguiadepamplona.com\/actualidad\/el-ayuntamiento-destina-450-000-euros-a-la-convocatoria-de-ayudas-para-el-alquiler-a-familias-en-situacion-de-crisis-o-que-viven-en-infravivienda-o-vivienda-inadecuada\/#breadcrumb","itemListElement":[{"@type":"ListItem","position":1,"name":"Portada","item":"https:\/\/www.laguiadepamplona.com\/actualidad\/"},{"@type":"ListItem","position":2,"name":"El Ayuntamiento destina 450.000 euros a la convocatoria de ayudas para el alquiler a familias en situaci\u00f3n de crisis o que viven en infravivienda o vivienda inadecuada"}]},{"@type":"WebSite","@id":"https:\/\/www.laguiadepamplona.com\/actualidad\/#website","url":"https:\/\/www.laguiadepamplona.com\/actualidad\/","name":"La gu\u00eda de Pamplona","description":"Noticias de Pamplona","publisher":{"@id":"https:\/\/www.laguiadepamplona.com\/actualidad\/#organization"},"potentialAction":[{"@type":"SearchAction","target":{"@type":"EntryPoint","urlTemplate":"https:\/\/www.laguiadepamplona.com\/actualidad\/?s={search_term_string}"},"query-input":{"@type":"PropertyValueSpecification","valueRequired":true,"valueName":"search_term_string"}}],"inLanguage":"es"},{"@type":"Organization","@id":"https:\/\/www.laguiadepamplona.com\/actualidad\/#organization","name":"La Gu\u00eda de Pamplona \/ Noticias","url":"https:\/\/www.laguiadepamplona.com\/actualidad\/","logo":{"@type":"ImageObject","inLanguage":"es","@id":"https:\/\/www.laguiadepamplona.com\/actualidad\/#\/schema\/logo\/image\/","url":"https:\/\/www.laguiadepamplona.com\/actualidad\/wp-content\/uploads\/2018\/11\/logo-laguiadepamplona18-web1.png","contentUrl":"https:\/\/www.laguiadepamplona.com\/actualidad\/wp-content\/uploads\/2018\/11\/logo-laguiadepamplona18-web1.png","width":600,"height":196,"caption":"La Gu\u00eda de Pamplona \/ Noticias"},"image":{"@id":"https:\/\/www.laguiadepamplona.com\/actualidad\/#\/schema\/logo\/image\/"},"sameAs":["https:\/\/www.facebook.com\/laguiadepamplonacom-133175176762273\/?ref=hl","https:\/\/x.com\/LaGuiadPamplona","https:\/\/www.instagram.com\/la_guia_de_pamplona\/","https:\/\/www.youtube.com\/user\/laguiadepamplona"]},{"@type":"Person","@id":"https:\/\/www.laguiadepamplona.com\/actualidad\/#\/schema\/person\/efe887376f0213d4657c93adc50b1fdb","name":"La Gu\u00eda de Pamplona","image":{"@type":"ImageObject","inLanguage":"es","@id":"https:\/\/secure.gravatar.com\/avatar\/b6992f131dc8d30ab0dff15446e9d346d9dbd95992de0fef795073f5ea83a81c?s=96&d=mm&r=g","url":"https:\/\/secure.gravatar.com\/avatar\/b6992f131dc8d30ab0dff15446e9d346d9dbd95992de0fef795073f5ea83a81c?s=96&d=mm&r=g","contentUrl":"https:\/\/secure.gravatar.com\/avatar\/b6992f131dc8d30ab0dff15446e9d346d9dbd95992de0fef795073f5ea83a81c?s=96&d=mm&r=g","caption":"La Gu\u00eda de Pamplona"}}]}},"post_mailing_queue_ids":[],"_links":{"self":[{"href":"https:\/\/www.laguiadepamplona.com\/actualidad\/wp-json\/wp\/v2\/posts\/42575","targetHints":{"allow":["GET"]}}],"collection":[{"href":"https:\/\/www.laguiadepamplona.com\/actualidad\/wp-json\/wp\/v2\/posts"}],"about":[{"href":"https:\/\/www.laguiadepamplona.com\/actualidad\/wp-json\/wp\/v2\/types\/post"}],"author":[{"embeddable":true,"href":"https:\/\/www.laguiadepamplona.com\/actualidad\/wp-json\/wp\/v2\/users\/1"}],"replies":[{"embeddable":true,"href":"https:\/\/www.laguiadepamplona.com\/actualidad\/wp-json\/wp\/v2\/comments?post=42575"}],"version-history":[{"count":0,"href":"https:\/\/www.laguiadepamplona.com\/actualidad\/wp-json\/wp\/v2\/posts\/42575\/revisions"}],"wp:featuredmedia":[{"embeddable":true,"href":"https:\/\/www.laguiadepamplona.com\/actualidad\/wp-json\/wp\/v2\/media\/42112"}],"wp:attachment":[{"href":"https:\/\/www.laguiadepamplona.com\/actualidad\/wp-json\/wp\/v2\/media?parent=42575"}],"wp:term":[{"taxonomy":"category","embeddable":true,"href":"https:\/\/www.laguiadepamplona.com\/actualidad\/wp-json\/wp\/v2\/categories?post=42575"},{"taxonomy":"post_tag","embeddable":true,"href":"https:\/\/www.laguiadepamplona.com\/actualidad\/wp-json\/wp\/v2\/tags?post=42575"}],"curies":[{"name":"wp","href":"https:\/\/api.w.org\/{rel}","templated":true}]}}