{"id":42572,"date":"2023-01-13T13:48:12","date_gmt":"2023-01-13T11:48:12","guid":{"rendered":"https:\/\/www.laguiadepamplona.com\/actualidad\/?p=42572"},"modified":"2023-04-11T11:47:25","modified_gmt":"2023-04-11T09:47:25","slug":"este-lunes-se-abren-las-inscripciones-para-el-taller-gratuito-cuidando-a-quienes-cuidan-que-apoya-a-cuidadores-no-profesionales-de-familiares-mayores-o-dependientes","status":"publish","type":"post","link":"https:\/\/www.laguiadepamplona.com\/actualidad\/este-lunes-se-abren-las-inscripciones-para-el-taller-gratuito-cuidando-a-quienes-cuidan-que-apoya-a-cuidadores-no-profesionales-de-familiares-mayores-o-dependientes\/","title":{"rendered":"Este lunes se abren las inscripciones para el taller gratuito \u2018Cuidando a quienes cuidan\u2019, que apoya a cuidadores no profesionales de familiares mayores o dependientes"},"content":{"rendered":"<h5>Las inscripciones se cubren por orden de llamada al 010 (948420100), que tambi\u00e9n ofrecer\u00e1 tres talleres de apoyo emocional para personas mayores<\/h5>\n<p><!--more--><\/p>\n<p>Las inscripciones para una nueva edici\u00f3n del taller gratuito \u2018Cuidando a quienes cuidan\u2019 se abren este lunes, d\u00eda 16. Este taller ofrece apoyo a personas cuidadoras de familiares mayores o dependientes, no profesionales. El taller consta de 10 horas, en horario de 16.30 a 18.30, los jueves 16 y 23 de febrero y 2, 9 y 16 de marzo, en el Centro San Juan Bosco de Iturrama. Para inscribirse, las personas interesadas deben llamar al tel\u00e9fono de Atenci\u00f3n Ciudadana 010 (948420100), donde se completan las plazas por orden de llamada, con preferencia para las personas empadronadas en Pamplona.<\/p>\n<p>En este taller se trabajar\u00e1n las emociones que surgen cuando se atiende a un familiar de edad avanzada, c\u00f3mo controlar el estr\u00e9s mediante t\u00e9cnicas de relajaci\u00f3n, la gesti\u00f3n de los conflictos familiares que surgen ante el cuidado, opciones para organizarse mejor y sobrellevar las cargas que conlleva el cuidado y habilidades comunicativas. El objetivo es prevenir e intervenir en la situaci\u00f3n de sobrecarga de la persona cuidadora.<br \/>\n<script async src=\"\/\/pagead2.googlesyndication.com\/pagead\/js\/adsbygoogle.js\"><\/script><br \/>\n<!-- Noticias La Guia de Pamplona --><br \/>\n<ins class=\"adsbygoogle\"\nstyle=\"display:block\"\ndata-ad-client=\"ca-pub-6943679897239327\"\ndata-ad-slot=\"7048180777\"\ndata-ad-format=\"auto\"><\/ins><br \/>\n<script>\n(adsbygoogle = window.adsbygoogle || []).push({});\n<\/script><\/p>\n<p>Tambi\u00e9n dentro de la estrategia \u2018Pamplona te cuida\u2019, que aglutina la oferta de actividades, servicios y prestaciones municipales dirigidas a personas mayores de 65 a\u00f1os, a partir del martes 17 se inician las inscripciones para los talleres gratuitos \u2018Trabajar el bienestar personal\u2019, \u2018Entender la depresi\u00f3n\u2019 y \u2018Mejorar la comunicaci\u00f3n interpersonal\u2019. Las inscripciones se realizan llamando al tel\u00e9fono 94824 30 40 y las plazas se adjudican por orden de llamada. Todos los talleres son por la ma\u00f1ana, en horario de 10 a 12.<\/p>\n<p>El taller \u2018Trabajar el bienestar personal\u2019 aborda el autocuidado personal, buscando mejorar el trato hacia la propia persona y afrontar los pensamientos limitantes. Esta iniciativa tambi\u00e9n incide en las relaciones sociales saludables y c\u00f3mo aportar a la sociedad a partir de las experiencias de cada persona. \u2018Entender la depresi\u00f3n\u2019 intenta prevenir este trastorno y aportar medios de sobrellevarlo una vez que aparece, trabajando los pensamientos ante situaciones complicadas y la influencia del entorno social. El tercer taller, \u2018Mejorar la comunicaci\u00f3n interpersonal\u2019, se centra en reforzar las formas de comunicaci\u00f3n de cada persona, c\u00f3mo entender y hacerse entender, y la importancia del lenguaje no verbal.<\/p>\n<p>Todos estos talleres est\u00e1n organizados por el Ayuntamiento de Pamplona en colaboraci\u00f3n con el Gobierno de Navarra.<br \/>\n<script async src=\"\/\/pagead2.googlesyndication.com\/pagead\/js\/adsbygoogle.js\"><\/script><br \/>\n<!-- Noticias La Guia de Pamplona --><br \/>\n<ins class=\"adsbygoogle\"\nstyle=\"display:block\"\ndata-ad-client=\"ca-pub-6943679897239327\"\ndata-ad-slot=\"7048180777\"\ndata-ad-format=\"auto\"><\/ins><br \/>\n<script>\n(adsbygoogle = window.adsbygoogle || []).push({});\n<\/script><\/p>\n<p>&nbsp;<\/p>\n<h3>Talleres Gratuitos \u2018Pamplona Te Cuida\u2019<\/h3>\n<ul>\n<li>\u2018Cuidando a quienes cuidan\u2019\n<ul>\n<li>Fechas: 16 y 23 de febrero, y 2, 9 y 16 de marzo (jueves)<\/li>\n<li>Horario: 16.30 a 18.30<\/li>\n<li>Lugar: Centro San Juan Bosco (calle San Juan Bosco 15)<\/li>\n<\/ul>\n<\/li>\n<li>\u2018Trabajar el bienestar personal\u2019\n<ul>\n<li>Fechas: 31 de enero, 7, 14 y 21 de febrero (martes)<\/li>\n<li>Horario: 10 a 12 horas<\/li>\n<li>Lugar: Local Intergeneracional de Santa Mar\u00eda la Real (calle Mutilva Baja 19)<\/li>\n<\/ul>\n<\/li>\n<li>\u2018Entender la depresi\u00f3n\u2019\n<ul>\n<li>Fechas: 6, 13, 20 y 27 de febrero (lunes)<\/li>\n<li>Horario: 10 a 12 horas<\/li>\n<li>Lugar: Centro San Juan Bosco (calle San Juan Bosco 15)<\/li>\n<\/ul>\n<\/li>\n<li>\u2018Mejorar la comunicaci\u00f3n interpersonal\u2019\n<ul>\n<li>Fechas: 7, 14, 21 y 28 de febrero (martes)<\/li>\n<li>Horario: 10 a 12 horas<\/li>\n<li>Lugar: Civivox Jus La Rocha (Paseo de los Enamorados 37)<\/li>\n<\/ul>\n<\/li>\n<\/ul>\n","protected":false},"excerpt":{"rendered":"<p>Las inscripciones se cubren por orden de llamada al 010 (948420100), que tambi\u00e9n ofrecer\u00e1 tres talleres de apoyo emocional para personas mayores<\/p>\n","protected":false},"author":1,"featured_media":42573,"comment_status":"open","ping_status":"closed","sticky":false,"template":"","format":"standard","meta":{"footnotes":""},"categories":[2],"tags":[],"class_list":["post-42572","post","type-post","status-publish","format-standard","has-post-thumbnail","hentry","category-ayuntamiento-pamplona"],"yoast_head":"<!-- This site is optimized with the Yoast SEO plugin v27.3 - https:\/\/yoast.com\/product\/yoast-seo-wordpress\/ -->\n<title>Este lunes se abren las inscripciones para el taller gratuito \u2018Cuidando a quienes cuidan\u2019, que apoya a cuidadores no profesionales de familiares mayores o dependientes<\/title>\n<meta name=\"description\" content=\"Las inscripciones se cubren por orden de llamada al 010 (948420100), que tambi\u00e9n ofrecer\u00e1 tres talleres de apoyo emocional para personas mayores\" \/>\n<meta name=\"robots\" content=\"index, follow, max-snippet:-1, max-image-preview:large, max-video-preview:-1\" \/>\n<link rel=\"canonical\" href=\"https:\/\/www.laguiadepamplona.com\/actualidad\/este-lunes-se-abren-las-inscripciones-para-el-taller-gratuito-cuidando-a-quienes-cuidan-que-apoya-a-cuidadores-no-profesionales-de-familiares-mayores-o-dependientes\/\" \/>\n<meta property=\"og:locale\" content=\"es_ES\" \/>\n<meta property=\"og:type\" content=\"article\" \/>\n<meta property=\"og:title\" content=\"Este lunes se abren las inscripciones para el taller gratuito \u2018Cuidando a quienes cuidan\u2019, que apoya a cuidadores no profesionales de familiares mayores o dependientes\" \/>\n<meta property=\"og:description\" content=\"Las inscripciones se cubren por orden de llamada al 010 (948420100), que tambi\u00e9n ofrecer\u00e1 tres talleres de apoyo emocional para personas mayores\" \/>\n<meta property=\"og:url\" content=\"https:\/\/www.laguiadepamplona.com\/actualidad\/este-lunes-se-abren-las-inscripciones-para-el-taller-gratuito-cuidando-a-quienes-cuidan-que-apoya-a-cuidadores-no-profesionales-de-familiares-mayores-o-dependientes\/\" \/>\n<meta property=\"og:site_name\" content=\"La Gu\u00eda de Pamplona\" \/>\n<meta property=\"article:publisher\" content=\"https:\/\/www.facebook.com\/laguiadepamplonacom-133175176762273\/?ref=hl\" \/>\n<meta property=\"article:published_time\" content=\"2023-01-13T11:48:12+00:00\" \/>\n<meta property=\"article:modified_time\" content=\"2023-04-11T09:47:25+00:00\" \/>\n<meta property=\"og:image\" content=\"https:\/\/www.laguiadepamplona.com\/actualidad\/wp-content\/uploads\/2023\/01\/CUIDADOS-2023.webp\" \/>\n\t<meta property=\"og:image:width\" content=\"877\" \/>\n\t<meta property=\"og:image:height\" content=\"645\" \/>\n\t<meta property=\"og:image:type\" content=\"image\/webp\" \/>\n<meta name=\"author\" content=\"La Gu\u00eda de Pamplona\" \/>\n<meta name=\"twitter:card\" content=\"summary_large_image\" \/>\n<meta name=\"twitter:creator\" content=\"@LaGuiadPamplona\" \/>\n<meta name=\"twitter:site\" content=\"@LaGuiadPamplona\" \/>\n<meta name=\"twitter:label1\" content=\"Escrito por\" \/>\n\t<meta name=\"twitter:data1\" content=\"La Gu\u00eda de Pamplona\" \/>\n\t<meta name=\"twitter:label2\" content=\"Tiempo de lectura\" \/>\n\t<meta name=\"twitter:data2\" content=\"3 minutos\" \/>\n<script type=\"application\/ld+json\" class=\"yoast-schema-graph\">{\"@context\":\"https:\\\/\\\/schema.org\",\"@graph\":[{\"@type\":\"Article\",\"@id\":\"https:\\\/\\\/www.laguiadepamplona.com\\\/actualidad\\\/este-lunes-se-abren-las-inscripciones-para-el-taller-gratuito-cuidando-a-quienes-cuidan-que-apoya-a-cuidadores-no-profesionales-de-familiares-mayores-o-dependientes\\\/#article\",\"isPartOf\":{\"@id\":\"https:\\\/\\\/www.laguiadepamplona.com\\\/actualidad\\\/este-lunes-se-abren-las-inscripciones-para-el-taller-gratuito-cuidando-a-quienes-cuidan-que-apoya-a-cuidadores-no-profesionales-de-familiares-mayores-o-dependientes\\\/\"},\"author\":{\"name\":\"La Gu\u00eda de Pamplona\",\"@id\":\"https:\\\/\\\/www.laguiadepamplona.com\\\/actualidad\\\/#\\\/schema\\\/person\\\/efe887376f0213d4657c93adc50b1fdb\"},\"headline\":\"Este lunes se abren las inscripciones para el taller gratuito \u2018Cuidando a quienes cuidan\u2019, que apoya a cuidadores no profesionales de familiares mayores o dependientes\",\"datePublished\":\"2023-01-13T11:48:12+00:00\",\"dateModified\":\"2023-04-11T09:47:25+00:00\",\"mainEntityOfPage\":{\"@id\":\"https:\\\/\\\/www.laguiadepamplona.com\\\/actualidad\\\/este-lunes-se-abren-las-inscripciones-para-el-taller-gratuito-cuidando-a-quienes-cuidan-que-apoya-a-cuidadores-no-profesionales-de-familiares-mayores-o-dependientes\\\/\"},\"wordCount\":520,\"commentCount\":0,\"publisher\":{\"@id\":\"https:\\\/\\\/www.laguiadepamplona.com\\\/actualidad\\\/#organization\"},\"image\":{\"@id\":\"https:\\\/\\\/www.laguiadepamplona.com\\\/actualidad\\\/este-lunes-se-abren-las-inscripciones-para-el-taller-gratuito-cuidando-a-quienes-cuidan-que-apoya-a-cuidadores-no-profesionales-de-familiares-mayores-o-dependientes\\\/#primaryimage\"},\"thumbnailUrl\":\"https:\\\/\\\/www.laguiadepamplona.com\\\/actualidad\\\/wp-content\\\/uploads\\\/2023\\\/01\\\/CUIDADOS-2023.webp\",\"articleSection\":[\"Ayto Pamplona\"],\"inLanguage\":\"es\",\"potentialAction\":[{\"@type\":\"CommentAction\",\"name\":\"Comment\",\"target\":[\"https:\\\/\\\/www.laguiadepamplona.com\\\/actualidad\\\/este-lunes-se-abren-las-inscripciones-para-el-taller-gratuito-cuidando-a-quienes-cuidan-que-apoya-a-cuidadores-no-profesionales-de-familiares-mayores-o-dependientes\\\/#respond\"]}]},{\"@type\":\"WebPage\",\"@id\":\"https:\\\/\\\/www.laguiadepamplona.com\\\/actualidad\\\/este-lunes-se-abren-las-inscripciones-para-el-taller-gratuito-cuidando-a-quienes-cuidan-que-apoya-a-cuidadores-no-profesionales-de-familiares-mayores-o-dependientes\\\/\",\"url\":\"https:\\\/\\\/www.laguiadepamplona.com\\\/actualidad\\\/este-lunes-se-abren-las-inscripciones-para-el-taller-gratuito-cuidando-a-quienes-cuidan-que-apoya-a-cuidadores-no-profesionales-de-familiares-mayores-o-dependientes\\\/\",\"name\":\"Este lunes se abren las inscripciones para el taller gratuito \u2018Cuidando a quienes cuidan\u2019, que apoya a cuidadores no profesionales de familiares mayores o dependientes\",\"isPartOf\":{\"@id\":\"https:\\\/\\\/www.laguiadepamplona.com\\\/actualidad\\\/#website\"},\"primaryImageOfPage\":{\"@id\":\"https:\\\/\\\/www.laguiadepamplona.com\\\/actualidad\\\/este-lunes-se-abren-las-inscripciones-para-el-taller-gratuito-cuidando-a-quienes-cuidan-que-apoya-a-cuidadores-no-profesionales-de-familiares-mayores-o-dependientes\\\/#primaryimage\"},\"image\":{\"@id\":\"https:\\\/\\\/www.laguiadepamplona.com\\\/actualidad\\\/este-lunes-se-abren-las-inscripciones-para-el-taller-gratuito-cuidando-a-quienes-cuidan-que-apoya-a-cuidadores-no-profesionales-de-familiares-mayores-o-dependientes\\\/#primaryimage\"},\"thumbnailUrl\":\"https:\\\/\\\/www.laguiadepamplona.com\\\/actualidad\\\/wp-content\\\/uploads\\\/2023\\\/01\\\/CUIDADOS-2023.webp\",\"datePublished\":\"2023-01-13T11:48:12+00:00\",\"dateModified\":\"2023-04-11T09:47:25+00:00\",\"description\":\"Las inscripciones se cubren por orden de llamada al 010 (948420100), que tambi\u00e9n ofrecer\u00e1 tres talleres de apoyo emocional para personas mayores\",\"breadcrumb\":{\"@id\":\"https:\\\/\\\/www.laguiadepamplona.com\\\/actualidad\\\/este-lunes-se-abren-las-inscripciones-para-el-taller-gratuito-cuidando-a-quienes-cuidan-que-apoya-a-cuidadores-no-profesionales-de-familiares-mayores-o-dependientes\\\/#breadcrumb\"},\"inLanguage\":\"es\",\"potentialAction\":[{\"@type\":\"ReadAction\",\"target\":[\"https:\\\/\\\/www.laguiadepamplona.com\\\/actualidad\\\/este-lunes-se-abren-las-inscripciones-para-el-taller-gratuito-cuidando-a-quienes-cuidan-que-apoya-a-cuidadores-no-profesionales-de-familiares-mayores-o-dependientes\\\/\"]}]},{\"@type\":\"ImageObject\",\"inLanguage\":\"es\",\"@id\":\"https:\\\/\\\/www.laguiadepamplona.com\\\/actualidad\\\/este-lunes-se-abren-las-inscripciones-para-el-taller-gratuito-cuidando-a-quienes-cuidan-que-apoya-a-cuidadores-no-profesionales-de-familiares-mayores-o-dependientes\\\/#primaryimage\",\"url\":\"https:\\\/\\\/www.laguiadepamplona.com\\\/actualidad\\\/wp-content\\\/uploads\\\/2023\\\/01\\\/CUIDADOS-2023.webp\",\"contentUrl\":\"https:\\\/\\\/www.laguiadepamplona.com\\\/actualidad\\\/wp-content\\\/uploads\\\/2023\\\/01\\\/CUIDADOS-2023.webp\",\"width\":877,\"height\":645},{\"@type\":\"BreadcrumbList\",\"@id\":\"https:\\\/\\\/www.laguiadepamplona.com\\\/actualidad\\\/este-lunes-se-abren-las-inscripciones-para-el-taller-gratuito-cuidando-a-quienes-cuidan-que-apoya-a-cuidadores-no-profesionales-de-familiares-mayores-o-dependientes\\\/#breadcrumb\",\"itemListElement\":[{\"@type\":\"ListItem\",\"position\":1,\"name\":\"Portada\",\"item\":\"https:\\\/\\\/www.laguiadepamplona.com\\\/actualidad\\\/\"},{\"@type\":\"ListItem\",\"position\":2,\"name\":\"Este lunes se abren las inscripciones para el taller gratuito \u2018Cuidando a quienes cuidan\u2019, que apoya a cuidadores no profesionales de familiares mayores o dependientes\"}]},{\"@type\":\"WebSite\",\"@id\":\"https:\\\/\\\/www.laguiadepamplona.com\\\/actualidad\\\/#website\",\"url\":\"https:\\\/\\\/www.laguiadepamplona.com\\\/actualidad\\\/\",\"name\":\"La gu\u00eda de Pamplona\",\"description\":\"Noticias de Pamplona\",\"publisher\":{\"@id\":\"https:\\\/\\\/www.laguiadepamplona.com\\\/actualidad\\\/#organization\"},\"potentialAction\":[{\"@type\":\"SearchAction\",\"target\":{\"@type\":\"EntryPoint\",\"urlTemplate\":\"https:\\\/\\\/www.laguiadepamplona.com\\\/actualidad\\\/?s={search_term_string}\"},\"query-input\":{\"@type\":\"PropertyValueSpecification\",\"valueRequired\":true,\"valueName\":\"search_term_string\"}}],\"inLanguage\":\"es\"},{\"@type\":\"Organization\",\"@id\":\"https:\\\/\\\/www.laguiadepamplona.com\\\/actualidad\\\/#organization\",\"name\":\"La Gu\u00eda de Pamplona \\\/ Noticias\",\"url\":\"https:\\\/\\\/www.laguiadepamplona.com\\\/actualidad\\\/\",\"logo\":{\"@type\":\"ImageObject\",\"inLanguage\":\"es\",\"@id\":\"https:\\\/\\\/www.laguiadepamplona.com\\\/actualidad\\\/#\\\/schema\\\/logo\\\/image\\\/\",\"url\":\"https:\\\/\\\/www.laguiadepamplona.com\\\/actualidad\\\/wp-content\\\/uploads\\\/2018\\\/11\\\/logo-laguiadepamplona18-web1.png\",\"contentUrl\":\"https:\\\/\\\/www.laguiadepamplona.com\\\/actualidad\\\/wp-content\\\/uploads\\\/2018\\\/11\\\/logo-laguiadepamplona18-web1.png\",\"width\":600,\"height\":196,\"caption\":\"La Gu\u00eda de Pamplona \\\/ Noticias\"},\"image\":{\"@id\":\"https:\\\/\\\/www.laguiadepamplona.com\\\/actualidad\\\/#\\\/schema\\\/logo\\\/image\\\/\"},\"sameAs\":[\"https:\\\/\\\/www.facebook.com\\\/laguiadepamplonacom-133175176762273\\\/?ref=hl\",\"https:\\\/\\\/x.com\\\/LaGuiadPamplona\",\"https:\\\/\\\/www.instagram.com\\\/la_guia_de_pamplona\\\/\",\"https:\\\/\\\/www.youtube.com\\\/user\\\/laguiadepamplona\"]},{\"@type\":\"Person\",\"@id\":\"https:\\\/\\\/www.laguiadepamplona.com\\\/actualidad\\\/#\\\/schema\\\/person\\\/efe887376f0213d4657c93adc50b1fdb\",\"name\":\"La Gu\u00eda de Pamplona\",\"image\":{\"@type\":\"ImageObject\",\"inLanguage\":\"es\",\"@id\":\"https:\\\/\\\/secure.gravatar.com\\\/avatar\\\/b6992f131dc8d30ab0dff15446e9d346d9dbd95992de0fef795073f5ea83a81c?s=96&d=mm&r=g\",\"url\":\"https:\\\/\\\/secure.gravatar.com\\\/avatar\\\/b6992f131dc8d30ab0dff15446e9d346d9dbd95992de0fef795073f5ea83a81c?s=96&d=mm&r=g\",\"contentUrl\":\"https:\\\/\\\/secure.gravatar.com\\\/avatar\\\/b6992f131dc8d30ab0dff15446e9d346d9dbd95992de0fef795073f5ea83a81c?s=96&d=mm&r=g\",\"caption\":\"La Gu\u00eda de Pamplona\"}}]}<\/script>\n<!-- \/ Yoast SEO plugin. -->","yoast_head_json":{"title":"Este lunes se abren las inscripciones para el taller gratuito \u2018Cuidando a quienes cuidan\u2019, que apoya a cuidadores no profesionales de familiares mayores o dependientes","description":"Las inscripciones se cubren por orden de llamada al 010 (948420100), que tambi\u00e9n ofrecer\u00e1 tres talleres de apoyo emocional para personas mayores","robots":{"index":"index","follow":"follow","max-snippet":"max-snippet:-1","max-image-preview":"max-image-preview:large","max-video-preview":"max-video-preview:-1"},"canonical":"https:\/\/www.laguiadepamplona.com\/actualidad\/este-lunes-se-abren-las-inscripciones-para-el-taller-gratuito-cuidando-a-quienes-cuidan-que-apoya-a-cuidadores-no-profesionales-de-familiares-mayores-o-dependientes\/","og_locale":"es_ES","og_type":"article","og_title":"Este lunes se abren las inscripciones para el taller gratuito \u2018Cuidando a quienes cuidan\u2019, que apoya a cuidadores no profesionales de familiares mayores o dependientes","og_description":"Las inscripciones se cubren por orden de llamada al 010 (948420100), que tambi\u00e9n ofrecer\u00e1 tres talleres de apoyo emocional para personas mayores","og_url":"https:\/\/www.laguiadepamplona.com\/actualidad\/este-lunes-se-abren-las-inscripciones-para-el-taller-gratuito-cuidando-a-quienes-cuidan-que-apoya-a-cuidadores-no-profesionales-de-familiares-mayores-o-dependientes\/","og_site_name":"La Gu\u00eda de Pamplona","article_publisher":"https:\/\/www.facebook.com\/laguiadepamplonacom-133175176762273\/?ref=hl","article_published_time":"2023-01-13T11:48:12+00:00","article_modified_time":"2023-04-11T09:47:25+00:00","og_image":[{"width":877,"height":645,"url":"https:\/\/www.laguiadepamplona.com\/actualidad\/wp-content\/uploads\/2023\/01\/CUIDADOS-2023.webp","type":"image\/webp"}],"author":"La Gu\u00eda de Pamplona","twitter_card":"summary_large_image","twitter_creator":"@LaGuiadPamplona","twitter_site":"@LaGuiadPamplona","twitter_misc":{"Escrito por":"La Gu\u00eda de Pamplona","Tiempo de lectura":"3 minutos"},"schema":{"@context":"https:\/\/schema.org","@graph":[{"@type":"Article","@id":"https:\/\/www.laguiadepamplona.com\/actualidad\/este-lunes-se-abren-las-inscripciones-para-el-taller-gratuito-cuidando-a-quienes-cuidan-que-apoya-a-cuidadores-no-profesionales-de-familiares-mayores-o-dependientes\/#article","isPartOf":{"@id":"https:\/\/www.laguiadepamplona.com\/actualidad\/este-lunes-se-abren-las-inscripciones-para-el-taller-gratuito-cuidando-a-quienes-cuidan-que-apoya-a-cuidadores-no-profesionales-de-familiares-mayores-o-dependientes\/"},"author":{"name":"La Gu\u00eda de Pamplona","@id":"https:\/\/www.laguiadepamplona.com\/actualidad\/#\/schema\/person\/efe887376f0213d4657c93adc50b1fdb"},"headline":"Este lunes se abren las inscripciones para el taller gratuito \u2018Cuidando a quienes cuidan\u2019, que apoya a cuidadores no profesionales de familiares mayores o dependientes","datePublished":"2023-01-13T11:48:12+00:00","dateModified":"2023-04-11T09:47:25+00:00","mainEntityOfPage":{"@id":"https:\/\/www.laguiadepamplona.com\/actualidad\/este-lunes-se-abren-las-inscripciones-para-el-taller-gratuito-cuidando-a-quienes-cuidan-que-apoya-a-cuidadores-no-profesionales-de-familiares-mayores-o-dependientes\/"},"wordCount":520,"commentCount":0,"publisher":{"@id":"https:\/\/www.laguiadepamplona.com\/actualidad\/#organization"},"image":{"@id":"https:\/\/www.laguiadepamplona.com\/actualidad\/este-lunes-se-abren-las-inscripciones-para-el-taller-gratuito-cuidando-a-quienes-cuidan-que-apoya-a-cuidadores-no-profesionales-de-familiares-mayores-o-dependientes\/#primaryimage"},"thumbnailUrl":"https:\/\/www.laguiadepamplona.com\/actualidad\/wp-content\/uploads\/2023\/01\/CUIDADOS-2023.webp","articleSection":["Ayto Pamplona"],"inLanguage":"es","potentialAction":[{"@type":"CommentAction","name":"Comment","target":["https:\/\/www.laguiadepamplona.com\/actualidad\/este-lunes-se-abren-las-inscripciones-para-el-taller-gratuito-cuidando-a-quienes-cuidan-que-apoya-a-cuidadores-no-profesionales-de-familiares-mayores-o-dependientes\/#respond"]}]},{"@type":"WebPage","@id":"https:\/\/www.laguiadepamplona.com\/actualidad\/este-lunes-se-abren-las-inscripciones-para-el-taller-gratuito-cuidando-a-quienes-cuidan-que-apoya-a-cuidadores-no-profesionales-de-familiares-mayores-o-dependientes\/","url":"https:\/\/www.laguiadepamplona.com\/actualidad\/este-lunes-se-abren-las-inscripciones-para-el-taller-gratuito-cuidando-a-quienes-cuidan-que-apoya-a-cuidadores-no-profesionales-de-familiares-mayores-o-dependientes\/","name":"Este lunes se abren las inscripciones para el taller gratuito \u2018Cuidando a quienes cuidan\u2019, que apoya a cuidadores no profesionales de familiares mayores o dependientes","isPartOf":{"@id":"https:\/\/www.laguiadepamplona.com\/actualidad\/#website"},"primaryImageOfPage":{"@id":"https:\/\/www.laguiadepamplona.com\/actualidad\/este-lunes-se-abren-las-inscripciones-para-el-taller-gratuito-cuidando-a-quienes-cuidan-que-apoya-a-cuidadores-no-profesionales-de-familiares-mayores-o-dependientes\/#primaryimage"},"image":{"@id":"https:\/\/www.laguiadepamplona.com\/actualidad\/este-lunes-se-abren-las-inscripciones-para-el-taller-gratuito-cuidando-a-quienes-cuidan-que-apoya-a-cuidadores-no-profesionales-de-familiares-mayores-o-dependientes\/#primaryimage"},"thumbnailUrl":"https:\/\/www.laguiadepamplona.com\/actualidad\/wp-content\/uploads\/2023\/01\/CUIDADOS-2023.webp","datePublished":"2023-01-13T11:48:12+00:00","dateModified":"2023-04-11T09:47:25+00:00","description":"Las inscripciones se cubren por orden de llamada al 010 (948420100), que tambi\u00e9n ofrecer\u00e1 tres talleres de apoyo emocional para personas mayores","breadcrumb":{"@id":"https:\/\/www.laguiadepamplona.com\/actualidad\/este-lunes-se-abren-las-inscripciones-para-el-taller-gratuito-cuidando-a-quienes-cuidan-que-apoya-a-cuidadores-no-profesionales-de-familiares-mayores-o-dependientes\/#breadcrumb"},"inLanguage":"es","potentialAction":[{"@type":"ReadAction","target":["https:\/\/www.laguiadepamplona.com\/actualidad\/este-lunes-se-abren-las-inscripciones-para-el-taller-gratuito-cuidando-a-quienes-cuidan-que-apoya-a-cuidadores-no-profesionales-de-familiares-mayores-o-dependientes\/"]}]},{"@type":"ImageObject","inLanguage":"es","@id":"https:\/\/www.laguiadepamplona.com\/actualidad\/este-lunes-se-abren-las-inscripciones-para-el-taller-gratuito-cuidando-a-quienes-cuidan-que-apoya-a-cuidadores-no-profesionales-de-familiares-mayores-o-dependientes\/#primaryimage","url":"https:\/\/www.laguiadepamplona.com\/actualidad\/wp-content\/uploads\/2023\/01\/CUIDADOS-2023.webp","contentUrl":"https:\/\/www.laguiadepamplona.com\/actualidad\/wp-content\/uploads\/2023\/01\/CUIDADOS-2023.webp","width":877,"height":645},{"@type":"BreadcrumbList","@id":"https:\/\/www.laguiadepamplona.com\/actualidad\/este-lunes-se-abren-las-inscripciones-para-el-taller-gratuito-cuidando-a-quienes-cuidan-que-apoya-a-cuidadores-no-profesionales-de-familiares-mayores-o-dependientes\/#breadcrumb","itemListElement":[{"@type":"ListItem","position":1,"name":"Portada","item":"https:\/\/www.laguiadepamplona.com\/actualidad\/"},{"@type":"ListItem","position":2,"name":"Este lunes se abren las inscripciones para el taller gratuito \u2018Cuidando a quienes cuidan\u2019, que apoya a cuidadores no profesionales de familiares mayores o dependientes"}]},{"@type":"WebSite","@id":"https:\/\/www.laguiadepamplona.com\/actualidad\/#website","url":"https:\/\/www.laguiadepamplona.com\/actualidad\/","name":"La gu\u00eda de Pamplona","description":"Noticias de Pamplona","publisher":{"@id":"https:\/\/www.laguiadepamplona.com\/actualidad\/#organization"},"potentialAction":[{"@type":"SearchAction","target":{"@type":"EntryPoint","urlTemplate":"https:\/\/www.laguiadepamplona.com\/actualidad\/?s={search_term_string}"},"query-input":{"@type":"PropertyValueSpecification","valueRequired":true,"valueName":"search_term_string"}}],"inLanguage":"es"},{"@type":"Organization","@id":"https:\/\/www.laguiadepamplona.com\/actualidad\/#organization","name":"La Gu\u00eda de Pamplona \/ Noticias","url":"https:\/\/www.laguiadepamplona.com\/actualidad\/","logo":{"@type":"ImageObject","inLanguage":"es","@id":"https:\/\/www.laguiadepamplona.com\/actualidad\/#\/schema\/logo\/image\/","url":"https:\/\/www.laguiadepamplona.com\/actualidad\/wp-content\/uploads\/2018\/11\/logo-laguiadepamplona18-web1.png","contentUrl":"https:\/\/www.laguiadepamplona.com\/actualidad\/wp-content\/uploads\/2018\/11\/logo-laguiadepamplona18-web1.png","width":600,"height":196,"caption":"La Gu\u00eda de Pamplona \/ Noticias"},"image":{"@id":"https:\/\/www.laguiadepamplona.com\/actualidad\/#\/schema\/logo\/image\/"},"sameAs":["https:\/\/www.facebook.com\/laguiadepamplonacom-133175176762273\/?ref=hl","https:\/\/x.com\/LaGuiadPamplona","https:\/\/www.instagram.com\/la_guia_de_pamplona\/","https:\/\/www.youtube.com\/user\/laguiadepamplona"]},{"@type":"Person","@id":"https:\/\/www.laguiadepamplona.com\/actualidad\/#\/schema\/person\/efe887376f0213d4657c93adc50b1fdb","name":"La Gu\u00eda de Pamplona","image":{"@type":"ImageObject","inLanguage":"es","@id":"https:\/\/secure.gravatar.com\/avatar\/b6992f131dc8d30ab0dff15446e9d346d9dbd95992de0fef795073f5ea83a81c?s=96&d=mm&r=g","url":"https:\/\/secure.gravatar.com\/avatar\/b6992f131dc8d30ab0dff15446e9d346d9dbd95992de0fef795073f5ea83a81c?s=96&d=mm&r=g","contentUrl":"https:\/\/secure.gravatar.com\/avatar\/b6992f131dc8d30ab0dff15446e9d346d9dbd95992de0fef795073f5ea83a81c?s=96&d=mm&r=g","caption":"La Gu\u00eda de Pamplona"}}]}},"post_mailing_queue_ids":[],"_links":{"self":[{"href":"https:\/\/www.laguiadepamplona.com\/actualidad\/wp-json\/wp\/v2\/posts\/42572","targetHints":{"allow":["GET"]}}],"collection":[{"href":"https:\/\/www.laguiadepamplona.com\/actualidad\/wp-json\/wp\/v2\/posts"}],"about":[{"href":"https:\/\/www.laguiadepamplona.com\/actualidad\/wp-json\/wp\/v2\/types\/post"}],"author":[{"embeddable":true,"href":"https:\/\/www.laguiadepamplona.com\/actualidad\/wp-json\/wp\/v2\/users\/1"}],"replies":[{"embeddable":true,"href":"https:\/\/www.laguiadepamplona.com\/actualidad\/wp-json\/wp\/v2\/comments?post=42572"}],"version-history":[{"count":0,"href":"https:\/\/www.laguiadepamplona.com\/actualidad\/wp-json\/wp\/v2\/posts\/42572\/revisions"}],"wp:featuredmedia":[{"embeddable":true,"href":"https:\/\/www.laguiadepamplona.com\/actualidad\/wp-json\/wp\/v2\/media\/42573"}],"wp:attachment":[{"href":"https:\/\/www.laguiadepamplona.com\/actualidad\/wp-json\/wp\/v2\/media?parent=42572"}],"wp:term":[{"taxonomy":"category","embeddable":true,"href":"https:\/\/www.laguiadepamplona.com\/actualidad\/wp-json\/wp\/v2\/categories?post=42572"},{"taxonomy":"post_tag","embeddable":true,"href":"https:\/\/www.laguiadepamplona.com\/actualidad\/wp-json\/wp\/v2\/tags?post=42572"}],"curies":[{"name":"wp","href":"https:\/\/api.w.org\/{rel}","templated":true}]}}