{"id":42569,"date":"2023-01-13T13:46:42","date_gmt":"2023-01-13T11:46:42","guid":{"rendered":"https:\/\/www.laguiadepamplona.com\/actualidad\/?p=42569"},"modified":"2023-04-11T11:47:25","modified_gmt":"2023-04-11T09:47:25","slug":"del-17-al-31-de-enero-vuelve-la-danza-contemporanea-a-civivox-iturrama-con-la-xiv-edicion-del-festival-danz","status":"publish","type":"post","link":"https:\/\/www.laguiadepamplona.com\/actualidad\/del-17-al-31-de-enero-vuelve-la-danza-contemporanea-a-civivox-iturrama-con-la-xiv-edicion-del-festival-danz\/","title":{"rendered":"Del 17 al 31 de enero vuelve la danza contempor\u00e1nea a Civivox Iturrama con la XIV edici\u00f3n del festival \u2018DanZ\u2019"},"content":{"rendered":"<h5>Este a\u00f1o el festival, con presencia local, nacional e internacional, mantiene sus colaboraciones con la Fundaci\u00f3n Atena y la Red ATALAK<\/h5>\n<p><!--more--><\/p>\n<p>Este pr\u00f3ximo martes 17 y hasta el 31 de enero, Civivox Iturrama acoger\u00e1 la 14\u00aa edici\u00f3n de DanZ. Espacio de danza, el festival de danza contempor\u00e1nea que cada a\u00f1o programa el Ayuntamiento de Pamplona a trav\u00e9s de la Red Civivox. Este a\u00f1o el festival mantiene presencia de artistas, compa\u00f1\u00edas y colaboraciones de la escena local, nacional e internacional. El festival, consolidado ya en la ciudad, quiere ser un espacio de exhibici\u00f3n, encuentro, sensibilizaci\u00f3n y reflexi\u00f3n en torno a la danza contempor\u00e1nea. En esta ocasi\u00f3n el festival engloba siete actividades diferentes entre encuentros, cinef\u00f3rum, talleres y espect\u00e1culos para distintos p\u00fablicos y sensibilidades, con un espect\u00e1culo especial dirigido a la Primera Infancia.<\/p>\n<p>Destaca la colaboraci\u00f3n, un a\u00f1o m\u00e1s, con Fundaci\u00f3n Atena, con la programaci\u00f3n de su espect\u00e1culo \u2018Ra\u00edces\u2019 (aproximadamente 55 minutos) el 19 de enero. Esta entidad, con 22 a\u00f1os de trayectoria, apuesta por las artes esc\u00e9nicas como motor de cambio social y, en este espect\u00e1culo, ha dado gran importancia la co-creaci\u00f3n, integrando puntos de vista de otros artistas como las video proyecciones de Patxi Araujo, la txalaparta de Gotzon Garc\u00eda y la interpretaci\u00f3n de los txistus de la Escuela Joaquin Maya. Sobre el escenario 17 bailarines, con y sin discapacidad, recuperan a trav\u00e9s de la danza contempor\u00e1nea el folklore de Navarra, algo que se ha hecho mediante mediaciones en diferentes localidades como las Bardenas, Olite, Pamplona\u2026<br \/>\n<script async src=\"\/\/pagead2.googlesyndication.com\/pagead\/js\/adsbygoogle.js\"><\/script><br \/>\n<!-- Noticias La Guia de Pamplona --><br \/>\n<ins class=\"adsbygoogle\"\nstyle=\"display:block\"\ndata-ad-client=\"ca-pub-6943679897239327\"\ndata-ad-slot=\"7048180777\"\ndata-ad-format=\"auto\"><\/ins><br \/>\n<script>\n(adsbygoogle = window.adsbygoogle || []).push({});\n<\/script><\/p>\n<p>DanZ tambi\u00e9n colabora, en este caso por segundo a\u00f1o, con la Red ATALAK, red de creaci\u00f3n coreogr\u00e1fica de la Eurorregi\u00f3n en la que est\u00e1n Dantzaz, CCN Malandain-Ballet Biarritz, Fundaci\u00f3n Baluarte, Tabakalera, Gipuzkoako Dantzagunea y la Red de Teatros de Vitoria-Gasteiz, adem\u00e1s de una extensa red de colaboradores. Con esta red lo que se plantea en el ciclo es la convocatoria de un grupo de talleres los d\u00edas 17, 24 y 31 de enero bajo el t\u00edtulo \u2018Ritmo, repetici\u00f3n y espacio\u2019 con Laura G. Latasa, Maddi Gaztelumendi e I\u00f1igo Erementeria, int\u00e9rpretes de Dantzaz. Adem\u00e1s, est\u00e1 previsto un encuentro sobre \u2018La danza y las artes esc\u00e9nicas como aliadas de la accesibilidad\u2019 (18 de enero) en el que intervendr\u00e1n la core\u00f3grafa Becky Siegel; M\u00aa Pilar L\u00f3pez de Teatro Para\u00edso Antzerkia; Marta Monfort de la Red de Teatros de Vitoria-Gasteiz) y Txori Garc\u00eda Uriz, actor. La sesi\u00f3n estar\u00e1 moderada por Bertha Berm\u00fadez de la Red ATALAK.<\/p>\n<p>El lunes 23 de enero habr\u00e1 proyecci\u00f3n-cinef\u00f3rum con el cortometraje \u2018Temps de llum\u2019 (Espa\u00f1a. 2021. 5\u2019, 27\u2019\u2019) de Fundaci\u00f3n Cabanas \u2013 Casa Museu Cal Gerrer, una sesi\u00f3n en la que intervendr\u00e1 la bailarina Ainoa Soler. El 26 de enero est\u00e1 programado el espect\u00e1culo did\u00e1ctico para adultos \u2018Desde mi txoko\u2019, con producci\u00f3n de Jon Maya \/ Kukai Dantza. En el espect\u00e1culo actuar\u00e1 el bailar\u00edn Jon Maya, acompa\u00f1ado por la m\u00fasica en directo del violinista Arkaitz Miner, Posteriormente las personas asistentes al evento podr\u00e1n mantener un encuentro con los artistas. Este espect\u00e1culo es un encargo realizado espec\u00edficamente por la Red Civivox y recoge una antolog\u00eda de escenas de algunos montajes relevantes que ha desarrollado en su carrera como bailar\u00edn y transita entre la danza tradicional y la danza contempor\u00e1nea, viviendo siempre la relaci\u00f3n entre los dos lenguajes.<\/p>\n<p>Asimismo, el 28 de enero tendr\u00e1n lugar dos sesiones del espect\u00e1culo de danza y objetos para beb\u00e9s de 2 a 4 a\u00f1os, a las 10.30 y a las 12.30 horas. \u2018La serpill\u00e8re de monsieur Mutt\/ La fregona de Mr. Mutt, es un espect\u00e1culo que se alz\u00f3 el a\u00f1o pasado con el Premio Fet\u00e9n al mejor espect\u00e1culo de aproximaci\u00f3n de la danza a la Primera Infancia. La dramaturgia, puesta en escena, coreograf\u00eda e interpretaci\u00f3n est\u00e1n a cargo de Marc Lacourt, con una producci\u00f3n de MA Compagnie. El core\u00f3grafo y bailar\u00edn haciendo bailar a los objetos, invita a los y las beb\u00e9s a seguir la huella de la historia del arte.<\/p>\n<p>La mayor\u00eda de las actividades tienen entrada libre previa inscripci\u00f3n, aunque para los dos espect\u00e1culos hay que adquirir las entradas al precio de 3 euros la butaca. Tambi\u00e9n tiene ese mismo coste la actividad para beb\u00e9s en la que cada menor deber\u00e1 estar en compa\u00f1\u00eda de una persona adulta.<br \/>\n<script async src=\"\/\/pagead2.googlesyndication.com\/pagead\/js\/adsbygoogle.js\"><\/script><br \/>\n<!-- Noticias La Guia de Pamplona --><br \/>\n<ins class=\"adsbygoogle\"\nstyle=\"display:block\"\ndata-ad-client=\"ca-pub-6943679897239327\"\ndata-ad-slot=\"7048180777\"\ndata-ad-format=\"auto\"><\/ins><br \/>\n<script>\n(adsbygoogle = window.adsbygoogle || []).push({});\n<\/script><\/p>\n<p>&nbsp;<\/p>\n<h3>Danz. Espacio de danza. Civivox Iturrama. del 17 al 31 de enero<\/h3>\n<p><strong>Martes 17, 24 y 31 de enero<\/strong><\/p>\n<ul>\n<li>TALLER (3 sesiones)<\/li>\n<li>Ritmo, repetici\u00f3n y espacio<\/li>\n<\/ul>\n<p>Talleristas: Laura G. Latasa, Maddi Gaztelumendi e I\u00f1igo Erementeria (int\u00e9rpretes de Dantzaz)<\/p>\n<p>En colaboraci\u00f3n con Red ATALAK<\/p>\n<p>19:30 horas. Entrada gratuita previa inscripci\u00f3n<\/p>\n<p>&nbsp;<\/p>\n<p><strong>Mi\u00e9rcoles 18 de enero<\/strong><\/p>\n<ul>\n<li>ENCUENTRO<\/li>\n<li>La danza y las artes esc\u00e9nicas como aliadas de la accesibilidad<\/li>\n<\/ul>\n<p>Intervienen: Becky Siegel (core\u00f3grafa). M\u00aa Pilar L\u00f3pez (Teatro Para\u00edso Antzerkia). Marta Monfort (Red de Teatros de Vitoria\/Gasteiz). Txori Garc\u00eda Uriz (actor). Modera: Bertha Berm\u00fadez (Red ATALAK)<\/p>\n<p>En colaboraci\u00f3n con Red ATALAK<\/p>\n<p>Entrada gratuita previa inscripci\u00f3n<\/p>\n<p>&nbsp;<\/p>\n<p><strong>Jueves 19 de enero<\/strong><\/p>\n<ul>\n<li>ESPECT\u00c1CULO<\/li>\n<li>Ra\u00edces<\/li>\n<\/ul>\n<p>19.30 horas. Precio: 3 euros<\/p>\n<p>Int\u00e9rpretes: Elenco de Compa\u00f1\u00eda art\u00edstica. Atena. Producci\u00f3n: Fundaci\u00f3n Atena<\/p>\n<p>&nbsp;<\/p>\n<p><strong>Lunes 23 de enero <\/strong><\/p>\n<ul>\n<li>PROYECCI\u00d3N-CINEF\u00d3RUM<\/li>\n<li>Temps de llum (Espa\u00f1a. 2021. 5\u2019, 27\u2019\u2019)<\/li>\n<\/ul>\n<p>19.30 horas. Entrada gratuita previa inscripci\u00f3n<\/p>\n<p>Interviene: Ainoa Soler, bailarina<\/p>\n<p>&nbsp;<\/p>\n<p><strong>Jueves 26 de enero<\/strong><\/p>\n<ul>\n<li>ESPECT\u00c1CULO DID\u00c1CTICO<\/li>\n<li>Desde mi txoko<\/li>\n<\/ul>\n<p>Jon Maya \/ Kukai Dantza<\/p>\n<p>19.30. Precio: 3 euros<\/p>\n<p>*Encuentro posterior de los artistas con las personas asistentes al espect\u00e1culo<\/p>\n<p>&nbsp;<\/p>\n<p><strong>S\u00e1bado 28 de enero<\/strong><\/p>\n<ul>\n<li>ESPECT\u00c1CULO DE DANZA Y OBJETOS PARA BEB\u00c9S<\/li>\n<li>La serpill\u00e8re de monsieur Mutt\/ La fregona de Mr. Mutt*<\/li>\n<\/ul>\n<p>Dramaturgia, puesta en escena, coreograf\u00eda e interpretaci\u00f3n: Marc Lacourt. Producci\u00f3n: MA Compagnie<\/p>\n<p>10.30 y 12.30 horas. Precio: 3 euros. De 2 a 4 a\u00f1os, en compa\u00f1\u00eda de una persona adulta (m\u00e1ximo una persona adulta con cada beb\u00e9)<\/p>\n<p>*Premio al mejor espect\u00e1culo de aproximaci\u00f3n de la danza a la primera infancia &#8211; Feten 2022<\/p>\n<p>&nbsp;<\/p>\n<p><strong>Martes 31 de enero<\/strong><\/p>\n<ul>\n<li>APERTURA DEL TALLER<\/li>\n<li>Ritmo, repetici\u00f3n y espacio<\/li>\n<\/ul>\n<p>En colaboraci\u00f3n con Red ATALAK<\/p>\n<p>20.30 horas. Entrada gratuita previa inscripci\u00f3n<\/p>\n","protected":false},"excerpt":{"rendered":"<p>Este a\u00f1o el festival, con presencia local, nacional e internacional, mantiene sus colaboraciones con la Fundaci\u00f3n Atena y la Red ATALAK<\/p>\n","protected":false},"author":1,"featured_media":42570,"comment_status":"open","ping_status":"closed","sticky":false,"template":"","format":"standard","meta":{"footnotes":""},"categories":[2],"tags":[],"class_list":["post-42569","post","type-post","status-publish","format-standard","has-post-thumbnail","hentry","category-ayuntamiento-pamplona"],"yoast_head":"<!-- This site is optimized with the Yoast SEO plugin v27.3 - https:\/\/yoast.com\/product\/yoast-seo-wordpress\/ -->\n<title>Del 17 al 31 de enero vuelve la danza contempor\u00e1nea a Civivox Iturrama con la XIV edici\u00f3n del festival \u2018DanZ\u2019<\/title>\n<meta name=\"description\" content=\"Este a\u00f1o el festival, con presencia local, nacional e internacional, mantiene sus colaboraciones con la Fundaci\u00f3n Atena y la Red ATALAK\" \/>\n<meta name=\"robots\" content=\"index, follow, max-snippet:-1, max-image-preview:large, max-video-preview:-1\" \/>\n<link rel=\"canonical\" href=\"https:\/\/www.laguiadepamplona.com\/actualidad\/del-17-al-31-de-enero-vuelve-la-danza-contemporanea-a-civivox-iturrama-con-la-xiv-edicion-del-festival-danz\/\" \/>\n<meta property=\"og:locale\" content=\"es_ES\" \/>\n<meta property=\"og:type\" content=\"article\" \/>\n<meta property=\"og:title\" content=\"Del 17 al 31 de enero vuelve la danza contempor\u00e1nea a Civivox Iturrama con la XIV edici\u00f3n del festival \u2018DanZ\u2019\" \/>\n<meta property=\"og:description\" content=\"Este a\u00f1o el festival, con presencia local, nacional e internacional, mantiene sus colaboraciones con la Fundaci\u00f3n Atena y la Red ATALAK\" \/>\n<meta property=\"og:url\" content=\"https:\/\/www.laguiadepamplona.com\/actualidad\/del-17-al-31-de-enero-vuelve-la-danza-contemporanea-a-civivox-iturrama-con-la-xiv-edicion-del-festival-danz\/\" \/>\n<meta property=\"og:site_name\" content=\"La Gu\u00eda de Pamplona\" \/>\n<meta property=\"article:publisher\" content=\"https:\/\/www.facebook.com\/laguiadepamplonacom-133175176762273\/?ref=hl\" \/>\n<meta property=\"article:published_time\" content=\"2023-01-13T11:46:42+00:00\" \/>\n<meta property=\"article:modified_time\" content=\"2023-04-11T09:47:25+00:00\" \/>\n<meta property=\"og:image\" content=\"https:\/\/www.laguiadepamplona.com\/actualidad\/wp-content\/uploads\/2023\/01\/DanZ.-Temps-de-llum-6-870x480-1.jpg\" \/>\n\t<meta property=\"og:image:width\" content=\"870\" \/>\n\t<meta property=\"og:image:height\" content=\"480\" \/>\n\t<meta property=\"og:image:type\" content=\"image\/jpeg\" \/>\n<meta name=\"author\" content=\"La Gu\u00eda de Pamplona\" \/>\n<meta name=\"twitter:card\" content=\"summary_large_image\" \/>\n<meta name=\"twitter:creator\" content=\"@LaGuiadPamplona\" \/>\n<meta name=\"twitter:site\" content=\"@LaGuiadPamplona\" \/>\n<meta name=\"twitter:label1\" content=\"Escrito por\" \/>\n\t<meta name=\"twitter:data1\" content=\"La Gu\u00eda de Pamplona\" \/>\n\t<meta name=\"twitter:label2\" content=\"Tiempo de lectura\" \/>\n\t<meta name=\"twitter:data2\" content=\"5 minutos\" \/>\n<script type=\"application\/ld+json\" class=\"yoast-schema-graph\">{\"@context\":\"https:\\\/\\\/schema.org\",\"@graph\":[{\"@type\":\"Article\",\"@id\":\"https:\\\/\\\/www.laguiadepamplona.com\\\/actualidad\\\/del-17-al-31-de-enero-vuelve-la-danza-contemporanea-a-civivox-iturrama-con-la-xiv-edicion-del-festival-danz\\\/#article\",\"isPartOf\":{\"@id\":\"https:\\\/\\\/www.laguiadepamplona.com\\\/actualidad\\\/del-17-al-31-de-enero-vuelve-la-danza-contemporanea-a-civivox-iturrama-con-la-xiv-edicion-del-festival-danz\\\/\"},\"author\":{\"name\":\"La Gu\u00eda de Pamplona\",\"@id\":\"https:\\\/\\\/www.laguiadepamplona.com\\\/actualidad\\\/#\\\/schema\\\/person\\\/efe887376f0213d4657c93adc50b1fdb\"},\"headline\":\"Del 17 al 31 de enero vuelve la danza contempor\u00e1nea a Civivox Iturrama con la XIV edici\u00f3n del festival \u2018DanZ\u2019\",\"datePublished\":\"2023-01-13T11:46:42+00:00\",\"dateModified\":\"2023-04-11T09:47:25+00:00\",\"mainEntityOfPage\":{\"@id\":\"https:\\\/\\\/www.laguiadepamplona.com\\\/actualidad\\\/del-17-al-31-de-enero-vuelve-la-danza-contemporanea-a-civivox-iturrama-con-la-xiv-edicion-del-festival-danz\\\/\"},\"wordCount\":1073,\"commentCount\":0,\"publisher\":{\"@id\":\"https:\\\/\\\/www.laguiadepamplona.com\\\/actualidad\\\/#organization\"},\"image\":{\"@id\":\"https:\\\/\\\/www.laguiadepamplona.com\\\/actualidad\\\/del-17-al-31-de-enero-vuelve-la-danza-contemporanea-a-civivox-iturrama-con-la-xiv-edicion-del-festival-danz\\\/#primaryimage\"},\"thumbnailUrl\":\"https:\\\/\\\/www.laguiadepamplona.com\\\/actualidad\\\/wp-content\\\/uploads\\\/2023\\\/01\\\/DanZ.-Temps-de-llum-6-870x480-1.jpg\",\"articleSection\":[\"Ayto Pamplona\"],\"inLanguage\":\"es\",\"potentialAction\":[{\"@type\":\"CommentAction\",\"name\":\"Comment\",\"target\":[\"https:\\\/\\\/www.laguiadepamplona.com\\\/actualidad\\\/del-17-al-31-de-enero-vuelve-la-danza-contemporanea-a-civivox-iturrama-con-la-xiv-edicion-del-festival-danz\\\/#respond\"]}]},{\"@type\":\"WebPage\",\"@id\":\"https:\\\/\\\/www.laguiadepamplona.com\\\/actualidad\\\/del-17-al-31-de-enero-vuelve-la-danza-contemporanea-a-civivox-iturrama-con-la-xiv-edicion-del-festival-danz\\\/\",\"url\":\"https:\\\/\\\/www.laguiadepamplona.com\\\/actualidad\\\/del-17-al-31-de-enero-vuelve-la-danza-contemporanea-a-civivox-iturrama-con-la-xiv-edicion-del-festival-danz\\\/\",\"name\":\"Del 17 al 31 de enero vuelve la danza contempor\u00e1nea a Civivox Iturrama con la XIV edici\u00f3n del festival \u2018DanZ\u2019\",\"isPartOf\":{\"@id\":\"https:\\\/\\\/www.laguiadepamplona.com\\\/actualidad\\\/#website\"},\"primaryImageOfPage\":{\"@id\":\"https:\\\/\\\/www.laguiadepamplona.com\\\/actualidad\\\/del-17-al-31-de-enero-vuelve-la-danza-contemporanea-a-civivox-iturrama-con-la-xiv-edicion-del-festival-danz\\\/#primaryimage\"},\"image\":{\"@id\":\"https:\\\/\\\/www.laguiadepamplona.com\\\/actualidad\\\/del-17-al-31-de-enero-vuelve-la-danza-contemporanea-a-civivox-iturrama-con-la-xiv-edicion-del-festival-danz\\\/#primaryimage\"},\"thumbnailUrl\":\"https:\\\/\\\/www.laguiadepamplona.com\\\/actualidad\\\/wp-content\\\/uploads\\\/2023\\\/01\\\/DanZ.-Temps-de-llum-6-870x480-1.jpg\",\"datePublished\":\"2023-01-13T11:46:42+00:00\",\"dateModified\":\"2023-04-11T09:47:25+00:00\",\"description\":\"Este a\u00f1o el festival, con presencia local, nacional e internacional, mantiene sus colaboraciones con la Fundaci\u00f3n Atena y la Red ATALAK\",\"breadcrumb\":{\"@id\":\"https:\\\/\\\/www.laguiadepamplona.com\\\/actualidad\\\/del-17-al-31-de-enero-vuelve-la-danza-contemporanea-a-civivox-iturrama-con-la-xiv-edicion-del-festival-danz\\\/#breadcrumb\"},\"inLanguage\":\"es\",\"potentialAction\":[{\"@type\":\"ReadAction\",\"target\":[\"https:\\\/\\\/www.laguiadepamplona.com\\\/actualidad\\\/del-17-al-31-de-enero-vuelve-la-danza-contemporanea-a-civivox-iturrama-con-la-xiv-edicion-del-festival-danz\\\/\"]}]},{\"@type\":\"ImageObject\",\"inLanguage\":\"es\",\"@id\":\"https:\\\/\\\/www.laguiadepamplona.com\\\/actualidad\\\/del-17-al-31-de-enero-vuelve-la-danza-contemporanea-a-civivox-iturrama-con-la-xiv-edicion-del-festival-danz\\\/#primaryimage\",\"url\":\"https:\\\/\\\/www.laguiadepamplona.com\\\/actualidad\\\/wp-content\\\/uploads\\\/2023\\\/01\\\/DanZ.-Temps-de-llum-6-870x480-1.jpg\",\"contentUrl\":\"https:\\\/\\\/www.laguiadepamplona.com\\\/actualidad\\\/wp-content\\\/uploads\\\/2023\\\/01\\\/DanZ.-Temps-de-llum-6-870x480-1.jpg\",\"width\":870,\"height\":480},{\"@type\":\"BreadcrumbList\",\"@id\":\"https:\\\/\\\/www.laguiadepamplona.com\\\/actualidad\\\/del-17-al-31-de-enero-vuelve-la-danza-contemporanea-a-civivox-iturrama-con-la-xiv-edicion-del-festival-danz\\\/#breadcrumb\",\"itemListElement\":[{\"@type\":\"ListItem\",\"position\":1,\"name\":\"Portada\",\"item\":\"https:\\\/\\\/www.laguiadepamplona.com\\\/actualidad\\\/\"},{\"@type\":\"ListItem\",\"position\":2,\"name\":\"Del 17 al 31 de enero vuelve la danza contempor\u00e1nea a Civivox Iturrama con la XIV edici\u00f3n del festival \u2018DanZ\u2019\"}]},{\"@type\":\"WebSite\",\"@id\":\"https:\\\/\\\/www.laguiadepamplona.com\\\/actualidad\\\/#website\",\"url\":\"https:\\\/\\\/www.laguiadepamplona.com\\\/actualidad\\\/\",\"name\":\"La gu\u00eda de Pamplona\",\"description\":\"Noticias de Pamplona\",\"publisher\":{\"@id\":\"https:\\\/\\\/www.laguiadepamplona.com\\\/actualidad\\\/#organization\"},\"potentialAction\":[{\"@type\":\"SearchAction\",\"target\":{\"@type\":\"EntryPoint\",\"urlTemplate\":\"https:\\\/\\\/www.laguiadepamplona.com\\\/actualidad\\\/?s={search_term_string}\"},\"query-input\":{\"@type\":\"PropertyValueSpecification\",\"valueRequired\":true,\"valueName\":\"search_term_string\"}}],\"inLanguage\":\"es\"},{\"@type\":\"Organization\",\"@id\":\"https:\\\/\\\/www.laguiadepamplona.com\\\/actualidad\\\/#organization\",\"name\":\"La Gu\u00eda de Pamplona \\\/ Noticias\",\"url\":\"https:\\\/\\\/www.laguiadepamplona.com\\\/actualidad\\\/\",\"logo\":{\"@type\":\"ImageObject\",\"inLanguage\":\"es\",\"@id\":\"https:\\\/\\\/www.laguiadepamplona.com\\\/actualidad\\\/#\\\/schema\\\/logo\\\/image\\\/\",\"url\":\"https:\\\/\\\/www.laguiadepamplona.com\\\/actualidad\\\/wp-content\\\/uploads\\\/2018\\\/11\\\/logo-laguiadepamplona18-web1.png\",\"contentUrl\":\"https:\\\/\\\/www.laguiadepamplona.com\\\/actualidad\\\/wp-content\\\/uploads\\\/2018\\\/11\\\/logo-laguiadepamplona18-web1.png\",\"width\":600,\"height\":196,\"caption\":\"La Gu\u00eda de Pamplona \\\/ Noticias\"},\"image\":{\"@id\":\"https:\\\/\\\/www.laguiadepamplona.com\\\/actualidad\\\/#\\\/schema\\\/logo\\\/image\\\/\"},\"sameAs\":[\"https:\\\/\\\/www.facebook.com\\\/laguiadepamplonacom-133175176762273\\\/?ref=hl\",\"https:\\\/\\\/x.com\\\/LaGuiadPamplona\",\"https:\\\/\\\/www.instagram.com\\\/la_guia_de_pamplona\\\/\",\"https:\\\/\\\/www.youtube.com\\\/user\\\/laguiadepamplona\"]},{\"@type\":\"Person\",\"@id\":\"https:\\\/\\\/www.laguiadepamplona.com\\\/actualidad\\\/#\\\/schema\\\/person\\\/efe887376f0213d4657c93adc50b1fdb\",\"name\":\"La Gu\u00eda de Pamplona\",\"image\":{\"@type\":\"ImageObject\",\"inLanguage\":\"es\",\"@id\":\"https:\\\/\\\/secure.gravatar.com\\\/avatar\\\/b6992f131dc8d30ab0dff15446e9d346d9dbd95992de0fef795073f5ea83a81c?s=96&d=mm&r=g\",\"url\":\"https:\\\/\\\/secure.gravatar.com\\\/avatar\\\/b6992f131dc8d30ab0dff15446e9d346d9dbd95992de0fef795073f5ea83a81c?s=96&d=mm&r=g\",\"contentUrl\":\"https:\\\/\\\/secure.gravatar.com\\\/avatar\\\/b6992f131dc8d30ab0dff15446e9d346d9dbd95992de0fef795073f5ea83a81c?s=96&d=mm&r=g\",\"caption\":\"La Gu\u00eda de Pamplona\"}}]}<\/script>\n<!-- \/ Yoast SEO plugin. -->","yoast_head_json":{"title":"Del 17 al 31 de enero vuelve la danza contempor\u00e1nea a Civivox Iturrama con la XIV edici\u00f3n del festival \u2018DanZ\u2019","description":"Este a\u00f1o el festival, con presencia local, nacional e internacional, mantiene sus colaboraciones con la Fundaci\u00f3n Atena y la Red ATALAK","robots":{"index":"index","follow":"follow","max-snippet":"max-snippet:-1","max-image-preview":"max-image-preview:large","max-video-preview":"max-video-preview:-1"},"canonical":"https:\/\/www.laguiadepamplona.com\/actualidad\/del-17-al-31-de-enero-vuelve-la-danza-contemporanea-a-civivox-iturrama-con-la-xiv-edicion-del-festival-danz\/","og_locale":"es_ES","og_type":"article","og_title":"Del 17 al 31 de enero vuelve la danza contempor\u00e1nea a Civivox Iturrama con la XIV edici\u00f3n del festival \u2018DanZ\u2019","og_description":"Este a\u00f1o el festival, con presencia local, nacional e internacional, mantiene sus colaboraciones con la Fundaci\u00f3n Atena y la Red ATALAK","og_url":"https:\/\/www.laguiadepamplona.com\/actualidad\/del-17-al-31-de-enero-vuelve-la-danza-contemporanea-a-civivox-iturrama-con-la-xiv-edicion-del-festival-danz\/","og_site_name":"La Gu\u00eda de Pamplona","article_publisher":"https:\/\/www.facebook.com\/laguiadepamplonacom-133175176762273\/?ref=hl","article_published_time":"2023-01-13T11:46:42+00:00","article_modified_time":"2023-04-11T09:47:25+00:00","og_image":[{"width":870,"height":480,"url":"https:\/\/www.laguiadepamplona.com\/actualidad\/wp-content\/uploads\/2023\/01\/DanZ.-Temps-de-llum-6-870x480-1.jpg","type":"image\/jpeg"}],"author":"La Gu\u00eda de Pamplona","twitter_card":"summary_large_image","twitter_creator":"@LaGuiadPamplona","twitter_site":"@LaGuiadPamplona","twitter_misc":{"Escrito por":"La Gu\u00eda de Pamplona","Tiempo de lectura":"5 minutos"},"schema":{"@context":"https:\/\/schema.org","@graph":[{"@type":"Article","@id":"https:\/\/www.laguiadepamplona.com\/actualidad\/del-17-al-31-de-enero-vuelve-la-danza-contemporanea-a-civivox-iturrama-con-la-xiv-edicion-del-festival-danz\/#article","isPartOf":{"@id":"https:\/\/www.laguiadepamplona.com\/actualidad\/del-17-al-31-de-enero-vuelve-la-danza-contemporanea-a-civivox-iturrama-con-la-xiv-edicion-del-festival-danz\/"},"author":{"name":"La Gu\u00eda de Pamplona","@id":"https:\/\/www.laguiadepamplona.com\/actualidad\/#\/schema\/person\/efe887376f0213d4657c93adc50b1fdb"},"headline":"Del 17 al 31 de enero vuelve la danza contempor\u00e1nea a Civivox Iturrama con la XIV edici\u00f3n del festival \u2018DanZ\u2019","datePublished":"2023-01-13T11:46:42+00:00","dateModified":"2023-04-11T09:47:25+00:00","mainEntityOfPage":{"@id":"https:\/\/www.laguiadepamplona.com\/actualidad\/del-17-al-31-de-enero-vuelve-la-danza-contemporanea-a-civivox-iturrama-con-la-xiv-edicion-del-festival-danz\/"},"wordCount":1073,"commentCount":0,"publisher":{"@id":"https:\/\/www.laguiadepamplona.com\/actualidad\/#organization"},"image":{"@id":"https:\/\/www.laguiadepamplona.com\/actualidad\/del-17-al-31-de-enero-vuelve-la-danza-contemporanea-a-civivox-iturrama-con-la-xiv-edicion-del-festival-danz\/#primaryimage"},"thumbnailUrl":"https:\/\/www.laguiadepamplona.com\/actualidad\/wp-content\/uploads\/2023\/01\/DanZ.-Temps-de-llum-6-870x480-1.jpg","articleSection":["Ayto Pamplona"],"inLanguage":"es","potentialAction":[{"@type":"CommentAction","name":"Comment","target":["https:\/\/www.laguiadepamplona.com\/actualidad\/del-17-al-31-de-enero-vuelve-la-danza-contemporanea-a-civivox-iturrama-con-la-xiv-edicion-del-festival-danz\/#respond"]}]},{"@type":"WebPage","@id":"https:\/\/www.laguiadepamplona.com\/actualidad\/del-17-al-31-de-enero-vuelve-la-danza-contemporanea-a-civivox-iturrama-con-la-xiv-edicion-del-festival-danz\/","url":"https:\/\/www.laguiadepamplona.com\/actualidad\/del-17-al-31-de-enero-vuelve-la-danza-contemporanea-a-civivox-iturrama-con-la-xiv-edicion-del-festival-danz\/","name":"Del 17 al 31 de enero vuelve la danza contempor\u00e1nea a Civivox Iturrama con la XIV edici\u00f3n del festival \u2018DanZ\u2019","isPartOf":{"@id":"https:\/\/www.laguiadepamplona.com\/actualidad\/#website"},"primaryImageOfPage":{"@id":"https:\/\/www.laguiadepamplona.com\/actualidad\/del-17-al-31-de-enero-vuelve-la-danza-contemporanea-a-civivox-iturrama-con-la-xiv-edicion-del-festival-danz\/#primaryimage"},"image":{"@id":"https:\/\/www.laguiadepamplona.com\/actualidad\/del-17-al-31-de-enero-vuelve-la-danza-contemporanea-a-civivox-iturrama-con-la-xiv-edicion-del-festival-danz\/#primaryimage"},"thumbnailUrl":"https:\/\/www.laguiadepamplona.com\/actualidad\/wp-content\/uploads\/2023\/01\/DanZ.-Temps-de-llum-6-870x480-1.jpg","datePublished":"2023-01-13T11:46:42+00:00","dateModified":"2023-04-11T09:47:25+00:00","description":"Este a\u00f1o el festival, con presencia local, nacional e internacional, mantiene sus colaboraciones con la Fundaci\u00f3n Atena y la Red ATALAK","breadcrumb":{"@id":"https:\/\/www.laguiadepamplona.com\/actualidad\/del-17-al-31-de-enero-vuelve-la-danza-contemporanea-a-civivox-iturrama-con-la-xiv-edicion-del-festival-danz\/#breadcrumb"},"inLanguage":"es","potentialAction":[{"@type":"ReadAction","target":["https:\/\/www.laguiadepamplona.com\/actualidad\/del-17-al-31-de-enero-vuelve-la-danza-contemporanea-a-civivox-iturrama-con-la-xiv-edicion-del-festival-danz\/"]}]},{"@type":"ImageObject","inLanguage":"es","@id":"https:\/\/www.laguiadepamplona.com\/actualidad\/del-17-al-31-de-enero-vuelve-la-danza-contemporanea-a-civivox-iturrama-con-la-xiv-edicion-del-festival-danz\/#primaryimage","url":"https:\/\/www.laguiadepamplona.com\/actualidad\/wp-content\/uploads\/2023\/01\/DanZ.-Temps-de-llum-6-870x480-1.jpg","contentUrl":"https:\/\/www.laguiadepamplona.com\/actualidad\/wp-content\/uploads\/2023\/01\/DanZ.-Temps-de-llum-6-870x480-1.jpg","width":870,"height":480},{"@type":"BreadcrumbList","@id":"https:\/\/www.laguiadepamplona.com\/actualidad\/del-17-al-31-de-enero-vuelve-la-danza-contemporanea-a-civivox-iturrama-con-la-xiv-edicion-del-festival-danz\/#breadcrumb","itemListElement":[{"@type":"ListItem","position":1,"name":"Portada","item":"https:\/\/www.laguiadepamplona.com\/actualidad\/"},{"@type":"ListItem","position":2,"name":"Del 17 al 31 de enero vuelve la danza contempor\u00e1nea a Civivox Iturrama con la XIV edici\u00f3n del festival \u2018DanZ\u2019"}]},{"@type":"WebSite","@id":"https:\/\/www.laguiadepamplona.com\/actualidad\/#website","url":"https:\/\/www.laguiadepamplona.com\/actualidad\/","name":"La gu\u00eda de Pamplona","description":"Noticias de Pamplona","publisher":{"@id":"https:\/\/www.laguiadepamplona.com\/actualidad\/#organization"},"potentialAction":[{"@type":"SearchAction","target":{"@type":"EntryPoint","urlTemplate":"https:\/\/www.laguiadepamplona.com\/actualidad\/?s={search_term_string}"},"query-input":{"@type":"PropertyValueSpecification","valueRequired":true,"valueName":"search_term_string"}}],"inLanguage":"es"},{"@type":"Organization","@id":"https:\/\/www.laguiadepamplona.com\/actualidad\/#organization","name":"La Gu\u00eda de Pamplona \/ Noticias","url":"https:\/\/www.laguiadepamplona.com\/actualidad\/","logo":{"@type":"ImageObject","inLanguage":"es","@id":"https:\/\/www.laguiadepamplona.com\/actualidad\/#\/schema\/logo\/image\/","url":"https:\/\/www.laguiadepamplona.com\/actualidad\/wp-content\/uploads\/2018\/11\/logo-laguiadepamplona18-web1.png","contentUrl":"https:\/\/www.laguiadepamplona.com\/actualidad\/wp-content\/uploads\/2018\/11\/logo-laguiadepamplona18-web1.png","width":600,"height":196,"caption":"La Gu\u00eda de Pamplona \/ Noticias"},"image":{"@id":"https:\/\/www.laguiadepamplona.com\/actualidad\/#\/schema\/logo\/image\/"},"sameAs":["https:\/\/www.facebook.com\/laguiadepamplonacom-133175176762273\/?ref=hl","https:\/\/x.com\/LaGuiadPamplona","https:\/\/www.instagram.com\/la_guia_de_pamplona\/","https:\/\/www.youtube.com\/user\/laguiadepamplona"]},{"@type":"Person","@id":"https:\/\/www.laguiadepamplona.com\/actualidad\/#\/schema\/person\/efe887376f0213d4657c93adc50b1fdb","name":"La Gu\u00eda de Pamplona","image":{"@type":"ImageObject","inLanguage":"es","@id":"https:\/\/secure.gravatar.com\/avatar\/b6992f131dc8d30ab0dff15446e9d346d9dbd95992de0fef795073f5ea83a81c?s=96&d=mm&r=g","url":"https:\/\/secure.gravatar.com\/avatar\/b6992f131dc8d30ab0dff15446e9d346d9dbd95992de0fef795073f5ea83a81c?s=96&d=mm&r=g","contentUrl":"https:\/\/secure.gravatar.com\/avatar\/b6992f131dc8d30ab0dff15446e9d346d9dbd95992de0fef795073f5ea83a81c?s=96&d=mm&r=g","caption":"La Gu\u00eda de Pamplona"}}]}},"post_mailing_queue_ids":[],"_links":{"self":[{"href":"https:\/\/www.laguiadepamplona.com\/actualidad\/wp-json\/wp\/v2\/posts\/42569","targetHints":{"allow":["GET"]}}],"collection":[{"href":"https:\/\/www.laguiadepamplona.com\/actualidad\/wp-json\/wp\/v2\/posts"}],"about":[{"href":"https:\/\/www.laguiadepamplona.com\/actualidad\/wp-json\/wp\/v2\/types\/post"}],"author":[{"embeddable":true,"href":"https:\/\/www.laguiadepamplona.com\/actualidad\/wp-json\/wp\/v2\/users\/1"}],"replies":[{"embeddable":true,"href":"https:\/\/www.laguiadepamplona.com\/actualidad\/wp-json\/wp\/v2\/comments?post=42569"}],"version-history":[{"count":0,"href":"https:\/\/www.laguiadepamplona.com\/actualidad\/wp-json\/wp\/v2\/posts\/42569\/revisions"}],"wp:featuredmedia":[{"embeddable":true,"href":"https:\/\/www.laguiadepamplona.com\/actualidad\/wp-json\/wp\/v2\/media\/42570"}],"wp:attachment":[{"href":"https:\/\/www.laguiadepamplona.com\/actualidad\/wp-json\/wp\/v2\/media?parent=42569"}],"wp:term":[{"taxonomy":"category","embeddable":true,"href":"https:\/\/www.laguiadepamplona.com\/actualidad\/wp-json\/wp\/v2\/categories?post=42569"},{"taxonomy":"post_tag","embeddable":true,"href":"https:\/\/www.laguiadepamplona.com\/actualidad\/wp-json\/wp\/v2\/tags?post=42569"}],"curies":[{"name":"wp","href":"https:\/\/api.w.org\/{rel}","templated":true}]}}