{"id":42566,"date":"2023-01-13T13:44:57","date_gmt":"2023-01-13T11:44:57","guid":{"rendered":"https:\/\/www.laguiadepamplona.com\/actualidad\/?p=42566"},"modified":"2023-04-11T11:47:25","modified_gmt":"2023-04-11T09:47:25","slug":"el-aforador-de-navas-de-tolosa-registra-el-mayor-volumen-de-trafico-de-bicicletas-en-los-primeros-ocho-meses-de-medicion","status":"publish","type":"post","link":"https:\/\/www.laguiadepamplona.com\/actualidad\/el-aforador-de-navas-de-tolosa-registra-el-mayor-volumen-de-trafico-de-bicicletas-en-los-primeros-ocho-meses-de-medicion\/","title":{"rendered":"El aforador de Navas de Tolosa registra el mayor volumen de tr\u00e1fico de bicicletas en los primeros ocho meses de medici\u00f3n"},"content":{"rendered":"<h5>Se han contabilizado en total 1.801.373 tr\u00e1nsitos entre los meses de mayo y diciembre de 2022, de los cuales 508.219 corresponden a ese punto<\/h5>\n<p><!--more--><\/p>\n<p>Los siete puntos de medici\u00f3n de paso de bicicletas de la red ciclable de Pamplona han registrado 1.801.373 tr\u00e1nsitos entre los meses de mayo y diciembre del pasado a\u00f1o. El punto con mayor tr\u00e1nsito es el de Navas de Tolosa, con 508.219 pasos registrados. El Ayuntamiento est\u00e1 midiendo el n\u00famero de bicicletas y veh\u00edculos de movilidad personal que utilizan el carril bici en diversos puntos de la ciudad, con el fin de conocer su evoluci\u00f3n, dado que cada vez son m\u00e1s las personas que eligen este medio de transporte que favorece la calidad ambiental y la salud. Adem\u00e1s, el Consistorio impulsa la ampliaci\u00f3n de la red de carril bici, que ha crecido m\u00e1s de 13 kil\u00f3metros en los \u00faltimos a\u00f1os, a trav\u00e9s de la Estrategia \u2018Go Green\u2019 Pamplona de Transici\u00f3n Energ\u00e9tica y Cambio Clim\u00e1tico.<\/p>\n<p>Los puntos que miden el paso de las bicicletas se encuentran en la avenida de Gipuzkoa en el puente de Cuatrovientos, la avenida de Bayona, la calle Navas de Tolosa, la Vuelta del Castillo a la altura de la Casa de la Misericordia y la calle Valle de Eg\u00fc\u00e9s, en el Ensanche, junto a la colonia Argaray. Adem\u00e1s, hay dos puntos de registro en la avenida P\u00edo XII, uno en sentido salida de la ciudad, previo a su cruce con la Avenida de Navarra, y el segundo en sentido centro de la ciudad, a la altura del cruce con la calle Vuelta del Castillo. A estos siete puntos se uni\u00f3, el 23 de diciembre, el medidor de aforo de Labrit, que completa esta red en sus primeros ocho meses de existencia.<br \/>\n<script async src=\"\/\/pagead2.googlesyndication.com\/pagead\/js\/adsbygoogle.js\"><\/script><br \/>\n<!-- Noticias La Guia de Pamplona --><br \/>\n<ins class=\"adsbygoogle\"\nstyle=\"display:block\"\ndata-ad-client=\"ca-pub-6943679897239327\"\ndata-ad-slot=\"7048180777\"\ndata-ad-format=\"auto\"><\/ins><br \/>\n<script>\n(adsbygoogle = window.adsbygoogle || []).push({});\n<\/script><\/p>\n<p>El punto con mayor tr\u00e1nsito hasta el momento es Navas de Tolosa, con una media de 2.862 pasos ciclistas en d\u00edas laborables, siendo el 28 de octubre el d\u00eda en el que se ha registrado el m\u00e1ximo tr\u00e1nsito, lleg\u00e1ndose a contabilizar 3.458 bicicletas. Su carril bici, construido en 2020, da continuidad a los recorridos ciclistas entre el Casco Antiguo y los Ensanches, conecta con P\u00edo XII y con el eje Avda. de Bara\u00f1\u00e1in \u2013 Avda. de Bayona que ha sido desarrollado posteriormente. Los datos muestran que se trata de un itinerario de conexi\u00f3n prioritario.<\/p>\n<p>El segundo punto es la Vuelta del Castillo, con 267.054 registros en total y una media diaria en d\u00edas laborables de 1.857 bicicletas, seguido por la avenida de Gipuzkoa, con 233.601 y media de 1.750 pasos de bicicletas en d\u00edas laborables; a continuaci\u00f3n est\u00e1 la avenida de Bayona, con 228.966 registros totales y media de 1.762 pasos ciclistas y calle Valle de Eg\u00fc\u00e9s, con 232.502 y media de 1.751 pasos ciclistas en d\u00eda laborable. En todos estos enclaves se detecta un mayor uso en los meses de septiembre y octubre.<\/p>\n<p>Los puntos de registro situados en la avenida de P\u00edo XII, con 175.238 en sentido entrada y 155.793 en sentido salida, han tenido mayor porcentaje en los meses de junio y mayo, respectivamente. En la avenida, los dos carriles son de sentido \u00fanico y en ellos se ha detectado que un 14,4% de los pasos de bicicletas (21.234) han sido circulando indebidamente en sentido contrario, en el carril de entrada a la ciudad, y un 19,7% de los tr\u00e1nsitos registrados (25.384) han sido en sentido contrario, en el carril de salida de la ciudad.<br \/>\n<script async src=\"\/\/pagead2.googlesyndication.com\/pagead\/js\/adsbygoogle.js\"><\/script><br \/>\n<!-- Noticias La Guia de Pamplona --><br \/>\n<ins class=\"adsbygoogle\"\nstyle=\"display:block\"\ndata-ad-client=\"ca-pub-6943679897239327\"\ndata-ad-slot=\"7048180777\"\ndata-ad-format=\"auto\"><\/ins><br \/>\n<script>\n(adsbygoogle = window.adsbygoogle || []).push({});\n<\/script><\/p>\n<p><strong>Pauta y evoluci\u00f3n de la movilidad ciclista<\/strong><\/p>\n<p>En las sumas por meses, septiembre es el mes con mayor n\u00famero de registros en el conjunto de los puntos de aforo, seguido por octubre, mayo, junio, noviembre, agosto y diciembre, con julio como el mes con menor n\u00famero de registros, por la influencia de las fiestas y las vacaciones estivales. La cifra m\u00e1s alta registrada en un aforador corresponde al mes de septiembre en Navas de Tolosa, 77.207, contrastando con los 46.268 registros en el mes de julio en ese mismo punto. Lo que muestra que existe una cierta pauta estacional, aunque es significativo el 59,92% de estabilidad en el uso de la bicicleta a lo largo del a\u00f1o 2022. Para obtener conclusiones m\u00e1s completas ser\u00e1 necesario completar las mediciones durante todos los meses del a\u00f1o, ya que con las mediciones de mayo a diciembre la mejor \u00e9poca para las bicicletas es el oto\u00f1o, pero podr\u00eda ser tambi\u00e9n la primavera.<\/p>\n<p>Respecto a las rutinas de uso, la bicicleta se utiliza principalmente en desplazamientos cotidianos, puesto que las cifras son m\u00e1s elevadas entre semana que el fin de semana. Con los datos recopilados se constata que es en horas punta, momentos en que se producen los desplazamientos habituales a los lugares de trabajo y de estudio, cuando se registran las cifras m\u00e1s altas. Siguiendo con el ejemplo de Navas de Tolosa y una de las semanas con m\u00e1s utilizaci\u00f3n de la bicicleta registrada, del 17 al 23 de septiembre con 19.924 pasos registrados, el porcentaje de paso de bicicletas entre las 8 y las 10 de la ma\u00f1ana ha sido de 12%, entre las 14 y las 16 del 17%, y entre las 18 y las 20 del 13%, lo que supone el 42% en total sobre los registros del d\u00eda completo.<br \/>\n<script async src=\"\/\/pagead2.googlesyndication.com\/pagead\/js\/adsbygoogle.js\"><\/script><br \/>\n<!-- Noticias La Guia de Pamplona --><br \/>\n<ins class=\"adsbygoogle\"\nstyle=\"display:block\"\ndata-ad-client=\"ca-pub-6943679897239327\"\ndata-ad-slot=\"7048180777\"\ndata-ad-format=\"auto\"><\/ins><br \/>\n<script>\n(adsbygoogle = window.adsbygoogle || []).push({});\n<\/script><\/p>\n<p>Las mediciones se han realizado con aforadores de tecnolog\u00eda de radar que monitorizan el tr\u00e1fico del carril de forma no invasiva realizando con gran precisi\u00f3n el conteo de las bicicletas y veh\u00edculos de movilidad personal que circulen por el carril bici. Funcionan las 24 horas del d\u00eda sin interrupciones. Los datos obtenidos se recogen en una plataforma de gesti\u00f3n de la informaci\u00f3n, que arroja datos significativos para futuras estrategias en torno a la movilidad sostenible. Su suministro y mantenimiento est\u00e1 contratado a la empresa navarra Anteral SL a partir de su participaci\u00f3n en el programa \u2018Pamplona Smart Labs\u2019 desde el que se promueve el desarrollo de nuevas aplicaciones tecnol\u00f3gicas, con Pamplona como laboratorio urbano, para consolidar propuestas innovadoras al servicio de una gesti\u00f3n urbana digital e inteligente.<\/p>\n<p>Durante el desarrollo de dicho programa en su edici\u00f3n de 2019, estuvieron instalados dos medidores semejantes a los que actualmente est\u00e1n ubicados en los mismos puntos de medici\u00f3n de la avenida P\u00edo XII, en los meses de junio, julio, agosto y septiembre. A trav\u00e9s de los datos recogidos entonces y los que se han obtenido en el a\u00f1o 2022 se deduce que el uso de la bicicleta se ha podido duplicar en 3 a\u00f1os, ya que, seg\u00fan los registros en esta avenida en sentido salida (junto a la avenida de Navarra), en el a\u00f1o 2019, en la segunda semana de septiembre, se registr\u00f3 el paso de 3.353 bicicletas, y en la misma segunda semana de septiembre de 2022, se ha registrado el paso de 5.802 bicicletas, lo que en ese punto y semana concretas supone un incremento del 73%.<\/p>\n<p>Estos datos muestran que la ciudadan\u00eda est\u00e1 apostando cada vez m\u00e1s por este medio de transporte saludable y sostenible, contribuyendo a una mayor calidad ambiental y salud global, no solo para las personas que utilizan la bicicleta, sino tambi\u00e9n para el conjunto de quienes residen y visitan Pamplona, ya que un mayor uso de la bicicleta en detrimento del transporte motorizado, favorece la buena calidad de aire y la reducci\u00f3n del ruido ambiental. Una red ciclable segregada, cada vez m\u00e1s amplia y conectada, puede contribuir adem\u00e1s a reducir las probabilidades de accidentes de tr\u00e1fico y a evitar las interferencias entre peatones y bicicletas.<\/p>\n","protected":false},"excerpt":{"rendered":"<p>Se han contabilizado en total 1.801.373 tr\u00e1nsitos entre los meses de mayo y diciembre de 2022, de los cuales 508.219 corresponden a ese punto<\/p>\n","protected":false},"author":1,"featured_media":42567,"comment_status":"open","ping_status":"closed","sticky":false,"template":"","format":"standard","meta":{"footnotes":""},"categories":[2],"tags":[],"class_list":["post-42566","post","type-post","status-publish","format-standard","has-post-thumbnail","hentry","category-ayuntamiento-pamplona"],"yoast_head":"<!-- This site is optimized with the Yoast SEO plugin v27.5 - https:\/\/yoast.com\/product\/yoast-seo-wordpress\/ -->\n<title>El aforador de Navas de Tolosa registra el mayor volumen de tr\u00e1fico de bicicletas en los primeros ocho meses de medici\u00f3n<\/title>\n<meta name=\"description\" content=\"Se han contabilizado en total 1.801.373 tr\u00e1nsitos entre los meses de mayo y diciembre de 2022, de los cuales 508.219 corresponden a ese punto\" \/>\n<meta name=\"robots\" content=\"index, follow, max-snippet:-1, max-image-preview:large, max-video-preview:-1\" \/>\n<link rel=\"canonical\" href=\"https:\/\/www.laguiadepamplona.com\/actualidad\/el-aforador-de-navas-de-tolosa-registra-el-mayor-volumen-de-trafico-de-bicicletas-en-los-primeros-ocho-meses-de-medicion\/\" \/>\n<meta property=\"og:locale\" content=\"es_ES\" \/>\n<meta property=\"og:type\" content=\"article\" \/>\n<meta property=\"og:title\" content=\"El aforador de Navas de Tolosa registra el mayor volumen de tr\u00e1fico de bicicletas en los primeros ocho meses de medici\u00f3n\" \/>\n<meta property=\"og:description\" content=\"Se han contabilizado en total 1.801.373 tr\u00e1nsitos entre los meses de mayo y diciembre de 2022, de los cuales 508.219 corresponden a ese punto\" \/>\n<meta property=\"og:url\" content=\"https:\/\/www.laguiadepamplona.com\/actualidad\/el-aforador-de-navas-de-tolosa-registra-el-mayor-volumen-de-trafico-de-bicicletas-en-los-primeros-ocho-meses-de-medicion\/\" \/>\n<meta property=\"og:site_name\" content=\"La Gu\u00eda de Pamplona\" \/>\n<meta property=\"article:publisher\" content=\"https:\/\/www.facebook.com\/laguiadepamplonacom-133175176762273\/?ref=hl\" \/>\n<meta property=\"article:published_time\" content=\"2023-01-13T11:44:57+00:00\" \/>\n<meta property=\"article:modified_time\" content=\"2023-04-11T09:47:25+00:00\" \/>\n<meta property=\"og:image\" content=\"https:\/\/www.laguiadepamplona.com\/actualidad\/wp-content\/uploads\/2023\/01\/bici2_1.jpg\" \/>\n\t<meta property=\"og:image:width\" content=\"1340\" \/>\n\t<meta property=\"og:image:height\" content=\"781\" \/>\n\t<meta property=\"og:image:type\" content=\"image\/jpeg\" \/>\n<meta name=\"author\" content=\"La Gu\u00eda de Pamplona\" \/>\n<meta name=\"twitter:card\" content=\"summary_large_image\" \/>\n<meta name=\"twitter:creator\" content=\"@LaGuiadPamplona\" \/>\n<meta name=\"twitter:site\" content=\"@LaGuiadPamplona\" \/>\n<meta name=\"twitter:label1\" content=\"Escrito por\" \/>\n\t<meta name=\"twitter:data1\" content=\"La Gu\u00eda de Pamplona\" \/>\n\t<meta name=\"twitter:label2\" content=\"Tiempo de lectura\" \/>\n\t<meta name=\"twitter:data2\" content=\"6 minutos\" \/>\n<script type=\"application\/ld+json\" class=\"yoast-schema-graph\">{\"@context\":\"https:\\\/\\\/schema.org\",\"@graph\":[{\"@type\":\"Article\",\"@id\":\"https:\\\/\\\/www.laguiadepamplona.com\\\/actualidad\\\/el-aforador-de-navas-de-tolosa-registra-el-mayor-volumen-de-trafico-de-bicicletas-en-los-primeros-ocho-meses-de-medicion\\\/#article\",\"isPartOf\":{\"@id\":\"https:\\\/\\\/www.laguiadepamplona.com\\\/actualidad\\\/el-aforador-de-navas-de-tolosa-registra-el-mayor-volumen-de-trafico-de-bicicletas-en-los-primeros-ocho-meses-de-medicion\\\/\"},\"author\":{\"name\":\"La Gu\u00eda de Pamplona\",\"@id\":\"https:\\\/\\\/www.laguiadepamplona.com\\\/actualidad\\\/#\\\/schema\\\/person\\\/efe887376f0213d4657c93adc50b1fdb\"},\"headline\":\"El aforador de Navas de Tolosa registra el mayor volumen de tr\u00e1fico de bicicletas en los primeros ocho meses de medici\u00f3n\",\"datePublished\":\"2023-01-13T11:44:57+00:00\",\"dateModified\":\"2023-04-11T09:47:25+00:00\",\"mainEntityOfPage\":{\"@id\":\"https:\\\/\\\/www.laguiadepamplona.com\\\/actualidad\\\/el-aforador-de-navas-de-tolosa-registra-el-mayor-volumen-de-trafico-de-bicicletas-en-los-primeros-ocho-meses-de-medicion\\\/\"},\"wordCount\":1285,\"commentCount\":0,\"publisher\":{\"@id\":\"https:\\\/\\\/www.laguiadepamplona.com\\\/actualidad\\\/#organization\"},\"image\":{\"@id\":\"https:\\\/\\\/www.laguiadepamplona.com\\\/actualidad\\\/el-aforador-de-navas-de-tolosa-registra-el-mayor-volumen-de-trafico-de-bicicletas-en-los-primeros-ocho-meses-de-medicion\\\/#primaryimage\"},\"thumbnailUrl\":\"https:\\\/\\\/www.laguiadepamplona.com\\\/actualidad\\\/wp-content\\\/uploads\\\/2023\\\/01\\\/bici2_1.jpg\",\"articleSection\":[\"Ayto Pamplona\"],\"inLanguage\":\"es\",\"potentialAction\":[{\"@type\":\"CommentAction\",\"name\":\"Comment\",\"target\":[\"https:\\\/\\\/www.laguiadepamplona.com\\\/actualidad\\\/el-aforador-de-navas-de-tolosa-registra-el-mayor-volumen-de-trafico-de-bicicletas-en-los-primeros-ocho-meses-de-medicion\\\/#respond\"]}]},{\"@type\":\"WebPage\",\"@id\":\"https:\\\/\\\/www.laguiadepamplona.com\\\/actualidad\\\/el-aforador-de-navas-de-tolosa-registra-el-mayor-volumen-de-trafico-de-bicicletas-en-los-primeros-ocho-meses-de-medicion\\\/\",\"url\":\"https:\\\/\\\/www.laguiadepamplona.com\\\/actualidad\\\/el-aforador-de-navas-de-tolosa-registra-el-mayor-volumen-de-trafico-de-bicicletas-en-los-primeros-ocho-meses-de-medicion\\\/\",\"name\":\"El aforador de Navas de Tolosa registra el mayor volumen de tr\u00e1fico de bicicletas en los primeros ocho meses de medici\u00f3n\",\"isPartOf\":{\"@id\":\"https:\\\/\\\/www.laguiadepamplona.com\\\/actualidad\\\/#website\"},\"primaryImageOfPage\":{\"@id\":\"https:\\\/\\\/www.laguiadepamplona.com\\\/actualidad\\\/el-aforador-de-navas-de-tolosa-registra-el-mayor-volumen-de-trafico-de-bicicletas-en-los-primeros-ocho-meses-de-medicion\\\/#primaryimage\"},\"image\":{\"@id\":\"https:\\\/\\\/www.laguiadepamplona.com\\\/actualidad\\\/el-aforador-de-navas-de-tolosa-registra-el-mayor-volumen-de-trafico-de-bicicletas-en-los-primeros-ocho-meses-de-medicion\\\/#primaryimage\"},\"thumbnailUrl\":\"https:\\\/\\\/www.laguiadepamplona.com\\\/actualidad\\\/wp-content\\\/uploads\\\/2023\\\/01\\\/bici2_1.jpg\",\"datePublished\":\"2023-01-13T11:44:57+00:00\",\"dateModified\":\"2023-04-11T09:47:25+00:00\",\"description\":\"Se han contabilizado en total 1.801.373 tr\u00e1nsitos entre los meses de mayo y diciembre de 2022, de los cuales 508.219 corresponden a ese punto\",\"breadcrumb\":{\"@id\":\"https:\\\/\\\/www.laguiadepamplona.com\\\/actualidad\\\/el-aforador-de-navas-de-tolosa-registra-el-mayor-volumen-de-trafico-de-bicicletas-en-los-primeros-ocho-meses-de-medicion\\\/#breadcrumb\"},\"inLanguage\":\"es\",\"potentialAction\":[{\"@type\":\"ReadAction\",\"target\":[\"https:\\\/\\\/www.laguiadepamplona.com\\\/actualidad\\\/el-aforador-de-navas-de-tolosa-registra-el-mayor-volumen-de-trafico-de-bicicletas-en-los-primeros-ocho-meses-de-medicion\\\/\"]}]},{\"@type\":\"ImageObject\",\"inLanguage\":\"es\",\"@id\":\"https:\\\/\\\/www.laguiadepamplona.com\\\/actualidad\\\/el-aforador-de-navas-de-tolosa-registra-el-mayor-volumen-de-trafico-de-bicicletas-en-los-primeros-ocho-meses-de-medicion\\\/#primaryimage\",\"url\":\"https:\\\/\\\/www.laguiadepamplona.com\\\/actualidad\\\/wp-content\\\/uploads\\\/2023\\\/01\\\/bici2_1.jpg\",\"contentUrl\":\"https:\\\/\\\/www.laguiadepamplona.com\\\/actualidad\\\/wp-content\\\/uploads\\\/2023\\\/01\\\/bici2_1.jpg\",\"width\":1340,\"height\":781},{\"@type\":\"BreadcrumbList\",\"@id\":\"https:\\\/\\\/www.laguiadepamplona.com\\\/actualidad\\\/el-aforador-de-navas-de-tolosa-registra-el-mayor-volumen-de-trafico-de-bicicletas-en-los-primeros-ocho-meses-de-medicion\\\/#breadcrumb\",\"itemListElement\":[{\"@type\":\"ListItem\",\"position\":1,\"name\":\"Portada\",\"item\":\"https:\\\/\\\/www.laguiadepamplona.com\\\/actualidad\\\/\"},{\"@type\":\"ListItem\",\"position\":2,\"name\":\"El aforador de Navas de Tolosa registra el mayor volumen de tr\u00e1fico de bicicletas en los primeros ocho meses de medici\u00f3n\"}]},{\"@type\":\"WebSite\",\"@id\":\"https:\\\/\\\/www.laguiadepamplona.com\\\/actualidad\\\/#website\",\"url\":\"https:\\\/\\\/www.laguiadepamplona.com\\\/actualidad\\\/\",\"name\":\"La gu\u00eda de Pamplona\",\"description\":\"Noticias de Pamplona\",\"publisher\":{\"@id\":\"https:\\\/\\\/www.laguiadepamplona.com\\\/actualidad\\\/#organization\"},\"potentialAction\":[{\"@type\":\"SearchAction\",\"target\":{\"@type\":\"EntryPoint\",\"urlTemplate\":\"https:\\\/\\\/www.laguiadepamplona.com\\\/actualidad\\\/?s={search_term_string}\"},\"query-input\":{\"@type\":\"PropertyValueSpecification\",\"valueRequired\":true,\"valueName\":\"search_term_string\"}}],\"inLanguage\":\"es\"},{\"@type\":\"Organization\",\"@id\":\"https:\\\/\\\/www.laguiadepamplona.com\\\/actualidad\\\/#organization\",\"name\":\"La Gu\u00eda de Pamplona \\\/ Noticias\",\"url\":\"https:\\\/\\\/www.laguiadepamplona.com\\\/actualidad\\\/\",\"logo\":{\"@type\":\"ImageObject\",\"inLanguage\":\"es\",\"@id\":\"https:\\\/\\\/www.laguiadepamplona.com\\\/actualidad\\\/#\\\/schema\\\/logo\\\/image\\\/\",\"url\":\"https:\\\/\\\/www.laguiadepamplona.com\\\/actualidad\\\/wp-content\\\/uploads\\\/2018\\\/11\\\/logo-laguiadepamplona18-web1.png\",\"contentUrl\":\"https:\\\/\\\/www.laguiadepamplona.com\\\/actualidad\\\/wp-content\\\/uploads\\\/2018\\\/11\\\/logo-laguiadepamplona18-web1.png\",\"width\":600,\"height\":196,\"caption\":\"La Gu\u00eda de Pamplona \\\/ Noticias\"},\"image\":{\"@id\":\"https:\\\/\\\/www.laguiadepamplona.com\\\/actualidad\\\/#\\\/schema\\\/logo\\\/image\\\/\"},\"sameAs\":[\"https:\\\/\\\/www.facebook.com\\\/laguiadepamplonacom-133175176762273\\\/?ref=hl\",\"https:\\\/\\\/x.com\\\/LaGuiadPamplona\",\"https:\\\/\\\/www.instagram.com\\\/la_guia_de_pamplona\\\/\",\"https:\\\/\\\/www.youtube.com\\\/user\\\/laguiadepamplona\"]},{\"@type\":\"Person\",\"@id\":\"https:\\\/\\\/www.laguiadepamplona.com\\\/actualidad\\\/#\\\/schema\\\/person\\\/efe887376f0213d4657c93adc50b1fdb\",\"name\":\"La Gu\u00eda de Pamplona\",\"image\":{\"@type\":\"ImageObject\",\"inLanguage\":\"es\",\"@id\":\"https:\\\/\\\/secure.gravatar.com\\\/avatar\\\/b6992f131dc8d30ab0dff15446e9d346d9dbd95992de0fef795073f5ea83a81c?s=96&d=mm&r=g\",\"url\":\"https:\\\/\\\/secure.gravatar.com\\\/avatar\\\/b6992f131dc8d30ab0dff15446e9d346d9dbd95992de0fef795073f5ea83a81c?s=96&d=mm&r=g\",\"contentUrl\":\"https:\\\/\\\/secure.gravatar.com\\\/avatar\\\/b6992f131dc8d30ab0dff15446e9d346d9dbd95992de0fef795073f5ea83a81c?s=96&d=mm&r=g\",\"caption\":\"La Gu\u00eda de Pamplona\"}}]}<\/script>\n<!-- \/ Yoast SEO plugin. -->","yoast_head_json":{"title":"El aforador de Navas de Tolosa registra el mayor volumen de tr\u00e1fico de bicicletas en los primeros ocho meses de medici\u00f3n","description":"Se han contabilizado en total 1.801.373 tr\u00e1nsitos entre los meses de mayo y diciembre de 2022, de los cuales 508.219 corresponden a ese punto","robots":{"index":"index","follow":"follow","max-snippet":"max-snippet:-1","max-image-preview":"max-image-preview:large","max-video-preview":"max-video-preview:-1"},"canonical":"https:\/\/www.laguiadepamplona.com\/actualidad\/el-aforador-de-navas-de-tolosa-registra-el-mayor-volumen-de-trafico-de-bicicletas-en-los-primeros-ocho-meses-de-medicion\/","og_locale":"es_ES","og_type":"article","og_title":"El aforador de Navas de Tolosa registra el mayor volumen de tr\u00e1fico de bicicletas en los primeros ocho meses de medici\u00f3n","og_description":"Se han contabilizado en total 1.801.373 tr\u00e1nsitos entre los meses de mayo y diciembre de 2022, de los cuales 508.219 corresponden a ese punto","og_url":"https:\/\/www.laguiadepamplona.com\/actualidad\/el-aforador-de-navas-de-tolosa-registra-el-mayor-volumen-de-trafico-de-bicicletas-en-los-primeros-ocho-meses-de-medicion\/","og_site_name":"La Gu\u00eda de Pamplona","article_publisher":"https:\/\/www.facebook.com\/laguiadepamplonacom-133175176762273\/?ref=hl","article_published_time":"2023-01-13T11:44:57+00:00","article_modified_time":"2023-04-11T09:47:25+00:00","og_image":[{"width":1340,"height":781,"url":"https:\/\/www.laguiadepamplona.com\/actualidad\/wp-content\/uploads\/2023\/01\/bici2_1.jpg","type":"image\/jpeg"}],"author":"La Gu\u00eda de Pamplona","twitter_card":"summary_large_image","twitter_creator":"@LaGuiadPamplona","twitter_site":"@LaGuiadPamplona","twitter_misc":{"Escrito por":"La Gu\u00eda de Pamplona","Tiempo de lectura":"6 minutos"},"schema":{"@context":"https:\/\/schema.org","@graph":[{"@type":"Article","@id":"https:\/\/www.laguiadepamplona.com\/actualidad\/el-aforador-de-navas-de-tolosa-registra-el-mayor-volumen-de-trafico-de-bicicletas-en-los-primeros-ocho-meses-de-medicion\/#article","isPartOf":{"@id":"https:\/\/www.laguiadepamplona.com\/actualidad\/el-aforador-de-navas-de-tolosa-registra-el-mayor-volumen-de-trafico-de-bicicletas-en-los-primeros-ocho-meses-de-medicion\/"},"author":{"name":"La Gu\u00eda de Pamplona","@id":"https:\/\/www.laguiadepamplona.com\/actualidad\/#\/schema\/person\/efe887376f0213d4657c93adc50b1fdb"},"headline":"El aforador de Navas de Tolosa registra el mayor volumen de tr\u00e1fico de bicicletas en los primeros ocho meses de medici\u00f3n","datePublished":"2023-01-13T11:44:57+00:00","dateModified":"2023-04-11T09:47:25+00:00","mainEntityOfPage":{"@id":"https:\/\/www.laguiadepamplona.com\/actualidad\/el-aforador-de-navas-de-tolosa-registra-el-mayor-volumen-de-trafico-de-bicicletas-en-los-primeros-ocho-meses-de-medicion\/"},"wordCount":1285,"commentCount":0,"publisher":{"@id":"https:\/\/www.laguiadepamplona.com\/actualidad\/#organization"},"image":{"@id":"https:\/\/www.laguiadepamplona.com\/actualidad\/el-aforador-de-navas-de-tolosa-registra-el-mayor-volumen-de-trafico-de-bicicletas-en-los-primeros-ocho-meses-de-medicion\/#primaryimage"},"thumbnailUrl":"https:\/\/www.laguiadepamplona.com\/actualidad\/wp-content\/uploads\/2023\/01\/bici2_1.jpg","articleSection":["Ayto Pamplona"],"inLanguage":"es","potentialAction":[{"@type":"CommentAction","name":"Comment","target":["https:\/\/www.laguiadepamplona.com\/actualidad\/el-aforador-de-navas-de-tolosa-registra-el-mayor-volumen-de-trafico-de-bicicletas-en-los-primeros-ocho-meses-de-medicion\/#respond"]}]},{"@type":"WebPage","@id":"https:\/\/www.laguiadepamplona.com\/actualidad\/el-aforador-de-navas-de-tolosa-registra-el-mayor-volumen-de-trafico-de-bicicletas-en-los-primeros-ocho-meses-de-medicion\/","url":"https:\/\/www.laguiadepamplona.com\/actualidad\/el-aforador-de-navas-de-tolosa-registra-el-mayor-volumen-de-trafico-de-bicicletas-en-los-primeros-ocho-meses-de-medicion\/","name":"El aforador de Navas de Tolosa registra el mayor volumen de tr\u00e1fico de bicicletas en los primeros ocho meses de medici\u00f3n","isPartOf":{"@id":"https:\/\/www.laguiadepamplona.com\/actualidad\/#website"},"primaryImageOfPage":{"@id":"https:\/\/www.laguiadepamplona.com\/actualidad\/el-aforador-de-navas-de-tolosa-registra-el-mayor-volumen-de-trafico-de-bicicletas-en-los-primeros-ocho-meses-de-medicion\/#primaryimage"},"image":{"@id":"https:\/\/www.laguiadepamplona.com\/actualidad\/el-aforador-de-navas-de-tolosa-registra-el-mayor-volumen-de-trafico-de-bicicletas-en-los-primeros-ocho-meses-de-medicion\/#primaryimage"},"thumbnailUrl":"https:\/\/www.laguiadepamplona.com\/actualidad\/wp-content\/uploads\/2023\/01\/bici2_1.jpg","datePublished":"2023-01-13T11:44:57+00:00","dateModified":"2023-04-11T09:47:25+00:00","description":"Se han contabilizado en total 1.801.373 tr\u00e1nsitos entre los meses de mayo y diciembre de 2022, de los cuales 508.219 corresponden a ese punto","breadcrumb":{"@id":"https:\/\/www.laguiadepamplona.com\/actualidad\/el-aforador-de-navas-de-tolosa-registra-el-mayor-volumen-de-trafico-de-bicicletas-en-los-primeros-ocho-meses-de-medicion\/#breadcrumb"},"inLanguage":"es","potentialAction":[{"@type":"ReadAction","target":["https:\/\/www.laguiadepamplona.com\/actualidad\/el-aforador-de-navas-de-tolosa-registra-el-mayor-volumen-de-trafico-de-bicicletas-en-los-primeros-ocho-meses-de-medicion\/"]}]},{"@type":"ImageObject","inLanguage":"es","@id":"https:\/\/www.laguiadepamplona.com\/actualidad\/el-aforador-de-navas-de-tolosa-registra-el-mayor-volumen-de-trafico-de-bicicletas-en-los-primeros-ocho-meses-de-medicion\/#primaryimage","url":"https:\/\/www.laguiadepamplona.com\/actualidad\/wp-content\/uploads\/2023\/01\/bici2_1.jpg","contentUrl":"https:\/\/www.laguiadepamplona.com\/actualidad\/wp-content\/uploads\/2023\/01\/bici2_1.jpg","width":1340,"height":781},{"@type":"BreadcrumbList","@id":"https:\/\/www.laguiadepamplona.com\/actualidad\/el-aforador-de-navas-de-tolosa-registra-el-mayor-volumen-de-trafico-de-bicicletas-en-los-primeros-ocho-meses-de-medicion\/#breadcrumb","itemListElement":[{"@type":"ListItem","position":1,"name":"Portada","item":"https:\/\/www.laguiadepamplona.com\/actualidad\/"},{"@type":"ListItem","position":2,"name":"El aforador de Navas de Tolosa registra el mayor volumen de tr\u00e1fico de bicicletas en los primeros ocho meses de medici\u00f3n"}]},{"@type":"WebSite","@id":"https:\/\/www.laguiadepamplona.com\/actualidad\/#website","url":"https:\/\/www.laguiadepamplona.com\/actualidad\/","name":"La gu\u00eda de Pamplona","description":"Noticias de Pamplona","publisher":{"@id":"https:\/\/www.laguiadepamplona.com\/actualidad\/#organization"},"potentialAction":[{"@type":"SearchAction","target":{"@type":"EntryPoint","urlTemplate":"https:\/\/www.laguiadepamplona.com\/actualidad\/?s={search_term_string}"},"query-input":{"@type":"PropertyValueSpecification","valueRequired":true,"valueName":"search_term_string"}}],"inLanguage":"es"},{"@type":"Organization","@id":"https:\/\/www.laguiadepamplona.com\/actualidad\/#organization","name":"La Gu\u00eda de Pamplona \/ Noticias","url":"https:\/\/www.laguiadepamplona.com\/actualidad\/","logo":{"@type":"ImageObject","inLanguage":"es","@id":"https:\/\/www.laguiadepamplona.com\/actualidad\/#\/schema\/logo\/image\/","url":"https:\/\/www.laguiadepamplona.com\/actualidad\/wp-content\/uploads\/2018\/11\/logo-laguiadepamplona18-web1.png","contentUrl":"https:\/\/www.laguiadepamplona.com\/actualidad\/wp-content\/uploads\/2018\/11\/logo-laguiadepamplona18-web1.png","width":600,"height":196,"caption":"La Gu\u00eda de Pamplona \/ Noticias"},"image":{"@id":"https:\/\/www.laguiadepamplona.com\/actualidad\/#\/schema\/logo\/image\/"},"sameAs":["https:\/\/www.facebook.com\/laguiadepamplonacom-133175176762273\/?ref=hl","https:\/\/x.com\/LaGuiadPamplona","https:\/\/www.instagram.com\/la_guia_de_pamplona\/","https:\/\/www.youtube.com\/user\/laguiadepamplona"]},{"@type":"Person","@id":"https:\/\/www.laguiadepamplona.com\/actualidad\/#\/schema\/person\/efe887376f0213d4657c93adc50b1fdb","name":"La Gu\u00eda de Pamplona","image":{"@type":"ImageObject","inLanguage":"es","@id":"https:\/\/secure.gravatar.com\/avatar\/b6992f131dc8d30ab0dff15446e9d346d9dbd95992de0fef795073f5ea83a81c?s=96&d=mm&r=g","url":"https:\/\/secure.gravatar.com\/avatar\/b6992f131dc8d30ab0dff15446e9d346d9dbd95992de0fef795073f5ea83a81c?s=96&d=mm&r=g","contentUrl":"https:\/\/secure.gravatar.com\/avatar\/b6992f131dc8d30ab0dff15446e9d346d9dbd95992de0fef795073f5ea83a81c?s=96&d=mm&r=g","caption":"La Gu\u00eda de Pamplona"}}]}},"post_mailing_queue_ids":[],"_links":{"self":[{"href":"https:\/\/www.laguiadepamplona.com\/actualidad\/wp-json\/wp\/v2\/posts\/42566","targetHints":{"allow":["GET"]}}],"collection":[{"href":"https:\/\/www.laguiadepamplona.com\/actualidad\/wp-json\/wp\/v2\/posts"}],"about":[{"href":"https:\/\/www.laguiadepamplona.com\/actualidad\/wp-json\/wp\/v2\/types\/post"}],"author":[{"embeddable":true,"href":"https:\/\/www.laguiadepamplona.com\/actualidad\/wp-json\/wp\/v2\/users\/1"}],"replies":[{"embeddable":true,"href":"https:\/\/www.laguiadepamplona.com\/actualidad\/wp-json\/wp\/v2\/comments?post=42566"}],"version-history":[{"count":0,"href":"https:\/\/www.laguiadepamplona.com\/actualidad\/wp-json\/wp\/v2\/posts\/42566\/revisions"}],"wp:featuredmedia":[{"embeddable":true,"href":"https:\/\/www.laguiadepamplona.com\/actualidad\/wp-json\/wp\/v2\/media\/42567"}],"wp:attachment":[{"href":"https:\/\/www.laguiadepamplona.com\/actualidad\/wp-json\/wp\/v2\/media?parent=42566"}],"wp:term":[{"taxonomy":"category","embeddable":true,"href":"https:\/\/www.laguiadepamplona.com\/actualidad\/wp-json\/wp\/v2\/categories?post=42566"},{"taxonomy":"post_tag","embeddable":true,"href":"https:\/\/www.laguiadepamplona.com\/actualidad\/wp-json\/wp\/v2\/tags?post=42566"}],"curies":[{"name":"wp","href":"https:\/\/api.w.org\/{rel}","templated":true}]}}