{"id":42563,"date":"2023-01-11T16:59:52","date_gmt":"2023-01-11T14:59:52","guid":{"rendered":"https:\/\/www.laguiadepamplona.com\/actualidad\/?p=42563"},"modified":"2023-04-11T11:47:25","modified_gmt":"2023-04-11T09:47:25","slug":"el-plan-especial-de-actuacion-urbana-en-milagrosa-preve-tres-plazas-una-dotacion-cultural-un-paseo-central-en-el-entorno-del-cp-victor-pradera-paderborn-y-242-viviendas","status":"publish","type":"post","link":"https:\/\/www.laguiadepamplona.com\/actualidad\/el-plan-especial-de-actuacion-urbana-en-milagrosa-preve-tres-plazas-una-dotacion-cultural-un-paseo-central-en-el-entorno-del-cp-victor-pradera-paderborn-y-242-viviendas\/","title":{"rendered":"El Plan Especial de Actuaci\u00f3n Urbana en Milagrosa prev\u00e9 tres plazas, una dotaci\u00f3n cultural, un paseo central en el entorno del CP V\u00edctor Pradera \u2013 Paderborn y 242 viviendas"},"content":{"rendered":"<h5>La Comisi\u00f3n de Urbanismo del Ayuntamiento ha dado hoy el visto bueno para el pase a Pleno del documento definitivo del PEAU<\/h5>\n<p><!--more--><\/p>\n<p>La Comisi\u00f3n de Urbanismo municipal ha dado el visto bueno definitivo hoy mi\u00e9rcoles 11 de enero al Plan Especial de Actuaci\u00f3n Urbana (PEAU) en Milagrosa, un documento que se centra en Milagrosa y Santa Mar\u00eda la Real y afecta, adem\u00e1s a algunas zonas de Arrosad\u00eda<span style=\"text-decoration: line-through;\">.<\/span><\/p>\n<p>La propuesta del PEAU en materia de equipamientos no se limita a la correcci\u00f3n de d\u00e9ficits en t\u00e9rminos estrictamente cuantitativos, sino que responde a criterios cualitativos. Adem\u00e1s de atender necesidades espec\u00edficas de cada zona, aspira a estructurar el tejido urbano y conformar de forma apropiada el espacio p\u00fablico, a partir de una localizaci\u00f3n estrat\u00e9gica y una adecuada configuraci\u00f3n de las nuevas dotaciones. El documento recoge, como principales intervenciones, la reforma de la plaza de R\u00edo Ega, la creaci\u00f3n de un paseo central en el entorno del colegio V\u00edctor Pradera \u2013 Paderborn, una nueva dotaci\u00f3n p\u00fablica en el cine Guelbenzu y dos nuevas plazas, una en la encrucijada Manuel de Falla y R\u00edo Urrobi y otra en parque Tom\u00e1s Caballero y calle Tajonar.<br \/>\n<script async src=\"\/\/pagead2.googlesyndication.com\/pagead\/js\/adsbygoogle.js\"><\/script><br \/>\n<!-- Noticias La Guia de Pamplona --><br \/>\n<ins class=\"adsbygoogle\"\nstyle=\"display:block\"\ndata-ad-client=\"ca-pub-6943679897239327\"\ndata-ad-slot=\"7048180777\"\ndata-ad-format=\"auto\"><\/ins><br \/>\n<script>\n(adsbygoogle = window.adsbygoogle || []).push({});\n<\/script><\/p>\n<p>El documento aprobado inicialmente en julio de 2021, pas\u00f3 por diversas modificaciones, y por una segunda fase de informaci\u00f3n p\u00fablica y alegaciones que culmin\u00f3 en noviembre. Algunos de estos cambios han sido de importante calado, como lo relativo a la supresi\u00f3n de los derribos y realojos previstos inicialmente, tanto de algunos edificios de viviendas, como del edificio del colegio V\u00edctor Pradera &#8211; Paderborn, que finalmente permanecen y se consolidan en el documento tramitado.<\/p>\n<p>El punto de partida de este proceso se sit\u00faa en el an\u00e1lisis del proyecto EDUSI (Estrategia de Desarrollo Urbano Integrada y Sostenible) que defini\u00f3 algunas debilidades en los aspectos urban\u00edsticos y medioambientales en el barrio, destacando el alto nivel de poblaci\u00f3n que habita en edificios con mala distribuci\u00f3n y poco espacio. As\u00ed, este PEAU persigue la regeneraci\u00f3n del barrio con actuaciones equilibradas y complementarias y con un car\u00e1cter transversal, basado en su sostenibilidad econ\u00f3mica. Las principales intervenciones que recoge el documento para reestructurar el barrio y mejorar la movilidad pasan por el desarrollo de tres nuevas plazas y la reforma de la actual plaza de R\u00edo Ega.<br \/>\n<script async src=\"\/\/pagead2.googlesyndication.com\/pagead\/js\/adsbygoogle.js\"><\/script><br \/>\n<!-- Noticias La Guia de Pamplona --><br \/>\n<ins class=\"adsbygoogle\"\nstyle=\"display:block\"\ndata-ad-client=\"ca-pub-6943679897239327\"\ndata-ad-slot=\"7048180777\"\ndata-ad-format=\"auto\"><\/ins><br \/>\n<script>\n(adsbygoogle = window.adsbygoogle || []).push({});\n<\/script><\/p>\n<p><strong>Plazas y equipamientos para regenerar un barrio<\/strong><\/p>\n<p>La primera de las plazas nuevas saldr\u00e1 de la reforma integral de la actual plaza del R\u00edo Ega, asociada a la implantaci\u00f3n de un edificio dotacional polivalente, cuyo volumen se desarrollar\u00eda en distintos niveles o estratos. La reforma responde al objetivo de articular el eje este &#8211; oeste del barrio. Se incluye un aparcamiento subterr\u00e1neo.<\/p>\n<p>Adem\u00e1s, se crear\u00e1 un paseo central de 125 metros de longitud \u2013nexo entre partes, a uno y otro lado de la avenida de Zaragoza- para articular los espacios dotacionales que ya existen y los que se puedan genera en el futuro en esa avenida, cuyo valor urbano y capacidad vertebradora resultan fundamentales en la nueva ordenaci\u00f3n propuesta por el PEAU. De hecho, el paseo reforzar\u00e1 la centralidad de espacios llamados a atraer la actividad social y vida urbana del barrio, como el propio centro escolar y sus espacios aleda\u00f1os, o el futuro enclave cultural p\u00fablico del antiguo cine Guelbenzu. Para este local u sus anexos se determina un uso de dotaci\u00f3n p\u00fablica local como espacio multifuncional destinado a actividad sociocultural, siempre asociado a su reforma y optimizaci\u00f3n funcional.<br \/>\n<script async src=\"\/\/pagead2.googlesyndication.com\/pagead\/js\/adsbygoogle.js\"><\/script><br \/>\n<!-- Noticias La Guia de Pamplona --><br \/>\n<ins class=\"adsbygoogle\"\nstyle=\"display:block\"\ndata-ad-client=\"ca-pub-6943679897239327\"\ndata-ad-slot=\"7048180777\"\ndata-ad-format=\"auto\"><\/ins><br \/>\n<script>\n(adsbygoogle = window.adsbygoogle || []).push({});\n<\/script><\/p>\n<p><strong>Dos nuevas plazas como espacio p\u00fablico de encuentro<\/strong><\/p>\n<p>Adem\u00e1s de la modificaci\u00f3n de la plaza de R\u00edo Ega, el PEAU arbitra dos nuevos espacios de encuentro ciudadano. Por un lado, se generar\u00e1 una nueva plaza en el cruce entre Manuel de Falla y R\u00edo Urrobi, en el encuentro de Isaac Alb\u00e9niz y R\u00edo Irati, para cualificar el centro de Milagrosa en cuanto \u00e1mbito peatonal y de vida urbana. La plaza propuesta, deviene en el enclave en que confluyen los ejes y recorridos este-oeste y norte- sur definidos por el Plan Especial. Esta actuaci\u00f3n aspira a convertir un espacio que hoy no es sino una encrucijada de calles interiores, en una plaza que, adem\u00e1s de lugar de estancia y encuentro, facilite el tr\u00e1nsito peatonal claro a trav\u00e9s de Isaac Alb\u00e9niz y R\u00edo Irati.<\/p>\n<p>La otra plaza se crear\u00e1 en el parque Tom\u00e1s Caballero y la calle Tajonar, vinculada a la construcci\u00f3n de un aparcamiento subterr\u00e1neo p\u00fablico, as\u00ed como, en su caso, a la construcci\u00f3n de un espacio dotacional adosado a la fachada norte del antiguo Colegio P\u00fablico Jos\u00e9 Vila (actual Civivox Milagrosa, Escuela de Danza de Navarra y Escuela de Arte Catalina de Osc\u00e1riz)-. Ese espacio dotacional ser\u00eda la nueva fachada de una plaza rectangular de m\u00e1s de 7.000 m\u00b2, que se extender\u00eda desde el fondo del parque Tom\u00e1s Caballero hasta el costado este (portales impares) de la calle Tajonar, cruzando esta, en una soluci\u00f3n de plataforma sobreelevada, tanto para calmar el tr\u00e1fico de la calle, como a facilitar la transici\u00f3n a la plaza y resto del parque desde el conjunto de Santa Mar\u00eda la Real.<br \/>\n<script async src=\"\/\/pagead2.googlesyndication.com\/pagead\/js\/adsbygoogle.js\"><\/script><br \/>\n<!-- Noticias La Guia de Pamplona --><br \/>\n<ins class=\"adsbygoogle\"\nstyle=\"display:block\"\ndata-ad-client=\"ca-pub-6943679897239327\"\ndata-ad-slot=\"7048180777\"\ndata-ad-format=\"auto\"><\/ins><br \/>\n<script>\n(adsbygoogle = window.adsbygoogle || []).push({});\n<\/script><\/p>\n<p><strong>242 nuevas viviendas, 122 de ellas VPO en r\u00e9gimen de alquiler<\/strong><\/p>\n<p>En el documento que pasar\u00e1 a Pleno se propone un incremento de 242 viviendas respecto al planeamiento vigente, localizadas en la avenida de Zaragoza (en la UE 1); en la intersecci\u00f3n de la Calle Blas de la Serna y Fernando Remacha (AC) y en las actuaciones de dotaci\u00f3n que tienen por objetivo un aumento de altura de la edificaci\u00f3n ya existente, de forma que se regularicen las alturas que conforman la escena urbana, especialmente en la avenida de Zaragoza. De las 242 viviendas propuestas, 122 localizadas en la AC 3 se proponen como VPO en r\u00e9gimen de arrendamiento.<\/p>\n","protected":false},"excerpt":{"rendered":"<p>La Comisi\u00f3n de Urbanismo del Ayuntamiento ha dado hoy el visto bueno para el pase a Pleno del documento definitivo del PEAU<\/p>\n","protected":false},"author":1,"featured_media":42564,"comment_status":"open","ping_status":"closed","sticky":false,"template":"","format":"standard","meta":{"footnotes":""},"categories":[2],"tags":[],"class_list":["post-42563","post","type-post","status-publish","format-standard","has-post-thumbnail","hentry","category-ayuntamiento-pamplona"],"yoast_head":"<!-- This site is optimized with the Yoast SEO plugin v27.3 - https:\/\/yoast.com\/product\/yoast-seo-wordpress\/ -->\n<title>El Plan Especial de Actuaci\u00f3n Urbana en Milagrosa prev\u00e9 tres plazas, una dotaci\u00f3n cultural, un paseo central en el entorno del CP V\u00edctor Pradera \u2013 Paderborn y 242 viviendas<\/title>\n<meta name=\"description\" content=\"La Comisi\u00f3n de Urbanismo del Ayuntamiento ha dado hoy el visto bueno para el pase a Pleno del documento definitivo del PEAU\" \/>\n<meta name=\"robots\" content=\"index, follow, max-snippet:-1, max-image-preview:large, max-video-preview:-1\" \/>\n<link rel=\"canonical\" href=\"https:\/\/www.laguiadepamplona.com\/actualidad\/el-plan-especial-de-actuacion-urbana-en-milagrosa-preve-tres-plazas-una-dotacion-cultural-un-paseo-central-en-el-entorno-del-cp-victor-pradera-paderborn-y-242-viviendas\/\" \/>\n<meta property=\"og:locale\" content=\"es_ES\" \/>\n<meta property=\"og:type\" content=\"article\" \/>\n<meta property=\"og:title\" content=\"El Plan Especial de Actuaci\u00f3n Urbana en Milagrosa prev\u00e9 tres plazas, una dotaci\u00f3n cultural, un paseo central en el entorno del CP V\u00edctor Pradera \u2013 Paderborn y 242 viviendas\" \/>\n<meta property=\"og:description\" content=\"La Comisi\u00f3n de Urbanismo del Ayuntamiento ha dado hoy el visto bueno para el pase a Pleno del documento definitivo del PEAU\" \/>\n<meta property=\"og:url\" content=\"https:\/\/www.laguiadepamplona.com\/actualidad\/el-plan-especial-de-actuacion-urbana-en-milagrosa-preve-tres-plazas-una-dotacion-cultural-un-paseo-central-en-el-entorno-del-cp-victor-pradera-paderborn-y-242-viviendas\/\" \/>\n<meta property=\"og:site_name\" content=\"La Gu\u00eda de Pamplona\" \/>\n<meta property=\"article:publisher\" content=\"https:\/\/www.facebook.com\/laguiadepamplonacom-133175176762273\/?ref=hl\" \/>\n<meta property=\"article:published_time\" content=\"2023-01-11T14:59:52+00:00\" \/>\n<meta property=\"article:modified_time\" content=\"2023-04-11T09:47:25+00:00\" \/>\n<meta property=\"og:image\" content=\"https:\/\/www.laguiadepamplona.com\/actualidad\/wp-content\/uploads\/2023\/01\/arrosadia_nuevo.webp\" \/>\n\t<meta property=\"og:image:width\" content=\"1920\" \/>\n\t<meta property=\"og:image:height\" content=\"1280\" \/>\n\t<meta property=\"og:image:type\" content=\"image\/webp\" \/>\n<meta name=\"author\" content=\"La Gu\u00eda de Pamplona\" \/>\n<meta name=\"twitter:card\" content=\"summary_large_image\" \/>\n<meta name=\"twitter:creator\" content=\"@LaGuiadPamplona\" \/>\n<meta name=\"twitter:site\" content=\"@LaGuiadPamplona\" \/>\n<meta name=\"twitter:label1\" content=\"Escrito por\" \/>\n\t<meta name=\"twitter:data1\" content=\"La Gu\u00eda de Pamplona\" \/>\n\t<meta name=\"twitter:label2\" content=\"Tiempo de lectura\" \/>\n\t<meta name=\"twitter:data2\" content=\"5 minutos\" \/>\n<script type=\"application\/ld+json\" class=\"yoast-schema-graph\">{\"@context\":\"https:\\\/\\\/schema.org\",\"@graph\":[{\"@type\":\"Article\",\"@id\":\"https:\\\/\\\/www.laguiadepamplona.com\\\/actualidad\\\/el-plan-especial-de-actuacion-urbana-en-milagrosa-preve-tres-plazas-una-dotacion-cultural-un-paseo-central-en-el-entorno-del-cp-victor-pradera-paderborn-y-242-viviendas\\\/#article\",\"isPartOf\":{\"@id\":\"https:\\\/\\\/www.laguiadepamplona.com\\\/actualidad\\\/el-plan-especial-de-actuacion-urbana-en-milagrosa-preve-tres-plazas-una-dotacion-cultural-un-paseo-central-en-el-entorno-del-cp-victor-pradera-paderborn-y-242-viviendas\\\/\"},\"author\":{\"name\":\"La Gu\u00eda de Pamplona\",\"@id\":\"https:\\\/\\\/www.laguiadepamplona.com\\\/actualidad\\\/#\\\/schema\\\/person\\\/efe887376f0213d4657c93adc50b1fdb\"},\"headline\":\"El Plan Especial de Actuaci\u00f3n Urbana en Milagrosa prev\u00e9 tres plazas, una dotaci\u00f3n cultural, un paseo central en el entorno del CP V\u00edctor Pradera \u2013 Paderborn y 242 viviendas\",\"datePublished\":\"2023-01-11T14:59:52+00:00\",\"dateModified\":\"2023-04-11T09:47:25+00:00\",\"mainEntityOfPage\":{\"@id\":\"https:\\\/\\\/www.laguiadepamplona.com\\\/actualidad\\\/el-plan-especial-de-actuacion-urbana-en-milagrosa-preve-tres-plazas-una-dotacion-cultural-un-paseo-central-en-el-entorno-del-cp-victor-pradera-paderborn-y-242-viviendas\\\/\"},\"wordCount\":1032,\"commentCount\":0,\"publisher\":{\"@id\":\"https:\\\/\\\/www.laguiadepamplona.com\\\/actualidad\\\/#organization\"},\"image\":{\"@id\":\"https:\\\/\\\/www.laguiadepamplona.com\\\/actualidad\\\/el-plan-especial-de-actuacion-urbana-en-milagrosa-preve-tres-plazas-una-dotacion-cultural-un-paseo-central-en-el-entorno-del-cp-victor-pradera-paderborn-y-242-viviendas\\\/#primaryimage\"},\"thumbnailUrl\":\"https:\\\/\\\/www.laguiadepamplona.com\\\/actualidad\\\/wp-content\\\/uploads\\\/2023\\\/01\\\/arrosadia_nuevo.webp\",\"articleSection\":[\"Ayto Pamplona\"],\"inLanguage\":\"es\",\"potentialAction\":[{\"@type\":\"CommentAction\",\"name\":\"Comment\",\"target\":[\"https:\\\/\\\/www.laguiadepamplona.com\\\/actualidad\\\/el-plan-especial-de-actuacion-urbana-en-milagrosa-preve-tres-plazas-una-dotacion-cultural-un-paseo-central-en-el-entorno-del-cp-victor-pradera-paderborn-y-242-viviendas\\\/#respond\"]}]},{\"@type\":\"WebPage\",\"@id\":\"https:\\\/\\\/www.laguiadepamplona.com\\\/actualidad\\\/el-plan-especial-de-actuacion-urbana-en-milagrosa-preve-tres-plazas-una-dotacion-cultural-un-paseo-central-en-el-entorno-del-cp-victor-pradera-paderborn-y-242-viviendas\\\/\",\"url\":\"https:\\\/\\\/www.laguiadepamplona.com\\\/actualidad\\\/el-plan-especial-de-actuacion-urbana-en-milagrosa-preve-tres-plazas-una-dotacion-cultural-un-paseo-central-en-el-entorno-del-cp-victor-pradera-paderborn-y-242-viviendas\\\/\",\"name\":\"El Plan Especial de Actuaci\u00f3n Urbana en Milagrosa prev\u00e9 tres plazas, una dotaci\u00f3n cultural, un paseo central en el entorno del CP V\u00edctor Pradera \u2013 Paderborn y 242 viviendas\",\"isPartOf\":{\"@id\":\"https:\\\/\\\/www.laguiadepamplona.com\\\/actualidad\\\/#website\"},\"primaryImageOfPage\":{\"@id\":\"https:\\\/\\\/www.laguiadepamplona.com\\\/actualidad\\\/el-plan-especial-de-actuacion-urbana-en-milagrosa-preve-tres-plazas-una-dotacion-cultural-un-paseo-central-en-el-entorno-del-cp-victor-pradera-paderborn-y-242-viviendas\\\/#primaryimage\"},\"image\":{\"@id\":\"https:\\\/\\\/www.laguiadepamplona.com\\\/actualidad\\\/el-plan-especial-de-actuacion-urbana-en-milagrosa-preve-tres-plazas-una-dotacion-cultural-un-paseo-central-en-el-entorno-del-cp-victor-pradera-paderborn-y-242-viviendas\\\/#primaryimage\"},\"thumbnailUrl\":\"https:\\\/\\\/www.laguiadepamplona.com\\\/actualidad\\\/wp-content\\\/uploads\\\/2023\\\/01\\\/arrosadia_nuevo.webp\",\"datePublished\":\"2023-01-11T14:59:52+00:00\",\"dateModified\":\"2023-04-11T09:47:25+00:00\",\"description\":\"La Comisi\u00f3n de Urbanismo del Ayuntamiento ha dado hoy el visto bueno para el pase a Pleno del documento definitivo del PEAU\",\"breadcrumb\":{\"@id\":\"https:\\\/\\\/www.laguiadepamplona.com\\\/actualidad\\\/el-plan-especial-de-actuacion-urbana-en-milagrosa-preve-tres-plazas-una-dotacion-cultural-un-paseo-central-en-el-entorno-del-cp-victor-pradera-paderborn-y-242-viviendas\\\/#breadcrumb\"},\"inLanguage\":\"es\",\"potentialAction\":[{\"@type\":\"ReadAction\",\"target\":[\"https:\\\/\\\/www.laguiadepamplona.com\\\/actualidad\\\/el-plan-especial-de-actuacion-urbana-en-milagrosa-preve-tres-plazas-una-dotacion-cultural-un-paseo-central-en-el-entorno-del-cp-victor-pradera-paderborn-y-242-viviendas\\\/\"]}]},{\"@type\":\"ImageObject\",\"inLanguage\":\"es\",\"@id\":\"https:\\\/\\\/www.laguiadepamplona.com\\\/actualidad\\\/el-plan-especial-de-actuacion-urbana-en-milagrosa-preve-tres-plazas-una-dotacion-cultural-un-paseo-central-en-el-entorno-del-cp-victor-pradera-paderborn-y-242-viviendas\\\/#primaryimage\",\"url\":\"https:\\\/\\\/www.laguiadepamplona.com\\\/actualidad\\\/wp-content\\\/uploads\\\/2023\\\/01\\\/arrosadia_nuevo.webp\",\"contentUrl\":\"https:\\\/\\\/www.laguiadepamplona.com\\\/actualidad\\\/wp-content\\\/uploads\\\/2023\\\/01\\\/arrosadia_nuevo.webp\",\"width\":1920,\"height\":1280},{\"@type\":\"BreadcrumbList\",\"@id\":\"https:\\\/\\\/www.laguiadepamplona.com\\\/actualidad\\\/el-plan-especial-de-actuacion-urbana-en-milagrosa-preve-tres-plazas-una-dotacion-cultural-un-paseo-central-en-el-entorno-del-cp-victor-pradera-paderborn-y-242-viviendas\\\/#breadcrumb\",\"itemListElement\":[{\"@type\":\"ListItem\",\"position\":1,\"name\":\"Portada\",\"item\":\"https:\\\/\\\/www.laguiadepamplona.com\\\/actualidad\\\/\"},{\"@type\":\"ListItem\",\"position\":2,\"name\":\"El Plan Especial de Actuaci\u00f3n Urbana en Milagrosa prev\u00e9 tres plazas, una dotaci\u00f3n cultural, un paseo central en el entorno del CP V\u00edctor Pradera \u2013 Paderborn y 242 viviendas\"}]},{\"@type\":\"WebSite\",\"@id\":\"https:\\\/\\\/www.laguiadepamplona.com\\\/actualidad\\\/#website\",\"url\":\"https:\\\/\\\/www.laguiadepamplona.com\\\/actualidad\\\/\",\"name\":\"La gu\u00eda de Pamplona\",\"description\":\"Noticias de Pamplona\",\"publisher\":{\"@id\":\"https:\\\/\\\/www.laguiadepamplona.com\\\/actualidad\\\/#organization\"},\"potentialAction\":[{\"@type\":\"SearchAction\",\"target\":{\"@type\":\"EntryPoint\",\"urlTemplate\":\"https:\\\/\\\/www.laguiadepamplona.com\\\/actualidad\\\/?s={search_term_string}\"},\"query-input\":{\"@type\":\"PropertyValueSpecification\",\"valueRequired\":true,\"valueName\":\"search_term_string\"}}],\"inLanguage\":\"es\"},{\"@type\":\"Organization\",\"@id\":\"https:\\\/\\\/www.laguiadepamplona.com\\\/actualidad\\\/#organization\",\"name\":\"La Gu\u00eda de Pamplona \\\/ Noticias\",\"url\":\"https:\\\/\\\/www.laguiadepamplona.com\\\/actualidad\\\/\",\"logo\":{\"@type\":\"ImageObject\",\"inLanguage\":\"es\",\"@id\":\"https:\\\/\\\/www.laguiadepamplona.com\\\/actualidad\\\/#\\\/schema\\\/logo\\\/image\\\/\",\"url\":\"https:\\\/\\\/www.laguiadepamplona.com\\\/actualidad\\\/wp-content\\\/uploads\\\/2018\\\/11\\\/logo-laguiadepamplona18-web1.png\",\"contentUrl\":\"https:\\\/\\\/www.laguiadepamplona.com\\\/actualidad\\\/wp-content\\\/uploads\\\/2018\\\/11\\\/logo-laguiadepamplona18-web1.png\",\"width\":600,\"height\":196,\"caption\":\"La Gu\u00eda de Pamplona \\\/ Noticias\"},\"image\":{\"@id\":\"https:\\\/\\\/www.laguiadepamplona.com\\\/actualidad\\\/#\\\/schema\\\/logo\\\/image\\\/\"},\"sameAs\":[\"https:\\\/\\\/www.facebook.com\\\/laguiadepamplonacom-133175176762273\\\/?ref=hl\",\"https:\\\/\\\/x.com\\\/LaGuiadPamplona\",\"https:\\\/\\\/www.instagram.com\\\/la_guia_de_pamplona\\\/\",\"https:\\\/\\\/www.youtube.com\\\/user\\\/laguiadepamplona\"]},{\"@type\":\"Person\",\"@id\":\"https:\\\/\\\/www.laguiadepamplona.com\\\/actualidad\\\/#\\\/schema\\\/person\\\/efe887376f0213d4657c93adc50b1fdb\",\"name\":\"La Gu\u00eda de Pamplona\",\"image\":{\"@type\":\"ImageObject\",\"inLanguage\":\"es\",\"@id\":\"https:\\\/\\\/secure.gravatar.com\\\/avatar\\\/b6992f131dc8d30ab0dff15446e9d346d9dbd95992de0fef795073f5ea83a81c?s=96&d=mm&r=g\",\"url\":\"https:\\\/\\\/secure.gravatar.com\\\/avatar\\\/b6992f131dc8d30ab0dff15446e9d346d9dbd95992de0fef795073f5ea83a81c?s=96&d=mm&r=g\",\"contentUrl\":\"https:\\\/\\\/secure.gravatar.com\\\/avatar\\\/b6992f131dc8d30ab0dff15446e9d346d9dbd95992de0fef795073f5ea83a81c?s=96&d=mm&r=g\",\"caption\":\"La Gu\u00eda de Pamplona\"}}]}<\/script>\n<!-- \/ Yoast SEO plugin. -->","yoast_head_json":{"title":"El Plan Especial de Actuaci\u00f3n Urbana en Milagrosa prev\u00e9 tres plazas, una dotaci\u00f3n cultural, un paseo central en el entorno del CP V\u00edctor Pradera \u2013 Paderborn y 242 viviendas","description":"La Comisi\u00f3n de Urbanismo del Ayuntamiento ha dado hoy el visto bueno para el pase a Pleno del documento definitivo del PEAU","robots":{"index":"index","follow":"follow","max-snippet":"max-snippet:-1","max-image-preview":"max-image-preview:large","max-video-preview":"max-video-preview:-1"},"canonical":"https:\/\/www.laguiadepamplona.com\/actualidad\/el-plan-especial-de-actuacion-urbana-en-milagrosa-preve-tres-plazas-una-dotacion-cultural-un-paseo-central-en-el-entorno-del-cp-victor-pradera-paderborn-y-242-viviendas\/","og_locale":"es_ES","og_type":"article","og_title":"El Plan Especial de Actuaci\u00f3n Urbana en Milagrosa prev\u00e9 tres plazas, una dotaci\u00f3n cultural, un paseo central en el entorno del CP V\u00edctor Pradera \u2013 Paderborn y 242 viviendas","og_description":"La Comisi\u00f3n de Urbanismo del Ayuntamiento ha dado hoy el visto bueno para el pase a Pleno del documento definitivo del PEAU","og_url":"https:\/\/www.laguiadepamplona.com\/actualidad\/el-plan-especial-de-actuacion-urbana-en-milagrosa-preve-tres-plazas-una-dotacion-cultural-un-paseo-central-en-el-entorno-del-cp-victor-pradera-paderborn-y-242-viviendas\/","og_site_name":"La Gu\u00eda de Pamplona","article_publisher":"https:\/\/www.facebook.com\/laguiadepamplonacom-133175176762273\/?ref=hl","article_published_time":"2023-01-11T14:59:52+00:00","article_modified_time":"2023-04-11T09:47:25+00:00","og_image":[{"width":1920,"height":1280,"url":"https:\/\/www.laguiadepamplona.com\/actualidad\/wp-content\/uploads\/2023\/01\/arrosadia_nuevo.webp","type":"image\/webp"}],"author":"La Gu\u00eda de Pamplona","twitter_card":"summary_large_image","twitter_creator":"@LaGuiadPamplona","twitter_site":"@LaGuiadPamplona","twitter_misc":{"Escrito por":"La Gu\u00eda de Pamplona","Tiempo de lectura":"5 minutos"},"schema":{"@context":"https:\/\/schema.org","@graph":[{"@type":"Article","@id":"https:\/\/www.laguiadepamplona.com\/actualidad\/el-plan-especial-de-actuacion-urbana-en-milagrosa-preve-tres-plazas-una-dotacion-cultural-un-paseo-central-en-el-entorno-del-cp-victor-pradera-paderborn-y-242-viviendas\/#article","isPartOf":{"@id":"https:\/\/www.laguiadepamplona.com\/actualidad\/el-plan-especial-de-actuacion-urbana-en-milagrosa-preve-tres-plazas-una-dotacion-cultural-un-paseo-central-en-el-entorno-del-cp-victor-pradera-paderborn-y-242-viviendas\/"},"author":{"name":"La Gu\u00eda de Pamplona","@id":"https:\/\/www.laguiadepamplona.com\/actualidad\/#\/schema\/person\/efe887376f0213d4657c93adc50b1fdb"},"headline":"El Plan Especial de Actuaci\u00f3n Urbana en Milagrosa prev\u00e9 tres plazas, una dotaci\u00f3n cultural, un paseo central en el entorno del CP V\u00edctor Pradera \u2013 Paderborn y 242 viviendas","datePublished":"2023-01-11T14:59:52+00:00","dateModified":"2023-04-11T09:47:25+00:00","mainEntityOfPage":{"@id":"https:\/\/www.laguiadepamplona.com\/actualidad\/el-plan-especial-de-actuacion-urbana-en-milagrosa-preve-tres-plazas-una-dotacion-cultural-un-paseo-central-en-el-entorno-del-cp-victor-pradera-paderborn-y-242-viviendas\/"},"wordCount":1032,"commentCount":0,"publisher":{"@id":"https:\/\/www.laguiadepamplona.com\/actualidad\/#organization"},"image":{"@id":"https:\/\/www.laguiadepamplona.com\/actualidad\/el-plan-especial-de-actuacion-urbana-en-milagrosa-preve-tres-plazas-una-dotacion-cultural-un-paseo-central-en-el-entorno-del-cp-victor-pradera-paderborn-y-242-viviendas\/#primaryimage"},"thumbnailUrl":"https:\/\/www.laguiadepamplona.com\/actualidad\/wp-content\/uploads\/2023\/01\/arrosadia_nuevo.webp","articleSection":["Ayto Pamplona"],"inLanguage":"es","potentialAction":[{"@type":"CommentAction","name":"Comment","target":["https:\/\/www.laguiadepamplona.com\/actualidad\/el-plan-especial-de-actuacion-urbana-en-milagrosa-preve-tres-plazas-una-dotacion-cultural-un-paseo-central-en-el-entorno-del-cp-victor-pradera-paderborn-y-242-viviendas\/#respond"]}]},{"@type":"WebPage","@id":"https:\/\/www.laguiadepamplona.com\/actualidad\/el-plan-especial-de-actuacion-urbana-en-milagrosa-preve-tres-plazas-una-dotacion-cultural-un-paseo-central-en-el-entorno-del-cp-victor-pradera-paderborn-y-242-viviendas\/","url":"https:\/\/www.laguiadepamplona.com\/actualidad\/el-plan-especial-de-actuacion-urbana-en-milagrosa-preve-tres-plazas-una-dotacion-cultural-un-paseo-central-en-el-entorno-del-cp-victor-pradera-paderborn-y-242-viviendas\/","name":"El Plan Especial de Actuaci\u00f3n Urbana en Milagrosa prev\u00e9 tres plazas, una dotaci\u00f3n cultural, un paseo central en el entorno del CP V\u00edctor Pradera \u2013 Paderborn y 242 viviendas","isPartOf":{"@id":"https:\/\/www.laguiadepamplona.com\/actualidad\/#website"},"primaryImageOfPage":{"@id":"https:\/\/www.laguiadepamplona.com\/actualidad\/el-plan-especial-de-actuacion-urbana-en-milagrosa-preve-tres-plazas-una-dotacion-cultural-un-paseo-central-en-el-entorno-del-cp-victor-pradera-paderborn-y-242-viviendas\/#primaryimage"},"image":{"@id":"https:\/\/www.laguiadepamplona.com\/actualidad\/el-plan-especial-de-actuacion-urbana-en-milagrosa-preve-tres-plazas-una-dotacion-cultural-un-paseo-central-en-el-entorno-del-cp-victor-pradera-paderborn-y-242-viviendas\/#primaryimage"},"thumbnailUrl":"https:\/\/www.laguiadepamplona.com\/actualidad\/wp-content\/uploads\/2023\/01\/arrosadia_nuevo.webp","datePublished":"2023-01-11T14:59:52+00:00","dateModified":"2023-04-11T09:47:25+00:00","description":"La Comisi\u00f3n de Urbanismo del Ayuntamiento ha dado hoy el visto bueno para el pase a Pleno del documento definitivo del PEAU","breadcrumb":{"@id":"https:\/\/www.laguiadepamplona.com\/actualidad\/el-plan-especial-de-actuacion-urbana-en-milagrosa-preve-tres-plazas-una-dotacion-cultural-un-paseo-central-en-el-entorno-del-cp-victor-pradera-paderborn-y-242-viviendas\/#breadcrumb"},"inLanguage":"es","potentialAction":[{"@type":"ReadAction","target":["https:\/\/www.laguiadepamplona.com\/actualidad\/el-plan-especial-de-actuacion-urbana-en-milagrosa-preve-tres-plazas-una-dotacion-cultural-un-paseo-central-en-el-entorno-del-cp-victor-pradera-paderborn-y-242-viviendas\/"]}]},{"@type":"ImageObject","inLanguage":"es","@id":"https:\/\/www.laguiadepamplona.com\/actualidad\/el-plan-especial-de-actuacion-urbana-en-milagrosa-preve-tres-plazas-una-dotacion-cultural-un-paseo-central-en-el-entorno-del-cp-victor-pradera-paderborn-y-242-viviendas\/#primaryimage","url":"https:\/\/www.laguiadepamplona.com\/actualidad\/wp-content\/uploads\/2023\/01\/arrosadia_nuevo.webp","contentUrl":"https:\/\/www.laguiadepamplona.com\/actualidad\/wp-content\/uploads\/2023\/01\/arrosadia_nuevo.webp","width":1920,"height":1280},{"@type":"BreadcrumbList","@id":"https:\/\/www.laguiadepamplona.com\/actualidad\/el-plan-especial-de-actuacion-urbana-en-milagrosa-preve-tres-plazas-una-dotacion-cultural-un-paseo-central-en-el-entorno-del-cp-victor-pradera-paderborn-y-242-viviendas\/#breadcrumb","itemListElement":[{"@type":"ListItem","position":1,"name":"Portada","item":"https:\/\/www.laguiadepamplona.com\/actualidad\/"},{"@type":"ListItem","position":2,"name":"El Plan Especial de Actuaci\u00f3n Urbana en Milagrosa prev\u00e9 tres plazas, una dotaci\u00f3n cultural, un paseo central en el entorno del CP V\u00edctor Pradera \u2013 Paderborn y 242 viviendas"}]},{"@type":"WebSite","@id":"https:\/\/www.laguiadepamplona.com\/actualidad\/#website","url":"https:\/\/www.laguiadepamplona.com\/actualidad\/","name":"La gu\u00eda de Pamplona","description":"Noticias de Pamplona","publisher":{"@id":"https:\/\/www.laguiadepamplona.com\/actualidad\/#organization"},"potentialAction":[{"@type":"SearchAction","target":{"@type":"EntryPoint","urlTemplate":"https:\/\/www.laguiadepamplona.com\/actualidad\/?s={search_term_string}"},"query-input":{"@type":"PropertyValueSpecification","valueRequired":true,"valueName":"search_term_string"}}],"inLanguage":"es"},{"@type":"Organization","@id":"https:\/\/www.laguiadepamplona.com\/actualidad\/#organization","name":"La Gu\u00eda de Pamplona \/ Noticias","url":"https:\/\/www.laguiadepamplona.com\/actualidad\/","logo":{"@type":"ImageObject","inLanguage":"es","@id":"https:\/\/www.laguiadepamplona.com\/actualidad\/#\/schema\/logo\/image\/","url":"https:\/\/www.laguiadepamplona.com\/actualidad\/wp-content\/uploads\/2018\/11\/logo-laguiadepamplona18-web1.png","contentUrl":"https:\/\/www.laguiadepamplona.com\/actualidad\/wp-content\/uploads\/2018\/11\/logo-laguiadepamplona18-web1.png","width":600,"height":196,"caption":"La Gu\u00eda de Pamplona \/ Noticias"},"image":{"@id":"https:\/\/www.laguiadepamplona.com\/actualidad\/#\/schema\/logo\/image\/"},"sameAs":["https:\/\/www.facebook.com\/laguiadepamplonacom-133175176762273\/?ref=hl","https:\/\/x.com\/LaGuiadPamplona","https:\/\/www.instagram.com\/la_guia_de_pamplona\/","https:\/\/www.youtube.com\/user\/laguiadepamplona"]},{"@type":"Person","@id":"https:\/\/www.laguiadepamplona.com\/actualidad\/#\/schema\/person\/efe887376f0213d4657c93adc50b1fdb","name":"La Gu\u00eda de Pamplona","image":{"@type":"ImageObject","inLanguage":"es","@id":"https:\/\/secure.gravatar.com\/avatar\/b6992f131dc8d30ab0dff15446e9d346d9dbd95992de0fef795073f5ea83a81c?s=96&d=mm&r=g","url":"https:\/\/secure.gravatar.com\/avatar\/b6992f131dc8d30ab0dff15446e9d346d9dbd95992de0fef795073f5ea83a81c?s=96&d=mm&r=g","contentUrl":"https:\/\/secure.gravatar.com\/avatar\/b6992f131dc8d30ab0dff15446e9d346d9dbd95992de0fef795073f5ea83a81c?s=96&d=mm&r=g","caption":"La Gu\u00eda de Pamplona"}}]}},"post_mailing_queue_ids":[],"_links":{"self":[{"href":"https:\/\/www.laguiadepamplona.com\/actualidad\/wp-json\/wp\/v2\/posts\/42563","targetHints":{"allow":["GET"]}}],"collection":[{"href":"https:\/\/www.laguiadepamplona.com\/actualidad\/wp-json\/wp\/v2\/posts"}],"about":[{"href":"https:\/\/www.laguiadepamplona.com\/actualidad\/wp-json\/wp\/v2\/types\/post"}],"author":[{"embeddable":true,"href":"https:\/\/www.laguiadepamplona.com\/actualidad\/wp-json\/wp\/v2\/users\/1"}],"replies":[{"embeddable":true,"href":"https:\/\/www.laguiadepamplona.com\/actualidad\/wp-json\/wp\/v2\/comments?post=42563"}],"version-history":[{"count":0,"href":"https:\/\/www.laguiadepamplona.com\/actualidad\/wp-json\/wp\/v2\/posts\/42563\/revisions"}],"wp:featuredmedia":[{"embeddable":true,"href":"https:\/\/www.laguiadepamplona.com\/actualidad\/wp-json\/wp\/v2\/media\/42564"}],"wp:attachment":[{"href":"https:\/\/www.laguiadepamplona.com\/actualidad\/wp-json\/wp\/v2\/media?parent=42563"}],"wp:term":[{"taxonomy":"category","embeddable":true,"href":"https:\/\/www.laguiadepamplona.com\/actualidad\/wp-json\/wp\/v2\/categories?post=42563"},{"taxonomy":"post_tag","embeddable":true,"href":"https:\/\/www.laguiadepamplona.com\/actualidad\/wp-json\/wp\/v2\/tags?post=42563"}],"curies":[{"name":"wp","href":"https:\/\/api.w.org\/{rel}","templated":true}]}}