{"id":42552,"date":"2023-01-10T19:38:30","date_gmt":"2023-01-10T17:38:30","guid":{"rendered":"https:\/\/www.laguiadepamplona.com\/actualidad\/?p=42552"},"modified":"2023-04-11T11:47:25","modified_gmt":"2023-04-11T09:47:25","slug":"en-los-primeros-seis-dias-de-apertura-el-albergue-de-jesus-y-maria-registra-una-ocupacion-media-de-35-a-40-personas-la-mayoria-personas-menores-de-30-anos-de-origen-magrebi","status":"publish","type":"post","link":"https:\/\/www.laguiadepamplona.com\/actualidad\/en-los-primeros-seis-dias-de-apertura-el-albergue-de-jesus-y-maria-registra-una-ocupacion-media-de-35-a-40-personas-la-mayoria-personas-menores-de-30-anos-de-origen-magrebi\/","title":{"rendered":"En los primeros seis d\u00edas de apertura el Albergue de Jes\u00fas y Mar\u00eda registra una ocupaci\u00f3n media de 35 a 40 personas, la mayor\u00eda personas menores de 30 a\u00f1os de origen magreb\u00ed"},"content":{"rendered":"<h5>Este recurso permanecer\u00e1 abierto hasta el 31 de marzo, de lunes a domingo, desde las 20.30 horas hasta las 8.30 horas<\/h5>\n<p><!--more--><\/p>\n<p>El Albergue de Jes\u00fas y Mar\u00eda es un recurso que complementa de forma extraordinaria el Centro de Atenci\u00f3n a personas sin Hogar de Trinitarios; entre los dos pueden acoger m\u00e1s de 100 personas en situaci\u00f3n de sinhogarismo. Gracias a un convenio interadministrativo con Gobierno de Navarra que ha supuesto una aportaci\u00f3n de 100.000 euros concepto de pago extraordinario y urgente, el Ayuntamiento de Pamplona abri\u00f3 el pasado 5 de enero este espacio situado en la calle Compa\u00f1\u00eda para acoger a personas que viven en la calle ante las bajas temperaturas del invierno.<br \/>\n<script async src=\"\/\/pagead2.googlesyndication.com\/pagead\/js\/adsbygoogle.js\"><\/script><br \/>\n<!-- Noticias La Guia de Pamplona --><br \/>\n<ins class=\"adsbygoogle\"\nstyle=\"display:block\"\ndata-ad-client=\"ca-pub-6943679897239327\"\ndata-ad-slot=\"7048180777\"\ndata-ad-format=\"auto\"><\/ins><br \/>\n<script>\n(adsbygoogle = window.adsbygoogle || []).push({});\n<\/script><\/p>\n<p>Esta ma\u00f1ana la concejala delegada del \u00c1rea de Servicios Sociales, Acci\u00f3n Comunitaria y Deporte, Mar\u00eda Caballero, ha explicado en la Comisi\u00f3n de Asuntos Ciudadanos que, en estos momentos, seis d\u00edas despu\u00e9s de su apertura, la iniciativa ha sido bien acogida ya que la ocupaci\u00f3n media de sus 50 plazas ha sido de entre 35 y 40 personas cada d\u00eda. Este espacio, que funciona habitualmente como albergue tur\u00edstico o de peregrinos que realizan el Camino de Santiago, se ha puesto a disposici\u00f3n de las personas que se encuentran en situaci\u00f3n \u201cde calle\u201d en la ciudad. El perfil apreciado en estas primeras jornadas es de usuarios, menores de 30 a\u00f1os y en un 85% de procedencia de pa\u00edses del Magreb. Aunque los cuatro primeros d\u00edas de forma preventiva hubo acompa\u00f1amiento de Polic\u00eda Municipal y DYA, en el recurso est\u00e1 habiendo un buen nivel de convivencia.<\/p>\n<p>En estos momentos el Albergue de Jes\u00fas y Mar\u00eda mantiene un horario de 20.30 a 8.30 horas y lleva asociadas cuatro figuras educativas de acompa\u00f1amiento social y est\u00e1 perfilado como un recurso de baja intensidad que incluye cena, pernocta y desayuno, adem\u00e1s de lo relativo a la higiene personal, las instalaciones disponen tambi\u00e9n de aseos y duchas.<br \/>\n<script async src=\"\/\/pagead2.googlesyndication.com\/pagead\/js\/adsbygoogle.js\"><\/script><br \/>\n<!-- Noticias La Guia de Pamplona --><br \/>\n<ins class=\"adsbygoogle\"\nstyle=\"display:block\"\ndata-ad-client=\"ca-pub-6943679897239327\"\ndata-ad-slot=\"7048180777\"\ndata-ad-format=\"auto\"><\/ins><br \/>\n<script>\n(adsbygoogle = window.adsbygoogle || []).push({});\n<\/script><\/p>\n<p>Este recurso se abre de manera excepcional con motivo de las bajas temperaturas y complementa la oferta del albergue municipal de Trinitarios, que tiene completas sus 58 plazas. El \u2018Protocolo contra el Fr\u00edo\u2019 es una de las intervenciones que se realizan desde el Ayuntamiento orientadas a las personas sin hogar y su objeto es coordinar los medios t\u00e9cnicos y humanos que deben utilizarse con las personas que duermen en la calle durante situaciones de emergencia provocadas por inclemencias meteorol\u00f3gicas. En este caso, la decisi\u00f3n de apertura de este albergue viene a sustituir el alojamiento excepcional que se abordaba a trav\u00e9s de vales para pensiones u hostales.<\/p>\n","protected":false},"excerpt":{"rendered":"<p>Este recurso permanecer\u00e1 abierto hasta el 31 de marzo, de lunes a domingo, desde las 20.30 horas hasta las 8.30 horas<\/p>\n","protected":false},"author":1,"featured_media":33973,"comment_status":"open","ping_status":"closed","sticky":false,"template":"","format":"standard","meta":{"footnotes":""},"categories":[2],"tags":[],"class_list":["post-42552","post","type-post","status-publish","format-standard","has-post-thumbnail","hentry","category-ayuntamiento-pamplona"],"yoast_head":"<!-- This site is optimized with the Yoast SEO plugin v27.5 - https:\/\/yoast.com\/product\/yoast-seo-wordpress\/ -->\n<title>En los primeros seis d\u00edas de apertura el Albergue de Jes\u00fas y Mar\u00eda registra una ocupaci\u00f3n media de 35 a 40 personas, la mayor\u00eda personas menores de 30 a\u00f1os de origen magreb\u00ed<\/title>\n<meta name=\"description\" content=\"Este recurso permanecer\u00e1 abierto hasta el 31 de marzo, de lunes a domingo, desde las 20.30 horas hasta las 8.30 horas\" \/>\n<meta name=\"robots\" content=\"index, follow, max-snippet:-1, max-image-preview:large, max-video-preview:-1\" \/>\n<link rel=\"canonical\" href=\"https:\/\/www.laguiadepamplona.com\/actualidad\/en-los-primeros-seis-dias-de-apertura-el-albergue-de-jesus-y-maria-registra-una-ocupacion-media-de-35-a-40-personas-la-mayoria-personas-menores-de-30-anos-de-origen-magrebi\/\" \/>\n<meta property=\"og:locale\" content=\"es_ES\" \/>\n<meta property=\"og:type\" content=\"article\" \/>\n<meta property=\"og:title\" content=\"En los primeros seis d\u00edas de apertura el Albergue de Jes\u00fas y Mar\u00eda registra una ocupaci\u00f3n media de 35 a 40 personas, la mayor\u00eda personas menores de 30 a\u00f1os de origen magreb\u00ed\" \/>\n<meta property=\"og:description\" content=\"Este recurso permanecer\u00e1 abierto hasta el 31 de marzo, de lunes a domingo, desde las 20.30 horas hasta las 8.30 horas\" \/>\n<meta property=\"og:url\" content=\"https:\/\/www.laguiadepamplona.com\/actualidad\/en-los-primeros-seis-dias-de-apertura-el-albergue-de-jesus-y-maria-registra-una-ocupacion-media-de-35-a-40-personas-la-mayoria-personas-menores-de-30-anos-de-origen-magrebi\/\" \/>\n<meta property=\"og:site_name\" content=\"La Gu\u00eda de Pamplona\" \/>\n<meta property=\"article:publisher\" content=\"https:\/\/www.facebook.com\/laguiadepamplonacom-133175176762273\/?ref=hl\" \/>\n<meta property=\"article:published_time\" content=\"2023-01-10T17:38:30+00:00\" \/>\n<meta property=\"article:modified_time\" content=\"2023-04-11T09:47:25+00:00\" \/>\n<meta property=\"og:image\" content=\"https:\/\/www.laguiadepamplona.com\/actualidad\/wp-content\/uploads\/2021\/03\/Albergue-Jesus-y-Maria7.jpg\" \/>\n\t<meta property=\"og:image:width\" content=\"850\" \/>\n\t<meta property=\"og:image:height\" content=\"567\" \/>\n\t<meta property=\"og:image:type\" content=\"image\/jpeg\" \/>\n<meta name=\"author\" content=\"La Gu\u00eda de Pamplona\" \/>\n<meta name=\"twitter:card\" content=\"summary_large_image\" \/>\n<meta name=\"twitter:creator\" content=\"@LaGuiadPamplona\" \/>\n<meta name=\"twitter:site\" content=\"@LaGuiadPamplona\" \/>\n<meta name=\"twitter:label1\" content=\"Escrito por\" \/>\n\t<meta name=\"twitter:data1\" content=\"La Gu\u00eda de Pamplona\" \/>\n\t<meta name=\"twitter:label2\" content=\"Tiempo de lectura\" \/>\n\t<meta name=\"twitter:data2\" content=\"2 minutos\" \/>\n<script type=\"application\/ld+json\" class=\"yoast-schema-graph\">{\"@context\":\"https:\\\/\\\/schema.org\",\"@graph\":[{\"@type\":\"Article\",\"@id\":\"https:\\\/\\\/www.laguiadepamplona.com\\\/actualidad\\\/en-los-primeros-seis-dias-de-apertura-el-albergue-de-jesus-y-maria-registra-una-ocupacion-media-de-35-a-40-personas-la-mayoria-personas-menores-de-30-anos-de-origen-magrebi\\\/#article\",\"isPartOf\":{\"@id\":\"https:\\\/\\\/www.laguiadepamplona.com\\\/actualidad\\\/en-los-primeros-seis-dias-de-apertura-el-albergue-de-jesus-y-maria-registra-una-ocupacion-media-de-35-a-40-personas-la-mayoria-personas-menores-de-30-anos-de-origen-magrebi\\\/\"},\"author\":{\"name\":\"La Gu\u00eda de Pamplona\",\"@id\":\"https:\\\/\\\/www.laguiadepamplona.com\\\/actualidad\\\/#\\\/schema\\\/person\\\/efe887376f0213d4657c93adc50b1fdb\"},\"headline\":\"En los primeros seis d\u00edas de apertura el Albergue de Jes\u00fas y Mar\u00eda registra una ocupaci\u00f3n media de 35 a 40 personas, la mayor\u00eda personas menores de 30 a\u00f1os de origen magreb\u00ed\",\"datePublished\":\"2023-01-10T17:38:30+00:00\",\"dateModified\":\"2023-04-11T09:47:25+00:00\",\"mainEntityOfPage\":{\"@id\":\"https:\\\/\\\/www.laguiadepamplona.com\\\/actualidad\\\/en-los-primeros-seis-dias-de-apertura-el-albergue-de-jesus-y-maria-registra-una-ocupacion-media-de-35-a-40-personas-la-mayoria-personas-menores-de-30-anos-de-origen-magrebi\\\/\"},\"wordCount\":473,\"commentCount\":0,\"publisher\":{\"@id\":\"https:\\\/\\\/www.laguiadepamplona.com\\\/actualidad\\\/#organization\"},\"image\":{\"@id\":\"https:\\\/\\\/www.laguiadepamplona.com\\\/actualidad\\\/en-los-primeros-seis-dias-de-apertura-el-albergue-de-jesus-y-maria-registra-una-ocupacion-media-de-35-a-40-personas-la-mayoria-personas-menores-de-30-anos-de-origen-magrebi\\\/#primaryimage\"},\"thumbnailUrl\":\"https:\\\/\\\/www.laguiadepamplona.com\\\/actualidad\\\/wp-content\\\/uploads\\\/2021\\\/03\\\/Albergue-Jesus-y-Maria7.jpg\",\"articleSection\":[\"Ayto Pamplona\"],\"inLanguage\":\"es\",\"potentialAction\":[{\"@type\":\"CommentAction\",\"name\":\"Comment\",\"target\":[\"https:\\\/\\\/www.laguiadepamplona.com\\\/actualidad\\\/en-los-primeros-seis-dias-de-apertura-el-albergue-de-jesus-y-maria-registra-una-ocupacion-media-de-35-a-40-personas-la-mayoria-personas-menores-de-30-anos-de-origen-magrebi\\\/#respond\"]}]},{\"@type\":\"WebPage\",\"@id\":\"https:\\\/\\\/www.laguiadepamplona.com\\\/actualidad\\\/en-los-primeros-seis-dias-de-apertura-el-albergue-de-jesus-y-maria-registra-una-ocupacion-media-de-35-a-40-personas-la-mayoria-personas-menores-de-30-anos-de-origen-magrebi\\\/\",\"url\":\"https:\\\/\\\/www.laguiadepamplona.com\\\/actualidad\\\/en-los-primeros-seis-dias-de-apertura-el-albergue-de-jesus-y-maria-registra-una-ocupacion-media-de-35-a-40-personas-la-mayoria-personas-menores-de-30-anos-de-origen-magrebi\\\/\",\"name\":\"En los primeros seis d\u00edas de apertura el Albergue de Jes\u00fas y Mar\u00eda registra una ocupaci\u00f3n media de 35 a 40 personas, la mayor\u00eda personas menores de 30 a\u00f1os de origen magreb\u00ed\",\"isPartOf\":{\"@id\":\"https:\\\/\\\/www.laguiadepamplona.com\\\/actualidad\\\/#website\"},\"primaryImageOfPage\":{\"@id\":\"https:\\\/\\\/www.laguiadepamplona.com\\\/actualidad\\\/en-los-primeros-seis-dias-de-apertura-el-albergue-de-jesus-y-maria-registra-una-ocupacion-media-de-35-a-40-personas-la-mayoria-personas-menores-de-30-anos-de-origen-magrebi\\\/#primaryimage\"},\"image\":{\"@id\":\"https:\\\/\\\/www.laguiadepamplona.com\\\/actualidad\\\/en-los-primeros-seis-dias-de-apertura-el-albergue-de-jesus-y-maria-registra-una-ocupacion-media-de-35-a-40-personas-la-mayoria-personas-menores-de-30-anos-de-origen-magrebi\\\/#primaryimage\"},\"thumbnailUrl\":\"https:\\\/\\\/www.laguiadepamplona.com\\\/actualidad\\\/wp-content\\\/uploads\\\/2021\\\/03\\\/Albergue-Jesus-y-Maria7.jpg\",\"datePublished\":\"2023-01-10T17:38:30+00:00\",\"dateModified\":\"2023-04-11T09:47:25+00:00\",\"description\":\"Este recurso permanecer\u00e1 abierto hasta el 31 de marzo, de lunes a domingo, desde las 20.30 horas hasta las 8.30 horas\",\"breadcrumb\":{\"@id\":\"https:\\\/\\\/www.laguiadepamplona.com\\\/actualidad\\\/en-los-primeros-seis-dias-de-apertura-el-albergue-de-jesus-y-maria-registra-una-ocupacion-media-de-35-a-40-personas-la-mayoria-personas-menores-de-30-anos-de-origen-magrebi\\\/#breadcrumb\"},\"inLanguage\":\"es\",\"potentialAction\":[{\"@type\":\"ReadAction\",\"target\":[\"https:\\\/\\\/www.laguiadepamplona.com\\\/actualidad\\\/en-los-primeros-seis-dias-de-apertura-el-albergue-de-jesus-y-maria-registra-una-ocupacion-media-de-35-a-40-personas-la-mayoria-personas-menores-de-30-anos-de-origen-magrebi\\\/\"]}]},{\"@type\":\"ImageObject\",\"inLanguage\":\"es\",\"@id\":\"https:\\\/\\\/www.laguiadepamplona.com\\\/actualidad\\\/en-los-primeros-seis-dias-de-apertura-el-albergue-de-jesus-y-maria-registra-una-ocupacion-media-de-35-a-40-personas-la-mayoria-personas-menores-de-30-anos-de-origen-magrebi\\\/#primaryimage\",\"url\":\"https:\\\/\\\/www.laguiadepamplona.com\\\/actualidad\\\/wp-content\\\/uploads\\\/2021\\\/03\\\/Albergue-Jesus-y-Maria7.jpg\",\"contentUrl\":\"https:\\\/\\\/www.laguiadepamplona.com\\\/actualidad\\\/wp-content\\\/uploads\\\/2021\\\/03\\\/Albergue-Jesus-y-Maria7.jpg\",\"width\":850,\"height\":567},{\"@type\":\"BreadcrumbList\",\"@id\":\"https:\\\/\\\/www.laguiadepamplona.com\\\/actualidad\\\/en-los-primeros-seis-dias-de-apertura-el-albergue-de-jesus-y-maria-registra-una-ocupacion-media-de-35-a-40-personas-la-mayoria-personas-menores-de-30-anos-de-origen-magrebi\\\/#breadcrumb\",\"itemListElement\":[{\"@type\":\"ListItem\",\"position\":1,\"name\":\"Portada\",\"item\":\"https:\\\/\\\/www.laguiadepamplona.com\\\/actualidad\\\/\"},{\"@type\":\"ListItem\",\"position\":2,\"name\":\"En los primeros seis d\u00edas de apertura el Albergue de Jes\u00fas y Mar\u00eda registra una ocupaci\u00f3n media de 35 a 40 personas, la mayor\u00eda personas menores de 30 a\u00f1os de origen magreb\u00ed\"}]},{\"@type\":\"WebSite\",\"@id\":\"https:\\\/\\\/www.laguiadepamplona.com\\\/actualidad\\\/#website\",\"url\":\"https:\\\/\\\/www.laguiadepamplona.com\\\/actualidad\\\/\",\"name\":\"La gu\u00eda de Pamplona\",\"description\":\"Noticias de Pamplona\",\"publisher\":{\"@id\":\"https:\\\/\\\/www.laguiadepamplona.com\\\/actualidad\\\/#organization\"},\"potentialAction\":[{\"@type\":\"SearchAction\",\"target\":{\"@type\":\"EntryPoint\",\"urlTemplate\":\"https:\\\/\\\/www.laguiadepamplona.com\\\/actualidad\\\/?s={search_term_string}\"},\"query-input\":{\"@type\":\"PropertyValueSpecification\",\"valueRequired\":true,\"valueName\":\"search_term_string\"}}],\"inLanguage\":\"es\"},{\"@type\":\"Organization\",\"@id\":\"https:\\\/\\\/www.laguiadepamplona.com\\\/actualidad\\\/#organization\",\"name\":\"La Gu\u00eda de Pamplona \\\/ Noticias\",\"url\":\"https:\\\/\\\/www.laguiadepamplona.com\\\/actualidad\\\/\",\"logo\":{\"@type\":\"ImageObject\",\"inLanguage\":\"es\",\"@id\":\"https:\\\/\\\/www.laguiadepamplona.com\\\/actualidad\\\/#\\\/schema\\\/logo\\\/image\\\/\",\"url\":\"https:\\\/\\\/www.laguiadepamplona.com\\\/actualidad\\\/wp-content\\\/uploads\\\/2018\\\/11\\\/logo-laguiadepamplona18-web1.png\",\"contentUrl\":\"https:\\\/\\\/www.laguiadepamplona.com\\\/actualidad\\\/wp-content\\\/uploads\\\/2018\\\/11\\\/logo-laguiadepamplona18-web1.png\",\"width\":600,\"height\":196,\"caption\":\"La Gu\u00eda de Pamplona \\\/ Noticias\"},\"image\":{\"@id\":\"https:\\\/\\\/www.laguiadepamplona.com\\\/actualidad\\\/#\\\/schema\\\/logo\\\/image\\\/\"},\"sameAs\":[\"https:\\\/\\\/www.facebook.com\\\/laguiadepamplonacom-133175176762273\\\/?ref=hl\",\"https:\\\/\\\/x.com\\\/LaGuiadPamplona\",\"https:\\\/\\\/www.instagram.com\\\/la_guia_de_pamplona\\\/\",\"https:\\\/\\\/www.youtube.com\\\/user\\\/laguiadepamplona\"]},{\"@type\":\"Person\",\"@id\":\"https:\\\/\\\/www.laguiadepamplona.com\\\/actualidad\\\/#\\\/schema\\\/person\\\/efe887376f0213d4657c93adc50b1fdb\",\"name\":\"La Gu\u00eda de Pamplona\",\"image\":{\"@type\":\"ImageObject\",\"inLanguage\":\"es\",\"@id\":\"https:\\\/\\\/secure.gravatar.com\\\/avatar\\\/b6992f131dc8d30ab0dff15446e9d346d9dbd95992de0fef795073f5ea83a81c?s=96&d=mm&r=g\",\"url\":\"https:\\\/\\\/secure.gravatar.com\\\/avatar\\\/b6992f131dc8d30ab0dff15446e9d346d9dbd95992de0fef795073f5ea83a81c?s=96&d=mm&r=g\",\"contentUrl\":\"https:\\\/\\\/secure.gravatar.com\\\/avatar\\\/b6992f131dc8d30ab0dff15446e9d346d9dbd95992de0fef795073f5ea83a81c?s=96&d=mm&r=g\",\"caption\":\"La Gu\u00eda de Pamplona\"}}]}<\/script>\n<!-- \/ Yoast SEO plugin. -->","yoast_head_json":{"title":"En los primeros seis d\u00edas de apertura el Albergue de Jes\u00fas y Mar\u00eda registra una ocupaci\u00f3n media de 35 a 40 personas, la mayor\u00eda personas menores de 30 a\u00f1os de origen magreb\u00ed","description":"Este recurso permanecer\u00e1 abierto hasta el 31 de marzo, de lunes a domingo, desde las 20.30 horas hasta las 8.30 horas","robots":{"index":"index","follow":"follow","max-snippet":"max-snippet:-1","max-image-preview":"max-image-preview:large","max-video-preview":"max-video-preview:-1"},"canonical":"https:\/\/www.laguiadepamplona.com\/actualidad\/en-los-primeros-seis-dias-de-apertura-el-albergue-de-jesus-y-maria-registra-una-ocupacion-media-de-35-a-40-personas-la-mayoria-personas-menores-de-30-anos-de-origen-magrebi\/","og_locale":"es_ES","og_type":"article","og_title":"En los primeros seis d\u00edas de apertura el Albergue de Jes\u00fas y Mar\u00eda registra una ocupaci\u00f3n media de 35 a 40 personas, la mayor\u00eda personas menores de 30 a\u00f1os de origen magreb\u00ed","og_description":"Este recurso permanecer\u00e1 abierto hasta el 31 de marzo, de lunes a domingo, desde las 20.30 horas hasta las 8.30 horas","og_url":"https:\/\/www.laguiadepamplona.com\/actualidad\/en-los-primeros-seis-dias-de-apertura-el-albergue-de-jesus-y-maria-registra-una-ocupacion-media-de-35-a-40-personas-la-mayoria-personas-menores-de-30-anos-de-origen-magrebi\/","og_site_name":"La Gu\u00eda de Pamplona","article_publisher":"https:\/\/www.facebook.com\/laguiadepamplonacom-133175176762273\/?ref=hl","article_published_time":"2023-01-10T17:38:30+00:00","article_modified_time":"2023-04-11T09:47:25+00:00","og_image":[{"width":850,"height":567,"url":"https:\/\/www.laguiadepamplona.com\/actualidad\/wp-content\/uploads\/2021\/03\/Albergue-Jesus-y-Maria7.jpg","type":"image\/jpeg"}],"author":"La Gu\u00eda de Pamplona","twitter_card":"summary_large_image","twitter_creator":"@LaGuiadPamplona","twitter_site":"@LaGuiadPamplona","twitter_misc":{"Escrito por":"La Gu\u00eda de Pamplona","Tiempo de lectura":"2 minutos"},"schema":{"@context":"https:\/\/schema.org","@graph":[{"@type":"Article","@id":"https:\/\/www.laguiadepamplona.com\/actualidad\/en-los-primeros-seis-dias-de-apertura-el-albergue-de-jesus-y-maria-registra-una-ocupacion-media-de-35-a-40-personas-la-mayoria-personas-menores-de-30-anos-de-origen-magrebi\/#article","isPartOf":{"@id":"https:\/\/www.laguiadepamplona.com\/actualidad\/en-los-primeros-seis-dias-de-apertura-el-albergue-de-jesus-y-maria-registra-una-ocupacion-media-de-35-a-40-personas-la-mayoria-personas-menores-de-30-anos-de-origen-magrebi\/"},"author":{"name":"La Gu\u00eda de Pamplona","@id":"https:\/\/www.laguiadepamplona.com\/actualidad\/#\/schema\/person\/efe887376f0213d4657c93adc50b1fdb"},"headline":"En los primeros seis d\u00edas de apertura el Albergue de Jes\u00fas y Mar\u00eda registra una ocupaci\u00f3n media de 35 a 40 personas, la mayor\u00eda personas menores de 30 a\u00f1os de origen magreb\u00ed","datePublished":"2023-01-10T17:38:30+00:00","dateModified":"2023-04-11T09:47:25+00:00","mainEntityOfPage":{"@id":"https:\/\/www.laguiadepamplona.com\/actualidad\/en-los-primeros-seis-dias-de-apertura-el-albergue-de-jesus-y-maria-registra-una-ocupacion-media-de-35-a-40-personas-la-mayoria-personas-menores-de-30-anos-de-origen-magrebi\/"},"wordCount":473,"commentCount":0,"publisher":{"@id":"https:\/\/www.laguiadepamplona.com\/actualidad\/#organization"},"image":{"@id":"https:\/\/www.laguiadepamplona.com\/actualidad\/en-los-primeros-seis-dias-de-apertura-el-albergue-de-jesus-y-maria-registra-una-ocupacion-media-de-35-a-40-personas-la-mayoria-personas-menores-de-30-anos-de-origen-magrebi\/#primaryimage"},"thumbnailUrl":"https:\/\/www.laguiadepamplona.com\/actualidad\/wp-content\/uploads\/2021\/03\/Albergue-Jesus-y-Maria7.jpg","articleSection":["Ayto Pamplona"],"inLanguage":"es","potentialAction":[{"@type":"CommentAction","name":"Comment","target":["https:\/\/www.laguiadepamplona.com\/actualidad\/en-los-primeros-seis-dias-de-apertura-el-albergue-de-jesus-y-maria-registra-una-ocupacion-media-de-35-a-40-personas-la-mayoria-personas-menores-de-30-anos-de-origen-magrebi\/#respond"]}]},{"@type":"WebPage","@id":"https:\/\/www.laguiadepamplona.com\/actualidad\/en-los-primeros-seis-dias-de-apertura-el-albergue-de-jesus-y-maria-registra-una-ocupacion-media-de-35-a-40-personas-la-mayoria-personas-menores-de-30-anos-de-origen-magrebi\/","url":"https:\/\/www.laguiadepamplona.com\/actualidad\/en-los-primeros-seis-dias-de-apertura-el-albergue-de-jesus-y-maria-registra-una-ocupacion-media-de-35-a-40-personas-la-mayoria-personas-menores-de-30-anos-de-origen-magrebi\/","name":"En los primeros seis d\u00edas de apertura el Albergue de Jes\u00fas y Mar\u00eda registra una ocupaci\u00f3n media de 35 a 40 personas, la mayor\u00eda personas menores de 30 a\u00f1os de origen magreb\u00ed","isPartOf":{"@id":"https:\/\/www.laguiadepamplona.com\/actualidad\/#website"},"primaryImageOfPage":{"@id":"https:\/\/www.laguiadepamplona.com\/actualidad\/en-los-primeros-seis-dias-de-apertura-el-albergue-de-jesus-y-maria-registra-una-ocupacion-media-de-35-a-40-personas-la-mayoria-personas-menores-de-30-anos-de-origen-magrebi\/#primaryimage"},"image":{"@id":"https:\/\/www.laguiadepamplona.com\/actualidad\/en-los-primeros-seis-dias-de-apertura-el-albergue-de-jesus-y-maria-registra-una-ocupacion-media-de-35-a-40-personas-la-mayoria-personas-menores-de-30-anos-de-origen-magrebi\/#primaryimage"},"thumbnailUrl":"https:\/\/www.laguiadepamplona.com\/actualidad\/wp-content\/uploads\/2021\/03\/Albergue-Jesus-y-Maria7.jpg","datePublished":"2023-01-10T17:38:30+00:00","dateModified":"2023-04-11T09:47:25+00:00","description":"Este recurso permanecer\u00e1 abierto hasta el 31 de marzo, de lunes a domingo, desde las 20.30 horas hasta las 8.30 horas","breadcrumb":{"@id":"https:\/\/www.laguiadepamplona.com\/actualidad\/en-los-primeros-seis-dias-de-apertura-el-albergue-de-jesus-y-maria-registra-una-ocupacion-media-de-35-a-40-personas-la-mayoria-personas-menores-de-30-anos-de-origen-magrebi\/#breadcrumb"},"inLanguage":"es","potentialAction":[{"@type":"ReadAction","target":["https:\/\/www.laguiadepamplona.com\/actualidad\/en-los-primeros-seis-dias-de-apertura-el-albergue-de-jesus-y-maria-registra-una-ocupacion-media-de-35-a-40-personas-la-mayoria-personas-menores-de-30-anos-de-origen-magrebi\/"]}]},{"@type":"ImageObject","inLanguage":"es","@id":"https:\/\/www.laguiadepamplona.com\/actualidad\/en-los-primeros-seis-dias-de-apertura-el-albergue-de-jesus-y-maria-registra-una-ocupacion-media-de-35-a-40-personas-la-mayoria-personas-menores-de-30-anos-de-origen-magrebi\/#primaryimage","url":"https:\/\/www.laguiadepamplona.com\/actualidad\/wp-content\/uploads\/2021\/03\/Albergue-Jesus-y-Maria7.jpg","contentUrl":"https:\/\/www.laguiadepamplona.com\/actualidad\/wp-content\/uploads\/2021\/03\/Albergue-Jesus-y-Maria7.jpg","width":850,"height":567},{"@type":"BreadcrumbList","@id":"https:\/\/www.laguiadepamplona.com\/actualidad\/en-los-primeros-seis-dias-de-apertura-el-albergue-de-jesus-y-maria-registra-una-ocupacion-media-de-35-a-40-personas-la-mayoria-personas-menores-de-30-anos-de-origen-magrebi\/#breadcrumb","itemListElement":[{"@type":"ListItem","position":1,"name":"Portada","item":"https:\/\/www.laguiadepamplona.com\/actualidad\/"},{"@type":"ListItem","position":2,"name":"En los primeros seis d\u00edas de apertura el Albergue de Jes\u00fas y Mar\u00eda registra una ocupaci\u00f3n media de 35 a 40 personas, la mayor\u00eda personas menores de 30 a\u00f1os de origen magreb\u00ed"}]},{"@type":"WebSite","@id":"https:\/\/www.laguiadepamplona.com\/actualidad\/#website","url":"https:\/\/www.laguiadepamplona.com\/actualidad\/","name":"La gu\u00eda de Pamplona","description":"Noticias de Pamplona","publisher":{"@id":"https:\/\/www.laguiadepamplona.com\/actualidad\/#organization"},"potentialAction":[{"@type":"SearchAction","target":{"@type":"EntryPoint","urlTemplate":"https:\/\/www.laguiadepamplona.com\/actualidad\/?s={search_term_string}"},"query-input":{"@type":"PropertyValueSpecification","valueRequired":true,"valueName":"search_term_string"}}],"inLanguage":"es"},{"@type":"Organization","@id":"https:\/\/www.laguiadepamplona.com\/actualidad\/#organization","name":"La Gu\u00eda de Pamplona \/ Noticias","url":"https:\/\/www.laguiadepamplona.com\/actualidad\/","logo":{"@type":"ImageObject","inLanguage":"es","@id":"https:\/\/www.laguiadepamplona.com\/actualidad\/#\/schema\/logo\/image\/","url":"https:\/\/www.laguiadepamplona.com\/actualidad\/wp-content\/uploads\/2018\/11\/logo-laguiadepamplona18-web1.png","contentUrl":"https:\/\/www.laguiadepamplona.com\/actualidad\/wp-content\/uploads\/2018\/11\/logo-laguiadepamplona18-web1.png","width":600,"height":196,"caption":"La Gu\u00eda de Pamplona \/ Noticias"},"image":{"@id":"https:\/\/www.laguiadepamplona.com\/actualidad\/#\/schema\/logo\/image\/"},"sameAs":["https:\/\/www.facebook.com\/laguiadepamplonacom-133175176762273\/?ref=hl","https:\/\/x.com\/LaGuiadPamplona","https:\/\/www.instagram.com\/la_guia_de_pamplona\/","https:\/\/www.youtube.com\/user\/laguiadepamplona"]},{"@type":"Person","@id":"https:\/\/www.laguiadepamplona.com\/actualidad\/#\/schema\/person\/efe887376f0213d4657c93adc50b1fdb","name":"La Gu\u00eda de Pamplona","image":{"@type":"ImageObject","inLanguage":"es","@id":"https:\/\/secure.gravatar.com\/avatar\/b6992f131dc8d30ab0dff15446e9d346d9dbd95992de0fef795073f5ea83a81c?s=96&d=mm&r=g","url":"https:\/\/secure.gravatar.com\/avatar\/b6992f131dc8d30ab0dff15446e9d346d9dbd95992de0fef795073f5ea83a81c?s=96&d=mm&r=g","contentUrl":"https:\/\/secure.gravatar.com\/avatar\/b6992f131dc8d30ab0dff15446e9d346d9dbd95992de0fef795073f5ea83a81c?s=96&d=mm&r=g","caption":"La Gu\u00eda de Pamplona"}}]}},"post_mailing_queue_ids":[],"_links":{"self":[{"href":"https:\/\/www.laguiadepamplona.com\/actualidad\/wp-json\/wp\/v2\/posts\/42552","targetHints":{"allow":["GET"]}}],"collection":[{"href":"https:\/\/www.laguiadepamplona.com\/actualidad\/wp-json\/wp\/v2\/posts"}],"about":[{"href":"https:\/\/www.laguiadepamplona.com\/actualidad\/wp-json\/wp\/v2\/types\/post"}],"author":[{"embeddable":true,"href":"https:\/\/www.laguiadepamplona.com\/actualidad\/wp-json\/wp\/v2\/users\/1"}],"replies":[{"embeddable":true,"href":"https:\/\/www.laguiadepamplona.com\/actualidad\/wp-json\/wp\/v2\/comments?post=42552"}],"version-history":[{"count":0,"href":"https:\/\/www.laguiadepamplona.com\/actualidad\/wp-json\/wp\/v2\/posts\/42552\/revisions"}],"wp:featuredmedia":[{"embeddable":true,"href":"https:\/\/www.laguiadepamplona.com\/actualidad\/wp-json\/wp\/v2\/media\/33973"}],"wp:attachment":[{"href":"https:\/\/www.laguiadepamplona.com\/actualidad\/wp-json\/wp\/v2\/media?parent=42552"}],"wp:term":[{"taxonomy":"category","embeddable":true,"href":"https:\/\/www.laguiadepamplona.com\/actualidad\/wp-json\/wp\/v2\/categories?post=42552"},{"taxonomy":"post_tag","embeddable":true,"href":"https:\/\/www.laguiadepamplona.com\/actualidad\/wp-json\/wp\/v2\/tags?post=42552"}],"curies":[{"name":"wp","href":"https:\/\/api.w.org\/{rel}","templated":true}]}}