{"id":42547,"date":"2023-01-10T19:34:18","date_gmt":"2023-01-10T17:34:18","guid":{"rendered":"https:\/\/www.laguiadepamplona.com\/actualidad\/?p=42547"},"modified":"2023-04-11T11:47:25","modified_gmt":"2023-04-11T09:47:25","slug":"pamplona-construira-a-partir-de-primavera-un-nuevo-vial-de-la-urbanizacion-del-sur-de-azpilagana-paralelo-al-actual-con-su-conexion-con-la-avenida-de-zaragoza","status":"publish","type":"post","link":"https:\/\/www.laguiadepamplona.com\/actualidad\/pamplona-construira-a-partir-de-primavera-un-nuevo-vial-de-la-urbanizacion-del-sur-de-azpilagana-paralelo-al-actual-con-su-conexion-con-la-avenida-de-zaragoza\/","title":{"rendered":"Pamplona construir\u00e1 a partir de primavera un nuevo vial de la urbanizaci\u00f3n del sur de Azpilaga\u00f1a, paralelo al actual, con su conexi\u00f3n con la avenida de Zaragoza"},"content":{"rendered":"<h5>El derribo de la antigua vaquer\u00eda de Oroz a finales del pasado a\u00f1o ha permitido disponer de los terrenos para llevar a cabo esta obra<\/h5>\n<p><!--more--><\/p>\n<p>Gerencia de Urbanismo ha licitado las obras de la segunda fase de urbanizaci\u00f3n de Azpilaga\u00f1a sur que consisten, principalmente, en la construcci\u00f3n de un nuevo vial paralelo al actual y de su conexi\u00f3n con la avenida de Zaragoza, as\u00ed como la ejecuci\u00f3n de un nuevo tramo de acera y parada de autob\u00fas en la avenida Zaragoza en la zona que antiguamente ocupaba la vaquer\u00eda. Los trabajos cuentan con un presupuesto de 1.348.141,25 euros y un plazo de ejecuci\u00f3n de 7 meses. Se prev\u00e9 que las obras puedan comenzar en el mes de abril. Asimismo, se ha licitado la direcci\u00f3n de obra, con un presupuesto de 72.600 euros.<br \/>\n<script async src=\"\/\/pagead2.googlesyndication.com\/pagead\/js\/adsbygoogle.js\"><\/script><br \/>\n<!-- Noticias La Guia de Pamplona --><br \/>\n<ins class=\"adsbygoogle\"\nstyle=\"display:block\"\ndata-ad-client=\"ca-pub-6943679897239327\"\ndata-ad-slot=\"7048180777\"\ndata-ad-format=\"auto\"><\/ins><br \/>\n<script>\n(adsbygoogle = window.adsbygoogle || []).push({});\n<\/script><\/p>\n<p>Las obras que se van a llevar a cabo se pueden dividir en tres tipos de actuaciones. Por una parte, se encuentra la urbanizaci\u00f3n del vial que conectar\u00e1 con la avenida de Zaragoza y discurrir\u00e1 paralelo a la calle Mari \u00c1brego. Ser\u00e1 un vial con doble sentido de circulaci\u00f3n y plazas de aparcamiento en l\u00ednea a los lados. Una segunda actuaci\u00f3n tiene que ver con la realizaci\u00f3n de todas las infraestructuras necesarias que faltaban para los servicios previstos en la zona. Por \u00faltimo, se ejecutar\u00e1 la urbanizaci\u00f3n de la conexi\u00f3n con la avenida de Zaragoza, dando continuidad a la acera existente desde la glorieta de confluencia con la calle Sadar. El nuevo vial limita con terrenos que actualmente pertenecen al municipio de la Cendea de Galar, pero que pasar\u00e1n a ser t\u00e9rmino municipal de Pamplona una vez aprobado el convenio en tramitaci\u00f3n entre ambos ayuntamientos.<\/p>\n<p>Estas actuaciones se pueden llevar a cabo tras el derribo en noviembre del a\u00f1o pasado de las instalaciones de la antigua vaquer\u00eda de Oroz, que ocupaban el espacio m\u00e1s cercano de la avenida de Zaragoza. Una vez liberado el \u00e1mbito, han comenzado las obras de edificaci\u00f3n de una futura residencia de estudiantes en la parcela M2B del sector S2, que se deber\u00e1n coordinar con la nueva urbanizaci\u00f3n.<br \/>\n<script async src=\"\/\/pagead2.googlesyndication.com\/pagead\/js\/adsbygoogle.js\"><\/script><br \/>\n<!-- Noticias La Guia de Pamplona --><br \/>\n<ins class=\"adsbygoogle\"\nstyle=\"display:block\"\ndata-ad-client=\"ca-pub-6943679897239327\"\ndata-ad-slot=\"7048180777\"\ndata-ad-format=\"auto\"><\/ins><br \/>\n<script>\n(adsbygoogle = window.adsbygoogle || []).push({});\n<\/script><\/p>\n<p>La actualizaci\u00f3n del proyecto de urbanizaci\u00f3n de esta segunda fase ha sido realizada por la empresa de ingenier\u00eda SERTECNA. El \u00e1mbito de actuaci\u00f3n de todo el sector S2 (ARS-4) tiene una superficie de 60.000 metros cuadrados y limita hacia el norte con el r\u00edo Sadar, hacia el sur con el l\u00edmite del t\u00e9rmino municipal de Pamplona y la Cendea de Galar, al este con la avenida de Zaragoza y al oeste con la avenida de Navarra.<\/p>\n","protected":false},"excerpt":{"rendered":"<p>El derribo de la antigua vaquer\u00eda de Oroz a finales del pasado a\u00f1o ha permitido disponer de los terrenos para llevar a cabo esta obra<\/p>\n","protected":false},"author":1,"featured_media":42164,"comment_status":"open","ping_status":"closed","sticky":false,"template":"","format":"standard","meta":{"footnotes":""},"categories":[2],"tags":[],"class_list":["post-42547","post","type-post","status-publish","format-standard","has-post-thumbnail","hentry","category-ayuntamiento-pamplona"],"yoast_head":"<!-- This site is optimized with the Yoast SEO plugin v27.5 - https:\/\/yoast.com\/product\/yoast-seo-wordpress\/ -->\n<title>Pamplona construir\u00e1 a partir de primavera un nuevo vial de la urbanizaci\u00f3n del sur de Azpilaga\u00f1a, paralelo al actual, con su conexi\u00f3n con la avenida de Zaragoza<\/title>\n<meta name=\"description\" content=\"El derribo de la antigua vaquer\u00eda de Oroz a finales del pasado a\u00f1o ha permitido disponer de los terrenos para llevar a cabo esta obra\" \/>\n<meta name=\"robots\" content=\"index, follow, max-snippet:-1, max-image-preview:large, max-video-preview:-1\" \/>\n<link rel=\"canonical\" href=\"https:\/\/www.laguiadepamplona.com\/actualidad\/pamplona-construira-a-partir-de-primavera-un-nuevo-vial-de-la-urbanizacion-del-sur-de-azpilagana-paralelo-al-actual-con-su-conexion-con-la-avenida-de-zaragoza\/\" \/>\n<meta property=\"og:locale\" content=\"es_ES\" \/>\n<meta property=\"og:type\" content=\"article\" \/>\n<meta property=\"og:title\" content=\"Pamplona construir\u00e1 a partir de primavera un nuevo vial de la urbanizaci\u00f3n del sur de Azpilaga\u00f1a, paralelo al actual, con su conexi\u00f3n con la avenida de Zaragoza\" \/>\n<meta property=\"og:description\" content=\"El derribo de la antigua vaquer\u00eda de Oroz a finales del pasado a\u00f1o ha permitido disponer de los terrenos para llevar a cabo esta obra\" \/>\n<meta property=\"og:url\" content=\"https:\/\/www.laguiadepamplona.com\/actualidad\/pamplona-construira-a-partir-de-primavera-un-nuevo-vial-de-la-urbanizacion-del-sur-de-azpilagana-paralelo-al-actual-con-su-conexion-con-la-avenida-de-zaragoza\/\" \/>\n<meta property=\"og:site_name\" content=\"La Gu\u00eda de Pamplona\" \/>\n<meta property=\"article:publisher\" content=\"https:\/\/www.facebook.com\/laguiadepamplonacom-133175176762273\/?ref=hl\" \/>\n<meta property=\"article:published_time\" content=\"2023-01-10T17:34:18+00:00\" \/>\n<meta property=\"article:modified_time\" content=\"2023-04-11T09:47:25+00:00\" \/>\n<meta property=\"og:image\" content=\"https:\/\/www.laguiadepamplona.com\/actualidad\/wp-content\/uploads\/2022\/11\/vaqueria-oroz.webp\" \/>\n\t<meta property=\"og:image:width\" content=\"1920\" \/>\n\t<meta property=\"og:image:height\" content=\"1280\" \/>\n\t<meta property=\"og:image:type\" content=\"image\/webp\" \/>\n<meta name=\"author\" content=\"La Gu\u00eda de Pamplona\" \/>\n<meta name=\"twitter:card\" content=\"summary_large_image\" \/>\n<meta name=\"twitter:creator\" content=\"@LaGuiadPamplona\" \/>\n<meta name=\"twitter:site\" content=\"@LaGuiadPamplona\" \/>\n<meta name=\"twitter:label1\" content=\"Escrito por\" \/>\n\t<meta name=\"twitter:data1\" content=\"La Gu\u00eda de Pamplona\" \/>\n\t<meta name=\"twitter:label2\" content=\"Tiempo de lectura\" \/>\n\t<meta name=\"twitter:data2\" content=\"2 minutos\" \/>\n<script type=\"application\/ld+json\" class=\"yoast-schema-graph\">{\"@context\":\"https:\\\/\\\/schema.org\",\"@graph\":[{\"@type\":\"Article\",\"@id\":\"https:\\\/\\\/www.laguiadepamplona.com\\\/actualidad\\\/pamplona-construira-a-partir-de-primavera-un-nuevo-vial-de-la-urbanizacion-del-sur-de-azpilagana-paralelo-al-actual-con-su-conexion-con-la-avenida-de-zaragoza\\\/#article\",\"isPartOf\":{\"@id\":\"https:\\\/\\\/www.laguiadepamplona.com\\\/actualidad\\\/pamplona-construira-a-partir-de-primavera-un-nuevo-vial-de-la-urbanizacion-del-sur-de-azpilagana-paralelo-al-actual-con-su-conexion-con-la-avenida-de-zaragoza\\\/\"},\"author\":{\"name\":\"La Gu\u00eda de Pamplona\",\"@id\":\"https:\\\/\\\/www.laguiadepamplona.com\\\/actualidad\\\/#\\\/schema\\\/person\\\/efe887376f0213d4657c93adc50b1fdb\"},\"headline\":\"Pamplona construir\u00e1 a partir de primavera un nuevo vial de la urbanizaci\u00f3n del sur de Azpilaga\u00f1a, paralelo al actual, con su conexi\u00f3n con la avenida de Zaragoza\",\"datePublished\":\"2023-01-10T17:34:18+00:00\",\"dateModified\":\"2023-04-11T09:47:25+00:00\",\"mainEntityOfPage\":{\"@id\":\"https:\\\/\\\/www.laguiadepamplona.com\\\/actualidad\\\/pamplona-construira-a-partir-de-primavera-un-nuevo-vial-de-la-urbanizacion-del-sur-de-azpilagana-paralelo-al-actual-con-su-conexion-con-la-avenida-de-zaragoza\\\/\"},\"wordCount\":481,\"commentCount\":0,\"publisher\":{\"@id\":\"https:\\\/\\\/www.laguiadepamplona.com\\\/actualidad\\\/#organization\"},\"image\":{\"@id\":\"https:\\\/\\\/www.laguiadepamplona.com\\\/actualidad\\\/pamplona-construira-a-partir-de-primavera-un-nuevo-vial-de-la-urbanizacion-del-sur-de-azpilagana-paralelo-al-actual-con-su-conexion-con-la-avenida-de-zaragoza\\\/#primaryimage\"},\"thumbnailUrl\":\"https:\\\/\\\/www.laguiadepamplona.com\\\/actualidad\\\/wp-content\\\/uploads\\\/2022\\\/11\\\/vaqueria-oroz.webp\",\"articleSection\":[\"Ayto Pamplona\"],\"inLanguage\":\"es\",\"potentialAction\":[{\"@type\":\"CommentAction\",\"name\":\"Comment\",\"target\":[\"https:\\\/\\\/www.laguiadepamplona.com\\\/actualidad\\\/pamplona-construira-a-partir-de-primavera-un-nuevo-vial-de-la-urbanizacion-del-sur-de-azpilagana-paralelo-al-actual-con-su-conexion-con-la-avenida-de-zaragoza\\\/#respond\"]}]},{\"@type\":\"WebPage\",\"@id\":\"https:\\\/\\\/www.laguiadepamplona.com\\\/actualidad\\\/pamplona-construira-a-partir-de-primavera-un-nuevo-vial-de-la-urbanizacion-del-sur-de-azpilagana-paralelo-al-actual-con-su-conexion-con-la-avenida-de-zaragoza\\\/\",\"url\":\"https:\\\/\\\/www.laguiadepamplona.com\\\/actualidad\\\/pamplona-construira-a-partir-de-primavera-un-nuevo-vial-de-la-urbanizacion-del-sur-de-azpilagana-paralelo-al-actual-con-su-conexion-con-la-avenida-de-zaragoza\\\/\",\"name\":\"Pamplona construir\u00e1 a partir de primavera un nuevo vial de la urbanizaci\u00f3n del sur de Azpilaga\u00f1a, paralelo al actual, con su conexi\u00f3n con la avenida de Zaragoza\",\"isPartOf\":{\"@id\":\"https:\\\/\\\/www.laguiadepamplona.com\\\/actualidad\\\/#website\"},\"primaryImageOfPage\":{\"@id\":\"https:\\\/\\\/www.laguiadepamplona.com\\\/actualidad\\\/pamplona-construira-a-partir-de-primavera-un-nuevo-vial-de-la-urbanizacion-del-sur-de-azpilagana-paralelo-al-actual-con-su-conexion-con-la-avenida-de-zaragoza\\\/#primaryimage\"},\"image\":{\"@id\":\"https:\\\/\\\/www.laguiadepamplona.com\\\/actualidad\\\/pamplona-construira-a-partir-de-primavera-un-nuevo-vial-de-la-urbanizacion-del-sur-de-azpilagana-paralelo-al-actual-con-su-conexion-con-la-avenida-de-zaragoza\\\/#primaryimage\"},\"thumbnailUrl\":\"https:\\\/\\\/www.laguiadepamplona.com\\\/actualidad\\\/wp-content\\\/uploads\\\/2022\\\/11\\\/vaqueria-oroz.webp\",\"datePublished\":\"2023-01-10T17:34:18+00:00\",\"dateModified\":\"2023-04-11T09:47:25+00:00\",\"description\":\"El derribo de la antigua vaquer\u00eda de Oroz a finales del pasado a\u00f1o ha permitido disponer de los terrenos para llevar a cabo esta obra\",\"breadcrumb\":{\"@id\":\"https:\\\/\\\/www.laguiadepamplona.com\\\/actualidad\\\/pamplona-construira-a-partir-de-primavera-un-nuevo-vial-de-la-urbanizacion-del-sur-de-azpilagana-paralelo-al-actual-con-su-conexion-con-la-avenida-de-zaragoza\\\/#breadcrumb\"},\"inLanguage\":\"es\",\"potentialAction\":[{\"@type\":\"ReadAction\",\"target\":[\"https:\\\/\\\/www.laguiadepamplona.com\\\/actualidad\\\/pamplona-construira-a-partir-de-primavera-un-nuevo-vial-de-la-urbanizacion-del-sur-de-azpilagana-paralelo-al-actual-con-su-conexion-con-la-avenida-de-zaragoza\\\/\"]}]},{\"@type\":\"ImageObject\",\"inLanguage\":\"es\",\"@id\":\"https:\\\/\\\/www.laguiadepamplona.com\\\/actualidad\\\/pamplona-construira-a-partir-de-primavera-un-nuevo-vial-de-la-urbanizacion-del-sur-de-azpilagana-paralelo-al-actual-con-su-conexion-con-la-avenida-de-zaragoza\\\/#primaryimage\",\"url\":\"https:\\\/\\\/www.laguiadepamplona.com\\\/actualidad\\\/wp-content\\\/uploads\\\/2022\\\/11\\\/vaqueria-oroz.webp\",\"contentUrl\":\"https:\\\/\\\/www.laguiadepamplona.com\\\/actualidad\\\/wp-content\\\/uploads\\\/2022\\\/11\\\/vaqueria-oroz.webp\",\"width\":1920,\"height\":1280},{\"@type\":\"BreadcrumbList\",\"@id\":\"https:\\\/\\\/www.laguiadepamplona.com\\\/actualidad\\\/pamplona-construira-a-partir-de-primavera-un-nuevo-vial-de-la-urbanizacion-del-sur-de-azpilagana-paralelo-al-actual-con-su-conexion-con-la-avenida-de-zaragoza\\\/#breadcrumb\",\"itemListElement\":[{\"@type\":\"ListItem\",\"position\":1,\"name\":\"Portada\",\"item\":\"https:\\\/\\\/www.laguiadepamplona.com\\\/actualidad\\\/\"},{\"@type\":\"ListItem\",\"position\":2,\"name\":\"Pamplona construir\u00e1 a partir de primavera un nuevo vial de la urbanizaci\u00f3n del sur de Azpilaga\u00f1a, paralelo al actual, con su conexi\u00f3n con la avenida de Zaragoza\"}]},{\"@type\":\"WebSite\",\"@id\":\"https:\\\/\\\/www.laguiadepamplona.com\\\/actualidad\\\/#website\",\"url\":\"https:\\\/\\\/www.laguiadepamplona.com\\\/actualidad\\\/\",\"name\":\"La gu\u00eda de Pamplona\",\"description\":\"Noticias de Pamplona\",\"publisher\":{\"@id\":\"https:\\\/\\\/www.laguiadepamplona.com\\\/actualidad\\\/#organization\"},\"potentialAction\":[{\"@type\":\"SearchAction\",\"target\":{\"@type\":\"EntryPoint\",\"urlTemplate\":\"https:\\\/\\\/www.laguiadepamplona.com\\\/actualidad\\\/?s={search_term_string}\"},\"query-input\":{\"@type\":\"PropertyValueSpecification\",\"valueRequired\":true,\"valueName\":\"search_term_string\"}}],\"inLanguage\":\"es\"},{\"@type\":\"Organization\",\"@id\":\"https:\\\/\\\/www.laguiadepamplona.com\\\/actualidad\\\/#organization\",\"name\":\"La Gu\u00eda de Pamplona \\\/ Noticias\",\"url\":\"https:\\\/\\\/www.laguiadepamplona.com\\\/actualidad\\\/\",\"logo\":{\"@type\":\"ImageObject\",\"inLanguage\":\"es\",\"@id\":\"https:\\\/\\\/www.laguiadepamplona.com\\\/actualidad\\\/#\\\/schema\\\/logo\\\/image\\\/\",\"url\":\"https:\\\/\\\/www.laguiadepamplona.com\\\/actualidad\\\/wp-content\\\/uploads\\\/2018\\\/11\\\/logo-laguiadepamplona18-web1.png\",\"contentUrl\":\"https:\\\/\\\/www.laguiadepamplona.com\\\/actualidad\\\/wp-content\\\/uploads\\\/2018\\\/11\\\/logo-laguiadepamplona18-web1.png\",\"width\":600,\"height\":196,\"caption\":\"La Gu\u00eda de Pamplona \\\/ Noticias\"},\"image\":{\"@id\":\"https:\\\/\\\/www.laguiadepamplona.com\\\/actualidad\\\/#\\\/schema\\\/logo\\\/image\\\/\"},\"sameAs\":[\"https:\\\/\\\/www.facebook.com\\\/laguiadepamplonacom-133175176762273\\\/?ref=hl\",\"https:\\\/\\\/x.com\\\/LaGuiadPamplona\",\"https:\\\/\\\/www.instagram.com\\\/la_guia_de_pamplona\\\/\",\"https:\\\/\\\/www.youtube.com\\\/user\\\/laguiadepamplona\"]},{\"@type\":\"Person\",\"@id\":\"https:\\\/\\\/www.laguiadepamplona.com\\\/actualidad\\\/#\\\/schema\\\/person\\\/efe887376f0213d4657c93adc50b1fdb\",\"name\":\"La Gu\u00eda de Pamplona\",\"image\":{\"@type\":\"ImageObject\",\"inLanguage\":\"es\",\"@id\":\"https:\\\/\\\/secure.gravatar.com\\\/avatar\\\/b6992f131dc8d30ab0dff15446e9d346d9dbd95992de0fef795073f5ea83a81c?s=96&d=mm&r=g\",\"url\":\"https:\\\/\\\/secure.gravatar.com\\\/avatar\\\/b6992f131dc8d30ab0dff15446e9d346d9dbd95992de0fef795073f5ea83a81c?s=96&d=mm&r=g\",\"contentUrl\":\"https:\\\/\\\/secure.gravatar.com\\\/avatar\\\/b6992f131dc8d30ab0dff15446e9d346d9dbd95992de0fef795073f5ea83a81c?s=96&d=mm&r=g\",\"caption\":\"La Gu\u00eda de Pamplona\"}}]}<\/script>\n<!-- \/ Yoast SEO plugin. -->","yoast_head_json":{"title":"Pamplona construir\u00e1 a partir de primavera un nuevo vial de la urbanizaci\u00f3n del sur de Azpilaga\u00f1a, paralelo al actual, con su conexi\u00f3n con la avenida de Zaragoza","description":"El derribo de la antigua vaquer\u00eda de Oroz a finales del pasado a\u00f1o ha permitido disponer de los terrenos para llevar a cabo esta obra","robots":{"index":"index","follow":"follow","max-snippet":"max-snippet:-1","max-image-preview":"max-image-preview:large","max-video-preview":"max-video-preview:-1"},"canonical":"https:\/\/www.laguiadepamplona.com\/actualidad\/pamplona-construira-a-partir-de-primavera-un-nuevo-vial-de-la-urbanizacion-del-sur-de-azpilagana-paralelo-al-actual-con-su-conexion-con-la-avenida-de-zaragoza\/","og_locale":"es_ES","og_type":"article","og_title":"Pamplona construir\u00e1 a partir de primavera un nuevo vial de la urbanizaci\u00f3n del sur de Azpilaga\u00f1a, paralelo al actual, con su conexi\u00f3n con la avenida de Zaragoza","og_description":"El derribo de la antigua vaquer\u00eda de Oroz a finales del pasado a\u00f1o ha permitido disponer de los terrenos para llevar a cabo esta obra","og_url":"https:\/\/www.laguiadepamplona.com\/actualidad\/pamplona-construira-a-partir-de-primavera-un-nuevo-vial-de-la-urbanizacion-del-sur-de-azpilagana-paralelo-al-actual-con-su-conexion-con-la-avenida-de-zaragoza\/","og_site_name":"La Gu\u00eda de Pamplona","article_publisher":"https:\/\/www.facebook.com\/laguiadepamplonacom-133175176762273\/?ref=hl","article_published_time":"2023-01-10T17:34:18+00:00","article_modified_time":"2023-04-11T09:47:25+00:00","og_image":[{"width":1920,"height":1280,"url":"https:\/\/www.laguiadepamplona.com\/actualidad\/wp-content\/uploads\/2022\/11\/vaqueria-oroz.webp","type":"image\/webp"}],"author":"La Gu\u00eda de Pamplona","twitter_card":"summary_large_image","twitter_creator":"@LaGuiadPamplona","twitter_site":"@LaGuiadPamplona","twitter_misc":{"Escrito por":"La Gu\u00eda de Pamplona","Tiempo de lectura":"2 minutos"},"schema":{"@context":"https:\/\/schema.org","@graph":[{"@type":"Article","@id":"https:\/\/www.laguiadepamplona.com\/actualidad\/pamplona-construira-a-partir-de-primavera-un-nuevo-vial-de-la-urbanizacion-del-sur-de-azpilagana-paralelo-al-actual-con-su-conexion-con-la-avenida-de-zaragoza\/#article","isPartOf":{"@id":"https:\/\/www.laguiadepamplona.com\/actualidad\/pamplona-construira-a-partir-de-primavera-un-nuevo-vial-de-la-urbanizacion-del-sur-de-azpilagana-paralelo-al-actual-con-su-conexion-con-la-avenida-de-zaragoza\/"},"author":{"name":"La Gu\u00eda de Pamplona","@id":"https:\/\/www.laguiadepamplona.com\/actualidad\/#\/schema\/person\/efe887376f0213d4657c93adc50b1fdb"},"headline":"Pamplona construir\u00e1 a partir de primavera un nuevo vial de la urbanizaci\u00f3n del sur de Azpilaga\u00f1a, paralelo al actual, con su conexi\u00f3n con la avenida de Zaragoza","datePublished":"2023-01-10T17:34:18+00:00","dateModified":"2023-04-11T09:47:25+00:00","mainEntityOfPage":{"@id":"https:\/\/www.laguiadepamplona.com\/actualidad\/pamplona-construira-a-partir-de-primavera-un-nuevo-vial-de-la-urbanizacion-del-sur-de-azpilagana-paralelo-al-actual-con-su-conexion-con-la-avenida-de-zaragoza\/"},"wordCount":481,"commentCount":0,"publisher":{"@id":"https:\/\/www.laguiadepamplona.com\/actualidad\/#organization"},"image":{"@id":"https:\/\/www.laguiadepamplona.com\/actualidad\/pamplona-construira-a-partir-de-primavera-un-nuevo-vial-de-la-urbanizacion-del-sur-de-azpilagana-paralelo-al-actual-con-su-conexion-con-la-avenida-de-zaragoza\/#primaryimage"},"thumbnailUrl":"https:\/\/www.laguiadepamplona.com\/actualidad\/wp-content\/uploads\/2022\/11\/vaqueria-oroz.webp","articleSection":["Ayto Pamplona"],"inLanguage":"es","potentialAction":[{"@type":"CommentAction","name":"Comment","target":["https:\/\/www.laguiadepamplona.com\/actualidad\/pamplona-construira-a-partir-de-primavera-un-nuevo-vial-de-la-urbanizacion-del-sur-de-azpilagana-paralelo-al-actual-con-su-conexion-con-la-avenida-de-zaragoza\/#respond"]}]},{"@type":"WebPage","@id":"https:\/\/www.laguiadepamplona.com\/actualidad\/pamplona-construira-a-partir-de-primavera-un-nuevo-vial-de-la-urbanizacion-del-sur-de-azpilagana-paralelo-al-actual-con-su-conexion-con-la-avenida-de-zaragoza\/","url":"https:\/\/www.laguiadepamplona.com\/actualidad\/pamplona-construira-a-partir-de-primavera-un-nuevo-vial-de-la-urbanizacion-del-sur-de-azpilagana-paralelo-al-actual-con-su-conexion-con-la-avenida-de-zaragoza\/","name":"Pamplona construir\u00e1 a partir de primavera un nuevo vial de la urbanizaci\u00f3n del sur de Azpilaga\u00f1a, paralelo al actual, con su conexi\u00f3n con la avenida de Zaragoza","isPartOf":{"@id":"https:\/\/www.laguiadepamplona.com\/actualidad\/#website"},"primaryImageOfPage":{"@id":"https:\/\/www.laguiadepamplona.com\/actualidad\/pamplona-construira-a-partir-de-primavera-un-nuevo-vial-de-la-urbanizacion-del-sur-de-azpilagana-paralelo-al-actual-con-su-conexion-con-la-avenida-de-zaragoza\/#primaryimage"},"image":{"@id":"https:\/\/www.laguiadepamplona.com\/actualidad\/pamplona-construira-a-partir-de-primavera-un-nuevo-vial-de-la-urbanizacion-del-sur-de-azpilagana-paralelo-al-actual-con-su-conexion-con-la-avenida-de-zaragoza\/#primaryimage"},"thumbnailUrl":"https:\/\/www.laguiadepamplona.com\/actualidad\/wp-content\/uploads\/2022\/11\/vaqueria-oroz.webp","datePublished":"2023-01-10T17:34:18+00:00","dateModified":"2023-04-11T09:47:25+00:00","description":"El derribo de la antigua vaquer\u00eda de Oroz a finales del pasado a\u00f1o ha permitido disponer de los terrenos para llevar a cabo esta obra","breadcrumb":{"@id":"https:\/\/www.laguiadepamplona.com\/actualidad\/pamplona-construira-a-partir-de-primavera-un-nuevo-vial-de-la-urbanizacion-del-sur-de-azpilagana-paralelo-al-actual-con-su-conexion-con-la-avenida-de-zaragoza\/#breadcrumb"},"inLanguage":"es","potentialAction":[{"@type":"ReadAction","target":["https:\/\/www.laguiadepamplona.com\/actualidad\/pamplona-construira-a-partir-de-primavera-un-nuevo-vial-de-la-urbanizacion-del-sur-de-azpilagana-paralelo-al-actual-con-su-conexion-con-la-avenida-de-zaragoza\/"]}]},{"@type":"ImageObject","inLanguage":"es","@id":"https:\/\/www.laguiadepamplona.com\/actualidad\/pamplona-construira-a-partir-de-primavera-un-nuevo-vial-de-la-urbanizacion-del-sur-de-azpilagana-paralelo-al-actual-con-su-conexion-con-la-avenida-de-zaragoza\/#primaryimage","url":"https:\/\/www.laguiadepamplona.com\/actualidad\/wp-content\/uploads\/2022\/11\/vaqueria-oroz.webp","contentUrl":"https:\/\/www.laguiadepamplona.com\/actualidad\/wp-content\/uploads\/2022\/11\/vaqueria-oroz.webp","width":1920,"height":1280},{"@type":"BreadcrumbList","@id":"https:\/\/www.laguiadepamplona.com\/actualidad\/pamplona-construira-a-partir-de-primavera-un-nuevo-vial-de-la-urbanizacion-del-sur-de-azpilagana-paralelo-al-actual-con-su-conexion-con-la-avenida-de-zaragoza\/#breadcrumb","itemListElement":[{"@type":"ListItem","position":1,"name":"Portada","item":"https:\/\/www.laguiadepamplona.com\/actualidad\/"},{"@type":"ListItem","position":2,"name":"Pamplona construir\u00e1 a partir de primavera un nuevo vial de la urbanizaci\u00f3n del sur de Azpilaga\u00f1a, paralelo al actual, con su conexi\u00f3n con la avenida de Zaragoza"}]},{"@type":"WebSite","@id":"https:\/\/www.laguiadepamplona.com\/actualidad\/#website","url":"https:\/\/www.laguiadepamplona.com\/actualidad\/","name":"La gu\u00eda de Pamplona","description":"Noticias de Pamplona","publisher":{"@id":"https:\/\/www.laguiadepamplona.com\/actualidad\/#organization"},"potentialAction":[{"@type":"SearchAction","target":{"@type":"EntryPoint","urlTemplate":"https:\/\/www.laguiadepamplona.com\/actualidad\/?s={search_term_string}"},"query-input":{"@type":"PropertyValueSpecification","valueRequired":true,"valueName":"search_term_string"}}],"inLanguage":"es"},{"@type":"Organization","@id":"https:\/\/www.laguiadepamplona.com\/actualidad\/#organization","name":"La Gu\u00eda de Pamplona \/ Noticias","url":"https:\/\/www.laguiadepamplona.com\/actualidad\/","logo":{"@type":"ImageObject","inLanguage":"es","@id":"https:\/\/www.laguiadepamplona.com\/actualidad\/#\/schema\/logo\/image\/","url":"https:\/\/www.laguiadepamplona.com\/actualidad\/wp-content\/uploads\/2018\/11\/logo-laguiadepamplona18-web1.png","contentUrl":"https:\/\/www.laguiadepamplona.com\/actualidad\/wp-content\/uploads\/2018\/11\/logo-laguiadepamplona18-web1.png","width":600,"height":196,"caption":"La Gu\u00eda de Pamplona \/ Noticias"},"image":{"@id":"https:\/\/www.laguiadepamplona.com\/actualidad\/#\/schema\/logo\/image\/"},"sameAs":["https:\/\/www.facebook.com\/laguiadepamplonacom-133175176762273\/?ref=hl","https:\/\/x.com\/LaGuiadPamplona","https:\/\/www.instagram.com\/la_guia_de_pamplona\/","https:\/\/www.youtube.com\/user\/laguiadepamplona"]},{"@type":"Person","@id":"https:\/\/www.laguiadepamplona.com\/actualidad\/#\/schema\/person\/efe887376f0213d4657c93adc50b1fdb","name":"La Gu\u00eda de Pamplona","image":{"@type":"ImageObject","inLanguage":"es","@id":"https:\/\/secure.gravatar.com\/avatar\/b6992f131dc8d30ab0dff15446e9d346d9dbd95992de0fef795073f5ea83a81c?s=96&d=mm&r=g","url":"https:\/\/secure.gravatar.com\/avatar\/b6992f131dc8d30ab0dff15446e9d346d9dbd95992de0fef795073f5ea83a81c?s=96&d=mm&r=g","contentUrl":"https:\/\/secure.gravatar.com\/avatar\/b6992f131dc8d30ab0dff15446e9d346d9dbd95992de0fef795073f5ea83a81c?s=96&d=mm&r=g","caption":"La Gu\u00eda de Pamplona"}}]}},"post_mailing_queue_ids":[],"_links":{"self":[{"href":"https:\/\/www.laguiadepamplona.com\/actualidad\/wp-json\/wp\/v2\/posts\/42547","targetHints":{"allow":["GET"]}}],"collection":[{"href":"https:\/\/www.laguiadepamplona.com\/actualidad\/wp-json\/wp\/v2\/posts"}],"about":[{"href":"https:\/\/www.laguiadepamplona.com\/actualidad\/wp-json\/wp\/v2\/types\/post"}],"author":[{"embeddable":true,"href":"https:\/\/www.laguiadepamplona.com\/actualidad\/wp-json\/wp\/v2\/users\/1"}],"replies":[{"embeddable":true,"href":"https:\/\/www.laguiadepamplona.com\/actualidad\/wp-json\/wp\/v2\/comments?post=42547"}],"version-history":[{"count":0,"href":"https:\/\/www.laguiadepamplona.com\/actualidad\/wp-json\/wp\/v2\/posts\/42547\/revisions"}],"wp:featuredmedia":[{"embeddable":true,"href":"https:\/\/www.laguiadepamplona.com\/actualidad\/wp-json\/wp\/v2\/media\/42164"}],"wp:attachment":[{"href":"https:\/\/www.laguiadepamplona.com\/actualidad\/wp-json\/wp\/v2\/media?parent=42547"}],"wp:term":[{"taxonomy":"category","embeddable":true,"href":"https:\/\/www.laguiadepamplona.com\/actualidad\/wp-json\/wp\/v2\/categories?post=42547"},{"taxonomy":"post_tag","embeddable":true,"href":"https:\/\/www.laguiadepamplona.com\/actualidad\/wp-json\/wp\/v2\/tags?post=42547"}],"curies":[{"name":"wp","href":"https:\/\/api.w.org\/{rel}","templated":true}]}}