{"id":42544,"date":"2023-01-10T19:32:50","date_gmt":"2023-01-10T17:32:50","guid":{"rendered":"https:\/\/www.laguiadepamplona.com\/actualidad\/?p=42544"},"modified":"2023-04-11T11:47:25","modified_gmt":"2023-04-11T09:47:25","slug":"el-museo-de-educacion-ambiental-reflexiona-sobre-los-envases-que-se-utilizan-en-la-actualidad-a-traves-de-la-exposicion-ontziak-recipientes","status":"publish","type":"post","link":"https:\/\/www.laguiadepamplona.com\/actualidad\/el-museo-de-educacion-ambiental-reflexiona-sobre-los-envases-que-se-utilizan-en-la-actualidad-a-traves-de-la-exposicion-ontziak-recipientes\/","title":{"rendered":"El Museo de Educaci\u00f3n Ambiental reflexiona sobre los envases que se utilizan en la actualidad a trav\u00e9s de la exposici\u00f3n \u2018Ontziak \/ Recipientes\u2019"},"content":{"rendered":"<h5>Este martes se abre la exposici\u00f3n con una visita guiada con Elur Ulibarrena responsable del Museo Etnogr\u00e1fico del Reino de Pamplona en Arteta<\/h5>\n<p><!--more--><\/p>\n<p>\u2018Ontziak \/ Recipientes\u2019 es el t\u00edtulo de la nueva muestra que abre el primer trimestre de actividades de la Escuela de Sostenibilidad en este 2023. Recoge una selecci\u00f3n de piezas etnogr\u00e1ficas que forman parte de la colecci\u00f3n del Museo Etnogr\u00e1fico del Reino de Pamplona ubicado en la localidad de Arteta. La exposici\u00f3n se podr\u00e1 visitar a partir de este martes en el Museo de Educaci\u00f3n Ambiental.<br \/>\n<script async src=\"\/\/pagead2.googlesyndication.com\/pagead\/js\/adsbygoogle.js\"><\/script><br \/>\n<!-- Noticias La Guia de Pamplona --><br \/>\n<ins class=\"adsbygoogle\"\nstyle=\"display:block\"\ndata-ad-client=\"ca-pub-6943679897239327\"\ndata-ad-slot=\"7048180777\"\ndata-ad-format=\"auto\"><\/ins><br \/>\n<script>\n(adsbygoogle = window.adsbygoogle || []).push({});\n<\/script><\/p>\n<p>La muestra exhibe piezas que han sido contenedores de l\u00edquidos, s\u00f3lidos y gases para el aprovechamiento por parte de los seres humanos en nuestro territorio cercano. La exposici\u00f3n pretende profundizar en la importancia del dise\u00f1o y mejora continua de los recipientes desde un punto de vista antropol\u00f3gico, al mismo tiempo que invita a la reflexi\u00f3n sobre los recipientes que utilizamos en la actualidad en aspectos como sus materiales, durabilidad o el tipo de residuo en el que se convierten.<\/p>\n<p>Este martes se abrir\u00e1 al p\u00fablico la exposici\u00f3n con una visita guiada de Elur Ulibarrena, responsable del Museo Etnogr\u00e1fico del Reino de Pamplona, a las 18.30 horas. La entrada es libre hasta completar el aforo. La muestra se podr\u00e1 visitar hasta el 31 de marzo en horario de martes a viernes, de 10 a 13 horas por la ma\u00f1ana, y de martes a jueves, 18 a 20 horas por las tardes.<\/p>\n","protected":false},"excerpt":{"rendered":"<p>Este martes se abre la exposici\u00f3n con una visita guiada con Elur Ulibarrena responsable del Museo Etnogr\u00e1fico del Reino de Pamplona en Arteta<\/p>\n","protected":false},"author":1,"featured_media":42545,"comment_status":"open","ping_status":"closed","sticky":false,"template":"","format":"standard","meta":{"footnotes":""},"categories":[2],"tags":[],"class_list":["post-42544","post","type-post","status-publish","format-standard","has-post-thumbnail","hentry","category-ayuntamiento-pamplona"],"yoast_head":"<!-- This site is optimized with the Yoast SEO plugin v27.5 - https:\/\/yoast.com\/product\/yoast-seo-wordpress\/ -->\n<title>El Museo de Educaci\u00f3n Ambiental reflexiona sobre los envases que se utilizan en la actualidad a trav\u00e9s de la exposici\u00f3n \u2018Ontziak \/ Recipientes\u2019<\/title>\n<meta name=\"description\" content=\"Este martes se abre la exposici\u00f3n con una visita guiada con Elur Ulibarrena responsable del Museo Etnogr\u00e1fico del Reino de Pamplona en Arteta\" \/>\n<meta name=\"robots\" content=\"index, follow, max-snippet:-1, max-image-preview:large, max-video-preview:-1\" \/>\n<link rel=\"canonical\" href=\"https:\/\/www.laguiadepamplona.com\/actualidad\/el-museo-de-educacion-ambiental-reflexiona-sobre-los-envases-que-se-utilizan-en-la-actualidad-a-traves-de-la-exposicion-ontziak-recipientes\/\" \/>\n<meta property=\"og:locale\" content=\"es_ES\" \/>\n<meta property=\"og:type\" content=\"article\" \/>\n<meta property=\"og:title\" content=\"El Museo de Educaci\u00f3n Ambiental reflexiona sobre los envases que se utilizan en la actualidad a trav\u00e9s de la exposici\u00f3n \u2018Ontziak \/ Recipientes\u2019\" \/>\n<meta property=\"og:description\" content=\"Este martes se abre la exposici\u00f3n con una visita guiada con Elur Ulibarrena responsable del Museo Etnogr\u00e1fico del Reino de Pamplona en Arteta\" \/>\n<meta property=\"og:url\" content=\"https:\/\/www.laguiadepamplona.com\/actualidad\/el-museo-de-educacion-ambiental-reflexiona-sobre-los-envases-que-se-utilizan-en-la-actualidad-a-traves-de-la-exposicion-ontziak-recipientes\/\" \/>\n<meta property=\"og:site_name\" content=\"La Gu\u00eda de Pamplona\" \/>\n<meta property=\"article:publisher\" content=\"https:\/\/www.facebook.com\/laguiadepamplonacom-133175176762273\/?ref=hl\" \/>\n<meta property=\"article:published_time\" content=\"2023-01-10T17:32:50+00:00\" \/>\n<meta property=\"article:modified_time\" content=\"2023-04-11T09:47:25+00:00\" \/>\n<meta property=\"og:image\" content=\"https:\/\/www.laguiadepamplona.com\/actualidad\/wp-content\/uploads\/2023\/01\/exposicion-ontziak-recipientes-museo-educacion-ambiental.webp\" \/>\n\t<meta property=\"og:image:width\" content=\"1920\" \/>\n\t<meta property=\"og:image:height\" content=\"1280\" \/>\n\t<meta property=\"og:image:type\" content=\"image\/webp\" \/>\n<meta name=\"author\" content=\"La Gu\u00eda de Pamplona\" \/>\n<meta name=\"twitter:card\" content=\"summary_large_image\" \/>\n<meta name=\"twitter:creator\" content=\"@LaGuiadPamplona\" \/>\n<meta name=\"twitter:site\" content=\"@LaGuiadPamplona\" \/>\n<meta name=\"twitter:label1\" content=\"Escrito por\" \/>\n\t<meta name=\"twitter:data1\" content=\"La Gu\u00eda de Pamplona\" \/>\n\t<meta name=\"twitter:label2\" content=\"Tiempo de lectura\" \/>\n\t<meta name=\"twitter:data2\" content=\"2 minutos\" \/>\n<script type=\"application\/ld+json\" class=\"yoast-schema-graph\">{\"@context\":\"https:\\\/\\\/schema.org\",\"@graph\":[{\"@type\":\"Article\",\"@id\":\"https:\\\/\\\/www.laguiadepamplona.com\\\/actualidad\\\/el-museo-de-educacion-ambiental-reflexiona-sobre-los-envases-que-se-utilizan-en-la-actualidad-a-traves-de-la-exposicion-ontziak-recipientes\\\/#article\",\"isPartOf\":{\"@id\":\"https:\\\/\\\/www.laguiadepamplona.com\\\/actualidad\\\/el-museo-de-educacion-ambiental-reflexiona-sobre-los-envases-que-se-utilizan-en-la-actualidad-a-traves-de-la-exposicion-ontziak-recipientes\\\/\"},\"author\":{\"name\":\"La Gu\u00eda de Pamplona\",\"@id\":\"https:\\\/\\\/www.laguiadepamplona.com\\\/actualidad\\\/#\\\/schema\\\/person\\\/efe887376f0213d4657c93adc50b1fdb\"},\"headline\":\"El Museo de Educaci\u00f3n Ambiental reflexiona sobre los envases que se utilizan en la actualidad a trav\u00e9s de la exposici\u00f3n \u2018Ontziak \\\/ Recipientes\u2019\",\"datePublished\":\"2023-01-10T17:32:50+00:00\",\"dateModified\":\"2023-04-11T09:47:25+00:00\",\"mainEntityOfPage\":{\"@id\":\"https:\\\/\\\/www.laguiadepamplona.com\\\/actualidad\\\/el-museo-de-educacion-ambiental-reflexiona-sobre-los-envases-que-se-utilizan-en-la-actualidad-a-traves-de-la-exposicion-ontziak-recipientes\\\/\"},\"wordCount\":275,\"commentCount\":0,\"publisher\":{\"@id\":\"https:\\\/\\\/www.laguiadepamplona.com\\\/actualidad\\\/#organization\"},\"image\":{\"@id\":\"https:\\\/\\\/www.laguiadepamplona.com\\\/actualidad\\\/el-museo-de-educacion-ambiental-reflexiona-sobre-los-envases-que-se-utilizan-en-la-actualidad-a-traves-de-la-exposicion-ontziak-recipientes\\\/#primaryimage\"},\"thumbnailUrl\":\"https:\\\/\\\/www.laguiadepamplona.com\\\/actualidad\\\/wp-content\\\/uploads\\\/2023\\\/01\\\/exposicion-ontziak-recipientes-museo-educacion-ambiental.webp\",\"articleSection\":[\"Ayto Pamplona\"],\"inLanguage\":\"es\",\"potentialAction\":[{\"@type\":\"CommentAction\",\"name\":\"Comment\",\"target\":[\"https:\\\/\\\/www.laguiadepamplona.com\\\/actualidad\\\/el-museo-de-educacion-ambiental-reflexiona-sobre-los-envases-que-se-utilizan-en-la-actualidad-a-traves-de-la-exposicion-ontziak-recipientes\\\/#respond\"]}]},{\"@type\":\"WebPage\",\"@id\":\"https:\\\/\\\/www.laguiadepamplona.com\\\/actualidad\\\/el-museo-de-educacion-ambiental-reflexiona-sobre-los-envases-que-se-utilizan-en-la-actualidad-a-traves-de-la-exposicion-ontziak-recipientes\\\/\",\"url\":\"https:\\\/\\\/www.laguiadepamplona.com\\\/actualidad\\\/el-museo-de-educacion-ambiental-reflexiona-sobre-los-envases-que-se-utilizan-en-la-actualidad-a-traves-de-la-exposicion-ontziak-recipientes\\\/\",\"name\":\"El Museo de Educaci\u00f3n Ambiental reflexiona sobre los envases que se utilizan en la actualidad a trav\u00e9s de la exposici\u00f3n \u2018Ontziak \\\/ Recipientes\u2019\",\"isPartOf\":{\"@id\":\"https:\\\/\\\/www.laguiadepamplona.com\\\/actualidad\\\/#website\"},\"primaryImageOfPage\":{\"@id\":\"https:\\\/\\\/www.laguiadepamplona.com\\\/actualidad\\\/el-museo-de-educacion-ambiental-reflexiona-sobre-los-envases-que-se-utilizan-en-la-actualidad-a-traves-de-la-exposicion-ontziak-recipientes\\\/#primaryimage\"},\"image\":{\"@id\":\"https:\\\/\\\/www.laguiadepamplona.com\\\/actualidad\\\/el-museo-de-educacion-ambiental-reflexiona-sobre-los-envases-que-se-utilizan-en-la-actualidad-a-traves-de-la-exposicion-ontziak-recipientes\\\/#primaryimage\"},\"thumbnailUrl\":\"https:\\\/\\\/www.laguiadepamplona.com\\\/actualidad\\\/wp-content\\\/uploads\\\/2023\\\/01\\\/exposicion-ontziak-recipientes-museo-educacion-ambiental.webp\",\"datePublished\":\"2023-01-10T17:32:50+00:00\",\"dateModified\":\"2023-04-11T09:47:25+00:00\",\"description\":\"Este martes se abre la exposici\u00f3n con una visita guiada con Elur Ulibarrena responsable del Museo Etnogr\u00e1fico del Reino de Pamplona en Arteta\",\"breadcrumb\":{\"@id\":\"https:\\\/\\\/www.laguiadepamplona.com\\\/actualidad\\\/el-museo-de-educacion-ambiental-reflexiona-sobre-los-envases-que-se-utilizan-en-la-actualidad-a-traves-de-la-exposicion-ontziak-recipientes\\\/#breadcrumb\"},\"inLanguage\":\"es\",\"potentialAction\":[{\"@type\":\"ReadAction\",\"target\":[\"https:\\\/\\\/www.laguiadepamplona.com\\\/actualidad\\\/el-museo-de-educacion-ambiental-reflexiona-sobre-los-envases-que-se-utilizan-en-la-actualidad-a-traves-de-la-exposicion-ontziak-recipientes\\\/\"]}]},{\"@type\":\"ImageObject\",\"inLanguage\":\"es\",\"@id\":\"https:\\\/\\\/www.laguiadepamplona.com\\\/actualidad\\\/el-museo-de-educacion-ambiental-reflexiona-sobre-los-envases-que-se-utilizan-en-la-actualidad-a-traves-de-la-exposicion-ontziak-recipientes\\\/#primaryimage\",\"url\":\"https:\\\/\\\/www.laguiadepamplona.com\\\/actualidad\\\/wp-content\\\/uploads\\\/2023\\\/01\\\/exposicion-ontziak-recipientes-museo-educacion-ambiental.webp\",\"contentUrl\":\"https:\\\/\\\/www.laguiadepamplona.com\\\/actualidad\\\/wp-content\\\/uploads\\\/2023\\\/01\\\/exposicion-ontziak-recipientes-museo-educacion-ambiental.webp\",\"width\":1920,\"height\":1280},{\"@type\":\"BreadcrumbList\",\"@id\":\"https:\\\/\\\/www.laguiadepamplona.com\\\/actualidad\\\/el-museo-de-educacion-ambiental-reflexiona-sobre-los-envases-que-se-utilizan-en-la-actualidad-a-traves-de-la-exposicion-ontziak-recipientes\\\/#breadcrumb\",\"itemListElement\":[{\"@type\":\"ListItem\",\"position\":1,\"name\":\"Portada\",\"item\":\"https:\\\/\\\/www.laguiadepamplona.com\\\/actualidad\\\/\"},{\"@type\":\"ListItem\",\"position\":2,\"name\":\"El Museo de Educaci\u00f3n Ambiental reflexiona sobre los envases que se utilizan en la actualidad a trav\u00e9s de la exposici\u00f3n \u2018Ontziak \\\/ Recipientes\u2019\"}]},{\"@type\":\"WebSite\",\"@id\":\"https:\\\/\\\/www.laguiadepamplona.com\\\/actualidad\\\/#website\",\"url\":\"https:\\\/\\\/www.laguiadepamplona.com\\\/actualidad\\\/\",\"name\":\"La gu\u00eda de Pamplona\",\"description\":\"Noticias de Pamplona\",\"publisher\":{\"@id\":\"https:\\\/\\\/www.laguiadepamplona.com\\\/actualidad\\\/#organization\"},\"potentialAction\":[{\"@type\":\"SearchAction\",\"target\":{\"@type\":\"EntryPoint\",\"urlTemplate\":\"https:\\\/\\\/www.laguiadepamplona.com\\\/actualidad\\\/?s={search_term_string}\"},\"query-input\":{\"@type\":\"PropertyValueSpecification\",\"valueRequired\":true,\"valueName\":\"search_term_string\"}}],\"inLanguage\":\"es\"},{\"@type\":\"Organization\",\"@id\":\"https:\\\/\\\/www.laguiadepamplona.com\\\/actualidad\\\/#organization\",\"name\":\"La Gu\u00eda de Pamplona \\\/ Noticias\",\"url\":\"https:\\\/\\\/www.laguiadepamplona.com\\\/actualidad\\\/\",\"logo\":{\"@type\":\"ImageObject\",\"inLanguage\":\"es\",\"@id\":\"https:\\\/\\\/www.laguiadepamplona.com\\\/actualidad\\\/#\\\/schema\\\/logo\\\/image\\\/\",\"url\":\"https:\\\/\\\/www.laguiadepamplona.com\\\/actualidad\\\/wp-content\\\/uploads\\\/2018\\\/11\\\/logo-laguiadepamplona18-web1.png\",\"contentUrl\":\"https:\\\/\\\/www.laguiadepamplona.com\\\/actualidad\\\/wp-content\\\/uploads\\\/2018\\\/11\\\/logo-laguiadepamplona18-web1.png\",\"width\":600,\"height\":196,\"caption\":\"La Gu\u00eda de Pamplona \\\/ Noticias\"},\"image\":{\"@id\":\"https:\\\/\\\/www.laguiadepamplona.com\\\/actualidad\\\/#\\\/schema\\\/logo\\\/image\\\/\"},\"sameAs\":[\"https:\\\/\\\/www.facebook.com\\\/laguiadepamplonacom-133175176762273\\\/?ref=hl\",\"https:\\\/\\\/x.com\\\/LaGuiadPamplona\",\"https:\\\/\\\/www.instagram.com\\\/la_guia_de_pamplona\\\/\",\"https:\\\/\\\/www.youtube.com\\\/user\\\/laguiadepamplona\"]},{\"@type\":\"Person\",\"@id\":\"https:\\\/\\\/www.laguiadepamplona.com\\\/actualidad\\\/#\\\/schema\\\/person\\\/efe887376f0213d4657c93adc50b1fdb\",\"name\":\"La Gu\u00eda de Pamplona\",\"image\":{\"@type\":\"ImageObject\",\"inLanguage\":\"es\",\"@id\":\"https:\\\/\\\/secure.gravatar.com\\\/avatar\\\/b6992f131dc8d30ab0dff15446e9d346d9dbd95992de0fef795073f5ea83a81c?s=96&d=mm&r=g\",\"url\":\"https:\\\/\\\/secure.gravatar.com\\\/avatar\\\/b6992f131dc8d30ab0dff15446e9d346d9dbd95992de0fef795073f5ea83a81c?s=96&d=mm&r=g\",\"contentUrl\":\"https:\\\/\\\/secure.gravatar.com\\\/avatar\\\/b6992f131dc8d30ab0dff15446e9d346d9dbd95992de0fef795073f5ea83a81c?s=96&d=mm&r=g\",\"caption\":\"La Gu\u00eda de Pamplona\"}}]}<\/script>\n<!-- \/ Yoast SEO plugin. -->","yoast_head_json":{"title":"El Museo de Educaci\u00f3n Ambiental reflexiona sobre los envases que se utilizan en la actualidad a trav\u00e9s de la exposici\u00f3n \u2018Ontziak \/ Recipientes\u2019","description":"Este martes se abre la exposici\u00f3n con una visita guiada con Elur Ulibarrena responsable del Museo Etnogr\u00e1fico del Reino de Pamplona en Arteta","robots":{"index":"index","follow":"follow","max-snippet":"max-snippet:-1","max-image-preview":"max-image-preview:large","max-video-preview":"max-video-preview:-1"},"canonical":"https:\/\/www.laguiadepamplona.com\/actualidad\/el-museo-de-educacion-ambiental-reflexiona-sobre-los-envases-que-se-utilizan-en-la-actualidad-a-traves-de-la-exposicion-ontziak-recipientes\/","og_locale":"es_ES","og_type":"article","og_title":"El Museo de Educaci\u00f3n Ambiental reflexiona sobre los envases que se utilizan en la actualidad a trav\u00e9s de la exposici\u00f3n \u2018Ontziak \/ Recipientes\u2019","og_description":"Este martes se abre la exposici\u00f3n con una visita guiada con Elur Ulibarrena responsable del Museo Etnogr\u00e1fico del Reino de Pamplona en Arteta","og_url":"https:\/\/www.laguiadepamplona.com\/actualidad\/el-museo-de-educacion-ambiental-reflexiona-sobre-los-envases-que-se-utilizan-en-la-actualidad-a-traves-de-la-exposicion-ontziak-recipientes\/","og_site_name":"La Gu\u00eda de Pamplona","article_publisher":"https:\/\/www.facebook.com\/laguiadepamplonacom-133175176762273\/?ref=hl","article_published_time":"2023-01-10T17:32:50+00:00","article_modified_time":"2023-04-11T09:47:25+00:00","og_image":[{"width":1920,"height":1280,"url":"https:\/\/www.laguiadepamplona.com\/actualidad\/wp-content\/uploads\/2023\/01\/exposicion-ontziak-recipientes-museo-educacion-ambiental.webp","type":"image\/webp"}],"author":"La Gu\u00eda de Pamplona","twitter_card":"summary_large_image","twitter_creator":"@LaGuiadPamplona","twitter_site":"@LaGuiadPamplona","twitter_misc":{"Escrito por":"La Gu\u00eda de Pamplona","Tiempo de lectura":"2 minutos"},"schema":{"@context":"https:\/\/schema.org","@graph":[{"@type":"Article","@id":"https:\/\/www.laguiadepamplona.com\/actualidad\/el-museo-de-educacion-ambiental-reflexiona-sobre-los-envases-que-se-utilizan-en-la-actualidad-a-traves-de-la-exposicion-ontziak-recipientes\/#article","isPartOf":{"@id":"https:\/\/www.laguiadepamplona.com\/actualidad\/el-museo-de-educacion-ambiental-reflexiona-sobre-los-envases-que-se-utilizan-en-la-actualidad-a-traves-de-la-exposicion-ontziak-recipientes\/"},"author":{"name":"La Gu\u00eda de Pamplona","@id":"https:\/\/www.laguiadepamplona.com\/actualidad\/#\/schema\/person\/efe887376f0213d4657c93adc50b1fdb"},"headline":"El Museo de Educaci\u00f3n Ambiental reflexiona sobre los envases que se utilizan en la actualidad a trav\u00e9s de la exposici\u00f3n \u2018Ontziak \/ Recipientes\u2019","datePublished":"2023-01-10T17:32:50+00:00","dateModified":"2023-04-11T09:47:25+00:00","mainEntityOfPage":{"@id":"https:\/\/www.laguiadepamplona.com\/actualidad\/el-museo-de-educacion-ambiental-reflexiona-sobre-los-envases-que-se-utilizan-en-la-actualidad-a-traves-de-la-exposicion-ontziak-recipientes\/"},"wordCount":275,"commentCount":0,"publisher":{"@id":"https:\/\/www.laguiadepamplona.com\/actualidad\/#organization"},"image":{"@id":"https:\/\/www.laguiadepamplona.com\/actualidad\/el-museo-de-educacion-ambiental-reflexiona-sobre-los-envases-que-se-utilizan-en-la-actualidad-a-traves-de-la-exposicion-ontziak-recipientes\/#primaryimage"},"thumbnailUrl":"https:\/\/www.laguiadepamplona.com\/actualidad\/wp-content\/uploads\/2023\/01\/exposicion-ontziak-recipientes-museo-educacion-ambiental.webp","articleSection":["Ayto Pamplona"],"inLanguage":"es","potentialAction":[{"@type":"CommentAction","name":"Comment","target":["https:\/\/www.laguiadepamplona.com\/actualidad\/el-museo-de-educacion-ambiental-reflexiona-sobre-los-envases-que-se-utilizan-en-la-actualidad-a-traves-de-la-exposicion-ontziak-recipientes\/#respond"]}]},{"@type":"WebPage","@id":"https:\/\/www.laguiadepamplona.com\/actualidad\/el-museo-de-educacion-ambiental-reflexiona-sobre-los-envases-que-se-utilizan-en-la-actualidad-a-traves-de-la-exposicion-ontziak-recipientes\/","url":"https:\/\/www.laguiadepamplona.com\/actualidad\/el-museo-de-educacion-ambiental-reflexiona-sobre-los-envases-que-se-utilizan-en-la-actualidad-a-traves-de-la-exposicion-ontziak-recipientes\/","name":"El Museo de Educaci\u00f3n Ambiental reflexiona sobre los envases que se utilizan en la actualidad a trav\u00e9s de la exposici\u00f3n \u2018Ontziak \/ Recipientes\u2019","isPartOf":{"@id":"https:\/\/www.laguiadepamplona.com\/actualidad\/#website"},"primaryImageOfPage":{"@id":"https:\/\/www.laguiadepamplona.com\/actualidad\/el-museo-de-educacion-ambiental-reflexiona-sobre-los-envases-que-se-utilizan-en-la-actualidad-a-traves-de-la-exposicion-ontziak-recipientes\/#primaryimage"},"image":{"@id":"https:\/\/www.laguiadepamplona.com\/actualidad\/el-museo-de-educacion-ambiental-reflexiona-sobre-los-envases-que-se-utilizan-en-la-actualidad-a-traves-de-la-exposicion-ontziak-recipientes\/#primaryimage"},"thumbnailUrl":"https:\/\/www.laguiadepamplona.com\/actualidad\/wp-content\/uploads\/2023\/01\/exposicion-ontziak-recipientes-museo-educacion-ambiental.webp","datePublished":"2023-01-10T17:32:50+00:00","dateModified":"2023-04-11T09:47:25+00:00","description":"Este martes se abre la exposici\u00f3n con una visita guiada con Elur Ulibarrena responsable del Museo Etnogr\u00e1fico del Reino de Pamplona en Arteta","breadcrumb":{"@id":"https:\/\/www.laguiadepamplona.com\/actualidad\/el-museo-de-educacion-ambiental-reflexiona-sobre-los-envases-que-se-utilizan-en-la-actualidad-a-traves-de-la-exposicion-ontziak-recipientes\/#breadcrumb"},"inLanguage":"es","potentialAction":[{"@type":"ReadAction","target":["https:\/\/www.laguiadepamplona.com\/actualidad\/el-museo-de-educacion-ambiental-reflexiona-sobre-los-envases-que-se-utilizan-en-la-actualidad-a-traves-de-la-exposicion-ontziak-recipientes\/"]}]},{"@type":"ImageObject","inLanguage":"es","@id":"https:\/\/www.laguiadepamplona.com\/actualidad\/el-museo-de-educacion-ambiental-reflexiona-sobre-los-envases-que-se-utilizan-en-la-actualidad-a-traves-de-la-exposicion-ontziak-recipientes\/#primaryimage","url":"https:\/\/www.laguiadepamplona.com\/actualidad\/wp-content\/uploads\/2023\/01\/exposicion-ontziak-recipientes-museo-educacion-ambiental.webp","contentUrl":"https:\/\/www.laguiadepamplona.com\/actualidad\/wp-content\/uploads\/2023\/01\/exposicion-ontziak-recipientes-museo-educacion-ambiental.webp","width":1920,"height":1280},{"@type":"BreadcrumbList","@id":"https:\/\/www.laguiadepamplona.com\/actualidad\/el-museo-de-educacion-ambiental-reflexiona-sobre-los-envases-que-se-utilizan-en-la-actualidad-a-traves-de-la-exposicion-ontziak-recipientes\/#breadcrumb","itemListElement":[{"@type":"ListItem","position":1,"name":"Portada","item":"https:\/\/www.laguiadepamplona.com\/actualidad\/"},{"@type":"ListItem","position":2,"name":"El Museo de Educaci\u00f3n Ambiental reflexiona sobre los envases que se utilizan en la actualidad a trav\u00e9s de la exposici\u00f3n \u2018Ontziak \/ Recipientes\u2019"}]},{"@type":"WebSite","@id":"https:\/\/www.laguiadepamplona.com\/actualidad\/#website","url":"https:\/\/www.laguiadepamplona.com\/actualidad\/","name":"La gu\u00eda de Pamplona","description":"Noticias de Pamplona","publisher":{"@id":"https:\/\/www.laguiadepamplona.com\/actualidad\/#organization"},"potentialAction":[{"@type":"SearchAction","target":{"@type":"EntryPoint","urlTemplate":"https:\/\/www.laguiadepamplona.com\/actualidad\/?s={search_term_string}"},"query-input":{"@type":"PropertyValueSpecification","valueRequired":true,"valueName":"search_term_string"}}],"inLanguage":"es"},{"@type":"Organization","@id":"https:\/\/www.laguiadepamplona.com\/actualidad\/#organization","name":"La Gu\u00eda de Pamplona \/ Noticias","url":"https:\/\/www.laguiadepamplona.com\/actualidad\/","logo":{"@type":"ImageObject","inLanguage":"es","@id":"https:\/\/www.laguiadepamplona.com\/actualidad\/#\/schema\/logo\/image\/","url":"https:\/\/www.laguiadepamplona.com\/actualidad\/wp-content\/uploads\/2018\/11\/logo-laguiadepamplona18-web1.png","contentUrl":"https:\/\/www.laguiadepamplona.com\/actualidad\/wp-content\/uploads\/2018\/11\/logo-laguiadepamplona18-web1.png","width":600,"height":196,"caption":"La Gu\u00eda de Pamplona \/ Noticias"},"image":{"@id":"https:\/\/www.laguiadepamplona.com\/actualidad\/#\/schema\/logo\/image\/"},"sameAs":["https:\/\/www.facebook.com\/laguiadepamplonacom-133175176762273\/?ref=hl","https:\/\/x.com\/LaGuiadPamplona","https:\/\/www.instagram.com\/la_guia_de_pamplona\/","https:\/\/www.youtube.com\/user\/laguiadepamplona"]},{"@type":"Person","@id":"https:\/\/www.laguiadepamplona.com\/actualidad\/#\/schema\/person\/efe887376f0213d4657c93adc50b1fdb","name":"La Gu\u00eda de Pamplona","image":{"@type":"ImageObject","inLanguage":"es","@id":"https:\/\/secure.gravatar.com\/avatar\/b6992f131dc8d30ab0dff15446e9d346d9dbd95992de0fef795073f5ea83a81c?s=96&d=mm&r=g","url":"https:\/\/secure.gravatar.com\/avatar\/b6992f131dc8d30ab0dff15446e9d346d9dbd95992de0fef795073f5ea83a81c?s=96&d=mm&r=g","contentUrl":"https:\/\/secure.gravatar.com\/avatar\/b6992f131dc8d30ab0dff15446e9d346d9dbd95992de0fef795073f5ea83a81c?s=96&d=mm&r=g","caption":"La Gu\u00eda de Pamplona"}}]}},"post_mailing_queue_ids":[],"_links":{"self":[{"href":"https:\/\/www.laguiadepamplona.com\/actualidad\/wp-json\/wp\/v2\/posts\/42544","targetHints":{"allow":["GET"]}}],"collection":[{"href":"https:\/\/www.laguiadepamplona.com\/actualidad\/wp-json\/wp\/v2\/posts"}],"about":[{"href":"https:\/\/www.laguiadepamplona.com\/actualidad\/wp-json\/wp\/v2\/types\/post"}],"author":[{"embeddable":true,"href":"https:\/\/www.laguiadepamplona.com\/actualidad\/wp-json\/wp\/v2\/users\/1"}],"replies":[{"embeddable":true,"href":"https:\/\/www.laguiadepamplona.com\/actualidad\/wp-json\/wp\/v2\/comments?post=42544"}],"version-history":[{"count":0,"href":"https:\/\/www.laguiadepamplona.com\/actualidad\/wp-json\/wp\/v2\/posts\/42544\/revisions"}],"wp:featuredmedia":[{"embeddable":true,"href":"https:\/\/www.laguiadepamplona.com\/actualidad\/wp-json\/wp\/v2\/media\/42545"}],"wp:attachment":[{"href":"https:\/\/www.laguiadepamplona.com\/actualidad\/wp-json\/wp\/v2\/media?parent=42544"}],"wp:term":[{"taxonomy":"category","embeddable":true,"href":"https:\/\/www.laguiadepamplona.com\/actualidad\/wp-json\/wp\/v2\/categories?post=42544"},{"taxonomy":"post_tag","embeddable":true,"href":"https:\/\/www.laguiadepamplona.com\/actualidad\/wp-json\/wp\/v2\/tags?post=42544"}],"curies":[{"name":"wp","href":"https:\/\/api.w.org\/{rel}","templated":true}]}}