{"id":42502,"date":"2022-12-20T18:21:49","date_gmt":"2022-12-20T16:21:49","guid":{"rendered":"https:\/\/www.laguiadepamplona.com\/actualidad\/?p=42502"},"modified":"2023-04-11T11:47:26","modified_gmt":"2023-04-11T09:47:26","slug":"ayuntamiento-de-pamplona-e-iberdrola-inauguran-la-renovada-subestacion-magdalena","status":"publish","type":"post","link":"https:\/\/www.laguiadepamplona.com\/actualidad\/ayuntamiento-de-pamplona-e-iberdrola-inauguran-la-renovada-subestacion-magdalena\/","title":{"rendered":"Ayuntamiento de Pamplona e Iberdrola inauguran la renovada subestaci\u00f3n Magdalena"},"content":{"rendered":"<h5>Con un impacto visual menor que la anterior, est\u00e1 situada junto al Club Nataci\u00f3n y da servicio al Casco Antiguo, a los Ensanches y a la Txantrea<\/h5>\n<p><!--more--><\/p>\n<p>La subestaci\u00f3n que acoge el parque de alta tensi\u00f3n est\u00e1 situada junto al cauce del r\u00edo Arga, a la altura del Molino de Caparroso, y su compactaci\u00f3n mejora la infraestructura el\u00e9ctrica de la ciudad y reduce significativamente el impacto visual que supon\u00eda la infraestructura antigua. Adem\u00e1s, la nueva STR Magdalena mejora la protecci\u00f3n de la avifauna, reduce el espacio necesario y los requerimientos de mantenimiento, y presenta una mayor fiabilidad y seguridad del servicio. Adem\u00e1s, los trabajos realizados han posibilitado la transformaci\u00f3n de la l\u00ednea en un doble circuito de 66 kV, desde Cordovilla y Orcoyen, hasta la nueva STR.<br \/>\n<script async src=\"\/\/pagead2.googlesyndication.com\/pagead\/js\/adsbygoogle.js\"><\/script><br \/>\n<!-- Noticias La Guia de Pamplona --><br \/>\n<ins class=\"adsbygoogle\"\nstyle=\"display:block\"\ndata-ad-client=\"ca-pub-6943679897239327\"\ndata-ad-slot=\"7048180777\"\ndata-ad-format=\"auto\"><\/ins><br \/>\n<script>\n(adsbygoogle = window.adsbygoogle || []).push({});\n<\/script><\/p>\n<p>Esta actuaci\u00f3n de reforma integral es fruto de la colaboraci\u00f3n de Consistorio, Gobierno de Navarra e i-DE Redes Inteligentes (compa\u00f1\u00eda de distribuci\u00f3n de electricidad de Iberdrola) por lo que constituye un ejemplo de colaboraci\u00f3n entre la iniciativa p\u00fablica y la privada. As\u00ed, en el acto de puesta en servicio han participado el alcalde de Pamplona, Enrique Maya, junto con el consejero de Desarrollo Econ\u00f3mico y Empresarial de Gobierno de Navarra, Mikel Irujo; y el delegado de Iberdrola en Navarra, Eduardo Ryan.<\/p>\n<p>La compactaci\u00f3n de la subestaci\u00f3n responde a una demanda del Ayuntamiento de Pamplona y ha supuesto una inversi\u00f3n de cerca de 4 millones de euros. La renovaci\u00f3n de la STR Magdalena tiene como objetivo mejorar las infraestructuras el\u00e9ctricas de Pamplona, por lo que este esfuerzo coincide con la estrategia municipal Go Green Pamplona de impulso de la sostenibilidad y lucha contra el Cambio Clim\u00e1tico. Y es que, este tipo de inversiones permiten que los municipios beneficiados afronten la electrificaci\u00f3n y descarbonizaci\u00f3n de sus consumos energ\u00e9ticos con m\u00e1s garant\u00edas.<br \/>\n<script async src=\"\/\/pagead2.googlesyndication.com\/pagead\/js\/adsbygoogle.js\"><\/script><br \/>\n<!-- Noticias La Guia de Pamplona --><br \/>\n<ins class=\"adsbygoogle\"\nstyle=\"display:block\"\ndata-ad-client=\"ca-pub-6943679897239327\"\ndata-ad-slot=\"7048180777\"\ndata-ad-format=\"auto\"><\/ins><br \/>\n<script>\n(adsbygoogle = window.adsbygoogle || []).push({});\n<\/script><\/p>\n<p>Iberdrola, con la compactaci\u00f3n de STR que convierte la subestaci\u00f3n en una infraestructura robusta, flexible e inteligente, busca dar respuesta a los retos de la electrificaci\u00f3n, con una mayor integraci\u00f3n de renovables, el desarrollo de la movilidad sostenible, el impulso a las ciudades inteligentes y el consumo descentralizado (autoconsumo), en la l\u00ednea de un consumidor con mayor capacidad de decisi\u00f3n y conectividad.<\/p>\n<p>En ese sentido los \u00faltimos a\u00f1os, i-DE ha acometido un plan de digitalizaci\u00f3n de sus redes el\u00e9ctricas que, en Navarra, ha convertido 380.000 contadores y la infraestructura que lo soporta en inteligentes, incorporando capacidades de telegesti\u00f3n, supervisi\u00f3n y automatizaci\u00f3n. En Navarra, i-DE gestiona m\u00e1s de 8.000 km de l\u00edneas de baja y media tensi\u00f3n y m\u00e1s de 1.700 km de l\u00edneas de alta y muy alta tensi\u00f3n. Asimismo, cuenta con 3.621 centros de transformaci\u00f3n en servicio y 66 subestaciones primarias y secundarias.<\/p>\n","protected":false},"excerpt":{"rendered":"<p>Con un impacto visual menor que la anterior, est\u00e1 situada junto al Club Nataci\u00f3n y da servicio al Casco Antiguo, a los Ensanches y a la Txantrea<\/p>\n","protected":false},"author":1,"featured_media":42503,"comment_status":"open","ping_status":"closed","sticky":false,"template":"","format":"standard","meta":{"footnotes":""},"categories":[2],"tags":[],"class_list":["post-42502","post","type-post","status-publish","format-standard","has-post-thumbnail","hentry","category-ayuntamiento-pamplona"],"yoast_head":"<!-- This site is optimized with the Yoast SEO plugin v27.3 - https:\/\/yoast.com\/product\/yoast-seo-wordpress\/ -->\n<title>Ayuntamiento de Pamplona e Iberdrola inauguran la renovada subestaci\u00f3n Magdalena<\/title>\n<meta name=\"description\" content=\"Con un impacto visual menor que la anterior, est\u00e1 situada junto al Club Nataci\u00f3n y da servicio al Casco Antiguo, a los Ensanches y a la Txantrea\" \/>\n<meta name=\"robots\" content=\"index, follow, max-snippet:-1, max-image-preview:large, max-video-preview:-1\" \/>\n<link rel=\"canonical\" href=\"https:\/\/www.laguiadepamplona.com\/actualidad\/ayuntamiento-de-pamplona-e-iberdrola-inauguran-la-renovada-subestacion-magdalena\/\" \/>\n<meta property=\"og:locale\" content=\"es_ES\" \/>\n<meta property=\"og:type\" content=\"article\" \/>\n<meta property=\"og:title\" content=\"Ayuntamiento de Pamplona e Iberdrola inauguran la renovada subestaci\u00f3n Magdalena\" \/>\n<meta property=\"og:description\" content=\"Con un impacto visual menor que la anterior, est\u00e1 situada junto al Club Nataci\u00f3n y da servicio al Casco Antiguo, a los Ensanches y a la Txantrea\" \/>\n<meta property=\"og:url\" content=\"https:\/\/www.laguiadepamplona.com\/actualidad\/ayuntamiento-de-pamplona-e-iberdrola-inauguran-la-renovada-subestacion-magdalena\/\" \/>\n<meta property=\"og:site_name\" content=\"La Gu\u00eda de Pamplona\" \/>\n<meta property=\"article:publisher\" content=\"https:\/\/www.facebook.com\/laguiadepamplonacom-133175176762273\/?ref=hl\" \/>\n<meta property=\"article:published_time\" content=\"2022-12-20T16:21:49+00:00\" \/>\n<meta property=\"article:modified_time\" content=\"2023-04-11T09:47:26+00:00\" \/>\n<meta property=\"og:image\" content=\"https:\/\/www.laguiadepamplona.com\/actualidad\/wp-content\/uploads\/2022\/12\/magdalenaiberdrolainstalacionesee5a0873.webp\" \/>\n\t<meta property=\"og:image:width\" content=\"1920\" \/>\n\t<meta property=\"og:image:height\" content=\"1280\" \/>\n\t<meta property=\"og:image:type\" content=\"image\/webp\" \/>\n<meta name=\"author\" content=\"La Gu\u00eda de Pamplona\" \/>\n<meta name=\"twitter:card\" content=\"summary_large_image\" \/>\n<meta name=\"twitter:creator\" content=\"@LaGuiadPamplona\" \/>\n<meta name=\"twitter:site\" content=\"@LaGuiadPamplona\" \/>\n<meta name=\"twitter:label1\" content=\"Escrito por\" \/>\n\t<meta name=\"twitter:data1\" content=\"La Gu\u00eda de Pamplona\" \/>\n\t<meta name=\"twitter:label2\" content=\"Tiempo de lectura\" \/>\n\t<meta name=\"twitter:data2\" content=\"3 minutos\" \/>\n<script type=\"application\/ld+json\" class=\"yoast-schema-graph\">{\"@context\":\"https:\\\/\\\/schema.org\",\"@graph\":[{\"@type\":\"Article\",\"@id\":\"https:\\\/\\\/www.laguiadepamplona.com\\\/actualidad\\\/ayuntamiento-de-pamplona-e-iberdrola-inauguran-la-renovada-subestacion-magdalena\\\/#article\",\"isPartOf\":{\"@id\":\"https:\\\/\\\/www.laguiadepamplona.com\\\/actualidad\\\/ayuntamiento-de-pamplona-e-iberdrola-inauguran-la-renovada-subestacion-magdalena\\\/\"},\"author\":{\"name\":\"La Gu\u00eda de Pamplona\",\"@id\":\"https:\\\/\\\/www.laguiadepamplona.com\\\/actualidad\\\/#\\\/schema\\\/person\\\/efe887376f0213d4657c93adc50b1fdb\"},\"headline\":\"Ayuntamiento de Pamplona e Iberdrola inauguran la renovada subestaci\u00f3n Magdalena\",\"datePublished\":\"2022-12-20T16:21:49+00:00\",\"dateModified\":\"2023-04-11T09:47:26+00:00\",\"mainEntityOfPage\":{\"@id\":\"https:\\\/\\\/www.laguiadepamplona.com\\\/actualidad\\\/ayuntamiento-de-pamplona-e-iberdrola-inauguran-la-renovada-subestacion-magdalena\\\/\"},\"wordCount\":493,\"commentCount\":0,\"publisher\":{\"@id\":\"https:\\\/\\\/www.laguiadepamplona.com\\\/actualidad\\\/#organization\"},\"image\":{\"@id\":\"https:\\\/\\\/www.laguiadepamplona.com\\\/actualidad\\\/ayuntamiento-de-pamplona-e-iberdrola-inauguran-la-renovada-subestacion-magdalena\\\/#primaryimage\"},\"thumbnailUrl\":\"https:\\\/\\\/www.laguiadepamplona.com\\\/actualidad\\\/wp-content\\\/uploads\\\/2022\\\/12\\\/magdalenaiberdrolainstalacionesee5a0873.webp\",\"articleSection\":[\"Ayto Pamplona\"],\"inLanguage\":\"es\",\"potentialAction\":[{\"@type\":\"CommentAction\",\"name\":\"Comment\",\"target\":[\"https:\\\/\\\/www.laguiadepamplona.com\\\/actualidad\\\/ayuntamiento-de-pamplona-e-iberdrola-inauguran-la-renovada-subestacion-magdalena\\\/#respond\"]}]},{\"@type\":\"WebPage\",\"@id\":\"https:\\\/\\\/www.laguiadepamplona.com\\\/actualidad\\\/ayuntamiento-de-pamplona-e-iberdrola-inauguran-la-renovada-subestacion-magdalena\\\/\",\"url\":\"https:\\\/\\\/www.laguiadepamplona.com\\\/actualidad\\\/ayuntamiento-de-pamplona-e-iberdrola-inauguran-la-renovada-subestacion-magdalena\\\/\",\"name\":\"Ayuntamiento de Pamplona e Iberdrola inauguran la renovada subestaci\u00f3n Magdalena\",\"isPartOf\":{\"@id\":\"https:\\\/\\\/www.laguiadepamplona.com\\\/actualidad\\\/#website\"},\"primaryImageOfPage\":{\"@id\":\"https:\\\/\\\/www.laguiadepamplona.com\\\/actualidad\\\/ayuntamiento-de-pamplona-e-iberdrola-inauguran-la-renovada-subestacion-magdalena\\\/#primaryimage\"},\"image\":{\"@id\":\"https:\\\/\\\/www.laguiadepamplona.com\\\/actualidad\\\/ayuntamiento-de-pamplona-e-iberdrola-inauguran-la-renovada-subestacion-magdalena\\\/#primaryimage\"},\"thumbnailUrl\":\"https:\\\/\\\/www.laguiadepamplona.com\\\/actualidad\\\/wp-content\\\/uploads\\\/2022\\\/12\\\/magdalenaiberdrolainstalacionesee5a0873.webp\",\"datePublished\":\"2022-12-20T16:21:49+00:00\",\"dateModified\":\"2023-04-11T09:47:26+00:00\",\"description\":\"Con un impacto visual menor que la anterior, est\u00e1 situada junto al Club Nataci\u00f3n y da servicio al Casco Antiguo, a los Ensanches y a la Txantrea\",\"breadcrumb\":{\"@id\":\"https:\\\/\\\/www.laguiadepamplona.com\\\/actualidad\\\/ayuntamiento-de-pamplona-e-iberdrola-inauguran-la-renovada-subestacion-magdalena\\\/#breadcrumb\"},\"inLanguage\":\"es\",\"potentialAction\":[{\"@type\":\"ReadAction\",\"target\":[\"https:\\\/\\\/www.laguiadepamplona.com\\\/actualidad\\\/ayuntamiento-de-pamplona-e-iberdrola-inauguran-la-renovada-subestacion-magdalena\\\/\"]}]},{\"@type\":\"ImageObject\",\"inLanguage\":\"es\",\"@id\":\"https:\\\/\\\/www.laguiadepamplona.com\\\/actualidad\\\/ayuntamiento-de-pamplona-e-iberdrola-inauguran-la-renovada-subestacion-magdalena\\\/#primaryimage\",\"url\":\"https:\\\/\\\/www.laguiadepamplona.com\\\/actualidad\\\/wp-content\\\/uploads\\\/2022\\\/12\\\/magdalenaiberdrolainstalacionesee5a0873.webp\",\"contentUrl\":\"https:\\\/\\\/www.laguiadepamplona.com\\\/actualidad\\\/wp-content\\\/uploads\\\/2022\\\/12\\\/magdalenaiberdrolainstalacionesee5a0873.webp\",\"width\":1920,\"height\":1280},{\"@type\":\"BreadcrumbList\",\"@id\":\"https:\\\/\\\/www.laguiadepamplona.com\\\/actualidad\\\/ayuntamiento-de-pamplona-e-iberdrola-inauguran-la-renovada-subestacion-magdalena\\\/#breadcrumb\",\"itemListElement\":[{\"@type\":\"ListItem\",\"position\":1,\"name\":\"Portada\",\"item\":\"https:\\\/\\\/www.laguiadepamplona.com\\\/actualidad\\\/\"},{\"@type\":\"ListItem\",\"position\":2,\"name\":\"Ayuntamiento de Pamplona e Iberdrola inauguran la renovada subestaci\u00f3n Magdalena\"}]},{\"@type\":\"WebSite\",\"@id\":\"https:\\\/\\\/www.laguiadepamplona.com\\\/actualidad\\\/#website\",\"url\":\"https:\\\/\\\/www.laguiadepamplona.com\\\/actualidad\\\/\",\"name\":\"La gu\u00eda de Pamplona\",\"description\":\"Noticias de Pamplona\",\"publisher\":{\"@id\":\"https:\\\/\\\/www.laguiadepamplona.com\\\/actualidad\\\/#organization\"},\"potentialAction\":[{\"@type\":\"SearchAction\",\"target\":{\"@type\":\"EntryPoint\",\"urlTemplate\":\"https:\\\/\\\/www.laguiadepamplona.com\\\/actualidad\\\/?s={search_term_string}\"},\"query-input\":{\"@type\":\"PropertyValueSpecification\",\"valueRequired\":true,\"valueName\":\"search_term_string\"}}],\"inLanguage\":\"es\"},{\"@type\":\"Organization\",\"@id\":\"https:\\\/\\\/www.laguiadepamplona.com\\\/actualidad\\\/#organization\",\"name\":\"La Gu\u00eda de Pamplona \\\/ Noticias\",\"url\":\"https:\\\/\\\/www.laguiadepamplona.com\\\/actualidad\\\/\",\"logo\":{\"@type\":\"ImageObject\",\"inLanguage\":\"es\",\"@id\":\"https:\\\/\\\/www.laguiadepamplona.com\\\/actualidad\\\/#\\\/schema\\\/logo\\\/image\\\/\",\"url\":\"https:\\\/\\\/www.laguiadepamplona.com\\\/actualidad\\\/wp-content\\\/uploads\\\/2018\\\/11\\\/logo-laguiadepamplona18-web1.png\",\"contentUrl\":\"https:\\\/\\\/www.laguiadepamplona.com\\\/actualidad\\\/wp-content\\\/uploads\\\/2018\\\/11\\\/logo-laguiadepamplona18-web1.png\",\"width\":600,\"height\":196,\"caption\":\"La Gu\u00eda de Pamplona \\\/ Noticias\"},\"image\":{\"@id\":\"https:\\\/\\\/www.laguiadepamplona.com\\\/actualidad\\\/#\\\/schema\\\/logo\\\/image\\\/\"},\"sameAs\":[\"https:\\\/\\\/www.facebook.com\\\/laguiadepamplonacom-133175176762273\\\/?ref=hl\",\"https:\\\/\\\/x.com\\\/LaGuiadPamplona\",\"https:\\\/\\\/www.instagram.com\\\/la_guia_de_pamplona\\\/\",\"https:\\\/\\\/www.youtube.com\\\/user\\\/laguiadepamplona\"]},{\"@type\":\"Person\",\"@id\":\"https:\\\/\\\/www.laguiadepamplona.com\\\/actualidad\\\/#\\\/schema\\\/person\\\/efe887376f0213d4657c93adc50b1fdb\",\"name\":\"La Gu\u00eda de Pamplona\",\"image\":{\"@type\":\"ImageObject\",\"inLanguage\":\"es\",\"@id\":\"https:\\\/\\\/secure.gravatar.com\\\/avatar\\\/b6992f131dc8d30ab0dff15446e9d346d9dbd95992de0fef795073f5ea83a81c?s=96&d=mm&r=g\",\"url\":\"https:\\\/\\\/secure.gravatar.com\\\/avatar\\\/b6992f131dc8d30ab0dff15446e9d346d9dbd95992de0fef795073f5ea83a81c?s=96&d=mm&r=g\",\"contentUrl\":\"https:\\\/\\\/secure.gravatar.com\\\/avatar\\\/b6992f131dc8d30ab0dff15446e9d346d9dbd95992de0fef795073f5ea83a81c?s=96&d=mm&r=g\",\"caption\":\"La Gu\u00eda de Pamplona\"}}]}<\/script>\n<!-- \/ Yoast SEO plugin. -->","yoast_head_json":{"title":"Ayuntamiento de Pamplona e Iberdrola inauguran la renovada subestaci\u00f3n Magdalena","description":"Con un impacto visual menor que la anterior, est\u00e1 situada junto al Club Nataci\u00f3n y da servicio al Casco Antiguo, a los Ensanches y a la Txantrea","robots":{"index":"index","follow":"follow","max-snippet":"max-snippet:-1","max-image-preview":"max-image-preview:large","max-video-preview":"max-video-preview:-1"},"canonical":"https:\/\/www.laguiadepamplona.com\/actualidad\/ayuntamiento-de-pamplona-e-iberdrola-inauguran-la-renovada-subestacion-magdalena\/","og_locale":"es_ES","og_type":"article","og_title":"Ayuntamiento de Pamplona e Iberdrola inauguran la renovada subestaci\u00f3n Magdalena","og_description":"Con un impacto visual menor que la anterior, est\u00e1 situada junto al Club Nataci\u00f3n y da servicio al Casco Antiguo, a los Ensanches y a la Txantrea","og_url":"https:\/\/www.laguiadepamplona.com\/actualidad\/ayuntamiento-de-pamplona-e-iberdrola-inauguran-la-renovada-subestacion-magdalena\/","og_site_name":"La Gu\u00eda de Pamplona","article_publisher":"https:\/\/www.facebook.com\/laguiadepamplonacom-133175176762273\/?ref=hl","article_published_time":"2022-12-20T16:21:49+00:00","article_modified_time":"2023-04-11T09:47:26+00:00","og_image":[{"width":1920,"height":1280,"url":"https:\/\/www.laguiadepamplona.com\/actualidad\/wp-content\/uploads\/2022\/12\/magdalenaiberdrolainstalacionesee5a0873.webp","type":"image\/webp"}],"author":"La Gu\u00eda de Pamplona","twitter_card":"summary_large_image","twitter_creator":"@LaGuiadPamplona","twitter_site":"@LaGuiadPamplona","twitter_misc":{"Escrito por":"La Gu\u00eda de Pamplona","Tiempo de lectura":"3 minutos"},"schema":{"@context":"https:\/\/schema.org","@graph":[{"@type":"Article","@id":"https:\/\/www.laguiadepamplona.com\/actualidad\/ayuntamiento-de-pamplona-e-iberdrola-inauguran-la-renovada-subestacion-magdalena\/#article","isPartOf":{"@id":"https:\/\/www.laguiadepamplona.com\/actualidad\/ayuntamiento-de-pamplona-e-iberdrola-inauguran-la-renovada-subestacion-magdalena\/"},"author":{"name":"La Gu\u00eda de Pamplona","@id":"https:\/\/www.laguiadepamplona.com\/actualidad\/#\/schema\/person\/efe887376f0213d4657c93adc50b1fdb"},"headline":"Ayuntamiento de Pamplona e Iberdrola inauguran la renovada subestaci\u00f3n Magdalena","datePublished":"2022-12-20T16:21:49+00:00","dateModified":"2023-04-11T09:47:26+00:00","mainEntityOfPage":{"@id":"https:\/\/www.laguiadepamplona.com\/actualidad\/ayuntamiento-de-pamplona-e-iberdrola-inauguran-la-renovada-subestacion-magdalena\/"},"wordCount":493,"commentCount":0,"publisher":{"@id":"https:\/\/www.laguiadepamplona.com\/actualidad\/#organization"},"image":{"@id":"https:\/\/www.laguiadepamplona.com\/actualidad\/ayuntamiento-de-pamplona-e-iberdrola-inauguran-la-renovada-subestacion-magdalena\/#primaryimage"},"thumbnailUrl":"https:\/\/www.laguiadepamplona.com\/actualidad\/wp-content\/uploads\/2022\/12\/magdalenaiberdrolainstalacionesee5a0873.webp","articleSection":["Ayto Pamplona"],"inLanguage":"es","potentialAction":[{"@type":"CommentAction","name":"Comment","target":["https:\/\/www.laguiadepamplona.com\/actualidad\/ayuntamiento-de-pamplona-e-iberdrola-inauguran-la-renovada-subestacion-magdalena\/#respond"]}]},{"@type":"WebPage","@id":"https:\/\/www.laguiadepamplona.com\/actualidad\/ayuntamiento-de-pamplona-e-iberdrola-inauguran-la-renovada-subestacion-magdalena\/","url":"https:\/\/www.laguiadepamplona.com\/actualidad\/ayuntamiento-de-pamplona-e-iberdrola-inauguran-la-renovada-subestacion-magdalena\/","name":"Ayuntamiento de Pamplona e Iberdrola inauguran la renovada subestaci\u00f3n Magdalena","isPartOf":{"@id":"https:\/\/www.laguiadepamplona.com\/actualidad\/#website"},"primaryImageOfPage":{"@id":"https:\/\/www.laguiadepamplona.com\/actualidad\/ayuntamiento-de-pamplona-e-iberdrola-inauguran-la-renovada-subestacion-magdalena\/#primaryimage"},"image":{"@id":"https:\/\/www.laguiadepamplona.com\/actualidad\/ayuntamiento-de-pamplona-e-iberdrola-inauguran-la-renovada-subestacion-magdalena\/#primaryimage"},"thumbnailUrl":"https:\/\/www.laguiadepamplona.com\/actualidad\/wp-content\/uploads\/2022\/12\/magdalenaiberdrolainstalacionesee5a0873.webp","datePublished":"2022-12-20T16:21:49+00:00","dateModified":"2023-04-11T09:47:26+00:00","description":"Con un impacto visual menor que la anterior, est\u00e1 situada junto al Club Nataci\u00f3n y da servicio al Casco Antiguo, a los Ensanches y a la Txantrea","breadcrumb":{"@id":"https:\/\/www.laguiadepamplona.com\/actualidad\/ayuntamiento-de-pamplona-e-iberdrola-inauguran-la-renovada-subestacion-magdalena\/#breadcrumb"},"inLanguage":"es","potentialAction":[{"@type":"ReadAction","target":["https:\/\/www.laguiadepamplona.com\/actualidad\/ayuntamiento-de-pamplona-e-iberdrola-inauguran-la-renovada-subestacion-magdalena\/"]}]},{"@type":"ImageObject","inLanguage":"es","@id":"https:\/\/www.laguiadepamplona.com\/actualidad\/ayuntamiento-de-pamplona-e-iberdrola-inauguran-la-renovada-subestacion-magdalena\/#primaryimage","url":"https:\/\/www.laguiadepamplona.com\/actualidad\/wp-content\/uploads\/2022\/12\/magdalenaiberdrolainstalacionesee5a0873.webp","contentUrl":"https:\/\/www.laguiadepamplona.com\/actualidad\/wp-content\/uploads\/2022\/12\/magdalenaiberdrolainstalacionesee5a0873.webp","width":1920,"height":1280},{"@type":"BreadcrumbList","@id":"https:\/\/www.laguiadepamplona.com\/actualidad\/ayuntamiento-de-pamplona-e-iberdrola-inauguran-la-renovada-subestacion-magdalena\/#breadcrumb","itemListElement":[{"@type":"ListItem","position":1,"name":"Portada","item":"https:\/\/www.laguiadepamplona.com\/actualidad\/"},{"@type":"ListItem","position":2,"name":"Ayuntamiento de Pamplona e Iberdrola inauguran la renovada subestaci\u00f3n Magdalena"}]},{"@type":"WebSite","@id":"https:\/\/www.laguiadepamplona.com\/actualidad\/#website","url":"https:\/\/www.laguiadepamplona.com\/actualidad\/","name":"La gu\u00eda de Pamplona","description":"Noticias de Pamplona","publisher":{"@id":"https:\/\/www.laguiadepamplona.com\/actualidad\/#organization"},"potentialAction":[{"@type":"SearchAction","target":{"@type":"EntryPoint","urlTemplate":"https:\/\/www.laguiadepamplona.com\/actualidad\/?s={search_term_string}"},"query-input":{"@type":"PropertyValueSpecification","valueRequired":true,"valueName":"search_term_string"}}],"inLanguage":"es"},{"@type":"Organization","@id":"https:\/\/www.laguiadepamplona.com\/actualidad\/#organization","name":"La Gu\u00eda de Pamplona \/ Noticias","url":"https:\/\/www.laguiadepamplona.com\/actualidad\/","logo":{"@type":"ImageObject","inLanguage":"es","@id":"https:\/\/www.laguiadepamplona.com\/actualidad\/#\/schema\/logo\/image\/","url":"https:\/\/www.laguiadepamplona.com\/actualidad\/wp-content\/uploads\/2018\/11\/logo-laguiadepamplona18-web1.png","contentUrl":"https:\/\/www.laguiadepamplona.com\/actualidad\/wp-content\/uploads\/2018\/11\/logo-laguiadepamplona18-web1.png","width":600,"height":196,"caption":"La Gu\u00eda de Pamplona \/ Noticias"},"image":{"@id":"https:\/\/www.laguiadepamplona.com\/actualidad\/#\/schema\/logo\/image\/"},"sameAs":["https:\/\/www.facebook.com\/laguiadepamplonacom-133175176762273\/?ref=hl","https:\/\/x.com\/LaGuiadPamplona","https:\/\/www.instagram.com\/la_guia_de_pamplona\/","https:\/\/www.youtube.com\/user\/laguiadepamplona"]},{"@type":"Person","@id":"https:\/\/www.laguiadepamplona.com\/actualidad\/#\/schema\/person\/efe887376f0213d4657c93adc50b1fdb","name":"La Gu\u00eda de Pamplona","image":{"@type":"ImageObject","inLanguage":"es","@id":"https:\/\/secure.gravatar.com\/avatar\/b6992f131dc8d30ab0dff15446e9d346d9dbd95992de0fef795073f5ea83a81c?s=96&d=mm&r=g","url":"https:\/\/secure.gravatar.com\/avatar\/b6992f131dc8d30ab0dff15446e9d346d9dbd95992de0fef795073f5ea83a81c?s=96&d=mm&r=g","contentUrl":"https:\/\/secure.gravatar.com\/avatar\/b6992f131dc8d30ab0dff15446e9d346d9dbd95992de0fef795073f5ea83a81c?s=96&d=mm&r=g","caption":"La Gu\u00eda de Pamplona"}}]}},"post_mailing_queue_ids":[],"_links":{"self":[{"href":"https:\/\/www.laguiadepamplona.com\/actualidad\/wp-json\/wp\/v2\/posts\/42502","targetHints":{"allow":["GET"]}}],"collection":[{"href":"https:\/\/www.laguiadepamplona.com\/actualidad\/wp-json\/wp\/v2\/posts"}],"about":[{"href":"https:\/\/www.laguiadepamplona.com\/actualidad\/wp-json\/wp\/v2\/types\/post"}],"author":[{"embeddable":true,"href":"https:\/\/www.laguiadepamplona.com\/actualidad\/wp-json\/wp\/v2\/users\/1"}],"replies":[{"embeddable":true,"href":"https:\/\/www.laguiadepamplona.com\/actualidad\/wp-json\/wp\/v2\/comments?post=42502"}],"version-history":[{"count":0,"href":"https:\/\/www.laguiadepamplona.com\/actualidad\/wp-json\/wp\/v2\/posts\/42502\/revisions"}],"wp:featuredmedia":[{"embeddable":true,"href":"https:\/\/www.laguiadepamplona.com\/actualidad\/wp-json\/wp\/v2\/media\/42503"}],"wp:attachment":[{"href":"https:\/\/www.laguiadepamplona.com\/actualidad\/wp-json\/wp\/v2\/media?parent=42502"}],"wp:term":[{"taxonomy":"category","embeddable":true,"href":"https:\/\/www.laguiadepamplona.com\/actualidad\/wp-json\/wp\/v2\/categories?post=42502"},{"taxonomy":"post_tag","embeddable":true,"href":"https:\/\/www.laguiadepamplona.com\/actualidad\/wp-json\/wp\/v2\/tags?post=42502"}],"curies":[{"name":"wp","href":"https:\/\/api.w.org\/{rel}","templated":true}]}}