{"id":42496,"date":"2022-12-20T18:16:42","date_gmt":"2022-12-20T16:16:42","guid":{"rendered":"https:\/\/www.laguiadepamplona.com\/actualidad\/?p=42496"},"modified":"2023-04-11T11:47:27","modified_gmt":"2023-04-11T09:47:27","slug":"el-parque-del-tren-de-trinitarios-abre-por-navidad-del-24-de-diciembre-al-5-de-enero-en-horario-de-manana","status":"publish","type":"post","link":"https:\/\/www.laguiadepamplona.com\/actualidad\/el-parque-del-tren-de-trinitarios-abre-por-navidad-del-24-de-diciembre-al-5-de-enero-en-horario-de-manana\/","title":{"rendered":"El \u2018parque del tren\u2019 de Trinitarios abre por Navidad, del 24 de diciembre al 5 de enero, en horario de ma\u00f1ana"},"content":{"rendered":"<h5>La Junta de Gobierno Local ha aprobado el nuevo calendario de apertura para 2023 y establece la tarifa infantil para menores hasta los 13 a\u00f1os<\/h5>\n<p><!--more--><\/p>\n<p>Estas fiestas de Navidad, el Centro de Interpretaci\u00f3n del Ferrocarril y de las V\u00edas Verdes de Trinitarios, m\u00e1s conocido como el \u2018parque del tren\u2019, volver\u00e1 a abrir sus puertas despu\u00e9s del cierre de la temporada de verano. Lo har\u00e1 este s\u00e1bado, d\u00eda 24, hasta el 5 de enero, en horario de ma\u00f1ana, de 11.30 y 13.30 horas, convirti\u00e9ndose as\u00ed en una propuesta l\u00fadica m\u00e1s para toda la familia.<br \/>\n<script async src=\"\/\/pagead2.googlesyndication.com\/pagead\/js\/adsbygoogle.js\"><\/script><br \/>\n<!-- Noticias La Guia de Pamplona --><br \/>\n<ins class=\"adsbygoogle\"\nstyle=\"display:block\"\ndata-ad-client=\"ca-pub-6943679897239327\"\ndata-ad-slot=\"7048180777\"\ndata-ad-format=\"auto\"><\/ins><br \/>\n<script>\n(adsbygoogle = window.adsbygoogle || []).push({});\n<\/script><\/p>\n<p>La Junta de Gobierno Local ha aprobado el nuevo calendario de aperturas del centro, cuya gesti\u00f3n recae en la Asociaci\u00f3n Navarra de Amigos del Ferrocarril. As\u00ed, durante la temporada navide\u00f1a, el \u2018parque del tren\u2019 estar\u00e1 abierto todos los d\u00edas de la semana, salvo el 25 de diciembre, el 1 y el 6 de enero, que, al igual que el resto de recursos tur\u00edsticos municipales, permanecer\u00e1 cerrado. Tambi\u00e9n en Semana Santa la apertura ser\u00e1 igual que en Navidad, todos los d\u00edas, de 11.30 a 13.30 horas. No obstante, la temporada clave para el Centro de Interpretaci\u00f3n del Ferrocarril y de las V\u00edas Verdes ser\u00e1 del 1 de abril al 30 de octubre. En esos meses, el parque podr\u00e1 visitarse los fines de semana y festivos, salvo durante las fiestas de San Ferm\u00edn, que cerrar\u00e1 porque estos espacios no tienen suficiente reclamo tur\u00edstico. En concreto, los viernes permanecer\u00e1 abierto de 18 a 20 horas, los s\u00e1bados de 11.30 a 13.30 y de 18 a 20 horas, y los domingos y festivos, de 11.30 a 13.30 horas. Adem\u00e1s, del 1 de julio al 1 de septiembre, se podr\u00e1n concertar visitas para grupos de lunes a jueves, con cita previa.<\/p>\n<p>Al margen de esta apertura para el p\u00fablico en general, el Centro de Interpretaci\u00f3n del Ferrocarril y de las V\u00edas Verdes de Trinitarios estar\u00e1 disponible para visitas escolares, as\u00ed como de colectivos y agrupaciones durante el curso escolar, del 1 de septiembre al 30 de junio, excepto en las vacaciones de Semana Santa y Navidad. Para esta modalidad, se requerir\u00e1 cita previa y el acceso al parque deber\u00e1 hacerse de lunes a viernes en horario de ma\u00f1ana, de 9 a 13 horas. Para una correcta organizaci\u00f3n de las visitas, se establecer\u00e1n cuatro franjas horarias, a las 9, a las 10, a las 11 y a las 12. En este tiempo, los escolares podr\u00e1n, no solo circular por la v\u00eda en las recreaciones el\u00e9ctricas de distintos trenes, sino conocer tambi\u00e9n la historia ferroviaria de Navarra, a trav\u00e9s de actividades de difusi\u00f3n y conocimiento del tren y, en concreto, de las cinco v\u00edas verdes existentes en Navarra: Plazaola, Irati, Tarazonica, Vasconavarro y Bidasoa.<br \/>\n<script async src=\"\/\/pagead2.googlesyndication.com\/pagead\/js\/adsbygoogle.js\"><\/script><br \/>\n<!-- Noticias La Guia de Pamplona --><br \/>\n<ins class=\"adsbygoogle\"\nstyle=\"display:block\"\ndata-ad-client=\"ca-pub-6943679897239327\"\ndata-ad-slot=\"7048180777\"\ndata-ad-format=\"auto\"><\/ins><br \/>\n<script>\n(adsbygoogle = window.adsbygoogle || []).push({});\n<\/script><\/p>\n<p><strong>Menores, hasta los 13 a\u00f1os<\/strong><\/p>\n<p>Otras de las modificaciones con respecto al acceso al \u2018parque del tren\u2019 es la consideraci\u00f3n de los menores hasta 13 a\u00f1os como beneficiarios de tarifa reducida. En un primer momento, la tarifa reducida era para menores de 12 a\u00f1os. No obstante, la Asociaci\u00f3n Navarra de Amigos del Ferrocarril ha propuesto ampliar esa tarifa a los menores de 14 a\u00f1os (hasta los 13 cumplidos) para asimilar las edades a la norma municipal y al resto de establecimientos p\u00fablicos y no genera confusi\u00f3n entre la ciudadan\u00eda. La tarifa fijada para esas edades es de 1,5 euros. Para mayores de esa edad, la entrada se mantiene en 2,5 euros y para personas con discapacidad, ser\u00e1 de 1 euro. En el caso de acudir en grupo de m\u00e1s de 15 personas, el precio por visitante ser\u00e1 de 1,5 euros.<\/p>\n<p>Adem\u00e1s, el Centro de Interpretaci\u00f3n del Ferrocarril y de las V\u00edas Verdes de Trinitarios ofrece entradas para grupos en las que se combina viaje en tren con actividades l\u00fadico-divulgativas. En el caso de los adultos, el precio ser\u00e1 de 3 euros y, para los menores, 2 euros.<br \/>\n<script async src=\"\/\/pagead2.googlesyndication.com\/pagead\/js\/adsbygoogle.js\"><\/script><br \/>\n<!-- Noticias La Guia de Pamplona --><br \/>\n<ins class=\"adsbygoogle\"\nstyle=\"display:block\"\ndata-ad-client=\"ca-pub-6943679897239327\"\ndata-ad-slot=\"7048180777\"\ndata-ad-format=\"auto\"><\/ins><br \/>\n<script>\n(adsbygoogle = window.adsbygoogle || []).push({});\n<\/script><\/p>\n<p>El parque, inaugurado el pasado 18 de junio, cuenta con 6.740 metros cuadrados en los que se reparte, no solo un circuito ambientado con elementos decorativos (vallas de madera, se\u00f1ales, marmitas, desv\u00edos y sem\u00e1foros), sino tambi\u00e9n un edificio de cocheras, para guardar las locomotoras, y un edificio principal, simulando la estaci\u00f3n, con capacidad para albergar una zona expositiva, una biblioteca y un espacio multiusos, para dar charlas a los escolares que acudan a visitar el parque del tren.\u00a0 El recinto cuenta, adem\u00e1s, con una zona de plato giratorio, donde poder ver distintas locomotoras, el\u00e9ctricas, de vapor, de gasolina y hasta una quitanieves, todas en uso y que llevar\u00e1n a los visitantes por el circuito ferroviario en las distintas \u00e9pocas del a\u00f1o.<\/p>\n<p>La Asociaci\u00f3n Navarra de Amigos del Ferrocarril, responsable del parque por concesi\u00f3n administrativa, cuenta con diez maquinistas para conducir los trenes que circular\u00e1n por el recorrido. El convenio firmado entre el Ayuntamiento de Pamplona y la Asociaci\u00f3n recoge la concesi\u00f3n de la gesti\u00f3n por un plazo de 15 a\u00f1os improrrogables, con una aportaci\u00f3n econ\u00f3mica anual por parte del Ayuntamiento de 16.600 euros.<\/p>\n","protected":false},"excerpt":{"rendered":"<p>La Junta de Gobierno Local ha aprobado el nuevo calendario de apertura para 2023 y establece la tarifa infantil para menores hasta los 13 a\u00f1os<\/p>\n","protected":false},"author":1,"featured_media":42497,"comment_status":"open","ping_status":"closed","sticky":false,"template":"","format":"standard","meta":{"footnotes":""},"categories":[2],"tags":[],"class_list":["post-42496","post","type-post","status-publish","format-standard","has-post-thumbnail","hentry","category-ayuntamiento-pamplona"],"yoast_head":"<!-- This site is optimized with the Yoast SEO plugin v27.3 - https:\/\/yoast.com\/product\/yoast-seo-wordpress\/ -->\n<title>El \u2018parque del tren\u2019 de Trinitarios abre por Navidad, del 24 de diciembre al 5 de enero, en horario de ma\u00f1ana<\/title>\n<meta name=\"description\" content=\"La Junta de Gobierno Local ha aprobado el nuevo calendario de apertura para 2023 y establece la tarifa infantil para menores hasta los 13 a\u00f1os\" \/>\n<meta name=\"robots\" content=\"index, follow, max-snippet:-1, max-image-preview:large, max-video-preview:-1\" \/>\n<link rel=\"canonical\" href=\"https:\/\/www.laguiadepamplona.com\/actualidad\/el-parque-del-tren-de-trinitarios-abre-por-navidad-del-24-de-diciembre-al-5-de-enero-en-horario-de-manana\/\" \/>\n<meta property=\"og:locale\" content=\"es_ES\" \/>\n<meta property=\"og:type\" content=\"article\" \/>\n<meta property=\"og:title\" content=\"El \u2018parque del tren\u2019 de Trinitarios abre por Navidad, del 24 de diciembre al 5 de enero, en horario de ma\u00f1ana\" \/>\n<meta property=\"og:description\" content=\"La Junta de Gobierno Local ha aprobado el nuevo calendario de apertura para 2023 y establece la tarifa infantil para menores hasta los 13 a\u00f1os\" \/>\n<meta property=\"og:url\" content=\"https:\/\/www.laguiadepamplona.com\/actualidad\/el-parque-del-tren-de-trinitarios-abre-por-navidad-del-24-de-diciembre-al-5-de-enero-en-horario-de-manana\/\" \/>\n<meta property=\"og:site_name\" content=\"La Gu\u00eda de Pamplona\" \/>\n<meta property=\"article:publisher\" content=\"https:\/\/www.facebook.com\/laguiadepamplonacom-133175176762273\/?ref=hl\" \/>\n<meta property=\"article:published_time\" content=\"2022-12-20T16:16:42+00:00\" \/>\n<meta property=\"article:modified_time\" content=\"2023-04-11T09:47:27+00:00\" \/>\n<meta property=\"og:image\" content=\"https:\/\/www.laguiadepamplona.com\/actualidad\/wp-content\/uploads\/2022\/12\/fiestatrentrinitariosee5a7727.webp\" \/>\n\t<meta property=\"og:image:width\" content=\"1920\" \/>\n\t<meta property=\"og:image:height\" content=\"1280\" \/>\n\t<meta property=\"og:image:type\" content=\"image\/webp\" \/>\n<meta name=\"author\" content=\"La Gu\u00eda de Pamplona\" \/>\n<meta name=\"twitter:card\" content=\"summary_large_image\" \/>\n<meta name=\"twitter:creator\" content=\"@LaGuiadPamplona\" \/>\n<meta name=\"twitter:site\" content=\"@LaGuiadPamplona\" \/>\n<meta name=\"twitter:label1\" content=\"Escrito por\" \/>\n\t<meta name=\"twitter:data1\" content=\"La Gu\u00eda de Pamplona\" \/>\n\t<meta name=\"twitter:label2\" content=\"Tiempo de lectura\" \/>\n\t<meta name=\"twitter:data2\" content=\"4 minutos\" \/>\n<script type=\"application\/ld+json\" class=\"yoast-schema-graph\">{\"@context\":\"https:\\\/\\\/schema.org\",\"@graph\":[{\"@type\":\"Article\",\"@id\":\"https:\\\/\\\/www.laguiadepamplona.com\\\/actualidad\\\/el-parque-del-tren-de-trinitarios-abre-por-navidad-del-24-de-diciembre-al-5-de-enero-en-horario-de-manana\\\/#article\",\"isPartOf\":{\"@id\":\"https:\\\/\\\/www.laguiadepamplona.com\\\/actualidad\\\/el-parque-del-tren-de-trinitarios-abre-por-navidad-del-24-de-diciembre-al-5-de-enero-en-horario-de-manana\\\/\"},\"author\":{\"name\":\"La Gu\u00eda de Pamplona\",\"@id\":\"https:\\\/\\\/www.laguiadepamplona.com\\\/actualidad\\\/#\\\/schema\\\/person\\\/efe887376f0213d4657c93adc50b1fdb\"},\"headline\":\"El \u2018parque del tren\u2019 de Trinitarios abre por Navidad, del 24 de diciembre al 5 de enero, en horario de ma\u00f1ana\",\"datePublished\":\"2022-12-20T16:16:42+00:00\",\"dateModified\":\"2023-04-11T09:47:27+00:00\",\"mainEntityOfPage\":{\"@id\":\"https:\\\/\\\/www.laguiadepamplona.com\\\/actualidad\\\/el-parque-del-tren-de-trinitarios-abre-por-navidad-del-24-de-diciembre-al-5-de-enero-en-horario-de-manana\\\/\"},\"wordCount\":863,\"commentCount\":0,\"publisher\":{\"@id\":\"https:\\\/\\\/www.laguiadepamplona.com\\\/actualidad\\\/#organization\"},\"image\":{\"@id\":\"https:\\\/\\\/www.laguiadepamplona.com\\\/actualidad\\\/el-parque-del-tren-de-trinitarios-abre-por-navidad-del-24-de-diciembre-al-5-de-enero-en-horario-de-manana\\\/#primaryimage\"},\"thumbnailUrl\":\"https:\\\/\\\/www.laguiadepamplona.com\\\/actualidad\\\/wp-content\\\/uploads\\\/2022\\\/12\\\/fiestatrentrinitariosee5a7727.webp\",\"articleSection\":[\"Ayto Pamplona\"],\"inLanguage\":\"es\",\"potentialAction\":[{\"@type\":\"CommentAction\",\"name\":\"Comment\",\"target\":[\"https:\\\/\\\/www.laguiadepamplona.com\\\/actualidad\\\/el-parque-del-tren-de-trinitarios-abre-por-navidad-del-24-de-diciembre-al-5-de-enero-en-horario-de-manana\\\/#respond\"]}]},{\"@type\":\"WebPage\",\"@id\":\"https:\\\/\\\/www.laguiadepamplona.com\\\/actualidad\\\/el-parque-del-tren-de-trinitarios-abre-por-navidad-del-24-de-diciembre-al-5-de-enero-en-horario-de-manana\\\/\",\"url\":\"https:\\\/\\\/www.laguiadepamplona.com\\\/actualidad\\\/el-parque-del-tren-de-trinitarios-abre-por-navidad-del-24-de-diciembre-al-5-de-enero-en-horario-de-manana\\\/\",\"name\":\"El \u2018parque del tren\u2019 de Trinitarios abre por Navidad, del 24 de diciembre al 5 de enero, en horario de ma\u00f1ana\",\"isPartOf\":{\"@id\":\"https:\\\/\\\/www.laguiadepamplona.com\\\/actualidad\\\/#website\"},\"primaryImageOfPage\":{\"@id\":\"https:\\\/\\\/www.laguiadepamplona.com\\\/actualidad\\\/el-parque-del-tren-de-trinitarios-abre-por-navidad-del-24-de-diciembre-al-5-de-enero-en-horario-de-manana\\\/#primaryimage\"},\"image\":{\"@id\":\"https:\\\/\\\/www.laguiadepamplona.com\\\/actualidad\\\/el-parque-del-tren-de-trinitarios-abre-por-navidad-del-24-de-diciembre-al-5-de-enero-en-horario-de-manana\\\/#primaryimage\"},\"thumbnailUrl\":\"https:\\\/\\\/www.laguiadepamplona.com\\\/actualidad\\\/wp-content\\\/uploads\\\/2022\\\/12\\\/fiestatrentrinitariosee5a7727.webp\",\"datePublished\":\"2022-12-20T16:16:42+00:00\",\"dateModified\":\"2023-04-11T09:47:27+00:00\",\"description\":\"La Junta de Gobierno Local ha aprobado el nuevo calendario de apertura para 2023 y establece la tarifa infantil para menores hasta los 13 a\u00f1os\",\"breadcrumb\":{\"@id\":\"https:\\\/\\\/www.laguiadepamplona.com\\\/actualidad\\\/el-parque-del-tren-de-trinitarios-abre-por-navidad-del-24-de-diciembre-al-5-de-enero-en-horario-de-manana\\\/#breadcrumb\"},\"inLanguage\":\"es\",\"potentialAction\":[{\"@type\":\"ReadAction\",\"target\":[\"https:\\\/\\\/www.laguiadepamplona.com\\\/actualidad\\\/el-parque-del-tren-de-trinitarios-abre-por-navidad-del-24-de-diciembre-al-5-de-enero-en-horario-de-manana\\\/\"]}]},{\"@type\":\"ImageObject\",\"inLanguage\":\"es\",\"@id\":\"https:\\\/\\\/www.laguiadepamplona.com\\\/actualidad\\\/el-parque-del-tren-de-trinitarios-abre-por-navidad-del-24-de-diciembre-al-5-de-enero-en-horario-de-manana\\\/#primaryimage\",\"url\":\"https:\\\/\\\/www.laguiadepamplona.com\\\/actualidad\\\/wp-content\\\/uploads\\\/2022\\\/12\\\/fiestatrentrinitariosee5a7727.webp\",\"contentUrl\":\"https:\\\/\\\/www.laguiadepamplona.com\\\/actualidad\\\/wp-content\\\/uploads\\\/2022\\\/12\\\/fiestatrentrinitariosee5a7727.webp\",\"width\":1920,\"height\":1280},{\"@type\":\"BreadcrumbList\",\"@id\":\"https:\\\/\\\/www.laguiadepamplona.com\\\/actualidad\\\/el-parque-del-tren-de-trinitarios-abre-por-navidad-del-24-de-diciembre-al-5-de-enero-en-horario-de-manana\\\/#breadcrumb\",\"itemListElement\":[{\"@type\":\"ListItem\",\"position\":1,\"name\":\"Portada\",\"item\":\"https:\\\/\\\/www.laguiadepamplona.com\\\/actualidad\\\/\"},{\"@type\":\"ListItem\",\"position\":2,\"name\":\"El \u2018parque del tren\u2019 de Trinitarios abre por Navidad, del 24 de diciembre al 5 de enero, en horario de ma\u00f1ana\"}]},{\"@type\":\"WebSite\",\"@id\":\"https:\\\/\\\/www.laguiadepamplona.com\\\/actualidad\\\/#website\",\"url\":\"https:\\\/\\\/www.laguiadepamplona.com\\\/actualidad\\\/\",\"name\":\"La gu\u00eda de Pamplona\",\"description\":\"Noticias de Pamplona\",\"publisher\":{\"@id\":\"https:\\\/\\\/www.laguiadepamplona.com\\\/actualidad\\\/#organization\"},\"potentialAction\":[{\"@type\":\"SearchAction\",\"target\":{\"@type\":\"EntryPoint\",\"urlTemplate\":\"https:\\\/\\\/www.laguiadepamplona.com\\\/actualidad\\\/?s={search_term_string}\"},\"query-input\":{\"@type\":\"PropertyValueSpecification\",\"valueRequired\":true,\"valueName\":\"search_term_string\"}}],\"inLanguage\":\"es\"},{\"@type\":\"Organization\",\"@id\":\"https:\\\/\\\/www.laguiadepamplona.com\\\/actualidad\\\/#organization\",\"name\":\"La Gu\u00eda de Pamplona \\\/ Noticias\",\"url\":\"https:\\\/\\\/www.laguiadepamplona.com\\\/actualidad\\\/\",\"logo\":{\"@type\":\"ImageObject\",\"inLanguage\":\"es\",\"@id\":\"https:\\\/\\\/www.laguiadepamplona.com\\\/actualidad\\\/#\\\/schema\\\/logo\\\/image\\\/\",\"url\":\"https:\\\/\\\/www.laguiadepamplona.com\\\/actualidad\\\/wp-content\\\/uploads\\\/2018\\\/11\\\/logo-laguiadepamplona18-web1.png\",\"contentUrl\":\"https:\\\/\\\/www.laguiadepamplona.com\\\/actualidad\\\/wp-content\\\/uploads\\\/2018\\\/11\\\/logo-laguiadepamplona18-web1.png\",\"width\":600,\"height\":196,\"caption\":\"La Gu\u00eda de Pamplona \\\/ Noticias\"},\"image\":{\"@id\":\"https:\\\/\\\/www.laguiadepamplona.com\\\/actualidad\\\/#\\\/schema\\\/logo\\\/image\\\/\"},\"sameAs\":[\"https:\\\/\\\/www.facebook.com\\\/laguiadepamplonacom-133175176762273\\\/?ref=hl\",\"https:\\\/\\\/x.com\\\/LaGuiadPamplona\",\"https:\\\/\\\/www.instagram.com\\\/la_guia_de_pamplona\\\/\",\"https:\\\/\\\/www.youtube.com\\\/user\\\/laguiadepamplona\"]},{\"@type\":\"Person\",\"@id\":\"https:\\\/\\\/www.laguiadepamplona.com\\\/actualidad\\\/#\\\/schema\\\/person\\\/efe887376f0213d4657c93adc50b1fdb\",\"name\":\"La Gu\u00eda de Pamplona\",\"image\":{\"@type\":\"ImageObject\",\"inLanguage\":\"es\",\"@id\":\"https:\\\/\\\/secure.gravatar.com\\\/avatar\\\/b6992f131dc8d30ab0dff15446e9d346d9dbd95992de0fef795073f5ea83a81c?s=96&d=mm&r=g\",\"url\":\"https:\\\/\\\/secure.gravatar.com\\\/avatar\\\/b6992f131dc8d30ab0dff15446e9d346d9dbd95992de0fef795073f5ea83a81c?s=96&d=mm&r=g\",\"contentUrl\":\"https:\\\/\\\/secure.gravatar.com\\\/avatar\\\/b6992f131dc8d30ab0dff15446e9d346d9dbd95992de0fef795073f5ea83a81c?s=96&d=mm&r=g\",\"caption\":\"La Gu\u00eda de Pamplona\"}}]}<\/script>\n<!-- \/ Yoast SEO plugin. -->","yoast_head_json":{"title":"El \u2018parque del tren\u2019 de Trinitarios abre por Navidad, del 24 de diciembre al 5 de enero, en horario de ma\u00f1ana","description":"La Junta de Gobierno Local ha aprobado el nuevo calendario de apertura para 2023 y establece la tarifa infantil para menores hasta los 13 a\u00f1os","robots":{"index":"index","follow":"follow","max-snippet":"max-snippet:-1","max-image-preview":"max-image-preview:large","max-video-preview":"max-video-preview:-1"},"canonical":"https:\/\/www.laguiadepamplona.com\/actualidad\/el-parque-del-tren-de-trinitarios-abre-por-navidad-del-24-de-diciembre-al-5-de-enero-en-horario-de-manana\/","og_locale":"es_ES","og_type":"article","og_title":"El \u2018parque del tren\u2019 de Trinitarios abre por Navidad, del 24 de diciembre al 5 de enero, en horario de ma\u00f1ana","og_description":"La Junta de Gobierno Local ha aprobado el nuevo calendario de apertura para 2023 y establece la tarifa infantil para menores hasta los 13 a\u00f1os","og_url":"https:\/\/www.laguiadepamplona.com\/actualidad\/el-parque-del-tren-de-trinitarios-abre-por-navidad-del-24-de-diciembre-al-5-de-enero-en-horario-de-manana\/","og_site_name":"La Gu\u00eda de Pamplona","article_publisher":"https:\/\/www.facebook.com\/laguiadepamplonacom-133175176762273\/?ref=hl","article_published_time":"2022-12-20T16:16:42+00:00","article_modified_time":"2023-04-11T09:47:27+00:00","og_image":[{"width":1920,"height":1280,"url":"https:\/\/www.laguiadepamplona.com\/actualidad\/wp-content\/uploads\/2022\/12\/fiestatrentrinitariosee5a7727.webp","type":"image\/webp"}],"author":"La Gu\u00eda de Pamplona","twitter_card":"summary_large_image","twitter_creator":"@LaGuiadPamplona","twitter_site":"@LaGuiadPamplona","twitter_misc":{"Escrito por":"La Gu\u00eda de Pamplona","Tiempo de lectura":"4 minutos"},"schema":{"@context":"https:\/\/schema.org","@graph":[{"@type":"Article","@id":"https:\/\/www.laguiadepamplona.com\/actualidad\/el-parque-del-tren-de-trinitarios-abre-por-navidad-del-24-de-diciembre-al-5-de-enero-en-horario-de-manana\/#article","isPartOf":{"@id":"https:\/\/www.laguiadepamplona.com\/actualidad\/el-parque-del-tren-de-trinitarios-abre-por-navidad-del-24-de-diciembre-al-5-de-enero-en-horario-de-manana\/"},"author":{"name":"La Gu\u00eda de Pamplona","@id":"https:\/\/www.laguiadepamplona.com\/actualidad\/#\/schema\/person\/efe887376f0213d4657c93adc50b1fdb"},"headline":"El \u2018parque del tren\u2019 de Trinitarios abre por Navidad, del 24 de diciembre al 5 de enero, en horario de ma\u00f1ana","datePublished":"2022-12-20T16:16:42+00:00","dateModified":"2023-04-11T09:47:27+00:00","mainEntityOfPage":{"@id":"https:\/\/www.laguiadepamplona.com\/actualidad\/el-parque-del-tren-de-trinitarios-abre-por-navidad-del-24-de-diciembre-al-5-de-enero-en-horario-de-manana\/"},"wordCount":863,"commentCount":0,"publisher":{"@id":"https:\/\/www.laguiadepamplona.com\/actualidad\/#organization"},"image":{"@id":"https:\/\/www.laguiadepamplona.com\/actualidad\/el-parque-del-tren-de-trinitarios-abre-por-navidad-del-24-de-diciembre-al-5-de-enero-en-horario-de-manana\/#primaryimage"},"thumbnailUrl":"https:\/\/www.laguiadepamplona.com\/actualidad\/wp-content\/uploads\/2022\/12\/fiestatrentrinitariosee5a7727.webp","articleSection":["Ayto Pamplona"],"inLanguage":"es","potentialAction":[{"@type":"CommentAction","name":"Comment","target":["https:\/\/www.laguiadepamplona.com\/actualidad\/el-parque-del-tren-de-trinitarios-abre-por-navidad-del-24-de-diciembre-al-5-de-enero-en-horario-de-manana\/#respond"]}]},{"@type":"WebPage","@id":"https:\/\/www.laguiadepamplona.com\/actualidad\/el-parque-del-tren-de-trinitarios-abre-por-navidad-del-24-de-diciembre-al-5-de-enero-en-horario-de-manana\/","url":"https:\/\/www.laguiadepamplona.com\/actualidad\/el-parque-del-tren-de-trinitarios-abre-por-navidad-del-24-de-diciembre-al-5-de-enero-en-horario-de-manana\/","name":"El \u2018parque del tren\u2019 de Trinitarios abre por Navidad, del 24 de diciembre al 5 de enero, en horario de ma\u00f1ana","isPartOf":{"@id":"https:\/\/www.laguiadepamplona.com\/actualidad\/#website"},"primaryImageOfPage":{"@id":"https:\/\/www.laguiadepamplona.com\/actualidad\/el-parque-del-tren-de-trinitarios-abre-por-navidad-del-24-de-diciembre-al-5-de-enero-en-horario-de-manana\/#primaryimage"},"image":{"@id":"https:\/\/www.laguiadepamplona.com\/actualidad\/el-parque-del-tren-de-trinitarios-abre-por-navidad-del-24-de-diciembre-al-5-de-enero-en-horario-de-manana\/#primaryimage"},"thumbnailUrl":"https:\/\/www.laguiadepamplona.com\/actualidad\/wp-content\/uploads\/2022\/12\/fiestatrentrinitariosee5a7727.webp","datePublished":"2022-12-20T16:16:42+00:00","dateModified":"2023-04-11T09:47:27+00:00","description":"La Junta de Gobierno Local ha aprobado el nuevo calendario de apertura para 2023 y establece la tarifa infantil para menores hasta los 13 a\u00f1os","breadcrumb":{"@id":"https:\/\/www.laguiadepamplona.com\/actualidad\/el-parque-del-tren-de-trinitarios-abre-por-navidad-del-24-de-diciembre-al-5-de-enero-en-horario-de-manana\/#breadcrumb"},"inLanguage":"es","potentialAction":[{"@type":"ReadAction","target":["https:\/\/www.laguiadepamplona.com\/actualidad\/el-parque-del-tren-de-trinitarios-abre-por-navidad-del-24-de-diciembre-al-5-de-enero-en-horario-de-manana\/"]}]},{"@type":"ImageObject","inLanguage":"es","@id":"https:\/\/www.laguiadepamplona.com\/actualidad\/el-parque-del-tren-de-trinitarios-abre-por-navidad-del-24-de-diciembre-al-5-de-enero-en-horario-de-manana\/#primaryimage","url":"https:\/\/www.laguiadepamplona.com\/actualidad\/wp-content\/uploads\/2022\/12\/fiestatrentrinitariosee5a7727.webp","contentUrl":"https:\/\/www.laguiadepamplona.com\/actualidad\/wp-content\/uploads\/2022\/12\/fiestatrentrinitariosee5a7727.webp","width":1920,"height":1280},{"@type":"BreadcrumbList","@id":"https:\/\/www.laguiadepamplona.com\/actualidad\/el-parque-del-tren-de-trinitarios-abre-por-navidad-del-24-de-diciembre-al-5-de-enero-en-horario-de-manana\/#breadcrumb","itemListElement":[{"@type":"ListItem","position":1,"name":"Portada","item":"https:\/\/www.laguiadepamplona.com\/actualidad\/"},{"@type":"ListItem","position":2,"name":"El \u2018parque del tren\u2019 de Trinitarios abre por Navidad, del 24 de diciembre al 5 de enero, en horario de ma\u00f1ana"}]},{"@type":"WebSite","@id":"https:\/\/www.laguiadepamplona.com\/actualidad\/#website","url":"https:\/\/www.laguiadepamplona.com\/actualidad\/","name":"La gu\u00eda de Pamplona","description":"Noticias de Pamplona","publisher":{"@id":"https:\/\/www.laguiadepamplona.com\/actualidad\/#organization"},"potentialAction":[{"@type":"SearchAction","target":{"@type":"EntryPoint","urlTemplate":"https:\/\/www.laguiadepamplona.com\/actualidad\/?s={search_term_string}"},"query-input":{"@type":"PropertyValueSpecification","valueRequired":true,"valueName":"search_term_string"}}],"inLanguage":"es"},{"@type":"Organization","@id":"https:\/\/www.laguiadepamplona.com\/actualidad\/#organization","name":"La Gu\u00eda de Pamplona \/ Noticias","url":"https:\/\/www.laguiadepamplona.com\/actualidad\/","logo":{"@type":"ImageObject","inLanguage":"es","@id":"https:\/\/www.laguiadepamplona.com\/actualidad\/#\/schema\/logo\/image\/","url":"https:\/\/www.laguiadepamplona.com\/actualidad\/wp-content\/uploads\/2018\/11\/logo-laguiadepamplona18-web1.png","contentUrl":"https:\/\/www.laguiadepamplona.com\/actualidad\/wp-content\/uploads\/2018\/11\/logo-laguiadepamplona18-web1.png","width":600,"height":196,"caption":"La Gu\u00eda de Pamplona \/ Noticias"},"image":{"@id":"https:\/\/www.laguiadepamplona.com\/actualidad\/#\/schema\/logo\/image\/"},"sameAs":["https:\/\/www.facebook.com\/laguiadepamplonacom-133175176762273\/?ref=hl","https:\/\/x.com\/LaGuiadPamplona","https:\/\/www.instagram.com\/la_guia_de_pamplona\/","https:\/\/www.youtube.com\/user\/laguiadepamplona"]},{"@type":"Person","@id":"https:\/\/www.laguiadepamplona.com\/actualidad\/#\/schema\/person\/efe887376f0213d4657c93adc50b1fdb","name":"La Gu\u00eda de Pamplona","image":{"@type":"ImageObject","inLanguage":"es","@id":"https:\/\/secure.gravatar.com\/avatar\/b6992f131dc8d30ab0dff15446e9d346d9dbd95992de0fef795073f5ea83a81c?s=96&d=mm&r=g","url":"https:\/\/secure.gravatar.com\/avatar\/b6992f131dc8d30ab0dff15446e9d346d9dbd95992de0fef795073f5ea83a81c?s=96&d=mm&r=g","contentUrl":"https:\/\/secure.gravatar.com\/avatar\/b6992f131dc8d30ab0dff15446e9d346d9dbd95992de0fef795073f5ea83a81c?s=96&d=mm&r=g","caption":"La Gu\u00eda de Pamplona"}}]}},"post_mailing_queue_ids":[],"_links":{"self":[{"href":"https:\/\/www.laguiadepamplona.com\/actualidad\/wp-json\/wp\/v2\/posts\/42496","targetHints":{"allow":["GET"]}}],"collection":[{"href":"https:\/\/www.laguiadepamplona.com\/actualidad\/wp-json\/wp\/v2\/posts"}],"about":[{"href":"https:\/\/www.laguiadepamplona.com\/actualidad\/wp-json\/wp\/v2\/types\/post"}],"author":[{"embeddable":true,"href":"https:\/\/www.laguiadepamplona.com\/actualidad\/wp-json\/wp\/v2\/users\/1"}],"replies":[{"embeddable":true,"href":"https:\/\/www.laguiadepamplona.com\/actualidad\/wp-json\/wp\/v2\/comments?post=42496"}],"version-history":[{"count":0,"href":"https:\/\/www.laguiadepamplona.com\/actualidad\/wp-json\/wp\/v2\/posts\/42496\/revisions"}],"wp:featuredmedia":[{"embeddable":true,"href":"https:\/\/www.laguiadepamplona.com\/actualidad\/wp-json\/wp\/v2\/media\/42497"}],"wp:attachment":[{"href":"https:\/\/www.laguiadepamplona.com\/actualidad\/wp-json\/wp\/v2\/media?parent=42496"}],"wp:term":[{"taxonomy":"category","embeddable":true,"href":"https:\/\/www.laguiadepamplona.com\/actualidad\/wp-json\/wp\/v2\/categories?post=42496"},{"taxonomy":"post_tag","embeddable":true,"href":"https:\/\/www.laguiadepamplona.com\/actualidad\/wp-json\/wp\/v2\/tags?post=42496"}],"curies":[{"name":"wp","href":"https:\/\/api.w.org\/{rel}","templated":true}]}}