{"id":42493,"date":"2022-12-20T18:12:13","date_gmt":"2022-12-20T16:12:13","guid":{"rendered":"https:\/\/www.laguiadepamplona.com\/actualidad\/?p=42493"},"modified":"2023-04-11T11:47:27","modified_gmt":"2023-04-11T09:47:27","slug":"pamplona-recuerda-la-labor-de-las-hermanas-uriz-pi-en-la-defensa-de-la-infancia-las-mujeres-y-los-valores-democraticos-con-un-espacio-junto-al-parque-de-las-pioneras","status":"publish","type":"post","link":"https:\/\/www.laguiadepamplona.com\/actualidad\/pamplona-recuerda-la-labor-de-las-hermanas-uriz-pi-en-la-defensa-de-la-infancia-las-mujeres-y-los-valores-democraticos-con-un-espacio-junto-al-parque-de-las-pioneras\/","title":{"rendered":"Pamplona recuerda la labor de las hermanas \u00dariz Pi en la defensa de la infancia, las mujeres y los valores democr\u00e1ticos con un espacio junto al Parque de las Pioneras"},"content":{"rendered":"<h5>Un t\u00f3tem informativo junto a la fuente de la Teja describe la vida de estas hermanas nacidas a finales del siglo XIX en Badost\u00e1in<\/h5>\n<p><!--more--><\/p>\n<p>Reconocer su valent\u00eda, entrega y dedicaci\u00f3n, y su apuesta por la infancia como garant\u00eda de futuro, por la educaci\u00f3n y los valores democr\u00e1ticos es el objetivo que persigue el Ayuntamiento de Pamplona con respecto a Josefa y Elisa \u00dariz Pi. Dos hermanas, naturales de Badost\u00e1in, que a principios del siglo XX cobran una gran proyecci\u00f3n internacional por su compromiso social. No en vano, Elisa \u00dariz Pi est\u00e1 detr\u00e1s de la instauraci\u00f3n del D\u00eda Internacional de la Infancia. Por todo ello, el Consistorio ha querido dedicarles un espacio, en el entorno de la carretera de Badost\u00e1in, junto al Parque de las Pioneras, haciendo as\u00ed un doble gui\u00f1o a estas hermanas, por su trayectoria y su lugar de procedencia.<\/p>\n<p>La Comisi\u00f3n de Asuntos Ciudadanos ha visitado hoy ese espacio, junto a la fuente de la Teja, donde se ha ubicado un t\u00f3tem informativo, con el que dar a conocer al conjunto de la ciudadan\u00eda la vida y la lucha de Elisa y Josefa. En esta labor, el Ayuntamiento ha contado con la colaboraci\u00f3n de la Asociaci\u00f3n Hnas Uriz Pi Ahizpen Elkartea, que solicit\u00f3 en primera instancia la instalaci\u00f3n de un espacio informativo sobre ellas en la ciudad. Asimismo, da respuesta a la declaraci\u00f3n que se aprob\u00f3 en el Ayuntamiento, a instancias del grupo Socialistas de Pamplona, para crear un espacio urbano espec\u00edfico dedicado a las hermanas \u00dariz Pi.<br \/>\n<script async src=\"\/\/pagead2.googlesyndication.com\/pagead\/js\/adsbygoogle.js\"><\/script><br \/>\n<!-- Noticias La Guia de Pamplona --><br \/>\n<ins class=\"adsbygoogle\"\nstyle=\"display:block\"\ndata-ad-client=\"ca-pub-6943679897239327\"\ndata-ad-slot=\"7048180777\"\ndata-ad-format=\"auto\"><\/ins><br \/>\n<script>\n(adsbygoogle = window.adsbygoogle || []).push({});\n<\/script><\/p>\n<p>El texto recogido en castellano, euskera, franc\u00e9s e ingl\u00e9s, hace un peque\u00f1o repaso por la singular vida de estas dos hermanas navarras, fallecidas en el exilio en Berl\u00edn. Josefa, la mayor, naci\u00f3 en 1883. Maestra de profesi\u00f3n, introdujo en su d\u00eda a d\u00eda modernos avances pedag\u00f3gicos, que ya se aplicaban en Europa, pero que distaban mucho de la forma de ense\u00f1ar del sistema educativo espa\u00f1ol. Elisa, nacida diez a\u00f1os despu\u00e9s, tambi\u00e9n opt\u00f3 por la docencia. Ambas, pedagogas y feministas, revolucionaron la ense\u00f1anza, impulsaron al defensa de la infancia y de la mujer, y mostraron gran valent\u00eda y fortaleza en esa \u00e9poca, asumiendo importantes cargos de responsabilidad para la II Rep\u00fablica.<\/p>\n<p>Durante la Guerra Civil se exiliaron a Francia, donde participaron activamente en la asistencia a miles de familias desplazadas en los campos de concentraci\u00f3n dispersos por el sur de Francia. Tampoco dudaron en formar los primeros grupos de la Resistencia contra la ocupaci\u00f3n nazi en la regi\u00f3n de Par\u00eds. Entre sus acciones en el exilio destacan, tal y como resaltan desde la Asociaci\u00f3n Hermanas \u00dariz Pi, propugnar la Uni\u00f3n Nacional de todos los espa\u00f1oles para acabar con la dictadura franquista e impulsar la Federaci\u00f3n Democr\u00e1tica Internacional de Mujeres, la mayor organizaci\u00f3n que ha existido en el mundo por la defensa de los derechos de la mujer.<br \/>\n<script async src=\"\/\/pagead2.googlesyndication.com\/pagead\/js\/adsbygoogle.js\"><\/script><br \/>\n<!-- Noticias La Guia de Pamplona --><br \/>\n<ins class=\"adsbygoogle\"\nstyle=\"display:block\"\ndata-ad-client=\"ca-pub-6943679897239327\"\ndata-ad-slot=\"7048180777\"\ndata-ad-format=\"auto\"><\/ins><br \/>\n<script>\n(adsbygoogle = window.adsbygoogle || []).push({});\n<\/script><\/p>\n<p>Su exilio en Francia no fue el \u00fanico. En 1951 fueron v\u00edctimas de la Operaci\u00f3n Bolero-Paprika debido a su militancia comunista, y fueron expulsadas el pa\u00eds galo, recalando en la Rep\u00fablica Democr\u00e1tica de Alemania. Vivieron en Berl\u00edn hasta su fallecimiento, Josefa en 1958 y Elisa en 1979, sin poder regresar a su tierra natal.<\/p>\n<p>Este recorrido vital estar\u00e1 ahora accesible a toda la ciudadan\u00eda en un t\u00f3tem informativo de 2,5 metros de alto y 16 cent\u00edmetros de ancho, donde se ha plasmado tambi\u00e9n una imagen de ambas mujeres, referencias de la lucha por la igualdad y la educaci\u00f3n en la primera mitad del siglo XX.<\/p>\n","protected":false},"excerpt":{"rendered":"<p>Un t\u00f3tem informativo junto a la fuente de la Teja describe la vida de estas hermanas nacidas a finales del siglo XIX en Badost\u00e1in<\/p>\n","protected":false},"author":1,"featured_media":42494,"comment_status":"open","ping_status":"closed","sticky":false,"template":"","format":"standard","meta":{"footnotes":""},"categories":[2],"tags":[],"class_list":["post-42493","post","type-post","status-publish","format-standard","has-post-thumbnail","hentry","category-ayuntamiento-pamplona"],"yoast_head":"<!-- This site is optimized with the Yoast SEO plugin v27.3 - https:\/\/yoast.com\/product\/yoast-seo-wordpress\/ -->\n<title>Pamplona recuerda la labor de las hermanas \u00dariz Pi en la defensa de la infancia, las mujeres y los valores democr\u00e1ticos con un espacio junto al Parque de las Pioneras<\/title>\n<meta name=\"description\" content=\"Un t\u00f3tem informativo junto a la fuente de la Teja describe la vida de estas hermanas nacidas a finales del siglo XIX en Badost\u00e1in\" \/>\n<meta name=\"robots\" content=\"index, follow, max-snippet:-1, max-image-preview:large, max-video-preview:-1\" \/>\n<link rel=\"canonical\" href=\"https:\/\/www.laguiadepamplona.com\/actualidad\/pamplona-recuerda-la-labor-de-las-hermanas-uriz-pi-en-la-defensa-de-la-infancia-las-mujeres-y-los-valores-democraticos-con-un-espacio-junto-al-parque-de-las-pioneras\/\" \/>\n<meta property=\"og:locale\" content=\"es_ES\" \/>\n<meta property=\"og:type\" content=\"article\" \/>\n<meta property=\"og:title\" content=\"Pamplona recuerda la labor de las hermanas \u00dariz Pi en la defensa de la infancia, las mujeres y los valores democr\u00e1ticos con un espacio junto al Parque de las Pioneras\" \/>\n<meta property=\"og:description\" content=\"Un t\u00f3tem informativo junto a la fuente de la Teja describe la vida de estas hermanas nacidas a finales del siglo XIX en Badost\u00e1in\" \/>\n<meta property=\"og:url\" content=\"https:\/\/www.laguiadepamplona.com\/actualidad\/pamplona-recuerda-la-labor-de-las-hermanas-uriz-pi-en-la-defensa-de-la-infancia-las-mujeres-y-los-valores-democraticos-con-un-espacio-junto-al-parque-de-las-pioneras\/\" \/>\n<meta property=\"og:site_name\" content=\"La Gu\u00eda de Pamplona\" \/>\n<meta property=\"article:publisher\" content=\"https:\/\/www.facebook.com\/laguiadepamplonacom-133175176762273\/?ref=hl\" \/>\n<meta property=\"article:published_time\" content=\"2022-12-20T16:12:13+00:00\" \/>\n<meta property=\"article:modified_time\" content=\"2023-04-11T09:47:27+00:00\" \/>\n<meta property=\"og:image\" content=\"https:\/\/www.laguiadepamplona.com\/actualidad\/wp-content\/uploads\/2022\/12\/q5a1703urizpi22-12-20.webp\" \/>\n\t<meta property=\"og:image:width\" content=\"1920\" \/>\n\t<meta property=\"og:image:height\" content=\"1281\" \/>\n\t<meta property=\"og:image:type\" content=\"image\/webp\" \/>\n<meta name=\"author\" content=\"La Gu\u00eda de Pamplona\" \/>\n<meta name=\"twitter:card\" content=\"summary_large_image\" \/>\n<meta name=\"twitter:creator\" content=\"@LaGuiadPamplona\" \/>\n<meta name=\"twitter:site\" content=\"@LaGuiadPamplona\" \/>\n<meta name=\"twitter:label1\" content=\"Escrito por\" \/>\n\t<meta name=\"twitter:data1\" content=\"La Gu\u00eda de Pamplona\" \/>\n\t<meta name=\"twitter:label2\" content=\"Tiempo de lectura\" \/>\n\t<meta name=\"twitter:data2\" content=\"3 minutos\" \/>\n<script type=\"application\/ld+json\" class=\"yoast-schema-graph\">{\"@context\":\"https:\\\/\\\/schema.org\",\"@graph\":[{\"@type\":\"Article\",\"@id\":\"https:\\\/\\\/www.laguiadepamplona.com\\\/actualidad\\\/pamplona-recuerda-la-labor-de-las-hermanas-uriz-pi-en-la-defensa-de-la-infancia-las-mujeres-y-los-valores-democraticos-con-un-espacio-junto-al-parque-de-las-pioneras\\\/#article\",\"isPartOf\":{\"@id\":\"https:\\\/\\\/www.laguiadepamplona.com\\\/actualidad\\\/pamplona-recuerda-la-labor-de-las-hermanas-uriz-pi-en-la-defensa-de-la-infancia-las-mujeres-y-los-valores-democraticos-con-un-espacio-junto-al-parque-de-las-pioneras\\\/\"},\"author\":{\"name\":\"La Gu\u00eda de Pamplona\",\"@id\":\"https:\\\/\\\/www.laguiadepamplona.com\\\/actualidad\\\/#\\\/schema\\\/person\\\/efe887376f0213d4657c93adc50b1fdb\"},\"headline\":\"Pamplona recuerda la labor de las hermanas \u00dariz Pi en la defensa de la infancia, las mujeres y los valores democr\u00e1ticos con un espacio junto al Parque de las Pioneras\",\"datePublished\":\"2022-12-20T16:12:13+00:00\",\"dateModified\":\"2023-04-11T09:47:27+00:00\",\"mainEntityOfPage\":{\"@id\":\"https:\\\/\\\/www.laguiadepamplona.com\\\/actualidad\\\/pamplona-recuerda-la-labor-de-las-hermanas-uriz-pi-en-la-defensa-de-la-infancia-las-mujeres-y-los-valores-democraticos-con-un-espacio-junto-al-parque-de-las-pioneras\\\/\"},\"wordCount\":655,\"commentCount\":0,\"publisher\":{\"@id\":\"https:\\\/\\\/www.laguiadepamplona.com\\\/actualidad\\\/#organization\"},\"image\":{\"@id\":\"https:\\\/\\\/www.laguiadepamplona.com\\\/actualidad\\\/pamplona-recuerda-la-labor-de-las-hermanas-uriz-pi-en-la-defensa-de-la-infancia-las-mujeres-y-los-valores-democraticos-con-un-espacio-junto-al-parque-de-las-pioneras\\\/#primaryimage\"},\"thumbnailUrl\":\"https:\\\/\\\/www.laguiadepamplona.com\\\/actualidad\\\/wp-content\\\/uploads\\\/2022\\\/12\\\/q5a1703urizpi22-12-20.webp\",\"articleSection\":[\"Ayto Pamplona\"],\"inLanguage\":\"es\",\"potentialAction\":[{\"@type\":\"CommentAction\",\"name\":\"Comment\",\"target\":[\"https:\\\/\\\/www.laguiadepamplona.com\\\/actualidad\\\/pamplona-recuerda-la-labor-de-las-hermanas-uriz-pi-en-la-defensa-de-la-infancia-las-mujeres-y-los-valores-democraticos-con-un-espacio-junto-al-parque-de-las-pioneras\\\/#respond\"]}]},{\"@type\":\"WebPage\",\"@id\":\"https:\\\/\\\/www.laguiadepamplona.com\\\/actualidad\\\/pamplona-recuerda-la-labor-de-las-hermanas-uriz-pi-en-la-defensa-de-la-infancia-las-mujeres-y-los-valores-democraticos-con-un-espacio-junto-al-parque-de-las-pioneras\\\/\",\"url\":\"https:\\\/\\\/www.laguiadepamplona.com\\\/actualidad\\\/pamplona-recuerda-la-labor-de-las-hermanas-uriz-pi-en-la-defensa-de-la-infancia-las-mujeres-y-los-valores-democraticos-con-un-espacio-junto-al-parque-de-las-pioneras\\\/\",\"name\":\"Pamplona recuerda la labor de las hermanas \u00dariz Pi en la defensa de la infancia, las mujeres y los valores democr\u00e1ticos con un espacio junto al Parque de las Pioneras\",\"isPartOf\":{\"@id\":\"https:\\\/\\\/www.laguiadepamplona.com\\\/actualidad\\\/#website\"},\"primaryImageOfPage\":{\"@id\":\"https:\\\/\\\/www.laguiadepamplona.com\\\/actualidad\\\/pamplona-recuerda-la-labor-de-las-hermanas-uriz-pi-en-la-defensa-de-la-infancia-las-mujeres-y-los-valores-democraticos-con-un-espacio-junto-al-parque-de-las-pioneras\\\/#primaryimage\"},\"image\":{\"@id\":\"https:\\\/\\\/www.laguiadepamplona.com\\\/actualidad\\\/pamplona-recuerda-la-labor-de-las-hermanas-uriz-pi-en-la-defensa-de-la-infancia-las-mujeres-y-los-valores-democraticos-con-un-espacio-junto-al-parque-de-las-pioneras\\\/#primaryimage\"},\"thumbnailUrl\":\"https:\\\/\\\/www.laguiadepamplona.com\\\/actualidad\\\/wp-content\\\/uploads\\\/2022\\\/12\\\/q5a1703urizpi22-12-20.webp\",\"datePublished\":\"2022-12-20T16:12:13+00:00\",\"dateModified\":\"2023-04-11T09:47:27+00:00\",\"description\":\"Un t\u00f3tem informativo junto a la fuente de la Teja describe la vida de estas hermanas nacidas a finales del siglo XIX en Badost\u00e1in\",\"breadcrumb\":{\"@id\":\"https:\\\/\\\/www.laguiadepamplona.com\\\/actualidad\\\/pamplona-recuerda-la-labor-de-las-hermanas-uriz-pi-en-la-defensa-de-la-infancia-las-mujeres-y-los-valores-democraticos-con-un-espacio-junto-al-parque-de-las-pioneras\\\/#breadcrumb\"},\"inLanguage\":\"es\",\"potentialAction\":[{\"@type\":\"ReadAction\",\"target\":[\"https:\\\/\\\/www.laguiadepamplona.com\\\/actualidad\\\/pamplona-recuerda-la-labor-de-las-hermanas-uriz-pi-en-la-defensa-de-la-infancia-las-mujeres-y-los-valores-democraticos-con-un-espacio-junto-al-parque-de-las-pioneras\\\/\"]}]},{\"@type\":\"ImageObject\",\"inLanguage\":\"es\",\"@id\":\"https:\\\/\\\/www.laguiadepamplona.com\\\/actualidad\\\/pamplona-recuerda-la-labor-de-las-hermanas-uriz-pi-en-la-defensa-de-la-infancia-las-mujeres-y-los-valores-democraticos-con-un-espacio-junto-al-parque-de-las-pioneras\\\/#primaryimage\",\"url\":\"https:\\\/\\\/www.laguiadepamplona.com\\\/actualidad\\\/wp-content\\\/uploads\\\/2022\\\/12\\\/q5a1703urizpi22-12-20.webp\",\"contentUrl\":\"https:\\\/\\\/www.laguiadepamplona.com\\\/actualidad\\\/wp-content\\\/uploads\\\/2022\\\/12\\\/q5a1703urizpi22-12-20.webp\",\"width\":1920,\"height\":1281},{\"@type\":\"BreadcrumbList\",\"@id\":\"https:\\\/\\\/www.laguiadepamplona.com\\\/actualidad\\\/pamplona-recuerda-la-labor-de-las-hermanas-uriz-pi-en-la-defensa-de-la-infancia-las-mujeres-y-los-valores-democraticos-con-un-espacio-junto-al-parque-de-las-pioneras\\\/#breadcrumb\",\"itemListElement\":[{\"@type\":\"ListItem\",\"position\":1,\"name\":\"Portada\",\"item\":\"https:\\\/\\\/www.laguiadepamplona.com\\\/actualidad\\\/\"},{\"@type\":\"ListItem\",\"position\":2,\"name\":\"Pamplona recuerda la labor de las hermanas \u00dariz Pi en la defensa de la infancia, las mujeres y los valores democr\u00e1ticos con un espacio junto al Parque de las Pioneras\"}]},{\"@type\":\"WebSite\",\"@id\":\"https:\\\/\\\/www.laguiadepamplona.com\\\/actualidad\\\/#website\",\"url\":\"https:\\\/\\\/www.laguiadepamplona.com\\\/actualidad\\\/\",\"name\":\"La gu\u00eda de Pamplona\",\"description\":\"Noticias de Pamplona\",\"publisher\":{\"@id\":\"https:\\\/\\\/www.laguiadepamplona.com\\\/actualidad\\\/#organization\"},\"potentialAction\":[{\"@type\":\"SearchAction\",\"target\":{\"@type\":\"EntryPoint\",\"urlTemplate\":\"https:\\\/\\\/www.laguiadepamplona.com\\\/actualidad\\\/?s={search_term_string}\"},\"query-input\":{\"@type\":\"PropertyValueSpecification\",\"valueRequired\":true,\"valueName\":\"search_term_string\"}}],\"inLanguage\":\"es\"},{\"@type\":\"Organization\",\"@id\":\"https:\\\/\\\/www.laguiadepamplona.com\\\/actualidad\\\/#organization\",\"name\":\"La Gu\u00eda de Pamplona \\\/ Noticias\",\"url\":\"https:\\\/\\\/www.laguiadepamplona.com\\\/actualidad\\\/\",\"logo\":{\"@type\":\"ImageObject\",\"inLanguage\":\"es\",\"@id\":\"https:\\\/\\\/www.laguiadepamplona.com\\\/actualidad\\\/#\\\/schema\\\/logo\\\/image\\\/\",\"url\":\"https:\\\/\\\/www.laguiadepamplona.com\\\/actualidad\\\/wp-content\\\/uploads\\\/2018\\\/11\\\/logo-laguiadepamplona18-web1.png\",\"contentUrl\":\"https:\\\/\\\/www.laguiadepamplona.com\\\/actualidad\\\/wp-content\\\/uploads\\\/2018\\\/11\\\/logo-laguiadepamplona18-web1.png\",\"width\":600,\"height\":196,\"caption\":\"La Gu\u00eda de Pamplona \\\/ Noticias\"},\"image\":{\"@id\":\"https:\\\/\\\/www.laguiadepamplona.com\\\/actualidad\\\/#\\\/schema\\\/logo\\\/image\\\/\"},\"sameAs\":[\"https:\\\/\\\/www.facebook.com\\\/laguiadepamplonacom-133175176762273\\\/?ref=hl\",\"https:\\\/\\\/x.com\\\/LaGuiadPamplona\",\"https:\\\/\\\/www.instagram.com\\\/la_guia_de_pamplona\\\/\",\"https:\\\/\\\/www.youtube.com\\\/user\\\/laguiadepamplona\"]},{\"@type\":\"Person\",\"@id\":\"https:\\\/\\\/www.laguiadepamplona.com\\\/actualidad\\\/#\\\/schema\\\/person\\\/efe887376f0213d4657c93adc50b1fdb\",\"name\":\"La Gu\u00eda de Pamplona\",\"image\":{\"@type\":\"ImageObject\",\"inLanguage\":\"es\",\"@id\":\"https:\\\/\\\/secure.gravatar.com\\\/avatar\\\/b6992f131dc8d30ab0dff15446e9d346d9dbd95992de0fef795073f5ea83a81c?s=96&d=mm&r=g\",\"url\":\"https:\\\/\\\/secure.gravatar.com\\\/avatar\\\/b6992f131dc8d30ab0dff15446e9d346d9dbd95992de0fef795073f5ea83a81c?s=96&d=mm&r=g\",\"contentUrl\":\"https:\\\/\\\/secure.gravatar.com\\\/avatar\\\/b6992f131dc8d30ab0dff15446e9d346d9dbd95992de0fef795073f5ea83a81c?s=96&d=mm&r=g\",\"caption\":\"La Gu\u00eda de Pamplona\"}}]}<\/script>\n<!-- \/ Yoast SEO plugin. -->","yoast_head_json":{"title":"Pamplona recuerda la labor de las hermanas \u00dariz Pi en la defensa de la infancia, las mujeres y los valores democr\u00e1ticos con un espacio junto al Parque de las Pioneras","description":"Un t\u00f3tem informativo junto a la fuente de la Teja describe la vida de estas hermanas nacidas a finales del siglo XIX en Badost\u00e1in","robots":{"index":"index","follow":"follow","max-snippet":"max-snippet:-1","max-image-preview":"max-image-preview:large","max-video-preview":"max-video-preview:-1"},"canonical":"https:\/\/www.laguiadepamplona.com\/actualidad\/pamplona-recuerda-la-labor-de-las-hermanas-uriz-pi-en-la-defensa-de-la-infancia-las-mujeres-y-los-valores-democraticos-con-un-espacio-junto-al-parque-de-las-pioneras\/","og_locale":"es_ES","og_type":"article","og_title":"Pamplona recuerda la labor de las hermanas \u00dariz Pi en la defensa de la infancia, las mujeres y los valores democr\u00e1ticos con un espacio junto al Parque de las Pioneras","og_description":"Un t\u00f3tem informativo junto a la fuente de la Teja describe la vida de estas hermanas nacidas a finales del siglo XIX en Badost\u00e1in","og_url":"https:\/\/www.laguiadepamplona.com\/actualidad\/pamplona-recuerda-la-labor-de-las-hermanas-uriz-pi-en-la-defensa-de-la-infancia-las-mujeres-y-los-valores-democraticos-con-un-espacio-junto-al-parque-de-las-pioneras\/","og_site_name":"La Gu\u00eda de Pamplona","article_publisher":"https:\/\/www.facebook.com\/laguiadepamplonacom-133175176762273\/?ref=hl","article_published_time":"2022-12-20T16:12:13+00:00","article_modified_time":"2023-04-11T09:47:27+00:00","og_image":[{"width":1920,"height":1281,"url":"https:\/\/www.laguiadepamplona.com\/actualidad\/wp-content\/uploads\/2022\/12\/q5a1703urizpi22-12-20.webp","type":"image\/webp"}],"author":"La Gu\u00eda de Pamplona","twitter_card":"summary_large_image","twitter_creator":"@LaGuiadPamplona","twitter_site":"@LaGuiadPamplona","twitter_misc":{"Escrito por":"La Gu\u00eda de Pamplona","Tiempo de lectura":"3 minutos"},"schema":{"@context":"https:\/\/schema.org","@graph":[{"@type":"Article","@id":"https:\/\/www.laguiadepamplona.com\/actualidad\/pamplona-recuerda-la-labor-de-las-hermanas-uriz-pi-en-la-defensa-de-la-infancia-las-mujeres-y-los-valores-democraticos-con-un-espacio-junto-al-parque-de-las-pioneras\/#article","isPartOf":{"@id":"https:\/\/www.laguiadepamplona.com\/actualidad\/pamplona-recuerda-la-labor-de-las-hermanas-uriz-pi-en-la-defensa-de-la-infancia-las-mujeres-y-los-valores-democraticos-con-un-espacio-junto-al-parque-de-las-pioneras\/"},"author":{"name":"La Gu\u00eda de Pamplona","@id":"https:\/\/www.laguiadepamplona.com\/actualidad\/#\/schema\/person\/efe887376f0213d4657c93adc50b1fdb"},"headline":"Pamplona recuerda la labor de las hermanas \u00dariz Pi en la defensa de la infancia, las mujeres y los valores democr\u00e1ticos con un espacio junto al Parque de las Pioneras","datePublished":"2022-12-20T16:12:13+00:00","dateModified":"2023-04-11T09:47:27+00:00","mainEntityOfPage":{"@id":"https:\/\/www.laguiadepamplona.com\/actualidad\/pamplona-recuerda-la-labor-de-las-hermanas-uriz-pi-en-la-defensa-de-la-infancia-las-mujeres-y-los-valores-democraticos-con-un-espacio-junto-al-parque-de-las-pioneras\/"},"wordCount":655,"commentCount":0,"publisher":{"@id":"https:\/\/www.laguiadepamplona.com\/actualidad\/#organization"},"image":{"@id":"https:\/\/www.laguiadepamplona.com\/actualidad\/pamplona-recuerda-la-labor-de-las-hermanas-uriz-pi-en-la-defensa-de-la-infancia-las-mujeres-y-los-valores-democraticos-con-un-espacio-junto-al-parque-de-las-pioneras\/#primaryimage"},"thumbnailUrl":"https:\/\/www.laguiadepamplona.com\/actualidad\/wp-content\/uploads\/2022\/12\/q5a1703urizpi22-12-20.webp","articleSection":["Ayto Pamplona"],"inLanguage":"es","potentialAction":[{"@type":"CommentAction","name":"Comment","target":["https:\/\/www.laguiadepamplona.com\/actualidad\/pamplona-recuerda-la-labor-de-las-hermanas-uriz-pi-en-la-defensa-de-la-infancia-las-mujeres-y-los-valores-democraticos-con-un-espacio-junto-al-parque-de-las-pioneras\/#respond"]}]},{"@type":"WebPage","@id":"https:\/\/www.laguiadepamplona.com\/actualidad\/pamplona-recuerda-la-labor-de-las-hermanas-uriz-pi-en-la-defensa-de-la-infancia-las-mujeres-y-los-valores-democraticos-con-un-espacio-junto-al-parque-de-las-pioneras\/","url":"https:\/\/www.laguiadepamplona.com\/actualidad\/pamplona-recuerda-la-labor-de-las-hermanas-uriz-pi-en-la-defensa-de-la-infancia-las-mujeres-y-los-valores-democraticos-con-un-espacio-junto-al-parque-de-las-pioneras\/","name":"Pamplona recuerda la labor de las hermanas \u00dariz Pi en la defensa de la infancia, las mujeres y los valores democr\u00e1ticos con un espacio junto al Parque de las Pioneras","isPartOf":{"@id":"https:\/\/www.laguiadepamplona.com\/actualidad\/#website"},"primaryImageOfPage":{"@id":"https:\/\/www.laguiadepamplona.com\/actualidad\/pamplona-recuerda-la-labor-de-las-hermanas-uriz-pi-en-la-defensa-de-la-infancia-las-mujeres-y-los-valores-democraticos-con-un-espacio-junto-al-parque-de-las-pioneras\/#primaryimage"},"image":{"@id":"https:\/\/www.laguiadepamplona.com\/actualidad\/pamplona-recuerda-la-labor-de-las-hermanas-uriz-pi-en-la-defensa-de-la-infancia-las-mujeres-y-los-valores-democraticos-con-un-espacio-junto-al-parque-de-las-pioneras\/#primaryimage"},"thumbnailUrl":"https:\/\/www.laguiadepamplona.com\/actualidad\/wp-content\/uploads\/2022\/12\/q5a1703urizpi22-12-20.webp","datePublished":"2022-12-20T16:12:13+00:00","dateModified":"2023-04-11T09:47:27+00:00","description":"Un t\u00f3tem informativo junto a la fuente de la Teja describe la vida de estas hermanas nacidas a finales del siglo XIX en Badost\u00e1in","breadcrumb":{"@id":"https:\/\/www.laguiadepamplona.com\/actualidad\/pamplona-recuerda-la-labor-de-las-hermanas-uriz-pi-en-la-defensa-de-la-infancia-las-mujeres-y-los-valores-democraticos-con-un-espacio-junto-al-parque-de-las-pioneras\/#breadcrumb"},"inLanguage":"es","potentialAction":[{"@type":"ReadAction","target":["https:\/\/www.laguiadepamplona.com\/actualidad\/pamplona-recuerda-la-labor-de-las-hermanas-uriz-pi-en-la-defensa-de-la-infancia-las-mujeres-y-los-valores-democraticos-con-un-espacio-junto-al-parque-de-las-pioneras\/"]}]},{"@type":"ImageObject","inLanguage":"es","@id":"https:\/\/www.laguiadepamplona.com\/actualidad\/pamplona-recuerda-la-labor-de-las-hermanas-uriz-pi-en-la-defensa-de-la-infancia-las-mujeres-y-los-valores-democraticos-con-un-espacio-junto-al-parque-de-las-pioneras\/#primaryimage","url":"https:\/\/www.laguiadepamplona.com\/actualidad\/wp-content\/uploads\/2022\/12\/q5a1703urizpi22-12-20.webp","contentUrl":"https:\/\/www.laguiadepamplona.com\/actualidad\/wp-content\/uploads\/2022\/12\/q5a1703urizpi22-12-20.webp","width":1920,"height":1281},{"@type":"BreadcrumbList","@id":"https:\/\/www.laguiadepamplona.com\/actualidad\/pamplona-recuerda-la-labor-de-las-hermanas-uriz-pi-en-la-defensa-de-la-infancia-las-mujeres-y-los-valores-democraticos-con-un-espacio-junto-al-parque-de-las-pioneras\/#breadcrumb","itemListElement":[{"@type":"ListItem","position":1,"name":"Portada","item":"https:\/\/www.laguiadepamplona.com\/actualidad\/"},{"@type":"ListItem","position":2,"name":"Pamplona recuerda la labor de las hermanas \u00dariz Pi en la defensa de la infancia, las mujeres y los valores democr\u00e1ticos con un espacio junto al Parque de las Pioneras"}]},{"@type":"WebSite","@id":"https:\/\/www.laguiadepamplona.com\/actualidad\/#website","url":"https:\/\/www.laguiadepamplona.com\/actualidad\/","name":"La gu\u00eda de Pamplona","description":"Noticias de Pamplona","publisher":{"@id":"https:\/\/www.laguiadepamplona.com\/actualidad\/#organization"},"potentialAction":[{"@type":"SearchAction","target":{"@type":"EntryPoint","urlTemplate":"https:\/\/www.laguiadepamplona.com\/actualidad\/?s={search_term_string}"},"query-input":{"@type":"PropertyValueSpecification","valueRequired":true,"valueName":"search_term_string"}}],"inLanguage":"es"},{"@type":"Organization","@id":"https:\/\/www.laguiadepamplona.com\/actualidad\/#organization","name":"La Gu\u00eda de Pamplona \/ Noticias","url":"https:\/\/www.laguiadepamplona.com\/actualidad\/","logo":{"@type":"ImageObject","inLanguage":"es","@id":"https:\/\/www.laguiadepamplona.com\/actualidad\/#\/schema\/logo\/image\/","url":"https:\/\/www.laguiadepamplona.com\/actualidad\/wp-content\/uploads\/2018\/11\/logo-laguiadepamplona18-web1.png","contentUrl":"https:\/\/www.laguiadepamplona.com\/actualidad\/wp-content\/uploads\/2018\/11\/logo-laguiadepamplona18-web1.png","width":600,"height":196,"caption":"La Gu\u00eda de Pamplona \/ Noticias"},"image":{"@id":"https:\/\/www.laguiadepamplona.com\/actualidad\/#\/schema\/logo\/image\/"},"sameAs":["https:\/\/www.facebook.com\/laguiadepamplonacom-133175176762273\/?ref=hl","https:\/\/x.com\/LaGuiadPamplona","https:\/\/www.instagram.com\/la_guia_de_pamplona\/","https:\/\/www.youtube.com\/user\/laguiadepamplona"]},{"@type":"Person","@id":"https:\/\/www.laguiadepamplona.com\/actualidad\/#\/schema\/person\/efe887376f0213d4657c93adc50b1fdb","name":"La Gu\u00eda de Pamplona","image":{"@type":"ImageObject","inLanguage":"es","@id":"https:\/\/secure.gravatar.com\/avatar\/b6992f131dc8d30ab0dff15446e9d346d9dbd95992de0fef795073f5ea83a81c?s=96&d=mm&r=g","url":"https:\/\/secure.gravatar.com\/avatar\/b6992f131dc8d30ab0dff15446e9d346d9dbd95992de0fef795073f5ea83a81c?s=96&d=mm&r=g","contentUrl":"https:\/\/secure.gravatar.com\/avatar\/b6992f131dc8d30ab0dff15446e9d346d9dbd95992de0fef795073f5ea83a81c?s=96&d=mm&r=g","caption":"La Gu\u00eda de Pamplona"}}]}},"post_mailing_queue_ids":[],"_links":{"self":[{"href":"https:\/\/www.laguiadepamplona.com\/actualidad\/wp-json\/wp\/v2\/posts\/42493","targetHints":{"allow":["GET"]}}],"collection":[{"href":"https:\/\/www.laguiadepamplona.com\/actualidad\/wp-json\/wp\/v2\/posts"}],"about":[{"href":"https:\/\/www.laguiadepamplona.com\/actualidad\/wp-json\/wp\/v2\/types\/post"}],"author":[{"embeddable":true,"href":"https:\/\/www.laguiadepamplona.com\/actualidad\/wp-json\/wp\/v2\/users\/1"}],"replies":[{"embeddable":true,"href":"https:\/\/www.laguiadepamplona.com\/actualidad\/wp-json\/wp\/v2\/comments?post=42493"}],"version-history":[{"count":0,"href":"https:\/\/www.laguiadepamplona.com\/actualidad\/wp-json\/wp\/v2\/posts\/42493\/revisions"}],"wp:featuredmedia":[{"embeddable":true,"href":"https:\/\/www.laguiadepamplona.com\/actualidad\/wp-json\/wp\/v2\/media\/42494"}],"wp:attachment":[{"href":"https:\/\/www.laguiadepamplona.com\/actualidad\/wp-json\/wp\/v2\/media?parent=42493"}],"wp:term":[{"taxonomy":"category","embeddable":true,"href":"https:\/\/www.laguiadepamplona.com\/actualidad\/wp-json\/wp\/v2\/categories?post=42493"},{"taxonomy":"post_tag","embeddable":true,"href":"https:\/\/www.laguiadepamplona.com\/actualidad\/wp-json\/wp\/v2\/tags?post=42493"}],"curies":[{"name":"wp","href":"https:\/\/api.w.org\/{rel}","templated":true}]}}