{"id":42480,"date":"2022-12-19T14:21:35","date_gmt":"2022-12-19T12:21:35","guid":{"rendered":"https:\/\/www.laguiadepamplona.com\/actualidad\/?p=42480"},"modified":"2023-04-11T11:47:27","modified_gmt":"2023-04-11T09:47:27","slug":"las-bicis-del-servicio-de-bicicleta-electrica-compartida-han-cubierto-400-viajes-de-ida-y-vuelta-a-amsterdam-suman-en-un-ano-mas-de-113-millones-de-kilometros-recorridos","status":"publish","type":"post","link":"https:\/\/www.laguiadepamplona.com\/actualidad\/las-bicis-del-servicio-de-bicicleta-electrica-compartida-han-cubierto-400-viajes-de-ida-y-vuelta-a-amsterdam-suman-en-un-ano-mas-de-113-millones-de-kilometros-recorridos\/","title":{"rendered":"Las bicis del servicio de bicicleta el\u00e9ctrica compartida han cubierto 400 viajes de ida y vuelta a \u00c1msterdam: suman en un a\u00f1o m\u00e1s de 1,13 millones de kil\u00f3metros recorridos"},"content":{"rendered":"<h5>Este servicio de movilidad, que ya supera las 43.000 altas, obtiene una valoraci\u00f3n ciudadana de 4,7 sobre 5 puntos<\/h5>\n<p><!--more--><\/p>\n<p>Cuando cumple su primer aniversario, los recorridos totales de las 400 bicicletas que constituyen el sistema de pr\u00e9stamo de bicis el\u00e9ctricas del Ayuntamiento de Pamplona superan el mill\u00f3n de kil\u00f3metros. Si en enero de 2022 el servicio se iniciaba con poco m\u00e1s de 1.000 viajes por semana, en oto\u00f1o se ha estabilizado el sistema en cifras de uso muy altas, con la tercera semana de octubre como punto \u00e1lgido, llegando a los 17.769 viajes registrados y 41.500 kil\u00f3metros recorridos. Y aunque la climatolog\u00eda propia de la ciudad afecta al uso de la bicicleta en general, no parece que disuada a los usuarios m\u00e1s habituales, ya que, en la cuarta semana de noviembre, en la que cayeron 65 litros de lluvia por m<sup>2<\/sup> (precipitaci\u00f3n acumulada), las bicis municipales registraron 8.875 viajes recorriendo m\u00e1s de 20.000 kil\u00f3metros. De promedio cada bici habr\u00eda cubierto este a\u00f1o la distancia de ida y vuelta que existe entre Pamplona-\u00c1msterdam.<br \/>\n<script async src=\"\/\/pagead2.googlesyndication.com\/pagead\/js\/adsbygoogle.js\"><\/script><br \/>\n<!-- Noticias La Guia de Pamplona --><br \/>\n<ins class=\"adsbygoogle\"\nstyle=\"display:block\"\ndata-ad-client=\"ca-pub-6943679897239327\"\ndata-ad-slot=\"7048180777\"\ndata-ad-format=\"auto\"><\/ins><br \/>\n<script>\n(adsbygoogle = window.adsbygoogle || []).push({});\n<\/script><\/p>\n<p>El 88% de los 470.126 viajes registrados en 2022 eran de distancias cortas, entre 1 a 5 kil\u00f3metros y, en el 50% de los casos, los trayectos se situaban entre los 4 y los 10 minutos, lo que apunta a una utilizaci\u00f3n clara para movilidad urbana cotidiana (desplazamientos diarios por motivos de trabajo, estudios, etc.). Del conjunto de usos, el 56% se realizan entre semana y en horario diurno, reparti\u00e9ndose en un 19% en la franja de primera hora de la ma\u00f1ana, un 20% a mediod\u00eda y un 17% a la tarde. La utilizaci\u00f3n nocturna, entre las 21 y las 6 de la ma\u00f1ana, se corresponde con el 16% y la utilizaci\u00f3n en fines de semana suma el 28% de todos los viajes registrados.<\/p>\n<p>De las 42 bases de las que consta actualmente el sistema, hay 10 que protagonizan el 37% de los viajes. De ellas, en relaci\u00f3n a la frecuencia de uso, la base del Teatro Gayarre es las m\u00e1s demandada (6,2%), seguida por la de P\u00edo XII-Sancho el Fuerte (4%) y las del Rinc\u00f3n de la Aduana y el paseo Anelier (3,8% y 3,7%, respectivamente).<\/p>\n<p>En estos 12 meses se han detectado tambi\u00e9n tendencias claras en el comportamiento de las personas usuarias respecto al inicio y el fin de los trayectos. Las bases del centro (Gayarre, Carlos III, Antoniutti, San Francisco y Compa\u00f1\u00eda), adem\u00e1s de la de la estaci\u00f3n de RENFE, son m\u00e1s inicio de trayecto que final, mientras que funcionan al contrario las de los barrios (avenida de Villava, Benjam\u00edn de Tudela, plaza de Yamaguchi, Lezkairu, Buztintxuri, Mendillorri Bajo&#8230;), adem\u00e1s de las de la UPNA y P\u00edo XII. Para evitar descompensaciones, Ride On, la empresa gestora del servicio redistribuye las bicicletas a lo largo del d\u00eda entre las bases, aunque, por ejemplo, en la zona de hospitales, hay momentos en que eso se debe hacer de 2 a 5 veces en una sola ma\u00f1ana.<br \/>\n<script async src=\"\/\/pagead2.googlesyndication.com\/pagead\/js\/adsbygoogle.js\"><\/script><br \/>\n<!-- Noticias La Guia de Pamplona --><br \/>\n<ins class=\"adsbygoogle\"\nstyle=\"display:block\"\ndata-ad-client=\"ca-pub-6943679897239327\"\ndata-ad-slot=\"7048180777\"\ndata-ad-format=\"auto\"><\/ins><br \/>\n<script>\n(adsbygoogle = window.adsbygoogle || []).push({});\n<\/script><\/p>\n<p>Tras un a\u00f1o de funcionamiento el sistema cuenta ya con 43.409 personas usuarias y la experiencia de 1.139.999 Km. Eso supone que, seg\u00fan el sistema de c\u00e1lculo empleado que compara los desplazamientos en bicicleta con desplazamientos en coche privado, los kil\u00f3metros urbanos en bici acumulados han evitado la emisi\u00f3n de 292 toneladas CO2 a la atm\u00f3sfera, contribuyendo a frenar el Cambio Clim\u00e1tico y a mejorar la huella de la ciudad. Esta cantidad supone no producir la huella de carbono que corresponder\u00eda a 52 personas durante todo un a\u00f1o, seg\u00fan la ratio de 5,6 t. de CO2 que, a partir del diagn\u00f3stico energ\u00e9tico del municipio de Pamplona, le corresponde a cada pamplon\u00e9s y a cada pamplonesa. Todos estos desplazamientos en bicicleta han contribuido adem\u00e1s a reducir el tr\u00e1fico y sus impactos en nuestra ciudad.<\/p>\n<p>El sistema de bici el\u00e9ctrica de alquiler del Ayuntamiento de Pamplona se enmarca entre las principales l\u00edneas de actuaci\u00f3n municipal para descarbonizar el sector del transporte incluidas en la Estrategia \u2018Go Green Pamplona\u2019 de transici\u00f3n energ\u00e9tica y cambio clim\u00e1tico, que engloba las materias de lucha contra el cambio clim\u00e1tico que desarrolla nuestra ciudad respondiendo a los compromisos europeos e internacionales en este \u00e1mbito.<\/p>\n","protected":false},"excerpt":{"rendered":"<p>Este servicio de movilidad, que ya supera las 43.000 altas, obtiene una valoraci\u00f3n ciudadana de 4,7 sobre 5 puntos<\/p>\n","protected":false},"author":1,"featured_media":41696,"comment_status":"open","ping_status":"closed","sticky":false,"template":"","format":"standard","meta":{"footnotes":""},"categories":[2],"tags":[],"class_list":["post-42480","post","type-post","status-publish","format-standard","has-post-thumbnail","hentry","category-ayuntamiento-pamplona"],"yoast_head":"<!-- This site is optimized with the Yoast SEO plugin v27.3 - https:\/\/yoast.com\/product\/yoast-seo-wordpress\/ -->\n<title>Las bicis del servicio de bicicleta el\u00e9ctrica compartida han cubierto 400 viajes de ida y vuelta a \u00c1msterdam: suman en un a\u00f1o m\u00e1s de 1,13 millones de kil\u00f3metros recorridos<\/title>\n<meta name=\"description\" content=\"Este servicio de movilidad, que ya supera las 43.000 altas, obtiene una valoraci\u00f3n ciudadana de 4,7 sobre 5 puntos\" \/>\n<meta name=\"robots\" content=\"index, follow, max-snippet:-1, max-image-preview:large, max-video-preview:-1\" \/>\n<link rel=\"canonical\" href=\"https:\/\/www.laguiadepamplona.com\/actualidad\/las-bicis-del-servicio-de-bicicleta-electrica-compartida-han-cubierto-400-viajes-de-ida-y-vuelta-a-amsterdam-suman-en-un-ano-mas-de-113-millones-de-kilometros-recorridos\/\" \/>\n<meta property=\"og:locale\" content=\"es_ES\" \/>\n<meta property=\"og:type\" content=\"article\" \/>\n<meta property=\"og:title\" content=\"Las bicis del servicio de bicicleta el\u00e9ctrica compartida han cubierto 400 viajes de ida y vuelta a \u00c1msterdam: suman en un a\u00f1o m\u00e1s de 1,13 millones de kil\u00f3metros recorridos\" \/>\n<meta property=\"og:description\" content=\"Este servicio de movilidad, que ya supera las 43.000 altas, obtiene una valoraci\u00f3n ciudadana de 4,7 sobre 5 puntos\" \/>\n<meta property=\"og:url\" content=\"https:\/\/www.laguiadepamplona.com\/actualidad\/las-bicis-del-servicio-de-bicicleta-electrica-compartida-han-cubierto-400-viajes-de-ida-y-vuelta-a-amsterdam-suman-en-un-ano-mas-de-113-millones-de-kilometros-recorridos\/\" \/>\n<meta property=\"og:site_name\" content=\"La Gu\u00eda de Pamplona\" \/>\n<meta property=\"article:publisher\" content=\"https:\/\/www.facebook.com\/laguiadepamplonacom-133175176762273\/?ref=hl\" \/>\n<meta property=\"article:published_time\" content=\"2022-12-19T12:21:35+00:00\" \/>\n<meta property=\"article:modified_time\" content=\"2023-04-11T09:47:27+00:00\" \/>\n<meta property=\"og:image\" content=\"https:\/\/www.laguiadepamplona.com\/actualidad\/wp-content\/uploads\/2022\/09\/bici-pamplona.webp\" \/>\n\t<meta property=\"og:image:width\" content=\"1511\" \/>\n\t<meta property=\"og:image:height\" content=\"863\" \/>\n\t<meta property=\"og:image:type\" content=\"image\/webp\" \/>\n<meta name=\"author\" content=\"La Gu\u00eda de Pamplona\" \/>\n<meta name=\"twitter:card\" content=\"summary_large_image\" \/>\n<meta name=\"twitter:creator\" content=\"@LaGuiadPamplona\" \/>\n<meta name=\"twitter:site\" content=\"@LaGuiadPamplona\" \/>\n<meta name=\"twitter:label1\" content=\"Escrito por\" \/>\n\t<meta name=\"twitter:data1\" content=\"La Gu\u00eda de Pamplona\" \/>\n\t<meta name=\"twitter:label2\" content=\"Tiempo de lectura\" \/>\n\t<meta name=\"twitter:data2\" content=\"4 minutos\" \/>\n<script type=\"application\/ld+json\" class=\"yoast-schema-graph\">{\"@context\":\"https:\\\/\\\/schema.org\",\"@graph\":[{\"@type\":\"Article\",\"@id\":\"https:\\\/\\\/www.laguiadepamplona.com\\\/actualidad\\\/las-bicis-del-servicio-de-bicicleta-electrica-compartida-han-cubierto-400-viajes-de-ida-y-vuelta-a-amsterdam-suman-en-un-ano-mas-de-113-millones-de-kilometros-recorridos\\\/#article\",\"isPartOf\":{\"@id\":\"https:\\\/\\\/www.laguiadepamplona.com\\\/actualidad\\\/las-bicis-del-servicio-de-bicicleta-electrica-compartida-han-cubierto-400-viajes-de-ida-y-vuelta-a-amsterdam-suman-en-un-ano-mas-de-113-millones-de-kilometros-recorridos\\\/\"},\"author\":{\"name\":\"La Gu\u00eda de Pamplona\",\"@id\":\"https:\\\/\\\/www.laguiadepamplona.com\\\/actualidad\\\/#\\\/schema\\\/person\\\/efe887376f0213d4657c93adc50b1fdb\"},\"headline\":\"Las bicis del servicio de bicicleta el\u00e9ctrica compartida han cubierto 400 viajes de ida y vuelta a \u00c1msterdam: suman en un a\u00f1o m\u00e1s de 1,13 millones de kil\u00f3metros recorridos\",\"datePublished\":\"2022-12-19T12:21:35+00:00\",\"dateModified\":\"2023-04-11T09:47:27+00:00\",\"mainEntityOfPage\":{\"@id\":\"https:\\\/\\\/www.laguiadepamplona.com\\\/actualidad\\\/las-bicis-del-servicio-de-bicicleta-electrica-compartida-han-cubierto-400-viajes-de-ida-y-vuelta-a-amsterdam-suman-en-un-ano-mas-de-113-millones-de-kilometros-recorridos\\\/\"},\"wordCount\":734,\"commentCount\":0,\"publisher\":{\"@id\":\"https:\\\/\\\/www.laguiadepamplona.com\\\/actualidad\\\/#organization\"},\"image\":{\"@id\":\"https:\\\/\\\/www.laguiadepamplona.com\\\/actualidad\\\/las-bicis-del-servicio-de-bicicleta-electrica-compartida-han-cubierto-400-viajes-de-ida-y-vuelta-a-amsterdam-suman-en-un-ano-mas-de-113-millones-de-kilometros-recorridos\\\/#primaryimage\"},\"thumbnailUrl\":\"https:\\\/\\\/www.laguiadepamplona.com\\\/actualidad\\\/wp-content\\\/uploads\\\/2022\\\/09\\\/bici-pamplona.webp\",\"articleSection\":[\"Ayto Pamplona\"],\"inLanguage\":\"es\",\"potentialAction\":[{\"@type\":\"CommentAction\",\"name\":\"Comment\",\"target\":[\"https:\\\/\\\/www.laguiadepamplona.com\\\/actualidad\\\/las-bicis-del-servicio-de-bicicleta-electrica-compartida-han-cubierto-400-viajes-de-ida-y-vuelta-a-amsterdam-suman-en-un-ano-mas-de-113-millones-de-kilometros-recorridos\\\/#respond\"]}]},{\"@type\":\"WebPage\",\"@id\":\"https:\\\/\\\/www.laguiadepamplona.com\\\/actualidad\\\/las-bicis-del-servicio-de-bicicleta-electrica-compartida-han-cubierto-400-viajes-de-ida-y-vuelta-a-amsterdam-suman-en-un-ano-mas-de-113-millones-de-kilometros-recorridos\\\/\",\"url\":\"https:\\\/\\\/www.laguiadepamplona.com\\\/actualidad\\\/las-bicis-del-servicio-de-bicicleta-electrica-compartida-han-cubierto-400-viajes-de-ida-y-vuelta-a-amsterdam-suman-en-un-ano-mas-de-113-millones-de-kilometros-recorridos\\\/\",\"name\":\"Las bicis del servicio de bicicleta el\u00e9ctrica compartida han cubierto 400 viajes de ida y vuelta a \u00c1msterdam: suman en un a\u00f1o m\u00e1s de 1,13 millones de kil\u00f3metros recorridos\",\"isPartOf\":{\"@id\":\"https:\\\/\\\/www.laguiadepamplona.com\\\/actualidad\\\/#website\"},\"primaryImageOfPage\":{\"@id\":\"https:\\\/\\\/www.laguiadepamplona.com\\\/actualidad\\\/las-bicis-del-servicio-de-bicicleta-electrica-compartida-han-cubierto-400-viajes-de-ida-y-vuelta-a-amsterdam-suman-en-un-ano-mas-de-113-millones-de-kilometros-recorridos\\\/#primaryimage\"},\"image\":{\"@id\":\"https:\\\/\\\/www.laguiadepamplona.com\\\/actualidad\\\/las-bicis-del-servicio-de-bicicleta-electrica-compartida-han-cubierto-400-viajes-de-ida-y-vuelta-a-amsterdam-suman-en-un-ano-mas-de-113-millones-de-kilometros-recorridos\\\/#primaryimage\"},\"thumbnailUrl\":\"https:\\\/\\\/www.laguiadepamplona.com\\\/actualidad\\\/wp-content\\\/uploads\\\/2022\\\/09\\\/bici-pamplona.webp\",\"datePublished\":\"2022-12-19T12:21:35+00:00\",\"dateModified\":\"2023-04-11T09:47:27+00:00\",\"description\":\"Este servicio de movilidad, que ya supera las 43.000 altas, obtiene una valoraci\u00f3n ciudadana de 4,7 sobre 5 puntos\",\"breadcrumb\":{\"@id\":\"https:\\\/\\\/www.laguiadepamplona.com\\\/actualidad\\\/las-bicis-del-servicio-de-bicicleta-electrica-compartida-han-cubierto-400-viajes-de-ida-y-vuelta-a-amsterdam-suman-en-un-ano-mas-de-113-millones-de-kilometros-recorridos\\\/#breadcrumb\"},\"inLanguage\":\"es\",\"potentialAction\":[{\"@type\":\"ReadAction\",\"target\":[\"https:\\\/\\\/www.laguiadepamplona.com\\\/actualidad\\\/las-bicis-del-servicio-de-bicicleta-electrica-compartida-han-cubierto-400-viajes-de-ida-y-vuelta-a-amsterdam-suman-en-un-ano-mas-de-113-millones-de-kilometros-recorridos\\\/\"]}]},{\"@type\":\"ImageObject\",\"inLanguage\":\"es\",\"@id\":\"https:\\\/\\\/www.laguiadepamplona.com\\\/actualidad\\\/las-bicis-del-servicio-de-bicicleta-electrica-compartida-han-cubierto-400-viajes-de-ida-y-vuelta-a-amsterdam-suman-en-un-ano-mas-de-113-millones-de-kilometros-recorridos\\\/#primaryimage\",\"url\":\"https:\\\/\\\/www.laguiadepamplona.com\\\/actualidad\\\/wp-content\\\/uploads\\\/2022\\\/09\\\/bici-pamplona.webp\",\"contentUrl\":\"https:\\\/\\\/www.laguiadepamplona.com\\\/actualidad\\\/wp-content\\\/uploads\\\/2022\\\/09\\\/bici-pamplona.webp\",\"width\":1511,\"height\":863,\"caption\":\"bicicletas\"},{\"@type\":\"BreadcrumbList\",\"@id\":\"https:\\\/\\\/www.laguiadepamplona.com\\\/actualidad\\\/las-bicis-del-servicio-de-bicicleta-electrica-compartida-han-cubierto-400-viajes-de-ida-y-vuelta-a-amsterdam-suman-en-un-ano-mas-de-113-millones-de-kilometros-recorridos\\\/#breadcrumb\",\"itemListElement\":[{\"@type\":\"ListItem\",\"position\":1,\"name\":\"Portada\",\"item\":\"https:\\\/\\\/www.laguiadepamplona.com\\\/actualidad\\\/\"},{\"@type\":\"ListItem\",\"position\":2,\"name\":\"Las bicis del servicio de bicicleta el\u00e9ctrica compartida han cubierto 400 viajes de ida y vuelta a \u00c1msterdam: suman en un a\u00f1o m\u00e1s de 1,13 millones de kil\u00f3metros recorridos\"}]},{\"@type\":\"WebSite\",\"@id\":\"https:\\\/\\\/www.laguiadepamplona.com\\\/actualidad\\\/#website\",\"url\":\"https:\\\/\\\/www.laguiadepamplona.com\\\/actualidad\\\/\",\"name\":\"La gu\u00eda de Pamplona\",\"description\":\"Noticias de Pamplona\",\"publisher\":{\"@id\":\"https:\\\/\\\/www.laguiadepamplona.com\\\/actualidad\\\/#organization\"},\"potentialAction\":[{\"@type\":\"SearchAction\",\"target\":{\"@type\":\"EntryPoint\",\"urlTemplate\":\"https:\\\/\\\/www.laguiadepamplona.com\\\/actualidad\\\/?s={search_term_string}\"},\"query-input\":{\"@type\":\"PropertyValueSpecification\",\"valueRequired\":true,\"valueName\":\"search_term_string\"}}],\"inLanguage\":\"es\"},{\"@type\":\"Organization\",\"@id\":\"https:\\\/\\\/www.laguiadepamplona.com\\\/actualidad\\\/#organization\",\"name\":\"La Gu\u00eda de Pamplona \\\/ Noticias\",\"url\":\"https:\\\/\\\/www.laguiadepamplona.com\\\/actualidad\\\/\",\"logo\":{\"@type\":\"ImageObject\",\"inLanguage\":\"es\",\"@id\":\"https:\\\/\\\/www.laguiadepamplona.com\\\/actualidad\\\/#\\\/schema\\\/logo\\\/image\\\/\",\"url\":\"https:\\\/\\\/www.laguiadepamplona.com\\\/actualidad\\\/wp-content\\\/uploads\\\/2018\\\/11\\\/logo-laguiadepamplona18-web1.png\",\"contentUrl\":\"https:\\\/\\\/www.laguiadepamplona.com\\\/actualidad\\\/wp-content\\\/uploads\\\/2018\\\/11\\\/logo-laguiadepamplona18-web1.png\",\"width\":600,\"height\":196,\"caption\":\"La Gu\u00eda de Pamplona \\\/ Noticias\"},\"image\":{\"@id\":\"https:\\\/\\\/www.laguiadepamplona.com\\\/actualidad\\\/#\\\/schema\\\/logo\\\/image\\\/\"},\"sameAs\":[\"https:\\\/\\\/www.facebook.com\\\/laguiadepamplonacom-133175176762273\\\/?ref=hl\",\"https:\\\/\\\/x.com\\\/LaGuiadPamplona\",\"https:\\\/\\\/www.instagram.com\\\/la_guia_de_pamplona\\\/\",\"https:\\\/\\\/www.youtube.com\\\/user\\\/laguiadepamplona\"]},{\"@type\":\"Person\",\"@id\":\"https:\\\/\\\/www.laguiadepamplona.com\\\/actualidad\\\/#\\\/schema\\\/person\\\/efe887376f0213d4657c93adc50b1fdb\",\"name\":\"La Gu\u00eda de Pamplona\",\"image\":{\"@type\":\"ImageObject\",\"inLanguage\":\"es\",\"@id\":\"https:\\\/\\\/secure.gravatar.com\\\/avatar\\\/b6992f131dc8d30ab0dff15446e9d346d9dbd95992de0fef795073f5ea83a81c?s=96&d=mm&r=g\",\"url\":\"https:\\\/\\\/secure.gravatar.com\\\/avatar\\\/b6992f131dc8d30ab0dff15446e9d346d9dbd95992de0fef795073f5ea83a81c?s=96&d=mm&r=g\",\"contentUrl\":\"https:\\\/\\\/secure.gravatar.com\\\/avatar\\\/b6992f131dc8d30ab0dff15446e9d346d9dbd95992de0fef795073f5ea83a81c?s=96&d=mm&r=g\",\"caption\":\"La Gu\u00eda de Pamplona\"}}]}<\/script>\n<!-- \/ Yoast SEO plugin. -->","yoast_head_json":{"title":"Las bicis del servicio de bicicleta el\u00e9ctrica compartida han cubierto 400 viajes de ida y vuelta a \u00c1msterdam: suman en un a\u00f1o m\u00e1s de 1,13 millones de kil\u00f3metros recorridos","description":"Este servicio de movilidad, que ya supera las 43.000 altas, obtiene una valoraci\u00f3n ciudadana de 4,7 sobre 5 puntos","robots":{"index":"index","follow":"follow","max-snippet":"max-snippet:-1","max-image-preview":"max-image-preview:large","max-video-preview":"max-video-preview:-1"},"canonical":"https:\/\/www.laguiadepamplona.com\/actualidad\/las-bicis-del-servicio-de-bicicleta-electrica-compartida-han-cubierto-400-viajes-de-ida-y-vuelta-a-amsterdam-suman-en-un-ano-mas-de-113-millones-de-kilometros-recorridos\/","og_locale":"es_ES","og_type":"article","og_title":"Las bicis del servicio de bicicleta el\u00e9ctrica compartida han cubierto 400 viajes de ida y vuelta a \u00c1msterdam: suman en un a\u00f1o m\u00e1s de 1,13 millones de kil\u00f3metros recorridos","og_description":"Este servicio de movilidad, que ya supera las 43.000 altas, obtiene una valoraci\u00f3n ciudadana de 4,7 sobre 5 puntos","og_url":"https:\/\/www.laguiadepamplona.com\/actualidad\/las-bicis-del-servicio-de-bicicleta-electrica-compartida-han-cubierto-400-viajes-de-ida-y-vuelta-a-amsterdam-suman-en-un-ano-mas-de-113-millones-de-kilometros-recorridos\/","og_site_name":"La Gu\u00eda de Pamplona","article_publisher":"https:\/\/www.facebook.com\/laguiadepamplonacom-133175176762273\/?ref=hl","article_published_time":"2022-12-19T12:21:35+00:00","article_modified_time":"2023-04-11T09:47:27+00:00","og_image":[{"width":1511,"height":863,"url":"https:\/\/www.laguiadepamplona.com\/actualidad\/wp-content\/uploads\/2022\/09\/bici-pamplona.webp","type":"image\/webp"}],"author":"La Gu\u00eda de Pamplona","twitter_card":"summary_large_image","twitter_creator":"@LaGuiadPamplona","twitter_site":"@LaGuiadPamplona","twitter_misc":{"Escrito por":"La Gu\u00eda de Pamplona","Tiempo de lectura":"4 minutos"},"schema":{"@context":"https:\/\/schema.org","@graph":[{"@type":"Article","@id":"https:\/\/www.laguiadepamplona.com\/actualidad\/las-bicis-del-servicio-de-bicicleta-electrica-compartida-han-cubierto-400-viajes-de-ida-y-vuelta-a-amsterdam-suman-en-un-ano-mas-de-113-millones-de-kilometros-recorridos\/#article","isPartOf":{"@id":"https:\/\/www.laguiadepamplona.com\/actualidad\/las-bicis-del-servicio-de-bicicleta-electrica-compartida-han-cubierto-400-viajes-de-ida-y-vuelta-a-amsterdam-suman-en-un-ano-mas-de-113-millones-de-kilometros-recorridos\/"},"author":{"name":"La Gu\u00eda de Pamplona","@id":"https:\/\/www.laguiadepamplona.com\/actualidad\/#\/schema\/person\/efe887376f0213d4657c93adc50b1fdb"},"headline":"Las bicis del servicio de bicicleta el\u00e9ctrica compartida han cubierto 400 viajes de ida y vuelta a \u00c1msterdam: suman en un a\u00f1o m\u00e1s de 1,13 millones de kil\u00f3metros recorridos","datePublished":"2022-12-19T12:21:35+00:00","dateModified":"2023-04-11T09:47:27+00:00","mainEntityOfPage":{"@id":"https:\/\/www.laguiadepamplona.com\/actualidad\/las-bicis-del-servicio-de-bicicleta-electrica-compartida-han-cubierto-400-viajes-de-ida-y-vuelta-a-amsterdam-suman-en-un-ano-mas-de-113-millones-de-kilometros-recorridos\/"},"wordCount":734,"commentCount":0,"publisher":{"@id":"https:\/\/www.laguiadepamplona.com\/actualidad\/#organization"},"image":{"@id":"https:\/\/www.laguiadepamplona.com\/actualidad\/las-bicis-del-servicio-de-bicicleta-electrica-compartida-han-cubierto-400-viajes-de-ida-y-vuelta-a-amsterdam-suman-en-un-ano-mas-de-113-millones-de-kilometros-recorridos\/#primaryimage"},"thumbnailUrl":"https:\/\/www.laguiadepamplona.com\/actualidad\/wp-content\/uploads\/2022\/09\/bici-pamplona.webp","articleSection":["Ayto Pamplona"],"inLanguage":"es","potentialAction":[{"@type":"CommentAction","name":"Comment","target":["https:\/\/www.laguiadepamplona.com\/actualidad\/las-bicis-del-servicio-de-bicicleta-electrica-compartida-han-cubierto-400-viajes-de-ida-y-vuelta-a-amsterdam-suman-en-un-ano-mas-de-113-millones-de-kilometros-recorridos\/#respond"]}]},{"@type":"WebPage","@id":"https:\/\/www.laguiadepamplona.com\/actualidad\/las-bicis-del-servicio-de-bicicleta-electrica-compartida-han-cubierto-400-viajes-de-ida-y-vuelta-a-amsterdam-suman-en-un-ano-mas-de-113-millones-de-kilometros-recorridos\/","url":"https:\/\/www.laguiadepamplona.com\/actualidad\/las-bicis-del-servicio-de-bicicleta-electrica-compartida-han-cubierto-400-viajes-de-ida-y-vuelta-a-amsterdam-suman-en-un-ano-mas-de-113-millones-de-kilometros-recorridos\/","name":"Las bicis del servicio de bicicleta el\u00e9ctrica compartida han cubierto 400 viajes de ida y vuelta a \u00c1msterdam: suman en un a\u00f1o m\u00e1s de 1,13 millones de kil\u00f3metros recorridos","isPartOf":{"@id":"https:\/\/www.laguiadepamplona.com\/actualidad\/#website"},"primaryImageOfPage":{"@id":"https:\/\/www.laguiadepamplona.com\/actualidad\/las-bicis-del-servicio-de-bicicleta-electrica-compartida-han-cubierto-400-viajes-de-ida-y-vuelta-a-amsterdam-suman-en-un-ano-mas-de-113-millones-de-kilometros-recorridos\/#primaryimage"},"image":{"@id":"https:\/\/www.laguiadepamplona.com\/actualidad\/las-bicis-del-servicio-de-bicicleta-electrica-compartida-han-cubierto-400-viajes-de-ida-y-vuelta-a-amsterdam-suman-en-un-ano-mas-de-113-millones-de-kilometros-recorridos\/#primaryimage"},"thumbnailUrl":"https:\/\/www.laguiadepamplona.com\/actualidad\/wp-content\/uploads\/2022\/09\/bici-pamplona.webp","datePublished":"2022-12-19T12:21:35+00:00","dateModified":"2023-04-11T09:47:27+00:00","description":"Este servicio de movilidad, que ya supera las 43.000 altas, obtiene una valoraci\u00f3n ciudadana de 4,7 sobre 5 puntos","breadcrumb":{"@id":"https:\/\/www.laguiadepamplona.com\/actualidad\/las-bicis-del-servicio-de-bicicleta-electrica-compartida-han-cubierto-400-viajes-de-ida-y-vuelta-a-amsterdam-suman-en-un-ano-mas-de-113-millones-de-kilometros-recorridos\/#breadcrumb"},"inLanguage":"es","potentialAction":[{"@type":"ReadAction","target":["https:\/\/www.laguiadepamplona.com\/actualidad\/las-bicis-del-servicio-de-bicicleta-electrica-compartida-han-cubierto-400-viajes-de-ida-y-vuelta-a-amsterdam-suman-en-un-ano-mas-de-113-millones-de-kilometros-recorridos\/"]}]},{"@type":"ImageObject","inLanguage":"es","@id":"https:\/\/www.laguiadepamplona.com\/actualidad\/las-bicis-del-servicio-de-bicicleta-electrica-compartida-han-cubierto-400-viajes-de-ida-y-vuelta-a-amsterdam-suman-en-un-ano-mas-de-113-millones-de-kilometros-recorridos\/#primaryimage","url":"https:\/\/www.laguiadepamplona.com\/actualidad\/wp-content\/uploads\/2022\/09\/bici-pamplona.webp","contentUrl":"https:\/\/www.laguiadepamplona.com\/actualidad\/wp-content\/uploads\/2022\/09\/bici-pamplona.webp","width":1511,"height":863,"caption":"bicicletas"},{"@type":"BreadcrumbList","@id":"https:\/\/www.laguiadepamplona.com\/actualidad\/las-bicis-del-servicio-de-bicicleta-electrica-compartida-han-cubierto-400-viajes-de-ida-y-vuelta-a-amsterdam-suman-en-un-ano-mas-de-113-millones-de-kilometros-recorridos\/#breadcrumb","itemListElement":[{"@type":"ListItem","position":1,"name":"Portada","item":"https:\/\/www.laguiadepamplona.com\/actualidad\/"},{"@type":"ListItem","position":2,"name":"Las bicis del servicio de bicicleta el\u00e9ctrica compartida han cubierto 400 viajes de ida y vuelta a \u00c1msterdam: suman en un a\u00f1o m\u00e1s de 1,13 millones de kil\u00f3metros recorridos"}]},{"@type":"WebSite","@id":"https:\/\/www.laguiadepamplona.com\/actualidad\/#website","url":"https:\/\/www.laguiadepamplona.com\/actualidad\/","name":"La gu\u00eda de Pamplona","description":"Noticias de Pamplona","publisher":{"@id":"https:\/\/www.laguiadepamplona.com\/actualidad\/#organization"},"potentialAction":[{"@type":"SearchAction","target":{"@type":"EntryPoint","urlTemplate":"https:\/\/www.laguiadepamplona.com\/actualidad\/?s={search_term_string}"},"query-input":{"@type":"PropertyValueSpecification","valueRequired":true,"valueName":"search_term_string"}}],"inLanguage":"es"},{"@type":"Organization","@id":"https:\/\/www.laguiadepamplona.com\/actualidad\/#organization","name":"La Gu\u00eda de Pamplona \/ Noticias","url":"https:\/\/www.laguiadepamplona.com\/actualidad\/","logo":{"@type":"ImageObject","inLanguage":"es","@id":"https:\/\/www.laguiadepamplona.com\/actualidad\/#\/schema\/logo\/image\/","url":"https:\/\/www.laguiadepamplona.com\/actualidad\/wp-content\/uploads\/2018\/11\/logo-laguiadepamplona18-web1.png","contentUrl":"https:\/\/www.laguiadepamplona.com\/actualidad\/wp-content\/uploads\/2018\/11\/logo-laguiadepamplona18-web1.png","width":600,"height":196,"caption":"La Gu\u00eda de Pamplona \/ Noticias"},"image":{"@id":"https:\/\/www.laguiadepamplona.com\/actualidad\/#\/schema\/logo\/image\/"},"sameAs":["https:\/\/www.facebook.com\/laguiadepamplonacom-133175176762273\/?ref=hl","https:\/\/x.com\/LaGuiadPamplona","https:\/\/www.instagram.com\/la_guia_de_pamplona\/","https:\/\/www.youtube.com\/user\/laguiadepamplona"]},{"@type":"Person","@id":"https:\/\/www.laguiadepamplona.com\/actualidad\/#\/schema\/person\/efe887376f0213d4657c93adc50b1fdb","name":"La Gu\u00eda de Pamplona","image":{"@type":"ImageObject","inLanguage":"es","@id":"https:\/\/secure.gravatar.com\/avatar\/b6992f131dc8d30ab0dff15446e9d346d9dbd95992de0fef795073f5ea83a81c?s=96&d=mm&r=g","url":"https:\/\/secure.gravatar.com\/avatar\/b6992f131dc8d30ab0dff15446e9d346d9dbd95992de0fef795073f5ea83a81c?s=96&d=mm&r=g","contentUrl":"https:\/\/secure.gravatar.com\/avatar\/b6992f131dc8d30ab0dff15446e9d346d9dbd95992de0fef795073f5ea83a81c?s=96&d=mm&r=g","caption":"La Gu\u00eda de Pamplona"}}]}},"post_mailing_queue_ids":[],"_links":{"self":[{"href":"https:\/\/www.laguiadepamplona.com\/actualidad\/wp-json\/wp\/v2\/posts\/42480","targetHints":{"allow":["GET"]}}],"collection":[{"href":"https:\/\/www.laguiadepamplona.com\/actualidad\/wp-json\/wp\/v2\/posts"}],"about":[{"href":"https:\/\/www.laguiadepamplona.com\/actualidad\/wp-json\/wp\/v2\/types\/post"}],"author":[{"embeddable":true,"href":"https:\/\/www.laguiadepamplona.com\/actualidad\/wp-json\/wp\/v2\/users\/1"}],"replies":[{"embeddable":true,"href":"https:\/\/www.laguiadepamplona.com\/actualidad\/wp-json\/wp\/v2\/comments?post=42480"}],"version-history":[{"count":0,"href":"https:\/\/www.laguiadepamplona.com\/actualidad\/wp-json\/wp\/v2\/posts\/42480\/revisions"}],"wp:featuredmedia":[{"embeddable":true,"href":"https:\/\/www.laguiadepamplona.com\/actualidad\/wp-json\/wp\/v2\/media\/41696"}],"wp:attachment":[{"href":"https:\/\/www.laguiadepamplona.com\/actualidad\/wp-json\/wp\/v2\/media?parent=42480"}],"wp:term":[{"taxonomy":"category","embeddable":true,"href":"https:\/\/www.laguiadepamplona.com\/actualidad\/wp-json\/wp\/v2\/categories?post=42480"},{"taxonomy":"post_tag","embeddable":true,"href":"https:\/\/www.laguiadepamplona.com\/actualidad\/wp-json\/wp\/v2\/tags?post=42480"}],"curies":[{"name":"wp","href":"https:\/\/api.w.org\/{rel}","templated":true}]}}