{"id":42477,"date":"2022-12-16T14:25:49","date_gmt":"2022-12-16T12:25:49","guid":{"rendered":"https:\/\/www.laguiadepamplona.com\/actualidad\/?p=42477"},"modified":"2023-04-11T11:47:27","modified_gmt":"2023-04-11T09:47:27","slug":"el-alcalde-recibe-a-los-organizadores-de-la-vii-carrera-de-los-valientes-que-se-celebra-en-pamplona-el-19-de-febrero-en-el-marco-del-dia-internacional-del-cancer-infantil","status":"publish","type":"post","link":"https:\/\/www.laguiadepamplona.com\/actualidad\/el-alcalde-recibe-a-los-organizadores-de-la-vii-carrera-de-los-valientes-que-se-celebra-en-pamplona-el-19-de-febrero-en-el-marco-del-dia-internacional-del-cancer-infantil\/","title":{"rendered":"El alcalde recibe a los organizadores de la VII Carrera de los Valientes, que se celebra en Pamplona el 19 de febrero en el marco del D\u00eda Internacional del C\u00e1ncer Infantil"},"content":{"rendered":"<h5>La carrera es a beneficio del programa Ni\u00f1os contra el C\u00e1ncer, de la Cl\u00ednica Universidad de Navarra, que apoya investigaci\u00f3n y tratamientos espec\u00edficos<\/h5>\n<p><!--more--><\/p>\n<p>El alcalde de Pamplona, Enrique Maya, ha recibido esta ma\u00f1ana a los organizadores de la VII Carrera de los Valientes. Esta carrera es una iniciativa solidaria que tendr\u00e1 lugar en Pamplona el pr\u00f3ximo 19 de febrero de 2023. En la recepci\u00f3n han estado presentes, adem\u00e1s del alcalde, varios miembros del comit\u00e9 organizador de la carrera: Javier Trigo, Pilar Lorenzo, Rodrigo Dom\u00ednguez, Jos\u00e9 M\u00aa Gurpegui y Gabriel Arroyo.<br \/>\n<script async src=\"\/\/pagead2.googlesyndication.com\/pagead\/js\/adsbygoogle.js\"><\/script><br \/>\n<!-- Noticias La Guia de Pamplona --><br \/>\n<ins class=\"adsbygoogle\"\nstyle=\"display:block\"\ndata-ad-client=\"ca-pub-6943679897239327\"\ndata-ad-slot=\"7048180777\"\ndata-ad-format=\"auto\"><\/ins><br \/>\n<script>\n(adsbygoogle = window.adsbygoogle || []).push({});\n<\/script><\/p>\n<p>La Carrera de los Valientes se celebra anualmente en el contexto del D\u00eda Internacional del C\u00e1ncer Infantil y a beneficio de Ni\u00f1os contra el C\u00e1ncer, el programa de la Cl\u00ednica Universidad de Navarra que apoya proyectos de investigaci\u00f3n y tratamientos espec\u00edficos para pacientes oncopedi\u00e1tricos. El programa busca canalizar la solidaridad de particulares y empresas para ponerlas al servicio de la investigaci\u00f3n del c\u00e1ncer infantil y de las familias, para facilitar el acceso a tratamientos espec\u00edficos.<\/p>\n<p>La investigaci\u00f3n permite avanzar en la curaci\u00f3n de los tumores infantiles y mejorar los tratamientos para reducir las secuelas que puedan limitar la calidad de vida de los ni\u00f1os y las ni\u00f1as en el futuro. Los avances que se alcanzan en el c\u00e1ncer de los adultos no se pueden aplicar en los pacientes infantiles, porque los mecanismos que originan los tumores son diferentes. Por ello, son fundamentales las l\u00edneas espec\u00edficas de investigaci\u00f3n, que se pueden desarrollar, entre otros, con iniciativas como la carrera solidaria del pr\u00f3ximo mes de febrero.<\/p>\n","protected":false},"excerpt":{"rendered":"<p>La carrera es a beneficio del programa Ni\u00f1os contra el C\u00e1ncer, de la Cl\u00ednica Universidad de Navarra, que apoya investigaci\u00f3n y tratamientos espec\u00edficos<\/p>\n","protected":false},"author":1,"featured_media":42478,"comment_status":"open","ping_status":"closed","sticky":false,"template":"","format":"standard","meta":{"footnotes":""},"categories":[2],"tags":[],"class_list":["post-42477","post","type-post","status-publish","format-standard","has-post-thumbnail","hentry","category-ayuntamiento-pamplona"],"yoast_head":"<!-- This site is optimized with the Yoast SEO plugin v27.3 - https:\/\/yoast.com\/product\/yoast-seo-wordpress\/ -->\n<title>El alcalde recibe a los organizadores de la VII Carrera de los Valientes, que se celebra en Pamplona el 19 de febrero en el marco del D\u00eda Internacional del C\u00e1ncer Infantil<\/title>\n<meta name=\"description\" content=\"La carrera es a beneficio del programa Ni\u00f1os contra el C\u00e1ncer, de la Cl\u00ednica Universidad de Navarra, que apoya investigaci\u00f3n y tratamientos espec\u00edficos\" \/>\n<meta name=\"robots\" content=\"index, follow, max-snippet:-1, max-image-preview:large, max-video-preview:-1\" \/>\n<link rel=\"canonical\" href=\"https:\/\/www.laguiadepamplona.com\/actualidad\/el-alcalde-recibe-a-los-organizadores-de-la-vii-carrera-de-los-valientes-que-se-celebra-en-pamplona-el-19-de-febrero-en-el-marco-del-dia-internacional-del-cancer-infantil\/\" \/>\n<meta property=\"og:locale\" content=\"es_ES\" \/>\n<meta property=\"og:type\" content=\"article\" \/>\n<meta property=\"og:title\" content=\"El alcalde recibe a los organizadores de la VII Carrera de los Valientes, que se celebra en Pamplona el 19 de febrero en el marco del D\u00eda Internacional del C\u00e1ncer Infantil\" \/>\n<meta property=\"og:description\" content=\"La carrera es a beneficio del programa Ni\u00f1os contra el C\u00e1ncer, de la Cl\u00ednica Universidad de Navarra, que apoya investigaci\u00f3n y tratamientos espec\u00edficos\" \/>\n<meta property=\"og:url\" content=\"https:\/\/www.laguiadepamplona.com\/actualidad\/el-alcalde-recibe-a-los-organizadores-de-la-vii-carrera-de-los-valientes-que-se-celebra-en-pamplona-el-19-de-febrero-en-el-marco-del-dia-internacional-del-cancer-infantil\/\" \/>\n<meta property=\"og:site_name\" content=\"La Gu\u00eda de Pamplona\" \/>\n<meta property=\"article:publisher\" content=\"https:\/\/www.facebook.com\/laguiadepamplonacom-133175176762273\/?ref=hl\" \/>\n<meta property=\"article:published_time\" content=\"2022-12-16T12:25:49+00:00\" \/>\n<meta property=\"article:modified_time\" content=\"2023-04-11T09:47:27+00:00\" \/>\n<meta property=\"og:image\" content=\"https:\/\/www.laguiadepamplona.com\/actualidad\/wp-content\/uploads\/2022\/12\/carreradelosvalientesee5a9786_0.webp\" \/>\n\t<meta property=\"og:image:width\" content=\"1920\" \/>\n\t<meta property=\"og:image:height\" content=\"1280\" \/>\n\t<meta property=\"og:image:type\" content=\"image\/webp\" \/>\n<meta name=\"author\" content=\"La Gu\u00eda de Pamplona\" \/>\n<meta name=\"twitter:card\" content=\"summary_large_image\" \/>\n<meta name=\"twitter:creator\" content=\"@LaGuiadPamplona\" \/>\n<meta name=\"twitter:site\" content=\"@LaGuiadPamplona\" \/>\n<meta name=\"twitter:label1\" content=\"Escrito por\" \/>\n\t<meta name=\"twitter:data1\" content=\"La Gu\u00eda de Pamplona\" \/>\n\t<meta name=\"twitter:label2\" content=\"Tiempo de lectura\" \/>\n\t<meta name=\"twitter:data2\" content=\"2 minutos\" \/>\n<script type=\"application\/ld+json\" class=\"yoast-schema-graph\">{\"@context\":\"https:\\\/\\\/schema.org\",\"@graph\":[{\"@type\":\"Article\",\"@id\":\"https:\\\/\\\/www.laguiadepamplona.com\\\/actualidad\\\/el-alcalde-recibe-a-los-organizadores-de-la-vii-carrera-de-los-valientes-que-se-celebra-en-pamplona-el-19-de-febrero-en-el-marco-del-dia-internacional-del-cancer-infantil\\\/#article\",\"isPartOf\":{\"@id\":\"https:\\\/\\\/www.laguiadepamplona.com\\\/actualidad\\\/el-alcalde-recibe-a-los-organizadores-de-la-vii-carrera-de-los-valientes-que-se-celebra-en-pamplona-el-19-de-febrero-en-el-marco-del-dia-internacional-del-cancer-infantil\\\/\"},\"author\":{\"name\":\"La Gu\u00eda de Pamplona\",\"@id\":\"https:\\\/\\\/www.laguiadepamplona.com\\\/actualidad\\\/#\\\/schema\\\/person\\\/efe887376f0213d4657c93adc50b1fdb\"},\"headline\":\"El alcalde recibe a los organizadores de la VII Carrera de los Valientes, que se celebra en Pamplona el 19 de febrero en el marco del D\u00eda Internacional del C\u00e1ncer Infantil\",\"datePublished\":\"2022-12-16T12:25:49+00:00\",\"dateModified\":\"2023-04-11T09:47:27+00:00\",\"mainEntityOfPage\":{\"@id\":\"https:\\\/\\\/www.laguiadepamplona.com\\\/actualidad\\\/el-alcalde-recibe-a-los-organizadores-de-la-vii-carrera-de-los-valientes-que-se-celebra-en-pamplona-el-19-de-febrero-en-el-marco-del-dia-internacional-del-cancer-infantil\\\/\"},\"wordCount\":314,\"commentCount\":0,\"publisher\":{\"@id\":\"https:\\\/\\\/www.laguiadepamplona.com\\\/actualidad\\\/#organization\"},\"image\":{\"@id\":\"https:\\\/\\\/www.laguiadepamplona.com\\\/actualidad\\\/el-alcalde-recibe-a-los-organizadores-de-la-vii-carrera-de-los-valientes-que-se-celebra-en-pamplona-el-19-de-febrero-en-el-marco-del-dia-internacional-del-cancer-infantil\\\/#primaryimage\"},\"thumbnailUrl\":\"https:\\\/\\\/www.laguiadepamplona.com\\\/actualidad\\\/wp-content\\\/uploads\\\/2022\\\/12\\\/carreradelosvalientesee5a9786_0.webp\",\"articleSection\":[\"Ayto Pamplona\"],\"inLanguage\":\"es\",\"potentialAction\":[{\"@type\":\"CommentAction\",\"name\":\"Comment\",\"target\":[\"https:\\\/\\\/www.laguiadepamplona.com\\\/actualidad\\\/el-alcalde-recibe-a-los-organizadores-de-la-vii-carrera-de-los-valientes-que-se-celebra-en-pamplona-el-19-de-febrero-en-el-marco-del-dia-internacional-del-cancer-infantil\\\/#respond\"]}]},{\"@type\":\"WebPage\",\"@id\":\"https:\\\/\\\/www.laguiadepamplona.com\\\/actualidad\\\/el-alcalde-recibe-a-los-organizadores-de-la-vii-carrera-de-los-valientes-que-se-celebra-en-pamplona-el-19-de-febrero-en-el-marco-del-dia-internacional-del-cancer-infantil\\\/\",\"url\":\"https:\\\/\\\/www.laguiadepamplona.com\\\/actualidad\\\/el-alcalde-recibe-a-los-organizadores-de-la-vii-carrera-de-los-valientes-que-se-celebra-en-pamplona-el-19-de-febrero-en-el-marco-del-dia-internacional-del-cancer-infantil\\\/\",\"name\":\"El alcalde recibe a los organizadores de la VII Carrera de los Valientes, que se celebra en Pamplona el 19 de febrero en el marco del D\u00eda Internacional del C\u00e1ncer Infantil\",\"isPartOf\":{\"@id\":\"https:\\\/\\\/www.laguiadepamplona.com\\\/actualidad\\\/#website\"},\"primaryImageOfPage\":{\"@id\":\"https:\\\/\\\/www.laguiadepamplona.com\\\/actualidad\\\/el-alcalde-recibe-a-los-organizadores-de-la-vii-carrera-de-los-valientes-que-se-celebra-en-pamplona-el-19-de-febrero-en-el-marco-del-dia-internacional-del-cancer-infantil\\\/#primaryimage\"},\"image\":{\"@id\":\"https:\\\/\\\/www.laguiadepamplona.com\\\/actualidad\\\/el-alcalde-recibe-a-los-organizadores-de-la-vii-carrera-de-los-valientes-que-se-celebra-en-pamplona-el-19-de-febrero-en-el-marco-del-dia-internacional-del-cancer-infantil\\\/#primaryimage\"},\"thumbnailUrl\":\"https:\\\/\\\/www.laguiadepamplona.com\\\/actualidad\\\/wp-content\\\/uploads\\\/2022\\\/12\\\/carreradelosvalientesee5a9786_0.webp\",\"datePublished\":\"2022-12-16T12:25:49+00:00\",\"dateModified\":\"2023-04-11T09:47:27+00:00\",\"description\":\"La carrera es a beneficio del programa Ni\u00f1os contra el C\u00e1ncer, de la Cl\u00ednica Universidad de Navarra, que apoya investigaci\u00f3n y tratamientos espec\u00edficos\",\"breadcrumb\":{\"@id\":\"https:\\\/\\\/www.laguiadepamplona.com\\\/actualidad\\\/el-alcalde-recibe-a-los-organizadores-de-la-vii-carrera-de-los-valientes-que-se-celebra-en-pamplona-el-19-de-febrero-en-el-marco-del-dia-internacional-del-cancer-infantil\\\/#breadcrumb\"},\"inLanguage\":\"es\",\"potentialAction\":[{\"@type\":\"ReadAction\",\"target\":[\"https:\\\/\\\/www.laguiadepamplona.com\\\/actualidad\\\/el-alcalde-recibe-a-los-organizadores-de-la-vii-carrera-de-los-valientes-que-se-celebra-en-pamplona-el-19-de-febrero-en-el-marco-del-dia-internacional-del-cancer-infantil\\\/\"]}]},{\"@type\":\"ImageObject\",\"inLanguage\":\"es\",\"@id\":\"https:\\\/\\\/www.laguiadepamplona.com\\\/actualidad\\\/el-alcalde-recibe-a-los-organizadores-de-la-vii-carrera-de-los-valientes-que-se-celebra-en-pamplona-el-19-de-febrero-en-el-marco-del-dia-internacional-del-cancer-infantil\\\/#primaryimage\",\"url\":\"https:\\\/\\\/www.laguiadepamplona.com\\\/actualidad\\\/wp-content\\\/uploads\\\/2022\\\/12\\\/carreradelosvalientesee5a9786_0.webp\",\"contentUrl\":\"https:\\\/\\\/www.laguiadepamplona.com\\\/actualidad\\\/wp-content\\\/uploads\\\/2022\\\/12\\\/carreradelosvalientesee5a9786_0.webp\",\"width\":1920,\"height\":1280},{\"@type\":\"BreadcrumbList\",\"@id\":\"https:\\\/\\\/www.laguiadepamplona.com\\\/actualidad\\\/el-alcalde-recibe-a-los-organizadores-de-la-vii-carrera-de-los-valientes-que-se-celebra-en-pamplona-el-19-de-febrero-en-el-marco-del-dia-internacional-del-cancer-infantil\\\/#breadcrumb\",\"itemListElement\":[{\"@type\":\"ListItem\",\"position\":1,\"name\":\"Portada\",\"item\":\"https:\\\/\\\/www.laguiadepamplona.com\\\/actualidad\\\/\"},{\"@type\":\"ListItem\",\"position\":2,\"name\":\"El alcalde recibe a los organizadores de la VII Carrera de los Valientes, que se celebra en Pamplona el 19 de febrero en el marco del D\u00eda Internacional del C\u00e1ncer Infantil\"}]},{\"@type\":\"WebSite\",\"@id\":\"https:\\\/\\\/www.laguiadepamplona.com\\\/actualidad\\\/#website\",\"url\":\"https:\\\/\\\/www.laguiadepamplona.com\\\/actualidad\\\/\",\"name\":\"La gu\u00eda de Pamplona\",\"description\":\"Noticias de Pamplona\",\"publisher\":{\"@id\":\"https:\\\/\\\/www.laguiadepamplona.com\\\/actualidad\\\/#organization\"},\"potentialAction\":[{\"@type\":\"SearchAction\",\"target\":{\"@type\":\"EntryPoint\",\"urlTemplate\":\"https:\\\/\\\/www.laguiadepamplona.com\\\/actualidad\\\/?s={search_term_string}\"},\"query-input\":{\"@type\":\"PropertyValueSpecification\",\"valueRequired\":true,\"valueName\":\"search_term_string\"}}],\"inLanguage\":\"es\"},{\"@type\":\"Organization\",\"@id\":\"https:\\\/\\\/www.laguiadepamplona.com\\\/actualidad\\\/#organization\",\"name\":\"La Gu\u00eda de Pamplona \\\/ Noticias\",\"url\":\"https:\\\/\\\/www.laguiadepamplona.com\\\/actualidad\\\/\",\"logo\":{\"@type\":\"ImageObject\",\"inLanguage\":\"es\",\"@id\":\"https:\\\/\\\/www.laguiadepamplona.com\\\/actualidad\\\/#\\\/schema\\\/logo\\\/image\\\/\",\"url\":\"https:\\\/\\\/www.laguiadepamplona.com\\\/actualidad\\\/wp-content\\\/uploads\\\/2018\\\/11\\\/logo-laguiadepamplona18-web1.png\",\"contentUrl\":\"https:\\\/\\\/www.laguiadepamplona.com\\\/actualidad\\\/wp-content\\\/uploads\\\/2018\\\/11\\\/logo-laguiadepamplona18-web1.png\",\"width\":600,\"height\":196,\"caption\":\"La Gu\u00eda de Pamplona \\\/ Noticias\"},\"image\":{\"@id\":\"https:\\\/\\\/www.laguiadepamplona.com\\\/actualidad\\\/#\\\/schema\\\/logo\\\/image\\\/\"},\"sameAs\":[\"https:\\\/\\\/www.facebook.com\\\/laguiadepamplonacom-133175176762273\\\/?ref=hl\",\"https:\\\/\\\/x.com\\\/LaGuiadPamplona\",\"https:\\\/\\\/www.instagram.com\\\/la_guia_de_pamplona\\\/\",\"https:\\\/\\\/www.youtube.com\\\/user\\\/laguiadepamplona\"]},{\"@type\":\"Person\",\"@id\":\"https:\\\/\\\/www.laguiadepamplona.com\\\/actualidad\\\/#\\\/schema\\\/person\\\/efe887376f0213d4657c93adc50b1fdb\",\"name\":\"La Gu\u00eda de Pamplona\",\"image\":{\"@type\":\"ImageObject\",\"inLanguage\":\"es\",\"@id\":\"https:\\\/\\\/secure.gravatar.com\\\/avatar\\\/b6992f131dc8d30ab0dff15446e9d346d9dbd95992de0fef795073f5ea83a81c?s=96&d=mm&r=g\",\"url\":\"https:\\\/\\\/secure.gravatar.com\\\/avatar\\\/b6992f131dc8d30ab0dff15446e9d346d9dbd95992de0fef795073f5ea83a81c?s=96&d=mm&r=g\",\"contentUrl\":\"https:\\\/\\\/secure.gravatar.com\\\/avatar\\\/b6992f131dc8d30ab0dff15446e9d346d9dbd95992de0fef795073f5ea83a81c?s=96&d=mm&r=g\",\"caption\":\"La Gu\u00eda de Pamplona\"}}]}<\/script>\n<!-- \/ Yoast SEO plugin. -->","yoast_head_json":{"title":"El alcalde recibe a los organizadores de la VII Carrera de los Valientes, que se celebra en Pamplona el 19 de febrero en el marco del D\u00eda Internacional del C\u00e1ncer Infantil","description":"La carrera es a beneficio del programa Ni\u00f1os contra el C\u00e1ncer, de la Cl\u00ednica Universidad de Navarra, que apoya investigaci\u00f3n y tratamientos espec\u00edficos","robots":{"index":"index","follow":"follow","max-snippet":"max-snippet:-1","max-image-preview":"max-image-preview:large","max-video-preview":"max-video-preview:-1"},"canonical":"https:\/\/www.laguiadepamplona.com\/actualidad\/el-alcalde-recibe-a-los-organizadores-de-la-vii-carrera-de-los-valientes-que-se-celebra-en-pamplona-el-19-de-febrero-en-el-marco-del-dia-internacional-del-cancer-infantil\/","og_locale":"es_ES","og_type":"article","og_title":"El alcalde recibe a los organizadores de la VII Carrera de los Valientes, que se celebra en Pamplona el 19 de febrero en el marco del D\u00eda Internacional del C\u00e1ncer Infantil","og_description":"La carrera es a beneficio del programa Ni\u00f1os contra el C\u00e1ncer, de la Cl\u00ednica Universidad de Navarra, que apoya investigaci\u00f3n y tratamientos espec\u00edficos","og_url":"https:\/\/www.laguiadepamplona.com\/actualidad\/el-alcalde-recibe-a-los-organizadores-de-la-vii-carrera-de-los-valientes-que-se-celebra-en-pamplona-el-19-de-febrero-en-el-marco-del-dia-internacional-del-cancer-infantil\/","og_site_name":"La Gu\u00eda de Pamplona","article_publisher":"https:\/\/www.facebook.com\/laguiadepamplonacom-133175176762273\/?ref=hl","article_published_time":"2022-12-16T12:25:49+00:00","article_modified_time":"2023-04-11T09:47:27+00:00","og_image":[{"width":1920,"height":1280,"url":"https:\/\/www.laguiadepamplona.com\/actualidad\/wp-content\/uploads\/2022\/12\/carreradelosvalientesee5a9786_0.webp","type":"image\/webp"}],"author":"La Gu\u00eda de Pamplona","twitter_card":"summary_large_image","twitter_creator":"@LaGuiadPamplona","twitter_site":"@LaGuiadPamplona","twitter_misc":{"Escrito por":"La Gu\u00eda de Pamplona","Tiempo de lectura":"2 minutos"},"schema":{"@context":"https:\/\/schema.org","@graph":[{"@type":"Article","@id":"https:\/\/www.laguiadepamplona.com\/actualidad\/el-alcalde-recibe-a-los-organizadores-de-la-vii-carrera-de-los-valientes-que-se-celebra-en-pamplona-el-19-de-febrero-en-el-marco-del-dia-internacional-del-cancer-infantil\/#article","isPartOf":{"@id":"https:\/\/www.laguiadepamplona.com\/actualidad\/el-alcalde-recibe-a-los-organizadores-de-la-vii-carrera-de-los-valientes-que-se-celebra-en-pamplona-el-19-de-febrero-en-el-marco-del-dia-internacional-del-cancer-infantil\/"},"author":{"name":"La Gu\u00eda de Pamplona","@id":"https:\/\/www.laguiadepamplona.com\/actualidad\/#\/schema\/person\/efe887376f0213d4657c93adc50b1fdb"},"headline":"El alcalde recibe a los organizadores de la VII Carrera de los Valientes, que se celebra en Pamplona el 19 de febrero en el marco del D\u00eda Internacional del C\u00e1ncer Infantil","datePublished":"2022-12-16T12:25:49+00:00","dateModified":"2023-04-11T09:47:27+00:00","mainEntityOfPage":{"@id":"https:\/\/www.laguiadepamplona.com\/actualidad\/el-alcalde-recibe-a-los-organizadores-de-la-vii-carrera-de-los-valientes-que-se-celebra-en-pamplona-el-19-de-febrero-en-el-marco-del-dia-internacional-del-cancer-infantil\/"},"wordCount":314,"commentCount":0,"publisher":{"@id":"https:\/\/www.laguiadepamplona.com\/actualidad\/#organization"},"image":{"@id":"https:\/\/www.laguiadepamplona.com\/actualidad\/el-alcalde-recibe-a-los-organizadores-de-la-vii-carrera-de-los-valientes-que-se-celebra-en-pamplona-el-19-de-febrero-en-el-marco-del-dia-internacional-del-cancer-infantil\/#primaryimage"},"thumbnailUrl":"https:\/\/www.laguiadepamplona.com\/actualidad\/wp-content\/uploads\/2022\/12\/carreradelosvalientesee5a9786_0.webp","articleSection":["Ayto Pamplona"],"inLanguage":"es","potentialAction":[{"@type":"CommentAction","name":"Comment","target":["https:\/\/www.laguiadepamplona.com\/actualidad\/el-alcalde-recibe-a-los-organizadores-de-la-vii-carrera-de-los-valientes-que-se-celebra-en-pamplona-el-19-de-febrero-en-el-marco-del-dia-internacional-del-cancer-infantil\/#respond"]}]},{"@type":"WebPage","@id":"https:\/\/www.laguiadepamplona.com\/actualidad\/el-alcalde-recibe-a-los-organizadores-de-la-vii-carrera-de-los-valientes-que-se-celebra-en-pamplona-el-19-de-febrero-en-el-marco-del-dia-internacional-del-cancer-infantil\/","url":"https:\/\/www.laguiadepamplona.com\/actualidad\/el-alcalde-recibe-a-los-organizadores-de-la-vii-carrera-de-los-valientes-que-se-celebra-en-pamplona-el-19-de-febrero-en-el-marco-del-dia-internacional-del-cancer-infantil\/","name":"El alcalde recibe a los organizadores de la VII Carrera de los Valientes, que se celebra en Pamplona el 19 de febrero en el marco del D\u00eda Internacional del C\u00e1ncer Infantil","isPartOf":{"@id":"https:\/\/www.laguiadepamplona.com\/actualidad\/#website"},"primaryImageOfPage":{"@id":"https:\/\/www.laguiadepamplona.com\/actualidad\/el-alcalde-recibe-a-los-organizadores-de-la-vii-carrera-de-los-valientes-que-se-celebra-en-pamplona-el-19-de-febrero-en-el-marco-del-dia-internacional-del-cancer-infantil\/#primaryimage"},"image":{"@id":"https:\/\/www.laguiadepamplona.com\/actualidad\/el-alcalde-recibe-a-los-organizadores-de-la-vii-carrera-de-los-valientes-que-se-celebra-en-pamplona-el-19-de-febrero-en-el-marco-del-dia-internacional-del-cancer-infantil\/#primaryimage"},"thumbnailUrl":"https:\/\/www.laguiadepamplona.com\/actualidad\/wp-content\/uploads\/2022\/12\/carreradelosvalientesee5a9786_0.webp","datePublished":"2022-12-16T12:25:49+00:00","dateModified":"2023-04-11T09:47:27+00:00","description":"La carrera es a beneficio del programa Ni\u00f1os contra el C\u00e1ncer, de la Cl\u00ednica Universidad de Navarra, que apoya investigaci\u00f3n y tratamientos espec\u00edficos","breadcrumb":{"@id":"https:\/\/www.laguiadepamplona.com\/actualidad\/el-alcalde-recibe-a-los-organizadores-de-la-vii-carrera-de-los-valientes-que-se-celebra-en-pamplona-el-19-de-febrero-en-el-marco-del-dia-internacional-del-cancer-infantil\/#breadcrumb"},"inLanguage":"es","potentialAction":[{"@type":"ReadAction","target":["https:\/\/www.laguiadepamplona.com\/actualidad\/el-alcalde-recibe-a-los-organizadores-de-la-vii-carrera-de-los-valientes-que-se-celebra-en-pamplona-el-19-de-febrero-en-el-marco-del-dia-internacional-del-cancer-infantil\/"]}]},{"@type":"ImageObject","inLanguage":"es","@id":"https:\/\/www.laguiadepamplona.com\/actualidad\/el-alcalde-recibe-a-los-organizadores-de-la-vii-carrera-de-los-valientes-que-se-celebra-en-pamplona-el-19-de-febrero-en-el-marco-del-dia-internacional-del-cancer-infantil\/#primaryimage","url":"https:\/\/www.laguiadepamplona.com\/actualidad\/wp-content\/uploads\/2022\/12\/carreradelosvalientesee5a9786_0.webp","contentUrl":"https:\/\/www.laguiadepamplona.com\/actualidad\/wp-content\/uploads\/2022\/12\/carreradelosvalientesee5a9786_0.webp","width":1920,"height":1280},{"@type":"BreadcrumbList","@id":"https:\/\/www.laguiadepamplona.com\/actualidad\/el-alcalde-recibe-a-los-organizadores-de-la-vii-carrera-de-los-valientes-que-se-celebra-en-pamplona-el-19-de-febrero-en-el-marco-del-dia-internacional-del-cancer-infantil\/#breadcrumb","itemListElement":[{"@type":"ListItem","position":1,"name":"Portada","item":"https:\/\/www.laguiadepamplona.com\/actualidad\/"},{"@type":"ListItem","position":2,"name":"El alcalde recibe a los organizadores de la VII Carrera de los Valientes, que se celebra en Pamplona el 19 de febrero en el marco del D\u00eda Internacional del C\u00e1ncer Infantil"}]},{"@type":"WebSite","@id":"https:\/\/www.laguiadepamplona.com\/actualidad\/#website","url":"https:\/\/www.laguiadepamplona.com\/actualidad\/","name":"La gu\u00eda de Pamplona","description":"Noticias de Pamplona","publisher":{"@id":"https:\/\/www.laguiadepamplona.com\/actualidad\/#organization"},"potentialAction":[{"@type":"SearchAction","target":{"@type":"EntryPoint","urlTemplate":"https:\/\/www.laguiadepamplona.com\/actualidad\/?s={search_term_string}"},"query-input":{"@type":"PropertyValueSpecification","valueRequired":true,"valueName":"search_term_string"}}],"inLanguage":"es"},{"@type":"Organization","@id":"https:\/\/www.laguiadepamplona.com\/actualidad\/#organization","name":"La Gu\u00eda de Pamplona \/ Noticias","url":"https:\/\/www.laguiadepamplona.com\/actualidad\/","logo":{"@type":"ImageObject","inLanguage":"es","@id":"https:\/\/www.laguiadepamplona.com\/actualidad\/#\/schema\/logo\/image\/","url":"https:\/\/www.laguiadepamplona.com\/actualidad\/wp-content\/uploads\/2018\/11\/logo-laguiadepamplona18-web1.png","contentUrl":"https:\/\/www.laguiadepamplona.com\/actualidad\/wp-content\/uploads\/2018\/11\/logo-laguiadepamplona18-web1.png","width":600,"height":196,"caption":"La Gu\u00eda de Pamplona \/ Noticias"},"image":{"@id":"https:\/\/www.laguiadepamplona.com\/actualidad\/#\/schema\/logo\/image\/"},"sameAs":["https:\/\/www.facebook.com\/laguiadepamplonacom-133175176762273\/?ref=hl","https:\/\/x.com\/LaGuiadPamplona","https:\/\/www.instagram.com\/la_guia_de_pamplona\/","https:\/\/www.youtube.com\/user\/laguiadepamplona"]},{"@type":"Person","@id":"https:\/\/www.laguiadepamplona.com\/actualidad\/#\/schema\/person\/efe887376f0213d4657c93adc50b1fdb","name":"La Gu\u00eda de Pamplona","image":{"@type":"ImageObject","inLanguage":"es","@id":"https:\/\/secure.gravatar.com\/avatar\/b6992f131dc8d30ab0dff15446e9d346d9dbd95992de0fef795073f5ea83a81c?s=96&d=mm&r=g","url":"https:\/\/secure.gravatar.com\/avatar\/b6992f131dc8d30ab0dff15446e9d346d9dbd95992de0fef795073f5ea83a81c?s=96&d=mm&r=g","contentUrl":"https:\/\/secure.gravatar.com\/avatar\/b6992f131dc8d30ab0dff15446e9d346d9dbd95992de0fef795073f5ea83a81c?s=96&d=mm&r=g","caption":"La Gu\u00eda de Pamplona"}}]}},"post_mailing_queue_ids":[],"_links":{"self":[{"href":"https:\/\/www.laguiadepamplona.com\/actualidad\/wp-json\/wp\/v2\/posts\/42477","targetHints":{"allow":["GET"]}}],"collection":[{"href":"https:\/\/www.laguiadepamplona.com\/actualidad\/wp-json\/wp\/v2\/posts"}],"about":[{"href":"https:\/\/www.laguiadepamplona.com\/actualidad\/wp-json\/wp\/v2\/types\/post"}],"author":[{"embeddable":true,"href":"https:\/\/www.laguiadepamplona.com\/actualidad\/wp-json\/wp\/v2\/users\/1"}],"replies":[{"embeddable":true,"href":"https:\/\/www.laguiadepamplona.com\/actualidad\/wp-json\/wp\/v2\/comments?post=42477"}],"version-history":[{"count":0,"href":"https:\/\/www.laguiadepamplona.com\/actualidad\/wp-json\/wp\/v2\/posts\/42477\/revisions"}],"wp:featuredmedia":[{"embeddable":true,"href":"https:\/\/www.laguiadepamplona.com\/actualidad\/wp-json\/wp\/v2\/media\/42478"}],"wp:attachment":[{"href":"https:\/\/www.laguiadepamplona.com\/actualidad\/wp-json\/wp\/v2\/media?parent=42477"}],"wp:term":[{"taxonomy":"category","embeddable":true,"href":"https:\/\/www.laguiadepamplona.com\/actualidad\/wp-json\/wp\/v2\/categories?post=42477"},{"taxonomy":"post_tag","embeddable":true,"href":"https:\/\/www.laguiadepamplona.com\/actualidad\/wp-json\/wp\/v2\/tags?post=42477"}],"curies":[{"name":"wp","href":"https:\/\/api.w.org\/{rel}","templated":true}]}}