{"id":42474,"date":"2022-12-16T14:18:17","date_gmt":"2022-12-16T12:18:17","guid":{"rendered":"https:\/\/www.laguiadepamplona.com\/actualidad\/?p=42474"},"modified":"2023-04-11T11:47:27","modified_gmt":"2023-04-11T09:47:27","slug":"pamplona-emprende-presenta-los-once-proyectos-de-economia-verde-que-se-han-gestado-y-se-han-impulsado-en-la-novena-edicion-de-este-programa","status":"publish","type":"post","link":"https:\/\/www.laguiadepamplona.com\/actualidad\/pamplona-emprende-presenta-los-once-proyectos-de-economia-verde-que-se-han-gestado-y-se-han-impulsado-en-la-novena-edicion-de-este-programa\/","title":{"rendered":"Pamplona Emprende presenta los once proyectos de econom\u00eda verde que se han gestado y se han impulsado en la novena edici\u00f3n de este programa"},"content":{"rendered":"<h5>Durante cuatro meses, Ayuntamiento de Pamplona y CEIN han asesorado y formado a las personas participantes<\/h5>\n<p><!--more--><\/p>\n<p>El Ayuntamiento de Pamplona y CEIN han clausurado esta ma\u00f1ana la novena edici\u00f3n del programa Pamplona Emprende que, un a\u00f1o m\u00e1s, se ha centrado en la econom\u00eda verde. Se han presentado los once proyectos de emprendimiento que actualmente est\u00e1n desarrollando las personas participantes, proyectos que abordan oportunidades de negocio en \u00e1mbitos como la bioconstrucci\u00f3n, la moda, la transformaci\u00f3n digital, la gesti\u00f3n de residuos y pl\u00e1sticos, la movilidad ciclista o la regeneraci\u00f3n de espacios naturales, entre otros.<\/p>\n<p>El acto de clausura ha contado con la apertura institucional de la directora de Comercio y Turismo del Ayuntamiento de Pamplona, Silvia Azpilicueta, y de la directora gerente de CEIN, Mar\u00eda Sanz de Galdeano, y la presencia de los participantes en el programa. Doce emprendedores y emprendedoras que han dado el paso de generar una idea de negocio y trabajar en ella de la mano de personas expertas.<\/p>\n<p>El objetivo de este programa es conseguir que personas con inquietud por emprender y compromiso en su propia formaci\u00f3n lo finalicen con una idea de negocio viable y hayan mejorado sus competencias emprendedoras. El programa sit\u00faa a las personas participantes como art\u00edfices de su propio aprendizaje y se basa en metodolog\u00edas contrastadas en centros de emprendimiento a nivel internacional como el Learning by Doing o Lean.<br \/>\n<script async src=\"\/\/pagead2.googlesyndication.com\/pagead\/js\/adsbygoogle.js\"><\/script><br \/>\n<!-- Noticias La Guia de Pamplona --><br \/>\n<ins class=\"adsbygoogle\"\nstyle=\"display:block\"\ndata-ad-client=\"ca-pub-6943679897239327\"\ndata-ad-slot=\"7048180777\"\ndata-ad-format=\"auto\"><\/ins><br \/>\n<script>\n(adsbygoogle = window.adsbygoogle || []).push({});\n<\/script><\/p>\n<p><strong>Proyectos presentados<\/strong><\/p>\n<p>M\u00f3nika Prieto ha creado Amalurra, dedicada a la comercializaci\u00f3n de abonos org\u00e1nicos, al asesoramiento en autocultivo y a la sensibilizaci\u00f3n en la gesti\u00f3n de residuos. V\u00edctor Cabreja ha ideado un atelier de moda sostenible, con dise\u00f1os con tejidos reciclados, patchwork y encaje de bolillos. Biok es el proyecto de Javier Mu\u00f1oz y se centra en la reducci\u00f3n del uso del pl\u00e1stico. David Suberviola y Pablo Ezquerro proponen con su idea de negocio la transformaci\u00f3n digital de PYMES agroalimentarias. Delia Rodr\u00edguez ofrece servicios de consultor\u00eda y formaci\u00f3n a comunidades rurales para el desarrollo de geoproyectos tur\u00edsticos y sociales.<\/p>\n<p>Valle Vegg es la empresa ideada por Alicia Cubillo, una empresa de catering 100% vegetal, que cuenta ya con un punto de venta f\u00edsico de comida preparada en el mercado de Santo Domingo. Miren Azcona realiza en su estudio de bioarquitectura proyectos de obra nueva en entornos rurales. Mikel Amatriain ha creado ISILEN, empresa de ingenier\u00eda ac\u00fastica para paliar los efectos del ruido en diferentes \u00e1mbitos. NeutroN es la idea de \u00cd\u00f1igo Muro, que apuesta por el transporte sostenible en bicicleta como el mejor veh\u00edculo urbano. Sortaldea es la propuesta de \u00cd\u00f1igo Lorenzo para la regeneraci\u00f3n de espacios naturales y la mejora de los ecosistemas para la prevenci\u00f3n de incendios y la lucha contra el cambio clim\u00e1tico. Iranzu R\u00edpodas ofrece los servicios de Zu Interiorismo Sostenible para el dise\u00f1o y la gesti\u00f3n de proyectos en viviendas y empresas.<br \/>\n<script async src=\"\/\/pagead2.googlesyndication.com\/pagead\/js\/adsbygoogle.js\"><\/script><br \/>\n<!-- Noticias La Guia de Pamplona --><br \/>\n<ins class=\"adsbygoogle\"\nstyle=\"display:block\"\ndata-ad-client=\"ca-pub-6943679897239327\"\ndata-ad-slot=\"7048180777\"\ndata-ad-format=\"auto\"><\/ins><br \/>\n<script>\n(adsbygoogle = window.adsbygoogle || []).push({});\n<\/script><\/p>\n<p><strong>Cuatro meses de formaci\u00f3n y asesoramiento<\/strong><\/p>\n<p>El programa Pamplona Emprende se ha llevado a cabo durante cuatro meses. Las actividades han contado con cuatro elementos principales: la mentorizaci\u00f3n, la formaci\u00f3n, el asesoramiento y el aprendizaje. Diferentes personas expertas han formado y aportado su experiencia en aspectos relevantes para el emprendimiento como creatividad e innovaci\u00f3n, identificaci\u00f3n de recursos y oportunidades, marketing digital, inclusivo y social, financiaci\u00f3n o ventas, entre otros. El asesoramiento continuo ha corrido a cargo del personal de CEIN que ha aportado su conocimiento en el desarrollo de ideas de negocio viables y en competencias emprendedoras.<\/p>\n<p>Al inicio del programa se programaron tres masterclass online para animar a participar y para difundir al p\u00fablico en general elementos relevantes de la econom\u00eda verde. Impartieron esas sesiones el cofundador de la consultora Sustainn y experto en econom\u00eda circular y Green Deal, Carlos Le\u00f3n; la directora del master online en arquitectura sostenible y bioconstrucci\u00f3n en la Universidad Europea de Madrid, Beatriz Ingl\u00e9s; y la directora de EU Affairs and Policy en EIT Climate KIC, la mayor red p\u00fablico \u2013 privada europea de innovaci\u00f3n para la mitigaci\u00f3n y adaptaci\u00f3n del cambio clim\u00e1tico, Lisa Lang. Las masterclass est\u00e1n disponibles en el <a href=\"https:\/\/www.youtube.com\/channel\/UCX4yyTRN4Jab-o80cCaoR4w\" target=\"_blank\" rel=\"noopener\">canal de Youtube de CEIN<\/a>.<br \/>\n<script async src=\"\/\/pagead2.googlesyndication.com\/pagead\/js\/adsbygoogle.js\"><\/script><br \/>\n<!-- Noticias La Guia de Pamplona --><br \/>\n<ins class=\"adsbygoogle\"\nstyle=\"display:block\"\ndata-ad-client=\"ca-pub-6943679897239327\"\ndata-ad-slot=\"7048180777\"\ndata-ad-format=\"auto\"><\/ins><br \/>\n<script>\n(adsbygoogle = window.adsbygoogle || []).push({});\n<\/script><\/p>\n<p>&nbsp;<\/p>\n<h3>Pamplona Emprende. Proyectos presentados<\/h3>\n<ul>\n<li><strong> M\u00d3NIKA PRIETO. Ingeniera Agr\u00f3noma. Emprendedora y creadora de AMALURRA<\/strong>. Ingeniera Agr\u00f3noma. Emprendedora y creadora de AMALURRA. Dedicada a la comercializaci\u00f3n de abonos org\u00e1nicos producidos con residuos procedentes de agricultura y ganader\u00eda local, reduciendo el uso de contaminantes qu\u00edmicos, as\u00ed como al asesoramiento en autocultivo y sensibilizaci\u00f3n en la gesti\u00f3n de residuos y cuidado de nuestra tierra.<\/li>\n<\/ul>\n<p>&nbsp;<\/p>\n<ul>\n<li><strong>ATELIER DE MODA SOSTENIBLE VICTOR CABREJA<\/strong>. Convertimos en realidad las colecciones de los j\u00f3venes dise\u00f1ador@s de moda, tambi\u00e9n hacemos nuestros propios dise\u00f1os con tejidos reciclados, patchwork y encaje de bolillos, sin olvidarnos de los arreglos que dan una segunda vida a las prendas.<\/li>\n<\/ul>\n<p>&nbsp;<\/p>\n<ul>\n<li><strong> JAVIER MU\u00d1OZ<\/strong>. De un modo u otro a todas las personas nos molesta el pl\u00e1stico que nos meten hasta en la sopa. En Biok nos encargamos de reducir su uso en la medida de lo posible desde nuestra tienda cerrando el c\u00edrculo de la econom\u00eda circular y brindando al consumidor la posibilidad de sacar al pl\u00e1stico del consumo del hogar.<\/li>\n<\/ul>\n<p>&nbsp;<\/p>\n<ul>\n<li><strong>DAVID SUBERVIOLA Y PABLO EZQUERRO<\/strong>. Transformaci\u00f3n digital para PYMES agroalimentarias. Con el objetivo de impulsar el desarrollo tecnol\u00f3gico a las empresas del sector, para aportar valor y mejorar su competitividad de manera sostenible e innovadora<\/li>\n<\/ul>\n<p>&nbsp;<\/p>\n<ul>\n<li><strong>DELIA RODR\u00cdGUEZ CONSULTOR\u00cdA Y FORMACI\u00d3N<\/strong>. Mediante mis servicios de consultor\u00eda y formaci\u00f3n geol\u00f3gica ayudo a las comunidades rurales a desarrollar geoproyectos tur\u00edsticos y sociales que impulsen el desarrollo sostenible de espacios naturales infrautilizados y dejen un legado cultural.<\/li>\n<\/ul>\n<p>&nbsp;<\/p>\n<ul>\n<li><strong>EL VALLE VEGG, COCINA 100% VEGETAL. ALICIA CUBILLO<\/strong>. Empresa de catering 100% vegetal, con la que nos dedicaremos a cocinar para eventos peque\u00f1os y medianos.\u00a0Actualmente contamos con un punto de venta f\u00edsico de nuestra comida preparada en el Mercado de Santo Domingo que abriremos en los pr\u00f3ximos d\u00edas y repartimos a domicilio platos listos para comer seg\u00fan una carta fija con la que trabajamos.<\/li>\n<\/ul>\n<p>&nbsp;<\/p>\n<ul>\n<li><strong>ESTUDIO DE BIOARQUITECTURA MIREN AZCONA<\/strong>. Pasamos mucho tiempo en espacios cerrados y por ello, debemos tener en cuenta c\u00f3mo dise\u00f1amos y construimos. Realizo proyectos de obra nueva en entornos rurales y mi objetivo es acercar la bioconstrucci\u00f3n tambi\u00e9n a los entornos urbanos utilizando materiales naturales que nos permitan habitar espacios saludables.<\/li>\n<\/ul>\n<p>&nbsp;<\/p>\n<ul>\n<li><strong> MIKEL AMATRIAIN<\/strong>. Ingenier\u00eda para el silencio. Todo sonido peligroso, molesto, in\u00fatil o desagradable es considerado como ruido. El ruido es la segunda causa ambiental de problemas de salud. En ISILEN somos ingenieros ac\u00fasticos con una larga trayectoria en el \u00e1mbito del transporte, la industria y la edificaci\u00f3n.<\/li>\n<\/ul>\n<p>&nbsp;<\/p>\n<ul>\n<li><strong> \u00cd\u00d1IGO MURO<\/strong>. Ir al trabajo en bicicleta saludable, sencillo y sostenible. Pero cuando tienes prisa, te enfrentas a una cuesta o al viento, puede ser una molestia. Ah\u00ed es donde entramos nosotros. Convierte tu bicicleta en el mejor veh\u00edculo urbano con NeutroN.<\/li>\n<\/ul>\n<p>&nbsp;<\/p>\n<ul>\n<li><strong> \u00cd\u00d1IGO LORENZO<\/strong>. Regeneraci\u00f3n de espacios naturales, en contraposici\u00f3n al abandono paulatino actual, mediante un pastoreo dirigido, un manejo silvopastoril de nuestros montes, bosques, cultivos y zonas verdes para una producci\u00f3n sostenible mejorando los ecosistemas presentes como prevenci\u00f3n para incendios y lucha contra el cambio clim\u00e1tico.<\/li>\n<\/ul>\n<p>&nbsp;<\/p>\n<ul>\n<li><strong>ZU INTERIORISMO SOSTENIBLE. IRANZU P\u00c9REZ R\u00cdPODAS<\/strong>. Interiorista, ofrece el servicio de dise\u00f1o y gesti\u00f3n de proyectos en viviendas y empresas, logrando que \u00e9stos sean m\u00e1s saludables y sostenibles, mediante la reutilizaci\u00f3n, el empleo de productos sanos, siempre teniendo en cuenta su origen y el impacto medioambiental y social, desde su origen hasta el final de su vida \u00fatil.<\/li>\n<\/ul>\n","protected":false},"excerpt":{"rendered":"<p>Durante cuatro meses, Ayuntamiento de Pamplona y CEIN han asesorado y formado a las personas participantes<\/p>\n","protected":false},"author":1,"featured_media":42475,"comment_status":"open","ping_status":"closed","sticky":false,"template":"","format":"standard","meta":{"footnotes":""},"categories":[2],"tags":[],"class_list":["post-42474","post","type-post","status-publish","format-standard","has-post-thumbnail","hentry","category-ayuntamiento-pamplona"],"yoast_head":"<!-- This site is optimized with the Yoast SEO plugin v27.3 - https:\/\/yoast.com\/product\/yoast-seo-wordpress\/ -->\n<title>Pamplona Emprende presenta los once proyectos de econom\u00eda verde que se han gestado y se han impulsado en la novena edici\u00f3n de este programa<\/title>\n<meta name=\"description\" content=\"Durante cuatro meses, Ayuntamiento de Pamplona y CEIN han asesorado y formado a las personas participantes\" \/>\n<meta name=\"robots\" content=\"index, follow, max-snippet:-1, max-image-preview:large, max-video-preview:-1\" \/>\n<link rel=\"canonical\" href=\"https:\/\/www.laguiadepamplona.com\/actualidad\/pamplona-emprende-presenta-los-once-proyectos-de-economia-verde-que-se-han-gestado-y-se-han-impulsado-en-la-novena-edicion-de-este-programa\/\" \/>\n<meta property=\"og:locale\" content=\"es_ES\" \/>\n<meta property=\"og:type\" content=\"article\" \/>\n<meta property=\"og:title\" content=\"Pamplona Emprende presenta los once proyectos de econom\u00eda verde que se han gestado y se han impulsado en la novena edici\u00f3n de este programa\" \/>\n<meta property=\"og:description\" content=\"Durante cuatro meses, Ayuntamiento de Pamplona y CEIN han asesorado y formado a las personas participantes\" \/>\n<meta property=\"og:url\" content=\"https:\/\/www.laguiadepamplona.com\/actualidad\/pamplona-emprende-presenta-los-once-proyectos-de-economia-verde-que-se-han-gestado-y-se-han-impulsado-en-la-novena-edicion-de-este-programa\/\" \/>\n<meta property=\"og:site_name\" content=\"La Gu\u00eda de Pamplona\" \/>\n<meta property=\"article:publisher\" content=\"https:\/\/www.facebook.com\/laguiadepamplonacom-133175176762273\/?ref=hl\" \/>\n<meta property=\"article:published_time\" content=\"2022-12-16T12:18:17+00:00\" \/>\n<meta property=\"article:modified_time\" content=\"2023-04-11T09:47:27+00:00\" \/>\n<meta property=\"og:image\" content=\"https:\/\/www.laguiadepamplona.com\/actualidad\/wp-content\/uploads\/2022\/12\/pamplonaemprende22ee5a9760_0.webp\" \/>\n\t<meta property=\"og:image:width\" content=\"1920\" \/>\n\t<meta property=\"og:image:height\" content=\"1280\" \/>\n\t<meta property=\"og:image:type\" content=\"image\/webp\" \/>\n<meta name=\"author\" content=\"La Gu\u00eda de Pamplona\" \/>\n<meta name=\"twitter:card\" content=\"summary_large_image\" \/>\n<meta name=\"twitter:creator\" content=\"@LaGuiadPamplona\" \/>\n<meta name=\"twitter:site\" content=\"@LaGuiadPamplona\" \/>\n<meta name=\"twitter:label1\" content=\"Escrito por\" \/>\n\t<meta name=\"twitter:data1\" content=\"La Gu\u00eda de Pamplona\" \/>\n\t<meta name=\"twitter:label2\" content=\"Tiempo de lectura\" \/>\n\t<meta name=\"twitter:data2\" content=\"6 minutos\" \/>\n<script type=\"application\/ld+json\" class=\"yoast-schema-graph\">{\"@context\":\"https:\\\/\\\/schema.org\",\"@graph\":[{\"@type\":\"Article\",\"@id\":\"https:\\\/\\\/www.laguiadepamplona.com\\\/actualidad\\\/pamplona-emprende-presenta-los-once-proyectos-de-economia-verde-que-se-han-gestado-y-se-han-impulsado-en-la-novena-edicion-de-este-programa\\\/#article\",\"isPartOf\":{\"@id\":\"https:\\\/\\\/www.laguiadepamplona.com\\\/actualidad\\\/pamplona-emprende-presenta-los-once-proyectos-de-economia-verde-que-se-han-gestado-y-se-han-impulsado-en-la-novena-edicion-de-este-programa\\\/\"},\"author\":{\"name\":\"La Gu\u00eda de Pamplona\",\"@id\":\"https:\\\/\\\/www.laguiadepamplona.com\\\/actualidad\\\/#\\\/schema\\\/person\\\/efe887376f0213d4657c93adc50b1fdb\"},\"headline\":\"Pamplona Emprende presenta los once proyectos de econom\u00eda verde que se han gestado y se han impulsado en la novena edici\u00f3n de este programa\",\"datePublished\":\"2022-12-16T12:18:17+00:00\",\"dateModified\":\"2023-04-11T09:47:27+00:00\",\"mainEntityOfPage\":{\"@id\":\"https:\\\/\\\/www.laguiadepamplona.com\\\/actualidad\\\/pamplona-emprende-presenta-los-once-proyectos-de-economia-verde-que-se-han-gestado-y-se-han-impulsado-en-la-novena-edicion-de-este-programa\\\/\"},\"wordCount\":1354,\"commentCount\":0,\"publisher\":{\"@id\":\"https:\\\/\\\/www.laguiadepamplona.com\\\/actualidad\\\/#organization\"},\"image\":{\"@id\":\"https:\\\/\\\/www.laguiadepamplona.com\\\/actualidad\\\/pamplona-emprende-presenta-los-once-proyectos-de-economia-verde-que-se-han-gestado-y-se-han-impulsado-en-la-novena-edicion-de-este-programa\\\/#primaryimage\"},\"thumbnailUrl\":\"https:\\\/\\\/www.laguiadepamplona.com\\\/actualidad\\\/wp-content\\\/uploads\\\/2022\\\/12\\\/pamplonaemprende22ee5a9760_0.webp\",\"articleSection\":[\"Ayto Pamplona\"],\"inLanguage\":\"es\",\"potentialAction\":[{\"@type\":\"CommentAction\",\"name\":\"Comment\",\"target\":[\"https:\\\/\\\/www.laguiadepamplona.com\\\/actualidad\\\/pamplona-emprende-presenta-los-once-proyectos-de-economia-verde-que-se-han-gestado-y-se-han-impulsado-en-la-novena-edicion-de-este-programa\\\/#respond\"]}]},{\"@type\":\"WebPage\",\"@id\":\"https:\\\/\\\/www.laguiadepamplona.com\\\/actualidad\\\/pamplona-emprende-presenta-los-once-proyectos-de-economia-verde-que-se-han-gestado-y-se-han-impulsado-en-la-novena-edicion-de-este-programa\\\/\",\"url\":\"https:\\\/\\\/www.laguiadepamplona.com\\\/actualidad\\\/pamplona-emprende-presenta-los-once-proyectos-de-economia-verde-que-se-han-gestado-y-se-han-impulsado-en-la-novena-edicion-de-este-programa\\\/\",\"name\":\"Pamplona Emprende presenta los once proyectos de econom\u00eda verde que se han gestado y se han impulsado en la novena edici\u00f3n de este programa\",\"isPartOf\":{\"@id\":\"https:\\\/\\\/www.laguiadepamplona.com\\\/actualidad\\\/#website\"},\"primaryImageOfPage\":{\"@id\":\"https:\\\/\\\/www.laguiadepamplona.com\\\/actualidad\\\/pamplona-emprende-presenta-los-once-proyectos-de-economia-verde-que-se-han-gestado-y-se-han-impulsado-en-la-novena-edicion-de-este-programa\\\/#primaryimage\"},\"image\":{\"@id\":\"https:\\\/\\\/www.laguiadepamplona.com\\\/actualidad\\\/pamplona-emprende-presenta-los-once-proyectos-de-economia-verde-que-se-han-gestado-y-se-han-impulsado-en-la-novena-edicion-de-este-programa\\\/#primaryimage\"},\"thumbnailUrl\":\"https:\\\/\\\/www.laguiadepamplona.com\\\/actualidad\\\/wp-content\\\/uploads\\\/2022\\\/12\\\/pamplonaemprende22ee5a9760_0.webp\",\"datePublished\":\"2022-12-16T12:18:17+00:00\",\"dateModified\":\"2023-04-11T09:47:27+00:00\",\"description\":\"Durante cuatro meses, Ayuntamiento de Pamplona y CEIN han asesorado y formado a las personas participantes\",\"breadcrumb\":{\"@id\":\"https:\\\/\\\/www.laguiadepamplona.com\\\/actualidad\\\/pamplona-emprende-presenta-los-once-proyectos-de-economia-verde-que-se-han-gestado-y-se-han-impulsado-en-la-novena-edicion-de-este-programa\\\/#breadcrumb\"},\"inLanguage\":\"es\",\"potentialAction\":[{\"@type\":\"ReadAction\",\"target\":[\"https:\\\/\\\/www.laguiadepamplona.com\\\/actualidad\\\/pamplona-emprende-presenta-los-once-proyectos-de-economia-verde-que-se-han-gestado-y-se-han-impulsado-en-la-novena-edicion-de-este-programa\\\/\"]}]},{\"@type\":\"ImageObject\",\"inLanguage\":\"es\",\"@id\":\"https:\\\/\\\/www.laguiadepamplona.com\\\/actualidad\\\/pamplona-emprende-presenta-los-once-proyectos-de-economia-verde-que-se-han-gestado-y-se-han-impulsado-en-la-novena-edicion-de-este-programa\\\/#primaryimage\",\"url\":\"https:\\\/\\\/www.laguiadepamplona.com\\\/actualidad\\\/wp-content\\\/uploads\\\/2022\\\/12\\\/pamplonaemprende22ee5a9760_0.webp\",\"contentUrl\":\"https:\\\/\\\/www.laguiadepamplona.com\\\/actualidad\\\/wp-content\\\/uploads\\\/2022\\\/12\\\/pamplonaemprende22ee5a9760_0.webp\",\"width\":1920,\"height\":1280},{\"@type\":\"BreadcrumbList\",\"@id\":\"https:\\\/\\\/www.laguiadepamplona.com\\\/actualidad\\\/pamplona-emprende-presenta-los-once-proyectos-de-economia-verde-que-se-han-gestado-y-se-han-impulsado-en-la-novena-edicion-de-este-programa\\\/#breadcrumb\",\"itemListElement\":[{\"@type\":\"ListItem\",\"position\":1,\"name\":\"Portada\",\"item\":\"https:\\\/\\\/www.laguiadepamplona.com\\\/actualidad\\\/\"},{\"@type\":\"ListItem\",\"position\":2,\"name\":\"Pamplona Emprende presenta los once proyectos de econom\u00eda verde que se han gestado y se han impulsado en la novena edici\u00f3n de este programa\"}]},{\"@type\":\"WebSite\",\"@id\":\"https:\\\/\\\/www.laguiadepamplona.com\\\/actualidad\\\/#website\",\"url\":\"https:\\\/\\\/www.laguiadepamplona.com\\\/actualidad\\\/\",\"name\":\"La gu\u00eda de Pamplona\",\"description\":\"Noticias de Pamplona\",\"publisher\":{\"@id\":\"https:\\\/\\\/www.laguiadepamplona.com\\\/actualidad\\\/#organization\"},\"potentialAction\":[{\"@type\":\"SearchAction\",\"target\":{\"@type\":\"EntryPoint\",\"urlTemplate\":\"https:\\\/\\\/www.laguiadepamplona.com\\\/actualidad\\\/?s={search_term_string}\"},\"query-input\":{\"@type\":\"PropertyValueSpecification\",\"valueRequired\":true,\"valueName\":\"search_term_string\"}}],\"inLanguage\":\"es\"},{\"@type\":\"Organization\",\"@id\":\"https:\\\/\\\/www.laguiadepamplona.com\\\/actualidad\\\/#organization\",\"name\":\"La Gu\u00eda de Pamplona \\\/ Noticias\",\"url\":\"https:\\\/\\\/www.laguiadepamplona.com\\\/actualidad\\\/\",\"logo\":{\"@type\":\"ImageObject\",\"inLanguage\":\"es\",\"@id\":\"https:\\\/\\\/www.laguiadepamplona.com\\\/actualidad\\\/#\\\/schema\\\/logo\\\/image\\\/\",\"url\":\"https:\\\/\\\/www.laguiadepamplona.com\\\/actualidad\\\/wp-content\\\/uploads\\\/2018\\\/11\\\/logo-laguiadepamplona18-web1.png\",\"contentUrl\":\"https:\\\/\\\/www.laguiadepamplona.com\\\/actualidad\\\/wp-content\\\/uploads\\\/2018\\\/11\\\/logo-laguiadepamplona18-web1.png\",\"width\":600,\"height\":196,\"caption\":\"La Gu\u00eda de Pamplona \\\/ Noticias\"},\"image\":{\"@id\":\"https:\\\/\\\/www.laguiadepamplona.com\\\/actualidad\\\/#\\\/schema\\\/logo\\\/image\\\/\"},\"sameAs\":[\"https:\\\/\\\/www.facebook.com\\\/laguiadepamplonacom-133175176762273\\\/?ref=hl\",\"https:\\\/\\\/x.com\\\/LaGuiadPamplona\",\"https:\\\/\\\/www.instagram.com\\\/la_guia_de_pamplona\\\/\",\"https:\\\/\\\/www.youtube.com\\\/user\\\/laguiadepamplona\"]},{\"@type\":\"Person\",\"@id\":\"https:\\\/\\\/www.laguiadepamplona.com\\\/actualidad\\\/#\\\/schema\\\/person\\\/efe887376f0213d4657c93adc50b1fdb\",\"name\":\"La Gu\u00eda de Pamplona\",\"image\":{\"@type\":\"ImageObject\",\"inLanguage\":\"es\",\"@id\":\"https:\\\/\\\/secure.gravatar.com\\\/avatar\\\/b6992f131dc8d30ab0dff15446e9d346d9dbd95992de0fef795073f5ea83a81c?s=96&d=mm&r=g\",\"url\":\"https:\\\/\\\/secure.gravatar.com\\\/avatar\\\/b6992f131dc8d30ab0dff15446e9d346d9dbd95992de0fef795073f5ea83a81c?s=96&d=mm&r=g\",\"contentUrl\":\"https:\\\/\\\/secure.gravatar.com\\\/avatar\\\/b6992f131dc8d30ab0dff15446e9d346d9dbd95992de0fef795073f5ea83a81c?s=96&d=mm&r=g\",\"caption\":\"La Gu\u00eda de Pamplona\"}}]}<\/script>\n<!-- \/ Yoast SEO plugin. -->","yoast_head_json":{"title":"Pamplona Emprende presenta los once proyectos de econom\u00eda verde que se han gestado y se han impulsado en la novena edici\u00f3n de este programa","description":"Durante cuatro meses, Ayuntamiento de Pamplona y CEIN han asesorado y formado a las personas participantes","robots":{"index":"index","follow":"follow","max-snippet":"max-snippet:-1","max-image-preview":"max-image-preview:large","max-video-preview":"max-video-preview:-1"},"canonical":"https:\/\/www.laguiadepamplona.com\/actualidad\/pamplona-emprende-presenta-los-once-proyectos-de-economia-verde-que-se-han-gestado-y-se-han-impulsado-en-la-novena-edicion-de-este-programa\/","og_locale":"es_ES","og_type":"article","og_title":"Pamplona Emprende presenta los once proyectos de econom\u00eda verde que se han gestado y se han impulsado en la novena edici\u00f3n de este programa","og_description":"Durante cuatro meses, Ayuntamiento de Pamplona y CEIN han asesorado y formado a las personas participantes","og_url":"https:\/\/www.laguiadepamplona.com\/actualidad\/pamplona-emprende-presenta-los-once-proyectos-de-economia-verde-que-se-han-gestado-y-se-han-impulsado-en-la-novena-edicion-de-este-programa\/","og_site_name":"La Gu\u00eda de Pamplona","article_publisher":"https:\/\/www.facebook.com\/laguiadepamplonacom-133175176762273\/?ref=hl","article_published_time":"2022-12-16T12:18:17+00:00","article_modified_time":"2023-04-11T09:47:27+00:00","og_image":[{"width":1920,"height":1280,"url":"https:\/\/www.laguiadepamplona.com\/actualidad\/wp-content\/uploads\/2022\/12\/pamplonaemprende22ee5a9760_0.webp","type":"image\/webp"}],"author":"La Gu\u00eda de Pamplona","twitter_card":"summary_large_image","twitter_creator":"@LaGuiadPamplona","twitter_site":"@LaGuiadPamplona","twitter_misc":{"Escrito por":"La Gu\u00eda de Pamplona","Tiempo de lectura":"6 minutos"},"schema":{"@context":"https:\/\/schema.org","@graph":[{"@type":"Article","@id":"https:\/\/www.laguiadepamplona.com\/actualidad\/pamplona-emprende-presenta-los-once-proyectos-de-economia-verde-que-se-han-gestado-y-se-han-impulsado-en-la-novena-edicion-de-este-programa\/#article","isPartOf":{"@id":"https:\/\/www.laguiadepamplona.com\/actualidad\/pamplona-emprende-presenta-los-once-proyectos-de-economia-verde-que-se-han-gestado-y-se-han-impulsado-en-la-novena-edicion-de-este-programa\/"},"author":{"name":"La Gu\u00eda de Pamplona","@id":"https:\/\/www.laguiadepamplona.com\/actualidad\/#\/schema\/person\/efe887376f0213d4657c93adc50b1fdb"},"headline":"Pamplona Emprende presenta los once proyectos de econom\u00eda verde que se han gestado y se han impulsado en la novena edici\u00f3n de este programa","datePublished":"2022-12-16T12:18:17+00:00","dateModified":"2023-04-11T09:47:27+00:00","mainEntityOfPage":{"@id":"https:\/\/www.laguiadepamplona.com\/actualidad\/pamplona-emprende-presenta-los-once-proyectos-de-economia-verde-que-se-han-gestado-y-se-han-impulsado-en-la-novena-edicion-de-este-programa\/"},"wordCount":1354,"commentCount":0,"publisher":{"@id":"https:\/\/www.laguiadepamplona.com\/actualidad\/#organization"},"image":{"@id":"https:\/\/www.laguiadepamplona.com\/actualidad\/pamplona-emprende-presenta-los-once-proyectos-de-economia-verde-que-se-han-gestado-y-se-han-impulsado-en-la-novena-edicion-de-este-programa\/#primaryimage"},"thumbnailUrl":"https:\/\/www.laguiadepamplona.com\/actualidad\/wp-content\/uploads\/2022\/12\/pamplonaemprende22ee5a9760_0.webp","articleSection":["Ayto Pamplona"],"inLanguage":"es","potentialAction":[{"@type":"CommentAction","name":"Comment","target":["https:\/\/www.laguiadepamplona.com\/actualidad\/pamplona-emprende-presenta-los-once-proyectos-de-economia-verde-que-se-han-gestado-y-se-han-impulsado-en-la-novena-edicion-de-este-programa\/#respond"]}]},{"@type":"WebPage","@id":"https:\/\/www.laguiadepamplona.com\/actualidad\/pamplona-emprende-presenta-los-once-proyectos-de-economia-verde-que-se-han-gestado-y-se-han-impulsado-en-la-novena-edicion-de-este-programa\/","url":"https:\/\/www.laguiadepamplona.com\/actualidad\/pamplona-emprende-presenta-los-once-proyectos-de-economia-verde-que-se-han-gestado-y-se-han-impulsado-en-la-novena-edicion-de-este-programa\/","name":"Pamplona Emprende presenta los once proyectos de econom\u00eda verde que se han gestado y se han impulsado en la novena edici\u00f3n de este programa","isPartOf":{"@id":"https:\/\/www.laguiadepamplona.com\/actualidad\/#website"},"primaryImageOfPage":{"@id":"https:\/\/www.laguiadepamplona.com\/actualidad\/pamplona-emprende-presenta-los-once-proyectos-de-economia-verde-que-se-han-gestado-y-se-han-impulsado-en-la-novena-edicion-de-este-programa\/#primaryimage"},"image":{"@id":"https:\/\/www.laguiadepamplona.com\/actualidad\/pamplona-emprende-presenta-los-once-proyectos-de-economia-verde-que-se-han-gestado-y-se-han-impulsado-en-la-novena-edicion-de-este-programa\/#primaryimage"},"thumbnailUrl":"https:\/\/www.laguiadepamplona.com\/actualidad\/wp-content\/uploads\/2022\/12\/pamplonaemprende22ee5a9760_0.webp","datePublished":"2022-12-16T12:18:17+00:00","dateModified":"2023-04-11T09:47:27+00:00","description":"Durante cuatro meses, Ayuntamiento de Pamplona y CEIN han asesorado y formado a las personas participantes","breadcrumb":{"@id":"https:\/\/www.laguiadepamplona.com\/actualidad\/pamplona-emprende-presenta-los-once-proyectos-de-economia-verde-que-se-han-gestado-y-se-han-impulsado-en-la-novena-edicion-de-este-programa\/#breadcrumb"},"inLanguage":"es","potentialAction":[{"@type":"ReadAction","target":["https:\/\/www.laguiadepamplona.com\/actualidad\/pamplona-emprende-presenta-los-once-proyectos-de-economia-verde-que-se-han-gestado-y-se-han-impulsado-en-la-novena-edicion-de-este-programa\/"]}]},{"@type":"ImageObject","inLanguage":"es","@id":"https:\/\/www.laguiadepamplona.com\/actualidad\/pamplona-emprende-presenta-los-once-proyectos-de-economia-verde-que-se-han-gestado-y-se-han-impulsado-en-la-novena-edicion-de-este-programa\/#primaryimage","url":"https:\/\/www.laguiadepamplona.com\/actualidad\/wp-content\/uploads\/2022\/12\/pamplonaemprende22ee5a9760_0.webp","contentUrl":"https:\/\/www.laguiadepamplona.com\/actualidad\/wp-content\/uploads\/2022\/12\/pamplonaemprende22ee5a9760_0.webp","width":1920,"height":1280},{"@type":"BreadcrumbList","@id":"https:\/\/www.laguiadepamplona.com\/actualidad\/pamplona-emprende-presenta-los-once-proyectos-de-economia-verde-que-se-han-gestado-y-se-han-impulsado-en-la-novena-edicion-de-este-programa\/#breadcrumb","itemListElement":[{"@type":"ListItem","position":1,"name":"Portada","item":"https:\/\/www.laguiadepamplona.com\/actualidad\/"},{"@type":"ListItem","position":2,"name":"Pamplona Emprende presenta los once proyectos de econom\u00eda verde que se han gestado y se han impulsado en la novena edici\u00f3n de este programa"}]},{"@type":"WebSite","@id":"https:\/\/www.laguiadepamplona.com\/actualidad\/#website","url":"https:\/\/www.laguiadepamplona.com\/actualidad\/","name":"La gu\u00eda de Pamplona","description":"Noticias de Pamplona","publisher":{"@id":"https:\/\/www.laguiadepamplona.com\/actualidad\/#organization"},"potentialAction":[{"@type":"SearchAction","target":{"@type":"EntryPoint","urlTemplate":"https:\/\/www.laguiadepamplona.com\/actualidad\/?s={search_term_string}"},"query-input":{"@type":"PropertyValueSpecification","valueRequired":true,"valueName":"search_term_string"}}],"inLanguage":"es"},{"@type":"Organization","@id":"https:\/\/www.laguiadepamplona.com\/actualidad\/#organization","name":"La Gu\u00eda de Pamplona \/ Noticias","url":"https:\/\/www.laguiadepamplona.com\/actualidad\/","logo":{"@type":"ImageObject","inLanguage":"es","@id":"https:\/\/www.laguiadepamplona.com\/actualidad\/#\/schema\/logo\/image\/","url":"https:\/\/www.laguiadepamplona.com\/actualidad\/wp-content\/uploads\/2018\/11\/logo-laguiadepamplona18-web1.png","contentUrl":"https:\/\/www.laguiadepamplona.com\/actualidad\/wp-content\/uploads\/2018\/11\/logo-laguiadepamplona18-web1.png","width":600,"height":196,"caption":"La Gu\u00eda de Pamplona \/ Noticias"},"image":{"@id":"https:\/\/www.laguiadepamplona.com\/actualidad\/#\/schema\/logo\/image\/"},"sameAs":["https:\/\/www.facebook.com\/laguiadepamplonacom-133175176762273\/?ref=hl","https:\/\/x.com\/LaGuiadPamplona","https:\/\/www.instagram.com\/la_guia_de_pamplona\/","https:\/\/www.youtube.com\/user\/laguiadepamplona"]},{"@type":"Person","@id":"https:\/\/www.laguiadepamplona.com\/actualidad\/#\/schema\/person\/efe887376f0213d4657c93adc50b1fdb","name":"La Gu\u00eda de Pamplona","image":{"@type":"ImageObject","inLanguage":"es","@id":"https:\/\/secure.gravatar.com\/avatar\/b6992f131dc8d30ab0dff15446e9d346d9dbd95992de0fef795073f5ea83a81c?s=96&d=mm&r=g","url":"https:\/\/secure.gravatar.com\/avatar\/b6992f131dc8d30ab0dff15446e9d346d9dbd95992de0fef795073f5ea83a81c?s=96&d=mm&r=g","contentUrl":"https:\/\/secure.gravatar.com\/avatar\/b6992f131dc8d30ab0dff15446e9d346d9dbd95992de0fef795073f5ea83a81c?s=96&d=mm&r=g","caption":"La Gu\u00eda de Pamplona"}}]}},"post_mailing_queue_ids":[],"_links":{"self":[{"href":"https:\/\/www.laguiadepamplona.com\/actualidad\/wp-json\/wp\/v2\/posts\/42474","targetHints":{"allow":["GET"]}}],"collection":[{"href":"https:\/\/www.laguiadepamplona.com\/actualidad\/wp-json\/wp\/v2\/posts"}],"about":[{"href":"https:\/\/www.laguiadepamplona.com\/actualidad\/wp-json\/wp\/v2\/types\/post"}],"author":[{"embeddable":true,"href":"https:\/\/www.laguiadepamplona.com\/actualidad\/wp-json\/wp\/v2\/users\/1"}],"replies":[{"embeddable":true,"href":"https:\/\/www.laguiadepamplona.com\/actualidad\/wp-json\/wp\/v2\/comments?post=42474"}],"version-history":[{"count":0,"href":"https:\/\/www.laguiadepamplona.com\/actualidad\/wp-json\/wp\/v2\/posts\/42474\/revisions"}],"wp:featuredmedia":[{"embeddable":true,"href":"https:\/\/www.laguiadepamplona.com\/actualidad\/wp-json\/wp\/v2\/media\/42475"}],"wp:attachment":[{"href":"https:\/\/www.laguiadepamplona.com\/actualidad\/wp-json\/wp\/v2\/media?parent=42474"}],"wp:term":[{"taxonomy":"category","embeddable":true,"href":"https:\/\/www.laguiadepamplona.com\/actualidad\/wp-json\/wp\/v2\/categories?post=42474"},{"taxonomy":"post_tag","embeddable":true,"href":"https:\/\/www.laguiadepamplona.com\/actualidad\/wp-json\/wp\/v2\/tags?post=42474"}],"curies":[{"name":"wp","href":"https:\/\/api.w.org\/{rel}","templated":true}]}}