{"id":42471,"date":"2022-12-16T14:16:06","date_gmt":"2022-12-16T12:16:06","guid":{"rendered":"https:\/\/www.laguiadepamplona.com\/actualidad\/?p=42471"},"modified":"2023-04-11T11:47:27","modified_gmt":"2023-04-11T09:47:27","slug":"la-feria-de-navidad-de-la-plaza-del-castillo-abre-esta-tarde-con-su-tradicional-oferta-de-productos-artesanos-y-un-espacio-destinado-a-venta-de-productos-de-comercio-justo","status":"publish","type":"post","link":"https:\/\/www.laguiadepamplona.com\/actualidad\/la-feria-de-navidad-de-la-plaza-del-castillo-abre-esta-tarde-con-su-tradicional-oferta-de-productos-artesanos-y-un-espacio-destinado-a-venta-de-productos-de-comercio-justo\/","title":{"rendered":"La Feria de Navidad de la Plaza del Castillo abre esta tarde con su tradicional oferta de productos artesanos y un espacio destinado a venta de productos de comercio justo"},"content":{"rendered":"<h5>El mercado estar\u00e1 abierto hasta el 5 de enero, salvo 25 de diciembre y 1 de enero, en horario de ma\u00f1ana y tarde, de 11 a 14 y de 17 a 20 horas<\/h5>\n<p><!--more--><\/p>\n<p>La tradicional Feria de Navidad que organiza el Ayuntamiento de Pamplona regresa fiel a su cita en la Plaza del Castillo. Esta tarde, <strong><u>a partir de las 17 horas<\/u><\/strong>, 27 casetas ofrecer\u00e1n productos artesanos, sobre todo de alimentaci\u00f3n, pero tambi\u00e9n de otro tipo. Adem\u00e1s, habr\u00e1 otra caseta destinada a la exposici\u00f3n y venta de productos de comercio justo, atendida por personas voluntarias.<\/p>\n<p>Las 28 casetas del mercado navide\u00f1o, de estilo r\u00fastico similar al de los tradicionales mercados europeos, estar\u00e1n abiertas en horario de ma\u00f1ana y tarde, de 11 a 14 y de 17 a 20 horas. El mercado abre todos los d\u00edas, hasta el 5 de enero incluido, con excepci\u00f3n de dos domingos: el 25 de diciembre, d\u00eda de Navidad, y el 1 de enero, A\u00f1o Nuevo.<br \/>\n<script async src=\"\/\/pagead2.googlesyndication.com\/pagead\/js\/adsbygoogle.js\"><\/script><br \/>\n<!-- Noticias La Guia de Pamplona --><br \/>\n<ins class=\"adsbygoogle\"\nstyle=\"display:block\"\ndata-ad-client=\"ca-pub-6943679897239327\"\ndata-ad-slot=\"7048180777\"\ndata-ad-format=\"auto\"><\/ins><br \/>\n<script>\n(adsbygoogle = window.adsbygoogle || []).push({});\n<\/script><\/p>\n<p>Coincidiendo con la apertura al p\u00fablico, el reno navide\u00f1o que fue retirado para facilitar el montaje de la feria vuelve a su ubicaci\u00f3n original. Esta figura de gran tama\u00f1o, con su trineo y el atuendo t\u00edpico de Pap\u00e1 Noel, es una de las novedades de la iluminaci\u00f3n navide\u00f1a de la ciudad y se ha convertido en uno de los puntos m\u00e1s fotografiados, que cuenta ahora con el fondo del mercado ya en funcionamiento.<\/p>\n<p>Entre los productos alimentarios a la venta, la feria ofrece quesos, embutidos, chocolates, pastas, turrones, mermeladas, licores, miel o infusiones. Pero la feria tambi\u00e9n cuenta con productos de artesan\u00eda no alimentarios, como bisuter\u00eda, cuero, vidrio, trabajo de madera, jabones, plater\u00eda, cester\u00eda, lana, textil y complementos.<\/p>\n<p>En la edici\u00f3n de este a\u00f1o, una de las casetas se destina a la exposici\u00f3n y venta de productos de comercio justo, que aglutina a las distintas organizaciones que promocionan este tipo de comercio en la ciudad.<\/p>\n<p>La Feria de Navidad es un evento ya tradicional en Pamplona y busca acercar el producto artesano y de calidad a todos los pamploneses\/as y turistas, en una \u00e9poca de especial importancia para las ventas en el comercio local.<br \/>\n<script async src=\"\/\/pagead2.googlesyndication.com\/pagead\/js\/adsbygoogle.js\"><\/script><br \/>\n<!-- Noticias La Guia de Pamplona --><br \/>\n<ins class=\"adsbygoogle\"\nstyle=\"display:block\"\ndata-ad-client=\"ca-pub-6943679897239327\"\ndata-ad-slot=\"7048180777\"\ndata-ad-format=\"auto\"><\/ins><br \/>\n<script>\n(adsbygoogle = window.adsbygoogle || []).push({});\n<\/script><\/p>\n<p><strong>\u00a0<\/strong><\/p>\n<h3>La Feria, En Datos<\/h3>\n<ul>\n<li>28 casetas r\u00fasticas de madera<\/li>\n<li>Productos artesanos alimentarios y no alimentarios<\/li>\n<li>Horario de 11 a 14 y de 17 a 20 horas, hasta el 5 de enero<\/li>\n<li>Cerrado: los domingos 25 de diciembre y 1 de enero<\/li>\n<li>Organiza la feria el Ayuntamiento de Pamplona y la gestiona la Asociaci\u00f3n de Elaboradores de Alimentos Artesanos de Navarra<\/li>\n<\/ul>\n","protected":false},"excerpt":{"rendered":"<p>El mercado estar\u00e1 abierto hasta el 5 de enero, salvo 25 de diciembre y 1 de enero, en horario de ma\u00f1ana y tarde, de 11 a 14 y de 17&#8230;<\/p>\n","protected":false},"author":1,"featured_media":42472,"comment_status":"open","ping_status":"closed","sticky":false,"template":"","format":"standard","meta":{"footnotes":""},"categories":[2],"tags":[],"class_list":["post-42471","post","type-post","status-publish","format-standard","has-post-thumbnail","hentry","category-ayuntamiento-pamplona"],"yoast_head":"<!-- This site is optimized with the Yoast SEO plugin v27.3 - https:\/\/yoast.com\/product\/yoast-seo-wordpress\/ -->\n<title>La Feria de Navidad de la Plaza del Castillo abre esta tarde con su tradicional oferta de productos artesanos y un espacio destinado a venta de productos de comercio justo<\/title>\n<meta name=\"description\" content=\"El mercado estar\u00e1 abierto hasta el 5 de enero, salvo 25 de diciembre y 1 de enero, en horario de ma\u00f1ana y tarde, de 11 a 14 y de 17 a 20 horas\" \/>\n<meta name=\"robots\" content=\"index, follow, max-snippet:-1, max-image-preview:large, max-video-preview:-1\" \/>\n<link rel=\"canonical\" href=\"https:\/\/www.laguiadepamplona.com\/actualidad\/la-feria-de-navidad-de-la-plaza-del-castillo-abre-esta-tarde-con-su-tradicional-oferta-de-productos-artesanos-y-un-espacio-destinado-a-venta-de-productos-de-comercio-justo\/\" \/>\n<meta property=\"og:locale\" content=\"es_ES\" \/>\n<meta property=\"og:type\" content=\"article\" \/>\n<meta property=\"og:title\" content=\"La Feria de Navidad de la Plaza del Castillo abre esta tarde con su tradicional oferta de productos artesanos y un espacio destinado a venta de productos de comercio justo\" \/>\n<meta property=\"og:description\" content=\"El mercado estar\u00e1 abierto hasta el 5 de enero, salvo 25 de diciembre y 1 de enero, en horario de ma\u00f1ana y tarde, de 11 a 14 y de 17 a 20 horas\" \/>\n<meta property=\"og:url\" content=\"https:\/\/www.laguiadepamplona.com\/actualidad\/la-feria-de-navidad-de-la-plaza-del-castillo-abre-esta-tarde-con-su-tradicional-oferta-de-productos-artesanos-y-un-espacio-destinado-a-venta-de-productos-de-comercio-justo\/\" \/>\n<meta property=\"og:site_name\" content=\"La Gu\u00eda de Pamplona\" \/>\n<meta property=\"article:publisher\" content=\"https:\/\/www.facebook.com\/laguiadepamplonacom-133175176762273\/?ref=hl\" \/>\n<meta property=\"article:published_time\" content=\"2022-12-16T12:16:06+00:00\" \/>\n<meta property=\"article:modified_time\" content=\"2023-04-11T09:47:27+00:00\" \/>\n<meta property=\"og:image\" content=\"https:\/\/www.laguiadepamplona.com\/actualidad\/wp-content\/uploads\/2022\/12\/MERCADO-NAV-PLZA.-DEL-CASTILLO_EE5A8232.webp\" \/>\n\t<meta property=\"og:image:width\" content=\"1920\" \/>\n\t<meta property=\"og:image:height\" content=\"1280\" \/>\n\t<meta property=\"og:image:type\" content=\"image\/webp\" \/>\n<meta name=\"author\" content=\"La Gu\u00eda de Pamplona\" \/>\n<meta name=\"twitter:card\" content=\"summary_large_image\" \/>\n<meta name=\"twitter:creator\" content=\"@LaGuiadPamplona\" \/>\n<meta name=\"twitter:site\" content=\"@LaGuiadPamplona\" \/>\n<meta name=\"twitter:label1\" content=\"Escrito por\" \/>\n\t<meta name=\"twitter:data1\" content=\"La Gu\u00eda de Pamplona\" \/>\n\t<meta name=\"twitter:label2\" content=\"Tiempo de lectura\" \/>\n\t<meta name=\"twitter:data2\" content=\"2 minutos\" \/>\n<script type=\"application\/ld+json\" class=\"yoast-schema-graph\">{\"@context\":\"https:\\\/\\\/schema.org\",\"@graph\":[{\"@type\":\"Article\",\"@id\":\"https:\\\/\\\/www.laguiadepamplona.com\\\/actualidad\\\/la-feria-de-navidad-de-la-plaza-del-castillo-abre-esta-tarde-con-su-tradicional-oferta-de-productos-artesanos-y-un-espacio-destinado-a-venta-de-productos-de-comercio-justo\\\/#article\",\"isPartOf\":{\"@id\":\"https:\\\/\\\/www.laguiadepamplona.com\\\/actualidad\\\/la-feria-de-navidad-de-la-plaza-del-castillo-abre-esta-tarde-con-su-tradicional-oferta-de-productos-artesanos-y-un-espacio-destinado-a-venta-de-productos-de-comercio-justo\\\/\"},\"author\":{\"name\":\"La Gu\u00eda de Pamplona\",\"@id\":\"https:\\\/\\\/www.laguiadepamplona.com\\\/actualidad\\\/#\\\/schema\\\/person\\\/efe887376f0213d4657c93adc50b1fdb\"},\"headline\":\"La Feria de Navidad de la Plaza del Castillo abre esta tarde con su tradicional oferta de productos artesanos y un espacio destinado a venta de productos de comercio justo\",\"datePublished\":\"2022-12-16T12:16:06+00:00\",\"dateModified\":\"2023-04-11T09:47:27+00:00\",\"mainEntityOfPage\":{\"@id\":\"https:\\\/\\\/www.laguiadepamplona.com\\\/actualidad\\\/la-feria-de-navidad-de-la-plaza-del-castillo-abre-esta-tarde-con-su-tradicional-oferta-de-productos-artesanos-y-un-espacio-destinado-a-venta-de-productos-de-comercio-justo\\\/\"},\"wordCount\":452,\"commentCount\":0,\"publisher\":{\"@id\":\"https:\\\/\\\/www.laguiadepamplona.com\\\/actualidad\\\/#organization\"},\"image\":{\"@id\":\"https:\\\/\\\/www.laguiadepamplona.com\\\/actualidad\\\/la-feria-de-navidad-de-la-plaza-del-castillo-abre-esta-tarde-con-su-tradicional-oferta-de-productos-artesanos-y-un-espacio-destinado-a-venta-de-productos-de-comercio-justo\\\/#primaryimage\"},\"thumbnailUrl\":\"https:\\\/\\\/www.laguiadepamplona.com\\\/actualidad\\\/wp-content\\\/uploads\\\/2022\\\/12\\\/MERCADO-NAV-PLZA.-DEL-CASTILLO_EE5A8232.webp\",\"articleSection\":[\"Ayto Pamplona\"],\"inLanguage\":\"es\",\"potentialAction\":[{\"@type\":\"CommentAction\",\"name\":\"Comment\",\"target\":[\"https:\\\/\\\/www.laguiadepamplona.com\\\/actualidad\\\/la-feria-de-navidad-de-la-plaza-del-castillo-abre-esta-tarde-con-su-tradicional-oferta-de-productos-artesanos-y-un-espacio-destinado-a-venta-de-productos-de-comercio-justo\\\/#respond\"]}]},{\"@type\":\"WebPage\",\"@id\":\"https:\\\/\\\/www.laguiadepamplona.com\\\/actualidad\\\/la-feria-de-navidad-de-la-plaza-del-castillo-abre-esta-tarde-con-su-tradicional-oferta-de-productos-artesanos-y-un-espacio-destinado-a-venta-de-productos-de-comercio-justo\\\/\",\"url\":\"https:\\\/\\\/www.laguiadepamplona.com\\\/actualidad\\\/la-feria-de-navidad-de-la-plaza-del-castillo-abre-esta-tarde-con-su-tradicional-oferta-de-productos-artesanos-y-un-espacio-destinado-a-venta-de-productos-de-comercio-justo\\\/\",\"name\":\"La Feria de Navidad de la Plaza del Castillo abre esta tarde con su tradicional oferta de productos artesanos y un espacio destinado a venta de productos de comercio justo\",\"isPartOf\":{\"@id\":\"https:\\\/\\\/www.laguiadepamplona.com\\\/actualidad\\\/#website\"},\"primaryImageOfPage\":{\"@id\":\"https:\\\/\\\/www.laguiadepamplona.com\\\/actualidad\\\/la-feria-de-navidad-de-la-plaza-del-castillo-abre-esta-tarde-con-su-tradicional-oferta-de-productos-artesanos-y-un-espacio-destinado-a-venta-de-productos-de-comercio-justo\\\/#primaryimage\"},\"image\":{\"@id\":\"https:\\\/\\\/www.laguiadepamplona.com\\\/actualidad\\\/la-feria-de-navidad-de-la-plaza-del-castillo-abre-esta-tarde-con-su-tradicional-oferta-de-productos-artesanos-y-un-espacio-destinado-a-venta-de-productos-de-comercio-justo\\\/#primaryimage\"},\"thumbnailUrl\":\"https:\\\/\\\/www.laguiadepamplona.com\\\/actualidad\\\/wp-content\\\/uploads\\\/2022\\\/12\\\/MERCADO-NAV-PLZA.-DEL-CASTILLO_EE5A8232.webp\",\"datePublished\":\"2022-12-16T12:16:06+00:00\",\"dateModified\":\"2023-04-11T09:47:27+00:00\",\"description\":\"El mercado estar\u00e1 abierto hasta el 5 de enero, salvo 25 de diciembre y 1 de enero, en horario de ma\u00f1ana y tarde, de 11 a 14 y de 17 a 20 horas\",\"breadcrumb\":{\"@id\":\"https:\\\/\\\/www.laguiadepamplona.com\\\/actualidad\\\/la-feria-de-navidad-de-la-plaza-del-castillo-abre-esta-tarde-con-su-tradicional-oferta-de-productos-artesanos-y-un-espacio-destinado-a-venta-de-productos-de-comercio-justo\\\/#breadcrumb\"},\"inLanguage\":\"es\",\"potentialAction\":[{\"@type\":\"ReadAction\",\"target\":[\"https:\\\/\\\/www.laguiadepamplona.com\\\/actualidad\\\/la-feria-de-navidad-de-la-plaza-del-castillo-abre-esta-tarde-con-su-tradicional-oferta-de-productos-artesanos-y-un-espacio-destinado-a-venta-de-productos-de-comercio-justo\\\/\"]}]},{\"@type\":\"ImageObject\",\"inLanguage\":\"es\",\"@id\":\"https:\\\/\\\/www.laguiadepamplona.com\\\/actualidad\\\/la-feria-de-navidad-de-la-plaza-del-castillo-abre-esta-tarde-con-su-tradicional-oferta-de-productos-artesanos-y-un-espacio-destinado-a-venta-de-productos-de-comercio-justo\\\/#primaryimage\",\"url\":\"https:\\\/\\\/www.laguiadepamplona.com\\\/actualidad\\\/wp-content\\\/uploads\\\/2022\\\/12\\\/MERCADO-NAV-PLZA.-DEL-CASTILLO_EE5A8232.webp\",\"contentUrl\":\"https:\\\/\\\/www.laguiadepamplona.com\\\/actualidad\\\/wp-content\\\/uploads\\\/2022\\\/12\\\/MERCADO-NAV-PLZA.-DEL-CASTILLO_EE5A8232.webp\",\"width\":1920,\"height\":1280},{\"@type\":\"BreadcrumbList\",\"@id\":\"https:\\\/\\\/www.laguiadepamplona.com\\\/actualidad\\\/la-feria-de-navidad-de-la-plaza-del-castillo-abre-esta-tarde-con-su-tradicional-oferta-de-productos-artesanos-y-un-espacio-destinado-a-venta-de-productos-de-comercio-justo\\\/#breadcrumb\",\"itemListElement\":[{\"@type\":\"ListItem\",\"position\":1,\"name\":\"Portada\",\"item\":\"https:\\\/\\\/www.laguiadepamplona.com\\\/actualidad\\\/\"},{\"@type\":\"ListItem\",\"position\":2,\"name\":\"La Feria de Navidad de la Plaza del Castillo abre esta tarde con su tradicional oferta de productos artesanos y un espacio destinado a venta de productos de comercio justo\"}]},{\"@type\":\"WebSite\",\"@id\":\"https:\\\/\\\/www.laguiadepamplona.com\\\/actualidad\\\/#website\",\"url\":\"https:\\\/\\\/www.laguiadepamplona.com\\\/actualidad\\\/\",\"name\":\"La gu\u00eda de Pamplona\",\"description\":\"Noticias de Pamplona\",\"publisher\":{\"@id\":\"https:\\\/\\\/www.laguiadepamplona.com\\\/actualidad\\\/#organization\"},\"potentialAction\":[{\"@type\":\"SearchAction\",\"target\":{\"@type\":\"EntryPoint\",\"urlTemplate\":\"https:\\\/\\\/www.laguiadepamplona.com\\\/actualidad\\\/?s={search_term_string}\"},\"query-input\":{\"@type\":\"PropertyValueSpecification\",\"valueRequired\":true,\"valueName\":\"search_term_string\"}}],\"inLanguage\":\"es\"},{\"@type\":\"Organization\",\"@id\":\"https:\\\/\\\/www.laguiadepamplona.com\\\/actualidad\\\/#organization\",\"name\":\"La Gu\u00eda de Pamplona \\\/ Noticias\",\"url\":\"https:\\\/\\\/www.laguiadepamplona.com\\\/actualidad\\\/\",\"logo\":{\"@type\":\"ImageObject\",\"inLanguage\":\"es\",\"@id\":\"https:\\\/\\\/www.laguiadepamplona.com\\\/actualidad\\\/#\\\/schema\\\/logo\\\/image\\\/\",\"url\":\"https:\\\/\\\/www.laguiadepamplona.com\\\/actualidad\\\/wp-content\\\/uploads\\\/2018\\\/11\\\/logo-laguiadepamplona18-web1.png\",\"contentUrl\":\"https:\\\/\\\/www.laguiadepamplona.com\\\/actualidad\\\/wp-content\\\/uploads\\\/2018\\\/11\\\/logo-laguiadepamplona18-web1.png\",\"width\":600,\"height\":196,\"caption\":\"La Gu\u00eda de Pamplona \\\/ Noticias\"},\"image\":{\"@id\":\"https:\\\/\\\/www.laguiadepamplona.com\\\/actualidad\\\/#\\\/schema\\\/logo\\\/image\\\/\"},\"sameAs\":[\"https:\\\/\\\/www.facebook.com\\\/laguiadepamplonacom-133175176762273\\\/?ref=hl\",\"https:\\\/\\\/x.com\\\/LaGuiadPamplona\",\"https:\\\/\\\/www.instagram.com\\\/la_guia_de_pamplona\\\/\",\"https:\\\/\\\/www.youtube.com\\\/user\\\/laguiadepamplona\"]},{\"@type\":\"Person\",\"@id\":\"https:\\\/\\\/www.laguiadepamplona.com\\\/actualidad\\\/#\\\/schema\\\/person\\\/efe887376f0213d4657c93adc50b1fdb\",\"name\":\"La Gu\u00eda de Pamplona\",\"image\":{\"@type\":\"ImageObject\",\"inLanguage\":\"es\",\"@id\":\"https:\\\/\\\/secure.gravatar.com\\\/avatar\\\/b6992f131dc8d30ab0dff15446e9d346d9dbd95992de0fef795073f5ea83a81c?s=96&d=mm&r=g\",\"url\":\"https:\\\/\\\/secure.gravatar.com\\\/avatar\\\/b6992f131dc8d30ab0dff15446e9d346d9dbd95992de0fef795073f5ea83a81c?s=96&d=mm&r=g\",\"contentUrl\":\"https:\\\/\\\/secure.gravatar.com\\\/avatar\\\/b6992f131dc8d30ab0dff15446e9d346d9dbd95992de0fef795073f5ea83a81c?s=96&d=mm&r=g\",\"caption\":\"La Gu\u00eda de Pamplona\"}}]}<\/script>\n<!-- \/ Yoast SEO plugin. -->","yoast_head_json":{"title":"La Feria de Navidad de la Plaza del Castillo abre esta tarde con su tradicional oferta de productos artesanos y un espacio destinado a venta de productos de comercio justo","description":"El mercado estar\u00e1 abierto hasta el 5 de enero, salvo 25 de diciembre y 1 de enero, en horario de ma\u00f1ana y tarde, de 11 a 14 y de 17 a 20 horas","robots":{"index":"index","follow":"follow","max-snippet":"max-snippet:-1","max-image-preview":"max-image-preview:large","max-video-preview":"max-video-preview:-1"},"canonical":"https:\/\/www.laguiadepamplona.com\/actualidad\/la-feria-de-navidad-de-la-plaza-del-castillo-abre-esta-tarde-con-su-tradicional-oferta-de-productos-artesanos-y-un-espacio-destinado-a-venta-de-productos-de-comercio-justo\/","og_locale":"es_ES","og_type":"article","og_title":"La Feria de Navidad de la Plaza del Castillo abre esta tarde con su tradicional oferta de productos artesanos y un espacio destinado a venta de productos de comercio justo","og_description":"El mercado estar\u00e1 abierto hasta el 5 de enero, salvo 25 de diciembre y 1 de enero, en horario de ma\u00f1ana y tarde, de 11 a 14 y de 17 a 20 horas","og_url":"https:\/\/www.laguiadepamplona.com\/actualidad\/la-feria-de-navidad-de-la-plaza-del-castillo-abre-esta-tarde-con-su-tradicional-oferta-de-productos-artesanos-y-un-espacio-destinado-a-venta-de-productos-de-comercio-justo\/","og_site_name":"La Gu\u00eda de Pamplona","article_publisher":"https:\/\/www.facebook.com\/laguiadepamplonacom-133175176762273\/?ref=hl","article_published_time":"2022-12-16T12:16:06+00:00","article_modified_time":"2023-04-11T09:47:27+00:00","og_image":[{"width":1920,"height":1280,"url":"https:\/\/www.laguiadepamplona.com\/actualidad\/wp-content\/uploads\/2022\/12\/MERCADO-NAV-PLZA.-DEL-CASTILLO_EE5A8232.webp","type":"image\/webp"}],"author":"La Gu\u00eda de Pamplona","twitter_card":"summary_large_image","twitter_creator":"@LaGuiadPamplona","twitter_site":"@LaGuiadPamplona","twitter_misc":{"Escrito por":"La Gu\u00eda de Pamplona","Tiempo de lectura":"2 minutos"},"schema":{"@context":"https:\/\/schema.org","@graph":[{"@type":"Article","@id":"https:\/\/www.laguiadepamplona.com\/actualidad\/la-feria-de-navidad-de-la-plaza-del-castillo-abre-esta-tarde-con-su-tradicional-oferta-de-productos-artesanos-y-un-espacio-destinado-a-venta-de-productos-de-comercio-justo\/#article","isPartOf":{"@id":"https:\/\/www.laguiadepamplona.com\/actualidad\/la-feria-de-navidad-de-la-plaza-del-castillo-abre-esta-tarde-con-su-tradicional-oferta-de-productos-artesanos-y-un-espacio-destinado-a-venta-de-productos-de-comercio-justo\/"},"author":{"name":"La Gu\u00eda de Pamplona","@id":"https:\/\/www.laguiadepamplona.com\/actualidad\/#\/schema\/person\/efe887376f0213d4657c93adc50b1fdb"},"headline":"La Feria de Navidad de la Plaza del Castillo abre esta tarde con su tradicional oferta de productos artesanos y un espacio destinado a venta de productos de comercio justo","datePublished":"2022-12-16T12:16:06+00:00","dateModified":"2023-04-11T09:47:27+00:00","mainEntityOfPage":{"@id":"https:\/\/www.laguiadepamplona.com\/actualidad\/la-feria-de-navidad-de-la-plaza-del-castillo-abre-esta-tarde-con-su-tradicional-oferta-de-productos-artesanos-y-un-espacio-destinado-a-venta-de-productos-de-comercio-justo\/"},"wordCount":452,"commentCount":0,"publisher":{"@id":"https:\/\/www.laguiadepamplona.com\/actualidad\/#organization"},"image":{"@id":"https:\/\/www.laguiadepamplona.com\/actualidad\/la-feria-de-navidad-de-la-plaza-del-castillo-abre-esta-tarde-con-su-tradicional-oferta-de-productos-artesanos-y-un-espacio-destinado-a-venta-de-productos-de-comercio-justo\/#primaryimage"},"thumbnailUrl":"https:\/\/www.laguiadepamplona.com\/actualidad\/wp-content\/uploads\/2022\/12\/MERCADO-NAV-PLZA.-DEL-CASTILLO_EE5A8232.webp","articleSection":["Ayto Pamplona"],"inLanguage":"es","potentialAction":[{"@type":"CommentAction","name":"Comment","target":["https:\/\/www.laguiadepamplona.com\/actualidad\/la-feria-de-navidad-de-la-plaza-del-castillo-abre-esta-tarde-con-su-tradicional-oferta-de-productos-artesanos-y-un-espacio-destinado-a-venta-de-productos-de-comercio-justo\/#respond"]}]},{"@type":"WebPage","@id":"https:\/\/www.laguiadepamplona.com\/actualidad\/la-feria-de-navidad-de-la-plaza-del-castillo-abre-esta-tarde-con-su-tradicional-oferta-de-productos-artesanos-y-un-espacio-destinado-a-venta-de-productos-de-comercio-justo\/","url":"https:\/\/www.laguiadepamplona.com\/actualidad\/la-feria-de-navidad-de-la-plaza-del-castillo-abre-esta-tarde-con-su-tradicional-oferta-de-productos-artesanos-y-un-espacio-destinado-a-venta-de-productos-de-comercio-justo\/","name":"La Feria de Navidad de la Plaza del Castillo abre esta tarde con su tradicional oferta de productos artesanos y un espacio destinado a venta de productos de comercio justo","isPartOf":{"@id":"https:\/\/www.laguiadepamplona.com\/actualidad\/#website"},"primaryImageOfPage":{"@id":"https:\/\/www.laguiadepamplona.com\/actualidad\/la-feria-de-navidad-de-la-plaza-del-castillo-abre-esta-tarde-con-su-tradicional-oferta-de-productos-artesanos-y-un-espacio-destinado-a-venta-de-productos-de-comercio-justo\/#primaryimage"},"image":{"@id":"https:\/\/www.laguiadepamplona.com\/actualidad\/la-feria-de-navidad-de-la-plaza-del-castillo-abre-esta-tarde-con-su-tradicional-oferta-de-productos-artesanos-y-un-espacio-destinado-a-venta-de-productos-de-comercio-justo\/#primaryimage"},"thumbnailUrl":"https:\/\/www.laguiadepamplona.com\/actualidad\/wp-content\/uploads\/2022\/12\/MERCADO-NAV-PLZA.-DEL-CASTILLO_EE5A8232.webp","datePublished":"2022-12-16T12:16:06+00:00","dateModified":"2023-04-11T09:47:27+00:00","description":"El mercado estar\u00e1 abierto hasta el 5 de enero, salvo 25 de diciembre y 1 de enero, en horario de ma\u00f1ana y tarde, de 11 a 14 y de 17 a 20 horas","breadcrumb":{"@id":"https:\/\/www.laguiadepamplona.com\/actualidad\/la-feria-de-navidad-de-la-plaza-del-castillo-abre-esta-tarde-con-su-tradicional-oferta-de-productos-artesanos-y-un-espacio-destinado-a-venta-de-productos-de-comercio-justo\/#breadcrumb"},"inLanguage":"es","potentialAction":[{"@type":"ReadAction","target":["https:\/\/www.laguiadepamplona.com\/actualidad\/la-feria-de-navidad-de-la-plaza-del-castillo-abre-esta-tarde-con-su-tradicional-oferta-de-productos-artesanos-y-un-espacio-destinado-a-venta-de-productos-de-comercio-justo\/"]}]},{"@type":"ImageObject","inLanguage":"es","@id":"https:\/\/www.laguiadepamplona.com\/actualidad\/la-feria-de-navidad-de-la-plaza-del-castillo-abre-esta-tarde-con-su-tradicional-oferta-de-productos-artesanos-y-un-espacio-destinado-a-venta-de-productos-de-comercio-justo\/#primaryimage","url":"https:\/\/www.laguiadepamplona.com\/actualidad\/wp-content\/uploads\/2022\/12\/MERCADO-NAV-PLZA.-DEL-CASTILLO_EE5A8232.webp","contentUrl":"https:\/\/www.laguiadepamplona.com\/actualidad\/wp-content\/uploads\/2022\/12\/MERCADO-NAV-PLZA.-DEL-CASTILLO_EE5A8232.webp","width":1920,"height":1280},{"@type":"BreadcrumbList","@id":"https:\/\/www.laguiadepamplona.com\/actualidad\/la-feria-de-navidad-de-la-plaza-del-castillo-abre-esta-tarde-con-su-tradicional-oferta-de-productos-artesanos-y-un-espacio-destinado-a-venta-de-productos-de-comercio-justo\/#breadcrumb","itemListElement":[{"@type":"ListItem","position":1,"name":"Portada","item":"https:\/\/www.laguiadepamplona.com\/actualidad\/"},{"@type":"ListItem","position":2,"name":"La Feria de Navidad de la Plaza del Castillo abre esta tarde con su tradicional oferta de productos artesanos y un espacio destinado a venta de productos de comercio justo"}]},{"@type":"WebSite","@id":"https:\/\/www.laguiadepamplona.com\/actualidad\/#website","url":"https:\/\/www.laguiadepamplona.com\/actualidad\/","name":"La gu\u00eda de Pamplona","description":"Noticias de Pamplona","publisher":{"@id":"https:\/\/www.laguiadepamplona.com\/actualidad\/#organization"},"potentialAction":[{"@type":"SearchAction","target":{"@type":"EntryPoint","urlTemplate":"https:\/\/www.laguiadepamplona.com\/actualidad\/?s={search_term_string}"},"query-input":{"@type":"PropertyValueSpecification","valueRequired":true,"valueName":"search_term_string"}}],"inLanguage":"es"},{"@type":"Organization","@id":"https:\/\/www.laguiadepamplona.com\/actualidad\/#organization","name":"La Gu\u00eda de Pamplona \/ Noticias","url":"https:\/\/www.laguiadepamplona.com\/actualidad\/","logo":{"@type":"ImageObject","inLanguage":"es","@id":"https:\/\/www.laguiadepamplona.com\/actualidad\/#\/schema\/logo\/image\/","url":"https:\/\/www.laguiadepamplona.com\/actualidad\/wp-content\/uploads\/2018\/11\/logo-laguiadepamplona18-web1.png","contentUrl":"https:\/\/www.laguiadepamplona.com\/actualidad\/wp-content\/uploads\/2018\/11\/logo-laguiadepamplona18-web1.png","width":600,"height":196,"caption":"La Gu\u00eda de Pamplona \/ Noticias"},"image":{"@id":"https:\/\/www.laguiadepamplona.com\/actualidad\/#\/schema\/logo\/image\/"},"sameAs":["https:\/\/www.facebook.com\/laguiadepamplonacom-133175176762273\/?ref=hl","https:\/\/x.com\/LaGuiadPamplona","https:\/\/www.instagram.com\/la_guia_de_pamplona\/","https:\/\/www.youtube.com\/user\/laguiadepamplona"]},{"@type":"Person","@id":"https:\/\/www.laguiadepamplona.com\/actualidad\/#\/schema\/person\/efe887376f0213d4657c93adc50b1fdb","name":"La Gu\u00eda de Pamplona","image":{"@type":"ImageObject","inLanguage":"es","@id":"https:\/\/secure.gravatar.com\/avatar\/b6992f131dc8d30ab0dff15446e9d346d9dbd95992de0fef795073f5ea83a81c?s=96&d=mm&r=g","url":"https:\/\/secure.gravatar.com\/avatar\/b6992f131dc8d30ab0dff15446e9d346d9dbd95992de0fef795073f5ea83a81c?s=96&d=mm&r=g","contentUrl":"https:\/\/secure.gravatar.com\/avatar\/b6992f131dc8d30ab0dff15446e9d346d9dbd95992de0fef795073f5ea83a81c?s=96&d=mm&r=g","caption":"La Gu\u00eda de Pamplona"}}]}},"post_mailing_queue_ids":[],"_links":{"self":[{"href":"https:\/\/www.laguiadepamplona.com\/actualidad\/wp-json\/wp\/v2\/posts\/42471","targetHints":{"allow":["GET"]}}],"collection":[{"href":"https:\/\/www.laguiadepamplona.com\/actualidad\/wp-json\/wp\/v2\/posts"}],"about":[{"href":"https:\/\/www.laguiadepamplona.com\/actualidad\/wp-json\/wp\/v2\/types\/post"}],"author":[{"embeddable":true,"href":"https:\/\/www.laguiadepamplona.com\/actualidad\/wp-json\/wp\/v2\/users\/1"}],"replies":[{"embeddable":true,"href":"https:\/\/www.laguiadepamplona.com\/actualidad\/wp-json\/wp\/v2\/comments?post=42471"}],"version-history":[{"count":0,"href":"https:\/\/www.laguiadepamplona.com\/actualidad\/wp-json\/wp\/v2\/posts\/42471\/revisions"}],"wp:featuredmedia":[{"embeddable":true,"href":"https:\/\/www.laguiadepamplona.com\/actualidad\/wp-json\/wp\/v2\/media\/42472"}],"wp:attachment":[{"href":"https:\/\/www.laguiadepamplona.com\/actualidad\/wp-json\/wp\/v2\/media?parent=42471"}],"wp:term":[{"taxonomy":"category","embeddable":true,"href":"https:\/\/www.laguiadepamplona.com\/actualidad\/wp-json\/wp\/v2\/categories?post=42471"},{"taxonomy":"post_tag","embeddable":true,"href":"https:\/\/www.laguiadepamplona.com\/actualidad\/wp-json\/wp\/v2\/tags?post=42471"}],"curies":[{"name":"wp","href":"https:\/\/api.w.org\/{rel}","templated":true}]}}