{"id":42468,"date":"2022-12-16T14:13:25","date_gmt":"2022-12-16T12:13:25","guid":{"rendered":"https:\/\/www.laguiadepamplona.com\/actualidad\/?p=42468"},"modified":"2023-04-11T11:47:27","modified_gmt":"2023-04-11T09:47:27","slug":"abstraccion-y-cromatismo-se-funden-en-substantzia-exposicion-de-oaia-peruarena-que-se-puede-visitar-hasta-el-12-de-febrero-en-el-pabellon-de-mixtos","status":"publish","type":"post","link":"https:\/\/www.laguiadepamplona.com\/actualidad\/abstraccion-y-cromatismo-se-funden-en-substantzia-exposicion-de-oaia-peruarena-que-se-puede-visitar-hasta-el-12-de-febrero-en-el-pabellon-de-mixtos\/","title":{"rendered":"Abstracci\u00f3n y cromatismo se funden en \u2018Substantzia\u2019, exposici\u00f3n de Oaia Peruarena, que se puede visitar hasta el 12 de febrero en el Pabell\u00f3n de Mixtos"},"content":{"rendered":"<h5>La muestra se puede visitar de martes a s\u00e1bado, de 11.30 a 13.30 horas y de 18 a 20.30 horas, y domingos y festivos, de 11.30 a 13.30 horas<\/h5>\n<p><!--more--><\/p>\n<p>La planta baja del Pabell\u00f3n de Mixtos acoge hasta el 12 de febrero la exposici\u00f3n \u2018Substantzia\u2019 de la artista Oaia Peruarena. Cromatismo, abstracci\u00f3n y composici\u00f3n conforman las caracter\u00edsticas de unas obras, en las que la autora utiliza el color para expresar la intensidad del instante y el trazo para ordenar la obra. El director de Cultura e Igualdad, Jorge Urd\u00e1noz, y la propia artista, Oaia Peruarena, han presentado esta ma\u00f1ana la exposici\u00f3n.<br \/>\n<script async src=\"\/\/pagead2.googlesyndication.com\/pagead\/js\/adsbygoogle.js\"><\/script><br \/>\n<!-- Noticias La Guia de Pamplona --><br \/>\n<ins class=\"adsbygoogle\"\nstyle=\"display:block\"\ndata-ad-client=\"ca-pub-6943679897239327\"\ndata-ad-slot=\"7048180777\"\ndata-ad-format=\"auto\"><\/ins><br \/>\n<script>\n(adsbygoogle = window.adsbygoogle || []).push({});\n<\/script><\/p>\n<p>Tal y como describe la autora en el cat\u00e1logo de la muestra, \u201cen un principio fue la necesidad de ahondar en el dibujo, la comprensi\u00f3n del color y la composici\u00f3n los que ocupaban mi inter\u00e9s; al tiempo fue la b\u00fasqueda de un lenguaje propio, una identidad\u201d. En ese momento, observando las p\u00ecnturas que ella admira, apareci\u00f3 la palabra \u2018sustancia\u2019 como algo com\u00fan a ellas, como una identidad propia sin que necesiten nada m\u00e1s para ser.<\/p>\n<p>La exposici\u00f3n recoge obras realizadas en loneta, lienzo, papel o papel artesanal, algunas de ellas de dimensiones de cerca de dos metros y otras, las de papel, en formato m\u00e1s peque\u00f1o. Peruarena utiliza el \u00f3leo y el acr\u00edlico para generar sus creaciones pict\u00f3ricas. \u2018Substantzia\u2019 se puede visitar de martes a s\u00e1bado, de 11.30 a 13.30 horas y 18 a 20.30 horas, y los domingos y festivos, de 11.30 a 13.30 horas.<br \/>\n<script async src=\"\/\/pagead2.googlesyndication.com\/pagead\/js\/adsbygoogle.js\"><\/script><br \/>\n<!-- Noticias La Guia de Pamplona --><br \/>\n<ins class=\"adsbygoogle\"\nstyle=\"display:block\"\ndata-ad-client=\"ca-pub-6943679897239327\"\ndata-ad-slot=\"7048180777\"\ndata-ad-format=\"auto\"><\/ins><br \/>\n<script>\n(adsbygoogle = window.adsbygoogle || []).push({});\n<\/script><\/p>\n<p><strong>Sobre la autora<\/strong><\/p>\n<p>Oaia Peruarena Tellechea (Irun, 1972) vive en Bera desde los 5 a\u00f1os. Dibuja y pinta desde la ni\u00f1ez, cuando le encantaba pasar las tardes dibujando junto a sus abuelos. Las primeras clases de pintura las recibe de manos de Ignacio Larramendi. Abandona los estudios a los 17 a\u00f1os y asiste a clases de policromado de muebles. Aprende tambi\u00e9n a restaurar de forma autodidacta, dedic\u00e1ndose a ello durante 5 a\u00f1os aproximadamente, pero nunca deja de pintar. Durante este tiempo asiste a clases de pintura con\u00a0I\u00f1aki \u00c1lvarez,\u00a0Maite Unzurrunzaga,\u00a0Tomas Sobrino\u00a0y\u00a0Jos\u00e9 Mari Apezetxea. Durante 6 a\u00f1os asiste a los cursos de verano de pintura al aire libre impartidos por\u00a0Jos\u00e9 Mari Apezetxea\u00a0y\u00a0Tom\u00e1s Sobrino\u00a0en Baztan.<\/p>\n<p>En un principio, es la mirada de los pintores impresionistas y posimpresionistas como Van Gogh, Monet o C\u00e9zanne los que la inspiran, pero en la medida en que va profundizando y tratando de encontrar una forma m\u00e1s acorde a lo que quiere expresar empieza a mirar en otras direcciones. En una visita al Museo Nacional Centro de Arte Reina Sofia se encuentra con la obra del pintor segoviano Esteban Vicente y es aqu\u00ed cuando se despierta su inter\u00e9s por la abstracci\u00f3n. Aparece entonces el impresionismo abstracto americano y m\u00e1s concretamente Joan Mitchell. A partir de aqu\u00ed su pintura se vuelve cada vez m\u00e1s espontanea, donde lo que busca es dejar paso a toda esa intensidad que siente. El color de la pintura tiene mucha importancia en su trabajo pues es de esta forma que expresa dicha intensidad.<\/p>\n<p>Su obra se encuentra en numerosas colecciones privadas en Francia, Alemania, Inglaterra, Australia, Estados Unidos&#8230; as\u00ed como en entidades p\u00fablicas como el museo San Telmo y la Diputaci\u00f3n Foral de Gipuzkoa.<\/p>\n","protected":false},"excerpt":{"rendered":"<p>La muestra se puede visitar de martes a s\u00e1bado, de 11.30 a 13.30 horas y de 18 a 20.30 horas, y domingos y festivos, de 11.30 a 13.30 horas<\/p>\n","protected":false},"author":1,"featured_media":42469,"comment_status":"open","ping_status":"closed","sticky":false,"template":"","format":"standard","meta":{"footnotes":""},"categories":[2],"tags":[],"class_list":["post-42468","post","type-post","status-publish","format-standard","has-post-thumbnail","hentry","category-ayuntamiento-pamplona"],"yoast_head":"<!-- This site is optimized with the Yoast SEO plugin v27.3 - https:\/\/yoast.com\/product\/yoast-seo-wordpress\/ -->\n<title>Abstracci\u00f3n y cromatismo se funden en \u2018Substantzia\u2019, exposici\u00f3n de Oaia Peruarena, que se puede visitar hasta el 12 de febrero en el Pabell\u00f3n de Mixtos<\/title>\n<meta name=\"description\" content=\"La muestra se puede visitar de martes a s\u00e1bado, de 11.30 a 13.30 horas y de 18 a 20.30 horas, y domingos y festivos, de 11.30 a 13.30 horas\" \/>\n<meta name=\"robots\" content=\"index, follow, max-snippet:-1, max-image-preview:large, max-video-preview:-1\" \/>\n<link rel=\"canonical\" href=\"https:\/\/www.laguiadepamplona.com\/actualidad\/abstraccion-y-cromatismo-se-funden-en-substantzia-exposicion-de-oaia-peruarena-que-se-puede-visitar-hasta-el-12-de-febrero-en-el-pabellon-de-mixtos\/\" \/>\n<meta property=\"og:locale\" content=\"es_ES\" \/>\n<meta property=\"og:type\" content=\"article\" \/>\n<meta property=\"og:title\" content=\"Abstracci\u00f3n y cromatismo se funden en \u2018Substantzia\u2019, exposici\u00f3n de Oaia Peruarena, que se puede visitar hasta el 12 de febrero en el Pabell\u00f3n de Mixtos\" \/>\n<meta property=\"og:description\" content=\"La muestra se puede visitar de martes a s\u00e1bado, de 11.30 a 13.30 horas y de 18 a 20.30 horas, y domingos y festivos, de 11.30 a 13.30 horas\" \/>\n<meta property=\"og:url\" content=\"https:\/\/www.laguiadepamplona.com\/actualidad\/abstraccion-y-cromatismo-se-funden-en-substantzia-exposicion-de-oaia-peruarena-que-se-puede-visitar-hasta-el-12-de-febrero-en-el-pabellon-de-mixtos\/\" \/>\n<meta property=\"og:site_name\" content=\"La Gu\u00eda de Pamplona\" \/>\n<meta property=\"article:publisher\" content=\"https:\/\/www.facebook.com\/laguiadepamplonacom-133175176762273\/?ref=hl\" \/>\n<meta property=\"article:published_time\" content=\"2022-12-16T12:13:25+00:00\" \/>\n<meta property=\"article:modified_time\" content=\"2023-04-11T09:47:27+00:00\" \/>\n<meta property=\"og:image\" content=\"https:\/\/www.laguiadepamplona.com\/actualidad\/wp-content\/uploads\/2022\/12\/exposicionoaia4.jpeg\" \/>\n\t<meta property=\"og:image:width\" content=\"1824\" \/>\n\t<meta property=\"og:image:height\" content=\"840\" \/>\n\t<meta property=\"og:image:type\" content=\"image\/jpeg\" \/>\n<meta name=\"author\" content=\"La Gu\u00eda de Pamplona\" \/>\n<meta name=\"twitter:card\" content=\"summary_large_image\" \/>\n<meta name=\"twitter:creator\" content=\"@LaGuiadPamplona\" \/>\n<meta name=\"twitter:site\" content=\"@LaGuiadPamplona\" \/>\n<meta name=\"twitter:label1\" content=\"Escrito por\" \/>\n\t<meta name=\"twitter:data1\" content=\"La Gu\u00eda de Pamplona\" \/>\n\t<meta name=\"twitter:label2\" content=\"Tiempo de lectura\" \/>\n\t<meta name=\"twitter:data2\" content=\"3 minutos\" \/>\n<script type=\"application\/ld+json\" class=\"yoast-schema-graph\">{\"@context\":\"https:\\\/\\\/schema.org\",\"@graph\":[{\"@type\":\"Article\",\"@id\":\"https:\\\/\\\/www.laguiadepamplona.com\\\/actualidad\\\/abstraccion-y-cromatismo-se-funden-en-substantzia-exposicion-de-oaia-peruarena-que-se-puede-visitar-hasta-el-12-de-febrero-en-el-pabellon-de-mixtos\\\/#article\",\"isPartOf\":{\"@id\":\"https:\\\/\\\/www.laguiadepamplona.com\\\/actualidad\\\/abstraccion-y-cromatismo-se-funden-en-substantzia-exposicion-de-oaia-peruarena-que-se-puede-visitar-hasta-el-12-de-febrero-en-el-pabellon-de-mixtos\\\/\"},\"author\":{\"name\":\"La Gu\u00eda de Pamplona\",\"@id\":\"https:\\\/\\\/www.laguiadepamplona.com\\\/actualidad\\\/#\\\/schema\\\/person\\\/efe887376f0213d4657c93adc50b1fdb\"},\"headline\":\"Abstracci\u00f3n y cromatismo se funden en \u2018Substantzia\u2019, exposici\u00f3n de Oaia Peruarena, que se puede visitar hasta el 12 de febrero en el Pabell\u00f3n de Mixtos\",\"datePublished\":\"2022-12-16T12:13:25+00:00\",\"dateModified\":\"2023-04-11T09:47:27+00:00\",\"mainEntityOfPage\":{\"@id\":\"https:\\\/\\\/www.laguiadepamplona.com\\\/actualidad\\\/abstraccion-y-cromatismo-se-funden-en-substantzia-exposicion-de-oaia-peruarena-que-se-puede-visitar-hasta-el-12-de-febrero-en-el-pabellon-de-mixtos\\\/\"},\"wordCount\":585,\"commentCount\":0,\"publisher\":{\"@id\":\"https:\\\/\\\/www.laguiadepamplona.com\\\/actualidad\\\/#organization\"},\"image\":{\"@id\":\"https:\\\/\\\/www.laguiadepamplona.com\\\/actualidad\\\/abstraccion-y-cromatismo-se-funden-en-substantzia-exposicion-de-oaia-peruarena-que-se-puede-visitar-hasta-el-12-de-febrero-en-el-pabellon-de-mixtos\\\/#primaryimage\"},\"thumbnailUrl\":\"https:\\\/\\\/www.laguiadepamplona.com\\\/actualidad\\\/wp-content\\\/uploads\\\/2022\\\/12\\\/exposicionoaia4.jpeg\",\"articleSection\":[\"Ayto Pamplona\"],\"inLanguage\":\"es\",\"potentialAction\":[{\"@type\":\"CommentAction\",\"name\":\"Comment\",\"target\":[\"https:\\\/\\\/www.laguiadepamplona.com\\\/actualidad\\\/abstraccion-y-cromatismo-se-funden-en-substantzia-exposicion-de-oaia-peruarena-que-se-puede-visitar-hasta-el-12-de-febrero-en-el-pabellon-de-mixtos\\\/#respond\"]}]},{\"@type\":\"WebPage\",\"@id\":\"https:\\\/\\\/www.laguiadepamplona.com\\\/actualidad\\\/abstraccion-y-cromatismo-se-funden-en-substantzia-exposicion-de-oaia-peruarena-que-se-puede-visitar-hasta-el-12-de-febrero-en-el-pabellon-de-mixtos\\\/\",\"url\":\"https:\\\/\\\/www.laguiadepamplona.com\\\/actualidad\\\/abstraccion-y-cromatismo-se-funden-en-substantzia-exposicion-de-oaia-peruarena-que-se-puede-visitar-hasta-el-12-de-febrero-en-el-pabellon-de-mixtos\\\/\",\"name\":\"Abstracci\u00f3n y cromatismo se funden en \u2018Substantzia\u2019, exposici\u00f3n de Oaia Peruarena, que se puede visitar hasta el 12 de febrero en el Pabell\u00f3n de Mixtos\",\"isPartOf\":{\"@id\":\"https:\\\/\\\/www.laguiadepamplona.com\\\/actualidad\\\/#website\"},\"primaryImageOfPage\":{\"@id\":\"https:\\\/\\\/www.laguiadepamplona.com\\\/actualidad\\\/abstraccion-y-cromatismo-se-funden-en-substantzia-exposicion-de-oaia-peruarena-que-se-puede-visitar-hasta-el-12-de-febrero-en-el-pabellon-de-mixtos\\\/#primaryimage\"},\"image\":{\"@id\":\"https:\\\/\\\/www.laguiadepamplona.com\\\/actualidad\\\/abstraccion-y-cromatismo-se-funden-en-substantzia-exposicion-de-oaia-peruarena-que-se-puede-visitar-hasta-el-12-de-febrero-en-el-pabellon-de-mixtos\\\/#primaryimage\"},\"thumbnailUrl\":\"https:\\\/\\\/www.laguiadepamplona.com\\\/actualidad\\\/wp-content\\\/uploads\\\/2022\\\/12\\\/exposicionoaia4.jpeg\",\"datePublished\":\"2022-12-16T12:13:25+00:00\",\"dateModified\":\"2023-04-11T09:47:27+00:00\",\"description\":\"La muestra se puede visitar de martes a s\u00e1bado, de 11.30 a 13.30 horas y de 18 a 20.30 horas, y domingos y festivos, de 11.30 a 13.30 horas\",\"breadcrumb\":{\"@id\":\"https:\\\/\\\/www.laguiadepamplona.com\\\/actualidad\\\/abstraccion-y-cromatismo-se-funden-en-substantzia-exposicion-de-oaia-peruarena-que-se-puede-visitar-hasta-el-12-de-febrero-en-el-pabellon-de-mixtos\\\/#breadcrumb\"},\"inLanguage\":\"es\",\"potentialAction\":[{\"@type\":\"ReadAction\",\"target\":[\"https:\\\/\\\/www.laguiadepamplona.com\\\/actualidad\\\/abstraccion-y-cromatismo-se-funden-en-substantzia-exposicion-de-oaia-peruarena-que-se-puede-visitar-hasta-el-12-de-febrero-en-el-pabellon-de-mixtos\\\/\"]}]},{\"@type\":\"ImageObject\",\"inLanguage\":\"es\",\"@id\":\"https:\\\/\\\/www.laguiadepamplona.com\\\/actualidad\\\/abstraccion-y-cromatismo-se-funden-en-substantzia-exposicion-de-oaia-peruarena-que-se-puede-visitar-hasta-el-12-de-febrero-en-el-pabellon-de-mixtos\\\/#primaryimage\",\"url\":\"https:\\\/\\\/www.laguiadepamplona.com\\\/actualidad\\\/wp-content\\\/uploads\\\/2022\\\/12\\\/exposicionoaia4.jpeg\",\"contentUrl\":\"https:\\\/\\\/www.laguiadepamplona.com\\\/actualidad\\\/wp-content\\\/uploads\\\/2022\\\/12\\\/exposicionoaia4.jpeg\",\"width\":1824,\"height\":840},{\"@type\":\"BreadcrumbList\",\"@id\":\"https:\\\/\\\/www.laguiadepamplona.com\\\/actualidad\\\/abstraccion-y-cromatismo-se-funden-en-substantzia-exposicion-de-oaia-peruarena-que-se-puede-visitar-hasta-el-12-de-febrero-en-el-pabellon-de-mixtos\\\/#breadcrumb\",\"itemListElement\":[{\"@type\":\"ListItem\",\"position\":1,\"name\":\"Portada\",\"item\":\"https:\\\/\\\/www.laguiadepamplona.com\\\/actualidad\\\/\"},{\"@type\":\"ListItem\",\"position\":2,\"name\":\"Abstracci\u00f3n y cromatismo se funden en \u2018Substantzia\u2019, exposici\u00f3n de Oaia Peruarena, que se puede visitar hasta el 12 de febrero en el Pabell\u00f3n de Mixtos\"}]},{\"@type\":\"WebSite\",\"@id\":\"https:\\\/\\\/www.laguiadepamplona.com\\\/actualidad\\\/#website\",\"url\":\"https:\\\/\\\/www.laguiadepamplona.com\\\/actualidad\\\/\",\"name\":\"La gu\u00eda de Pamplona\",\"description\":\"Noticias de Pamplona\",\"publisher\":{\"@id\":\"https:\\\/\\\/www.laguiadepamplona.com\\\/actualidad\\\/#organization\"},\"potentialAction\":[{\"@type\":\"SearchAction\",\"target\":{\"@type\":\"EntryPoint\",\"urlTemplate\":\"https:\\\/\\\/www.laguiadepamplona.com\\\/actualidad\\\/?s={search_term_string}\"},\"query-input\":{\"@type\":\"PropertyValueSpecification\",\"valueRequired\":true,\"valueName\":\"search_term_string\"}}],\"inLanguage\":\"es\"},{\"@type\":\"Organization\",\"@id\":\"https:\\\/\\\/www.laguiadepamplona.com\\\/actualidad\\\/#organization\",\"name\":\"La Gu\u00eda de Pamplona \\\/ Noticias\",\"url\":\"https:\\\/\\\/www.laguiadepamplona.com\\\/actualidad\\\/\",\"logo\":{\"@type\":\"ImageObject\",\"inLanguage\":\"es\",\"@id\":\"https:\\\/\\\/www.laguiadepamplona.com\\\/actualidad\\\/#\\\/schema\\\/logo\\\/image\\\/\",\"url\":\"https:\\\/\\\/www.laguiadepamplona.com\\\/actualidad\\\/wp-content\\\/uploads\\\/2018\\\/11\\\/logo-laguiadepamplona18-web1.png\",\"contentUrl\":\"https:\\\/\\\/www.laguiadepamplona.com\\\/actualidad\\\/wp-content\\\/uploads\\\/2018\\\/11\\\/logo-laguiadepamplona18-web1.png\",\"width\":600,\"height\":196,\"caption\":\"La Gu\u00eda de Pamplona \\\/ Noticias\"},\"image\":{\"@id\":\"https:\\\/\\\/www.laguiadepamplona.com\\\/actualidad\\\/#\\\/schema\\\/logo\\\/image\\\/\"},\"sameAs\":[\"https:\\\/\\\/www.facebook.com\\\/laguiadepamplonacom-133175176762273\\\/?ref=hl\",\"https:\\\/\\\/x.com\\\/LaGuiadPamplona\",\"https:\\\/\\\/www.instagram.com\\\/la_guia_de_pamplona\\\/\",\"https:\\\/\\\/www.youtube.com\\\/user\\\/laguiadepamplona\"]},{\"@type\":\"Person\",\"@id\":\"https:\\\/\\\/www.laguiadepamplona.com\\\/actualidad\\\/#\\\/schema\\\/person\\\/efe887376f0213d4657c93adc50b1fdb\",\"name\":\"La Gu\u00eda de Pamplona\",\"image\":{\"@type\":\"ImageObject\",\"inLanguage\":\"es\",\"@id\":\"https:\\\/\\\/secure.gravatar.com\\\/avatar\\\/b6992f131dc8d30ab0dff15446e9d346d9dbd95992de0fef795073f5ea83a81c?s=96&d=mm&r=g\",\"url\":\"https:\\\/\\\/secure.gravatar.com\\\/avatar\\\/b6992f131dc8d30ab0dff15446e9d346d9dbd95992de0fef795073f5ea83a81c?s=96&d=mm&r=g\",\"contentUrl\":\"https:\\\/\\\/secure.gravatar.com\\\/avatar\\\/b6992f131dc8d30ab0dff15446e9d346d9dbd95992de0fef795073f5ea83a81c?s=96&d=mm&r=g\",\"caption\":\"La Gu\u00eda de Pamplona\"}}]}<\/script>\n<!-- \/ Yoast SEO plugin. -->","yoast_head_json":{"title":"Abstracci\u00f3n y cromatismo se funden en \u2018Substantzia\u2019, exposici\u00f3n de Oaia Peruarena, que se puede visitar hasta el 12 de febrero en el Pabell\u00f3n de Mixtos","description":"La muestra se puede visitar de martes a s\u00e1bado, de 11.30 a 13.30 horas y de 18 a 20.30 horas, y domingos y festivos, de 11.30 a 13.30 horas","robots":{"index":"index","follow":"follow","max-snippet":"max-snippet:-1","max-image-preview":"max-image-preview:large","max-video-preview":"max-video-preview:-1"},"canonical":"https:\/\/www.laguiadepamplona.com\/actualidad\/abstraccion-y-cromatismo-se-funden-en-substantzia-exposicion-de-oaia-peruarena-que-se-puede-visitar-hasta-el-12-de-febrero-en-el-pabellon-de-mixtos\/","og_locale":"es_ES","og_type":"article","og_title":"Abstracci\u00f3n y cromatismo se funden en \u2018Substantzia\u2019, exposici\u00f3n de Oaia Peruarena, que se puede visitar hasta el 12 de febrero en el Pabell\u00f3n de Mixtos","og_description":"La muestra se puede visitar de martes a s\u00e1bado, de 11.30 a 13.30 horas y de 18 a 20.30 horas, y domingos y festivos, de 11.30 a 13.30 horas","og_url":"https:\/\/www.laguiadepamplona.com\/actualidad\/abstraccion-y-cromatismo-se-funden-en-substantzia-exposicion-de-oaia-peruarena-que-se-puede-visitar-hasta-el-12-de-febrero-en-el-pabellon-de-mixtos\/","og_site_name":"La Gu\u00eda de Pamplona","article_publisher":"https:\/\/www.facebook.com\/laguiadepamplonacom-133175176762273\/?ref=hl","article_published_time":"2022-12-16T12:13:25+00:00","article_modified_time":"2023-04-11T09:47:27+00:00","og_image":[{"width":1824,"height":840,"url":"https:\/\/www.laguiadepamplona.com\/actualidad\/wp-content\/uploads\/2022\/12\/exposicionoaia4.jpeg","type":"image\/jpeg"}],"author":"La Gu\u00eda de Pamplona","twitter_card":"summary_large_image","twitter_creator":"@LaGuiadPamplona","twitter_site":"@LaGuiadPamplona","twitter_misc":{"Escrito por":"La Gu\u00eda de Pamplona","Tiempo de lectura":"3 minutos"},"schema":{"@context":"https:\/\/schema.org","@graph":[{"@type":"Article","@id":"https:\/\/www.laguiadepamplona.com\/actualidad\/abstraccion-y-cromatismo-se-funden-en-substantzia-exposicion-de-oaia-peruarena-que-se-puede-visitar-hasta-el-12-de-febrero-en-el-pabellon-de-mixtos\/#article","isPartOf":{"@id":"https:\/\/www.laguiadepamplona.com\/actualidad\/abstraccion-y-cromatismo-se-funden-en-substantzia-exposicion-de-oaia-peruarena-que-se-puede-visitar-hasta-el-12-de-febrero-en-el-pabellon-de-mixtos\/"},"author":{"name":"La Gu\u00eda de Pamplona","@id":"https:\/\/www.laguiadepamplona.com\/actualidad\/#\/schema\/person\/efe887376f0213d4657c93adc50b1fdb"},"headline":"Abstracci\u00f3n y cromatismo se funden en \u2018Substantzia\u2019, exposici\u00f3n de Oaia Peruarena, que se puede visitar hasta el 12 de febrero en el Pabell\u00f3n de Mixtos","datePublished":"2022-12-16T12:13:25+00:00","dateModified":"2023-04-11T09:47:27+00:00","mainEntityOfPage":{"@id":"https:\/\/www.laguiadepamplona.com\/actualidad\/abstraccion-y-cromatismo-se-funden-en-substantzia-exposicion-de-oaia-peruarena-que-se-puede-visitar-hasta-el-12-de-febrero-en-el-pabellon-de-mixtos\/"},"wordCount":585,"commentCount":0,"publisher":{"@id":"https:\/\/www.laguiadepamplona.com\/actualidad\/#organization"},"image":{"@id":"https:\/\/www.laguiadepamplona.com\/actualidad\/abstraccion-y-cromatismo-se-funden-en-substantzia-exposicion-de-oaia-peruarena-que-se-puede-visitar-hasta-el-12-de-febrero-en-el-pabellon-de-mixtos\/#primaryimage"},"thumbnailUrl":"https:\/\/www.laguiadepamplona.com\/actualidad\/wp-content\/uploads\/2022\/12\/exposicionoaia4.jpeg","articleSection":["Ayto Pamplona"],"inLanguage":"es","potentialAction":[{"@type":"CommentAction","name":"Comment","target":["https:\/\/www.laguiadepamplona.com\/actualidad\/abstraccion-y-cromatismo-se-funden-en-substantzia-exposicion-de-oaia-peruarena-que-se-puede-visitar-hasta-el-12-de-febrero-en-el-pabellon-de-mixtos\/#respond"]}]},{"@type":"WebPage","@id":"https:\/\/www.laguiadepamplona.com\/actualidad\/abstraccion-y-cromatismo-se-funden-en-substantzia-exposicion-de-oaia-peruarena-que-se-puede-visitar-hasta-el-12-de-febrero-en-el-pabellon-de-mixtos\/","url":"https:\/\/www.laguiadepamplona.com\/actualidad\/abstraccion-y-cromatismo-se-funden-en-substantzia-exposicion-de-oaia-peruarena-que-se-puede-visitar-hasta-el-12-de-febrero-en-el-pabellon-de-mixtos\/","name":"Abstracci\u00f3n y cromatismo se funden en \u2018Substantzia\u2019, exposici\u00f3n de Oaia Peruarena, que se puede visitar hasta el 12 de febrero en el Pabell\u00f3n de Mixtos","isPartOf":{"@id":"https:\/\/www.laguiadepamplona.com\/actualidad\/#website"},"primaryImageOfPage":{"@id":"https:\/\/www.laguiadepamplona.com\/actualidad\/abstraccion-y-cromatismo-se-funden-en-substantzia-exposicion-de-oaia-peruarena-que-se-puede-visitar-hasta-el-12-de-febrero-en-el-pabellon-de-mixtos\/#primaryimage"},"image":{"@id":"https:\/\/www.laguiadepamplona.com\/actualidad\/abstraccion-y-cromatismo-se-funden-en-substantzia-exposicion-de-oaia-peruarena-que-se-puede-visitar-hasta-el-12-de-febrero-en-el-pabellon-de-mixtos\/#primaryimage"},"thumbnailUrl":"https:\/\/www.laguiadepamplona.com\/actualidad\/wp-content\/uploads\/2022\/12\/exposicionoaia4.jpeg","datePublished":"2022-12-16T12:13:25+00:00","dateModified":"2023-04-11T09:47:27+00:00","description":"La muestra se puede visitar de martes a s\u00e1bado, de 11.30 a 13.30 horas y de 18 a 20.30 horas, y domingos y festivos, de 11.30 a 13.30 horas","breadcrumb":{"@id":"https:\/\/www.laguiadepamplona.com\/actualidad\/abstraccion-y-cromatismo-se-funden-en-substantzia-exposicion-de-oaia-peruarena-que-se-puede-visitar-hasta-el-12-de-febrero-en-el-pabellon-de-mixtos\/#breadcrumb"},"inLanguage":"es","potentialAction":[{"@type":"ReadAction","target":["https:\/\/www.laguiadepamplona.com\/actualidad\/abstraccion-y-cromatismo-se-funden-en-substantzia-exposicion-de-oaia-peruarena-que-se-puede-visitar-hasta-el-12-de-febrero-en-el-pabellon-de-mixtos\/"]}]},{"@type":"ImageObject","inLanguage":"es","@id":"https:\/\/www.laguiadepamplona.com\/actualidad\/abstraccion-y-cromatismo-se-funden-en-substantzia-exposicion-de-oaia-peruarena-que-se-puede-visitar-hasta-el-12-de-febrero-en-el-pabellon-de-mixtos\/#primaryimage","url":"https:\/\/www.laguiadepamplona.com\/actualidad\/wp-content\/uploads\/2022\/12\/exposicionoaia4.jpeg","contentUrl":"https:\/\/www.laguiadepamplona.com\/actualidad\/wp-content\/uploads\/2022\/12\/exposicionoaia4.jpeg","width":1824,"height":840},{"@type":"BreadcrumbList","@id":"https:\/\/www.laguiadepamplona.com\/actualidad\/abstraccion-y-cromatismo-se-funden-en-substantzia-exposicion-de-oaia-peruarena-que-se-puede-visitar-hasta-el-12-de-febrero-en-el-pabellon-de-mixtos\/#breadcrumb","itemListElement":[{"@type":"ListItem","position":1,"name":"Portada","item":"https:\/\/www.laguiadepamplona.com\/actualidad\/"},{"@type":"ListItem","position":2,"name":"Abstracci\u00f3n y cromatismo se funden en \u2018Substantzia\u2019, exposici\u00f3n de Oaia Peruarena, que se puede visitar hasta el 12 de febrero en el Pabell\u00f3n de Mixtos"}]},{"@type":"WebSite","@id":"https:\/\/www.laguiadepamplona.com\/actualidad\/#website","url":"https:\/\/www.laguiadepamplona.com\/actualidad\/","name":"La gu\u00eda de Pamplona","description":"Noticias de Pamplona","publisher":{"@id":"https:\/\/www.laguiadepamplona.com\/actualidad\/#organization"},"potentialAction":[{"@type":"SearchAction","target":{"@type":"EntryPoint","urlTemplate":"https:\/\/www.laguiadepamplona.com\/actualidad\/?s={search_term_string}"},"query-input":{"@type":"PropertyValueSpecification","valueRequired":true,"valueName":"search_term_string"}}],"inLanguage":"es"},{"@type":"Organization","@id":"https:\/\/www.laguiadepamplona.com\/actualidad\/#organization","name":"La Gu\u00eda de Pamplona \/ Noticias","url":"https:\/\/www.laguiadepamplona.com\/actualidad\/","logo":{"@type":"ImageObject","inLanguage":"es","@id":"https:\/\/www.laguiadepamplona.com\/actualidad\/#\/schema\/logo\/image\/","url":"https:\/\/www.laguiadepamplona.com\/actualidad\/wp-content\/uploads\/2018\/11\/logo-laguiadepamplona18-web1.png","contentUrl":"https:\/\/www.laguiadepamplona.com\/actualidad\/wp-content\/uploads\/2018\/11\/logo-laguiadepamplona18-web1.png","width":600,"height":196,"caption":"La Gu\u00eda de Pamplona \/ Noticias"},"image":{"@id":"https:\/\/www.laguiadepamplona.com\/actualidad\/#\/schema\/logo\/image\/"},"sameAs":["https:\/\/www.facebook.com\/laguiadepamplonacom-133175176762273\/?ref=hl","https:\/\/x.com\/LaGuiadPamplona","https:\/\/www.instagram.com\/la_guia_de_pamplona\/","https:\/\/www.youtube.com\/user\/laguiadepamplona"]},{"@type":"Person","@id":"https:\/\/www.laguiadepamplona.com\/actualidad\/#\/schema\/person\/efe887376f0213d4657c93adc50b1fdb","name":"La Gu\u00eda de Pamplona","image":{"@type":"ImageObject","inLanguage":"es","@id":"https:\/\/secure.gravatar.com\/avatar\/b6992f131dc8d30ab0dff15446e9d346d9dbd95992de0fef795073f5ea83a81c?s=96&d=mm&r=g","url":"https:\/\/secure.gravatar.com\/avatar\/b6992f131dc8d30ab0dff15446e9d346d9dbd95992de0fef795073f5ea83a81c?s=96&d=mm&r=g","contentUrl":"https:\/\/secure.gravatar.com\/avatar\/b6992f131dc8d30ab0dff15446e9d346d9dbd95992de0fef795073f5ea83a81c?s=96&d=mm&r=g","caption":"La Gu\u00eda de Pamplona"}}]}},"post_mailing_queue_ids":[],"_links":{"self":[{"href":"https:\/\/www.laguiadepamplona.com\/actualidad\/wp-json\/wp\/v2\/posts\/42468","targetHints":{"allow":["GET"]}}],"collection":[{"href":"https:\/\/www.laguiadepamplona.com\/actualidad\/wp-json\/wp\/v2\/posts"}],"about":[{"href":"https:\/\/www.laguiadepamplona.com\/actualidad\/wp-json\/wp\/v2\/types\/post"}],"author":[{"embeddable":true,"href":"https:\/\/www.laguiadepamplona.com\/actualidad\/wp-json\/wp\/v2\/users\/1"}],"replies":[{"embeddable":true,"href":"https:\/\/www.laguiadepamplona.com\/actualidad\/wp-json\/wp\/v2\/comments?post=42468"}],"version-history":[{"count":0,"href":"https:\/\/www.laguiadepamplona.com\/actualidad\/wp-json\/wp\/v2\/posts\/42468\/revisions"}],"wp:featuredmedia":[{"embeddable":true,"href":"https:\/\/www.laguiadepamplona.com\/actualidad\/wp-json\/wp\/v2\/media\/42469"}],"wp:attachment":[{"href":"https:\/\/www.laguiadepamplona.com\/actualidad\/wp-json\/wp\/v2\/media?parent=42468"}],"wp:term":[{"taxonomy":"category","embeddable":true,"href":"https:\/\/www.laguiadepamplona.com\/actualidad\/wp-json\/wp\/v2\/categories?post=42468"},{"taxonomy":"post_tag","embeddable":true,"href":"https:\/\/www.laguiadepamplona.com\/actualidad\/wp-json\/wp\/v2\/tags?post=42468"}],"curies":[{"name":"wp","href":"https:\/\/api.w.org\/{rel}","templated":true}]}}