{"id":42466,"date":"2022-12-15T18:07:00","date_gmt":"2022-12-15T16:07:00","guid":{"rendered":"https:\/\/www.laguiadepamplona.com\/actualidad\/?p=42466"},"modified":"2023-04-11T11:47:27","modified_gmt":"2023-04-11T09:47:27","slug":"aprobado-el-proyecto-de-plantilla-organica-del-ayuntamiento-de-pamplona-que-debatira-el-pleno-municipal-la-proxima-semana","status":"publish","type":"post","link":"https:\/\/www.laguiadepamplona.com\/actualidad\/aprobado-el-proyecto-de-plantilla-organica-del-ayuntamiento-de-pamplona-que-debatira-el-pleno-municipal-la-proxima-semana\/","title":{"rendered":"Aprobado el proyecto de plantilla org\u00e1nica del Ayuntamiento de Pamplona, que debatir\u00e1 el Pleno municipal la pr\u00f3xima semana"},"content":{"rendered":"<h5>El proyecto incorpora las plazas de atenci\u00f3n domiciliaria asumidas por sentencia judicial y las plazas de estabilizaci\u00f3n por concurso de m\u00e9ritos<\/h5>\n<p><!--more--><\/p>\n<p>La Junta de Gobierno Local ha aprobado esta ma\u00f1ana el proyecto de plantilla org\u00e1nica del Ayuntamiento de Pamplona para el a\u00f1o 2023. El proyecto se debatir\u00e1 en Pleno en este mes de diciembre. El proyecto parte fundamentalmente del reconocimiento y adecuaci\u00f3n de los puestos de trabajo a la realidad organizativa generada en 2021 (\u00faltima plantilla aprobada por el Pleno municipal), a lo largo de 2022 y con las previsiones para 2023.<br \/>\n<script async src=\"\/\/pagead2.googlesyndication.com\/pagead\/js\/adsbygoogle.js\"><\/script><br \/>\n<!-- Noticias La Guia de Pamplona --><br \/>\n<ins class=\"adsbygoogle\"\nstyle=\"display:block\"\ndata-ad-client=\"ca-pub-6943679897239327\"\ndata-ad-slot=\"7048180777\"\ndata-ad-format=\"auto\"><\/ins><br \/>\n<script>\n(adsbygoogle = window.adsbygoogle || []).push({});\n<\/script><\/p>\n<p>Lo m\u00e1s destacado tiene que ver con la incorporaci\u00f3n a la plantilla de 178 plazas correspondientes al servicio municipal de atenci\u00f3n a domicilio, creada en ejecuci\u00f3n provisional de sentencia judicial. Asimismo, se recodifican las plazas del personal afectado por otras sentencias judiciales que les reconocen una relaci\u00f3n contractual con el Ayuntamiento de naturaleza laboral fija o indefinida no fija.<\/p>\n<p>Otro de los aspectos novedosos est\u00e1 relacionado con los procesos de estabilizaci\u00f3n ya convocados. La aplicaci\u00f3n de la Ley 20\/2021, de 28 de diciembre, de medidas urgentes para la reducci\u00f3n de la temporalidad en el empleo p\u00fablico ha conllevado la creaci\u00f3n de plazas estructurales para su posterior estabilizaci\u00f3n por concurso de m\u00e9ritos. El pasado mes de noviembre la Junta de Gobierno Local aprob\u00f3 la convocatoria, mediante concurso de m\u00e9ritos, de un total de 229 plazas de distintas categor\u00edas.<br \/>\n<script async src=\"\/\/pagead2.googlesyndication.com\/pagead\/js\/adsbygoogle.js\"><\/script><br \/>\n<!-- Noticias La Guia de Pamplona --><br \/>\n<ins class=\"adsbygoogle\"\nstyle=\"display:block\"\ndata-ad-client=\"ca-pub-6943679897239327\"\ndata-ad-slot=\"7048180777\"\ndata-ad-format=\"auto\"><\/ins><br \/>\n<script>\n(adsbygoogle = window.adsbygoogle || []).push({});\n<\/script><\/p>\n<p>Por \u00faltimo, el proyecto recoge los cambios y ajustes realizados por acuerdo de Junta de Gobierno Local sobre modificaciones de la relaci\u00f3n de puestos de trabajo; correcciones de errores relacionadas principalmente con complementos, titulaciones o eliminaciones de plazas; as\u00ed como solicitudes desde las \u00e1reas para reconversiones de puestos de trabajo, cambio de denominaciones de plazas, creaciones de nuevas plazas o adscripciones a otras \u00e1reas de determinadas plazas.<\/p>\n","protected":false},"excerpt":{"rendered":"<p>El proyecto incorpora las plazas de atenci\u00f3n domiciliaria asumidas por sentencia judicial y las plazas de estabilizaci\u00f3n por concurso de m\u00e9ritos<\/p>\n","protected":false},"author":1,"featured_media":42333,"comment_status":"open","ping_status":"closed","sticky":false,"template":"","format":"standard","meta":{"footnotes":""},"categories":[2],"tags":[],"class_list":["post-42466","post","type-post","status-publish","format-standard","has-post-thumbnail","hentry","category-ayuntamiento-pamplona"],"yoast_head":"<!-- This site is optimized with the Yoast SEO plugin v27.3 - https:\/\/yoast.com\/product\/yoast-seo-wordpress\/ -->\n<title>Aprobado el proyecto de plantilla org\u00e1nica del Ayuntamiento de Pamplona, que debatir\u00e1 el Pleno municipal la pr\u00f3xima semana<\/title>\n<meta name=\"description\" content=\"El proyecto incorpora las plazas de atenci\u00f3n domiciliaria asumidas por sentencia judicial y las plazas de estabilizaci\u00f3n por concurso de m\u00e9ritos\" \/>\n<meta name=\"robots\" content=\"index, follow, max-snippet:-1, max-image-preview:large, max-video-preview:-1\" \/>\n<link rel=\"canonical\" href=\"https:\/\/www.laguiadepamplona.com\/actualidad\/aprobado-el-proyecto-de-plantilla-organica-del-ayuntamiento-de-pamplona-que-debatira-el-pleno-municipal-la-proxima-semana\/\" \/>\n<meta property=\"og:locale\" content=\"es_ES\" \/>\n<meta property=\"og:type\" content=\"article\" \/>\n<meta property=\"og:title\" content=\"Aprobado el proyecto de plantilla org\u00e1nica del Ayuntamiento de Pamplona, que debatir\u00e1 el Pleno municipal la pr\u00f3xima semana\" \/>\n<meta property=\"og:description\" content=\"El proyecto incorpora las plazas de atenci\u00f3n domiciliaria asumidas por sentencia judicial y las plazas de estabilizaci\u00f3n por concurso de m\u00e9ritos\" \/>\n<meta property=\"og:url\" content=\"https:\/\/www.laguiadepamplona.com\/actualidad\/aprobado-el-proyecto-de-plantilla-organica-del-ayuntamiento-de-pamplona-que-debatira-el-pleno-municipal-la-proxima-semana\/\" \/>\n<meta property=\"og:site_name\" content=\"La Gu\u00eda de Pamplona\" \/>\n<meta property=\"article:publisher\" content=\"https:\/\/www.facebook.com\/laguiadepamplonacom-133175176762273\/?ref=hl\" \/>\n<meta property=\"article:published_time\" content=\"2022-12-15T16:07:00+00:00\" \/>\n<meta property=\"article:modified_time\" content=\"2023-04-11T09:47:27+00:00\" \/>\n<meta property=\"og:image\" content=\"https:\/\/www.laguiadepamplona.com\/actualidad\/wp-content\/uploads\/2022\/11\/papeles_0.webp\" \/>\n\t<meta property=\"og:image:width\" content=\"1920\" \/>\n\t<meta property=\"og:image:height\" content=\"1280\" \/>\n\t<meta property=\"og:image:type\" content=\"image\/webp\" \/>\n<meta name=\"author\" content=\"La Gu\u00eda de Pamplona\" \/>\n<meta name=\"twitter:card\" content=\"summary_large_image\" \/>\n<meta name=\"twitter:creator\" content=\"@LaGuiadPamplona\" \/>\n<meta name=\"twitter:site\" content=\"@LaGuiadPamplona\" \/>\n<meta name=\"twitter:label1\" content=\"Escrito por\" \/>\n\t<meta name=\"twitter:data1\" content=\"La Gu\u00eda de Pamplona\" \/>\n\t<meta name=\"twitter:label2\" content=\"Tiempo de lectura\" \/>\n\t<meta name=\"twitter:data2\" content=\"2 minutos\" \/>\n<script type=\"application\/ld+json\" class=\"yoast-schema-graph\">{\"@context\":\"https:\\\/\\\/schema.org\",\"@graph\":[{\"@type\":\"Article\",\"@id\":\"https:\\\/\\\/www.laguiadepamplona.com\\\/actualidad\\\/aprobado-el-proyecto-de-plantilla-organica-del-ayuntamiento-de-pamplona-que-debatira-el-pleno-municipal-la-proxima-semana\\\/#article\",\"isPartOf\":{\"@id\":\"https:\\\/\\\/www.laguiadepamplona.com\\\/actualidad\\\/aprobado-el-proyecto-de-plantilla-organica-del-ayuntamiento-de-pamplona-que-debatira-el-pleno-municipal-la-proxima-semana\\\/\"},\"author\":{\"name\":\"La Gu\u00eda de Pamplona\",\"@id\":\"https:\\\/\\\/www.laguiadepamplona.com\\\/actualidad\\\/#\\\/schema\\\/person\\\/efe887376f0213d4657c93adc50b1fdb\"},\"headline\":\"Aprobado el proyecto de plantilla org\u00e1nica del Ayuntamiento de Pamplona, que debatir\u00e1 el Pleno municipal la pr\u00f3xima semana\",\"datePublished\":\"2022-12-15T16:07:00+00:00\",\"dateModified\":\"2023-04-11T09:47:27+00:00\",\"mainEntityOfPage\":{\"@id\":\"https:\\\/\\\/www.laguiadepamplona.com\\\/actualidad\\\/aprobado-el-proyecto-de-plantilla-organica-del-ayuntamiento-de-pamplona-que-debatira-el-pleno-municipal-la-proxima-semana\\\/\"},\"wordCount\":330,\"commentCount\":0,\"publisher\":{\"@id\":\"https:\\\/\\\/www.laguiadepamplona.com\\\/actualidad\\\/#organization\"},\"image\":{\"@id\":\"https:\\\/\\\/www.laguiadepamplona.com\\\/actualidad\\\/aprobado-el-proyecto-de-plantilla-organica-del-ayuntamiento-de-pamplona-que-debatira-el-pleno-municipal-la-proxima-semana\\\/#primaryimage\"},\"thumbnailUrl\":\"https:\\\/\\\/www.laguiadepamplona.com\\\/actualidad\\\/wp-content\\\/uploads\\\/2022\\\/11\\\/papeles_0.webp\",\"articleSection\":[\"Ayto Pamplona\"],\"inLanguage\":\"es\",\"potentialAction\":[{\"@type\":\"CommentAction\",\"name\":\"Comment\",\"target\":[\"https:\\\/\\\/www.laguiadepamplona.com\\\/actualidad\\\/aprobado-el-proyecto-de-plantilla-organica-del-ayuntamiento-de-pamplona-que-debatira-el-pleno-municipal-la-proxima-semana\\\/#respond\"]}]},{\"@type\":\"WebPage\",\"@id\":\"https:\\\/\\\/www.laguiadepamplona.com\\\/actualidad\\\/aprobado-el-proyecto-de-plantilla-organica-del-ayuntamiento-de-pamplona-que-debatira-el-pleno-municipal-la-proxima-semana\\\/\",\"url\":\"https:\\\/\\\/www.laguiadepamplona.com\\\/actualidad\\\/aprobado-el-proyecto-de-plantilla-organica-del-ayuntamiento-de-pamplona-que-debatira-el-pleno-municipal-la-proxima-semana\\\/\",\"name\":\"Aprobado el proyecto de plantilla org\u00e1nica del Ayuntamiento de Pamplona, que debatir\u00e1 el Pleno municipal la pr\u00f3xima semana\",\"isPartOf\":{\"@id\":\"https:\\\/\\\/www.laguiadepamplona.com\\\/actualidad\\\/#website\"},\"primaryImageOfPage\":{\"@id\":\"https:\\\/\\\/www.laguiadepamplona.com\\\/actualidad\\\/aprobado-el-proyecto-de-plantilla-organica-del-ayuntamiento-de-pamplona-que-debatira-el-pleno-municipal-la-proxima-semana\\\/#primaryimage\"},\"image\":{\"@id\":\"https:\\\/\\\/www.laguiadepamplona.com\\\/actualidad\\\/aprobado-el-proyecto-de-plantilla-organica-del-ayuntamiento-de-pamplona-que-debatira-el-pleno-municipal-la-proxima-semana\\\/#primaryimage\"},\"thumbnailUrl\":\"https:\\\/\\\/www.laguiadepamplona.com\\\/actualidad\\\/wp-content\\\/uploads\\\/2022\\\/11\\\/papeles_0.webp\",\"datePublished\":\"2022-12-15T16:07:00+00:00\",\"dateModified\":\"2023-04-11T09:47:27+00:00\",\"description\":\"El proyecto incorpora las plazas de atenci\u00f3n domiciliaria asumidas por sentencia judicial y las plazas de estabilizaci\u00f3n por concurso de m\u00e9ritos\",\"breadcrumb\":{\"@id\":\"https:\\\/\\\/www.laguiadepamplona.com\\\/actualidad\\\/aprobado-el-proyecto-de-plantilla-organica-del-ayuntamiento-de-pamplona-que-debatira-el-pleno-municipal-la-proxima-semana\\\/#breadcrumb\"},\"inLanguage\":\"es\",\"potentialAction\":[{\"@type\":\"ReadAction\",\"target\":[\"https:\\\/\\\/www.laguiadepamplona.com\\\/actualidad\\\/aprobado-el-proyecto-de-plantilla-organica-del-ayuntamiento-de-pamplona-que-debatira-el-pleno-municipal-la-proxima-semana\\\/\"]}]},{\"@type\":\"ImageObject\",\"inLanguage\":\"es\",\"@id\":\"https:\\\/\\\/www.laguiadepamplona.com\\\/actualidad\\\/aprobado-el-proyecto-de-plantilla-organica-del-ayuntamiento-de-pamplona-que-debatira-el-pleno-municipal-la-proxima-semana\\\/#primaryimage\",\"url\":\"https:\\\/\\\/www.laguiadepamplona.com\\\/actualidad\\\/wp-content\\\/uploads\\\/2022\\\/11\\\/papeles_0.webp\",\"contentUrl\":\"https:\\\/\\\/www.laguiadepamplona.com\\\/actualidad\\\/wp-content\\\/uploads\\\/2022\\\/11\\\/papeles_0.webp\",\"width\":1920,\"height\":1280},{\"@type\":\"BreadcrumbList\",\"@id\":\"https:\\\/\\\/www.laguiadepamplona.com\\\/actualidad\\\/aprobado-el-proyecto-de-plantilla-organica-del-ayuntamiento-de-pamplona-que-debatira-el-pleno-municipal-la-proxima-semana\\\/#breadcrumb\",\"itemListElement\":[{\"@type\":\"ListItem\",\"position\":1,\"name\":\"Portada\",\"item\":\"https:\\\/\\\/www.laguiadepamplona.com\\\/actualidad\\\/\"},{\"@type\":\"ListItem\",\"position\":2,\"name\":\"Aprobado el proyecto de plantilla org\u00e1nica del Ayuntamiento de Pamplona, que debatir\u00e1 el Pleno municipal la pr\u00f3xima semana\"}]},{\"@type\":\"WebSite\",\"@id\":\"https:\\\/\\\/www.laguiadepamplona.com\\\/actualidad\\\/#website\",\"url\":\"https:\\\/\\\/www.laguiadepamplona.com\\\/actualidad\\\/\",\"name\":\"La gu\u00eda de Pamplona\",\"description\":\"Noticias de Pamplona\",\"publisher\":{\"@id\":\"https:\\\/\\\/www.laguiadepamplona.com\\\/actualidad\\\/#organization\"},\"potentialAction\":[{\"@type\":\"SearchAction\",\"target\":{\"@type\":\"EntryPoint\",\"urlTemplate\":\"https:\\\/\\\/www.laguiadepamplona.com\\\/actualidad\\\/?s={search_term_string}\"},\"query-input\":{\"@type\":\"PropertyValueSpecification\",\"valueRequired\":true,\"valueName\":\"search_term_string\"}}],\"inLanguage\":\"es\"},{\"@type\":\"Organization\",\"@id\":\"https:\\\/\\\/www.laguiadepamplona.com\\\/actualidad\\\/#organization\",\"name\":\"La Gu\u00eda de Pamplona \\\/ Noticias\",\"url\":\"https:\\\/\\\/www.laguiadepamplona.com\\\/actualidad\\\/\",\"logo\":{\"@type\":\"ImageObject\",\"inLanguage\":\"es\",\"@id\":\"https:\\\/\\\/www.laguiadepamplona.com\\\/actualidad\\\/#\\\/schema\\\/logo\\\/image\\\/\",\"url\":\"https:\\\/\\\/www.laguiadepamplona.com\\\/actualidad\\\/wp-content\\\/uploads\\\/2018\\\/11\\\/logo-laguiadepamplona18-web1.png\",\"contentUrl\":\"https:\\\/\\\/www.laguiadepamplona.com\\\/actualidad\\\/wp-content\\\/uploads\\\/2018\\\/11\\\/logo-laguiadepamplona18-web1.png\",\"width\":600,\"height\":196,\"caption\":\"La Gu\u00eda de Pamplona \\\/ Noticias\"},\"image\":{\"@id\":\"https:\\\/\\\/www.laguiadepamplona.com\\\/actualidad\\\/#\\\/schema\\\/logo\\\/image\\\/\"},\"sameAs\":[\"https:\\\/\\\/www.facebook.com\\\/laguiadepamplonacom-133175176762273\\\/?ref=hl\",\"https:\\\/\\\/x.com\\\/LaGuiadPamplona\",\"https:\\\/\\\/www.instagram.com\\\/la_guia_de_pamplona\\\/\",\"https:\\\/\\\/www.youtube.com\\\/user\\\/laguiadepamplona\"]},{\"@type\":\"Person\",\"@id\":\"https:\\\/\\\/www.laguiadepamplona.com\\\/actualidad\\\/#\\\/schema\\\/person\\\/efe887376f0213d4657c93adc50b1fdb\",\"name\":\"La Gu\u00eda de Pamplona\",\"image\":{\"@type\":\"ImageObject\",\"inLanguage\":\"es\",\"@id\":\"https:\\\/\\\/secure.gravatar.com\\\/avatar\\\/b6992f131dc8d30ab0dff15446e9d346d9dbd95992de0fef795073f5ea83a81c?s=96&d=mm&r=g\",\"url\":\"https:\\\/\\\/secure.gravatar.com\\\/avatar\\\/b6992f131dc8d30ab0dff15446e9d346d9dbd95992de0fef795073f5ea83a81c?s=96&d=mm&r=g\",\"contentUrl\":\"https:\\\/\\\/secure.gravatar.com\\\/avatar\\\/b6992f131dc8d30ab0dff15446e9d346d9dbd95992de0fef795073f5ea83a81c?s=96&d=mm&r=g\",\"caption\":\"La Gu\u00eda de Pamplona\"}}]}<\/script>\n<!-- \/ Yoast SEO plugin. -->","yoast_head_json":{"title":"Aprobado el proyecto de plantilla org\u00e1nica del Ayuntamiento de Pamplona, que debatir\u00e1 el Pleno municipal la pr\u00f3xima semana","description":"El proyecto incorpora las plazas de atenci\u00f3n domiciliaria asumidas por sentencia judicial y las plazas de estabilizaci\u00f3n por concurso de m\u00e9ritos","robots":{"index":"index","follow":"follow","max-snippet":"max-snippet:-1","max-image-preview":"max-image-preview:large","max-video-preview":"max-video-preview:-1"},"canonical":"https:\/\/www.laguiadepamplona.com\/actualidad\/aprobado-el-proyecto-de-plantilla-organica-del-ayuntamiento-de-pamplona-que-debatira-el-pleno-municipal-la-proxima-semana\/","og_locale":"es_ES","og_type":"article","og_title":"Aprobado el proyecto de plantilla org\u00e1nica del Ayuntamiento de Pamplona, que debatir\u00e1 el Pleno municipal la pr\u00f3xima semana","og_description":"El proyecto incorpora las plazas de atenci\u00f3n domiciliaria asumidas por sentencia judicial y las plazas de estabilizaci\u00f3n por concurso de m\u00e9ritos","og_url":"https:\/\/www.laguiadepamplona.com\/actualidad\/aprobado-el-proyecto-de-plantilla-organica-del-ayuntamiento-de-pamplona-que-debatira-el-pleno-municipal-la-proxima-semana\/","og_site_name":"La Gu\u00eda de Pamplona","article_publisher":"https:\/\/www.facebook.com\/laguiadepamplonacom-133175176762273\/?ref=hl","article_published_time":"2022-12-15T16:07:00+00:00","article_modified_time":"2023-04-11T09:47:27+00:00","og_image":[{"width":1920,"height":1280,"url":"https:\/\/www.laguiadepamplona.com\/actualidad\/wp-content\/uploads\/2022\/11\/papeles_0.webp","type":"image\/webp"}],"author":"La Gu\u00eda de Pamplona","twitter_card":"summary_large_image","twitter_creator":"@LaGuiadPamplona","twitter_site":"@LaGuiadPamplona","twitter_misc":{"Escrito por":"La Gu\u00eda de Pamplona","Tiempo de lectura":"2 minutos"},"schema":{"@context":"https:\/\/schema.org","@graph":[{"@type":"Article","@id":"https:\/\/www.laguiadepamplona.com\/actualidad\/aprobado-el-proyecto-de-plantilla-organica-del-ayuntamiento-de-pamplona-que-debatira-el-pleno-municipal-la-proxima-semana\/#article","isPartOf":{"@id":"https:\/\/www.laguiadepamplona.com\/actualidad\/aprobado-el-proyecto-de-plantilla-organica-del-ayuntamiento-de-pamplona-que-debatira-el-pleno-municipal-la-proxima-semana\/"},"author":{"name":"La Gu\u00eda de Pamplona","@id":"https:\/\/www.laguiadepamplona.com\/actualidad\/#\/schema\/person\/efe887376f0213d4657c93adc50b1fdb"},"headline":"Aprobado el proyecto de plantilla org\u00e1nica del Ayuntamiento de Pamplona, que debatir\u00e1 el Pleno municipal la pr\u00f3xima semana","datePublished":"2022-12-15T16:07:00+00:00","dateModified":"2023-04-11T09:47:27+00:00","mainEntityOfPage":{"@id":"https:\/\/www.laguiadepamplona.com\/actualidad\/aprobado-el-proyecto-de-plantilla-organica-del-ayuntamiento-de-pamplona-que-debatira-el-pleno-municipal-la-proxima-semana\/"},"wordCount":330,"commentCount":0,"publisher":{"@id":"https:\/\/www.laguiadepamplona.com\/actualidad\/#organization"},"image":{"@id":"https:\/\/www.laguiadepamplona.com\/actualidad\/aprobado-el-proyecto-de-plantilla-organica-del-ayuntamiento-de-pamplona-que-debatira-el-pleno-municipal-la-proxima-semana\/#primaryimage"},"thumbnailUrl":"https:\/\/www.laguiadepamplona.com\/actualidad\/wp-content\/uploads\/2022\/11\/papeles_0.webp","articleSection":["Ayto Pamplona"],"inLanguage":"es","potentialAction":[{"@type":"CommentAction","name":"Comment","target":["https:\/\/www.laguiadepamplona.com\/actualidad\/aprobado-el-proyecto-de-plantilla-organica-del-ayuntamiento-de-pamplona-que-debatira-el-pleno-municipal-la-proxima-semana\/#respond"]}]},{"@type":"WebPage","@id":"https:\/\/www.laguiadepamplona.com\/actualidad\/aprobado-el-proyecto-de-plantilla-organica-del-ayuntamiento-de-pamplona-que-debatira-el-pleno-municipal-la-proxima-semana\/","url":"https:\/\/www.laguiadepamplona.com\/actualidad\/aprobado-el-proyecto-de-plantilla-organica-del-ayuntamiento-de-pamplona-que-debatira-el-pleno-municipal-la-proxima-semana\/","name":"Aprobado el proyecto de plantilla org\u00e1nica del Ayuntamiento de Pamplona, que debatir\u00e1 el Pleno municipal la pr\u00f3xima semana","isPartOf":{"@id":"https:\/\/www.laguiadepamplona.com\/actualidad\/#website"},"primaryImageOfPage":{"@id":"https:\/\/www.laguiadepamplona.com\/actualidad\/aprobado-el-proyecto-de-plantilla-organica-del-ayuntamiento-de-pamplona-que-debatira-el-pleno-municipal-la-proxima-semana\/#primaryimage"},"image":{"@id":"https:\/\/www.laguiadepamplona.com\/actualidad\/aprobado-el-proyecto-de-plantilla-organica-del-ayuntamiento-de-pamplona-que-debatira-el-pleno-municipal-la-proxima-semana\/#primaryimage"},"thumbnailUrl":"https:\/\/www.laguiadepamplona.com\/actualidad\/wp-content\/uploads\/2022\/11\/papeles_0.webp","datePublished":"2022-12-15T16:07:00+00:00","dateModified":"2023-04-11T09:47:27+00:00","description":"El proyecto incorpora las plazas de atenci\u00f3n domiciliaria asumidas por sentencia judicial y las plazas de estabilizaci\u00f3n por concurso de m\u00e9ritos","breadcrumb":{"@id":"https:\/\/www.laguiadepamplona.com\/actualidad\/aprobado-el-proyecto-de-plantilla-organica-del-ayuntamiento-de-pamplona-que-debatira-el-pleno-municipal-la-proxima-semana\/#breadcrumb"},"inLanguage":"es","potentialAction":[{"@type":"ReadAction","target":["https:\/\/www.laguiadepamplona.com\/actualidad\/aprobado-el-proyecto-de-plantilla-organica-del-ayuntamiento-de-pamplona-que-debatira-el-pleno-municipal-la-proxima-semana\/"]}]},{"@type":"ImageObject","inLanguage":"es","@id":"https:\/\/www.laguiadepamplona.com\/actualidad\/aprobado-el-proyecto-de-plantilla-organica-del-ayuntamiento-de-pamplona-que-debatira-el-pleno-municipal-la-proxima-semana\/#primaryimage","url":"https:\/\/www.laguiadepamplona.com\/actualidad\/wp-content\/uploads\/2022\/11\/papeles_0.webp","contentUrl":"https:\/\/www.laguiadepamplona.com\/actualidad\/wp-content\/uploads\/2022\/11\/papeles_0.webp","width":1920,"height":1280},{"@type":"BreadcrumbList","@id":"https:\/\/www.laguiadepamplona.com\/actualidad\/aprobado-el-proyecto-de-plantilla-organica-del-ayuntamiento-de-pamplona-que-debatira-el-pleno-municipal-la-proxima-semana\/#breadcrumb","itemListElement":[{"@type":"ListItem","position":1,"name":"Portada","item":"https:\/\/www.laguiadepamplona.com\/actualidad\/"},{"@type":"ListItem","position":2,"name":"Aprobado el proyecto de plantilla org\u00e1nica del Ayuntamiento de Pamplona, que debatir\u00e1 el Pleno municipal la pr\u00f3xima semana"}]},{"@type":"WebSite","@id":"https:\/\/www.laguiadepamplona.com\/actualidad\/#website","url":"https:\/\/www.laguiadepamplona.com\/actualidad\/","name":"La gu\u00eda de Pamplona","description":"Noticias de Pamplona","publisher":{"@id":"https:\/\/www.laguiadepamplona.com\/actualidad\/#organization"},"potentialAction":[{"@type":"SearchAction","target":{"@type":"EntryPoint","urlTemplate":"https:\/\/www.laguiadepamplona.com\/actualidad\/?s={search_term_string}"},"query-input":{"@type":"PropertyValueSpecification","valueRequired":true,"valueName":"search_term_string"}}],"inLanguage":"es"},{"@type":"Organization","@id":"https:\/\/www.laguiadepamplona.com\/actualidad\/#organization","name":"La Gu\u00eda de Pamplona \/ Noticias","url":"https:\/\/www.laguiadepamplona.com\/actualidad\/","logo":{"@type":"ImageObject","inLanguage":"es","@id":"https:\/\/www.laguiadepamplona.com\/actualidad\/#\/schema\/logo\/image\/","url":"https:\/\/www.laguiadepamplona.com\/actualidad\/wp-content\/uploads\/2018\/11\/logo-laguiadepamplona18-web1.png","contentUrl":"https:\/\/www.laguiadepamplona.com\/actualidad\/wp-content\/uploads\/2018\/11\/logo-laguiadepamplona18-web1.png","width":600,"height":196,"caption":"La Gu\u00eda de Pamplona \/ Noticias"},"image":{"@id":"https:\/\/www.laguiadepamplona.com\/actualidad\/#\/schema\/logo\/image\/"},"sameAs":["https:\/\/www.facebook.com\/laguiadepamplonacom-133175176762273\/?ref=hl","https:\/\/x.com\/LaGuiadPamplona","https:\/\/www.instagram.com\/la_guia_de_pamplona\/","https:\/\/www.youtube.com\/user\/laguiadepamplona"]},{"@type":"Person","@id":"https:\/\/www.laguiadepamplona.com\/actualidad\/#\/schema\/person\/efe887376f0213d4657c93adc50b1fdb","name":"La Gu\u00eda de Pamplona","image":{"@type":"ImageObject","inLanguage":"es","@id":"https:\/\/secure.gravatar.com\/avatar\/b6992f131dc8d30ab0dff15446e9d346d9dbd95992de0fef795073f5ea83a81c?s=96&d=mm&r=g","url":"https:\/\/secure.gravatar.com\/avatar\/b6992f131dc8d30ab0dff15446e9d346d9dbd95992de0fef795073f5ea83a81c?s=96&d=mm&r=g","contentUrl":"https:\/\/secure.gravatar.com\/avatar\/b6992f131dc8d30ab0dff15446e9d346d9dbd95992de0fef795073f5ea83a81c?s=96&d=mm&r=g","caption":"La Gu\u00eda de Pamplona"}}]}},"post_mailing_queue_ids":[],"_links":{"self":[{"href":"https:\/\/www.laguiadepamplona.com\/actualidad\/wp-json\/wp\/v2\/posts\/42466","targetHints":{"allow":["GET"]}}],"collection":[{"href":"https:\/\/www.laguiadepamplona.com\/actualidad\/wp-json\/wp\/v2\/posts"}],"about":[{"href":"https:\/\/www.laguiadepamplona.com\/actualidad\/wp-json\/wp\/v2\/types\/post"}],"author":[{"embeddable":true,"href":"https:\/\/www.laguiadepamplona.com\/actualidad\/wp-json\/wp\/v2\/users\/1"}],"replies":[{"embeddable":true,"href":"https:\/\/www.laguiadepamplona.com\/actualidad\/wp-json\/wp\/v2\/comments?post=42466"}],"version-history":[{"count":0,"href":"https:\/\/www.laguiadepamplona.com\/actualidad\/wp-json\/wp\/v2\/posts\/42466\/revisions"}],"wp:featuredmedia":[{"embeddable":true,"href":"https:\/\/www.laguiadepamplona.com\/actualidad\/wp-json\/wp\/v2\/media\/42333"}],"wp:attachment":[{"href":"https:\/\/www.laguiadepamplona.com\/actualidad\/wp-json\/wp\/v2\/media?parent=42466"}],"wp:term":[{"taxonomy":"category","embeddable":true,"href":"https:\/\/www.laguiadepamplona.com\/actualidad\/wp-json\/wp\/v2\/categories?post=42466"},{"taxonomy":"post_tag","embeddable":true,"href":"https:\/\/www.laguiadepamplona.com\/actualidad\/wp-json\/wp\/v2\/tags?post=42466"}],"curies":[{"name":"wp","href":"https:\/\/api.w.org\/{rel}","templated":true}]}}