{"id":42463,"date":"2022-12-15T17:49:10","date_gmt":"2022-12-15T15:49:10","guid":{"rendered":"https:\/\/www.laguiadepamplona.com\/actualidad\/?p=42463"},"modified":"2023-04-11T11:47:27","modified_gmt":"2023-04-11T09:47:27","slug":"el-ayuntamiento-continua-con-la-definicion-del-proyecto-pamplona-capital-mundial-de-la-pelota-con-sendas-mesas-de-trabajo-compuestas-por-agentes-y-profesionales-del-sector","status":"publish","type":"post","link":"https:\/\/www.laguiadepamplona.com\/actualidad\/el-ayuntamiento-continua-con-la-definicion-del-proyecto-pamplona-capital-mundial-de-la-pelota-con-sendas-mesas-de-trabajo-compuestas-por-agentes-y-profesionales-del-sector\/","title":{"rendered":"El Ayuntamiento contin\u00faa con la definici\u00f3n del proyecto \u2018Pamplona Capital Mundial de la Pelota\u2019 con sendas mesas de trabajo compuestas por agentes y profesionales del sector"},"content":{"rendered":"<h5>El proyecto, enmarcado dentro de la Agenda Urbana Pamplona 2030, conf\u00eda en generar inversiones y turismo para la ciudad<\/h5>\n<p><!--more--><\/p>\n<p>El Ayuntamiento de Pamplona, a trav\u00e9s de la Oficina Estrat\u00e9gica, contin\u00faa trabajando en el dise\u00f1o del proyecto \u2018Pamplona Capital Mundial de la Pelota\u2019, para convertir la ciudad en un referente en este deporte, dada su tradici\u00f3n y el potencial tanto en infraestructuras como a nivel profesional. Para ello, a lo largo de esta semana, ha mantenido sendas reuniones con agentes relacionados con el mundo de la pelota y con profesionales del sector, para conocer de primera mano las fortalezas de este deporte y el impacto econ\u00f3mico, social, cultural y deportivo que puede desarrollar.<br \/>\n<script async src=\"\/\/pagead2.googlesyndication.com\/pagead\/js\/adsbygoogle.js\"><\/script><br \/>\n<!-- Noticias La Guia de Pamplona --><br \/>\n<ins class=\"adsbygoogle\"\nstyle=\"display:block\"\ndata-ad-client=\"ca-pub-6943679897239327\"\ndata-ad-slot=\"7048180777\"\ndata-ad-format=\"auto\"><\/ins><br \/>\n<script>\n(adsbygoogle = window.adsbygoogle || []).push({});\n<\/script><\/p>\n<p>As\u00ed, en el d\u00eda de ayer, responsables del Ayuntamiento mantuvieron un encuentro con representantes de la Federaci\u00f3n Internacional de Pelota Vasca, la Federaci\u00f3n Espa\u00f1ola de Pelota, la Federaci\u00f3n Navarra de Pelota Vasca, el Instituto Navarro del Deporte, el Club Oberena y Club Tenis, la Asociaci\u00f3n Cultural Navarra de Pelota Vasca (NAPIKE) y Laxoa Elkartea. A la reuni\u00f3n tambi\u00e9n acudieron varias personas expertas del entorno de la pelota. La de ayer fue la primera mesa sectorial celebrada hasta la fecha, en la que se busc\u00f3 la confluencia de intereses y se analizaron los elementos que pueden impulsar el binomio Pamplona y pelota. En este sentido, las personas asistentes apuntaron al arraigo hist\u00f3rico y cultural de este deporte como una de las fortalezas para convertir a Pamplona en capital mundial de la pelota. A ello se suma la presencia de clubes deportivos fuertes y escuelas de deporte base, que han intensificado la labor para generar cantera y afici\u00f3n.<\/p>\n<p>Por su parte, en la mesa sectorial celebrada hoy han participado profesionales del sector, como representantes de NICDO, la empresa p\u00fablica del Gobierno de Navarra para potenciar el deporte, el ocio y la cultura; la empresa de pelota vasca BAIKO, el club profesional de pelota femenina ADOS, la empresa profesional de remonte E-Remonte, la Fundaci\u00f3n Remonte Euskal Jai Berrri, la Federaci\u00f3n Espa\u00f1ola de Pelota, la Federaci\u00f3n Navarra de Pelota Vasca y la Asociaci\u00f3n Cultural Navarra de Pelota Vasca (NAPIKE), junto con representantes del \u00e1rea de deportes del Ayuntamiento de Pamplona y del Instituto Navarro del Deporte del Gobierno de Navarra.<br \/>\n<script async src=\"\/\/pagead2.googlesyndication.com\/pagead\/js\/adsbygoogle.js\"><\/script><br \/>\n<!-- Noticias La Guia de Pamplona --><br \/>\n<ins class=\"adsbygoogle\"\nstyle=\"display:block\"\ndata-ad-client=\"ca-pub-6943679897239327\"\ndata-ad-slot=\"7048180777\"\ndata-ad-format=\"auto\"><\/ins><br \/>\n<script>\n(adsbygoogle = window.adsbygoogle || []).push({});\n<\/script><\/p>\n<p>En esta reuni\u00f3n, se han abordado aspectos clave para el futuro de este deporte como el cambio generacional y la adaptaci\u00f3n a las nuevas tendencias deportivas. Tambi\u00e9n se ha acordado apoyar las modalidades minoritarias, como un revulsivo m\u00e1s para situar a Pamplona como referente nacional e internacional.<\/p>\n<p>El proyecto \u2018Pamplona Capital Mundial de la Pelota\u2019 cuenta con el apoyo de la ponencia de la Agenda Urbana Pamplona 2030. Con las aportaciones de estas mesas sectoriales y de la veintena de entrevistas realizadas con agentes sociales, econ\u00f3micos y deportivos, el Ayuntamiento quiere desarrollar un proyecto transversal, que abarque, no solo la dimensi\u00f3n deportiva, sino tambi\u00e9n educativa, social, hist\u00f3rico-cultural, cient\u00edfica y de congresos, entre otras.<\/p>\n","protected":false},"excerpt":{"rendered":"<p>El proyecto, enmarcado dentro de la Agenda Urbana Pamplona 2030, conf\u00eda en generar inversiones y turismo para la ciudad<\/p>\n","protected":false},"author":1,"featured_media":42464,"comment_status":"open","ping_status":"closed","sticky":false,"template":"","format":"standard","meta":{"footnotes":""},"categories":[2],"tags":[],"class_list":["post-42463","post","type-post","status-publish","format-standard","has-post-thumbnail","hentry","category-ayuntamiento-pamplona"],"yoast_head":"<!-- This site is optimized with the Yoast SEO plugin v27.3 - https:\/\/yoast.com\/product\/yoast-seo-wordpress\/ -->\n<title>El Ayuntamiento contin\u00faa con la definici\u00f3n del proyecto \u2018Pamplona Capital Mundial de la Pelota\u2019 con sendas mesas de trabajo compuestas por agentes y profesionales del sector<\/title>\n<meta name=\"description\" content=\"El proyecto, enmarcado dentro de la Agenda Urbana Pamplona 2030, conf\u00eda en generar inversiones y turismo para la ciudad\" \/>\n<meta name=\"robots\" content=\"index, follow, max-snippet:-1, max-image-preview:large, max-video-preview:-1\" \/>\n<link rel=\"canonical\" href=\"https:\/\/www.laguiadepamplona.com\/actualidad\/el-ayuntamiento-continua-con-la-definicion-del-proyecto-pamplona-capital-mundial-de-la-pelota-con-sendas-mesas-de-trabajo-compuestas-por-agentes-y-profesionales-del-sector\/\" \/>\n<meta property=\"og:locale\" content=\"es_ES\" \/>\n<meta property=\"og:type\" content=\"article\" \/>\n<meta property=\"og:title\" content=\"El Ayuntamiento contin\u00faa con la definici\u00f3n del proyecto \u2018Pamplona Capital Mundial de la Pelota\u2019 con sendas mesas de trabajo compuestas por agentes y profesionales del sector\" \/>\n<meta property=\"og:description\" content=\"El proyecto, enmarcado dentro de la Agenda Urbana Pamplona 2030, conf\u00eda en generar inversiones y turismo para la ciudad\" \/>\n<meta property=\"og:url\" content=\"https:\/\/www.laguiadepamplona.com\/actualidad\/el-ayuntamiento-continua-con-la-definicion-del-proyecto-pamplona-capital-mundial-de-la-pelota-con-sendas-mesas-de-trabajo-compuestas-por-agentes-y-profesionales-del-sector\/\" \/>\n<meta property=\"og:site_name\" content=\"La Gu\u00eda de Pamplona\" \/>\n<meta property=\"article:publisher\" content=\"https:\/\/www.facebook.com\/laguiadepamplonacom-133175176762273\/?ref=hl\" \/>\n<meta property=\"article:published_time\" content=\"2022-12-15T15:49:10+00:00\" \/>\n<meta property=\"article:modified_time\" content=\"2023-04-11T09:47:27+00:00\" \/>\n<meta property=\"og:image\" content=\"https:\/\/www.laguiadepamplona.com\/actualidad\/wp-content\/uploads\/2022\/12\/Q5A6641pelota22-12-15.webp\" \/>\n\t<meta property=\"og:image:width\" content=\"1920\" \/>\n\t<meta property=\"og:image:height\" content=\"1281\" \/>\n\t<meta property=\"og:image:type\" content=\"image\/webp\" \/>\n<meta name=\"author\" content=\"La Gu\u00eda de Pamplona\" \/>\n<meta name=\"twitter:card\" content=\"summary_large_image\" \/>\n<meta name=\"twitter:creator\" content=\"@LaGuiadPamplona\" \/>\n<meta name=\"twitter:site\" content=\"@LaGuiadPamplona\" \/>\n<meta name=\"twitter:label1\" content=\"Escrito por\" \/>\n\t<meta name=\"twitter:data1\" content=\"La Gu\u00eda de Pamplona\" \/>\n\t<meta name=\"twitter:label2\" content=\"Tiempo de lectura\" \/>\n\t<meta name=\"twitter:data2\" content=\"3 minutos\" \/>\n<script type=\"application\/ld+json\" class=\"yoast-schema-graph\">{\"@context\":\"https:\\\/\\\/schema.org\",\"@graph\":[{\"@type\":\"Article\",\"@id\":\"https:\\\/\\\/www.laguiadepamplona.com\\\/actualidad\\\/el-ayuntamiento-continua-con-la-definicion-del-proyecto-pamplona-capital-mundial-de-la-pelota-con-sendas-mesas-de-trabajo-compuestas-por-agentes-y-profesionales-del-sector\\\/#article\",\"isPartOf\":{\"@id\":\"https:\\\/\\\/www.laguiadepamplona.com\\\/actualidad\\\/el-ayuntamiento-continua-con-la-definicion-del-proyecto-pamplona-capital-mundial-de-la-pelota-con-sendas-mesas-de-trabajo-compuestas-por-agentes-y-profesionales-del-sector\\\/\"},\"author\":{\"name\":\"La Gu\u00eda de Pamplona\",\"@id\":\"https:\\\/\\\/www.laguiadepamplona.com\\\/actualidad\\\/#\\\/schema\\\/person\\\/efe887376f0213d4657c93adc50b1fdb\"},\"headline\":\"El Ayuntamiento contin\u00faa con la definici\u00f3n del proyecto \u2018Pamplona Capital Mundial de la Pelota\u2019 con sendas mesas de trabajo compuestas por agentes y profesionales del sector\",\"datePublished\":\"2022-12-15T15:49:10+00:00\",\"dateModified\":\"2023-04-11T09:47:27+00:00\",\"mainEntityOfPage\":{\"@id\":\"https:\\\/\\\/www.laguiadepamplona.com\\\/actualidad\\\/el-ayuntamiento-continua-con-la-definicion-del-proyecto-pamplona-capital-mundial-de-la-pelota-con-sendas-mesas-de-trabajo-compuestas-por-agentes-y-profesionales-del-sector\\\/\"},\"wordCount\":539,\"commentCount\":0,\"publisher\":{\"@id\":\"https:\\\/\\\/www.laguiadepamplona.com\\\/actualidad\\\/#organization\"},\"image\":{\"@id\":\"https:\\\/\\\/www.laguiadepamplona.com\\\/actualidad\\\/el-ayuntamiento-continua-con-la-definicion-del-proyecto-pamplona-capital-mundial-de-la-pelota-con-sendas-mesas-de-trabajo-compuestas-por-agentes-y-profesionales-del-sector\\\/#primaryimage\"},\"thumbnailUrl\":\"https:\\\/\\\/www.laguiadepamplona.com\\\/actualidad\\\/wp-content\\\/uploads\\\/2022\\\/12\\\/Q5A6641pelota22-12-15.webp\",\"articleSection\":[\"Ayto Pamplona\"],\"inLanguage\":\"es\",\"potentialAction\":[{\"@type\":\"CommentAction\",\"name\":\"Comment\",\"target\":[\"https:\\\/\\\/www.laguiadepamplona.com\\\/actualidad\\\/el-ayuntamiento-continua-con-la-definicion-del-proyecto-pamplona-capital-mundial-de-la-pelota-con-sendas-mesas-de-trabajo-compuestas-por-agentes-y-profesionales-del-sector\\\/#respond\"]}]},{\"@type\":\"WebPage\",\"@id\":\"https:\\\/\\\/www.laguiadepamplona.com\\\/actualidad\\\/el-ayuntamiento-continua-con-la-definicion-del-proyecto-pamplona-capital-mundial-de-la-pelota-con-sendas-mesas-de-trabajo-compuestas-por-agentes-y-profesionales-del-sector\\\/\",\"url\":\"https:\\\/\\\/www.laguiadepamplona.com\\\/actualidad\\\/el-ayuntamiento-continua-con-la-definicion-del-proyecto-pamplona-capital-mundial-de-la-pelota-con-sendas-mesas-de-trabajo-compuestas-por-agentes-y-profesionales-del-sector\\\/\",\"name\":\"El Ayuntamiento contin\u00faa con la definici\u00f3n del proyecto \u2018Pamplona Capital Mundial de la Pelota\u2019 con sendas mesas de trabajo compuestas por agentes y profesionales del sector\",\"isPartOf\":{\"@id\":\"https:\\\/\\\/www.laguiadepamplona.com\\\/actualidad\\\/#website\"},\"primaryImageOfPage\":{\"@id\":\"https:\\\/\\\/www.laguiadepamplona.com\\\/actualidad\\\/el-ayuntamiento-continua-con-la-definicion-del-proyecto-pamplona-capital-mundial-de-la-pelota-con-sendas-mesas-de-trabajo-compuestas-por-agentes-y-profesionales-del-sector\\\/#primaryimage\"},\"image\":{\"@id\":\"https:\\\/\\\/www.laguiadepamplona.com\\\/actualidad\\\/el-ayuntamiento-continua-con-la-definicion-del-proyecto-pamplona-capital-mundial-de-la-pelota-con-sendas-mesas-de-trabajo-compuestas-por-agentes-y-profesionales-del-sector\\\/#primaryimage\"},\"thumbnailUrl\":\"https:\\\/\\\/www.laguiadepamplona.com\\\/actualidad\\\/wp-content\\\/uploads\\\/2022\\\/12\\\/Q5A6641pelota22-12-15.webp\",\"datePublished\":\"2022-12-15T15:49:10+00:00\",\"dateModified\":\"2023-04-11T09:47:27+00:00\",\"description\":\"El proyecto, enmarcado dentro de la Agenda Urbana Pamplona 2030, conf\u00eda en generar inversiones y turismo para la ciudad\",\"breadcrumb\":{\"@id\":\"https:\\\/\\\/www.laguiadepamplona.com\\\/actualidad\\\/el-ayuntamiento-continua-con-la-definicion-del-proyecto-pamplona-capital-mundial-de-la-pelota-con-sendas-mesas-de-trabajo-compuestas-por-agentes-y-profesionales-del-sector\\\/#breadcrumb\"},\"inLanguage\":\"es\",\"potentialAction\":[{\"@type\":\"ReadAction\",\"target\":[\"https:\\\/\\\/www.laguiadepamplona.com\\\/actualidad\\\/el-ayuntamiento-continua-con-la-definicion-del-proyecto-pamplona-capital-mundial-de-la-pelota-con-sendas-mesas-de-trabajo-compuestas-por-agentes-y-profesionales-del-sector\\\/\"]}]},{\"@type\":\"ImageObject\",\"inLanguage\":\"es\",\"@id\":\"https:\\\/\\\/www.laguiadepamplona.com\\\/actualidad\\\/el-ayuntamiento-continua-con-la-definicion-del-proyecto-pamplona-capital-mundial-de-la-pelota-con-sendas-mesas-de-trabajo-compuestas-por-agentes-y-profesionales-del-sector\\\/#primaryimage\",\"url\":\"https:\\\/\\\/www.laguiadepamplona.com\\\/actualidad\\\/wp-content\\\/uploads\\\/2022\\\/12\\\/Q5A6641pelota22-12-15.webp\",\"contentUrl\":\"https:\\\/\\\/www.laguiadepamplona.com\\\/actualidad\\\/wp-content\\\/uploads\\\/2022\\\/12\\\/Q5A6641pelota22-12-15.webp\",\"width\":1920,\"height\":1281},{\"@type\":\"BreadcrumbList\",\"@id\":\"https:\\\/\\\/www.laguiadepamplona.com\\\/actualidad\\\/el-ayuntamiento-continua-con-la-definicion-del-proyecto-pamplona-capital-mundial-de-la-pelota-con-sendas-mesas-de-trabajo-compuestas-por-agentes-y-profesionales-del-sector\\\/#breadcrumb\",\"itemListElement\":[{\"@type\":\"ListItem\",\"position\":1,\"name\":\"Portada\",\"item\":\"https:\\\/\\\/www.laguiadepamplona.com\\\/actualidad\\\/\"},{\"@type\":\"ListItem\",\"position\":2,\"name\":\"El Ayuntamiento contin\u00faa con la definici\u00f3n del proyecto \u2018Pamplona Capital Mundial de la Pelota\u2019 con sendas mesas de trabajo compuestas por agentes y profesionales del sector\"}]},{\"@type\":\"WebSite\",\"@id\":\"https:\\\/\\\/www.laguiadepamplona.com\\\/actualidad\\\/#website\",\"url\":\"https:\\\/\\\/www.laguiadepamplona.com\\\/actualidad\\\/\",\"name\":\"La gu\u00eda de Pamplona\",\"description\":\"Noticias de Pamplona\",\"publisher\":{\"@id\":\"https:\\\/\\\/www.laguiadepamplona.com\\\/actualidad\\\/#organization\"},\"potentialAction\":[{\"@type\":\"SearchAction\",\"target\":{\"@type\":\"EntryPoint\",\"urlTemplate\":\"https:\\\/\\\/www.laguiadepamplona.com\\\/actualidad\\\/?s={search_term_string}\"},\"query-input\":{\"@type\":\"PropertyValueSpecification\",\"valueRequired\":true,\"valueName\":\"search_term_string\"}}],\"inLanguage\":\"es\"},{\"@type\":\"Organization\",\"@id\":\"https:\\\/\\\/www.laguiadepamplona.com\\\/actualidad\\\/#organization\",\"name\":\"La Gu\u00eda de Pamplona \\\/ Noticias\",\"url\":\"https:\\\/\\\/www.laguiadepamplona.com\\\/actualidad\\\/\",\"logo\":{\"@type\":\"ImageObject\",\"inLanguage\":\"es\",\"@id\":\"https:\\\/\\\/www.laguiadepamplona.com\\\/actualidad\\\/#\\\/schema\\\/logo\\\/image\\\/\",\"url\":\"https:\\\/\\\/www.laguiadepamplona.com\\\/actualidad\\\/wp-content\\\/uploads\\\/2018\\\/11\\\/logo-laguiadepamplona18-web1.png\",\"contentUrl\":\"https:\\\/\\\/www.laguiadepamplona.com\\\/actualidad\\\/wp-content\\\/uploads\\\/2018\\\/11\\\/logo-laguiadepamplona18-web1.png\",\"width\":600,\"height\":196,\"caption\":\"La Gu\u00eda de Pamplona \\\/ Noticias\"},\"image\":{\"@id\":\"https:\\\/\\\/www.laguiadepamplona.com\\\/actualidad\\\/#\\\/schema\\\/logo\\\/image\\\/\"},\"sameAs\":[\"https:\\\/\\\/www.facebook.com\\\/laguiadepamplonacom-133175176762273\\\/?ref=hl\",\"https:\\\/\\\/x.com\\\/LaGuiadPamplona\",\"https:\\\/\\\/www.instagram.com\\\/la_guia_de_pamplona\\\/\",\"https:\\\/\\\/www.youtube.com\\\/user\\\/laguiadepamplona\"]},{\"@type\":\"Person\",\"@id\":\"https:\\\/\\\/www.laguiadepamplona.com\\\/actualidad\\\/#\\\/schema\\\/person\\\/efe887376f0213d4657c93adc50b1fdb\",\"name\":\"La Gu\u00eda de Pamplona\",\"image\":{\"@type\":\"ImageObject\",\"inLanguage\":\"es\",\"@id\":\"https:\\\/\\\/secure.gravatar.com\\\/avatar\\\/b6992f131dc8d30ab0dff15446e9d346d9dbd95992de0fef795073f5ea83a81c?s=96&d=mm&r=g\",\"url\":\"https:\\\/\\\/secure.gravatar.com\\\/avatar\\\/b6992f131dc8d30ab0dff15446e9d346d9dbd95992de0fef795073f5ea83a81c?s=96&d=mm&r=g\",\"contentUrl\":\"https:\\\/\\\/secure.gravatar.com\\\/avatar\\\/b6992f131dc8d30ab0dff15446e9d346d9dbd95992de0fef795073f5ea83a81c?s=96&d=mm&r=g\",\"caption\":\"La Gu\u00eda de Pamplona\"}}]}<\/script>\n<!-- \/ Yoast SEO plugin. -->","yoast_head_json":{"title":"El Ayuntamiento contin\u00faa con la definici\u00f3n del proyecto \u2018Pamplona Capital Mundial de la Pelota\u2019 con sendas mesas de trabajo compuestas por agentes y profesionales del sector","description":"El proyecto, enmarcado dentro de la Agenda Urbana Pamplona 2030, conf\u00eda en generar inversiones y turismo para la ciudad","robots":{"index":"index","follow":"follow","max-snippet":"max-snippet:-1","max-image-preview":"max-image-preview:large","max-video-preview":"max-video-preview:-1"},"canonical":"https:\/\/www.laguiadepamplona.com\/actualidad\/el-ayuntamiento-continua-con-la-definicion-del-proyecto-pamplona-capital-mundial-de-la-pelota-con-sendas-mesas-de-trabajo-compuestas-por-agentes-y-profesionales-del-sector\/","og_locale":"es_ES","og_type":"article","og_title":"El Ayuntamiento contin\u00faa con la definici\u00f3n del proyecto \u2018Pamplona Capital Mundial de la Pelota\u2019 con sendas mesas de trabajo compuestas por agentes y profesionales del sector","og_description":"El proyecto, enmarcado dentro de la Agenda Urbana Pamplona 2030, conf\u00eda en generar inversiones y turismo para la ciudad","og_url":"https:\/\/www.laguiadepamplona.com\/actualidad\/el-ayuntamiento-continua-con-la-definicion-del-proyecto-pamplona-capital-mundial-de-la-pelota-con-sendas-mesas-de-trabajo-compuestas-por-agentes-y-profesionales-del-sector\/","og_site_name":"La Gu\u00eda de Pamplona","article_publisher":"https:\/\/www.facebook.com\/laguiadepamplonacom-133175176762273\/?ref=hl","article_published_time":"2022-12-15T15:49:10+00:00","article_modified_time":"2023-04-11T09:47:27+00:00","og_image":[{"width":1920,"height":1281,"url":"https:\/\/www.laguiadepamplona.com\/actualidad\/wp-content\/uploads\/2022\/12\/Q5A6641pelota22-12-15.webp","type":"image\/webp"}],"author":"La Gu\u00eda de Pamplona","twitter_card":"summary_large_image","twitter_creator":"@LaGuiadPamplona","twitter_site":"@LaGuiadPamplona","twitter_misc":{"Escrito por":"La Gu\u00eda de Pamplona","Tiempo de lectura":"3 minutos"},"schema":{"@context":"https:\/\/schema.org","@graph":[{"@type":"Article","@id":"https:\/\/www.laguiadepamplona.com\/actualidad\/el-ayuntamiento-continua-con-la-definicion-del-proyecto-pamplona-capital-mundial-de-la-pelota-con-sendas-mesas-de-trabajo-compuestas-por-agentes-y-profesionales-del-sector\/#article","isPartOf":{"@id":"https:\/\/www.laguiadepamplona.com\/actualidad\/el-ayuntamiento-continua-con-la-definicion-del-proyecto-pamplona-capital-mundial-de-la-pelota-con-sendas-mesas-de-trabajo-compuestas-por-agentes-y-profesionales-del-sector\/"},"author":{"name":"La Gu\u00eda de Pamplona","@id":"https:\/\/www.laguiadepamplona.com\/actualidad\/#\/schema\/person\/efe887376f0213d4657c93adc50b1fdb"},"headline":"El Ayuntamiento contin\u00faa con la definici\u00f3n del proyecto \u2018Pamplona Capital Mundial de la Pelota\u2019 con sendas mesas de trabajo compuestas por agentes y profesionales del sector","datePublished":"2022-12-15T15:49:10+00:00","dateModified":"2023-04-11T09:47:27+00:00","mainEntityOfPage":{"@id":"https:\/\/www.laguiadepamplona.com\/actualidad\/el-ayuntamiento-continua-con-la-definicion-del-proyecto-pamplona-capital-mundial-de-la-pelota-con-sendas-mesas-de-trabajo-compuestas-por-agentes-y-profesionales-del-sector\/"},"wordCount":539,"commentCount":0,"publisher":{"@id":"https:\/\/www.laguiadepamplona.com\/actualidad\/#organization"},"image":{"@id":"https:\/\/www.laguiadepamplona.com\/actualidad\/el-ayuntamiento-continua-con-la-definicion-del-proyecto-pamplona-capital-mundial-de-la-pelota-con-sendas-mesas-de-trabajo-compuestas-por-agentes-y-profesionales-del-sector\/#primaryimage"},"thumbnailUrl":"https:\/\/www.laguiadepamplona.com\/actualidad\/wp-content\/uploads\/2022\/12\/Q5A6641pelota22-12-15.webp","articleSection":["Ayto Pamplona"],"inLanguage":"es","potentialAction":[{"@type":"CommentAction","name":"Comment","target":["https:\/\/www.laguiadepamplona.com\/actualidad\/el-ayuntamiento-continua-con-la-definicion-del-proyecto-pamplona-capital-mundial-de-la-pelota-con-sendas-mesas-de-trabajo-compuestas-por-agentes-y-profesionales-del-sector\/#respond"]}]},{"@type":"WebPage","@id":"https:\/\/www.laguiadepamplona.com\/actualidad\/el-ayuntamiento-continua-con-la-definicion-del-proyecto-pamplona-capital-mundial-de-la-pelota-con-sendas-mesas-de-trabajo-compuestas-por-agentes-y-profesionales-del-sector\/","url":"https:\/\/www.laguiadepamplona.com\/actualidad\/el-ayuntamiento-continua-con-la-definicion-del-proyecto-pamplona-capital-mundial-de-la-pelota-con-sendas-mesas-de-trabajo-compuestas-por-agentes-y-profesionales-del-sector\/","name":"El Ayuntamiento contin\u00faa con la definici\u00f3n del proyecto \u2018Pamplona Capital Mundial de la Pelota\u2019 con sendas mesas de trabajo compuestas por agentes y profesionales del sector","isPartOf":{"@id":"https:\/\/www.laguiadepamplona.com\/actualidad\/#website"},"primaryImageOfPage":{"@id":"https:\/\/www.laguiadepamplona.com\/actualidad\/el-ayuntamiento-continua-con-la-definicion-del-proyecto-pamplona-capital-mundial-de-la-pelota-con-sendas-mesas-de-trabajo-compuestas-por-agentes-y-profesionales-del-sector\/#primaryimage"},"image":{"@id":"https:\/\/www.laguiadepamplona.com\/actualidad\/el-ayuntamiento-continua-con-la-definicion-del-proyecto-pamplona-capital-mundial-de-la-pelota-con-sendas-mesas-de-trabajo-compuestas-por-agentes-y-profesionales-del-sector\/#primaryimage"},"thumbnailUrl":"https:\/\/www.laguiadepamplona.com\/actualidad\/wp-content\/uploads\/2022\/12\/Q5A6641pelota22-12-15.webp","datePublished":"2022-12-15T15:49:10+00:00","dateModified":"2023-04-11T09:47:27+00:00","description":"El proyecto, enmarcado dentro de la Agenda Urbana Pamplona 2030, conf\u00eda en generar inversiones y turismo para la ciudad","breadcrumb":{"@id":"https:\/\/www.laguiadepamplona.com\/actualidad\/el-ayuntamiento-continua-con-la-definicion-del-proyecto-pamplona-capital-mundial-de-la-pelota-con-sendas-mesas-de-trabajo-compuestas-por-agentes-y-profesionales-del-sector\/#breadcrumb"},"inLanguage":"es","potentialAction":[{"@type":"ReadAction","target":["https:\/\/www.laguiadepamplona.com\/actualidad\/el-ayuntamiento-continua-con-la-definicion-del-proyecto-pamplona-capital-mundial-de-la-pelota-con-sendas-mesas-de-trabajo-compuestas-por-agentes-y-profesionales-del-sector\/"]}]},{"@type":"ImageObject","inLanguage":"es","@id":"https:\/\/www.laguiadepamplona.com\/actualidad\/el-ayuntamiento-continua-con-la-definicion-del-proyecto-pamplona-capital-mundial-de-la-pelota-con-sendas-mesas-de-trabajo-compuestas-por-agentes-y-profesionales-del-sector\/#primaryimage","url":"https:\/\/www.laguiadepamplona.com\/actualidad\/wp-content\/uploads\/2022\/12\/Q5A6641pelota22-12-15.webp","contentUrl":"https:\/\/www.laguiadepamplona.com\/actualidad\/wp-content\/uploads\/2022\/12\/Q5A6641pelota22-12-15.webp","width":1920,"height":1281},{"@type":"BreadcrumbList","@id":"https:\/\/www.laguiadepamplona.com\/actualidad\/el-ayuntamiento-continua-con-la-definicion-del-proyecto-pamplona-capital-mundial-de-la-pelota-con-sendas-mesas-de-trabajo-compuestas-por-agentes-y-profesionales-del-sector\/#breadcrumb","itemListElement":[{"@type":"ListItem","position":1,"name":"Portada","item":"https:\/\/www.laguiadepamplona.com\/actualidad\/"},{"@type":"ListItem","position":2,"name":"El Ayuntamiento contin\u00faa con la definici\u00f3n del proyecto \u2018Pamplona Capital Mundial de la Pelota\u2019 con sendas mesas de trabajo compuestas por agentes y profesionales del sector"}]},{"@type":"WebSite","@id":"https:\/\/www.laguiadepamplona.com\/actualidad\/#website","url":"https:\/\/www.laguiadepamplona.com\/actualidad\/","name":"La gu\u00eda de Pamplona","description":"Noticias de Pamplona","publisher":{"@id":"https:\/\/www.laguiadepamplona.com\/actualidad\/#organization"},"potentialAction":[{"@type":"SearchAction","target":{"@type":"EntryPoint","urlTemplate":"https:\/\/www.laguiadepamplona.com\/actualidad\/?s={search_term_string}"},"query-input":{"@type":"PropertyValueSpecification","valueRequired":true,"valueName":"search_term_string"}}],"inLanguage":"es"},{"@type":"Organization","@id":"https:\/\/www.laguiadepamplona.com\/actualidad\/#organization","name":"La Gu\u00eda de Pamplona \/ Noticias","url":"https:\/\/www.laguiadepamplona.com\/actualidad\/","logo":{"@type":"ImageObject","inLanguage":"es","@id":"https:\/\/www.laguiadepamplona.com\/actualidad\/#\/schema\/logo\/image\/","url":"https:\/\/www.laguiadepamplona.com\/actualidad\/wp-content\/uploads\/2018\/11\/logo-laguiadepamplona18-web1.png","contentUrl":"https:\/\/www.laguiadepamplona.com\/actualidad\/wp-content\/uploads\/2018\/11\/logo-laguiadepamplona18-web1.png","width":600,"height":196,"caption":"La Gu\u00eda de Pamplona \/ Noticias"},"image":{"@id":"https:\/\/www.laguiadepamplona.com\/actualidad\/#\/schema\/logo\/image\/"},"sameAs":["https:\/\/www.facebook.com\/laguiadepamplonacom-133175176762273\/?ref=hl","https:\/\/x.com\/LaGuiadPamplona","https:\/\/www.instagram.com\/la_guia_de_pamplona\/","https:\/\/www.youtube.com\/user\/laguiadepamplona"]},{"@type":"Person","@id":"https:\/\/www.laguiadepamplona.com\/actualidad\/#\/schema\/person\/efe887376f0213d4657c93adc50b1fdb","name":"La Gu\u00eda de Pamplona","image":{"@type":"ImageObject","inLanguage":"es","@id":"https:\/\/secure.gravatar.com\/avatar\/b6992f131dc8d30ab0dff15446e9d346d9dbd95992de0fef795073f5ea83a81c?s=96&d=mm&r=g","url":"https:\/\/secure.gravatar.com\/avatar\/b6992f131dc8d30ab0dff15446e9d346d9dbd95992de0fef795073f5ea83a81c?s=96&d=mm&r=g","contentUrl":"https:\/\/secure.gravatar.com\/avatar\/b6992f131dc8d30ab0dff15446e9d346d9dbd95992de0fef795073f5ea83a81c?s=96&d=mm&r=g","caption":"La Gu\u00eda de Pamplona"}}]}},"post_mailing_queue_ids":[],"_links":{"self":[{"href":"https:\/\/www.laguiadepamplona.com\/actualidad\/wp-json\/wp\/v2\/posts\/42463","targetHints":{"allow":["GET"]}}],"collection":[{"href":"https:\/\/www.laguiadepamplona.com\/actualidad\/wp-json\/wp\/v2\/posts"}],"about":[{"href":"https:\/\/www.laguiadepamplona.com\/actualidad\/wp-json\/wp\/v2\/types\/post"}],"author":[{"embeddable":true,"href":"https:\/\/www.laguiadepamplona.com\/actualidad\/wp-json\/wp\/v2\/users\/1"}],"replies":[{"embeddable":true,"href":"https:\/\/www.laguiadepamplona.com\/actualidad\/wp-json\/wp\/v2\/comments?post=42463"}],"version-history":[{"count":0,"href":"https:\/\/www.laguiadepamplona.com\/actualidad\/wp-json\/wp\/v2\/posts\/42463\/revisions"}],"wp:featuredmedia":[{"embeddable":true,"href":"https:\/\/www.laguiadepamplona.com\/actualidad\/wp-json\/wp\/v2\/media\/42464"}],"wp:attachment":[{"href":"https:\/\/www.laguiadepamplona.com\/actualidad\/wp-json\/wp\/v2\/media?parent=42463"}],"wp:term":[{"taxonomy":"category","embeddable":true,"href":"https:\/\/www.laguiadepamplona.com\/actualidad\/wp-json\/wp\/v2\/categories?post=42463"},{"taxonomy":"post_tag","embeddable":true,"href":"https:\/\/www.laguiadepamplona.com\/actualidad\/wp-json\/wp\/v2\/tags?post=42463"}],"curies":[{"name":"wp","href":"https:\/\/api.w.org\/{rel}","templated":true}]}}