{"id":42459,"date":"2022-12-15T14:29:50","date_gmt":"2022-12-15T12:29:50","guid":{"rendered":"https:\/\/www.laguiadepamplona.com\/actualidad\/?p=42459"},"modified":"2023-04-11T11:47:27","modified_gmt":"2023-04-11T09:47:27","slug":"rap-podcast-danza-oriental-y-arte-en-colaboracion-por-la-interculturalidad-este-sabado-habra-tarde-de-ocio-en-la-casa-de-la-juventud-con-la-asociacion-sei","status":"publish","type":"post","link":"https:\/\/www.laguiadepamplona.com\/actualidad\/rap-podcast-danza-oriental-y-arte-en-colaboracion-por-la-interculturalidad-este-sabado-habra-tarde-de-ocio-en-la-casa-de-la-juventud-con-la-asociacion-sei\/","title":{"rendered":"Rap, podcast, danza oriental y arte en colaboraci\u00f3n por la interculturalidad: este s\u00e1bado habr\u00e1 tarde de ocio en la Casa de la Juventud con la asociaci\u00f3n SEI"},"content":{"rendered":"<h5>La jornada es gratuita y est\u00e1 dise\u00f1ada para j\u00f3venes de 12 a 30 a\u00f1os que quieran ser agentes activos de co-construcci\u00f3n social<\/h5>\n<p><!--more--><\/p>\n<p>Este s\u00e1bado 17 de diciembre la Casa de la Juventud del Ayuntamiento de Pamplona de la mano de la Asociaci\u00f3n SEI propone la tarde de ocio intercultural \u2018Atr\u00e9vete a buscar\u2019. La velada se extender\u00e1 de 17.15 a 20.45 horas y ofrecer\u00e1 actividades de danza, arte, m\u00fasica, realizaci\u00f3n de podcast radiof\u00f3nico y teatro, un abanico de propuestas que permitir\u00e1 a las personas participantes probar aficiones y encontrar a afines. Prevista para j\u00f3venes de 12 a 30 a\u00f1os, la jornada es gratuita, aunque requiere inscripci\u00f3n previa que se podr\u00e1 realizar presencialmente en la Casa de la Juventud o llamando al tel\u00e9fono 948 233 512.<br \/>\n<script async src=\"\/\/pagead2.googlesyndication.com\/pagead\/js\/adsbygoogle.js\"><\/script><br \/>\n<!-- Noticias La Guia de Pamplona --><br \/>\n<ins class=\"adsbygoogle\"\nstyle=\"display:block\"\ndata-ad-client=\"ca-pub-6943679897239327\"\ndata-ad-slot=\"7048180777\"\ndata-ad-format=\"auto\"><\/ins><br \/>\n<script>\n(adsbygoogle = window.adsbygoogle || []).push({});\n<\/script><\/p>\n<p>Se trata de facilitar el conocimiento de costumbres de diferentes culturas, identificando aquello que une como f\u00f3rmula para favorecer la participaci\u00f3n y la co-construcci\u00f3n social. Eso, sin contar con facilitar el conocimiento de los recursos de la Casa de la Juventud, fomentar la participaci\u00f3n en actividades que promuevan un ocio saludable y hacer un esfuerzo por trabajar en equipo y cooperar en el \u00e1mbito de una ciudad plural e inclusiva, fomentando la sensibilizaci\u00f3n entre la juventud de Pamplona.<\/p>\n<p>SEI trabaja en ello a lo largo del a\u00f1o en toda Navarra como asociaci\u00f3n independiente y sin \u00e1nimo de lucro. Est\u00e1 formada por un grupo heterog\u00e9neo de personas con edades comprendidas entre los 19 y los 70 a\u00f1os. La entidad cuenta actualmente con unas 70 personas voluntarias y unas 35 personas que colaboran econ\u00f3micamente. La asociaci\u00f3n promueve la participaci\u00f3n de todos los agentes sociales implicados en la construcci\u00f3n compartida de una sociedad intercultural. Presta especial atenci\u00f3n a la juventud, a las y los adolescentes inmigrados reci\u00e9n llegados y a sus familias en los \u00e1mbitos socioeducativo, psicosocial y sociocultural con el fin de prevenir situaciones de exclusi\u00f3n y conflicto social y de promover su desarrollo aut\u00f3nomo.<br \/>\n<script async src=\"\/\/pagead2.googlesyndication.com\/pagead\/js\/adsbygoogle.js\"><\/script><br \/>\n<!-- Noticias La Guia de Pamplona --><br \/>\n<ins class=\"adsbygoogle\"\nstyle=\"display:block\"\ndata-ad-client=\"ca-pub-6943679897239327\"\ndata-ad-slot=\"7048180777\"\ndata-ad-format=\"auto\"><\/ins><br \/>\n<script>\n(adsbygoogle = window.adsbygoogle || []).push({});\n<\/script><\/p>\n<p>La jornada constar\u00e1 de diferentes talleres de conexi\u00f3n intercultural. Habr\u00e1 una sala art\u00edstica donde crear el mural de la interculturalidad, un espacio de danza en la que se realizar\u00e1 un taller de danza oriental a cargo de Ananda Bucari, otro de m\u00fasica con un taller de rap, un tercero en el que se reflexionar\u00e1 sobre la multiculturalidad creando un podcast y un taller de microteatro. Las actividades terminar\u00e1n con exhibici\u00f3n del grupo de rap de la Asociaci\u00f3n SEI y de la Escuela de Danza Ananda Bucari.<\/p>\n<p>&nbsp;<br \/>\n[qodef_button size=\u00bblarge\u00bb type=\u00bb\u00bb text=\u00bbtarde ocio interculturalidad.pdf\u00bb custom_class=\u00bb\u00bb icon_pack=\u00bbfont_elegant\u00bb fa_icon=\u00bbicon_download\u00bb link=\u00bbhttps:\/\/www.pamplona.es\/sites\/default\/files\/2022-12\/tarde-ocio-interculturalidad-seiposter.pdf\u00bb target=\u00bb_blank\u00bb color=\u00bbffffff\u00bb hover_color=\u00bb\u00bb background_color=\u00bb\u00bb hover_background_color=\u00bb\u00bb border_color=\u00bb\u00bb hover_border_color=\u00bb\u00bb font_size=\u00bb\u00bb font_weight=\u00bb\u00bb margin=\u00bb\u00bb]\n&nbsp;<\/p>\n","protected":false},"excerpt":{"rendered":"<p>La jornada es gratuita y est\u00e1 dise\u00f1ada para j\u00f3venes de 12 a 30 a\u00f1os que quieran ser agentes activos de co-construcci\u00f3n social<\/p>\n","protected":false},"author":1,"featured_media":42460,"comment_status":"open","ping_status":"closed","sticky":false,"template":"","format":"standard","meta":{"footnotes":""},"categories":[2],"tags":[],"class_list":["post-42459","post","type-post","status-publish","format-standard","has-post-thumbnail","hentry","category-ayuntamiento-pamplona"],"yoast_head":"<!-- This site is optimized with the Yoast SEO plugin v27.3 - https:\/\/yoast.com\/product\/yoast-seo-wordpress\/ -->\n<title>Rap, podcast, danza oriental y arte en colaboraci\u00f3n por la interculturalidad: este s\u00e1bado habr\u00e1 tarde de ocio en la Casa de la Juventud con la asociaci\u00f3n SEI<\/title>\n<meta name=\"description\" content=\"La jornada es gratuita y est\u00e1 dise\u00f1ada para j\u00f3venes de 12 a 30 a\u00f1os que quieran ser agentes activos de co-construcci\u00f3n social\" \/>\n<meta name=\"robots\" content=\"index, follow, max-snippet:-1, max-image-preview:large, max-video-preview:-1\" \/>\n<link rel=\"canonical\" href=\"https:\/\/www.laguiadepamplona.com\/actualidad\/rap-podcast-danza-oriental-y-arte-en-colaboracion-por-la-interculturalidad-este-sabado-habra-tarde-de-ocio-en-la-casa-de-la-juventud-con-la-asociacion-sei\/\" \/>\n<meta property=\"og:locale\" content=\"es_ES\" \/>\n<meta property=\"og:type\" content=\"article\" \/>\n<meta property=\"og:title\" content=\"Rap, podcast, danza oriental y arte en colaboraci\u00f3n por la interculturalidad: este s\u00e1bado habr\u00e1 tarde de ocio en la Casa de la Juventud con la asociaci\u00f3n SEI\" \/>\n<meta property=\"og:description\" content=\"La jornada es gratuita y est\u00e1 dise\u00f1ada para j\u00f3venes de 12 a 30 a\u00f1os que quieran ser agentes activos de co-construcci\u00f3n social\" \/>\n<meta property=\"og:url\" content=\"https:\/\/www.laguiadepamplona.com\/actualidad\/rap-podcast-danza-oriental-y-arte-en-colaboracion-por-la-interculturalidad-este-sabado-habra-tarde-de-ocio-en-la-casa-de-la-juventud-con-la-asociacion-sei\/\" \/>\n<meta property=\"og:site_name\" content=\"La Gu\u00eda de Pamplona\" \/>\n<meta property=\"article:publisher\" content=\"https:\/\/www.facebook.com\/laguiadepamplonacom-133175176762273\/?ref=hl\" \/>\n<meta property=\"article:published_time\" content=\"2022-12-15T12:29:50+00:00\" \/>\n<meta property=\"article:modified_time\" content=\"2023-04-11T09:47:27+00:00\" \/>\n<meta property=\"og:image\" content=\"https:\/\/www.laguiadepamplona.com\/actualidad\/wp-content\/uploads\/2022\/12\/20221217-Tarde-Ocio-intercu.webp\" \/>\n\t<meta property=\"og:image:width\" content=\"1920\" \/>\n\t<meta property=\"og:image:height\" content=\"1286\" \/>\n\t<meta property=\"og:image:type\" content=\"image\/webp\" \/>\n<meta name=\"author\" content=\"La Gu\u00eda de Pamplona\" \/>\n<meta name=\"twitter:card\" content=\"summary_large_image\" \/>\n<meta name=\"twitter:creator\" content=\"@LaGuiadPamplona\" \/>\n<meta name=\"twitter:site\" content=\"@LaGuiadPamplona\" \/>\n<meta name=\"twitter:label1\" content=\"Escrito por\" \/>\n\t<meta name=\"twitter:data1\" content=\"La Gu\u00eda de Pamplona\" \/>\n\t<meta name=\"twitter:label2\" content=\"Tiempo de lectura\" \/>\n\t<meta name=\"twitter:data2\" content=\"2 minutos\" \/>\n<script type=\"application\/ld+json\" class=\"yoast-schema-graph\">{\"@context\":\"https:\\\/\\\/schema.org\",\"@graph\":[{\"@type\":\"Article\",\"@id\":\"https:\\\/\\\/www.laguiadepamplona.com\\\/actualidad\\\/rap-podcast-danza-oriental-y-arte-en-colaboracion-por-la-interculturalidad-este-sabado-habra-tarde-de-ocio-en-la-casa-de-la-juventud-con-la-asociacion-sei\\\/#article\",\"isPartOf\":{\"@id\":\"https:\\\/\\\/www.laguiadepamplona.com\\\/actualidad\\\/rap-podcast-danza-oriental-y-arte-en-colaboracion-por-la-interculturalidad-este-sabado-habra-tarde-de-ocio-en-la-casa-de-la-juventud-con-la-asociacion-sei\\\/\"},\"author\":{\"name\":\"La Gu\u00eda de Pamplona\",\"@id\":\"https:\\\/\\\/www.laguiadepamplona.com\\\/actualidad\\\/#\\\/schema\\\/person\\\/efe887376f0213d4657c93adc50b1fdb\"},\"headline\":\"Rap, podcast, danza oriental y arte en colaboraci\u00f3n por la interculturalidad: este s\u00e1bado habr\u00e1 tarde de ocio en la Casa de la Juventud con la asociaci\u00f3n SEI\",\"datePublished\":\"2022-12-15T12:29:50+00:00\",\"dateModified\":\"2023-04-11T09:47:27+00:00\",\"mainEntityOfPage\":{\"@id\":\"https:\\\/\\\/www.laguiadepamplona.com\\\/actualidad\\\/rap-podcast-danza-oriental-y-arte-en-colaboracion-por-la-interculturalidad-este-sabado-habra-tarde-de-ocio-en-la-casa-de-la-juventud-con-la-asociacion-sei\\\/\"},\"wordCount\":510,\"commentCount\":0,\"publisher\":{\"@id\":\"https:\\\/\\\/www.laguiadepamplona.com\\\/actualidad\\\/#organization\"},\"image\":{\"@id\":\"https:\\\/\\\/www.laguiadepamplona.com\\\/actualidad\\\/rap-podcast-danza-oriental-y-arte-en-colaboracion-por-la-interculturalidad-este-sabado-habra-tarde-de-ocio-en-la-casa-de-la-juventud-con-la-asociacion-sei\\\/#primaryimage\"},\"thumbnailUrl\":\"https:\\\/\\\/www.laguiadepamplona.com\\\/actualidad\\\/wp-content\\\/uploads\\\/2022\\\/12\\\/20221217-Tarde-Ocio-intercu.webp\",\"articleSection\":[\"Ayto Pamplona\"],\"inLanguage\":\"es\",\"potentialAction\":[{\"@type\":\"CommentAction\",\"name\":\"Comment\",\"target\":[\"https:\\\/\\\/www.laguiadepamplona.com\\\/actualidad\\\/rap-podcast-danza-oriental-y-arte-en-colaboracion-por-la-interculturalidad-este-sabado-habra-tarde-de-ocio-en-la-casa-de-la-juventud-con-la-asociacion-sei\\\/#respond\"]}]},{\"@type\":\"WebPage\",\"@id\":\"https:\\\/\\\/www.laguiadepamplona.com\\\/actualidad\\\/rap-podcast-danza-oriental-y-arte-en-colaboracion-por-la-interculturalidad-este-sabado-habra-tarde-de-ocio-en-la-casa-de-la-juventud-con-la-asociacion-sei\\\/\",\"url\":\"https:\\\/\\\/www.laguiadepamplona.com\\\/actualidad\\\/rap-podcast-danza-oriental-y-arte-en-colaboracion-por-la-interculturalidad-este-sabado-habra-tarde-de-ocio-en-la-casa-de-la-juventud-con-la-asociacion-sei\\\/\",\"name\":\"Rap, podcast, danza oriental y arte en colaboraci\u00f3n por la interculturalidad: este s\u00e1bado habr\u00e1 tarde de ocio en la Casa de la Juventud con la asociaci\u00f3n SEI\",\"isPartOf\":{\"@id\":\"https:\\\/\\\/www.laguiadepamplona.com\\\/actualidad\\\/#website\"},\"primaryImageOfPage\":{\"@id\":\"https:\\\/\\\/www.laguiadepamplona.com\\\/actualidad\\\/rap-podcast-danza-oriental-y-arte-en-colaboracion-por-la-interculturalidad-este-sabado-habra-tarde-de-ocio-en-la-casa-de-la-juventud-con-la-asociacion-sei\\\/#primaryimage\"},\"image\":{\"@id\":\"https:\\\/\\\/www.laguiadepamplona.com\\\/actualidad\\\/rap-podcast-danza-oriental-y-arte-en-colaboracion-por-la-interculturalidad-este-sabado-habra-tarde-de-ocio-en-la-casa-de-la-juventud-con-la-asociacion-sei\\\/#primaryimage\"},\"thumbnailUrl\":\"https:\\\/\\\/www.laguiadepamplona.com\\\/actualidad\\\/wp-content\\\/uploads\\\/2022\\\/12\\\/20221217-Tarde-Ocio-intercu.webp\",\"datePublished\":\"2022-12-15T12:29:50+00:00\",\"dateModified\":\"2023-04-11T09:47:27+00:00\",\"description\":\"La jornada es gratuita y est\u00e1 dise\u00f1ada para j\u00f3venes de 12 a 30 a\u00f1os que quieran ser agentes activos de co-construcci\u00f3n social\",\"breadcrumb\":{\"@id\":\"https:\\\/\\\/www.laguiadepamplona.com\\\/actualidad\\\/rap-podcast-danza-oriental-y-arte-en-colaboracion-por-la-interculturalidad-este-sabado-habra-tarde-de-ocio-en-la-casa-de-la-juventud-con-la-asociacion-sei\\\/#breadcrumb\"},\"inLanguage\":\"es\",\"potentialAction\":[{\"@type\":\"ReadAction\",\"target\":[\"https:\\\/\\\/www.laguiadepamplona.com\\\/actualidad\\\/rap-podcast-danza-oriental-y-arte-en-colaboracion-por-la-interculturalidad-este-sabado-habra-tarde-de-ocio-en-la-casa-de-la-juventud-con-la-asociacion-sei\\\/\"]}]},{\"@type\":\"ImageObject\",\"inLanguage\":\"es\",\"@id\":\"https:\\\/\\\/www.laguiadepamplona.com\\\/actualidad\\\/rap-podcast-danza-oriental-y-arte-en-colaboracion-por-la-interculturalidad-este-sabado-habra-tarde-de-ocio-en-la-casa-de-la-juventud-con-la-asociacion-sei\\\/#primaryimage\",\"url\":\"https:\\\/\\\/www.laguiadepamplona.com\\\/actualidad\\\/wp-content\\\/uploads\\\/2022\\\/12\\\/20221217-Tarde-Ocio-intercu.webp\",\"contentUrl\":\"https:\\\/\\\/www.laguiadepamplona.com\\\/actualidad\\\/wp-content\\\/uploads\\\/2022\\\/12\\\/20221217-Tarde-Ocio-intercu.webp\",\"width\":1920,\"height\":1286},{\"@type\":\"BreadcrumbList\",\"@id\":\"https:\\\/\\\/www.laguiadepamplona.com\\\/actualidad\\\/rap-podcast-danza-oriental-y-arte-en-colaboracion-por-la-interculturalidad-este-sabado-habra-tarde-de-ocio-en-la-casa-de-la-juventud-con-la-asociacion-sei\\\/#breadcrumb\",\"itemListElement\":[{\"@type\":\"ListItem\",\"position\":1,\"name\":\"Portada\",\"item\":\"https:\\\/\\\/www.laguiadepamplona.com\\\/actualidad\\\/\"},{\"@type\":\"ListItem\",\"position\":2,\"name\":\"Rap, podcast, danza oriental y arte en colaboraci\u00f3n por la interculturalidad: este s\u00e1bado habr\u00e1 tarde de ocio en la Casa de la Juventud con la asociaci\u00f3n SEI\"}]},{\"@type\":\"WebSite\",\"@id\":\"https:\\\/\\\/www.laguiadepamplona.com\\\/actualidad\\\/#website\",\"url\":\"https:\\\/\\\/www.laguiadepamplona.com\\\/actualidad\\\/\",\"name\":\"La gu\u00eda de Pamplona\",\"description\":\"Noticias de Pamplona\",\"publisher\":{\"@id\":\"https:\\\/\\\/www.laguiadepamplona.com\\\/actualidad\\\/#organization\"},\"potentialAction\":[{\"@type\":\"SearchAction\",\"target\":{\"@type\":\"EntryPoint\",\"urlTemplate\":\"https:\\\/\\\/www.laguiadepamplona.com\\\/actualidad\\\/?s={search_term_string}\"},\"query-input\":{\"@type\":\"PropertyValueSpecification\",\"valueRequired\":true,\"valueName\":\"search_term_string\"}}],\"inLanguage\":\"es\"},{\"@type\":\"Organization\",\"@id\":\"https:\\\/\\\/www.laguiadepamplona.com\\\/actualidad\\\/#organization\",\"name\":\"La Gu\u00eda de Pamplona \\\/ Noticias\",\"url\":\"https:\\\/\\\/www.laguiadepamplona.com\\\/actualidad\\\/\",\"logo\":{\"@type\":\"ImageObject\",\"inLanguage\":\"es\",\"@id\":\"https:\\\/\\\/www.laguiadepamplona.com\\\/actualidad\\\/#\\\/schema\\\/logo\\\/image\\\/\",\"url\":\"https:\\\/\\\/www.laguiadepamplona.com\\\/actualidad\\\/wp-content\\\/uploads\\\/2018\\\/11\\\/logo-laguiadepamplona18-web1.png\",\"contentUrl\":\"https:\\\/\\\/www.laguiadepamplona.com\\\/actualidad\\\/wp-content\\\/uploads\\\/2018\\\/11\\\/logo-laguiadepamplona18-web1.png\",\"width\":600,\"height\":196,\"caption\":\"La Gu\u00eda de Pamplona \\\/ Noticias\"},\"image\":{\"@id\":\"https:\\\/\\\/www.laguiadepamplona.com\\\/actualidad\\\/#\\\/schema\\\/logo\\\/image\\\/\"},\"sameAs\":[\"https:\\\/\\\/www.facebook.com\\\/laguiadepamplonacom-133175176762273\\\/?ref=hl\",\"https:\\\/\\\/x.com\\\/LaGuiadPamplona\",\"https:\\\/\\\/www.instagram.com\\\/la_guia_de_pamplona\\\/\",\"https:\\\/\\\/www.youtube.com\\\/user\\\/laguiadepamplona\"]},{\"@type\":\"Person\",\"@id\":\"https:\\\/\\\/www.laguiadepamplona.com\\\/actualidad\\\/#\\\/schema\\\/person\\\/efe887376f0213d4657c93adc50b1fdb\",\"name\":\"La Gu\u00eda de Pamplona\",\"image\":{\"@type\":\"ImageObject\",\"inLanguage\":\"es\",\"@id\":\"https:\\\/\\\/secure.gravatar.com\\\/avatar\\\/b6992f131dc8d30ab0dff15446e9d346d9dbd95992de0fef795073f5ea83a81c?s=96&d=mm&r=g\",\"url\":\"https:\\\/\\\/secure.gravatar.com\\\/avatar\\\/b6992f131dc8d30ab0dff15446e9d346d9dbd95992de0fef795073f5ea83a81c?s=96&d=mm&r=g\",\"contentUrl\":\"https:\\\/\\\/secure.gravatar.com\\\/avatar\\\/b6992f131dc8d30ab0dff15446e9d346d9dbd95992de0fef795073f5ea83a81c?s=96&d=mm&r=g\",\"caption\":\"La Gu\u00eda de Pamplona\"}}]}<\/script>\n<!-- \/ Yoast SEO plugin. -->","yoast_head_json":{"title":"Rap, podcast, danza oriental y arte en colaboraci\u00f3n por la interculturalidad: este s\u00e1bado habr\u00e1 tarde de ocio en la Casa de la Juventud con la asociaci\u00f3n SEI","description":"La jornada es gratuita y est\u00e1 dise\u00f1ada para j\u00f3venes de 12 a 30 a\u00f1os que quieran ser agentes activos de co-construcci\u00f3n social","robots":{"index":"index","follow":"follow","max-snippet":"max-snippet:-1","max-image-preview":"max-image-preview:large","max-video-preview":"max-video-preview:-1"},"canonical":"https:\/\/www.laguiadepamplona.com\/actualidad\/rap-podcast-danza-oriental-y-arte-en-colaboracion-por-la-interculturalidad-este-sabado-habra-tarde-de-ocio-en-la-casa-de-la-juventud-con-la-asociacion-sei\/","og_locale":"es_ES","og_type":"article","og_title":"Rap, podcast, danza oriental y arte en colaboraci\u00f3n por la interculturalidad: este s\u00e1bado habr\u00e1 tarde de ocio en la Casa de la Juventud con la asociaci\u00f3n SEI","og_description":"La jornada es gratuita y est\u00e1 dise\u00f1ada para j\u00f3venes de 12 a 30 a\u00f1os que quieran ser agentes activos de co-construcci\u00f3n social","og_url":"https:\/\/www.laguiadepamplona.com\/actualidad\/rap-podcast-danza-oriental-y-arte-en-colaboracion-por-la-interculturalidad-este-sabado-habra-tarde-de-ocio-en-la-casa-de-la-juventud-con-la-asociacion-sei\/","og_site_name":"La Gu\u00eda de Pamplona","article_publisher":"https:\/\/www.facebook.com\/laguiadepamplonacom-133175176762273\/?ref=hl","article_published_time":"2022-12-15T12:29:50+00:00","article_modified_time":"2023-04-11T09:47:27+00:00","og_image":[{"width":1920,"height":1286,"url":"https:\/\/www.laguiadepamplona.com\/actualidad\/wp-content\/uploads\/2022\/12\/20221217-Tarde-Ocio-intercu.webp","type":"image\/webp"}],"author":"La Gu\u00eda de Pamplona","twitter_card":"summary_large_image","twitter_creator":"@LaGuiadPamplona","twitter_site":"@LaGuiadPamplona","twitter_misc":{"Escrito por":"La Gu\u00eda de Pamplona","Tiempo de lectura":"2 minutos"},"schema":{"@context":"https:\/\/schema.org","@graph":[{"@type":"Article","@id":"https:\/\/www.laguiadepamplona.com\/actualidad\/rap-podcast-danza-oriental-y-arte-en-colaboracion-por-la-interculturalidad-este-sabado-habra-tarde-de-ocio-en-la-casa-de-la-juventud-con-la-asociacion-sei\/#article","isPartOf":{"@id":"https:\/\/www.laguiadepamplona.com\/actualidad\/rap-podcast-danza-oriental-y-arte-en-colaboracion-por-la-interculturalidad-este-sabado-habra-tarde-de-ocio-en-la-casa-de-la-juventud-con-la-asociacion-sei\/"},"author":{"name":"La Gu\u00eda de Pamplona","@id":"https:\/\/www.laguiadepamplona.com\/actualidad\/#\/schema\/person\/efe887376f0213d4657c93adc50b1fdb"},"headline":"Rap, podcast, danza oriental y arte en colaboraci\u00f3n por la interculturalidad: este s\u00e1bado habr\u00e1 tarde de ocio en la Casa de la Juventud con la asociaci\u00f3n SEI","datePublished":"2022-12-15T12:29:50+00:00","dateModified":"2023-04-11T09:47:27+00:00","mainEntityOfPage":{"@id":"https:\/\/www.laguiadepamplona.com\/actualidad\/rap-podcast-danza-oriental-y-arte-en-colaboracion-por-la-interculturalidad-este-sabado-habra-tarde-de-ocio-en-la-casa-de-la-juventud-con-la-asociacion-sei\/"},"wordCount":510,"commentCount":0,"publisher":{"@id":"https:\/\/www.laguiadepamplona.com\/actualidad\/#organization"},"image":{"@id":"https:\/\/www.laguiadepamplona.com\/actualidad\/rap-podcast-danza-oriental-y-arte-en-colaboracion-por-la-interculturalidad-este-sabado-habra-tarde-de-ocio-en-la-casa-de-la-juventud-con-la-asociacion-sei\/#primaryimage"},"thumbnailUrl":"https:\/\/www.laguiadepamplona.com\/actualidad\/wp-content\/uploads\/2022\/12\/20221217-Tarde-Ocio-intercu.webp","articleSection":["Ayto Pamplona"],"inLanguage":"es","potentialAction":[{"@type":"CommentAction","name":"Comment","target":["https:\/\/www.laguiadepamplona.com\/actualidad\/rap-podcast-danza-oriental-y-arte-en-colaboracion-por-la-interculturalidad-este-sabado-habra-tarde-de-ocio-en-la-casa-de-la-juventud-con-la-asociacion-sei\/#respond"]}]},{"@type":"WebPage","@id":"https:\/\/www.laguiadepamplona.com\/actualidad\/rap-podcast-danza-oriental-y-arte-en-colaboracion-por-la-interculturalidad-este-sabado-habra-tarde-de-ocio-en-la-casa-de-la-juventud-con-la-asociacion-sei\/","url":"https:\/\/www.laguiadepamplona.com\/actualidad\/rap-podcast-danza-oriental-y-arte-en-colaboracion-por-la-interculturalidad-este-sabado-habra-tarde-de-ocio-en-la-casa-de-la-juventud-con-la-asociacion-sei\/","name":"Rap, podcast, danza oriental y arte en colaboraci\u00f3n por la interculturalidad: este s\u00e1bado habr\u00e1 tarde de ocio en la Casa de la Juventud con la asociaci\u00f3n SEI","isPartOf":{"@id":"https:\/\/www.laguiadepamplona.com\/actualidad\/#website"},"primaryImageOfPage":{"@id":"https:\/\/www.laguiadepamplona.com\/actualidad\/rap-podcast-danza-oriental-y-arte-en-colaboracion-por-la-interculturalidad-este-sabado-habra-tarde-de-ocio-en-la-casa-de-la-juventud-con-la-asociacion-sei\/#primaryimage"},"image":{"@id":"https:\/\/www.laguiadepamplona.com\/actualidad\/rap-podcast-danza-oriental-y-arte-en-colaboracion-por-la-interculturalidad-este-sabado-habra-tarde-de-ocio-en-la-casa-de-la-juventud-con-la-asociacion-sei\/#primaryimage"},"thumbnailUrl":"https:\/\/www.laguiadepamplona.com\/actualidad\/wp-content\/uploads\/2022\/12\/20221217-Tarde-Ocio-intercu.webp","datePublished":"2022-12-15T12:29:50+00:00","dateModified":"2023-04-11T09:47:27+00:00","description":"La jornada es gratuita y est\u00e1 dise\u00f1ada para j\u00f3venes de 12 a 30 a\u00f1os que quieran ser agentes activos de co-construcci\u00f3n social","breadcrumb":{"@id":"https:\/\/www.laguiadepamplona.com\/actualidad\/rap-podcast-danza-oriental-y-arte-en-colaboracion-por-la-interculturalidad-este-sabado-habra-tarde-de-ocio-en-la-casa-de-la-juventud-con-la-asociacion-sei\/#breadcrumb"},"inLanguage":"es","potentialAction":[{"@type":"ReadAction","target":["https:\/\/www.laguiadepamplona.com\/actualidad\/rap-podcast-danza-oriental-y-arte-en-colaboracion-por-la-interculturalidad-este-sabado-habra-tarde-de-ocio-en-la-casa-de-la-juventud-con-la-asociacion-sei\/"]}]},{"@type":"ImageObject","inLanguage":"es","@id":"https:\/\/www.laguiadepamplona.com\/actualidad\/rap-podcast-danza-oriental-y-arte-en-colaboracion-por-la-interculturalidad-este-sabado-habra-tarde-de-ocio-en-la-casa-de-la-juventud-con-la-asociacion-sei\/#primaryimage","url":"https:\/\/www.laguiadepamplona.com\/actualidad\/wp-content\/uploads\/2022\/12\/20221217-Tarde-Ocio-intercu.webp","contentUrl":"https:\/\/www.laguiadepamplona.com\/actualidad\/wp-content\/uploads\/2022\/12\/20221217-Tarde-Ocio-intercu.webp","width":1920,"height":1286},{"@type":"BreadcrumbList","@id":"https:\/\/www.laguiadepamplona.com\/actualidad\/rap-podcast-danza-oriental-y-arte-en-colaboracion-por-la-interculturalidad-este-sabado-habra-tarde-de-ocio-en-la-casa-de-la-juventud-con-la-asociacion-sei\/#breadcrumb","itemListElement":[{"@type":"ListItem","position":1,"name":"Portada","item":"https:\/\/www.laguiadepamplona.com\/actualidad\/"},{"@type":"ListItem","position":2,"name":"Rap, podcast, danza oriental y arte en colaboraci\u00f3n por la interculturalidad: este s\u00e1bado habr\u00e1 tarde de ocio en la Casa de la Juventud con la asociaci\u00f3n SEI"}]},{"@type":"WebSite","@id":"https:\/\/www.laguiadepamplona.com\/actualidad\/#website","url":"https:\/\/www.laguiadepamplona.com\/actualidad\/","name":"La gu\u00eda de Pamplona","description":"Noticias de Pamplona","publisher":{"@id":"https:\/\/www.laguiadepamplona.com\/actualidad\/#organization"},"potentialAction":[{"@type":"SearchAction","target":{"@type":"EntryPoint","urlTemplate":"https:\/\/www.laguiadepamplona.com\/actualidad\/?s={search_term_string}"},"query-input":{"@type":"PropertyValueSpecification","valueRequired":true,"valueName":"search_term_string"}}],"inLanguage":"es"},{"@type":"Organization","@id":"https:\/\/www.laguiadepamplona.com\/actualidad\/#organization","name":"La Gu\u00eda de Pamplona \/ Noticias","url":"https:\/\/www.laguiadepamplona.com\/actualidad\/","logo":{"@type":"ImageObject","inLanguage":"es","@id":"https:\/\/www.laguiadepamplona.com\/actualidad\/#\/schema\/logo\/image\/","url":"https:\/\/www.laguiadepamplona.com\/actualidad\/wp-content\/uploads\/2018\/11\/logo-laguiadepamplona18-web1.png","contentUrl":"https:\/\/www.laguiadepamplona.com\/actualidad\/wp-content\/uploads\/2018\/11\/logo-laguiadepamplona18-web1.png","width":600,"height":196,"caption":"La Gu\u00eda de Pamplona \/ Noticias"},"image":{"@id":"https:\/\/www.laguiadepamplona.com\/actualidad\/#\/schema\/logo\/image\/"},"sameAs":["https:\/\/www.facebook.com\/laguiadepamplonacom-133175176762273\/?ref=hl","https:\/\/x.com\/LaGuiadPamplona","https:\/\/www.instagram.com\/la_guia_de_pamplona\/","https:\/\/www.youtube.com\/user\/laguiadepamplona"]},{"@type":"Person","@id":"https:\/\/www.laguiadepamplona.com\/actualidad\/#\/schema\/person\/efe887376f0213d4657c93adc50b1fdb","name":"La Gu\u00eda de Pamplona","image":{"@type":"ImageObject","inLanguage":"es","@id":"https:\/\/secure.gravatar.com\/avatar\/b6992f131dc8d30ab0dff15446e9d346d9dbd95992de0fef795073f5ea83a81c?s=96&d=mm&r=g","url":"https:\/\/secure.gravatar.com\/avatar\/b6992f131dc8d30ab0dff15446e9d346d9dbd95992de0fef795073f5ea83a81c?s=96&d=mm&r=g","contentUrl":"https:\/\/secure.gravatar.com\/avatar\/b6992f131dc8d30ab0dff15446e9d346d9dbd95992de0fef795073f5ea83a81c?s=96&d=mm&r=g","caption":"La Gu\u00eda de Pamplona"}}]}},"post_mailing_queue_ids":[],"_links":{"self":[{"href":"https:\/\/www.laguiadepamplona.com\/actualidad\/wp-json\/wp\/v2\/posts\/42459","targetHints":{"allow":["GET"]}}],"collection":[{"href":"https:\/\/www.laguiadepamplona.com\/actualidad\/wp-json\/wp\/v2\/posts"}],"about":[{"href":"https:\/\/www.laguiadepamplona.com\/actualidad\/wp-json\/wp\/v2\/types\/post"}],"author":[{"embeddable":true,"href":"https:\/\/www.laguiadepamplona.com\/actualidad\/wp-json\/wp\/v2\/users\/1"}],"replies":[{"embeddable":true,"href":"https:\/\/www.laguiadepamplona.com\/actualidad\/wp-json\/wp\/v2\/comments?post=42459"}],"version-history":[{"count":0,"href":"https:\/\/www.laguiadepamplona.com\/actualidad\/wp-json\/wp\/v2\/posts\/42459\/revisions"}],"wp:featuredmedia":[{"embeddable":true,"href":"https:\/\/www.laguiadepamplona.com\/actualidad\/wp-json\/wp\/v2\/media\/42460"}],"wp:attachment":[{"href":"https:\/\/www.laguiadepamplona.com\/actualidad\/wp-json\/wp\/v2\/media?parent=42459"}],"wp:term":[{"taxonomy":"category","embeddable":true,"href":"https:\/\/www.laguiadepamplona.com\/actualidad\/wp-json\/wp\/v2\/categories?post=42459"},{"taxonomy":"post_tag","embeddable":true,"href":"https:\/\/www.laguiadepamplona.com\/actualidad\/wp-json\/wp\/v2\/tags?post=42459"}],"curies":[{"name":"wp","href":"https:\/\/api.w.org\/{rel}","templated":true}]}}