{"id":42456,"date":"2022-12-15T14:27:46","date_gmt":"2022-12-15T12:27:46","guid":{"rendered":"https:\/\/www.laguiadepamplona.com\/actualidad\/?p=42456"},"modified":"2023-04-11T11:47:28","modified_gmt":"2023-04-11T09:47:28","slug":"un-nacimiento-en-una-iglesia-romanica-en-ruinas-el-motivo-del-belen-alcaldia-para-estas-navidades","status":"publish","type":"post","link":"https:\/\/www.laguiadepamplona.com\/actualidad\/un-nacimiento-en-una-iglesia-romanica-en-ruinas-el-motivo-del-belen-alcaldia-para-estas-navidades\/","title":{"rendered":"Un nacimiento en una iglesia rom\u00e1nica en ruinas, el motivo del bel\u00e9n Alcald\u00eda para estas Navidades"},"content":{"rendered":"<h5>Lo ha instalado esta ma\u00f1ana la Asociaci\u00f3n de Belenistas de Pamplona en un acto amenizado por la m\u00fasica de la Rondalla El Salvador<\/h5>\n<p><!--more--><\/p>\n<p>El despacho del Alcalde de la Casa Consistorial cuenta desde esta ma\u00f1ana con el tradicional nacimiento que se instala casa a\u00f1o. En esta ocasi\u00f3n, plasma la Natividad ubicada entre las ruinas de una iglesia rom\u00e1nica y est\u00e1 realizado en porexp\u00e1n pintado, con hiedra y otros elementos naturales. Adem\u00e1s de las tres figuras b\u00e1sicas (la Virgen el Ni\u00f1o y San Jos\u00e9), en el cuadro est\u00e9tico de 80&#215;50 cms., hay un \u00e1ngel que explica a un grupo pastores reunidos en torno a una fogata la \u201cbuena nueva\u201d. Completan la estampa algunos animas, adem\u00e1s de elementos de cester\u00eda realizados en m\u00e9dula (fibra tailandesa) y frutas trabajadas en masilla pintada. La iluminaci\u00f3n est\u00e1 realizada en led.<br \/>\n<script async src=\"\/\/pagead2.googlesyndication.com\/pagead\/js\/adsbygoogle.js\"><\/script><br \/>\n<!-- Noticias La Guia de Pamplona --><br \/>\n<ins class=\"adsbygoogle\"\nstyle=\"display:block\"\ndata-ad-client=\"ca-pub-6943679897239327\"\ndata-ad-slot=\"7048180777\"\ndata-ad-format=\"auto\"><\/ins><br \/>\n<script>\n(adsbygoogle = window.adsbygoogle || []).push({});\n<\/script><\/p>\n<p>Como viene siendo habitual, este nacimiento ha sido elaborado por la Asociaci\u00f3n de Belenistas de Pamplona, entidad que tambi\u00e9n firma el bel\u00e9n se puede visitar estos d\u00edas en el zagu\u00e1n de la casa Consistorial. El nacimiento requiri\u00f3 el trabajo de tres miembros de la asociaci\u00f3n que se realiz\u00f3 entre enero y junio de 2021.El alcalde de Pamplona, Enrique Maya, ha recibido al presidente de la Asociaci\u00f3n de Belenistas de Pamplona, Pedro Javier Martinez, y a uno de sus art\u00edfices, Javier Garro, quienes han realizado la instalaci\u00f3n del elemento<\/p>\n<p>Como es tambi\u00e9n habitual, en el acto han participado alrededor de 25 miembros de la Rondalla El Salvador, bajo la batuta de su director F\u00e9lix Lus Artuch. Con guitarras y acordeones ha interpretado un repertorio de villancicos para ambientar el momento.<\/p>\n","protected":false},"excerpt":{"rendered":"<p>Lo ha instalado esta ma\u00f1ana la Asociaci\u00f3n de Belenistas de Pamplona en un acto amenizado por la m\u00fasica de la Rondalla El Salvador<\/p>\n","protected":false},"author":1,"featured_media":42457,"comment_status":"open","ping_status":"closed","sticky":false,"template":"","format":"standard","meta":{"footnotes":""},"categories":[2],"tags":[],"class_list":["post-42456","post","type-post","status-publish","format-standard","has-post-thumbnail","hentry","category-ayuntamiento-pamplona"],"yoast_head":"<!-- This site is optimized with the Yoast SEO plugin v27.5 - https:\/\/yoast.com\/product\/yoast-seo-wordpress\/ -->\n<title>Un nacimiento en una iglesia rom\u00e1nica en ruinas, el motivo del bel\u00e9n Alcald\u00eda para estas Navidades<\/title>\n<meta name=\"description\" content=\"Lo ha instalado esta ma\u00f1ana la Asociaci\u00f3n de Belenistas de Pamplona en un acto amenizado por la m\u00fasica de la Rondalla El Salvador\" \/>\n<meta name=\"robots\" content=\"index, follow, max-snippet:-1, max-image-preview:large, max-video-preview:-1\" \/>\n<link rel=\"canonical\" href=\"https:\/\/www.laguiadepamplona.com\/actualidad\/un-nacimiento-en-una-iglesia-romanica-en-ruinas-el-motivo-del-belen-alcaldia-para-estas-navidades\/\" \/>\n<meta property=\"og:locale\" content=\"es_ES\" \/>\n<meta property=\"og:type\" content=\"article\" \/>\n<meta property=\"og:title\" content=\"Un nacimiento en una iglesia rom\u00e1nica en ruinas, el motivo del bel\u00e9n Alcald\u00eda para estas Navidades\" \/>\n<meta property=\"og:description\" content=\"Lo ha instalado esta ma\u00f1ana la Asociaci\u00f3n de Belenistas de Pamplona en un acto amenizado por la m\u00fasica de la Rondalla El Salvador\" \/>\n<meta property=\"og:url\" content=\"https:\/\/www.laguiadepamplona.com\/actualidad\/un-nacimiento-en-una-iglesia-romanica-en-ruinas-el-motivo-del-belen-alcaldia-para-estas-navidades\/\" \/>\n<meta property=\"og:site_name\" content=\"La Gu\u00eda de Pamplona\" \/>\n<meta property=\"article:publisher\" content=\"https:\/\/www.facebook.com\/laguiadepamplonacom-133175176762273\/?ref=hl\" \/>\n<meta property=\"article:published_time\" content=\"2022-12-15T12:27:46+00:00\" \/>\n<meta property=\"article:modified_time\" content=\"2023-04-11T09:47:28+00:00\" \/>\n<meta property=\"og:image\" content=\"https:\/\/www.laguiadepamplona.com\/actualidad\/wp-content\/uploads\/2022\/12\/q5a6772nacimiento-belen-ayuntamiento22-12-15.webp\" \/>\n\t<meta property=\"og:image:width\" content=\"1920\" \/>\n\t<meta property=\"og:image:height\" content=\"1281\" \/>\n\t<meta property=\"og:image:type\" content=\"image\/webp\" \/>\n<meta name=\"author\" content=\"La Gu\u00eda de Pamplona\" \/>\n<meta name=\"twitter:card\" content=\"summary_large_image\" \/>\n<meta name=\"twitter:creator\" content=\"@LaGuiadPamplona\" \/>\n<meta name=\"twitter:site\" content=\"@LaGuiadPamplona\" \/>\n<meta name=\"twitter:label1\" content=\"Escrito por\" \/>\n\t<meta name=\"twitter:data1\" content=\"La Gu\u00eda de Pamplona\" \/>\n\t<meta name=\"twitter:label2\" content=\"Tiempo de lectura\" \/>\n\t<meta name=\"twitter:data2\" content=\"2 minutos\" \/>\n<script type=\"application\/ld+json\" class=\"yoast-schema-graph\">{\"@context\":\"https:\\\/\\\/schema.org\",\"@graph\":[{\"@type\":\"Article\",\"@id\":\"https:\\\/\\\/www.laguiadepamplona.com\\\/actualidad\\\/un-nacimiento-en-una-iglesia-romanica-en-ruinas-el-motivo-del-belen-alcaldia-para-estas-navidades\\\/#article\",\"isPartOf\":{\"@id\":\"https:\\\/\\\/www.laguiadepamplona.com\\\/actualidad\\\/un-nacimiento-en-una-iglesia-romanica-en-ruinas-el-motivo-del-belen-alcaldia-para-estas-navidades\\\/\"},\"author\":{\"name\":\"La Gu\u00eda de Pamplona\",\"@id\":\"https:\\\/\\\/www.laguiadepamplona.com\\\/actualidad\\\/#\\\/schema\\\/person\\\/efe887376f0213d4657c93adc50b1fdb\"},\"headline\":\"Un nacimiento en una iglesia rom\u00e1nica en ruinas, el motivo del bel\u00e9n Alcald\u00eda para estas Navidades\",\"datePublished\":\"2022-12-15T12:27:46+00:00\",\"dateModified\":\"2023-04-11T09:47:28+00:00\",\"mainEntityOfPage\":{\"@id\":\"https:\\\/\\\/www.laguiadepamplona.com\\\/actualidad\\\/un-nacimiento-en-una-iglesia-romanica-en-ruinas-el-motivo-del-belen-alcaldia-para-estas-navidades\\\/\"},\"wordCount\":309,\"commentCount\":0,\"publisher\":{\"@id\":\"https:\\\/\\\/www.laguiadepamplona.com\\\/actualidad\\\/#organization\"},\"image\":{\"@id\":\"https:\\\/\\\/www.laguiadepamplona.com\\\/actualidad\\\/un-nacimiento-en-una-iglesia-romanica-en-ruinas-el-motivo-del-belen-alcaldia-para-estas-navidades\\\/#primaryimage\"},\"thumbnailUrl\":\"https:\\\/\\\/www.laguiadepamplona.com\\\/actualidad\\\/wp-content\\\/uploads\\\/2022\\\/12\\\/q5a6772nacimiento-belen-ayuntamiento22-12-15.webp\",\"articleSection\":[\"Ayto Pamplona\"],\"inLanguage\":\"es\",\"potentialAction\":[{\"@type\":\"CommentAction\",\"name\":\"Comment\",\"target\":[\"https:\\\/\\\/www.laguiadepamplona.com\\\/actualidad\\\/un-nacimiento-en-una-iglesia-romanica-en-ruinas-el-motivo-del-belen-alcaldia-para-estas-navidades\\\/#respond\"]}]},{\"@type\":\"WebPage\",\"@id\":\"https:\\\/\\\/www.laguiadepamplona.com\\\/actualidad\\\/un-nacimiento-en-una-iglesia-romanica-en-ruinas-el-motivo-del-belen-alcaldia-para-estas-navidades\\\/\",\"url\":\"https:\\\/\\\/www.laguiadepamplona.com\\\/actualidad\\\/un-nacimiento-en-una-iglesia-romanica-en-ruinas-el-motivo-del-belen-alcaldia-para-estas-navidades\\\/\",\"name\":\"Un nacimiento en una iglesia rom\u00e1nica en ruinas, el motivo del bel\u00e9n Alcald\u00eda para estas Navidades\",\"isPartOf\":{\"@id\":\"https:\\\/\\\/www.laguiadepamplona.com\\\/actualidad\\\/#website\"},\"primaryImageOfPage\":{\"@id\":\"https:\\\/\\\/www.laguiadepamplona.com\\\/actualidad\\\/un-nacimiento-en-una-iglesia-romanica-en-ruinas-el-motivo-del-belen-alcaldia-para-estas-navidades\\\/#primaryimage\"},\"image\":{\"@id\":\"https:\\\/\\\/www.laguiadepamplona.com\\\/actualidad\\\/un-nacimiento-en-una-iglesia-romanica-en-ruinas-el-motivo-del-belen-alcaldia-para-estas-navidades\\\/#primaryimage\"},\"thumbnailUrl\":\"https:\\\/\\\/www.laguiadepamplona.com\\\/actualidad\\\/wp-content\\\/uploads\\\/2022\\\/12\\\/q5a6772nacimiento-belen-ayuntamiento22-12-15.webp\",\"datePublished\":\"2022-12-15T12:27:46+00:00\",\"dateModified\":\"2023-04-11T09:47:28+00:00\",\"description\":\"Lo ha instalado esta ma\u00f1ana la Asociaci\u00f3n de Belenistas de Pamplona en un acto amenizado por la m\u00fasica de la Rondalla El Salvador\",\"breadcrumb\":{\"@id\":\"https:\\\/\\\/www.laguiadepamplona.com\\\/actualidad\\\/un-nacimiento-en-una-iglesia-romanica-en-ruinas-el-motivo-del-belen-alcaldia-para-estas-navidades\\\/#breadcrumb\"},\"inLanguage\":\"es\",\"potentialAction\":[{\"@type\":\"ReadAction\",\"target\":[\"https:\\\/\\\/www.laguiadepamplona.com\\\/actualidad\\\/un-nacimiento-en-una-iglesia-romanica-en-ruinas-el-motivo-del-belen-alcaldia-para-estas-navidades\\\/\"]}]},{\"@type\":\"ImageObject\",\"inLanguage\":\"es\",\"@id\":\"https:\\\/\\\/www.laguiadepamplona.com\\\/actualidad\\\/un-nacimiento-en-una-iglesia-romanica-en-ruinas-el-motivo-del-belen-alcaldia-para-estas-navidades\\\/#primaryimage\",\"url\":\"https:\\\/\\\/www.laguiadepamplona.com\\\/actualidad\\\/wp-content\\\/uploads\\\/2022\\\/12\\\/q5a6772nacimiento-belen-ayuntamiento22-12-15.webp\",\"contentUrl\":\"https:\\\/\\\/www.laguiadepamplona.com\\\/actualidad\\\/wp-content\\\/uploads\\\/2022\\\/12\\\/q5a6772nacimiento-belen-ayuntamiento22-12-15.webp\",\"width\":1920,\"height\":1281},{\"@type\":\"BreadcrumbList\",\"@id\":\"https:\\\/\\\/www.laguiadepamplona.com\\\/actualidad\\\/un-nacimiento-en-una-iglesia-romanica-en-ruinas-el-motivo-del-belen-alcaldia-para-estas-navidades\\\/#breadcrumb\",\"itemListElement\":[{\"@type\":\"ListItem\",\"position\":1,\"name\":\"Portada\",\"item\":\"https:\\\/\\\/www.laguiadepamplona.com\\\/actualidad\\\/\"},{\"@type\":\"ListItem\",\"position\":2,\"name\":\"Un nacimiento en una iglesia rom\u00e1nica en ruinas, el motivo del bel\u00e9n Alcald\u00eda para estas Navidades\"}]},{\"@type\":\"WebSite\",\"@id\":\"https:\\\/\\\/www.laguiadepamplona.com\\\/actualidad\\\/#website\",\"url\":\"https:\\\/\\\/www.laguiadepamplona.com\\\/actualidad\\\/\",\"name\":\"La gu\u00eda de Pamplona\",\"description\":\"Noticias de Pamplona\",\"publisher\":{\"@id\":\"https:\\\/\\\/www.laguiadepamplona.com\\\/actualidad\\\/#organization\"},\"potentialAction\":[{\"@type\":\"SearchAction\",\"target\":{\"@type\":\"EntryPoint\",\"urlTemplate\":\"https:\\\/\\\/www.laguiadepamplona.com\\\/actualidad\\\/?s={search_term_string}\"},\"query-input\":{\"@type\":\"PropertyValueSpecification\",\"valueRequired\":true,\"valueName\":\"search_term_string\"}}],\"inLanguage\":\"es\"},{\"@type\":\"Organization\",\"@id\":\"https:\\\/\\\/www.laguiadepamplona.com\\\/actualidad\\\/#organization\",\"name\":\"La Gu\u00eda de Pamplona \\\/ Noticias\",\"url\":\"https:\\\/\\\/www.laguiadepamplona.com\\\/actualidad\\\/\",\"logo\":{\"@type\":\"ImageObject\",\"inLanguage\":\"es\",\"@id\":\"https:\\\/\\\/www.laguiadepamplona.com\\\/actualidad\\\/#\\\/schema\\\/logo\\\/image\\\/\",\"url\":\"https:\\\/\\\/www.laguiadepamplona.com\\\/actualidad\\\/wp-content\\\/uploads\\\/2018\\\/11\\\/logo-laguiadepamplona18-web1.png\",\"contentUrl\":\"https:\\\/\\\/www.laguiadepamplona.com\\\/actualidad\\\/wp-content\\\/uploads\\\/2018\\\/11\\\/logo-laguiadepamplona18-web1.png\",\"width\":600,\"height\":196,\"caption\":\"La Gu\u00eda de Pamplona \\\/ Noticias\"},\"image\":{\"@id\":\"https:\\\/\\\/www.laguiadepamplona.com\\\/actualidad\\\/#\\\/schema\\\/logo\\\/image\\\/\"},\"sameAs\":[\"https:\\\/\\\/www.facebook.com\\\/laguiadepamplonacom-133175176762273\\\/?ref=hl\",\"https:\\\/\\\/x.com\\\/LaGuiadPamplona\",\"https:\\\/\\\/www.instagram.com\\\/la_guia_de_pamplona\\\/\",\"https:\\\/\\\/www.youtube.com\\\/user\\\/laguiadepamplona\"]},{\"@type\":\"Person\",\"@id\":\"https:\\\/\\\/www.laguiadepamplona.com\\\/actualidad\\\/#\\\/schema\\\/person\\\/efe887376f0213d4657c93adc50b1fdb\",\"name\":\"La Gu\u00eda de Pamplona\",\"image\":{\"@type\":\"ImageObject\",\"inLanguage\":\"es\",\"@id\":\"https:\\\/\\\/secure.gravatar.com\\\/avatar\\\/b6992f131dc8d30ab0dff15446e9d346d9dbd95992de0fef795073f5ea83a81c?s=96&d=mm&r=g\",\"url\":\"https:\\\/\\\/secure.gravatar.com\\\/avatar\\\/b6992f131dc8d30ab0dff15446e9d346d9dbd95992de0fef795073f5ea83a81c?s=96&d=mm&r=g\",\"contentUrl\":\"https:\\\/\\\/secure.gravatar.com\\\/avatar\\\/b6992f131dc8d30ab0dff15446e9d346d9dbd95992de0fef795073f5ea83a81c?s=96&d=mm&r=g\",\"caption\":\"La Gu\u00eda de Pamplona\"}}]}<\/script>\n<!-- \/ Yoast SEO plugin. -->","yoast_head_json":{"title":"Un nacimiento en una iglesia rom\u00e1nica en ruinas, el motivo del bel\u00e9n Alcald\u00eda para estas Navidades","description":"Lo ha instalado esta ma\u00f1ana la Asociaci\u00f3n de Belenistas de Pamplona en un acto amenizado por la m\u00fasica de la Rondalla El Salvador","robots":{"index":"index","follow":"follow","max-snippet":"max-snippet:-1","max-image-preview":"max-image-preview:large","max-video-preview":"max-video-preview:-1"},"canonical":"https:\/\/www.laguiadepamplona.com\/actualidad\/un-nacimiento-en-una-iglesia-romanica-en-ruinas-el-motivo-del-belen-alcaldia-para-estas-navidades\/","og_locale":"es_ES","og_type":"article","og_title":"Un nacimiento en una iglesia rom\u00e1nica en ruinas, el motivo del bel\u00e9n Alcald\u00eda para estas Navidades","og_description":"Lo ha instalado esta ma\u00f1ana la Asociaci\u00f3n de Belenistas de Pamplona en un acto amenizado por la m\u00fasica de la Rondalla El Salvador","og_url":"https:\/\/www.laguiadepamplona.com\/actualidad\/un-nacimiento-en-una-iglesia-romanica-en-ruinas-el-motivo-del-belen-alcaldia-para-estas-navidades\/","og_site_name":"La Gu\u00eda de Pamplona","article_publisher":"https:\/\/www.facebook.com\/laguiadepamplonacom-133175176762273\/?ref=hl","article_published_time":"2022-12-15T12:27:46+00:00","article_modified_time":"2023-04-11T09:47:28+00:00","og_image":[{"width":1920,"height":1281,"url":"https:\/\/www.laguiadepamplona.com\/actualidad\/wp-content\/uploads\/2022\/12\/q5a6772nacimiento-belen-ayuntamiento22-12-15.webp","type":"image\/webp"}],"author":"La Gu\u00eda de Pamplona","twitter_card":"summary_large_image","twitter_creator":"@LaGuiadPamplona","twitter_site":"@LaGuiadPamplona","twitter_misc":{"Escrito por":"La Gu\u00eda de Pamplona","Tiempo de lectura":"2 minutos"},"schema":{"@context":"https:\/\/schema.org","@graph":[{"@type":"Article","@id":"https:\/\/www.laguiadepamplona.com\/actualidad\/un-nacimiento-en-una-iglesia-romanica-en-ruinas-el-motivo-del-belen-alcaldia-para-estas-navidades\/#article","isPartOf":{"@id":"https:\/\/www.laguiadepamplona.com\/actualidad\/un-nacimiento-en-una-iglesia-romanica-en-ruinas-el-motivo-del-belen-alcaldia-para-estas-navidades\/"},"author":{"name":"La Gu\u00eda de Pamplona","@id":"https:\/\/www.laguiadepamplona.com\/actualidad\/#\/schema\/person\/efe887376f0213d4657c93adc50b1fdb"},"headline":"Un nacimiento en una iglesia rom\u00e1nica en ruinas, el motivo del bel\u00e9n Alcald\u00eda para estas Navidades","datePublished":"2022-12-15T12:27:46+00:00","dateModified":"2023-04-11T09:47:28+00:00","mainEntityOfPage":{"@id":"https:\/\/www.laguiadepamplona.com\/actualidad\/un-nacimiento-en-una-iglesia-romanica-en-ruinas-el-motivo-del-belen-alcaldia-para-estas-navidades\/"},"wordCount":309,"commentCount":0,"publisher":{"@id":"https:\/\/www.laguiadepamplona.com\/actualidad\/#organization"},"image":{"@id":"https:\/\/www.laguiadepamplona.com\/actualidad\/un-nacimiento-en-una-iglesia-romanica-en-ruinas-el-motivo-del-belen-alcaldia-para-estas-navidades\/#primaryimage"},"thumbnailUrl":"https:\/\/www.laguiadepamplona.com\/actualidad\/wp-content\/uploads\/2022\/12\/q5a6772nacimiento-belen-ayuntamiento22-12-15.webp","articleSection":["Ayto Pamplona"],"inLanguage":"es","potentialAction":[{"@type":"CommentAction","name":"Comment","target":["https:\/\/www.laguiadepamplona.com\/actualidad\/un-nacimiento-en-una-iglesia-romanica-en-ruinas-el-motivo-del-belen-alcaldia-para-estas-navidades\/#respond"]}]},{"@type":"WebPage","@id":"https:\/\/www.laguiadepamplona.com\/actualidad\/un-nacimiento-en-una-iglesia-romanica-en-ruinas-el-motivo-del-belen-alcaldia-para-estas-navidades\/","url":"https:\/\/www.laguiadepamplona.com\/actualidad\/un-nacimiento-en-una-iglesia-romanica-en-ruinas-el-motivo-del-belen-alcaldia-para-estas-navidades\/","name":"Un nacimiento en una iglesia rom\u00e1nica en ruinas, el motivo del bel\u00e9n Alcald\u00eda para estas Navidades","isPartOf":{"@id":"https:\/\/www.laguiadepamplona.com\/actualidad\/#website"},"primaryImageOfPage":{"@id":"https:\/\/www.laguiadepamplona.com\/actualidad\/un-nacimiento-en-una-iglesia-romanica-en-ruinas-el-motivo-del-belen-alcaldia-para-estas-navidades\/#primaryimage"},"image":{"@id":"https:\/\/www.laguiadepamplona.com\/actualidad\/un-nacimiento-en-una-iglesia-romanica-en-ruinas-el-motivo-del-belen-alcaldia-para-estas-navidades\/#primaryimage"},"thumbnailUrl":"https:\/\/www.laguiadepamplona.com\/actualidad\/wp-content\/uploads\/2022\/12\/q5a6772nacimiento-belen-ayuntamiento22-12-15.webp","datePublished":"2022-12-15T12:27:46+00:00","dateModified":"2023-04-11T09:47:28+00:00","description":"Lo ha instalado esta ma\u00f1ana la Asociaci\u00f3n de Belenistas de Pamplona en un acto amenizado por la m\u00fasica de la Rondalla El Salvador","breadcrumb":{"@id":"https:\/\/www.laguiadepamplona.com\/actualidad\/un-nacimiento-en-una-iglesia-romanica-en-ruinas-el-motivo-del-belen-alcaldia-para-estas-navidades\/#breadcrumb"},"inLanguage":"es","potentialAction":[{"@type":"ReadAction","target":["https:\/\/www.laguiadepamplona.com\/actualidad\/un-nacimiento-en-una-iglesia-romanica-en-ruinas-el-motivo-del-belen-alcaldia-para-estas-navidades\/"]}]},{"@type":"ImageObject","inLanguage":"es","@id":"https:\/\/www.laguiadepamplona.com\/actualidad\/un-nacimiento-en-una-iglesia-romanica-en-ruinas-el-motivo-del-belen-alcaldia-para-estas-navidades\/#primaryimage","url":"https:\/\/www.laguiadepamplona.com\/actualidad\/wp-content\/uploads\/2022\/12\/q5a6772nacimiento-belen-ayuntamiento22-12-15.webp","contentUrl":"https:\/\/www.laguiadepamplona.com\/actualidad\/wp-content\/uploads\/2022\/12\/q5a6772nacimiento-belen-ayuntamiento22-12-15.webp","width":1920,"height":1281},{"@type":"BreadcrumbList","@id":"https:\/\/www.laguiadepamplona.com\/actualidad\/un-nacimiento-en-una-iglesia-romanica-en-ruinas-el-motivo-del-belen-alcaldia-para-estas-navidades\/#breadcrumb","itemListElement":[{"@type":"ListItem","position":1,"name":"Portada","item":"https:\/\/www.laguiadepamplona.com\/actualidad\/"},{"@type":"ListItem","position":2,"name":"Un nacimiento en una iglesia rom\u00e1nica en ruinas, el motivo del bel\u00e9n Alcald\u00eda para estas Navidades"}]},{"@type":"WebSite","@id":"https:\/\/www.laguiadepamplona.com\/actualidad\/#website","url":"https:\/\/www.laguiadepamplona.com\/actualidad\/","name":"La gu\u00eda de Pamplona","description":"Noticias de Pamplona","publisher":{"@id":"https:\/\/www.laguiadepamplona.com\/actualidad\/#organization"},"potentialAction":[{"@type":"SearchAction","target":{"@type":"EntryPoint","urlTemplate":"https:\/\/www.laguiadepamplona.com\/actualidad\/?s={search_term_string}"},"query-input":{"@type":"PropertyValueSpecification","valueRequired":true,"valueName":"search_term_string"}}],"inLanguage":"es"},{"@type":"Organization","@id":"https:\/\/www.laguiadepamplona.com\/actualidad\/#organization","name":"La Gu\u00eda de Pamplona \/ Noticias","url":"https:\/\/www.laguiadepamplona.com\/actualidad\/","logo":{"@type":"ImageObject","inLanguage":"es","@id":"https:\/\/www.laguiadepamplona.com\/actualidad\/#\/schema\/logo\/image\/","url":"https:\/\/www.laguiadepamplona.com\/actualidad\/wp-content\/uploads\/2018\/11\/logo-laguiadepamplona18-web1.png","contentUrl":"https:\/\/www.laguiadepamplona.com\/actualidad\/wp-content\/uploads\/2018\/11\/logo-laguiadepamplona18-web1.png","width":600,"height":196,"caption":"La Gu\u00eda de Pamplona \/ Noticias"},"image":{"@id":"https:\/\/www.laguiadepamplona.com\/actualidad\/#\/schema\/logo\/image\/"},"sameAs":["https:\/\/www.facebook.com\/laguiadepamplonacom-133175176762273\/?ref=hl","https:\/\/x.com\/LaGuiadPamplona","https:\/\/www.instagram.com\/la_guia_de_pamplona\/","https:\/\/www.youtube.com\/user\/laguiadepamplona"]},{"@type":"Person","@id":"https:\/\/www.laguiadepamplona.com\/actualidad\/#\/schema\/person\/efe887376f0213d4657c93adc50b1fdb","name":"La Gu\u00eda de Pamplona","image":{"@type":"ImageObject","inLanguage":"es","@id":"https:\/\/secure.gravatar.com\/avatar\/b6992f131dc8d30ab0dff15446e9d346d9dbd95992de0fef795073f5ea83a81c?s=96&d=mm&r=g","url":"https:\/\/secure.gravatar.com\/avatar\/b6992f131dc8d30ab0dff15446e9d346d9dbd95992de0fef795073f5ea83a81c?s=96&d=mm&r=g","contentUrl":"https:\/\/secure.gravatar.com\/avatar\/b6992f131dc8d30ab0dff15446e9d346d9dbd95992de0fef795073f5ea83a81c?s=96&d=mm&r=g","caption":"La Gu\u00eda de Pamplona"}}]}},"post_mailing_queue_ids":[],"_links":{"self":[{"href":"https:\/\/www.laguiadepamplona.com\/actualidad\/wp-json\/wp\/v2\/posts\/42456","targetHints":{"allow":["GET"]}}],"collection":[{"href":"https:\/\/www.laguiadepamplona.com\/actualidad\/wp-json\/wp\/v2\/posts"}],"about":[{"href":"https:\/\/www.laguiadepamplona.com\/actualidad\/wp-json\/wp\/v2\/types\/post"}],"author":[{"embeddable":true,"href":"https:\/\/www.laguiadepamplona.com\/actualidad\/wp-json\/wp\/v2\/users\/1"}],"replies":[{"embeddable":true,"href":"https:\/\/www.laguiadepamplona.com\/actualidad\/wp-json\/wp\/v2\/comments?post=42456"}],"version-history":[{"count":0,"href":"https:\/\/www.laguiadepamplona.com\/actualidad\/wp-json\/wp\/v2\/posts\/42456\/revisions"}],"wp:featuredmedia":[{"embeddable":true,"href":"https:\/\/www.laguiadepamplona.com\/actualidad\/wp-json\/wp\/v2\/media\/42457"}],"wp:attachment":[{"href":"https:\/\/www.laguiadepamplona.com\/actualidad\/wp-json\/wp\/v2\/media?parent=42456"}],"wp:term":[{"taxonomy":"category","embeddable":true,"href":"https:\/\/www.laguiadepamplona.com\/actualidad\/wp-json\/wp\/v2\/categories?post=42456"},{"taxonomy":"post_tag","embeddable":true,"href":"https:\/\/www.laguiadepamplona.com\/actualidad\/wp-json\/wp\/v2\/tags?post=42456"}],"curies":[{"name":"wp","href":"https:\/\/api.w.org\/{rel}","templated":true}]}}