{"id":42453,"date":"2022-12-15T14:22:36","date_gmt":"2022-12-15T12:22:36","guid":{"rendered":"https:\/\/www.laguiadepamplona.com\/actualidad\/?p=42453"},"modified":"2023-04-11T11:47:28","modified_gmt":"2023-04-11T09:47:28","slug":"mas-de-un-centenar-de-actividades-culturales-y-artisticas-conforman-la-programacion-del-ayuntamiento-de-pamplona-para-estas-proximas-fechas-navidenas","status":"publish","type":"post","link":"https:\/\/www.laguiadepamplona.com\/actualidad\/mas-de-un-centenar-de-actividades-culturales-y-artisticas-conforman-la-programacion-del-ayuntamiento-de-pamplona-para-estas-proximas-fechas-navidenas\/","title":{"rendered":"M\u00e1s de un centenar de actividades culturales y art\u00edsticas conforman la programaci\u00f3n del Ayuntamiento de Pamplona para estas pr\u00f3ximas fechas navide\u00f1as"},"content":{"rendered":"<h5>Conciertos en iglesias, m\u00fasica en la calle, espect\u00e1culos familiares, talleres art\u00edsticos y de regalos\u2026, actividades programadas para todo tipo de p\u00fablicos<\/h5>\n<p><!--more--><\/p>\n<p>El Ayuntamiento de Pamplona ha preparado una programaci\u00f3n navide\u00f1a con m\u00e1s de un centenar de actividades, que comenzar\u00e1 este viernes con el preg\u00f3n en la Plaza Consistorial al cargo de la Fundaci\u00f3n Enfermeras de Navarra. Conciertos en iglesias y en Baluarte, m\u00fasica en la calle, espect\u00e1culos para p\u00fablico infantil y familiar, talleres de regalos y creativos, el festival Otras Luces, la Feria de Navidad, mon\u00f3logos y muchas otras citas conforman un programa dirigido a todo tipo de p\u00fablicos.<\/p>\n<p>Ma\u00f1ana viernes comienza tambi\u00e9n el ciclo de once conciertos gratuitos en iglesias de la ciudad a las 20 horas (excepto los de Coral Liguori y HelloCello) que, adem\u00e1s, contar\u00e1 con una actuaci\u00f3n de pago en Baluarte. Este viernes act\u00faa el Tr\u00edo Fluencias en la iglesia de San Agust\u00edn, el s\u00e1bado Meraki Ensemble en la iglesia de los Carmelitas Descalzos y el domingo el D\u00fao Equilibrium tambi\u00e9n en los Carmelitas. El lunes 19, tambi\u00e9n a las 20 horas, se celebrar\u00e1 el concierto de Sinfonietta de Pamplona en la Sala de C\u00e1mara de Baluarte, con entradas a la venta en <a href=\"http:\/\/www.baluarte.com\" target=\"_blank\" rel=\"noopener\">www.baluarte.com<\/a>.<br \/>\n<script async src=\"\/\/pagead2.googlesyndication.com\/pagead\/js\/adsbygoogle.js\"><\/script><br \/>\n<!-- Noticias La Guia de Pamplona --><br \/>\n<ins class=\"adsbygoogle\"\nstyle=\"display:block\"\ndata-ad-client=\"ca-pub-6943679897239327\"\ndata-ad-slot=\"7048180777\"\ndata-ad-format=\"auto\"><\/ins><br \/>\n<script>\n(adsbygoogle = window.adsbygoogle || []).push({});\n<\/script><\/p>\n<p>La semana prenavide\u00f1a contar\u00e1 con los conciertos de la Coral San Ferm\u00edn; Tr\u00edo Parnasus; Orquesta Paulino Otamendi; Coral de C\u00e1mara Aizaga, Coral Olitense y solistas, en las iglesias de San Antonio, capilla de San Ferm\u00edn, iglesia de los Carmelitas e iglesia de la Milagrosa (Pa\u00fales), respectivamente. La \u00faltima semana del a\u00f1o se cerrar\u00e1 el ciclo con cuatro actuaciones m\u00e1s. D\u00fao Ira\u00f1eta ofrecer\u00e1 su concierto el martes 27 en la iglesia de San Saturnino, Coral Liguori el mi\u00e9rcoles en la iglesia de San Ignacio, HelloCello en Civivox Jus la Rocha el jueves 29 e In Tempore Abesbatza, coro y ensemble, el viernes 30 en la iglesia de Santo Domingo.<\/p>\n<p>La ronda escolar de villancicos abri\u00f3 ayer el ciclo de M\u00fasica en la Calle, con m\u00e1s de una veintena de formaciones musicales, corales o fanfarres que amenizar\u00e1n diferentes barrios de la ciudad casi todos los d\u00edas, hasta final de a\u00f1o. Actuar\u00e1n entre otros el Orfe\u00f3n Pamplon\u00e9s, la AGAO, los Auroros de Santa Mar\u00eda, diferentes formaciones de la Escuela de M\u00fasica Joaqu\u00edn Maya, Coral Oberena, Gaiteros Ezpelur Gaiteros San Jorge, Gaiteros Txantrea, Ensemble Chirim\u00edas, Coral Media Lina, Fanfarre Zuperri, Gaiteros Zarrabete, Gracia Navarra, Ecos y Coral Parroquia Coraz\u00f3n de Jes\u00fas.<\/p>\n<p>La concejala delegada de Cultura e Igualdad, Mar\u00eda Garc\u00eda \u2013 Barberena, ha presentado esta ma\u00f1ana una programaci\u00f3n navide\u00f1a que se difundir\u00e1, a trav\u00e9s de 55.000 d\u00edpticos editados por el Ayuntamiento de Pamplona, que se distribuir\u00e1n por espacios como la Feria de Navidad, el zagu\u00e1n de la Casa Consistorial o la red Civivox, entre otros.<br \/>\n<script async src=\"\/\/pagead2.googlesyndication.com\/pagead\/js\/adsbygoogle.js\"><\/script><br \/>\n<!-- Noticias La Guia de Pamplona --><br \/>\n<ins class=\"adsbygoogle\"\nstyle=\"display:block\"\ndata-ad-client=\"ca-pub-6943679897239327\"\ndata-ad-slot=\"7048180777\"\ndata-ad-format=\"auto\"><\/ins><br \/>\n<script>\n(adsbygoogle = window.adsbygoogle || []).push({});\n<\/script><\/p>\n<p><strong>Otras Luces en Ciudadela<\/strong><\/p>\n<p>La Navidad acercar\u00e1 al p\u00fablico la s\u00e9ptima edici\u00f3n del Festival Otras Luces Arte en Movimiento, que volver\u00e1 a mostrar en Ciudadela diferentes videocreaciones, adem\u00e1s de celebrar talleres art\u00edsticos. Del 16 de diciembre al 8 de enero se proyectar\u00e1n cuatro cortometrajes seleccionados del VII Festival Zinetika en horario continuo de 17.30 a 20.30 horas. El festival organiza talleres de creaci\u00f3n art\u00edstica en la Sala de Armas dirigidos a p\u00fablico infantil y familiar en dos semanas, del 27 al 30 de diciembre bajo el t\u00edtulo de \u2018Seres variegados en universos diversos\u2019 y del 2 al 4 de enero bajo el lema \u2018Historias con alma de papel\u2019. Las inscripciones, en el 010, con un precio de 4 euros por persona y sesi\u00f3n.<\/p>\n<p>La propuesta visual de Ciudadela se completa con la instalaci\u00f3n lum\u00ednica \u2018K\u00f6pp\u00f6\u2019, de Ferm\u00edn Izco, con un juego de luces y colores que interact\u00faan con las personas que pasen por los t\u00faneles de acceso al recinto fortificado. Adem\u00e1s, las salas expositivas de la Ciudadela seguir\u00e1n abiertas en el horario habitual con las muestras que acogen durante Navidad de artistas como Mila Garc\u00eda, Ghislaine Verano u Oaia Peruarena o de movimientos como \u00c1frica Imprescindible (\u2018El grito interior\u2019) o los Encuentros de Pamplona 72 \u2013 22 (\u2018Despu\u00e9s de los Encuentros\u2019).<br \/>\n<script async src=\"\/\/pagead2.googlesyndication.com\/pagead\/js\/adsbygoogle.js\"><\/script><br \/>\n<!-- Noticias La Guia de Pamplona --><br \/>\n<ins class=\"adsbygoogle\"\nstyle=\"display:block\"\ndata-ad-client=\"ca-pub-6943679897239327\"\ndata-ad-slot=\"7048180777\"\ndata-ad-format=\"auto\"><\/ins><br \/>\n<script>\n(adsbygoogle = window.adsbygoogle || []).push({});\n<\/script><\/p>\n<p><strong>Navidad en Civivox<\/strong><\/p>\n<p>La red Civivox se une a la propuesta musical de esta Navidad con cuatro conciertos m\u00e1s en Condestable. El viernes 23 actuar\u00e1 en Coro Gospel Alaikapela abesbatza, el martes 27 le Rondalla Armon\u00eda, el mi\u00e9rcoles 28 la Coral Ipar Do\u00f1ua y el viernes 30 la Rondalla y Coro El Salvador. Los cuatro conciertos comenzar\u00e1n a las 19 horas, con entrada libre hasta completar el aforo.<\/p>\n<p>Bajo el lema \u2018Navidades con emociones en Civivox\u2019, se han programado espect\u00e1culos de m\u00fasica y teatro, cuentacuentos, talleres art\u00edsticos y talleres con Lego. El viernes 23 La Canica Teatro representar\u00e1 \u2018Chinchulina y el ruise\u00f1or de la China\u2019, la historia de una princesa algo t\u00edmida pero muy bailarina. En \u2018Las aventuras del le\u00f3n vergonzoso\u2019, de El Pot Petit el 30 de diciembre, el p\u00fablico realizar\u00e1 un viaje muy divertido con t\u00edteres y m\u00fasica en directo a trav\u00e9s del que se conocer\u00e1 a diferentes animales.<\/p>\n<p>Ya en enero, Paula Olaz propone para el lunes 2 \u2018\u00bfPor qu\u00e9 nos gusta tanto la m\u00fasica?, un taller para aproximarse al mundo de las emociones a trav\u00e9s de la m\u00fasica y para analizar analizaremos el papel de la inteligencia artificial aplicada a la m\u00fasica en la actualidad. El mi\u00e9rcoles 4 Espiral M\u00e1gica acerca la historia de Pigmento en un personaje divertido y juguet\u00f3n con el que el p\u00fablico conocer\u00e1 el mundo de Minimoni, una ni\u00f1a a la que le encanta pintar, y que se pregunta \u2018\u00bfDe qu\u00e9 color es un beso?\u2019 Los cuatro espect\u00e1culos son para p\u00fablico infantil y familiar, a las 18 horas, con entradas al precio de 3 euros.<\/p>\n<p>En Nochebuena y Nochevieja, cita a las 12 horas en Civivox Ensanche y Civivox Milagrosa, respectivamente, con sesiones de cuentacuentos sobre emociones y miedos. Precisamente las emociones ser\u00e1n las protagonistas de los talleres art\u00edsticos previstos el 3 y el 4 de enero en Civivox Mendillorri y Civivox Milagrosa para menores de 6 a 12 a\u00f1os. El precio de inscripci\u00f3n es de 2 euros. Los talleres con Lego del 27 al 31 de diciembre tienen las inscripciones completas, pues se han difundido con la programaci\u00f3n de la red Civivox para los meses de diciembre y enero.<br \/>\n<script async src=\"\/\/pagead2.googlesyndication.com\/pagead\/js\/adsbygoogle.js\"><\/script><br \/>\n<!-- Noticias La Guia de Pamplona --><br \/>\n<ins class=\"adsbygoogle\"\nstyle=\"display:block\"\ndata-ad-client=\"ca-pub-6943679897239327\"\ndata-ad-slot=\"7048180777\"\ndata-ad-format=\"auto\"><\/ins><br \/>\n<script>\n(adsbygoogle = window.adsbygoogle || []).push({});\n<\/script><\/p>\n<p><strong>Casa de la Juventud, intercambio de juguetes en el Museo de Educaci\u00f3n Ambiental\u2026<\/strong><\/p>\n<p>La Casa de la Juventud tambi\u00e9n propone una veintena de actividades para estos pr\u00f3ximos d\u00edas navide\u00f1os. No faltan las propuestas para elaborar regalos creativos de bajo coste en una nueva edici\u00f3n de los talleres gratuitos \u2018buy \u2013 nothing\u2019. Del 22 al 30, a las 19 horas, se podr\u00e1 confeccionar agua de colonia, b\u00e1lsamo labial, bisuter\u00eda de resina, una caja de regalos, un cuadro bordado o un monedero personalizado. La semana que viene se celebrar\u00e1 el taller de cocina navide\u00f1a econ\u00f3mica y saludable, con tres sesiones para preparar entrantes, primeros platos y postres. Las inscripciones est\u00e1n ya completas.<\/p>\n<p>Un concierto del Ensemble de Saxofones del Conservatorio Profesional Pablo Sarasate el 20 de diciembre, una exhibici\u00f3n de baile con participantes en los cursos de oto\u00f1o el 22, dos mon\u00f3logos el 23 y el 30 con Joseba y Mikel Bermejo o una sesi\u00f3n de la asociaci\u00f3n juvenil Teatros M\u00e1gicos el 28 completan la oferta navide\u00f1a de la Casa de la Juventud. Adem\u00e1s, en enero, torneo del videojuego Rocket League para j\u00f3venes entre 12 y 20 a\u00f1os, con premios de merchandising y tarjetas regalo.<\/p>\n<p>Los d\u00edas 28 de diciembre y 4 de noviembre tendr\u00e1n lugar en el Museo de Educaci\u00f3n Ambiental sendos mercadillos de intercambio de juguetes, de 11.30 a 13 horas. El p\u00fablico infantil podr\u00e1 llevar juguetes, juegos, libros, puzzles\u2026 que ya no utilice y est\u00e9n en buen estado para poder intercambiarlos por otros objetos que hayan llevado otros ni\u00f1os y ni\u00f1as.<br \/>\n<script async src=\"\/\/pagead2.googlesyndication.com\/pagead\/js\/adsbygoogle.js\"><\/script><br \/>\n<!-- Noticias La Guia de Pamplona --><br \/>\n<ins class=\"adsbygoogle\"\nstyle=\"display:block\"\ndata-ad-client=\"ca-pub-6943679897239327\"\ndata-ad-slot=\"7048180777\"\ndata-ad-format=\"auto\"><\/ins><br \/>\n<script>\n(adsbygoogle = window.adsbygoogle || []).push({});\n<\/script><\/p>\n<p><strong>Otras actividades: Feria de Navidad, COworkids, tobog\u00e1n, belen de la Casa Consistorial<\/strong><\/p>\n<p>Junto a estas actividades, se mantienen otras citas habituales en Pamplona en estas fechas como la Feria de Navidad de la Plaza del Castillo que abrir\u00e1 este viernes al p\u00fablico con 28 casetas en las que se podr\u00e1n adquirir diferentes productos de alimentaci\u00f3n, as\u00ed como bisuter\u00eda, cuero, vidrio, trabajo de madera, jabones, plater\u00eda, cester\u00eda, lana, textil o complementos. Estar\u00e1 abierta hasta el 5 de enero, de 11 a 14 horas y de 17 a 20 horas, excepto el 25 de diciembre y el 1 de enero, que permanecer\u00e1 cerrada.<\/p>\n<p>La animaci\u00f3n y dinamizaci\u00f3n comercial cuenta este a\u00f1o, adem\u00e1s de con la iluminaci\u00f3n navide\u00f1a y la decoraci\u00f3n de calles y escaparates, con un gran tobog\u00e1n de nieve artificial para todos los p\u00fablicos en el paseo de Sarasate. La instalaci\u00f3n tiene diferentes horarios seg\u00fan los d\u00edas y un precio de 5 euros con la posibilidad tirarse hasta tres veces. En la plaza de la Libertad, vuelve esta Navidad el espacio COworkids con una carpa de actividades y un tiovivo gratuitos, dirigidos a ni\u00f1os y ni\u00f1as de 4 a 12 a\u00f1os. Funcionar\u00e1 los d\u00edas 23, 27, 28, 29 y 30 de diciembre, en horario de ma\u00f1ana y tarde, y el 22, que solo abrir\u00e1 durante la tarde.<\/p>\n<p>Tambi\u00e9n se puede visitar el bel\u00e9n del zagu\u00e1n de la Casa Consistorial creado por la Asociaci\u00f3n de Belenistas de Navarra. Frente al bel\u00e9n, se exhiben las figuras de los tres Reyes Magos de Oriente y de Olentzero. Se pueden contemplar de lunes a viernes, de 8 a 20 horas, y los fines de semana y festivos, de 10 a 20 horas.<\/p>\n<p>&nbsp;<br \/>\n[qodef_button size=\u00bblarge\u00bb type=\u00bb\u00bb text=\u00bbactividades navidad pamplona 2022-23.pdf\u00bb custom_class=\u00bb\u00bb icon_pack=\u00bbfont_elegant\u00bb fa_icon=\u00bbicon_download\u00bb link=\u00bbhttps:\/\/www.pamplona.es\/sites\/default\/files\/2022-12\/actividades-navidad-2022-a3.pdf\u00bb target=\u00bb_blank\u00bb color=\u00bbffffff\u00bb hover_color=\u00bb\u00bb background_color=\u00bb\u00bb hover_background_color=\u00bb\u00bb border_color=\u00bb\u00bb hover_border_color=\u00bb\u00bb font_size=\u00bb\u00bb font_weight=\u00bb\u00bb margin=\u00bb\u00bb]\n&nbsp;<\/p>\n","protected":false},"excerpt":{"rendered":"<p>Conciertos en iglesias, m\u00fasica en la calle, espect\u00e1culos familiares, talleres art\u00edsticos y de regalos\u2026, actividades programadas para todo tipo de p\u00fablicos<\/p>\n","protected":false},"author":1,"featured_media":42454,"comment_status":"open","ping_status":"closed","sticky":false,"template":"","format":"standard","meta":{"footnotes":""},"categories":[2],"tags":[],"class_list":["post-42453","post","type-post","status-publish","format-standard","has-post-thumbnail","hentry","category-ayuntamiento-pamplona"],"yoast_head":"<!-- This site is optimized with the Yoast SEO plugin v27.3 - https:\/\/yoast.com\/product\/yoast-seo-wordpress\/ -->\n<title>M\u00e1s de un centenar de actividades culturales y art\u00edsticas conforman la programaci\u00f3n del Ayuntamiento de Pamplona para estas pr\u00f3ximas fechas navide\u00f1as<\/title>\n<meta name=\"description\" content=\"Conciertos en iglesias, m\u00fasica en la calle, espect\u00e1culos familiares, talleres art\u00edsticos y de regalos\u2026, actividades programadas para todo tipo de p\u00fablicos\" \/>\n<meta name=\"robots\" content=\"index, follow, max-snippet:-1, max-image-preview:large, max-video-preview:-1\" \/>\n<link rel=\"canonical\" href=\"https:\/\/www.laguiadepamplona.com\/actualidad\/mas-de-un-centenar-de-actividades-culturales-y-artisticas-conforman-la-programacion-del-ayuntamiento-de-pamplona-para-estas-proximas-fechas-navidenas\/\" \/>\n<meta property=\"og:locale\" content=\"es_ES\" \/>\n<meta property=\"og:type\" content=\"article\" \/>\n<meta property=\"og:title\" content=\"M\u00e1s de un centenar de actividades culturales y art\u00edsticas conforman la programaci\u00f3n del Ayuntamiento de Pamplona para estas pr\u00f3ximas fechas navide\u00f1as\" \/>\n<meta property=\"og:description\" content=\"Conciertos en iglesias, m\u00fasica en la calle, espect\u00e1culos familiares, talleres art\u00edsticos y de regalos\u2026, actividades programadas para todo tipo de p\u00fablicos\" \/>\n<meta property=\"og:url\" content=\"https:\/\/www.laguiadepamplona.com\/actualidad\/mas-de-un-centenar-de-actividades-culturales-y-artisticas-conforman-la-programacion-del-ayuntamiento-de-pamplona-para-estas-proximas-fechas-navidenas\/\" \/>\n<meta property=\"og:site_name\" content=\"La Gu\u00eda de Pamplona\" \/>\n<meta property=\"article:publisher\" content=\"https:\/\/www.facebook.com\/laguiadepamplonacom-133175176762273\/?ref=hl\" \/>\n<meta property=\"article:published_time\" content=\"2022-12-15T12:22:36+00:00\" \/>\n<meta property=\"article:modified_time\" content=\"2023-04-11T09:47:28+00:00\" \/>\n<meta property=\"og:image\" content=\"https:\/\/www.laguiadepamplona.com\/actualidad\/wp-content\/uploads\/2022\/12\/MERCADO-NAV-PLZA.-DEL-CASTILLO_EE5A8146_1.webp\" \/>\n\t<meta property=\"og:image:width\" content=\"1920\" \/>\n\t<meta property=\"og:image:height\" content=\"1283\" \/>\n\t<meta property=\"og:image:type\" content=\"image\/webp\" \/>\n<meta name=\"author\" content=\"La Gu\u00eda de Pamplona\" \/>\n<meta name=\"twitter:card\" content=\"summary_large_image\" \/>\n<meta name=\"twitter:creator\" content=\"@LaGuiadPamplona\" \/>\n<meta name=\"twitter:site\" content=\"@LaGuiadPamplona\" \/>\n<meta name=\"twitter:label1\" content=\"Escrito por\" \/>\n\t<meta name=\"twitter:data1\" content=\"La Gu\u00eda de Pamplona\" \/>\n\t<meta name=\"twitter:label2\" content=\"Tiempo de lectura\" \/>\n\t<meta name=\"twitter:data2\" content=\"8 minutos\" \/>\n<script type=\"application\/ld+json\" class=\"yoast-schema-graph\">{\"@context\":\"https:\\\/\\\/schema.org\",\"@graph\":[{\"@type\":\"Article\",\"@id\":\"https:\\\/\\\/www.laguiadepamplona.com\\\/actualidad\\\/mas-de-un-centenar-de-actividades-culturales-y-artisticas-conforman-la-programacion-del-ayuntamiento-de-pamplona-para-estas-proximas-fechas-navidenas\\\/#article\",\"isPartOf\":{\"@id\":\"https:\\\/\\\/www.laguiadepamplona.com\\\/actualidad\\\/mas-de-un-centenar-de-actividades-culturales-y-artisticas-conforman-la-programacion-del-ayuntamiento-de-pamplona-para-estas-proximas-fechas-navidenas\\\/\"},\"author\":{\"name\":\"La Gu\u00eda de Pamplona\",\"@id\":\"https:\\\/\\\/www.laguiadepamplona.com\\\/actualidad\\\/#\\\/schema\\\/person\\\/efe887376f0213d4657c93adc50b1fdb\"},\"headline\":\"M\u00e1s de un centenar de actividades culturales y art\u00edsticas conforman la programaci\u00f3n del Ayuntamiento de Pamplona para estas pr\u00f3ximas fechas navide\u00f1as\",\"datePublished\":\"2022-12-15T12:22:36+00:00\",\"dateModified\":\"2023-04-11T09:47:28+00:00\",\"mainEntityOfPage\":{\"@id\":\"https:\\\/\\\/www.laguiadepamplona.com\\\/actualidad\\\/mas-de-un-centenar-de-actividades-culturales-y-artisticas-conforman-la-programacion-del-ayuntamiento-de-pamplona-para-estas-proximas-fechas-navidenas\\\/\"},\"wordCount\":1724,\"commentCount\":0,\"publisher\":{\"@id\":\"https:\\\/\\\/www.laguiadepamplona.com\\\/actualidad\\\/#organization\"},\"image\":{\"@id\":\"https:\\\/\\\/www.laguiadepamplona.com\\\/actualidad\\\/mas-de-un-centenar-de-actividades-culturales-y-artisticas-conforman-la-programacion-del-ayuntamiento-de-pamplona-para-estas-proximas-fechas-navidenas\\\/#primaryimage\"},\"thumbnailUrl\":\"https:\\\/\\\/www.laguiadepamplona.com\\\/actualidad\\\/wp-content\\\/uploads\\\/2022\\\/12\\\/MERCADO-NAV-PLZA.-DEL-CASTILLO_EE5A8146_1.webp\",\"articleSection\":[\"Ayto Pamplona\"],\"inLanguage\":\"es\",\"potentialAction\":[{\"@type\":\"CommentAction\",\"name\":\"Comment\",\"target\":[\"https:\\\/\\\/www.laguiadepamplona.com\\\/actualidad\\\/mas-de-un-centenar-de-actividades-culturales-y-artisticas-conforman-la-programacion-del-ayuntamiento-de-pamplona-para-estas-proximas-fechas-navidenas\\\/#respond\"]}]},{\"@type\":\"WebPage\",\"@id\":\"https:\\\/\\\/www.laguiadepamplona.com\\\/actualidad\\\/mas-de-un-centenar-de-actividades-culturales-y-artisticas-conforman-la-programacion-del-ayuntamiento-de-pamplona-para-estas-proximas-fechas-navidenas\\\/\",\"url\":\"https:\\\/\\\/www.laguiadepamplona.com\\\/actualidad\\\/mas-de-un-centenar-de-actividades-culturales-y-artisticas-conforman-la-programacion-del-ayuntamiento-de-pamplona-para-estas-proximas-fechas-navidenas\\\/\",\"name\":\"M\u00e1s de un centenar de actividades culturales y art\u00edsticas conforman la programaci\u00f3n del Ayuntamiento de Pamplona para estas pr\u00f3ximas fechas navide\u00f1as\",\"isPartOf\":{\"@id\":\"https:\\\/\\\/www.laguiadepamplona.com\\\/actualidad\\\/#website\"},\"primaryImageOfPage\":{\"@id\":\"https:\\\/\\\/www.laguiadepamplona.com\\\/actualidad\\\/mas-de-un-centenar-de-actividades-culturales-y-artisticas-conforman-la-programacion-del-ayuntamiento-de-pamplona-para-estas-proximas-fechas-navidenas\\\/#primaryimage\"},\"image\":{\"@id\":\"https:\\\/\\\/www.laguiadepamplona.com\\\/actualidad\\\/mas-de-un-centenar-de-actividades-culturales-y-artisticas-conforman-la-programacion-del-ayuntamiento-de-pamplona-para-estas-proximas-fechas-navidenas\\\/#primaryimage\"},\"thumbnailUrl\":\"https:\\\/\\\/www.laguiadepamplona.com\\\/actualidad\\\/wp-content\\\/uploads\\\/2022\\\/12\\\/MERCADO-NAV-PLZA.-DEL-CASTILLO_EE5A8146_1.webp\",\"datePublished\":\"2022-12-15T12:22:36+00:00\",\"dateModified\":\"2023-04-11T09:47:28+00:00\",\"description\":\"Conciertos en iglesias, m\u00fasica en la calle, espect\u00e1culos familiares, talleres art\u00edsticos y de regalos\u2026, actividades programadas para todo tipo de p\u00fablicos\",\"breadcrumb\":{\"@id\":\"https:\\\/\\\/www.laguiadepamplona.com\\\/actualidad\\\/mas-de-un-centenar-de-actividades-culturales-y-artisticas-conforman-la-programacion-del-ayuntamiento-de-pamplona-para-estas-proximas-fechas-navidenas\\\/#breadcrumb\"},\"inLanguage\":\"es\",\"potentialAction\":[{\"@type\":\"ReadAction\",\"target\":[\"https:\\\/\\\/www.laguiadepamplona.com\\\/actualidad\\\/mas-de-un-centenar-de-actividades-culturales-y-artisticas-conforman-la-programacion-del-ayuntamiento-de-pamplona-para-estas-proximas-fechas-navidenas\\\/\"]}]},{\"@type\":\"ImageObject\",\"inLanguage\":\"es\",\"@id\":\"https:\\\/\\\/www.laguiadepamplona.com\\\/actualidad\\\/mas-de-un-centenar-de-actividades-culturales-y-artisticas-conforman-la-programacion-del-ayuntamiento-de-pamplona-para-estas-proximas-fechas-navidenas\\\/#primaryimage\",\"url\":\"https:\\\/\\\/www.laguiadepamplona.com\\\/actualidad\\\/wp-content\\\/uploads\\\/2022\\\/12\\\/MERCADO-NAV-PLZA.-DEL-CASTILLO_EE5A8146_1.webp\",\"contentUrl\":\"https:\\\/\\\/www.laguiadepamplona.com\\\/actualidad\\\/wp-content\\\/uploads\\\/2022\\\/12\\\/MERCADO-NAV-PLZA.-DEL-CASTILLO_EE5A8146_1.webp\",\"width\":1920,\"height\":1283},{\"@type\":\"BreadcrumbList\",\"@id\":\"https:\\\/\\\/www.laguiadepamplona.com\\\/actualidad\\\/mas-de-un-centenar-de-actividades-culturales-y-artisticas-conforman-la-programacion-del-ayuntamiento-de-pamplona-para-estas-proximas-fechas-navidenas\\\/#breadcrumb\",\"itemListElement\":[{\"@type\":\"ListItem\",\"position\":1,\"name\":\"Portada\",\"item\":\"https:\\\/\\\/www.laguiadepamplona.com\\\/actualidad\\\/\"},{\"@type\":\"ListItem\",\"position\":2,\"name\":\"M\u00e1s de un centenar de actividades culturales y art\u00edsticas conforman la programaci\u00f3n del Ayuntamiento de Pamplona para estas pr\u00f3ximas fechas navide\u00f1as\"}]},{\"@type\":\"WebSite\",\"@id\":\"https:\\\/\\\/www.laguiadepamplona.com\\\/actualidad\\\/#website\",\"url\":\"https:\\\/\\\/www.laguiadepamplona.com\\\/actualidad\\\/\",\"name\":\"La gu\u00eda de Pamplona\",\"description\":\"Noticias de Pamplona\",\"publisher\":{\"@id\":\"https:\\\/\\\/www.laguiadepamplona.com\\\/actualidad\\\/#organization\"},\"potentialAction\":[{\"@type\":\"SearchAction\",\"target\":{\"@type\":\"EntryPoint\",\"urlTemplate\":\"https:\\\/\\\/www.laguiadepamplona.com\\\/actualidad\\\/?s={search_term_string}\"},\"query-input\":{\"@type\":\"PropertyValueSpecification\",\"valueRequired\":true,\"valueName\":\"search_term_string\"}}],\"inLanguage\":\"es\"},{\"@type\":\"Organization\",\"@id\":\"https:\\\/\\\/www.laguiadepamplona.com\\\/actualidad\\\/#organization\",\"name\":\"La Gu\u00eda de Pamplona \\\/ Noticias\",\"url\":\"https:\\\/\\\/www.laguiadepamplona.com\\\/actualidad\\\/\",\"logo\":{\"@type\":\"ImageObject\",\"inLanguage\":\"es\",\"@id\":\"https:\\\/\\\/www.laguiadepamplona.com\\\/actualidad\\\/#\\\/schema\\\/logo\\\/image\\\/\",\"url\":\"https:\\\/\\\/www.laguiadepamplona.com\\\/actualidad\\\/wp-content\\\/uploads\\\/2018\\\/11\\\/logo-laguiadepamplona18-web1.png\",\"contentUrl\":\"https:\\\/\\\/www.laguiadepamplona.com\\\/actualidad\\\/wp-content\\\/uploads\\\/2018\\\/11\\\/logo-laguiadepamplona18-web1.png\",\"width\":600,\"height\":196,\"caption\":\"La Gu\u00eda de Pamplona \\\/ Noticias\"},\"image\":{\"@id\":\"https:\\\/\\\/www.laguiadepamplona.com\\\/actualidad\\\/#\\\/schema\\\/logo\\\/image\\\/\"},\"sameAs\":[\"https:\\\/\\\/www.facebook.com\\\/laguiadepamplonacom-133175176762273\\\/?ref=hl\",\"https:\\\/\\\/x.com\\\/LaGuiadPamplona\",\"https:\\\/\\\/www.instagram.com\\\/la_guia_de_pamplona\\\/\",\"https:\\\/\\\/www.youtube.com\\\/user\\\/laguiadepamplona\"]},{\"@type\":\"Person\",\"@id\":\"https:\\\/\\\/www.laguiadepamplona.com\\\/actualidad\\\/#\\\/schema\\\/person\\\/efe887376f0213d4657c93adc50b1fdb\",\"name\":\"La Gu\u00eda de Pamplona\",\"image\":{\"@type\":\"ImageObject\",\"inLanguage\":\"es\",\"@id\":\"https:\\\/\\\/secure.gravatar.com\\\/avatar\\\/b6992f131dc8d30ab0dff15446e9d346d9dbd95992de0fef795073f5ea83a81c?s=96&d=mm&r=g\",\"url\":\"https:\\\/\\\/secure.gravatar.com\\\/avatar\\\/b6992f131dc8d30ab0dff15446e9d346d9dbd95992de0fef795073f5ea83a81c?s=96&d=mm&r=g\",\"contentUrl\":\"https:\\\/\\\/secure.gravatar.com\\\/avatar\\\/b6992f131dc8d30ab0dff15446e9d346d9dbd95992de0fef795073f5ea83a81c?s=96&d=mm&r=g\",\"caption\":\"La Gu\u00eda de Pamplona\"}}]}<\/script>\n<!-- \/ Yoast SEO plugin. -->","yoast_head_json":{"title":"M\u00e1s de un centenar de actividades culturales y art\u00edsticas conforman la programaci\u00f3n del Ayuntamiento de Pamplona para estas pr\u00f3ximas fechas navide\u00f1as","description":"Conciertos en iglesias, m\u00fasica en la calle, espect\u00e1culos familiares, talleres art\u00edsticos y de regalos\u2026, actividades programadas para todo tipo de p\u00fablicos","robots":{"index":"index","follow":"follow","max-snippet":"max-snippet:-1","max-image-preview":"max-image-preview:large","max-video-preview":"max-video-preview:-1"},"canonical":"https:\/\/www.laguiadepamplona.com\/actualidad\/mas-de-un-centenar-de-actividades-culturales-y-artisticas-conforman-la-programacion-del-ayuntamiento-de-pamplona-para-estas-proximas-fechas-navidenas\/","og_locale":"es_ES","og_type":"article","og_title":"M\u00e1s de un centenar de actividades culturales y art\u00edsticas conforman la programaci\u00f3n del Ayuntamiento de Pamplona para estas pr\u00f3ximas fechas navide\u00f1as","og_description":"Conciertos en iglesias, m\u00fasica en la calle, espect\u00e1culos familiares, talleres art\u00edsticos y de regalos\u2026, actividades programadas para todo tipo de p\u00fablicos","og_url":"https:\/\/www.laguiadepamplona.com\/actualidad\/mas-de-un-centenar-de-actividades-culturales-y-artisticas-conforman-la-programacion-del-ayuntamiento-de-pamplona-para-estas-proximas-fechas-navidenas\/","og_site_name":"La Gu\u00eda de Pamplona","article_publisher":"https:\/\/www.facebook.com\/laguiadepamplonacom-133175176762273\/?ref=hl","article_published_time":"2022-12-15T12:22:36+00:00","article_modified_time":"2023-04-11T09:47:28+00:00","og_image":[{"width":1920,"height":1283,"url":"https:\/\/www.laguiadepamplona.com\/actualidad\/wp-content\/uploads\/2022\/12\/MERCADO-NAV-PLZA.-DEL-CASTILLO_EE5A8146_1.webp","type":"image\/webp"}],"author":"La Gu\u00eda de Pamplona","twitter_card":"summary_large_image","twitter_creator":"@LaGuiadPamplona","twitter_site":"@LaGuiadPamplona","twitter_misc":{"Escrito por":"La Gu\u00eda de Pamplona","Tiempo de lectura":"8 minutos"},"schema":{"@context":"https:\/\/schema.org","@graph":[{"@type":"Article","@id":"https:\/\/www.laguiadepamplona.com\/actualidad\/mas-de-un-centenar-de-actividades-culturales-y-artisticas-conforman-la-programacion-del-ayuntamiento-de-pamplona-para-estas-proximas-fechas-navidenas\/#article","isPartOf":{"@id":"https:\/\/www.laguiadepamplona.com\/actualidad\/mas-de-un-centenar-de-actividades-culturales-y-artisticas-conforman-la-programacion-del-ayuntamiento-de-pamplona-para-estas-proximas-fechas-navidenas\/"},"author":{"name":"La Gu\u00eda de Pamplona","@id":"https:\/\/www.laguiadepamplona.com\/actualidad\/#\/schema\/person\/efe887376f0213d4657c93adc50b1fdb"},"headline":"M\u00e1s de un centenar de actividades culturales y art\u00edsticas conforman la programaci\u00f3n del Ayuntamiento de Pamplona para estas pr\u00f3ximas fechas navide\u00f1as","datePublished":"2022-12-15T12:22:36+00:00","dateModified":"2023-04-11T09:47:28+00:00","mainEntityOfPage":{"@id":"https:\/\/www.laguiadepamplona.com\/actualidad\/mas-de-un-centenar-de-actividades-culturales-y-artisticas-conforman-la-programacion-del-ayuntamiento-de-pamplona-para-estas-proximas-fechas-navidenas\/"},"wordCount":1724,"commentCount":0,"publisher":{"@id":"https:\/\/www.laguiadepamplona.com\/actualidad\/#organization"},"image":{"@id":"https:\/\/www.laguiadepamplona.com\/actualidad\/mas-de-un-centenar-de-actividades-culturales-y-artisticas-conforman-la-programacion-del-ayuntamiento-de-pamplona-para-estas-proximas-fechas-navidenas\/#primaryimage"},"thumbnailUrl":"https:\/\/www.laguiadepamplona.com\/actualidad\/wp-content\/uploads\/2022\/12\/MERCADO-NAV-PLZA.-DEL-CASTILLO_EE5A8146_1.webp","articleSection":["Ayto Pamplona"],"inLanguage":"es","potentialAction":[{"@type":"CommentAction","name":"Comment","target":["https:\/\/www.laguiadepamplona.com\/actualidad\/mas-de-un-centenar-de-actividades-culturales-y-artisticas-conforman-la-programacion-del-ayuntamiento-de-pamplona-para-estas-proximas-fechas-navidenas\/#respond"]}]},{"@type":"WebPage","@id":"https:\/\/www.laguiadepamplona.com\/actualidad\/mas-de-un-centenar-de-actividades-culturales-y-artisticas-conforman-la-programacion-del-ayuntamiento-de-pamplona-para-estas-proximas-fechas-navidenas\/","url":"https:\/\/www.laguiadepamplona.com\/actualidad\/mas-de-un-centenar-de-actividades-culturales-y-artisticas-conforman-la-programacion-del-ayuntamiento-de-pamplona-para-estas-proximas-fechas-navidenas\/","name":"M\u00e1s de un centenar de actividades culturales y art\u00edsticas conforman la programaci\u00f3n del Ayuntamiento de Pamplona para estas pr\u00f3ximas fechas navide\u00f1as","isPartOf":{"@id":"https:\/\/www.laguiadepamplona.com\/actualidad\/#website"},"primaryImageOfPage":{"@id":"https:\/\/www.laguiadepamplona.com\/actualidad\/mas-de-un-centenar-de-actividades-culturales-y-artisticas-conforman-la-programacion-del-ayuntamiento-de-pamplona-para-estas-proximas-fechas-navidenas\/#primaryimage"},"image":{"@id":"https:\/\/www.laguiadepamplona.com\/actualidad\/mas-de-un-centenar-de-actividades-culturales-y-artisticas-conforman-la-programacion-del-ayuntamiento-de-pamplona-para-estas-proximas-fechas-navidenas\/#primaryimage"},"thumbnailUrl":"https:\/\/www.laguiadepamplona.com\/actualidad\/wp-content\/uploads\/2022\/12\/MERCADO-NAV-PLZA.-DEL-CASTILLO_EE5A8146_1.webp","datePublished":"2022-12-15T12:22:36+00:00","dateModified":"2023-04-11T09:47:28+00:00","description":"Conciertos en iglesias, m\u00fasica en la calle, espect\u00e1culos familiares, talleres art\u00edsticos y de regalos\u2026, actividades programadas para todo tipo de p\u00fablicos","breadcrumb":{"@id":"https:\/\/www.laguiadepamplona.com\/actualidad\/mas-de-un-centenar-de-actividades-culturales-y-artisticas-conforman-la-programacion-del-ayuntamiento-de-pamplona-para-estas-proximas-fechas-navidenas\/#breadcrumb"},"inLanguage":"es","potentialAction":[{"@type":"ReadAction","target":["https:\/\/www.laguiadepamplona.com\/actualidad\/mas-de-un-centenar-de-actividades-culturales-y-artisticas-conforman-la-programacion-del-ayuntamiento-de-pamplona-para-estas-proximas-fechas-navidenas\/"]}]},{"@type":"ImageObject","inLanguage":"es","@id":"https:\/\/www.laguiadepamplona.com\/actualidad\/mas-de-un-centenar-de-actividades-culturales-y-artisticas-conforman-la-programacion-del-ayuntamiento-de-pamplona-para-estas-proximas-fechas-navidenas\/#primaryimage","url":"https:\/\/www.laguiadepamplona.com\/actualidad\/wp-content\/uploads\/2022\/12\/MERCADO-NAV-PLZA.-DEL-CASTILLO_EE5A8146_1.webp","contentUrl":"https:\/\/www.laguiadepamplona.com\/actualidad\/wp-content\/uploads\/2022\/12\/MERCADO-NAV-PLZA.-DEL-CASTILLO_EE5A8146_1.webp","width":1920,"height":1283},{"@type":"BreadcrumbList","@id":"https:\/\/www.laguiadepamplona.com\/actualidad\/mas-de-un-centenar-de-actividades-culturales-y-artisticas-conforman-la-programacion-del-ayuntamiento-de-pamplona-para-estas-proximas-fechas-navidenas\/#breadcrumb","itemListElement":[{"@type":"ListItem","position":1,"name":"Portada","item":"https:\/\/www.laguiadepamplona.com\/actualidad\/"},{"@type":"ListItem","position":2,"name":"M\u00e1s de un centenar de actividades culturales y art\u00edsticas conforman la programaci\u00f3n del Ayuntamiento de Pamplona para estas pr\u00f3ximas fechas navide\u00f1as"}]},{"@type":"WebSite","@id":"https:\/\/www.laguiadepamplona.com\/actualidad\/#website","url":"https:\/\/www.laguiadepamplona.com\/actualidad\/","name":"La gu\u00eda de Pamplona","description":"Noticias de Pamplona","publisher":{"@id":"https:\/\/www.laguiadepamplona.com\/actualidad\/#organization"},"potentialAction":[{"@type":"SearchAction","target":{"@type":"EntryPoint","urlTemplate":"https:\/\/www.laguiadepamplona.com\/actualidad\/?s={search_term_string}"},"query-input":{"@type":"PropertyValueSpecification","valueRequired":true,"valueName":"search_term_string"}}],"inLanguage":"es"},{"@type":"Organization","@id":"https:\/\/www.laguiadepamplona.com\/actualidad\/#organization","name":"La Gu\u00eda de Pamplona \/ Noticias","url":"https:\/\/www.laguiadepamplona.com\/actualidad\/","logo":{"@type":"ImageObject","inLanguage":"es","@id":"https:\/\/www.laguiadepamplona.com\/actualidad\/#\/schema\/logo\/image\/","url":"https:\/\/www.laguiadepamplona.com\/actualidad\/wp-content\/uploads\/2018\/11\/logo-laguiadepamplona18-web1.png","contentUrl":"https:\/\/www.laguiadepamplona.com\/actualidad\/wp-content\/uploads\/2018\/11\/logo-laguiadepamplona18-web1.png","width":600,"height":196,"caption":"La Gu\u00eda de Pamplona \/ Noticias"},"image":{"@id":"https:\/\/www.laguiadepamplona.com\/actualidad\/#\/schema\/logo\/image\/"},"sameAs":["https:\/\/www.facebook.com\/laguiadepamplonacom-133175176762273\/?ref=hl","https:\/\/x.com\/LaGuiadPamplona","https:\/\/www.instagram.com\/la_guia_de_pamplona\/","https:\/\/www.youtube.com\/user\/laguiadepamplona"]},{"@type":"Person","@id":"https:\/\/www.laguiadepamplona.com\/actualidad\/#\/schema\/person\/efe887376f0213d4657c93adc50b1fdb","name":"La Gu\u00eda de Pamplona","image":{"@type":"ImageObject","inLanguage":"es","@id":"https:\/\/secure.gravatar.com\/avatar\/b6992f131dc8d30ab0dff15446e9d346d9dbd95992de0fef795073f5ea83a81c?s=96&d=mm&r=g","url":"https:\/\/secure.gravatar.com\/avatar\/b6992f131dc8d30ab0dff15446e9d346d9dbd95992de0fef795073f5ea83a81c?s=96&d=mm&r=g","contentUrl":"https:\/\/secure.gravatar.com\/avatar\/b6992f131dc8d30ab0dff15446e9d346d9dbd95992de0fef795073f5ea83a81c?s=96&d=mm&r=g","caption":"La Gu\u00eda de Pamplona"}}]}},"post_mailing_queue_ids":[],"_links":{"self":[{"href":"https:\/\/www.laguiadepamplona.com\/actualidad\/wp-json\/wp\/v2\/posts\/42453","targetHints":{"allow":["GET"]}}],"collection":[{"href":"https:\/\/www.laguiadepamplona.com\/actualidad\/wp-json\/wp\/v2\/posts"}],"about":[{"href":"https:\/\/www.laguiadepamplona.com\/actualidad\/wp-json\/wp\/v2\/types\/post"}],"author":[{"embeddable":true,"href":"https:\/\/www.laguiadepamplona.com\/actualidad\/wp-json\/wp\/v2\/users\/1"}],"replies":[{"embeddable":true,"href":"https:\/\/www.laguiadepamplona.com\/actualidad\/wp-json\/wp\/v2\/comments?post=42453"}],"version-history":[{"count":0,"href":"https:\/\/www.laguiadepamplona.com\/actualidad\/wp-json\/wp\/v2\/posts\/42453\/revisions"}],"wp:featuredmedia":[{"embeddable":true,"href":"https:\/\/www.laguiadepamplona.com\/actualidad\/wp-json\/wp\/v2\/media\/42454"}],"wp:attachment":[{"href":"https:\/\/www.laguiadepamplona.com\/actualidad\/wp-json\/wp\/v2\/media?parent=42453"}],"wp:term":[{"taxonomy":"category","embeddable":true,"href":"https:\/\/www.laguiadepamplona.com\/actualidad\/wp-json\/wp\/v2\/categories?post=42453"},{"taxonomy":"post_tag","embeddable":true,"href":"https:\/\/www.laguiadepamplona.com\/actualidad\/wp-json\/wp\/v2\/tags?post=42453"}],"curies":[{"name":"wp","href":"https:\/\/api.w.org\/{rel}","templated":true}]}}