{"id":42450,"date":"2022-12-15T14:18:30","date_gmt":"2022-12-15T12:18:30","guid":{"rendered":"https:\/\/www.laguiadepamplona.com\/actualidad\/?p=42450"},"modified":"2023-04-11T11:47:28","modified_gmt":"2023-04-11T09:47:28","slug":"el-festival-otras-luces-anima-la-ciudadela-con-proyecciones-de-videoarte-instalaciones-interactivas-de-luz-talleres-creativos-familiares-y-muestras-artisticas","status":"publish","type":"post","link":"https:\/\/www.laguiadepamplona.com\/actualidad\/el-festival-otras-luces-anima-la-ciudadela-con-proyecciones-de-videoarte-instalaciones-interactivas-de-luz-talleres-creativos-familiares-y-muestras-artisticas\/","title":{"rendered":"El festival Otras Luces anima la Ciudadela con proyecciones de videoarte, instalaciones interactivas de luz, talleres creativos familiares y muestras art\u00edsticas"},"content":{"rendered":"<h5>La s\u00e9ptima edici\u00f3n, del 16 de diciembre al 8 de enero, invita a la reflexi\u00f3n, el disfrute, el juego y las emociones a trav\u00e9s de actividades con entrada libre<\/h5>\n<p><!--more--><\/p>\n<p>El festival Otras Luces vuelve a la Ciudadela, del 16 de diciembre al 8 de enero, con una amplia oferta para todos los p\u00fablicos con entrada libre. El festival incluye proyecciones de videoarte, instalaciones de luz interactivas, talleres creativos infantiles y familiares, y diversas muestras art\u00edsticas. La propuesta invita a la reflexi\u00f3n, la diversi\u00f3n, el juego y las emociones a trav\u00e9s de la videocreaci\u00f3n y el arte audiovisual con la luz como protagonista. Toda la informaci\u00f3n se puede consultar en la web <a href=\"https:\/\/www.pamplonaescultura.es\/\" target=\"_blank\" rel=\"noopener\">pamplonaescultura.es<\/a>.<\/p>\n<p>Las proyecciones de videoarte tendr\u00e1n lugar en el recinto de la Ciudadela por la tarde, de 17.30 a 20.30. Muestran cuatro cortometrajes de la selecci\u00f3n cinematogr\u00e1fica de la s\u00e9ptima edici\u00f3n del festival multidisciplinar \u2018Zinetika\u2019. Este festival explora las relaciones entre danza, lenguaje audiovisual, cuerpo y tecnolog\u00eda, y las diferentes experiencias art\u00edsticas que generan. Los cuatro cortos elegidos son \u2018Unfolding\u2019 (Despliegue), de la argentina Noelia Pignatto; \u2018Breakadventure\u2019, del alem\u00e1n Igor Krasik; \u2018Anamnesis\u2019, de la griega Evaggelia Lousioti; y \u2018Uholdeak\u2019, de la artista Olatz Larunbe.<br \/>\n<script async src=\"\/\/pagead2.googlesyndication.com\/pagead\/js\/adsbygoogle.js\"><\/script><br \/>\n<!-- Noticias La Guia de Pamplona --><br \/>\n<ins class=\"adsbygoogle\"\nstyle=\"display:block\"\ndata-ad-client=\"ca-pub-6943679897239327\"\ndata-ad-slot=\"7048180777\"\ndata-ad-format=\"auto\"><\/ins><br \/>\n<script>\n(adsbygoogle = window.adsbygoogle || []).push({});\n<\/script><\/p>\n<p>\u2018Unfolding\u2019 (Despliegue, 2020) es un cortometraje experimental que coloca los sentidos en primer plano. Una bailarina se sumerge en un universo propio, una p\u00e1gina en blanco donde brotan texturas, colores, ritmos, movimientos, recuerdos y miedos. Con una duraci\u00f3n de 2 minutos y 40 segundos, ser\u00e1 proyectada sobre la fachada del Horno.<\/p>\n<p>\u2018Uholdeak\u2019 (Inundaciones, 2022) es una producci\u00f3n local que reflexiona en torno al agua como fuente de vida pero tambi\u00e9n de devastaci\u00f3n y ruina: cuando las fuerzas de la naturaleza se hacen presentes de una forma virulenta, emergen emociones y sentimientos profundos. Su duraci\u00f3n es de 5 minutos y 10 segundos y ser\u00e1 proyectada sobre la fachada trasera del Pabell\u00f3n de Mixtos.<\/p>\n<p>\u2018Anamnesis\u2019 (2021), propone una mezcla de danza y est\u00e9tica tradicional y contempor\u00e1nea, desde el punto de vista de la danza, la m\u00fasica, el vestuario y la sem\u00e1ntica. Dos mujeres act\u00faan en el espacio como individuos, por un lado, pero tambi\u00e9n como un peque\u00f1o colectivo en la otra. A trav\u00e9s de im\u00e1genes po\u00e9ticas y el movimiento se introducen en las ideas de libertad, identidad y memoria colectiva de su patria. Con una duraci\u00f3n de 2 minutos y 44 segundos, ser\u00e1 proyectada en el muro de la Sala Lidia Biurrun.<\/p>\n<p>\u2018Breakadventure\u2019 (2011) plantea congelar la postura del bailar\u00edn para darle movimiento posteriormente. La abstracci\u00f3n, la manipulaci\u00f3n del papel, la s\u00edntesis del movimiento y el sonido son la esencia de la pieza. Su duraci\u00f3n es de 1 minuto y ser\u00e1 proyectada en el muro interior de la avenida del ej\u00e9rcito.<br \/>\n<script async src=\"\/\/pagead2.googlesyndication.com\/pagead\/js\/adsbygoogle.js\"><\/script><br \/>\n<!-- Noticias La Guia de Pamplona --><br \/>\n<ins class=\"adsbygoogle\"\nstyle=\"display:block\"\ndata-ad-client=\"ca-pub-6943679897239327\"\ndata-ad-slot=\"7048180777\"\ndata-ad-format=\"auto\"><\/ins><br \/>\n<script>\n(adsbygoogle = window.adsbygoogle || []).push({});\n<\/script><\/p>\n<p><strong>Instalaci\u00f3n y talleres<\/strong><\/p>\n<p>La edici\u00f3n de Otras Luces de este a\u00f1o vuelve a ofrecer la instalaci\u00f3n lum\u00ednica K\u00f6p\u00f6, del artista Ferm\u00edn Izco. Los t\u00faneles de acceso a la Ciudadela muestran un juego de luces y colores que interact\u00faan en el momento en que pasan las personas que acceden al recinto amurallado. Esta instalaci\u00f3n est\u00e1 activa entre las 17.30 y las 20.30.<\/p>\n<p>Adem\u00e1s, la oferta se completa con los tradicionales talleres para p\u00fablico infantil y familiar. Estos talleres se desarrollan en la planta baja de la Sala de Armas de la Ciudadela y requieren inscripci\u00f3n previa en el tel\u00e9fono 010 (948 420 100 si se llama desde m\u00f3viles o desde fuera de Pamplona). El coste de los talleres ser\u00e1 de 4 euros por persona y sesi\u00f3n.<\/p>\n<p>La primera propuesta son los \u2018Seres Variegados en Universos Diversos\u2019, entre el 27 y el 30 de diciembre, con doble cita: talleres infantiles (entre 5 y 12 a\u00f1os, de 11.30 a 13 horas) con las artistas Carmen Salgado y Blanca Razquin, en torno a la muestra \u2018Despu\u00e9s de los encuentros\u2019, expuesta en la primera planta.<\/p>\n<p>Por la tarde, de 17.30 a 19.30, talleres experimentales, para ni\u00f1as y ni\u00f1os a partir de 5 a\u00f1os y una persona adulta. En este caso, se trabaja a trav\u00e9s de las creaciones de los artistas Virginia Santos, Alberto Od\u00e9riz, Teresa Sabat\u00e9, Marta Rueda, Marijose Recalde, Carmen Salgado, Maider Kuadra y Alicia Otaegui. Estos talleres los coordina la Chincheta Bruna.<\/p>\n<p>La segunda propuesta son las \u2018Historias con alma de papel\u2019, en torno a la exposici\u00f3n de la pamplonesa Mila Garc\u00eda en el Polvor\u00edn. Este taller trabaja el papel y el arte del \u2018papercut\u2019, entre los d\u00edas 2 y 4 de enero, de 11.30 a 13 horas. Los d\u00edas 2 y 3, los talleres son familiares, para p\u00fablico infantil en compa\u00f1\u00eda de una persona adulta; y el d\u00eda 4, talleres infantiles dirigidos a edades de 7 a 12 a\u00f1os.<br \/>\n<script async src=\"\/\/pagead2.googlesyndication.com\/pagead\/js\/adsbygoogle.js\"><\/script><br \/>\n<!-- Noticias La Guia de Pamplona --><br \/>\n<ins class=\"adsbygoogle\"\nstyle=\"display:block\"\ndata-ad-client=\"ca-pub-6943679897239327\"\ndata-ad-slot=\"7048180777\"\ndata-ad-format=\"auto\"><\/ins><br \/>\n<script>\n(adsbygoogle = window.adsbygoogle || []).push({});\n<\/script><\/p>\n<p><strong>Muestras art\u00edsticas<\/strong><\/p>\n<p>En el marco del festival, la Ciudadela acoge en estos d\u00edas cinco exposiciones, abiertas durante las Navidades. Se trata de la muestra colectiva \u2018Despu\u00e9s de los Encuentros\u2019, en la primera planta de la Sala de Armas; la exposici\u00f3n fotogr\u00e1fica \u2018El grito interior\u2019, dentro del programa \u00c1frica imprescindible, en la primera planta del Pabell\u00f3n de Mixtos; \u2018Historias con alma de papel\u2019, de Mila Garc\u00eda, en el Polvor\u00edn; \u2018Substantzia\u2019, de Oaia Peruarena, en la planta baja del Pabell\u00f3n de Mixtos; y la instalaci\u00f3n \u2018Sonidos del cuerpo\u2019, de Ghislaine Verano, en el Horno, que acoger\u00e1 diversas acciones performativas durante las fechas navide\u00f1as.<\/p>\n<p>Todas estas exposiciones se pueden visitar en horario de martes a s\u00e1bado, de 11.30 a 13.30 y 18.00 a 20.30. Los domingos y festivos, el horario es de 11.30 a 13.30.<br \/>\n<script async src=\"\/\/pagead2.googlesyndication.com\/pagead\/js\/adsbygoogle.js\"><\/script><br \/>\n<!-- Noticias La Guia de Pamplona --><br \/>\n<ins class=\"adsbygoogle\"\nstyle=\"display:block\"\ndata-ad-client=\"ca-pub-6943679897239327\"\ndata-ad-slot=\"7048180777\"\ndata-ad-format=\"auto\"><\/ins><br \/>\n<script>\n(adsbygoogle = window.adsbygoogle || []).push({});\n<\/script><\/p>\n<p>&nbsp;<\/p>\n<h3>S\u00e9ptima Edici\u00f3n Festival \u2018Otras Luces\u2019<\/h3>\n<ul>\n<li>Arte en movimiento. Proyecciones de videoarte. Recinto de la Ciudadela. 17.30-20.30<\/li>\n<li>K\u00f6p\u00f6. Instalaci\u00f3n lum\u00ednica interactiva. T\u00faneles de acceso a la Ciudadela. 17.30-20.30<\/li>\n<li>Talleres de creaci\u00f3n art\u00edstica. Sala de Armas, planta baja. Inscripci\u00f3n previa en el 010. El coste de los talleres es de 4 euros por persona y sesi\u00f3n:\n<ul>\n<li>\u2018Seres Variegados en Universos Diversos\u2019. 27 al 30 de diciembre. Talleres infantiles (11.30-13.00) y familiares (17.30-19.30)<\/li>\n<li>\u2018Historias con alma de papel\u2019. 2, 3 y 4 de enero (11.30-13.00). Talleres familiares (d\u00edas 2 y 3) y talleres infantiles (d\u00eda 4)<\/li>\n<\/ul>\n<\/li>\n<li>Exposiciones en la Ciudadela: \u2018Despu\u00e9s de los Encuentros\u2019, \u2018El grito interior\u2019, \u2018Sonidos del cuerpo\u2019, \u2018Historias con alma de papel\u2019 y \u2018Substantzia\u2019. Horario: de martes a s\u00e1bado, de 11.30 a 13.30 y 18.00 a 20.30; domingos y festivos, de 11.30 a 13.30.<\/li>\n<\/ul>\n","protected":false},"excerpt":{"rendered":"<p>La s\u00e9ptima edici\u00f3n, del 16 de diciembre al 8 de enero, invita a la reflexi\u00f3n, el disfrute, el juego y las emociones a trav\u00e9s de actividades con entrada libre<\/p>\n","protected":false},"author":1,"featured_media":42451,"comment_status":"open","ping_status":"closed","sticky":false,"template":"","format":"standard","meta":{"footnotes":""},"categories":[2],"tags":[],"class_list":["post-42450","post","type-post","status-publish","format-standard","has-post-thumbnail","hentry","category-ayuntamiento-pamplona"],"yoast_head":"<!-- This site is optimized with the Yoast SEO plugin v27.3 - https:\/\/yoast.com\/product\/yoast-seo-wordpress\/ -->\n<title>El festival Otras Luces anima la Ciudadela con proyecciones de videoarte, instalaciones interactivas de luz, talleres creativos familiares y muestras art\u00edsticas<\/title>\n<meta name=\"robots\" content=\"index, follow, max-snippet:-1, max-image-preview:large, max-video-preview:-1\" \/>\n<link rel=\"canonical\" href=\"https:\/\/www.laguiadepamplona.com\/actualidad\/el-festival-otras-luces-anima-la-ciudadela-con-proyecciones-de-videoarte-instalaciones-interactivas-de-luz-talleres-creativos-familiares-y-muestras-artisticas\/\" \/>\n<meta property=\"og:locale\" content=\"es_ES\" \/>\n<meta property=\"og:type\" content=\"article\" \/>\n<meta property=\"og:title\" content=\"El festival Otras Luces anima la Ciudadela con proyecciones de videoarte, instalaciones interactivas de luz, talleres creativos familiares y muestras art\u00edsticas\" \/>\n<meta property=\"og:description\" content=\"La s\u00e9ptima edici\u00f3n, del 16 de diciembre al 8 de enero, invita a la reflexi\u00f3n, el disfrute, el juego y las emociones a trav\u00e9s de actividades con entrada libre\" \/>\n<meta property=\"og:url\" content=\"https:\/\/www.laguiadepamplona.com\/actualidad\/el-festival-otras-luces-anima-la-ciudadela-con-proyecciones-de-videoarte-instalaciones-interactivas-de-luz-talleres-creativos-familiares-y-muestras-artisticas\/\" \/>\n<meta property=\"og:site_name\" content=\"La Gu\u00eda de Pamplona\" \/>\n<meta property=\"article:publisher\" content=\"https:\/\/www.facebook.com\/laguiadepamplonacom-133175176762273\/?ref=hl\" \/>\n<meta property=\"article:published_time\" content=\"2022-12-15T12:18:30+00:00\" \/>\n<meta property=\"article:modified_time\" content=\"2023-04-11T09:47:28+00:00\" \/>\n<meta property=\"og:image\" content=\"https:\/\/www.laguiadepamplona.com\/actualidad\/wp-content\/uploads\/2022\/12\/OTRAS-LUCES-2022-rrss-1200x1200_2-copia.webp\" \/>\n\t<meta property=\"og:image:width\" content=\"1200\" \/>\n\t<meta property=\"og:image:height\" content=\"1200\" \/>\n\t<meta property=\"og:image:type\" content=\"image\/webp\" \/>\n<meta name=\"author\" content=\"La Gu\u00eda de Pamplona\" \/>\n<meta name=\"twitter:card\" content=\"summary_large_image\" \/>\n<meta name=\"twitter:creator\" content=\"@LaGuiadPamplona\" \/>\n<meta name=\"twitter:site\" content=\"@LaGuiadPamplona\" \/>\n<meta name=\"twitter:label1\" content=\"Escrito por\" \/>\n\t<meta name=\"twitter:data1\" content=\"La Gu\u00eda de Pamplona\" \/>\n\t<meta name=\"twitter:label2\" content=\"Tiempo de lectura\" \/>\n\t<meta name=\"twitter:data2\" content=\"5 minutos\" \/>\n<script type=\"application\/ld+json\" class=\"yoast-schema-graph\">{\"@context\":\"https:\\\/\\\/schema.org\",\"@graph\":[{\"@type\":\"Article\",\"@id\":\"https:\\\/\\\/www.laguiadepamplona.com\\\/actualidad\\\/el-festival-otras-luces-anima-la-ciudadela-con-proyecciones-de-videoarte-instalaciones-interactivas-de-luz-talleres-creativos-familiares-y-muestras-artisticas\\\/#article\",\"isPartOf\":{\"@id\":\"https:\\\/\\\/www.laguiadepamplona.com\\\/actualidad\\\/el-festival-otras-luces-anima-la-ciudadela-con-proyecciones-de-videoarte-instalaciones-interactivas-de-luz-talleres-creativos-familiares-y-muestras-artisticas\\\/\"},\"author\":{\"name\":\"La Gu\u00eda de Pamplona\",\"@id\":\"https:\\\/\\\/www.laguiadepamplona.com\\\/actualidad\\\/#\\\/schema\\\/person\\\/efe887376f0213d4657c93adc50b1fdb\"},\"headline\":\"El festival Otras Luces anima la Ciudadela con proyecciones de videoarte, instalaciones interactivas de luz, talleres creativos familiares y muestras art\u00edsticas\",\"datePublished\":\"2022-12-15T12:18:30+00:00\",\"dateModified\":\"2023-04-11T09:47:28+00:00\",\"mainEntityOfPage\":{\"@id\":\"https:\\\/\\\/www.laguiadepamplona.com\\\/actualidad\\\/el-festival-otras-luces-anima-la-ciudadela-con-proyecciones-de-videoarte-instalaciones-interactivas-de-luz-talleres-creativos-familiares-y-muestras-artisticas\\\/\"},\"wordCount\":1088,\"commentCount\":0,\"publisher\":{\"@id\":\"https:\\\/\\\/www.laguiadepamplona.com\\\/actualidad\\\/#organization\"},\"image\":{\"@id\":\"https:\\\/\\\/www.laguiadepamplona.com\\\/actualidad\\\/el-festival-otras-luces-anima-la-ciudadela-con-proyecciones-de-videoarte-instalaciones-interactivas-de-luz-talleres-creativos-familiares-y-muestras-artisticas\\\/#primaryimage\"},\"thumbnailUrl\":\"https:\\\/\\\/www.laguiadepamplona.com\\\/actualidad\\\/wp-content\\\/uploads\\\/2022\\\/12\\\/OTRAS-LUCES-2022-rrss-1200x1200_2-copia.webp\",\"articleSection\":[\"Ayto Pamplona\"],\"inLanguage\":\"es\",\"potentialAction\":[{\"@type\":\"CommentAction\",\"name\":\"Comment\",\"target\":[\"https:\\\/\\\/www.laguiadepamplona.com\\\/actualidad\\\/el-festival-otras-luces-anima-la-ciudadela-con-proyecciones-de-videoarte-instalaciones-interactivas-de-luz-talleres-creativos-familiares-y-muestras-artisticas\\\/#respond\"]}]},{\"@type\":\"WebPage\",\"@id\":\"https:\\\/\\\/www.laguiadepamplona.com\\\/actualidad\\\/el-festival-otras-luces-anima-la-ciudadela-con-proyecciones-de-videoarte-instalaciones-interactivas-de-luz-talleres-creativos-familiares-y-muestras-artisticas\\\/\",\"url\":\"https:\\\/\\\/www.laguiadepamplona.com\\\/actualidad\\\/el-festival-otras-luces-anima-la-ciudadela-con-proyecciones-de-videoarte-instalaciones-interactivas-de-luz-talleres-creativos-familiares-y-muestras-artisticas\\\/\",\"name\":\"El festival Otras Luces anima la Ciudadela con proyecciones de videoarte, instalaciones interactivas de luz, talleres creativos familiares y muestras art\u00edsticas\",\"isPartOf\":{\"@id\":\"https:\\\/\\\/www.laguiadepamplona.com\\\/actualidad\\\/#website\"},\"primaryImageOfPage\":{\"@id\":\"https:\\\/\\\/www.laguiadepamplona.com\\\/actualidad\\\/el-festival-otras-luces-anima-la-ciudadela-con-proyecciones-de-videoarte-instalaciones-interactivas-de-luz-talleres-creativos-familiares-y-muestras-artisticas\\\/#primaryimage\"},\"image\":{\"@id\":\"https:\\\/\\\/www.laguiadepamplona.com\\\/actualidad\\\/el-festival-otras-luces-anima-la-ciudadela-con-proyecciones-de-videoarte-instalaciones-interactivas-de-luz-talleres-creativos-familiares-y-muestras-artisticas\\\/#primaryimage\"},\"thumbnailUrl\":\"https:\\\/\\\/www.laguiadepamplona.com\\\/actualidad\\\/wp-content\\\/uploads\\\/2022\\\/12\\\/OTRAS-LUCES-2022-rrss-1200x1200_2-copia.webp\",\"datePublished\":\"2022-12-15T12:18:30+00:00\",\"dateModified\":\"2023-04-11T09:47:28+00:00\",\"breadcrumb\":{\"@id\":\"https:\\\/\\\/www.laguiadepamplona.com\\\/actualidad\\\/el-festival-otras-luces-anima-la-ciudadela-con-proyecciones-de-videoarte-instalaciones-interactivas-de-luz-talleres-creativos-familiares-y-muestras-artisticas\\\/#breadcrumb\"},\"inLanguage\":\"es\",\"potentialAction\":[{\"@type\":\"ReadAction\",\"target\":[\"https:\\\/\\\/www.laguiadepamplona.com\\\/actualidad\\\/el-festival-otras-luces-anima-la-ciudadela-con-proyecciones-de-videoarte-instalaciones-interactivas-de-luz-talleres-creativos-familiares-y-muestras-artisticas\\\/\"]}]},{\"@type\":\"ImageObject\",\"inLanguage\":\"es\",\"@id\":\"https:\\\/\\\/www.laguiadepamplona.com\\\/actualidad\\\/el-festival-otras-luces-anima-la-ciudadela-con-proyecciones-de-videoarte-instalaciones-interactivas-de-luz-talleres-creativos-familiares-y-muestras-artisticas\\\/#primaryimage\",\"url\":\"https:\\\/\\\/www.laguiadepamplona.com\\\/actualidad\\\/wp-content\\\/uploads\\\/2022\\\/12\\\/OTRAS-LUCES-2022-rrss-1200x1200_2-copia.webp\",\"contentUrl\":\"https:\\\/\\\/www.laguiadepamplona.com\\\/actualidad\\\/wp-content\\\/uploads\\\/2022\\\/12\\\/OTRAS-LUCES-2022-rrss-1200x1200_2-copia.webp\",\"width\":1200,\"height\":1200},{\"@type\":\"BreadcrumbList\",\"@id\":\"https:\\\/\\\/www.laguiadepamplona.com\\\/actualidad\\\/el-festival-otras-luces-anima-la-ciudadela-con-proyecciones-de-videoarte-instalaciones-interactivas-de-luz-talleres-creativos-familiares-y-muestras-artisticas\\\/#breadcrumb\",\"itemListElement\":[{\"@type\":\"ListItem\",\"position\":1,\"name\":\"Portada\",\"item\":\"https:\\\/\\\/www.laguiadepamplona.com\\\/actualidad\\\/\"},{\"@type\":\"ListItem\",\"position\":2,\"name\":\"El festival Otras Luces anima la Ciudadela con proyecciones de videoarte, instalaciones interactivas de luz, talleres creativos familiares y muestras art\u00edsticas\"}]},{\"@type\":\"WebSite\",\"@id\":\"https:\\\/\\\/www.laguiadepamplona.com\\\/actualidad\\\/#website\",\"url\":\"https:\\\/\\\/www.laguiadepamplona.com\\\/actualidad\\\/\",\"name\":\"La gu\u00eda de Pamplona\",\"description\":\"Noticias de Pamplona\",\"publisher\":{\"@id\":\"https:\\\/\\\/www.laguiadepamplona.com\\\/actualidad\\\/#organization\"},\"potentialAction\":[{\"@type\":\"SearchAction\",\"target\":{\"@type\":\"EntryPoint\",\"urlTemplate\":\"https:\\\/\\\/www.laguiadepamplona.com\\\/actualidad\\\/?s={search_term_string}\"},\"query-input\":{\"@type\":\"PropertyValueSpecification\",\"valueRequired\":true,\"valueName\":\"search_term_string\"}}],\"inLanguage\":\"es\"},{\"@type\":\"Organization\",\"@id\":\"https:\\\/\\\/www.laguiadepamplona.com\\\/actualidad\\\/#organization\",\"name\":\"La Gu\u00eda de Pamplona \\\/ Noticias\",\"url\":\"https:\\\/\\\/www.laguiadepamplona.com\\\/actualidad\\\/\",\"logo\":{\"@type\":\"ImageObject\",\"inLanguage\":\"es\",\"@id\":\"https:\\\/\\\/www.laguiadepamplona.com\\\/actualidad\\\/#\\\/schema\\\/logo\\\/image\\\/\",\"url\":\"https:\\\/\\\/www.laguiadepamplona.com\\\/actualidad\\\/wp-content\\\/uploads\\\/2018\\\/11\\\/logo-laguiadepamplona18-web1.png\",\"contentUrl\":\"https:\\\/\\\/www.laguiadepamplona.com\\\/actualidad\\\/wp-content\\\/uploads\\\/2018\\\/11\\\/logo-laguiadepamplona18-web1.png\",\"width\":600,\"height\":196,\"caption\":\"La Gu\u00eda de Pamplona \\\/ Noticias\"},\"image\":{\"@id\":\"https:\\\/\\\/www.laguiadepamplona.com\\\/actualidad\\\/#\\\/schema\\\/logo\\\/image\\\/\"},\"sameAs\":[\"https:\\\/\\\/www.facebook.com\\\/laguiadepamplonacom-133175176762273\\\/?ref=hl\",\"https:\\\/\\\/x.com\\\/LaGuiadPamplona\",\"https:\\\/\\\/www.instagram.com\\\/la_guia_de_pamplona\\\/\",\"https:\\\/\\\/www.youtube.com\\\/user\\\/laguiadepamplona\"]},{\"@type\":\"Person\",\"@id\":\"https:\\\/\\\/www.laguiadepamplona.com\\\/actualidad\\\/#\\\/schema\\\/person\\\/efe887376f0213d4657c93adc50b1fdb\",\"name\":\"La Gu\u00eda de Pamplona\",\"image\":{\"@type\":\"ImageObject\",\"inLanguage\":\"es\",\"@id\":\"https:\\\/\\\/secure.gravatar.com\\\/avatar\\\/b6992f131dc8d30ab0dff15446e9d346d9dbd95992de0fef795073f5ea83a81c?s=96&d=mm&r=g\",\"url\":\"https:\\\/\\\/secure.gravatar.com\\\/avatar\\\/b6992f131dc8d30ab0dff15446e9d346d9dbd95992de0fef795073f5ea83a81c?s=96&d=mm&r=g\",\"contentUrl\":\"https:\\\/\\\/secure.gravatar.com\\\/avatar\\\/b6992f131dc8d30ab0dff15446e9d346d9dbd95992de0fef795073f5ea83a81c?s=96&d=mm&r=g\",\"caption\":\"La Gu\u00eda de Pamplona\"}}]}<\/script>\n<!-- \/ Yoast SEO plugin. -->","yoast_head_json":{"title":"El festival Otras Luces anima la Ciudadela con proyecciones de videoarte, instalaciones interactivas de luz, talleres creativos familiares y muestras art\u00edsticas","robots":{"index":"index","follow":"follow","max-snippet":"max-snippet:-1","max-image-preview":"max-image-preview:large","max-video-preview":"max-video-preview:-1"},"canonical":"https:\/\/www.laguiadepamplona.com\/actualidad\/el-festival-otras-luces-anima-la-ciudadela-con-proyecciones-de-videoarte-instalaciones-interactivas-de-luz-talleres-creativos-familiares-y-muestras-artisticas\/","og_locale":"es_ES","og_type":"article","og_title":"El festival Otras Luces anima la Ciudadela con proyecciones de videoarte, instalaciones interactivas de luz, talleres creativos familiares y muestras art\u00edsticas","og_description":"La s\u00e9ptima edici\u00f3n, del 16 de diciembre al 8 de enero, invita a la reflexi\u00f3n, el disfrute, el juego y las emociones a trav\u00e9s de actividades con entrada libre","og_url":"https:\/\/www.laguiadepamplona.com\/actualidad\/el-festival-otras-luces-anima-la-ciudadela-con-proyecciones-de-videoarte-instalaciones-interactivas-de-luz-talleres-creativos-familiares-y-muestras-artisticas\/","og_site_name":"La Gu\u00eda de Pamplona","article_publisher":"https:\/\/www.facebook.com\/laguiadepamplonacom-133175176762273\/?ref=hl","article_published_time":"2022-12-15T12:18:30+00:00","article_modified_time":"2023-04-11T09:47:28+00:00","og_image":[{"width":1200,"height":1200,"url":"https:\/\/www.laguiadepamplona.com\/actualidad\/wp-content\/uploads\/2022\/12\/OTRAS-LUCES-2022-rrss-1200x1200_2-copia.webp","type":"image\/webp"}],"author":"La Gu\u00eda de Pamplona","twitter_card":"summary_large_image","twitter_creator":"@LaGuiadPamplona","twitter_site":"@LaGuiadPamplona","twitter_misc":{"Escrito por":"La Gu\u00eda de Pamplona","Tiempo de lectura":"5 minutos"},"schema":{"@context":"https:\/\/schema.org","@graph":[{"@type":"Article","@id":"https:\/\/www.laguiadepamplona.com\/actualidad\/el-festival-otras-luces-anima-la-ciudadela-con-proyecciones-de-videoarte-instalaciones-interactivas-de-luz-talleres-creativos-familiares-y-muestras-artisticas\/#article","isPartOf":{"@id":"https:\/\/www.laguiadepamplona.com\/actualidad\/el-festival-otras-luces-anima-la-ciudadela-con-proyecciones-de-videoarte-instalaciones-interactivas-de-luz-talleres-creativos-familiares-y-muestras-artisticas\/"},"author":{"name":"La Gu\u00eda de Pamplona","@id":"https:\/\/www.laguiadepamplona.com\/actualidad\/#\/schema\/person\/efe887376f0213d4657c93adc50b1fdb"},"headline":"El festival Otras Luces anima la Ciudadela con proyecciones de videoarte, instalaciones interactivas de luz, talleres creativos familiares y muestras art\u00edsticas","datePublished":"2022-12-15T12:18:30+00:00","dateModified":"2023-04-11T09:47:28+00:00","mainEntityOfPage":{"@id":"https:\/\/www.laguiadepamplona.com\/actualidad\/el-festival-otras-luces-anima-la-ciudadela-con-proyecciones-de-videoarte-instalaciones-interactivas-de-luz-talleres-creativos-familiares-y-muestras-artisticas\/"},"wordCount":1088,"commentCount":0,"publisher":{"@id":"https:\/\/www.laguiadepamplona.com\/actualidad\/#organization"},"image":{"@id":"https:\/\/www.laguiadepamplona.com\/actualidad\/el-festival-otras-luces-anima-la-ciudadela-con-proyecciones-de-videoarte-instalaciones-interactivas-de-luz-talleres-creativos-familiares-y-muestras-artisticas\/#primaryimage"},"thumbnailUrl":"https:\/\/www.laguiadepamplona.com\/actualidad\/wp-content\/uploads\/2022\/12\/OTRAS-LUCES-2022-rrss-1200x1200_2-copia.webp","articleSection":["Ayto Pamplona"],"inLanguage":"es","potentialAction":[{"@type":"CommentAction","name":"Comment","target":["https:\/\/www.laguiadepamplona.com\/actualidad\/el-festival-otras-luces-anima-la-ciudadela-con-proyecciones-de-videoarte-instalaciones-interactivas-de-luz-talleres-creativos-familiares-y-muestras-artisticas\/#respond"]}]},{"@type":"WebPage","@id":"https:\/\/www.laguiadepamplona.com\/actualidad\/el-festival-otras-luces-anima-la-ciudadela-con-proyecciones-de-videoarte-instalaciones-interactivas-de-luz-talleres-creativos-familiares-y-muestras-artisticas\/","url":"https:\/\/www.laguiadepamplona.com\/actualidad\/el-festival-otras-luces-anima-la-ciudadela-con-proyecciones-de-videoarte-instalaciones-interactivas-de-luz-talleres-creativos-familiares-y-muestras-artisticas\/","name":"El festival Otras Luces anima la Ciudadela con proyecciones de videoarte, instalaciones interactivas de luz, talleres creativos familiares y muestras art\u00edsticas","isPartOf":{"@id":"https:\/\/www.laguiadepamplona.com\/actualidad\/#website"},"primaryImageOfPage":{"@id":"https:\/\/www.laguiadepamplona.com\/actualidad\/el-festival-otras-luces-anima-la-ciudadela-con-proyecciones-de-videoarte-instalaciones-interactivas-de-luz-talleres-creativos-familiares-y-muestras-artisticas\/#primaryimage"},"image":{"@id":"https:\/\/www.laguiadepamplona.com\/actualidad\/el-festival-otras-luces-anima-la-ciudadela-con-proyecciones-de-videoarte-instalaciones-interactivas-de-luz-talleres-creativos-familiares-y-muestras-artisticas\/#primaryimage"},"thumbnailUrl":"https:\/\/www.laguiadepamplona.com\/actualidad\/wp-content\/uploads\/2022\/12\/OTRAS-LUCES-2022-rrss-1200x1200_2-copia.webp","datePublished":"2022-12-15T12:18:30+00:00","dateModified":"2023-04-11T09:47:28+00:00","breadcrumb":{"@id":"https:\/\/www.laguiadepamplona.com\/actualidad\/el-festival-otras-luces-anima-la-ciudadela-con-proyecciones-de-videoarte-instalaciones-interactivas-de-luz-talleres-creativos-familiares-y-muestras-artisticas\/#breadcrumb"},"inLanguage":"es","potentialAction":[{"@type":"ReadAction","target":["https:\/\/www.laguiadepamplona.com\/actualidad\/el-festival-otras-luces-anima-la-ciudadela-con-proyecciones-de-videoarte-instalaciones-interactivas-de-luz-talleres-creativos-familiares-y-muestras-artisticas\/"]}]},{"@type":"ImageObject","inLanguage":"es","@id":"https:\/\/www.laguiadepamplona.com\/actualidad\/el-festival-otras-luces-anima-la-ciudadela-con-proyecciones-de-videoarte-instalaciones-interactivas-de-luz-talleres-creativos-familiares-y-muestras-artisticas\/#primaryimage","url":"https:\/\/www.laguiadepamplona.com\/actualidad\/wp-content\/uploads\/2022\/12\/OTRAS-LUCES-2022-rrss-1200x1200_2-copia.webp","contentUrl":"https:\/\/www.laguiadepamplona.com\/actualidad\/wp-content\/uploads\/2022\/12\/OTRAS-LUCES-2022-rrss-1200x1200_2-copia.webp","width":1200,"height":1200},{"@type":"BreadcrumbList","@id":"https:\/\/www.laguiadepamplona.com\/actualidad\/el-festival-otras-luces-anima-la-ciudadela-con-proyecciones-de-videoarte-instalaciones-interactivas-de-luz-talleres-creativos-familiares-y-muestras-artisticas\/#breadcrumb","itemListElement":[{"@type":"ListItem","position":1,"name":"Portada","item":"https:\/\/www.laguiadepamplona.com\/actualidad\/"},{"@type":"ListItem","position":2,"name":"El festival Otras Luces anima la Ciudadela con proyecciones de videoarte, instalaciones interactivas de luz, talleres creativos familiares y muestras art\u00edsticas"}]},{"@type":"WebSite","@id":"https:\/\/www.laguiadepamplona.com\/actualidad\/#website","url":"https:\/\/www.laguiadepamplona.com\/actualidad\/","name":"La gu\u00eda de Pamplona","description":"Noticias de Pamplona","publisher":{"@id":"https:\/\/www.laguiadepamplona.com\/actualidad\/#organization"},"potentialAction":[{"@type":"SearchAction","target":{"@type":"EntryPoint","urlTemplate":"https:\/\/www.laguiadepamplona.com\/actualidad\/?s={search_term_string}"},"query-input":{"@type":"PropertyValueSpecification","valueRequired":true,"valueName":"search_term_string"}}],"inLanguage":"es"},{"@type":"Organization","@id":"https:\/\/www.laguiadepamplona.com\/actualidad\/#organization","name":"La Gu\u00eda de Pamplona \/ Noticias","url":"https:\/\/www.laguiadepamplona.com\/actualidad\/","logo":{"@type":"ImageObject","inLanguage":"es","@id":"https:\/\/www.laguiadepamplona.com\/actualidad\/#\/schema\/logo\/image\/","url":"https:\/\/www.laguiadepamplona.com\/actualidad\/wp-content\/uploads\/2018\/11\/logo-laguiadepamplona18-web1.png","contentUrl":"https:\/\/www.laguiadepamplona.com\/actualidad\/wp-content\/uploads\/2018\/11\/logo-laguiadepamplona18-web1.png","width":600,"height":196,"caption":"La Gu\u00eda de Pamplona \/ Noticias"},"image":{"@id":"https:\/\/www.laguiadepamplona.com\/actualidad\/#\/schema\/logo\/image\/"},"sameAs":["https:\/\/www.facebook.com\/laguiadepamplonacom-133175176762273\/?ref=hl","https:\/\/x.com\/LaGuiadPamplona","https:\/\/www.instagram.com\/la_guia_de_pamplona\/","https:\/\/www.youtube.com\/user\/laguiadepamplona"]},{"@type":"Person","@id":"https:\/\/www.laguiadepamplona.com\/actualidad\/#\/schema\/person\/efe887376f0213d4657c93adc50b1fdb","name":"La Gu\u00eda de Pamplona","image":{"@type":"ImageObject","inLanguage":"es","@id":"https:\/\/secure.gravatar.com\/avatar\/b6992f131dc8d30ab0dff15446e9d346d9dbd95992de0fef795073f5ea83a81c?s=96&d=mm&r=g","url":"https:\/\/secure.gravatar.com\/avatar\/b6992f131dc8d30ab0dff15446e9d346d9dbd95992de0fef795073f5ea83a81c?s=96&d=mm&r=g","contentUrl":"https:\/\/secure.gravatar.com\/avatar\/b6992f131dc8d30ab0dff15446e9d346d9dbd95992de0fef795073f5ea83a81c?s=96&d=mm&r=g","caption":"La Gu\u00eda de Pamplona"}}]}},"post_mailing_queue_ids":[],"_links":{"self":[{"href":"https:\/\/www.laguiadepamplona.com\/actualidad\/wp-json\/wp\/v2\/posts\/42450","targetHints":{"allow":["GET"]}}],"collection":[{"href":"https:\/\/www.laguiadepamplona.com\/actualidad\/wp-json\/wp\/v2\/posts"}],"about":[{"href":"https:\/\/www.laguiadepamplona.com\/actualidad\/wp-json\/wp\/v2\/types\/post"}],"author":[{"embeddable":true,"href":"https:\/\/www.laguiadepamplona.com\/actualidad\/wp-json\/wp\/v2\/users\/1"}],"replies":[{"embeddable":true,"href":"https:\/\/www.laguiadepamplona.com\/actualidad\/wp-json\/wp\/v2\/comments?post=42450"}],"version-history":[{"count":0,"href":"https:\/\/www.laguiadepamplona.com\/actualidad\/wp-json\/wp\/v2\/posts\/42450\/revisions"}],"wp:featuredmedia":[{"embeddable":true,"href":"https:\/\/www.laguiadepamplona.com\/actualidad\/wp-json\/wp\/v2\/media\/42451"}],"wp:attachment":[{"href":"https:\/\/www.laguiadepamplona.com\/actualidad\/wp-json\/wp\/v2\/media?parent=42450"}],"wp:term":[{"taxonomy":"category","embeddable":true,"href":"https:\/\/www.laguiadepamplona.com\/actualidad\/wp-json\/wp\/v2\/categories?post=42450"},{"taxonomy":"post_tag","embeddable":true,"href":"https:\/\/www.laguiadepamplona.com\/actualidad\/wp-json\/wp\/v2\/tags?post=42450"}],"curies":[{"name":"wp","href":"https:\/\/api.w.org\/{rel}","templated":true}]}}