{"id":42443,"date":"2022-12-14T14:03:00","date_gmt":"2022-12-14T12:03:00","guid":{"rendered":"https:\/\/www.laguiadepamplona.com\/actualidad\/?p=42443"},"modified":"2023-04-11T11:47:28","modified_gmt":"2023-04-11T09:47:28","slug":"el-calendario-municipal-de-2023-se-repartira-de-forma-gratuita-los-dias-21-y-22-de-diciembre-en-catorce-espacios-publicos","status":"publish","type":"post","link":"https:\/\/www.laguiadepamplona.com\/actualidad\/el-calendario-municipal-de-2023-se-repartira-de-forma-gratuita-los-dias-21-y-22-de-diciembre-en-catorce-espacios-publicos\/","title":{"rendered":"El calendario municipal de 2023 se repartir\u00e1 de forma gratuita los d\u00edas 21 y 22 de diciembre en catorce espacios p\u00fablicos"},"content":{"rendered":"<h5>El Ayuntamiento ha editado 20.000 ejemplares, con fotograf\u00edas seleccionadas entre las presentadas al certamen Enfoca<\/h5>\n<p><!--more--><\/p>\n<p>El tradicional calendario que edita el Ayuntamiento de Pamplona se repartir\u00e1 en dependencias municipales, en la red Civivox, en la Casa de la Juventud y en varios centros comunitarios y asociaciones los d\u00edas 21 y 22 de diciembre. El Consistorio ha editado en esta ocasi\u00f3n 20.000 ejemplares, 3.500 m\u00e1s que el a\u00f1o pasado, dada la gran acogida que tiene. Cada persona podr\u00e1 recoger, como m\u00e1ximo, dos calendarios.<\/p>\n<p>El calendario est\u00e1 disponible en edici\u00f3n biling\u00fce en doble formato, castellano y euskera. Adem\u00e1s, el mismo mi\u00e9rcoles, d\u00eda 21, estar\u00e1 disponible para su descarga en la p\u00e1gina web municipal <a href=\"http:\/\/www.pamplona.es\" target=\"_blank\" rel=\"noopener\">www.pamplona.es<\/a>.<br \/>\n<script async src=\"\/\/pagead2.googlesyndication.com\/pagead\/js\/adsbygoogle.js\"><\/script><br \/>\n<!-- Noticias La Guia de Pamplona --><br \/>\n<ins class=\"adsbygoogle\"\nstyle=\"display:block\"\ndata-ad-client=\"ca-pub-6943679897239327\"\ndata-ad-slot=\"7048180777\"\ndata-ad-format=\"auto\"><\/ins><br \/>\n<script>\n(adsbygoogle = window.adsbygoogle || []).push({});\n<\/script><\/p>\n<p>En total, se han habilitado catorce espacios para el reparto de calendarios, que se har\u00e1 el mi\u00e9rcoles, d\u00eda 21, en horario de ma\u00f1ana, desde las 10 hasta las 14 horas, y el jueves, d\u00eda 22, en horario de tarde, de 17 a 20 horas. El primer d\u00eda, se podr\u00e1n retirar en la trasera de la Casa Consistorial (accediendo por la plaza de Santiago), en la sede de Cultura (en la calle Descalzos, 72), en la Casa de la Juventud, en los Civivox de San Jorge, Mendillorri, Iturrama, Ensanche y Jus la Rocha; tambi\u00e9n en el Centro Intergeneracional Santa Mar\u00eda la Real (en la calle Multiva Baja, 19), en los centros comunitarios de Etxabakoitz (Grupo Urdanoz, 1), Ermitaga\u00f1a (Bartolom\u00e9 de Carranza, 52) y Buztintxuri, y en la asociaci\u00f3n Besarkada (c\/ Monasterio de Tulebras, 1), que ha cedido su sede para la distribuci\u00f3n de los calendarios.<\/p>\n<p>Por su parte, el jueves, en horario de tarde, los calendarios podr\u00e1n solicitarse en la sede de Cultura (en la calle Descalzos, 72), en la Casa de la Juventud, en los Civivox de San Jorge, Mendillorri, Iturrama, Ensanche y Jus la Rocha, y en Salesianas (en la calle Cuenca de Pamplona, 24). En todos estos espacios, el reparto se realizar\u00e1 desde las cinco de la tarde hasta las ocho.<br \/>\n<script async src=\"\/\/pagead2.googlesyndication.com\/pagead\/js\/adsbygoogle.js\"><\/script><br \/>\n<!-- Noticias La Guia de Pamplona --><br \/>\n<ins class=\"adsbygoogle\"\nstyle=\"display:block\"\ndata-ad-client=\"ca-pub-6943679897239327\"\ndata-ad-slot=\"7048180777\"\ndata-ad-format=\"auto\"><\/ins><br \/>\n<script>\n(adsbygoogle = window.adsbygoogle || []).push({});\n<\/script><\/p>\n<p>El Ayuntamiento de Pamplona ha diversificado los espacios en los que se puede retirar el calendario, atendiendo a las sugerencias de la ciudadan\u00eda que ped\u00edan su reparto en los diferentes barrios de Pamplona. As\u00ed, de diez espacios habilitados en 2021, se ha pasado a 14 en esta edici\u00f3n. El reparto lo realizar\u00e1n miembros de la Asociaci\u00f3n Navarra para la Salud Mental (ANASAPS), que cumple este a\u00f1o 35 a\u00f1os.<\/p>\n<p>Como viene siendo habitual, el calendario municipal se ilustra con doce fotograf\u00edas seleccionadas entre las presentadas al concurso Enfoca Pamplona, que convoca el Ayuntamiento para premiar im\u00e1genes de la ciudad. Las im\u00e1genes se har\u00e1n p\u00fablicas el martes, d\u00eda 20, coincidiendo con la entrega de premios del concurso.<\/p>\n","protected":false},"excerpt":{"rendered":"<p>El Ayuntamiento ha editado 20.000 ejemplares, con fotograf\u00edas seleccionadas entre las presentadas al certamen Enfoca<\/p>\n","protected":false},"author":1,"featured_media":42444,"comment_status":"open","ping_status":"closed","sticky":false,"template":"","format":"standard","meta":{"footnotes":""},"categories":[2],"tags":[],"class_list":["post-42443","post","type-post","status-publish","format-standard","has-post-thumbnail","hentry","category-ayuntamiento-pamplona"],"yoast_head":"<!-- This site is optimized with the Yoast SEO plugin v27.3 - https:\/\/yoast.com\/product\/yoast-seo-wordpress\/ -->\n<title>El calendario municipal de 2023 se repartir\u00e1 de forma gratuita los d\u00edas 21 y 22 de diciembre en catorce espacios p\u00fablicos<\/title>\n<meta name=\"description\" content=\"El Ayuntamiento ha editado 20.000 ejemplares, con fotograf\u00edas seleccionadas entre las presentadas al certamen Enfoca\" \/>\n<meta name=\"robots\" content=\"index, follow, max-snippet:-1, max-image-preview:large, max-video-preview:-1\" \/>\n<link rel=\"canonical\" href=\"https:\/\/www.laguiadepamplona.com\/actualidad\/el-calendario-municipal-de-2023-se-repartira-de-forma-gratuita-los-dias-21-y-22-de-diciembre-en-catorce-espacios-publicos\/\" \/>\n<meta property=\"og:locale\" content=\"es_ES\" \/>\n<meta property=\"og:type\" content=\"article\" \/>\n<meta property=\"og:title\" content=\"El calendario municipal de 2023 se repartir\u00e1 de forma gratuita los d\u00edas 21 y 22 de diciembre en catorce espacios p\u00fablicos\" \/>\n<meta property=\"og:description\" content=\"El Ayuntamiento ha editado 20.000 ejemplares, con fotograf\u00edas seleccionadas entre las presentadas al certamen Enfoca\" \/>\n<meta property=\"og:url\" content=\"https:\/\/www.laguiadepamplona.com\/actualidad\/el-calendario-municipal-de-2023-se-repartira-de-forma-gratuita-los-dias-21-y-22-de-diciembre-en-catorce-espacios-publicos\/\" \/>\n<meta property=\"og:site_name\" content=\"La Gu\u00eda de Pamplona\" \/>\n<meta property=\"article:publisher\" content=\"https:\/\/www.facebook.com\/laguiadepamplonacom-133175176762273\/?ref=hl\" \/>\n<meta property=\"article:published_time\" content=\"2022-12-14T12:03:00+00:00\" \/>\n<meta property=\"article:modified_time\" content=\"2023-04-11T09:47:28+00:00\" \/>\n<meta property=\"og:image\" content=\"https:\/\/www.laguiadepamplona.com\/actualidad\/wp-content\/uploads\/2022\/12\/00-CALENDARIO-MUNICIPAL-2023-CS-V401.webp\" \/>\n\t<meta property=\"og:image:width\" content=\"1191\" \/>\n\t<meta property=\"og:image:height\" content=\"842\" \/>\n\t<meta property=\"og:image:type\" content=\"image\/webp\" \/>\n<meta name=\"author\" content=\"La Gu\u00eda de Pamplona\" \/>\n<meta name=\"twitter:card\" content=\"summary_large_image\" \/>\n<meta name=\"twitter:creator\" content=\"@LaGuiadPamplona\" \/>\n<meta name=\"twitter:site\" content=\"@LaGuiadPamplona\" \/>\n<meta name=\"twitter:label1\" content=\"Escrito por\" \/>\n\t<meta name=\"twitter:data1\" content=\"La Gu\u00eda de Pamplona\" \/>\n\t<meta name=\"twitter:label2\" content=\"Tiempo de lectura\" \/>\n\t<meta name=\"twitter:data2\" content=\"3 minutos\" \/>\n<script type=\"application\/ld+json\" class=\"yoast-schema-graph\">{\"@context\":\"https:\\\/\\\/schema.org\",\"@graph\":[{\"@type\":\"Article\",\"@id\":\"https:\\\/\\\/www.laguiadepamplona.com\\\/actualidad\\\/el-calendario-municipal-de-2023-se-repartira-de-forma-gratuita-los-dias-21-y-22-de-diciembre-en-catorce-espacios-publicos\\\/#article\",\"isPartOf\":{\"@id\":\"https:\\\/\\\/www.laguiadepamplona.com\\\/actualidad\\\/el-calendario-municipal-de-2023-se-repartira-de-forma-gratuita-los-dias-21-y-22-de-diciembre-en-catorce-espacios-publicos\\\/\"},\"author\":{\"name\":\"La Gu\u00eda de Pamplona\",\"@id\":\"https:\\\/\\\/www.laguiadepamplona.com\\\/actualidad\\\/#\\\/schema\\\/person\\\/efe887376f0213d4657c93adc50b1fdb\"},\"headline\":\"El calendario municipal de 2023 se repartir\u00e1 de forma gratuita los d\u00edas 21 y 22 de diciembre en catorce espacios p\u00fablicos\",\"datePublished\":\"2022-12-14T12:03:00+00:00\",\"dateModified\":\"2023-04-11T09:47:28+00:00\",\"mainEntityOfPage\":{\"@id\":\"https:\\\/\\\/www.laguiadepamplona.com\\\/actualidad\\\/el-calendario-municipal-de-2023-se-repartira-de-forma-gratuita-los-dias-21-y-22-de-diciembre-en-catorce-espacios-publicos\\\/\"},\"wordCount\":476,\"commentCount\":0,\"publisher\":{\"@id\":\"https:\\\/\\\/www.laguiadepamplona.com\\\/actualidad\\\/#organization\"},\"image\":{\"@id\":\"https:\\\/\\\/www.laguiadepamplona.com\\\/actualidad\\\/el-calendario-municipal-de-2023-se-repartira-de-forma-gratuita-los-dias-21-y-22-de-diciembre-en-catorce-espacios-publicos\\\/#primaryimage\"},\"thumbnailUrl\":\"https:\\\/\\\/www.laguiadepamplona.com\\\/actualidad\\\/wp-content\\\/uploads\\\/2022\\\/12\\\/00-CALENDARIO-MUNICIPAL-2023-CS-V401.webp\",\"articleSection\":[\"Ayto Pamplona\"],\"inLanguage\":\"es\",\"potentialAction\":[{\"@type\":\"CommentAction\",\"name\":\"Comment\",\"target\":[\"https:\\\/\\\/www.laguiadepamplona.com\\\/actualidad\\\/el-calendario-municipal-de-2023-se-repartira-de-forma-gratuita-los-dias-21-y-22-de-diciembre-en-catorce-espacios-publicos\\\/#respond\"]}]},{\"@type\":\"WebPage\",\"@id\":\"https:\\\/\\\/www.laguiadepamplona.com\\\/actualidad\\\/el-calendario-municipal-de-2023-se-repartira-de-forma-gratuita-los-dias-21-y-22-de-diciembre-en-catorce-espacios-publicos\\\/\",\"url\":\"https:\\\/\\\/www.laguiadepamplona.com\\\/actualidad\\\/el-calendario-municipal-de-2023-se-repartira-de-forma-gratuita-los-dias-21-y-22-de-diciembre-en-catorce-espacios-publicos\\\/\",\"name\":\"El calendario municipal de 2023 se repartir\u00e1 de forma gratuita los d\u00edas 21 y 22 de diciembre en catorce espacios p\u00fablicos\",\"isPartOf\":{\"@id\":\"https:\\\/\\\/www.laguiadepamplona.com\\\/actualidad\\\/#website\"},\"primaryImageOfPage\":{\"@id\":\"https:\\\/\\\/www.laguiadepamplona.com\\\/actualidad\\\/el-calendario-municipal-de-2023-se-repartira-de-forma-gratuita-los-dias-21-y-22-de-diciembre-en-catorce-espacios-publicos\\\/#primaryimage\"},\"image\":{\"@id\":\"https:\\\/\\\/www.laguiadepamplona.com\\\/actualidad\\\/el-calendario-municipal-de-2023-se-repartira-de-forma-gratuita-los-dias-21-y-22-de-diciembre-en-catorce-espacios-publicos\\\/#primaryimage\"},\"thumbnailUrl\":\"https:\\\/\\\/www.laguiadepamplona.com\\\/actualidad\\\/wp-content\\\/uploads\\\/2022\\\/12\\\/00-CALENDARIO-MUNICIPAL-2023-CS-V401.webp\",\"datePublished\":\"2022-12-14T12:03:00+00:00\",\"dateModified\":\"2023-04-11T09:47:28+00:00\",\"description\":\"El Ayuntamiento ha editado 20.000 ejemplares, con fotograf\u00edas seleccionadas entre las presentadas al certamen Enfoca\",\"breadcrumb\":{\"@id\":\"https:\\\/\\\/www.laguiadepamplona.com\\\/actualidad\\\/el-calendario-municipal-de-2023-se-repartira-de-forma-gratuita-los-dias-21-y-22-de-diciembre-en-catorce-espacios-publicos\\\/#breadcrumb\"},\"inLanguage\":\"es\",\"potentialAction\":[{\"@type\":\"ReadAction\",\"target\":[\"https:\\\/\\\/www.laguiadepamplona.com\\\/actualidad\\\/el-calendario-municipal-de-2023-se-repartira-de-forma-gratuita-los-dias-21-y-22-de-diciembre-en-catorce-espacios-publicos\\\/\"]}]},{\"@type\":\"ImageObject\",\"inLanguage\":\"es\",\"@id\":\"https:\\\/\\\/www.laguiadepamplona.com\\\/actualidad\\\/el-calendario-municipal-de-2023-se-repartira-de-forma-gratuita-los-dias-21-y-22-de-diciembre-en-catorce-espacios-publicos\\\/#primaryimage\",\"url\":\"https:\\\/\\\/www.laguiadepamplona.com\\\/actualidad\\\/wp-content\\\/uploads\\\/2022\\\/12\\\/00-CALENDARIO-MUNICIPAL-2023-CS-V401.webp\",\"contentUrl\":\"https:\\\/\\\/www.laguiadepamplona.com\\\/actualidad\\\/wp-content\\\/uploads\\\/2022\\\/12\\\/00-CALENDARIO-MUNICIPAL-2023-CS-V401.webp\",\"width\":1191,\"height\":842},{\"@type\":\"BreadcrumbList\",\"@id\":\"https:\\\/\\\/www.laguiadepamplona.com\\\/actualidad\\\/el-calendario-municipal-de-2023-se-repartira-de-forma-gratuita-los-dias-21-y-22-de-diciembre-en-catorce-espacios-publicos\\\/#breadcrumb\",\"itemListElement\":[{\"@type\":\"ListItem\",\"position\":1,\"name\":\"Portada\",\"item\":\"https:\\\/\\\/www.laguiadepamplona.com\\\/actualidad\\\/\"},{\"@type\":\"ListItem\",\"position\":2,\"name\":\"El calendario municipal de 2023 se repartir\u00e1 de forma gratuita los d\u00edas 21 y 22 de diciembre en catorce espacios p\u00fablicos\"}]},{\"@type\":\"WebSite\",\"@id\":\"https:\\\/\\\/www.laguiadepamplona.com\\\/actualidad\\\/#website\",\"url\":\"https:\\\/\\\/www.laguiadepamplona.com\\\/actualidad\\\/\",\"name\":\"La gu\u00eda de Pamplona\",\"description\":\"Noticias de Pamplona\",\"publisher\":{\"@id\":\"https:\\\/\\\/www.laguiadepamplona.com\\\/actualidad\\\/#organization\"},\"potentialAction\":[{\"@type\":\"SearchAction\",\"target\":{\"@type\":\"EntryPoint\",\"urlTemplate\":\"https:\\\/\\\/www.laguiadepamplona.com\\\/actualidad\\\/?s={search_term_string}\"},\"query-input\":{\"@type\":\"PropertyValueSpecification\",\"valueRequired\":true,\"valueName\":\"search_term_string\"}}],\"inLanguage\":\"es\"},{\"@type\":\"Organization\",\"@id\":\"https:\\\/\\\/www.laguiadepamplona.com\\\/actualidad\\\/#organization\",\"name\":\"La Gu\u00eda de Pamplona \\\/ Noticias\",\"url\":\"https:\\\/\\\/www.laguiadepamplona.com\\\/actualidad\\\/\",\"logo\":{\"@type\":\"ImageObject\",\"inLanguage\":\"es\",\"@id\":\"https:\\\/\\\/www.laguiadepamplona.com\\\/actualidad\\\/#\\\/schema\\\/logo\\\/image\\\/\",\"url\":\"https:\\\/\\\/www.laguiadepamplona.com\\\/actualidad\\\/wp-content\\\/uploads\\\/2018\\\/11\\\/logo-laguiadepamplona18-web1.png\",\"contentUrl\":\"https:\\\/\\\/www.laguiadepamplona.com\\\/actualidad\\\/wp-content\\\/uploads\\\/2018\\\/11\\\/logo-laguiadepamplona18-web1.png\",\"width\":600,\"height\":196,\"caption\":\"La Gu\u00eda de Pamplona \\\/ Noticias\"},\"image\":{\"@id\":\"https:\\\/\\\/www.laguiadepamplona.com\\\/actualidad\\\/#\\\/schema\\\/logo\\\/image\\\/\"},\"sameAs\":[\"https:\\\/\\\/www.facebook.com\\\/laguiadepamplonacom-133175176762273\\\/?ref=hl\",\"https:\\\/\\\/x.com\\\/LaGuiadPamplona\",\"https:\\\/\\\/www.instagram.com\\\/la_guia_de_pamplona\\\/\",\"https:\\\/\\\/www.youtube.com\\\/user\\\/laguiadepamplona\"]},{\"@type\":\"Person\",\"@id\":\"https:\\\/\\\/www.laguiadepamplona.com\\\/actualidad\\\/#\\\/schema\\\/person\\\/efe887376f0213d4657c93adc50b1fdb\",\"name\":\"La Gu\u00eda de Pamplona\",\"image\":{\"@type\":\"ImageObject\",\"inLanguage\":\"es\",\"@id\":\"https:\\\/\\\/secure.gravatar.com\\\/avatar\\\/b6992f131dc8d30ab0dff15446e9d346d9dbd95992de0fef795073f5ea83a81c?s=96&d=mm&r=g\",\"url\":\"https:\\\/\\\/secure.gravatar.com\\\/avatar\\\/b6992f131dc8d30ab0dff15446e9d346d9dbd95992de0fef795073f5ea83a81c?s=96&d=mm&r=g\",\"contentUrl\":\"https:\\\/\\\/secure.gravatar.com\\\/avatar\\\/b6992f131dc8d30ab0dff15446e9d346d9dbd95992de0fef795073f5ea83a81c?s=96&d=mm&r=g\",\"caption\":\"La Gu\u00eda de Pamplona\"}}]}<\/script>\n<!-- \/ Yoast SEO plugin. -->","yoast_head_json":{"title":"El calendario municipal de 2023 se repartir\u00e1 de forma gratuita los d\u00edas 21 y 22 de diciembre en catorce espacios p\u00fablicos","description":"El Ayuntamiento ha editado 20.000 ejemplares, con fotograf\u00edas seleccionadas entre las presentadas al certamen Enfoca","robots":{"index":"index","follow":"follow","max-snippet":"max-snippet:-1","max-image-preview":"max-image-preview:large","max-video-preview":"max-video-preview:-1"},"canonical":"https:\/\/www.laguiadepamplona.com\/actualidad\/el-calendario-municipal-de-2023-se-repartira-de-forma-gratuita-los-dias-21-y-22-de-diciembre-en-catorce-espacios-publicos\/","og_locale":"es_ES","og_type":"article","og_title":"El calendario municipal de 2023 se repartir\u00e1 de forma gratuita los d\u00edas 21 y 22 de diciembre en catorce espacios p\u00fablicos","og_description":"El Ayuntamiento ha editado 20.000 ejemplares, con fotograf\u00edas seleccionadas entre las presentadas al certamen Enfoca","og_url":"https:\/\/www.laguiadepamplona.com\/actualidad\/el-calendario-municipal-de-2023-se-repartira-de-forma-gratuita-los-dias-21-y-22-de-diciembre-en-catorce-espacios-publicos\/","og_site_name":"La Gu\u00eda de Pamplona","article_publisher":"https:\/\/www.facebook.com\/laguiadepamplonacom-133175176762273\/?ref=hl","article_published_time":"2022-12-14T12:03:00+00:00","article_modified_time":"2023-04-11T09:47:28+00:00","og_image":[{"width":1191,"height":842,"url":"https:\/\/www.laguiadepamplona.com\/actualidad\/wp-content\/uploads\/2022\/12\/00-CALENDARIO-MUNICIPAL-2023-CS-V401.webp","type":"image\/webp"}],"author":"La Gu\u00eda de Pamplona","twitter_card":"summary_large_image","twitter_creator":"@LaGuiadPamplona","twitter_site":"@LaGuiadPamplona","twitter_misc":{"Escrito por":"La Gu\u00eda de Pamplona","Tiempo de lectura":"3 minutos"},"schema":{"@context":"https:\/\/schema.org","@graph":[{"@type":"Article","@id":"https:\/\/www.laguiadepamplona.com\/actualidad\/el-calendario-municipal-de-2023-se-repartira-de-forma-gratuita-los-dias-21-y-22-de-diciembre-en-catorce-espacios-publicos\/#article","isPartOf":{"@id":"https:\/\/www.laguiadepamplona.com\/actualidad\/el-calendario-municipal-de-2023-se-repartira-de-forma-gratuita-los-dias-21-y-22-de-diciembre-en-catorce-espacios-publicos\/"},"author":{"name":"La Gu\u00eda de Pamplona","@id":"https:\/\/www.laguiadepamplona.com\/actualidad\/#\/schema\/person\/efe887376f0213d4657c93adc50b1fdb"},"headline":"El calendario municipal de 2023 se repartir\u00e1 de forma gratuita los d\u00edas 21 y 22 de diciembre en catorce espacios p\u00fablicos","datePublished":"2022-12-14T12:03:00+00:00","dateModified":"2023-04-11T09:47:28+00:00","mainEntityOfPage":{"@id":"https:\/\/www.laguiadepamplona.com\/actualidad\/el-calendario-municipal-de-2023-se-repartira-de-forma-gratuita-los-dias-21-y-22-de-diciembre-en-catorce-espacios-publicos\/"},"wordCount":476,"commentCount":0,"publisher":{"@id":"https:\/\/www.laguiadepamplona.com\/actualidad\/#organization"},"image":{"@id":"https:\/\/www.laguiadepamplona.com\/actualidad\/el-calendario-municipal-de-2023-se-repartira-de-forma-gratuita-los-dias-21-y-22-de-diciembre-en-catorce-espacios-publicos\/#primaryimage"},"thumbnailUrl":"https:\/\/www.laguiadepamplona.com\/actualidad\/wp-content\/uploads\/2022\/12\/00-CALENDARIO-MUNICIPAL-2023-CS-V401.webp","articleSection":["Ayto Pamplona"],"inLanguage":"es","potentialAction":[{"@type":"CommentAction","name":"Comment","target":["https:\/\/www.laguiadepamplona.com\/actualidad\/el-calendario-municipal-de-2023-se-repartira-de-forma-gratuita-los-dias-21-y-22-de-diciembre-en-catorce-espacios-publicos\/#respond"]}]},{"@type":"WebPage","@id":"https:\/\/www.laguiadepamplona.com\/actualidad\/el-calendario-municipal-de-2023-se-repartira-de-forma-gratuita-los-dias-21-y-22-de-diciembre-en-catorce-espacios-publicos\/","url":"https:\/\/www.laguiadepamplona.com\/actualidad\/el-calendario-municipal-de-2023-se-repartira-de-forma-gratuita-los-dias-21-y-22-de-diciembre-en-catorce-espacios-publicos\/","name":"El calendario municipal de 2023 se repartir\u00e1 de forma gratuita los d\u00edas 21 y 22 de diciembre en catorce espacios p\u00fablicos","isPartOf":{"@id":"https:\/\/www.laguiadepamplona.com\/actualidad\/#website"},"primaryImageOfPage":{"@id":"https:\/\/www.laguiadepamplona.com\/actualidad\/el-calendario-municipal-de-2023-se-repartira-de-forma-gratuita-los-dias-21-y-22-de-diciembre-en-catorce-espacios-publicos\/#primaryimage"},"image":{"@id":"https:\/\/www.laguiadepamplona.com\/actualidad\/el-calendario-municipal-de-2023-se-repartira-de-forma-gratuita-los-dias-21-y-22-de-diciembre-en-catorce-espacios-publicos\/#primaryimage"},"thumbnailUrl":"https:\/\/www.laguiadepamplona.com\/actualidad\/wp-content\/uploads\/2022\/12\/00-CALENDARIO-MUNICIPAL-2023-CS-V401.webp","datePublished":"2022-12-14T12:03:00+00:00","dateModified":"2023-04-11T09:47:28+00:00","description":"El Ayuntamiento ha editado 20.000 ejemplares, con fotograf\u00edas seleccionadas entre las presentadas al certamen Enfoca","breadcrumb":{"@id":"https:\/\/www.laguiadepamplona.com\/actualidad\/el-calendario-municipal-de-2023-se-repartira-de-forma-gratuita-los-dias-21-y-22-de-diciembre-en-catorce-espacios-publicos\/#breadcrumb"},"inLanguage":"es","potentialAction":[{"@type":"ReadAction","target":["https:\/\/www.laguiadepamplona.com\/actualidad\/el-calendario-municipal-de-2023-se-repartira-de-forma-gratuita-los-dias-21-y-22-de-diciembre-en-catorce-espacios-publicos\/"]}]},{"@type":"ImageObject","inLanguage":"es","@id":"https:\/\/www.laguiadepamplona.com\/actualidad\/el-calendario-municipal-de-2023-se-repartira-de-forma-gratuita-los-dias-21-y-22-de-diciembre-en-catorce-espacios-publicos\/#primaryimage","url":"https:\/\/www.laguiadepamplona.com\/actualidad\/wp-content\/uploads\/2022\/12\/00-CALENDARIO-MUNICIPAL-2023-CS-V401.webp","contentUrl":"https:\/\/www.laguiadepamplona.com\/actualidad\/wp-content\/uploads\/2022\/12\/00-CALENDARIO-MUNICIPAL-2023-CS-V401.webp","width":1191,"height":842},{"@type":"BreadcrumbList","@id":"https:\/\/www.laguiadepamplona.com\/actualidad\/el-calendario-municipal-de-2023-se-repartira-de-forma-gratuita-los-dias-21-y-22-de-diciembre-en-catorce-espacios-publicos\/#breadcrumb","itemListElement":[{"@type":"ListItem","position":1,"name":"Portada","item":"https:\/\/www.laguiadepamplona.com\/actualidad\/"},{"@type":"ListItem","position":2,"name":"El calendario municipal de 2023 se repartir\u00e1 de forma gratuita los d\u00edas 21 y 22 de diciembre en catorce espacios p\u00fablicos"}]},{"@type":"WebSite","@id":"https:\/\/www.laguiadepamplona.com\/actualidad\/#website","url":"https:\/\/www.laguiadepamplona.com\/actualidad\/","name":"La gu\u00eda de Pamplona","description":"Noticias de Pamplona","publisher":{"@id":"https:\/\/www.laguiadepamplona.com\/actualidad\/#organization"},"potentialAction":[{"@type":"SearchAction","target":{"@type":"EntryPoint","urlTemplate":"https:\/\/www.laguiadepamplona.com\/actualidad\/?s={search_term_string}"},"query-input":{"@type":"PropertyValueSpecification","valueRequired":true,"valueName":"search_term_string"}}],"inLanguage":"es"},{"@type":"Organization","@id":"https:\/\/www.laguiadepamplona.com\/actualidad\/#organization","name":"La Gu\u00eda de Pamplona \/ Noticias","url":"https:\/\/www.laguiadepamplona.com\/actualidad\/","logo":{"@type":"ImageObject","inLanguage":"es","@id":"https:\/\/www.laguiadepamplona.com\/actualidad\/#\/schema\/logo\/image\/","url":"https:\/\/www.laguiadepamplona.com\/actualidad\/wp-content\/uploads\/2018\/11\/logo-laguiadepamplona18-web1.png","contentUrl":"https:\/\/www.laguiadepamplona.com\/actualidad\/wp-content\/uploads\/2018\/11\/logo-laguiadepamplona18-web1.png","width":600,"height":196,"caption":"La Gu\u00eda de Pamplona \/ Noticias"},"image":{"@id":"https:\/\/www.laguiadepamplona.com\/actualidad\/#\/schema\/logo\/image\/"},"sameAs":["https:\/\/www.facebook.com\/laguiadepamplonacom-133175176762273\/?ref=hl","https:\/\/x.com\/LaGuiadPamplona","https:\/\/www.instagram.com\/la_guia_de_pamplona\/","https:\/\/www.youtube.com\/user\/laguiadepamplona"]},{"@type":"Person","@id":"https:\/\/www.laguiadepamplona.com\/actualidad\/#\/schema\/person\/efe887376f0213d4657c93adc50b1fdb","name":"La Gu\u00eda de Pamplona","image":{"@type":"ImageObject","inLanguage":"es","@id":"https:\/\/secure.gravatar.com\/avatar\/b6992f131dc8d30ab0dff15446e9d346d9dbd95992de0fef795073f5ea83a81c?s=96&d=mm&r=g","url":"https:\/\/secure.gravatar.com\/avatar\/b6992f131dc8d30ab0dff15446e9d346d9dbd95992de0fef795073f5ea83a81c?s=96&d=mm&r=g","contentUrl":"https:\/\/secure.gravatar.com\/avatar\/b6992f131dc8d30ab0dff15446e9d346d9dbd95992de0fef795073f5ea83a81c?s=96&d=mm&r=g","caption":"La Gu\u00eda de Pamplona"}}]}},"post_mailing_queue_ids":[],"_links":{"self":[{"href":"https:\/\/www.laguiadepamplona.com\/actualidad\/wp-json\/wp\/v2\/posts\/42443","targetHints":{"allow":["GET"]}}],"collection":[{"href":"https:\/\/www.laguiadepamplona.com\/actualidad\/wp-json\/wp\/v2\/posts"}],"about":[{"href":"https:\/\/www.laguiadepamplona.com\/actualidad\/wp-json\/wp\/v2\/types\/post"}],"author":[{"embeddable":true,"href":"https:\/\/www.laguiadepamplona.com\/actualidad\/wp-json\/wp\/v2\/users\/1"}],"replies":[{"embeddable":true,"href":"https:\/\/www.laguiadepamplona.com\/actualidad\/wp-json\/wp\/v2\/comments?post=42443"}],"version-history":[{"count":0,"href":"https:\/\/www.laguiadepamplona.com\/actualidad\/wp-json\/wp\/v2\/posts\/42443\/revisions"}],"wp:featuredmedia":[{"embeddable":true,"href":"https:\/\/www.laguiadepamplona.com\/actualidad\/wp-json\/wp\/v2\/media\/42444"}],"wp:attachment":[{"href":"https:\/\/www.laguiadepamplona.com\/actualidad\/wp-json\/wp\/v2\/media?parent=42443"}],"wp:term":[{"taxonomy":"category","embeddable":true,"href":"https:\/\/www.laguiadepamplona.com\/actualidad\/wp-json\/wp\/v2\/categories?post=42443"},{"taxonomy":"post_tag","embeddable":true,"href":"https:\/\/www.laguiadepamplona.com\/actualidad\/wp-json\/wp\/v2\/tags?post=42443"}],"curies":[{"name":"wp","href":"https:\/\/api.w.org\/{rel}","templated":true}]}}