{"id":42439,"date":"2022-12-14T13:18:54","date_gmt":"2022-12-14T11:18:54","guid":{"rendered":"https:\/\/www.laguiadepamplona.com\/actualidad\/?p=42439"},"modified":"2023-04-11T11:47:28","modified_gmt":"2023-04-11T09:47:28","slug":"el-pregon-de-navidad-reconocera-la-labor-realizada-por-el-colegio-oficial-de-enfermeras-y-la-fundacion-enfermeras-de-navarra-con-las-victimas-de-la-guerra-de-ucrania","status":"publish","type":"post","link":"https:\/\/www.laguiadepamplona.com\/actualidad\/el-pregon-de-navidad-reconocera-la-labor-realizada-por-el-colegio-oficial-de-enfermeras-y-la-fundacion-enfermeras-de-navarra-con-las-victimas-de-la-guerra-de-ucrania\/","title":{"rendered":"El preg\u00f3n de Navidad reconocer\u00e1 la labor realizada por el Colegio Oficial de Enfermeras y la Fundaci\u00f3n Enfermeras de Navarra con las v\u00edctimas de la guerra de Ucrania"},"content":{"rendered":"<h5>Isabel Iturrioz, presidenta de la FEN y del Colegio Oficial de Enfermeras, leer\u00e1 el preg\u00f3n en la Plaza Consistorial este viernes a las 19.30 horas<\/h5>\n<p><!--more--><\/p>\n<p>El Colegio Oficial de Enfermeras de Navarra ser\u00e1 la entidad encargada de leer el preg\u00f3n navide\u00f1o del pr\u00f3ximo viernes en la Plaza Consistorial. Su presidenta, Isabel Iturrioz N\u00fa\u00f1ez, ha sido la elegida para dar inicio a la Navidad en Pamplona como reconocimiento a la labor solidaria, humanitaria y profesional que el colegio ha realizado a trav\u00e9s de la Fundaci\u00f3n Enfermeras de Navarra durante este a\u00f1o 2022 con las v\u00edctimas de la guerra de Ucrania.<\/p>\n<p>El acto tendr\u00e1 lugar a partir de las 19.30 horas en la Plaza Consistorial y se podr\u00e1 seguir en directo por internet, a trav\u00e9s de la web municipal <a href=\"http:\/\/www.pamplona.es\" target=\"_blank\" rel=\"noopener\">www.pamplona.es<\/a>, del canal de Youtube en el enlace <a href=\"https:\/\/youtube.com\/live\/Q0G-2P2hAgE\" target=\"_blank\" rel=\"noopener\">https:\/\/youtube.com\/live\/Q0G-2P2hAgE<\/a> y del perfil de Facebook del Ayuntamiento de Pamplona. Junto a la lectura del preg\u00f3n, el acto tendr\u00e1 tambi\u00e9n su parte musical y estar\u00e1 amenizado por Los pastores de Bel\u00e9n y el Coro Infantil del Orfe\u00f3n Pamplon\u00e9s, que interpretar\u00e1n villancicos y canciones populares propias de esta \u00e9poca navide\u00f1a. En caso de lluvia, la lectura del preg\u00f3n navide\u00f1o se trasladar\u00e1 al patio del Palacio del Condestable.<br \/>\n<script async src=\"\/\/pagead2.googlesyndication.com\/pagead\/js\/adsbygoogle.js\"><\/script><br \/>\n<!-- Noticias La Guia de Pamplona --><br \/>\n<ins class=\"adsbygoogle\"\nstyle=\"display:block\"\ndata-ad-client=\"ca-pub-6943679897239327\"\ndata-ad-slot=\"7048180777\"\ndata-ad-format=\"auto\"><\/ins><br \/>\n<script>\n(adsbygoogle = window.adsbygoogle || []).push({});\n<\/script><\/p>\n<p>La designaci\u00f3n de la Fundaci\u00f3n Enfermeras de Navarra quiere servir como homenaje tambi\u00e9n a toda la solidaridad y el apoyo generados al pueblo ucraniano en Pamplona en estos \u00faltimos meses. La guerra llev\u00f3 a la FEN a poner en marcha en el mes de marzo \u2018Nuestro armario\u2019, un punto de entrega de ropa para personas refugiadas en una sala del Colegio de Enfermeras. En este tiempo se han recogido m\u00e1s de 10.000 prendas y calzado, que han sido entregados a m\u00e1s de 2.500 personas refugiadas. 17 personas han colaborado como voluntarias para mantener atendido es punto, m\u00e1s de 60 personas han donado directamente material, junto a una decena aproximada de asociaciones y entidades.<\/p>\n<p>La FEN ha gestionado el env\u00edo de dos veh\u00edculos para la evacuaci\u00f3n de personas heridas y de 120 toneladas de ayuda humanitaria, esencialmente comida, ropa de abrigo y material sanitario. Adem\u00e1s, han abierto en Ucrania un alojamiento, gracias a su proyecto \u2018Nash Dim \/ Nuestro hogar\u2019, para un centenar de mujeres, ni\u00f1os y ni\u00f1as desplazadas de las zonas ocupadas. Una cena solidaria o la exposici\u00f3n \u2018Artistas en la guerra\u2019 en Condestable sirvieron para recaudar fondos. La FEN acompa\u00f1\u00f3 tambi\u00e9n en el traslado (ida y vuelta) y los cuidados postoperatorios a tres heridos de guerra tratados en Pamplona.<br \/>\n<script async src=\"\/\/pagead2.googlesyndication.com\/pagead\/js\/adsbygoogle.js\"><\/script><br \/>\n<!-- Noticias La Guia de Pamplona --><br \/>\n<ins class=\"adsbygoogle\"\nstyle=\"display:block\"\ndata-ad-client=\"ca-pub-6943679897239327\"\ndata-ad-slot=\"7048180777\"\ndata-ad-format=\"auto\"><\/ins><br \/>\n<script>\n(adsbygoogle = window.adsbygoogle || []).push({});\n<\/script><\/p>\n<p><strong>Dos viajes a Ucrania por motivos solidarios<\/strong><\/p>\n<p>La propia Isabel Iturrioz, como miembro de la Fundaci\u00f3n Enfermeras de Navarra, adem\u00e1s del trabajo como voluntaria en Pamplona desde el inicio de la guerra, ha viajado en dos ocasiones a Ucrania. La primera, en el mes de agosto, ten\u00eda como objetivo poner en marcha el proyecto \u2018Nash Dim\u2019 y la segunda, en noviembre, estaba centrada en el acompa\u00f1amiento a uno de los tres heridos de guerra que han intervenidos y han pasado su convalecencia en Navarra. Isabel Iturrioz compagina la presidencia de la FEN y del Colegio Oficial de Enfermeras con su trabajo como enfermera en el Servicio de Calidad de la Cl\u00ednica Universidad de Navarra.<\/p>\n<p>Desde la FEN agradecen tambi\u00e9n la movilizaci\u00f3n de decenas de empresas navarras y de cientos de pamploneses y pamplonesas que han realizado aportaciones econ\u00f3micas, donaciones de material o se han involucrado en alguno de los proyectos que la Fundaci\u00f3n ha emprendido para las v\u00edctimas de la guerra de Ucrania.<\/p>\n","protected":false},"excerpt":{"rendered":"<p>Isabel Iturrioz, presidenta de la FEN y del Colegio Oficial de Enfermeras, leer\u00e1 el preg\u00f3n en la Plaza Consistorial este viernes a las 19.30 horas<\/p>\n","protected":false},"author":1,"featured_media":42440,"comment_status":"open","ping_status":"closed","sticky":false,"template":"","format":"standard","meta":{"footnotes":""},"categories":[2],"tags":[],"class_list":["post-42439","post","type-post","status-publish","format-standard","has-post-thumbnail","hentry","category-ayuntamiento-pamplona"],"yoast_head":"<!-- This site is optimized with the Yoast SEO plugin v27.3 - https:\/\/yoast.com\/product\/yoast-seo-wordpress\/ -->\n<title>El preg\u00f3n de Navidad reconocer\u00e1 la labor realizada por el Colegio Oficial de Enfermeras y la Fundaci\u00f3n Enfermeras de Navarra con las v\u00edctimas de la guerra de Ucrania<\/title>\n<meta name=\"description\" content=\"Isabel Iturrioz, presidenta de la FEN y del Colegio Oficial de Enfermeras, leer\u00e1 el preg\u00f3n en la Plaza Consistorial este viernes a las 19.30 horas\" \/>\n<meta name=\"robots\" content=\"index, follow, max-snippet:-1, max-image-preview:large, max-video-preview:-1\" \/>\n<link rel=\"canonical\" href=\"https:\/\/www.laguiadepamplona.com\/actualidad\/el-pregon-de-navidad-reconocera-la-labor-realizada-por-el-colegio-oficial-de-enfermeras-y-la-fundacion-enfermeras-de-navarra-con-las-victimas-de-la-guerra-de-ucrania\/\" \/>\n<meta property=\"og:locale\" content=\"es_ES\" \/>\n<meta property=\"og:type\" content=\"article\" \/>\n<meta property=\"og:title\" content=\"El preg\u00f3n de Navidad reconocer\u00e1 la labor realizada por el Colegio Oficial de Enfermeras y la Fundaci\u00f3n Enfermeras de Navarra con las v\u00edctimas de la guerra de Ucrania\" \/>\n<meta property=\"og:description\" content=\"Isabel Iturrioz, presidenta de la FEN y del Colegio Oficial de Enfermeras, leer\u00e1 el preg\u00f3n en la Plaza Consistorial este viernes a las 19.30 horas\" \/>\n<meta property=\"og:url\" content=\"https:\/\/www.laguiadepamplona.com\/actualidad\/el-pregon-de-navidad-reconocera-la-labor-realizada-por-el-colegio-oficial-de-enfermeras-y-la-fundacion-enfermeras-de-navarra-con-las-victimas-de-la-guerra-de-ucrania\/\" \/>\n<meta property=\"og:site_name\" content=\"La Gu\u00eda de Pamplona\" \/>\n<meta property=\"article:publisher\" content=\"https:\/\/www.facebook.com\/laguiadepamplonacom-133175176762273\/?ref=hl\" \/>\n<meta property=\"article:published_time\" content=\"2022-12-14T11:18:54+00:00\" \/>\n<meta property=\"article:modified_time\" content=\"2023-04-11T09:47:28+00:00\" \/>\n<meta property=\"og:image\" content=\"https:\/\/www.laguiadepamplona.com\/actualidad\/wp-content\/uploads\/2022\/12\/ayuntamiento_coro_nino_navidad.webp\" \/>\n\t<meta property=\"og:image:width\" content=\"1920\" \/>\n\t<meta property=\"og:image:height\" content=\"1280\" \/>\n\t<meta property=\"og:image:type\" content=\"image\/webp\" \/>\n<meta name=\"author\" content=\"La Gu\u00eda de Pamplona\" \/>\n<meta name=\"twitter:card\" content=\"summary_large_image\" \/>\n<meta name=\"twitter:creator\" content=\"@LaGuiadPamplona\" \/>\n<meta name=\"twitter:site\" content=\"@LaGuiadPamplona\" \/>\n<meta name=\"twitter:label1\" content=\"Escrito por\" \/>\n\t<meta name=\"twitter:data1\" content=\"La Gu\u00eda de Pamplona\" \/>\n\t<meta name=\"twitter:label2\" content=\"Tiempo de lectura\" \/>\n\t<meta name=\"twitter:data2\" content=\"3 minutos\" \/>\n<script type=\"application\/ld+json\" class=\"yoast-schema-graph\">{\"@context\":\"https:\\\/\\\/schema.org\",\"@graph\":[{\"@type\":\"Article\",\"@id\":\"https:\\\/\\\/www.laguiadepamplona.com\\\/actualidad\\\/el-pregon-de-navidad-reconocera-la-labor-realizada-por-el-colegio-oficial-de-enfermeras-y-la-fundacion-enfermeras-de-navarra-con-las-victimas-de-la-guerra-de-ucrania\\\/#article\",\"isPartOf\":{\"@id\":\"https:\\\/\\\/www.laguiadepamplona.com\\\/actualidad\\\/el-pregon-de-navidad-reconocera-la-labor-realizada-por-el-colegio-oficial-de-enfermeras-y-la-fundacion-enfermeras-de-navarra-con-las-victimas-de-la-guerra-de-ucrania\\\/\"},\"author\":{\"name\":\"La Gu\u00eda de Pamplona\",\"@id\":\"https:\\\/\\\/www.laguiadepamplona.com\\\/actualidad\\\/#\\\/schema\\\/person\\\/efe887376f0213d4657c93adc50b1fdb\"},\"headline\":\"El preg\u00f3n de Navidad reconocer\u00e1 la labor realizada por el Colegio Oficial de Enfermeras y la Fundaci\u00f3n Enfermeras de Navarra con las v\u00edctimas de la guerra de Ucrania\",\"datePublished\":\"2022-12-14T11:18:54+00:00\",\"dateModified\":\"2023-04-11T09:47:28+00:00\",\"mainEntityOfPage\":{\"@id\":\"https:\\\/\\\/www.laguiadepamplona.com\\\/actualidad\\\/el-pregon-de-navidad-reconocera-la-labor-realizada-por-el-colegio-oficial-de-enfermeras-y-la-fundacion-enfermeras-de-navarra-con-las-victimas-de-la-guerra-de-ucrania\\\/\"},\"wordCount\":648,\"commentCount\":0,\"publisher\":{\"@id\":\"https:\\\/\\\/www.laguiadepamplona.com\\\/actualidad\\\/#organization\"},\"image\":{\"@id\":\"https:\\\/\\\/www.laguiadepamplona.com\\\/actualidad\\\/el-pregon-de-navidad-reconocera-la-labor-realizada-por-el-colegio-oficial-de-enfermeras-y-la-fundacion-enfermeras-de-navarra-con-las-victimas-de-la-guerra-de-ucrania\\\/#primaryimage\"},\"thumbnailUrl\":\"https:\\\/\\\/www.laguiadepamplona.com\\\/actualidad\\\/wp-content\\\/uploads\\\/2022\\\/12\\\/ayuntamiento_coro_nino_navidad.webp\",\"articleSection\":[\"Ayto Pamplona\"],\"inLanguage\":\"es\",\"potentialAction\":[{\"@type\":\"CommentAction\",\"name\":\"Comment\",\"target\":[\"https:\\\/\\\/www.laguiadepamplona.com\\\/actualidad\\\/el-pregon-de-navidad-reconocera-la-labor-realizada-por-el-colegio-oficial-de-enfermeras-y-la-fundacion-enfermeras-de-navarra-con-las-victimas-de-la-guerra-de-ucrania\\\/#respond\"]}]},{\"@type\":\"WebPage\",\"@id\":\"https:\\\/\\\/www.laguiadepamplona.com\\\/actualidad\\\/el-pregon-de-navidad-reconocera-la-labor-realizada-por-el-colegio-oficial-de-enfermeras-y-la-fundacion-enfermeras-de-navarra-con-las-victimas-de-la-guerra-de-ucrania\\\/\",\"url\":\"https:\\\/\\\/www.laguiadepamplona.com\\\/actualidad\\\/el-pregon-de-navidad-reconocera-la-labor-realizada-por-el-colegio-oficial-de-enfermeras-y-la-fundacion-enfermeras-de-navarra-con-las-victimas-de-la-guerra-de-ucrania\\\/\",\"name\":\"El preg\u00f3n de Navidad reconocer\u00e1 la labor realizada por el Colegio Oficial de Enfermeras y la Fundaci\u00f3n Enfermeras de Navarra con las v\u00edctimas de la guerra de Ucrania\",\"isPartOf\":{\"@id\":\"https:\\\/\\\/www.laguiadepamplona.com\\\/actualidad\\\/#website\"},\"primaryImageOfPage\":{\"@id\":\"https:\\\/\\\/www.laguiadepamplona.com\\\/actualidad\\\/el-pregon-de-navidad-reconocera-la-labor-realizada-por-el-colegio-oficial-de-enfermeras-y-la-fundacion-enfermeras-de-navarra-con-las-victimas-de-la-guerra-de-ucrania\\\/#primaryimage\"},\"image\":{\"@id\":\"https:\\\/\\\/www.laguiadepamplona.com\\\/actualidad\\\/el-pregon-de-navidad-reconocera-la-labor-realizada-por-el-colegio-oficial-de-enfermeras-y-la-fundacion-enfermeras-de-navarra-con-las-victimas-de-la-guerra-de-ucrania\\\/#primaryimage\"},\"thumbnailUrl\":\"https:\\\/\\\/www.laguiadepamplona.com\\\/actualidad\\\/wp-content\\\/uploads\\\/2022\\\/12\\\/ayuntamiento_coro_nino_navidad.webp\",\"datePublished\":\"2022-12-14T11:18:54+00:00\",\"dateModified\":\"2023-04-11T09:47:28+00:00\",\"description\":\"Isabel Iturrioz, presidenta de la FEN y del Colegio Oficial de Enfermeras, leer\u00e1 el preg\u00f3n en la Plaza Consistorial este viernes a las 19.30 horas\",\"breadcrumb\":{\"@id\":\"https:\\\/\\\/www.laguiadepamplona.com\\\/actualidad\\\/el-pregon-de-navidad-reconocera-la-labor-realizada-por-el-colegio-oficial-de-enfermeras-y-la-fundacion-enfermeras-de-navarra-con-las-victimas-de-la-guerra-de-ucrania\\\/#breadcrumb\"},\"inLanguage\":\"es\",\"potentialAction\":[{\"@type\":\"ReadAction\",\"target\":[\"https:\\\/\\\/www.laguiadepamplona.com\\\/actualidad\\\/el-pregon-de-navidad-reconocera-la-labor-realizada-por-el-colegio-oficial-de-enfermeras-y-la-fundacion-enfermeras-de-navarra-con-las-victimas-de-la-guerra-de-ucrania\\\/\"]}]},{\"@type\":\"ImageObject\",\"inLanguage\":\"es\",\"@id\":\"https:\\\/\\\/www.laguiadepamplona.com\\\/actualidad\\\/el-pregon-de-navidad-reconocera-la-labor-realizada-por-el-colegio-oficial-de-enfermeras-y-la-fundacion-enfermeras-de-navarra-con-las-victimas-de-la-guerra-de-ucrania\\\/#primaryimage\",\"url\":\"https:\\\/\\\/www.laguiadepamplona.com\\\/actualidad\\\/wp-content\\\/uploads\\\/2022\\\/12\\\/ayuntamiento_coro_nino_navidad.webp\",\"contentUrl\":\"https:\\\/\\\/www.laguiadepamplona.com\\\/actualidad\\\/wp-content\\\/uploads\\\/2022\\\/12\\\/ayuntamiento_coro_nino_navidad.webp\",\"width\":1920,\"height\":1280},{\"@type\":\"BreadcrumbList\",\"@id\":\"https:\\\/\\\/www.laguiadepamplona.com\\\/actualidad\\\/el-pregon-de-navidad-reconocera-la-labor-realizada-por-el-colegio-oficial-de-enfermeras-y-la-fundacion-enfermeras-de-navarra-con-las-victimas-de-la-guerra-de-ucrania\\\/#breadcrumb\",\"itemListElement\":[{\"@type\":\"ListItem\",\"position\":1,\"name\":\"Portada\",\"item\":\"https:\\\/\\\/www.laguiadepamplona.com\\\/actualidad\\\/\"},{\"@type\":\"ListItem\",\"position\":2,\"name\":\"El preg\u00f3n de Navidad reconocer\u00e1 la labor realizada por el Colegio Oficial de Enfermeras y la Fundaci\u00f3n Enfermeras de Navarra con las v\u00edctimas de la guerra de Ucrania\"}]},{\"@type\":\"WebSite\",\"@id\":\"https:\\\/\\\/www.laguiadepamplona.com\\\/actualidad\\\/#website\",\"url\":\"https:\\\/\\\/www.laguiadepamplona.com\\\/actualidad\\\/\",\"name\":\"La gu\u00eda de Pamplona\",\"description\":\"Noticias de Pamplona\",\"publisher\":{\"@id\":\"https:\\\/\\\/www.laguiadepamplona.com\\\/actualidad\\\/#organization\"},\"potentialAction\":[{\"@type\":\"SearchAction\",\"target\":{\"@type\":\"EntryPoint\",\"urlTemplate\":\"https:\\\/\\\/www.laguiadepamplona.com\\\/actualidad\\\/?s={search_term_string}\"},\"query-input\":{\"@type\":\"PropertyValueSpecification\",\"valueRequired\":true,\"valueName\":\"search_term_string\"}}],\"inLanguage\":\"es\"},{\"@type\":\"Organization\",\"@id\":\"https:\\\/\\\/www.laguiadepamplona.com\\\/actualidad\\\/#organization\",\"name\":\"La Gu\u00eda de Pamplona \\\/ Noticias\",\"url\":\"https:\\\/\\\/www.laguiadepamplona.com\\\/actualidad\\\/\",\"logo\":{\"@type\":\"ImageObject\",\"inLanguage\":\"es\",\"@id\":\"https:\\\/\\\/www.laguiadepamplona.com\\\/actualidad\\\/#\\\/schema\\\/logo\\\/image\\\/\",\"url\":\"https:\\\/\\\/www.laguiadepamplona.com\\\/actualidad\\\/wp-content\\\/uploads\\\/2018\\\/11\\\/logo-laguiadepamplona18-web1.png\",\"contentUrl\":\"https:\\\/\\\/www.laguiadepamplona.com\\\/actualidad\\\/wp-content\\\/uploads\\\/2018\\\/11\\\/logo-laguiadepamplona18-web1.png\",\"width\":600,\"height\":196,\"caption\":\"La Gu\u00eda de Pamplona \\\/ Noticias\"},\"image\":{\"@id\":\"https:\\\/\\\/www.laguiadepamplona.com\\\/actualidad\\\/#\\\/schema\\\/logo\\\/image\\\/\"},\"sameAs\":[\"https:\\\/\\\/www.facebook.com\\\/laguiadepamplonacom-133175176762273\\\/?ref=hl\",\"https:\\\/\\\/x.com\\\/LaGuiadPamplona\",\"https:\\\/\\\/www.instagram.com\\\/la_guia_de_pamplona\\\/\",\"https:\\\/\\\/www.youtube.com\\\/user\\\/laguiadepamplona\"]},{\"@type\":\"Person\",\"@id\":\"https:\\\/\\\/www.laguiadepamplona.com\\\/actualidad\\\/#\\\/schema\\\/person\\\/efe887376f0213d4657c93adc50b1fdb\",\"name\":\"La Gu\u00eda de Pamplona\",\"image\":{\"@type\":\"ImageObject\",\"inLanguage\":\"es\",\"@id\":\"https:\\\/\\\/secure.gravatar.com\\\/avatar\\\/b6992f131dc8d30ab0dff15446e9d346d9dbd95992de0fef795073f5ea83a81c?s=96&d=mm&r=g\",\"url\":\"https:\\\/\\\/secure.gravatar.com\\\/avatar\\\/b6992f131dc8d30ab0dff15446e9d346d9dbd95992de0fef795073f5ea83a81c?s=96&d=mm&r=g\",\"contentUrl\":\"https:\\\/\\\/secure.gravatar.com\\\/avatar\\\/b6992f131dc8d30ab0dff15446e9d346d9dbd95992de0fef795073f5ea83a81c?s=96&d=mm&r=g\",\"caption\":\"La Gu\u00eda de Pamplona\"}}]}<\/script>\n<!-- \/ Yoast SEO plugin. -->","yoast_head_json":{"title":"El preg\u00f3n de Navidad reconocer\u00e1 la labor realizada por el Colegio Oficial de Enfermeras y la Fundaci\u00f3n Enfermeras de Navarra con las v\u00edctimas de la guerra de Ucrania","description":"Isabel Iturrioz, presidenta de la FEN y del Colegio Oficial de Enfermeras, leer\u00e1 el preg\u00f3n en la Plaza Consistorial este viernes a las 19.30 horas","robots":{"index":"index","follow":"follow","max-snippet":"max-snippet:-1","max-image-preview":"max-image-preview:large","max-video-preview":"max-video-preview:-1"},"canonical":"https:\/\/www.laguiadepamplona.com\/actualidad\/el-pregon-de-navidad-reconocera-la-labor-realizada-por-el-colegio-oficial-de-enfermeras-y-la-fundacion-enfermeras-de-navarra-con-las-victimas-de-la-guerra-de-ucrania\/","og_locale":"es_ES","og_type":"article","og_title":"El preg\u00f3n de Navidad reconocer\u00e1 la labor realizada por el Colegio Oficial de Enfermeras y la Fundaci\u00f3n Enfermeras de Navarra con las v\u00edctimas de la guerra de Ucrania","og_description":"Isabel Iturrioz, presidenta de la FEN y del Colegio Oficial de Enfermeras, leer\u00e1 el preg\u00f3n en la Plaza Consistorial este viernes a las 19.30 horas","og_url":"https:\/\/www.laguiadepamplona.com\/actualidad\/el-pregon-de-navidad-reconocera-la-labor-realizada-por-el-colegio-oficial-de-enfermeras-y-la-fundacion-enfermeras-de-navarra-con-las-victimas-de-la-guerra-de-ucrania\/","og_site_name":"La Gu\u00eda de Pamplona","article_publisher":"https:\/\/www.facebook.com\/laguiadepamplonacom-133175176762273\/?ref=hl","article_published_time":"2022-12-14T11:18:54+00:00","article_modified_time":"2023-04-11T09:47:28+00:00","og_image":[{"width":1920,"height":1280,"url":"https:\/\/www.laguiadepamplona.com\/actualidad\/wp-content\/uploads\/2022\/12\/ayuntamiento_coro_nino_navidad.webp","type":"image\/webp"}],"author":"La Gu\u00eda de Pamplona","twitter_card":"summary_large_image","twitter_creator":"@LaGuiadPamplona","twitter_site":"@LaGuiadPamplona","twitter_misc":{"Escrito por":"La Gu\u00eda de Pamplona","Tiempo de lectura":"3 minutos"},"schema":{"@context":"https:\/\/schema.org","@graph":[{"@type":"Article","@id":"https:\/\/www.laguiadepamplona.com\/actualidad\/el-pregon-de-navidad-reconocera-la-labor-realizada-por-el-colegio-oficial-de-enfermeras-y-la-fundacion-enfermeras-de-navarra-con-las-victimas-de-la-guerra-de-ucrania\/#article","isPartOf":{"@id":"https:\/\/www.laguiadepamplona.com\/actualidad\/el-pregon-de-navidad-reconocera-la-labor-realizada-por-el-colegio-oficial-de-enfermeras-y-la-fundacion-enfermeras-de-navarra-con-las-victimas-de-la-guerra-de-ucrania\/"},"author":{"name":"La Gu\u00eda de Pamplona","@id":"https:\/\/www.laguiadepamplona.com\/actualidad\/#\/schema\/person\/efe887376f0213d4657c93adc50b1fdb"},"headline":"El preg\u00f3n de Navidad reconocer\u00e1 la labor realizada por el Colegio Oficial de Enfermeras y la Fundaci\u00f3n Enfermeras de Navarra con las v\u00edctimas de la guerra de Ucrania","datePublished":"2022-12-14T11:18:54+00:00","dateModified":"2023-04-11T09:47:28+00:00","mainEntityOfPage":{"@id":"https:\/\/www.laguiadepamplona.com\/actualidad\/el-pregon-de-navidad-reconocera-la-labor-realizada-por-el-colegio-oficial-de-enfermeras-y-la-fundacion-enfermeras-de-navarra-con-las-victimas-de-la-guerra-de-ucrania\/"},"wordCount":648,"commentCount":0,"publisher":{"@id":"https:\/\/www.laguiadepamplona.com\/actualidad\/#organization"},"image":{"@id":"https:\/\/www.laguiadepamplona.com\/actualidad\/el-pregon-de-navidad-reconocera-la-labor-realizada-por-el-colegio-oficial-de-enfermeras-y-la-fundacion-enfermeras-de-navarra-con-las-victimas-de-la-guerra-de-ucrania\/#primaryimage"},"thumbnailUrl":"https:\/\/www.laguiadepamplona.com\/actualidad\/wp-content\/uploads\/2022\/12\/ayuntamiento_coro_nino_navidad.webp","articleSection":["Ayto Pamplona"],"inLanguage":"es","potentialAction":[{"@type":"CommentAction","name":"Comment","target":["https:\/\/www.laguiadepamplona.com\/actualidad\/el-pregon-de-navidad-reconocera-la-labor-realizada-por-el-colegio-oficial-de-enfermeras-y-la-fundacion-enfermeras-de-navarra-con-las-victimas-de-la-guerra-de-ucrania\/#respond"]}]},{"@type":"WebPage","@id":"https:\/\/www.laguiadepamplona.com\/actualidad\/el-pregon-de-navidad-reconocera-la-labor-realizada-por-el-colegio-oficial-de-enfermeras-y-la-fundacion-enfermeras-de-navarra-con-las-victimas-de-la-guerra-de-ucrania\/","url":"https:\/\/www.laguiadepamplona.com\/actualidad\/el-pregon-de-navidad-reconocera-la-labor-realizada-por-el-colegio-oficial-de-enfermeras-y-la-fundacion-enfermeras-de-navarra-con-las-victimas-de-la-guerra-de-ucrania\/","name":"El preg\u00f3n de Navidad reconocer\u00e1 la labor realizada por el Colegio Oficial de Enfermeras y la Fundaci\u00f3n Enfermeras de Navarra con las v\u00edctimas de la guerra de Ucrania","isPartOf":{"@id":"https:\/\/www.laguiadepamplona.com\/actualidad\/#website"},"primaryImageOfPage":{"@id":"https:\/\/www.laguiadepamplona.com\/actualidad\/el-pregon-de-navidad-reconocera-la-labor-realizada-por-el-colegio-oficial-de-enfermeras-y-la-fundacion-enfermeras-de-navarra-con-las-victimas-de-la-guerra-de-ucrania\/#primaryimage"},"image":{"@id":"https:\/\/www.laguiadepamplona.com\/actualidad\/el-pregon-de-navidad-reconocera-la-labor-realizada-por-el-colegio-oficial-de-enfermeras-y-la-fundacion-enfermeras-de-navarra-con-las-victimas-de-la-guerra-de-ucrania\/#primaryimage"},"thumbnailUrl":"https:\/\/www.laguiadepamplona.com\/actualidad\/wp-content\/uploads\/2022\/12\/ayuntamiento_coro_nino_navidad.webp","datePublished":"2022-12-14T11:18:54+00:00","dateModified":"2023-04-11T09:47:28+00:00","description":"Isabel Iturrioz, presidenta de la FEN y del Colegio Oficial de Enfermeras, leer\u00e1 el preg\u00f3n en la Plaza Consistorial este viernes a las 19.30 horas","breadcrumb":{"@id":"https:\/\/www.laguiadepamplona.com\/actualidad\/el-pregon-de-navidad-reconocera-la-labor-realizada-por-el-colegio-oficial-de-enfermeras-y-la-fundacion-enfermeras-de-navarra-con-las-victimas-de-la-guerra-de-ucrania\/#breadcrumb"},"inLanguage":"es","potentialAction":[{"@type":"ReadAction","target":["https:\/\/www.laguiadepamplona.com\/actualidad\/el-pregon-de-navidad-reconocera-la-labor-realizada-por-el-colegio-oficial-de-enfermeras-y-la-fundacion-enfermeras-de-navarra-con-las-victimas-de-la-guerra-de-ucrania\/"]}]},{"@type":"ImageObject","inLanguage":"es","@id":"https:\/\/www.laguiadepamplona.com\/actualidad\/el-pregon-de-navidad-reconocera-la-labor-realizada-por-el-colegio-oficial-de-enfermeras-y-la-fundacion-enfermeras-de-navarra-con-las-victimas-de-la-guerra-de-ucrania\/#primaryimage","url":"https:\/\/www.laguiadepamplona.com\/actualidad\/wp-content\/uploads\/2022\/12\/ayuntamiento_coro_nino_navidad.webp","contentUrl":"https:\/\/www.laguiadepamplona.com\/actualidad\/wp-content\/uploads\/2022\/12\/ayuntamiento_coro_nino_navidad.webp","width":1920,"height":1280},{"@type":"BreadcrumbList","@id":"https:\/\/www.laguiadepamplona.com\/actualidad\/el-pregon-de-navidad-reconocera-la-labor-realizada-por-el-colegio-oficial-de-enfermeras-y-la-fundacion-enfermeras-de-navarra-con-las-victimas-de-la-guerra-de-ucrania\/#breadcrumb","itemListElement":[{"@type":"ListItem","position":1,"name":"Portada","item":"https:\/\/www.laguiadepamplona.com\/actualidad\/"},{"@type":"ListItem","position":2,"name":"El preg\u00f3n de Navidad reconocer\u00e1 la labor realizada por el Colegio Oficial de Enfermeras y la Fundaci\u00f3n Enfermeras de Navarra con las v\u00edctimas de la guerra de Ucrania"}]},{"@type":"WebSite","@id":"https:\/\/www.laguiadepamplona.com\/actualidad\/#website","url":"https:\/\/www.laguiadepamplona.com\/actualidad\/","name":"La gu\u00eda de Pamplona","description":"Noticias de Pamplona","publisher":{"@id":"https:\/\/www.laguiadepamplona.com\/actualidad\/#organization"},"potentialAction":[{"@type":"SearchAction","target":{"@type":"EntryPoint","urlTemplate":"https:\/\/www.laguiadepamplona.com\/actualidad\/?s={search_term_string}"},"query-input":{"@type":"PropertyValueSpecification","valueRequired":true,"valueName":"search_term_string"}}],"inLanguage":"es"},{"@type":"Organization","@id":"https:\/\/www.laguiadepamplona.com\/actualidad\/#organization","name":"La Gu\u00eda de Pamplona \/ Noticias","url":"https:\/\/www.laguiadepamplona.com\/actualidad\/","logo":{"@type":"ImageObject","inLanguage":"es","@id":"https:\/\/www.laguiadepamplona.com\/actualidad\/#\/schema\/logo\/image\/","url":"https:\/\/www.laguiadepamplona.com\/actualidad\/wp-content\/uploads\/2018\/11\/logo-laguiadepamplona18-web1.png","contentUrl":"https:\/\/www.laguiadepamplona.com\/actualidad\/wp-content\/uploads\/2018\/11\/logo-laguiadepamplona18-web1.png","width":600,"height":196,"caption":"La Gu\u00eda de Pamplona \/ Noticias"},"image":{"@id":"https:\/\/www.laguiadepamplona.com\/actualidad\/#\/schema\/logo\/image\/"},"sameAs":["https:\/\/www.facebook.com\/laguiadepamplonacom-133175176762273\/?ref=hl","https:\/\/x.com\/LaGuiadPamplona","https:\/\/www.instagram.com\/la_guia_de_pamplona\/","https:\/\/www.youtube.com\/user\/laguiadepamplona"]},{"@type":"Person","@id":"https:\/\/www.laguiadepamplona.com\/actualidad\/#\/schema\/person\/efe887376f0213d4657c93adc50b1fdb","name":"La Gu\u00eda de Pamplona","image":{"@type":"ImageObject","inLanguage":"es","@id":"https:\/\/secure.gravatar.com\/avatar\/b6992f131dc8d30ab0dff15446e9d346d9dbd95992de0fef795073f5ea83a81c?s=96&d=mm&r=g","url":"https:\/\/secure.gravatar.com\/avatar\/b6992f131dc8d30ab0dff15446e9d346d9dbd95992de0fef795073f5ea83a81c?s=96&d=mm&r=g","contentUrl":"https:\/\/secure.gravatar.com\/avatar\/b6992f131dc8d30ab0dff15446e9d346d9dbd95992de0fef795073f5ea83a81c?s=96&d=mm&r=g","caption":"La Gu\u00eda de Pamplona"}}]}},"post_mailing_queue_ids":[],"_links":{"self":[{"href":"https:\/\/www.laguiadepamplona.com\/actualidad\/wp-json\/wp\/v2\/posts\/42439","targetHints":{"allow":["GET"]}}],"collection":[{"href":"https:\/\/www.laguiadepamplona.com\/actualidad\/wp-json\/wp\/v2\/posts"}],"about":[{"href":"https:\/\/www.laguiadepamplona.com\/actualidad\/wp-json\/wp\/v2\/types\/post"}],"author":[{"embeddable":true,"href":"https:\/\/www.laguiadepamplona.com\/actualidad\/wp-json\/wp\/v2\/users\/1"}],"replies":[{"embeddable":true,"href":"https:\/\/www.laguiadepamplona.com\/actualidad\/wp-json\/wp\/v2\/comments?post=42439"}],"version-history":[{"count":0,"href":"https:\/\/www.laguiadepamplona.com\/actualidad\/wp-json\/wp\/v2\/posts\/42439\/revisions"}],"wp:featuredmedia":[{"embeddable":true,"href":"https:\/\/www.laguiadepamplona.com\/actualidad\/wp-json\/wp\/v2\/media\/42440"}],"wp:attachment":[{"href":"https:\/\/www.laguiadepamplona.com\/actualidad\/wp-json\/wp\/v2\/media?parent=42439"}],"wp:term":[{"taxonomy":"category","embeddable":true,"href":"https:\/\/www.laguiadepamplona.com\/actualidad\/wp-json\/wp\/v2\/categories?post=42439"},{"taxonomy":"post_tag","embeddable":true,"href":"https:\/\/www.laguiadepamplona.com\/actualidad\/wp-json\/wp\/v2\/tags?post=42439"}],"curies":[{"name":"wp","href":"https:\/\/api.w.org\/{rel}","templated":true}]}}