{"id":42436,"date":"2022-12-14T13:16:07","date_gmt":"2022-12-14T11:16:07","guid":{"rendered":"https:\/\/www.laguiadepamplona.com\/actualidad\/?p=42436"},"modified":"2023-04-11T11:47:28","modified_gmt":"2023-04-11T09:47:28","slug":"el-alcalde-enrique-maya-respondera-este-jueves-a-las-inquietudes-del-vecindario-en-el-foro-de-barrio-de-ermitagana-mendebaldea","status":"publish","type":"post","link":"https:\/\/www.laguiadepamplona.com\/actualidad\/el-alcalde-enrique-maya-respondera-este-jueves-a-las-inquietudes-del-vecindario-en-el-foro-de-barrio-de-ermitagana-mendebaldea\/","title":{"rendered":"El alcalde Enrique Maya responder\u00e1 este jueves a las inquietudes del vecindario en el Foro de Barrio de Ermitaga\u00f1a-Mendebaldea"},"content":{"rendered":"<h5>Esta cita clausura la ronda de encuentros de este a\u00f1o, tras los foros de San Juan, Etxabakoitz, Rochapea y Ensanches<\/h5>\n<p><!--more--><\/p>\n<p>El alcalde de Pamplona, Enrique Maya, junto con el concejal del barrio de Ermitaga\u00f1a-Mendebaldea, Fernando Villanueva, participan <strong><u>este jueves, d\u00eda 15,<\/u><\/strong> en el Foro de Barrio para conocer de primera mano las inquietudes del vecindario, sus demandas y sus sugerencias. El encuentro tendr\u00e1 lugar <strong><u>entre las 18.30 y las 20 horas en el IES Navarro Villoslada (calle Arcadio Mar\u00eda Larraona 3)<\/u><\/strong>.<br \/>\n<script async src=\"\/\/pagead2.googlesyndication.com\/pagead\/js\/adsbygoogle.js\"><\/script><br \/>\n<!-- Noticias La Guia de Pamplona --><br \/>\n<ins class=\"adsbygoogle\"\nstyle=\"display:block\"\ndata-ad-client=\"ca-pub-6943679897239327\"\ndata-ad-slot=\"7048180777\"\ndata-ad-format=\"auto\"><\/ins><br \/>\n<script>\n(adsbygoogle = window.adsbygoogle || []).push({});\n<\/script><\/p>\n<p>Las personas, asociaciones y entidades que as\u00ed lo deseen pueden acudir a este Foro, cuya entrada es libre hasta completar aforo. Adem\u00e1s, aquellas personas interesadas que no puedan asistir presencialmente, podr\u00e1n seguir el encuentro de forma online a trav\u00e9s del canal municipal de YouTube del \u00e1rea de Participaci\u00f3n Ciudadana. Asimismo, con el fin de fomentar la conversaci\u00f3n en redes sociales, se pueden utilizar las etiquetas #ForoErmitaga\u00f1aMendebaldea | #Ermitaga\u00f1aMendebaldekoEztabaidagunea.<\/p>\n<p>En el encuentro, se analizar\u00e1n las propuestas y sugerencias lanzadas por la ciudadan\u00eda con antelaci\u00f3n a trav\u00e9s de los canales de participaci\u00f3n habilitados por el Ayuntamiento. Pero, tambi\u00e9n, permitir\u00e1 la interacci\u00f3n y el di\u00e1logo entre los asistentes, que podr\u00e1n presentar sus dudas y consultas directamente tanto al alcalde Enrique Maya como al concejal asignado para el barrio, Fernando Villanueva. Asimismo, ambos har\u00e1n un recorrido por las \u00faltimas actuaciones municipales realizadas en el barrio y los proyectos de futuro, que incluyen, por ejemplo, la ampliaci\u00f3n y redise\u00f1o del carril bici en esta zona y la mejora del tr\u00e1nsito peatonal.<br \/>\n<script async src=\"\/\/pagead2.googlesyndication.com\/pagead\/js\/adsbygoogle.js\"><\/script><br \/>\n<!-- Noticias La Guia de Pamplona --><br \/>\n<ins class=\"adsbygoogle\"\nstyle=\"display:block\"\ndata-ad-client=\"ca-pub-6943679897239327\"\ndata-ad-slot=\"7048180777\"\ndata-ad-format=\"auto\"><\/ins><br \/>\n<script>\n(adsbygoogle = window.adsbygoogle || []).push({});\n<\/script><\/p>\n<p>En concreto, ya han comenzado las obras para concluir el carril bici en el tramo final de la avenida de Bara\u00f1\u00e1in, entre su confluencia con la avenida de Navarra y la rotonda con la calle Miluze, que completar\u00e1n un nuevo eje ciclable en la ciudad. Adem\u00e1s, los trabajos incluyen la creaci\u00f3n de un gran paso peatonal elevado entre Irunlarrea y el bulevar de Prem\u00edn de Iru\u00f1a. Las obras se han presupuestado en 193.100 euros. Con estas actuaciones, se podr\u00e1 terminar el recorrido ciclable desde el centro de la ciudad hasta la zona de Hospitales y Landaben, donde se ultima en la actualidad el carril bici a trav\u00e9s de la calle Miluze.<\/p>\n<p>A trav\u00e9s de los Foros de Barrio, el Ayuntamiento de Pamplona busca conocer de primera mano las expectativas o inquietudes de los vecinos y vecinas de la ciudad en sus entornos m\u00e1s pr\u00f3ximos. El Foro de Ermitaga\u00f1a-Mendebaldea pone fin a una nueva ronda de encuentros que arranc\u00f3 el a\u00f1o pasado, tras la pandemia del COVID-19. Entonces se celebraron los foros de Mendillorri, San Jorge y Milagrosa \u2013 Arrosad\u00eda \u2013 Azpilaga\u00f1a. Este a\u00f1o han tenido lugar los de San Juan, Etxabakoitz y Rochapea, y, ahora, Ermitaga\u00f1a \u2013 Mendebaldea.<\/p>\n","protected":false},"excerpt":{"rendered":"<p>Esta cita clausura la ronda de encuentros de este a\u00f1o, tras los foros de San Juan, Etxabakoitz, Rochapea y Ensanches<\/p>\n","protected":false},"author":1,"featured_media":42437,"comment_status":"open","ping_status":"closed","sticky":false,"template":"","format":"standard","meta":{"footnotes":""},"categories":[2],"tags":[],"class_list":["post-42436","post","type-post","status-publish","format-standard","has-post-thumbnail","hentry","category-ayuntamiento-pamplona"],"yoast_head":"<!-- This site is optimized with the Yoast SEO plugin v27.3 - https:\/\/yoast.com\/product\/yoast-seo-wordpress\/ -->\n<title>El alcalde Enrique Maya responder\u00e1 este jueves a las inquietudes del vecindario en el Foro de Barrio de Ermitaga\u00f1a-Mendebaldea<\/title>\n<meta name=\"description\" content=\"Esta cita clausura la ronda de encuentros de este a\u00f1o, tras los foros de San Juan, Etxabakoitz, Rochapea y Ensanches\" \/>\n<meta name=\"robots\" content=\"index, follow, max-snippet:-1, max-image-preview:large, max-video-preview:-1\" \/>\n<link rel=\"canonical\" href=\"https:\/\/www.laguiadepamplona.com\/actualidad\/el-alcalde-enrique-maya-respondera-este-jueves-a-las-inquietudes-del-vecindario-en-el-foro-de-barrio-de-ermitagana-mendebaldea\/\" \/>\n<meta property=\"og:locale\" content=\"es_ES\" \/>\n<meta property=\"og:type\" content=\"article\" \/>\n<meta property=\"og:title\" content=\"El alcalde Enrique Maya responder\u00e1 este jueves a las inquietudes del vecindario en el Foro de Barrio de Ermitaga\u00f1a-Mendebaldea\" \/>\n<meta property=\"og:description\" content=\"Esta cita clausura la ronda de encuentros de este a\u00f1o, tras los foros de San Juan, Etxabakoitz, Rochapea y Ensanches\" \/>\n<meta property=\"og:url\" content=\"https:\/\/www.laguiadepamplona.com\/actualidad\/el-alcalde-enrique-maya-respondera-este-jueves-a-las-inquietudes-del-vecindario-en-el-foro-de-barrio-de-ermitagana-mendebaldea\/\" \/>\n<meta property=\"og:site_name\" content=\"La Gu\u00eda de Pamplona\" \/>\n<meta property=\"article:publisher\" content=\"https:\/\/www.facebook.com\/laguiadepamplonacom-133175176762273\/?ref=hl\" \/>\n<meta property=\"article:published_time\" content=\"2022-12-14T11:16:07+00:00\" \/>\n<meta property=\"article:modified_time\" content=\"2023-04-11T09:47:28+00:00\" \/>\n<meta property=\"og:image\" content=\"https:\/\/www.laguiadepamplona.com\/actualidad\/wp-content\/uploads\/2022\/12\/forocast.webp\" \/>\n\t<meta property=\"og:image:width\" content=\"1900\" \/>\n\t<meta property=\"og:image:height\" content=\"700\" \/>\n\t<meta property=\"og:image:type\" content=\"image\/webp\" \/>\n<meta name=\"author\" content=\"La Gu\u00eda de Pamplona\" \/>\n<meta name=\"twitter:card\" content=\"summary_large_image\" \/>\n<meta name=\"twitter:creator\" content=\"@LaGuiadPamplona\" \/>\n<meta name=\"twitter:site\" content=\"@LaGuiadPamplona\" \/>\n<meta name=\"twitter:label1\" content=\"Escrito por\" \/>\n\t<meta name=\"twitter:data1\" content=\"La Gu\u00eda de Pamplona\" \/>\n\t<meta name=\"twitter:label2\" content=\"Tiempo de lectura\" \/>\n\t<meta name=\"twitter:data2\" content=\"3 minutos\" \/>\n<script type=\"application\/ld+json\" class=\"yoast-schema-graph\">{\"@context\":\"https:\\\/\\\/schema.org\",\"@graph\":[{\"@type\":\"Article\",\"@id\":\"https:\\\/\\\/www.laguiadepamplona.com\\\/actualidad\\\/el-alcalde-enrique-maya-respondera-este-jueves-a-las-inquietudes-del-vecindario-en-el-foro-de-barrio-de-ermitagana-mendebaldea\\\/#article\",\"isPartOf\":{\"@id\":\"https:\\\/\\\/www.laguiadepamplona.com\\\/actualidad\\\/el-alcalde-enrique-maya-respondera-este-jueves-a-las-inquietudes-del-vecindario-en-el-foro-de-barrio-de-ermitagana-mendebaldea\\\/\"},\"author\":{\"name\":\"La Gu\u00eda de Pamplona\",\"@id\":\"https:\\\/\\\/www.laguiadepamplona.com\\\/actualidad\\\/#\\\/schema\\\/person\\\/efe887376f0213d4657c93adc50b1fdb\"},\"headline\":\"El alcalde Enrique Maya responder\u00e1 este jueves a las inquietudes del vecindario en el Foro de Barrio de Ermitaga\u00f1a-Mendebaldea\",\"datePublished\":\"2022-12-14T11:16:07+00:00\",\"dateModified\":\"2023-04-11T09:47:28+00:00\",\"mainEntityOfPage\":{\"@id\":\"https:\\\/\\\/www.laguiadepamplona.com\\\/actualidad\\\/el-alcalde-enrique-maya-respondera-este-jueves-a-las-inquietudes-del-vecindario-en-el-foro-de-barrio-de-ermitagana-mendebaldea\\\/\"},\"wordCount\":496,\"commentCount\":0,\"publisher\":{\"@id\":\"https:\\\/\\\/www.laguiadepamplona.com\\\/actualidad\\\/#organization\"},\"image\":{\"@id\":\"https:\\\/\\\/www.laguiadepamplona.com\\\/actualidad\\\/el-alcalde-enrique-maya-respondera-este-jueves-a-las-inquietudes-del-vecindario-en-el-foro-de-barrio-de-ermitagana-mendebaldea\\\/#primaryimage\"},\"thumbnailUrl\":\"https:\\\/\\\/www.laguiadepamplona.com\\\/actualidad\\\/wp-content\\\/uploads\\\/2022\\\/12\\\/forocast.webp\",\"articleSection\":[\"Ayto Pamplona\"],\"inLanguage\":\"es\",\"potentialAction\":[{\"@type\":\"CommentAction\",\"name\":\"Comment\",\"target\":[\"https:\\\/\\\/www.laguiadepamplona.com\\\/actualidad\\\/el-alcalde-enrique-maya-respondera-este-jueves-a-las-inquietudes-del-vecindario-en-el-foro-de-barrio-de-ermitagana-mendebaldea\\\/#respond\"]}]},{\"@type\":\"WebPage\",\"@id\":\"https:\\\/\\\/www.laguiadepamplona.com\\\/actualidad\\\/el-alcalde-enrique-maya-respondera-este-jueves-a-las-inquietudes-del-vecindario-en-el-foro-de-barrio-de-ermitagana-mendebaldea\\\/\",\"url\":\"https:\\\/\\\/www.laguiadepamplona.com\\\/actualidad\\\/el-alcalde-enrique-maya-respondera-este-jueves-a-las-inquietudes-del-vecindario-en-el-foro-de-barrio-de-ermitagana-mendebaldea\\\/\",\"name\":\"El alcalde Enrique Maya responder\u00e1 este jueves a las inquietudes del vecindario en el Foro de Barrio de Ermitaga\u00f1a-Mendebaldea\",\"isPartOf\":{\"@id\":\"https:\\\/\\\/www.laguiadepamplona.com\\\/actualidad\\\/#website\"},\"primaryImageOfPage\":{\"@id\":\"https:\\\/\\\/www.laguiadepamplona.com\\\/actualidad\\\/el-alcalde-enrique-maya-respondera-este-jueves-a-las-inquietudes-del-vecindario-en-el-foro-de-barrio-de-ermitagana-mendebaldea\\\/#primaryimage\"},\"image\":{\"@id\":\"https:\\\/\\\/www.laguiadepamplona.com\\\/actualidad\\\/el-alcalde-enrique-maya-respondera-este-jueves-a-las-inquietudes-del-vecindario-en-el-foro-de-barrio-de-ermitagana-mendebaldea\\\/#primaryimage\"},\"thumbnailUrl\":\"https:\\\/\\\/www.laguiadepamplona.com\\\/actualidad\\\/wp-content\\\/uploads\\\/2022\\\/12\\\/forocast.webp\",\"datePublished\":\"2022-12-14T11:16:07+00:00\",\"dateModified\":\"2023-04-11T09:47:28+00:00\",\"description\":\"Esta cita clausura la ronda de encuentros de este a\u00f1o, tras los foros de San Juan, Etxabakoitz, Rochapea y Ensanches\",\"breadcrumb\":{\"@id\":\"https:\\\/\\\/www.laguiadepamplona.com\\\/actualidad\\\/el-alcalde-enrique-maya-respondera-este-jueves-a-las-inquietudes-del-vecindario-en-el-foro-de-barrio-de-ermitagana-mendebaldea\\\/#breadcrumb\"},\"inLanguage\":\"es\",\"potentialAction\":[{\"@type\":\"ReadAction\",\"target\":[\"https:\\\/\\\/www.laguiadepamplona.com\\\/actualidad\\\/el-alcalde-enrique-maya-respondera-este-jueves-a-las-inquietudes-del-vecindario-en-el-foro-de-barrio-de-ermitagana-mendebaldea\\\/\"]}]},{\"@type\":\"ImageObject\",\"inLanguage\":\"es\",\"@id\":\"https:\\\/\\\/www.laguiadepamplona.com\\\/actualidad\\\/el-alcalde-enrique-maya-respondera-este-jueves-a-las-inquietudes-del-vecindario-en-el-foro-de-barrio-de-ermitagana-mendebaldea\\\/#primaryimage\",\"url\":\"https:\\\/\\\/www.laguiadepamplona.com\\\/actualidad\\\/wp-content\\\/uploads\\\/2022\\\/12\\\/forocast.webp\",\"contentUrl\":\"https:\\\/\\\/www.laguiadepamplona.com\\\/actualidad\\\/wp-content\\\/uploads\\\/2022\\\/12\\\/forocast.webp\",\"width\":1900,\"height\":700},{\"@type\":\"BreadcrumbList\",\"@id\":\"https:\\\/\\\/www.laguiadepamplona.com\\\/actualidad\\\/el-alcalde-enrique-maya-respondera-este-jueves-a-las-inquietudes-del-vecindario-en-el-foro-de-barrio-de-ermitagana-mendebaldea\\\/#breadcrumb\",\"itemListElement\":[{\"@type\":\"ListItem\",\"position\":1,\"name\":\"Portada\",\"item\":\"https:\\\/\\\/www.laguiadepamplona.com\\\/actualidad\\\/\"},{\"@type\":\"ListItem\",\"position\":2,\"name\":\"El alcalde Enrique Maya responder\u00e1 este jueves a las inquietudes del vecindario en el Foro de Barrio de Ermitaga\u00f1a-Mendebaldea\"}]},{\"@type\":\"WebSite\",\"@id\":\"https:\\\/\\\/www.laguiadepamplona.com\\\/actualidad\\\/#website\",\"url\":\"https:\\\/\\\/www.laguiadepamplona.com\\\/actualidad\\\/\",\"name\":\"La gu\u00eda de Pamplona\",\"description\":\"Noticias de Pamplona\",\"publisher\":{\"@id\":\"https:\\\/\\\/www.laguiadepamplona.com\\\/actualidad\\\/#organization\"},\"potentialAction\":[{\"@type\":\"SearchAction\",\"target\":{\"@type\":\"EntryPoint\",\"urlTemplate\":\"https:\\\/\\\/www.laguiadepamplona.com\\\/actualidad\\\/?s={search_term_string}\"},\"query-input\":{\"@type\":\"PropertyValueSpecification\",\"valueRequired\":true,\"valueName\":\"search_term_string\"}}],\"inLanguage\":\"es\"},{\"@type\":\"Organization\",\"@id\":\"https:\\\/\\\/www.laguiadepamplona.com\\\/actualidad\\\/#organization\",\"name\":\"La Gu\u00eda de Pamplona \\\/ Noticias\",\"url\":\"https:\\\/\\\/www.laguiadepamplona.com\\\/actualidad\\\/\",\"logo\":{\"@type\":\"ImageObject\",\"inLanguage\":\"es\",\"@id\":\"https:\\\/\\\/www.laguiadepamplona.com\\\/actualidad\\\/#\\\/schema\\\/logo\\\/image\\\/\",\"url\":\"https:\\\/\\\/www.laguiadepamplona.com\\\/actualidad\\\/wp-content\\\/uploads\\\/2018\\\/11\\\/logo-laguiadepamplona18-web1.png\",\"contentUrl\":\"https:\\\/\\\/www.laguiadepamplona.com\\\/actualidad\\\/wp-content\\\/uploads\\\/2018\\\/11\\\/logo-laguiadepamplona18-web1.png\",\"width\":600,\"height\":196,\"caption\":\"La Gu\u00eda de Pamplona \\\/ Noticias\"},\"image\":{\"@id\":\"https:\\\/\\\/www.laguiadepamplona.com\\\/actualidad\\\/#\\\/schema\\\/logo\\\/image\\\/\"},\"sameAs\":[\"https:\\\/\\\/www.facebook.com\\\/laguiadepamplonacom-133175176762273\\\/?ref=hl\",\"https:\\\/\\\/x.com\\\/LaGuiadPamplona\",\"https:\\\/\\\/www.instagram.com\\\/la_guia_de_pamplona\\\/\",\"https:\\\/\\\/www.youtube.com\\\/user\\\/laguiadepamplona\"]},{\"@type\":\"Person\",\"@id\":\"https:\\\/\\\/www.laguiadepamplona.com\\\/actualidad\\\/#\\\/schema\\\/person\\\/efe887376f0213d4657c93adc50b1fdb\",\"name\":\"La Gu\u00eda de Pamplona\",\"image\":{\"@type\":\"ImageObject\",\"inLanguage\":\"es\",\"@id\":\"https:\\\/\\\/secure.gravatar.com\\\/avatar\\\/b6992f131dc8d30ab0dff15446e9d346d9dbd95992de0fef795073f5ea83a81c?s=96&d=mm&r=g\",\"url\":\"https:\\\/\\\/secure.gravatar.com\\\/avatar\\\/b6992f131dc8d30ab0dff15446e9d346d9dbd95992de0fef795073f5ea83a81c?s=96&d=mm&r=g\",\"contentUrl\":\"https:\\\/\\\/secure.gravatar.com\\\/avatar\\\/b6992f131dc8d30ab0dff15446e9d346d9dbd95992de0fef795073f5ea83a81c?s=96&d=mm&r=g\",\"caption\":\"La Gu\u00eda de Pamplona\"}}]}<\/script>\n<!-- \/ Yoast SEO plugin. -->","yoast_head_json":{"title":"El alcalde Enrique Maya responder\u00e1 este jueves a las inquietudes del vecindario en el Foro de Barrio de Ermitaga\u00f1a-Mendebaldea","description":"Esta cita clausura la ronda de encuentros de este a\u00f1o, tras los foros de San Juan, Etxabakoitz, Rochapea y Ensanches","robots":{"index":"index","follow":"follow","max-snippet":"max-snippet:-1","max-image-preview":"max-image-preview:large","max-video-preview":"max-video-preview:-1"},"canonical":"https:\/\/www.laguiadepamplona.com\/actualidad\/el-alcalde-enrique-maya-respondera-este-jueves-a-las-inquietudes-del-vecindario-en-el-foro-de-barrio-de-ermitagana-mendebaldea\/","og_locale":"es_ES","og_type":"article","og_title":"El alcalde Enrique Maya responder\u00e1 este jueves a las inquietudes del vecindario en el Foro de Barrio de Ermitaga\u00f1a-Mendebaldea","og_description":"Esta cita clausura la ronda de encuentros de este a\u00f1o, tras los foros de San Juan, Etxabakoitz, Rochapea y Ensanches","og_url":"https:\/\/www.laguiadepamplona.com\/actualidad\/el-alcalde-enrique-maya-respondera-este-jueves-a-las-inquietudes-del-vecindario-en-el-foro-de-barrio-de-ermitagana-mendebaldea\/","og_site_name":"La Gu\u00eda de Pamplona","article_publisher":"https:\/\/www.facebook.com\/laguiadepamplonacom-133175176762273\/?ref=hl","article_published_time":"2022-12-14T11:16:07+00:00","article_modified_time":"2023-04-11T09:47:28+00:00","og_image":[{"width":1900,"height":700,"url":"https:\/\/www.laguiadepamplona.com\/actualidad\/wp-content\/uploads\/2022\/12\/forocast.webp","type":"image\/webp"}],"author":"La Gu\u00eda de Pamplona","twitter_card":"summary_large_image","twitter_creator":"@LaGuiadPamplona","twitter_site":"@LaGuiadPamplona","twitter_misc":{"Escrito por":"La Gu\u00eda de Pamplona","Tiempo de lectura":"3 minutos"},"schema":{"@context":"https:\/\/schema.org","@graph":[{"@type":"Article","@id":"https:\/\/www.laguiadepamplona.com\/actualidad\/el-alcalde-enrique-maya-respondera-este-jueves-a-las-inquietudes-del-vecindario-en-el-foro-de-barrio-de-ermitagana-mendebaldea\/#article","isPartOf":{"@id":"https:\/\/www.laguiadepamplona.com\/actualidad\/el-alcalde-enrique-maya-respondera-este-jueves-a-las-inquietudes-del-vecindario-en-el-foro-de-barrio-de-ermitagana-mendebaldea\/"},"author":{"name":"La Gu\u00eda de Pamplona","@id":"https:\/\/www.laguiadepamplona.com\/actualidad\/#\/schema\/person\/efe887376f0213d4657c93adc50b1fdb"},"headline":"El alcalde Enrique Maya responder\u00e1 este jueves a las inquietudes del vecindario en el Foro de Barrio de Ermitaga\u00f1a-Mendebaldea","datePublished":"2022-12-14T11:16:07+00:00","dateModified":"2023-04-11T09:47:28+00:00","mainEntityOfPage":{"@id":"https:\/\/www.laguiadepamplona.com\/actualidad\/el-alcalde-enrique-maya-respondera-este-jueves-a-las-inquietudes-del-vecindario-en-el-foro-de-barrio-de-ermitagana-mendebaldea\/"},"wordCount":496,"commentCount":0,"publisher":{"@id":"https:\/\/www.laguiadepamplona.com\/actualidad\/#organization"},"image":{"@id":"https:\/\/www.laguiadepamplona.com\/actualidad\/el-alcalde-enrique-maya-respondera-este-jueves-a-las-inquietudes-del-vecindario-en-el-foro-de-barrio-de-ermitagana-mendebaldea\/#primaryimage"},"thumbnailUrl":"https:\/\/www.laguiadepamplona.com\/actualidad\/wp-content\/uploads\/2022\/12\/forocast.webp","articleSection":["Ayto Pamplona"],"inLanguage":"es","potentialAction":[{"@type":"CommentAction","name":"Comment","target":["https:\/\/www.laguiadepamplona.com\/actualidad\/el-alcalde-enrique-maya-respondera-este-jueves-a-las-inquietudes-del-vecindario-en-el-foro-de-barrio-de-ermitagana-mendebaldea\/#respond"]}]},{"@type":"WebPage","@id":"https:\/\/www.laguiadepamplona.com\/actualidad\/el-alcalde-enrique-maya-respondera-este-jueves-a-las-inquietudes-del-vecindario-en-el-foro-de-barrio-de-ermitagana-mendebaldea\/","url":"https:\/\/www.laguiadepamplona.com\/actualidad\/el-alcalde-enrique-maya-respondera-este-jueves-a-las-inquietudes-del-vecindario-en-el-foro-de-barrio-de-ermitagana-mendebaldea\/","name":"El alcalde Enrique Maya responder\u00e1 este jueves a las inquietudes del vecindario en el Foro de Barrio de Ermitaga\u00f1a-Mendebaldea","isPartOf":{"@id":"https:\/\/www.laguiadepamplona.com\/actualidad\/#website"},"primaryImageOfPage":{"@id":"https:\/\/www.laguiadepamplona.com\/actualidad\/el-alcalde-enrique-maya-respondera-este-jueves-a-las-inquietudes-del-vecindario-en-el-foro-de-barrio-de-ermitagana-mendebaldea\/#primaryimage"},"image":{"@id":"https:\/\/www.laguiadepamplona.com\/actualidad\/el-alcalde-enrique-maya-respondera-este-jueves-a-las-inquietudes-del-vecindario-en-el-foro-de-barrio-de-ermitagana-mendebaldea\/#primaryimage"},"thumbnailUrl":"https:\/\/www.laguiadepamplona.com\/actualidad\/wp-content\/uploads\/2022\/12\/forocast.webp","datePublished":"2022-12-14T11:16:07+00:00","dateModified":"2023-04-11T09:47:28+00:00","description":"Esta cita clausura la ronda de encuentros de este a\u00f1o, tras los foros de San Juan, Etxabakoitz, Rochapea y Ensanches","breadcrumb":{"@id":"https:\/\/www.laguiadepamplona.com\/actualidad\/el-alcalde-enrique-maya-respondera-este-jueves-a-las-inquietudes-del-vecindario-en-el-foro-de-barrio-de-ermitagana-mendebaldea\/#breadcrumb"},"inLanguage":"es","potentialAction":[{"@type":"ReadAction","target":["https:\/\/www.laguiadepamplona.com\/actualidad\/el-alcalde-enrique-maya-respondera-este-jueves-a-las-inquietudes-del-vecindario-en-el-foro-de-barrio-de-ermitagana-mendebaldea\/"]}]},{"@type":"ImageObject","inLanguage":"es","@id":"https:\/\/www.laguiadepamplona.com\/actualidad\/el-alcalde-enrique-maya-respondera-este-jueves-a-las-inquietudes-del-vecindario-en-el-foro-de-barrio-de-ermitagana-mendebaldea\/#primaryimage","url":"https:\/\/www.laguiadepamplona.com\/actualidad\/wp-content\/uploads\/2022\/12\/forocast.webp","contentUrl":"https:\/\/www.laguiadepamplona.com\/actualidad\/wp-content\/uploads\/2022\/12\/forocast.webp","width":1900,"height":700},{"@type":"BreadcrumbList","@id":"https:\/\/www.laguiadepamplona.com\/actualidad\/el-alcalde-enrique-maya-respondera-este-jueves-a-las-inquietudes-del-vecindario-en-el-foro-de-barrio-de-ermitagana-mendebaldea\/#breadcrumb","itemListElement":[{"@type":"ListItem","position":1,"name":"Portada","item":"https:\/\/www.laguiadepamplona.com\/actualidad\/"},{"@type":"ListItem","position":2,"name":"El alcalde Enrique Maya responder\u00e1 este jueves a las inquietudes del vecindario en el Foro de Barrio de Ermitaga\u00f1a-Mendebaldea"}]},{"@type":"WebSite","@id":"https:\/\/www.laguiadepamplona.com\/actualidad\/#website","url":"https:\/\/www.laguiadepamplona.com\/actualidad\/","name":"La gu\u00eda de Pamplona","description":"Noticias de Pamplona","publisher":{"@id":"https:\/\/www.laguiadepamplona.com\/actualidad\/#organization"},"potentialAction":[{"@type":"SearchAction","target":{"@type":"EntryPoint","urlTemplate":"https:\/\/www.laguiadepamplona.com\/actualidad\/?s={search_term_string}"},"query-input":{"@type":"PropertyValueSpecification","valueRequired":true,"valueName":"search_term_string"}}],"inLanguage":"es"},{"@type":"Organization","@id":"https:\/\/www.laguiadepamplona.com\/actualidad\/#organization","name":"La Gu\u00eda de Pamplona \/ Noticias","url":"https:\/\/www.laguiadepamplona.com\/actualidad\/","logo":{"@type":"ImageObject","inLanguage":"es","@id":"https:\/\/www.laguiadepamplona.com\/actualidad\/#\/schema\/logo\/image\/","url":"https:\/\/www.laguiadepamplona.com\/actualidad\/wp-content\/uploads\/2018\/11\/logo-laguiadepamplona18-web1.png","contentUrl":"https:\/\/www.laguiadepamplona.com\/actualidad\/wp-content\/uploads\/2018\/11\/logo-laguiadepamplona18-web1.png","width":600,"height":196,"caption":"La Gu\u00eda de Pamplona \/ Noticias"},"image":{"@id":"https:\/\/www.laguiadepamplona.com\/actualidad\/#\/schema\/logo\/image\/"},"sameAs":["https:\/\/www.facebook.com\/laguiadepamplonacom-133175176762273\/?ref=hl","https:\/\/x.com\/LaGuiadPamplona","https:\/\/www.instagram.com\/la_guia_de_pamplona\/","https:\/\/www.youtube.com\/user\/laguiadepamplona"]},{"@type":"Person","@id":"https:\/\/www.laguiadepamplona.com\/actualidad\/#\/schema\/person\/efe887376f0213d4657c93adc50b1fdb","name":"La Gu\u00eda de Pamplona","image":{"@type":"ImageObject","inLanguage":"es","@id":"https:\/\/secure.gravatar.com\/avatar\/b6992f131dc8d30ab0dff15446e9d346d9dbd95992de0fef795073f5ea83a81c?s=96&d=mm&r=g","url":"https:\/\/secure.gravatar.com\/avatar\/b6992f131dc8d30ab0dff15446e9d346d9dbd95992de0fef795073f5ea83a81c?s=96&d=mm&r=g","contentUrl":"https:\/\/secure.gravatar.com\/avatar\/b6992f131dc8d30ab0dff15446e9d346d9dbd95992de0fef795073f5ea83a81c?s=96&d=mm&r=g","caption":"La Gu\u00eda de Pamplona"}}]}},"post_mailing_queue_ids":[],"_links":{"self":[{"href":"https:\/\/www.laguiadepamplona.com\/actualidad\/wp-json\/wp\/v2\/posts\/42436","targetHints":{"allow":["GET"]}}],"collection":[{"href":"https:\/\/www.laguiadepamplona.com\/actualidad\/wp-json\/wp\/v2\/posts"}],"about":[{"href":"https:\/\/www.laguiadepamplona.com\/actualidad\/wp-json\/wp\/v2\/types\/post"}],"author":[{"embeddable":true,"href":"https:\/\/www.laguiadepamplona.com\/actualidad\/wp-json\/wp\/v2\/users\/1"}],"replies":[{"embeddable":true,"href":"https:\/\/www.laguiadepamplona.com\/actualidad\/wp-json\/wp\/v2\/comments?post=42436"}],"version-history":[{"count":0,"href":"https:\/\/www.laguiadepamplona.com\/actualidad\/wp-json\/wp\/v2\/posts\/42436\/revisions"}],"wp:featuredmedia":[{"embeddable":true,"href":"https:\/\/www.laguiadepamplona.com\/actualidad\/wp-json\/wp\/v2\/media\/42437"}],"wp:attachment":[{"href":"https:\/\/www.laguiadepamplona.com\/actualidad\/wp-json\/wp\/v2\/media?parent=42436"}],"wp:term":[{"taxonomy":"category","embeddable":true,"href":"https:\/\/www.laguiadepamplona.com\/actualidad\/wp-json\/wp\/v2\/categories?post=42436"},{"taxonomy":"post_tag","embeddable":true,"href":"https:\/\/www.laguiadepamplona.com\/actualidad\/wp-json\/wp\/v2\/tags?post=42436"}],"curies":[{"name":"wp","href":"https:\/\/api.w.org\/{rel}","templated":true}]}}