{"id":42424,"date":"2022-12-13T21:14:08","date_gmt":"2022-12-13T19:14:08","guid":{"rendered":"https:\/\/www.laguiadepamplona.com\/actualidad\/?p=42424"},"modified":"2023-04-11T11:47:28","modified_gmt":"2023-04-11T09:47:28","slug":"una-veintena-de-grupos-corales-y-formaciones-amenizaran-con-musica-navidena-las-calles-de-pamplona-desde-este-miercoles-hasta-final-de-ano","status":"publish","type":"post","link":"https:\/\/www.laguiadepamplona.com\/actualidad\/una-veintena-de-grupos-corales-y-formaciones-amenizaran-con-musica-navidena-las-calles-de-pamplona-desde-este-miercoles-hasta-final-de-ano\/","title":{"rendered":"Una veintena de grupos, corales y formaciones amenizar\u00e1n con m\u00fasica navide\u00f1a las calles de Pamplona desde este mi\u00e9rcoles hasta final de a\u00f1o"},"content":{"rendered":"<h5>Casi todos los d\u00edas habr\u00e1 actuaciones con recorridos por diferentes barrios de la ciudad comenzando ma\u00f1ana con escolares de Primaria<\/h5>\n<p><!--more--><\/p>\n<p>La tradicional ronda de villancicos con escolares abrir\u00e1 ma\u00f1ana mi\u00e9rcoles, a las 10 horas desde la plaza Santa Mar\u00eda la Real, el ciclo \u2018M\u00fasica en la Calle\u2019, que el Ayuntamiento de Pamplona ha programado para estas pr\u00f3ximas fechas navide\u00f1as. <strong><u>Alumnado de 3\u00ba y 4\u00ba de Primaria acercar\u00e1, ma\u00f1ana a las 11.20 horas, su repertorio de canciones navide\u00f1as en castellano y euskera a la Plaza Consistorial<\/u><\/strong> <strong><u>para interpretar villancicos ante la Corporaci\u00f3n municipal, un encuentro que estar\u00e1 presidido por el alcalde Enrique Maya<\/u><\/strong>. Adem\u00e1s de estos ni\u00f1os y ni\u00f1as, que acabar\u00e1n la ma\u00f1ana con una chocolatada en la plaza de los Burgos, m\u00e1s de una veintena de formaciones musicales, corales o fanfarres amenizar\u00e1n las calles de los diferentes barrios de la ciudad con canciones populares, villancicos y dem\u00e1s composiciones propias de la Navidad hasta final de a\u00f1o.<br \/>\n<script async src=\"\/\/pagead2.googlesyndication.com\/pagead\/js\/adsbygoogle.js\"><\/script><br \/>\n<!-- Noticias La Guia de Pamplona --><br \/>\n<ins class=\"adsbygoogle\"\nstyle=\"display:block\"\ndata-ad-client=\"ca-pub-6943679897239327\"\ndata-ad-slot=\"7048180777\"\ndata-ad-format=\"auto\"><\/ins><br \/>\n<script>\n(adsbygoogle = window.adsbygoogle || []).push({});\n<\/script><\/p>\n<p>Ser\u00e1n tres semanas en las que casi todos los d\u00edas habr\u00e1 alguna actuaci\u00f3n o recorrido. Se han organiza recorridos por el Casco Antiguo, los Ensanches, Txantrea, Iturrama, San Juan o San Jorge. Los s\u00e1bados 17, 24 y 31 habr\u00e1 actuaciones en horario de ma\u00f1ana, a partir de las 12 horas. La mayor parte de las actuaciones est\u00e1n previstas para las tardes, entre las 18 y las 19 horas.<\/p>\n<p>Tienen previstos recorridos en los pr\u00f3ximos d\u00edas diferentes formaciones vinculadas a la Escuela de M\u00fasica Joaqu\u00edn Maya, como el Coro Navide\u00f1o de Trombones, el grupo de clarinetes, bombardinos y percusi\u00f3n, Flautistas de Navarra, Tubachristmas, Txistu Taldea, Fanfarre 1 o Trompachristmas. La AGAO, los Auroros de Santa Mar\u00eda la Real y el Orfe\u00f3n Pamplon\u00e9s protagonizar\u00e1n \u2018M\u00fasica en la calle\u2019 los d\u00edas 17, 18 y 28 de diciembre, respectivamente. Tambi\u00e9n participan en este ciclo la Coral Oberena, Gaiteros Ezpelur, la Coral de la Parroquia Coraz\u00f3n de Jes\u00fas, Ensemble Chirim\u00edas, Coral Media Luna, Gaiteros Txantrea, Fanfarre Zuperri, Gaiteros Zarrabete, Gaiteros San Jorge y Gracia Navarra y Ecos.<br \/>\n<script async src=\"\/\/pagead2.googlesyndication.com\/pagead\/js\/adsbygoogle.js\"><\/script><br \/>\n<!-- Noticias La Guia de Pamplona --><br \/>\n<ins class=\"adsbygoogle\"\nstyle=\"display:block\"\ndata-ad-client=\"ca-pub-6943679897239327\"\ndata-ad-slot=\"7048180777\"\ndata-ad-format=\"auto\"><\/ins><br \/>\n<script>\n(adsbygoogle = window.adsbygoogle || []).push({});\n<\/script><\/p>\n<p>&nbsp;<\/p>\n<h3>M\u00fasica en la calle. Navidad 2022<\/h3>\n<p><strong><u>MI\u00c9RCOLES 14 DICIEMBRE<\/u><\/strong><\/p>\n<ul>\n<li><strong>Ronda Villancicos Pastoral<\/strong>. Desde la plaza Santa Mar\u00eda la Real, 10 horas<\/li>\n<\/ul>\n<p>&nbsp;<\/p>\n<p><strong><u>VIERNES 16 DE DICIEMBRE<\/u><\/strong><\/p>\n<ul>\n<li><strong>Coro navide\u00f1o de trombones. Escuela de M\u00fasica Joaqu\u00edn Maya. <\/strong>Desde la Plaza del Castillo, 18 horas<\/li>\n<\/ul>\n<p><strong>\u00a0<\/strong><\/p>\n<p><strong><u>S\u00c1BADO 17 DE DICIEMBRE<\/u><\/strong><\/p>\n<ul>\n<li><strong>Flautistas de Navarra. Escuela de M\u00fasica Joaqu\u00edn Maya. <\/strong>Desde la Plaza Consistorial, 12 horas<\/li>\n<li><strong> Asociaci\u00f3n Gayarre Amigos de la \u00d3pera. <\/strong>Plaza de San Nicol\u00e1s, Carlos III (n\u00ba 24) y Mercado del Ensanche, desde las 12 horas<\/li>\n<li><strong> Escuela de M\u00fasica Joaqu\u00edn Maya. <\/strong>Plaza Consistorial, 18.30 horas<\/li>\n<\/ul>\n<p><strong>\u00a0<\/strong><\/p>\n<p><strong><u>DOMINGO 18 DE DICIEMBRE<\/u><\/strong><\/p>\n<ul>\n<li><strong>Auroros de Santa Mar\u00eda la Real. <\/strong>Desde c\/ Bergam\u00edn con San Ignacio, 18.30 horas<\/li>\n<\/ul>\n<p><strong><u>\u00a0<\/u><\/strong><\/p>\n<p><strong><u>LUNES 19 DE DICIEMBRE<\/u><\/strong><\/p>\n<ul>\n<li><strong>Grupo de clarinetes, bombardinos y percusi\u00f3n. Escuela de M\u00fasica Joaqu\u00edn Maya<\/strong>. Desde el paseo de Sarasate, 18 horas.<\/li>\n<li><strong>Fanfarre 1. Escuela de M\u00fasica Joaqu\u00edn Maya. <\/strong>Desde el paseo de Sarasate, 19.30 horas<\/li>\n<\/ul>\n<p><strong><u>\u00a0<\/u><\/strong><\/p>\n<p><strong><u>MI\u00c9RCOLES 21 DE DICIEMBRE<\/u><\/strong><\/p>\n<ul>\n<li><strong>Txistu Taldea. Escuela de M\u00fasica Joaqu\u00edn Maya. <\/strong>Desde la Plaza del Castillo, 17.30 horas<\/li>\n<li><strong>Coral Oberena. <\/strong>Desde la plaza Leonor de Trast\u00e1mara, 18.30 horas<\/li>\n<li><strong> Escuela de M\u00fasica Joaqu\u00edn Maya. <\/strong>Desde la Plaza Consistorial, 18.30 horas<\/li>\n<\/ul>\n<p>&nbsp;<\/p>\n<p><strong><u>JUEVES 22 DE DICIEMBRE<\/u><\/strong><\/p>\n<ul>\n<li><strong>Viva la m\u00fasica. <\/strong>Desde el monumento al Encierro, 18.30 horas<\/li>\n<\/ul>\n<p><strong>\u00a0<\/strong><\/p>\n<p><strong><u>S\u00c1BADO 24 DE DICIEMBRE<\/u><\/strong><\/p>\n<ul>\n<li><strong>Gaiteros Ezpelur. <\/strong>Desde la plaza F\u00e9lix Huarte, 12 horas<\/li>\n<\/ul>\n<p><strong>\u00a0<\/strong><\/p>\n<p><strong><u>LUNES 26 DE DICIEMBRE<\/u><\/strong><\/p>\n<ul>\n<li><strong>Coral Parroquia Coraz\u00f3n de Jes\u00fas. <\/strong>Desde la trasera de Civivox Iturrama, 18.30 horas<\/li>\n<\/ul>\n<p>&nbsp;<\/p>\n<p><strong><u>MARTES 27 DE DICIEMBRE<\/u><\/strong><\/p>\n<ul>\n<li><strong>Ensemble de Chirim\u00edas. <\/strong>Zagu\u00e1n del Ayuntamiento, 18.30 horas<\/li>\n<\/ul>\n<p><strong>\u00a0<\/strong><\/p>\n<p><strong><u>MI\u00c9RCOLES 28 DE DICIEMBRE<\/u><\/strong><\/p>\n<ul>\n<li><strong>Orfe\u00f3n Pamplon\u00e9s. <\/strong>Paseo de Sarasate (monumento a los Fueros), 18.30 horas<\/li>\n<li><strong>Gaiteros San Jorge. <\/strong>Desde el antiguo patin\u00f3dromo, 19 horas<\/li>\n<\/ul>\n<p><strong>\u00a0<\/strong><\/p>\n<p><strong><u>JUEVES 29 DE DICIEMBRE<\/u><\/strong><\/p>\n<ul>\n<li><strong>Coral Media Luna. <\/strong>Desde la plaza de la Libertad, 18.30 horas<\/li>\n<li><strong>Gaiteros Txantrea. <\/strong>Desde la plaza Arriurdi\u00f1eta, 18.30 horas<\/li>\n<\/ul>\n<p><strong><u>\u00a0<\/u><\/strong><\/p>\n<p><strong><u>VIERNES 30 DE DICIEMBRE<\/u><\/strong><\/p>\n<ul>\n<li><strong>Fanfarre Zuperri. <\/strong>Desde la plaza Monasterio de Azuelo, 18.30 horas<\/li>\n<li><strong>Gaiteros Zarrabete. <\/strong>Desde la plaza F\u00e9lix Huarte, 18.30 horas<\/li>\n<\/ul>\n<p><strong>\u00a0<\/strong><\/p>\n<p><strong><u>S\u00c1BADO 31 DE DICIEMBRE<\/u><\/strong><\/p>\n<ul>\n<li><strong>Gracia Navarra y Ecos. <\/strong>Desde el monumento al Encierro, 12 horas<\/li>\n<\/ul>\n","protected":false},"excerpt":{"rendered":"<p>Casi todos los d\u00edas habr\u00e1 actuaciones con recorridos por diferentes barrios de la ciudad comenzando ma\u00f1ana con escolares de Primaria<\/p>\n","protected":false},"author":1,"featured_media":42425,"comment_status":"open","ping_status":"closed","sticky":false,"template":"","format":"standard","meta":{"footnotes":""},"categories":[2],"tags":[],"class_list":["post-42424","post","type-post","status-publish","format-standard","has-post-thumbnail","hentry","category-ayuntamiento-pamplona"],"yoast_head":"<!-- This site is optimized with the Yoast SEO plugin v27.3 - https:\/\/yoast.com\/product\/yoast-seo-wordpress\/ -->\n<title>Una veintena de grupos, corales y formaciones amenizar\u00e1n con m\u00fasica navide\u00f1a las calles de Pamplona desde este mi\u00e9rcoles hasta final de a\u00f1o<\/title>\n<meta name=\"description\" content=\"Casi todos los d\u00edas habr\u00e1 actuaciones con recorridos por diferentes barrios de la ciudad comenzando ma\u00f1ana con escolares de Primaria\" \/>\n<meta name=\"robots\" content=\"index, follow, max-snippet:-1, max-image-preview:large, max-video-preview:-1\" \/>\n<link rel=\"canonical\" href=\"https:\/\/www.laguiadepamplona.com\/actualidad\/una-veintena-de-grupos-corales-y-formaciones-amenizaran-con-musica-navidena-las-calles-de-pamplona-desde-este-miercoles-hasta-final-de-ano\/\" \/>\n<meta property=\"og:locale\" content=\"es_ES\" \/>\n<meta property=\"og:type\" content=\"article\" \/>\n<meta property=\"og:title\" content=\"Una veintena de grupos, corales y formaciones amenizar\u00e1n con m\u00fasica navide\u00f1a las calles de Pamplona desde este mi\u00e9rcoles hasta final de a\u00f1o\" \/>\n<meta property=\"og:description\" content=\"Casi todos los d\u00edas habr\u00e1 actuaciones con recorridos por diferentes barrios de la ciudad comenzando ma\u00f1ana con escolares de Primaria\" \/>\n<meta property=\"og:url\" content=\"https:\/\/www.laguiadepamplona.com\/actualidad\/una-veintena-de-grupos-corales-y-formaciones-amenizaran-con-musica-navidena-las-calles-de-pamplona-desde-este-miercoles-hasta-final-de-ano\/\" \/>\n<meta property=\"og:site_name\" content=\"La Gu\u00eda de Pamplona\" \/>\n<meta property=\"article:publisher\" content=\"https:\/\/www.facebook.com\/laguiadepamplonacom-133175176762273\/?ref=hl\" \/>\n<meta property=\"article:published_time\" content=\"2022-12-13T19:14:08+00:00\" \/>\n<meta property=\"article:modified_time\" content=\"2023-04-11T09:47:28+00:00\" \/>\n<meta property=\"og:image\" content=\"https:\/\/www.laguiadepamplona.com\/actualidad\/wp-content\/uploads\/2022\/12\/villancicos_JMG0932A.webp\" \/>\n\t<meta property=\"og:image:width\" content=\"1920\" \/>\n\t<meta property=\"og:image:height\" content=\"1280\" \/>\n\t<meta property=\"og:image:type\" content=\"image\/webp\" \/>\n<meta name=\"author\" content=\"La Gu\u00eda de Pamplona\" \/>\n<meta name=\"twitter:card\" content=\"summary_large_image\" \/>\n<meta name=\"twitter:creator\" content=\"@LaGuiadPamplona\" \/>\n<meta name=\"twitter:site\" content=\"@LaGuiadPamplona\" \/>\n<meta name=\"twitter:label1\" content=\"Escrito por\" \/>\n\t<meta name=\"twitter:data1\" content=\"La Gu\u00eda de Pamplona\" \/>\n\t<meta name=\"twitter:label2\" content=\"Tiempo de lectura\" \/>\n\t<meta name=\"twitter:data2\" content=\"3 minutos\" \/>\n<script type=\"application\/ld+json\" class=\"yoast-schema-graph\">{\"@context\":\"https:\\\/\\\/schema.org\",\"@graph\":[{\"@type\":\"Article\",\"@id\":\"https:\\\/\\\/www.laguiadepamplona.com\\\/actualidad\\\/una-veintena-de-grupos-corales-y-formaciones-amenizaran-con-musica-navidena-las-calles-de-pamplona-desde-este-miercoles-hasta-final-de-ano\\\/#article\",\"isPartOf\":{\"@id\":\"https:\\\/\\\/www.laguiadepamplona.com\\\/actualidad\\\/una-veintena-de-grupos-corales-y-formaciones-amenizaran-con-musica-navidena-las-calles-de-pamplona-desde-este-miercoles-hasta-final-de-ano\\\/\"},\"author\":{\"name\":\"La Gu\u00eda de Pamplona\",\"@id\":\"https:\\\/\\\/www.laguiadepamplona.com\\\/actualidad\\\/#\\\/schema\\\/person\\\/efe887376f0213d4657c93adc50b1fdb\"},\"headline\":\"Una veintena de grupos, corales y formaciones amenizar\u00e1n con m\u00fasica navide\u00f1a las calles de Pamplona desde este mi\u00e9rcoles hasta final de a\u00f1o\",\"datePublished\":\"2022-12-13T19:14:08+00:00\",\"dateModified\":\"2023-04-11T09:47:28+00:00\",\"mainEntityOfPage\":{\"@id\":\"https:\\\/\\\/www.laguiadepamplona.com\\\/actualidad\\\/una-veintena-de-grupos-corales-y-formaciones-amenizaran-con-musica-navidena-las-calles-de-pamplona-desde-este-miercoles-hasta-final-de-ano\\\/\"},\"wordCount\":712,\"commentCount\":0,\"publisher\":{\"@id\":\"https:\\\/\\\/www.laguiadepamplona.com\\\/actualidad\\\/#organization\"},\"image\":{\"@id\":\"https:\\\/\\\/www.laguiadepamplona.com\\\/actualidad\\\/una-veintena-de-grupos-corales-y-formaciones-amenizaran-con-musica-navidena-las-calles-de-pamplona-desde-este-miercoles-hasta-final-de-ano\\\/#primaryimage\"},\"thumbnailUrl\":\"https:\\\/\\\/www.laguiadepamplona.com\\\/actualidad\\\/wp-content\\\/uploads\\\/2022\\\/12\\\/villancicos_JMG0932A.webp\",\"articleSection\":[\"Ayto Pamplona\"],\"inLanguage\":\"es\",\"potentialAction\":[{\"@type\":\"CommentAction\",\"name\":\"Comment\",\"target\":[\"https:\\\/\\\/www.laguiadepamplona.com\\\/actualidad\\\/una-veintena-de-grupos-corales-y-formaciones-amenizaran-con-musica-navidena-las-calles-de-pamplona-desde-este-miercoles-hasta-final-de-ano\\\/#respond\"]}]},{\"@type\":\"WebPage\",\"@id\":\"https:\\\/\\\/www.laguiadepamplona.com\\\/actualidad\\\/una-veintena-de-grupos-corales-y-formaciones-amenizaran-con-musica-navidena-las-calles-de-pamplona-desde-este-miercoles-hasta-final-de-ano\\\/\",\"url\":\"https:\\\/\\\/www.laguiadepamplona.com\\\/actualidad\\\/una-veintena-de-grupos-corales-y-formaciones-amenizaran-con-musica-navidena-las-calles-de-pamplona-desde-este-miercoles-hasta-final-de-ano\\\/\",\"name\":\"Una veintena de grupos, corales y formaciones amenizar\u00e1n con m\u00fasica navide\u00f1a las calles de Pamplona desde este mi\u00e9rcoles hasta final de a\u00f1o\",\"isPartOf\":{\"@id\":\"https:\\\/\\\/www.laguiadepamplona.com\\\/actualidad\\\/#website\"},\"primaryImageOfPage\":{\"@id\":\"https:\\\/\\\/www.laguiadepamplona.com\\\/actualidad\\\/una-veintena-de-grupos-corales-y-formaciones-amenizaran-con-musica-navidena-las-calles-de-pamplona-desde-este-miercoles-hasta-final-de-ano\\\/#primaryimage\"},\"image\":{\"@id\":\"https:\\\/\\\/www.laguiadepamplona.com\\\/actualidad\\\/una-veintena-de-grupos-corales-y-formaciones-amenizaran-con-musica-navidena-las-calles-de-pamplona-desde-este-miercoles-hasta-final-de-ano\\\/#primaryimage\"},\"thumbnailUrl\":\"https:\\\/\\\/www.laguiadepamplona.com\\\/actualidad\\\/wp-content\\\/uploads\\\/2022\\\/12\\\/villancicos_JMG0932A.webp\",\"datePublished\":\"2022-12-13T19:14:08+00:00\",\"dateModified\":\"2023-04-11T09:47:28+00:00\",\"description\":\"Casi todos los d\u00edas habr\u00e1 actuaciones con recorridos por diferentes barrios de la ciudad comenzando ma\u00f1ana con escolares de Primaria\",\"breadcrumb\":{\"@id\":\"https:\\\/\\\/www.laguiadepamplona.com\\\/actualidad\\\/una-veintena-de-grupos-corales-y-formaciones-amenizaran-con-musica-navidena-las-calles-de-pamplona-desde-este-miercoles-hasta-final-de-ano\\\/#breadcrumb\"},\"inLanguage\":\"es\",\"potentialAction\":[{\"@type\":\"ReadAction\",\"target\":[\"https:\\\/\\\/www.laguiadepamplona.com\\\/actualidad\\\/una-veintena-de-grupos-corales-y-formaciones-amenizaran-con-musica-navidena-las-calles-de-pamplona-desde-este-miercoles-hasta-final-de-ano\\\/\"]}]},{\"@type\":\"ImageObject\",\"inLanguage\":\"es\",\"@id\":\"https:\\\/\\\/www.laguiadepamplona.com\\\/actualidad\\\/una-veintena-de-grupos-corales-y-formaciones-amenizaran-con-musica-navidena-las-calles-de-pamplona-desde-este-miercoles-hasta-final-de-ano\\\/#primaryimage\",\"url\":\"https:\\\/\\\/www.laguiadepamplona.com\\\/actualidad\\\/wp-content\\\/uploads\\\/2022\\\/12\\\/villancicos_JMG0932A.webp\",\"contentUrl\":\"https:\\\/\\\/www.laguiadepamplona.com\\\/actualidad\\\/wp-content\\\/uploads\\\/2022\\\/12\\\/villancicos_JMG0932A.webp\",\"width\":1920,\"height\":1280},{\"@type\":\"BreadcrumbList\",\"@id\":\"https:\\\/\\\/www.laguiadepamplona.com\\\/actualidad\\\/una-veintena-de-grupos-corales-y-formaciones-amenizaran-con-musica-navidena-las-calles-de-pamplona-desde-este-miercoles-hasta-final-de-ano\\\/#breadcrumb\",\"itemListElement\":[{\"@type\":\"ListItem\",\"position\":1,\"name\":\"Portada\",\"item\":\"https:\\\/\\\/www.laguiadepamplona.com\\\/actualidad\\\/\"},{\"@type\":\"ListItem\",\"position\":2,\"name\":\"Una veintena de grupos, corales y formaciones amenizar\u00e1n con m\u00fasica navide\u00f1a las calles de Pamplona desde este mi\u00e9rcoles hasta final de a\u00f1o\"}]},{\"@type\":\"WebSite\",\"@id\":\"https:\\\/\\\/www.laguiadepamplona.com\\\/actualidad\\\/#website\",\"url\":\"https:\\\/\\\/www.laguiadepamplona.com\\\/actualidad\\\/\",\"name\":\"La gu\u00eda de Pamplona\",\"description\":\"Noticias de Pamplona\",\"publisher\":{\"@id\":\"https:\\\/\\\/www.laguiadepamplona.com\\\/actualidad\\\/#organization\"},\"potentialAction\":[{\"@type\":\"SearchAction\",\"target\":{\"@type\":\"EntryPoint\",\"urlTemplate\":\"https:\\\/\\\/www.laguiadepamplona.com\\\/actualidad\\\/?s={search_term_string}\"},\"query-input\":{\"@type\":\"PropertyValueSpecification\",\"valueRequired\":true,\"valueName\":\"search_term_string\"}}],\"inLanguage\":\"es\"},{\"@type\":\"Organization\",\"@id\":\"https:\\\/\\\/www.laguiadepamplona.com\\\/actualidad\\\/#organization\",\"name\":\"La Gu\u00eda de Pamplona \\\/ Noticias\",\"url\":\"https:\\\/\\\/www.laguiadepamplona.com\\\/actualidad\\\/\",\"logo\":{\"@type\":\"ImageObject\",\"inLanguage\":\"es\",\"@id\":\"https:\\\/\\\/www.laguiadepamplona.com\\\/actualidad\\\/#\\\/schema\\\/logo\\\/image\\\/\",\"url\":\"https:\\\/\\\/www.laguiadepamplona.com\\\/actualidad\\\/wp-content\\\/uploads\\\/2018\\\/11\\\/logo-laguiadepamplona18-web1.png\",\"contentUrl\":\"https:\\\/\\\/www.laguiadepamplona.com\\\/actualidad\\\/wp-content\\\/uploads\\\/2018\\\/11\\\/logo-laguiadepamplona18-web1.png\",\"width\":600,\"height\":196,\"caption\":\"La Gu\u00eda de Pamplona \\\/ Noticias\"},\"image\":{\"@id\":\"https:\\\/\\\/www.laguiadepamplona.com\\\/actualidad\\\/#\\\/schema\\\/logo\\\/image\\\/\"},\"sameAs\":[\"https:\\\/\\\/www.facebook.com\\\/laguiadepamplonacom-133175176762273\\\/?ref=hl\",\"https:\\\/\\\/x.com\\\/LaGuiadPamplona\",\"https:\\\/\\\/www.instagram.com\\\/la_guia_de_pamplona\\\/\",\"https:\\\/\\\/www.youtube.com\\\/user\\\/laguiadepamplona\"]},{\"@type\":\"Person\",\"@id\":\"https:\\\/\\\/www.laguiadepamplona.com\\\/actualidad\\\/#\\\/schema\\\/person\\\/efe887376f0213d4657c93adc50b1fdb\",\"name\":\"La Gu\u00eda de Pamplona\",\"image\":{\"@type\":\"ImageObject\",\"inLanguage\":\"es\",\"@id\":\"https:\\\/\\\/secure.gravatar.com\\\/avatar\\\/b6992f131dc8d30ab0dff15446e9d346d9dbd95992de0fef795073f5ea83a81c?s=96&d=mm&r=g\",\"url\":\"https:\\\/\\\/secure.gravatar.com\\\/avatar\\\/b6992f131dc8d30ab0dff15446e9d346d9dbd95992de0fef795073f5ea83a81c?s=96&d=mm&r=g\",\"contentUrl\":\"https:\\\/\\\/secure.gravatar.com\\\/avatar\\\/b6992f131dc8d30ab0dff15446e9d346d9dbd95992de0fef795073f5ea83a81c?s=96&d=mm&r=g\",\"caption\":\"La Gu\u00eda de Pamplona\"}}]}<\/script>\n<!-- \/ Yoast SEO plugin. -->","yoast_head_json":{"title":"Una veintena de grupos, corales y formaciones amenizar\u00e1n con m\u00fasica navide\u00f1a las calles de Pamplona desde este mi\u00e9rcoles hasta final de a\u00f1o","description":"Casi todos los d\u00edas habr\u00e1 actuaciones con recorridos por diferentes barrios de la ciudad comenzando ma\u00f1ana con escolares de Primaria","robots":{"index":"index","follow":"follow","max-snippet":"max-snippet:-1","max-image-preview":"max-image-preview:large","max-video-preview":"max-video-preview:-1"},"canonical":"https:\/\/www.laguiadepamplona.com\/actualidad\/una-veintena-de-grupos-corales-y-formaciones-amenizaran-con-musica-navidena-las-calles-de-pamplona-desde-este-miercoles-hasta-final-de-ano\/","og_locale":"es_ES","og_type":"article","og_title":"Una veintena de grupos, corales y formaciones amenizar\u00e1n con m\u00fasica navide\u00f1a las calles de Pamplona desde este mi\u00e9rcoles hasta final de a\u00f1o","og_description":"Casi todos los d\u00edas habr\u00e1 actuaciones con recorridos por diferentes barrios de la ciudad comenzando ma\u00f1ana con escolares de Primaria","og_url":"https:\/\/www.laguiadepamplona.com\/actualidad\/una-veintena-de-grupos-corales-y-formaciones-amenizaran-con-musica-navidena-las-calles-de-pamplona-desde-este-miercoles-hasta-final-de-ano\/","og_site_name":"La Gu\u00eda de Pamplona","article_publisher":"https:\/\/www.facebook.com\/laguiadepamplonacom-133175176762273\/?ref=hl","article_published_time":"2022-12-13T19:14:08+00:00","article_modified_time":"2023-04-11T09:47:28+00:00","og_image":[{"width":1920,"height":1280,"url":"https:\/\/www.laguiadepamplona.com\/actualidad\/wp-content\/uploads\/2022\/12\/villancicos_JMG0932A.webp","type":"image\/webp"}],"author":"La Gu\u00eda de Pamplona","twitter_card":"summary_large_image","twitter_creator":"@LaGuiadPamplona","twitter_site":"@LaGuiadPamplona","twitter_misc":{"Escrito por":"La Gu\u00eda de Pamplona","Tiempo de lectura":"3 minutos"},"schema":{"@context":"https:\/\/schema.org","@graph":[{"@type":"Article","@id":"https:\/\/www.laguiadepamplona.com\/actualidad\/una-veintena-de-grupos-corales-y-formaciones-amenizaran-con-musica-navidena-las-calles-de-pamplona-desde-este-miercoles-hasta-final-de-ano\/#article","isPartOf":{"@id":"https:\/\/www.laguiadepamplona.com\/actualidad\/una-veintena-de-grupos-corales-y-formaciones-amenizaran-con-musica-navidena-las-calles-de-pamplona-desde-este-miercoles-hasta-final-de-ano\/"},"author":{"name":"La Gu\u00eda de Pamplona","@id":"https:\/\/www.laguiadepamplona.com\/actualidad\/#\/schema\/person\/efe887376f0213d4657c93adc50b1fdb"},"headline":"Una veintena de grupos, corales y formaciones amenizar\u00e1n con m\u00fasica navide\u00f1a las calles de Pamplona desde este mi\u00e9rcoles hasta final de a\u00f1o","datePublished":"2022-12-13T19:14:08+00:00","dateModified":"2023-04-11T09:47:28+00:00","mainEntityOfPage":{"@id":"https:\/\/www.laguiadepamplona.com\/actualidad\/una-veintena-de-grupos-corales-y-formaciones-amenizaran-con-musica-navidena-las-calles-de-pamplona-desde-este-miercoles-hasta-final-de-ano\/"},"wordCount":712,"commentCount":0,"publisher":{"@id":"https:\/\/www.laguiadepamplona.com\/actualidad\/#organization"},"image":{"@id":"https:\/\/www.laguiadepamplona.com\/actualidad\/una-veintena-de-grupos-corales-y-formaciones-amenizaran-con-musica-navidena-las-calles-de-pamplona-desde-este-miercoles-hasta-final-de-ano\/#primaryimage"},"thumbnailUrl":"https:\/\/www.laguiadepamplona.com\/actualidad\/wp-content\/uploads\/2022\/12\/villancicos_JMG0932A.webp","articleSection":["Ayto Pamplona"],"inLanguage":"es","potentialAction":[{"@type":"CommentAction","name":"Comment","target":["https:\/\/www.laguiadepamplona.com\/actualidad\/una-veintena-de-grupos-corales-y-formaciones-amenizaran-con-musica-navidena-las-calles-de-pamplona-desde-este-miercoles-hasta-final-de-ano\/#respond"]}]},{"@type":"WebPage","@id":"https:\/\/www.laguiadepamplona.com\/actualidad\/una-veintena-de-grupos-corales-y-formaciones-amenizaran-con-musica-navidena-las-calles-de-pamplona-desde-este-miercoles-hasta-final-de-ano\/","url":"https:\/\/www.laguiadepamplona.com\/actualidad\/una-veintena-de-grupos-corales-y-formaciones-amenizaran-con-musica-navidena-las-calles-de-pamplona-desde-este-miercoles-hasta-final-de-ano\/","name":"Una veintena de grupos, corales y formaciones amenizar\u00e1n con m\u00fasica navide\u00f1a las calles de Pamplona desde este mi\u00e9rcoles hasta final de a\u00f1o","isPartOf":{"@id":"https:\/\/www.laguiadepamplona.com\/actualidad\/#website"},"primaryImageOfPage":{"@id":"https:\/\/www.laguiadepamplona.com\/actualidad\/una-veintena-de-grupos-corales-y-formaciones-amenizaran-con-musica-navidena-las-calles-de-pamplona-desde-este-miercoles-hasta-final-de-ano\/#primaryimage"},"image":{"@id":"https:\/\/www.laguiadepamplona.com\/actualidad\/una-veintena-de-grupos-corales-y-formaciones-amenizaran-con-musica-navidena-las-calles-de-pamplona-desde-este-miercoles-hasta-final-de-ano\/#primaryimage"},"thumbnailUrl":"https:\/\/www.laguiadepamplona.com\/actualidad\/wp-content\/uploads\/2022\/12\/villancicos_JMG0932A.webp","datePublished":"2022-12-13T19:14:08+00:00","dateModified":"2023-04-11T09:47:28+00:00","description":"Casi todos los d\u00edas habr\u00e1 actuaciones con recorridos por diferentes barrios de la ciudad comenzando ma\u00f1ana con escolares de Primaria","breadcrumb":{"@id":"https:\/\/www.laguiadepamplona.com\/actualidad\/una-veintena-de-grupos-corales-y-formaciones-amenizaran-con-musica-navidena-las-calles-de-pamplona-desde-este-miercoles-hasta-final-de-ano\/#breadcrumb"},"inLanguage":"es","potentialAction":[{"@type":"ReadAction","target":["https:\/\/www.laguiadepamplona.com\/actualidad\/una-veintena-de-grupos-corales-y-formaciones-amenizaran-con-musica-navidena-las-calles-de-pamplona-desde-este-miercoles-hasta-final-de-ano\/"]}]},{"@type":"ImageObject","inLanguage":"es","@id":"https:\/\/www.laguiadepamplona.com\/actualidad\/una-veintena-de-grupos-corales-y-formaciones-amenizaran-con-musica-navidena-las-calles-de-pamplona-desde-este-miercoles-hasta-final-de-ano\/#primaryimage","url":"https:\/\/www.laguiadepamplona.com\/actualidad\/wp-content\/uploads\/2022\/12\/villancicos_JMG0932A.webp","contentUrl":"https:\/\/www.laguiadepamplona.com\/actualidad\/wp-content\/uploads\/2022\/12\/villancicos_JMG0932A.webp","width":1920,"height":1280},{"@type":"BreadcrumbList","@id":"https:\/\/www.laguiadepamplona.com\/actualidad\/una-veintena-de-grupos-corales-y-formaciones-amenizaran-con-musica-navidena-las-calles-de-pamplona-desde-este-miercoles-hasta-final-de-ano\/#breadcrumb","itemListElement":[{"@type":"ListItem","position":1,"name":"Portada","item":"https:\/\/www.laguiadepamplona.com\/actualidad\/"},{"@type":"ListItem","position":2,"name":"Una veintena de grupos, corales y formaciones amenizar\u00e1n con m\u00fasica navide\u00f1a las calles de Pamplona desde este mi\u00e9rcoles hasta final de a\u00f1o"}]},{"@type":"WebSite","@id":"https:\/\/www.laguiadepamplona.com\/actualidad\/#website","url":"https:\/\/www.laguiadepamplona.com\/actualidad\/","name":"La gu\u00eda de Pamplona","description":"Noticias de Pamplona","publisher":{"@id":"https:\/\/www.laguiadepamplona.com\/actualidad\/#organization"},"potentialAction":[{"@type":"SearchAction","target":{"@type":"EntryPoint","urlTemplate":"https:\/\/www.laguiadepamplona.com\/actualidad\/?s={search_term_string}"},"query-input":{"@type":"PropertyValueSpecification","valueRequired":true,"valueName":"search_term_string"}}],"inLanguage":"es"},{"@type":"Organization","@id":"https:\/\/www.laguiadepamplona.com\/actualidad\/#organization","name":"La Gu\u00eda de Pamplona \/ Noticias","url":"https:\/\/www.laguiadepamplona.com\/actualidad\/","logo":{"@type":"ImageObject","inLanguage":"es","@id":"https:\/\/www.laguiadepamplona.com\/actualidad\/#\/schema\/logo\/image\/","url":"https:\/\/www.laguiadepamplona.com\/actualidad\/wp-content\/uploads\/2018\/11\/logo-laguiadepamplona18-web1.png","contentUrl":"https:\/\/www.laguiadepamplona.com\/actualidad\/wp-content\/uploads\/2018\/11\/logo-laguiadepamplona18-web1.png","width":600,"height":196,"caption":"La Gu\u00eda de Pamplona \/ Noticias"},"image":{"@id":"https:\/\/www.laguiadepamplona.com\/actualidad\/#\/schema\/logo\/image\/"},"sameAs":["https:\/\/www.facebook.com\/laguiadepamplonacom-133175176762273\/?ref=hl","https:\/\/x.com\/LaGuiadPamplona","https:\/\/www.instagram.com\/la_guia_de_pamplona\/","https:\/\/www.youtube.com\/user\/laguiadepamplona"]},{"@type":"Person","@id":"https:\/\/www.laguiadepamplona.com\/actualidad\/#\/schema\/person\/efe887376f0213d4657c93adc50b1fdb","name":"La Gu\u00eda de Pamplona","image":{"@type":"ImageObject","inLanguage":"es","@id":"https:\/\/secure.gravatar.com\/avatar\/b6992f131dc8d30ab0dff15446e9d346d9dbd95992de0fef795073f5ea83a81c?s=96&d=mm&r=g","url":"https:\/\/secure.gravatar.com\/avatar\/b6992f131dc8d30ab0dff15446e9d346d9dbd95992de0fef795073f5ea83a81c?s=96&d=mm&r=g","contentUrl":"https:\/\/secure.gravatar.com\/avatar\/b6992f131dc8d30ab0dff15446e9d346d9dbd95992de0fef795073f5ea83a81c?s=96&d=mm&r=g","caption":"La Gu\u00eda de Pamplona"}}]}},"post_mailing_queue_ids":[],"_links":{"self":[{"href":"https:\/\/www.laguiadepamplona.com\/actualidad\/wp-json\/wp\/v2\/posts\/42424","targetHints":{"allow":["GET"]}}],"collection":[{"href":"https:\/\/www.laguiadepamplona.com\/actualidad\/wp-json\/wp\/v2\/posts"}],"about":[{"href":"https:\/\/www.laguiadepamplona.com\/actualidad\/wp-json\/wp\/v2\/types\/post"}],"author":[{"embeddable":true,"href":"https:\/\/www.laguiadepamplona.com\/actualidad\/wp-json\/wp\/v2\/users\/1"}],"replies":[{"embeddable":true,"href":"https:\/\/www.laguiadepamplona.com\/actualidad\/wp-json\/wp\/v2\/comments?post=42424"}],"version-history":[{"count":0,"href":"https:\/\/www.laguiadepamplona.com\/actualidad\/wp-json\/wp\/v2\/posts\/42424\/revisions"}],"wp:featuredmedia":[{"embeddable":true,"href":"https:\/\/www.laguiadepamplona.com\/actualidad\/wp-json\/wp\/v2\/media\/42425"}],"wp:attachment":[{"href":"https:\/\/www.laguiadepamplona.com\/actualidad\/wp-json\/wp\/v2\/media?parent=42424"}],"wp:term":[{"taxonomy":"category","embeddable":true,"href":"https:\/\/www.laguiadepamplona.com\/actualidad\/wp-json\/wp\/v2\/categories?post=42424"},{"taxonomy":"post_tag","embeddable":true,"href":"https:\/\/www.laguiadepamplona.com\/actualidad\/wp-json\/wp\/v2\/tags?post=42424"}],"curies":[{"name":"wp","href":"https:\/\/api.w.org\/{rel}","templated":true}]}}