{"id":42421,"date":"2022-12-13T21:12:07","date_gmt":"2022-12-13T19:12:07","guid":{"rendered":"https:\/\/www.laguiadepamplona.com\/actualidad\/?p=42421"},"modified":"2023-04-11T11:47:29","modified_gmt":"2023-04-11T09:47:29","slug":"abierta-la-inscripcion-para-el-taller-trabajar-el-bienestar-personal-dirigido-a-personas-mayores-de-65-anos","status":"publish","type":"post","link":"https:\/\/www.laguiadepamplona.com\/actualidad\/abierta-la-inscripcion-para-el-taller-trabajar-el-bienestar-personal-dirigido-a-personas-mayores-de-65-anos\/","title":{"rendered":"Abierta la inscripci\u00f3n para el taller \u2018Trabajar el bienestar personal\u2019, dirigido a personas mayores de 65 a\u00f1os"},"content":{"rendered":"<h5>Las plazas se completan por orden de llamada al tel\u00e9fono 948 24 30 40, a partir del 14 de diciembre, y las sesiones ser\u00e1n en enero, de 10 a 12 horas<\/h5>\n<p><!--more--><\/p>\n<p>Las inscripciones para el taller \u2018Trabajar el bienestar personal\u2019 se abren este mi\u00e9rcoles. El taller es gratuito, est\u00e1 dirigido a las personas mayores de 65 a\u00f1os con preferencia para empadronadas en Pamplona y se enmarca en la estrategia \u2018Pamplona te cuida\u2019, que aglutina la oferta de actividades, servicios y prestaciones municipales dirigidas a los mayores.<br \/>\n<script async src=\"\/\/pagead2.googlesyndication.com\/pagead\/js\/adsbygoogle.js\"><\/script><br \/>\n<!-- Noticias La Guia de Pamplona --><br \/>\n<ins class=\"adsbygoogle\"\nstyle=\"display:block\"\ndata-ad-client=\"ca-pub-6943679897239327\"\ndata-ad-slot=\"7048180777\"\ndata-ad-format=\"auto\"><\/ins><br \/>\n<script>\n(adsbygoogle = window.adsbygoogle || []).push({});\n<\/script><\/p>\n<p>Para inscribirse en el taller, que se celebrar\u00e1 en el mes de enero de 2023, hay que llamar al tel\u00e9fono 948 24 30 40. Las plazas se adjudican por orden de llamada. Las sesiones, con un total de 8 horas, ser\u00e1n los martes 10, 17, 24 y 31 de enero, en horario de 10 a 12 horas, en el local de mayores de Etxabakoitz (Avenida Ar\u00f3stegui S\/N).<\/p>\n<p>En el taller se abordar\u00e1 el autocuidado personal, analizando las formas de mejorar el trato hacia la propia persona y afrontar los pensamientos limitantes. Tambi\u00e9n se tratar\u00e1 c\u00f3mo propiciar las relaciones sociales saludables y positivas, y c\u00f3mo aportar a la sociedad desde la experiencia personal. El taller lo organiza el Ayuntamiento de Pamplona junto al Tel\u00e9fono de la esperanza y con la colaboraci\u00f3n del Gobierno de Navarra.<\/p>\n<p>El taller forma parte del programa de apoyo psicol\u00f3gico para la poblaci\u00f3n mayor, que dispone de un servicio cualificado y gratuito para superar las consecuencias emocionales derivadas de la crisis sanitaria de la pandemia. Esta iniciativa busca ofrecer a las personas mayores de Pamplona una formaci\u00f3n para que puedan sentirse mejor y a aprender a mejorar el bienestar emocional para hacer frente a las situaciones del d\u00eda a d\u00eda de forma m\u00e1s sosegada y serena.<br \/>\n<script async src=\"\/\/pagead2.googlesyndication.com\/pagead\/js\/adsbygoogle.js\"><\/script><br \/>\n<!-- Noticias La Guia de Pamplona --><br \/>\n<ins class=\"adsbygoogle\"\nstyle=\"display:block\"\ndata-ad-client=\"ca-pub-6943679897239327\"\ndata-ad-slot=\"7048180777\"\ndata-ad-format=\"auto\"><\/ins><br \/>\n<script>\n(adsbygoogle = window.adsbygoogle || []).push({});\n<\/script><\/p>\n<p>&nbsp;<\/p>\n<h3>\u2018Trabajar el Bienestar Personal\u2019<\/h3>\n<ul>\n<li>Taller gratuito para mayores de 65 a\u00f1os\n<ul>\n<li>D\u00edas: martes 10, 17, 24 y 31 de enero<\/li>\n<li>Horario: 10 a 12 horas<\/li>\n<li>Lugar: local de mayores de Etxabakoitz (Avenida Ar\u00f3stegui S\/N)<\/li>\n<\/ul>\n<\/li>\n<\/ul>\n<p>&nbsp;<br \/>\n[qodef_button size=\u00bblarge\u00bb type=\u00bb\u00bb text=\u00bbBienestar Personal.pdf\u00bb custom_class=\u00bb\u00bb icon_pack=\u00bbfont_elegant\u00bb fa_icon=\u00bbicon_download\u00bb link=\u00bbhttps:\/\/www.pamplona.es\/sites\/default\/files\/2022-12\/bienestar-personal.pdf\u00bb target=\u00bb_blank\u00bb color=\u00bbffffff\u00bb hover_color=\u00bb\u00bb background_color=\u00bb\u00bb hover_background_color=\u00bb\u00bb border_color=\u00bb\u00bb hover_border_color=\u00bb\u00bb font_size=\u00bb\u00bb font_weight=\u00bb\u00bb margin=\u00bb\u00bb]\n&nbsp;<\/p>\n","protected":false},"excerpt":{"rendered":"<p>Las plazas se completan por orden de llamada al tel\u00e9fono 948 24 30 40, a partir del 14 de diciembre, y las sesiones ser\u00e1n en enero, de 10 a 12&#8230;<\/p>\n","protected":false},"author":1,"featured_media":42422,"comment_status":"open","ping_status":"closed","sticky":false,"template":"","format":"standard","meta":{"footnotes":""},"categories":[2],"tags":[],"class_list":["post-42421","post","type-post","status-publish","format-standard","has-post-thumbnail","hentry","category-ayuntamiento-pamplona"],"yoast_head":"<!-- This site is optimized with the Yoast SEO plugin v27.3 - https:\/\/yoast.com\/product\/yoast-seo-wordpress\/ -->\n<title>Abierta la inscripci\u00f3n para el taller \u2018Trabajar el bienestar personal\u2019, dirigido a personas mayores de 65 a\u00f1os<\/title>\n<meta name=\"description\" content=\"Las plazas se completan por orden de llamada al tel\u00e9fono 948 24 30 40, a partir del 14 de diciembre, y las sesiones ser\u00e1n en enero, de 10 a 12 horas\" \/>\n<meta name=\"robots\" content=\"index, follow, max-snippet:-1, max-image-preview:large, max-video-preview:-1\" \/>\n<link rel=\"canonical\" href=\"https:\/\/www.laguiadepamplona.com\/actualidad\/abierta-la-inscripcion-para-el-taller-trabajar-el-bienestar-personal-dirigido-a-personas-mayores-de-65-anos\/\" \/>\n<meta property=\"og:locale\" content=\"es_ES\" \/>\n<meta property=\"og:type\" content=\"article\" \/>\n<meta property=\"og:title\" content=\"Abierta la inscripci\u00f3n para el taller \u2018Trabajar el bienestar personal\u2019, dirigido a personas mayores de 65 a\u00f1os\" \/>\n<meta property=\"og:description\" content=\"Las plazas se completan por orden de llamada al tel\u00e9fono 948 24 30 40, a partir del 14 de diciembre, y las sesiones ser\u00e1n en enero, de 10 a 12 horas\" \/>\n<meta property=\"og:url\" content=\"https:\/\/www.laguiadepamplona.com\/actualidad\/abierta-la-inscripcion-para-el-taller-trabajar-el-bienestar-personal-dirigido-a-personas-mayores-de-65-anos\/\" \/>\n<meta property=\"og:site_name\" content=\"La Gu\u00eda de Pamplona\" \/>\n<meta property=\"article:publisher\" content=\"https:\/\/www.facebook.com\/laguiadepamplonacom-133175176762273\/?ref=hl\" \/>\n<meta property=\"article:published_time\" content=\"2022-12-13T19:12:07+00:00\" \/>\n<meta property=\"article:modified_time\" content=\"2023-04-11T09:47:29+00:00\" \/>\n<meta property=\"og:image\" content=\"https:\/\/www.laguiadepamplona.com\/actualidad\/wp-content\/uploads\/2022\/12\/pamplonatecuida_trabajar-bienestar-personal-copia.webp\" \/>\n\t<meta property=\"og:image:width\" content=\"635\" \/>\n\t<meta property=\"og:image:height\" content=\"473\" \/>\n\t<meta property=\"og:image:type\" content=\"image\/webp\" \/>\n<meta name=\"author\" content=\"La Gu\u00eda de Pamplona\" \/>\n<meta name=\"twitter:card\" content=\"summary_large_image\" \/>\n<meta name=\"twitter:creator\" content=\"@LaGuiadPamplona\" \/>\n<meta name=\"twitter:site\" content=\"@LaGuiadPamplona\" \/>\n<meta name=\"twitter:label1\" content=\"Escrito por\" \/>\n\t<meta name=\"twitter:data1\" content=\"La Gu\u00eda de Pamplona\" \/>\n\t<meta name=\"twitter:label2\" content=\"Tiempo de lectura\" \/>\n\t<meta name=\"twitter:data2\" content=\"2 minutos\" \/>\n<script type=\"application\/ld+json\" class=\"yoast-schema-graph\">{\"@context\":\"https:\\\/\\\/schema.org\",\"@graph\":[{\"@type\":\"Article\",\"@id\":\"https:\\\/\\\/www.laguiadepamplona.com\\\/actualidad\\\/abierta-la-inscripcion-para-el-taller-trabajar-el-bienestar-personal-dirigido-a-personas-mayores-de-65-anos\\\/#article\",\"isPartOf\":{\"@id\":\"https:\\\/\\\/www.laguiadepamplona.com\\\/actualidad\\\/abierta-la-inscripcion-para-el-taller-trabajar-el-bienestar-personal-dirigido-a-personas-mayores-de-65-anos\\\/\"},\"author\":{\"name\":\"La Gu\u00eda de Pamplona\",\"@id\":\"https:\\\/\\\/www.laguiadepamplona.com\\\/actualidad\\\/#\\\/schema\\\/person\\\/efe887376f0213d4657c93adc50b1fdb\"},\"headline\":\"Abierta la inscripci\u00f3n para el taller \u2018Trabajar el bienestar personal\u2019, dirigido a personas mayores de 65 a\u00f1os\",\"datePublished\":\"2022-12-13T19:12:07+00:00\",\"dateModified\":\"2023-04-11T09:47:29+00:00\",\"mainEntityOfPage\":{\"@id\":\"https:\\\/\\\/www.laguiadepamplona.com\\\/actualidad\\\/abierta-la-inscripcion-para-el-taller-trabajar-el-bienestar-personal-dirigido-a-personas-mayores-de-65-anos\\\/\"},\"wordCount\":397,\"commentCount\":0,\"publisher\":{\"@id\":\"https:\\\/\\\/www.laguiadepamplona.com\\\/actualidad\\\/#organization\"},\"image\":{\"@id\":\"https:\\\/\\\/www.laguiadepamplona.com\\\/actualidad\\\/abierta-la-inscripcion-para-el-taller-trabajar-el-bienestar-personal-dirigido-a-personas-mayores-de-65-anos\\\/#primaryimage\"},\"thumbnailUrl\":\"https:\\\/\\\/www.laguiadepamplona.com\\\/actualidad\\\/wp-content\\\/uploads\\\/2022\\\/12\\\/pamplonatecuida_trabajar-bienestar-personal-copia.webp\",\"articleSection\":[\"Ayto Pamplona\"],\"inLanguage\":\"es\",\"potentialAction\":[{\"@type\":\"CommentAction\",\"name\":\"Comment\",\"target\":[\"https:\\\/\\\/www.laguiadepamplona.com\\\/actualidad\\\/abierta-la-inscripcion-para-el-taller-trabajar-el-bienestar-personal-dirigido-a-personas-mayores-de-65-anos\\\/#respond\"]}]},{\"@type\":\"WebPage\",\"@id\":\"https:\\\/\\\/www.laguiadepamplona.com\\\/actualidad\\\/abierta-la-inscripcion-para-el-taller-trabajar-el-bienestar-personal-dirigido-a-personas-mayores-de-65-anos\\\/\",\"url\":\"https:\\\/\\\/www.laguiadepamplona.com\\\/actualidad\\\/abierta-la-inscripcion-para-el-taller-trabajar-el-bienestar-personal-dirigido-a-personas-mayores-de-65-anos\\\/\",\"name\":\"Abierta la inscripci\u00f3n para el taller \u2018Trabajar el bienestar personal\u2019, dirigido a personas mayores de 65 a\u00f1os\",\"isPartOf\":{\"@id\":\"https:\\\/\\\/www.laguiadepamplona.com\\\/actualidad\\\/#website\"},\"primaryImageOfPage\":{\"@id\":\"https:\\\/\\\/www.laguiadepamplona.com\\\/actualidad\\\/abierta-la-inscripcion-para-el-taller-trabajar-el-bienestar-personal-dirigido-a-personas-mayores-de-65-anos\\\/#primaryimage\"},\"image\":{\"@id\":\"https:\\\/\\\/www.laguiadepamplona.com\\\/actualidad\\\/abierta-la-inscripcion-para-el-taller-trabajar-el-bienestar-personal-dirigido-a-personas-mayores-de-65-anos\\\/#primaryimage\"},\"thumbnailUrl\":\"https:\\\/\\\/www.laguiadepamplona.com\\\/actualidad\\\/wp-content\\\/uploads\\\/2022\\\/12\\\/pamplonatecuida_trabajar-bienestar-personal-copia.webp\",\"datePublished\":\"2022-12-13T19:12:07+00:00\",\"dateModified\":\"2023-04-11T09:47:29+00:00\",\"description\":\"Las plazas se completan por orden de llamada al tel\u00e9fono 948 24 30 40, a partir del 14 de diciembre, y las sesiones ser\u00e1n en enero, de 10 a 12 horas\",\"breadcrumb\":{\"@id\":\"https:\\\/\\\/www.laguiadepamplona.com\\\/actualidad\\\/abierta-la-inscripcion-para-el-taller-trabajar-el-bienestar-personal-dirigido-a-personas-mayores-de-65-anos\\\/#breadcrumb\"},\"inLanguage\":\"es\",\"potentialAction\":[{\"@type\":\"ReadAction\",\"target\":[\"https:\\\/\\\/www.laguiadepamplona.com\\\/actualidad\\\/abierta-la-inscripcion-para-el-taller-trabajar-el-bienestar-personal-dirigido-a-personas-mayores-de-65-anos\\\/\"]}]},{\"@type\":\"ImageObject\",\"inLanguage\":\"es\",\"@id\":\"https:\\\/\\\/www.laguiadepamplona.com\\\/actualidad\\\/abierta-la-inscripcion-para-el-taller-trabajar-el-bienestar-personal-dirigido-a-personas-mayores-de-65-anos\\\/#primaryimage\",\"url\":\"https:\\\/\\\/www.laguiadepamplona.com\\\/actualidad\\\/wp-content\\\/uploads\\\/2022\\\/12\\\/pamplonatecuida_trabajar-bienestar-personal-copia.webp\",\"contentUrl\":\"https:\\\/\\\/www.laguiadepamplona.com\\\/actualidad\\\/wp-content\\\/uploads\\\/2022\\\/12\\\/pamplonatecuida_trabajar-bienestar-personal-copia.webp\",\"width\":635,\"height\":473},{\"@type\":\"BreadcrumbList\",\"@id\":\"https:\\\/\\\/www.laguiadepamplona.com\\\/actualidad\\\/abierta-la-inscripcion-para-el-taller-trabajar-el-bienestar-personal-dirigido-a-personas-mayores-de-65-anos\\\/#breadcrumb\",\"itemListElement\":[{\"@type\":\"ListItem\",\"position\":1,\"name\":\"Portada\",\"item\":\"https:\\\/\\\/www.laguiadepamplona.com\\\/actualidad\\\/\"},{\"@type\":\"ListItem\",\"position\":2,\"name\":\"Abierta la inscripci\u00f3n para el taller \u2018Trabajar el bienestar personal\u2019, dirigido a personas mayores de 65 a\u00f1os\"}]},{\"@type\":\"WebSite\",\"@id\":\"https:\\\/\\\/www.laguiadepamplona.com\\\/actualidad\\\/#website\",\"url\":\"https:\\\/\\\/www.laguiadepamplona.com\\\/actualidad\\\/\",\"name\":\"La gu\u00eda de Pamplona\",\"description\":\"Noticias de Pamplona\",\"publisher\":{\"@id\":\"https:\\\/\\\/www.laguiadepamplona.com\\\/actualidad\\\/#organization\"},\"potentialAction\":[{\"@type\":\"SearchAction\",\"target\":{\"@type\":\"EntryPoint\",\"urlTemplate\":\"https:\\\/\\\/www.laguiadepamplona.com\\\/actualidad\\\/?s={search_term_string}\"},\"query-input\":{\"@type\":\"PropertyValueSpecification\",\"valueRequired\":true,\"valueName\":\"search_term_string\"}}],\"inLanguage\":\"es\"},{\"@type\":\"Organization\",\"@id\":\"https:\\\/\\\/www.laguiadepamplona.com\\\/actualidad\\\/#organization\",\"name\":\"La Gu\u00eda de Pamplona \\\/ Noticias\",\"url\":\"https:\\\/\\\/www.laguiadepamplona.com\\\/actualidad\\\/\",\"logo\":{\"@type\":\"ImageObject\",\"inLanguage\":\"es\",\"@id\":\"https:\\\/\\\/www.laguiadepamplona.com\\\/actualidad\\\/#\\\/schema\\\/logo\\\/image\\\/\",\"url\":\"https:\\\/\\\/www.laguiadepamplona.com\\\/actualidad\\\/wp-content\\\/uploads\\\/2018\\\/11\\\/logo-laguiadepamplona18-web1.png\",\"contentUrl\":\"https:\\\/\\\/www.laguiadepamplona.com\\\/actualidad\\\/wp-content\\\/uploads\\\/2018\\\/11\\\/logo-laguiadepamplona18-web1.png\",\"width\":600,\"height\":196,\"caption\":\"La Gu\u00eda de Pamplona \\\/ Noticias\"},\"image\":{\"@id\":\"https:\\\/\\\/www.laguiadepamplona.com\\\/actualidad\\\/#\\\/schema\\\/logo\\\/image\\\/\"},\"sameAs\":[\"https:\\\/\\\/www.facebook.com\\\/laguiadepamplonacom-133175176762273\\\/?ref=hl\",\"https:\\\/\\\/x.com\\\/LaGuiadPamplona\",\"https:\\\/\\\/www.instagram.com\\\/la_guia_de_pamplona\\\/\",\"https:\\\/\\\/www.youtube.com\\\/user\\\/laguiadepamplona\"]},{\"@type\":\"Person\",\"@id\":\"https:\\\/\\\/www.laguiadepamplona.com\\\/actualidad\\\/#\\\/schema\\\/person\\\/efe887376f0213d4657c93adc50b1fdb\",\"name\":\"La Gu\u00eda de Pamplona\",\"image\":{\"@type\":\"ImageObject\",\"inLanguage\":\"es\",\"@id\":\"https:\\\/\\\/secure.gravatar.com\\\/avatar\\\/b6992f131dc8d30ab0dff15446e9d346d9dbd95992de0fef795073f5ea83a81c?s=96&d=mm&r=g\",\"url\":\"https:\\\/\\\/secure.gravatar.com\\\/avatar\\\/b6992f131dc8d30ab0dff15446e9d346d9dbd95992de0fef795073f5ea83a81c?s=96&d=mm&r=g\",\"contentUrl\":\"https:\\\/\\\/secure.gravatar.com\\\/avatar\\\/b6992f131dc8d30ab0dff15446e9d346d9dbd95992de0fef795073f5ea83a81c?s=96&d=mm&r=g\",\"caption\":\"La Gu\u00eda de Pamplona\"}}]}<\/script>\n<!-- \/ Yoast SEO plugin. -->","yoast_head_json":{"title":"Abierta la inscripci\u00f3n para el taller \u2018Trabajar el bienestar personal\u2019, dirigido a personas mayores de 65 a\u00f1os","description":"Las plazas se completan por orden de llamada al tel\u00e9fono 948 24 30 40, a partir del 14 de diciembre, y las sesiones ser\u00e1n en enero, de 10 a 12 horas","robots":{"index":"index","follow":"follow","max-snippet":"max-snippet:-1","max-image-preview":"max-image-preview:large","max-video-preview":"max-video-preview:-1"},"canonical":"https:\/\/www.laguiadepamplona.com\/actualidad\/abierta-la-inscripcion-para-el-taller-trabajar-el-bienestar-personal-dirigido-a-personas-mayores-de-65-anos\/","og_locale":"es_ES","og_type":"article","og_title":"Abierta la inscripci\u00f3n para el taller \u2018Trabajar el bienestar personal\u2019, dirigido a personas mayores de 65 a\u00f1os","og_description":"Las plazas se completan por orden de llamada al tel\u00e9fono 948 24 30 40, a partir del 14 de diciembre, y las sesiones ser\u00e1n en enero, de 10 a 12 horas","og_url":"https:\/\/www.laguiadepamplona.com\/actualidad\/abierta-la-inscripcion-para-el-taller-trabajar-el-bienestar-personal-dirigido-a-personas-mayores-de-65-anos\/","og_site_name":"La Gu\u00eda de Pamplona","article_publisher":"https:\/\/www.facebook.com\/laguiadepamplonacom-133175176762273\/?ref=hl","article_published_time":"2022-12-13T19:12:07+00:00","article_modified_time":"2023-04-11T09:47:29+00:00","og_image":[{"width":635,"height":473,"url":"https:\/\/www.laguiadepamplona.com\/actualidad\/wp-content\/uploads\/2022\/12\/pamplonatecuida_trabajar-bienestar-personal-copia.webp","type":"image\/webp"}],"author":"La Gu\u00eda de Pamplona","twitter_card":"summary_large_image","twitter_creator":"@LaGuiadPamplona","twitter_site":"@LaGuiadPamplona","twitter_misc":{"Escrito por":"La Gu\u00eda de Pamplona","Tiempo de lectura":"2 minutos"},"schema":{"@context":"https:\/\/schema.org","@graph":[{"@type":"Article","@id":"https:\/\/www.laguiadepamplona.com\/actualidad\/abierta-la-inscripcion-para-el-taller-trabajar-el-bienestar-personal-dirigido-a-personas-mayores-de-65-anos\/#article","isPartOf":{"@id":"https:\/\/www.laguiadepamplona.com\/actualidad\/abierta-la-inscripcion-para-el-taller-trabajar-el-bienestar-personal-dirigido-a-personas-mayores-de-65-anos\/"},"author":{"name":"La Gu\u00eda de Pamplona","@id":"https:\/\/www.laguiadepamplona.com\/actualidad\/#\/schema\/person\/efe887376f0213d4657c93adc50b1fdb"},"headline":"Abierta la inscripci\u00f3n para el taller \u2018Trabajar el bienestar personal\u2019, dirigido a personas mayores de 65 a\u00f1os","datePublished":"2022-12-13T19:12:07+00:00","dateModified":"2023-04-11T09:47:29+00:00","mainEntityOfPage":{"@id":"https:\/\/www.laguiadepamplona.com\/actualidad\/abierta-la-inscripcion-para-el-taller-trabajar-el-bienestar-personal-dirigido-a-personas-mayores-de-65-anos\/"},"wordCount":397,"commentCount":0,"publisher":{"@id":"https:\/\/www.laguiadepamplona.com\/actualidad\/#organization"},"image":{"@id":"https:\/\/www.laguiadepamplona.com\/actualidad\/abierta-la-inscripcion-para-el-taller-trabajar-el-bienestar-personal-dirigido-a-personas-mayores-de-65-anos\/#primaryimage"},"thumbnailUrl":"https:\/\/www.laguiadepamplona.com\/actualidad\/wp-content\/uploads\/2022\/12\/pamplonatecuida_trabajar-bienestar-personal-copia.webp","articleSection":["Ayto Pamplona"],"inLanguage":"es","potentialAction":[{"@type":"CommentAction","name":"Comment","target":["https:\/\/www.laguiadepamplona.com\/actualidad\/abierta-la-inscripcion-para-el-taller-trabajar-el-bienestar-personal-dirigido-a-personas-mayores-de-65-anos\/#respond"]}]},{"@type":"WebPage","@id":"https:\/\/www.laguiadepamplona.com\/actualidad\/abierta-la-inscripcion-para-el-taller-trabajar-el-bienestar-personal-dirigido-a-personas-mayores-de-65-anos\/","url":"https:\/\/www.laguiadepamplona.com\/actualidad\/abierta-la-inscripcion-para-el-taller-trabajar-el-bienestar-personal-dirigido-a-personas-mayores-de-65-anos\/","name":"Abierta la inscripci\u00f3n para el taller \u2018Trabajar el bienestar personal\u2019, dirigido a personas mayores de 65 a\u00f1os","isPartOf":{"@id":"https:\/\/www.laguiadepamplona.com\/actualidad\/#website"},"primaryImageOfPage":{"@id":"https:\/\/www.laguiadepamplona.com\/actualidad\/abierta-la-inscripcion-para-el-taller-trabajar-el-bienestar-personal-dirigido-a-personas-mayores-de-65-anos\/#primaryimage"},"image":{"@id":"https:\/\/www.laguiadepamplona.com\/actualidad\/abierta-la-inscripcion-para-el-taller-trabajar-el-bienestar-personal-dirigido-a-personas-mayores-de-65-anos\/#primaryimage"},"thumbnailUrl":"https:\/\/www.laguiadepamplona.com\/actualidad\/wp-content\/uploads\/2022\/12\/pamplonatecuida_trabajar-bienestar-personal-copia.webp","datePublished":"2022-12-13T19:12:07+00:00","dateModified":"2023-04-11T09:47:29+00:00","description":"Las plazas se completan por orden de llamada al tel\u00e9fono 948 24 30 40, a partir del 14 de diciembre, y las sesiones ser\u00e1n en enero, de 10 a 12 horas","breadcrumb":{"@id":"https:\/\/www.laguiadepamplona.com\/actualidad\/abierta-la-inscripcion-para-el-taller-trabajar-el-bienestar-personal-dirigido-a-personas-mayores-de-65-anos\/#breadcrumb"},"inLanguage":"es","potentialAction":[{"@type":"ReadAction","target":["https:\/\/www.laguiadepamplona.com\/actualidad\/abierta-la-inscripcion-para-el-taller-trabajar-el-bienestar-personal-dirigido-a-personas-mayores-de-65-anos\/"]}]},{"@type":"ImageObject","inLanguage":"es","@id":"https:\/\/www.laguiadepamplona.com\/actualidad\/abierta-la-inscripcion-para-el-taller-trabajar-el-bienestar-personal-dirigido-a-personas-mayores-de-65-anos\/#primaryimage","url":"https:\/\/www.laguiadepamplona.com\/actualidad\/wp-content\/uploads\/2022\/12\/pamplonatecuida_trabajar-bienestar-personal-copia.webp","contentUrl":"https:\/\/www.laguiadepamplona.com\/actualidad\/wp-content\/uploads\/2022\/12\/pamplonatecuida_trabajar-bienestar-personal-copia.webp","width":635,"height":473},{"@type":"BreadcrumbList","@id":"https:\/\/www.laguiadepamplona.com\/actualidad\/abierta-la-inscripcion-para-el-taller-trabajar-el-bienestar-personal-dirigido-a-personas-mayores-de-65-anos\/#breadcrumb","itemListElement":[{"@type":"ListItem","position":1,"name":"Portada","item":"https:\/\/www.laguiadepamplona.com\/actualidad\/"},{"@type":"ListItem","position":2,"name":"Abierta la inscripci\u00f3n para el taller \u2018Trabajar el bienestar personal\u2019, dirigido a personas mayores de 65 a\u00f1os"}]},{"@type":"WebSite","@id":"https:\/\/www.laguiadepamplona.com\/actualidad\/#website","url":"https:\/\/www.laguiadepamplona.com\/actualidad\/","name":"La gu\u00eda de Pamplona","description":"Noticias de Pamplona","publisher":{"@id":"https:\/\/www.laguiadepamplona.com\/actualidad\/#organization"},"potentialAction":[{"@type":"SearchAction","target":{"@type":"EntryPoint","urlTemplate":"https:\/\/www.laguiadepamplona.com\/actualidad\/?s={search_term_string}"},"query-input":{"@type":"PropertyValueSpecification","valueRequired":true,"valueName":"search_term_string"}}],"inLanguage":"es"},{"@type":"Organization","@id":"https:\/\/www.laguiadepamplona.com\/actualidad\/#organization","name":"La Gu\u00eda de Pamplona \/ Noticias","url":"https:\/\/www.laguiadepamplona.com\/actualidad\/","logo":{"@type":"ImageObject","inLanguage":"es","@id":"https:\/\/www.laguiadepamplona.com\/actualidad\/#\/schema\/logo\/image\/","url":"https:\/\/www.laguiadepamplona.com\/actualidad\/wp-content\/uploads\/2018\/11\/logo-laguiadepamplona18-web1.png","contentUrl":"https:\/\/www.laguiadepamplona.com\/actualidad\/wp-content\/uploads\/2018\/11\/logo-laguiadepamplona18-web1.png","width":600,"height":196,"caption":"La Gu\u00eda de Pamplona \/ Noticias"},"image":{"@id":"https:\/\/www.laguiadepamplona.com\/actualidad\/#\/schema\/logo\/image\/"},"sameAs":["https:\/\/www.facebook.com\/laguiadepamplonacom-133175176762273\/?ref=hl","https:\/\/x.com\/LaGuiadPamplona","https:\/\/www.instagram.com\/la_guia_de_pamplona\/","https:\/\/www.youtube.com\/user\/laguiadepamplona"]},{"@type":"Person","@id":"https:\/\/www.laguiadepamplona.com\/actualidad\/#\/schema\/person\/efe887376f0213d4657c93adc50b1fdb","name":"La Gu\u00eda de Pamplona","image":{"@type":"ImageObject","inLanguage":"es","@id":"https:\/\/secure.gravatar.com\/avatar\/b6992f131dc8d30ab0dff15446e9d346d9dbd95992de0fef795073f5ea83a81c?s=96&d=mm&r=g","url":"https:\/\/secure.gravatar.com\/avatar\/b6992f131dc8d30ab0dff15446e9d346d9dbd95992de0fef795073f5ea83a81c?s=96&d=mm&r=g","contentUrl":"https:\/\/secure.gravatar.com\/avatar\/b6992f131dc8d30ab0dff15446e9d346d9dbd95992de0fef795073f5ea83a81c?s=96&d=mm&r=g","caption":"La Gu\u00eda de Pamplona"}}]}},"post_mailing_queue_ids":[],"_links":{"self":[{"href":"https:\/\/www.laguiadepamplona.com\/actualidad\/wp-json\/wp\/v2\/posts\/42421","targetHints":{"allow":["GET"]}}],"collection":[{"href":"https:\/\/www.laguiadepamplona.com\/actualidad\/wp-json\/wp\/v2\/posts"}],"about":[{"href":"https:\/\/www.laguiadepamplona.com\/actualidad\/wp-json\/wp\/v2\/types\/post"}],"author":[{"embeddable":true,"href":"https:\/\/www.laguiadepamplona.com\/actualidad\/wp-json\/wp\/v2\/users\/1"}],"replies":[{"embeddable":true,"href":"https:\/\/www.laguiadepamplona.com\/actualidad\/wp-json\/wp\/v2\/comments?post=42421"}],"version-history":[{"count":0,"href":"https:\/\/www.laguiadepamplona.com\/actualidad\/wp-json\/wp\/v2\/posts\/42421\/revisions"}],"wp:featuredmedia":[{"embeddable":true,"href":"https:\/\/www.laguiadepamplona.com\/actualidad\/wp-json\/wp\/v2\/media\/42422"}],"wp:attachment":[{"href":"https:\/\/www.laguiadepamplona.com\/actualidad\/wp-json\/wp\/v2\/media?parent=42421"}],"wp:term":[{"taxonomy":"category","embeddable":true,"href":"https:\/\/www.laguiadepamplona.com\/actualidad\/wp-json\/wp\/v2\/categories?post=42421"},{"taxonomy":"post_tag","embeddable":true,"href":"https:\/\/www.laguiadepamplona.com\/actualidad\/wp-json\/wp\/v2\/tags?post=42421"}],"curies":[{"name":"wp","href":"https:\/\/api.w.org\/{rel}","templated":true}]}}