{"id":42418,"date":"2022-12-13T21:09:36","date_gmt":"2022-12-13T19:09:36","guid":{"rendered":"https:\/\/www.laguiadepamplona.com\/actualidad\/?p=42418"},"modified":"2023-04-11T11:47:29","modified_gmt":"2023-04-11T09:47:29","slug":"pamplona-promueve-el-uso-de-vehiculos-electricos-en-el-reparto-de-mercancias-en-la-ciudad","status":"publish","type":"post","link":"https:\/\/www.laguiadepamplona.com\/actualidad\/pamplona-promueve-el-uso-de-vehiculos-electricos-en-el-reparto-de-mercancias-en-la-ciudad\/","title":{"rendered":"Pamplona promueve el uso de veh\u00edculos el\u00e9ctricos en el reparto de mercanc\u00edas en la ciudad"},"content":{"rendered":"<h5>La empresa Lodisna inicia en Pamplona un nuevo servicio de \u00faltima milla m\u00e1s sostenible y respetuoso con el medio ambiente<\/h5>\n<p><!--more--><\/p>\n<p>El Ayuntamiento de Pamplona aspira a que paulatinamente el reparto y distribuci\u00f3n de mercanc\u00edas por las calles de la ciudad sea m\u00e1s sostenible y respetuoso con el medio ambiente. En base a ese criterio, el Consistorio colabora con distintas empresas para la puesta en marcha de iniciativas encaminadas a reducir las emisiones de gases de efecto invernadero. Una de ellas es la empresa de transporte y log\u00edstica Lodisna, que ha puesto en marcha un nuevo servicio de \u00faltima milla, para realizar el reparto al consumidor final mediante veh\u00edculos el\u00e9ctricos.<\/p>\n<p>Esta ma\u00f1ana, el concejal delegado de Proyectos Estrat\u00e9gicos, Movilidad y Sostenibilidad, Ferm\u00edn Alonso, ha presentado junto con el director de Innovaci\u00f3n de Lodisna, Javier Avello, los veh\u00edculos el\u00e9ctricos que recorrer\u00e1n las calles de Pamplona realizando funciones de reparto. En la presentaci\u00f3n tambi\u00e9n ha participado Carlos Arellano, de la empresa Empak, gestora del aparcamiento Blanca de Navarra, que se convertir\u00e1 en microhub para la distribuci\u00f3n de mercanc\u00edas. La capital navarra se convierte as\u00ed en la primera ciudad donde Lodisna implanta este nuevo modelo log\u00edstico, m\u00e1s sostenible. El objetivo es que este servicio se extienda a otras comunidades aut\u00f3nomas en los pr\u00f3ximos meses.<br \/>\n<script async src=\"\/\/pagead2.googlesyndication.com\/pagead\/js\/adsbygoogle.js\"><\/script><br \/>\n<!-- Noticias La Guia de Pamplona --><br \/>\n<ins class=\"adsbygoogle\"\nstyle=\"display:block\"\ndata-ad-client=\"ca-pub-6943679897239327\"\ndata-ad-slot=\"7048180777\"\ndata-ad-format=\"auto\"><\/ins><br \/>\n<script>\n(adsbygoogle = window.adsbygoogle || []).push({});\n<\/script><\/p>\n<p>El uso de veh\u00edculos el\u00e9ctricos por los distintos barrios de Pamplona permitir\u00e1 ofrecer un servicio sostenible, con cero emisiones de CO2 a la atm\u00f3sfera, pero tambi\u00e9n lograr\u00e1 unas entregas m\u00e1s \u00e1giles y eficientes, ya que se reducen los tiempos de entrega, lo que facilita aumentar un 30% los servicios en comparaci\u00f3n con los realizados por una furgoneta tradicional. Este sistema es especialmente \u00fatil en las calles del Casco Antiguo, que habitualmente resultan menos accesibles para otros m\u00e9todos de transporte tradicionales. El servicio de Lodisna se completar\u00e1 con la utilizaci\u00f3n de \u2018hubs\u2019 urbanos, centros que sirven como centrales de distribuci\u00f3n, como el que ha puesto en marcha en el aparcamiento Blanca de Navarra.<\/p>\n<p>Por su parte, el Consistorio, con el objetivo de impulsar todas estas iniciativas sostenibles, pone a disposici\u00f3n de la empresa una red de puntos de recarga para veh\u00edculos el\u00e9ctricos. La red se compone a d\u00eda de hoy de 46 plazas de recarga en la v\u00eda p\u00fablica repartidas por todos los barrios de la ciudad, para hacer frente a la demanda presente y futura de recarga de veh\u00edculo el\u00e9ctrico. Algunos puntos de recarga cuentan con dos postes, uno de ellos de los denominados r\u00e1pidos, que permite una capacidad de carga m\u00e1xima de 50 kW, y otro de los denominados semirr\u00e1pidos, que permite una capacidad de carga m\u00e1xima de 22 Kw, que permiten recargar simult\u00e1neamente hasta 4 veh\u00edculos en un \u00fanico punto.<br \/>\n<script async src=\"\/\/pagead2.googlesyndication.com\/pagead\/js\/adsbygoogle.js\"><\/script><br \/>\n<!-- Noticias La Guia de Pamplona --><br \/>\n<ins class=\"adsbygoogle\"\nstyle=\"display:block\"\ndata-ad-client=\"ca-pub-6943679897239327\"\ndata-ad-slot=\"7048180777\"\ndata-ad-format=\"auto\"><\/ins><br \/>\n<script>\n(adsbygoogle = window.adsbygoogle || []).push({});\n<\/script><\/p>\n<p>Esta red, disponible las 24 horas del d\u00eda los siete d\u00edas de la semana, permite la recarga de veh\u00edculo el\u00e9ctrico o h\u00edbrido durante una hora en los postes r\u00e1pidos y cuatro horas en el caso de los postes semi r\u00e1pidos. Adem\u00e1s, la red ofrece la posibilidad de reservar la toma de recarga con 15 minutos de antelaci\u00f3n.<\/p>\n<p>La apuesta de Lodisna se enmarcan dentro de la estrategia Go Green Pamplona, con la que el Ayuntamiento quiere impulsar la transici\u00f3n energ\u00e9tica, la reducci\u00f3n de emisiones y la lucha contra el cambio clim\u00e1tico. Buena parte de las emisiones de gases invernaderos provienen del transporte y los veh\u00edculos a motor, de ah\u00ed que el Consistorio haya puesto en marcha varias iniciativas de movilidad sostenible, como la ampliaci\u00f3n de los carriles bici de la ciudad y la red de bicicletas el\u00e9ctricas y de postes de recarga para veh\u00edculos el\u00e9ctricos.<\/p>\n","protected":false},"excerpt":{"rendered":"<p>La empresa Lodisna inicia en Pamplona un nuevo servicio de \u00faltima milla m\u00e1s sostenible y respetuoso con el medio ambiente<\/p>\n","protected":false},"author":1,"featured_media":42419,"comment_status":"open","ping_status":"closed","sticky":false,"template":"","format":"standard","meta":{"footnotes":""},"categories":[2],"tags":[],"class_list":["post-42418","post","type-post","status-publish","format-standard","has-post-thumbnail","hentry","category-ayuntamiento-pamplona"],"yoast_head":"<!-- This site is optimized with the Yoast SEO plugin v27.3 - https:\/\/yoast.com\/product\/yoast-seo-wordpress\/ -->\n<title>Pamplona promueve el uso de veh\u00edculos el\u00e9ctricos en el reparto de mercanc\u00edas en la ciudad<\/title>\n<meta name=\"description\" content=\"La empresa Lodisna inicia en Pamplona un nuevo servicio de \u00faltima milla m\u00e1s sostenible y respetuoso con el medio ambiente\" \/>\n<meta name=\"robots\" content=\"index, follow, max-snippet:-1, max-image-preview:large, max-video-preview:-1\" \/>\n<link rel=\"canonical\" href=\"https:\/\/www.laguiadepamplona.com\/actualidad\/pamplona-promueve-el-uso-de-vehiculos-electricos-en-el-reparto-de-mercancias-en-la-ciudad\/\" \/>\n<meta property=\"og:locale\" content=\"es_ES\" \/>\n<meta property=\"og:type\" content=\"article\" \/>\n<meta property=\"og:title\" content=\"Pamplona promueve el uso de veh\u00edculos el\u00e9ctricos en el reparto de mercanc\u00edas en la ciudad\" \/>\n<meta property=\"og:description\" content=\"La empresa Lodisna inicia en Pamplona un nuevo servicio de \u00faltima milla m\u00e1s sostenible y respetuoso con el medio ambiente\" \/>\n<meta property=\"og:url\" content=\"https:\/\/www.laguiadepamplona.com\/actualidad\/pamplona-promueve-el-uso-de-vehiculos-electricos-en-el-reparto-de-mercancias-en-la-ciudad\/\" \/>\n<meta property=\"og:site_name\" content=\"La Gu\u00eda de Pamplona\" \/>\n<meta property=\"article:publisher\" content=\"https:\/\/www.facebook.com\/laguiadepamplonacom-133175176762273\/?ref=hl\" \/>\n<meta property=\"article:published_time\" content=\"2022-12-13T19:09:36+00:00\" \/>\n<meta property=\"article:modified_time\" content=\"2023-04-11T09:47:29+00:00\" \/>\n<meta property=\"og:image\" content=\"https:\/\/www.laguiadepamplona.com\/actualidad\/wp-content\/uploads\/2022\/12\/q5a6405electricos22-12-13_0.webp\" \/>\n\t<meta property=\"og:image:width\" content=\"1920\" \/>\n\t<meta property=\"og:image:height\" content=\"1281\" \/>\n\t<meta property=\"og:image:type\" content=\"image\/webp\" \/>\n<meta name=\"author\" content=\"La Gu\u00eda de Pamplona\" \/>\n<meta name=\"twitter:card\" content=\"summary_large_image\" \/>\n<meta name=\"twitter:creator\" content=\"@LaGuiadPamplona\" \/>\n<meta name=\"twitter:site\" content=\"@LaGuiadPamplona\" \/>\n<meta name=\"twitter:label1\" content=\"Escrito por\" \/>\n\t<meta name=\"twitter:data1\" content=\"La Gu\u00eda de Pamplona\" \/>\n\t<meta name=\"twitter:label2\" content=\"Tiempo de lectura\" \/>\n\t<meta name=\"twitter:data2\" content=\"3 minutos\" \/>\n<script type=\"application\/ld+json\" class=\"yoast-schema-graph\">{\"@context\":\"https:\\\/\\\/schema.org\",\"@graph\":[{\"@type\":\"Article\",\"@id\":\"https:\\\/\\\/www.laguiadepamplona.com\\\/actualidad\\\/pamplona-promueve-el-uso-de-vehiculos-electricos-en-el-reparto-de-mercancias-en-la-ciudad\\\/#article\",\"isPartOf\":{\"@id\":\"https:\\\/\\\/www.laguiadepamplona.com\\\/actualidad\\\/pamplona-promueve-el-uso-de-vehiculos-electricos-en-el-reparto-de-mercancias-en-la-ciudad\\\/\"},\"author\":{\"name\":\"La Gu\u00eda de Pamplona\",\"@id\":\"https:\\\/\\\/www.laguiadepamplona.com\\\/actualidad\\\/#\\\/schema\\\/person\\\/efe887376f0213d4657c93adc50b1fdb\"},\"headline\":\"Pamplona promueve el uso de veh\u00edculos el\u00e9ctricos en el reparto de mercanc\u00edas en la ciudad\",\"datePublished\":\"2022-12-13T19:09:36+00:00\",\"dateModified\":\"2023-04-11T09:47:29+00:00\",\"mainEntityOfPage\":{\"@id\":\"https:\\\/\\\/www.laguiadepamplona.com\\\/actualidad\\\/pamplona-promueve-el-uso-de-vehiculos-electricos-en-el-reparto-de-mercancias-en-la-ciudad\\\/\"},\"wordCount\":661,\"commentCount\":0,\"publisher\":{\"@id\":\"https:\\\/\\\/www.laguiadepamplona.com\\\/actualidad\\\/#organization\"},\"image\":{\"@id\":\"https:\\\/\\\/www.laguiadepamplona.com\\\/actualidad\\\/pamplona-promueve-el-uso-de-vehiculos-electricos-en-el-reparto-de-mercancias-en-la-ciudad\\\/#primaryimage\"},\"thumbnailUrl\":\"https:\\\/\\\/www.laguiadepamplona.com\\\/actualidad\\\/wp-content\\\/uploads\\\/2022\\\/12\\\/q5a6405electricos22-12-13_0.webp\",\"articleSection\":[\"Ayto Pamplona\"],\"inLanguage\":\"es\",\"potentialAction\":[{\"@type\":\"CommentAction\",\"name\":\"Comment\",\"target\":[\"https:\\\/\\\/www.laguiadepamplona.com\\\/actualidad\\\/pamplona-promueve-el-uso-de-vehiculos-electricos-en-el-reparto-de-mercancias-en-la-ciudad\\\/#respond\"]}]},{\"@type\":\"WebPage\",\"@id\":\"https:\\\/\\\/www.laguiadepamplona.com\\\/actualidad\\\/pamplona-promueve-el-uso-de-vehiculos-electricos-en-el-reparto-de-mercancias-en-la-ciudad\\\/\",\"url\":\"https:\\\/\\\/www.laguiadepamplona.com\\\/actualidad\\\/pamplona-promueve-el-uso-de-vehiculos-electricos-en-el-reparto-de-mercancias-en-la-ciudad\\\/\",\"name\":\"Pamplona promueve el uso de veh\u00edculos el\u00e9ctricos en el reparto de mercanc\u00edas en la ciudad\",\"isPartOf\":{\"@id\":\"https:\\\/\\\/www.laguiadepamplona.com\\\/actualidad\\\/#website\"},\"primaryImageOfPage\":{\"@id\":\"https:\\\/\\\/www.laguiadepamplona.com\\\/actualidad\\\/pamplona-promueve-el-uso-de-vehiculos-electricos-en-el-reparto-de-mercancias-en-la-ciudad\\\/#primaryimage\"},\"image\":{\"@id\":\"https:\\\/\\\/www.laguiadepamplona.com\\\/actualidad\\\/pamplona-promueve-el-uso-de-vehiculos-electricos-en-el-reparto-de-mercancias-en-la-ciudad\\\/#primaryimage\"},\"thumbnailUrl\":\"https:\\\/\\\/www.laguiadepamplona.com\\\/actualidad\\\/wp-content\\\/uploads\\\/2022\\\/12\\\/q5a6405electricos22-12-13_0.webp\",\"datePublished\":\"2022-12-13T19:09:36+00:00\",\"dateModified\":\"2023-04-11T09:47:29+00:00\",\"description\":\"La empresa Lodisna inicia en Pamplona un nuevo servicio de \u00faltima milla m\u00e1s sostenible y respetuoso con el medio ambiente\",\"breadcrumb\":{\"@id\":\"https:\\\/\\\/www.laguiadepamplona.com\\\/actualidad\\\/pamplona-promueve-el-uso-de-vehiculos-electricos-en-el-reparto-de-mercancias-en-la-ciudad\\\/#breadcrumb\"},\"inLanguage\":\"es\",\"potentialAction\":[{\"@type\":\"ReadAction\",\"target\":[\"https:\\\/\\\/www.laguiadepamplona.com\\\/actualidad\\\/pamplona-promueve-el-uso-de-vehiculos-electricos-en-el-reparto-de-mercancias-en-la-ciudad\\\/\"]}]},{\"@type\":\"ImageObject\",\"inLanguage\":\"es\",\"@id\":\"https:\\\/\\\/www.laguiadepamplona.com\\\/actualidad\\\/pamplona-promueve-el-uso-de-vehiculos-electricos-en-el-reparto-de-mercancias-en-la-ciudad\\\/#primaryimage\",\"url\":\"https:\\\/\\\/www.laguiadepamplona.com\\\/actualidad\\\/wp-content\\\/uploads\\\/2022\\\/12\\\/q5a6405electricos22-12-13_0.webp\",\"contentUrl\":\"https:\\\/\\\/www.laguiadepamplona.com\\\/actualidad\\\/wp-content\\\/uploads\\\/2022\\\/12\\\/q5a6405electricos22-12-13_0.webp\",\"width\":1920,\"height\":1281},{\"@type\":\"BreadcrumbList\",\"@id\":\"https:\\\/\\\/www.laguiadepamplona.com\\\/actualidad\\\/pamplona-promueve-el-uso-de-vehiculos-electricos-en-el-reparto-de-mercancias-en-la-ciudad\\\/#breadcrumb\",\"itemListElement\":[{\"@type\":\"ListItem\",\"position\":1,\"name\":\"Portada\",\"item\":\"https:\\\/\\\/www.laguiadepamplona.com\\\/actualidad\\\/\"},{\"@type\":\"ListItem\",\"position\":2,\"name\":\"Pamplona promueve el uso de veh\u00edculos el\u00e9ctricos en el reparto de mercanc\u00edas en la ciudad\"}]},{\"@type\":\"WebSite\",\"@id\":\"https:\\\/\\\/www.laguiadepamplona.com\\\/actualidad\\\/#website\",\"url\":\"https:\\\/\\\/www.laguiadepamplona.com\\\/actualidad\\\/\",\"name\":\"La gu\u00eda de Pamplona\",\"description\":\"Noticias de Pamplona\",\"publisher\":{\"@id\":\"https:\\\/\\\/www.laguiadepamplona.com\\\/actualidad\\\/#organization\"},\"potentialAction\":[{\"@type\":\"SearchAction\",\"target\":{\"@type\":\"EntryPoint\",\"urlTemplate\":\"https:\\\/\\\/www.laguiadepamplona.com\\\/actualidad\\\/?s={search_term_string}\"},\"query-input\":{\"@type\":\"PropertyValueSpecification\",\"valueRequired\":true,\"valueName\":\"search_term_string\"}}],\"inLanguage\":\"es\"},{\"@type\":\"Organization\",\"@id\":\"https:\\\/\\\/www.laguiadepamplona.com\\\/actualidad\\\/#organization\",\"name\":\"La Gu\u00eda de Pamplona \\\/ Noticias\",\"url\":\"https:\\\/\\\/www.laguiadepamplona.com\\\/actualidad\\\/\",\"logo\":{\"@type\":\"ImageObject\",\"inLanguage\":\"es\",\"@id\":\"https:\\\/\\\/www.laguiadepamplona.com\\\/actualidad\\\/#\\\/schema\\\/logo\\\/image\\\/\",\"url\":\"https:\\\/\\\/www.laguiadepamplona.com\\\/actualidad\\\/wp-content\\\/uploads\\\/2018\\\/11\\\/logo-laguiadepamplona18-web1.png\",\"contentUrl\":\"https:\\\/\\\/www.laguiadepamplona.com\\\/actualidad\\\/wp-content\\\/uploads\\\/2018\\\/11\\\/logo-laguiadepamplona18-web1.png\",\"width\":600,\"height\":196,\"caption\":\"La Gu\u00eda de Pamplona \\\/ Noticias\"},\"image\":{\"@id\":\"https:\\\/\\\/www.laguiadepamplona.com\\\/actualidad\\\/#\\\/schema\\\/logo\\\/image\\\/\"},\"sameAs\":[\"https:\\\/\\\/www.facebook.com\\\/laguiadepamplonacom-133175176762273\\\/?ref=hl\",\"https:\\\/\\\/x.com\\\/LaGuiadPamplona\",\"https:\\\/\\\/www.instagram.com\\\/la_guia_de_pamplona\\\/\",\"https:\\\/\\\/www.youtube.com\\\/user\\\/laguiadepamplona\"]},{\"@type\":\"Person\",\"@id\":\"https:\\\/\\\/www.laguiadepamplona.com\\\/actualidad\\\/#\\\/schema\\\/person\\\/efe887376f0213d4657c93adc50b1fdb\",\"name\":\"La Gu\u00eda de Pamplona\",\"image\":{\"@type\":\"ImageObject\",\"inLanguage\":\"es\",\"@id\":\"https:\\\/\\\/secure.gravatar.com\\\/avatar\\\/b6992f131dc8d30ab0dff15446e9d346d9dbd95992de0fef795073f5ea83a81c?s=96&d=mm&r=g\",\"url\":\"https:\\\/\\\/secure.gravatar.com\\\/avatar\\\/b6992f131dc8d30ab0dff15446e9d346d9dbd95992de0fef795073f5ea83a81c?s=96&d=mm&r=g\",\"contentUrl\":\"https:\\\/\\\/secure.gravatar.com\\\/avatar\\\/b6992f131dc8d30ab0dff15446e9d346d9dbd95992de0fef795073f5ea83a81c?s=96&d=mm&r=g\",\"caption\":\"La Gu\u00eda de Pamplona\"}}]}<\/script>\n<!-- \/ Yoast SEO plugin. -->","yoast_head_json":{"title":"Pamplona promueve el uso de veh\u00edculos el\u00e9ctricos en el reparto de mercanc\u00edas en la ciudad","description":"La empresa Lodisna inicia en Pamplona un nuevo servicio de \u00faltima milla m\u00e1s sostenible y respetuoso con el medio ambiente","robots":{"index":"index","follow":"follow","max-snippet":"max-snippet:-1","max-image-preview":"max-image-preview:large","max-video-preview":"max-video-preview:-1"},"canonical":"https:\/\/www.laguiadepamplona.com\/actualidad\/pamplona-promueve-el-uso-de-vehiculos-electricos-en-el-reparto-de-mercancias-en-la-ciudad\/","og_locale":"es_ES","og_type":"article","og_title":"Pamplona promueve el uso de veh\u00edculos el\u00e9ctricos en el reparto de mercanc\u00edas en la ciudad","og_description":"La empresa Lodisna inicia en Pamplona un nuevo servicio de \u00faltima milla m\u00e1s sostenible y respetuoso con el medio ambiente","og_url":"https:\/\/www.laguiadepamplona.com\/actualidad\/pamplona-promueve-el-uso-de-vehiculos-electricos-en-el-reparto-de-mercancias-en-la-ciudad\/","og_site_name":"La Gu\u00eda de Pamplona","article_publisher":"https:\/\/www.facebook.com\/laguiadepamplonacom-133175176762273\/?ref=hl","article_published_time":"2022-12-13T19:09:36+00:00","article_modified_time":"2023-04-11T09:47:29+00:00","og_image":[{"width":1920,"height":1281,"url":"https:\/\/www.laguiadepamplona.com\/actualidad\/wp-content\/uploads\/2022\/12\/q5a6405electricos22-12-13_0.webp","type":"image\/webp"}],"author":"La Gu\u00eda de Pamplona","twitter_card":"summary_large_image","twitter_creator":"@LaGuiadPamplona","twitter_site":"@LaGuiadPamplona","twitter_misc":{"Escrito por":"La Gu\u00eda de Pamplona","Tiempo de lectura":"3 minutos"},"schema":{"@context":"https:\/\/schema.org","@graph":[{"@type":"Article","@id":"https:\/\/www.laguiadepamplona.com\/actualidad\/pamplona-promueve-el-uso-de-vehiculos-electricos-en-el-reparto-de-mercancias-en-la-ciudad\/#article","isPartOf":{"@id":"https:\/\/www.laguiadepamplona.com\/actualidad\/pamplona-promueve-el-uso-de-vehiculos-electricos-en-el-reparto-de-mercancias-en-la-ciudad\/"},"author":{"name":"La Gu\u00eda de Pamplona","@id":"https:\/\/www.laguiadepamplona.com\/actualidad\/#\/schema\/person\/efe887376f0213d4657c93adc50b1fdb"},"headline":"Pamplona promueve el uso de veh\u00edculos el\u00e9ctricos en el reparto de mercanc\u00edas en la ciudad","datePublished":"2022-12-13T19:09:36+00:00","dateModified":"2023-04-11T09:47:29+00:00","mainEntityOfPage":{"@id":"https:\/\/www.laguiadepamplona.com\/actualidad\/pamplona-promueve-el-uso-de-vehiculos-electricos-en-el-reparto-de-mercancias-en-la-ciudad\/"},"wordCount":661,"commentCount":0,"publisher":{"@id":"https:\/\/www.laguiadepamplona.com\/actualidad\/#organization"},"image":{"@id":"https:\/\/www.laguiadepamplona.com\/actualidad\/pamplona-promueve-el-uso-de-vehiculos-electricos-en-el-reparto-de-mercancias-en-la-ciudad\/#primaryimage"},"thumbnailUrl":"https:\/\/www.laguiadepamplona.com\/actualidad\/wp-content\/uploads\/2022\/12\/q5a6405electricos22-12-13_0.webp","articleSection":["Ayto Pamplona"],"inLanguage":"es","potentialAction":[{"@type":"CommentAction","name":"Comment","target":["https:\/\/www.laguiadepamplona.com\/actualidad\/pamplona-promueve-el-uso-de-vehiculos-electricos-en-el-reparto-de-mercancias-en-la-ciudad\/#respond"]}]},{"@type":"WebPage","@id":"https:\/\/www.laguiadepamplona.com\/actualidad\/pamplona-promueve-el-uso-de-vehiculos-electricos-en-el-reparto-de-mercancias-en-la-ciudad\/","url":"https:\/\/www.laguiadepamplona.com\/actualidad\/pamplona-promueve-el-uso-de-vehiculos-electricos-en-el-reparto-de-mercancias-en-la-ciudad\/","name":"Pamplona promueve el uso de veh\u00edculos el\u00e9ctricos en el reparto de mercanc\u00edas en la ciudad","isPartOf":{"@id":"https:\/\/www.laguiadepamplona.com\/actualidad\/#website"},"primaryImageOfPage":{"@id":"https:\/\/www.laguiadepamplona.com\/actualidad\/pamplona-promueve-el-uso-de-vehiculos-electricos-en-el-reparto-de-mercancias-en-la-ciudad\/#primaryimage"},"image":{"@id":"https:\/\/www.laguiadepamplona.com\/actualidad\/pamplona-promueve-el-uso-de-vehiculos-electricos-en-el-reparto-de-mercancias-en-la-ciudad\/#primaryimage"},"thumbnailUrl":"https:\/\/www.laguiadepamplona.com\/actualidad\/wp-content\/uploads\/2022\/12\/q5a6405electricos22-12-13_0.webp","datePublished":"2022-12-13T19:09:36+00:00","dateModified":"2023-04-11T09:47:29+00:00","description":"La empresa Lodisna inicia en Pamplona un nuevo servicio de \u00faltima milla m\u00e1s sostenible y respetuoso con el medio ambiente","breadcrumb":{"@id":"https:\/\/www.laguiadepamplona.com\/actualidad\/pamplona-promueve-el-uso-de-vehiculos-electricos-en-el-reparto-de-mercancias-en-la-ciudad\/#breadcrumb"},"inLanguage":"es","potentialAction":[{"@type":"ReadAction","target":["https:\/\/www.laguiadepamplona.com\/actualidad\/pamplona-promueve-el-uso-de-vehiculos-electricos-en-el-reparto-de-mercancias-en-la-ciudad\/"]}]},{"@type":"ImageObject","inLanguage":"es","@id":"https:\/\/www.laguiadepamplona.com\/actualidad\/pamplona-promueve-el-uso-de-vehiculos-electricos-en-el-reparto-de-mercancias-en-la-ciudad\/#primaryimage","url":"https:\/\/www.laguiadepamplona.com\/actualidad\/wp-content\/uploads\/2022\/12\/q5a6405electricos22-12-13_0.webp","contentUrl":"https:\/\/www.laguiadepamplona.com\/actualidad\/wp-content\/uploads\/2022\/12\/q5a6405electricos22-12-13_0.webp","width":1920,"height":1281},{"@type":"BreadcrumbList","@id":"https:\/\/www.laguiadepamplona.com\/actualidad\/pamplona-promueve-el-uso-de-vehiculos-electricos-en-el-reparto-de-mercancias-en-la-ciudad\/#breadcrumb","itemListElement":[{"@type":"ListItem","position":1,"name":"Portada","item":"https:\/\/www.laguiadepamplona.com\/actualidad\/"},{"@type":"ListItem","position":2,"name":"Pamplona promueve el uso de veh\u00edculos el\u00e9ctricos en el reparto de mercanc\u00edas en la ciudad"}]},{"@type":"WebSite","@id":"https:\/\/www.laguiadepamplona.com\/actualidad\/#website","url":"https:\/\/www.laguiadepamplona.com\/actualidad\/","name":"La gu\u00eda de Pamplona","description":"Noticias de Pamplona","publisher":{"@id":"https:\/\/www.laguiadepamplona.com\/actualidad\/#organization"},"potentialAction":[{"@type":"SearchAction","target":{"@type":"EntryPoint","urlTemplate":"https:\/\/www.laguiadepamplona.com\/actualidad\/?s={search_term_string}"},"query-input":{"@type":"PropertyValueSpecification","valueRequired":true,"valueName":"search_term_string"}}],"inLanguage":"es"},{"@type":"Organization","@id":"https:\/\/www.laguiadepamplona.com\/actualidad\/#organization","name":"La Gu\u00eda de Pamplona \/ Noticias","url":"https:\/\/www.laguiadepamplona.com\/actualidad\/","logo":{"@type":"ImageObject","inLanguage":"es","@id":"https:\/\/www.laguiadepamplona.com\/actualidad\/#\/schema\/logo\/image\/","url":"https:\/\/www.laguiadepamplona.com\/actualidad\/wp-content\/uploads\/2018\/11\/logo-laguiadepamplona18-web1.png","contentUrl":"https:\/\/www.laguiadepamplona.com\/actualidad\/wp-content\/uploads\/2018\/11\/logo-laguiadepamplona18-web1.png","width":600,"height":196,"caption":"La Gu\u00eda de Pamplona \/ Noticias"},"image":{"@id":"https:\/\/www.laguiadepamplona.com\/actualidad\/#\/schema\/logo\/image\/"},"sameAs":["https:\/\/www.facebook.com\/laguiadepamplonacom-133175176762273\/?ref=hl","https:\/\/x.com\/LaGuiadPamplona","https:\/\/www.instagram.com\/la_guia_de_pamplona\/","https:\/\/www.youtube.com\/user\/laguiadepamplona"]},{"@type":"Person","@id":"https:\/\/www.laguiadepamplona.com\/actualidad\/#\/schema\/person\/efe887376f0213d4657c93adc50b1fdb","name":"La Gu\u00eda de Pamplona","image":{"@type":"ImageObject","inLanguage":"es","@id":"https:\/\/secure.gravatar.com\/avatar\/b6992f131dc8d30ab0dff15446e9d346d9dbd95992de0fef795073f5ea83a81c?s=96&d=mm&r=g","url":"https:\/\/secure.gravatar.com\/avatar\/b6992f131dc8d30ab0dff15446e9d346d9dbd95992de0fef795073f5ea83a81c?s=96&d=mm&r=g","contentUrl":"https:\/\/secure.gravatar.com\/avatar\/b6992f131dc8d30ab0dff15446e9d346d9dbd95992de0fef795073f5ea83a81c?s=96&d=mm&r=g","caption":"La Gu\u00eda de Pamplona"}}]}},"post_mailing_queue_ids":[],"_links":{"self":[{"href":"https:\/\/www.laguiadepamplona.com\/actualidad\/wp-json\/wp\/v2\/posts\/42418","targetHints":{"allow":["GET"]}}],"collection":[{"href":"https:\/\/www.laguiadepamplona.com\/actualidad\/wp-json\/wp\/v2\/posts"}],"about":[{"href":"https:\/\/www.laguiadepamplona.com\/actualidad\/wp-json\/wp\/v2\/types\/post"}],"author":[{"embeddable":true,"href":"https:\/\/www.laguiadepamplona.com\/actualidad\/wp-json\/wp\/v2\/users\/1"}],"replies":[{"embeddable":true,"href":"https:\/\/www.laguiadepamplona.com\/actualidad\/wp-json\/wp\/v2\/comments?post=42418"}],"version-history":[{"count":0,"href":"https:\/\/www.laguiadepamplona.com\/actualidad\/wp-json\/wp\/v2\/posts\/42418\/revisions"}],"wp:featuredmedia":[{"embeddable":true,"href":"https:\/\/www.laguiadepamplona.com\/actualidad\/wp-json\/wp\/v2\/media\/42419"}],"wp:attachment":[{"href":"https:\/\/www.laguiadepamplona.com\/actualidad\/wp-json\/wp\/v2\/media?parent=42418"}],"wp:term":[{"taxonomy":"category","embeddable":true,"href":"https:\/\/www.laguiadepamplona.com\/actualidad\/wp-json\/wp\/v2\/categories?post=42418"},{"taxonomy":"post_tag","embeddable":true,"href":"https:\/\/www.laguiadepamplona.com\/actualidad\/wp-json\/wp\/v2\/tags?post=42418"}],"curies":[{"name":"wp","href":"https:\/\/api.w.org\/{rel}","templated":true}]}}