{"id":42410,"date":"2022-12-13T21:04:47","date_gmt":"2022-12-13T19:04:47","guid":{"rendered":"https:\/\/www.laguiadepamplona.com\/actualidad\/?p=42410"},"modified":"2023-04-11T11:47:29","modified_gmt":"2023-04-11T09:47:29","slug":"arte-ciencia-y-leyendas-del-camino-de-santiago-en-dos-exposiciones-que-se-abren-en-condestable-hasta-el-9-de-enero","status":"publish","type":"post","link":"https:\/\/www.laguiadepamplona.com\/actualidad\/arte-ciencia-y-leyendas-del-camino-de-santiago-en-dos-exposiciones-que-se-abren-en-condestable-hasta-el-9-de-enero\/","title":{"rendered":"Arte, ciencia y leyendas del Camino de Santiago en dos exposiciones que se abren en Condestable hasta el 9 de enero"},"content":{"rendered":"<h5>Es una iniciativa en colaboraci\u00f3n de Ayuntamiento, Liga de Asociaciones de Periodistas del Camino de Santiago y Asociaci\u00f3n de Periodistas de Navarra<\/h5>\n<p><!--more--><\/p>\n<p>El Palacio del Condestable acoge, desde hoy y hasta el 9 de enero, dos muestras expositivas vinculadas a la Ruta Jacobea que se han dise\u00f1ado en colaboraci\u00f3n con la Liga de Asociaciones de Periodistas del Camino de Santiago y la y Asociaci\u00f3n de Periodistas de Navarra. Hasta ese d\u00eda, en la calle Mayor, 2 se podr\u00e1n visitar \u201cUna mirada de los artistas navarros al conocimiento del Camino\u201d y \u201cEl conocimiento del Camino\u201d, dos propuestas entre art\u00edsticas e informativas que esta ma\u00f1ana han recibido la visita de Enrique Maya, alcalde de Pamplona y actual presidente de la Asociaci\u00f3n de Municipios del Camino de Santiago, y de Patxi P\u00e9rez, presidente de la Liga de Asociaciones de Periodistas del Camino de Santiago.<\/p>\n<p>La primera de las exposiciones recala en Pamplona tras haber sido inaugurada a principios de este a\u00f1o en la sede del Parlamento Foral y haber itinerado por diferentes localidades de Navarra, entre ellas Viana, Los Arcos, Puente la Reina, Estella, Valcarlos, Cizur Menor o Sang\u00fcesa. Est\u00e1 promovida por la Asociaci\u00f3n de Periodistas de Navarra con motivo del A\u00f1o Santo Compostelano 2021-2022. La muestra recoge 36 obras, pinturas, tallas y esculturas, relacionadas con la Ruta Jacobea a su paso por Navarra, algunas expresamente elaboradas para la ocasi\u00f3n. Son creaciones que plasman paisajes, monumentos o localidades, as\u00ed como escudos, puentes o cochas del peregrino.<br \/>\n<script async src=\"\/\/pagead2.googlesyndication.com\/pagead\/js\/adsbygoogle.js\"><\/script><br \/>\n<!-- Noticias La Guia de Pamplona --><br \/>\n<ins class=\"adsbygoogle\"\nstyle=\"display:block\"\ndata-ad-client=\"ca-pub-6943679897239327\"\ndata-ad-slot=\"7048180777\"\ndata-ad-format=\"auto\"><\/ins><br \/>\n<script>\n(adsbygoogle = window.adsbygoogle || []).push({});\n<\/script><\/p>\n<p>Las creaciones est\u00e1n firmadas por una veintena de artistas reconocidos: Faustino Aizkorbe, Ricardo Baroja, Francis Bartolozzi, Jaime Basiano, Jes\u00fas Basiano, Javier Ciga, Carlos Ciriza, Alfredo D\u00edaz de Cerio, Arturo Gracia, Antonio Laita, Jes\u00fas Lasterra, Pedro Lozano de Sot\u00e9s, Ana Mari Mar\u00edn, Juan Carlos Pikabea, Florentino Fern\u00e1ndez Retana, Narciso Rota, Pedro Salaberri, Ces\u00e1reo Soul\u00e9, Miguel Javier Urmeneta e In\u00e9s Zudaire, Koke Ardaiz, y Xabier Morras.<\/p>\n<p>La segunda muestra, \u201cEl conocimiento del Camino\u201d, tiene un componente m\u00e1s informativo. Promovida por la Liga de Asociaciones de Periodistas del Camino de Santiago es tambi\u00e9n una propuesta itinerante, en este caso, por las comunidades aut\u00f3nomas del llamado Camino franc\u00e9s. Ha estado ya en Galicia (Coru\u00f1a y Lugo), Castilla Le\u00f3n (Le\u00f3n y Burgos), La Rioja y Arag\u00f3n y, tras pasar por Pamplona, volver\u00e1 a Castilla Le\u00f3n (Palencia).<\/p>\n<p>Est\u00e1 compuesta por nueve totems piramidales que van recogiendo informaci\u00f3n sobre el ap\u00f3stol, la V\u00eda L\u00e1ctea, el papel de los caballeros templarios en el Ruta o las diferentes infraestructuras que surgieron en su entorno para hacerla posible (puentes, vados, posadas, hospitales etc.). En los paneles tambi\u00e9n se reflejan las leyendas y las referencias literarias al Camino de Santiago, as\u00ed como la explicaci\u00f3n del Juego de la Oca como mapa para el peregrino. Los t\u00f3tems han sido producidos en colaboraci\u00f3n con la ONCE para incorporar los textos en lenguaje braille.<br \/>\n<script async src=\"\/\/pagead2.googlesyndication.com\/pagead\/js\/adsbygoogle.js\"><\/script><br \/>\n<!-- Noticias La Guia de Pamplona --><br \/>\n<ins class=\"adsbygoogle\"\nstyle=\"display:block\"\ndata-ad-client=\"ca-pub-6943679897239327\"\ndata-ad-slot=\"7048180777\"\ndata-ad-format=\"auto\"><\/ins><br \/>\n<script>\n(adsbygoogle = window.adsbygoogle || []).push({});\n<\/script><\/p>\n<p>En ese mismo espacio se puede utilizar \u2018OCamino\u2019, un tablero de 20 m<sup>2<\/sup> de superficie elaborado en lona y que se acompa\u00f1a con fichas y dados de gran tama\u00f1o. El juego desarrolla el Camino entrando por Valcarlos y Somport, en dos itinerarios que se unen en Puente la Reina. Los contenidos gr\u00e1ficos de la exposici\u00f3n est\u00e1n compuestos por una treintena de fotograf\u00edas de 50&#215;40 cent\u00edmetros firmadas por los fotoperiodistas navarros Villar L\u00f3pez y Pablo Lasaosa.<\/p>\n<p>Las exposiciones se pueden ver en el patio y en los corredores de la primera planta del Palacio del Condestable, enclavado en la calle principal de la Ruta Jacobea en su paso por Pamplona. Estar\u00e1n abiertas al p\u00fablico en horario de lunes a viernes de 9 a 22 horas y los s\u00e1bados y domingos en ese mismo horario, aunque con cierre entre las 14 y las 17. Los d\u00edas 24 y 31 de diciembre el horario ser\u00e1 de 9 a 14 horas y los d\u00edas 25 y 26 de diciembre y 1 y 6 de enero, el edificio permanecer\u00e1 cerrado.<\/p>\n","protected":false},"excerpt":{"rendered":"<p>Es una iniciativa en colaboraci\u00f3n de Ayuntamiento, Liga de Asociaciones de Periodistas del Camino de Santiago y Asociaci\u00f3n de Periodistas de Navarra<\/p>\n","protected":false},"author":1,"featured_media":42411,"comment_status":"open","ping_status":"closed","sticky":false,"template":"","format":"standard","meta":{"footnotes":""},"categories":[2],"tags":[],"class_list":["post-42410","post","type-post","status-publish","format-standard","has-post-thumbnail","hentry","category-ayuntamiento-pamplona"],"yoast_head":"<!-- This site is optimized with the Yoast SEO plugin v27.3 - https:\/\/yoast.com\/product\/yoast-seo-wordpress\/ -->\n<title>Arte, ciencia y leyendas del Camino de Santiago en dos exposiciones que se abren en Condestable hasta el 9 de enero<\/title>\n<meta name=\"description\" content=\"Es una iniciativa en colaboraci\u00f3n de Ayuntamiento, Liga de Asociaciones de Periodistas del Camino de Santiago y Asociaci\u00f3n de Periodistas de Navarra\" \/>\n<meta name=\"robots\" content=\"index, follow, max-snippet:-1, max-image-preview:large, max-video-preview:-1\" \/>\n<link rel=\"canonical\" href=\"https:\/\/www.laguiadepamplona.com\/actualidad\/arte-ciencia-y-leyendas-del-camino-de-santiago-en-dos-exposiciones-que-se-abren-en-condestable-hasta-el-9-de-enero\/\" \/>\n<meta property=\"og:locale\" content=\"es_ES\" \/>\n<meta property=\"og:type\" content=\"article\" \/>\n<meta property=\"og:title\" content=\"Arte, ciencia y leyendas del Camino de Santiago en dos exposiciones que se abren en Condestable hasta el 9 de enero\" \/>\n<meta property=\"og:description\" content=\"Es una iniciativa en colaboraci\u00f3n de Ayuntamiento, Liga de Asociaciones de Periodistas del Camino de Santiago y Asociaci\u00f3n de Periodistas de Navarra\" \/>\n<meta property=\"og:url\" content=\"https:\/\/www.laguiadepamplona.com\/actualidad\/arte-ciencia-y-leyendas-del-camino-de-santiago-en-dos-exposiciones-que-se-abren-en-condestable-hasta-el-9-de-enero\/\" \/>\n<meta property=\"og:site_name\" content=\"La Gu\u00eda de Pamplona\" \/>\n<meta property=\"article:publisher\" content=\"https:\/\/www.facebook.com\/laguiadepamplonacom-133175176762273\/?ref=hl\" \/>\n<meta property=\"article:published_time\" content=\"2022-12-13T19:04:47+00:00\" \/>\n<meta property=\"article:modified_time\" content=\"2023-04-11T09:47:29+00:00\" \/>\n<meta property=\"og:image\" content=\"https:\/\/www.laguiadepamplona.com\/actualidad\/wp-content\/uploads\/2022\/12\/q5a6305csantiago22-12-13.webp\" \/>\n\t<meta property=\"og:image:width\" content=\"1920\" \/>\n\t<meta property=\"og:image:height\" content=\"1281\" \/>\n\t<meta property=\"og:image:type\" content=\"image\/webp\" \/>\n<meta name=\"author\" content=\"La Gu\u00eda de Pamplona\" \/>\n<meta name=\"twitter:card\" content=\"summary_large_image\" \/>\n<meta name=\"twitter:creator\" content=\"@LaGuiadPamplona\" \/>\n<meta name=\"twitter:site\" content=\"@LaGuiadPamplona\" \/>\n<meta name=\"twitter:label1\" content=\"Escrito por\" \/>\n\t<meta name=\"twitter:data1\" content=\"La Gu\u00eda de Pamplona\" \/>\n\t<meta name=\"twitter:label2\" content=\"Tiempo de lectura\" \/>\n\t<meta name=\"twitter:data2\" content=\"3 minutos\" \/>\n<script type=\"application\/ld+json\" class=\"yoast-schema-graph\">{\"@context\":\"https:\\\/\\\/schema.org\",\"@graph\":[{\"@type\":\"Article\",\"@id\":\"https:\\\/\\\/www.laguiadepamplona.com\\\/actualidad\\\/arte-ciencia-y-leyendas-del-camino-de-santiago-en-dos-exposiciones-que-se-abren-en-condestable-hasta-el-9-de-enero\\\/#article\",\"isPartOf\":{\"@id\":\"https:\\\/\\\/www.laguiadepamplona.com\\\/actualidad\\\/arte-ciencia-y-leyendas-del-camino-de-santiago-en-dos-exposiciones-que-se-abren-en-condestable-hasta-el-9-de-enero\\\/\"},\"author\":{\"name\":\"La Gu\u00eda de Pamplona\",\"@id\":\"https:\\\/\\\/www.laguiadepamplona.com\\\/actualidad\\\/#\\\/schema\\\/person\\\/efe887376f0213d4657c93adc50b1fdb\"},\"headline\":\"Arte, ciencia y leyendas del Camino de Santiago en dos exposiciones que se abren en Condestable hasta el 9 de enero\",\"datePublished\":\"2022-12-13T19:04:47+00:00\",\"dateModified\":\"2023-04-11T09:47:29+00:00\",\"mainEntityOfPage\":{\"@id\":\"https:\\\/\\\/www.laguiadepamplona.com\\\/actualidad\\\/arte-ciencia-y-leyendas-del-camino-de-santiago-en-dos-exposiciones-que-se-abren-en-condestable-hasta-el-9-de-enero\\\/\"},\"wordCount\":697,\"commentCount\":0,\"publisher\":{\"@id\":\"https:\\\/\\\/www.laguiadepamplona.com\\\/actualidad\\\/#organization\"},\"image\":{\"@id\":\"https:\\\/\\\/www.laguiadepamplona.com\\\/actualidad\\\/arte-ciencia-y-leyendas-del-camino-de-santiago-en-dos-exposiciones-que-se-abren-en-condestable-hasta-el-9-de-enero\\\/#primaryimage\"},\"thumbnailUrl\":\"https:\\\/\\\/www.laguiadepamplona.com\\\/actualidad\\\/wp-content\\\/uploads\\\/2022\\\/12\\\/q5a6305csantiago22-12-13.webp\",\"articleSection\":[\"Ayto Pamplona\"],\"inLanguage\":\"es\",\"potentialAction\":[{\"@type\":\"CommentAction\",\"name\":\"Comment\",\"target\":[\"https:\\\/\\\/www.laguiadepamplona.com\\\/actualidad\\\/arte-ciencia-y-leyendas-del-camino-de-santiago-en-dos-exposiciones-que-se-abren-en-condestable-hasta-el-9-de-enero\\\/#respond\"]}]},{\"@type\":\"WebPage\",\"@id\":\"https:\\\/\\\/www.laguiadepamplona.com\\\/actualidad\\\/arte-ciencia-y-leyendas-del-camino-de-santiago-en-dos-exposiciones-que-se-abren-en-condestable-hasta-el-9-de-enero\\\/\",\"url\":\"https:\\\/\\\/www.laguiadepamplona.com\\\/actualidad\\\/arte-ciencia-y-leyendas-del-camino-de-santiago-en-dos-exposiciones-que-se-abren-en-condestable-hasta-el-9-de-enero\\\/\",\"name\":\"Arte, ciencia y leyendas del Camino de Santiago en dos exposiciones que se abren en Condestable hasta el 9 de enero\",\"isPartOf\":{\"@id\":\"https:\\\/\\\/www.laguiadepamplona.com\\\/actualidad\\\/#website\"},\"primaryImageOfPage\":{\"@id\":\"https:\\\/\\\/www.laguiadepamplona.com\\\/actualidad\\\/arte-ciencia-y-leyendas-del-camino-de-santiago-en-dos-exposiciones-que-se-abren-en-condestable-hasta-el-9-de-enero\\\/#primaryimage\"},\"image\":{\"@id\":\"https:\\\/\\\/www.laguiadepamplona.com\\\/actualidad\\\/arte-ciencia-y-leyendas-del-camino-de-santiago-en-dos-exposiciones-que-se-abren-en-condestable-hasta-el-9-de-enero\\\/#primaryimage\"},\"thumbnailUrl\":\"https:\\\/\\\/www.laguiadepamplona.com\\\/actualidad\\\/wp-content\\\/uploads\\\/2022\\\/12\\\/q5a6305csantiago22-12-13.webp\",\"datePublished\":\"2022-12-13T19:04:47+00:00\",\"dateModified\":\"2023-04-11T09:47:29+00:00\",\"description\":\"Es una iniciativa en colaboraci\u00f3n de Ayuntamiento, Liga de Asociaciones de Periodistas del Camino de Santiago y Asociaci\u00f3n de Periodistas de Navarra\",\"breadcrumb\":{\"@id\":\"https:\\\/\\\/www.laguiadepamplona.com\\\/actualidad\\\/arte-ciencia-y-leyendas-del-camino-de-santiago-en-dos-exposiciones-que-se-abren-en-condestable-hasta-el-9-de-enero\\\/#breadcrumb\"},\"inLanguage\":\"es\",\"potentialAction\":[{\"@type\":\"ReadAction\",\"target\":[\"https:\\\/\\\/www.laguiadepamplona.com\\\/actualidad\\\/arte-ciencia-y-leyendas-del-camino-de-santiago-en-dos-exposiciones-que-se-abren-en-condestable-hasta-el-9-de-enero\\\/\"]}]},{\"@type\":\"ImageObject\",\"inLanguage\":\"es\",\"@id\":\"https:\\\/\\\/www.laguiadepamplona.com\\\/actualidad\\\/arte-ciencia-y-leyendas-del-camino-de-santiago-en-dos-exposiciones-que-se-abren-en-condestable-hasta-el-9-de-enero\\\/#primaryimage\",\"url\":\"https:\\\/\\\/www.laguiadepamplona.com\\\/actualidad\\\/wp-content\\\/uploads\\\/2022\\\/12\\\/q5a6305csantiago22-12-13.webp\",\"contentUrl\":\"https:\\\/\\\/www.laguiadepamplona.com\\\/actualidad\\\/wp-content\\\/uploads\\\/2022\\\/12\\\/q5a6305csantiago22-12-13.webp\",\"width\":1920,\"height\":1281},{\"@type\":\"BreadcrumbList\",\"@id\":\"https:\\\/\\\/www.laguiadepamplona.com\\\/actualidad\\\/arte-ciencia-y-leyendas-del-camino-de-santiago-en-dos-exposiciones-que-se-abren-en-condestable-hasta-el-9-de-enero\\\/#breadcrumb\",\"itemListElement\":[{\"@type\":\"ListItem\",\"position\":1,\"name\":\"Portada\",\"item\":\"https:\\\/\\\/www.laguiadepamplona.com\\\/actualidad\\\/\"},{\"@type\":\"ListItem\",\"position\":2,\"name\":\"Arte, ciencia y leyendas del Camino de Santiago en dos exposiciones que se abren en Condestable hasta el 9 de enero\"}]},{\"@type\":\"WebSite\",\"@id\":\"https:\\\/\\\/www.laguiadepamplona.com\\\/actualidad\\\/#website\",\"url\":\"https:\\\/\\\/www.laguiadepamplona.com\\\/actualidad\\\/\",\"name\":\"La gu\u00eda de Pamplona\",\"description\":\"Noticias de Pamplona\",\"publisher\":{\"@id\":\"https:\\\/\\\/www.laguiadepamplona.com\\\/actualidad\\\/#organization\"},\"potentialAction\":[{\"@type\":\"SearchAction\",\"target\":{\"@type\":\"EntryPoint\",\"urlTemplate\":\"https:\\\/\\\/www.laguiadepamplona.com\\\/actualidad\\\/?s={search_term_string}\"},\"query-input\":{\"@type\":\"PropertyValueSpecification\",\"valueRequired\":true,\"valueName\":\"search_term_string\"}}],\"inLanguage\":\"es\"},{\"@type\":\"Organization\",\"@id\":\"https:\\\/\\\/www.laguiadepamplona.com\\\/actualidad\\\/#organization\",\"name\":\"La Gu\u00eda de Pamplona \\\/ Noticias\",\"url\":\"https:\\\/\\\/www.laguiadepamplona.com\\\/actualidad\\\/\",\"logo\":{\"@type\":\"ImageObject\",\"inLanguage\":\"es\",\"@id\":\"https:\\\/\\\/www.laguiadepamplona.com\\\/actualidad\\\/#\\\/schema\\\/logo\\\/image\\\/\",\"url\":\"https:\\\/\\\/www.laguiadepamplona.com\\\/actualidad\\\/wp-content\\\/uploads\\\/2018\\\/11\\\/logo-laguiadepamplona18-web1.png\",\"contentUrl\":\"https:\\\/\\\/www.laguiadepamplona.com\\\/actualidad\\\/wp-content\\\/uploads\\\/2018\\\/11\\\/logo-laguiadepamplona18-web1.png\",\"width\":600,\"height\":196,\"caption\":\"La Gu\u00eda de Pamplona \\\/ Noticias\"},\"image\":{\"@id\":\"https:\\\/\\\/www.laguiadepamplona.com\\\/actualidad\\\/#\\\/schema\\\/logo\\\/image\\\/\"},\"sameAs\":[\"https:\\\/\\\/www.facebook.com\\\/laguiadepamplonacom-133175176762273\\\/?ref=hl\",\"https:\\\/\\\/x.com\\\/LaGuiadPamplona\",\"https:\\\/\\\/www.instagram.com\\\/la_guia_de_pamplona\\\/\",\"https:\\\/\\\/www.youtube.com\\\/user\\\/laguiadepamplona\"]},{\"@type\":\"Person\",\"@id\":\"https:\\\/\\\/www.laguiadepamplona.com\\\/actualidad\\\/#\\\/schema\\\/person\\\/efe887376f0213d4657c93adc50b1fdb\",\"name\":\"La Gu\u00eda de Pamplona\",\"image\":{\"@type\":\"ImageObject\",\"inLanguage\":\"es\",\"@id\":\"https:\\\/\\\/secure.gravatar.com\\\/avatar\\\/b6992f131dc8d30ab0dff15446e9d346d9dbd95992de0fef795073f5ea83a81c?s=96&d=mm&r=g\",\"url\":\"https:\\\/\\\/secure.gravatar.com\\\/avatar\\\/b6992f131dc8d30ab0dff15446e9d346d9dbd95992de0fef795073f5ea83a81c?s=96&d=mm&r=g\",\"contentUrl\":\"https:\\\/\\\/secure.gravatar.com\\\/avatar\\\/b6992f131dc8d30ab0dff15446e9d346d9dbd95992de0fef795073f5ea83a81c?s=96&d=mm&r=g\",\"caption\":\"La Gu\u00eda de Pamplona\"}}]}<\/script>\n<!-- \/ Yoast SEO plugin. -->","yoast_head_json":{"title":"Arte, ciencia y leyendas del Camino de Santiago en dos exposiciones que se abren en Condestable hasta el 9 de enero","description":"Es una iniciativa en colaboraci\u00f3n de Ayuntamiento, Liga de Asociaciones de Periodistas del Camino de Santiago y Asociaci\u00f3n de Periodistas de Navarra","robots":{"index":"index","follow":"follow","max-snippet":"max-snippet:-1","max-image-preview":"max-image-preview:large","max-video-preview":"max-video-preview:-1"},"canonical":"https:\/\/www.laguiadepamplona.com\/actualidad\/arte-ciencia-y-leyendas-del-camino-de-santiago-en-dos-exposiciones-que-se-abren-en-condestable-hasta-el-9-de-enero\/","og_locale":"es_ES","og_type":"article","og_title":"Arte, ciencia y leyendas del Camino de Santiago en dos exposiciones que se abren en Condestable hasta el 9 de enero","og_description":"Es una iniciativa en colaboraci\u00f3n de Ayuntamiento, Liga de Asociaciones de Periodistas del Camino de Santiago y Asociaci\u00f3n de Periodistas de Navarra","og_url":"https:\/\/www.laguiadepamplona.com\/actualidad\/arte-ciencia-y-leyendas-del-camino-de-santiago-en-dos-exposiciones-que-se-abren-en-condestable-hasta-el-9-de-enero\/","og_site_name":"La Gu\u00eda de Pamplona","article_publisher":"https:\/\/www.facebook.com\/laguiadepamplonacom-133175176762273\/?ref=hl","article_published_time":"2022-12-13T19:04:47+00:00","article_modified_time":"2023-04-11T09:47:29+00:00","og_image":[{"width":1920,"height":1281,"url":"https:\/\/www.laguiadepamplona.com\/actualidad\/wp-content\/uploads\/2022\/12\/q5a6305csantiago22-12-13.webp","type":"image\/webp"}],"author":"La Gu\u00eda de Pamplona","twitter_card":"summary_large_image","twitter_creator":"@LaGuiadPamplona","twitter_site":"@LaGuiadPamplona","twitter_misc":{"Escrito por":"La Gu\u00eda de Pamplona","Tiempo de lectura":"3 minutos"},"schema":{"@context":"https:\/\/schema.org","@graph":[{"@type":"Article","@id":"https:\/\/www.laguiadepamplona.com\/actualidad\/arte-ciencia-y-leyendas-del-camino-de-santiago-en-dos-exposiciones-que-se-abren-en-condestable-hasta-el-9-de-enero\/#article","isPartOf":{"@id":"https:\/\/www.laguiadepamplona.com\/actualidad\/arte-ciencia-y-leyendas-del-camino-de-santiago-en-dos-exposiciones-que-se-abren-en-condestable-hasta-el-9-de-enero\/"},"author":{"name":"La Gu\u00eda de Pamplona","@id":"https:\/\/www.laguiadepamplona.com\/actualidad\/#\/schema\/person\/efe887376f0213d4657c93adc50b1fdb"},"headline":"Arte, ciencia y leyendas del Camino de Santiago en dos exposiciones que se abren en Condestable hasta el 9 de enero","datePublished":"2022-12-13T19:04:47+00:00","dateModified":"2023-04-11T09:47:29+00:00","mainEntityOfPage":{"@id":"https:\/\/www.laguiadepamplona.com\/actualidad\/arte-ciencia-y-leyendas-del-camino-de-santiago-en-dos-exposiciones-que-se-abren-en-condestable-hasta-el-9-de-enero\/"},"wordCount":697,"commentCount":0,"publisher":{"@id":"https:\/\/www.laguiadepamplona.com\/actualidad\/#organization"},"image":{"@id":"https:\/\/www.laguiadepamplona.com\/actualidad\/arte-ciencia-y-leyendas-del-camino-de-santiago-en-dos-exposiciones-que-se-abren-en-condestable-hasta-el-9-de-enero\/#primaryimage"},"thumbnailUrl":"https:\/\/www.laguiadepamplona.com\/actualidad\/wp-content\/uploads\/2022\/12\/q5a6305csantiago22-12-13.webp","articleSection":["Ayto Pamplona"],"inLanguage":"es","potentialAction":[{"@type":"CommentAction","name":"Comment","target":["https:\/\/www.laguiadepamplona.com\/actualidad\/arte-ciencia-y-leyendas-del-camino-de-santiago-en-dos-exposiciones-que-se-abren-en-condestable-hasta-el-9-de-enero\/#respond"]}]},{"@type":"WebPage","@id":"https:\/\/www.laguiadepamplona.com\/actualidad\/arte-ciencia-y-leyendas-del-camino-de-santiago-en-dos-exposiciones-que-se-abren-en-condestable-hasta-el-9-de-enero\/","url":"https:\/\/www.laguiadepamplona.com\/actualidad\/arte-ciencia-y-leyendas-del-camino-de-santiago-en-dos-exposiciones-que-se-abren-en-condestable-hasta-el-9-de-enero\/","name":"Arte, ciencia y leyendas del Camino de Santiago en dos exposiciones que se abren en Condestable hasta el 9 de enero","isPartOf":{"@id":"https:\/\/www.laguiadepamplona.com\/actualidad\/#website"},"primaryImageOfPage":{"@id":"https:\/\/www.laguiadepamplona.com\/actualidad\/arte-ciencia-y-leyendas-del-camino-de-santiago-en-dos-exposiciones-que-se-abren-en-condestable-hasta-el-9-de-enero\/#primaryimage"},"image":{"@id":"https:\/\/www.laguiadepamplona.com\/actualidad\/arte-ciencia-y-leyendas-del-camino-de-santiago-en-dos-exposiciones-que-se-abren-en-condestable-hasta-el-9-de-enero\/#primaryimage"},"thumbnailUrl":"https:\/\/www.laguiadepamplona.com\/actualidad\/wp-content\/uploads\/2022\/12\/q5a6305csantiago22-12-13.webp","datePublished":"2022-12-13T19:04:47+00:00","dateModified":"2023-04-11T09:47:29+00:00","description":"Es una iniciativa en colaboraci\u00f3n de Ayuntamiento, Liga de Asociaciones de Periodistas del Camino de Santiago y Asociaci\u00f3n de Periodistas de Navarra","breadcrumb":{"@id":"https:\/\/www.laguiadepamplona.com\/actualidad\/arte-ciencia-y-leyendas-del-camino-de-santiago-en-dos-exposiciones-que-se-abren-en-condestable-hasta-el-9-de-enero\/#breadcrumb"},"inLanguage":"es","potentialAction":[{"@type":"ReadAction","target":["https:\/\/www.laguiadepamplona.com\/actualidad\/arte-ciencia-y-leyendas-del-camino-de-santiago-en-dos-exposiciones-que-se-abren-en-condestable-hasta-el-9-de-enero\/"]}]},{"@type":"ImageObject","inLanguage":"es","@id":"https:\/\/www.laguiadepamplona.com\/actualidad\/arte-ciencia-y-leyendas-del-camino-de-santiago-en-dos-exposiciones-que-se-abren-en-condestable-hasta-el-9-de-enero\/#primaryimage","url":"https:\/\/www.laguiadepamplona.com\/actualidad\/wp-content\/uploads\/2022\/12\/q5a6305csantiago22-12-13.webp","contentUrl":"https:\/\/www.laguiadepamplona.com\/actualidad\/wp-content\/uploads\/2022\/12\/q5a6305csantiago22-12-13.webp","width":1920,"height":1281},{"@type":"BreadcrumbList","@id":"https:\/\/www.laguiadepamplona.com\/actualidad\/arte-ciencia-y-leyendas-del-camino-de-santiago-en-dos-exposiciones-que-se-abren-en-condestable-hasta-el-9-de-enero\/#breadcrumb","itemListElement":[{"@type":"ListItem","position":1,"name":"Portada","item":"https:\/\/www.laguiadepamplona.com\/actualidad\/"},{"@type":"ListItem","position":2,"name":"Arte, ciencia y leyendas del Camino de Santiago en dos exposiciones que se abren en Condestable hasta el 9 de enero"}]},{"@type":"WebSite","@id":"https:\/\/www.laguiadepamplona.com\/actualidad\/#website","url":"https:\/\/www.laguiadepamplona.com\/actualidad\/","name":"La gu\u00eda de Pamplona","description":"Noticias de Pamplona","publisher":{"@id":"https:\/\/www.laguiadepamplona.com\/actualidad\/#organization"},"potentialAction":[{"@type":"SearchAction","target":{"@type":"EntryPoint","urlTemplate":"https:\/\/www.laguiadepamplona.com\/actualidad\/?s={search_term_string}"},"query-input":{"@type":"PropertyValueSpecification","valueRequired":true,"valueName":"search_term_string"}}],"inLanguage":"es"},{"@type":"Organization","@id":"https:\/\/www.laguiadepamplona.com\/actualidad\/#organization","name":"La Gu\u00eda de Pamplona \/ Noticias","url":"https:\/\/www.laguiadepamplona.com\/actualidad\/","logo":{"@type":"ImageObject","inLanguage":"es","@id":"https:\/\/www.laguiadepamplona.com\/actualidad\/#\/schema\/logo\/image\/","url":"https:\/\/www.laguiadepamplona.com\/actualidad\/wp-content\/uploads\/2018\/11\/logo-laguiadepamplona18-web1.png","contentUrl":"https:\/\/www.laguiadepamplona.com\/actualidad\/wp-content\/uploads\/2018\/11\/logo-laguiadepamplona18-web1.png","width":600,"height":196,"caption":"La Gu\u00eda de Pamplona \/ Noticias"},"image":{"@id":"https:\/\/www.laguiadepamplona.com\/actualidad\/#\/schema\/logo\/image\/"},"sameAs":["https:\/\/www.facebook.com\/laguiadepamplonacom-133175176762273\/?ref=hl","https:\/\/x.com\/LaGuiadPamplona","https:\/\/www.instagram.com\/la_guia_de_pamplona\/","https:\/\/www.youtube.com\/user\/laguiadepamplona"]},{"@type":"Person","@id":"https:\/\/www.laguiadepamplona.com\/actualidad\/#\/schema\/person\/efe887376f0213d4657c93adc50b1fdb","name":"La Gu\u00eda de Pamplona","image":{"@type":"ImageObject","inLanguage":"es","@id":"https:\/\/secure.gravatar.com\/avatar\/b6992f131dc8d30ab0dff15446e9d346d9dbd95992de0fef795073f5ea83a81c?s=96&d=mm&r=g","url":"https:\/\/secure.gravatar.com\/avatar\/b6992f131dc8d30ab0dff15446e9d346d9dbd95992de0fef795073f5ea83a81c?s=96&d=mm&r=g","contentUrl":"https:\/\/secure.gravatar.com\/avatar\/b6992f131dc8d30ab0dff15446e9d346d9dbd95992de0fef795073f5ea83a81c?s=96&d=mm&r=g","caption":"La Gu\u00eda de Pamplona"}}]}},"post_mailing_queue_ids":[],"_links":{"self":[{"href":"https:\/\/www.laguiadepamplona.com\/actualidad\/wp-json\/wp\/v2\/posts\/42410","targetHints":{"allow":["GET"]}}],"collection":[{"href":"https:\/\/www.laguiadepamplona.com\/actualidad\/wp-json\/wp\/v2\/posts"}],"about":[{"href":"https:\/\/www.laguiadepamplona.com\/actualidad\/wp-json\/wp\/v2\/types\/post"}],"author":[{"embeddable":true,"href":"https:\/\/www.laguiadepamplona.com\/actualidad\/wp-json\/wp\/v2\/users\/1"}],"replies":[{"embeddable":true,"href":"https:\/\/www.laguiadepamplona.com\/actualidad\/wp-json\/wp\/v2\/comments?post=42410"}],"version-history":[{"count":0,"href":"https:\/\/www.laguiadepamplona.com\/actualidad\/wp-json\/wp\/v2\/posts\/42410\/revisions"}],"wp:featuredmedia":[{"embeddable":true,"href":"https:\/\/www.laguiadepamplona.com\/actualidad\/wp-json\/wp\/v2\/media\/42411"}],"wp:attachment":[{"href":"https:\/\/www.laguiadepamplona.com\/actualidad\/wp-json\/wp\/v2\/media?parent=42410"}],"wp:term":[{"taxonomy":"category","embeddable":true,"href":"https:\/\/www.laguiadepamplona.com\/actualidad\/wp-json\/wp\/v2\/categories?post=42410"},{"taxonomy":"post_tag","embeddable":true,"href":"https:\/\/www.laguiadepamplona.com\/actualidad\/wp-json\/wp\/v2\/tags?post=42410"}],"curies":[{"name":"wp","href":"https:\/\/api.w.org\/{rel}","templated":true}]}}