{"id":42408,"date":"2022-12-12T14:01:08","date_gmt":"2022-12-12T12:01:08","guid":{"rendered":"https:\/\/www.laguiadepamplona.com\/actualidad\/?p=42408"},"modified":"2023-04-11T11:47:29","modified_gmt":"2023-04-11T09:47:29","slug":"ematic-propone-para-esta-navidad-cuatro-talleres-de-programacion-y-de-edicion-de-video-y-audio-dirigidos-a-ninas-y-chicas-entre-5-y-16-anos","status":"publish","type":"post","link":"https:\/\/www.laguiadepamplona.com\/actualidad\/ematic-propone-para-esta-navidad-cuatro-talleres-de-programacion-y-de-edicion-de-video-y-audio-dirigidos-a-ninas-y-chicas-entre-5-y-16-anos\/","title":{"rendered":"EMATIC propone para esta Navidad cuatro talleres de programaci\u00f3n y de edici\u00f3n de v\u00eddeo y audio dirigidos a ni\u00f1as y chicas entre 5 y 16 a\u00f1os"},"content":{"rendered":"<h5>Son talleres gratuitos cuya inscripci\u00f3n se podr\u00e1 realizar del 14 al 20 de diciembre, a trav\u00e9s del tel\u00e9fono 010 \u2013 948 420 100<\/h5>\n<p><!--more--><\/p>\n<p>El mi\u00e9rcoles se abre el plazo de inscripci\u00f3n para los cuatro talleres gratuitos que EMATIC ha organizado para las pr\u00f3xima Navidad. Est\u00e1n dirigidos a ni\u00f1as y chicas entre los 5 y los 16 a\u00f1os y se centran en el mundo de la programaci\u00f3n y en la edici\u00f3n de v\u00eddeo y audio. Las inscripciones se pueden realizar hasta el d\u00eda 20 a trav\u00e9s del 010 \u2013 948 420 100. El 21 de diciembre se llevar\u00e1 a cabo el sorteo de plazas, con preferencia para las menores empadronadas en Pamplona.<br \/>\n<script async src=\"\/\/pagead2.googlesyndication.com\/pagead\/js\/adsbygoogle.js\"><\/script><br \/>\n<!-- Noticias La Guia de Pamplona --><br \/>\n<ins class=\"adsbygoogle\"\nstyle=\"display:block\"\ndata-ad-client=\"ca-pub-6943679897239327\"\ndata-ad-slot=\"7048180777\"\ndata-ad-format=\"auto\"><\/ins><br \/>\n<script>\n(adsbygoogle = window.adsbygoogle || []).push({});\n<\/script><\/p>\n<p>Para ni\u00f1as de 5 a 8 a\u00f1os se han preparado dos cursos, uno cada semana festiva, sobre \u00a1The Foos!, una herramienta para introducirse en el mundo de la programaci\u00f3n a trav\u00e9s del juego. La primera semana, del 27 al 30 de diciembre, las sesiones ser\u00e1n por la tarde, de 17.30 a 19 horas, y la segunda semana, del 2 al 4 de enero, por la ma\u00f1ana, de 11 a 12.30 horas. Se ofertan 12 plazas en cada curso.<\/p>\n<p>El taller de \u2018SuperProgramadoras creativas\u2019, dirigido a ni\u00f1as de 9 a 12 a\u00f1os, profundiza en conceptos de programaci\u00f3n mediante el uso de Toolbox Academy. La primera semana de enero, del 2 al 4, de 17.30 a 19 horas, se impartir\u00e1 este curso que cuenta con 12 plazas. Por \u00faltimo, las chicas de 13 a 16 a\u00f1os se podr\u00e1n apuntar al taller de edici\u00f3n de video y audio, donde aprender\u00e1n a utilizar filtros, efectos y montajes para adentrarse en el mundo de la edici\u00f3n audiovisual en el ordenador. El curso consta de cuatro sesiones, los d\u00edas 27, 28, 29 y 30 de diciembre, de 11 a 12:30 horas, tambi\u00e9n con 12 plazas.<\/p>\n<p>Estos talleres se han dise\u00f1ado teniendo en cuenta criterios de igualdad, evitando estereotipos y contenidos sexistas o violentos y fomentando valores de solidaridad, compromiso con el medio ambiente, no violencia y relaciones igualitarias. Se han organizado, adem\u00e1s, con un segundo objetivo, que es apoyar y facilitar la conciliaci\u00f3n laboral y familiar durante las fechas navide\u00f1as.<br \/>\n<script async src=\"\/\/pagead2.googlesyndication.com\/pagead\/js\/adsbygoogle.js\"><\/script><br \/>\n<!-- Noticias La Guia de Pamplona --><br \/>\n<ins class=\"adsbygoogle\"\nstyle=\"display:block\"\ndata-ad-client=\"ca-pub-6943679897239327\"\ndata-ad-slot=\"7048180777\"\ndata-ad-format=\"auto\"><\/ins><br \/>\n<script>\n(adsbygoogle = window.adsbygoogle || []).push({});\n<\/script><\/p>\n<p>&nbsp;<\/p>\n<h3>EMATIC. Programaci\u00f3n navide\u00f1a 2022<\/h3>\n<ul>\n<li><strong>Ni\u00f1as de 5 a 8 a\u00f1os \u00a1The Foos!, herramienta para que se introduzcan en el mundo de la programaci\u00f3n a trav\u00e9s del juego<\/strong>. D\u00edas 27, 28, 29 y 30 de diciembre, de 17.30 a 19 horas. 12 plazas<\/li>\n<\/ul>\n<p>&nbsp;<\/p>\n<ul>\n<li><strong>Ni\u00f1as de 5 a 8 a\u00f1os. \u00a1The Foos!, herramienta para que se introduzcan en el mundo de la programaci\u00f3n a trav\u00e9s del juego<\/strong>. D\u00edas 2, 3 y 4 de enero, de 11 a 12.30 horas. 12 plazas<\/li>\n<\/ul>\n<p>&nbsp;<\/p>\n<ul>\n<li><strong>Ni\u00f1as de 9 a 12 a\u00f1os. Taller de SuperProgramadoras creativas: aprende a programar con Toolbox Academy<\/strong>. D\u00edas 2, 3 y 4 de enero, de 17.30 a 19 horas. 12 plazas<\/li>\n<\/ul>\n<p>&nbsp;<\/p>\n<ul>\n<li><strong>Chicas de 13 a 16 a\u00f1os. Taller de edici\u00f3n de video y audio. Filtros, efectos y montajes para adentrarse en el mundo de la edici\u00f3n audiovisual en el ordenador<\/strong>. D\u00edas 27, 28, 29 y 30 de diciembre, de 11 a 12:30 horas. 12 plazas<\/li>\n<\/ul>\n","protected":false},"excerpt":{"rendered":"<p>Son talleres gratuitos cuya inscripci\u00f3n se podr\u00e1 realizar del 14 al 20 de diciembre, a trav\u00e9s del tel\u00e9fono 010 \u2013 948 420 100<\/p>\n","protected":false},"author":1,"featured_media":39824,"comment_status":"open","ping_status":"closed","sticky":false,"template":"","format":"standard","meta":{"footnotes":""},"categories":[2],"tags":[],"class_list":["post-42408","post","type-post","status-publish","format-standard","has-post-thumbnail","hentry","category-ayuntamiento-pamplona"],"yoast_head":"<!-- This site is optimized with the Yoast SEO plugin v27.3 - https:\/\/yoast.com\/product\/yoast-seo-wordpress\/ -->\n<title>EMATIC propone para esta Navidad cuatro talleres de programaci\u00f3n y de edici\u00f3n de v\u00eddeo y audio dirigidos a ni\u00f1as y chicas entre 5 y 16 a\u00f1os<\/title>\n<meta name=\"description\" content=\"Son talleres gratuitos cuya inscripci\u00f3n se podr\u00e1 realizar del 14 al 20 de diciembre, a trav\u00e9s del tel\u00e9fono 010 \u2013 948 420 100\" \/>\n<meta name=\"robots\" content=\"index, follow, max-snippet:-1, max-image-preview:large, max-video-preview:-1\" \/>\n<link rel=\"canonical\" href=\"https:\/\/www.laguiadepamplona.com\/actualidad\/ematic-propone-para-esta-navidad-cuatro-talleres-de-programacion-y-de-edicion-de-video-y-audio-dirigidos-a-ninas-y-chicas-entre-5-y-16-anos\/\" \/>\n<meta property=\"og:locale\" content=\"es_ES\" \/>\n<meta property=\"og:type\" content=\"article\" \/>\n<meta property=\"og:title\" content=\"EMATIC propone para esta Navidad cuatro talleres de programaci\u00f3n y de edici\u00f3n de v\u00eddeo y audio dirigidos a ni\u00f1as y chicas entre 5 y 16 a\u00f1os\" \/>\n<meta property=\"og:description\" content=\"Son talleres gratuitos cuya inscripci\u00f3n se podr\u00e1 realizar del 14 al 20 de diciembre, a trav\u00e9s del tel\u00e9fono 010 \u2013 948 420 100\" \/>\n<meta property=\"og:url\" content=\"https:\/\/www.laguiadepamplona.com\/actualidad\/ematic-propone-para-esta-navidad-cuatro-talleres-de-programacion-y-de-edicion-de-video-y-audio-dirigidos-a-ninas-y-chicas-entre-5-y-16-anos\/\" \/>\n<meta property=\"og:site_name\" content=\"La Gu\u00eda de Pamplona\" \/>\n<meta property=\"article:publisher\" content=\"https:\/\/www.facebook.com\/laguiadepamplonacom-133175176762273\/?ref=hl\" \/>\n<meta property=\"article:published_time\" content=\"2022-12-12T12:01:08+00:00\" \/>\n<meta property=\"article:modified_time\" content=\"2023-04-11T09:47:29+00:00\" \/>\n<meta property=\"og:image\" content=\"https:\/\/www.laguiadepamplona.com\/actualidad\/wp-content\/uploads\/2022\/04\/ematic_JGV2106-WEB_0.jpg\" \/>\n\t<meta property=\"og:image:width\" content=\"1920\" \/>\n\t<meta property=\"og:image:height\" content=\"1280\" \/>\n\t<meta property=\"og:image:type\" content=\"image\/jpeg\" \/>\n<meta name=\"author\" content=\"La Gu\u00eda de Pamplona\" \/>\n<meta name=\"twitter:card\" content=\"summary_large_image\" \/>\n<meta name=\"twitter:creator\" content=\"@LaGuiadPamplona\" \/>\n<meta name=\"twitter:site\" content=\"@LaGuiadPamplona\" \/>\n<meta name=\"twitter:label1\" content=\"Escrito por\" \/>\n\t<meta name=\"twitter:data1\" content=\"La Gu\u00eda de Pamplona\" \/>\n\t<meta name=\"twitter:label2\" content=\"Tiempo de lectura\" \/>\n\t<meta name=\"twitter:data2\" content=\"3 minutos\" \/>\n<script type=\"application\/ld+json\" class=\"yoast-schema-graph\">{\"@context\":\"https:\\\/\\\/schema.org\",\"@graph\":[{\"@type\":\"Article\",\"@id\":\"https:\\\/\\\/www.laguiadepamplona.com\\\/actualidad\\\/ematic-propone-para-esta-navidad-cuatro-talleres-de-programacion-y-de-edicion-de-video-y-audio-dirigidos-a-ninas-y-chicas-entre-5-y-16-anos\\\/#article\",\"isPartOf\":{\"@id\":\"https:\\\/\\\/www.laguiadepamplona.com\\\/actualidad\\\/ematic-propone-para-esta-navidad-cuatro-talleres-de-programacion-y-de-edicion-de-video-y-audio-dirigidos-a-ninas-y-chicas-entre-5-y-16-anos\\\/\"},\"author\":{\"name\":\"La Gu\u00eda de Pamplona\",\"@id\":\"https:\\\/\\\/www.laguiadepamplona.com\\\/actualidad\\\/#\\\/schema\\\/person\\\/efe887376f0213d4657c93adc50b1fdb\"},\"headline\":\"EMATIC propone para esta Navidad cuatro talleres de programaci\u00f3n y de edici\u00f3n de v\u00eddeo y audio dirigidos a ni\u00f1as y chicas entre 5 y 16 a\u00f1os\",\"datePublished\":\"2022-12-12T12:01:08+00:00\",\"dateModified\":\"2023-04-11T09:47:29+00:00\",\"mainEntityOfPage\":{\"@id\":\"https:\\\/\\\/www.laguiadepamplona.com\\\/actualidad\\\/ematic-propone-para-esta-navidad-cuatro-talleres-de-programacion-y-de-edicion-de-video-y-audio-dirigidos-a-ninas-y-chicas-entre-5-y-16-anos\\\/\"},\"wordCount\":516,\"commentCount\":0,\"publisher\":{\"@id\":\"https:\\\/\\\/www.laguiadepamplona.com\\\/actualidad\\\/#organization\"},\"image\":{\"@id\":\"https:\\\/\\\/www.laguiadepamplona.com\\\/actualidad\\\/ematic-propone-para-esta-navidad-cuatro-talleres-de-programacion-y-de-edicion-de-video-y-audio-dirigidos-a-ninas-y-chicas-entre-5-y-16-anos\\\/#primaryimage\"},\"thumbnailUrl\":\"https:\\\/\\\/www.laguiadepamplona.com\\\/actualidad\\\/wp-content\\\/uploads\\\/2022\\\/04\\\/ematic_JGV2106-WEB_0.jpg\",\"articleSection\":[\"Ayto Pamplona\"],\"inLanguage\":\"es\",\"potentialAction\":[{\"@type\":\"CommentAction\",\"name\":\"Comment\",\"target\":[\"https:\\\/\\\/www.laguiadepamplona.com\\\/actualidad\\\/ematic-propone-para-esta-navidad-cuatro-talleres-de-programacion-y-de-edicion-de-video-y-audio-dirigidos-a-ninas-y-chicas-entre-5-y-16-anos\\\/#respond\"]}]},{\"@type\":\"WebPage\",\"@id\":\"https:\\\/\\\/www.laguiadepamplona.com\\\/actualidad\\\/ematic-propone-para-esta-navidad-cuatro-talleres-de-programacion-y-de-edicion-de-video-y-audio-dirigidos-a-ninas-y-chicas-entre-5-y-16-anos\\\/\",\"url\":\"https:\\\/\\\/www.laguiadepamplona.com\\\/actualidad\\\/ematic-propone-para-esta-navidad-cuatro-talleres-de-programacion-y-de-edicion-de-video-y-audio-dirigidos-a-ninas-y-chicas-entre-5-y-16-anos\\\/\",\"name\":\"EMATIC propone para esta Navidad cuatro talleres de programaci\u00f3n y de edici\u00f3n de v\u00eddeo y audio dirigidos a ni\u00f1as y chicas entre 5 y 16 a\u00f1os\",\"isPartOf\":{\"@id\":\"https:\\\/\\\/www.laguiadepamplona.com\\\/actualidad\\\/#website\"},\"primaryImageOfPage\":{\"@id\":\"https:\\\/\\\/www.laguiadepamplona.com\\\/actualidad\\\/ematic-propone-para-esta-navidad-cuatro-talleres-de-programacion-y-de-edicion-de-video-y-audio-dirigidos-a-ninas-y-chicas-entre-5-y-16-anos\\\/#primaryimage\"},\"image\":{\"@id\":\"https:\\\/\\\/www.laguiadepamplona.com\\\/actualidad\\\/ematic-propone-para-esta-navidad-cuatro-talleres-de-programacion-y-de-edicion-de-video-y-audio-dirigidos-a-ninas-y-chicas-entre-5-y-16-anos\\\/#primaryimage\"},\"thumbnailUrl\":\"https:\\\/\\\/www.laguiadepamplona.com\\\/actualidad\\\/wp-content\\\/uploads\\\/2022\\\/04\\\/ematic_JGV2106-WEB_0.jpg\",\"datePublished\":\"2022-12-12T12:01:08+00:00\",\"dateModified\":\"2023-04-11T09:47:29+00:00\",\"description\":\"Son talleres gratuitos cuya inscripci\u00f3n se podr\u00e1 realizar del 14 al 20 de diciembre, a trav\u00e9s del tel\u00e9fono 010 \u2013 948 420 100\",\"breadcrumb\":{\"@id\":\"https:\\\/\\\/www.laguiadepamplona.com\\\/actualidad\\\/ematic-propone-para-esta-navidad-cuatro-talleres-de-programacion-y-de-edicion-de-video-y-audio-dirigidos-a-ninas-y-chicas-entre-5-y-16-anos\\\/#breadcrumb\"},\"inLanguage\":\"es\",\"potentialAction\":[{\"@type\":\"ReadAction\",\"target\":[\"https:\\\/\\\/www.laguiadepamplona.com\\\/actualidad\\\/ematic-propone-para-esta-navidad-cuatro-talleres-de-programacion-y-de-edicion-de-video-y-audio-dirigidos-a-ninas-y-chicas-entre-5-y-16-anos\\\/\"]}]},{\"@type\":\"ImageObject\",\"inLanguage\":\"es\",\"@id\":\"https:\\\/\\\/www.laguiadepamplona.com\\\/actualidad\\\/ematic-propone-para-esta-navidad-cuatro-talleres-de-programacion-y-de-edicion-de-video-y-audio-dirigidos-a-ninas-y-chicas-entre-5-y-16-anos\\\/#primaryimage\",\"url\":\"https:\\\/\\\/www.laguiadepamplona.com\\\/actualidad\\\/wp-content\\\/uploads\\\/2022\\\/04\\\/ematic_JGV2106-WEB_0.jpg\",\"contentUrl\":\"https:\\\/\\\/www.laguiadepamplona.com\\\/actualidad\\\/wp-content\\\/uploads\\\/2022\\\/04\\\/ematic_JGV2106-WEB_0.jpg\",\"width\":1920,\"height\":1280,\"caption\":\"A* Jes\u00c3\u00bas Garzaron F* 2021_02_03 T* Centro Ematic L* Calle Compa\u00c3\u00b1\u00c3\u00ada 19\"},{\"@type\":\"BreadcrumbList\",\"@id\":\"https:\\\/\\\/www.laguiadepamplona.com\\\/actualidad\\\/ematic-propone-para-esta-navidad-cuatro-talleres-de-programacion-y-de-edicion-de-video-y-audio-dirigidos-a-ninas-y-chicas-entre-5-y-16-anos\\\/#breadcrumb\",\"itemListElement\":[{\"@type\":\"ListItem\",\"position\":1,\"name\":\"Portada\",\"item\":\"https:\\\/\\\/www.laguiadepamplona.com\\\/actualidad\\\/\"},{\"@type\":\"ListItem\",\"position\":2,\"name\":\"EMATIC propone para esta Navidad cuatro talleres de programaci\u00f3n y de edici\u00f3n de v\u00eddeo y audio dirigidos a ni\u00f1as y chicas entre 5 y 16 a\u00f1os\"}]},{\"@type\":\"WebSite\",\"@id\":\"https:\\\/\\\/www.laguiadepamplona.com\\\/actualidad\\\/#website\",\"url\":\"https:\\\/\\\/www.laguiadepamplona.com\\\/actualidad\\\/\",\"name\":\"La gu\u00eda de Pamplona\",\"description\":\"Noticias de Pamplona\",\"publisher\":{\"@id\":\"https:\\\/\\\/www.laguiadepamplona.com\\\/actualidad\\\/#organization\"},\"potentialAction\":[{\"@type\":\"SearchAction\",\"target\":{\"@type\":\"EntryPoint\",\"urlTemplate\":\"https:\\\/\\\/www.laguiadepamplona.com\\\/actualidad\\\/?s={search_term_string}\"},\"query-input\":{\"@type\":\"PropertyValueSpecification\",\"valueRequired\":true,\"valueName\":\"search_term_string\"}}],\"inLanguage\":\"es\"},{\"@type\":\"Organization\",\"@id\":\"https:\\\/\\\/www.laguiadepamplona.com\\\/actualidad\\\/#organization\",\"name\":\"La Gu\u00eda de Pamplona \\\/ Noticias\",\"url\":\"https:\\\/\\\/www.laguiadepamplona.com\\\/actualidad\\\/\",\"logo\":{\"@type\":\"ImageObject\",\"inLanguage\":\"es\",\"@id\":\"https:\\\/\\\/www.laguiadepamplona.com\\\/actualidad\\\/#\\\/schema\\\/logo\\\/image\\\/\",\"url\":\"https:\\\/\\\/www.laguiadepamplona.com\\\/actualidad\\\/wp-content\\\/uploads\\\/2018\\\/11\\\/logo-laguiadepamplona18-web1.png\",\"contentUrl\":\"https:\\\/\\\/www.laguiadepamplona.com\\\/actualidad\\\/wp-content\\\/uploads\\\/2018\\\/11\\\/logo-laguiadepamplona18-web1.png\",\"width\":600,\"height\":196,\"caption\":\"La Gu\u00eda de Pamplona \\\/ Noticias\"},\"image\":{\"@id\":\"https:\\\/\\\/www.laguiadepamplona.com\\\/actualidad\\\/#\\\/schema\\\/logo\\\/image\\\/\"},\"sameAs\":[\"https:\\\/\\\/www.facebook.com\\\/laguiadepamplonacom-133175176762273\\\/?ref=hl\",\"https:\\\/\\\/x.com\\\/LaGuiadPamplona\",\"https:\\\/\\\/www.instagram.com\\\/la_guia_de_pamplona\\\/\",\"https:\\\/\\\/www.youtube.com\\\/user\\\/laguiadepamplona\"]},{\"@type\":\"Person\",\"@id\":\"https:\\\/\\\/www.laguiadepamplona.com\\\/actualidad\\\/#\\\/schema\\\/person\\\/efe887376f0213d4657c93adc50b1fdb\",\"name\":\"La Gu\u00eda de Pamplona\",\"image\":{\"@type\":\"ImageObject\",\"inLanguage\":\"es\",\"@id\":\"https:\\\/\\\/secure.gravatar.com\\\/avatar\\\/b6992f131dc8d30ab0dff15446e9d346d9dbd95992de0fef795073f5ea83a81c?s=96&d=mm&r=g\",\"url\":\"https:\\\/\\\/secure.gravatar.com\\\/avatar\\\/b6992f131dc8d30ab0dff15446e9d346d9dbd95992de0fef795073f5ea83a81c?s=96&d=mm&r=g\",\"contentUrl\":\"https:\\\/\\\/secure.gravatar.com\\\/avatar\\\/b6992f131dc8d30ab0dff15446e9d346d9dbd95992de0fef795073f5ea83a81c?s=96&d=mm&r=g\",\"caption\":\"La Gu\u00eda de Pamplona\"}}]}<\/script>\n<!-- \/ Yoast SEO plugin. -->","yoast_head_json":{"title":"EMATIC propone para esta Navidad cuatro talleres de programaci\u00f3n y de edici\u00f3n de v\u00eddeo y audio dirigidos a ni\u00f1as y chicas entre 5 y 16 a\u00f1os","description":"Son talleres gratuitos cuya inscripci\u00f3n se podr\u00e1 realizar del 14 al 20 de diciembre, a trav\u00e9s del tel\u00e9fono 010 \u2013 948 420 100","robots":{"index":"index","follow":"follow","max-snippet":"max-snippet:-1","max-image-preview":"max-image-preview:large","max-video-preview":"max-video-preview:-1"},"canonical":"https:\/\/www.laguiadepamplona.com\/actualidad\/ematic-propone-para-esta-navidad-cuatro-talleres-de-programacion-y-de-edicion-de-video-y-audio-dirigidos-a-ninas-y-chicas-entre-5-y-16-anos\/","og_locale":"es_ES","og_type":"article","og_title":"EMATIC propone para esta Navidad cuatro talleres de programaci\u00f3n y de edici\u00f3n de v\u00eddeo y audio dirigidos a ni\u00f1as y chicas entre 5 y 16 a\u00f1os","og_description":"Son talleres gratuitos cuya inscripci\u00f3n se podr\u00e1 realizar del 14 al 20 de diciembre, a trav\u00e9s del tel\u00e9fono 010 \u2013 948 420 100","og_url":"https:\/\/www.laguiadepamplona.com\/actualidad\/ematic-propone-para-esta-navidad-cuatro-talleres-de-programacion-y-de-edicion-de-video-y-audio-dirigidos-a-ninas-y-chicas-entre-5-y-16-anos\/","og_site_name":"La Gu\u00eda de Pamplona","article_publisher":"https:\/\/www.facebook.com\/laguiadepamplonacom-133175176762273\/?ref=hl","article_published_time":"2022-12-12T12:01:08+00:00","article_modified_time":"2023-04-11T09:47:29+00:00","og_image":[{"width":1920,"height":1280,"url":"https:\/\/www.laguiadepamplona.com\/actualidad\/wp-content\/uploads\/2022\/04\/ematic_JGV2106-WEB_0.jpg","type":"image\/jpeg"}],"author":"La Gu\u00eda de Pamplona","twitter_card":"summary_large_image","twitter_creator":"@LaGuiadPamplona","twitter_site":"@LaGuiadPamplona","twitter_misc":{"Escrito por":"La Gu\u00eda de Pamplona","Tiempo de lectura":"3 minutos"},"schema":{"@context":"https:\/\/schema.org","@graph":[{"@type":"Article","@id":"https:\/\/www.laguiadepamplona.com\/actualidad\/ematic-propone-para-esta-navidad-cuatro-talleres-de-programacion-y-de-edicion-de-video-y-audio-dirigidos-a-ninas-y-chicas-entre-5-y-16-anos\/#article","isPartOf":{"@id":"https:\/\/www.laguiadepamplona.com\/actualidad\/ematic-propone-para-esta-navidad-cuatro-talleres-de-programacion-y-de-edicion-de-video-y-audio-dirigidos-a-ninas-y-chicas-entre-5-y-16-anos\/"},"author":{"name":"La Gu\u00eda de Pamplona","@id":"https:\/\/www.laguiadepamplona.com\/actualidad\/#\/schema\/person\/efe887376f0213d4657c93adc50b1fdb"},"headline":"EMATIC propone para esta Navidad cuatro talleres de programaci\u00f3n y de edici\u00f3n de v\u00eddeo y audio dirigidos a ni\u00f1as y chicas entre 5 y 16 a\u00f1os","datePublished":"2022-12-12T12:01:08+00:00","dateModified":"2023-04-11T09:47:29+00:00","mainEntityOfPage":{"@id":"https:\/\/www.laguiadepamplona.com\/actualidad\/ematic-propone-para-esta-navidad-cuatro-talleres-de-programacion-y-de-edicion-de-video-y-audio-dirigidos-a-ninas-y-chicas-entre-5-y-16-anos\/"},"wordCount":516,"commentCount":0,"publisher":{"@id":"https:\/\/www.laguiadepamplona.com\/actualidad\/#organization"},"image":{"@id":"https:\/\/www.laguiadepamplona.com\/actualidad\/ematic-propone-para-esta-navidad-cuatro-talleres-de-programacion-y-de-edicion-de-video-y-audio-dirigidos-a-ninas-y-chicas-entre-5-y-16-anos\/#primaryimage"},"thumbnailUrl":"https:\/\/www.laguiadepamplona.com\/actualidad\/wp-content\/uploads\/2022\/04\/ematic_JGV2106-WEB_0.jpg","articleSection":["Ayto Pamplona"],"inLanguage":"es","potentialAction":[{"@type":"CommentAction","name":"Comment","target":["https:\/\/www.laguiadepamplona.com\/actualidad\/ematic-propone-para-esta-navidad-cuatro-talleres-de-programacion-y-de-edicion-de-video-y-audio-dirigidos-a-ninas-y-chicas-entre-5-y-16-anos\/#respond"]}]},{"@type":"WebPage","@id":"https:\/\/www.laguiadepamplona.com\/actualidad\/ematic-propone-para-esta-navidad-cuatro-talleres-de-programacion-y-de-edicion-de-video-y-audio-dirigidos-a-ninas-y-chicas-entre-5-y-16-anos\/","url":"https:\/\/www.laguiadepamplona.com\/actualidad\/ematic-propone-para-esta-navidad-cuatro-talleres-de-programacion-y-de-edicion-de-video-y-audio-dirigidos-a-ninas-y-chicas-entre-5-y-16-anos\/","name":"EMATIC propone para esta Navidad cuatro talleres de programaci\u00f3n y de edici\u00f3n de v\u00eddeo y audio dirigidos a ni\u00f1as y chicas entre 5 y 16 a\u00f1os","isPartOf":{"@id":"https:\/\/www.laguiadepamplona.com\/actualidad\/#website"},"primaryImageOfPage":{"@id":"https:\/\/www.laguiadepamplona.com\/actualidad\/ematic-propone-para-esta-navidad-cuatro-talleres-de-programacion-y-de-edicion-de-video-y-audio-dirigidos-a-ninas-y-chicas-entre-5-y-16-anos\/#primaryimage"},"image":{"@id":"https:\/\/www.laguiadepamplona.com\/actualidad\/ematic-propone-para-esta-navidad-cuatro-talleres-de-programacion-y-de-edicion-de-video-y-audio-dirigidos-a-ninas-y-chicas-entre-5-y-16-anos\/#primaryimage"},"thumbnailUrl":"https:\/\/www.laguiadepamplona.com\/actualidad\/wp-content\/uploads\/2022\/04\/ematic_JGV2106-WEB_0.jpg","datePublished":"2022-12-12T12:01:08+00:00","dateModified":"2023-04-11T09:47:29+00:00","description":"Son talleres gratuitos cuya inscripci\u00f3n se podr\u00e1 realizar del 14 al 20 de diciembre, a trav\u00e9s del tel\u00e9fono 010 \u2013 948 420 100","breadcrumb":{"@id":"https:\/\/www.laguiadepamplona.com\/actualidad\/ematic-propone-para-esta-navidad-cuatro-talleres-de-programacion-y-de-edicion-de-video-y-audio-dirigidos-a-ninas-y-chicas-entre-5-y-16-anos\/#breadcrumb"},"inLanguage":"es","potentialAction":[{"@type":"ReadAction","target":["https:\/\/www.laguiadepamplona.com\/actualidad\/ematic-propone-para-esta-navidad-cuatro-talleres-de-programacion-y-de-edicion-de-video-y-audio-dirigidos-a-ninas-y-chicas-entre-5-y-16-anos\/"]}]},{"@type":"ImageObject","inLanguage":"es","@id":"https:\/\/www.laguiadepamplona.com\/actualidad\/ematic-propone-para-esta-navidad-cuatro-talleres-de-programacion-y-de-edicion-de-video-y-audio-dirigidos-a-ninas-y-chicas-entre-5-y-16-anos\/#primaryimage","url":"https:\/\/www.laguiadepamplona.com\/actualidad\/wp-content\/uploads\/2022\/04\/ematic_JGV2106-WEB_0.jpg","contentUrl":"https:\/\/www.laguiadepamplona.com\/actualidad\/wp-content\/uploads\/2022\/04\/ematic_JGV2106-WEB_0.jpg","width":1920,"height":1280,"caption":"A* Jes\u00c3\u00bas Garzaron F* 2021_02_03 T* Centro Ematic L* Calle Compa\u00c3\u00b1\u00c3\u00ada 19"},{"@type":"BreadcrumbList","@id":"https:\/\/www.laguiadepamplona.com\/actualidad\/ematic-propone-para-esta-navidad-cuatro-talleres-de-programacion-y-de-edicion-de-video-y-audio-dirigidos-a-ninas-y-chicas-entre-5-y-16-anos\/#breadcrumb","itemListElement":[{"@type":"ListItem","position":1,"name":"Portada","item":"https:\/\/www.laguiadepamplona.com\/actualidad\/"},{"@type":"ListItem","position":2,"name":"EMATIC propone para esta Navidad cuatro talleres de programaci\u00f3n y de edici\u00f3n de v\u00eddeo y audio dirigidos a ni\u00f1as y chicas entre 5 y 16 a\u00f1os"}]},{"@type":"WebSite","@id":"https:\/\/www.laguiadepamplona.com\/actualidad\/#website","url":"https:\/\/www.laguiadepamplona.com\/actualidad\/","name":"La gu\u00eda de Pamplona","description":"Noticias de Pamplona","publisher":{"@id":"https:\/\/www.laguiadepamplona.com\/actualidad\/#organization"},"potentialAction":[{"@type":"SearchAction","target":{"@type":"EntryPoint","urlTemplate":"https:\/\/www.laguiadepamplona.com\/actualidad\/?s={search_term_string}"},"query-input":{"@type":"PropertyValueSpecification","valueRequired":true,"valueName":"search_term_string"}}],"inLanguage":"es"},{"@type":"Organization","@id":"https:\/\/www.laguiadepamplona.com\/actualidad\/#organization","name":"La Gu\u00eda de Pamplona \/ Noticias","url":"https:\/\/www.laguiadepamplona.com\/actualidad\/","logo":{"@type":"ImageObject","inLanguage":"es","@id":"https:\/\/www.laguiadepamplona.com\/actualidad\/#\/schema\/logo\/image\/","url":"https:\/\/www.laguiadepamplona.com\/actualidad\/wp-content\/uploads\/2018\/11\/logo-laguiadepamplona18-web1.png","contentUrl":"https:\/\/www.laguiadepamplona.com\/actualidad\/wp-content\/uploads\/2018\/11\/logo-laguiadepamplona18-web1.png","width":600,"height":196,"caption":"La Gu\u00eda de Pamplona \/ Noticias"},"image":{"@id":"https:\/\/www.laguiadepamplona.com\/actualidad\/#\/schema\/logo\/image\/"},"sameAs":["https:\/\/www.facebook.com\/laguiadepamplonacom-133175176762273\/?ref=hl","https:\/\/x.com\/LaGuiadPamplona","https:\/\/www.instagram.com\/la_guia_de_pamplona\/","https:\/\/www.youtube.com\/user\/laguiadepamplona"]},{"@type":"Person","@id":"https:\/\/www.laguiadepamplona.com\/actualidad\/#\/schema\/person\/efe887376f0213d4657c93adc50b1fdb","name":"La Gu\u00eda de Pamplona","image":{"@type":"ImageObject","inLanguage":"es","@id":"https:\/\/secure.gravatar.com\/avatar\/b6992f131dc8d30ab0dff15446e9d346d9dbd95992de0fef795073f5ea83a81c?s=96&d=mm&r=g","url":"https:\/\/secure.gravatar.com\/avatar\/b6992f131dc8d30ab0dff15446e9d346d9dbd95992de0fef795073f5ea83a81c?s=96&d=mm&r=g","contentUrl":"https:\/\/secure.gravatar.com\/avatar\/b6992f131dc8d30ab0dff15446e9d346d9dbd95992de0fef795073f5ea83a81c?s=96&d=mm&r=g","caption":"La Gu\u00eda de Pamplona"}}]}},"post_mailing_queue_ids":[],"_links":{"self":[{"href":"https:\/\/www.laguiadepamplona.com\/actualidad\/wp-json\/wp\/v2\/posts\/42408","targetHints":{"allow":["GET"]}}],"collection":[{"href":"https:\/\/www.laguiadepamplona.com\/actualidad\/wp-json\/wp\/v2\/posts"}],"about":[{"href":"https:\/\/www.laguiadepamplona.com\/actualidad\/wp-json\/wp\/v2\/types\/post"}],"author":[{"embeddable":true,"href":"https:\/\/www.laguiadepamplona.com\/actualidad\/wp-json\/wp\/v2\/users\/1"}],"replies":[{"embeddable":true,"href":"https:\/\/www.laguiadepamplona.com\/actualidad\/wp-json\/wp\/v2\/comments?post=42408"}],"version-history":[{"count":0,"href":"https:\/\/www.laguiadepamplona.com\/actualidad\/wp-json\/wp\/v2\/posts\/42408\/revisions"}],"wp:featuredmedia":[{"embeddable":true,"href":"https:\/\/www.laguiadepamplona.com\/actualidad\/wp-json\/wp\/v2\/media\/39824"}],"wp:attachment":[{"href":"https:\/\/www.laguiadepamplona.com\/actualidad\/wp-json\/wp\/v2\/media?parent=42408"}],"wp:term":[{"taxonomy":"category","embeddable":true,"href":"https:\/\/www.laguiadepamplona.com\/actualidad\/wp-json\/wp\/v2\/categories?post=42408"},{"taxonomy":"post_tag","embeddable":true,"href":"https:\/\/www.laguiadepamplona.com\/actualidad\/wp-json\/wp\/v2\/tags?post=42408"}],"curies":[{"name":"wp","href":"https:\/\/api.w.org\/{rel}","templated":true}]}}