{"id":42406,"date":"2022-12-12T13:59:38","date_gmt":"2022-12-12T11:59:38","guid":{"rendered":"https:\/\/www.laguiadepamplona.com\/actualidad\/?p=42406"},"modified":"2023-04-11T11:47:29","modified_gmt":"2023-04-11T09:47:29","slug":"los-aparcamientos-subterraneos-de-concesion-municipal-actualizan-sus-tarifas-para-2023-aplicando-el-incremento-del-84-que-refleja-el-ipc-interanual","status":"publish","type":"post","link":"https:\/\/www.laguiadepamplona.com\/actualidad\/los-aparcamientos-subterraneos-de-concesion-municipal-actualizan-sus-tarifas-para-2023-aplicando-el-incremento-del-84-que-refleja-el-ipc-interanual\/","title":{"rendered":"Los aparcamientos subterr\u00e1neos de concesi\u00f3n municipal actualizan sus tarifas para 2023 aplicando el incremento del 8,4% que refleja el IPC interanual"},"content":{"rendered":"<h5>Afecta a los aparcamientos de Plaza del Castillo, Plaza de Toros, Audiencia, Carlos III, Rinc\u00f3n de la Aduana, Blanca de Navarra, Autobuses y Hospitales<\/h5>\n<p><!--more--><\/p>\n<p>La Junta de Gobierno Local ha aprobado este lunes la actualizaci\u00f3n de las tarifas m\u00e1ximas y de los c\u00e1nones de ocho aparcamientos subterr\u00e1neos de concesi\u00f3n municipal para el a\u00f1o 2023. Se aplicar\u00e1n incrementos de un 8,4%, tal y como refleja el IPC interanual que se toma como referencia para estas actualizaciones. Los nuevos precios entrar\u00e1n en vigor el pr\u00f3ximo 1 de enero.<br \/>\n<script async src=\"\/\/pagead2.googlesyndication.com\/pagead\/js\/adsbygoogle.js\"><\/script><br \/>\n<!-- Noticias La Guia de Pamplona --><br \/>\n<ins class=\"adsbygoogle\"\nstyle=\"display:block\"\ndata-ad-client=\"ca-pub-6943679897239327\"\ndata-ad-slot=\"7048180777\"\ndata-ad-format=\"auto\"><\/ins><br \/>\n<script>\n(adsbygoogle = window.adsbygoogle || []).push({});\n<\/script><\/p>\n<p>Esta actualizaci\u00f3n se implementa en ocho aparcamientos de concesi\u00f3n municipal de la ciudad, gestionados por diferentes empresas. Afecta a los aparcamientos de la Plaza del Castillo (SABA Aparcamientos S.A.), Plaza de Toros (ACVIL Aparcamientos S.L.), Audiencia (Aparcamiento San Roque S.L.), Carlos III (Gesti\u00f3n y Aparcamientos Pamplona S.A.), Rinc\u00f3n de la Aduana (UTE Parkings de Pamplona), Blanca de Navarra y Zona Hospitalaria (Empark Aparcamientos y Servicios S.A.) y el aparcamiento subterr\u00e1neo de la Estaci\u00f3n de Autobuses (UTE Estaci\u00f3n de Autobuses de Pamplona). Teniendo estas tarifas el car\u00e1cter de m\u00e1ximas, varios estacionamientos vienen estableciendo tarifas inferiores, m\u00e1s favorables para las personas usuarias.<\/p>\n<p>Los ocho aparcamientos han solicitado la actualizaci\u00f3n de tarifas que se recoge en los pliegos reguladores de su concesi\u00f3n administrativa. Las empresas concesionarias que deseen revisar las tarifas deben aplicar el IPC al resultado de la anterior actualizaci\u00f3n antes de efectuar el redondeo que autoriza el pliego para as\u00ed evitar los efectos acumulados de los redondeos. Las nuevas propuestas de tarifas se presentan desglos\u00e1ndose por un lado la base imponible de cada concepto y por otro la tarifa una vez aplicado el IVA. Por \u00faltimo, es el Ayuntamiento de Pamplona el que corrobora la correcci\u00f3n de los c\u00e1lculos y, en su caso, aprueba las tarifas aplicables al pr\u00f3ximo a\u00f1o.<br \/>\n<script async src=\"\/\/pagead2.googlesyndication.com\/pagead\/js\/adsbygoogle.js\"><\/script><br \/>\n<!-- Noticias La Guia de Pamplona --><br \/>\n<ins class=\"adsbygoogle\"\nstyle=\"display:block\"\ndata-ad-client=\"ca-pub-6943679897239327\"\ndata-ad-slot=\"7048180777\"\ndata-ad-format=\"auto\"><\/ins><br \/>\n<script>\n(adsbygoogle = window.adsbygoogle || []).push({});\n<\/script><\/p>\n<p>&nbsp;<\/p>\n<p class=\"3Texto\"><b><span lang=\"ES-TRAD\" xml:lang=\"ES-TRAD\">Tarifas m\u00e1ximas de los aparcamientos p\u00fablicos de concesi\u00f3n administrativa 2023<\/span><\/b><\/p>\n<p class=\"7texto2apoyodatos\">\n<table class=\"Table\" width=\"0\" align=\"left\">\n<tbody>\n<tr>\n<td colspan=\"4\" valign=\"bottom\" nowrap=\"nowrap\">\n<p class=\"6Textoapoyodatos\">\u00a0\u00a0 1.- Aparcamiento de la Plaza del Castillo (SABA APARCAMIENTOS, S.A.)<\/p>\n<\/td>\n<\/tr>\n<tr>\n<td>\n<p align=\"center\"><span lang=\"ES-TRAD\" xml:lang=\"ES-TRAD\">Modalidad Rotacional<\/span><\/p>\n<\/td>\n<td>\n<p align=\"center\"><span lang=\"ES-TRAD\" xml:lang=\"ES-TRAD\">Base imponible 2023<\/span><\/p>\n<\/td>\n<td>\n<p align=\"center\"><span lang=\"ES-TRAD\" xml:lang=\"ES-TRAD\">Importe Total, IVA incluido<\/span><\/p>\n<\/td>\n<td>&nbsp;<\/td>\n<\/tr>\n<tr>\n<td valign=\"bottom\" nowrap=\"nowrap\"><span lang=\"ES-TRAD\" xml:lang=\"ES-TRAD\">De 0 a 15 minutos<\/span><\/td>\n<td valign=\"top\" nowrap=\"nowrap\">\n<p align=\"right\"><span lang=\"ES-TRAD\" xml:lang=\"ES-TRAD\">0,0495 \u20ac<\/span><\/p>\n<\/td>\n<td valign=\"top\" nowrap=\"nowrap\">\n<p align=\"right\"><span lang=\"ES-TRAD\" xml:lang=\"ES-TRAD\">0,0599 \u20ac<\/span><\/p>\n<\/td>\n<td>&nbsp;<\/td>\n<\/tr>\n<tr>\n<td valign=\"top\"><span lang=\"ES-TRAD\" xml:lang=\"ES-TRAD\">De 16 a 60 minutos<\/span><\/td>\n<td valign=\"top\" nowrap=\"nowrap\">\n<p align=\"right\"><span lang=\"ES-TRAD\" xml:lang=\"ES-TRAD\">0,0371 \u20ac<\/span><\/p>\n<\/td>\n<td valign=\"top\" nowrap=\"nowrap\">\n<p align=\"right\"><span lang=\"ES-TRAD\" xml:lang=\"ES-TRAD\">0,0449 \u20ac<\/span><\/p>\n<\/td>\n<td>&nbsp;<\/td>\n<\/tr>\n<tr>\n<td valign=\"top\"><span lang=\"ES-TRAD\" xml:lang=\"ES-TRAD\">De 61 a 120 minutos<\/span><\/td>\n<td valign=\"top\" nowrap=\"nowrap\">\n<p align=\"right\"><span lang=\"ES-TRAD\" xml:lang=\"ES-TRAD\">0,0297 \u20ac<\/span><\/p>\n<\/td>\n<td valign=\"top\" nowrap=\"nowrap\">\n<p align=\"right\"><span lang=\"ES-TRAD\" xml:lang=\"ES-TRAD\">0,0360 \u20ac<\/span><\/p>\n<\/td>\n<td>&nbsp;<\/td>\n<\/tr>\n<tr>\n<td valign=\"top\"><span lang=\"ES-TRAD\" xml:lang=\"ES-TRAD\">De 121 a 1.440 minutos<\/span><\/td>\n<td valign=\"top\" nowrap=\"nowrap\">\n<p align=\"right\"><span lang=\"ES-TRAD\" xml:lang=\"ES-TRAD\">0,0248 \u20ac<\/span><\/p>\n<\/td>\n<td valign=\"top\" nowrap=\"nowrap\">\n<p align=\"right\"><span lang=\"ES-TRAD\" xml:lang=\"ES-TRAD\">0,0300 \u20ac<\/span><\/p>\n<\/td>\n<td>&nbsp;<\/td>\n<\/tr>\n<tr>\n<td valign=\"top\"><span lang=\"ES-TRAD\" xml:lang=\"ES-TRAD\">M\u00e1ximo diario (salvo del 6 al 15 de julio)<\/span><\/td>\n<td valign=\"top\" nowrap=\"nowrap\">\n<p align=\"right\"><span lang=\"ES-TRAD\" xml:lang=\"ES-TRAD\">14,8550 \u20ac<\/span><\/p>\n<\/td>\n<td valign=\"top\" nowrap=\"nowrap\">\n<p align=\"right\"><span lang=\"ES-TRAD\" xml:lang=\"ES-TRAD\">17,9745 \u20ac<\/span><\/p>\n<\/td>\n<td>&nbsp;<\/td>\n<\/tr>\n<tr>\n<td valign=\"top\"><span lang=\"ES-TRAD\" xml:lang=\"ES-TRAD\">M\u00e1ximo diario (del 6 al 15 de julio)<\/span><\/td>\n<td valign=\"top\" nowrap=\"nowrap\">\n<p align=\"right\"><span lang=\"ES-TRAD\" xml:lang=\"ES-TRAD\">36,7827 \u20ac<\/span><\/p>\n<\/td>\n<td valign=\"top\" nowrap=\"nowrap\">\n<p align=\"right\"><span lang=\"ES-TRAD\" xml:lang=\"ES-TRAD\">44,5071 \u20ac<\/span><\/p>\n<\/td>\n<td>&nbsp;<\/td>\n<\/tr>\n<tr>\n<td valign=\"top\"><span lang=\"ES-TRAD\" xml:lang=\"ES-TRAD\">Alquiler mensual diurno<\/span><\/td>\n<td valign=\"top\" nowrap=\"nowrap\">\n<p align=\"right\"><span lang=\"ES-TRAD\" xml:lang=\"ES-TRAD\">126,6875 \u20ac<\/span><\/p>\n<\/td>\n<td valign=\"top\" nowrap=\"nowrap\">\n<p align=\"right\"><span lang=\"ES-TRAD\" xml:lang=\"ES-TRAD\">153,2919 \u20ac<\/span><\/p>\n<\/td>\n<td>&nbsp;<\/td>\n<\/tr>\n<tr>\n<td valign=\"top\"><span lang=\"ES-TRAD\" xml:lang=\"ES-TRAD\">Alquiler mensual nocturno<\/span><\/td>\n<td valign=\"top\" nowrap=\"nowrap\">\n<p align=\"right\"><span lang=\"ES-TRAD\" xml:lang=\"ES-TRAD\">88,6823 \u20ac<\/span><\/p>\n<\/td>\n<td valign=\"top\" nowrap=\"nowrap\">\n<p align=\"right\"><span lang=\"ES-TRAD\" xml:lang=\"ES-TRAD\">107,3056 \u20ac<\/span><\/p>\n<\/td>\n<td>&nbsp;<\/td>\n<\/tr>\n<tr>\n<td valign=\"top\"><span lang=\"ES-TRAD\" xml:lang=\"ES-TRAD\">Alquiler mensual 24 horas<\/span><\/td>\n<td valign=\"top\" nowrap=\"nowrap\">\n<p align=\"right\"><span lang=\"ES-TRAD\" xml:lang=\"ES-TRAD\">152,0316 \u20ac<\/span><\/p>\n<\/td>\n<td valign=\"top\" nowrap=\"nowrap\">\n<p align=\"right\"><span lang=\"ES-TRAD\" xml:lang=\"ES-TRAD\">183,9582 \u20ac<\/span><\/p>\n<\/td>\n<td>&nbsp;<\/td>\n<\/tr>\n<tr>\n<td valign=\"bottom\" nowrap=\"nowrap\"><span lang=\"ES-TRAD\" xml:lang=\"ES-TRAD\">Alquiler semanal 24 horas<\/span><\/td>\n<td valign=\"top\" nowrap=\"nowrap\">\n<p align=\"right\"><span lang=\"ES-TRAD\" xml:lang=\"ES-TRAD\">45,6018 \u20ac<\/span><\/p>\n<\/td>\n<td valign=\"top\" nowrap=\"nowrap\">\n<p align=\"right\"><span lang=\"ES-TRAD\" xml:lang=\"ES-TRAD\">55,1782 \u20ac<\/span><\/p>\n<\/td>\n<td>&nbsp;<\/td>\n<\/tr>\n<tr>\n<td valign=\"top\"><span lang=\"ES-TRAD\" xml:lang=\"ES-TRAD\">Abono nocturno residentes<\/span><\/td>\n<td valign=\"top\" nowrap=\"nowrap\">\n<p align=\"right\"><span lang=\"ES-TRAD\" xml:lang=\"ES-TRAD\">7,7143 \u20ac<\/span><\/p>\n<\/td>\n<td valign=\"top\" nowrap=\"nowrap\">\n<p align=\"right\"><span lang=\"ES-TRAD\" xml:lang=\"ES-TRAD\">9,3343 \u20ac<\/span><\/p>\n<\/td>\n<td>&nbsp;<\/td>\n<\/tr>\n<tr>\n<td valign=\"top\"><span lang=\"ES-TRAD\" xml:lang=\"ES-TRAD\">Abono mensual nocturno residentes<\/span><\/td>\n<td valign=\"top\" nowrap=\"nowrap\">\n<p align=\"right\"><span lang=\"ES-TRAD\" xml:lang=\"ES-TRAD\">38,4058 \u20ac<\/span><\/p>\n<\/td>\n<td valign=\"top\" nowrap=\"nowrap\">\n<p align=\"right\"><span lang=\"ES-TRAD\" xml:lang=\"ES-TRAD\">46,4710 \u20ac<\/span><\/p>\n<\/td>\n<td>&nbsp;<\/td>\n<\/tr>\n<tr>\n<td valign=\"top\"><\/td>\n<td valign=\"bottom\" nowrap=\"nowrap\"><\/td>\n<td valign=\"bottom\" nowrap=\"nowrap\"><\/td>\n<td>&nbsp;<\/td>\n<\/tr>\n<tr>\n<td valign=\"top\">\n<p align=\"center\"><span lang=\"ES-TRAD\" xml:lang=\"ES-TRAD\">Canon anual<\/span><\/p>\n<\/td>\n<td valign=\"bottom\" nowrap=\"nowrap\">\n<p align=\"right\"><span lang=\"ES-TRAD\" xml:lang=\"ES-TRAD\">55.176,33 \u20ac<\/span><\/p>\n<\/td>\n<td valign=\"bottom\" nowrap=\"nowrap\"><\/td>\n<\/tr>\n<\/tbody>\n<\/table>\n","protected":false},"excerpt":{"rendered":"<p>Afecta a los aparcamientos de Plaza del Castillo, Plaza de Toros, Audiencia, Carlos III, Rinc\u00f3n de la Aduana, Blanca de Navarra, Autobuses y Hospitales<\/p>\n","protected":false},"author":1,"featured_media":41391,"comment_status":"open","ping_status":"closed","sticky":false,"template":"","format":"standard","meta":{"footnotes":""},"categories":[2],"tags":[],"class_list":["post-42406","post","type-post","status-publish","format-standard","has-post-thumbnail","hentry","category-ayuntamiento-pamplona"],"yoast_head":"<!-- This site is optimized with the Yoast SEO plugin v27.3 - https:\/\/yoast.com\/product\/yoast-seo-wordpress\/ -->\n<title>Los aparcamientos subterr\u00e1neos de concesi\u00f3n municipal actualizan sus tarifas para 2023 aplicando el incremento del 8,4% que refleja el IPC interanual<\/title>\n<meta name=\"description\" content=\"Afecta a los aparcamientos de Plaza del Castillo, Plaza de Toros, Audiencia, Carlos III, Rinc\u00f3n de la Aduana, Blanca de Navarra, Autobuses y Hospitales\" \/>\n<meta name=\"robots\" content=\"index, follow, max-snippet:-1, max-image-preview:large, max-video-preview:-1\" \/>\n<link rel=\"canonical\" href=\"https:\/\/www.laguiadepamplona.com\/actualidad\/los-aparcamientos-subterraneos-de-concesion-municipal-actualizan-sus-tarifas-para-2023-aplicando-el-incremento-del-84-que-refleja-el-ipc-interanual\/\" \/>\n<meta property=\"og:locale\" content=\"es_ES\" \/>\n<meta property=\"og:type\" content=\"article\" \/>\n<meta property=\"og:title\" content=\"Los aparcamientos subterr\u00e1neos de concesi\u00f3n municipal actualizan sus tarifas para 2023 aplicando el incremento del 8,4% que refleja el IPC interanual\" \/>\n<meta property=\"og:description\" content=\"Afecta a los aparcamientos de Plaza del Castillo, Plaza de Toros, Audiencia, Carlos III, Rinc\u00f3n de la Aduana, Blanca de Navarra, Autobuses y Hospitales\" \/>\n<meta property=\"og:url\" content=\"https:\/\/www.laguiadepamplona.com\/actualidad\/los-aparcamientos-subterraneos-de-concesion-municipal-actualizan-sus-tarifas-para-2023-aplicando-el-incremento-del-84-que-refleja-el-ipc-interanual\/\" \/>\n<meta property=\"og:site_name\" content=\"La Gu\u00eda de Pamplona\" \/>\n<meta property=\"article:publisher\" content=\"https:\/\/www.facebook.com\/laguiadepamplonacom-133175176762273\/?ref=hl\" \/>\n<meta property=\"article:published_time\" content=\"2022-12-12T11:59:38+00:00\" \/>\n<meta property=\"article:modified_time\" content=\"2023-04-11T09:47:29+00:00\" \/>\n<meta property=\"og:image\" content=\"https:\/\/www.laguiadepamplona.com\/actualidad\/wp-content\/uploads\/2022\/08\/reloj_ayuntamiento.webp\" \/>\n\t<meta property=\"og:image:width\" content=\"1920\" \/>\n\t<meta property=\"og:image:height\" content=\"1245\" \/>\n\t<meta property=\"og:image:type\" content=\"image\/webp\" \/>\n<meta name=\"author\" content=\"La Gu\u00eda de Pamplona\" \/>\n<meta name=\"twitter:card\" content=\"summary_large_image\" \/>\n<meta name=\"twitter:creator\" content=\"@LaGuiadPamplona\" \/>\n<meta name=\"twitter:site\" content=\"@LaGuiadPamplona\" \/>\n<meta name=\"twitter:label1\" content=\"Escrito por\" \/>\n\t<meta name=\"twitter:data1\" content=\"La Gu\u00eda de Pamplona\" \/>\n\t<meta name=\"twitter:label2\" content=\"Tiempo de lectura\" \/>\n\t<meta name=\"twitter:data2\" content=\"2 minutos\" \/>\n<script type=\"application\/ld+json\" class=\"yoast-schema-graph\">{\"@context\":\"https:\\\/\\\/schema.org\",\"@graph\":[{\"@type\":\"Article\",\"@id\":\"https:\\\/\\\/www.laguiadepamplona.com\\\/actualidad\\\/los-aparcamientos-subterraneos-de-concesion-municipal-actualizan-sus-tarifas-para-2023-aplicando-el-incremento-del-84-que-refleja-el-ipc-interanual\\\/#article\",\"isPartOf\":{\"@id\":\"https:\\\/\\\/www.laguiadepamplona.com\\\/actualidad\\\/los-aparcamientos-subterraneos-de-concesion-municipal-actualizan-sus-tarifas-para-2023-aplicando-el-incremento-del-84-que-refleja-el-ipc-interanual\\\/\"},\"author\":{\"name\":\"La Gu\u00eda de Pamplona\",\"@id\":\"https:\\\/\\\/www.laguiadepamplona.com\\\/actualidad\\\/#\\\/schema\\\/person\\\/efe887376f0213d4657c93adc50b1fdb\"},\"headline\":\"Los aparcamientos subterr\u00e1neos de concesi\u00f3n municipal actualizan sus tarifas para 2023 aplicando el incremento del 8,4% que refleja el IPC interanual\",\"datePublished\":\"2022-12-12T11:59:38+00:00\",\"dateModified\":\"2023-04-11T09:47:29+00:00\",\"mainEntityOfPage\":{\"@id\":\"https:\\\/\\\/www.laguiadepamplona.com\\\/actualidad\\\/los-aparcamientos-subterraneos-de-concesion-municipal-actualizan-sus-tarifas-para-2023-aplicando-el-incremento-del-84-que-refleja-el-ipc-interanual\\\/\"},\"wordCount\":440,\"commentCount\":0,\"publisher\":{\"@id\":\"https:\\\/\\\/www.laguiadepamplona.com\\\/actualidad\\\/#organization\"},\"image\":{\"@id\":\"https:\\\/\\\/www.laguiadepamplona.com\\\/actualidad\\\/los-aparcamientos-subterraneos-de-concesion-municipal-actualizan-sus-tarifas-para-2023-aplicando-el-incremento-del-84-que-refleja-el-ipc-interanual\\\/#primaryimage\"},\"thumbnailUrl\":\"https:\\\/\\\/www.laguiadepamplona.com\\\/actualidad\\\/wp-content\\\/uploads\\\/2022\\\/08\\\/reloj_ayuntamiento.webp\",\"articleSection\":[\"Ayto Pamplona\"],\"inLanguage\":\"es\",\"potentialAction\":[{\"@type\":\"CommentAction\",\"name\":\"Comment\",\"target\":[\"https:\\\/\\\/www.laguiadepamplona.com\\\/actualidad\\\/los-aparcamientos-subterraneos-de-concesion-municipal-actualizan-sus-tarifas-para-2023-aplicando-el-incremento-del-84-que-refleja-el-ipc-interanual\\\/#respond\"]}]},{\"@type\":\"WebPage\",\"@id\":\"https:\\\/\\\/www.laguiadepamplona.com\\\/actualidad\\\/los-aparcamientos-subterraneos-de-concesion-municipal-actualizan-sus-tarifas-para-2023-aplicando-el-incremento-del-84-que-refleja-el-ipc-interanual\\\/\",\"url\":\"https:\\\/\\\/www.laguiadepamplona.com\\\/actualidad\\\/los-aparcamientos-subterraneos-de-concesion-municipal-actualizan-sus-tarifas-para-2023-aplicando-el-incremento-del-84-que-refleja-el-ipc-interanual\\\/\",\"name\":\"Los aparcamientos subterr\u00e1neos de concesi\u00f3n municipal actualizan sus tarifas para 2023 aplicando el incremento del 8,4% que refleja el IPC interanual\",\"isPartOf\":{\"@id\":\"https:\\\/\\\/www.laguiadepamplona.com\\\/actualidad\\\/#website\"},\"primaryImageOfPage\":{\"@id\":\"https:\\\/\\\/www.laguiadepamplona.com\\\/actualidad\\\/los-aparcamientos-subterraneos-de-concesion-municipal-actualizan-sus-tarifas-para-2023-aplicando-el-incremento-del-84-que-refleja-el-ipc-interanual\\\/#primaryimage\"},\"image\":{\"@id\":\"https:\\\/\\\/www.laguiadepamplona.com\\\/actualidad\\\/los-aparcamientos-subterraneos-de-concesion-municipal-actualizan-sus-tarifas-para-2023-aplicando-el-incremento-del-84-que-refleja-el-ipc-interanual\\\/#primaryimage\"},\"thumbnailUrl\":\"https:\\\/\\\/www.laguiadepamplona.com\\\/actualidad\\\/wp-content\\\/uploads\\\/2022\\\/08\\\/reloj_ayuntamiento.webp\",\"datePublished\":\"2022-12-12T11:59:38+00:00\",\"dateModified\":\"2023-04-11T09:47:29+00:00\",\"description\":\"Afecta a los aparcamientos de Plaza del Castillo, Plaza de Toros, Audiencia, Carlos III, Rinc\u00f3n de la Aduana, Blanca de Navarra, Autobuses y Hospitales\",\"breadcrumb\":{\"@id\":\"https:\\\/\\\/www.laguiadepamplona.com\\\/actualidad\\\/los-aparcamientos-subterraneos-de-concesion-municipal-actualizan-sus-tarifas-para-2023-aplicando-el-incremento-del-84-que-refleja-el-ipc-interanual\\\/#breadcrumb\"},\"inLanguage\":\"es\",\"potentialAction\":[{\"@type\":\"ReadAction\",\"target\":[\"https:\\\/\\\/www.laguiadepamplona.com\\\/actualidad\\\/los-aparcamientos-subterraneos-de-concesion-municipal-actualizan-sus-tarifas-para-2023-aplicando-el-incremento-del-84-que-refleja-el-ipc-interanual\\\/\"]}]},{\"@type\":\"ImageObject\",\"inLanguage\":\"es\",\"@id\":\"https:\\\/\\\/www.laguiadepamplona.com\\\/actualidad\\\/los-aparcamientos-subterraneos-de-concesion-municipal-actualizan-sus-tarifas-para-2023-aplicando-el-incremento-del-84-que-refleja-el-ipc-interanual\\\/#primaryimage\",\"url\":\"https:\\\/\\\/www.laguiadepamplona.com\\\/actualidad\\\/wp-content\\\/uploads\\\/2022\\\/08\\\/reloj_ayuntamiento.webp\",\"contentUrl\":\"https:\\\/\\\/www.laguiadepamplona.com\\\/actualidad\\\/wp-content\\\/uploads\\\/2022\\\/08\\\/reloj_ayuntamiento.webp\",\"width\":1920,\"height\":1245,\"caption\":\"ayuntamiento\"},{\"@type\":\"BreadcrumbList\",\"@id\":\"https:\\\/\\\/www.laguiadepamplona.com\\\/actualidad\\\/los-aparcamientos-subterraneos-de-concesion-municipal-actualizan-sus-tarifas-para-2023-aplicando-el-incremento-del-84-que-refleja-el-ipc-interanual\\\/#breadcrumb\",\"itemListElement\":[{\"@type\":\"ListItem\",\"position\":1,\"name\":\"Portada\",\"item\":\"https:\\\/\\\/www.laguiadepamplona.com\\\/actualidad\\\/\"},{\"@type\":\"ListItem\",\"position\":2,\"name\":\"Los aparcamientos subterr\u00e1neos de concesi\u00f3n municipal actualizan sus tarifas para 2023 aplicando el incremento del 8,4% que refleja el IPC interanual\"}]},{\"@type\":\"WebSite\",\"@id\":\"https:\\\/\\\/www.laguiadepamplona.com\\\/actualidad\\\/#website\",\"url\":\"https:\\\/\\\/www.laguiadepamplona.com\\\/actualidad\\\/\",\"name\":\"La gu\u00eda de Pamplona\",\"description\":\"Noticias de Pamplona\",\"publisher\":{\"@id\":\"https:\\\/\\\/www.laguiadepamplona.com\\\/actualidad\\\/#organization\"},\"potentialAction\":[{\"@type\":\"SearchAction\",\"target\":{\"@type\":\"EntryPoint\",\"urlTemplate\":\"https:\\\/\\\/www.laguiadepamplona.com\\\/actualidad\\\/?s={search_term_string}\"},\"query-input\":{\"@type\":\"PropertyValueSpecification\",\"valueRequired\":true,\"valueName\":\"search_term_string\"}}],\"inLanguage\":\"es\"},{\"@type\":\"Organization\",\"@id\":\"https:\\\/\\\/www.laguiadepamplona.com\\\/actualidad\\\/#organization\",\"name\":\"La Gu\u00eda de Pamplona \\\/ Noticias\",\"url\":\"https:\\\/\\\/www.laguiadepamplona.com\\\/actualidad\\\/\",\"logo\":{\"@type\":\"ImageObject\",\"inLanguage\":\"es\",\"@id\":\"https:\\\/\\\/www.laguiadepamplona.com\\\/actualidad\\\/#\\\/schema\\\/logo\\\/image\\\/\",\"url\":\"https:\\\/\\\/www.laguiadepamplona.com\\\/actualidad\\\/wp-content\\\/uploads\\\/2018\\\/11\\\/logo-laguiadepamplona18-web1.png\",\"contentUrl\":\"https:\\\/\\\/www.laguiadepamplona.com\\\/actualidad\\\/wp-content\\\/uploads\\\/2018\\\/11\\\/logo-laguiadepamplona18-web1.png\",\"width\":600,\"height\":196,\"caption\":\"La Gu\u00eda de Pamplona \\\/ Noticias\"},\"image\":{\"@id\":\"https:\\\/\\\/www.laguiadepamplona.com\\\/actualidad\\\/#\\\/schema\\\/logo\\\/image\\\/\"},\"sameAs\":[\"https:\\\/\\\/www.facebook.com\\\/laguiadepamplonacom-133175176762273\\\/?ref=hl\",\"https:\\\/\\\/x.com\\\/LaGuiadPamplona\",\"https:\\\/\\\/www.instagram.com\\\/la_guia_de_pamplona\\\/\",\"https:\\\/\\\/www.youtube.com\\\/user\\\/laguiadepamplona\"]},{\"@type\":\"Person\",\"@id\":\"https:\\\/\\\/www.laguiadepamplona.com\\\/actualidad\\\/#\\\/schema\\\/person\\\/efe887376f0213d4657c93adc50b1fdb\",\"name\":\"La Gu\u00eda de Pamplona\",\"image\":{\"@type\":\"ImageObject\",\"inLanguage\":\"es\",\"@id\":\"https:\\\/\\\/secure.gravatar.com\\\/avatar\\\/b6992f131dc8d30ab0dff15446e9d346d9dbd95992de0fef795073f5ea83a81c?s=96&d=mm&r=g\",\"url\":\"https:\\\/\\\/secure.gravatar.com\\\/avatar\\\/b6992f131dc8d30ab0dff15446e9d346d9dbd95992de0fef795073f5ea83a81c?s=96&d=mm&r=g\",\"contentUrl\":\"https:\\\/\\\/secure.gravatar.com\\\/avatar\\\/b6992f131dc8d30ab0dff15446e9d346d9dbd95992de0fef795073f5ea83a81c?s=96&d=mm&r=g\",\"caption\":\"La Gu\u00eda de Pamplona\"}}]}<\/script>\n<!-- \/ Yoast SEO plugin. -->","yoast_head_json":{"title":"Los aparcamientos subterr\u00e1neos de concesi\u00f3n municipal actualizan sus tarifas para 2023 aplicando el incremento del 8,4% que refleja el IPC interanual","description":"Afecta a los aparcamientos de Plaza del Castillo, Plaza de Toros, Audiencia, Carlos III, Rinc\u00f3n de la Aduana, Blanca de Navarra, Autobuses y Hospitales","robots":{"index":"index","follow":"follow","max-snippet":"max-snippet:-1","max-image-preview":"max-image-preview:large","max-video-preview":"max-video-preview:-1"},"canonical":"https:\/\/www.laguiadepamplona.com\/actualidad\/los-aparcamientos-subterraneos-de-concesion-municipal-actualizan-sus-tarifas-para-2023-aplicando-el-incremento-del-84-que-refleja-el-ipc-interanual\/","og_locale":"es_ES","og_type":"article","og_title":"Los aparcamientos subterr\u00e1neos de concesi\u00f3n municipal actualizan sus tarifas para 2023 aplicando el incremento del 8,4% que refleja el IPC interanual","og_description":"Afecta a los aparcamientos de Plaza del Castillo, Plaza de Toros, Audiencia, Carlos III, Rinc\u00f3n de la Aduana, Blanca de Navarra, Autobuses y Hospitales","og_url":"https:\/\/www.laguiadepamplona.com\/actualidad\/los-aparcamientos-subterraneos-de-concesion-municipal-actualizan-sus-tarifas-para-2023-aplicando-el-incremento-del-84-que-refleja-el-ipc-interanual\/","og_site_name":"La Gu\u00eda de Pamplona","article_publisher":"https:\/\/www.facebook.com\/laguiadepamplonacom-133175176762273\/?ref=hl","article_published_time":"2022-12-12T11:59:38+00:00","article_modified_time":"2023-04-11T09:47:29+00:00","og_image":[{"width":1920,"height":1245,"url":"https:\/\/www.laguiadepamplona.com\/actualidad\/wp-content\/uploads\/2022\/08\/reloj_ayuntamiento.webp","type":"image\/webp"}],"author":"La Gu\u00eda de Pamplona","twitter_card":"summary_large_image","twitter_creator":"@LaGuiadPamplona","twitter_site":"@LaGuiadPamplona","twitter_misc":{"Escrito por":"La Gu\u00eda de Pamplona","Tiempo de lectura":"2 minutos"},"schema":{"@context":"https:\/\/schema.org","@graph":[{"@type":"Article","@id":"https:\/\/www.laguiadepamplona.com\/actualidad\/los-aparcamientos-subterraneos-de-concesion-municipal-actualizan-sus-tarifas-para-2023-aplicando-el-incremento-del-84-que-refleja-el-ipc-interanual\/#article","isPartOf":{"@id":"https:\/\/www.laguiadepamplona.com\/actualidad\/los-aparcamientos-subterraneos-de-concesion-municipal-actualizan-sus-tarifas-para-2023-aplicando-el-incremento-del-84-que-refleja-el-ipc-interanual\/"},"author":{"name":"La Gu\u00eda de Pamplona","@id":"https:\/\/www.laguiadepamplona.com\/actualidad\/#\/schema\/person\/efe887376f0213d4657c93adc50b1fdb"},"headline":"Los aparcamientos subterr\u00e1neos de concesi\u00f3n municipal actualizan sus tarifas para 2023 aplicando el incremento del 8,4% que refleja el IPC interanual","datePublished":"2022-12-12T11:59:38+00:00","dateModified":"2023-04-11T09:47:29+00:00","mainEntityOfPage":{"@id":"https:\/\/www.laguiadepamplona.com\/actualidad\/los-aparcamientos-subterraneos-de-concesion-municipal-actualizan-sus-tarifas-para-2023-aplicando-el-incremento-del-84-que-refleja-el-ipc-interanual\/"},"wordCount":440,"commentCount":0,"publisher":{"@id":"https:\/\/www.laguiadepamplona.com\/actualidad\/#organization"},"image":{"@id":"https:\/\/www.laguiadepamplona.com\/actualidad\/los-aparcamientos-subterraneos-de-concesion-municipal-actualizan-sus-tarifas-para-2023-aplicando-el-incremento-del-84-que-refleja-el-ipc-interanual\/#primaryimage"},"thumbnailUrl":"https:\/\/www.laguiadepamplona.com\/actualidad\/wp-content\/uploads\/2022\/08\/reloj_ayuntamiento.webp","articleSection":["Ayto Pamplona"],"inLanguage":"es","potentialAction":[{"@type":"CommentAction","name":"Comment","target":["https:\/\/www.laguiadepamplona.com\/actualidad\/los-aparcamientos-subterraneos-de-concesion-municipal-actualizan-sus-tarifas-para-2023-aplicando-el-incremento-del-84-que-refleja-el-ipc-interanual\/#respond"]}]},{"@type":"WebPage","@id":"https:\/\/www.laguiadepamplona.com\/actualidad\/los-aparcamientos-subterraneos-de-concesion-municipal-actualizan-sus-tarifas-para-2023-aplicando-el-incremento-del-84-que-refleja-el-ipc-interanual\/","url":"https:\/\/www.laguiadepamplona.com\/actualidad\/los-aparcamientos-subterraneos-de-concesion-municipal-actualizan-sus-tarifas-para-2023-aplicando-el-incremento-del-84-que-refleja-el-ipc-interanual\/","name":"Los aparcamientos subterr\u00e1neos de concesi\u00f3n municipal actualizan sus tarifas para 2023 aplicando el incremento del 8,4% que refleja el IPC interanual","isPartOf":{"@id":"https:\/\/www.laguiadepamplona.com\/actualidad\/#website"},"primaryImageOfPage":{"@id":"https:\/\/www.laguiadepamplona.com\/actualidad\/los-aparcamientos-subterraneos-de-concesion-municipal-actualizan-sus-tarifas-para-2023-aplicando-el-incremento-del-84-que-refleja-el-ipc-interanual\/#primaryimage"},"image":{"@id":"https:\/\/www.laguiadepamplona.com\/actualidad\/los-aparcamientos-subterraneos-de-concesion-municipal-actualizan-sus-tarifas-para-2023-aplicando-el-incremento-del-84-que-refleja-el-ipc-interanual\/#primaryimage"},"thumbnailUrl":"https:\/\/www.laguiadepamplona.com\/actualidad\/wp-content\/uploads\/2022\/08\/reloj_ayuntamiento.webp","datePublished":"2022-12-12T11:59:38+00:00","dateModified":"2023-04-11T09:47:29+00:00","description":"Afecta a los aparcamientos de Plaza del Castillo, Plaza de Toros, Audiencia, Carlos III, Rinc\u00f3n de la Aduana, Blanca de Navarra, Autobuses y Hospitales","breadcrumb":{"@id":"https:\/\/www.laguiadepamplona.com\/actualidad\/los-aparcamientos-subterraneos-de-concesion-municipal-actualizan-sus-tarifas-para-2023-aplicando-el-incremento-del-84-que-refleja-el-ipc-interanual\/#breadcrumb"},"inLanguage":"es","potentialAction":[{"@type":"ReadAction","target":["https:\/\/www.laguiadepamplona.com\/actualidad\/los-aparcamientos-subterraneos-de-concesion-municipal-actualizan-sus-tarifas-para-2023-aplicando-el-incremento-del-84-que-refleja-el-ipc-interanual\/"]}]},{"@type":"ImageObject","inLanguage":"es","@id":"https:\/\/www.laguiadepamplona.com\/actualidad\/los-aparcamientos-subterraneos-de-concesion-municipal-actualizan-sus-tarifas-para-2023-aplicando-el-incremento-del-84-que-refleja-el-ipc-interanual\/#primaryimage","url":"https:\/\/www.laguiadepamplona.com\/actualidad\/wp-content\/uploads\/2022\/08\/reloj_ayuntamiento.webp","contentUrl":"https:\/\/www.laguiadepamplona.com\/actualidad\/wp-content\/uploads\/2022\/08\/reloj_ayuntamiento.webp","width":1920,"height":1245,"caption":"ayuntamiento"},{"@type":"BreadcrumbList","@id":"https:\/\/www.laguiadepamplona.com\/actualidad\/los-aparcamientos-subterraneos-de-concesion-municipal-actualizan-sus-tarifas-para-2023-aplicando-el-incremento-del-84-que-refleja-el-ipc-interanual\/#breadcrumb","itemListElement":[{"@type":"ListItem","position":1,"name":"Portada","item":"https:\/\/www.laguiadepamplona.com\/actualidad\/"},{"@type":"ListItem","position":2,"name":"Los aparcamientos subterr\u00e1neos de concesi\u00f3n municipal actualizan sus tarifas para 2023 aplicando el incremento del 8,4% que refleja el IPC interanual"}]},{"@type":"WebSite","@id":"https:\/\/www.laguiadepamplona.com\/actualidad\/#website","url":"https:\/\/www.laguiadepamplona.com\/actualidad\/","name":"La gu\u00eda de Pamplona","description":"Noticias de Pamplona","publisher":{"@id":"https:\/\/www.laguiadepamplona.com\/actualidad\/#organization"},"potentialAction":[{"@type":"SearchAction","target":{"@type":"EntryPoint","urlTemplate":"https:\/\/www.laguiadepamplona.com\/actualidad\/?s={search_term_string}"},"query-input":{"@type":"PropertyValueSpecification","valueRequired":true,"valueName":"search_term_string"}}],"inLanguage":"es"},{"@type":"Organization","@id":"https:\/\/www.laguiadepamplona.com\/actualidad\/#organization","name":"La Gu\u00eda de Pamplona \/ Noticias","url":"https:\/\/www.laguiadepamplona.com\/actualidad\/","logo":{"@type":"ImageObject","inLanguage":"es","@id":"https:\/\/www.laguiadepamplona.com\/actualidad\/#\/schema\/logo\/image\/","url":"https:\/\/www.laguiadepamplona.com\/actualidad\/wp-content\/uploads\/2018\/11\/logo-laguiadepamplona18-web1.png","contentUrl":"https:\/\/www.laguiadepamplona.com\/actualidad\/wp-content\/uploads\/2018\/11\/logo-laguiadepamplona18-web1.png","width":600,"height":196,"caption":"La Gu\u00eda de Pamplona \/ Noticias"},"image":{"@id":"https:\/\/www.laguiadepamplona.com\/actualidad\/#\/schema\/logo\/image\/"},"sameAs":["https:\/\/www.facebook.com\/laguiadepamplonacom-133175176762273\/?ref=hl","https:\/\/x.com\/LaGuiadPamplona","https:\/\/www.instagram.com\/la_guia_de_pamplona\/","https:\/\/www.youtube.com\/user\/laguiadepamplona"]},{"@type":"Person","@id":"https:\/\/www.laguiadepamplona.com\/actualidad\/#\/schema\/person\/efe887376f0213d4657c93adc50b1fdb","name":"La Gu\u00eda de Pamplona","image":{"@type":"ImageObject","inLanguage":"es","@id":"https:\/\/secure.gravatar.com\/avatar\/b6992f131dc8d30ab0dff15446e9d346d9dbd95992de0fef795073f5ea83a81c?s=96&d=mm&r=g","url":"https:\/\/secure.gravatar.com\/avatar\/b6992f131dc8d30ab0dff15446e9d346d9dbd95992de0fef795073f5ea83a81c?s=96&d=mm&r=g","contentUrl":"https:\/\/secure.gravatar.com\/avatar\/b6992f131dc8d30ab0dff15446e9d346d9dbd95992de0fef795073f5ea83a81c?s=96&d=mm&r=g","caption":"La Gu\u00eda de Pamplona"}}]}},"post_mailing_queue_ids":[],"_links":{"self":[{"href":"https:\/\/www.laguiadepamplona.com\/actualidad\/wp-json\/wp\/v2\/posts\/42406","targetHints":{"allow":["GET"]}}],"collection":[{"href":"https:\/\/www.laguiadepamplona.com\/actualidad\/wp-json\/wp\/v2\/posts"}],"about":[{"href":"https:\/\/www.laguiadepamplona.com\/actualidad\/wp-json\/wp\/v2\/types\/post"}],"author":[{"embeddable":true,"href":"https:\/\/www.laguiadepamplona.com\/actualidad\/wp-json\/wp\/v2\/users\/1"}],"replies":[{"embeddable":true,"href":"https:\/\/www.laguiadepamplona.com\/actualidad\/wp-json\/wp\/v2\/comments?post=42406"}],"version-history":[{"count":0,"href":"https:\/\/www.laguiadepamplona.com\/actualidad\/wp-json\/wp\/v2\/posts\/42406\/revisions"}],"wp:featuredmedia":[{"embeddable":true,"href":"https:\/\/www.laguiadepamplona.com\/actualidad\/wp-json\/wp\/v2\/media\/41391"}],"wp:attachment":[{"href":"https:\/\/www.laguiadepamplona.com\/actualidad\/wp-json\/wp\/v2\/media?parent=42406"}],"wp:term":[{"taxonomy":"category","embeddable":true,"href":"https:\/\/www.laguiadepamplona.com\/actualidad\/wp-json\/wp\/v2\/categories?post=42406"},{"taxonomy":"post_tag","embeddable":true,"href":"https:\/\/www.laguiadepamplona.com\/actualidad\/wp-json\/wp\/v2\/tags?post=42406"}],"curies":[{"name":"wp","href":"https:\/\/api.w.org\/{rel}","templated":true}]}}