{"id":42399,"date":"2022-12-02T14:30:12","date_gmt":"2022-12-02T12:30:12","guid":{"rendered":"https:\/\/www.laguiadepamplona.com\/actualidad\/?p=42399"},"modified":"2023-04-11T11:47:29","modified_gmt":"2023-04-11T09:47:29","slug":"sinfonietta-de-pamplona-ofrecera-su-tradicional-concierto-navideno-organizado-por-el-ayuntamiento-el-lunes-19-de-diciembre-en-la-sala-de-camara-de-baluarte","status":"publish","type":"post","link":"https:\/\/www.laguiadepamplona.com\/actualidad\/sinfonietta-de-pamplona-ofrecera-su-tradicional-concierto-navideno-organizado-por-el-ayuntamiento-el-lunes-19-de-diciembre-en-la-sala-de-camara-de-baluarte\/","title":{"rendered":"Sinfonietta de Pamplona ofrecer\u00e1 su tradicional concierto navide\u00f1o, organizado por el Ayuntamiento, el lunes 19 de diciembre en la sala de c\u00e1mara de Baluarte"},"content":{"rendered":"<h5>Las entradas para el programa sinf\u00f3nico, que incluye la Quinta Sinfon\u00eda de Tchaikovsky, est\u00e1n ya disponibles en taquilla y en la web del auditorio<\/h5>\n<p><!--more--><\/p>\n<p>La orquesta Sinfonietta de Pamplona tiene ya listo su tradicional su concierto navide\u00f1o, organizado por el Ayuntamiento de Pamplona, un programa sinf\u00f3nico de car\u00e1cter rom\u00e1ntico que incluye obras de Gluck y Tchaikovsky. La cita es el lunes 19 de diciembre, a las 20 horas, en la sala de c\u00e1mara del Palacio de Congresos y Auditorio de Navarra Baluarte. Las entradas, a un precio de 14 euros, ya est\u00e1n disponibles en taquilla y en la <a href=\"https:\/\/www.baluarte.com\/cas\/espectaculos-y-conciertos\/sinfonietta-pamplona-tchaikovsky-concierto-navidad\/fecha=2022-12\" target=\"_blank\" rel=\"noopener\">p\u00e1gina web<\/a> del auditorio.<br \/>\n<script async src=\"\/\/pagead2.googlesyndication.com\/pagead\/js\/adsbygoogle.js\"><\/script><br \/>\n<!-- Noticias La Guia de Pamplona --><br \/>\n<ins class=\"adsbygoogle\"\nstyle=\"display:block\"\ndata-ad-client=\"ca-pub-6943679897239327\"\ndata-ad-slot=\"7048180777\"\ndata-ad-format=\"auto\"><\/ins><br \/>\n<script>\n(adsbygoogle = window.adsbygoogle || []).push({});\n<\/script><\/p>\n<p>El concierto, bajo la direcci\u00f3n de Caroline Collier, se iniciar\u00e1 con la \u2018Overtura a Iphegenie en Aulide\u2019, de C.W.Gluck. Esta obertura dram\u00e1tica, poco conocida en la actualidad, pertenece a una \u00f3pera en tres actos, la primera que Gluck escribi\u00f3 para los escenarios de Par\u00eds. El libreto est\u00e1 basado en la tragedia de Jean Racine \u2018Iphig\u00e9nie\u2019, en la que el rey Agamen\u00f3n lucha con la terrible decisi\u00f3n de salvar la vida de su hija o garantizar el bienestar de sus s\u00fabditos. La obra alberga cuatro temas: una invocaci\u00f3n a la liberaci\u00f3n de la aflicci\u00f3n, en el movimiento lento, y la afirmaci\u00f3n del poder autoritario, la expresi\u00f3n de ternura femenina y la profunda simpat\u00eda, en el movimiento m\u00e1s r\u00e1pido.<\/p>\n<p>Tras esta pieza, la obra central de la velada ser\u00e1 la Sinfon\u00eda n\u00famero 5 en mi menor, de P.I. Tchaikovsky, una de las obras m\u00e1s aclamadas por audiencias de todo el mundo. La sinfon\u00eda fue compuesta entre mayo y agosto de 1888 y la estren\u00f3 el propio Tchaikovsky en San Petersburgo el 6 de noviembre de 1888. Los cuatro movimientos de la sinfon\u00eda, seg\u00fan explica el programa, se unifican hasta cierto punto a trav\u00e9s de la referencia com\u00fan a un \u201ctema de lema\u201d, una especie de \u2018id\u00e9e fixe\u2019 berlioziana anunciada por los sombr\u00edos clarinetes al principio. La mayor\u00eda de los cr\u00edticos est\u00e1n de acuerdo en que esto representa la idea del Destino, que reaparece frecuentemente durante toda la obra. La paleta orquestal de la obra es inusualmente colorida.<br \/>\n<script async src=\"\/\/pagead2.googlesyndication.com\/pagead\/js\/adsbygoogle.js\"><\/script><br \/>\n<!-- Noticias La Guia de Pamplona --><br \/>\n<ins class=\"adsbygoogle\"\nstyle=\"display:block\"\ndata-ad-client=\"ca-pub-6943679897239327\"\ndata-ad-slot=\"7048180777\"\ndata-ad-format=\"auto\"><\/ins><br \/>\n<script>\n(adsbygoogle = window.adsbygoogle || []).push({});\n<\/script><\/p>\n<p>&nbsp;<\/p>\n<h3>El Programa. Lunes 19 de Diciembre. 20 Horas<\/h3>\n<ul>\n<li>Overtura a Iphegenie en Aulide &#8211; C.W.Gluck.<\/li>\n<li>Sinfon\u00eda n\u00ba.5 mi menor op.65 &#8211; P.I. Tchaikovsky<\/li>\n<\/ul>\n","protected":false},"excerpt":{"rendered":"<p>Las entradas para el programa sinf\u00f3nico, que incluye la Quinta Sinfon\u00eda de Tchaikovsky, est\u00e1n ya disponibles en taquilla y en la web del auditorio<\/p>\n","protected":false},"author":1,"featured_media":42400,"comment_status":"open","ping_status":"closed","sticky":false,"template":"","format":"standard","meta":{"footnotes":""},"categories":[2],"tags":[],"class_list":["post-42399","post","type-post","status-publish","format-standard","has-post-thumbnail","hentry","category-ayuntamiento-pamplona"],"yoast_head":"<!-- This site is optimized with the Yoast SEO plugin v27.3 - https:\/\/yoast.com\/product\/yoast-seo-wordpress\/ -->\n<title>Sinfonietta de Pamplona ofrecer\u00e1 su tradicional concierto navide\u00f1o, organizado por el Ayuntamiento, el lunes 19 de diciembre en la sala de c\u00e1mara de Baluarte<\/title>\n<meta name=\"description\" content=\"Las entradas para el programa sinf\u00f3nico, que incluye la Quinta Sinfon\u00eda de Tchaikovsky, est\u00e1n ya disponibles en taquilla y en la web del auditorio\" \/>\n<meta name=\"robots\" content=\"index, follow, max-snippet:-1, max-image-preview:large, max-video-preview:-1\" \/>\n<link rel=\"canonical\" href=\"https:\/\/www.laguiadepamplona.com\/actualidad\/sinfonietta-de-pamplona-ofrecera-su-tradicional-concierto-navideno-organizado-por-el-ayuntamiento-el-lunes-19-de-diciembre-en-la-sala-de-camara-de-baluarte\/\" \/>\n<meta property=\"og:locale\" content=\"es_ES\" \/>\n<meta property=\"og:type\" content=\"article\" \/>\n<meta property=\"og:title\" content=\"Sinfonietta de Pamplona ofrecer\u00e1 su tradicional concierto navide\u00f1o, organizado por el Ayuntamiento, el lunes 19 de diciembre en la sala de c\u00e1mara de Baluarte\" \/>\n<meta property=\"og:description\" content=\"Las entradas para el programa sinf\u00f3nico, que incluye la Quinta Sinfon\u00eda de Tchaikovsky, est\u00e1n ya disponibles en taquilla y en la web del auditorio\" \/>\n<meta property=\"og:url\" content=\"https:\/\/www.laguiadepamplona.com\/actualidad\/sinfonietta-de-pamplona-ofrecera-su-tradicional-concierto-navideno-organizado-por-el-ayuntamiento-el-lunes-19-de-diciembre-en-la-sala-de-camara-de-baluarte\/\" \/>\n<meta property=\"og:site_name\" content=\"La Gu\u00eda de Pamplona\" \/>\n<meta property=\"article:publisher\" content=\"https:\/\/www.facebook.com\/laguiadepamplonacom-133175176762273\/?ref=hl\" \/>\n<meta property=\"article:published_time\" content=\"2022-12-02T12:30:12+00:00\" \/>\n<meta property=\"article:modified_time\" content=\"2023-04-11T09:47:29+00:00\" \/>\n<meta property=\"og:image\" content=\"https:\/\/www.laguiadepamplona.com\/actualidad\/wp-content\/uploads\/2022\/12\/16.06.03_Sinfonietta-Academica.webp\" \/>\n\t<meta property=\"og:image:width\" content=\"1800\" \/>\n\t<meta property=\"og:image:height\" content=\"1200\" \/>\n\t<meta property=\"og:image:type\" content=\"image\/webp\" \/>\n<meta name=\"author\" content=\"La Gu\u00eda de Pamplona\" \/>\n<meta name=\"twitter:card\" content=\"summary_large_image\" \/>\n<meta name=\"twitter:creator\" content=\"@LaGuiadPamplona\" \/>\n<meta name=\"twitter:site\" content=\"@LaGuiadPamplona\" \/>\n<meta name=\"twitter:label1\" content=\"Escrito por\" \/>\n\t<meta name=\"twitter:data1\" content=\"La Gu\u00eda de Pamplona\" \/>\n\t<meta name=\"twitter:label2\" content=\"Tiempo de lectura\" \/>\n\t<meta name=\"twitter:data2\" content=\"2 minutos\" \/>\n<script type=\"application\/ld+json\" class=\"yoast-schema-graph\">{\"@context\":\"https:\\\/\\\/schema.org\",\"@graph\":[{\"@type\":\"Article\",\"@id\":\"https:\\\/\\\/www.laguiadepamplona.com\\\/actualidad\\\/sinfonietta-de-pamplona-ofrecera-su-tradicional-concierto-navideno-organizado-por-el-ayuntamiento-el-lunes-19-de-diciembre-en-la-sala-de-camara-de-baluarte\\\/#article\",\"isPartOf\":{\"@id\":\"https:\\\/\\\/www.laguiadepamplona.com\\\/actualidad\\\/sinfonietta-de-pamplona-ofrecera-su-tradicional-concierto-navideno-organizado-por-el-ayuntamiento-el-lunes-19-de-diciembre-en-la-sala-de-camara-de-baluarte\\\/\"},\"author\":{\"name\":\"La Gu\u00eda de Pamplona\",\"@id\":\"https:\\\/\\\/www.laguiadepamplona.com\\\/actualidad\\\/#\\\/schema\\\/person\\\/efe887376f0213d4657c93adc50b1fdb\"},\"headline\":\"Sinfonietta de Pamplona ofrecer\u00e1 su tradicional concierto navide\u00f1o, organizado por el Ayuntamiento, el lunes 19 de diciembre en la sala de c\u00e1mara de Baluarte\",\"datePublished\":\"2022-12-02T12:30:12+00:00\",\"dateModified\":\"2023-04-11T09:47:29+00:00\",\"mainEntityOfPage\":{\"@id\":\"https:\\\/\\\/www.laguiadepamplona.com\\\/actualidad\\\/sinfonietta-de-pamplona-ofrecera-su-tradicional-concierto-navideno-organizado-por-el-ayuntamiento-el-lunes-19-de-diciembre-en-la-sala-de-camara-de-baluarte\\\/\"},\"wordCount\":432,\"commentCount\":0,\"publisher\":{\"@id\":\"https:\\\/\\\/www.laguiadepamplona.com\\\/actualidad\\\/#organization\"},\"image\":{\"@id\":\"https:\\\/\\\/www.laguiadepamplona.com\\\/actualidad\\\/sinfonietta-de-pamplona-ofrecera-su-tradicional-concierto-navideno-organizado-por-el-ayuntamiento-el-lunes-19-de-diciembre-en-la-sala-de-camara-de-baluarte\\\/#primaryimage\"},\"thumbnailUrl\":\"https:\\\/\\\/www.laguiadepamplona.com\\\/actualidad\\\/wp-content\\\/uploads\\\/2022\\\/12\\\/16.06.03_Sinfonietta-Academica.webp\",\"articleSection\":[\"Ayto Pamplona\"],\"inLanguage\":\"es\",\"potentialAction\":[{\"@type\":\"CommentAction\",\"name\":\"Comment\",\"target\":[\"https:\\\/\\\/www.laguiadepamplona.com\\\/actualidad\\\/sinfonietta-de-pamplona-ofrecera-su-tradicional-concierto-navideno-organizado-por-el-ayuntamiento-el-lunes-19-de-diciembre-en-la-sala-de-camara-de-baluarte\\\/#respond\"]}]},{\"@type\":\"WebPage\",\"@id\":\"https:\\\/\\\/www.laguiadepamplona.com\\\/actualidad\\\/sinfonietta-de-pamplona-ofrecera-su-tradicional-concierto-navideno-organizado-por-el-ayuntamiento-el-lunes-19-de-diciembre-en-la-sala-de-camara-de-baluarte\\\/\",\"url\":\"https:\\\/\\\/www.laguiadepamplona.com\\\/actualidad\\\/sinfonietta-de-pamplona-ofrecera-su-tradicional-concierto-navideno-organizado-por-el-ayuntamiento-el-lunes-19-de-diciembre-en-la-sala-de-camara-de-baluarte\\\/\",\"name\":\"Sinfonietta de Pamplona ofrecer\u00e1 su tradicional concierto navide\u00f1o, organizado por el Ayuntamiento, el lunes 19 de diciembre en la sala de c\u00e1mara de Baluarte\",\"isPartOf\":{\"@id\":\"https:\\\/\\\/www.laguiadepamplona.com\\\/actualidad\\\/#website\"},\"primaryImageOfPage\":{\"@id\":\"https:\\\/\\\/www.laguiadepamplona.com\\\/actualidad\\\/sinfonietta-de-pamplona-ofrecera-su-tradicional-concierto-navideno-organizado-por-el-ayuntamiento-el-lunes-19-de-diciembre-en-la-sala-de-camara-de-baluarte\\\/#primaryimage\"},\"image\":{\"@id\":\"https:\\\/\\\/www.laguiadepamplona.com\\\/actualidad\\\/sinfonietta-de-pamplona-ofrecera-su-tradicional-concierto-navideno-organizado-por-el-ayuntamiento-el-lunes-19-de-diciembre-en-la-sala-de-camara-de-baluarte\\\/#primaryimage\"},\"thumbnailUrl\":\"https:\\\/\\\/www.laguiadepamplona.com\\\/actualidad\\\/wp-content\\\/uploads\\\/2022\\\/12\\\/16.06.03_Sinfonietta-Academica.webp\",\"datePublished\":\"2022-12-02T12:30:12+00:00\",\"dateModified\":\"2023-04-11T09:47:29+00:00\",\"description\":\"Las entradas para el programa sinf\u00f3nico, que incluye la Quinta Sinfon\u00eda de Tchaikovsky, est\u00e1n ya disponibles en taquilla y en la web del auditorio\",\"breadcrumb\":{\"@id\":\"https:\\\/\\\/www.laguiadepamplona.com\\\/actualidad\\\/sinfonietta-de-pamplona-ofrecera-su-tradicional-concierto-navideno-organizado-por-el-ayuntamiento-el-lunes-19-de-diciembre-en-la-sala-de-camara-de-baluarte\\\/#breadcrumb\"},\"inLanguage\":\"es\",\"potentialAction\":[{\"@type\":\"ReadAction\",\"target\":[\"https:\\\/\\\/www.laguiadepamplona.com\\\/actualidad\\\/sinfonietta-de-pamplona-ofrecera-su-tradicional-concierto-navideno-organizado-por-el-ayuntamiento-el-lunes-19-de-diciembre-en-la-sala-de-camara-de-baluarte\\\/\"]}]},{\"@type\":\"ImageObject\",\"inLanguage\":\"es\",\"@id\":\"https:\\\/\\\/www.laguiadepamplona.com\\\/actualidad\\\/sinfonietta-de-pamplona-ofrecera-su-tradicional-concierto-navideno-organizado-por-el-ayuntamiento-el-lunes-19-de-diciembre-en-la-sala-de-camara-de-baluarte\\\/#primaryimage\",\"url\":\"https:\\\/\\\/www.laguiadepamplona.com\\\/actualidad\\\/wp-content\\\/uploads\\\/2022\\\/12\\\/16.06.03_Sinfonietta-Academica.webp\",\"contentUrl\":\"https:\\\/\\\/www.laguiadepamplona.com\\\/actualidad\\\/wp-content\\\/uploads\\\/2022\\\/12\\\/16.06.03_Sinfonietta-Academica.webp\",\"width\":1800,\"height\":1200},{\"@type\":\"BreadcrumbList\",\"@id\":\"https:\\\/\\\/www.laguiadepamplona.com\\\/actualidad\\\/sinfonietta-de-pamplona-ofrecera-su-tradicional-concierto-navideno-organizado-por-el-ayuntamiento-el-lunes-19-de-diciembre-en-la-sala-de-camara-de-baluarte\\\/#breadcrumb\",\"itemListElement\":[{\"@type\":\"ListItem\",\"position\":1,\"name\":\"Portada\",\"item\":\"https:\\\/\\\/www.laguiadepamplona.com\\\/actualidad\\\/\"},{\"@type\":\"ListItem\",\"position\":2,\"name\":\"Sinfonietta de Pamplona ofrecer\u00e1 su tradicional concierto navide\u00f1o, organizado por el Ayuntamiento, el lunes 19 de diciembre en la sala de c\u00e1mara de Baluarte\"}]},{\"@type\":\"WebSite\",\"@id\":\"https:\\\/\\\/www.laguiadepamplona.com\\\/actualidad\\\/#website\",\"url\":\"https:\\\/\\\/www.laguiadepamplona.com\\\/actualidad\\\/\",\"name\":\"La gu\u00eda de Pamplona\",\"description\":\"Noticias de Pamplona\",\"publisher\":{\"@id\":\"https:\\\/\\\/www.laguiadepamplona.com\\\/actualidad\\\/#organization\"},\"potentialAction\":[{\"@type\":\"SearchAction\",\"target\":{\"@type\":\"EntryPoint\",\"urlTemplate\":\"https:\\\/\\\/www.laguiadepamplona.com\\\/actualidad\\\/?s={search_term_string}\"},\"query-input\":{\"@type\":\"PropertyValueSpecification\",\"valueRequired\":true,\"valueName\":\"search_term_string\"}}],\"inLanguage\":\"es\"},{\"@type\":\"Organization\",\"@id\":\"https:\\\/\\\/www.laguiadepamplona.com\\\/actualidad\\\/#organization\",\"name\":\"La Gu\u00eda de Pamplona \\\/ Noticias\",\"url\":\"https:\\\/\\\/www.laguiadepamplona.com\\\/actualidad\\\/\",\"logo\":{\"@type\":\"ImageObject\",\"inLanguage\":\"es\",\"@id\":\"https:\\\/\\\/www.laguiadepamplona.com\\\/actualidad\\\/#\\\/schema\\\/logo\\\/image\\\/\",\"url\":\"https:\\\/\\\/www.laguiadepamplona.com\\\/actualidad\\\/wp-content\\\/uploads\\\/2018\\\/11\\\/logo-laguiadepamplona18-web1.png\",\"contentUrl\":\"https:\\\/\\\/www.laguiadepamplona.com\\\/actualidad\\\/wp-content\\\/uploads\\\/2018\\\/11\\\/logo-laguiadepamplona18-web1.png\",\"width\":600,\"height\":196,\"caption\":\"La Gu\u00eda de Pamplona \\\/ Noticias\"},\"image\":{\"@id\":\"https:\\\/\\\/www.laguiadepamplona.com\\\/actualidad\\\/#\\\/schema\\\/logo\\\/image\\\/\"},\"sameAs\":[\"https:\\\/\\\/www.facebook.com\\\/laguiadepamplonacom-133175176762273\\\/?ref=hl\",\"https:\\\/\\\/x.com\\\/LaGuiadPamplona\",\"https:\\\/\\\/www.instagram.com\\\/la_guia_de_pamplona\\\/\",\"https:\\\/\\\/www.youtube.com\\\/user\\\/laguiadepamplona\"]},{\"@type\":\"Person\",\"@id\":\"https:\\\/\\\/www.laguiadepamplona.com\\\/actualidad\\\/#\\\/schema\\\/person\\\/efe887376f0213d4657c93adc50b1fdb\",\"name\":\"La Gu\u00eda de Pamplona\",\"image\":{\"@type\":\"ImageObject\",\"inLanguage\":\"es\",\"@id\":\"https:\\\/\\\/secure.gravatar.com\\\/avatar\\\/b6992f131dc8d30ab0dff15446e9d346d9dbd95992de0fef795073f5ea83a81c?s=96&d=mm&r=g\",\"url\":\"https:\\\/\\\/secure.gravatar.com\\\/avatar\\\/b6992f131dc8d30ab0dff15446e9d346d9dbd95992de0fef795073f5ea83a81c?s=96&d=mm&r=g\",\"contentUrl\":\"https:\\\/\\\/secure.gravatar.com\\\/avatar\\\/b6992f131dc8d30ab0dff15446e9d346d9dbd95992de0fef795073f5ea83a81c?s=96&d=mm&r=g\",\"caption\":\"La Gu\u00eda de Pamplona\"}}]}<\/script>\n<!-- \/ Yoast SEO plugin. -->","yoast_head_json":{"title":"Sinfonietta de Pamplona ofrecer\u00e1 su tradicional concierto navide\u00f1o, organizado por el Ayuntamiento, el lunes 19 de diciembre en la sala de c\u00e1mara de Baluarte","description":"Las entradas para el programa sinf\u00f3nico, que incluye la Quinta Sinfon\u00eda de Tchaikovsky, est\u00e1n ya disponibles en taquilla y en la web del auditorio","robots":{"index":"index","follow":"follow","max-snippet":"max-snippet:-1","max-image-preview":"max-image-preview:large","max-video-preview":"max-video-preview:-1"},"canonical":"https:\/\/www.laguiadepamplona.com\/actualidad\/sinfonietta-de-pamplona-ofrecera-su-tradicional-concierto-navideno-organizado-por-el-ayuntamiento-el-lunes-19-de-diciembre-en-la-sala-de-camara-de-baluarte\/","og_locale":"es_ES","og_type":"article","og_title":"Sinfonietta de Pamplona ofrecer\u00e1 su tradicional concierto navide\u00f1o, organizado por el Ayuntamiento, el lunes 19 de diciembre en la sala de c\u00e1mara de Baluarte","og_description":"Las entradas para el programa sinf\u00f3nico, que incluye la Quinta Sinfon\u00eda de Tchaikovsky, est\u00e1n ya disponibles en taquilla y en la web del auditorio","og_url":"https:\/\/www.laguiadepamplona.com\/actualidad\/sinfonietta-de-pamplona-ofrecera-su-tradicional-concierto-navideno-organizado-por-el-ayuntamiento-el-lunes-19-de-diciembre-en-la-sala-de-camara-de-baluarte\/","og_site_name":"La Gu\u00eda de Pamplona","article_publisher":"https:\/\/www.facebook.com\/laguiadepamplonacom-133175176762273\/?ref=hl","article_published_time":"2022-12-02T12:30:12+00:00","article_modified_time":"2023-04-11T09:47:29+00:00","og_image":[{"width":1800,"height":1200,"url":"https:\/\/www.laguiadepamplona.com\/actualidad\/wp-content\/uploads\/2022\/12\/16.06.03_Sinfonietta-Academica.webp","type":"image\/webp"}],"author":"La Gu\u00eda de Pamplona","twitter_card":"summary_large_image","twitter_creator":"@LaGuiadPamplona","twitter_site":"@LaGuiadPamplona","twitter_misc":{"Escrito por":"La Gu\u00eda de Pamplona","Tiempo de lectura":"2 minutos"},"schema":{"@context":"https:\/\/schema.org","@graph":[{"@type":"Article","@id":"https:\/\/www.laguiadepamplona.com\/actualidad\/sinfonietta-de-pamplona-ofrecera-su-tradicional-concierto-navideno-organizado-por-el-ayuntamiento-el-lunes-19-de-diciembre-en-la-sala-de-camara-de-baluarte\/#article","isPartOf":{"@id":"https:\/\/www.laguiadepamplona.com\/actualidad\/sinfonietta-de-pamplona-ofrecera-su-tradicional-concierto-navideno-organizado-por-el-ayuntamiento-el-lunes-19-de-diciembre-en-la-sala-de-camara-de-baluarte\/"},"author":{"name":"La Gu\u00eda de Pamplona","@id":"https:\/\/www.laguiadepamplona.com\/actualidad\/#\/schema\/person\/efe887376f0213d4657c93adc50b1fdb"},"headline":"Sinfonietta de Pamplona ofrecer\u00e1 su tradicional concierto navide\u00f1o, organizado por el Ayuntamiento, el lunes 19 de diciembre en la sala de c\u00e1mara de Baluarte","datePublished":"2022-12-02T12:30:12+00:00","dateModified":"2023-04-11T09:47:29+00:00","mainEntityOfPage":{"@id":"https:\/\/www.laguiadepamplona.com\/actualidad\/sinfonietta-de-pamplona-ofrecera-su-tradicional-concierto-navideno-organizado-por-el-ayuntamiento-el-lunes-19-de-diciembre-en-la-sala-de-camara-de-baluarte\/"},"wordCount":432,"commentCount":0,"publisher":{"@id":"https:\/\/www.laguiadepamplona.com\/actualidad\/#organization"},"image":{"@id":"https:\/\/www.laguiadepamplona.com\/actualidad\/sinfonietta-de-pamplona-ofrecera-su-tradicional-concierto-navideno-organizado-por-el-ayuntamiento-el-lunes-19-de-diciembre-en-la-sala-de-camara-de-baluarte\/#primaryimage"},"thumbnailUrl":"https:\/\/www.laguiadepamplona.com\/actualidad\/wp-content\/uploads\/2022\/12\/16.06.03_Sinfonietta-Academica.webp","articleSection":["Ayto Pamplona"],"inLanguage":"es","potentialAction":[{"@type":"CommentAction","name":"Comment","target":["https:\/\/www.laguiadepamplona.com\/actualidad\/sinfonietta-de-pamplona-ofrecera-su-tradicional-concierto-navideno-organizado-por-el-ayuntamiento-el-lunes-19-de-diciembre-en-la-sala-de-camara-de-baluarte\/#respond"]}]},{"@type":"WebPage","@id":"https:\/\/www.laguiadepamplona.com\/actualidad\/sinfonietta-de-pamplona-ofrecera-su-tradicional-concierto-navideno-organizado-por-el-ayuntamiento-el-lunes-19-de-diciembre-en-la-sala-de-camara-de-baluarte\/","url":"https:\/\/www.laguiadepamplona.com\/actualidad\/sinfonietta-de-pamplona-ofrecera-su-tradicional-concierto-navideno-organizado-por-el-ayuntamiento-el-lunes-19-de-diciembre-en-la-sala-de-camara-de-baluarte\/","name":"Sinfonietta de Pamplona ofrecer\u00e1 su tradicional concierto navide\u00f1o, organizado por el Ayuntamiento, el lunes 19 de diciembre en la sala de c\u00e1mara de Baluarte","isPartOf":{"@id":"https:\/\/www.laguiadepamplona.com\/actualidad\/#website"},"primaryImageOfPage":{"@id":"https:\/\/www.laguiadepamplona.com\/actualidad\/sinfonietta-de-pamplona-ofrecera-su-tradicional-concierto-navideno-organizado-por-el-ayuntamiento-el-lunes-19-de-diciembre-en-la-sala-de-camara-de-baluarte\/#primaryimage"},"image":{"@id":"https:\/\/www.laguiadepamplona.com\/actualidad\/sinfonietta-de-pamplona-ofrecera-su-tradicional-concierto-navideno-organizado-por-el-ayuntamiento-el-lunes-19-de-diciembre-en-la-sala-de-camara-de-baluarte\/#primaryimage"},"thumbnailUrl":"https:\/\/www.laguiadepamplona.com\/actualidad\/wp-content\/uploads\/2022\/12\/16.06.03_Sinfonietta-Academica.webp","datePublished":"2022-12-02T12:30:12+00:00","dateModified":"2023-04-11T09:47:29+00:00","description":"Las entradas para el programa sinf\u00f3nico, que incluye la Quinta Sinfon\u00eda de Tchaikovsky, est\u00e1n ya disponibles en taquilla y en la web del auditorio","breadcrumb":{"@id":"https:\/\/www.laguiadepamplona.com\/actualidad\/sinfonietta-de-pamplona-ofrecera-su-tradicional-concierto-navideno-organizado-por-el-ayuntamiento-el-lunes-19-de-diciembre-en-la-sala-de-camara-de-baluarte\/#breadcrumb"},"inLanguage":"es","potentialAction":[{"@type":"ReadAction","target":["https:\/\/www.laguiadepamplona.com\/actualidad\/sinfonietta-de-pamplona-ofrecera-su-tradicional-concierto-navideno-organizado-por-el-ayuntamiento-el-lunes-19-de-diciembre-en-la-sala-de-camara-de-baluarte\/"]}]},{"@type":"ImageObject","inLanguage":"es","@id":"https:\/\/www.laguiadepamplona.com\/actualidad\/sinfonietta-de-pamplona-ofrecera-su-tradicional-concierto-navideno-organizado-por-el-ayuntamiento-el-lunes-19-de-diciembre-en-la-sala-de-camara-de-baluarte\/#primaryimage","url":"https:\/\/www.laguiadepamplona.com\/actualidad\/wp-content\/uploads\/2022\/12\/16.06.03_Sinfonietta-Academica.webp","contentUrl":"https:\/\/www.laguiadepamplona.com\/actualidad\/wp-content\/uploads\/2022\/12\/16.06.03_Sinfonietta-Academica.webp","width":1800,"height":1200},{"@type":"BreadcrumbList","@id":"https:\/\/www.laguiadepamplona.com\/actualidad\/sinfonietta-de-pamplona-ofrecera-su-tradicional-concierto-navideno-organizado-por-el-ayuntamiento-el-lunes-19-de-diciembre-en-la-sala-de-camara-de-baluarte\/#breadcrumb","itemListElement":[{"@type":"ListItem","position":1,"name":"Portada","item":"https:\/\/www.laguiadepamplona.com\/actualidad\/"},{"@type":"ListItem","position":2,"name":"Sinfonietta de Pamplona ofrecer\u00e1 su tradicional concierto navide\u00f1o, organizado por el Ayuntamiento, el lunes 19 de diciembre en la sala de c\u00e1mara de Baluarte"}]},{"@type":"WebSite","@id":"https:\/\/www.laguiadepamplona.com\/actualidad\/#website","url":"https:\/\/www.laguiadepamplona.com\/actualidad\/","name":"La gu\u00eda de Pamplona","description":"Noticias de Pamplona","publisher":{"@id":"https:\/\/www.laguiadepamplona.com\/actualidad\/#organization"},"potentialAction":[{"@type":"SearchAction","target":{"@type":"EntryPoint","urlTemplate":"https:\/\/www.laguiadepamplona.com\/actualidad\/?s={search_term_string}"},"query-input":{"@type":"PropertyValueSpecification","valueRequired":true,"valueName":"search_term_string"}}],"inLanguage":"es"},{"@type":"Organization","@id":"https:\/\/www.laguiadepamplona.com\/actualidad\/#organization","name":"La Gu\u00eda de Pamplona \/ Noticias","url":"https:\/\/www.laguiadepamplona.com\/actualidad\/","logo":{"@type":"ImageObject","inLanguage":"es","@id":"https:\/\/www.laguiadepamplona.com\/actualidad\/#\/schema\/logo\/image\/","url":"https:\/\/www.laguiadepamplona.com\/actualidad\/wp-content\/uploads\/2018\/11\/logo-laguiadepamplona18-web1.png","contentUrl":"https:\/\/www.laguiadepamplona.com\/actualidad\/wp-content\/uploads\/2018\/11\/logo-laguiadepamplona18-web1.png","width":600,"height":196,"caption":"La Gu\u00eda de Pamplona \/ Noticias"},"image":{"@id":"https:\/\/www.laguiadepamplona.com\/actualidad\/#\/schema\/logo\/image\/"},"sameAs":["https:\/\/www.facebook.com\/laguiadepamplonacom-133175176762273\/?ref=hl","https:\/\/x.com\/LaGuiadPamplona","https:\/\/www.instagram.com\/la_guia_de_pamplona\/","https:\/\/www.youtube.com\/user\/laguiadepamplona"]},{"@type":"Person","@id":"https:\/\/www.laguiadepamplona.com\/actualidad\/#\/schema\/person\/efe887376f0213d4657c93adc50b1fdb","name":"La Gu\u00eda de Pamplona","image":{"@type":"ImageObject","inLanguage":"es","@id":"https:\/\/secure.gravatar.com\/avatar\/b6992f131dc8d30ab0dff15446e9d346d9dbd95992de0fef795073f5ea83a81c?s=96&d=mm&r=g","url":"https:\/\/secure.gravatar.com\/avatar\/b6992f131dc8d30ab0dff15446e9d346d9dbd95992de0fef795073f5ea83a81c?s=96&d=mm&r=g","contentUrl":"https:\/\/secure.gravatar.com\/avatar\/b6992f131dc8d30ab0dff15446e9d346d9dbd95992de0fef795073f5ea83a81c?s=96&d=mm&r=g","caption":"La Gu\u00eda de Pamplona"}}]}},"post_mailing_queue_ids":[],"_links":{"self":[{"href":"https:\/\/www.laguiadepamplona.com\/actualidad\/wp-json\/wp\/v2\/posts\/42399","targetHints":{"allow":["GET"]}}],"collection":[{"href":"https:\/\/www.laguiadepamplona.com\/actualidad\/wp-json\/wp\/v2\/posts"}],"about":[{"href":"https:\/\/www.laguiadepamplona.com\/actualidad\/wp-json\/wp\/v2\/types\/post"}],"author":[{"embeddable":true,"href":"https:\/\/www.laguiadepamplona.com\/actualidad\/wp-json\/wp\/v2\/users\/1"}],"replies":[{"embeddable":true,"href":"https:\/\/www.laguiadepamplona.com\/actualidad\/wp-json\/wp\/v2\/comments?post=42399"}],"version-history":[{"count":0,"href":"https:\/\/www.laguiadepamplona.com\/actualidad\/wp-json\/wp\/v2\/posts\/42399\/revisions"}],"wp:featuredmedia":[{"embeddable":true,"href":"https:\/\/www.laguiadepamplona.com\/actualidad\/wp-json\/wp\/v2\/media\/42400"}],"wp:attachment":[{"href":"https:\/\/www.laguiadepamplona.com\/actualidad\/wp-json\/wp\/v2\/media?parent=42399"}],"wp:term":[{"taxonomy":"category","embeddable":true,"href":"https:\/\/www.laguiadepamplona.com\/actualidad\/wp-json\/wp\/v2\/categories?post=42399"},{"taxonomy":"post_tag","embeddable":true,"href":"https:\/\/www.laguiadepamplona.com\/actualidad\/wp-json\/wp\/v2\/tags?post=42399"}],"curies":[{"name":"wp","href":"https:\/\/api.w.org\/{rel}","templated":true}]}}