{"id":42393,"date":"2022-12-02T14:20:04","date_gmt":"2022-12-02T12:20:04","guid":{"rendered":"https:\/\/www.laguiadepamplona.com\/actualidad\/?p=42393"},"modified":"2023-04-11T11:47:29","modified_gmt":"2023-04-11T09:47:29","slug":"este-mediodia-se-abre-al-trafico-la-calle-manuel-de-falla-en-un-unico-sentido-hacia-la-calle-blas-de-la-serna-uno-de-los-cambios-que-presenta-la-nueva-urbanizacion-de-la-zona","status":"publish","type":"post","link":"https:\/\/www.laguiadepamplona.com\/actualidad\/este-mediodia-se-abre-al-trafico-la-calle-manuel-de-falla-en-un-unico-sentido-hacia-la-calle-blas-de-la-serna-uno-de-los-cambios-que-presenta-la-nueva-urbanizacion-de-la-zona\/","title":{"rendered":"Este mediod\u00eda se abre al tr\u00e1fico la calle Manuel de Falla en un \u00fanico sentido hacia la calle Blas de la Serna, uno de los cambios que presenta la nueva urbanizaci\u00f3n de la zona"},"content":{"rendered":"<h5>El vecindario tendr\u00e1 en los portales informaci\u00f3n sobre circulaciones, contenedores, zonas de carga y descarga y plazas para movilidad reducida<\/h5>\n<p><!--more--><\/p>\n<p>Este mediod\u00eda quedar\u00e1 abierta al tr\u00e1fico y al tr\u00e1nsito la reurbanizaci\u00f3n de la calle Manuel de Falla\/ R\u00edo Urrobi y R\u00edo Irati, despu\u00e9s de que esta ma\u00f1ana se est\u00e9 retirando la se\u00f1alizaci\u00f3n provisional y colocando la definitiva, as\u00ed como pintando la se\u00f1alizaci\u00f3n horizontal de la zona. Las obras en esta calle forman parte de una actuaci\u00f3n global en el barrio de la Milagrosa con la que el Ayuntamiento de Pamplona busca revitalizar la zona, aumentar el espacio peatonal y fomentar nuevos modos de movilidad, adem\u00e1s de la mejora de esas redes de abastecimiento.<br \/>\n<script async src=\"\/\/pagead2.googlesyndication.com\/pagead\/js\/adsbygoogle.js\"><\/script><br \/>\n<!-- Noticias La Guia de Pamplona --><br \/>\n<ins class=\"adsbygoogle\"\nstyle=\"display:block\"\ndata-ad-client=\"ca-pub-6943679897239327\"\ndata-ad-slot=\"7048180777\"\ndata-ad-format=\"auto\"><\/ins><br \/>\n<script>\n(adsbygoogle = window.adsbygoogle || []).push({});\n<\/script><\/p>\n<p>La intervenci\u00f3n en la calle Manuel de Falla estaba prevista en la tercera fase de esta actuaci\u00f3n que va desde la avenida de Zaragoza a Blas de la Serna. Estas obras han establecido nuevos recorridos para la circulaci\u00f3n de un tr\u00e1fico de veh\u00edculos que est\u00e1 restringido para residentes y servicios, y dejan un nuevo mobiliario urbano, adem\u00e1s de espacios verdes, de estancia y de paseo. El Ayuntamiento de Pamplona colocar\u00e1 en los portales un documento informativo que muestre las circulaciones finales de obra, as\u00ed como otras informaciones solicitadas: contenedores de basura, carga y descarga, plazas para personas con movilidad reducida, etc.<\/p>\n<p>El conjunto de trabajos en Milagrosa est\u00e1 presupuestado en 3.769.103 euros de los que la Mancomunidad de la Comarca de Pamplona aporta un 23,4% (883.257 euros) por lo relativo a la renovaci\u00f3n de redes de abastecimiento y saneamiento. La actuaci\u00f3n se enmarca dentro de la Estrategia GoGreen Pamplona, que engloba todas las actuaciones en materia de lucha contra el cambio clim\u00e1tico desarrolladas por la ciudad.<br \/>\n<script async src=\"\/\/pagead2.googlesyndication.com\/pagead\/js\/adsbygoogle.js\"><\/script><br \/>\n<!-- Noticias La Guia de Pamplona --><br \/>\n<ins class=\"adsbygoogle\"\nstyle=\"display:block\"\ndata-ad-client=\"ca-pub-6943679897239327\"\ndata-ad-slot=\"7048180777\"\ndata-ad-format=\"auto\"><\/ins><br \/>\n<script>\n(adsbygoogle = window.adsbygoogle || []).push({});\n<\/script><\/p>\n<p><strong>Los cambios calle a calle<\/strong><\/p>\n<p>Los cambios, como ya se preve\u00eda en el proyecto son que la calle Manuel de Falla hasta su cruce con Blas de la Serna, quedar\u00e1 en un solo sentido de circulaci\u00f3n. Las calles Urederra y Zidacos, se abrir\u00e1n para acceder a la calle Irati, seg\u00fan nueva urbanizaci\u00f3n, y a su vez, esta calle se abrir\u00e1 hacia la calle R\u00edo Queiles.<\/p>\n<p>La calle Traves\u00eda de Urrobi permanecer\u00e1 cerrada de forma provisional, porque a\u00fan tienen pendiente algunos trabajos de pavimentaci\u00f3n ya en ejecuci\u00f3n, por lo que el acceso desde la avenida de Zaragoza a la calle R\u00edo Urrobi \u00fanicamente tendr\u00e1 salida por las calles R\u00edo Araxes y R\u00edo Urederra.<br \/>\n<script async src=\"\/\/pagead2.googlesyndication.com\/pagead\/js\/adsbygoogle.js\"><\/script><br \/>\n<!-- Noticias La Guia de Pamplona --><br \/>\n<ins class=\"adsbygoogle\"\nstyle=\"display:block\"\ndata-ad-client=\"ca-pub-6943679897239327\"\ndata-ad-slot=\"7048180777\"\ndata-ad-format=\"auto\"><\/ins><br \/>\n<script>\n(adsbygoogle = window.adsbygoogle || []).push({});\n<\/script><\/p>\n<p>En esta intervenci\u00f3n se ha eliminado la salida de la calle Guelbenzu a la avenida de Zaragoza, por lo que el tr\u00e1fico se dirigir\u00e1 desde la calle Manuel de Falla hacia la calle Blas de la Serna. Finalmente, la calle Traves\u00eda Juan Mar\u00eda Guelbenzu ha cambiado el sentido de circulaci\u00f3n dirigi\u00e9ndose igualmente a la calle Manuel de Falla para salir tambi\u00e9n por Blas de la Serna.<\/p>\n","protected":false},"excerpt":{"rendered":"<p>El vecindario tendr\u00e1 en los portales informaci\u00f3n sobre circulaciones, contenedores, zonas de carga y descarga y plazas para movilidad reducida<\/p>\n","protected":false},"author":1,"featured_media":42394,"comment_status":"open","ping_status":"closed","sticky":false,"template":"","format":"standard","meta":{"footnotes":""},"categories":[2],"tags":[],"class_list":["post-42393","post","type-post","status-publish","format-standard","has-post-thumbnail","hentry","category-ayuntamiento-pamplona"],"yoast_head":"<!-- This site is optimized with the Yoast SEO plugin v27.3 - https:\/\/yoast.com\/product\/yoast-seo-wordpress\/ -->\n<title>Este mediod\u00eda se abre al tr\u00e1fico la calle Manuel de Falla en un \u00fanico sentido hacia la calle Blas de la Serna, uno de los cambios que presenta la nueva urbanizaci\u00f3n de la zona<\/title>\n<meta name=\"description\" content=\"El vecindario tendr\u00e1 en los portales informaci\u00f3n sobre circulaciones, contenedores, zonas de carga y descarga y plazas para movilidad reducida\" \/>\n<meta name=\"robots\" content=\"index, follow, max-snippet:-1, max-image-preview:large, max-video-preview:-1\" \/>\n<link rel=\"canonical\" href=\"https:\/\/www.laguiadepamplona.com\/actualidad\/este-mediodia-se-abre-al-trafico-la-calle-manuel-de-falla-en-un-unico-sentido-hacia-la-calle-blas-de-la-serna-uno-de-los-cambios-que-presenta-la-nueva-urbanizacion-de-la-zona\/\" \/>\n<meta property=\"og:locale\" content=\"es_ES\" \/>\n<meta property=\"og:type\" content=\"article\" \/>\n<meta property=\"og:title\" content=\"Este mediod\u00eda se abre al tr\u00e1fico la calle Manuel de Falla en un \u00fanico sentido hacia la calle Blas de la Serna, uno de los cambios que presenta la nueva urbanizaci\u00f3n de la zona\" \/>\n<meta property=\"og:description\" content=\"El vecindario tendr\u00e1 en los portales informaci\u00f3n sobre circulaciones, contenedores, zonas de carga y descarga y plazas para movilidad reducida\" \/>\n<meta property=\"og:url\" content=\"https:\/\/www.laguiadepamplona.com\/actualidad\/este-mediodia-se-abre-al-trafico-la-calle-manuel-de-falla-en-un-unico-sentido-hacia-la-calle-blas-de-la-serna-uno-de-los-cambios-que-presenta-la-nueva-urbanizacion-de-la-zona\/\" \/>\n<meta property=\"og:site_name\" content=\"La Gu\u00eda de Pamplona\" \/>\n<meta property=\"article:publisher\" content=\"https:\/\/www.facebook.com\/laguiadepamplonacom-133175176762273\/?ref=hl\" \/>\n<meta property=\"article:published_time\" content=\"2022-12-02T12:20:04+00:00\" \/>\n<meta property=\"article:modified_time\" content=\"2023-04-11T09:47:29+00:00\" \/>\n<meta property=\"og:image\" content=\"https:\/\/www.laguiadepamplona.com\/actualidad\/wp-content\/uploads\/2022\/12\/manuelfalla4.webp\" \/>\n\t<meta property=\"og:image:width\" content=\"1544\" \/>\n\t<meta property=\"og:image:height\" content=\"962\" \/>\n\t<meta property=\"og:image:type\" content=\"image\/webp\" \/>\n<meta name=\"author\" content=\"La Gu\u00eda de Pamplona\" \/>\n<meta name=\"twitter:card\" content=\"summary_large_image\" \/>\n<meta name=\"twitter:creator\" content=\"@LaGuiadPamplona\" \/>\n<meta name=\"twitter:site\" content=\"@LaGuiadPamplona\" \/>\n<meta name=\"twitter:label1\" content=\"Escrito por\" \/>\n\t<meta name=\"twitter:data1\" content=\"La Gu\u00eda de Pamplona\" \/>\n\t<meta name=\"twitter:label2\" content=\"Tiempo de lectura\" \/>\n\t<meta name=\"twitter:data2\" content=\"3 minutos\" \/>\n<script type=\"application\/ld+json\" class=\"yoast-schema-graph\">{\"@context\":\"https:\\\/\\\/schema.org\",\"@graph\":[{\"@type\":\"Article\",\"@id\":\"https:\\\/\\\/www.laguiadepamplona.com\\\/actualidad\\\/este-mediodia-se-abre-al-trafico-la-calle-manuel-de-falla-en-un-unico-sentido-hacia-la-calle-blas-de-la-serna-uno-de-los-cambios-que-presenta-la-nueva-urbanizacion-de-la-zona\\\/#article\",\"isPartOf\":{\"@id\":\"https:\\\/\\\/www.laguiadepamplona.com\\\/actualidad\\\/este-mediodia-se-abre-al-trafico-la-calle-manuel-de-falla-en-un-unico-sentido-hacia-la-calle-blas-de-la-serna-uno-de-los-cambios-que-presenta-la-nueva-urbanizacion-de-la-zona\\\/\"},\"author\":{\"name\":\"La Gu\u00eda de Pamplona\",\"@id\":\"https:\\\/\\\/www.laguiadepamplona.com\\\/actualidad\\\/#\\\/schema\\\/person\\\/efe887376f0213d4657c93adc50b1fdb\"},\"headline\":\"Este mediod\u00eda se abre al tr\u00e1fico la calle Manuel de Falla en un \u00fanico sentido hacia la calle Blas de la Serna, uno de los cambios que presenta la nueva urbanizaci\u00f3n de la zona\",\"datePublished\":\"2022-12-02T12:20:04+00:00\",\"dateModified\":\"2023-04-11T09:47:29+00:00\",\"mainEntityOfPage\":{\"@id\":\"https:\\\/\\\/www.laguiadepamplona.com\\\/actualidad\\\/este-mediodia-se-abre-al-trafico-la-calle-manuel-de-falla-en-un-unico-sentido-hacia-la-calle-blas-de-la-serna-uno-de-los-cambios-que-presenta-la-nueva-urbanizacion-de-la-zona\\\/\"},\"wordCount\":535,\"commentCount\":0,\"publisher\":{\"@id\":\"https:\\\/\\\/www.laguiadepamplona.com\\\/actualidad\\\/#organization\"},\"image\":{\"@id\":\"https:\\\/\\\/www.laguiadepamplona.com\\\/actualidad\\\/este-mediodia-se-abre-al-trafico-la-calle-manuel-de-falla-en-un-unico-sentido-hacia-la-calle-blas-de-la-serna-uno-de-los-cambios-que-presenta-la-nueva-urbanizacion-de-la-zona\\\/#primaryimage\"},\"thumbnailUrl\":\"https:\\\/\\\/www.laguiadepamplona.com\\\/actualidad\\\/wp-content\\\/uploads\\\/2022\\\/12\\\/manuelfalla4.webp\",\"articleSection\":[\"Ayto Pamplona\"],\"inLanguage\":\"es\",\"potentialAction\":[{\"@type\":\"CommentAction\",\"name\":\"Comment\",\"target\":[\"https:\\\/\\\/www.laguiadepamplona.com\\\/actualidad\\\/este-mediodia-se-abre-al-trafico-la-calle-manuel-de-falla-en-un-unico-sentido-hacia-la-calle-blas-de-la-serna-uno-de-los-cambios-que-presenta-la-nueva-urbanizacion-de-la-zona\\\/#respond\"]}]},{\"@type\":\"WebPage\",\"@id\":\"https:\\\/\\\/www.laguiadepamplona.com\\\/actualidad\\\/este-mediodia-se-abre-al-trafico-la-calle-manuel-de-falla-en-un-unico-sentido-hacia-la-calle-blas-de-la-serna-uno-de-los-cambios-que-presenta-la-nueva-urbanizacion-de-la-zona\\\/\",\"url\":\"https:\\\/\\\/www.laguiadepamplona.com\\\/actualidad\\\/este-mediodia-se-abre-al-trafico-la-calle-manuel-de-falla-en-un-unico-sentido-hacia-la-calle-blas-de-la-serna-uno-de-los-cambios-que-presenta-la-nueva-urbanizacion-de-la-zona\\\/\",\"name\":\"Este mediod\u00eda se abre al tr\u00e1fico la calle Manuel de Falla en un \u00fanico sentido hacia la calle Blas de la Serna, uno de los cambios que presenta la nueva urbanizaci\u00f3n de la zona\",\"isPartOf\":{\"@id\":\"https:\\\/\\\/www.laguiadepamplona.com\\\/actualidad\\\/#website\"},\"primaryImageOfPage\":{\"@id\":\"https:\\\/\\\/www.laguiadepamplona.com\\\/actualidad\\\/este-mediodia-se-abre-al-trafico-la-calle-manuel-de-falla-en-un-unico-sentido-hacia-la-calle-blas-de-la-serna-uno-de-los-cambios-que-presenta-la-nueva-urbanizacion-de-la-zona\\\/#primaryimage\"},\"image\":{\"@id\":\"https:\\\/\\\/www.laguiadepamplona.com\\\/actualidad\\\/este-mediodia-se-abre-al-trafico-la-calle-manuel-de-falla-en-un-unico-sentido-hacia-la-calle-blas-de-la-serna-uno-de-los-cambios-que-presenta-la-nueva-urbanizacion-de-la-zona\\\/#primaryimage\"},\"thumbnailUrl\":\"https:\\\/\\\/www.laguiadepamplona.com\\\/actualidad\\\/wp-content\\\/uploads\\\/2022\\\/12\\\/manuelfalla4.webp\",\"datePublished\":\"2022-12-02T12:20:04+00:00\",\"dateModified\":\"2023-04-11T09:47:29+00:00\",\"description\":\"El vecindario tendr\u00e1 en los portales informaci\u00f3n sobre circulaciones, contenedores, zonas de carga y descarga y plazas para movilidad reducida\",\"breadcrumb\":{\"@id\":\"https:\\\/\\\/www.laguiadepamplona.com\\\/actualidad\\\/este-mediodia-se-abre-al-trafico-la-calle-manuel-de-falla-en-un-unico-sentido-hacia-la-calle-blas-de-la-serna-uno-de-los-cambios-que-presenta-la-nueva-urbanizacion-de-la-zona\\\/#breadcrumb\"},\"inLanguage\":\"es\",\"potentialAction\":[{\"@type\":\"ReadAction\",\"target\":[\"https:\\\/\\\/www.laguiadepamplona.com\\\/actualidad\\\/este-mediodia-se-abre-al-trafico-la-calle-manuel-de-falla-en-un-unico-sentido-hacia-la-calle-blas-de-la-serna-uno-de-los-cambios-que-presenta-la-nueva-urbanizacion-de-la-zona\\\/\"]}]},{\"@type\":\"ImageObject\",\"inLanguage\":\"es\",\"@id\":\"https:\\\/\\\/www.laguiadepamplona.com\\\/actualidad\\\/este-mediodia-se-abre-al-trafico-la-calle-manuel-de-falla-en-un-unico-sentido-hacia-la-calle-blas-de-la-serna-uno-de-los-cambios-que-presenta-la-nueva-urbanizacion-de-la-zona\\\/#primaryimage\",\"url\":\"https:\\\/\\\/www.laguiadepamplona.com\\\/actualidad\\\/wp-content\\\/uploads\\\/2022\\\/12\\\/manuelfalla4.webp\",\"contentUrl\":\"https:\\\/\\\/www.laguiadepamplona.com\\\/actualidad\\\/wp-content\\\/uploads\\\/2022\\\/12\\\/manuelfalla4.webp\",\"width\":1544,\"height\":962},{\"@type\":\"BreadcrumbList\",\"@id\":\"https:\\\/\\\/www.laguiadepamplona.com\\\/actualidad\\\/este-mediodia-se-abre-al-trafico-la-calle-manuel-de-falla-en-un-unico-sentido-hacia-la-calle-blas-de-la-serna-uno-de-los-cambios-que-presenta-la-nueva-urbanizacion-de-la-zona\\\/#breadcrumb\",\"itemListElement\":[{\"@type\":\"ListItem\",\"position\":1,\"name\":\"Portada\",\"item\":\"https:\\\/\\\/www.laguiadepamplona.com\\\/actualidad\\\/\"},{\"@type\":\"ListItem\",\"position\":2,\"name\":\"Este mediod\u00eda se abre al tr\u00e1fico la calle Manuel de Falla en un \u00fanico sentido hacia la calle Blas de la Serna, uno de los cambios que presenta la nueva urbanizaci\u00f3n de la zona\"}]},{\"@type\":\"WebSite\",\"@id\":\"https:\\\/\\\/www.laguiadepamplona.com\\\/actualidad\\\/#website\",\"url\":\"https:\\\/\\\/www.laguiadepamplona.com\\\/actualidad\\\/\",\"name\":\"La gu\u00eda de Pamplona\",\"description\":\"Noticias de Pamplona\",\"publisher\":{\"@id\":\"https:\\\/\\\/www.laguiadepamplona.com\\\/actualidad\\\/#organization\"},\"potentialAction\":[{\"@type\":\"SearchAction\",\"target\":{\"@type\":\"EntryPoint\",\"urlTemplate\":\"https:\\\/\\\/www.laguiadepamplona.com\\\/actualidad\\\/?s={search_term_string}\"},\"query-input\":{\"@type\":\"PropertyValueSpecification\",\"valueRequired\":true,\"valueName\":\"search_term_string\"}}],\"inLanguage\":\"es\"},{\"@type\":\"Organization\",\"@id\":\"https:\\\/\\\/www.laguiadepamplona.com\\\/actualidad\\\/#organization\",\"name\":\"La Gu\u00eda de Pamplona \\\/ Noticias\",\"url\":\"https:\\\/\\\/www.laguiadepamplona.com\\\/actualidad\\\/\",\"logo\":{\"@type\":\"ImageObject\",\"inLanguage\":\"es\",\"@id\":\"https:\\\/\\\/www.laguiadepamplona.com\\\/actualidad\\\/#\\\/schema\\\/logo\\\/image\\\/\",\"url\":\"https:\\\/\\\/www.laguiadepamplona.com\\\/actualidad\\\/wp-content\\\/uploads\\\/2018\\\/11\\\/logo-laguiadepamplona18-web1.png\",\"contentUrl\":\"https:\\\/\\\/www.laguiadepamplona.com\\\/actualidad\\\/wp-content\\\/uploads\\\/2018\\\/11\\\/logo-laguiadepamplona18-web1.png\",\"width\":600,\"height\":196,\"caption\":\"La Gu\u00eda de Pamplona \\\/ Noticias\"},\"image\":{\"@id\":\"https:\\\/\\\/www.laguiadepamplona.com\\\/actualidad\\\/#\\\/schema\\\/logo\\\/image\\\/\"},\"sameAs\":[\"https:\\\/\\\/www.facebook.com\\\/laguiadepamplonacom-133175176762273\\\/?ref=hl\",\"https:\\\/\\\/x.com\\\/LaGuiadPamplona\",\"https:\\\/\\\/www.instagram.com\\\/la_guia_de_pamplona\\\/\",\"https:\\\/\\\/www.youtube.com\\\/user\\\/laguiadepamplona\"]},{\"@type\":\"Person\",\"@id\":\"https:\\\/\\\/www.laguiadepamplona.com\\\/actualidad\\\/#\\\/schema\\\/person\\\/efe887376f0213d4657c93adc50b1fdb\",\"name\":\"La Gu\u00eda de Pamplona\",\"image\":{\"@type\":\"ImageObject\",\"inLanguage\":\"es\",\"@id\":\"https:\\\/\\\/secure.gravatar.com\\\/avatar\\\/b6992f131dc8d30ab0dff15446e9d346d9dbd95992de0fef795073f5ea83a81c?s=96&d=mm&r=g\",\"url\":\"https:\\\/\\\/secure.gravatar.com\\\/avatar\\\/b6992f131dc8d30ab0dff15446e9d346d9dbd95992de0fef795073f5ea83a81c?s=96&d=mm&r=g\",\"contentUrl\":\"https:\\\/\\\/secure.gravatar.com\\\/avatar\\\/b6992f131dc8d30ab0dff15446e9d346d9dbd95992de0fef795073f5ea83a81c?s=96&d=mm&r=g\",\"caption\":\"La Gu\u00eda de Pamplona\"}}]}<\/script>\n<!-- \/ Yoast SEO plugin. -->","yoast_head_json":{"title":"Este mediod\u00eda se abre al tr\u00e1fico la calle Manuel de Falla en un \u00fanico sentido hacia la calle Blas de la Serna, uno de los cambios que presenta la nueva urbanizaci\u00f3n de la zona","description":"El vecindario tendr\u00e1 en los portales informaci\u00f3n sobre circulaciones, contenedores, zonas de carga y descarga y plazas para movilidad reducida","robots":{"index":"index","follow":"follow","max-snippet":"max-snippet:-1","max-image-preview":"max-image-preview:large","max-video-preview":"max-video-preview:-1"},"canonical":"https:\/\/www.laguiadepamplona.com\/actualidad\/este-mediodia-se-abre-al-trafico-la-calle-manuel-de-falla-en-un-unico-sentido-hacia-la-calle-blas-de-la-serna-uno-de-los-cambios-que-presenta-la-nueva-urbanizacion-de-la-zona\/","og_locale":"es_ES","og_type":"article","og_title":"Este mediod\u00eda se abre al tr\u00e1fico la calle Manuel de Falla en un \u00fanico sentido hacia la calle Blas de la Serna, uno de los cambios que presenta la nueva urbanizaci\u00f3n de la zona","og_description":"El vecindario tendr\u00e1 en los portales informaci\u00f3n sobre circulaciones, contenedores, zonas de carga y descarga y plazas para movilidad reducida","og_url":"https:\/\/www.laguiadepamplona.com\/actualidad\/este-mediodia-se-abre-al-trafico-la-calle-manuel-de-falla-en-un-unico-sentido-hacia-la-calle-blas-de-la-serna-uno-de-los-cambios-que-presenta-la-nueva-urbanizacion-de-la-zona\/","og_site_name":"La Gu\u00eda de Pamplona","article_publisher":"https:\/\/www.facebook.com\/laguiadepamplonacom-133175176762273\/?ref=hl","article_published_time":"2022-12-02T12:20:04+00:00","article_modified_time":"2023-04-11T09:47:29+00:00","og_image":[{"width":1544,"height":962,"url":"https:\/\/www.laguiadepamplona.com\/actualidad\/wp-content\/uploads\/2022\/12\/manuelfalla4.webp","type":"image\/webp"}],"author":"La Gu\u00eda de Pamplona","twitter_card":"summary_large_image","twitter_creator":"@LaGuiadPamplona","twitter_site":"@LaGuiadPamplona","twitter_misc":{"Escrito por":"La Gu\u00eda de Pamplona","Tiempo de lectura":"3 minutos"},"schema":{"@context":"https:\/\/schema.org","@graph":[{"@type":"Article","@id":"https:\/\/www.laguiadepamplona.com\/actualidad\/este-mediodia-se-abre-al-trafico-la-calle-manuel-de-falla-en-un-unico-sentido-hacia-la-calle-blas-de-la-serna-uno-de-los-cambios-que-presenta-la-nueva-urbanizacion-de-la-zona\/#article","isPartOf":{"@id":"https:\/\/www.laguiadepamplona.com\/actualidad\/este-mediodia-se-abre-al-trafico-la-calle-manuel-de-falla-en-un-unico-sentido-hacia-la-calle-blas-de-la-serna-uno-de-los-cambios-que-presenta-la-nueva-urbanizacion-de-la-zona\/"},"author":{"name":"La Gu\u00eda de Pamplona","@id":"https:\/\/www.laguiadepamplona.com\/actualidad\/#\/schema\/person\/efe887376f0213d4657c93adc50b1fdb"},"headline":"Este mediod\u00eda se abre al tr\u00e1fico la calle Manuel de Falla en un \u00fanico sentido hacia la calle Blas de la Serna, uno de los cambios que presenta la nueva urbanizaci\u00f3n de la zona","datePublished":"2022-12-02T12:20:04+00:00","dateModified":"2023-04-11T09:47:29+00:00","mainEntityOfPage":{"@id":"https:\/\/www.laguiadepamplona.com\/actualidad\/este-mediodia-se-abre-al-trafico-la-calle-manuel-de-falla-en-un-unico-sentido-hacia-la-calle-blas-de-la-serna-uno-de-los-cambios-que-presenta-la-nueva-urbanizacion-de-la-zona\/"},"wordCount":535,"commentCount":0,"publisher":{"@id":"https:\/\/www.laguiadepamplona.com\/actualidad\/#organization"},"image":{"@id":"https:\/\/www.laguiadepamplona.com\/actualidad\/este-mediodia-se-abre-al-trafico-la-calle-manuel-de-falla-en-un-unico-sentido-hacia-la-calle-blas-de-la-serna-uno-de-los-cambios-que-presenta-la-nueva-urbanizacion-de-la-zona\/#primaryimage"},"thumbnailUrl":"https:\/\/www.laguiadepamplona.com\/actualidad\/wp-content\/uploads\/2022\/12\/manuelfalla4.webp","articleSection":["Ayto Pamplona"],"inLanguage":"es","potentialAction":[{"@type":"CommentAction","name":"Comment","target":["https:\/\/www.laguiadepamplona.com\/actualidad\/este-mediodia-se-abre-al-trafico-la-calle-manuel-de-falla-en-un-unico-sentido-hacia-la-calle-blas-de-la-serna-uno-de-los-cambios-que-presenta-la-nueva-urbanizacion-de-la-zona\/#respond"]}]},{"@type":"WebPage","@id":"https:\/\/www.laguiadepamplona.com\/actualidad\/este-mediodia-se-abre-al-trafico-la-calle-manuel-de-falla-en-un-unico-sentido-hacia-la-calle-blas-de-la-serna-uno-de-los-cambios-que-presenta-la-nueva-urbanizacion-de-la-zona\/","url":"https:\/\/www.laguiadepamplona.com\/actualidad\/este-mediodia-se-abre-al-trafico-la-calle-manuel-de-falla-en-un-unico-sentido-hacia-la-calle-blas-de-la-serna-uno-de-los-cambios-que-presenta-la-nueva-urbanizacion-de-la-zona\/","name":"Este mediod\u00eda se abre al tr\u00e1fico la calle Manuel de Falla en un \u00fanico sentido hacia la calle Blas de la Serna, uno de los cambios que presenta la nueva urbanizaci\u00f3n de la zona","isPartOf":{"@id":"https:\/\/www.laguiadepamplona.com\/actualidad\/#website"},"primaryImageOfPage":{"@id":"https:\/\/www.laguiadepamplona.com\/actualidad\/este-mediodia-se-abre-al-trafico-la-calle-manuel-de-falla-en-un-unico-sentido-hacia-la-calle-blas-de-la-serna-uno-de-los-cambios-que-presenta-la-nueva-urbanizacion-de-la-zona\/#primaryimage"},"image":{"@id":"https:\/\/www.laguiadepamplona.com\/actualidad\/este-mediodia-se-abre-al-trafico-la-calle-manuel-de-falla-en-un-unico-sentido-hacia-la-calle-blas-de-la-serna-uno-de-los-cambios-que-presenta-la-nueva-urbanizacion-de-la-zona\/#primaryimage"},"thumbnailUrl":"https:\/\/www.laguiadepamplona.com\/actualidad\/wp-content\/uploads\/2022\/12\/manuelfalla4.webp","datePublished":"2022-12-02T12:20:04+00:00","dateModified":"2023-04-11T09:47:29+00:00","description":"El vecindario tendr\u00e1 en los portales informaci\u00f3n sobre circulaciones, contenedores, zonas de carga y descarga y plazas para movilidad reducida","breadcrumb":{"@id":"https:\/\/www.laguiadepamplona.com\/actualidad\/este-mediodia-se-abre-al-trafico-la-calle-manuel-de-falla-en-un-unico-sentido-hacia-la-calle-blas-de-la-serna-uno-de-los-cambios-que-presenta-la-nueva-urbanizacion-de-la-zona\/#breadcrumb"},"inLanguage":"es","potentialAction":[{"@type":"ReadAction","target":["https:\/\/www.laguiadepamplona.com\/actualidad\/este-mediodia-se-abre-al-trafico-la-calle-manuel-de-falla-en-un-unico-sentido-hacia-la-calle-blas-de-la-serna-uno-de-los-cambios-que-presenta-la-nueva-urbanizacion-de-la-zona\/"]}]},{"@type":"ImageObject","inLanguage":"es","@id":"https:\/\/www.laguiadepamplona.com\/actualidad\/este-mediodia-se-abre-al-trafico-la-calle-manuel-de-falla-en-un-unico-sentido-hacia-la-calle-blas-de-la-serna-uno-de-los-cambios-que-presenta-la-nueva-urbanizacion-de-la-zona\/#primaryimage","url":"https:\/\/www.laguiadepamplona.com\/actualidad\/wp-content\/uploads\/2022\/12\/manuelfalla4.webp","contentUrl":"https:\/\/www.laguiadepamplona.com\/actualidad\/wp-content\/uploads\/2022\/12\/manuelfalla4.webp","width":1544,"height":962},{"@type":"BreadcrumbList","@id":"https:\/\/www.laguiadepamplona.com\/actualidad\/este-mediodia-se-abre-al-trafico-la-calle-manuel-de-falla-en-un-unico-sentido-hacia-la-calle-blas-de-la-serna-uno-de-los-cambios-que-presenta-la-nueva-urbanizacion-de-la-zona\/#breadcrumb","itemListElement":[{"@type":"ListItem","position":1,"name":"Portada","item":"https:\/\/www.laguiadepamplona.com\/actualidad\/"},{"@type":"ListItem","position":2,"name":"Este mediod\u00eda se abre al tr\u00e1fico la calle Manuel de Falla en un \u00fanico sentido hacia la calle Blas de la Serna, uno de los cambios que presenta la nueva urbanizaci\u00f3n de la zona"}]},{"@type":"WebSite","@id":"https:\/\/www.laguiadepamplona.com\/actualidad\/#website","url":"https:\/\/www.laguiadepamplona.com\/actualidad\/","name":"La gu\u00eda de Pamplona","description":"Noticias de Pamplona","publisher":{"@id":"https:\/\/www.laguiadepamplona.com\/actualidad\/#organization"},"potentialAction":[{"@type":"SearchAction","target":{"@type":"EntryPoint","urlTemplate":"https:\/\/www.laguiadepamplona.com\/actualidad\/?s={search_term_string}"},"query-input":{"@type":"PropertyValueSpecification","valueRequired":true,"valueName":"search_term_string"}}],"inLanguage":"es"},{"@type":"Organization","@id":"https:\/\/www.laguiadepamplona.com\/actualidad\/#organization","name":"La Gu\u00eda de Pamplona \/ Noticias","url":"https:\/\/www.laguiadepamplona.com\/actualidad\/","logo":{"@type":"ImageObject","inLanguage":"es","@id":"https:\/\/www.laguiadepamplona.com\/actualidad\/#\/schema\/logo\/image\/","url":"https:\/\/www.laguiadepamplona.com\/actualidad\/wp-content\/uploads\/2018\/11\/logo-laguiadepamplona18-web1.png","contentUrl":"https:\/\/www.laguiadepamplona.com\/actualidad\/wp-content\/uploads\/2018\/11\/logo-laguiadepamplona18-web1.png","width":600,"height":196,"caption":"La Gu\u00eda de Pamplona \/ Noticias"},"image":{"@id":"https:\/\/www.laguiadepamplona.com\/actualidad\/#\/schema\/logo\/image\/"},"sameAs":["https:\/\/www.facebook.com\/laguiadepamplonacom-133175176762273\/?ref=hl","https:\/\/x.com\/LaGuiadPamplona","https:\/\/www.instagram.com\/la_guia_de_pamplona\/","https:\/\/www.youtube.com\/user\/laguiadepamplona"]},{"@type":"Person","@id":"https:\/\/www.laguiadepamplona.com\/actualidad\/#\/schema\/person\/efe887376f0213d4657c93adc50b1fdb","name":"La Gu\u00eda de Pamplona","image":{"@type":"ImageObject","inLanguage":"es","@id":"https:\/\/secure.gravatar.com\/avatar\/b6992f131dc8d30ab0dff15446e9d346d9dbd95992de0fef795073f5ea83a81c?s=96&d=mm&r=g","url":"https:\/\/secure.gravatar.com\/avatar\/b6992f131dc8d30ab0dff15446e9d346d9dbd95992de0fef795073f5ea83a81c?s=96&d=mm&r=g","contentUrl":"https:\/\/secure.gravatar.com\/avatar\/b6992f131dc8d30ab0dff15446e9d346d9dbd95992de0fef795073f5ea83a81c?s=96&d=mm&r=g","caption":"La Gu\u00eda de Pamplona"}}]}},"post_mailing_queue_ids":[],"_links":{"self":[{"href":"https:\/\/www.laguiadepamplona.com\/actualidad\/wp-json\/wp\/v2\/posts\/42393","targetHints":{"allow":["GET"]}}],"collection":[{"href":"https:\/\/www.laguiadepamplona.com\/actualidad\/wp-json\/wp\/v2\/posts"}],"about":[{"href":"https:\/\/www.laguiadepamplona.com\/actualidad\/wp-json\/wp\/v2\/types\/post"}],"author":[{"embeddable":true,"href":"https:\/\/www.laguiadepamplona.com\/actualidad\/wp-json\/wp\/v2\/users\/1"}],"replies":[{"embeddable":true,"href":"https:\/\/www.laguiadepamplona.com\/actualidad\/wp-json\/wp\/v2\/comments?post=42393"}],"version-history":[{"count":0,"href":"https:\/\/www.laguiadepamplona.com\/actualidad\/wp-json\/wp\/v2\/posts\/42393\/revisions"}],"wp:featuredmedia":[{"embeddable":true,"href":"https:\/\/www.laguiadepamplona.com\/actualidad\/wp-json\/wp\/v2\/media\/42394"}],"wp:attachment":[{"href":"https:\/\/www.laguiadepamplona.com\/actualidad\/wp-json\/wp\/v2\/media?parent=42393"}],"wp:term":[{"taxonomy":"category","embeddable":true,"href":"https:\/\/www.laguiadepamplona.com\/actualidad\/wp-json\/wp\/v2\/categories?post=42393"},{"taxonomy":"post_tag","embeddable":true,"href":"https:\/\/www.laguiadepamplona.com\/actualidad\/wp-json\/wp\/v2\/tags?post=42393"}],"curies":[{"name":"wp","href":"https:\/\/api.w.org\/{rel}","templated":true}]}}