{"id":42387,"date":"2022-12-02T14:17:03","date_gmt":"2022-12-02T12:17:03","guid":{"rendered":"https:\/\/www.laguiadepamplona.com\/actualidad\/?p=42387"},"modified":"2023-04-11T11:47:30","modified_gmt":"2023-04-11T09:47:30","slug":"pamplona-acogera-uno-de-los-cinco-bosques-olimpicos-que-compensaran-la-huella-de-carbono-provocada-por-la-participacion-espanola-en-los-juegos-olimpicos-de-tokyo","status":"publish","type":"post","link":"https:\/\/www.laguiadepamplona.com\/actualidad\/pamplona-acogera-uno-de-los-cinco-bosques-olimpicos-que-compensaran-la-huella-de-carbono-provocada-por-la-participacion-espanola-en-los-juegos-olimpicos-de-tokyo\/","title":{"rendered":"Pamplona acoger\u00e1 uno de los cinco bosques ol\u00edmpicos que compensar\u00e1n la huella de carbono provocada por la participaci\u00f3n espa\u00f1ola en los Juegos Ol\u00edmpicos de Tokyo"},"content":{"rendered":"<h5>El Comit\u00e9 Ol\u00edmpico Espa\u00f1ol y la Federaci\u00f3n Espa\u00f1ola de Municipios y Provincias reconocieron ayer el proyecto municipal y plantar\u00e1n 625 \u00e1rboles<\/h5>\n<p><!--more--><\/p>\n<p>Pamplona contar\u00e1 con uno de los bosques ol\u00edmpicos que han impulsado la FEMP y el Comit\u00e9 Ol\u00edmpico Espa\u00f1ol junto al Banco Santander para compensar la huella de carbono provocada por la participaci\u00f3n de los deportistas espa\u00f1oles en los juegos ol\u00edmpicos de Tokio. El presidente del COE, Alejandro Blanco y el Secretario General de la FEMP, Carlos Daniel Casares, entregaron ayer al concejal delegado de Proyectos Estrat\u00e9gicos, Movilidad y Sostenibilidad, Ferm\u00edn Alonso, el galard\u00f3n que reconoce el proyecto presentado por el Ayuntamiento de Pamplona como uno de los cinco seleccionados entre los de las 29 ciudades participantes, en el marco del III Congreso Internacional de Sostenibilidad Planeta Azul del COE, celebrado en Madrid.<\/p>\n<p>El proyecto de Bosque Ol\u00edmpico presentado por Pamplona se situar\u00e1 en una parcela ubicada entre los barrios de Lezkairu y Mendillorri. La elecci\u00f3n de esta parcela obedece a la necesidad de mejorar las condiciones t\u00e9rmicas del sendero peatonal que une el desnivel existente entre estos dos barrios y el municipio vecino Valle de Aranguren. La reforestaci\u00f3n recupera la zona para que la ciudadan\u00eda se anime a transitar por ella y se desplace de forma m\u00e1s sostenible, evitando el transporte motorizado, sobre todo en verano.<\/p>\n<p>El bosque planteado mejora as\u00ed mismo el acceso a la parte perimetral este del barrio de Mendillorri, paralelo a la ronda, donde se est\u00e1 planificando la creaci\u00f3n de una pantalla vegetal. Adem\u00e1s, la iniciativa salva el desnivel con el parque de Mugartea, en el valle de Aranguren, destino habitual para paseantes de Mendillorri.<br \/>\n<script async src=\"\/\/pagead2.googlesyndication.com\/pagead\/js\/adsbygoogle.js\"><\/script><br \/>\n<!-- Noticias La Guia de Pamplona --><br \/>\n<ins class=\"adsbygoogle\"\nstyle=\"display:block\"\ndata-ad-client=\"ca-pub-6943679897239327\"\ndata-ad-slot=\"7048180777\"\ndata-ad-format=\"auto\"><\/ins><br \/>\n<script>\n(adsbygoogle = window.adsbygoogle || []).push({});\n<\/script><\/p>\n<p>La plantaci\u00f3n ser\u00e1 asumida \u00edntegramente por el proyecto conjunto del COE, FEMP y Banco Santander e incluye 625 ejemplares de especies aut\u00f3ctonas, una diversidad de especies arb\u00f3reas que representa a los ecosistemas locales y un enriquecimiento con especies arbustivas para maximizar el valor de la biodiversidad del ecosistema tras la plantaci\u00f3n. Esta plantaci\u00f3n compensar\u00e1 185,50 toneladas de CO<sub>2<\/sub>.<\/p>\n<p>El Ayuntamiento, por su parte, se compromete a conservar el bosque plantado durante un m\u00ednimo de cinco a\u00f1os, a fin de asegurar su aporte a la conservaci\u00f3n de la biodiversidad y la mitigaci\u00f3n del cambio clim\u00e1tico y para que pueda ser disfrutado por las generaciones venideras.<\/p>\n<p>La conexi\u00f3n peatonal segura entre los dos barrios de Pamplona para conectar los servicios deportivos de ambas, corresponde a una de las l\u00edneas de la Estrategia de Transici\u00f3n Energ\u00e9tica y Cambio Clim\u00e1tico de la ciudad, que apuesta por el equilibrio entre barrios y la movilidad sostenible. Gracias a la creaci\u00f3n de la escuela taller forestal, se fomenta un proceso formativo con gran carga de horas de pr\u00e1ctica en la plantaci\u00f3n y mantenimiento del bosque.<\/p>\n<p>La convocatoria que ha reconocido el trabajo de Pamplona, junto a Las Palmas de Gran Canaria, Rivas-Vaciamadrid, Camponaraya (Le\u00f3n) y Onda (Castell\u00f3n), promueve la participaci\u00f3n de los ayuntamientos en el Bosque Ol\u00edmpico Espa\u00f1ol mediante la presentaci\u00f3n de propuestas de forestaci\u00f3n o reforestaci\u00f3n en su t\u00e9rmino municipal. Estas iniciativas afectan a \u00e1reas en que se promueven actividades deportivas, alineadas con la Agenda 2030 y que cumplan con los requisitos clim\u00e1ticos, selv\u00edcolas y de conservaci\u00f3n de la biodiversidad establecidos para este tipo de intervenciones por la Oficina Espa\u00f1ola de Cambio Clim\u00e1tico y la Direcci\u00f3n General de Biodiversidad, Bosques y Desertificaci\u00f3n del Ministerio de Transici\u00f3n Ecol\u00f3gica y Reto Demogr\u00e1fico.<br \/>\n<script async src=\"\/\/pagead2.googlesyndication.com\/pagead\/js\/adsbygoogle.js\"><\/script><br \/>\n<!-- Noticias La Guia de Pamplona --><br \/>\n<ins class=\"adsbygoogle\"\nstyle=\"display:block\"\ndata-ad-client=\"ca-pub-6943679897239327\"\ndata-ad-slot=\"7048180777\"\ndata-ad-format=\"auto\"><\/ins><br \/>\n<script>\n(adsbygoogle = window.adsbygoogle || []).push({});\n<\/script><\/p>\n<p>&nbsp;<\/p>\n<h3>Bosque Ol\u00edmpico de Pamplona<\/h3>\n<ul>\n<li>Parcela situada entre los barrios de Mendillorri y Lezkairu, en Pamplona, y el parque de Mugartea, en el Valle de Aranguren<\/li>\n<\/ul>\n","protected":false},"excerpt":{"rendered":"<p>El Comit\u00e9 Ol\u00edmpico Espa\u00f1ol y la Federaci\u00f3n Espa\u00f1ola de Municipios y Provincias reconocieron ayer el proyecto municipal y plantar\u00e1n 625 \u00e1rboles<\/p>\n","protected":false},"author":1,"featured_media":42388,"comment_status":"open","ping_status":"closed","sticky":false,"template":"","format":"standard","meta":{"footnotes":""},"categories":[2],"tags":[],"class_list":["post-42387","post","type-post","status-publish","format-standard","has-post-thumbnail","hentry","category-ayuntamiento-pamplona"],"yoast_head":"<!-- This site is optimized with the Yoast SEO plugin v27.3 - https:\/\/yoast.com\/product\/yoast-seo-wordpress\/ -->\n<title>Pamplona acoger\u00e1 uno de los cinco bosques ol\u00edmpicos que compensar\u00e1n la huella de carbono provocada por la participaci\u00f3n espa\u00f1ola en los Juegos Ol\u00edmpicos de Tokyo<\/title>\n<meta name=\"description\" content=\"El Comit\u00e9 Ol\u00edmpico Espa\u00f1ol y la Federaci\u00f3n Espa\u00f1ola de Municipios y Provincias reconocieron ayer el proyecto municipal y plantar\u00e1n 625 \u00e1rboles\" \/>\n<meta name=\"robots\" content=\"index, follow, max-snippet:-1, max-image-preview:large, max-video-preview:-1\" \/>\n<link rel=\"canonical\" href=\"https:\/\/www.laguiadepamplona.com\/actualidad\/pamplona-acogera-uno-de-los-cinco-bosques-olimpicos-que-compensaran-la-huella-de-carbono-provocada-por-la-participacion-espanola-en-los-juegos-olimpicos-de-tokyo\/\" \/>\n<meta property=\"og:locale\" content=\"es_ES\" \/>\n<meta property=\"og:type\" content=\"article\" \/>\n<meta property=\"og:title\" content=\"Pamplona acoger\u00e1 uno de los cinco bosques ol\u00edmpicos que compensar\u00e1n la huella de carbono provocada por la participaci\u00f3n espa\u00f1ola en los Juegos Ol\u00edmpicos de Tokyo\" \/>\n<meta property=\"og:description\" content=\"El Comit\u00e9 Ol\u00edmpico Espa\u00f1ol y la Federaci\u00f3n Espa\u00f1ola de Municipios y Provincias reconocieron ayer el proyecto municipal y plantar\u00e1n 625 \u00e1rboles\" \/>\n<meta property=\"og:url\" content=\"https:\/\/www.laguiadepamplona.com\/actualidad\/pamplona-acogera-uno-de-los-cinco-bosques-olimpicos-que-compensaran-la-huella-de-carbono-provocada-por-la-participacion-espanola-en-los-juegos-olimpicos-de-tokyo\/\" \/>\n<meta property=\"og:site_name\" content=\"La Gu\u00eda de Pamplona\" \/>\n<meta property=\"article:publisher\" content=\"https:\/\/www.facebook.com\/laguiadepamplonacom-133175176762273\/?ref=hl\" \/>\n<meta property=\"article:published_time\" content=\"2022-12-02T12:17:03+00:00\" \/>\n<meta property=\"article:modified_time\" content=\"2023-04-11T09:47:30+00:00\" \/>\n<meta property=\"og:image\" content=\"https:\/\/www.laguiadepamplona.com\/actualidad\/wp-content\/uploads\/2022\/12\/bosque-olimpico1_1.webp\" \/>\n\t<meta property=\"og:image:width\" content=\"1920\" \/>\n\t<meta property=\"og:image:height\" content=\"1183\" \/>\n\t<meta property=\"og:image:type\" content=\"image\/webp\" \/>\n<meta name=\"author\" content=\"La Gu\u00eda de Pamplona\" \/>\n<meta name=\"twitter:card\" content=\"summary_large_image\" \/>\n<meta name=\"twitter:creator\" content=\"@LaGuiadPamplona\" \/>\n<meta name=\"twitter:site\" content=\"@LaGuiadPamplona\" \/>\n<meta name=\"twitter:label1\" content=\"Escrito por\" \/>\n\t<meta name=\"twitter:data1\" content=\"La Gu\u00eda de Pamplona\" \/>\n\t<meta name=\"twitter:label2\" content=\"Tiempo de lectura\" \/>\n\t<meta name=\"twitter:data2\" content=\"3 minutos\" \/>\n<script type=\"application\/ld+json\" class=\"yoast-schema-graph\">{\"@context\":\"https:\\\/\\\/schema.org\",\"@graph\":[{\"@type\":\"Article\",\"@id\":\"https:\\\/\\\/www.laguiadepamplona.com\\\/actualidad\\\/pamplona-acogera-uno-de-los-cinco-bosques-olimpicos-que-compensaran-la-huella-de-carbono-provocada-por-la-participacion-espanola-en-los-juegos-olimpicos-de-tokyo\\\/#article\",\"isPartOf\":{\"@id\":\"https:\\\/\\\/www.laguiadepamplona.com\\\/actualidad\\\/pamplona-acogera-uno-de-los-cinco-bosques-olimpicos-que-compensaran-la-huella-de-carbono-provocada-por-la-participacion-espanola-en-los-juegos-olimpicos-de-tokyo\\\/\"},\"author\":{\"name\":\"La Gu\u00eda de Pamplona\",\"@id\":\"https:\\\/\\\/www.laguiadepamplona.com\\\/actualidad\\\/#\\\/schema\\\/person\\\/efe887376f0213d4657c93adc50b1fdb\"},\"headline\":\"Pamplona acoger\u00e1 uno de los cinco bosques ol\u00edmpicos que compensar\u00e1n la huella de carbono provocada por la participaci\u00f3n espa\u00f1ola en los Juegos Ol\u00edmpicos de Tokyo\",\"datePublished\":\"2022-12-02T12:17:03+00:00\",\"dateModified\":\"2023-04-11T09:47:30+00:00\",\"mainEntityOfPage\":{\"@id\":\"https:\\\/\\\/www.laguiadepamplona.com\\\/actualidad\\\/pamplona-acogera-uno-de-los-cinco-bosques-olimpicos-que-compensaran-la-huella-de-carbono-provocada-por-la-participacion-espanola-en-los-juegos-olimpicos-de-tokyo\\\/\"},\"wordCount\":665,\"commentCount\":0,\"publisher\":{\"@id\":\"https:\\\/\\\/www.laguiadepamplona.com\\\/actualidad\\\/#organization\"},\"image\":{\"@id\":\"https:\\\/\\\/www.laguiadepamplona.com\\\/actualidad\\\/pamplona-acogera-uno-de-los-cinco-bosques-olimpicos-que-compensaran-la-huella-de-carbono-provocada-por-la-participacion-espanola-en-los-juegos-olimpicos-de-tokyo\\\/#primaryimage\"},\"thumbnailUrl\":\"https:\\\/\\\/www.laguiadepamplona.com\\\/actualidad\\\/wp-content\\\/uploads\\\/2022\\\/12\\\/bosque-olimpico1_1.webp\",\"articleSection\":[\"Ayto Pamplona\"],\"inLanguage\":\"es\",\"potentialAction\":[{\"@type\":\"CommentAction\",\"name\":\"Comment\",\"target\":[\"https:\\\/\\\/www.laguiadepamplona.com\\\/actualidad\\\/pamplona-acogera-uno-de-los-cinco-bosques-olimpicos-que-compensaran-la-huella-de-carbono-provocada-por-la-participacion-espanola-en-los-juegos-olimpicos-de-tokyo\\\/#respond\"]}]},{\"@type\":\"WebPage\",\"@id\":\"https:\\\/\\\/www.laguiadepamplona.com\\\/actualidad\\\/pamplona-acogera-uno-de-los-cinco-bosques-olimpicos-que-compensaran-la-huella-de-carbono-provocada-por-la-participacion-espanola-en-los-juegos-olimpicos-de-tokyo\\\/\",\"url\":\"https:\\\/\\\/www.laguiadepamplona.com\\\/actualidad\\\/pamplona-acogera-uno-de-los-cinco-bosques-olimpicos-que-compensaran-la-huella-de-carbono-provocada-por-la-participacion-espanola-en-los-juegos-olimpicos-de-tokyo\\\/\",\"name\":\"Pamplona acoger\u00e1 uno de los cinco bosques ol\u00edmpicos que compensar\u00e1n la huella de carbono provocada por la participaci\u00f3n espa\u00f1ola en los Juegos Ol\u00edmpicos de Tokyo\",\"isPartOf\":{\"@id\":\"https:\\\/\\\/www.laguiadepamplona.com\\\/actualidad\\\/#website\"},\"primaryImageOfPage\":{\"@id\":\"https:\\\/\\\/www.laguiadepamplona.com\\\/actualidad\\\/pamplona-acogera-uno-de-los-cinco-bosques-olimpicos-que-compensaran-la-huella-de-carbono-provocada-por-la-participacion-espanola-en-los-juegos-olimpicos-de-tokyo\\\/#primaryimage\"},\"image\":{\"@id\":\"https:\\\/\\\/www.laguiadepamplona.com\\\/actualidad\\\/pamplona-acogera-uno-de-los-cinco-bosques-olimpicos-que-compensaran-la-huella-de-carbono-provocada-por-la-participacion-espanola-en-los-juegos-olimpicos-de-tokyo\\\/#primaryimage\"},\"thumbnailUrl\":\"https:\\\/\\\/www.laguiadepamplona.com\\\/actualidad\\\/wp-content\\\/uploads\\\/2022\\\/12\\\/bosque-olimpico1_1.webp\",\"datePublished\":\"2022-12-02T12:17:03+00:00\",\"dateModified\":\"2023-04-11T09:47:30+00:00\",\"description\":\"El Comit\u00e9 Ol\u00edmpico Espa\u00f1ol y la Federaci\u00f3n Espa\u00f1ola de Municipios y Provincias reconocieron ayer el proyecto municipal y plantar\u00e1n 625 \u00e1rboles\",\"breadcrumb\":{\"@id\":\"https:\\\/\\\/www.laguiadepamplona.com\\\/actualidad\\\/pamplona-acogera-uno-de-los-cinco-bosques-olimpicos-que-compensaran-la-huella-de-carbono-provocada-por-la-participacion-espanola-en-los-juegos-olimpicos-de-tokyo\\\/#breadcrumb\"},\"inLanguage\":\"es\",\"potentialAction\":[{\"@type\":\"ReadAction\",\"target\":[\"https:\\\/\\\/www.laguiadepamplona.com\\\/actualidad\\\/pamplona-acogera-uno-de-los-cinco-bosques-olimpicos-que-compensaran-la-huella-de-carbono-provocada-por-la-participacion-espanola-en-los-juegos-olimpicos-de-tokyo\\\/\"]}]},{\"@type\":\"ImageObject\",\"inLanguage\":\"es\",\"@id\":\"https:\\\/\\\/www.laguiadepamplona.com\\\/actualidad\\\/pamplona-acogera-uno-de-los-cinco-bosques-olimpicos-que-compensaran-la-huella-de-carbono-provocada-por-la-participacion-espanola-en-los-juegos-olimpicos-de-tokyo\\\/#primaryimage\",\"url\":\"https:\\\/\\\/www.laguiadepamplona.com\\\/actualidad\\\/wp-content\\\/uploads\\\/2022\\\/12\\\/bosque-olimpico1_1.webp\",\"contentUrl\":\"https:\\\/\\\/www.laguiadepamplona.com\\\/actualidad\\\/wp-content\\\/uploads\\\/2022\\\/12\\\/bosque-olimpico1_1.webp\",\"width\":1920,\"height\":1183},{\"@type\":\"BreadcrumbList\",\"@id\":\"https:\\\/\\\/www.laguiadepamplona.com\\\/actualidad\\\/pamplona-acogera-uno-de-los-cinco-bosques-olimpicos-que-compensaran-la-huella-de-carbono-provocada-por-la-participacion-espanola-en-los-juegos-olimpicos-de-tokyo\\\/#breadcrumb\",\"itemListElement\":[{\"@type\":\"ListItem\",\"position\":1,\"name\":\"Portada\",\"item\":\"https:\\\/\\\/www.laguiadepamplona.com\\\/actualidad\\\/\"},{\"@type\":\"ListItem\",\"position\":2,\"name\":\"Pamplona acoger\u00e1 uno de los cinco bosques ol\u00edmpicos que compensar\u00e1n la huella de carbono provocada por la participaci\u00f3n espa\u00f1ola en los Juegos Ol\u00edmpicos de Tokyo\"}]},{\"@type\":\"WebSite\",\"@id\":\"https:\\\/\\\/www.laguiadepamplona.com\\\/actualidad\\\/#website\",\"url\":\"https:\\\/\\\/www.laguiadepamplona.com\\\/actualidad\\\/\",\"name\":\"La gu\u00eda de Pamplona\",\"description\":\"Noticias de Pamplona\",\"publisher\":{\"@id\":\"https:\\\/\\\/www.laguiadepamplona.com\\\/actualidad\\\/#organization\"},\"potentialAction\":[{\"@type\":\"SearchAction\",\"target\":{\"@type\":\"EntryPoint\",\"urlTemplate\":\"https:\\\/\\\/www.laguiadepamplona.com\\\/actualidad\\\/?s={search_term_string}\"},\"query-input\":{\"@type\":\"PropertyValueSpecification\",\"valueRequired\":true,\"valueName\":\"search_term_string\"}}],\"inLanguage\":\"es\"},{\"@type\":\"Organization\",\"@id\":\"https:\\\/\\\/www.laguiadepamplona.com\\\/actualidad\\\/#organization\",\"name\":\"La Gu\u00eda de Pamplona \\\/ Noticias\",\"url\":\"https:\\\/\\\/www.laguiadepamplona.com\\\/actualidad\\\/\",\"logo\":{\"@type\":\"ImageObject\",\"inLanguage\":\"es\",\"@id\":\"https:\\\/\\\/www.laguiadepamplona.com\\\/actualidad\\\/#\\\/schema\\\/logo\\\/image\\\/\",\"url\":\"https:\\\/\\\/www.laguiadepamplona.com\\\/actualidad\\\/wp-content\\\/uploads\\\/2018\\\/11\\\/logo-laguiadepamplona18-web1.png\",\"contentUrl\":\"https:\\\/\\\/www.laguiadepamplona.com\\\/actualidad\\\/wp-content\\\/uploads\\\/2018\\\/11\\\/logo-laguiadepamplona18-web1.png\",\"width\":600,\"height\":196,\"caption\":\"La Gu\u00eda de Pamplona \\\/ Noticias\"},\"image\":{\"@id\":\"https:\\\/\\\/www.laguiadepamplona.com\\\/actualidad\\\/#\\\/schema\\\/logo\\\/image\\\/\"},\"sameAs\":[\"https:\\\/\\\/www.facebook.com\\\/laguiadepamplonacom-133175176762273\\\/?ref=hl\",\"https:\\\/\\\/x.com\\\/LaGuiadPamplona\",\"https:\\\/\\\/www.instagram.com\\\/la_guia_de_pamplona\\\/\",\"https:\\\/\\\/www.youtube.com\\\/user\\\/laguiadepamplona\"]},{\"@type\":\"Person\",\"@id\":\"https:\\\/\\\/www.laguiadepamplona.com\\\/actualidad\\\/#\\\/schema\\\/person\\\/efe887376f0213d4657c93adc50b1fdb\",\"name\":\"La Gu\u00eda de Pamplona\",\"image\":{\"@type\":\"ImageObject\",\"inLanguage\":\"es\",\"@id\":\"https:\\\/\\\/secure.gravatar.com\\\/avatar\\\/b6992f131dc8d30ab0dff15446e9d346d9dbd95992de0fef795073f5ea83a81c?s=96&d=mm&r=g\",\"url\":\"https:\\\/\\\/secure.gravatar.com\\\/avatar\\\/b6992f131dc8d30ab0dff15446e9d346d9dbd95992de0fef795073f5ea83a81c?s=96&d=mm&r=g\",\"contentUrl\":\"https:\\\/\\\/secure.gravatar.com\\\/avatar\\\/b6992f131dc8d30ab0dff15446e9d346d9dbd95992de0fef795073f5ea83a81c?s=96&d=mm&r=g\",\"caption\":\"La Gu\u00eda de Pamplona\"}}]}<\/script>\n<!-- \/ Yoast SEO plugin. -->","yoast_head_json":{"title":"Pamplona acoger\u00e1 uno de los cinco bosques ol\u00edmpicos que compensar\u00e1n la huella de carbono provocada por la participaci\u00f3n espa\u00f1ola en los Juegos Ol\u00edmpicos de Tokyo","description":"El Comit\u00e9 Ol\u00edmpico Espa\u00f1ol y la Federaci\u00f3n Espa\u00f1ola de Municipios y Provincias reconocieron ayer el proyecto municipal y plantar\u00e1n 625 \u00e1rboles","robots":{"index":"index","follow":"follow","max-snippet":"max-snippet:-1","max-image-preview":"max-image-preview:large","max-video-preview":"max-video-preview:-1"},"canonical":"https:\/\/www.laguiadepamplona.com\/actualidad\/pamplona-acogera-uno-de-los-cinco-bosques-olimpicos-que-compensaran-la-huella-de-carbono-provocada-por-la-participacion-espanola-en-los-juegos-olimpicos-de-tokyo\/","og_locale":"es_ES","og_type":"article","og_title":"Pamplona acoger\u00e1 uno de los cinco bosques ol\u00edmpicos que compensar\u00e1n la huella de carbono provocada por la participaci\u00f3n espa\u00f1ola en los Juegos Ol\u00edmpicos de Tokyo","og_description":"El Comit\u00e9 Ol\u00edmpico Espa\u00f1ol y la Federaci\u00f3n Espa\u00f1ola de Municipios y Provincias reconocieron ayer el proyecto municipal y plantar\u00e1n 625 \u00e1rboles","og_url":"https:\/\/www.laguiadepamplona.com\/actualidad\/pamplona-acogera-uno-de-los-cinco-bosques-olimpicos-que-compensaran-la-huella-de-carbono-provocada-por-la-participacion-espanola-en-los-juegos-olimpicos-de-tokyo\/","og_site_name":"La Gu\u00eda de Pamplona","article_publisher":"https:\/\/www.facebook.com\/laguiadepamplonacom-133175176762273\/?ref=hl","article_published_time":"2022-12-02T12:17:03+00:00","article_modified_time":"2023-04-11T09:47:30+00:00","og_image":[{"width":1920,"height":1183,"url":"https:\/\/www.laguiadepamplona.com\/actualidad\/wp-content\/uploads\/2022\/12\/bosque-olimpico1_1.webp","type":"image\/webp"}],"author":"La Gu\u00eda de Pamplona","twitter_card":"summary_large_image","twitter_creator":"@LaGuiadPamplona","twitter_site":"@LaGuiadPamplona","twitter_misc":{"Escrito por":"La Gu\u00eda de Pamplona","Tiempo de lectura":"3 minutos"},"schema":{"@context":"https:\/\/schema.org","@graph":[{"@type":"Article","@id":"https:\/\/www.laguiadepamplona.com\/actualidad\/pamplona-acogera-uno-de-los-cinco-bosques-olimpicos-que-compensaran-la-huella-de-carbono-provocada-por-la-participacion-espanola-en-los-juegos-olimpicos-de-tokyo\/#article","isPartOf":{"@id":"https:\/\/www.laguiadepamplona.com\/actualidad\/pamplona-acogera-uno-de-los-cinco-bosques-olimpicos-que-compensaran-la-huella-de-carbono-provocada-por-la-participacion-espanola-en-los-juegos-olimpicos-de-tokyo\/"},"author":{"name":"La Gu\u00eda de Pamplona","@id":"https:\/\/www.laguiadepamplona.com\/actualidad\/#\/schema\/person\/efe887376f0213d4657c93adc50b1fdb"},"headline":"Pamplona acoger\u00e1 uno de los cinco bosques ol\u00edmpicos que compensar\u00e1n la huella de carbono provocada por la participaci\u00f3n espa\u00f1ola en los Juegos Ol\u00edmpicos de Tokyo","datePublished":"2022-12-02T12:17:03+00:00","dateModified":"2023-04-11T09:47:30+00:00","mainEntityOfPage":{"@id":"https:\/\/www.laguiadepamplona.com\/actualidad\/pamplona-acogera-uno-de-los-cinco-bosques-olimpicos-que-compensaran-la-huella-de-carbono-provocada-por-la-participacion-espanola-en-los-juegos-olimpicos-de-tokyo\/"},"wordCount":665,"commentCount":0,"publisher":{"@id":"https:\/\/www.laguiadepamplona.com\/actualidad\/#organization"},"image":{"@id":"https:\/\/www.laguiadepamplona.com\/actualidad\/pamplona-acogera-uno-de-los-cinco-bosques-olimpicos-que-compensaran-la-huella-de-carbono-provocada-por-la-participacion-espanola-en-los-juegos-olimpicos-de-tokyo\/#primaryimage"},"thumbnailUrl":"https:\/\/www.laguiadepamplona.com\/actualidad\/wp-content\/uploads\/2022\/12\/bosque-olimpico1_1.webp","articleSection":["Ayto Pamplona"],"inLanguage":"es","potentialAction":[{"@type":"CommentAction","name":"Comment","target":["https:\/\/www.laguiadepamplona.com\/actualidad\/pamplona-acogera-uno-de-los-cinco-bosques-olimpicos-que-compensaran-la-huella-de-carbono-provocada-por-la-participacion-espanola-en-los-juegos-olimpicos-de-tokyo\/#respond"]}]},{"@type":"WebPage","@id":"https:\/\/www.laguiadepamplona.com\/actualidad\/pamplona-acogera-uno-de-los-cinco-bosques-olimpicos-que-compensaran-la-huella-de-carbono-provocada-por-la-participacion-espanola-en-los-juegos-olimpicos-de-tokyo\/","url":"https:\/\/www.laguiadepamplona.com\/actualidad\/pamplona-acogera-uno-de-los-cinco-bosques-olimpicos-que-compensaran-la-huella-de-carbono-provocada-por-la-participacion-espanola-en-los-juegos-olimpicos-de-tokyo\/","name":"Pamplona acoger\u00e1 uno de los cinco bosques ol\u00edmpicos que compensar\u00e1n la huella de carbono provocada por la participaci\u00f3n espa\u00f1ola en los Juegos Ol\u00edmpicos de Tokyo","isPartOf":{"@id":"https:\/\/www.laguiadepamplona.com\/actualidad\/#website"},"primaryImageOfPage":{"@id":"https:\/\/www.laguiadepamplona.com\/actualidad\/pamplona-acogera-uno-de-los-cinco-bosques-olimpicos-que-compensaran-la-huella-de-carbono-provocada-por-la-participacion-espanola-en-los-juegos-olimpicos-de-tokyo\/#primaryimage"},"image":{"@id":"https:\/\/www.laguiadepamplona.com\/actualidad\/pamplona-acogera-uno-de-los-cinco-bosques-olimpicos-que-compensaran-la-huella-de-carbono-provocada-por-la-participacion-espanola-en-los-juegos-olimpicos-de-tokyo\/#primaryimage"},"thumbnailUrl":"https:\/\/www.laguiadepamplona.com\/actualidad\/wp-content\/uploads\/2022\/12\/bosque-olimpico1_1.webp","datePublished":"2022-12-02T12:17:03+00:00","dateModified":"2023-04-11T09:47:30+00:00","description":"El Comit\u00e9 Ol\u00edmpico Espa\u00f1ol y la Federaci\u00f3n Espa\u00f1ola de Municipios y Provincias reconocieron ayer el proyecto municipal y plantar\u00e1n 625 \u00e1rboles","breadcrumb":{"@id":"https:\/\/www.laguiadepamplona.com\/actualidad\/pamplona-acogera-uno-de-los-cinco-bosques-olimpicos-que-compensaran-la-huella-de-carbono-provocada-por-la-participacion-espanola-en-los-juegos-olimpicos-de-tokyo\/#breadcrumb"},"inLanguage":"es","potentialAction":[{"@type":"ReadAction","target":["https:\/\/www.laguiadepamplona.com\/actualidad\/pamplona-acogera-uno-de-los-cinco-bosques-olimpicos-que-compensaran-la-huella-de-carbono-provocada-por-la-participacion-espanola-en-los-juegos-olimpicos-de-tokyo\/"]}]},{"@type":"ImageObject","inLanguage":"es","@id":"https:\/\/www.laguiadepamplona.com\/actualidad\/pamplona-acogera-uno-de-los-cinco-bosques-olimpicos-que-compensaran-la-huella-de-carbono-provocada-por-la-participacion-espanola-en-los-juegos-olimpicos-de-tokyo\/#primaryimage","url":"https:\/\/www.laguiadepamplona.com\/actualidad\/wp-content\/uploads\/2022\/12\/bosque-olimpico1_1.webp","contentUrl":"https:\/\/www.laguiadepamplona.com\/actualidad\/wp-content\/uploads\/2022\/12\/bosque-olimpico1_1.webp","width":1920,"height":1183},{"@type":"BreadcrumbList","@id":"https:\/\/www.laguiadepamplona.com\/actualidad\/pamplona-acogera-uno-de-los-cinco-bosques-olimpicos-que-compensaran-la-huella-de-carbono-provocada-por-la-participacion-espanola-en-los-juegos-olimpicos-de-tokyo\/#breadcrumb","itemListElement":[{"@type":"ListItem","position":1,"name":"Portada","item":"https:\/\/www.laguiadepamplona.com\/actualidad\/"},{"@type":"ListItem","position":2,"name":"Pamplona acoger\u00e1 uno de los cinco bosques ol\u00edmpicos que compensar\u00e1n la huella de carbono provocada por la participaci\u00f3n espa\u00f1ola en los Juegos Ol\u00edmpicos de Tokyo"}]},{"@type":"WebSite","@id":"https:\/\/www.laguiadepamplona.com\/actualidad\/#website","url":"https:\/\/www.laguiadepamplona.com\/actualidad\/","name":"La gu\u00eda de Pamplona","description":"Noticias de Pamplona","publisher":{"@id":"https:\/\/www.laguiadepamplona.com\/actualidad\/#organization"},"potentialAction":[{"@type":"SearchAction","target":{"@type":"EntryPoint","urlTemplate":"https:\/\/www.laguiadepamplona.com\/actualidad\/?s={search_term_string}"},"query-input":{"@type":"PropertyValueSpecification","valueRequired":true,"valueName":"search_term_string"}}],"inLanguage":"es"},{"@type":"Organization","@id":"https:\/\/www.laguiadepamplona.com\/actualidad\/#organization","name":"La Gu\u00eda de Pamplona \/ Noticias","url":"https:\/\/www.laguiadepamplona.com\/actualidad\/","logo":{"@type":"ImageObject","inLanguage":"es","@id":"https:\/\/www.laguiadepamplona.com\/actualidad\/#\/schema\/logo\/image\/","url":"https:\/\/www.laguiadepamplona.com\/actualidad\/wp-content\/uploads\/2018\/11\/logo-laguiadepamplona18-web1.png","contentUrl":"https:\/\/www.laguiadepamplona.com\/actualidad\/wp-content\/uploads\/2018\/11\/logo-laguiadepamplona18-web1.png","width":600,"height":196,"caption":"La Gu\u00eda de Pamplona \/ Noticias"},"image":{"@id":"https:\/\/www.laguiadepamplona.com\/actualidad\/#\/schema\/logo\/image\/"},"sameAs":["https:\/\/www.facebook.com\/laguiadepamplonacom-133175176762273\/?ref=hl","https:\/\/x.com\/LaGuiadPamplona","https:\/\/www.instagram.com\/la_guia_de_pamplona\/","https:\/\/www.youtube.com\/user\/laguiadepamplona"]},{"@type":"Person","@id":"https:\/\/www.laguiadepamplona.com\/actualidad\/#\/schema\/person\/efe887376f0213d4657c93adc50b1fdb","name":"La Gu\u00eda de Pamplona","image":{"@type":"ImageObject","inLanguage":"es","@id":"https:\/\/secure.gravatar.com\/avatar\/b6992f131dc8d30ab0dff15446e9d346d9dbd95992de0fef795073f5ea83a81c?s=96&d=mm&r=g","url":"https:\/\/secure.gravatar.com\/avatar\/b6992f131dc8d30ab0dff15446e9d346d9dbd95992de0fef795073f5ea83a81c?s=96&d=mm&r=g","contentUrl":"https:\/\/secure.gravatar.com\/avatar\/b6992f131dc8d30ab0dff15446e9d346d9dbd95992de0fef795073f5ea83a81c?s=96&d=mm&r=g","caption":"La Gu\u00eda de Pamplona"}}]}},"post_mailing_queue_ids":[],"_links":{"self":[{"href":"https:\/\/www.laguiadepamplona.com\/actualidad\/wp-json\/wp\/v2\/posts\/42387","targetHints":{"allow":["GET"]}}],"collection":[{"href":"https:\/\/www.laguiadepamplona.com\/actualidad\/wp-json\/wp\/v2\/posts"}],"about":[{"href":"https:\/\/www.laguiadepamplona.com\/actualidad\/wp-json\/wp\/v2\/types\/post"}],"author":[{"embeddable":true,"href":"https:\/\/www.laguiadepamplona.com\/actualidad\/wp-json\/wp\/v2\/users\/1"}],"replies":[{"embeddable":true,"href":"https:\/\/www.laguiadepamplona.com\/actualidad\/wp-json\/wp\/v2\/comments?post=42387"}],"version-history":[{"count":0,"href":"https:\/\/www.laguiadepamplona.com\/actualidad\/wp-json\/wp\/v2\/posts\/42387\/revisions"}],"wp:featuredmedia":[{"embeddable":true,"href":"https:\/\/www.laguiadepamplona.com\/actualidad\/wp-json\/wp\/v2\/media\/42388"}],"wp:attachment":[{"href":"https:\/\/www.laguiadepamplona.com\/actualidad\/wp-json\/wp\/v2\/media?parent=42387"}],"wp:term":[{"taxonomy":"category","embeddable":true,"href":"https:\/\/www.laguiadepamplona.com\/actualidad\/wp-json\/wp\/v2\/categories?post=42387"},{"taxonomy":"post_tag","embeddable":true,"href":"https:\/\/www.laguiadepamplona.com\/actualidad\/wp-json\/wp\/v2\/tags?post=42387"}],"curies":[{"name":"wp","href":"https:\/\/api.w.org\/{rel}","templated":true}]}}