{"id":42384,"date":"2022-12-02T14:14:29","date_gmt":"2022-12-02T12:14:29","guid":{"rendered":"https:\/\/www.laguiadepamplona.com\/actualidad\/?p=42384"},"modified":"2023-04-11T11:47:30","modified_gmt":"2023-04-11T09:47:30","slug":"la-calle-bosquecillo-que-conecta-casco-antiguo-con-los-barrios-de-san-juan-e-iturrama-se-reabre-este-sabado-para-el-transito-de-peatones-y-bicicletas","status":"publish","type":"post","link":"https:\/\/www.laguiadepamplona.com\/actualidad\/la-calle-bosquecillo-que-conecta-casco-antiguo-con-los-barrios-de-san-juan-e-iturrama-se-reabre-este-sabado-para-el-transito-de-peatones-y-bicicletas\/","title":{"rendered":"La calle Bosquecillo, que conecta Casco Antiguo con los barrios de San Juan e Iturrama, se reabre este s\u00e1bado para el tr\u00e1nsito de peatones y bicicletas"},"content":{"rendered":"<h5>La reurbanizaci\u00f3n de la calle, de 170 metros, comenz\u00f3 en abril y ha permitido crear una superficie de plataforma \u00fanica sin aceras<\/h5>\n<p><!--more--><\/p>\n<p>La calle Bosquecillo de Pamplona se abrir\u00e1 este s\u00e1bado para uso peatonal, despu\u00e9s de ocho meses de obras, en los que se han modificado las canalizaciones de aguas pluviales, se han eliminado las aceras y las antiguas jardineras longitudinales a ambos lados de la calle y se ha instalado mobiliario urbano para unificar este espacio, puerta de entrada a la Taconera. La Comisi\u00f3n de Urbanismo del Ayuntamiento de Pamplona, encabezada por el alcalde Enrique Maya, ha visitado hoy el nuevo dise\u00f1o de la calle, de 170 metros de longitud y 11 de anchura, en el que se han invertido 1,1 millones de euros. La calle conecta para peatones y bicicletas el Casco Antiguo con los barrios de San Juan e Iturrama.<br \/>\n<script async src=\"\/\/pagead2.googlesyndication.com\/pagead\/js\/adsbygoogle.js\"><\/script><br \/>\n<!-- Noticias La Guia de Pamplona --><br \/>\n<ins class=\"adsbygoogle\"\nstyle=\"display:block\"\ndata-ad-client=\"ca-pub-6943679897239327\"\ndata-ad-slot=\"7048180777\"\ndata-ad-format=\"auto\"><\/ins><br \/>\n<script>\n(adsbygoogle = window.adsbygoogle || []).push({});\n<\/script><\/p>\n<p>Las obras, que arrancaron el 1 de abril, han permitido modificar la red de saneamiento y la red el\u00e9ctrica para reubicar la iluminaci\u00f3n de la v\u00eda. Asimismo, se han eliminado las jardineras longitudinales para crear una plataforma \u00fanica, sin aceras, de piedra calcarenita. Adem\u00e1s, se han creado unos parterres que unifican la calle del Bosquecillo con el parque de la Taconera. El objetivo es trasladar una imagen similar a la que mantiene el pavimento del Casco Antiguo, sin elementos que dificulten la movilidad. De esta forma, se permeabilizan los recorridos tanto longitudinales, desde la calle Mayor a Navas de Tolosa, como transversales, del parque de la Taconera al Bosquecillo, tanto de peatonales como de ciclistas. El actual carril bici, que antes de las obras discurr\u00eda por la acera, se ha modificado para adaptarse a la nueva urbanizaci\u00f3n apostando con la coexistencia peatonal y ciclista.<\/p>\n<p>La calle luce nuevo mobiliario urbano, compuesto por siete bancos y cinco sillas, una fuente y media docena de papeleras a lo largo de la calle. S\u00ed se han mantenido las once farolas que se encontraban previamente en la v\u00eda, de tipo \u2018b\u00e1culo de San Ferm\u00edn\u2019, pero se han reubicado en nuevos espacios para adaptarse al nuevo dise\u00f1o de la calle. Las obras han permitido crear una gran zona de estancia ubicada frente al portal de San Nicol\u00e1s, y se ha mejorado la confluencia tanto de la calle Navas de Tolosa, a un lado, y en una zona cercana a la acera de la avenida de Gipuzkoa, en el otro, con el parque de la Taconera y del Bosquecillo. Esta actuaci\u00f3n, que persigue la creaci\u00f3n de una ciudad m\u00e1s amable para la ciudadan\u00eda, se enmarca en la Estrategia Go Green, que aglutina todos los proyectos encaminados a la combatir el cambio clim\u00e1tico.<br \/>\n<script async src=\"\/\/pagead2.googlesyndication.com\/pagead\/js\/adsbygoogle.js\"><\/script><br \/>\n<!-- Noticias La Guia de Pamplona --><br \/>\n<ins class=\"adsbygoogle\"\nstyle=\"display:block\"\ndata-ad-client=\"ca-pub-6943679897239327\"\ndata-ad-slot=\"7048180777\"\ndata-ad-format=\"auto\"><\/ins><br \/>\n<script>\n(adsbygoogle = window.adsbygoogle || []).push({});\n<\/script><\/p>\n<p><strong>Hallazgos arqueol\u00f3gicos<\/strong><\/p>\n<p>Durante las obras de excavaci\u00f3n para reordenar las canalizaciones de pluviales y saneamiento, salieron a la luz m\u00e1s de medio centenar de enterramientos medievales, tanto adultos como infantiles, vinculadas al antiguo convento de San Francisco. Los restos datan de los siglos XIII y XVI, lo que coincide con las fechas de funcionamiento del convento, que estuvo abierto desde entre 1246 y 1521. Las excavaciones tambi\u00e9n permitieron hallar distintos tramos de muro, probablemente de los edificios que compon\u00edan el convento.<\/p>\n<p>En la zona exterior de esos muros tambi\u00e9n se aparecieron diferentes restos relacionados con actividades industriales, como la fundici\u00f3n de metales o la fabricaci\u00f3n cer\u00e1mica. As\u00ed, se hall\u00f3 un espacio dedicado a la fabricaci\u00f3n de campanas, con moldes de adobe y restos de bronce, cenizas y carbones, todo ello de \u00e9poca medieval.<\/p>\n","protected":false},"excerpt":{"rendered":"<p>La reurbanizaci\u00f3n de la calle, de 170 metros, comenz\u00f3 en abril y ha permitido crear una superficie de plataforma \u00fanica sin aceras<\/p>\n","protected":false},"author":1,"featured_media":42385,"comment_status":"open","ping_status":"closed","sticky":false,"template":"","format":"standard","meta":{"footnotes":""},"categories":[2],"tags":[],"class_list":["post-42384","post","type-post","status-publish","format-standard","has-post-thumbnail","hentry","category-ayuntamiento-pamplona"],"yoast_head":"<!-- This site is optimized with the Yoast SEO plugin v27.3 - https:\/\/yoast.com\/product\/yoast-seo-wordpress\/ -->\n<title>La calle Bosquecillo, que conecta Casco Antiguo con los barrios de San Juan e Iturrama, se reabre este s\u00e1bado para el tr\u00e1nsito de peatones y bicicletas<\/title>\n<meta name=\"description\" content=\"La reurbanizaci\u00f3n de la calle, de 170 metros, comenz\u00f3 en abril y ha permitido crear una superficie de plataforma \u00fanica sin aceras\" \/>\n<meta name=\"robots\" content=\"index, follow, max-snippet:-1, max-image-preview:large, max-video-preview:-1\" \/>\n<link rel=\"canonical\" href=\"https:\/\/www.laguiadepamplona.com\/actualidad\/la-calle-bosquecillo-que-conecta-casco-antiguo-con-los-barrios-de-san-juan-e-iturrama-se-reabre-este-sabado-para-el-transito-de-peatones-y-bicicletas\/\" \/>\n<meta property=\"og:locale\" content=\"es_ES\" \/>\n<meta property=\"og:type\" content=\"article\" \/>\n<meta property=\"og:title\" content=\"La calle Bosquecillo, que conecta Casco Antiguo con los barrios de San Juan e Iturrama, se reabre este s\u00e1bado para el tr\u00e1nsito de peatones y bicicletas\" \/>\n<meta property=\"og:description\" content=\"La reurbanizaci\u00f3n de la calle, de 170 metros, comenz\u00f3 en abril y ha permitido crear una superficie de plataforma \u00fanica sin aceras\" \/>\n<meta property=\"og:url\" content=\"https:\/\/www.laguiadepamplona.com\/actualidad\/la-calle-bosquecillo-que-conecta-casco-antiguo-con-los-barrios-de-san-juan-e-iturrama-se-reabre-este-sabado-para-el-transito-de-peatones-y-bicicletas\/\" \/>\n<meta property=\"og:site_name\" content=\"La Gu\u00eda de Pamplona\" \/>\n<meta property=\"article:publisher\" content=\"https:\/\/www.facebook.com\/laguiadepamplonacom-133175176762273\/?ref=hl\" \/>\n<meta property=\"article:published_time\" content=\"2022-12-02T12:14:29+00:00\" \/>\n<meta property=\"article:modified_time\" content=\"2023-04-11T09:47:30+00:00\" \/>\n<meta property=\"og:image\" content=\"https:\/\/www.laguiadepamplona.com\/actualidad\/wp-content\/uploads\/2022\/12\/visita-finobra-taconera-ee5a9307.webp\" \/>\n\t<meta property=\"og:image:width\" content=\"1920\" \/>\n\t<meta property=\"og:image:height\" content=\"1280\" \/>\n\t<meta property=\"og:image:type\" content=\"image\/webp\" \/>\n<meta name=\"author\" content=\"La Gu\u00eda de Pamplona\" \/>\n<meta name=\"twitter:card\" content=\"summary_large_image\" \/>\n<meta name=\"twitter:creator\" content=\"@LaGuiadPamplona\" \/>\n<meta name=\"twitter:site\" content=\"@LaGuiadPamplona\" \/>\n<meta name=\"twitter:label1\" content=\"Escrito por\" \/>\n\t<meta name=\"twitter:data1\" content=\"La Gu\u00eda de Pamplona\" \/>\n\t<meta name=\"twitter:label2\" content=\"Tiempo de lectura\" \/>\n\t<meta name=\"twitter:data2\" content=\"3 minutos\" \/>\n<script type=\"application\/ld+json\" class=\"yoast-schema-graph\">{\"@context\":\"https:\\\/\\\/schema.org\",\"@graph\":[{\"@type\":\"Article\",\"@id\":\"https:\\\/\\\/www.laguiadepamplona.com\\\/actualidad\\\/la-calle-bosquecillo-que-conecta-casco-antiguo-con-los-barrios-de-san-juan-e-iturrama-se-reabre-este-sabado-para-el-transito-de-peatones-y-bicicletas\\\/#article\",\"isPartOf\":{\"@id\":\"https:\\\/\\\/www.laguiadepamplona.com\\\/actualidad\\\/la-calle-bosquecillo-que-conecta-casco-antiguo-con-los-barrios-de-san-juan-e-iturrama-se-reabre-este-sabado-para-el-transito-de-peatones-y-bicicletas\\\/\"},\"author\":{\"name\":\"La Gu\u00eda de Pamplona\",\"@id\":\"https:\\\/\\\/www.laguiadepamplona.com\\\/actualidad\\\/#\\\/schema\\\/person\\\/efe887376f0213d4657c93adc50b1fdb\"},\"headline\":\"La calle Bosquecillo, que conecta Casco Antiguo con los barrios de San Juan e Iturrama, se reabre este s\u00e1bado para el tr\u00e1nsito de peatones y bicicletas\",\"datePublished\":\"2022-12-02T12:14:29+00:00\",\"dateModified\":\"2023-04-11T09:47:30+00:00\",\"mainEntityOfPage\":{\"@id\":\"https:\\\/\\\/www.laguiadepamplona.com\\\/actualidad\\\/la-calle-bosquecillo-que-conecta-casco-antiguo-con-los-barrios-de-san-juan-e-iturrama-se-reabre-este-sabado-para-el-transito-de-peatones-y-bicicletas\\\/\"},\"wordCount\":624,\"commentCount\":0,\"publisher\":{\"@id\":\"https:\\\/\\\/www.laguiadepamplona.com\\\/actualidad\\\/#organization\"},\"image\":{\"@id\":\"https:\\\/\\\/www.laguiadepamplona.com\\\/actualidad\\\/la-calle-bosquecillo-que-conecta-casco-antiguo-con-los-barrios-de-san-juan-e-iturrama-se-reabre-este-sabado-para-el-transito-de-peatones-y-bicicletas\\\/#primaryimage\"},\"thumbnailUrl\":\"https:\\\/\\\/www.laguiadepamplona.com\\\/actualidad\\\/wp-content\\\/uploads\\\/2022\\\/12\\\/visita-finobra-taconera-ee5a9307.webp\",\"articleSection\":[\"Ayto Pamplona\"],\"inLanguage\":\"es\",\"potentialAction\":[{\"@type\":\"CommentAction\",\"name\":\"Comment\",\"target\":[\"https:\\\/\\\/www.laguiadepamplona.com\\\/actualidad\\\/la-calle-bosquecillo-que-conecta-casco-antiguo-con-los-barrios-de-san-juan-e-iturrama-se-reabre-este-sabado-para-el-transito-de-peatones-y-bicicletas\\\/#respond\"]}]},{\"@type\":\"WebPage\",\"@id\":\"https:\\\/\\\/www.laguiadepamplona.com\\\/actualidad\\\/la-calle-bosquecillo-que-conecta-casco-antiguo-con-los-barrios-de-san-juan-e-iturrama-se-reabre-este-sabado-para-el-transito-de-peatones-y-bicicletas\\\/\",\"url\":\"https:\\\/\\\/www.laguiadepamplona.com\\\/actualidad\\\/la-calle-bosquecillo-que-conecta-casco-antiguo-con-los-barrios-de-san-juan-e-iturrama-se-reabre-este-sabado-para-el-transito-de-peatones-y-bicicletas\\\/\",\"name\":\"La calle Bosquecillo, que conecta Casco Antiguo con los barrios de San Juan e Iturrama, se reabre este s\u00e1bado para el tr\u00e1nsito de peatones y bicicletas\",\"isPartOf\":{\"@id\":\"https:\\\/\\\/www.laguiadepamplona.com\\\/actualidad\\\/#website\"},\"primaryImageOfPage\":{\"@id\":\"https:\\\/\\\/www.laguiadepamplona.com\\\/actualidad\\\/la-calle-bosquecillo-que-conecta-casco-antiguo-con-los-barrios-de-san-juan-e-iturrama-se-reabre-este-sabado-para-el-transito-de-peatones-y-bicicletas\\\/#primaryimage\"},\"image\":{\"@id\":\"https:\\\/\\\/www.laguiadepamplona.com\\\/actualidad\\\/la-calle-bosquecillo-que-conecta-casco-antiguo-con-los-barrios-de-san-juan-e-iturrama-se-reabre-este-sabado-para-el-transito-de-peatones-y-bicicletas\\\/#primaryimage\"},\"thumbnailUrl\":\"https:\\\/\\\/www.laguiadepamplona.com\\\/actualidad\\\/wp-content\\\/uploads\\\/2022\\\/12\\\/visita-finobra-taconera-ee5a9307.webp\",\"datePublished\":\"2022-12-02T12:14:29+00:00\",\"dateModified\":\"2023-04-11T09:47:30+00:00\",\"description\":\"La reurbanizaci\u00f3n de la calle, de 170 metros, comenz\u00f3 en abril y ha permitido crear una superficie de plataforma \u00fanica sin aceras\",\"breadcrumb\":{\"@id\":\"https:\\\/\\\/www.laguiadepamplona.com\\\/actualidad\\\/la-calle-bosquecillo-que-conecta-casco-antiguo-con-los-barrios-de-san-juan-e-iturrama-se-reabre-este-sabado-para-el-transito-de-peatones-y-bicicletas\\\/#breadcrumb\"},\"inLanguage\":\"es\",\"potentialAction\":[{\"@type\":\"ReadAction\",\"target\":[\"https:\\\/\\\/www.laguiadepamplona.com\\\/actualidad\\\/la-calle-bosquecillo-que-conecta-casco-antiguo-con-los-barrios-de-san-juan-e-iturrama-se-reabre-este-sabado-para-el-transito-de-peatones-y-bicicletas\\\/\"]}]},{\"@type\":\"ImageObject\",\"inLanguage\":\"es\",\"@id\":\"https:\\\/\\\/www.laguiadepamplona.com\\\/actualidad\\\/la-calle-bosquecillo-que-conecta-casco-antiguo-con-los-barrios-de-san-juan-e-iturrama-se-reabre-este-sabado-para-el-transito-de-peatones-y-bicicletas\\\/#primaryimage\",\"url\":\"https:\\\/\\\/www.laguiadepamplona.com\\\/actualidad\\\/wp-content\\\/uploads\\\/2022\\\/12\\\/visita-finobra-taconera-ee5a9307.webp\",\"contentUrl\":\"https:\\\/\\\/www.laguiadepamplona.com\\\/actualidad\\\/wp-content\\\/uploads\\\/2022\\\/12\\\/visita-finobra-taconera-ee5a9307.webp\",\"width\":1920,\"height\":1280},{\"@type\":\"BreadcrumbList\",\"@id\":\"https:\\\/\\\/www.laguiadepamplona.com\\\/actualidad\\\/la-calle-bosquecillo-que-conecta-casco-antiguo-con-los-barrios-de-san-juan-e-iturrama-se-reabre-este-sabado-para-el-transito-de-peatones-y-bicicletas\\\/#breadcrumb\",\"itemListElement\":[{\"@type\":\"ListItem\",\"position\":1,\"name\":\"Portada\",\"item\":\"https:\\\/\\\/www.laguiadepamplona.com\\\/actualidad\\\/\"},{\"@type\":\"ListItem\",\"position\":2,\"name\":\"La calle Bosquecillo, que conecta Casco Antiguo con los barrios de San Juan e Iturrama, se reabre este s\u00e1bado para el tr\u00e1nsito de peatones y bicicletas\"}]},{\"@type\":\"WebSite\",\"@id\":\"https:\\\/\\\/www.laguiadepamplona.com\\\/actualidad\\\/#website\",\"url\":\"https:\\\/\\\/www.laguiadepamplona.com\\\/actualidad\\\/\",\"name\":\"La gu\u00eda de Pamplona\",\"description\":\"Noticias de Pamplona\",\"publisher\":{\"@id\":\"https:\\\/\\\/www.laguiadepamplona.com\\\/actualidad\\\/#organization\"},\"potentialAction\":[{\"@type\":\"SearchAction\",\"target\":{\"@type\":\"EntryPoint\",\"urlTemplate\":\"https:\\\/\\\/www.laguiadepamplona.com\\\/actualidad\\\/?s={search_term_string}\"},\"query-input\":{\"@type\":\"PropertyValueSpecification\",\"valueRequired\":true,\"valueName\":\"search_term_string\"}}],\"inLanguage\":\"es\"},{\"@type\":\"Organization\",\"@id\":\"https:\\\/\\\/www.laguiadepamplona.com\\\/actualidad\\\/#organization\",\"name\":\"La Gu\u00eda de Pamplona \\\/ Noticias\",\"url\":\"https:\\\/\\\/www.laguiadepamplona.com\\\/actualidad\\\/\",\"logo\":{\"@type\":\"ImageObject\",\"inLanguage\":\"es\",\"@id\":\"https:\\\/\\\/www.laguiadepamplona.com\\\/actualidad\\\/#\\\/schema\\\/logo\\\/image\\\/\",\"url\":\"https:\\\/\\\/www.laguiadepamplona.com\\\/actualidad\\\/wp-content\\\/uploads\\\/2018\\\/11\\\/logo-laguiadepamplona18-web1.png\",\"contentUrl\":\"https:\\\/\\\/www.laguiadepamplona.com\\\/actualidad\\\/wp-content\\\/uploads\\\/2018\\\/11\\\/logo-laguiadepamplona18-web1.png\",\"width\":600,\"height\":196,\"caption\":\"La Gu\u00eda de Pamplona \\\/ Noticias\"},\"image\":{\"@id\":\"https:\\\/\\\/www.laguiadepamplona.com\\\/actualidad\\\/#\\\/schema\\\/logo\\\/image\\\/\"},\"sameAs\":[\"https:\\\/\\\/www.facebook.com\\\/laguiadepamplonacom-133175176762273\\\/?ref=hl\",\"https:\\\/\\\/x.com\\\/LaGuiadPamplona\",\"https:\\\/\\\/www.instagram.com\\\/la_guia_de_pamplona\\\/\",\"https:\\\/\\\/www.youtube.com\\\/user\\\/laguiadepamplona\"]},{\"@type\":\"Person\",\"@id\":\"https:\\\/\\\/www.laguiadepamplona.com\\\/actualidad\\\/#\\\/schema\\\/person\\\/efe887376f0213d4657c93adc50b1fdb\",\"name\":\"La Gu\u00eda de Pamplona\",\"image\":{\"@type\":\"ImageObject\",\"inLanguage\":\"es\",\"@id\":\"https:\\\/\\\/secure.gravatar.com\\\/avatar\\\/b6992f131dc8d30ab0dff15446e9d346d9dbd95992de0fef795073f5ea83a81c?s=96&d=mm&r=g\",\"url\":\"https:\\\/\\\/secure.gravatar.com\\\/avatar\\\/b6992f131dc8d30ab0dff15446e9d346d9dbd95992de0fef795073f5ea83a81c?s=96&d=mm&r=g\",\"contentUrl\":\"https:\\\/\\\/secure.gravatar.com\\\/avatar\\\/b6992f131dc8d30ab0dff15446e9d346d9dbd95992de0fef795073f5ea83a81c?s=96&d=mm&r=g\",\"caption\":\"La Gu\u00eda de Pamplona\"}}]}<\/script>\n<!-- \/ Yoast SEO plugin. -->","yoast_head_json":{"title":"La calle Bosquecillo, que conecta Casco Antiguo con los barrios de San Juan e Iturrama, se reabre este s\u00e1bado para el tr\u00e1nsito de peatones y bicicletas","description":"La reurbanizaci\u00f3n de la calle, de 170 metros, comenz\u00f3 en abril y ha permitido crear una superficie de plataforma \u00fanica sin aceras","robots":{"index":"index","follow":"follow","max-snippet":"max-snippet:-1","max-image-preview":"max-image-preview:large","max-video-preview":"max-video-preview:-1"},"canonical":"https:\/\/www.laguiadepamplona.com\/actualidad\/la-calle-bosquecillo-que-conecta-casco-antiguo-con-los-barrios-de-san-juan-e-iturrama-se-reabre-este-sabado-para-el-transito-de-peatones-y-bicicletas\/","og_locale":"es_ES","og_type":"article","og_title":"La calle Bosquecillo, que conecta Casco Antiguo con los barrios de San Juan e Iturrama, se reabre este s\u00e1bado para el tr\u00e1nsito de peatones y bicicletas","og_description":"La reurbanizaci\u00f3n de la calle, de 170 metros, comenz\u00f3 en abril y ha permitido crear una superficie de plataforma \u00fanica sin aceras","og_url":"https:\/\/www.laguiadepamplona.com\/actualidad\/la-calle-bosquecillo-que-conecta-casco-antiguo-con-los-barrios-de-san-juan-e-iturrama-se-reabre-este-sabado-para-el-transito-de-peatones-y-bicicletas\/","og_site_name":"La Gu\u00eda de Pamplona","article_publisher":"https:\/\/www.facebook.com\/laguiadepamplonacom-133175176762273\/?ref=hl","article_published_time":"2022-12-02T12:14:29+00:00","article_modified_time":"2023-04-11T09:47:30+00:00","og_image":[{"width":1920,"height":1280,"url":"https:\/\/www.laguiadepamplona.com\/actualidad\/wp-content\/uploads\/2022\/12\/visita-finobra-taconera-ee5a9307.webp","type":"image\/webp"}],"author":"La Gu\u00eda de Pamplona","twitter_card":"summary_large_image","twitter_creator":"@LaGuiadPamplona","twitter_site":"@LaGuiadPamplona","twitter_misc":{"Escrito por":"La Gu\u00eda de Pamplona","Tiempo de lectura":"3 minutos"},"schema":{"@context":"https:\/\/schema.org","@graph":[{"@type":"Article","@id":"https:\/\/www.laguiadepamplona.com\/actualidad\/la-calle-bosquecillo-que-conecta-casco-antiguo-con-los-barrios-de-san-juan-e-iturrama-se-reabre-este-sabado-para-el-transito-de-peatones-y-bicicletas\/#article","isPartOf":{"@id":"https:\/\/www.laguiadepamplona.com\/actualidad\/la-calle-bosquecillo-que-conecta-casco-antiguo-con-los-barrios-de-san-juan-e-iturrama-se-reabre-este-sabado-para-el-transito-de-peatones-y-bicicletas\/"},"author":{"name":"La Gu\u00eda de Pamplona","@id":"https:\/\/www.laguiadepamplona.com\/actualidad\/#\/schema\/person\/efe887376f0213d4657c93adc50b1fdb"},"headline":"La calle Bosquecillo, que conecta Casco Antiguo con los barrios de San Juan e Iturrama, se reabre este s\u00e1bado para el tr\u00e1nsito de peatones y bicicletas","datePublished":"2022-12-02T12:14:29+00:00","dateModified":"2023-04-11T09:47:30+00:00","mainEntityOfPage":{"@id":"https:\/\/www.laguiadepamplona.com\/actualidad\/la-calle-bosquecillo-que-conecta-casco-antiguo-con-los-barrios-de-san-juan-e-iturrama-se-reabre-este-sabado-para-el-transito-de-peatones-y-bicicletas\/"},"wordCount":624,"commentCount":0,"publisher":{"@id":"https:\/\/www.laguiadepamplona.com\/actualidad\/#organization"},"image":{"@id":"https:\/\/www.laguiadepamplona.com\/actualidad\/la-calle-bosquecillo-que-conecta-casco-antiguo-con-los-barrios-de-san-juan-e-iturrama-se-reabre-este-sabado-para-el-transito-de-peatones-y-bicicletas\/#primaryimage"},"thumbnailUrl":"https:\/\/www.laguiadepamplona.com\/actualidad\/wp-content\/uploads\/2022\/12\/visita-finobra-taconera-ee5a9307.webp","articleSection":["Ayto Pamplona"],"inLanguage":"es","potentialAction":[{"@type":"CommentAction","name":"Comment","target":["https:\/\/www.laguiadepamplona.com\/actualidad\/la-calle-bosquecillo-que-conecta-casco-antiguo-con-los-barrios-de-san-juan-e-iturrama-se-reabre-este-sabado-para-el-transito-de-peatones-y-bicicletas\/#respond"]}]},{"@type":"WebPage","@id":"https:\/\/www.laguiadepamplona.com\/actualidad\/la-calle-bosquecillo-que-conecta-casco-antiguo-con-los-barrios-de-san-juan-e-iturrama-se-reabre-este-sabado-para-el-transito-de-peatones-y-bicicletas\/","url":"https:\/\/www.laguiadepamplona.com\/actualidad\/la-calle-bosquecillo-que-conecta-casco-antiguo-con-los-barrios-de-san-juan-e-iturrama-se-reabre-este-sabado-para-el-transito-de-peatones-y-bicicletas\/","name":"La calle Bosquecillo, que conecta Casco Antiguo con los barrios de San Juan e Iturrama, se reabre este s\u00e1bado para el tr\u00e1nsito de peatones y bicicletas","isPartOf":{"@id":"https:\/\/www.laguiadepamplona.com\/actualidad\/#website"},"primaryImageOfPage":{"@id":"https:\/\/www.laguiadepamplona.com\/actualidad\/la-calle-bosquecillo-que-conecta-casco-antiguo-con-los-barrios-de-san-juan-e-iturrama-se-reabre-este-sabado-para-el-transito-de-peatones-y-bicicletas\/#primaryimage"},"image":{"@id":"https:\/\/www.laguiadepamplona.com\/actualidad\/la-calle-bosquecillo-que-conecta-casco-antiguo-con-los-barrios-de-san-juan-e-iturrama-se-reabre-este-sabado-para-el-transito-de-peatones-y-bicicletas\/#primaryimage"},"thumbnailUrl":"https:\/\/www.laguiadepamplona.com\/actualidad\/wp-content\/uploads\/2022\/12\/visita-finobra-taconera-ee5a9307.webp","datePublished":"2022-12-02T12:14:29+00:00","dateModified":"2023-04-11T09:47:30+00:00","description":"La reurbanizaci\u00f3n de la calle, de 170 metros, comenz\u00f3 en abril y ha permitido crear una superficie de plataforma \u00fanica sin aceras","breadcrumb":{"@id":"https:\/\/www.laguiadepamplona.com\/actualidad\/la-calle-bosquecillo-que-conecta-casco-antiguo-con-los-barrios-de-san-juan-e-iturrama-se-reabre-este-sabado-para-el-transito-de-peatones-y-bicicletas\/#breadcrumb"},"inLanguage":"es","potentialAction":[{"@type":"ReadAction","target":["https:\/\/www.laguiadepamplona.com\/actualidad\/la-calle-bosquecillo-que-conecta-casco-antiguo-con-los-barrios-de-san-juan-e-iturrama-se-reabre-este-sabado-para-el-transito-de-peatones-y-bicicletas\/"]}]},{"@type":"ImageObject","inLanguage":"es","@id":"https:\/\/www.laguiadepamplona.com\/actualidad\/la-calle-bosquecillo-que-conecta-casco-antiguo-con-los-barrios-de-san-juan-e-iturrama-se-reabre-este-sabado-para-el-transito-de-peatones-y-bicicletas\/#primaryimage","url":"https:\/\/www.laguiadepamplona.com\/actualidad\/wp-content\/uploads\/2022\/12\/visita-finobra-taconera-ee5a9307.webp","contentUrl":"https:\/\/www.laguiadepamplona.com\/actualidad\/wp-content\/uploads\/2022\/12\/visita-finobra-taconera-ee5a9307.webp","width":1920,"height":1280},{"@type":"BreadcrumbList","@id":"https:\/\/www.laguiadepamplona.com\/actualidad\/la-calle-bosquecillo-que-conecta-casco-antiguo-con-los-barrios-de-san-juan-e-iturrama-se-reabre-este-sabado-para-el-transito-de-peatones-y-bicicletas\/#breadcrumb","itemListElement":[{"@type":"ListItem","position":1,"name":"Portada","item":"https:\/\/www.laguiadepamplona.com\/actualidad\/"},{"@type":"ListItem","position":2,"name":"La calle Bosquecillo, que conecta Casco Antiguo con los barrios de San Juan e Iturrama, se reabre este s\u00e1bado para el tr\u00e1nsito de peatones y bicicletas"}]},{"@type":"WebSite","@id":"https:\/\/www.laguiadepamplona.com\/actualidad\/#website","url":"https:\/\/www.laguiadepamplona.com\/actualidad\/","name":"La gu\u00eda de Pamplona","description":"Noticias de Pamplona","publisher":{"@id":"https:\/\/www.laguiadepamplona.com\/actualidad\/#organization"},"potentialAction":[{"@type":"SearchAction","target":{"@type":"EntryPoint","urlTemplate":"https:\/\/www.laguiadepamplona.com\/actualidad\/?s={search_term_string}"},"query-input":{"@type":"PropertyValueSpecification","valueRequired":true,"valueName":"search_term_string"}}],"inLanguage":"es"},{"@type":"Organization","@id":"https:\/\/www.laguiadepamplona.com\/actualidad\/#organization","name":"La Gu\u00eda de Pamplona \/ Noticias","url":"https:\/\/www.laguiadepamplona.com\/actualidad\/","logo":{"@type":"ImageObject","inLanguage":"es","@id":"https:\/\/www.laguiadepamplona.com\/actualidad\/#\/schema\/logo\/image\/","url":"https:\/\/www.laguiadepamplona.com\/actualidad\/wp-content\/uploads\/2018\/11\/logo-laguiadepamplona18-web1.png","contentUrl":"https:\/\/www.laguiadepamplona.com\/actualidad\/wp-content\/uploads\/2018\/11\/logo-laguiadepamplona18-web1.png","width":600,"height":196,"caption":"La Gu\u00eda de Pamplona \/ Noticias"},"image":{"@id":"https:\/\/www.laguiadepamplona.com\/actualidad\/#\/schema\/logo\/image\/"},"sameAs":["https:\/\/www.facebook.com\/laguiadepamplonacom-133175176762273\/?ref=hl","https:\/\/x.com\/LaGuiadPamplona","https:\/\/www.instagram.com\/la_guia_de_pamplona\/","https:\/\/www.youtube.com\/user\/laguiadepamplona"]},{"@type":"Person","@id":"https:\/\/www.laguiadepamplona.com\/actualidad\/#\/schema\/person\/efe887376f0213d4657c93adc50b1fdb","name":"La Gu\u00eda de Pamplona","image":{"@type":"ImageObject","inLanguage":"es","@id":"https:\/\/secure.gravatar.com\/avatar\/b6992f131dc8d30ab0dff15446e9d346d9dbd95992de0fef795073f5ea83a81c?s=96&d=mm&r=g","url":"https:\/\/secure.gravatar.com\/avatar\/b6992f131dc8d30ab0dff15446e9d346d9dbd95992de0fef795073f5ea83a81c?s=96&d=mm&r=g","contentUrl":"https:\/\/secure.gravatar.com\/avatar\/b6992f131dc8d30ab0dff15446e9d346d9dbd95992de0fef795073f5ea83a81c?s=96&d=mm&r=g","caption":"La Gu\u00eda de Pamplona"}}]}},"post_mailing_queue_ids":[],"_links":{"self":[{"href":"https:\/\/www.laguiadepamplona.com\/actualidad\/wp-json\/wp\/v2\/posts\/42384","targetHints":{"allow":["GET"]}}],"collection":[{"href":"https:\/\/www.laguiadepamplona.com\/actualidad\/wp-json\/wp\/v2\/posts"}],"about":[{"href":"https:\/\/www.laguiadepamplona.com\/actualidad\/wp-json\/wp\/v2\/types\/post"}],"author":[{"embeddable":true,"href":"https:\/\/www.laguiadepamplona.com\/actualidad\/wp-json\/wp\/v2\/users\/1"}],"replies":[{"embeddable":true,"href":"https:\/\/www.laguiadepamplona.com\/actualidad\/wp-json\/wp\/v2\/comments?post=42384"}],"version-history":[{"count":0,"href":"https:\/\/www.laguiadepamplona.com\/actualidad\/wp-json\/wp\/v2\/posts\/42384\/revisions"}],"wp:featuredmedia":[{"embeddable":true,"href":"https:\/\/www.laguiadepamplona.com\/actualidad\/wp-json\/wp\/v2\/media\/42385"}],"wp:attachment":[{"href":"https:\/\/www.laguiadepamplona.com\/actualidad\/wp-json\/wp\/v2\/media?parent=42384"}],"wp:term":[{"taxonomy":"category","embeddable":true,"href":"https:\/\/www.laguiadepamplona.com\/actualidad\/wp-json\/wp\/v2\/categories?post=42384"},{"taxonomy":"post_tag","embeddable":true,"href":"https:\/\/www.laguiadepamplona.com\/actualidad\/wp-json\/wp\/v2\/tags?post=42384"}],"curies":[{"name":"wp","href":"https:\/\/api.w.org\/{rel}","templated":true}]}}