{"id":42375,"date":"2022-12-01T17:37:11","date_gmt":"2022-12-01T15:37:11","guid":{"rendered":"https:\/\/www.laguiadepamplona.com\/actualidad\/?p=42375"},"modified":"2023-04-11T11:47:30","modified_gmt":"2023-04-11T09:47:30","slug":"el-organismo-autonomo-de-escuelas-infantiles-convocara-75-plazas-vacantes-dentro-del-proceso-extraordinario-de-estabilizacion-de-plantilla","status":"publish","type":"post","link":"https:\/\/www.laguiadepamplona.com\/actualidad\/el-organismo-autonomo-de-escuelas-infantiles-convocara-75-plazas-vacantes-dentro-del-proceso-extraordinario-de-estabilizacion-de-plantilla\/","title":{"rendered":"El Organismo Aut\u00f3nomo de Escuelas Infantiles convocar\u00e1 75 plazas vacantes dentro del proceso extraordinario de estabilizaci\u00f3n de plantilla"},"content":{"rendered":"<h5>De ellas, 47 se convocar\u00e1n por concurso de m\u00e9ritos y 28 por concurso oposici\u00f3n<\/h5>\n<p><!--more--><\/p>\n<p>El Organismo Aut\u00f3nomo de Escuelas Infantiles Municipales de Pamplona ha aprobado convocar un total de 75 plazas vacantes, dentro del proceso extraordinario de estabilizaci\u00f3n establecido conforme a la Ley 20\/2021 de medidas urgentes para la reducci\u00f3n de la temporalidad en las Administraciones P\u00fablicas. De todas estas plazas, 47 se convocar\u00e1n por concurso de m\u00e9ritos y las 28 restantes, por concurso oposici\u00f3n. La ley obliga a las entidades p\u00fablicas a convocar antes del 31 de diciembre de este a\u00f1o las convocatorias oportunas para estabilizar plantillas, por lo que, una vez aprobadas, deber\u00e1n publicarse en el Bolet\u00edn Oficial de Navarra.<\/p>\n<p>Dentro del procedimiento de m\u00e9ritos, el Organismo Aut\u00f3nomo prev\u00e9 convocar un total de 26 plazas de educador o educadora. \u00c9stas ser\u00e1n las m\u00e1s numerosas, seguidas por otras 14 plazas de auxiliar de limpieza, cocina y mantenimiento. A ella se a\u00f1aden, 4 plazas de cocinero y 3 de direcci\u00f3n. Cada puesto de trabajo ser\u00e1 objeto de un proceso selectivo independiente dentro de una \u00fanica convocatoria.<br \/>\n<script async src=\"\/\/pagead2.googlesyndication.com\/pagead\/js\/adsbygoogle.js\"><\/script><br \/>\n<!-- Noticias La Guia de Pamplona --><br \/>\n<ins class=\"adsbygoogle\"\nstyle=\"display:block\"\ndata-ad-client=\"ca-pub-6943679897239327\"\ndata-ad-slot=\"7048180777\"\ndata-ad-format=\"auto\"><\/ins><br \/>\n<script>\n(adsbygoogle = window.adsbygoogle || []).push({});\n<\/script><\/p>\n<p>En la adjudicaci\u00f3n de las plazas se tendr\u00e1n en cuenta \u00fanicamente los m\u00e9ritos de las personas candidatas, que se puntuar\u00e1n con hasta 100 puntos. Los m\u00e9ritos profesiones podr\u00e1n alcanzar los 60 puntos y se reservar\u00e1n otros 40 para otros m\u00e9ritos. As\u00ed, se valorar\u00e1n como m\u00e9ritos profesionales los servicios prestados en el Ayuntamiento de Pamplona y sus organismos aut\u00f3nomos, con car\u00e1cter temporal, en el mismo puesto de trabajo objeto de la convocatoria (3 puntos por a\u00f1o completo de servicios); tambi\u00e9n los prestados en otros puestos de trabajo en el Ayuntamiento de Pamplona y sus Organismos Aut\u00f3nomos, en este caso a raz\u00f3n de 0,50 puntos por a\u00f1o completo de servicios. Finalmente, tambi\u00e9n se consideran los servicios prestados en otras Administraciones P\u00fablicas, siempre en el mismo puesto de trabajo, a raz\u00f3n de 1 punto por a\u00f1o completo de servicios.<\/p>\n<p>En otros m\u00e9ritos, se tendr\u00e1 en cuenta haber aprobado sin plaza el \u00faltimo proceso de ingreso en el mismo puesto de trabajo (20 puntos) y contar con otras titulaciones acad\u00e9micas (de 5 a 10 puntos). Se valorar\u00e1 el conocimiento de idiomas y la participaci\u00f3n en acciones formativas relacionadas con el puesto objeto de la convocatoria, de duraci\u00f3n igual o superior a 10 horas y cuya fecha sea posterior a 1 de enero de 2010, a raz\u00f3n de 2 puntos por acci\u00f3n formativa hasta un m\u00e1ximo de 5 formaciones (con un m\u00e1ximo de 10 puntos).<\/p>\n<p>En la modalidad de concurso-oposici\u00f3n se convocar\u00e1n 28 plazas, de las que 24 ser\u00e1n para personal educador. Asimismo, habr\u00e1 una plaza para auxiliar de limpieza, cocina y mantenimiento; otra para cocinero o cocinera; una para profesionales de Psicolog\u00eda y una de puestos de direcci\u00f3n. En estos casos, las personas candidatas deber\u00e1n enfrentarse a una prueba de oposici\u00f3n, que se valorar\u00e1 con 60 puntos y cuyo formato variar\u00e1 en funci\u00f3n del puesto. En todos los casos, los 40 puntos restantes se conceder\u00e1n en funci\u00f3n de los m\u00e9ritos de las personas candidatas (30 como m\u00e1ximo por m\u00e9ritos profesionales y los otros 10 por haber aprobado sin plaza el \u00faltimo proceso de ingreso en el mismo puesto de trabajo, poseer otras titulaciones acad\u00e9micas, la participaci\u00f3n en acciones formativas o el conocimiento de idiomas, seg\u00fan cada puesto. La fase de oposici\u00f3n de estas convocatorias dar\u00e1 comienzo a partir del segundo semestre de 2023.<br \/>\n<script async src=\"\/\/pagead2.googlesyndication.com\/pagead\/js\/adsbygoogle.js\"><\/script><br \/>\n<!-- Noticias La Guia de Pamplona --><br \/>\n<ins class=\"adsbygoogle\"\nstyle=\"display:block\"\ndata-ad-client=\"ca-pub-6943679897239327\"\ndata-ad-slot=\"7048180777\"\ndata-ad-format=\"auto\"><\/ins><br \/>\n<script>\n(adsbygoogle = window.adsbygoogle || []).push({});\n<\/script><\/p>\n<p><strong>La OPE de 2022 con 23 plazas<\/strong><\/p>\n<p>Al margen de este proceso extraordinario de estabilizaci\u00f3n, el Organismo Aut\u00f3nomo de Escuelas Infantiles Municipales de Pamplona ha aprobado tambi\u00e9n la oferta p\u00fablica de empleo de este 2022, con la inclusi\u00f3n de un total de 23 plazas. De \u00e9stas, 18 son plazas de estabilizaci\u00f3n y 5 de reposici\u00f3n, cubriendo el 100% de las vacantes generadas por jubilaci\u00f3n a lo largo de este a\u00f1o. De las 23 plazas ofertadas, 20 son de personal educador y tres para cargos de direcci\u00f3n. Una vez aprobada la oferta p\u00fablica de empleo, el organismo dispone de tres a\u00f1os para convocar los procesos selectivos.<\/p>\n<p>Dentro del proceso de estabilizaci\u00f3n, las Escuelas Infantiles prev\u00e9n convocar 18 plazas, de las que 16 son de educadoras y dos de puestos directivos. El Organismo Aut\u00f3nomo ya hab\u00eda aprobado la correspondiente OPE de estabilizaci\u00f3n en mayo, si bien el pasado mes de octubre se acord\u00f3 una modificaci\u00f3n para resolver algunos recursos presentados. Adem\u00e1s, ahora hay que incluir tambi\u00e9n las necesidades de plantilla de la nueva escuela infantil de Lezkairu. En las 18 plazas de estabilizaci\u00f3n incluidas ahora en la OPE de 2022 no se incluyen, sin embargo, los perfiles administrativos ni los empleos de servicios auxiliares y de personal de cocina.<br \/>\n<script async src=\"\/\/pagead2.googlesyndication.com\/pagead\/js\/adsbygoogle.js\"><\/script><br \/>\n<!-- Noticias La Guia de Pamplona --><br \/>\n<ins class=\"adsbygoogle\"\nstyle=\"display:block\"\ndata-ad-client=\"ca-pub-6943679897239327\"\ndata-ad-slot=\"7048180777\"\ndata-ad-format=\"auto\"><\/ins><br \/>\n<script>\n(adsbygoogle = window.adsbygoogle || []).push({});\n<\/script><\/p>\n<p>En lo que se refiere a tasa de reposici\u00f3n, la oferta p\u00fablica de empleo incluye todas las vacantes generadas por jubilaci\u00f3n a lo largo de este a\u00f1o, de forma que se cumple con el 100% de la tasa de reposici\u00f3n de los puestos considerados prioritarios. Entre ellos se encuentran cuatro plazas de educador o educadora y un puesto directivo.<\/p>\n","protected":false},"excerpt":{"rendered":"<p>De ellas, 47 se convocar\u00e1n por concurso de m\u00e9ritos y 28 por concurso oposici\u00f3n<\/p>\n","protected":false},"author":1,"featured_media":40295,"comment_status":"open","ping_status":"closed","sticky":false,"template":"","format":"standard","meta":{"footnotes":""},"categories":[2],"tags":[],"class_list":["post-42375","post","type-post","status-publish","format-standard","has-post-thumbnail","hentry","category-ayuntamiento-pamplona"],"yoast_head":"<!-- This site is optimized with the Yoast SEO plugin v27.3 - https:\/\/yoast.com\/product\/yoast-seo-wordpress\/ -->\n<title>El Organismo Aut\u00f3nomo de Escuelas Infantiles convocar\u00e1 75 plazas vacantes dentro del proceso extraordinario de estabilizaci\u00f3n de plantilla<\/title>\n<meta name=\"description\" content=\"De ellas, 47 se convocar\u00e1n por concurso de m\u00e9ritos y 28 por concurso oposici\u00f3n\" \/>\n<meta name=\"robots\" content=\"index, follow, max-snippet:-1, max-image-preview:large, max-video-preview:-1\" \/>\n<link rel=\"canonical\" href=\"https:\/\/www.laguiadepamplona.com\/actualidad\/el-organismo-autonomo-de-escuelas-infantiles-convocara-75-plazas-vacantes-dentro-del-proceso-extraordinario-de-estabilizacion-de-plantilla\/\" \/>\n<meta property=\"og:locale\" content=\"es_ES\" \/>\n<meta property=\"og:type\" content=\"article\" \/>\n<meta property=\"og:title\" content=\"El Organismo Aut\u00f3nomo de Escuelas Infantiles convocar\u00e1 75 plazas vacantes dentro del proceso extraordinario de estabilizaci\u00f3n de plantilla\" \/>\n<meta property=\"og:description\" content=\"De ellas, 47 se convocar\u00e1n por concurso de m\u00e9ritos y 28 por concurso oposici\u00f3n\" \/>\n<meta property=\"og:url\" content=\"https:\/\/www.laguiadepamplona.com\/actualidad\/el-organismo-autonomo-de-escuelas-infantiles-convocara-75-plazas-vacantes-dentro-del-proceso-extraordinario-de-estabilizacion-de-plantilla\/\" \/>\n<meta property=\"og:site_name\" content=\"La Gu\u00eda de Pamplona\" \/>\n<meta property=\"article:publisher\" content=\"https:\/\/www.facebook.com\/laguiadepamplonacom-133175176762273\/?ref=hl\" \/>\n<meta property=\"article:published_time\" content=\"2022-12-01T15:37:11+00:00\" \/>\n<meta property=\"article:modified_time\" content=\"2023-04-11T09:47:30+00:00\" \/>\n<meta property=\"og:image\" content=\"https:\/\/www.laguiadepamplona.com\/actualidad\/wp-content\/uploads\/2022\/05\/obras-escuela-infantil-lezkairu-copia.webp\" \/>\n\t<meta property=\"og:image:width\" content=\"1920\" \/>\n\t<meta property=\"og:image:height\" content=\"1281\" \/>\n\t<meta property=\"og:image:type\" content=\"image\/webp\" \/>\n<meta name=\"author\" content=\"La Gu\u00eda de Pamplona\" \/>\n<meta name=\"twitter:card\" content=\"summary_large_image\" \/>\n<meta name=\"twitter:creator\" content=\"@LaGuiadPamplona\" \/>\n<meta name=\"twitter:site\" content=\"@LaGuiadPamplona\" \/>\n<meta name=\"twitter:label1\" content=\"Escrito por\" \/>\n\t<meta name=\"twitter:data1\" content=\"La Gu\u00eda de Pamplona\" \/>\n\t<meta name=\"twitter:label2\" content=\"Tiempo de lectura\" \/>\n\t<meta name=\"twitter:data2\" content=\"4 minutos\" \/>\n<script type=\"application\/ld+json\" class=\"yoast-schema-graph\">{\"@context\":\"https:\\\/\\\/schema.org\",\"@graph\":[{\"@type\":\"Article\",\"@id\":\"https:\\\/\\\/www.laguiadepamplona.com\\\/actualidad\\\/el-organismo-autonomo-de-escuelas-infantiles-convocara-75-plazas-vacantes-dentro-del-proceso-extraordinario-de-estabilizacion-de-plantilla\\\/#article\",\"isPartOf\":{\"@id\":\"https:\\\/\\\/www.laguiadepamplona.com\\\/actualidad\\\/el-organismo-autonomo-de-escuelas-infantiles-convocara-75-plazas-vacantes-dentro-del-proceso-extraordinario-de-estabilizacion-de-plantilla\\\/\"},\"author\":{\"name\":\"La Gu\u00eda de Pamplona\",\"@id\":\"https:\\\/\\\/www.laguiadepamplona.com\\\/actualidad\\\/#\\\/schema\\\/person\\\/efe887376f0213d4657c93adc50b1fdb\"},\"headline\":\"El Organismo Aut\u00f3nomo de Escuelas Infantiles convocar\u00e1 75 plazas vacantes dentro del proceso extraordinario de estabilizaci\u00f3n de plantilla\",\"datePublished\":\"2022-12-01T15:37:11+00:00\",\"dateModified\":\"2023-04-11T09:47:30+00:00\",\"mainEntityOfPage\":{\"@id\":\"https:\\\/\\\/www.laguiadepamplona.com\\\/actualidad\\\/el-organismo-autonomo-de-escuelas-infantiles-convocara-75-plazas-vacantes-dentro-del-proceso-extraordinario-de-estabilizacion-de-plantilla\\\/\"},\"wordCount\":885,\"commentCount\":0,\"publisher\":{\"@id\":\"https:\\\/\\\/www.laguiadepamplona.com\\\/actualidad\\\/#organization\"},\"image\":{\"@id\":\"https:\\\/\\\/www.laguiadepamplona.com\\\/actualidad\\\/el-organismo-autonomo-de-escuelas-infantiles-convocara-75-plazas-vacantes-dentro-del-proceso-extraordinario-de-estabilizacion-de-plantilla\\\/#primaryimage\"},\"thumbnailUrl\":\"https:\\\/\\\/www.laguiadepamplona.com\\\/actualidad\\\/wp-content\\\/uploads\\\/2022\\\/05\\\/obras-escuela-infantil-lezkairu-copia.webp\",\"articleSection\":[\"Ayto Pamplona\"],\"inLanguage\":\"es\",\"potentialAction\":[{\"@type\":\"CommentAction\",\"name\":\"Comment\",\"target\":[\"https:\\\/\\\/www.laguiadepamplona.com\\\/actualidad\\\/el-organismo-autonomo-de-escuelas-infantiles-convocara-75-plazas-vacantes-dentro-del-proceso-extraordinario-de-estabilizacion-de-plantilla\\\/#respond\"]}]},{\"@type\":\"WebPage\",\"@id\":\"https:\\\/\\\/www.laguiadepamplona.com\\\/actualidad\\\/el-organismo-autonomo-de-escuelas-infantiles-convocara-75-plazas-vacantes-dentro-del-proceso-extraordinario-de-estabilizacion-de-plantilla\\\/\",\"url\":\"https:\\\/\\\/www.laguiadepamplona.com\\\/actualidad\\\/el-organismo-autonomo-de-escuelas-infantiles-convocara-75-plazas-vacantes-dentro-del-proceso-extraordinario-de-estabilizacion-de-plantilla\\\/\",\"name\":\"El Organismo Aut\u00f3nomo de Escuelas Infantiles convocar\u00e1 75 plazas vacantes dentro del proceso extraordinario de estabilizaci\u00f3n de plantilla\",\"isPartOf\":{\"@id\":\"https:\\\/\\\/www.laguiadepamplona.com\\\/actualidad\\\/#website\"},\"primaryImageOfPage\":{\"@id\":\"https:\\\/\\\/www.laguiadepamplona.com\\\/actualidad\\\/el-organismo-autonomo-de-escuelas-infantiles-convocara-75-plazas-vacantes-dentro-del-proceso-extraordinario-de-estabilizacion-de-plantilla\\\/#primaryimage\"},\"image\":{\"@id\":\"https:\\\/\\\/www.laguiadepamplona.com\\\/actualidad\\\/el-organismo-autonomo-de-escuelas-infantiles-convocara-75-plazas-vacantes-dentro-del-proceso-extraordinario-de-estabilizacion-de-plantilla\\\/#primaryimage\"},\"thumbnailUrl\":\"https:\\\/\\\/www.laguiadepamplona.com\\\/actualidad\\\/wp-content\\\/uploads\\\/2022\\\/05\\\/obras-escuela-infantil-lezkairu-copia.webp\",\"datePublished\":\"2022-12-01T15:37:11+00:00\",\"dateModified\":\"2023-04-11T09:47:30+00:00\",\"description\":\"De ellas, 47 se convocar\u00e1n por concurso de m\u00e9ritos y 28 por concurso oposici\u00f3n\",\"breadcrumb\":{\"@id\":\"https:\\\/\\\/www.laguiadepamplona.com\\\/actualidad\\\/el-organismo-autonomo-de-escuelas-infantiles-convocara-75-plazas-vacantes-dentro-del-proceso-extraordinario-de-estabilizacion-de-plantilla\\\/#breadcrumb\"},\"inLanguage\":\"es\",\"potentialAction\":[{\"@type\":\"ReadAction\",\"target\":[\"https:\\\/\\\/www.laguiadepamplona.com\\\/actualidad\\\/el-organismo-autonomo-de-escuelas-infantiles-convocara-75-plazas-vacantes-dentro-del-proceso-extraordinario-de-estabilizacion-de-plantilla\\\/\"]}]},{\"@type\":\"ImageObject\",\"inLanguage\":\"es\",\"@id\":\"https:\\\/\\\/www.laguiadepamplona.com\\\/actualidad\\\/el-organismo-autonomo-de-escuelas-infantiles-convocara-75-plazas-vacantes-dentro-del-proceso-extraordinario-de-estabilizacion-de-plantilla\\\/#primaryimage\",\"url\":\"https:\\\/\\\/www.laguiadepamplona.com\\\/actualidad\\\/wp-content\\\/uploads\\\/2022\\\/05\\\/obras-escuela-infantil-lezkairu-copia.webp\",\"contentUrl\":\"https:\\\/\\\/www.laguiadepamplona.com\\\/actualidad\\\/wp-content\\\/uploads\\\/2022\\\/05\\\/obras-escuela-infantil-lezkairu-copia.webp\",\"width\":1920,\"height\":1281},{\"@type\":\"BreadcrumbList\",\"@id\":\"https:\\\/\\\/www.laguiadepamplona.com\\\/actualidad\\\/el-organismo-autonomo-de-escuelas-infantiles-convocara-75-plazas-vacantes-dentro-del-proceso-extraordinario-de-estabilizacion-de-plantilla\\\/#breadcrumb\",\"itemListElement\":[{\"@type\":\"ListItem\",\"position\":1,\"name\":\"Portada\",\"item\":\"https:\\\/\\\/www.laguiadepamplona.com\\\/actualidad\\\/\"},{\"@type\":\"ListItem\",\"position\":2,\"name\":\"El Organismo Aut\u00f3nomo de Escuelas Infantiles convocar\u00e1 75 plazas vacantes dentro del proceso extraordinario de estabilizaci\u00f3n de plantilla\"}]},{\"@type\":\"WebSite\",\"@id\":\"https:\\\/\\\/www.laguiadepamplona.com\\\/actualidad\\\/#website\",\"url\":\"https:\\\/\\\/www.laguiadepamplona.com\\\/actualidad\\\/\",\"name\":\"La gu\u00eda de Pamplona\",\"description\":\"Noticias de Pamplona\",\"publisher\":{\"@id\":\"https:\\\/\\\/www.laguiadepamplona.com\\\/actualidad\\\/#organization\"},\"potentialAction\":[{\"@type\":\"SearchAction\",\"target\":{\"@type\":\"EntryPoint\",\"urlTemplate\":\"https:\\\/\\\/www.laguiadepamplona.com\\\/actualidad\\\/?s={search_term_string}\"},\"query-input\":{\"@type\":\"PropertyValueSpecification\",\"valueRequired\":true,\"valueName\":\"search_term_string\"}}],\"inLanguage\":\"es\"},{\"@type\":\"Organization\",\"@id\":\"https:\\\/\\\/www.laguiadepamplona.com\\\/actualidad\\\/#organization\",\"name\":\"La Gu\u00eda de Pamplona \\\/ Noticias\",\"url\":\"https:\\\/\\\/www.laguiadepamplona.com\\\/actualidad\\\/\",\"logo\":{\"@type\":\"ImageObject\",\"inLanguage\":\"es\",\"@id\":\"https:\\\/\\\/www.laguiadepamplona.com\\\/actualidad\\\/#\\\/schema\\\/logo\\\/image\\\/\",\"url\":\"https:\\\/\\\/www.laguiadepamplona.com\\\/actualidad\\\/wp-content\\\/uploads\\\/2018\\\/11\\\/logo-laguiadepamplona18-web1.png\",\"contentUrl\":\"https:\\\/\\\/www.laguiadepamplona.com\\\/actualidad\\\/wp-content\\\/uploads\\\/2018\\\/11\\\/logo-laguiadepamplona18-web1.png\",\"width\":600,\"height\":196,\"caption\":\"La Gu\u00eda de Pamplona \\\/ Noticias\"},\"image\":{\"@id\":\"https:\\\/\\\/www.laguiadepamplona.com\\\/actualidad\\\/#\\\/schema\\\/logo\\\/image\\\/\"},\"sameAs\":[\"https:\\\/\\\/www.facebook.com\\\/laguiadepamplonacom-133175176762273\\\/?ref=hl\",\"https:\\\/\\\/x.com\\\/LaGuiadPamplona\",\"https:\\\/\\\/www.instagram.com\\\/la_guia_de_pamplona\\\/\",\"https:\\\/\\\/www.youtube.com\\\/user\\\/laguiadepamplona\"]},{\"@type\":\"Person\",\"@id\":\"https:\\\/\\\/www.laguiadepamplona.com\\\/actualidad\\\/#\\\/schema\\\/person\\\/efe887376f0213d4657c93adc50b1fdb\",\"name\":\"La Gu\u00eda de Pamplona\",\"image\":{\"@type\":\"ImageObject\",\"inLanguage\":\"es\",\"@id\":\"https:\\\/\\\/secure.gravatar.com\\\/avatar\\\/b6992f131dc8d30ab0dff15446e9d346d9dbd95992de0fef795073f5ea83a81c?s=96&d=mm&r=g\",\"url\":\"https:\\\/\\\/secure.gravatar.com\\\/avatar\\\/b6992f131dc8d30ab0dff15446e9d346d9dbd95992de0fef795073f5ea83a81c?s=96&d=mm&r=g\",\"contentUrl\":\"https:\\\/\\\/secure.gravatar.com\\\/avatar\\\/b6992f131dc8d30ab0dff15446e9d346d9dbd95992de0fef795073f5ea83a81c?s=96&d=mm&r=g\",\"caption\":\"La Gu\u00eda de Pamplona\"}}]}<\/script>\n<!-- \/ Yoast SEO plugin. -->","yoast_head_json":{"title":"El Organismo Aut\u00f3nomo de Escuelas Infantiles convocar\u00e1 75 plazas vacantes dentro del proceso extraordinario de estabilizaci\u00f3n de plantilla","description":"De ellas, 47 se convocar\u00e1n por concurso de m\u00e9ritos y 28 por concurso oposici\u00f3n","robots":{"index":"index","follow":"follow","max-snippet":"max-snippet:-1","max-image-preview":"max-image-preview:large","max-video-preview":"max-video-preview:-1"},"canonical":"https:\/\/www.laguiadepamplona.com\/actualidad\/el-organismo-autonomo-de-escuelas-infantiles-convocara-75-plazas-vacantes-dentro-del-proceso-extraordinario-de-estabilizacion-de-plantilla\/","og_locale":"es_ES","og_type":"article","og_title":"El Organismo Aut\u00f3nomo de Escuelas Infantiles convocar\u00e1 75 plazas vacantes dentro del proceso extraordinario de estabilizaci\u00f3n de plantilla","og_description":"De ellas, 47 se convocar\u00e1n por concurso de m\u00e9ritos y 28 por concurso oposici\u00f3n","og_url":"https:\/\/www.laguiadepamplona.com\/actualidad\/el-organismo-autonomo-de-escuelas-infantiles-convocara-75-plazas-vacantes-dentro-del-proceso-extraordinario-de-estabilizacion-de-plantilla\/","og_site_name":"La Gu\u00eda de Pamplona","article_publisher":"https:\/\/www.facebook.com\/laguiadepamplonacom-133175176762273\/?ref=hl","article_published_time":"2022-12-01T15:37:11+00:00","article_modified_time":"2023-04-11T09:47:30+00:00","og_image":[{"width":1920,"height":1281,"url":"https:\/\/www.laguiadepamplona.com\/actualidad\/wp-content\/uploads\/2022\/05\/obras-escuela-infantil-lezkairu-copia.webp","type":"image\/webp"}],"author":"La Gu\u00eda de Pamplona","twitter_card":"summary_large_image","twitter_creator":"@LaGuiadPamplona","twitter_site":"@LaGuiadPamplona","twitter_misc":{"Escrito por":"La Gu\u00eda de Pamplona","Tiempo de lectura":"4 minutos"},"schema":{"@context":"https:\/\/schema.org","@graph":[{"@type":"Article","@id":"https:\/\/www.laguiadepamplona.com\/actualidad\/el-organismo-autonomo-de-escuelas-infantiles-convocara-75-plazas-vacantes-dentro-del-proceso-extraordinario-de-estabilizacion-de-plantilla\/#article","isPartOf":{"@id":"https:\/\/www.laguiadepamplona.com\/actualidad\/el-organismo-autonomo-de-escuelas-infantiles-convocara-75-plazas-vacantes-dentro-del-proceso-extraordinario-de-estabilizacion-de-plantilla\/"},"author":{"name":"La Gu\u00eda de Pamplona","@id":"https:\/\/www.laguiadepamplona.com\/actualidad\/#\/schema\/person\/efe887376f0213d4657c93adc50b1fdb"},"headline":"El Organismo Aut\u00f3nomo de Escuelas Infantiles convocar\u00e1 75 plazas vacantes dentro del proceso extraordinario de estabilizaci\u00f3n de plantilla","datePublished":"2022-12-01T15:37:11+00:00","dateModified":"2023-04-11T09:47:30+00:00","mainEntityOfPage":{"@id":"https:\/\/www.laguiadepamplona.com\/actualidad\/el-organismo-autonomo-de-escuelas-infantiles-convocara-75-plazas-vacantes-dentro-del-proceso-extraordinario-de-estabilizacion-de-plantilla\/"},"wordCount":885,"commentCount":0,"publisher":{"@id":"https:\/\/www.laguiadepamplona.com\/actualidad\/#organization"},"image":{"@id":"https:\/\/www.laguiadepamplona.com\/actualidad\/el-organismo-autonomo-de-escuelas-infantiles-convocara-75-plazas-vacantes-dentro-del-proceso-extraordinario-de-estabilizacion-de-plantilla\/#primaryimage"},"thumbnailUrl":"https:\/\/www.laguiadepamplona.com\/actualidad\/wp-content\/uploads\/2022\/05\/obras-escuela-infantil-lezkairu-copia.webp","articleSection":["Ayto Pamplona"],"inLanguage":"es","potentialAction":[{"@type":"CommentAction","name":"Comment","target":["https:\/\/www.laguiadepamplona.com\/actualidad\/el-organismo-autonomo-de-escuelas-infantiles-convocara-75-plazas-vacantes-dentro-del-proceso-extraordinario-de-estabilizacion-de-plantilla\/#respond"]}]},{"@type":"WebPage","@id":"https:\/\/www.laguiadepamplona.com\/actualidad\/el-organismo-autonomo-de-escuelas-infantiles-convocara-75-plazas-vacantes-dentro-del-proceso-extraordinario-de-estabilizacion-de-plantilla\/","url":"https:\/\/www.laguiadepamplona.com\/actualidad\/el-organismo-autonomo-de-escuelas-infantiles-convocara-75-plazas-vacantes-dentro-del-proceso-extraordinario-de-estabilizacion-de-plantilla\/","name":"El Organismo Aut\u00f3nomo de Escuelas Infantiles convocar\u00e1 75 plazas vacantes dentro del proceso extraordinario de estabilizaci\u00f3n de plantilla","isPartOf":{"@id":"https:\/\/www.laguiadepamplona.com\/actualidad\/#website"},"primaryImageOfPage":{"@id":"https:\/\/www.laguiadepamplona.com\/actualidad\/el-organismo-autonomo-de-escuelas-infantiles-convocara-75-plazas-vacantes-dentro-del-proceso-extraordinario-de-estabilizacion-de-plantilla\/#primaryimage"},"image":{"@id":"https:\/\/www.laguiadepamplona.com\/actualidad\/el-organismo-autonomo-de-escuelas-infantiles-convocara-75-plazas-vacantes-dentro-del-proceso-extraordinario-de-estabilizacion-de-plantilla\/#primaryimage"},"thumbnailUrl":"https:\/\/www.laguiadepamplona.com\/actualidad\/wp-content\/uploads\/2022\/05\/obras-escuela-infantil-lezkairu-copia.webp","datePublished":"2022-12-01T15:37:11+00:00","dateModified":"2023-04-11T09:47:30+00:00","description":"De ellas, 47 se convocar\u00e1n por concurso de m\u00e9ritos y 28 por concurso oposici\u00f3n","breadcrumb":{"@id":"https:\/\/www.laguiadepamplona.com\/actualidad\/el-organismo-autonomo-de-escuelas-infantiles-convocara-75-plazas-vacantes-dentro-del-proceso-extraordinario-de-estabilizacion-de-plantilla\/#breadcrumb"},"inLanguage":"es","potentialAction":[{"@type":"ReadAction","target":["https:\/\/www.laguiadepamplona.com\/actualidad\/el-organismo-autonomo-de-escuelas-infantiles-convocara-75-plazas-vacantes-dentro-del-proceso-extraordinario-de-estabilizacion-de-plantilla\/"]}]},{"@type":"ImageObject","inLanguage":"es","@id":"https:\/\/www.laguiadepamplona.com\/actualidad\/el-organismo-autonomo-de-escuelas-infantiles-convocara-75-plazas-vacantes-dentro-del-proceso-extraordinario-de-estabilizacion-de-plantilla\/#primaryimage","url":"https:\/\/www.laguiadepamplona.com\/actualidad\/wp-content\/uploads\/2022\/05\/obras-escuela-infantil-lezkairu-copia.webp","contentUrl":"https:\/\/www.laguiadepamplona.com\/actualidad\/wp-content\/uploads\/2022\/05\/obras-escuela-infantil-lezkairu-copia.webp","width":1920,"height":1281},{"@type":"BreadcrumbList","@id":"https:\/\/www.laguiadepamplona.com\/actualidad\/el-organismo-autonomo-de-escuelas-infantiles-convocara-75-plazas-vacantes-dentro-del-proceso-extraordinario-de-estabilizacion-de-plantilla\/#breadcrumb","itemListElement":[{"@type":"ListItem","position":1,"name":"Portada","item":"https:\/\/www.laguiadepamplona.com\/actualidad\/"},{"@type":"ListItem","position":2,"name":"El Organismo Aut\u00f3nomo de Escuelas Infantiles convocar\u00e1 75 plazas vacantes dentro del proceso extraordinario de estabilizaci\u00f3n de plantilla"}]},{"@type":"WebSite","@id":"https:\/\/www.laguiadepamplona.com\/actualidad\/#website","url":"https:\/\/www.laguiadepamplona.com\/actualidad\/","name":"La gu\u00eda de Pamplona","description":"Noticias de Pamplona","publisher":{"@id":"https:\/\/www.laguiadepamplona.com\/actualidad\/#organization"},"potentialAction":[{"@type":"SearchAction","target":{"@type":"EntryPoint","urlTemplate":"https:\/\/www.laguiadepamplona.com\/actualidad\/?s={search_term_string}"},"query-input":{"@type":"PropertyValueSpecification","valueRequired":true,"valueName":"search_term_string"}}],"inLanguage":"es"},{"@type":"Organization","@id":"https:\/\/www.laguiadepamplona.com\/actualidad\/#organization","name":"La Gu\u00eda de Pamplona \/ Noticias","url":"https:\/\/www.laguiadepamplona.com\/actualidad\/","logo":{"@type":"ImageObject","inLanguage":"es","@id":"https:\/\/www.laguiadepamplona.com\/actualidad\/#\/schema\/logo\/image\/","url":"https:\/\/www.laguiadepamplona.com\/actualidad\/wp-content\/uploads\/2018\/11\/logo-laguiadepamplona18-web1.png","contentUrl":"https:\/\/www.laguiadepamplona.com\/actualidad\/wp-content\/uploads\/2018\/11\/logo-laguiadepamplona18-web1.png","width":600,"height":196,"caption":"La Gu\u00eda de Pamplona \/ Noticias"},"image":{"@id":"https:\/\/www.laguiadepamplona.com\/actualidad\/#\/schema\/logo\/image\/"},"sameAs":["https:\/\/www.facebook.com\/laguiadepamplonacom-133175176762273\/?ref=hl","https:\/\/x.com\/LaGuiadPamplona","https:\/\/www.instagram.com\/la_guia_de_pamplona\/","https:\/\/www.youtube.com\/user\/laguiadepamplona"]},{"@type":"Person","@id":"https:\/\/www.laguiadepamplona.com\/actualidad\/#\/schema\/person\/efe887376f0213d4657c93adc50b1fdb","name":"La Gu\u00eda de Pamplona","image":{"@type":"ImageObject","inLanguage":"es","@id":"https:\/\/secure.gravatar.com\/avatar\/b6992f131dc8d30ab0dff15446e9d346d9dbd95992de0fef795073f5ea83a81c?s=96&d=mm&r=g","url":"https:\/\/secure.gravatar.com\/avatar\/b6992f131dc8d30ab0dff15446e9d346d9dbd95992de0fef795073f5ea83a81c?s=96&d=mm&r=g","contentUrl":"https:\/\/secure.gravatar.com\/avatar\/b6992f131dc8d30ab0dff15446e9d346d9dbd95992de0fef795073f5ea83a81c?s=96&d=mm&r=g","caption":"La Gu\u00eda de Pamplona"}}]}},"post_mailing_queue_ids":[],"_links":{"self":[{"href":"https:\/\/www.laguiadepamplona.com\/actualidad\/wp-json\/wp\/v2\/posts\/42375","targetHints":{"allow":["GET"]}}],"collection":[{"href":"https:\/\/www.laguiadepamplona.com\/actualidad\/wp-json\/wp\/v2\/posts"}],"about":[{"href":"https:\/\/www.laguiadepamplona.com\/actualidad\/wp-json\/wp\/v2\/types\/post"}],"author":[{"embeddable":true,"href":"https:\/\/www.laguiadepamplona.com\/actualidad\/wp-json\/wp\/v2\/users\/1"}],"replies":[{"embeddable":true,"href":"https:\/\/www.laguiadepamplona.com\/actualidad\/wp-json\/wp\/v2\/comments?post=42375"}],"version-history":[{"count":0,"href":"https:\/\/www.laguiadepamplona.com\/actualidad\/wp-json\/wp\/v2\/posts\/42375\/revisions"}],"wp:featuredmedia":[{"embeddable":true,"href":"https:\/\/www.laguiadepamplona.com\/actualidad\/wp-json\/wp\/v2\/media\/40295"}],"wp:attachment":[{"href":"https:\/\/www.laguiadepamplona.com\/actualidad\/wp-json\/wp\/v2\/media?parent=42375"}],"wp:term":[{"taxonomy":"category","embeddable":true,"href":"https:\/\/www.laguiadepamplona.com\/actualidad\/wp-json\/wp\/v2\/categories?post=42375"},{"taxonomy":"post_tag","embeddable":true,"href":"https:\/\/www.laguiadepamplona.com\/actualidad\/wp-json\/wp\/v2\/tags?post=42375"}],"curies":[{"name":"wp","href":"https:\/\/api.w.org\/{rel}","templated":true}]}}