{"id":42366,"date":"2022-11-30T20:14:24","date_gmt":"2022-11-30T18:14:24","guid":{"rendered":"https:\/\/www.laguiadepamplona.com\/actualidad\/?p=42366"},"modified":"2023-04-11T11:47:30","modified_gmt":"2023-04-11T09:47:30","slug":"pamplona-apuesta-por-el-trabajo-conjunto-de-municipios-y-administraciones-para-lograr-mitigar-el-cambio-climatico","status":"publish","type":"post","link":"https:\/\/www.laguiadepamplona.com\/actualidad\/pamplona-apuesta-por-el-trabajo-conjunto-de-municipios-y-administraciones-para-lograr-mitigar-el-cambio-climatico\/","title":{"rendered":"Pamplona apuesta por el trabajo conjunto de municipios y administraciones para lograr mitigar el cambio clim\u00e1tico"},"content":{"rendered":"<h5>En el encuentro nacional del Pacto de Alcald\u00edas para el Clima y la Energ\u00eda, Enrique Maya ha confiado en reducir un 64% las emisiones contaminantes para 2030<\/h5>\n<p><!--more--><\/p>\n<p>Compartir experiencias y trabajar de forma conjunta en la lucha contra el cambio clim\u00e1tico y la adaptaci\u00f3n a la nueva realidad climatol\u00f3gica es el objetivo que persigue el Encuentro Nacional del Pacto de Alcald\u00edas para el Clima y la Energ\u00eda, que se celebra a lo largo del d\u00eda de hoy en Pamplona. El alcalde de la ciudad, Enrique Maya, ha sido el encargado de abrir la jornada, junto con la consejera de Desarrollo Rural y Medio Ambiente del Gobierno de Navarra, Itziar G\u00f3mez. En su intervenci\u00f3n, ante m\u00e1s de 200 representantes municipales y auton\u00f3micos de toda Espa\u00f1a, Maya ha reivindicado la necesidad de \u201ccrear sinergias y aprovechar las experiencias ajenas para seguir avanzando en ese objetivo com\u00fan que es la disminuci\u00f3n del consumo de energ\u00edas f\u00f3siles y en la emisi\u00f3n de gases de efecto invernadero\u201d.<br \/>\n<script async src=\"\/\/pagead2.googlesyndication.com\/pagead\/js\/adsbygoogle.js\"><\/script><br \/>\n<!-- Noticias La Guia de Pamplona --><br \/>\n<ins class=\"adsbygoogle\"\nstyle=\"display:block\"\ndata-ad-client=\"ca-pub-6943679897239327\"\ndata-ad-slot=\"7048180777\"\ndata-ad-format=\"auto\"><\/ins><br \/>\n<script>\n(adsbygoogle = window.adsbygoogle || []).push({});\n<\/script><\/p>\n<p>En esta l\u00ednea, el alcalde ha insistido en que las Administraciones P\u00fablicas, desde los gobiernos central y auton\u00f3mico hasta los ayuntamientos, concejos y mancomunidades, tienen la responsabilidad de transmitir esa nueva conciencia tanto a las empresas como al conjunto de la ciudadan\u00eda. Para ello, Pamplona puso en marcha la estrategia Go Green en marzo de 2020, que a\u00fana todas las actuaciones municipales en la materia, con el objetivo visibilizar la necesidad de un cambio en el planteamiento de la ciudad, hacia un espacio m\u00e1s sostenible y amable.<\/p>\n<p>La estrategia, en l\u00ednea con los Objetivos de Desarrollo Sostenible 2030, surge tras la declaraci\u00f3n, en septiembre de 2019, por parte del Consistorio de la Emergencia Clim\u00e1tica y como compromiso municipal con la construcci\u00f3n de todos los edificios municipales con criterios de energ\u00eda casi nula. De la mano del Pacto de Alcald\u00edas, Pamplona se ha comprometido a reducir las emisiones contaminantes en 2030 un 64% respecto a las de 2005, algo que lograr\u00e1 con la implantaci\u00f3n de energ\u00edas limpias no solo en espacios municipales sino tambi\u00e9n en barrios de la ciudad, gracias a iniciativas como la comunidad energ\u00e9tica de Mendillorri. \u201cEstamos convencidos de que todas las medidas que estamos adoptando nos van a ayudar a conseguir el objetivo que nos hemos propuestos\u201d, ha recalcado el alcalde en su intervenci\u00f3n.<br \/>\n<script async src=\"\/\/pagead2.googlesyndication.com\/pagead\/js\/adsbygoogle.js\"><\/script><br \/>\n<!-- Noticias La Guia de Pamplona --><br \/>\n<ins class=\"adsbygoogle\"\nstyle=\"display:block\"\ndata-ad-client=\"ca-pub-6943679897239327\"\ndata-ad-slot=\"7048180777\"\ndata-ad-format=\"auto\"><\/ins><br \/>\n<script>\n(adsbygoogle = window.adsbygoogle || []).push({});\n<\/script><\/p>\n<p><strong>Experiencias nacionales<\/strong><\/p>\n<p>La jornada, organizada por el Ayuntamiento de Pamplona en colaboraci\u00f3n con el Gobierno de Navarra, Nasuvinsa y la propia estructura del Pacto de Alcald\u00edas a nivel europeo, ha permitido conocer de primera mano algunas experiencias novedosas. Por un lado, el concejal delegado de Proyectos Estrat\u00e9gicos, Sostenibilidad y Movilidad, Ferm\u00edn Alonso, ha presentado a nivel nacional la Estrategia de Transici\u00f3n Energ\u00e9tica y Cambio Clim\u00e1tico 2030 de Pamplona. Adem\u00e1s, el responsable de la Agencia Energ\u00e9tica Municipal, Javier Zardoya, ha participado en una mesa redonda junto con representantes de Terrasa, Gran Canaria y Madrid para analizar \u2018El papel de los municipios en la crisis energ\u00e9tica\u2019.<\/p>\n<p>Una segunda mesa redonda abordar\u00e1 \u2018Las herramientas de adaptaci\u00f3n al cambio clim\u00e1tico\u2019 con ejemplos de buenas pr\u00e1cticas realizadas por entidades como Nasuvinsa, que ha presentado el portal de monitorizaci\u00f3n de la adaptaci\u00f3n al cambio clim\u00e1tico; el Gobierno del Pa\u00eds Vasco y los ayuntamientos de Sevilla y de Barcelona.<br \/>\n<script async src=\"\/\/pagead2.googlesyndication.com\/pagead\/js\/adsbygoogle.js\"><\/script><br \/>\n<!-- Noticias La Guia de Pamplona --><br \/>\n<ins class=\"adsbygoogle\"\nstyle=\"display:block\"\ndata-ad-client=\"ca-pub-6943679897239327\"\ndata-ad-slot=\"7048180777\"\ndata-ad-format=\"auto\"><\/ins><br \/>\n<script>\n(adsbygoogle = window.adsbygoogle || []).push({});\n<\/script><\/p>\n<p>Este encuentro nacional del Pacto de Alcald\u00edas ha contado con la presencia, adem\u00e1s, del analista pol\u00edtico de la direcci\u00f3n general de Energ\u00eda de la Comisi\u00f3n Europea, Georg Houben, que presentar\u00e1 las novedades en las pol\u00edticas europeas en materia de acci\u00f3n clim\u00e1tica, junto con Miguel Morcillo, miembro de la Oficina del Pacto de las Alcald\u00edas.<\/p>\n<p>La creaci\u00f3n del Pacto de las Alcald\u00edas en 2008 surgi\u00f3 del inter\u00e9s de la Comisi\u00f3n Europea por reunir a los gobiernos locales en la lucha contra el cambio clim\u00e1tico y la implantaci\u00f3n de energ\u00eda limpia. En la actualidad el Pacto ha superado las fronteras de Europa y ha conseguido la adhesi\u00f3n de m\u00e1s de 7.000 municipios de 57 pa\u00edses de la zona mediterr\u00e1nea, \u00c1frica Subsahariana, Am\u00e9rica del Norte, Latinoam\u00e9rica y el Caribe, China y el sudeste asi\u00e1tico, India y Jap\u00f3n, a trav\u00e9s de oficinas regionales del Pacto. A d\u00eda de hoy, se ha convertido en el mayor movimiento mundial de ciudades involucradas en el cuidado y protecci\u00f3n del clima a trav\u00e9s de acciones locales.<\/p>\n","protected":false},"excerpt":{"rendered":"<p>En el encuentro nacional del Pacto de Alcald\u00edas para el Clima y la Energ\u00eda, Enrique Maya ha confiado en reducir un 64% las emisiones contaminantes para 2030<\/p>\n","protected":false},"author":1,"featured_media":42367,"comment_status":"open","ping_status":"closed","sticky":false,"template":"","format":"standard","meta":{"footnotes":""},"categories":[2],"tags":[],"class_list":["post-42366","post","type-post","status-publish","format-standard","has-post-thumbnail","hentry","category-ayuntamiento-pamplona"],"yoast_head":"<!-- This site is optimized with the Yoast SEO plugin v27.3 - https:\/\/yoast.com\/product\/yoast-seo-wordpress\/ -->\n<title>Pamplona apuesta por el trabajo conjunto de municipios y administraciones para lograr mitigar el cambio clim\u00e1tico<\/title>\n<meta name=\"description\" content=\"En el encuentro nacional del Pacto de Alcald\u00edas para el Clima y la Energ\u00eda, Enrique Maya ha confiado en reducir un 64% las emisiones contaminantes para 2030\" \/>\n<meta name=\"robots\" content=\"index, follow, max-snippet:-1, max-image-preview:large, max-video-preview:-1\" \/>\n<link rel=\"canonical\" href=\"https:\/\/www.laguiadepamplona.com\/actualidad\/pamplona-apuesta-por-el-trabajo-conjunto-de-municipios-y-administraciones-para-lograr-mitigar-el-cambio-climatico\/\" \/>\n<meta property=\"og:locale\" content=\"es_ES\" \/>\n<meta property=\"og:type\" content=\"article\" \/>\n<meta property=\"og:title\" content=\"Pamplona apuesta por el trabajo conjunto de municipios y administraciones para lograr mitigar el cambio clim\u00e1tico\" \/>\n<meta property=\"og:description\" content=\"En el encuentro nacional del Pacto de Alcald\u00edas para el Clima y la Energ\u00eda, Enrique Maya ha confiado en reducir un 64% las emisiones contaminantes para 2030\" \/>\n<meta property=\"og:url\" content=\"https:\/\/www.laguiadepamplona.com\/actualidad\/pamplona-apuesta-por-el-trabajo-conjunto-de-municipios-y-administraciones-para-lograr-mitigar-el-cambio-climatico\/\" \/>\n<meta property=\"og:site_name\" content=\"La Gu\u00eda de Pamplona\" \/>\n<meta property=\"article:publisher\" content=\"https:\/\/www.facebook.com\/laguiadepamplonacom-133175176762273\/?ref=hl\" \/>\n<meta property=\"article:published_time\" content=\"2022-11-30T18:14:24+00:00\" \/>\n<meta property=\"article:modified_time\" content=\"2023-04-11T09:47:30+00:00\" \/>\n<meta property=\"og:image\" content=\"https:\/\/www.laguiadepamplona.com\/actualidad\/wp-content\/uploads\/2022\/11\/encuentro-nacional-pacto-alcaldias-pamplona-cambio-climatico.webp\" \/>\n\t<meta property=\"og:image:width\" content=\"1920\" \/>\n\t<meta property=\"og:image:height\" content=\"1280\" \/>\n\t<meta property=\"og:image:type\" content=\"image\/webp\" \/>\n<meta name=\"author\" content=\"La Gu\u00eda de Pamplona\" \/>\n<meta name=\"twitter:card\" content=\"summary_large_image\" \/>\n<meta name=\"twitter:creator\" content=\"@LaGuiadPamplona\" \/>\n<meta name=\"twitter:site\" content=\"@LaGuiadPamplona\" \/>\n<meta name=\"twitter:label1\" content=\"Escrito por\" \/>\n\t<meta name=\"twitter:data1\" content=\"La Gu\u00eda de Pamplona\" \/>\n\t<meta name=\"twitter:label2\" content=\"Tiempo de lectura\" \/>\n\t<meta name=\"twitter:data2\" content=\"4 minutos\" \/>\n<script type=\"application\/ld+json\" class=\"yoast-schema-graph\">{\"@context\":\"https:\\\/\\\/schema.org\",\"@graph\":[{\"@type\":\"Article\",\"@id\":\"https:\\\/\\\/www.laguiadepamplona.com\\\/actualidad\\\/pamplona-apuesta-por-el-trabajo-conjunto-de-municipios-y-administraciones-para-lograr-mitigar-el-cambio-climatico\\\/#article\",\"isPartOf\":{\"@id\":\"https:\\\/\\\/www.laguiadepamplona.com\\\/actualidad\\\/pamplona-apuesta-por-el-trabajo-conjunto-de-municipios-y-administraciones-para-lograr-mitigar-el-cambio-climatico\\\/\"},\"author\":{\"name\":\"La Gu\u00eda de Pamplona\",\"@id\":\"https:\\\/\\\/www.laguiadepamplona.com\\\/actualidad\\\/#\\\/schema\\\/person\\\/efe887376f0213d4657c93adc50b1fdb\"},\"headline\":\"Pamplona apuesta por el trabajo conjunto de municipios y administraciones para lograr mitigar el cambio clim\u00e1tico\",\"datePublished\":\"2022-11-30T18:14:24+00:00\",\"dateModified\":\"2023-04-11T09:47:30+00:00\",\"mainEntityOfPage\":{\"@id\":\"https:\\\/\\\/www.laguiadepamplona.com\\\/actualidad\\\/pamplona-apuesta-por-el-trabajo-conjunto-de-municipios-y-administraciones-para-lograr-mitigar-el-cambio-climatico\\\/\"},\"wordCount\":783,\"commentCount\":0,\"publisher\":{\"@id\":\"https:\\\/\\\/www.laguiadepamplona.com\\\/actualidad\\\/#organization\"},\"image\":{\"@id\":\"https:\\\/\\\/www.laguiadepamplona.com\\\/actualidad\\\/pamplona-apuesta-por-el-trabajo-conjunto-de-municipios-y-administraciones-para-lograr-mitigar-el-cambio-climatico\\\/#primaryimage\"},\"thumbnailUrl\":\"https:\\\/\\\/www.laguiadepamplona.com\\\/actualidad\\\/wp-content\\\/uploads\\\/2022\\\/11\\\/encuentro-nacional-pacto-alcaldias-pamplona-cambio-climatico.webp\",\"articleSection\":[\"Ayto Pamplona\"],\"inLanguage\":\"es\",\"potentialAction\":[{\"@type\":\"CommentAction\",\"name\":\"Comment\",\"target\":[\"https:\\\/\\\/www.laguiadepamplona.com\\\/actualidad\\\/pamplona-apuesta-por-el-trabajo-conjunto-de-municipios-y-administraciones-para-lograr-mitigar-el-cambio-climatico\\\/#respond\"]}]},{\"@type\":\"WebPage\",\"@id\":\"https:\\\/\\\/www.laguiadepamplona.com\\\/actualidad\\\/pamplona-apuesta-por-el-trabajo-conjunto-de-municipios-y-administraciones-para-lograr-mitigar-el-cambio-climatico\\\/\",\"url\":\"https:\\\/\\\/www.laguiadepamplona.com\\\/actualidad\\\/pamplona-apuesta-por-el-trabajo-conjunto-de-municipios-y-administraciones-para-lograr-mitigar-el-cambio-climatico\\\/\",\"name\":\"Pamplona apuesta por el trabajo conjunto de municipios y administraciones para lograr mitigar el cambio clim\u00e1tico\",\"isPartOf\":{\"@id\":\"https:\\\/\\\/www.laguiadepamplona.com\\\/actualidad\\\/#website\"},\"primaryImageOfPage\":{\"@id\":\"https:\\\/\\\/www.laguiadepamplona.com\\\/actualidad\\\/pamplona-apuesta-por-el-trabajo-conjunto-de-municipios-y-administraciones-para-lograr-mitigar-el-cambio-climatico\\\/#primaryimage\"},\"image\":{\"@id\":\"https:\\\/\\\/www.laguiadepamplona.com\\\/actualidad\\\/pamplona-apuesta-por-el-trabajo-conjunto-de-municipios-y-administraciones-para-lograr-mitigar-el-cambio-climatico\\\/#primaryimage\"},\"thumbnailUrl\":\"https:\\\/\\\/www.laguiadepamplona.com\\\/actualidad\\\/wp-content\\\/uploads\\\/2022\\\/11\\\/encuentro-nacional-pacto-alcaldias-pamplona-cambio-climatico.webp\",\"datePublished\":\"2022-11-30T18:14:24+00:00\",\"dateModified\":\"2023-04-11T09:47:30+00:00\",\"description\":\"En el encuentro nacional del Pacto de Alcald\u00edas para el Clima y la Energ\u00eda, Enrique Maya ha confiado en reducir un 64% las emisiones contaminantes para 2030\",\"breadcrumb\":{\"@id\":\"https:\\\/\\\/www.laguiadepamplona.com\\\/actualidad\\\/pamplona-apuesta-por-el-trabajo-conjunto-de-municipios-y-administraciones-para-lograr-mitigar-el-cambio-climatico\\\/#breadcrumb\"},\"inLanguage\":\"es\",\"potentialAction\":[{\"@type\":\"ReadAction\",\"target\":[\"https:\\\/\\\/www.laguiadepamplona.com\\\/actualidad\\\/pamplona-apuesta-por-el-trabajo-conjunto-de-municipios-y-administraciones-para-lograr-mitigar-el-cambio-climatico\\\/\"]}]},{\"@type\":\"ImageObject\",\"inLanguage\":\"es\",\"@id\":\"https:\\\/\\\/www.laguiadepamplona.com\\\/actualidad\\\/pamplona-apuesta-por-el-trabajo-conjunto-de-municipios-y-administraciones-para-lograr-mitigar-el-cambio-climatico\\\/#primaryimage\",\"url\":\"https:\\\/\\\/www.laguiadepamplona.com\\\/actualidad\\\/wp-content\\\/uploads\\\/2022\\\/11\\\/encuentro-nacional-pacto-alcaldias-pamplona-cambio-climatico.webp\",\"contentUrl\":\"https:\\\/\\\/www.laguiadepamplona.com\\\/actualidad\\\/wp-content\\\/uploads\\\/2022\\\/11\\\/encuentro-nacional-pacto-alcaldias-pamplona-cambio-climatico.webp\",\"width\":1920,\"height\":1280},{\"@type\":\"BreadcrumbList\",\"@id\":\"https:\\\/\\\/www.laguiadepamplona.com\\\/actualidad\\\/pamplona-apuesta-por-el-trabajo-conjunto-de-municipios-y-administraciones-para-lograr-mitigar-el-cambio-climatico\\\/#breadcrumb\",\"itemListElement\":[{\"@type\":\"ListItem\",\"position\":1,\"name\":\"Portada\",\"item\":\"https:\\\/\\\/www.laguiadepamplona.com\\\/actualidad\\\/\"},{\"@type\":\"ListItem\",\"position\":2,\"name\":\"Pamplona apuesta por el trabajo conjunto de municipios y administraciones para lograr mitigar el cambio clim\u00e1tico\"}]},{\"@type\":\"WebSite\",\"@id\":\"https:\\\/\\\/www.laguiadepamplona.com\\\/actualidad\\\/#website\",\"url\":\"https:\\\/\\\/www.laguiadepamplona.com\\\/actualidad\\\/\",\"name\":\"La gu\u00eda de Pamplona\",\"description\":\"Noticias de Pamplona\",\"publisher\":{\"@id\":\"https:\\\/\\\/www.laguiadepamplona.com\\\/actualidad\\\/#organization\"},\"potentialAction\":[{\"@type\":\"SearchAction\",\"target\":{\"@type\":\"EntryPoint\",\"urlTemplate\":\"https:\\\/\\\/www.laguiadepamplona.com\\\/actualidad\\\/?s={search_term_string}\"},\"query-input\":{\"@type\":\"PropertyValueSpecification\",\"valueRequired\":true,\"valueName\":\"search_term_string\"}}],\"inLanguage\":\"es\"},{\"@type\":\"Organization\",\"@id\":\"https:\\\/\\\/www.laguiadepamplona.com\\\/actualidad\\\/#organization\",\"name\":\"La Gu\u00eda de Pamplona \\\/ Noticias\",\"url\":\"https:\\\/\\\/www.laguiadepamplona.com\\\/actualidad\\\/\",\"logo\":{\"@type\":\"ImageObject\",\"inLanguage\":\"es\",\"@id\":\"https:\\\/\\\/www.laguiadepamplona.com\\\/actualidad\\\/#\\\/schema\\\/logo\\\/image\\\/\",\"url\":\"https:\\\/\\\/www.laguiadepamplona.com\\\/actualidad\\\/wp-content\\\/uploads\\\/2018\\\/11\\\/logo-laguiadepamplona18-web1.png\",\"contentUrl\":\"https:\\\/\\\/www.laguiadepamplona.com\\\/actualidad\\\/wp-content\\\/uploads\\\/2018\\\/11\\\/logo-laguiadepamplona18-web1.png\",\"width\":600,\"height\":196,\"caption\":\"La Gu\u00eda de Pamplona \\\/ Noticias\"},\"image\":{\"@id\":\"https:\\\/\\\/www.laguiadepamplona.com\\\/actualidad\\\/#\\\/schema\\\/logo\\\/image\\\/\"},\"sameAs\":[\"https:\\\/\\\/www.facebook.com\\\/laguiadepamplonacom-133175176762273\\\/?ref=hl\",\"https:\\\/\\\/x.com\\\/LaGuiadPamplona\",\"https:\\\/\\\/www.instagram.com\\\/la_guia_de_pamplona\\\/\",\"https:\\\/\\\/www.youtube.com\\\/user\\\/laguiadepamplona\"]},{\"@type\":\"Person\",\"@id\":\"https:\\\/\\\/www.laguiadepamplona.com\\\/actualidad\\\/#\\\/schema\\\/person\\\/efe887376f0213d4657c93adc50b1fdb\",\"name\":\"La Gu\u00eda de Pamplona\",\"image\":{\"@type\":\"ImageObject\",\"inLanguage\":\"es\",\"@id\":\"https:\\\/\\\/secure.gravatar.com\\\/avatar\\\/b6992f131dc8d30ab0dff15446e9d346d9dbd95992de0fef795073f5ea83a81c?s=96&d=mm&r=g\",\"url\":\"https:\\\/\\\/secure.gravatar.com\\\/avatar\\\/b6992f131dc8d30ab0dff15446e9d346d9dbd95992de0fef795073f5ea83a81c?s=96&d=mm&r=g\",\"contentUrl\":\"https:\\\/\\\/secure.gravatar.com\\\/avatar\\\/b6992f131dc8d30ab0dff15446e9d346d9dbd95992de0fef795073f5ea83a81c?s=96&d=mm&r=g\",\"caption\":\"La Gu\u00eda de Pamplona\"}}]}<\/script>\n<!-- \/ Yoast SEO plugin. -->","yoast_head_json":{"title":"Pamplona apuesta por el trabajo conjunto de municipios y administraciones para lograr mitigar el cambio clim\u00e1tico","description":"En el encuentro nacional del Pacto de Alcald\u00edas para el Clima y la Energ\u00eda, Enrique Maya ha confiado en reducir un 64% las emisiones contaminantes para 2030","robots":{"index":"index","follow":"follow","max-snippet":"max-snippet:-1","max-image-preview":"max-image-preview:large","max-video-preview":"max-video-preview:-1"},"canonical":"https:\/\/www.laguiadepamplona.com\/actualidad\/pamplona-apuesta-por-el-trabajo-conjunto-de-municipios-y-administraciones-para-lograr-mitigar-el-cambio-climatico\/","og_locale":"es_ES","og_type":"article","og_title":"Pamplona apuesta por el trabajo conjunto de municipios y administraciones para lograr mitigar el cambio clim\u00e1tico","og_description":"En el encuentro nacional del Pacto de Alcald\u00edas para el Clima y la Energ\u00eda, Enrique Maya ha confiado en reducir un 64% las emisiones contaminantes para 2030","og_url":"https:\/\/www.laguiadepamplona.com\/actualidad\/pamplona-apuesta-por-el-trabajo-conjunto-de-municipios-y-administraciones-para-lograr-mitigar-el-cambio-climatico\/","og_site_name":"La Gu\u00eda de Pamplona","article_publisher":"https:\/\/www.facebook.com\/laguiadepamplonacom-133175176762273\/?ref=hl","article_published_time":"2022-11-30T18:14:24+00:00","article_modified_time":"2023-04-11T09:47:30+00:00","og_image":[{"width":1920,"height":1280,"url":"https:\/\/www.laguiadepamplona.com\/actualidad\/wp-content\/uploads\/2022\/11\/encuentro-nacional-pacto-alcaldias-pamplona-cambio-climatico.webp","type":"image\/webp"}],"author":"La Gu\u00eda de Pamplona","twitter_card":"summary_large_image","twitter_creator":"@LaGuiadPamplona","twitter_site":"@LaGuiadPamplona","twitter_misc":{"Escrito por":"La Gu\u00eda de Pamplona","Tiempo de lectura":"4 minutos"},"schema":{"@context":"https:\/\/schema.org","@graph":[{"@type":"Article","@id":"https:\/\/www.laguiadepamplona.com\/actualidad\/pamplona-apuesta-por-el-trabajo-conjunto-de-municipios-y-administraciones-para-lograr-mitigar-el-cambio-climatico\/#article","isPartOf":{"@id":"https:\/\/www.laguiadepamplona.com\/actualidad\/pamplona-apuesta-por-el-trabajo-conjunto-de-municipios-y-administraciones-para-lograr-mitigar-el-cambio-climatico\/"},"author":{"name":"La Gu\u00eda de Pamplona","@id":"https:\/\/www.laguiadepamplona.com\/actualidad\/#\/schema\/person\/efe887376f0213d4657c93adc50b1fdb"},"headline":"Pamplona apuesta por el trabajo conjunto de municipios y administraciones para lograr mitigar el cambio clim\u00e1tico","datePublished":"2022-11-30T18:14:24+00:00","dateModified":"2023-04-11T09:47:30+00:00","mainEntityOfPage":{"@id":"https:\/\/www.laguiadepamplona.com\/actualidad\/pamplona-apuesta-por-el-trabajo-conjunto-de-municipios-y-administraciones-para-lograr-mitigar-el-cambio-climatico\/"},"wordCount":783,"commentCount":0,"publisher":{"@id":"https:\/\/www.laguiadepamplona.com\/actualidad\/#organization"},"image":{"@id":"https:\/\/www.laguiadepamplona.com\/actualidad\/pamplona-apuesta-por-el-trabajo-conjunto-de-municipios-y-administraciones-para-lograr-mitigar-el-cambio-climatico\/#primaryimage"},"thumbnailUrl":"https:\/\/www.laguiadepamplona.com\/actualidad\/wp-content\/uploads\/2022\/11\/encuentro-nacional-pacto-alcaldias-pamplona-cambio-climatico.webp","articleSection":["Ayto Pamplona"],"inLanguage":"es","potentialAction":[{"@type":"CommentAction","name":"Comment","target":["https:\/\/www.laguiadepamplona.com\/actualidad\/pamplona-apuesta-por-el-trabajo-conjunto-de-municipios-y-administraciones-para-lograr-mitigar-el-cambio-climatico\/#respond"]}]},{"@type":"WebPage","@id":"https:\/\/www.laguiadepamplona.com\/actualidad\/pamplona-apuesta-por-el-trabajo-conjunto-de-municipios-y-administraciones-para-lograr-mitigar-el-cambio-climatico\/","url":"https:\/\/www.laguiadepamplona.com\/actualidad\/pamplona-apuesta-por-el-trabajo-conjunto-de-municipios-y-administraciones-para-lograr-mitigar-el-cambio-climatico\/","name":"Pamplona apuesta por el trabajo conjunto de municipios y administraciones para lograr mitigar el cambio clim\u00e1tico","isPartOf":{"@id":"https:\/\/www.laguiadepamplona.com\/actualidad\/#website"},"primaryImageOfPage":{"@id":"https:\/\/www.laguiadepamplona.com\/actualidad\/pamplona-apuesta-por-el-trabajo-conjunto-de-municipios-y-administraciones-para-lograr-mitigar-el-cambio-climatico\/#primaryimage"},"image":{"@id":"https:\/\/www.laguiadepamplona.com\/actualidad\/pamplona-apuesta-por-el-trabajo-conjunto-de-municipios-y-administraciones-para-lograr-mitigar-el-cambio-climatico\/#primaryimage"},"thumbnailUrl":"https:\/\/www.laguiadepamplona.com\/actualidad\/wp-content\/uploads\/2022\/11\/encuentro-nacional-pacto-alcaldias-pamplona-cambio-climatico.webp","datePublished":"2022-11-30T18:14:24+00:00","dateModified":"2023-04-11T09:47:30+00:00","description":"En el encuentro nacional del Pacto de Alcald\u00edas para el Clima y la Energ\u00eda, Enrique Maya ha confiado en reducir un 64% las emisiones contaminantes para 2030","breadcrumb":{"@id":"https:\/\/www.laguiadepamplona.com\/actualidad\/pamplona-apuesta-por-el-trabajo-conjunto-de-municipios-y-administraciones-para-lograr-mitigar-el-cambio-climatico\/#breadcrumb"},"inLanguage":"es","potentialAction":[{"@type":"ReadAction","target":["https:\/\/www.laguiadepamplona.com\/actualidad\/pamplona-apuesta-por-el-trabajo-conjunto-de-municipios-y-administraciones-para-lograr-mitigar-el-cambio-climatico\/"]}]},{"@type":"ImageObject","inLanguage":"es","@id":"https:\/\/www.laguiadepamplona.com\/actualidad\/pamplona-apuesta-por-el-trabajo-conjunto-de-municipios-y-administraciones-para-lograr-mitigar-el-cambio-climatico\/#primaryimage","url":"https:\/\/www.laguiadepamplona.com\/actualidad\/wp-content\/uploads\/2022\/11\/encuentro-nacional-pacto-alcaldias-pamplona-cambio-climatico.webp","contentUrl":"https:\/\/www.laguiadepamplona.com\/actualidad\/wp-content\/uploads\/2022\/11\/encuentro-nacional-pacto-alcaldias-pamplona-cambio-climatico.webp","width":1920,"height":1280},{"@type":"BreadcrumbList","@id":"https:\/\/www.laguiadepamplona.com\/actualidad\/pamplona-apuesta-por-el-trabajo-conjunto-de-municipios-y-administraciones-para-lograr-mitigar-el-cambio-climatico\/#breadcrumb","itemListElement":[{"@type":"ListItem","position":1,"name":"Portada","item":"https:\/\/www.laguiadepamplona.com\/actualidad\/"},{"@type":"ListItem","position":2,"name":"Pamplona apuesta por el trabajo conjunto de municipios y administraciones para lograr mitigar el cambio clim\u00e1tico"}]},{"@type":"WebSite","@id":"https:\/\/www.laguiadepamplona.com\/actualidad\/#website","url":"https:\/\/www.laguiadepamplona.com\/actualidad\/","name":"La gu\u00eda de Pamplona","description":"Noticias de Pamplona","publisher":{"@id":"https:\/\/www.laguiadepamplona.com\/actualidad\/#organization"},"potentialAction":[{"@type":"SearchAction","target":{"@type":"EntryPoint","urlTemplate":"https:\/\/www.laguiadepamplona.com\/actualidad\/?s={search_term_string}"},"query-input":{"@type":"PropertyValueSpecification","valueRequired":true,"valueName":"search_term_string"}}],"inLanguage":"es"},{"@type":"Organization","@id":"https:\/\/www.laguiadepamplona.com\/actualidad\/#organization","name":"La Gu\u00eda de Pamplona \/ Noticias","url":"https:\/\/www.laguiadepamplona.com\/actualidad\/","logo":{"@type":"ImageObject","inLanguage":"es","@id":"https:\/\/www.laguiadepamplona.com\/actualidad\/#\/schema\/logo\/image\/","url":"https:\/\/www.laguiadepamplona.com\/actualidad\/wp-content\/uploads\/2018\/11\/logo-laguiadepamplona18-web1.png","contentUrl":"https:\/\/www.laguiadepamplona.com\/actualidad\/wp-content\/uploads\/2018\/11\/logo-laguiadepamplona18-web1.png","width":600,"height":196,"caption":"La Gu\u00eda de Pamplona \/ Noticias"},"image":{"@id":"https:\/\/www.laguiadepamplona.com\/actualidad\/#\/schema\/logo\/image\/"},"sameAs":["https:\/\/www.facebook.com\/laguiadepamplonacom-133175176762273\/?ref=hl","https:\/\/x.com\/LaGuiadPamplona","https:\/\/www.instagram.com\/la_guia_de_pamplona\/","https:\/\/www.youtube.com\/user\/laguiadepamplona"]},{"@type":"Person","@id":"https:\/\/www.laguiadepamplona.com\/actualidad\/#\/schema\/person\/efe887376f0213d4657c93adc50b1fdb","name":"La Gu\u00eda de Pamplona","image":{"@type":"ImageObject","inLanguage":"es","@id":"https:\/\/secure.gravatar.com\/avatar\/b6992f131dc8d30ab0dff15446e9d346d9dbd95992de0fef795073f5ea83a81c?s=96&d=mm&r=g","url":"https:\/\/secure.gravatar.com\/avatar\/b6992f131dc8d30ab0dff15446e9d346d9dbd95992de0fef795073f5ea83a81c?s=96&d=mm&r=g","contentUrl":"https:\/\/secure.gravatar.com\/avatar\/b6992f131dc8d30ab0dff15446e9d346d9dbd95992de0fef795073f5ea83a81c?s=96&d=mm&r=g","caption":"La Gu\u00eda de Pamplona"}}]}},"post_mailing_queue_ids":[],"_links":{"self":[{"href":"https:\/\/www.laguiadepamplona.com\/actualidad\/wp-json\/wp\/v2\/posts\/42366","targetHints":{"allow":["GET"]}}],"collection":[{"href":"https:\/\/www.laguiadepamplona.com\/actualidad\/wp-json\/wp\/v2\/posts"}],"about":[{"href":"https:\/\/www.laguiadepamplona.com\/actualidad\/wp-json\/wp\/v2\/types\/post"}],"author":[{"embeddable":true,"href":"https:\/\/www.laguiadepamplona.com\/actualidad\/wp-json\/wp\/v2\/users\/1"}],"replies":[{"embeddable":true,"href":"https:\/\/www.laguiadepamplona.com\/actualidad\/wp-json\/wp\/v2\/comments?post=42366"}],"version-history":[{"count":0,"href":"https:\/\/www.laguiadepamplona.com\/actualidad\/wp-json\/wp\/v2\/posts\/42366\/revisions"}],"wp:featuredmedia":[{"embeddable":true,"href":"https:\/\/www.laguiadepamplona.com\/actualidad\/wp-json\/wp\/v2\/media\/42367"}],"wp:attachment":[{"href":"https:\/\/www.laguiadepamplona.com\/actualidad\/wp-json\/wp\/v2\/media?parent=42366"}],"wp:term":[{"taxonomy":"category","embeddable":true,"href":"https:\/\/www.laguiadepamplona.com\/actualidad\/wp-json\/wp\/v2\/categories?post=42366"},{"taxonomy":"post_tag","embeddable":true,"href":"https:\/\/www.laguiadepamplona.com\/actualidad\/wp-json\/wp\/v2\/tags?post=42366"}],"curies":[{"name":"wp","href":"https:\/\/api.w.org\/{rel}","templated":true}]}}